{"id":116319,"date":"2021-03-25T14:07:48","date_gmt":"2021-03-25T13:07:48","guid":{"rendered":"https:\/\/dicodusport.fr\/blog\/?p=116319"},"modified":"2021-03-25T20:00:19","modified_gmt":"2021-03-25T19:00:19","slug":"e3-saxo-bank-classic-2021-le-parcours-en-detail","status":"publish","type":"post","link":"https:\/\/dicodusport.fr\/blog\/e3-saxo-bank-classic-2021-le-parcours-en-detail\/","title":{"rendered":"E3 Saxo Bank Classic 2021 : le parcours en d\u00e9tail"},"content":{"rendered":"<p style=\"text-align: justify;\"><strong><em><a href=\"https:\/\/www.procyclingstats.com\/race\/e3-harelbeke\/2021\/overview\" target=\"_blank\" rel=\"noopener\">CYCLISME<\/a> &#8211; L&rsquo;<a href=\"https:\/\/www.procyclingstats.com\/race\/e3-harelbeke\/2021\/overview\" target=\"_blank\" rel=\"noopener\">E3 Saxo Bank Classic<\/a> revient le vendredi 26 mars apr\u00e8s un an d&rsquo;absence \u00e0 cause de la pand\u00e9mie de COVID-19, avec la cr\u00e8me des sp\u00e9cialistes des Flandriennes. C&rsquo;est une v\u00e9ritable course de pr\u00e9paration pour le Tour des Flandres avec ses dix-sept monts et neuf sections pav\u00e9es sur un itin\u00e9raire quasiment inchang\u00e9 sur 203,9 kilom\u00e8tres. Wout Van Aert et Mathieu van der Poel seront pr\u00e9sents lors de cette 64\u00e8me \u00e9dition.\u00a0<\/em><\/strong><\/p>\n<h2 style=\"text-align: justify;\">Un d\u00e9part tranquille, mais attention aux chutes<\/h2>\n<p style=\"text-align: justify;\">D&rsquo;abord, la course s&rsquo;\u00e9lancera d&rsquo;Harelbeke \u00e0 12h15. Puis, les coureurs iront vers l&rsquo;ouest pour r\u00e9aliser une grande boucle \u00e0 travers <strong>Waregem<\/strong>, <strong>Oudenaarde<\/strong>, <strong>Zottegem<\/strong>, <strong>Geraardsbergen<\/strong> et <strong>Renaix<\/strong>. N\u00e9anmoins, ces cent premiers kilom\u00e8tres de course sont relativement plats avec juste l&rsquo;ascension du <strong>Katteberg<\/strong> &#8211; 750 m \u00e0 6%, au kilom\u00e8tre 28 et trois secteurs pav\u00e9s : <strong>Beaucarnestraat<\/strong> (1200m), <strong>Holleweg<\/strong> (1500m) et <strong>Paddestraat<\/strong> (2300m dans la commune de Zottegem).<\/p>\n<h2 style=\"text-align: justify;\">Les choses s\u00e9rieuses d\u00e9buteront avec La Houppe<\/h2>\n<p style=\"text-align: justify;\">Ensuite, les concurrents prendront la direction de La Houppe via un long faux plat montant. Ils seront dans la province du Hainaut, \u00e0 118 kilom\u00e8tres de la ligne pour gravir ce mont long de 1880 m \u00e0 4,8% de moyenne. \u00c0 partir de l\u00e0, commencera une phase de course plus nerveuse avec des monts presque tous les dix kilom\u00e8tres via des routes sinueuses : <strong>Kanarieberg<\/strong> (1050 m \u00e0 7,7%), l&rsquo;<strong>Oude Kruisberg<\/strong> (800 m \u00e0 4,8%), <strong>Knokteberg<\/strong> (1260 m \u00e0 7%), <strong>Hotondberg<\/strong> (1200 m \u00e0 4%) et <strong>Kortekeer<\/strong> (1000 m \u00e0 6,4%). Ce dernier pr\u00e9sentera une rampe \u00e0 17%.<\/p>\n<p style=\"text-align: justify;\">Par la suite, les coureurs attaqueront les 80 derniers kilom\u00e8tres avec le <strong>Taaienberg<\/strong> (700 m \u00e0 6,3%, l\u00e0 o\u00f9 Tom Boonen construisait ses succ\u00e8s). Ce sera \u00e9galement le premier mont avec des pav\u00e9s de la journ\u00e9e avec une pente maximale \u00e0 18%. Dix kilom\u00e8tres de plat plus loin, les obstacles vont se succ\u00e9der encore plus vite, en \u00e0 peine 15 kilom\u00e8tres, le <strong>Berg ten Stene<\/strong> (1300m \u00e0 5,2 %), le <strong>Boigneberg<\/strong> (1000m \u00e0 5,2 %), l&rsquo;<strong>Eikenberg<\/strong> (1250m \u00e0 6,2 %), le roulant <strong>Stationsberg<\/strong> (700m \u00e0 3,2 %) et le secteur pav\u00e9s de 2 km du <strong>Mariaborrestraat<\/strong>. Mathieu van der Poel pourrait profiter de cette section pour mettre le feu \u00e0 la course.<\/p>\n<h2 style=\"text-align: justify;\">Le duo Paterberg-Oude Kwaremont en juge de paix ?<\/h2>\n<p style=\"text-align: justify;\">Puis, apr\u00e8s avoir gravi <strong>Kapelberg<\/strong> au km 157, les coureurs iront vers <strong>Kluisbergen<\/strong> pour s&rsquo;attaquer aux deux monts embl\u00e9matiques du Tour des Flandres. Dans un premier temps, ce sera le terrible <strong>Paterberg<\/strong> \u00e0 42 kilom\u00e8tres de l&rsquo;arriv\u00e9e. Avec son virage \u00e0 angle droit au pied, le Paterberg ne sera long que de 400 m mais \u00e0 une moyenne de 12,9% sur des pav\u00e9s et avec un passage \u00e0 plus de 20%. Trois kilom\u00e8tres plus loin, le c\u00e9l\u00e8bre <strong>Oude Kwaremont<\/strong> se pr\u00e9sentera sur une route \u00e9troite aux concurrents, avec ses 2200 m avec des pav\u00e9s apr\u00e8s 600 m\u00e8tres asphalt\u00e9s. Sa pente moyenne sera \u00e0 4%. Ces deux difficult\u00e9s seront les ultimes chances de faire la diff\u00e9rence. M\u00eame s&rsquo;il ne faut pas sous-estimer le <strong>Karnemelkbeekstraat<\/strong> 1530 m \u00e0 4,9% avec un passage \u00e0 18%, huit kilom\u00e8tres apr\u00e8s.<\/p>\n<p style=\"text-align: justify;\">Il restera ensuite moins de 30 kilom\u00e8tres pour rejoindre Harelbeke avec seulement les 1500 m de pav\u00e9s du <strong>Varentstraat<\/strong> (\u00e0 24 kilom\u00e8tres de la ligne) et du <strong>Tiegemberg<\/strong> (750 m \u00e0 5,6%) comme obstacles. Enfin, les dix-neuf derniers kilom\u00e8tres seront relativement plats via Anzegem et Deerlijk. La ligne d&rsquo;arriv\u00e9e sera plac\u00e9e sur la Stasegemsesteenweg apr\u00e8s une ligne droite de 600 m\u00e8tres.<\/p>\n<div id=\"attachment_116355\" style=\"width: 1618px\" class=\"wp-caption aligncenter\"><img loading=\"lazy\" decoding=\"async\" aria-describedby=\"caption-attachment-116355\" class=\"size-full wp-image-116355\" src=\"https:\/\/dicodusport.fr\/blog\/wp-content\/uploads\/2021\/03\/Carte-du-parcours-de-lE3-Saxo-Bank-Classic-2021.png\" alt=\"Carte du parcours de l'E3 Saxo Bank Classic 2021\" width=\"1608\" height=\"714\" srcset=\"https:\/\/dicodusport.fr\/blog\/wp-content\/uploads\/2021\/03\/Carte-du-parcours-de-lE3-Saxo-Bank-Classic-2021.png 1608w, https:\/\/dicodusport.fr\/blog\/wp-content\/uploads\/2021\/03\/Carte-du-parcours-de-lE3-Saxo-Bank-Classic-2021-300x133.png 300w, https:\/\/dicodusport.fr\/blog\/wp-content\/uploads\/2021\/03\/Carte-du-parcours-de-lE3-Saxo-Bank-Classic-2021-1024x455.png 1024w, https:\/\/dicodusport.fr\/blog\/wp-content\/uploads\/2021\/03\/Carte-du-parcours-de-lE3-Saxo-Bank-Classic-2021-768x341.png 768w, https:\/\/dicodusport.fr\/blog\/wp-content\/uploads\/2021\/03\/Carte-du-parcours-de-lE3-Saxo-Bank-Classic-2021-1536x682.png 1536w\" sizes=\"auto, (max-width: 1608px) 100vw, 1608px\" \/><p id=\"caption-attachment-116355\" class=\"wp-caption-text\">Carte du parcours de l&rsquo;E3 Saxo Bank Classic 2021 &#8211; Via Pro Cycling Stats<\/p><\/div>\n<hr \/>\n<h2>\u00c0 lire aussi<\/h2>\n<ul>\n<li style=\"text-align: justify;\"><a href=\"https:\/\/dicodusport.fr\/blog\/e3-saxo-bank-classic-2021-profil-course\/\" target=\"_blank\" rel=\"noopener\"><strong>Le profil de la course<\/strong><\/a><\/li>\n<li style=\"text-align: justify;\"><a href=\"https:\/\/dicodusport.fr\/blog\/e3-saxo-bank-classic-2021-liste-des-engages\/\" target=\"_blank\" rel=\"noopener\"><strong>La liste des engag\u00e9s<\/strong><\/a><\/li>\n<\/ul>\n<hr \/>\n<h2>Palmar\u00e8s des 10 derni\u00e8res \u00e9ditions<\/h2>\n<p style=\"text-align: center;\"><strong> 2019<\/strong> \u0160TYBAR Zden\u011bk<\/p>\n<p style=\"text-align: center;\"><strong>2018<\/strong> TERPSTRA Niki<\/p>\n<p style=\"text-align: center;\"><strong>2017<\/strong> VAN AVERMAET Greg<\/p>\n<p style=\"text-align: center;\"><strong>2016<\/strong> KWIATKOWSKI Micha\u0142<\/p>\n<p style=\"text-align: center;\"><strong>2015<\/strong> THOMAS Geraint<\/p>\n<p style=\"text-align: center;\"><strong>2014<\/strong> SAGAN Peter<\/p>\n<p style=\"text-align: center;\"><strong>2013<\/strong> CANCELLARA Fabian<\/p>\n<p style=\"text-align: center;\"><strong>2012<\/strong> BOONEN Tom<\/p>\n<p style=\"text-align: center;\"><strong>2011<\/strong> CANCELLARA Fabian<\/p>\n<p style=\"text-align: center;\"><strong>2010<\/strong> CANCELLARA Fabian<\/p>\n<p><strong><em>Emilien Descampiaux<br \/>\n<a href=\"https:\/\/www.facebook.com\/groups\/LesRoisDuPeloton\" target=\"_blank\" rel=\"noopener noreferrer\"><img loading=\"lazy\" decoding=\"async\" class=\"alignnone wp-image-2909\" src=\"http:\/\/dicodusport.fr\/blog\/wp-content\/uploads\/2017\/07\/logo-facebook-150x150.png\" alt=\"\" width=\"40\" height=\"40\" \/><\/a><a href=\"https:\/\/twitter.com\/LRoisDuPeloton\" target=\"_blank\" rel=\"noopener noreferrer\"><img loading=\"lazy\" decoding=\"async\" class=\"alignnone wp-image-2908\" src=\"http:\/\/dicodusport.fr\/blog\/wp-content\/uploads\/2017\/07\/logo-twitter-150x150.png\" alt=\"\" width=\"40\" height=\"40\" \/><\/a><\/em><\/strong><\/p>\n","protected":false},"excerpt":{"rendered":"<p>CYCLISME &#8211; L&rsquo;E3 Saxo Bank Classic revient le vendredi 26 mars apr\u00e8s un an d&rsquo;absence \u00e0 cause de la pand\u00e9mie de COVID-19, avec la cr\u00e8me des sp\u00e9cialistes des Flandriennes. C&rsquo;est une v\u00e9ritable course de pr\u00e9paration pour le Tour des Flandres avec ses dix-sept monts et neuf sections pav\u00e9es sur un itin\u00e9raire quasiment inchang\u00e9 sur 203,9 kilom\u00e8tres. Wout Van Aert et Mathieu van der Poel seront pr\u00e9sents lors de cette 64\u00e8me \u00e9dition.\u00a0<\/p>\n","protected":false},"author":48,"featured_media":116356,"comment_status":"open","ping_status":"closed","sticky":false,"template":"","format":"standard","meta":{"_acf_changed":false,"_daextam_enable_autolinks":"","footnotes":""},"categories":[2307],"tags":[3119,7528],"class_list":["post-116319","post","type-post","status-publish","format-standard","has-post-thumbnail","hentry","category-cyclisme","tag-actualite-cyclisme","tag-grand-prix-e3"],"acf":[],"yoast_head":"<!-- This site is optimized with the Yoast SEO Premium plugin v26.7 (Yoast SEO v26.7) - https:\/\/yoast.com\/wordpress\/plugins\/seo\/ -->\n<title>E3 Saxo Bank Classic 2021 : le parcours en d\u00e9tail<\/title>\n<meta name=\"description\" content=\"L&#039;E3 Saxo Bank Classic revient le vendredi 26 mars apr\u00e8s un an d&#039;absence \u00e0 cause de la pand\u00e9mie du COVID-19. Le parcours en d\u00e9tail de la 64\u00e8me \u00e9dition.\" \/>\n<meta name=\"robots\" content=\"index, follow, max-snippet:-1, max-image-preview:large, max-video-preview:-1\" \/>\n<link rel=\"canonical\" href=\"https:\/\/dicodusport.fr\/blog\/e3-saxo-bank-classic-2021-le-parcours-en-detail\/\" \/>\n<meta property=\"og:locale\" content=\"fr_FR\" \/>\n<meta property=\"og:type\" content=\"article\" \/>\n<meta property=\"og:title\" content=\"E3 Saxo Bank Classic 2021 : le parcours en d\u00e9tail\" \/>\n<meta property=\"og:description\" content=\"L&#039;E3 Saxo Bank Classic revient le vendredi 26 mars apr\u00e8s un an d&#039;absence \u00e0 cause de la pand\u00e9mie du COVID-19. Le parcours en d\u00e9tail de la 64\u00e8me \u00e9dition.\" \/>\n<meta property=\"og:url\" content=\"https:\/\/dicodusport.fr\/blog\/e3-saxo-bank-classic-2021-le-parcours-en-detail\/\" \/>\n<meta property=\"og:site_name\" content=\"Dicodusport\" \/>\n<meta property=\"article:publisher\" content=\"https:\/\/www.facebook.com\/dicodusport\" \/>\n<meta property=\"article:author\" content=\"https:\/\/www.facebook.com\/groups\/LesRoisDuPeloton\" \/>\n<meta property=\"article:published_time\" content=\"2021-03-25T13:07:48+00:00\" \/>\n<meta property=\"article:modified_time\" content=\"2021-03-25T19:00:19+00:00\" \/>\n<meta property=\"og:image\" content=\"https:\/\/dicodusport.fr\/blog\/wp-content\/uploads\/2021\/03\/E3-Saxo-Bank-Classic-2021-Le-parcours-en-detail.png\" \/>\n\t<meta property=\"og:image:width\" content=\"800\" \/>\n\t<meta property=\"og:image:height\" content=\"445\" \/>\n\t<meta property=\"og:image:type\" content=\"image\/png\" \/>\n<meta name=\"author\" content=\"Emilien Descampiaux\" \/>\n<meta name=\"twitter:card\" content=\"summary_large_image\" \/>\n<meta name=\"twitter:title\" content=\"E3 Saxo Bank Classic 2021 : le parcours en d\u00e9tail\" \/>\n<meta name=\"twitter:creator\" content=\"@https:\/\/twitter.com\/LRoisDuPeloton\" \/>\n<meta name=\"twitter:site\" content=\"@dicodusport\" \/>\n<script type=\"application\/ld+json\" class=\"yoast-schema-graph\">{\"@context\":\"https:\/\/schema.org\",\"@graph\":[{\"@type\":\"NewsArticle\",\"@id\":\"https:\/\/dicodusport.fr\/blog\/e3-saxo-bank-classic-2021-le-parcours-en-detail\/#article\",\"isPartOf\":{\"@id\":\"https:\/\/dicodusport.fr\/blog\/e3-saxo-bank-classic-2021-le-parcours-en-detail\/\"},\"author\":{\"name\":\"Emilien Descampiaux\",\"@id\":\"https:\/\/dicodusport.fr\/blog\/#\/schema\/person\/6db4bae06b171592211be385b32876a7\"},\"headline\":\"E3 Saxo Bank Classic 2021 : le parcours en d\u00e9tail\",\"datePublished\":\"2021-03-25T13:07:48+00:00\",\"dateModified\":\"2021-03-25T19:00:19+00:00\",\"mainEntityOfPage\":{\"@id\":\"https:\/\/dicodusport.fr\/blog\/e3-saxo-bank-classic-2021-le-parcours-en-detail\/\"},\"wordCount\":624,\"commentCount\":0,\"publisher\":{\"@id\":\"https:\/\/dicodusport.fr\/blog\/#organization\"},\"image\":{\"@id\":\"https:\/\/dicodusport.fr\/blog\/e3-saxo-bank-classic-2021-le-parcours-en-detail\/#primaryimage\"},\"thumbnailUrl\":\"https:\/\/dicodusport.fr\/blog\/wp-content\/uploads\/2021\/03\/E3-Saxo-Bank-Classic-2021-Le-parcours-en-detail.png\",\"keywords\":[\"Actualit\u00e9 Cyclisme\",\"Grand Prix E3\"],\"articleSection\":[\"Cyclisme\"],\"inLanguage\":\"fr-FR\",\"potentialAction\":[{\"@type\":\"CommentAction\",\"name\":\"Comment\",\"target\":[\"https:\/\/dicodusport.fr\/blog\/e3-saxo-bank-classic-2021-le-parcours-en-detail\/#respond\"]}],\"copyrightYear\":\"2021\",\"copyrightHolder\":{\"@id\":\"https:\/\/dicodusport.fr\/blog\/#organization\"}},{\"@type\":\"WebPage\",\"@id\":\"https:\/\/dicodusport.fr\/blog\/e3-saxo-bank-classic-2021-le-parcours-en-detail\/\",\"url\":\"https:\/\/dicodusport.fr\/blog\/e3-saxo-bank-classic-2021-le-parcours-en-detail\/\",\"name\":\"E3 Saxo Bank Classic 2021 : le parcours en d\u00e9tail\",\"isPartOf\":{\"@id\":\"https:\/\/dicodusport.fr\/blog\/#website\"},\"primaryImageOfPage\":{\"@id\":\"https:\/\/dicodusport.fr\/blog\/e3-saxo-bank-classic-2021-le-parcours-en-detail\/#primaryimage\"},\"image\":{\"@id\":\"https:\/\/dicodusport.fr\/blog\/e3-saxo-bank-classic-2021-le-parcours-en-detail\/#primaryimage\"},\"thumbnailUrl\":\"https:\/\/dicodusport.fr\/blog\/wp-content\/uploads\/2021\/03\/E3-Saxo-Bank-Classic-2021-Le-parcours-en-detail.png\",\"datePublished\":\"2021-03-25T13:07:48+00:00\",\"dateModified\":\"2021-03-25T19:00:19+00:00\",\"description\":\"L'E3 Saxo Bank Classic revient le vendredi 26 mars apr\u00e8s un an d'absence \u00e0 cause de la pand\u00e9mie du COVID-19. Le parcours en d\u00e9tail de la 64\u00e8me \u00e9dition.\",\"breadcrumb\":{\"@id\":\"https:\/\/dicodusport.fr\/blog\/e3-saxo-bank-classic-2021-le-parcours-en-detail\/#breadcrumb\"},\"inLanguage\":\"fr-FR\",\"potentialAction\":[{\"@type\":\"ReadAction\",\"target\":[\"https:\/\/dicodusport.fr\/blog\/e3-saxo-bank-classic-2021-le-parcours-en-detail\/\"]}]},{\"@type\":\"ImageObject\",\"inLanguage\":\"fr-FR\",\"@id\":\"https:\/\/dicodusport.fr\/blog\/e3-saxo-bank-classic-2021-le-parcours-en-detail\/#primaryimage\",\"url\":\"https:\/\/dicodusport.fr\/blog\/wp-content\/uploads\/2021\/03\/E3-Saxo-Bank-Classic-2021-Le-parcours-en-detail.png\",\"contentUrl\":\"https:\/\/dicodusport.fr\/blog\/wp-content\/uploads\/2021\/03\/E3-Saxo-Bank-Classic-2021-Le-parcours-en-detail.png\",\"width\":800,\"height\":445,\"caption\":\"E3 Saxo Bank Classic 2021 : le parcours en d\u00e9tail\"},{\"@type\":\"BreadcrumbList\",\"@id\":\"https:\/\/dicodusport.fr\/blog\/e3-saxo-bank-classic-2021-le-parcours-en-detail\/#breadcrumb\",\"itemListElement\":[{\"@type\":\"ListItem\",\"position\":1,\"name\":\"Accueil\",\"item\":\"https:\/\/dicodusport.fr\/blog\/\"},{\"@type\":\"ListItem\",\"position\":2,\"name\":\"E3 Saxo Bank Classic 2021 : le parcours en d\u00e9tail\"}]},{\"@type\":\"WebSite\",\"@id\":\"https:\/\/dicodusport.fr\/blog\/#website\",\"url\":\"https:\/\/dicodusport.fr\/blog\/\",\"name\":\"Dicodusport\",\"description\":\"L&#039;encyclop\u00e9die de l&#039;actualit\u00e9 sportive\",\"publisher\":{\"@id\":\"https:\/\/dicodusport.fr\/blog\/#organization\"},\"potentialAction\":[{\"@type\":\"SearchAction\",\"target\":{\"@type\":\"EntryPoint\",\"urlTemplate\":\"https:\/\/dicodusport.fr\/blog\/?s={search_term_string}\"},\"query-input\":{\"@type\":\"PropertyValueSpecification\",\"valueRequired\":true,\"valueName\":\"search_term_string\"}}],\"inLanguage\":\"fr-FR\"},{\"@type\":\"NewsMediaOrganization\",\"@id\":\"https:\/\/dicodusport.fr\/blog\/#organization\",\"name\":\"Dicodusport\",\"url\":\"https:\/\/dicodusport.fr\/blog\/\",\"logo\":{\"@type\":\"ImageObject\",\"inLanguage\":\"fr-FR\",\"@id\":\"https:\/\/dicodusport.fr\/blog\/#\/schema\/logo\/image\/\",\"url\":\"https:\/\/dicodusport.fr\/blog\/wp-content\/uploads\/2020\/06\/cropped-LOGO-DICODUSPORT-2020-SANS-FOND-SANS-TEXTE.png\",\"contentUrl\":\"https:\/\/dicodusport.fr\/blog\/wp-content\/uploads\/2020\/06\/cropped-LOGO-DICODUSPORT-2020-SANS-FOND-SANS-TEXTE.png\",\"width\":512,\"height\":512,\"caption\":\"Dicodusport\"},\"image\":{\"@id\":\"https:\/\/dicodusport.fr\/blog\/#\/schema\/logo\/image\/\"},\"sameAs\":[\"https:\/\/www.facebook.com\/dicodusport\",\"https:\/\/x.com\/dicodusport\",\"https:\/\/www.instagram.com\/dicodusport\/\",\"https:\/\/www.youtube.com\/channel\/UC7V2KZ5sd3htJivAbA4ZG3w\"],\"description\":\"Dicodusport est l'encyclop\u00e9die de l'actualit\u00e9 sportive.\",\"email\":\"bonjour@dicodusport.fr\",\"legalName\":\"DICODUSPORT\",\"foundingDate\":\"2018-01-14\",\"vatID\":\"FR71834470973\",\"taxID\":\"83447097300043\",\"numberOfEmployees\":{\"@type\":\"QuantitativeValue\",\"minValue\":\"1\",\"maxValue\":\"10\"}},{\"@type\":\"Person\",\"@id\":\"https:\/\/dicodusport.fr\/blog\/#\/schema\/person\/6db4bae06b171592211be385b32876a7\",\"name\":\"Emilien Descampiaux\",\"image\":{\"@type\":\"ImageObject\",\"inLanguage\":\"fr-FR\",\"@id\":\"https:\/\/dicodusport.fr\/blog\/#\/schema\/person\/image\/\",\"url\":\"https:\/\/dicodusport.fr\/blog\/wp-content\/uploads\/2021\/05\/Emilien-Descampiaux-150x150.jpg\",\"contentUrl\":\"https:\/\/dicodusport.fr\/blog\/wp-content\/uploads\/2021\/05\/Emilien-Descampiaux-150x150.jpg\",\"caption\":\"Emilien Descampiaux\"},\"description\":\"Journaliste\/r\u00e9dacteur depuis 2014 - Fan de la classe de Frank Vandenbroucke, je vis cyclisme (et de ses paysages) depuis plus de 20 ans. Je suis tr\u00e8s impliqu\u00e9 sur mes diff\u00e9rents r\u00e9seaux sociaux pour partager ma passion sur le monde et l'Histoire de la bicyclette avec ma voix sur les images en noir et blanc du succ\u00e8s de Rik Van Steenbergen lors du Ronde sur le V\u00e9lodrome de Gand.\",\"sameAs\":[\"https:\/\/www.facebook.com\/groups\/LesRoisDuPeloton\",\"https:\/\/x.com\/https:\/\/twitter.com\/LRoisDuPeloton\"],\"url\":\"https:\/\/dicodusport.fr\/blog\/author\/emiliend\/\"}]}<\/script>\n<!-- \/ Yoast SEO Premium plugin. -->","yoast_head_json":{"title":"E3 Saxo Bank Classic 2021 : le parcours en d\u00e9tail","description":"L'E3 Saxo Bank Classic revient le vendredi 26 mars apr\u00e8s un an d'absence \u00e0 cause de la pand\u00e9mie du COVID-19. Le parcours en d\u00e9tail de la 64\u00e8me \u00e9dition.","robots":{"index":"index","follow":"follow","max-snippet":"max-snippet:-1","max-image-preview":"max-image-preview:large","max-video-preview":"max-video-preview:-1"},"canonical":"https:\/\/dicodusport.fr\/blog\/e3-saxo-bank-classic-2021-le-parcours-en-detail\/","og_locale":"fr_FR","og_type":"article","og_title":"E3 Saxo Bank Classic 2021 : le parcours en d\u00e9tail","og_description":"L'E3 Saxo Bank Classic revient le vendredi 26 mars apr\u00e8s un an d'absence \u00e0 cause de la pand\u00e9mie du COVID-19. Le parcours en d\u00e9tail de la 64\u00e8me \u00e9dition.","og_url":"https:\/\/dicodusport.fr\/blog\/e3-saxo-bank-classic-2021-le-parcours-en-detail\/","og_site_name":"Dicodusport","article_publisher":"https:\/\/www.facebook.com\/dicodusport","article_author":"https:\/\/www.facebook.com\/groups\/LesRoisDuPeloton","article_published_time":"2021-03-25T13:07:48+00:00","article_modified_time":"2021-03-25T19:00:19+00:00","og_image":[{"width":800,"height":445,"url":"https:\/\/dicodusport.fr\/blog\/wp-content\/uploads\/2021\/03\/E3-Saxo-Bank-Classic-2021-Le-parcours-en-detail.png","type":"image\/png"}],"author":"Emilien Descampiaux","twitter_card":"summary_large_image","twitter_title":"E3 Saxo Bank Classic 2021 : le parcours en d\u00e9tail","twitter_creator":"@https:\/\/twitter.com\/LRoisDuPeloton","twitter_site":"@dicodusport","schema":{"@context":"https:\/\/schema.org","@graph":[{"@type":"NewsArticle","@id":"https:\/\/dicodusport.fr\/blog\/e3-saxo-bank-classic-2021-le-parcours-en-detail\/#article","isPartOf":{"@id":"https:\/\/dicodusport.fr\/blog\/e3-saxo-bank-classic-2021-le-parcours-en-detail\/"},"author":{"name":"Emilien Descampiaux","@id":"https:\/\/dicodusport.fr\/blog\/#\/schema\/person\/6db4bae06b171592211be385b32876a7"},"headline":"E3 Saxo Bank Classic 2021 : le parcours en d\u00e9tail","datePublished":"2021-03-25T13:07:48+00:00","dateModified":"2021-03-25T19:00:19+00:00","mainEntityOfPage":{"@id":"https:\/\/dicodusport.fr\/blog\/e3-saxo-bank-classic-2021-le-parcours-en-detail\/"},"wordCount":624,"commentCount":0,"publisher":{"@id":"https:\/\/dicodusport.fr\/blog\/#organization"},"image":{"@id":"https:\/\/dicodusport.fr\/blog\/e3-saxo-bank-classic-2021-le-parcours-en-detail\/#primaryimage"},"thumbnailUrl":"https:\/\/dicodusport.fr\/blog\/wp-content\/uploads\/2021\/03\/E3-Saxo-Bank-Classic-2021-Le-parcours-en-detail.png","keywords":["Actualit\u00e9 Cyclisme","Grand Prix E3"],"articleSection":["Cyclisme"],"inLanguage":"fr-FR","potentialAction":[{"@type":"CommentAction","name":"Comment","target":["https:\/\/dicodusport.fr\/blog\/e3-saxo-bank-classic-2021-le-parcours-en-detail\/#respond"]}],"copyrightYear":"2021","copyrightHolder":{"@id":"https:\/\/dicodusport.fr\/blog\/#organization"}},{"@type":"WebPage","@id":"https:\/\/dicodusport.fr\/blog\/e3-saxo-bank-classic-2021-le-parcours-en-detail\/","url":"https:\/\/dicodusport.fr\/blog\/e3-saxo-bank-classic-2021-le-parcours-en-detail\/","name":"E3 Saxo Bank Classic 2021 : le parcours en d\u00e9tail","isPartOf":{"@id":"https:\/\/dicodusport.fr\/blog\/#website"},"primaryImageOfPage":{"@id":"https:\/\/dicodusport.fr\/blog\/e3-saxo-bank-classic-2021-le-parcours-en-detail\/#primaryimage"},"image":{"@id":"https:\/\/dicodusport.fr\/blog\/e3-saxo-bank-classic-2021-le-parcours-en-detail\/#primaryimage"},"thumbnailUrl":"https:\/\/dicodusport.fr\/blog\/wp-content\/uploads\/2021\/03\/E3-Saxo-Bank-Classic-2021-Le-parcours-en-detail.png","datePublished":"2021-03-25T13:07:48+00:00","dateModified":"2021-03-25T19:00:19+00:00","description":"L'E3 Saxo Bank Classic revient le vendredi 26 mars apr\u00e8s un an d'absence \u00e0 cause de la pand\u00e9mie du COVID-19. Le parcours en d\u00e9tail de la 64\u00e8me \u00e9dition.","breadcrumb":{"@id":"https:\/\/dicodusport.fr\/blog\/e3-saxo-bank-classic-2021-le-parcours-en-detail\/#breadcrumb"},"inLanguage":"fr-FR","potentialAction":[{"@type":"ReadAction","target":["https:\/\/dicodusport.fr\/blog\/e3-saxo-bank-classic-2021-le-parcours-en-detail\/"]}]},{"@type":"ImageObject","inLanguage":"fr-FR","@id":"https:\/\/dicodusport.fr\/blog\/e3-saxo-bank-classic-2021-le-parcours-en-detail\/#primaryimage","url":"https:\/\/dicodusport.fr\/blog\/wp-content\/uploads\/2021\/03\/E3-Saxo-Bank-Classic-2021-Le-parcours-en-detail.png","contentUrl":"https:\/\/dicodusport.fr\/blog\/wp-content\/uploads\/2021\/03\/E3-Saxo-Bank-Classic-2021-Le-parcours-en-detail.png","width":800,"height":445,"caption":"E3 Saxo Bank Classic 2021 : le parcours en d\u00e9tail"},{"@type":"BreadcrumbList","@id":"https:\/\/dicodusport.fr\/blog\/e3-saxo-bank-classic-2021-le-parcours-en-detail\/#breadcrumb","itemListElement":[{"@type":"ListItem","position":1,"name":"Accueil","item":"https:\/\/dicodusport.fr\/blog\/"},{"@type":"ListItem","position":2,"name":"E3 Saxo Bank Classic 2021 : le parcours en d\u00e9tail"}]},{"@type":"WebSite","@id":"https:\/\/dicodusport.fr\/blog\/#website","url":"https:\/\/dicodusport.fr\/blog\/","name":"Dicodusport","description":"L&#039;encyclop\u00e9die de l&#039;actualit\u00e9 sportive","publisher":{"@id":"https:\/\/dicodusport.fr\/blog\/#organization"},"potentialAction":[{"@type":"SearchAction","target":{"@type":"EntryPoint","urlTemplate":"https:\/\/dicodusport.fr\/blog\/?s={search_term_string}"},"query-input":{"@type":"PropertyValueSpecification","valueRequired":true,"valueName":"search_term_string"}}],"inLanguage":"fr-FR"},{"@type":"NewsMediaOrganization","@id":"https:\/\/dicodusport.fr\/blog\/#organization","name":"Dicodusport","url":"https:\/\/dicodusport.fr\/blog\/","logo":{"@type":"ImageObject","inLanguage":"fr-FR","@id":"https:\/\/dicodusport.fr\/blog\/#\/schema\/logo\/image\/","url":"https:\/\/dicodusport.fr\/blog\/wp-content\/uploads\/2020\/06\/cropped-LOGO-DICODUSPORT-2020-SANS-FOND-SANS-TEXTE.png","contentUrl":"https:\/\/dicodusport.fr\/blog\/wp-content\/uploads\/2020\/06\/cropped-LOGO-DICODUSPORT-2020-SANS-FOND-SANS-TEXTE.png","width":512,"height":512,"caption":"Dicodusport"},"image":{"@id":"https:\/\/dicodusport.fr\/blog\/#\/schema\/logo\/image\/"},"sameAs":["https:\/\/www.facebook.com\/dicodusport","https:\/\/x.com\/dicodusport","https:\/\/www.instagram.com\/dicodusport\/","https:\/\/www.youtube.com\/channel\/UC7V2KZ5sd3htJivAbA4ZG3w"],"description":"Dicodusport est l'encyclop\u00e9die de l'actualit\u00e9 sportive.","email":"bonjour@dicodusport.fr","legalName":"DICODUSPORT","foundingDate":"2018-01-14","vatID":"FR71834470973","taxID":"83447097300043","numberOfEmployees":{"@type":"QuantitativeValue","minValue":"1","maxValue":"10"}},{"@type":"Person","@id":"https:\/\/dicodusport.fr\/blog\/#\/schema\/person\/6db4bae06b171592211be385b32876a7","name":"Emilien Descampiaux","image":{"@type":"ImageObject","inLanguage":"fr-FR","@id":"https:\/\/dicodusport.fr\/blog\/#\/schema\/person\/image\/","url":"https:\/\/dicodusport.fr\/blog\/wp-content\/uploads\/2021\/05\/Emilien-Descampiaux-150x150.jpg","contentUrl":"https:\/\/dicodusport.fr\/blog\/wp-content\/uploads\/2021\/05\/Emilien-Descampiaux-150x150.jpg","caption":"Emilien Descampiaux"},"description":"Journaliste\/r\u00e9dacteur depuis 2014 - Fan de la classe de Frank Vandenbroucke, je vis cyclisme (et de ses paysages) depuis plus de 20 ans. Je suis tr\u00e8s impliqu\u00e9 sur mes diff\u00e9rents r\u00e9seaux sociaux pour partager ma passion sur le monde et l'Histoire de la bicyclette avec ma voix sur les images en noir et blanc du succ\u00e8s de Rik Van Steenbergen lors du Ronde sur le V\u00e9lodrome de Gand.","sameAs":["https:\/\/www.facebook.com\/groups\/LesRoisDuPeloton","https:\/\/x.com\/https:\/\/twitter.com\/LRoisDuPeloton"],"url":"https:\/\/dicodusport.fr\/blog\/author\/emiliend\/"}]}},"_links":{"self":[{"href":"https:\/\/dicodusport.fr\/blog\/wp-json\/wp\/v2\/posts\/116319","targetHints":{"allow":["GET"]}}],"collection":[{"href":"https:\/\/dicodusport.fr\/blog\/wp-json\/wp\/v2\/posts"}],"about":[{"href":"https:\/\/dicodusport.fr\/blog\/wp-json\/wp\/v2\/types\/post"}],"author":[{"embeddable":true,"href":"https:\/\/dicodusport.fr\/blog\/wp-json\/wp\/v2\/users\/48"}],"replies":[{"embeddable":true,"href":"https:\/\/dicodusport.fr\/blog\/wp-json\/wp\/v2\/comments?post=116319"}],"version-history":[{"count":0,"href":"https:\/\/dicodusport.fr\/blog\/wp-json\/wp\/v2\/posts\/116319\/revisions"}],"wp:featuredmedia":[{"embeddable":true,"href":"https:\/\/dicodusport.fr\/blog\/wp-json\/wp\/v2\/media\/116356"}],"wp:attachment":[{"href":"https:\/\/dicodusport.fr\/blog\/wp-json\/wp\/v2\/media?parent=116319"}],"wp:term":[{"taxonomy":"category","embeddable":true,"href":"https:\/\/dicodusport.fr\/blog\/wp-json\/wp\/v2\/categories?post=116319"},{"taxonomy":"post_tag","embeddable":true,"href":"https:\/\/dicodusport.fr\/blog\/wp-json\/wp\/v2\/tags?post=116319"}],"curies":[{"name":"wp","href":"https:\/\/api.w.org\/{rel}","templated":true}]}}