{"id":116492,"date":"2021-03-25T23:07:43","date_gmt":"2021-03-25T22:07:43","guid":{"rendered":"https:\/\/dicodusport.fr\/blog\/?p=116492"},"modified":"2021-03-26T00:14:34","modified_gmt":"2021-03-25T23:14:34","slug":"euro-espoirs-u21-2021-les-bleuets-debutent-par-une-defaite-face-au-danemark","status":"publish","type":"post","link":"https:\/\/dicodusport.fr\/blog\/euro-espoirs-u21-2021-les-bleuets-debutent-par-une-defaite-face-au-danemark\/","title":{"rendered":"Euro Espoirs U21 2021 : Les Bleuets d\u00e9butent par une d\u00e9faite face au Danemark"},"content":{"rendered":"<p style=\"text-align: justify;\"><em><strong><a href=\"https:\/\/dicodusport.fr\/blog\/championnat-europe-de-football-espoirs-2021-calendrier-et-resultats\/\" target=\"_blank\" rel=\"noopener\">EURO ESPOIRS 2021<\/a> &#8211; Oppos\u00e9e au Danemark, l&rsquo;\u00e9quipe de France espoirs est entr\u00e9e en lice dans cette premi\u00e8re phase de l&rsquo;Euro. Et le moins que l&rsquo;on puisse dire est que cette entr\u00e9e aura \u00e9t\u00e9 des plus compliqu\u00e9es, avec une d\u00e9faite (0-1).<\/strong><\/em><\/p>\n<p style=\"text-align: justify;\"><em><strong>\u00ab Je me m\u00e9fie de ces histoires de noms ronflants. Le degr\u00e9 de vigilance doit \u00eatre exactement le m\u00eame parce qu\u2019on a des adversaires costauds, dangereux, qui vont nous poser des probl\u00e8mes. \u00bb <\/strong><\/em>Ces mots \u00e9taient ceux de<strong> Sylvain Ripoll<\/strong> avant d&rsquo;affronter les Danois. Alors que les <em>Bleuets <\/em>se pr\u00e9sentaient en favoris, forts d&rsquo;une g\u00e9n\u00e9ration prometteuse, le s\u00e9lectionneur avait tenu \u00e0 mettre tout le monde en garde. Et sa m\u00e9fiance s&rsquo;est malheureusement v\u00e9rifi\u00e9e ce soir.<\/p>\n<h2 style=\"text-align: justify;\">Un poteau et le n\u00e9ant<\/h2>\n<p style=\"text-align: justify;\">Avec un onze de d\u00e9part des plus s\u00e9duisants malgr\u00e9 les forfaits d<strong>&lsquo;Aouar et Diaby<\/strong>, les tricolores avaient pourtant de forts arguments \u00e0 faire valoir. Emmen\u00e9s notamment par <strong>Faivre, Edouard et Gouiri<\/strong> sur le front de l&rsquo;attaque, ils allaient cependant conna\u00eetre toutes les peines du monde \u00e0 se montrer dangereux en 1\u00e8re p\u00e9riode. Malgr\u00e9 une possession de balle de plus de 66%, cette derni\u00e8re ne se traduisait pas en terme d&rsquo;occasion. Face \u00e0 un bloc danois des plus solides, seul <strong>Amine Gouiri<\/strong> allait nous procurer un maigre frisson \u00e0 la 39e minute. Lanc\u00e9 par <strong>Faivre<\/strong> son centre tir allait trouver la transversale. Bien maigre apr\u00e8s 45 minutes vraiment insipides. Face \u00e0 des Danois invaincus depuis 2 ans et totalisant 26 points sur 30 lors des qualifications, la t\u00e2che s\u2019av\u00e9rait encore plus compliqu\u00e9e que pr\u00e9vue.<\/p>\n<h2 style=\"text-align: justify;\">Un premier match \u00e0 oublier<\/h2>\n<p style=\"text-align: justify;\">Et malheureusement, la seconde p\u00e9riode allait \u00eatre du m\u00eame registre. Sans imagination, ne r\u00e9ussissant \u00e0 combiner, les hommes de <strong>Ripoll<\/strong> ne seront jamais v\u00e9ritablement parvenus \u00e0 inqui\u00e9ter leurs adversaires du soir. Si un joueur comme <strong>Kamara<\/strong> aura su se montrer pr\u00e9cieux notamment par son activit\u00e9, nombreux sont ceux qui auront d\u00e9\u00e7u ce soir. Et le triple changement effectu\u00e9 par <strong>Ripoll<\/strong> peu apr\u00e8s l&rsquo;heure de jeu n&rsquo;aura pas chang\u00e9 la donne. En effet ni<strong> Kolo Muani, Ikon\u00e9 ou Tchouam\u00e9ni<\/strong> n&rsquo;auront apport\u00e9 davantage. Il aura fallu attendre la 74e minute de ce match plus que ferm\u00e9 pour voir la premi\u00e8re frappe cadr\u00e9e de la rencontre ! Une frappe sans danger cependant par l&rsquo;interm\u00e9diaire de <strong>Gouiri<\/strong>. Tout semblait indiquer que l&rsquo;on se dirigeait vers un match nul et vierge sans relief. Mais 5 minutes plus tard, le r\u00e9sultat allait encore \u00eatre plus d\u00e9cevant. Suite \u00e0 une m\u00e9sentente entre<strong> Badiashile et Lafont, Dreyer<\/strong> ne se faisait pas prier pour battre le portier nantais.<\/p>\n<blockquote class=\"twitter-tweet\">\n<p dir=\"ltr\" lang=\"fr\">Les A et les espoirs <a href=\"https:\/\/twitter.com\/hashtag\/FRAUKR?src=hash&amp;ref_src=twsrc%5Etfw\">#FRAUKR<\/a> <a href=\"https:\/\/twitter.com\/hashtag\/FRADAN?src=hash&amp;ref_src=twsrc%5Etfw\">#FRADAN<\/a> <a href=\"https:\/\/t.co\/gEOAxZJCMs\">pic.twitter.com\/gEOAxZJCMs<\/a><\/p>\n<p>\u2014 Corentin 713 (@Corentin_713_) <a href=\"https:\/\/twitter.com\/Corentin_713_\/status\/1375205417647738882?ref_src=twsrc%5Etfw\">March 25, 2021<\/a><\/p><\/blockquote>\n<p><script async src=\"https:\/\/platform.twitter.com\/widgets.js\" charset=\"utf-8\"><\/script><\/p>\n<p style=\"text-align: justify;\">Le score n&rsquo;allait plus \u00e9voluer, et aux Bleuets de s&rsquo;incliner. Ces derniers s&rsquo;inclinent donc contre une \u00e9quipe du Danemark solide et bien organis\u00e9e. L&rsquo;\u00e9quipe de France espoirs a d\u00e9\u00e7u ce soir et si rien n&rsquo;est perdu, la rencontre de dimanche face \u00e0 la<strong> Russie<\/strong> sera d\u00e9j\u00e0 d\u00e9cisive pour la suite de la comp\u00e9tition. Les Russes quant \u00e0 eux se sont en effet impos\u00e9s sur le score de 4 buts \u00e0 1 face \u00e0 <strong>l&rsquo;Islande<\/strong>. Dimanche, ce ne sont pas des noms qui feront gagner la rencontre&#8230;<\/p>\n<p><strong><em>Julien Correia<br \/>\n<a href=\"https:\/\/www.facebook.com\/julien.correia.52\" target=\"_blank\" rel=\"noopener noreferrer\"><img loading=\"lazy\" decoding=\"async\" class=\"alignnone wp-image-2909\" src=\"https:\/\/i2.wp.com\/dicodusport.fr\/blog\/wp-content\/uploads\/2017\/07\/logo-facebook-150x150.png?resize=40%2C40\" alt=\"\" width=\"40\" height=\"40\" data-recalc-dims=\"1\" \/><\/a><a href=\"https:\/\/twitter.com\/julienco_psg70\" target=\"_blank\" rel=\"noopener noreferrer\"><img loading=\"lazy\" decoding=\"async\" class=\"alignnone wp-image-2908\" src=\"https:\/\/i1.wp.com\/dicodusport.fr\/blog\/wp-content\/uploads\/2017\/07\/logo-twitter-150x150.png?resize=39%2C39\" alt=\"\" width=\"39\" height=\"39\" data-recalc-dims=\"1\" \/><\/a><\/em><\/strong><\/p>\n","protected":false},"excerpt":{"rendered":"<p>Oppos\u00e9e au Danemark, l&rsquo;\u00e9quipe de France espoirs est entr\u00e9e en lice dans cette premi\u00e8re phase de l&rsquo;Euro. Et le moins que l&rsquo;on puisse dire est que cette entr\u00e9e aura \u00e9t\u00e9 des plus compliqu\u00e9es.<\/p>\n","protected":false},"author":37,"featured_media":116499,"comment_status":"open","ping_status":"closed","sticky":false,"template":"","format":"standard","meta":{"_acf_changed":false,"_daextam_enable_autolinks":"","footnotes":""},"categories":[2301],"tags":[1346,199,8109,75],"class_list":["post-116492","post","type-post","status-publish","format-standard","has-post-thumbnail","hentry","category-football","tag-danemark","tag-equipe-de-france","tag-euro-espoirs","tag-football"],"acf":[],"yoast_head":"<!-- This site is optimized with the Yoast SEO Premium plugin v26.7 (Yoast SEO v26.7) - https:\/\/yoast.com\/wordpress\/plugins\/seo\/ -->\n<title>Euro Espoirs U21 2021 : Les Bleuets d\u00e9butent par une d\u00e9faite face au Danemark<\/title>\n<meta name=\"description\" content=\"Oppos\u00e9e au Danemark, l&#039;\u00e9quipe de France espoirs est entr\u00e9e en lice ce soir face au Danmark. Et les Bleuets ont d\u00e9\u00e7u (0-1).\" \/>\n<meta name=\"robots\" content=\"index, follow, max-snippet:-1, max-image-preview:large, max-video-preview:-1\" \/>\n<link rel=\"canonical\" href=\"https:\/\/dicodusport.fr\/blog\/euro-espoirs-u21-2021-les-bleuets-debutent-par-une-defaite-face-au-danemark\/\" \/>\n<meta property=\"og:locale\" content=\"fr_FR\" \/>\n<meta property=\"og:type\" content=\"article\" \/>\n<meta property=\"og:title\" content=\"Euro Espoirs U21 2021 : Les Bleuets d\u00e9butent par une d\u00e9faite face au Danemark\" \/>\n<meta property=\"og:description\" content=\"Oppos\u00e9e au Danemark, l&#039;\u00e9quipe de France espoirs est entr\u00e9e en lice ce soir face au Danmark. Et les Bleuets ont d\u00e9\u00e7u (0-1).\" \/>\n<meta property=\"og:url\" content=\"https:\/\/dicodusport.fr\/blog\/euro-espoirs-u21-2021-les-bleuets-debutent-par-une-defaite-face-au-danemark\/\" \/>\n<meta property=\"og:site_name\" content=\"Dicodusport\" \/>\n<meta property=\"article:publisher\" content=\"https:\/\/www.facebook.com\/dicodusport\" \/>\n<meta property=\"article:author\" content=\"https:\/\/www.facebook.com\/julien.correia.52\" \/>\n<meta property=\"article:published_time\" content=\"2021-03-25T22:07:43+00:00\" \/>\n<meta property=\"article:modified_time\" content=\"2021-03-25T23:14:34+00:00\" \/>\n<meta property=\"og:image\" content=\"https:\/\/dicodusport.fr\/blog\/wp-content\/uploads\/2021\/03\/Euro-Espoirs-U21-2021-Les-Bleuets-debutent-par-une-defaite-face-au-Danemark.png\" \/>\n\t<meta property=\"og:image:width\" content=\"800\" \/>\n\t<meta property=\"og:image:height\" content=\"445\" \/>\n\t<meta property=\"og:image:type\" content=\"image\/png\" \/>\n<meta name=\"author\" content=\"Julien Correia\" \/>\n<meta name=\"twitter:card\" content=\"summary_large_image\" \/>\n<meta name=\"twitter:title\" content=\"Euro Espoirs U21 2021 : Les Bleuets d\u00e9butent par une d\u00e9faite face au Danemark\" \/>\n<meta name=\"twitter:creator\" content=\"@https:\/\/twitter.com\/julienco_psg70\" \/>\n<meta name=\"twitter:site\" content=\"@dicodusport\" \/>\n<script type=\"application\/ld+json\" class=\"yoast-schema-graph\">{\"@context\":\"https:\/\/schema.org\",\"@graph\":[{\"@type\":\"NewsArticle\",\"@id\":\"https:\/\/dicodusport.fr\/blog\/euro-espoirs-u21-2021-les-bleuets-debutent-par-une-defaite-face-au-danemark\/#article\",\"isPartOf\":{\"@id\":\"https:\/\/dicodusport.fr\/blog\/euro-espoirs-u21-2021-les-bleuets-debutent-par-une-defaite-face-au-danemark\/\"},\"author\":{\"name\":\"Julien Correia\",\"@id\":\"https:\/\/dicodusport.fr\/blog\/#\/schema\/person\/0f73d157e4670e108e23009fa82f2239\"},\"headline\":\"Euro Espoirs U21 2021 : Les Bleuets d\u00e9butent par une d\u00e9faite face au Danemark\",\"datePublished\":\"2021-03-25T22:07:43+00:00\",\"dateModified\":\"2021-03-25T23:14:34+00:00\",\"mainEntityOfPage\":{\"@id\":\"https:\/\/dicodusport.fr\/blog\/euro-espoirs-u21-2021-les-bleuets-debutent-par-une-defaite-face-au-danemark\/\"},\"wordCount\":579,\"commentCount\":0,\"publisher\":{\"@id\":\"https:\/\/dicodusport.fr\/blog\/#organization\"},\"image\":{\"@id\":\"https:\/\/dicodusport.fr\/blog\/euro-espoirs-u21-2021-les-bleuets-debutent-par-une-defaite-face-au-danemark\/#primaryimage\"},\"thumbnailUrl\":\"https:\/\/dicodusport.fr\/blog\/wp-content\/uploads\/2021\/03\/Euro-Espoirs-U21-2021-Les-Bleuets-debutent-par-une-defaite-face-au-Danemark.png\",\"keywords\":[\"Danemark\",\"\u00c9quipe de France\",\"Euro Espoirs\",\"Football\"],\"articleSection\":[\"Football\"],\"inLanguage\":\"fr-FR\",\"potentialAction\":[{\"@type\":\"CommentAction\",\"name\":\"Comment\",\"target\":[\"https:\/\/dicodusport.fr\/blog\/euro-espoirs-u21-2021-les-bleuets-debutent-par-une-defaite-face-au-danemark\/#respond\"]}],\"copyrightYear\":\"2021\",\"copyrightHolder\":{\"@id\":\"https:\/\/dicodusport.fr\/blog\/#organization\"}},{\"@type\":\"WebPage\",\"@id\":\"https:\/\/dicodusport.fr\/blog\/euro-espoirs-u21-2021-les-bleuets-debutent-par-une-defaite-face-au-danemark\/\",\"url\":\"https:\/\/dicodusport.fr\/blog\/euro-espoirs-u21-2021-les-bleuets-debutent-par-une-defaite-face-au-danemark\/\",\"name\":\"Euro Espoirs U21 2021 : Les Bleuets d\u00e9butent par une d\u00e9faite face au Danemark\",\"isPartOf\":{\"@id\":\"https:\/\/dicodusport.fr\/blog\/#website\"},\"primaryImageOfPage\":{\"@id\":\"https:\/\/dicodusport.fr\/blog\/euro-espoirs-u21-2021-les-bleuets-debutent-par-une-defaite-face-au-danemark\/#primaryimage\"},\"image\":{\"@id\":\"https:\/\/dicodusport.fr\/blog\/euro-espoirs-u21-2021-les-bleuets-debutent-par-une-defaite-face-au-danemark\/#primaryimage\"},\"thumbnailUrl\":\"https:\/\/dicodusport.fr\/blog\/wp-content\/uploads\/2021\/03\/Euro-Espoirs-U21-2021-Les-Bleuets-debutent-par-une-defaite-face-au-Danemark.png\",\"datePublished\":\"2021-03-25T22:07:43+00:00\",\"dateModified\":\"2021-03-25T23:14:34+00:00\",\"description\":\"Oppos\u00e9e au Danemark, l'\u00e9quipe de France espoirs est entr\u00e9e en lice ce soir face au Danmark. Et les Bleuets ont d\u00e9\u00e7u (0-1).\",\"breadcrumb\":{\"@id\":\"https:\/\/dicodusport.fr\/blog\/euro-espoirs-u21-2021-les-bleuets-debutent-par-une-defaite-face-au-danemark\/#breadcrumb\"},\"inLanguage\":\"fr-FR\",\"potentialAction\":[{\"@type\":\"ReadAction\",\"target\":[\"https:\/\/dicodusport.fr\/blog\/euro-espoirs-u21-2021-les-bleuets-debutent-par-une-defaite-face-au-danemark\/\"]}]},{\"@type\":\"ImageObject\",\"inLanguage\":\"fr-FR\",\"@id\":\"https:\/\/dicodusport.fr\/blog\/euro-espoirs-u21-2021-les-bleuets-debutent-par-une-defaite-face-au-danemark\/#primaryimage\",\"url\":\"https:\/\/dicodusport.fr\/blog\/wp-content\/uploads\/2021\/03\/Euro-Espoirs-U21-2021-Les-Bleuets-debutent-par-une-defaite-face-au-Danemark.png\",\"contentUrl\":\"https:\/\/dicodusport.fr\/blog\/wp-content\/uploads\/2021\/03\/Euro-Espoirs-U21-2021-Les-Bleuets-debutent-par-une-defaite-face-au-Danemark.png\",\"width\":800,\"height\":445,\"caption\":\"Euro Espoirs U21 2021 : Les Bleuets d\u00e9butent par une d\u00e9faite face au Danemark\"},{\"@type\":\"BreadcrumbList\",\"@id\":\"https:\/\/dicodusport.fr\/blog\/euro-espoirs-u21-2021-les-bleuets-debutent-par-une-defaite-face-au-danemark\/#breadcrumb\",\"itemListElement\":[{\"@type\":\"ListItem\",\"position\":1,\"name\":\"Accueil\",\"item\":\"https:\/\/dicodusport.fr\/blog\/\"},{\"@type\":\"ListItem\",\"position\":2,\"name\":\"Euro Espoirs U21 2021 : Les Bleuets d\u00e9butent par une d\u00e9faite face au Danemark\"}]},{\"@type\":\"WebSite\",\"@id\":\"https:\/\/dicodusport.fr\/blog\/#website\",\"url\":\"https:\/\/dicodusport.fr\/blog\/\",\"name\":\"Dicodusport\",\"description\":\"L&#039;encyclop\u00e9die de l&#039;actualit\u00e9 sportive\",\"publisher\":{\"@id\":\"https:\/\/dicodusport.fr\/blog\/#organization\"},\"potentialAction\":[{\"@type\":\"SearchAction\",\"target\":{\"@type\":\"EntryPoint\",\"urlTemplate\":\"https:\/\/dicodusport.fr\/blog\/?s={search_term_string}\"},\"query-input\":{\"@type\":\"PropertyValueSpecification\",\"valueRequired\":true,\"valueName\":\"search_term_string\"}}],\"inLanguage\":\"fr-FR\"},{\"@type\":\"NewsMediaOrganization\",\"@id\":\"https:\/\/dicodusport.fr\/blog\/#organization\",\"name\":\"Dicodusport\",\"url\":\"https:\/\/dicodusport.fr\/blog\/\",\"logo\":{\"@type\":\"ImageObject\",\"inLanguage\":\"fr-FR\",\"@id\":\"https:\/\/dicodusport.fr\/blog\/#\/schema\/logo\/image\/\",\"url\":\"https:\/\/dicodusport.fr\/blog\/wp-content\/uploads\/2020\/06\/cropped-LOGO-DICODUSPORT-2020-SANS-FOND-SANS-TEXTE.png\",\"contentUrl\":\"https:\/\/dicodusport.fr\/blog\/wp-content\/uploads\/2020\/06\/cropped-LOGO-DICODUSPORT-2020-SANS-FOND-SANS-TEXTE.png\",\"width\":512,\"height\":512,\"caption\":\"Dicodusport\"},\"image\":{\"@id\":\"https:\/\/dicodusport.fr\/blog\/#\/schema\/logo\/image\/\"},\"sameAs\":[\"https:\/\/www.facebook.com\/dicodusport\",\"https:\/\/x.com\/dicodusport\",\"https:\/\/www.instagram.com\/dicodusport\/\",\"https:\/\/www.youtube.com\/channel\/UC7V2KZ5sd3htJivAbA4ZG3w\"],\"description\":\"Dicodusport est l'encyclop\u00e9die de l'actualit\u00e9 sportive.\",\"email\":\"bonjour@dicodusport.fr\",\"legalName\":\"DICODUSPORT\",\"foundingDate\":\"2018-01-14\",\"vatID\":\"FR71834470973\",\"taxID\":\"83447097300043\",\"numberOfEmployees\":{\"@type\":\"QuantitativeValue\",\"minValue\":\"1\",\"maxValue\":\"10\"}},{\"@type\":\"Person\",\"@id\":\"https:\/\/dicodusport.fr\/blog\/#\/schema\/person\/0f73d157e4670e108e23009fa82f2239\",\"name\":\"Julien Correia\",\"image\":{\"@type\":\"ImageObject\",\"inLanguage\":\"fr-FR\",\"@id\":\"https:\/\/dicodusport.fr\/blog\/#\/schema\/person\/image\/\",\"url\":\"https:\/\/dicodusport.fr\/blog\/wp-content\/uploads\/2021\/05\/Julien-Correia-150x150.jpg\",\"contentUrl\":\"https:\/\/dicodusport.fr\/blog\/wp-content\/uploads\/2021\/05\/Julien-Correia-150x150.jpg\",\"caption\":\"Julien Correia\"},\"description\":\"Journaliste\/r\u00e9dacteur depuis janvier 2019 - Tomb\u00e9 dans le monde du ballon rond \u00e9tant petit, j\u2019aurais pu devenir pro sans ces foutus ligaments crois\u00e9s. D\u00e9filant sur les champs (mais pas Elys\u00e9es) en 98, j\u2019ai \u00e9t\u00e9 berc\u00e9 par les exploits de Mister George, piqu\u00e9 par la technique du Snake, grandi avec Captain Rai et Ronnie, m\u00fbri avec Pauleta et Edi. Mais Ibracadabra, je suis d\u00e9sormais reconverti en runner\/traileur. Moins rapide que Bolt et moins endurant que Jornet, c\u2019est donc plume \u00e0 la main que je partage les exploits de ces athl\u00e8tes !\",\"sameAs\":[\"https:\/\/www.facebook.com\/julien.correia.52\",\"https:\/\/x.com\/https:\/\/twitter.com\/julienco_psg70\"],\"url\":\"https:\/\/dicodusport.fr\/blog\/author\/julien-c\/\"}]}<\/script>\n<!-- \/ Yoast SEO Premium plugin. -->","yoast_head_json":{"title":"Euro Espoirs U21 2021 : Les Bleuets d\u00e9butent par une d\u00e9faite face au Danemark","description":"Oppos\u00e9e au Danemark, l'\u00e9quipe de France espoirs est entr\u00e9e en lice ce soir face au Danmark. Et les Bleuets ont d\u00e9\u00e7u (0-1).","robots":{"index":"index","follow":"follow","max-snippet":"max-snippet:-1","max-image-preview":"max-image-preview:large","max-video-preview":"max-video-preview:-1"},"canonical":"https:\/\/dicodusport.fr\/blog\/euro-espoirs-u21-2021-les-bleuets-debutent-par-une-defaite-face-au-danemark\/","og_locale":"fr_FR","og_type":"article","og_title":"Euro Espoirs U21 2021 : Les Bleuets d\u00e9butent par une d\u00e9faite face au Danemark","og_description":"Oppos\u00e9e au Danemark, l'\u00e9quipe de France espoirs est entr\u00e9e en lice ce soir face au Danmark. Et les Bleuets ont d\u00e9\u00e7u (0-1).","og_url":"https:\/\/dicodusport.fr\/blog\/euro-espoirs-u21-2021-les-bleuets-debutent-par-une-defaite-face-au-danemark\/","og_site_name":"Dicodusport","article_publisher":"https:\/\/www.facebook.com\/dicodusport","article_author":"https:\/\/www.facebook.com\/julien.correia.52","article_published_time":"2021-03-25T22:07:43+00:00","article_modified_time":"2021-03-25T23:14:34+00:00","og_image":[{"width":800,"height":445,"url":"https:\/\/dicodusport.fr\/blog\/wp-content\/uploads\/2021\/03\/Euro-Espoirs-U21-2021-Les-Bleuets-debutent-par-une-defaite-face-au-Danemark.png","type":"image\/png"}],"author":"Julien Correia","twitter_card":"summary_large_image","twitter_title":"Euro Espoirs U21 2021 : Les Bleuets d\u00e9butent par une d\u00e9faite face au Danemark","twitter_creator":"@https:\/\/twitter.com\/julienco_psg70","twitter_site":"@dicodusport","schema":{"@context":"https:\/\/schema.org","@graph":[{"@type":"NewsArticle","@id":"https:\/\/dicodusport.fr\/blog\/euro-espoirs-u21-2021-les-bleuets-debutent-par-une-defaite-face-au-danemark\/#article","isPartOf":{"@id":"https:\/\/dicodusport.fr\/blog\/euro-espoirs-u21-2021-les-bleuets-debutent-par-une-defaite-face-au-danemark\/"},"author":{"name":"Julien Correia","@id":"https:\/\/dicodusport.fr\/blog\/#\/schema\/person\/0f73d157e4670e108e23009fa82f2239"},"headline":"Euro Espoirs U21 2021 : Les Bleuets d\u00e9butent par une d\u00e9faite face au Danemark","datePublished":"2021-03-25T22:07:43+00:00","dateModified":"2021-03-25T23:14:34+00:00","mainEntityOfPage":{"@id":"https:\/\/dicodusport.fr\/blog\/euro-espoirs-u21-2021-les-bleuets-debutent-par-une-defaite-face-au-danemark\/"},"wordCount":579,"commentCount":0,"publisher":{"@id":"https:\/\/dicodusport.fr\/blog\/#organization"},"image":{"@id":"https:\/\/dicodusport.fr\/blog\/euro-espoirs-u21-2021-les-bleuets-debutent-par-une-defaite-face-au-danemark\/#primaryimage"},"thumbnailUrl":"https:\/\/dicodusport.fr\/blog\/wp-content\/uploads\/2021\/03\/Euro-Espoirs-U21-2021-Les-Bleuets-debutent-par-une-defaite-face-au-Danemark.png","keywords":["Danemark","\u00c9quipe de France","Euro Espoirs","Football"],"articleSection":["Football"],"inLanguage":"fr-FR","potentialAction":[{"@type":"CommentAction","name":"Comment","target":["https:\/\/dicodusport.fr\/blog\/euro-espoirs-u21-2021-les-bleuets-debutent-par-une-defaite-face-au-danemark\/#respond"]}],"copyrightYear":"2021","copyrightHolder":{"@id":"https:\/\/dicodusport.fr\/blog\/#organization"}},{"@type":"WebPage","@id":"https:\/\/dicodusport.fr\/blog\/euro-espoirs-u21-2021-les-bleuets-debutent-par-une-defaite-face-au-danemark\/","url":"https:\/\/dicodusport.fr\/blog\/euro-espoirs-u21-2021-les-bleuets-debutent-par-une-defaite-face-au-danemark\/","name":"Euro Espoirs U21 2021 : Les Bleuets d\u00e9butent par une d\u00e9faite face au Danemark","isPartOf":{"@id":"https:\/\/dicodusport.fr\/blog\/#website"},"primaryImageOfPage":{"@id":"https:\/\/dicodusport.fr\/blog\/euro-espoirs-u21-2021-les-bleuets-debutent-par-une-defaite-face-au-danemark\/#primaryimage"},"image":{"@id":"https:\/\/dicodusport.fr\/blog\/euro-espoirs-u21-2021-les-bleuets-debutent-par-une-defaite-face-au-danemark\/#primaryimage"},"thumbnailUrl":"https:\/\/dicodusport.fr\/blog\/wp-content\/uploads\/2021\/03\/Euro-Espoirs-U21-2021-Les-Bleuets-debutent-par-une-defaite-face-au-Danemark.png","datePublished":"2021-03-25T22:07:43+00:00","dateModified":"2021-03-25T23:14:34+00:00","description":"Oppos\u00e9e au Danemark, l'\u00e9quipe de France espoirs est entr\u00e9e en lice ce soir face au Danmark. Et les Bleuets ont d\u00e9\u00e7u (0-1).","breadcrumb":{"@id":"https:\/\/dicodusport.fr\/blog\/euro-espoirs-u21-2021-les-bleuets-debutent-par-une-defaite-face-au-danemark\/#breadcrumb"},"inLanguage":"fr-FR","potentialAction":[{"@type":"ReadAction","target":["https:\/\/dicodusport.fr\/blog\/euro-espoirs-u21-2021-les-bleuets-debutent-par-une-defaite-face-au-danemark\/"]}]},{"@type":"ImageObject","inLanguage":"fr-FR","@id":"https:\/\/dicodusport.fr\/blog\/euro-espoirs-u21-2021-les-bleuets-debutent-par-une-defaite-face-au-danemark\/#primaryimage","url":"https:\/\/dicodusport.fr\/blog\/wp-content\/uploads\/2021\/03\/Euro-Espoirs-U21-2021-Les-Bleuets-debutent-par-une-defaite-face-au-Danemark.png","contentUrl":"https:\/\/dicodusport.fr\/blog\/wp-content\/uploads\/2021\/03\/Euro-Espoirs-U21-2021-Les-Bleuets-debutent-par-une-defaite-face-au-Danemark.png","width":800,"height":445,"caption":"Euro Espoirs U21 2021 : Les Bleuets d\u00e9butent par une d\u00e9faite face au Danemark"},{"@type":"BreadcrumbList","@id":"https:\/\/dicodusport.fr\/blog\/euro-espoirs-u21-2021-les-bleuets-debutent-par-une-defaite-face-au-danemark\/#breadcrumb","itemListElement":[{"@type":"ListItem","position":1,"name":"Accueil","item":"https:\/\/dicodusport.fr\/blog\/"},{"@type":"ListItem","position":2,"name":"Euro Espoirs U21 2021 : Les Bleuets d\u00e9butent par une d\u00e9faite face au Danemark"}]},{"@type":"WebSite","@id":"https:\/\/dicodusport.fr\/blog\/#website","url":"https:\/\/dicodusport.fr\/blog\/","name":"Dicodusport","description":"L&#039;encyclop\u00e9die de l&#039;actualit\u00e9 sportive","publisher":{"@id":"https:\/\/dicodusport.fr\/blog\/#organization"},"potentialAction":[{"@type":"SearchAction","target":{"@type":"EntryPoint","urlTemplate":"https:\/\/dicodusport.fr\/blog\/?s={search_term_string}"},"query-input":{"@type":"PropertyValueSpecification","valueRequired":true,"valueName":"search_term_string"}}],"inLanguage":"fr-FR"},{"@type":"NewsMediaOrganization","@id":"https:\/\/dicodusport.fr\/blog\/#organization","name":"Dicodusport","url":"https:\/\/dicodusport.fr\/blog\/","logo":{"@type":"ImageObject","inLanguage":"fr-FR","@id":"https:\/\/dicodusport.fr\/blog\/#\/schema\/logo\/image\/","url":"https:\/\/dicodusport.fr\/blog\/wp-content\/uploads\/2020\/06\/cropped-LOGO-DICODUSPORT-2020-SANS-FOND-SANS-TEXTE.png","contentUrl":"https:\/\/dicodusport.fr\/blog\/wp-content\/uploads\/2020\/06\/cropped-LOGO-DICODUSPORT-2020-SANS-FOND-SANS-TEXTE.png","width":512,"height":512,"caption":"Dicodusport"},"image":{"@id":"https:\/\/dicodusport.fr\/blog\/#\/schema\/logo\/image\/"},"sameAs":["https:\/\/www.facebook.com\/dicodusport","https:\/\/x.com\/dicodusport","https:\/\/www.instagram.com\/dicodusport\/","https:\/\/www.youtube.com\/channel\/UC7V2KZ5sd3htJivAbA4ZG3w"],"description":"Dicodusport est l'encyclop\u00e9die de l'actualit\u00e9 sportive.","email":"bonjour@dicodusport.fr","legalName":"DICODUSPORT","foundingDate":"2018-01-14","vatID":"FR71834470973","taxID":"83447097300043","numberOfEmployees":{"@type":"QuantitativeValue","minValue":"1","maxValue":"10"}},{"@type":"Person","@id":"https:\/\/dicodusport.fr\/blog\/#\/schema\/person\/0f73d157e4670e108e23009fa82f2239","name":"Julien Correia","image":{"@type":"ImageObject","inLanguage":"fr-FR","@id":"https:\/\/dicodusport.fr\/blog\/#\/schema\/person\/image\/","url":"https:\/\/dicodusport.fr\/blog\/wp-content\/uploads\/2021\/05\/Julien-Correia-150x150.jpg","contentUrl":"https:\/\/dicodusport.fr\/blog\/wp-content\/uploads\/2021\/05\/Julien-Correia-150x150.jpg","caption":"Julien Correia"},"description":"Journaliste\/r\u00e9dacteur depuis janvier 2019 - Tomb\u00e9 dans le monde du ballon rond \u00e9tant petit, j\u2019aurais pu devenir pro sans ces foutus ligaments crois\u00e9s. D\u00e9filant sur les champs (mais pas Elys\u00e9es) en 98, j\u2019ai \u00e9t\u00e9 berc\u00e9 par les exploits de Mister George, piqu\u00e9 par la technique du Snake, grandi avec Captain Rai et Ronnie, m\u00fbri avec Pauleta et Edi. Mais Ibracadabra, je suis d\u00e9sormais reconverti en runner\/traileur. Moins rapide que Bolt et moins endurant que Jornet, c\u2019est donc plume \u00e0 la main que je partage les exploits de ces athl\u00e8tes !","sameAs":["https:\/\/www.facebook.com\/julien.correia.52","https:\/\/x.com\/https:\/\/twitter.com\/julienco_psg70"],"url":"https:\/\/dicodusport.fr\/blog\/author\/julien-c\/"}]}},"_links":{"self":[{"href":"https:\/\/dicodusport.fr\/blog\/wp-json\/wp\/v2\/posts\/116492","targetHints":{"allow":["GET"]}}],"collection":[{"href":"https:\/\/dicodusport.fr\/blog\/wp-json\/wp\/v2\/posts"}],"about":[{"href":"https:\/\/dicodusport.fr\/blog\/wp-json\/wp\/v2\/types\/post"}],"author":[{"embeddable":true,"href":"https:\/\/dicodusport.fr\/blog\/wp-json\/wp\/v2\/users\/37"}],"replies":[{"embeddable":true,"href":"https:\/\/dicodusport.fr\/blog\/wp-json\/wp\/v2\/comments?post=116492"}],"version-history":[{"count":0,"href":"https:\/\/dicodusport.fr\/blog\/wp-json\/wp\/v2\/posts\/116492\/revisions"}],"wp:featuredmedia":[{"embeddable":true,"href":"https:\/\/dicodusport.fr\/blog\/wp-json\/wp\/v2\/media\/116499"}],"wp:attachment":[{"href":"https:\/\/dicodusport.fr\/blog\/wp-json\/wp\/v2\/media?parent=116492"}],"wp:term":[{"taxonomy":"category","embeddable":true,"href":"https:\/\/dicodusport.fr\/blog\/wp-json\/wp\/v2\/categories?post=116492"},{"taxonomy":"post_tag","embeddable":true,"href":"https:\/\/dicodusport.fr\/blog\/wp-json\/wp\/v2\/tags?post=116492"}],"curies":[{"name":"wp","href":"https:\/\/api.w.org\/{rel}","templated":true}]}}