{"id":116581,"date":"2021-03-29T10:10:47","date_gmt":"2021-03-29T08:10:47","guid":{"rendered":"https:\/\/dicodusport.fr\/blog\/?p=116581"},"modified":"2021-03-29T13:07:15","modified_gmt":"2021-03-29T11:07:15","slug":"sports-d-hiver-mondiaux-jeunes-et-juniors-releve-francaise-au-rendez-vous","status":"publish","type":"post","link":"https:\/\/dicodusport.fr\/blog\/sports-d-hiver-mondiaux-jeunes-et-juniors-releve-francaise-au-rendez-vous\/","title":{"rendered":"Sports d&rsquo;hiver &#8211; Mondiaux jeunes et juniors : la rel\u00e8ve fran\u00e7aise au rendez-vous"},"content":{"rendered":"<p style=\"text-align: justify;\"><em><b>SPORTS D&rsquo;HIVER &#8211; MONDIAUX JEUNES\/JUNIORS &#8211; Comme les s\u00e9niors, les sportifs en cat\u00e9gories jeunes et juniors ont eu droit \u00e0 leurs Mondiaux. Biathlon, ski nordique, ski alpinisme, t\u00e9l\u00e9mark, snowboard ou m\u00eame bobsleigh, les Fran\u00e7ais \u00e9taient partout. Avec pratiquement 30 m\u00e9dailles mondiales, cela promet un avenir radieux dans les ann\u00e9es \u00e0 venir.<\/b><\/em><\/p>\n<h2 style=\"text-align: justify;\">Une razzia en biathlon<\/h2>\n<p style=\"text-align: justify;\">Organis\u00e9s \u00e0 Obertilliach (Autriche) les Mondiaux jeunes et juniors ont bien r\u00e9ussi \u00e0 nos jeunes biathl\u00e8tes. Apr\u00e8s les quatre individuels, la France comptait 4 m\u00e9dailles. <strong>Jeanne Richard<\/strong> remporte le titre mondial en cat\u00e9gorie jeunes. Dans la m\u00eame cat\u00e9gorie, <strong>Edgar G\u00e9ny<\/strong> s&rsquo;est par\u00e9 d&rsquo;argent. Chez les juniors, <strong>Camille Bened<\/strong> d\u00e9croche l&rsquo;or et <strong>Emilien Claude<\/strong> le bronze. Au top de sa forme, le petit fr\u00e8re de Fabien et Florent, a tout rafl\u00e9 ensuite. Titr\u00e9 sur le sprint, <a href=\"https:\/\/dicodusport.fr\/blog\/mondiaux-juniors-de-biathlon-emilien-claude-champion-du-monde-poursuite-a-obertilliach\/\" target=\"_blank\" rel=\"noopener\">il parviendra le lendemain \u00e0 faire le doubl\u00e9 en poursuite<\/a>. Deuxi\u00e8me derri\u00e8re Emilien Claude, <strong>Eric Perrot<\/strong> prend la m\u00e9daille d&rsquo;argent et offre un doubl\u00e9 \u00e0 la France.<\/p>\n<blockquote class=\"twitter-tweet\">\n<p dir=\"ltr\" lang=\"fr\">DOUBLE COCORICO ! &#x1f1eb;&#x1f1f7;<\/p>\n<p>\u00c9milien Claude double la mise en remportant le titre mondial juniors de la poursuite, devant \u00c9ric Perrot ! &#x1f929; <a href=\"https:\/\/twitter.com\/hashtag\/YJWCH21?src=hash&amp;ref_src=twsrc%5Etfw\">#YJWCH21<\/a><\/p>\n<p>\u2014 Dicodusport &#x2b50;&#x2b50; (@dicodusport) <a href=\"https:\/\/twitter.com\/dicodusport\/status\/1367122036313759747?ref_src=twsrc%5Etfw\">March 3, 2021<\/a><\/p><\/blockquote>\n<p><script async src=\"https:\/\/platform.twitter.com\/widgets.js\" charset=\"utf-8\"><\/script><\/p>\n<p style=\"text-align: justify;\">En relais, les Tricolore ont \u00e9cras\u00e9 la concurrence. Les relais f\u00e9minins ont remport\u00e9 les deux titres. <strong>Fany Bertrand, Jeanne Richard<\/strong> et <strong>Maya Cloetens <\/strong>chez les jeunes et <strong>Paula Botet<\/strong>, <strong>Eve Bouvard<\/strong>, <strong>Sophie Chauveau<\/strong> et <strong>Camille Bened<\/strong> chez les juniors. Les hommes ne sont pas en reste. Le relais jeune compos\u00e9 d&rsquo;<strong>Edgar G\u00e9ny<\/strong>, <strong>Mathieu Garcia<\/strong> et <strong>Valentin Lejeune<\/strong> est vice-champion du monde. Le relais juniors est lui champion du monde avec <strong>Oscar Lombardot<\/strong>, <strong>S\u00e9bastien Mahon<\/strong>, <strong>Eric Perrot<\/strong> et <strong>Emilien Claude<\/strong>. Un total de 11 m\u00e9dailles pour 7 titres et une premi\u00e8re place au classement des nations. Royal !<\/p>\n<h2 style=\"text-align: justify;\">Le t\u00e9l\u00e9mark monte en puissance<\/h2>\n<p style=\"text-align: justify;\">\u00c0 la fronti\u00e8re entre le ski de randonn\u00e9e et le ski alpin, le t\u00e9l\u00e9mark est encore une discipline m\u00e9connue. Cette ann\u00e9e, c&rsquo;est Melchsee-Frutt en Suisse qui organisait les Mondiaux. D\u00e8s les sprints, les Fran\u00e7ais se sont illustr\u00e9s. <strong>Camille Bourbon<\/strong> est vice-championne du monde du sprint chez les femmes. Les Fran\u00e7ais, eux, signent un doubl\u00e9.<a href=\"https:\/\/dicodusport.fr\/blog\/mondiaux-de-telemark-alexis-page-champion-du-monde-juniors\/\" target=\"_blank\" rel=\"noopener\"><strong> Yoann Rostolan\u00a0<\/strong>m\u00e9daill\u00e9 d&rsquo;argent est devanc\u00e9 par un certain <strong>Alexis Page <\/strong>pour le titre de champion du monde<\/a>. Ces deux derniers \u00e9taient oppos\u00e9s en petite finale du sprint parall\u00e8le, la m\u00e9daille de bronze est finalement revenue \u00e0 Yoann Rostolan. Lors de l&rsquo;\u00e9preuve classique, c&rsquo;est cette fois <strong>Charly Petex<\/strong> qui a fait retentir la Marseillaise pour le second titre individuel. Seule \u00e9preuve mixte, le Team Event a vu la France s&rsquo;imposer. L&rsquo;\u00e9quipe compos\u00e9e d&rsquo;<strong>Ilo\u00e9e Ravanel<\/strong>, <strong>Yoann Rostolan<\/strong>, <strong>Alexis Page<\/strong>, <strong>Camille Bourbon<\/strong> et <strong>Melvyn Rey <\/strong>a devanc\u00e9 la Norv\u00e8ge et la Suisse. Le bilan est de 6 m\u00e9dailles dont 3 titres. Solide !<\/p>\n<blockquote class=\"twitter-tweet\">\n<p dir=\"ltr\" lang=\"fr\">Premier titre mondial pour l&rsquo;\u00e9quipe de France aux Mondiaux de t\u00e9l\u00e9mark &#x1f4aa;&#x1f1eb;&#x1f1f7;&#x1f947;<a href=\"https:\/\/t.co\/Mel4TfUhVa\">https:\/\/t.co\/Mel4TfUhVa<\/a><\/p>\n<p>\u2014 Dicodusport &#x2b50;&#x2b50; (@dicodusport) <a href=\"https:\/\/twitter.com\/dicodusport\/status\/1372585605977231367?ref_src=twsrc%5Etfw\">March 18, 2021<\/a><\/p><\/blockquote>\n<p><script async src=\"https:\/\/platform.twitter.com\/widgets.js\" charset=\"utf-8\"><\/script><\/p>\n<h2>6 m\u00e9dailles en ski alpinisme<\/h2>\n<p style=\"text-align: justify;\">Discipline domin\u00e9e par la France, la Suisse et l&rsquo;Italie, ces trois pays ont trust\u00e9 les premi\u00e8res places lors des Mondiaux jeunes en Andorre. Du c\u00f4t\u00e9 tricolore, <strong>Louise Trincaz<\/strong> remporte trois m\u00e9dailles \u00e0 elle seule. Dans sa cat\u00e9gorie U18, elle devient championne du monde du sprint. Sur l&rsquo;\u00e9preuve de course verticale, elle monte une nouvelle fois sur le podium en prenant la m\u00e9daille de bronze. Pour la derni\u00e8re course, elle d\u00e9croche le m\u00e9tal qui lui manquait \u00e0 savoir l&rsquo;argent en course individuelle. Ses co\u00e9quipiers ont \u00e9galement brill\u00e9. <strong>No\u00e9 Rogier<\/strong> remporte le titre mondial U20 du sprint. <strong>Julien Bernaz <\/strong>remporte la m\u00e9daille de bronze de la course verticale U23 et <strong>Marie Pollet-Villard <\/strong>est elle aussi en bronze sur l&rsquo;individuel U23.<\/p>\n<h2>Mais aussi&#8230;<\/h2>\n<p style=\"text-align: justify;\">En retrait au haut niveau mondial, les jeunes Fran\u00e7ais ont fait leur place en ski nordique. La France repart avec 3 m\u00e9dailles des Mondiaux organis\u00e9s \u00e0 Lahti (Finlande). En combin\u00e9 nordique, <strong>Matt\u00e9o Baud<\/strong> devient vice-champion du monde juniors, un an apr\u00e8s l&rsquo;argent par \u00e9quipes. En saut \u00e0 ski, <strong>Jos\u00e9phine Pagnier<\/strong> remporte le m\u00eame m\u00e9tal en cat\u00e9gorie juniors. La troisi\u00e8me m\u00e9daille vient du ski de fond : <strong>Hugo Lapalus<\/strong> a encore un peu plus \u00e9toff\u00e9 son palmar\u00e8s. Il d\u00e9croche le titre de champion du monde U23 du 15 km style libre.<\/p>\n<p style=\"text-align: justify;\">Sur le site de Krasnoyarsk (Russie), la snowboardeuse <strong>Margaux Herpin<\/strong> fait coup double. Elle remporte d&rsquo;abord la m\u00e9daille d&rsquo;argent de l&rsquo;\u00e9preuve de snowboardcross f\u00e9minine. Le lendemain, associ\u00e9e \u00e0 son fr\u00e8re <strong>Guillaume Herpin<\/strong>, elle devient vice-championne du monde par \u00e9quipes mixtes.<\/p>\n<p style=\"text-align: justify;\">Peut-\u00eatre le plus gros exploit de l&rsquo;hiver, la m\u00e9daille la plus inattendue nous vient du&#8230; bobsleigh ! Lors des championnats du monde U23 organis\u00e9s \u00e0 Saint-Moritz (Suisse), un duo f\u00e9minin fran\u00e7ais s&rsquo;est par\u00e9 d&rsquo;or. <strong>Margot Boch <\/strong>(pilote) et <strong>Madison Stringer <\/strong>sont les premi\u00e8res Fran\u00e7aises \u00e0 r\u00e9aliser pareil exploit.<\/p>\n<p style=\"text-align: justify;\">Au terme de cet hiver 2021, les jeunes sportifs fran\u00e7ais ont remport\u00e9 14 m\u00e9dailles d&rsquo;or, 11 m\u00e9dailles d&rsquo;argent et 4 m\u00e9dailles de bronze lors des Mondiaux jeunes et juniors.<\/p>\n<p><strong><em>Maxime Boulard<br \/>\n<a href=\"https:\/\/www.facebook.com\/Max.Bld2\/\" target=\"_blank\" rel=\"noopener noreferrer\"><img loading=\"lazy\" decoding=\"async\" class=\"alignnone wp-image-2909 jetpack-lazy-image jetpack-lazy-image--handled\" src=\"https:\/\/i2.wp.com\/dicodusport.fr\/blog\/wp-content\/uploads\/2017\/07\/logo-facebook-150x150.png?resize=40%2C40\" alt=\"\" width=\"40\" height=\"40\" data-lazy-loaded=\"1\" \/><\/a><a href=\"https:\/\/twitter.com\/MaximeB_2\" target=\"_blank\" rel=\"noopener noreferrer\"><img loading=\"lazy\" decoding=\"async\" class=\"alignnone wp-image-2908 jetpack-lazy-image jetpack-lazy-image--handled\" src=\"https:\/\/i1.wp.com\/dicodusport.fr\/blog\/wp-content\/uploads\/2017\/07\/logo-twitter-150x150.png?resize=39%2C39\" alt=\"\" width=\"39\" height=\"39\" data-lazy-loaded=\"1\" \/><\/a><\/em><\/strong><\/p>\n","protected":false},"excerpt":{"rendered":"<p>SPORTS D&rsquo;HIVER &#8211; MONDIAUX JEUNES\/JUNIORS &#8211; Comme les s\u00e9niors, les sportifs en cat\u00e9gories jeunes et juniors ont eu droit \u00e0 leurs Mondiaux. Biathlon, ski nordique, ski alpinisme, t\u00e9l\u00e9mark, snowboard ou m\u00eame bobsleigh, les Fran\u00e7ais \u00e9taient partout. Avec pratiquement 30 m\u00e9dailles mondiales, cela promet un avenir radieux dans les ann\u00e9es \u00e0 venir.<\/p>\n","protected":false},"author":43,"featured_media":110432,"comment_status":"open","ping_status":"closed","sticky":false,"template":"","format":"standard","meta":{"_acf_changed":false,"_daextam_enable_autolinks":"","footnotes":""},"categories":[2313],"tags":[2427,2800,3040,4230,4153,1513,675],"class_list":["post-116581","post","type-post","status-publish","format-standard","has-post-thumbnail","hentry","category-sports-dhiver","tag-biathlon","tag-bobsleigh","tag-championnats-du-monde","tag-ski-alpinisme","tag-ski-nordique","tag-sports-dhiver","tag-telemark"],"acf":[],"yoast_head":"<!-- This site is optimized with the Yoast SEO Premium plugin v26.7 (Yoast SEO v26.7) - https:\/\/yoast.com\/wordpress\/plugins\/seo\/ -->\n<title>Sports d&#039;hiver - Mondiaux jeunes et juniors : la rel\u00e8ve fran\u00e7aise au rendez-vous<\/title>\n<meta name=\"description\" content=\"SPORTS D&#039;HIVER - MONDIAUX JEUNES\/JUNIORS - Comme les s\u00e9niors, les sportifs en cat\u00e9gories jeunes et juniors ont eu droit \u00e0 leurs Mondiaux.\" \/>\n<meta name=\"robots\" content=\"index, follow, max-snippet:-1, max-image-preview:large, max-video-preview:-1\" \/>\n<link rel=\"canonical\" href=\"https:\/\/dicodusport.fr\/blog\/sports-d-hiver-mondiaux-jeunes-et-juniors-releve-francaise-au-rendez-vous\/\" \/>\n<meta property=\"og:locale\" content=\"fr_FR\" \/>\n<meta property=\"og:type\" content=\"article\" \/>\n<meta property=\"og:title\" content=\"Sports d&#039;hiver - Mondiaux jeunes et juniors : la rel\u00e8ve fran\u00e7aise au rendez-vous\" \/>\n<meta property=\"og:description\" content=\"SPORTS D&#039;HIVER - MONDIAUX JEUNES\/JUNIORS - Comme les s\u00e9niors, les sportifs en cat\u00e9gories jeunes et juniors ont eu droit \u00e0 leurs Mondiaux.\" \/>\n<meta property=\"og:url\" content=\"https:\/\/dicodusport.fr\/blog\/sports-d-hiver-mondiaux-jeunes-et-juniors-releve-francaise-au-rendez-vous\/\" \/>\n<meta property=\"og:site_name\" content=\"Dicodusport\" \/>\n<meta property=\"article:publisher\" content=\"https:\/\/www.facebook.com\/dicodusport\" \/>\n<meta property=\"article:author\" content=\"https:\/\/www.facebook.com\/Max.Bld2\/\" \/>\n<meta property=\"article:published_time\" content=\"2021-03-29T08:10:47+00:00\" \/>\n<meta property=\"article:modified_time\" content=\"2021-03-29T11:07:15+00:00\" \/>\n<meta property=\"og:image\" content=\"https:\/\/dicodusport.fr\/blog\/wp-content\/uploads\/2021\/03\/Mondiaux-juniors-de-biathlon-Emilien-Claude-champion-du-monde-du-sprint-a-Obertilliach.png\" \/>\n\t<meta property=\"og:image:width\" content=\"800\" \/>\n\t<meta property=\"og:image:height\" content=\"445\" \/>\n\t<meta property=\"og:image:type\" content=\"image\/png\" \/>\n<meta name=\"author\" content=\"Maxime Boulard\" \/>\n<meta name=\"twitter:card\" content=\"summary_large_image\" \/>\n<meta name=\"twitter:title\" content=\"Sports d&#039;hiver - Mondiaux jeunes et juniors : la rel\u00e8ve fran\u00e7aise au rendez-vous\" \/>\n<meta name=\"twitter:creator\" content=\"@https:\/\/twitter.com\/MaximeB_2\" \/>\n<meta name=\"twitter:site\" content=\"@dicodusport\" \/>\n<script type=\"application\/ld+json\" class=\"yoast-schema-graph\">{\"@context\":\"https:\/\/schema.org\",\"@graph\":[{\"@type\":\"NewsArticle\",\"@id\":\"https:\/\/dicodusport.fr\/blog\/sports-d-hiver-mondiaux-jeunes-et-juniors-releve-francaise-au-rendez-vous\/#article\",\"isPartOf\":{\"@id\":\"https:\/\/dicodusport.fr\/blog\/sports-d-hiver-mondiaux-jeunes-et-juniors-releve-francaise-au-rendez-vous\/\"},\"author\":{\"name\":\"Maxime Boulard\",\"@id\":\"https:\/\/dicodusport.fr\/blog\/#\/schema\/person\/5aab10ee856e86ac63e9819a9da34784\"},\"headline\":\"Sports d&rsquo;hiver &#8211; Mondiaux jeunes et juniors : la rel\u00e8ve fran\u00e7aise au rendez-vous\",\"datePublished\":\"2021-03-29T08:10:47+00:00\",\"dateModified\":\"2021-03-29T11:07:15+00:00\",\"mainEntityOfPage\":{\"@id\":\"https:\/\/dicodusport.fr\/blog\/sports-d-hiver-mondiaux-jeunes-et-juniors-releve-francaise-au-rendez-vous\/\"},\"wordCount\":918,\"commentCount\":0,\"publisher\":{\"@id\":\"https:\/\/dicodusport.fr\/blog\/#organization\"},\"image\":{\"@id\":\"https:\/\/dicodusport.fr\/blog\/sports-d-hiver-mondiaux-jeunes-et-juniors-releve-francaise-au-rendez-vous\/#primaryimage\"},\"thumbnailUrl\":\"https:\/\/dicodusport.fr\/blog\/wp-content\/uploads\/2021\/03\/Mondiaux-juniors-de-biathlon-Emilien-Claude-champion-du-monde-du-sprint-a-Obertilliach.png\",\"keywords\":[\"Biathlon\",\"bobsleigh\",\"Championnats du Monde\",\"Ski alpinisme\",\"ski nordique\",\"sports d'hiver\",\"T\u00e9l\u00e9mark\"],\"articleSection\":[\"Sports d'hiver\"],\"inLanguage\":\"fr-FR\",\"potentialAction\":[{\"@type\":\"CommentAction\",\"name\":\"Comment\",\"target\":[\"https:\/\/dicodusport.fr\/blog\/sports-d-hiver-mondiaux-jeunes-et-juniors-releve-francaise-au-rendez-vous\/#respond\"]}],\"copyrightYear\":\"2021\",\"copyrightHolder\":{\"@id\":\"https:\/\/dicodusport.fr\/blog\/#organization\"}},{\"@type\":\"WebPage\",\"@id\":\"https:\/\/dicodusport.fr\/blog\/sports-d-hiver-mondiaux-jeunes-et-juniors-releve-francaise-au-rendez-vous\/\",\"url\":\"https:\/\/dicodusport.fr\/blog\/sports-d-hiver-mondiaux-jeunes-et-juniors-releve-francaise-au-rendez-vous\/\",\"name\":\"Sports d'hiver - Mondiaux jeunes et juniors : la rel\u00e8ve fran\u00e7aise au rendez-vous\",\"isPartOf\":{\"@id\":\"https:\/\/dicodusport.fr\/blog\/#website\"},\"primaryImageOfPage\":{\"@id\":\"https:\/\/dicodusport.fr\/blog\/sports-d-hiver-mondiaux-jeunes-et-juniors-releve-francaise-au-rendez-vous\/#primaryimage\"},\"image\":{\"@id\":\"https:\/\/dicodusport.fr\/blog\/sports-d-hiver-mondiaux-jeunes-et-juniors-releve-francaise-au-rendez-vous\/#primaryimage\"},\"thumbnailUrl\":\"https:\/\/dicodusport.fr\/blog\/wp-content\/uploads\/2021\/03\/Mondiaux-juniors-de-biathlon-Emilien-Claude-champion-du-monde-du-sprint-a-Obertilliach.png\",\"datePublished\":\"2021-03-29T08:10:47+00:00\",\"dateModified\":\"2021-03-29T11:07:15+00:00\",\"description\":\"SPORTS D'HIVER - MONDIAUX JEUNES\/JUNIORS - Comme les s\u00e9niors, les sportifs en cat\u00e9gories jeunes et juniors ont eu droit \u00e0 leurs Mondiaux.\",\"breadcrumb\":{\"@id\":\"https:\/\/dicodusport.fr\/blog\/sports-d-hiver-mondiaux-jeunes-et-juniors-releve-francaise-au-rendez-vous\/#breadcrumb\"},\"inLanguage\":\"fr-FR\",\"potentialAction\":[{\"@type\":\"ReadAction\",\"target\":[\"https:\/\/dicodusport.fr\/blog\/sports-d-hiver-mondiaux-jeunes-et-juniors-releve-francaise-au-rendez-vous\/\"]}]},{\"@type\":\"ImageObject\",\"inLanguage\":\"fr-FR\",\"@id\":\"https:\/\/dicodusport.fr\/blog\/sports-d-hiver-mondiaux-jeunes-et-juniors-releve-francaise-au-rendez-vous\/#primaryimage\",\"url\":\"https:\/\/dicodusport.fr\/blog\/wp-content\/uploads\/2021\/03\/Mondiaux-juniors-de-biathlon-Emilien-Claude-champion-du-monde-du-sprint-a-Obertilliach.png\",\"contentUrl\":\"https:\/\/dicodusport.fr\/blog\/wp-content\/uploads\/2021\/03\/Mondiaux-juniors-de-biathlon-Emilien-Claude-champion-du-monde-du-sprint-a-Obertilliach.png\",\"width\":800,\"height\":445,\"caption\":\"Sports d'hiver - Mondiaux jeunes et juniors : la rel\u00e8ve fran\u00e7aise au rendez-vous\"},{\"@type\":\"BreadcrumbList\",\"@id\":\"https:\/\/dicodusport.fr\/blog\/sports-d-hiver-mondiaux-jeunes-et-juniors-releve-francaise-au-rendez-vous\/#breadcrumb\",\"itemListElement\":[{\"@type\":\"ListItem\",\"position\":1,\"name\":\"Accueil\",\"item\":\"https:\/\/dicodusport.fr\/blog\/\"},{\"@type\":\"ListItem\",\"position\":2,\"name\":\"Sports d&rsquo;hiver &#8211; Mondiaux jeunes et juniors : la rel\u00e8ve fran\u00e7aise au rendez-vous\"}]},{\"@type\":\"WebSite\",\"@id\":\"https:\/\/dicodusport.fr\/blog\/#website\",\"url\":\"https:\/\/dicodusport.fr\/blog\/\",\"name\":\"Dicodusport\",\"description\":\"L&#039;encyclop\u00e9die de l&#039;actualit\u00e9 sportive\",\"publisher\":{\"@id\":\"https:\/\/dicodusport.fr\/blog\/#organization\"},\"potentialAction\":[{\"@type\":\"SearchAction\",\"target\":{\"@type\":\"EntryPoint\",\"urlTemplate\":\"https:\/\/dicodusport.fr\/blog\/?s={search_term_string}\"},\"query-input\":{\"@type\":\"PropertyValueSpecification\",\"valueRequired\":true,\"valueName\":\"search_term_string\"}}],\"inLanguage\":\"fr-FR\"},{\"@type\":\"NewsMediaOrganization\",\"@id\":\"https:\/\/dicodusport.fr\/blog\/#organization\",\"name\":\"Dicodusport\",\"url\":\"https:\/\/dicodusport.fr\/blog\/\",\"logo\":{\"@type\":\"ImageObject\",\"inLanguage\":\"fr-FR\",\"@id\":\"https:\/\/dicodusport.fr\/blog\/#\/schema\/logo\/image\/\",\"url\":\"https:\/\/dicodusport.fr\/blog\/wp-content\/uploads\/2020\/06\/cropped-LOGO-DICODUSPORT-2020-SANS-FOND-SANS-TEXTE.png\",\"contentUrl\":\"https:\/\/dicodusport.fr\/blog\/wp-content\/uploads\/2020\/06\/cropped-LOGO-DICODUSPORT-2020-SANS-FOND-SANS-TEXTE.png\",\"width\":512,\"height\":512,\"caption\":\"Dicodusport\"},\"image\":{\"@id\":\"https:\/\/dicodusport.fr\/blog\/#\/schema\/logo\/image\/\"},\"sameAs\":[\"https:\/\/www.facebook.com\/dicodusport\",\"https:\/\/x.com\/dicodusport\",\"https:\/\/www.instagram.com\/dicodusport\/\",\"https:\/\/www.youtube.com\/channel\/UC7V2KZ5sd3htJivAbA4ZG3w\"],\"description\":\"Dicodusport est l'encyclop\u00e9die de l'actualit\u00e9 sportive.\",\"email\":\"bonjour@dicodusport.fr\",\"legalName\":\"DICODUSPORT\",\"foundingDate\":\"2018-01-14\",\"vatID\":\"FR71834470973\",\"taxID\":\"83447097300043\",\"numberOfEmployees\":{\"@type\":\"QuantitativeValue\",\"minValue\":\"1\",\"maxValue\":\"10\"}},{\"@type\":\"Person\",\"@id\":\"https:\/\/dicodusport.fr\/blog\/#\/schema\/person\/5aab10ee856e86ac63e9819a9da34784\",\"name\":\"Maxime Boulard\",\"image\":{\"@type\":\"ImageObject\",\"inLanguage\":\"fr-FR\",\"@id\":\"https:\/\/dicodusport.fr\/blog\/#\/schema\/person\/image\/\",\"url\":\"https:\/\/dicodusport.fr\/blog\/wp-content\/uploads\/2021\/05\/Maxime-Boulard-150x150.jpg\",\"contentUrl\":\"https:\/\/dicodusport.fr\/blog\/wp-content\/uploads\/2021\/05\/Maxime-Boulard-150x150.jpg\",\"caption\":\"Maxime Boulard\"},\"description\":\"Journaliste\/r\u00e9dacteur depuis octobre 2020 - Si mon plus vieux souvenir de sport aurait pu m'en d\u00e9go\u00fbter, la finale de la Coupe du monde 2006 a \u00e9t\u00e9 tout le contraire. V\u00e9ritable d\u00e9clencheur d'une passion qui aujourd'hui ne fait que grandir avec le temps, mon leitmotiv est la France qui brille ! Je relate les exploits pass\u00e9s et pr\u00e9sents du sport bleu-blanc-rouge sans m\u00e9nagement depuis octobre 2020. Sport valide ou handisport, aucune diff\u00e9rence, il n'y a que du sport et plusieurs fa\u00e7ons de le pratiquer.\",\"sameAs\":[\"https:\/\/www.facebook.com\/Max.Bld2\/\",\"https:\/\/x.com\/https:\/\/twitter.com\/MaximeB_2\"],\"url\":\"https:\/\/dicodusport.fr\/blog\/author\/maxime-b\/\"}]}<\/script>\n<!-- \/ Yoast SEO Premium plugin. -->","yoast_head_json":{"title":"Sports d'hiver - Mondiaux jeunes et juniors : la rel\u00e8ve fran\u00e7aise au rendez-vous","description":"SPORTS D'HIVER - MONDIAUX JEUNES\/JUNIORS - Comme les s\u00e9niors, les sportifs en cat\u00e9gories jeunes et juniors ont eu droit \u00e0 leurs Mondiaux.","robots":{"index":"index","follow":"follow","max-snippet":"max-snippet:-1","max-image-preview":"max-image-preview:large","max-video-preview":"max-video-preview:-1"},"canonical":"https:\/\/dicodusport.fr\/blog\/sports-d-hiver-mondiaux-jeunes-et-juniors-releve-francaise-au-rendez-vous\/","og_locale":"fr_FR","og_type":"article","og_title":"Sports d'hiver - Mondiaux jeunes et juniors : la rel\u00e8ve fran\u00e7aise au rendez-vous","og_description":"SPORTS D'HIVER - MONDIAUX JEUNES\/JUNIORS - Comme les s\u00e9niors, les sportifs en cat\u00e9gories jeunes et juniors ont eu droit \u00e0 leurs Mondiaux.","og_url":"https:\/\/dicodusport.fr\/blog\/sports-d-hiver-mondiaux-jeunes-et-juniors-releve-francaise-au-rendez-vous\/","og_site_name":"Dicodusport","article_publisher":"https:\/\/www.facebook.com\/dicodusport","article_author":"https:\/\/www.facebook.com\/Max.Bld2\/","article_published_time":"2021-03-29T08:10:47+00:00","article_modified_time":"2021-03-29T11:07:15+00:00","og_image":[{"width":800,"height":445,"url":"https:\/\/dicodusport.fr\/blog\/wp-content\/uploads\/2021\/03\/Mondiaux-juniors-de-biathlon-Emilien-Claude-champion-du-monde-du-sprint-a-Obertilliach.png","type":"image\/png"}],"author":"Maxime Boulard","twitter_card":"summary_large_image","twitter_title":"Sports d'hiver - Mondiaux jeunes et juniors : la rel\u00e8ve fran\u00e7aise au rendez-vous","twitter_creator":"@https:\/\/twitter.com\/MaximeB_2","twitter_site":"@dicodusport","schema":{"@context":"https:\/\/schema.org","@graph":[{"@type":"NewsArticle","@id":"https:\/\/dicodusport.fr\/blog\/sports-d-hiver-mondiaux-jeunes-et-juniors-releve-francaise-au-rendez-vous\/#article","isPartOf":{"@id":"https:\/\/dicodusport.fr\/blog\/sports-d-hiver-mondiaux-jeunes-et-juniors-releve-francaise-au-rendez-vous\/"},"author":{"name":"Maxime Boulard","@id":"https:\/\/dicodusport.fr\/blog\/#\/schema\/person\/5aab10ee856e86ac63e9819a9da34784"},"headline":"Sports d&rsquo;hiver &#8211; Mondiaux jeunes et juniors : la rel\u00e8ve fran\u00e7aise au rendez-vous","datePublished":"2021-03-29T08:10:47+00:00","dateModified":"2021-03-29T11:07:15+00:00","mainEntityOfPage":{"@id":"https:\/\/dicodusport.fr\/blog\/sports-d-hiver-mondiaux-jeunes-et-juniors-releve-francaise-au-rendez-vous\/"},"wordCount":918,"commentCount":0,"publisher":{"@id":"https:\/\/dicodusport.fr\/blog\/#organization"},"image":{"@id":"https:\/\/dicodusport.fr\/blog\/sports-d-hiver-mondiaux-jeunes-et-juniors-releve-francaise-au-rendez-vous\/#primaryimage"},"thumbnailUrl":"https:\/\/dicodusport.fr\/blog\/wp-content\/uploads\/2021\/03\/Mondiaux-juniors-de-biathlon-Emilien-Claude-champion-du-monde-du-sprint-a-Obertilliach.png","keywords":["Biathlon","bobsleigh","Championnats du Monde","Ski alpinisme","ski nordique","sports d'hiver","T\u00e9l\u00e9mark"],"articleSection":["Sports d'hiver"],"inLanguage":"fr-FR","potentialAction":[{"@type":"CommentAction","name":"Comment","target":["https:\/\/dicodusport.fr\/blog\/sports-d-hiver-mondiaux-jeunes-et-juniors-releve-francaise-au-rendez-vous\/#respond"]}],"copyrightYear":"2021","copyrightHolder":{"@id":"https:\/\/dicodusport.fr\/blog\/#organization"}},{"@type":"WebPage","@id":"https:\/\/dicodusport.fr\/blog\/sports-d-hiver-mondiaux-jeunes-et-juniors-releve-francaise-au-rendez-vous\/","url":"https:\/\/dicodusport.fr\/blog\/sports-d-hiver-mondiaux-jeunes-et-juniors-releve-francaise-au-rendez-vous\/","name":"Sports d'hiver - Mondiaux jeunes et juniors : la rel\u00e8ve fran\u00e7aise au rendez-vous","isPartOf":{"@id":"https:\/\/dicodusport.fr\/blog\/#website"},"primaryImageOfPage":{"@id":"https:\/\/dicodusport.fr\/blog\/sports-d-hiver-mondiaux-jeunes-et-juniors-releve-francaise-au-rendez-vous\/#primaryimage"},"image":{"@id":"https:\/\/dicodusport.fr\/blog\/sports-d-hiver-mondiaux-jeunes-et-juniors-releve-francaise-au-rendez-vous\/#primaryimage"},"thumbnailUrl":"https:\/\/dicodusport.fr\/blog\/wp-content\/uploads\/2021\/03\/Mondiaux-juniors-de-biathlon-Emilien-Claude-champion-du-monde-du-sprint-a-Obertilliach.png","datePublished":"2021-03-29T08:10:47+00:00","dateModified":"2021-03-29T11:07:15+00:00","description":"SPORTS D'HIVER - MONDIAUX JEUNES\/JUNIORS - Comme les s\u00e9niors, les sportifs en cat\u00e9gories jeunes et juniors ont eu droit \u00e0 leurs Mondiaux.","breadcrumb":{"@id":"https:\/\/dicodusport.fr\/blog\/sports-d-hiver-mondiaux-jeunes-et-juniors-releve-francaise-au-rendez-vous\/#breadcrumb"},"inLanguage":"fr-FR","potentialAction":[{"@type":"ReadAction","target":["https:\/\/dicodusport.fr\/blog\/sports-d-hiver-mondiaux-jeunes-et-juniors-releve-francaise-au-rendez-vous\/"]}]},{"@type":"ImageObject","inLanguage":"fr-FR","@id":"https:\/\/dicodusport.fr\/blog\/sports-d-hiver-mondiaux-jeunes-et-juniors-releve-francaise-au-rendez-vous\/#primaryimage","url":"https:\/\/dicodusport.fr\/blog\/wp-content\/uploads\/2021\/03\/Mondiaux-juniors-de-biathlon-Emilien-Claude-champion-du-monde-du-sprint-a-Obertilliach.png","contentUrl":"https:\/\/dicodusport.fr\/blog\/wp-content\/uploads\/2021\/03\/Mondiaux-juniors-de-biathlon-Emilien-Claude-champion-du-monde-du-sprint-a-Obertilliach.png","width":800,"height":445,"caption":"Sports d'hiver - Mondiaux jeunes et juniors : la rel\u00e8ve fran\u00e7aise au rendez-vous"},{"@type":"BreadcrumbList","@id":"https:\/\/dicodusport.fr\/blog\/sports-d-hiver-mondiaux-jeunes-et-juniors-releve-francaise-au-rendez-vous\/#breadcrumb","itemListElement":[{"@type":"ListItem","position":1,"name":"Accueil","item":"https:\/\/dicodusport.fr\/blog\/"},{"@type":"ListItem","position":2,"name":"Sports d&rsquo;hiver &#8211; Mondiaux jeunes et juniors : la rel\u00e8ve fran\u00e7aise au rendez-vous"}]},{"@type":"WebSite","@id":"https:\/\/dicodusport.fr\/blog\/#website","url":"https:\/\/dicodusport.fr\/blog\/","name":"Dicodusport","description":"L&#039;encyclop\u00e9die de l&#039;actualit\u00e9 sportive","publisher":{"@id":"https:\/\/dicodusport.fr\/blog\/#organization"},"potentialAction":[{"@type":"SearchAction","target":{"@type":"EntryPoint","urlTemplate":"https:\/\/dicodusport.fr\/blog\/?s={search_term_string}"},"query-input":{"@type":"PropertyValueSpecification","valueRequired":true,"valueName":"search_term_string"}}],"inLanguage":"fr-FR"},{"@type":"NewsMediaOrganization","@id":"https:\/\/dicodusport.fr\/blog\/#organization","name":"Dicodusport","url":"https:\/\/dicodusport.fr\/blog\/","logo":{"@type":"ImageObject","inLanguage":"fr-FR","@id":"https:\/\/dicodusport.fr\/blog\/#\/schema\/logo\/image\/","url":"https:\/\/dicodusport.fr\/blog\/wp-content\/uploads\/2020\/06\/cropped-LOGO-DICODUSPORT-2020-SANS-FOND-SANS-TEXTE.png","contentUrl":"https:\/\/dicodusport.fr\/blog\/wp-content\/uploads\/2020\/06\/cropped-LOGO-DICODUSPORT-2020-SANS-FOND-SANS-TEXTE.png","width":512,"height":512,"caption":"Dicodusport"},"image":{"@id":"https:\/\/dicodusport.fr\/blog\/#\/schema\/logo\/image\/"},"sameAs":["https:\/\/www.facebook.com\/dicodusport","https:\/\/x.com\/dicodusport","https:\/\/www.instagram.com\/dicodusport\/","https:\/\/www.youtube.com\/channel\/UC7V2KZ5sd3htJivAbA4ZG3w"],"description":"Dicodusport est l'encyclop\u00e9die de l'actualit\u00e9 sportive.","email":"bonjour@dicodusport.fr","legalName":"DICODUSPORT","foundingDate":"2018-01-14","vatID":"FR71834470973","taxID":"83447097300043","numberOfEmployees":{"@type":"QuantitativeValue","minValue":"1","maxValue":"10"}},{"@type":"Person","@id":"https:\/\/dicodusport.fr\/blog\/#\/schema\/person\/5aab10ee856e86ac63e9819a9da34784","name":"Maxime Boulard","image":{"@type":"ImageObject","inLanguage":"fr-FR","@id":"https:\/\/dicodusport.fr\/blog\/#\/schema\/person\/image\/","url":"https:\/\/dicodusport.fr\/blog\/wp-content\/uploads\/2021\/05\/Maxime-Boulard-150x150.jpg","contentUrl":"https:\/\/dicodusport.fr\/blog\/wp-content\/uploads\/2021\/05\/Maxime-Boulard-150x150.jpg","caption":"Maxime Boulard"},"description":"Journaliste\/r\u00e9dacteur depuis octobre 2020 - Si mon plus vieux souvenir de sport aurait pu m'en d\u00e9go\u00fbter, la finale de la Coupe du monde 2006 a \u00e9t\u00e9 tout le contraire. V\u00e9ritable d\u00e9clencheur d'une passion qui aujourd'hui ne fait que grandir avec le temps, mon leitmotiv est la France qui brille ! Je relate les exploits pass\u00e9s et pr\u00e9sents du sport bleu-blanc-rouge sans m\u00e9nagement depuis octobre 2020. Sport valide ou handisport, aucune diff\u00e9rence, il n'y a que du sport et plusieurs fa\u00e7ons de le pratiquer.","sameAs":["https:\/\/www.facebook.com\/Max.Bld2\/","https:\/\/x.com\/https:\/\/twitter.com\/MaximeB_2"],"url":"https:\/\/dicodusport.fr\/blog\/author\/maxime-b\/"}]}},"_links":{"self":[{"href":"https:\/\/dicodusport.fr\/blog\/wp-json\/wp\/v2\/posts\/116581","targetHints":{"allow":["GET"]}}],"collection":[{"href":"https:\/\/dicodusport.fr\/blog\/wp-json\/wp\/v2\/posts"}],"about":[{"href":"https:\/\/dicodusport.fr\/blog\/wp-json\/wp\/v2\/types\/post"}],"author":[{"embeddable":true,"href":"https:\/\/dicodusport.fr\/blog\/wp-json\/wp\/v2\/users\/43"}],"replies":[{"embeddable":true,"href":"https:\/\/dicodusport.fr\/blog\/wp-json\/wp\/v2\/comments?post=116581"}],"version-history":[{"count":0,"href":"https:\/\/dicodusport.fr\/blog\/wp-json\/wp\/v2\/posts\/116581\/revisions"}],"wp:featuredmedia":[{"embeddable":true,"href":"https:\/\/dicodusport.fr\/blog\/wp-json\/wp\/v2\/media\/110432"}],"wp:attachment":[{"href":"https:\/\/dicodusport.fr\/blog\/wp-json\/wp\/v2\/media?parent=116581"}],"wp:term":[{"taxonomy":"category","embeddable":true,"href":"https:\/\/dicodusport.fr\/blog\/wp-json\/wp\/v2\/categories?post=116581"},{"taxonomy":"post_tag","embeddable":true,"href":"https:\/\/dicodusport.fr\/blog\/wp-json\/wp\/v2\/tags?post=116581"}],"curies":[{"name":"wp","href":"https:\/\/api.w.org\/{rel}","templated":true}]}}