{"id":116811,"date":"2021-03-27T09:30:29","date_gmt":"2021-03-27T08:30:29","guid":{"rendered":"https:\/\/dicodusport.fr\/blog\/?p=116811"},"modified":"2021-03-27T20:52:11","modified_gmt":"2021-03-27T19:52:11","slug":"gand-wevelgem-2021-parcours-en-detail","status":"publish","type":"post","link":"https:\/\/dicodusport.fr\/blog\/gand-wevelgem-2021-parcours-en-detail\/","title":{"rendered":"Gand-Wevelgem 2021 : le parcours en d\u00e9tail"},"content":{"rendered":"<p style=\"text-align: justify;\"><strong><em><a href=\"https:\/\/dicodusport.fr\/blog\/actualites\/cyclisme\/\" target=\"_blank\" rel=\"noopener\">CYCLISME<\/a> &#8211; Deux jours apr\u00e8s le <a href=\"https:\/\/dicodusport.fr\/blog\/e3-saxo-bank-classic-double-deceuninck-quick-step-asgreen-devance-senechal\/\" target=\"_blank\" rel=\"noopener\">E3 Saxo Bank Classic<\/a>, le deuxi\u00e8me gros week-end flandrien de cette saison 2021 se terminera avec Gand-Wevelgem. M\u00eame s&rsquo;il sera moins difficile que l&rsquo;E3, le parcours pr\u00e9sentera de jolis obstacles entre vents, Plugstreets et monts flandriens sur 248 kilom\u00e8tres en Flandre-Occidentale. Contrairement \u00e0 ce que vous pourriez penser, Gand-Wevelgem ne d\u00e9marrera pas \u00e0 Gand, mais \u00e0 Ypres.<\/em><\/strong><\/p>\n<h2 style=\"text-align: justify;\">Une longue premi\u00e8re partie plate avec des risques de bordure<\/h2>\n<p style=\"text-align: justify;\">D&rsquo;abord, le d\u00e9part de cette 83\u00e8me \u00e9dition sera donn\u00e9 \u00e0 10 h. \u00c0 peine sortie de la ville de d\u00e9part, la c\u00f4te de Zonnebeke permettra \u00e0 l&rsquo;\u00e9chapp\u00e9e matinale de se former.<\/p>\n<p style=\"text-align: justify;\">Ensuite, les coureurs rouleront jusqu&rsquo;\u00e0 Wevelgem pour faire demi-tour et prendre la direction du nord et de la c\u00f4te. Apr\u00e8s avoir tourn\u00e9 deux fois \u00e0 gauche \u00e0 <strong>Furnes<\/strong>, le peloton ira \u00e0 <strong>De Moeren<\/strong> sur des routes plates et expos\u00e9es au vent en pleine zone mar\u00e9cageuse. Pour la premi\u00e8re fois, la course pourrait s&rsquo;enflammer apr\u00e8s 90 kilom\u00e8tres. Les coureurs longeront la fronti\u00e8re franco-belge pour rejoindre la partie cruciale de la course. Au km 99, il y aura un petit secteur pav\u00e9s de 400 m\u00e8tres : le <strong>Beauvoordestraat<\/strong>.<\/p>\n<h2 style=\"text-align: justify;\">Une partie centrale avec les monts et les Plugstreets pour faire la diff\u00e9rence<\/h2>\n<p style=\"text-align: justify;\">Environ 40 kilom\u00e8tres plus loin, les 5 premiers monts vont \u00eatre grimp\u00e9s en 13 kilom\u00e8tres avec le <strong>Scherpenberg (800 m\u00e8tres, 9,1% de pente moyenne)<\/strong>, le <strong>Vidaigneberg (1,9 km \u00e0 4,7%)<\/strong>, le <strong>court Baneberg (300 m \u00e0 10%)<\/strong>, le <strong>Monteberg (1 km \u00e0 7,3%)<\/strong> et le mont pav\u00e9e du <strong>Kemmelberg sur le c\u00f4t\u00e9 Belv\u00e9d\u00e8re (2,5 km \u00e0 4,4%)<\/strong>. Cette portion usante et sinueuse permettra de faire une s\u00e9lection dans le peloton.<\/p>\n<p style=\"text-align: justify;\">Par la suite, les concurrents utiliseront les routes autour de Kemmel dans la province du Hainaut pour rejoindre les <strong>Plugstreets<\/strong>, des chemins non goudronn\u00e9e, ajout\u00e9s au parcours en 2017 : <strong>Hill 63<\/strong>, <strong>Christmas Truce<\/strong> et <strong>The Catacombs<\/strong>. Cela fera plus de 3 kilom\u00e8tres cumul\u00e9s de routes de terre pour comm\u00e9morer le cessez-le-feu de No\u00ebl en 1914, et rendre hommage aux victimes de la Premi\u00e8re Guerre mondiale.<\/p>\n<p style=\"text-align: justify;\">Puis, moins d&rsquo;une dizaine de kilom\u00e8tres plus loin, place \u00e0 deux ascensions : le <strong>Monteberg (1 km, 7,3%)<\/strong> et le <strong>Kemmelberg-Belv\u00e9d\u00e8re (2,5 km \u00e0 4,4%)<\/strong>. Mais, le parcours restera encore exigeant une bonne vingtaine de kilom\u00e8tres avec les quatre derniers monts du jour : le <strong>Scherpenberg (800 m, 9,1%)<\/strong>, le <strong>Vidaigneberg (1,9 km, 4,7%)<\/strong>, le <strong>Baneberg (300 m, 10%)<\/strong> et le <strong>Kemmelberg via Ossuaire (3 km \u00e0 4%)<\/strong>. Ce versant du Kemmelberg pr\u00e9sentera une petite portion \u00e0 23 %. Au sommet, il restera plus de 34 kilom\u00e8tres sur des routes plates et larges.<\/p>\n<h2 style=\"text-align: justify;\">Un final plat vers Wevelgem<\/h2>\n<p style=\"text-align: justify;\">Cependant, il y aura une petite section montante \u00e0 Zonnebeke \u00e0 plus de 17 kilom\u00e8tres de l&rsquo;arriv\u00e9e \u00e0 Wevelgem. Malheureusement, ce sera insuffisant pour mettre \u00e0 mal les derniers \u00e9quipiers des sprinteurs. Les trois derniers kilom\u00e8tres seront sur une longue ligne droite (sans m\u00eame un seul virage) jusqu&rsquo;\u00e0 l&rsquo;arche d&rsquo;arriv\u00e9e. Pour s&rsquo;\u00e9chapper, il va falloir \u00eatre tr\u00e8s fort ou profiter d&rsquo;un marquage comme l&rsquo;an dernier, entre Wout Van Aert et Mathieu van der Poel. L&rsquo;arriv\u00e9e sera jug\u00e9e vers 16h sur la Vanackerestraat.<\/p>\n<p style=\"text-align: justify;\"><span style=\"color: #ff0000;\"><em><strong>Carte du parcours \u00e0 venir<\/strong><\/em><\/span><\/p>\n<hr \/>\n<h2 style=\"text-align: justify;\">\u00c0 lire aussi<\/h2>\n<ul>\n<li style=\"text-align: justify;\"><a href=\"https:\/\/dicodusport.fr\/blog\/gand-wevelgem-2021-profil-course\/\" target=\"_blank\" rel=\"noopener\"><strong>Le profil de la course<\/strong><\/a><\/li>\n<li style=\"text-align: justify;\"><a href=\"https:\/\/dicodusport.fr\/blog\/gand-wevelgem-2021-liste-des-engages\/\" target=\"_blank\" rel=\"noopener\"><strong>La liste des engag\u00e9s<\/strong><\/a><\/li>\n<\/ul>\n<hr \/>\n<h2 style=\"text-align: justify;\">Palmar\u00e8s des 10 derni\u00e8res \u00e9ditions<\/h2>\n<p style=\"text-align: center;\"><strong> 2020<\/strong> PEDERSEN Mads<\/p>\n<p style=\"text-align: center;\"><strong>2019<\/strong> KRISTOFF Alexander<\/p>\n<p style=\"text-align: center;\"><strong>2018<\/strong> SAGAN Peter<\/p>\n<p style=\"text-align: center;\"><strong>2017<\/strong> VAN AVERMAET Greg<\/p>\n<p style=\"text-align: center;\"><strong>2016<\/strong> SAGAN Peter<\/p>\n<p style=\"text-align: center;\"><strong>2015<\/strong> PAOLINI Luca<\/p>\n<p style=\"text-align: center;\"><strong>2014<\/strong> DEGENKOLB John<\/p>\n<p style=\"text-align: center;\"><strong>2013<\/strong> SAGAN Peter<\/p>\n<p style=\"text-align: center;\"><strong>2012<\/strong> BOONEN Tom<\/p>\n<p style=\"text-align: center;\"><strong>2011<\/strong> BOONEN Tom<\/p>\n<p><strong><em>Emilien Descampiaux<br \/>\n<a href=\"https:\/\/www.facebook.com\/groups\/LesRoisDuPeloton\" target=\"_blank\" rel=\"noopener noreferrer\"><img loading=\"lazy\" decoding=\"async\" class=\"alignnone wp-image-2909\" src=\"http:\/\/dicodusport.fr\/blog\/wp-content\/uploads\/2017\/07\/logo-facebook-150x150.png\" alt=\"\" width=\"40\" height=\"40\" \/><\/a><a href=\"https:\/\/twitter.com\/LRoisDuPeloton\" target=\"_blank\" rel=\"noopener noreferrer\"><img loading=\"lazy\" decoding=\"async\" class=\"alignnone wp-image-2908\" src=\"http:\/\/dicodusport.fr\/blog\/wp-content\/uploads\/2017\/07\/logo-twitter-150x150.png\" alt=\"\" width=\"40\" height=\"40\" \/><\/a><\/em><\/strong><\/p>\n","protected":false},"excerpt":{"rendered":"<p>CYCLISME &#8211; Deux jours apr\u00e8s le E3 Saxo Bank Classic, le deuxi\u00e8me gros week-end flandrien de cette saison 2021 se terminera avec Gand-Wevelgem. M\u00eame s&rsquo;il sera moins difficile que l&rsquo;E3, le parcours pr\u00e9sentera de jolis obstacles entre vents, Plugstreets et monts flandriens sur 248 kilom\u00e8tres en Flandre-Occidentale. Contrairement \u00e0 ce que vous pourriez penser, Gand-Wevelgem ne d\u00e9marrera pas \u00e0 Gand, mais \u00e0 Ypres.<\/p>\n","protected":false},"author":48,"featured_media":116835,"comment_status":"open","ping_status":"closed","sticky":false,"template":"","format":"standard","meta":{"_acf_changed":false,"_daextam_enable_autolinks":"","footnotes":""},"categories":[2307],"tags":[3119,4283],"class_list":["post-116811","post","type-post","status-publish","format-standard","has-post-thumbnail","hentry","category-cyclisme","tag-actualite-cyclisme","tag-gand-wevelgem"],"acf":[],"yoast_head":"<!-- This site is optimized with the Yoast SEO Premium plugin v26.7 (Yoast SEO v26.7) - https:\/\/yoast.com\/wordpress\/plugins\/seo\/ -->\n<title>Gand-Wevelgem 2021 : le parcours en d\u00e9tail<\/title>\n<meta name=\"description\" content=\"CYCLISME - Deux jours apr\u00e8s le E3 Saxo Bank Classic, place \u00e0 Gand-Wevelgem. Le parcours dans le d\u00e9tail.\" \/>\n<meta name=\"robots\" content=\"index, follow, max-snippet:-1, max-image-preview:large, max-video-preview:-1\" \/>\n<link rel=\"canonical\" href=\"https:\/\/dicodusport.fr\/blog\/gand-wevelgem-2021-parcours-en-detail\/\" \/>\n<meta property=\"og:locale\" content=\"fr_FR\" \/>\n<meta property=\"og:type\" content=\"article\" \/>\n<meta property=\"og:title\" content=\"Gand-Wevelgem 2021 : le parcours en d\u00e9tail\" \/>\n<meta property=\"og:description\" content=\"CYCLISME - Deux jours apr\u00e8s le E3 Saxo Bank Classic, place \u00e0 Gand-Wevelgem. Le parcours dans le d\u00e9tail.\" \/>\n<meta property=\"og:url\" content=\"https:\/\/dicodusport.fr\/blog\/gand-wevelgem-2021-parcours-en-detail\/\" \/>\n<meta property=\"og:site_name\" content=\"Dicodusport\" \/>\n<meta property=\"article:publisher\" content=\"https:\/\/www.facebook.com\/dicodusport\" \/>\n<meta property=\"article:author\" content=\"https:\/\/www.facebook.com\/groups\/LesRoisDuPeloton\" \/>\n<meta property=\"article:published_time\" content=\"2021-03-27T08:30:29+00:00\" \/>\n<meta property=\"article:modified_time\" content=\"2021-03-27T19:52:11+00:00\" \/>\n<meta property=\"og:image\" content=\"https:\/\/dicodusport.fr\/blog\/wp-content\/uploads\/2021\/03\/Gand-Wevelgem-2021-Le-parcours-en-detail.png\" \/>\n\t<meta property=\"og:image:width\" content=\"800\" \/>\n\t<meta property=\"og:image:height\" content=\"445\" \/>\n\t<meta property=\"og:image:type\" content=\"image\/png\" \/>\n<meta name=\"author\" content=\"Emilien Descampiaux\" \/>\n<meta name=\"twitter:card\" content=\"summary_large_image\" \/>\n<meta name=\"twitter:title\" content=\"Gand-Wevelgem 2021 : le parcours en d\u00e9tail\" \/>\n<meta name=\"twitter:creator\" content=\"@https:\/\/twitter.com\/LRoisDuPeloton\" \/>\n<meta name=\"twitter:site\" content=\"@dicodusport\" \/>\n<script type=\"application\/ld+json\" class=\"yoast-schema-graph\">{\"@context\":\"https:\/\/schema.org\",\"@graph\":[{\"@type\":\"NewsArticle\",\"@id\":\"https:\/\/dicodusport.fr\/blog\/gand-wevelgem-2021-parcours-en-detail\/#article\",\"isPartOf\":{\"@id\":\"https:\/\/dicodusport.fr\/blog\/gand-wevelgem-2021-parcours-en-detail\/\"},\"author\":{\"name\":\"Emilien Descampiaux\",\"@id\":\"https:\/\/dicodusport.fr\/blog\/#\/schema\/person\/6db4bae06b171592211be385b32876a7\"},\"headline\":\"Gand-Wevelgem 2021 : le parcours en d\u00e9tail\",\"datePublished\":\"2021-03-27T08:30:29+00:00\",\"dateModified\":\"2021-03-27T19:52:11+00:00\",\"mainEntityOfPage\":{\"@id\":\"https:\/\/dicodusport.fr\/blog\/gand-wevelgem-2021-parcours-en-detail\/\"},\"wordCount\":572,\"commentCount\":0,\"publisher\":{\"@id\":\"https:\/\/dicodusport.fr\/blog\/#organization\"},\"image\":{\"@id\":\"https:\/\/dicodusport.fr\/blog\/gand-wevelgem-2021-parcours-en-detail\/#primaryimage\"},\"thumbnailUrl\":\"https:\/\/dicodusport.fr\/blog\/wp-content\/uploads\/2021\/03\/Gand-Wevelgem-2021-Le-parcours-en-detail.png\",\"keywords\":[\"Actualit\u00e9 Cyclisme\",\"Gand-Wevelgem\"],\"articleSection\":[\"Cyclisme\"],\"inLanguage\":\"fr-FR\",\"potentialAction\":[{\"@type\":\"CommentAction\",\"name\":\"Comment\",\"target\":[\"https:\/\/dicodusport.fr\/blog\/gand-wevelgem-2021-parcours-en-detail\/#respond\"]}],\"copyrightYear\":\"2021\",\"copyrightHolder\":{\"@id\":\"https:\/\/dicodusport.fr\/blog\/#organization\"}},{\"@type\":\"WebPage\",\"@id\":\"https:\/\/dicodusport.fr\/blog\/gand-wevelgem-2021-parcours-en-detail\/\",\"url\":\"https:\/\/dicodusport.fr\/blog\/gand-wevelgem-2021-parcours-en-detail\/\",\"name\":\"Gand-Wevelgem 2021 : le parcours en d\u00e9tail\",\"isPartOf\":{\"@id\":\"https:\/\/dicodusport.fr\/blog\/#website\"},\"primaryImageOfPage\":{\"@id\":\"https:\/\/dicodusport.fr\/blog\/gand-wevelgem-2021-parcours-en-detail\/#primaryimage\"},\"image\":{\"@id\":\"https:\/\/dicodusport.fr\/blog\/gand-wevelgem-2021-parcours-en-detail\/#primaryimage\"},\"thumbnailUrl\":\"https:\/\/dicodusport.fr\/blog\/wp-content\/uploads\/2021\/03\/Gand-Wevelgem-2021-Le-parcours-en-detail.png\",\"datePublished\":\"2021-03-27T08:30:29+00:00\",\"dateModified\":\"2021-03-27T19:52:11+00:00\",\"description\":\"CYCLISME - Deux jours apr\u00e8s le E3 Saxo Bank Classic, place \u00e0 Gand-Wevelgem. Le parcours dans le d\u00e9tail.\",\"breadcrumb\":{\"@id\":\"https:\/\/dicodusport.fr\/blog\/gand-wevelgem-2021-parcours-en-detail\/#breadcrumb\"},\"inLanguage\":\"fr-FR\",\"potentialAction\":[{\"@type\":\"ReadAction\",\"target\":[\"https:\/\/dicodusport.fr\/blog\/gand-wevelgem-2021-parcours-en-detail\/\"]}]},{\"@type\":\"ImageObject\",\"inLanguage\":\"fr-FR\",\"@id\":\"https:\/\/dicodusport.fr\/blog\/gand-wevelgem-2021-parcours-en-detail\/#primaryimage\",\"url\":\"https:\/\/dicodusport.fr\/blog\/wp-content\/uploads\/2021\/03\/Gand-Wevelgem-2021-Le-parcours-en-detail.png\",\"contentUrl\":\"https:\/\/dicodusport.fr\/blog\/wp-content\/uploads\/2021\/03\/Gand-Wevelgem-2021-Le-parcours-en-detail.png\",\"width\":800,\"height\":445,\"caption\":\"Gand-Wevelgem 2021 - Le parcours en d\u00e9tail\"},{\"@type\":\"BreadcrumbList\",\"@id\":\"https:\/\/dicodusport.fr\/blog\/gand-wevelgem-2021-parcours-en-detail\/#breadcrumb\",\"itemListElement\":[{\"@type\":\"ListItem\",\"position\":1,\"name\":\"Accueil\",\"item\":\"https:\/\/dicodusport.fr\/blog\/\"},{\"@type\":\"ListItem\",\"position\":2,\"name\":\"Gand-Wevelgem 2021 : le parcours en d\u00e9tail\"}]},{\"@type\":\"WebSite\",\"@id\":\"https:\/\/dicodusport.fr\/blog\/#website\",\"url\":\"https:\/\/dicodusport.fr\/blog\/\",\"name\":\"Dicodusport\",\"description\":\"L&#039;encyclop\u00e9die de l&#039;actualit\u00e9 sportive\",\"publisher\":{\"@id\":\"https:\/\/dicodusport.fr\/blog\/#organization\"},\"potentialAction\":[{\"@type\":\"SearchAction\",\"target\":{\"@type\":\"EntryPoint\",\"urlTemplate\":\"https:\/\/dicodusport.fr\/blog\/?s={search_term_string}\"},\"query-input\":{\"@type\":\"PropertyValueSpecification\",\"valueRequired\":true,\"valueName\":\"search_term_string\"}}],\"inLanguage\":\"fr-FR\"},{\"@type\":\"NewsMediaOrganization\",\"@id\":\"https:\/\/dicodusport.fr\/blog\/#organization\",\"name\":\"Dicodusport\",\"url\":\"https:\/\/dicodusport.fr\/blog\/\",\"logo\":{\"@type\":\"ImageObject\",\"inLanguage\":\"fr-FR\",\"@id\":\"https:\/\/dicodusport.fr\/blog\/#\/schema\/logo\/image\/\",\"url\":\"https:\/\/dicodusport.fr\/blog\/wp-content\/uploads\/2020\/06\/cropped-LOGO-DICODUSPORT-2020-SANS-FOND-SANS-TEXTE.png\",\"contentUrl\":\"https:\/\/dicodusport.fr\/blog\/wp-content\/uploads\/2020\/06\/cropped-LOGO-DICODUSPORT-2020-SANS-FOND-SANS-TEXTE.png\",\"width\":512,\"height\":512,\"caption\":\"Dicodusport\"},\"image\":{\"@id\":\"https:\/\/dicodusport.fr\/blog\/#\/schema\/logo\/image\/\"},\"sameAs\":[\"https:\/\/www.facebook.com\/dicodusport\",\"https:\/\/x.com\/dicodusport\",\"https:\/\/www.instagram.com\/dicodusport\/\",\"https:\/\/www.youtube.com\/channel\/UC7V2KZ5sd3htJivAbA4ZG3w\"],\"description\":\"Dicodusport est l'encyclop\u00e9die de l'actualit\u00e9 sportive.\",\"email\":\"bonjour@dicodusport.fr\",\"legalName\":\"DICODUSPORT\",\"foundingDate\":\"2018-01-14\",\"vatID\":\"FR71834470973\",\"taxID\":\"83447097300043\",\"numberOfEmployees\":{\"@type\":\"QuantitativeValue\",\"minValue\":\"1\",\"maxValue\":\"10\"}},{\"@type\":\"Person\",\"@id\":\"https:\/\/dicodusport.fr\/blog\/#\/schema\/person\/6db4bae06b171592211be385b32876a7\",\"name\":\"Emilien Descampiaux\",\"image\":{\"@type\":\"ImageObject\",\"inLanguage\":\"fr-FR\",\"@id\":\"https:\/\/dicodusport.fr\/blog\/#\/schema\/person\/image\/\",\"url\":\"https:\/\/dicodusport.fr\/blog\/wp-content\/uploads\/2021\/05\/Emilien-Descampiaux-150x150.jpg\",\"contentUrl\":\"https:\/\/dicodusport.fr\/blog\/wp-content\/uploads\/2021\/05\/Emilien-Descampiaux-150x150.jpg\",\"caption\":\"Emilien Descampiaux\"},\"description\":\"Journaliste\/r\u00e9dacteur depuis 2014 - Fan de la classe de Frank Vandenbroucke, je vis cyclisme (et de ses paysages) depuis plus de 20 ans. Je suis tr\u00e8s impliqu\u00e9 sur mes diff\u00e9rents r\u00e9seaux sociaux pour partager ma passion sur le monde et l'Histoire de la bicyclette avec ma voix sur les images en noir et blanc du succ\u00e8s de Rik Van Steenbergen lors du Ronde sur le V\u00e9lodrome de Gand.\",\"sameAs\":[\"https:\/\/www.facebook.com\/groups\/LesRoisDuPeloton\",\"https:\/\/x.com\/https:\/\/twitter.com\/LRoisDuPeloton\"],\"url\":\"https:\/\/dicodusport.fr\/blog\/author\/emiliend\/\"}]}<\/script>\n<!-- \/ Yoast SEO Premium plugin. -->","yoast_head_json":{"title":"Gand-Wevelgem 2021 : le parcours en d\u00e9tail","description":"CYCLISME - Deux jours apr\u00e8s le E3 Saxo Bank Classic, place \u00e0 Gand-Wevelgem. Le parcours dans le d\u00e9tail.","robots":{"index":"index","follow":"follow","max-snippet":"max-snippet:-1","max-image-preview":"max-image-preview:large","max-video-preview":"max-video-preview:-1"},"canonical":"https:\/\/dicodusport.fr\/blog\/gand-wevelgem-2021-parcours-en-detail\/","og_locale":"fr_FR","og_type":"article","og_title":"Gand-Wevelgem 2021 : le parcours en d\u00e9tail","og_description":"CYCLISME - Deux jours apr\u00e8s le E3 Saxo Bank Classic, place \u00e0 Gand-Wevelgem. Le parcours dans le d\u00e9tail.","og_url":"https:\/\/dicodusport.fr\/blog\/gand-wevelgem-2021-parcours-en-detail\/","og_site_name":"Dicodusport","article_publisher":"https:\/\/www.facebook.com\/dicodusport","article_author":"https:\/\/www.facebook.com\/groups\/LesRoisDuPeloton","article_published_time":"2021-03-27T08:30:29+00:00","article_modified_time":"2021-03-27T19:52:11+00:00","og_image":[{"width":800,"height":445,"url":"https:\/\/dicodusport.fr\/blog\/wp-content\/uploads\/2021\/03\/Gand-Wevelgem-2021-Le-parcours-en-detail.png","type":"image\/png"}],"author":"Emilien Descampiaux","twitter_card":"summary_large_image","twitter_title":"Gand-Wevelgem 2021 : le parcours en d\u00e9tail","twitter_creator":"@https:\/\/twitter.com\/LRoisDuPeloton","twitter_site":"@dicodusport","schema":{"@context":"https:\/\/schema.org","@graph":[{"@type":"NewsArticle","@id":"https:\/\/dicodusport.fr\/blog\/gand-wevelgem-2021-parcours-en-detail\/#article","isPartOf":{"@id":"https:\/\/dicodusport.fr\/blog\/gand-wevelgem-2021-parcours-en-detail\/"},"author":{"name":"Emilien Descampiaux","@id":"https:\/\/dicodusport.fr\/blog\/#\/schema\/person\/6db4bae06b171592211be385b32876a7"},"headline":"Gand-Wevelgem 2021 : le parcours en d\u00e9tail","datePublished":"2021-03-27T08:30:29+00:00","dateModified":"2021-03-27T19:52:11+00:00","mainEntityOfPage":{"@id":"https:\/\/dicodusport.fr\/blog\/gand-wevelgem-2021-parcours-en-detail\/"},"wordCount":572,"commentCount":0,"publisher":{"@id":"https:\/\/dicodusport.fr\/blog\/#organization"},"image":{"@id":"https:\/\/dicodusport.fr\/blog\/gand-wevelgem-2021-parcours-en-detail\/#primaryimage"},"thumbnailUrl":"https:\/\/dicodusport.fr\/blog\/wp-content\/uploads\/2021\/03\/Gand-Wevelgem-2021-Le-parcours-en-detail.png","keywords":["Actualit\u00e9 Cyclisme","Gand-Wevelgem"],"articleSection":["Cyclisme"],"inLanguage":"fr-FR","potentialAction":[{"@type":"CommentAction","name":"Comment","target":["https:\/\/dicodusport.fr\/blog\/gand-wevelgem-2021-parcours-en-detail\/#respond"]}],"copyrightYear":"2021","copyrightHolder":{"@id":"https:\/\/dicodusport.fr\/blog\/#organization"}},{"@type":"WebPage","@id":"https:\/\/dicodusport.fr\/blog\/gand-wevelgem-2021-parcours-en-detail\/","url":"https:\/\/dicodusport.fr\/blog\/gand-wevelgem-2021-parcours-en-detail\/","name":"Gand-Wevelgem 2021 : le parcours en d\u00e9tail","isPartOf":{"@id":"https:\/\/dicodusport.fr\/blog\/#website"},"primaryImageOfPage":{"@id":"https:\/\/dicodusport.fr\/blog\/gand-wevelgem-2021-parcours-en-detail\/#primaryimage"},"image":{"@id":"https:\/\/dicodusport.fr\/blog\/gand-wevelgem-2021-parcours-en-detail\/#primaryimage"},"thumbnailUrl":"https:\/\/dicodusport.fr\/blog\/wp-content\/uploads\/2021\/03\/Gand-Wevelgem-2021-Le-parcours-en-detail.png","datePublished":"2021-03-27T08:30:29+00:00","dateModified":"2021-03-27T19:52:11+00:00","description":"CYCLISME - Deux jours apr\u00e8s le E3 Saxo Bank Classic, place \u00e0 Gand-Wevelgem. Le parcours dans le d\u00e9tail.","breadcrumb":{"@id":"https:\/\/dicodusport.fr\/blog\/gand-wevelgem-2021-parcours-en-detail\/#breadcrumb"},"inLanguage":"fr-FR","potentialAction":[{"@type":"ReadAction","target":["https:\/\/dicodusport.fr\/blog\/gand-wevelgem-2021-parcours-en-detail\/"]}]},{"@type":"ImageObject","inLanguage":"fr-FR","@id":"https:\/\/dicodusport.fr\/blog\/gand-wevelgem-2021-parcours-en-detail\/#primaryimage","url":"https:\/\/dicodusport.fr\/blog\/wp-content\/uploads\/2021\/03\/Gand-Wevelgem-2021-Le-parcours-en-detail.png","contentUrl":"https:\/\/dicodusport.fr\/blog\/wp-content\/uploads\/2021\/03\/Gand-Wevelgem-2021-Le-parcours-en-detail.png","width":800,"height":445,"caption":"Gand-Wevelgem 2021 - Le parcours en d\u00e9tail"},{"@type":"BreadcrumbList","@id":"https:\/\/dicodusport.fr\/blog\/gand-wevelgem-2021-parcours-en-detail\/#breadcrumb","itemListElement":[{"@type":"ListItem","position":1,"name":"Accueil","item":"https:\/\/dicodusport.fr\/blog\/"},{"@type":"ListItem","position":2,"name":"Gand-Wevelgem 2021 : le parcours en d\u00e9tail"}]},{"@type":"WebSite","@id":"https:\/\/dicodusport.fr\/blog\/#website","url":"https:\/\/dicodusport.fr\/blog\/","name":"Dicodusport","description":"L&#039;encyclop\u00e9die de l&#039;actualit\u00e9 sportive","publisher":{"@id":"https:\/\/dicodusport.fr\/blog\/#organization"},"potentialAction":[{"@type":"SearchAction","target":{"@type":"EntryPoint","urlTemplate":"https:\/\/dicodusport.fr\/blog\/?s={search_term_string}"},"query-input":{"@type":"PropertyValueSpecification","valueRequired":true,"valueName":"search_term_string"}}],"inLanguage":"fr-FR"},{"@type":"NewsMediaOrganization","@id":"https:\/\/dicodusport.fr\/blog\/#organization","name":"Dicodusport","url":"https:\/\/dicodusport.fr\/blog\/","logo":{"@type":"ImageObject","inLanguage":"fr-FR","@id":"https:\/\/dicodusport.fr\/blog\/#\/schema\/logo\/image\/","url":"https:\/\/dicodusport.fr\/blog\/wp-content\/uploads\/2020\/06\/cropped-LOGO-DICODUSPORT-2020-SANS-FOND-SANS-TEXTE.png","contentUrl":"https:\/\/dicodusport.fr\/blog\/wp-content\/uploads\/2020\/06\/cropped-LOGO-DICODUSPORT-2020-SANS-FOND-SANS-TEXTE.png","width":512,"height":512,"caption":"Dicodusport"},"image":{"@id":"https:\/\/dicodusport.fr\/blog\/#\/schema\/logo\/image\/"},"sameAs":["https:\/\/www.facebook.com\/dicodusport","https:\/\/x.com\/dicodusport","https:\/\/www.instagram.com\/dicodusport\/","https:\/\/www.youtube.com\/channel\/UC7V2KZ5sd3htJivAbA4ZG3w"],"description":"Dicodusport est l'encyclop\u00e9die de l'actualit\u00e9 sportive.","email":"bonjour@dicodusport.fr","legalName":"DICODUSPORT","foundingDate":"2018-01-14","vatID":"FR71834470973","taxID":"83447097300043","numberOfEmployees":{"@type":"QuantitativeValue","minValue":"1","maxValue":"10"}},{"@type":"Person","@id":"https:\/\/dicodusport.fr\/blog\/#\/schema\/person\/6db4bae06b171592211be385b32876a7","name":"Emilien Descampiaux","image":{"@type":"ImageObject","inLanguage":"fr-FR","@id":"https:\/\/dicodusport.fr\/blog\/#\/schema\/person\/image\/","url":"https:\/\/dicodusport.fr\/blog\/wp-content\/uploads\/2021\/05\/Emilien-Descampiaux-150x150.jpg","contentUrl":"https:\/\/dicodusport.fr\/blog\/wp-content\/uploads\/2021\/05\/Emilien-Descampiaux-150x150.jpg","caption":"Emilien Descampiaux"},"description":"Journaliste\/r\u00e9dacteur depuis 2014 - Fan de la classe de Frank Vandenbroucke, je vis cyclisme (et de ses paysages) depuis plus de 20 ans. Je suis tr\u00e8s impliqu\u00e9 sur mes diff\u00e9rents r\u00e9seaux sociaux pour partager ma passion sur le monde et l'Histoire de la bicyclette avec ma voix sur les images en noir et blanc du succ\u00e8s de Rik Van Steenbergen lors du Ronde sur le V\u00e9lodrome de Gand.","sameAs":["https:\/\/www.facebook.com\/groups\/LesRoisDuPeloton","https:\/\/x.com\/https:\/\/twitter.com\/LRoisDuPeloton"],"url":"https:\/\/dicodusport.fr\/blog\/author\/emiliend\/"}]}},"_links":{"self":[{"href":"https:\/\/dicodusport.fr\/blog\/wp-json\/wp\/v2\/posts\/116811","targetHints":{"allow":["GET"]}}],"collection":[{"href":"https:\/\/dicodusport.fr\/blog\/wp-json\/wp\/v2\/posts"}],"about":[{"href":"https:\/\/dicodusport.fr\/blog\/wp-json\/wp\/v2\/types\/post"}],"author":[{"embeddable":true,"href":"https:\/\/dicodusport.fr\/blog\/wp-json\/wp\/v2\/users\/48"}],"replies":[{"embeddable":true,"href":"https:\/\/dicodusport.fr\/blog\/wp-json\/wp\/v2\/comments?post=116811"}],"version-history":[{"count":0,"href":"https:\/\/dicodusport.fr\/blog\/wp-json\/wp\/v2\/posts\/116811\/revisions"}],"wp:featuredmedia":[{"embeddable":true,"href":"https:\/\/dicodusport.fr\/blog\/wp-json\/wp\/v2\/media\/116835"}],"wp:attachment":[{"href":"https:\/\/dicodusport.fr\/blog\/wp-json\/wp\/v2\/media?parent=116811"}],"wp:term":[{"taxonomy":"category","embeddable":true,"href":"https:\/\/dicodusport.fr\/blog\/wp-json\/wp\/v2\/categories?post=116811"},{"taxonomy":"post_tag","embeddable":true,"href":"https:\/\/dicodusport.fr\/blog\/wp-json\/wp\/v2\/tags?post=116811"}],"curies":[{"name":"wp","href":"https:\/\/api.w.org\/{rel}","templated":true}]}}