{"id":116913,"date":"2021-03-27T18:46:42","date_gmt":"2021-03-27T17:46:42","guid":{"rendered":"https:\/\/dicodusport.fr\/blog\/?p=116913&#038;preview=true&#038;preview_id=116913"},"modified":"2021-03-29T00:43:10","modified_gmt":"2021-03-28T22:43:10","slug":"motogp-grand-prix-du-qatar-grille-de-depart","status":"publish","type":"post","link":"https:\/\/dicodusport.fr\/blog\/motogp-grand-prix-du-qatar-grille-de-depart\/","title":{"rendered":"MotoGP &#8211; Grand Prix du Qatar : la grille de d\u00e9part"},"content":{"rendered":"<p style=\"text-align: justify;\"><strong><em><a href=\"https:\/\/dicodusport.fr\/blog\/motogp-grand-prix-du-qatar-2021-horaires-et-programme-tv-complet\/\" target=\"_blank\" rel=\"noopener\">MOTOGP &#8211; GRAND PRIX DU QATAR 2021<\/a> &#8211; D\u00e9couvrez la grille de d\u00e9part du Grand Prix du Qatar 2021, apr\u00e8s les qualifications qui ont eu lieu ce samedi 27 mars.<\/em><\/strong><\/p>\n<hr \/>\n<h2 style=\"text-align: center;\">Grille de d\u00e9part<\/h2>\n<hr \/>\n<table style=\"width: 800px; border-collapse: collapse;\">\n<tbody>\n<tr>\n<td style=\"vertical-align: top; text-align: center; border-style: none; width: 266.66px; background-color: #ffffff; height: 100px;\"><span style=\"font-size: 0.9em;\"><strong>1. &#x1f1ee;&#x1f1f9; FRANCESCO BAGNAIA<br \/>\n<\/strong><span style=\"font-size: 0.8em;\">DUCATI LENOVO TEAM<\/span><\/span><\/td>\n<td style=\"vertical-align: middle; text-align: center; border-style: none; width: 266.66px; background-color: #ffffff; height: 100px;\"><span style=\"font-size: 0.9em;\"><strong>2. &#x1f1eb;&#x1f1f7; FABIO QUARTARARO<strong style=\"font-size: 14.4px;\"><br style=\"font-size: 14.4px;\" \/><\/strong><\/strong><span style=\"font-size: 0.8em;\">MONSTER ENERGY YAMAHA MOTOGP<\/span><\/span><\/td>\n<td style=\"vertical-align: bottom; text-align: center; border-style: none; width: 266.66px; background-color: #ffffff; height: 100px;\"><span style=\"font-size: 0.9em;\"><strong>3. <\/strong><strong>&#x1f1ea;&#x1f1f8; MAVERICK VINALES <br style=\"font-size: 14.4px;\" \/><\/strong><span style=\"font-size: 0.8em;\">MONSTER ENERGY YAMAHA MOTOGP<\/span><\/span><\/td>\n<\/tr>\n<tr>\n<td style=\"text-align: center; border-style: none; vertical-align: top; width: 266.66px; background-color: #ffffff; height: 100px;\"><span style=\"font-size: 0.9em;\"><strong>4.\u00a0<\/strong><strong>&#x1f1ee;&#x1f1f9; VALENTINO ROSSI<br \/>\n<\/strong><span style=\"font-size: 0.8em;\">PETRONAS YAMAHA\u00a0SRT<\/span><\/span><\/td>\n<td style=\"text-align: center; border-style: none; vertical-align: middle; width: 266.66px; background-color: #ffffff; height: 100px;\"><span style=\"font-size: 0.9em;\"><strong>5. &#x1f1e6;&#x1f1fa; JACK MILLER<br \/>\n<\/strong><span style=\"font-size: 0.8em;\">DUCATI LENOVO TEAM<\/span><\/span><\/td>\n<td style=\"text-align: center; border-style: none; vertical-align: bottom; width: 266.66px; background-color: #ffffff; height: 100px;\"><span style=\"font-size: 0.9em;\"><strong>6.\u00a0<\/strong><strong>&#x1f1eb;&#x1f1f7; JOHANN ZARCO<br \/>\n<\/strong><span style=\"font-size: 0.8em;\">PRAMAC RACING<\/span><\/span><\/td>\n<\/tr>\n<tr>\n<td style=\"text-align: center; border-style: none; vertical-align: top; width: 266.66px; background-color: #ffffff; height: 100px;\"><span style=\"font-size: 0.9em;\"><strong>7.\u00a0<\/strong><strong>&#x1f1ee;&#x1f1f9; FRANCO MORBIDELLI<br \/>\n<\/strong><span style=\"font-size: 0.8em;\">PETRONAS YAMAHA\u00a0SRT<\/span><\/span><\/td>\n<td style=\"text-align: center; border-style: none; vertical-align: middle; width: 266.66px; background-color: #ffffff; height: 100px;\"><span style=\"font-size: 0.9em;\"><strong>8.\u00a0<\/strong><strong>&#x1f1ea;&#x1f1f8; ALEIX ESPARGARO<br \/>\n<\/strong><span style=\"font-size: 0.8em;\">APRILIA RACING TEAM GRESINI<\/span><\/span><\/td>\n<td style=\"text-align: center; border-style: none; vertical-align: bottom; width: 266.66px; background-color: #ffffff; height: 100px;\"><span style=\"font-size: 0.9em;\"><strong>9.\u00a0<\/strong><strong>&#x1f1ea;&#x1f1f8; ALEX RINS<br \/>\n<\/strong><span style=\"font-size: 0.8em;\">TEAM SUZUKI ECSTAR<\/span><\/span><\/td>\n<\/tr>\n<tr>\n<td style=\"text-align: center; border-style: none; vertical-align: top; width: 266.66px; background-color: #ffffff; height: 100px;\"><span style=\"font-size: 0.9em;\"><strong>10.\u00a0<\/strong><strong>&#x1f1ea;&#x1f1f8; JOAN MIR<br \/>\n<\/strong><span style=\"font-size: 0.8em;\">TEAM SUZUKI ECSTAR<\/span><\/span><\/td>\n<td style=\"text-align: center; border-style: none; vertical-align: middle; width: 266.66px; background-color: #ffffff; height: 100px;\"><span style=\"font-size: 0.9em;\"><strong>11.\u00a0<\/strong><strong>&#x1f1ef;&#x1f1f5; TAKAAKI NAKAGAMI<br \/>\n<\/strong><span style=\"font-size: 0.8em;\">LCR HONDA IDEMITSU<\/span><\/span><\/td>\n<td style=\"text-align: center; border-style: none; vertical-align: bottom; width: 266.66px; background-color: #ffffff; height: 100px;\"><span style=\"font-size: 0.9em;\"><strong>12.\u00a0<\/strong><strong>&#x1f1ea;&#x1f1f8; POL ESPARGARO<br \/>\n<\/strong><span style=\"font-size: 0.8em;\">REPSOL HONDA TEAM<\/span><\/span><\/td>\n<\/tr>\n<tr>\n<td style=\"text-align: center; border-style: none; vertical-align: top; width: 266.66px; background-color: #ffffff; height: 100px;\"><span style=\"font-size: 0.9em;\"><strong>13. &#x1f1ee;&#x1f1f9; ENEA BASTIANINI<br \/>\n<\/strong><span style=\"font-size: 0.8em;\">AVINTIA ESPONSORAMA RACING<\/span><\/span><\/td>\n<td style=\"text-align: center; border-style: none; vertical-align: middle; width: 266.66px; background-color: #ffffff; height: 100px;\"><span style=\"font-size: 0.9em;\"><strong>14. &#x1f1ea;&#x1f1f8; JORGE MARTIN<br \/>\n<\/strong><span style=\"font-size: 0.8em;\">PRAMAC RACING<\/span><\/span><\/td>\n<td style=\"text-align: center; border-style: none; vertical-align: bottom; width: 266.66px; background-color: #ffffff; height: 100px;\"><span style=\"font-size: 0.9em;\"><strong>15. &#x1f1f5;&#x1f1f9; MIGUEL OLIVEIRA<br \/>\n<\/strong><span style=\"font-size: 0.8em;\">RED BULL KTM FACTORY RACING<\/span><\/span><\/td>\n<\/tr>\n<tr>\n<td style=\"text-align: center; border-style: none; vertical-align: top; width: 266.66px; background-color: #ffffff; height: 100px;\"><span style=\"font-size: 0.9em;\"><strong>16. &#x1f1ea;&#x1f1f8; ALEX MARQUEZ<br \/>\n<\/strong><span style=\"font-size: 0.8em;\">LCR HONDA CASTROL<\/span><\/span><\/td>\n<td style=\"text-align: center; border-style: none; vertical-align: middle; width: 266.66px; background-color: #ffffff; height: 100px;\"><span style=\"font-size: 0.9em;\"><strong>17. &#x1f1e9;&#x1f1ea; STEFAN BRADL<strong style=\"font-size: 14.4px;\"><br \/>\n<\/strong><\/strong><span style=\"font-size: 0.8em;\">REPSOL HONDA TEAM<\/span><\/span><\/td>\n<td style=\"text-align: center; border-style: none; vertical-align: bottom; width: 266.66px; background-color: #ffffff; height: 100px;\"><span style=\"font-size: 0.9em;\"><strong>18. &#x1f1ee;&#x1f1f9; LUCA MARINI<br \/>\n<\/strong><span style=\"font-size: 0.8em;\">SKY VR46 AVINTIA TEAM<\/span><\/span><\/td>\n<\/tr>\n<tr>\n<td style=\"text-align: center; border-style: none; vertical-align: top; width: 266.66px; background-color: #ffffff; height: 100px;\"><span style=\"font-size: 0.9em;\"><strong>19. &#x1f1ff;&#x1f1e6; BRAD BINDER<br style=\"font-size: 14.4px;\" \/><\/strong><span style=\"font-size: 0.8em;\">RED BULL KTM FACTORY RACING<\/span><\/span><\/td>\n<td style=\"text-align: center; border-style: none; vertical-align: middle; width: 266.66px; background-color: #ffffff; height: 100px;\"><span style=\"font-size: 0.9em;\"><strong>20. &#x1f1ee;&#x1f1f9; DANILO PETRUCCI<br \/>\n<\/strong><span style=\"font-size: 0.8em;\">TECH 3 KTM FACTORY RACING<\/span><\/span><\/td>\n<td style=\"text-align: center; border-style: none; vertical-align: bottom; width: 266.66px; background-color: #ffffff; height: 100px;\"><span style=\"font-size: 0.9em;\"><strong>21. &#x1f1ea;&#x1f1f8; IKER LECUONA<br \/>\n<\/strong><span style=\"font-size: 0.8em;\">TECH 3 KTM FACTORY RACING<\/span><\/span><\/td>\n<\/tr>\n<tr>\n<td style=\"text-align: center; border-style: none; vertical-align: top; width: 266.66px; background-color: #ffffff; height: 100px;\"><span style=\"font-size: 0.9em;\"><strong>22. &#x1f1ee;&#x1f1f9; LORENZO SAVADORI<br \/>\n<\/strong><span style=\"font-size: 0.8em;\">APRILIA RACING TEAM GRESINI<\/span><\/span><\/td>\n<td style=\"text-align: center; border-style: none; vertical-align: middle; width: 266.66px; background-color: #ffffff; height: 100px;\"><\/td>\n<td style=\"text-align: center; border-style: none; vertical-align: bottom; width: 266.66px; background-color: #ffffff; height: 100px;\"><\/td>\n<\/tr>\n<\/tbody>\n<\/table>\n<hr \/>\n<h2 style=\"text-align: justify;\">\u00c0 lire aussi<\/h2>\n<ul>\n<li style=\"text-align: justify;\"><a href=\"https:\/\/dicodusport.fr\/blog\/motogp-grand-prix-du-qatar-le-classement-des-essais-libres-combines\/\" target=\"_blank\" rel=\"noopener\"><strong>Le classement des essais libres combin\u00e9s du Grand Prix du Qatar<\/strong><\/a><\/li>\n<li style=\"text-align: justify;\"><a href=\"https:\/\/dicodusport.fr\/blog\/moto-gp-grand-prix-qatar-classement-fp1\/\" target=\"_blank\" rel=\"noopener\"><strong>Le classement des essais libres 1 du Grand Prix du Qatar<\/strong><\/a><\/li>\n<li style=\"text-align: justify;\"><a href=\"https:\/\/dicodusport.fr\/blog\/motogp-grand-prix-du-qatar-classement-essais-libres-2\/\" target=\"_blank\" rel=\"noopener\"><strong>Le classement des essais libres 2 du Grand Prix du Qatar<\/strong><\/a><\/li>\n<li style=\"text-align: justify;\"><a href=\"https:\/\/dicodusport.fr\/blog\/motogp-grand-prix-du-qatar-classement-essais-libres-3\/\" target=\"_blank\" rel=\"noopener\"><strong>Le classement des essais libres 3 du Grand Prix du Qatar<\/strong><\/a><\/li>\n<li style=\"text-align: justify;\"><a href=\"https:\/\/dicodusport.fr\/blog\/motogp-championnat-du-monde-2021-calendrier-complet\/\" target=\"_blank\" rel=\"noopener\"><strong>MotoGP \u2013 Championnat du monde 2021 : le calendrier complet<\/strong><\/a><\/li>\n<\/ul>\n<p><strong><em>Dicodusport<br \/>\n<a href=\"https:\/\/www.facebook.com\/dicodusport\/\" target=\"_blank\" rel=\"noopener noreferrer\"><img loading=\"lazy\" decoding=\"async\" class=\"alignnone wp-image-2909\" src=\"http:\/\/dicodusport.fr\/blog\/wp-content\/uploads\/2017\/07\/logo-facebook-150x150.png\" alt=\"\" width=\"40\" height=\"40\" \/><\/a><a href=\"https:\/\/twitter.com\/dicodusport\" target=\"_blank\" rel=\"noopener noreferrer\"><img loading=\"lazy\" decoding=\"async\" class=\"alignnone wp-image-2908\" src=\"http:\/\/dicodusport.fr\/blog\/wp-content\/uploads\/2017\/07\/logo-twitter-150x150.png\" alt=\"\" width=\"39\" height=\"39\" \/><\/a><\/em><\/strong><\/p>\n","protected":false},"excerpt":{"rendered":"<p>MOTOGP &#8211; GRAND PRIX DU QATAR 2021 &#8211; D\u00e9couvrez la grille de d\u00e9part du Grand Prix du Qatar 2021, apr\u00e8s les qualifications qui ont eu lieu ce samedi 27 mars.<\/p>\n","protected":false},"author":4,"featured_media":116914,"comment_status":"open","ping_status":"closed","sticky":false,"template":"","format":"standard","meta":{"_acf_changed":false,"_daextam_enable_autolinks":"","footnotes":""},"categories":[47087],"tags":[10063,4736],"class_list":["post-116913","post","type-post","status-publish","format-standard","has-post-thumbnail","hentry","category-motogp","tag-grand-prix-du-qatar","tag-moto-gp"],"acf":[],"yoast_head":"<!-- This site is optimized with the Yoast SEO Premium plugin v26.7 (Yoast SEO v26.7) - https:\/\/yoast.com\/wordpress\/plugins\/seo\/ -->\n<title>MotoGP - Grand Prix du Qatar : la grille de d\u00e9part<\/title>\n<meta name=\"description\" content=\"MOTOGP - GRAND PRIX DU QATAR 2021 - D\u00e9couvrez la grille de d\u00e9part du Grand Prix du Qatar 2021, apr\u00e8s les qualifications de ce samedi 27 mars.\" \/>\n<meta name=\"robots\" content=\"index, follow, max-snippet:-1, max-image-preview:large, max-video-preview:-1\" \/>\n<link rel=\"canonical\" href=\"https:\/\/dicodusport.fr\/blog\/motogp-grand-prix-du-qatar-grille-de-depart\/\" \/>\n<meta property=\"og:locale\" content=\"fr_FR\" \/>\n<meta property=\"og:type\" content=\"article\" \/>\n<meta property=\"og:title\" content=\"MotoGP - Grand Prix du Qatar : la grille de d\u00e9part\" \/>\n<meta property=\"og:description\" content=\"MOTOGP - GRAND PRIX DU QATAR 2021 - D\u00e9couvrez la grille de d\u00e9part du Grand Prix du Qatar 2021, apr\u00e8s les qualifications de ce samedi 27 mars.\" \/>\n<meta property=\"og:url\" content=\"https:\/\/dicodusport.fr\/blog\/motogp-grand-prix-du-qatar-grille-de-depart\/\" \/>\n<meta property=\"og:site_name\" content=\"Dicodusport\" \/>\n<meta property=\"article:publisher\" content=\"https:\/\/www.facebook.com\/dicodusport\" \/>\n<meta property=\"article:author\" content=\"https:\/\/www.facebook.com\/florent.ostermann\" \/>\n<meta property=\"article:published_time\" content=\"2021-03-27T17:46:42+00:00\" \/>\n<meta property=\"article:modified_time\" content=\"2021-03-28T22:43:10+00:00\" \/>\n<meta property=\"og:image\" content=\"https:\/\/dicodusport.fr\/blog\/wp-content\/uploads\/2021\/03\/MotoGP-Grand-Prix-du-Qatar-La-grille-de-depart.png\" \/>\n\t<meta property=\"og:image:width\" content=\"1200\" \/>\n\t<meta property=\"og:image:height\" content=\"670\" \/>\n\t<meta property=\"og:image:type\" content=\"image\/png\" \/>\n<meta name=\"author\" content=\"Flo Ostermann\" \/>\n<meta name=\"twitter:card\" content=\"summary_large_image\" \/>\n<meta name=\"twitter:title\" content=\"MotoGP - Grand Prix du Qatar : la grille de d\u00e9part\" \/>\n<meta name=\"twitter:creator\" content=\"@https:\/\/twitter.com\/FlOstermann\" \/>\n<meta name=\"twitter:site\" content=\"@dicodusport\" \/>\n<script type=\"application\/ld+json\" class=\"yoast-schema-graph\">{\"@context\":\"https:\/\/schema.org\",\"@graph\":[{\"@type\":\"NewsArticle\",\"@id\":\"https:\/\/dicodusport.fr\/blog\/motogp-grand-prix-du-qatar-grille-de-depart\/#article\",\"isPartOf\":{\"@id\":\"https:\/\/dicodusport.fr\/blog\/motogp-grand-prix-du-qatar-grille-de-depart\/\"},\"author\":{\"name\":\"Flo Ostermann\",\"@id\":\"https:\/\/dicodusport.fr\/blog\/#\/schema\/person\/cb02af4c173ce4a653b55e9baf388d4a\"},\"headline\":\"MotoGP &#8211; Grand Prix du Qatar : la grille de d\u00e9part\",\"datePublished\":\"2021-03-27T17:46:42+00:00\",\"dateModified\":\"2021-03-28T22:43:10+00:00\",\"mainEntityOfPage\":{\"@id\":\"https:\/\/dicodusport.fr\/blog\/motogp-grand-prix-du-qatar-grille-de-depart\/\"},\"wordCount\":348,\"commentCount\":0,\"publisher\":{\"@id\":\"https:\/\/dicodusport.fr\/blog\/#organization\"},\"image\":{\"@id\":\"https:\/\/dicodusport.fr\/blog\/motogp-grand-prix-du-qatar-grille-de-depart\/#primaryimage\"},\"thumbnailUrl\":\"https:\/\/dicodusport.fr\/blog\/wp-content\/uploads\/2021\/03\/MotoGP-Grand-Prix-du-Qatar-La-grille-de-depart.png\",\"keywords\":[\"Grand Prix du Qatar\",\"Moto GP\"],\"articleSection\":[\"MotoGP\"],\"inLanguage\":\"fr-FR\",\"potentialAction\":[{\"@type\":\"CommentAction\",\"name\":\"Comment\",\"target\":[\"https:\/\/dicodusport.fr\/blog\/motogp-grand-prix-du-qatar-grille-de-depart\/#respond\"]}],\"copyrightYear\":\"2021\",\"copyrightHolder\":{\"@id\":\"https:\/\/dicodusport.fr\/blog\/#organization\"}},{\"@type\":\"WebPage\",\"@id\":\"https:\/\/dicodusport.fr\/blog\/motogp-grand-prix-du-qatar-grille-de-depart\/\",\"url\":\"https:\/\/dicodusport.fr\/blog\/motogp-grand-prix-du-qatar-grille-de-depart\/\",\"name\":\"MotoGP - Grand Prix du Qatar : la grille de d\u00e9part\",\"isPartOf\":{\"@id\":\"https:\/\/dicodusport.fr\/blog\/#website\"},\"primaryImageOfPage\":{\"@id\":\"https:\/\/dicodusport.fr\/blog\/motogp-grand-prix-du-qatar-grille-de-depart\/#primaryimage\"},\"image\":{\"@id\":\"https:\/\/dicodusport.fr\/blog\/motogp-grand-prix-du-qatar-grille-de-depart\/#primaryimage\"},\"thumbnailUrl\":\"https:\/\/dicodusport.fr\/blog\/wp-content\/uploads\/2021\/03\/MotoGP-Grand-Prix-du-Qatar-La-grille-de-depart.png\",\"datePublished\":\"2021-03-27T17:46:42+00:00\",\"dateModified\":\"2021-03-28T22:43:10+00:00\",\"description\":\"MOTOGP - GRAND PRIX DU QATAR 2021 - D\u00e9couvrez la grille de d\u00e9part du Grand Prix du Qatar 2021, apr\u00e8s les qualifications de ce samedi 27 mars.\",\"breadcrumb\":{\"@id\":\"https:\/\/dicodusport.fr\/blog\/motogp-grand-prix-du-qatar-grille-de-depart\/#breadcrumb\"},\"inLanguage\":\"fr-FR\",\"potentialAction\":[{\"@type\":\"ReadAction\",\"target\":[\"https:\/\/dicodusport.fr\/blog\/motogp-grand-prix-du-qatar-grille-de-depart\/\"]}]},{\"@type\":\"ImageObject\",\"inLanguage\":\"fr-FR\",\"@id\":\"https:\/\/dicodusport.fr\/blog\/motogp-grand-prix-du-qatar-grille-de-depart\/#primaryimage\",\"url\":\"https:\/\/dicodusport.fr\/blog\/wp-content\/uploads\/2021\/03\/MotoGP-Grand-Prix-du-Qatar-La-grille-de-depart.png\",\"contentUrl\":\"https:\/\/dicodusport.fr\/blog\/wp-content\/uploads\/2021\/03\/MotoGP-Grand-Prix-du-Qatar-La-grille-de-depart.png\",\"width\":1200,\"height\":670,\"caption\":\"MotoGP - Grand Prix du Qatar : la grille de d\u00e9part\"},{\"@type\":\"BreadcrumbList\",\"@id\":\"https:\/\/dicodusport.fr\/blog\/motogp-grand-prix-du-qatar-grille-de-depart\/#breadcrumb\",\"itemListElement\":[{\"@type\":\"ListItem\",\"position\":1,\"name\":\"Accueil\",\"item\":\"https:\/\/dicodusport.fr\/blog\/\"},{\"@type\":\"ListItem\",\"position\":2,\"name\":\"MotoGP &#8211; Grand Prix du Qatar : la grille de d\u00e9part\"}]},{\"@type\":\"WebSite\",\"@id\":\"https:\/\/dicodusport.fr\/blog\/#website\",\"url\":\"https:\/\/dicodusport.fr\/blog\/\",\"name\":\"Dicodusport\",\"description\":\"L&#039;encyclop\u00e9die de l&#039;actualit\u00e9 sportive\",\"publisher\":{\"@id\":\"https:\/\/dicodusport.fr\/blog\/#organization\"},\"potentialAction\":[{\"@type\":\"SearchAction\",\"target\":{\"@type\":\"EntryPoint\",\"urlTemplate\":\"https:\/\/dicodusport.fr\/blog\/?s={search_term_string}\"},\"query-input\":{\"@type\":\"PropertyValueSpecification\",\"valueRequired\":true,\"valueName\":\"search_term_string\"}}],\"inLanguage\":\"fr-FR\"},{\"@type\":\"NewsMediaOrganization\",\"@id\":\"https:\/\/dicodusport.fr\/blog\/#organization\",\"name\":\"Dicodusport\",\"url\":\"https:\/\/dicodusport.fr\/blog\/\",\"logo\":{\"@type\":\"ImageObject\",\"inLanguage\":\"fr-FR\",\"@id\":\"https:\/\/dicodusport.fr\/blog\/#\/schema\/logo\/image\/\",\"url\":\"https:\/\/dicodusport.fr\/blog\/wp-content\/uploads\/2020\/06\/cropped-LOGO-DICODUSPORT-2020-SANS-FOND-SANS-TEXTE.png\",\"contentUrl\":\"https:\/\/dicodusport.fr\/blog\/wp-content\/uploads\/2020\/06\/cropped-LOGO-DICODUSPORT-2020-SANS-FOND-SANS-TEXTE.png\",\"width\":512,\"height\":512,\"caption\":\"Dicodusport\"},\"image\":{\"@id\":\"https:\/\/dicodusport.fr\/blog\/#\/schema\/logo\/image\/\"},\"sameAs\":[\"https:\/\/www.facebook.com\/dicodusport\",\"https:\/\/x.com\/dicodusport\",\"https:\/\/www.instagram.com\/dicodusport\/\",\"https:\/\/www.youtube.com\/channel\/UC7V2KZ5sd3htJivAbA4ZG3w\"],\"description\":\"Dicodusport est l'encyclop\u00e9die de l'actualit\u00e9 sportive.\",\"email\":\"bonjour@dicodusport.fr\",\"legalName\":\"DICODUSPORT\",\"foundingDate\":\"2018-01-14\",\"vatID\":\"FR71834470973\",\"taxID\":\"83447097300043\",\"numberOfEmployees\":{\"@type\":\"QuantitativeValue\",\"minValue\":\"1\",\"maxValue\":\"10\"}},{\"@type\":\"Person\",\"@id\":\"https:\/\/dicodusport.fr\/blog\/#\/schema\/person\/cb02af4c173ce4a653b55e9baf388d4a\",\"name\":\"Flo Ostermann\",\"image\":{\"@type\":\"ImageObject\",\"inLanguage\":\"fr-FR\",\"@id\":\"https:\/\/dicodusport.fr\/blog\/#\/schema\/person\/image\/\",\"url\":\"https:\/\/dicodusport.fr\/blog\/wp-content\/uploads\/2021\/05\/Flo-Ostermann-150x150.jpg\",\"contentUrl\":\"https:\/\/dicodusport.fr\/blog\/wp-content\/uploads\/2021\/05\/Flo-Ostermann-150x150.jpg\",\"caption\":\"Flo Ostermann\"},\"description\":\"Journaliste\/R\u00e9dacteur depuis septembre 2015 - Mes premiers souvenirs dans le sport ? Les envol\u00e9es du Stade Toulousain et les duels Villeneuve-Schumacher et H\u00e4kkinen-Schumacher \u00e0 la fin des ann\u00e9es 90, la Coupe du monde de football en 1998, l\u2019exploit du XV de France face aux All Blacks en 1999, mais aussi Richard C\u0153ur de Lion qui vole sur les montagnes du Tour de France. Bien parti pour devenir professeur d\u2019EPS, les \u00e9v\u00e9nements de la vie (et la flemme d\u2019animer des s\u00e9ances de 3x500 m\u00e8tres toute ma vie) m\u2019ont conduit \u00e0 revoir mes plans. Me voil\u00e0 depuis fin 2017 sur Dicodusport, m\u00e9dia gr\u00e2ce (et pour) lequel je partage ma passion : le sport dans tous ses \u00e9tats. Le tout accompagn\u00e9 par les fous furieux et folles furieuses cit\u00e9s sur cette page !\",\"sameAs\":[\"https:\/\/www.facebook.com\/florent.ostermann\",\"https:\/\/x.com\/https:\/\/twitter.com\/FlOstermann\",\"admin\"],\"url\":\"https:\/\/dicodusport.fr\/blog\/author\/flo\/\"}]}<\/script>\n<!-- \/ Yoast SEO Premium plugin. -->","yoast_head_json":{"title":"MotoGP - Grand Prix du Qatar : la grille de d\u00e9part","description":"MOTOGP - GRAND PRIX DU QATAR 2021 - D\u00e9couvrez la grille de d\u00e9part du Grand Prix du Qatar 2021, apr\u00e8s les qualifications de ce samedi 27 mars.","robots":{"index":"index","follow":"follow","max-snippet":"max-snippet:-1","max-image-preview":"max-image-preview:large","max-video-preview":"max-video-preview:-1"},"canonical":"https:\/\/dicodusport.fr\/blog\/motogp-grand-prix-du-qatar-grille-de-depart\/","og_locale":"fr_FR","og_type":"article","og_title":"MotoGP - Grand Prix du Qatar : la grille de d\u00e9part","og_description":"MOTOGP - GRAND PRIX DU QATAR 2021 - D\u00e9couvrez la grille de d\u00e9part du Grand Prix du Qatar 2021, apr\u00e8s les qualifications de ce samedi 27 mars.","og_url":"https:\/\/dicodusport.fr\/blog\/motogp-grand-prix-du-qatar-grille-de-depart\/","og_site_name":"Dicodusport","article_publisher":"https:\/\/www.facebook.com\/dicodusport","article_author":"https:\/\/www.facebook.com\/florent.ostermann","article_published_time":"2021-03-27T17:46:42+00:00","article_modified_time":"2021-03-28T22:43:10+00:00","og_image":[{"width":1200,"height":670,"url":"https:\/\/dicodusport.fr\/blog\/wp-content\/uploads\/2021\/03\/MotoGP-Grand-Prix-du-Qatar-La-grille-de-depart.png","type":"image\/png"}],"author":"Flo Ostermann","twitter_card":"summary_large_image","twitter_title":"MotoGP - Grand Prix du Qatar : la grille de d\u00e9part","twitter_creator":"@https:\/\/twitter.com\/FlOstermann","twitter_site":"@dicodusport","schema":{"@context":"https:\/\/schema.org","@graph":[{"@type":"NewsArticle","@id":"https:\/\/dicodusport.fr\/blog\/motogp-grand-prix-du-qatar-grille-de-depart\/#article","isPartOf":{"@id":"https:\/\/dicodusport.fr\/blog\/motogp-grand-prix-du-qatar-grille-de-depart\/"},"author":{"name":"Flo Ostermann","@id":"https:\/\/dicodusport.fr\/blog\/#\/schema\/person\/cb02af4c173ce4a653b55e9baf388d4a"},"headline":"MotoGP &#8211; Grand Prix du Qatar : la grille de d\u00e9part","datePublished":"2021-03-27T17:46:42+00:00","dateModified":"2021-03-28T22:43:10+00:00","mainEntityOfPage":{"@id":"https:\/\/dicodusport.fr\/blog\/motogp-grand-prix-du-qatar-grille-de-depart\/"},"wordCount":348,"commentCount":0,"publisher":{"@id":"https:\/\/dicodusport.fr\/blog\/#organization"},"image":{"@id":"https:\/\/dicodusport.fr\/blog\/motogp-grand-prix-du-qatar-grille-de-depart\/#primaryimage"},"thumbnailUrl":"https:\/\/dicodusport.fr\/blog\/wp-content\/uploads\/2021\/03\/MotoGP-Grand-Prix-du-Qatar-La-grille-de-depart.png","keywords":["Grand Prix du Qatar","Moto GP"],"articleSection":["MotoGP"],"inLanguage":"fr-FR","potentialAction":[{"@type":"CommentAction","name":"Comment","target":["https:\/\/dicodusport.fr\/blog\/motogp-grand-prix-du-qatar-grille-de-depart\/#respond"]}],"copyrightYear":"2021","copyrightHolder":{"@id":"https:\/\/dicodusport.fr\/blog\/#organization"}},{"@type":"WebPage","@id":"https:\/\/dicodusport.fr\/blog\/motogp-grand-prix-du-qatar-grille-de-depart\/","url":"https:\/\/dicodusport.fr\/blog\/motogp-grand-prix-du-qatar-grille-de-depart\/","name":"MotoGP - Grand Prix du Qatar : la grille de d\u00e9part","isPartOf":{"@id":"https:\/\/dicodusport.fr\/blog\/#website"},"primaryImageOfPage":{"@id":"https:\/\/dicodusport.fr\/blog\/motogp-grand-prix-du-qatar-grille-de-depart\/#primaryimage"},"image":{"@id":"https:\/\/dicodusport.fr\/blog\/motogp-grand-prix-du-qatar-grille-de-depart\/#primaryimage"},"thumbnailUrl":"https:\/\/dicodusport.fr\/blog\/wp-content\/uploads\/2021\/03\/MotoGP-Grand-Prix-du-Qatar-La-grille-de-depart.png","datePublished":"2021-03-27T17:46:42+00:00","dateModified":"2021-03-28T22:43:10+00:00","description":"MOTOGP - GRAND PRIX DU QATAR 2021 - D\u00e9couvrez la grille de d\u00e9part du Grand Prix du Qatar 2021, apr\u00e8s les qualifications de ce samedi 27 mars.","breadcrumb":{"@id":"https:\/\/dicodusport.fr\/blog\/motogp-grand-prix-du-qatar-grille-de-depart\/#breadcrumb"},"inLanguage":"fr-FR","potentialAction":[{"@type":"ReadAction","target":["https:\/\/dicodusport.fr\/blog\/motogp-grand-prix-du-qatar-grille-de-depart\/"]}]},{"@type":"ImageObject","inLanguage":"fr-FR","@id":"https:\/\/dicodusport.fr\/blog\/motogp-grand-prix-du-qatar-grille-de-depart\/#primaryimage","url":"https:\/\/dicodusport.fr\/blog\/wp-content\/uploads\/2021\/03\/MotoGP-Grand-Prix-du-Qatar-La-grille-de-depart.png","contentUrl":"https:\/\/dicodusport.fr\/blog\/wp-content\/uploads\/2021\/03\/MotoGP-Grand-Prix-du-Qatar-La-grille-de-depart.png","width":1200,"height":670,"caption":"MotoGP - Grand Prix du Qatar : la grille de d\u00e9part"},{"@type":"BreadcrumbList","@id":"https:\/\/dicodusport.fr\/blog\/motogp-grand-prix-du-qatar-grille-de-depart\/#breadcrumb","itemListElement":[{"@type":"ListItem","position":1,"name":"Accueil","item":"https:\/\/dicodusport.fr\/blog\/"},{"@type":"ListItem","position":2,"name":"MotoGP &#8211; Grand Prix du Qatar : la grille de d\u00e9part"}]},{"@type":"WebSite","@id":"https:\/\/dicodusport.fr\/blog\/#website","url":"https:\/\/dicodusport.fr\/blog\/","name":"Dicodusport","description":"L&#039;encyclop\u00e9die de l&#039;actualit\u00e9 sportive","publisher":{"@id":"https:\/\/dicodusport.fr\/blog\/#organization"},"potentialAction":[{"@type":"SearchAction","target":{"@type":"EntryPoint","urlTemplate":"https:\/\/dicodusport.fr\/blog\/?s={search_term_string}"},"query-input":{"@type":"PropertyValueSpecification","valueRequired":true,"valueName":"search_term_string"}}],"inLanguage":"fr-FR"},{"@type":"NewsMediaOrganization","@id":"https:\/\/dicodusport.fr\/blog\/#organization","name":"Dicodusport","url":"https:\/\/dicodusport.fr\/blog\/","logo":{"@type":"ImageObject","inLanguage":"fr-FR","@id":"https:\/\/dicodusport.fr\/blog\/#\/schema\/logo\/image\/","url":"https:\/\/dicodusport.fr\/blog\/wp-content\/uploads\/2020\/06\/cropped-LOGO-DICODUSPORT-2020-SANS-FOND-SANS-TEXTE.png","contentUrl":"https:\/\/dicodusport.fr\/blog\/wp-content\/uploads\/2020\/06\/cropped-LOGO-DICODUSPORT-2020-SANS-FOND-SANS-TEXTE.png","width":512,"height":512,"caption":"Dicodusport"},"image":{"@id":"https:\/\/dicodusport.fr\/blog\/#\/schema\/logo\/image\/"},"sameAs":["https:\/\/www.facebook.com\/dicodusport","https:\/\/x.com\/dicodusport","https:\/\/www.instagram.com\/dicodusport\/","https:\/\/www.youtube.com\/channel\/UC7V2KZ5sd3htJivAbA4ZG3w"],"description":"Dicodusport est l'encyclop\u00e9die de l'actualit\u00e9 sportive.","email":"bonjour@dicodusport.fr","legalName":"DICODUSPORT","foundingDate":"2018-01-14","vatID":"FR71834470973","taxID":"83447097300043","numberOfEmployees":{"@type":"QuantitativeValue","minValue":"1","maxValue":"10"}},{"@type":"Person","@id":"https:\/\/dicodusport.fr\/blog\/#\/schema\/person\/cb02af4c173ce4a653b55e9baf388d4a","name":"Flo Ostermann","image":{"@type":"ImageObject","inLanguage":"fr-FR","@id":"https:\/\/dicodusport.fr\/blog\/#\/schema\/person\/image\/","url":"https:\/\/dicodusport.fr\/blog\/wp-content\/uploads\/2021\/05\/Flo-Ostermann-150x150.jpg","contentUrl":"https:\/\/dicodusport.fr\/blog\/wp-content\/uploads\/2021\/05\/Flo-Ostermann-150x150.jpg","caption":"Flo Ostermann"},"description":"Journaliste\/R\u00e9dacteur depuis septembre 2015 - Mes premiers souvenirs dans le sport ? Les envol\u00e9es du Stade Toulousain et les duels Villeneuve-Schumacher et H\u00e4kkinen-Schumacher \u00e0 la fin des ann\u00e9es 90, la Coupe du monde de football en 1998, l\u2019exploit du XV de France face aux All Blacks en 1999, mais aussi Richard C\u0153ur de Lion qui vole sur les montagnes du Tour de France. Bien parti pour devenir professeur d\u2019EPS, les \u00e9v\u00e9nements de la vie (et la flemme d\u2019animer des s\u00e9ances de 3x500 m\u00e8tres toute ma vie) m\u2019ont conduit \u00e0 revoir mes plans. Me voil\u00e0 depuis fin 2017 sur Dicodusport, m\u00e9dia gr\u00e2ce (et pour) lequel je partage ma passion : le sport dans tous ses \u00e9tats. Le tout accompagn\u00e9 par les fous furieux et folles furieuses cit\u00e9s sur cette page !","sameAs":["https:\/\/www.facebook.com\/florent.ostermann","https:\/\/x.com\/https:\/\/twitter.com\/FlOstermann","admin"],"url":"https:\/\/dicodusport.fr\/blog\/author\/flo\/"}]}},"_links":{"self":[{"href":"https:\/\/dicodusport.fr\/blog\/wp-json\/wp\/v2\/posts\/116913","targetHints":{"allow":["GET"]}}],"collection":[{"href":"https:\/\/dicodusport.fr\/blog\/wp-json\/wp\/v2\/posts"}],"about":[{"href":"https:\/\/dicodusport.fr\/blog\/wp-json\/wp\/v2\/types\/post"}],"author":[{"embeddable":true,"href":"https:\/\/dicodusport.fr\/blog\/wp-json\/wp\/v2\/users\/4"}],"replies":[{"embeddable":true,"href":"https:\/\/dicodusport.fr\/blog\/wp-json\/wp\/v2\/comments?post=116913"}],"version-history":[{"count":0,"href":"https:\/\/dicodusport.fr\/blog\/wp-json\/wp\/v2\/posts\/116913\/revisions"}],"wp:featuredmedia":[{"embeddable":true,"href":"https:\/\/dicodusport.fr\/blog\/wp-json\/wp\/v2\/media\/116914"}],"wp:attachment":[{"href":"https:\/\/dicodusport.fr\/blog\/wp-json\/wp\/v2\/media?parent=116913"}],"wp:term":[{"taxonomy":"category","embeddable":true,"href":"https:\/\/dicodusport.fr\/blog\/wp-json\/wp\/v2\/categories?post=116913"},{"taxonomy":"post_tag","embeddable":true,"href":"https:\/\/dicodusport.fr\/blog\/wp-json\/wp\/v2\/tags?post=116913"}],"curies":[{"name":"wp","href":"https:\/\/api.w.org\/{rel}","templated":true}]}}