{"id":117138,"date":"2021-03-28T16:08:54","date_gmt":"2021-03-28T14:08:54","guid":{"rendered":"https:\/\/dicodusport.fr\/blog\/?p=117138"},"modified":"2021-03-28T17:31:47","modified_gmt":"2021-03-28T15:31:47","slug":"gand-wevelgem-grand-favori-wout-van-aert-s-impose","status":"publish","type":"post","link":"https:\/\/dicodusport.fr\/blog\/gand-wevelgem-grand-favori-wout-van-aert-s-impose\/","title":{"rendered":"Gand-Wevelgem : Grand favori, Wout Van Aert s&rsquo;impose"},"content":{"rendered":"<p style=\"text-align: justify;\"><strong><em><a href=\"https:\/\/dicodusport.fr\/blog\/actualites\/cyclisme\/\" target=\"_blank\" rel=\"noopener\">CYCLISME<\/a> &#8211; Deux jours apr\u00e8s le <a href=\"https:\/\/dicodusport.fr\/blog\/e3-saxo-bank-classic-double-deceuninck-quick-step-asgreen-devance-senechal\/\" target=\"_blank\" rel=\"noopener\">E3 Saxo Bank Classic<\/a> remport\u00e9 par Kasper Asgreen, la saison flandrienne continuait ce dimanche apr\u00e8s-midi avec <a href=\"https:\/\/dicodusport.fr\/blog\/gand-wevelgem-2021-parcours-en-detail\/\">Gand-Wevelgem<\/a>. Wout Van Aert (Jumbo Visma) s&rsquo;est montr\u00e9 le plus rapide dans un groupe de 7 coureurs apr\u00e8s une course anim\u00e9e par le vent.<br \/>\n<\/em><\/strong><\/p>\n<p style=\"text-align: justify;\">D&rsquo;abord, apr\u00e8s une \u00e9chapp\u00e9e matinale de 4 coureurs, un coup de bordure a permis une s\u00e9lection au sein du peloton apr\u00e8s moins de 90 kilom\u00e8tres de course. Des sprinteurs comme <strong>Sam Bennett (Deceuninck QuickStep), Michael Matthews (Team BikeExchange), <\/strong>le champion d&rsquo;Europe<strong> Giacomo Nizzolo (Qubeka ASSOS), Sonny Colbrelli (Bahrain Victorious), Matteo Trentin (UAE Team Emirates) <\/strong>et bien s\u00fbr <strong>Wout van Aert (Jumbo Visma)<\/strong>, ont r\u00e9ussi leur coup \u00e0 se placer \u00e0 l&rsquo;avant, avant m\u00eame la partie difficile des Plugstreets et des monts. Matthews avait \u00e0 ses c\u00f4t\u00e9s deux \u00e9quipiers (<strong>Bauer<\/strong> et <strong>Stannard<\/strong>). Au sein du peloton, les formations <strong>INEOS<\/strong> et <strong>AG2r Citro\u00ebn<\/strong> ont \u00e9t\u00e9 pi\u00e9g\u00e9es et l&rsquo;\u00e9cart a continu\u00e9 \u00e0 grandir puisque devant, l&rsquo;entente \u00e9tait presque parfaite.<\/p>\n<p style=\"text-align: justify;\">Puis, les monts ont permis une nouvelle s\u00e9lection \u00e0 l&rsquo;avant \u00e0 la fois dans le groupe de t\u00eate et dans le peloton de chasse. Devant, apr\u00e8s les trois ascensions du <strong>Kemmelberg<\/strong>, ils n\u2019\u00e9taient plus que neuf. Contrairement au E3 Saxo Bank Classic, <strong>Wout Van Aert (Jumbo Visma)<\/strong> a pu compter sur un \u00e9quipier dans ce moment crucial : <strong>Nathan Van Hooydonck. <\/strong>Tandis qu&rsquo;\u00e0 l&rsquo;arri\u00e8re, une quinzaine de coureurs se sont extirp\u00e9s avant la longue partie plate vers <strong>Wevelgem<\/strong>.<\/p>\n<h2 style=\"text-align: justify;\">Van Aert pour conclure<\/h2>\n<p style=\"text-align: justify;\">Par la suite, malheureusement, pour <strong>Sam Bennett <\/strong>et pour <strong>Danny van Poppel (Intermarch\u00e9 Wanty Gobert)<\/strong>, une acc\u00e9l\u00e9ration de <strong>Nathan Van Hooydonck (Jumbo Visma)<\/strong> leur a \u00e9t\u00e9 fatale \u00e0 16 kilom\u00e8tres du terme sur des routes expos\u00e9es au vent. L&rsquo;Irlandais \u00e9tait d\u00e9j\u00e0 au bout de ses forces dans les trois ascensions du <strong>Kemmelberg<\/strong>. D\u00e9ception pour l&rsquo;\u00e9quipe de Patrick Lefevere, son sprinteur n&rsquo;\u00e9tait plus \u00e0 l&rsquo;avant alors que <strong>Lampaert<\/strong> et <strong>Stybar <\/strong>se trouvaient dans le groupe \u00e0 50 secondes.<\/p>\n<p style=\"text-align: justify;\">Finalement, au sprint, <strong>Wout Van Aert (Jumbo Visma)<\/strong> a laiss\u00e9 parler sa puissance pour d\u00e9crocher son troisi\u00e8me bouquet de la saison. <strong>Giacomo Nizzolo (Qhubeka ASSOS)<\/strong> a pris la deuxi\u00e8me place devant son compatriote <strong>Matteo Trentin (UAE Team Emirates)<\/strong>. Malgr\u00e9 une petite attaque dans le final, <strong>Stefan K\u00fcng (Groupama FDJ)<\/strong> a fini 6e. Sorti du groupe de chasse,<strong> Anthony Turgis (Total Direct Energie)<\/strong> a termin\u00e9 \u00e0 la 9e place derri\u00e8re <strong>Dylan van Baarle (INEOS Grenadiers)<\/strong>. Le coureur fran\u00e7ais est entr\u00e9 une nouvelle fois dans un Top 10 dans une Flandrienne.<\/p>\n<blockquote class=\"twitter-tweet\">\n<p dir=\"ltr\" lang=\"en\">Wout van Aert s&rsquo;impose au sprint et remporte le Gand Wevelgem 2021 &#x1f44f;<a href=\"https:\/\/twitter.com\/hashtag\/lequipeVELO?src=hash&amp;ref_src=twsrc%5Etfw\">#lequipeVELO<\/a> <a href=\"https:\/\/t.co\/NpBdkHdkS6\">pic.twitter.com\/NpBdkHdkS6<\/a><\/p>\n<p>\u2014 la chaine L&rsquo;\u00c9quipe (@lachainelequipe) <a href=\"https:\/\/twitter.com\/lachainelequipe\/status\/1376172700520083456?ref_src=twsrc%5Etfw\">March 28, 2021<\/a><\/p><\/blockquote>\n<p><script async src=\"https:\/\/platform.twitter.com\/widgets.js\" charset=\"utf-8\"><\/script><\/p>\n<h2 style=\"text-align: justify;\">A lire aussi<\/h2>\n<ul>\n<li style=\"text-align: justify;\"><a href=\"https:\/\/dicodusport.fr\/blog\/gand-wevelgem-2021-classement-course\/\" target=\"_blank\" rel=\"noopener\"><strong>Le classement de Gand-Wevelgem 2020<\/strong><\/a><\/li>\n<\/ul>\n<p><strong><em>Emilien Descampiaux<br \/>\n<a href=\"https:\/\/www.facebook.com\/groups\/LesRoisDuPeloton\" target=\"_blank\" rel=\"noopener noreferrer\"><img loading=\"lazy\" decoding=\"async\" class=\"alignnone wp-image-2909\" src=\"http:\/\/dicodusport.fr\/blog\/wp-content\/uploads\/2017\/07\/logo-facebook-150x150.png\" alt=\"\" width=\"40\" height=\"40\" \/><\/a><a href=\"https:\/\/twitter.com\/LRoisDuPeloton\" target=\"_blank\" rel=\"noopener noreferrer\"><img loading=\"lazy\" decoding=\"async\" class=\"alignnone wp-image-2908\" src=\"http:\/\/dicodusport.fr\/blog\/wp-content\/uploads\/2017\/07\/logo-twitter-150x150.png\" alt=\"\" width=\"40\" height=\"40\" \/><\/a><\/em><\/strong><\/p>\n","protected":false},"excerpt":{"rendered":"<p>CYCLISME &#8211; Deux jours apr\u00e8s le E3 Saxo Bank Classic remport\u00e9 par Kasper Asgreen, la saison flandrienne continuait ce dimanche apr\u00e8s-midi avec Gand-Wevelgem. Wout Van Aert (Jumbo Visma) s&rsquo;est montr\u00e9 le plus rapide dans un groupe de 7 coureurs apr\u00e8s une course anim\u00e9e par le vent.<\/p>\n","protected":false},"author":48,"featured_media":117179,"comment_status":"open","ping_status":"closed","sticky":false,"template":"","format":"standard","meta":{"_acf_changed":false,"_daextam_enable_autolinks":"","footnotes":""},"categories":[2307],"tags":[3119,4283],"class_list":["post-117138","post","type-post","status-publish","format-standard","has-post-thumbnail","hentry","category-cyclisme","tag-actualite-cyclisme","tag-gand-wevelgem"],"acf":[],"yoast_head":"<!-- This site is optimized with the Yoast SEO Premium plugin v26.7 (Yoast SEO v26.7) - https:\/\/yoast.com\/wordpress\/plugins\/seo\/ -->\n<title>Gand-Wevelgem : Grand favori, Wout Van Aert s&#039;impose<\/title>\n<meta name=\"description\" content=\"CYCLISME - Deux jours apr\u00e8s le E3 Saxo Bank Classic remport\u00e9 par Kasper Asgreen, Wout Van Aert (Jumbo Visma) s&#039;est montr\u00e9 le plus rapide.\" \/>\n<meta name=\"robots\" content=\"index, follow, max-snippet:-1, max-image-preview:large, max-video-preview:-1\" \/>\n<link rel=\"canonical\" href=\"https:\/\/dicodusport.fr\/blog\/gand-wevelgem-grand-favori-wout-van-aert-s-impose\/\" \/>\n<meta property=\"og:locale\" content=\"fr_FR\" \/>\n<meta property=\"og:type\" content=\"article\" \/>\n<meta property=\"og:title\" content=\"Gand-Wevelgem : Grand favori, Wout Van Aert s&#039;impose\" \/>\n<meta property=\"og:description\" content=\"CYCLISME - Deux jours apr\u00e8s le E3 Saxo Bank Classic remport\u00e9 par Kasper Asgreen, Wout Van Aert (Jumbo Visma) s&#039;est montr\u00e9 le plus rapide.\" \/>\n<meta property=\"og:url\" content=\"https:\/\/dicodusport.fr\/blog\/gand-wevelgem-grand-favori-wout-van-aert-s-impose\/\" \/>\n<meta property=\"og:site_name\" content=\"Dicodusport\" \/>\n<meta property=\"article:publisher\" content=\"https:\/\/www.facebook.com\/dicodusport\" \/>\n<meta property=\"article:author\" content=\"https:\/\/www.facebook.com\/groups\/LesRoisDuPeloton\" \/>\n<meta property=\"article:published_time\" content=\"2021-03-28T14:08:54+00:00\" \/>\n<meta property=\"article:modified_time\" content=\"2021-03-28T15:31:47+00:00\" \/>\n<meta property=\"og:image\" content=\"https:\/\/dicodusport.fr\/blog\/wp-content\/uploads\/2021\/03\/Gand-Wevelgem-Grand-favori-Wout-Van-Aert-simpose.png\" \/>\n\t<meta property=\"og:image:width\" content=\"800\" \/>\n\t<meta property=\"og:image:height\" content=\"445\" \/>\n\t<meta property=\"og:image:type\" content=\"image\/png\" \/>\n<meta name=\"author\" content=\"Emilien Descampiaux\" \/>\n<meta name=\"twitter:card\" content=\"summary_large_image\" \/>\n<meta name=\"twitter:title\" content=\"Gand-Wevelgem : Grand favori, Wout Van Aert s&#039;impose\" \/>\n<meta name=\"twitter:creator\" content=\"@https:\/\/twitter.com\/LRoisDuPeloton\" \/>\n<meta name=\"twitter:site\" content=\"@dicodusport\" \/>\n<script type=\"application\/ld+json\" class=\"yoast-schema-graph\">{\"@context\":\"https:\/\/schema.org\",\"@graph\":[{\"@type\":\"NewsArticle\",\"@id\":\"https:\/\/dicodusport.fr\/blog\/gand-wevelgem-grand-favori-wout-van-aert-s-impose\/#article\",\"isPartOf\":{\"@id\":\"https:\/\/dicodusport.fr\/blog\/gand-wevelgem-grand-favori-wout-van-aert-s-impose\/\"},\"author\":{\"name\":\"Emilien Descampiaux\",\"@id\":\"https:\/\/dicodusport.fr\/blog\/#\/schema\/person\/6db4bae06b171592211be385b32876a7\"},\"headline\":\"Gand-Wevelgem : Grand favori, Wout Van Aert s&rsquo;impose\",\"datePublished\":\"2021-03-28T14:08:54+00:00\",\"dateModified\":\"2021-03-28T15:31:47+00:00\",\"mainEntityOfPage\":{\"@id\":\"https:\/\/dicodusport.fr\/blog\/gand-wevelgem-grand-favori-wout-van-aert-s-impose\/\"},\"wordCount\":484,\"commentCount\":0,\"publisher\":{\"@id\":\"https:\/\/dicodusport.fr\/blog\/#organization\"},\"image\":{\"@id\":\"https:\/\/dicodusport.fr\/blog\/gand-wevelgem-grand-favori-wout-van-aert-s-impose\/#primaryimage\"},\"thumbnailUrl\":\"https:\/\/dicodusport.fr\/blog\/wp-content\/uploads\/2021\/03\/Gand-Wevelgem-Grand-favori-Wout-Van-Aert-simpose.png\",\"keywords\":[\"Actualit\u00e9 Cyclisme\",\"Gand-Wevelgem\"],\"articleSection\":[\"Cyclisme\"],\"inLanguage\":\"fr-FR\",\"potentialAction\":[{\"@type\":\"CommentAction\",\"name\":\"Comment\",\"target\":[\"https:\/\/dicodusport.fr\/blog\/gand-wevelgem-grand-favori-wout-van-aert-s-impose\/#respond\"]}],\"copyrightYear\":\"2021\",\"copyrightHolder\":{\"@id\":\"https:\/\/dicodusport.fr\/blog\/#organization\"}},{\"@type\":\"WebPage\",\"@id\":\"https:\/\/dicodusport.fr\/blog\/gand-wevelgem-grand-favori-wout-van-aert-s-impose\/\",\"url\":\"https:\/\/dicodusport.fr\/blog\/gand-wevelgem-grand-favori-wout-van-aert-s-impose\/\",\"name\":\"Gand-Wevelgem : Grand favori, Wout Van Aert s'impose\",\"isPartOf\":{\"@id\":\"https:\/\/dicodusport.fr\/blog\/#website\"},\"primaryImageOfPage\":{\"@id\":\"https:\/\/dicodusport.fr\/blog\/gand-wevelgem-grand-favori-wout-van-aert-s-impose\/#primaryimage\"},\"image\":{\"@id\":\"https:\/\/dicodusport.fr\/blog\/gand-wevelgem-grand-favori-wout-van-aert-s-impose\/#primaryimage\"},\"thumbnailUrl\":\"https:\/\/dicodusport.fr\/blog\/wp-content\/uploads\/2021\/03\/Gand-Wevelgem-Grand-favori-Wout-Van-Aert-simpose.png\",\"datePublished\":\"2021-03-28T14:08:54+00:00\",\"dateModified\":\"2021-03-28T15:31:47+00:00\",\"description\":\"CYCLISME - Deux jours apr\u00e8s le E3 Saxo Bank Classic remport\u00e9 par Kasper Asgreen, Wout Van Aert (Jumbo Visma) s'est montr\u00e9 le plus rapide.\",\"breadcrumb\":{\"@id\":\"https:\/\/dicodusport.fr\/blog\/gand-wevelgem-grand-favori-wout-van-aert-s-impose\/#breadcrumb\"},\"inLanguage\":\"fr-FR\",\"potentialAction\":[{\"@type\":\"ReadAction\",\"target\":[\"https:\/\/dicodusport.fr\/blog\/gand-wevelgem-grand-favori-wout-van-aert-s-impose\/\"]}]},{\"@type\":\"ImageObject\",\"inLanguage\":\"fr-FR\",\"@id\":\"https:\/\/dicodusport.fr\/blog\/gand-wevelgem-grand-favori-wout-van-aert-s-impose\/#primaryimage\",\"url\":\"https:\/\/dicodusport.fr\/blog\/wp-content\/uploads\/2021\/03\/Gand-Wevelgem-Grand-favori-Wout-Van-Aert-simpose.png\",\"contentUrl\":\"https:\/\/dicodusport.fr\/blog\/wp-content\/uploads\/2021\/03\/Gand-Wevelgem-Grand-favori-Wout-Van-Aert-simpose.png\",\"width\":800,\"height\":445,\"caption\":\"Gand-Wevelgem - Grand favori, Wout Van Aert s'impose\"},{\"@type\":\"BreadcrumbList\",\"@id\":\"https:\/\/dicodusport.fr\/blog\/gand-wevelgem-grand-favori-wout-van-aert-s-impose\/#breadcrumb\",\"itemListElement\":[{\"@type\":\"ListItem\",\"position\":1,\"name\":\"Accueil\",\"item\":\"https:\/\/dicodusport.fr\/blog\/\"},{\"@type\":\"ListItem\",\"position\":2,\"name\":\"Gand-Wevelgem : Grand favori, Wout Van Aert s&rsquo;impose\"}]},{\"@type\":\"WebSite\",\"@id\":\"https:\/\/dicodusport.fr\/blog\/#website\",\"url\":\"https:\/\/dicodusport.fr\/blog\/\",\"name\":\"Dicodusport\",\"description\":\"L&#039;encyclop\u00e9die de l&#039;actualit\u00e9 sportive\",\"publisher\":{\"@id\":\"https:\/\/dicodusport.fr\/blog\/#organization\"},\"potentialAction\":[{\"@type\":\"SearchAction\",\"target\":{\"@type\":\"EntryPoint\",\"urlTemplate\":\"https:\/\/dicodusport.fr\/blog\/?s={search_term_string}\"},\"query-input\":{\"@type\":\"PropertyValueSpecification\",\"valueRequired\":true,\"valueName\":\"search_term_string\"}}],\"inLanguage\":\"fr-FR\"},{\"@type\":\"NewsMediaOrganization\",\"@id\":\"https:\/\/dicodusport.fr\/blog\/#organization\",\"name\":\"Dicodusport\",\"url\":\"https:\/\/dicodusport.fr\/blog\/\",\"logo\":{\"@type\":\"ImageObject\",\"inLanguage\":\"fr-FR\",\"@id\":\"https:\/\/dicodusport.fr\/blog\/#\/schema\/logo\/image\/\",\"url\":\"https:\/\/dicodusport.fr\/blog\/wp-content\/uploads\/2020\/06\/cropped-LOGO-DICODUSPORT-2020-SANS-FOND-SANS-TEXTE.png\",\"contentUrl\":\"https:\/\/dicodusport.fr\/blog\/wp-content\/uploads\/2020\/06\/cropped-LOGO-DICODUSPORT-2020-SANS-FOND-SANS-TEXTE.png\",\"width\":512,\"height\":512,\"caption\":\"Dicodusport\"},\"image\":{\"@id\":\"https:\/\/dicodusport.fr\/blog\/#\/schema\/logo\/image\/\"},\"sameAs\":[\"https:\/\/www.facebook.com\/dicodusport\",\"https:\/\/x.com\/dicodusport\",\"https:\/\/www.instagram.com\/dicodusport\/\",\"https:\/\/www.youtube.com\/channel\/UC7V2KZ5sd3htJivAbA4ZG3w\"],\"description\":\"Dicodusport est l'encyclop\u00e9die de l'actualit\u00e9 sportive.\",\"email\":\"bonjour@dicodusport.fr\",\"legalName\":\"DICODUSPORT\",\"foundingDate\":\"2018-01-14\",\"vatID\":\"FR71834470973\",\"taxID\":\"83447097300043\",\"numberOfEmployees\":{\"@type\":\"QuantitativeValue\",\"minValue\":\"1\",\"maxValue\":\"10\"}},{\"@type\":\"Person\",\"@id\":\"https:\/\/dicodusport.fr\/blog\/#\/schema\/person\/6db4bae06b171592211be385b32876a7\",\"name\":\"Emilien Descampiaux\",\"image\":{\"@type\":\"ImageObject\",\"inLanguage\":\"fr-FR\",\"@id\":\"https:\/\/dicodusport.fr\/blog\/#\/schema\/person\/image\/\",\"url\":\"https:\/\/dicodusport.fr\/blog\/wp-content\/uploads\/2021\/05\/Emilien-Descampiaux-150x150.jpg\",\"contentUrl\":\"https:\/\/dicodusport.fr\/blog\/wp-content\/uploads\/2021\/05\/Emilien-Descampiaux-150x150.jpg\",\"caption\":\"Emilien Descampiaux\"},\"description\":\"Journaliste\/r\u00e9dacteur depuis 2014 - Fan de la classe de Frank Vandenbroucke, je vis cyclisme (et de ses paysages) depuis plus de 20 ans. Je suis tr\u00e8s impliqu\u00e9 sur mes diff\u00e9rents r\u00e9seaux sociaux pour partager ma passion sur le monde et l'Histoire de la bicyclette avec ma voix sur les images en noir et blanc du succ\u00e8s de Rik Van Steenbergen lors du Ronde sur le V\u00e9lodrome de Gand.\",\"sameAs\":[\"https:\/\/www.facebook.com\/groups\/LesRoisDuPeloton\",\"https:\/\/x.com\/https:\/\/twitter.com\/LRoisDuPeloton\"],\"url\":\"https:\/\/dicodusport.fr\/blog\/author\/emiliend\/\"}]}<\/script>\n<!-- \/ Yoast SEO Premium plugin. -->","yoast_head_json":{"title":"Gand-Wevelgem : Grand favori, Wout Van Aert s'impose","description":"CYCLISME - Deux jours apr\u00e8s le E3 Saxo Bank Classic remport\u00e9 par Kasper Asgreen, Wout Van Aert (Jumbo Visma) s'est montr\u00e9 le plus rapide.","robots":{"index":"index","follow":"follow","max-snippet":"max-snippet:-1","max-image-preview":"max-image-preview:large","max-video-preview":"max-video-preview:-1"},"canonical":"https:\/\/dicodusport.fr\/blog\/gand-wevelgem-grand-favori-wout-van-aert-s-impose\/","og_locale":"fr_FR","og_type":"article","og_title":"Gand-Wevelgem : Grand favori, Wout Van Aert s'impose","og_description":"CYCLISME - Deux jours apr\u00e8s le E3 Saxo Bank Classic remport\u00e9 par Kasper Asgreen, Wout Van Aert (Jumbo Visma) s'est montr\u00e9 le plus rapide.","og_url":"https:\/\/dicodusport.fr\/blog\/gand-wevelgem-grand-favori-wout-van-aert-s-impose\/","og_site_name":"Dicodusport","article_publisher":"https:\/\/www.facebook.com\/dicodusport","article_author":"https:\/\/www.facebook.com\/groups\/LesRoisDuPeloton","article_published_time":"2021-03-28T14:08:54+00:00","article_modified_time":"2021-03-28T15:31:47+00:00","og_image":[{"width":800,"height":445,"url":"https:\/\/dicodusport.fr\/blog\/wp-content\/uploads\/2021\/03\/Gand-Wevelgem-Grand-favori-Wout-Van-Aert-simpose.png","type":"image\/png"}],"author":"Emilien Descampiaux","twitter_card":"summary_large_image","twitter_title":"Gand-Wevelgem : Grand favori, Wout Van Aert s'impose","twitter_creator":"@https:\/\/twitter.com\/LRoisDuPeloton","twitter_site":"@dicodusport","schema":{"@context":"https:\/\/schema.org","@graph":[{"@type":"NewsArticle","@id":"https:\/\/dicodusport.fr\/blog\/gand-wevelgem-grand-favori-wout-van-aert-s-impose\/#article","isPartOf":{"@id":"https:\/\/dicodusport.fr\/blog\/gand-wevelgem-grand-favori-wout-van-aert-s-impose\/"},"author":{"name":"Emilien Descampiaux","@id":"https:\/\/dicodusport.fr\/blog\/#\/schema\/person\/6db4bae06b171592211be385b32876a7"},"headline":"Gand-Wevelgem : Grand favori, Wout Van Aert s&rsquo;impose","datePublished":"2021-03-28T14:08:54+00:00","dateModified":"2021-03-28T15:31:47+00:00","mainEntityOfPage":{"@id":"https:\/\/dicodusport.fr\/blog\/gand-wevelgem-grand-favori-wout-van-aert-s-impose\/"},"wordCount":484,"commentCount":0,"publisher":{"@id":"https:\/\/dicodusport.fr\/blog\/#organization"},"image":{"@id":"https:\/\/dicodusport.fr\/blog\/gand-wevelgem-grand-favori-wout-van-aert-s-impose\/#primaryimage"},"thumbnailUrl":"https:\/\/dicodusport.fr\/blog\/wp-content\/uploads\/2021\/03\/Gand-Wevelgem-Grand-favori-Wout-Van-Aert-simpose.png","keywords":["Actualit\u00e9 Cyclisme","Gand-Wevelgem"],"articleSection":["Cyclisme"],"inLanguage":"fr-FR","potentialAction":[{"@type":"CommentAction","name":"Comment","target":["https:\/\/dicodusport.fr\/blog\/gand-wevelgem-grand-favori-wout-van-aert-s-impose\/#respond"]}],"copyrightYear":"2021","copyrightHolder":{"@id":"https:\/\/dicodusport.fr\/blog\/#organization"}},{"@type":"WebPage","@id":"https:\/\/dicodusport.fr\/blog\/gand-wevelgem-grand-favori-wout-van-aert-s-impose\/","url":"https:\/\/dicodusport.fr\/blog\/gand-wevelgem-grand-favori-wout-van-aert-s-impose\/","name":"Gand-Wevelgem : Grand favori, Wout Van Aert s'impose","isPartOf":{"@id":"https:\/\/dicodusport.fr\/blog\/#website"},"primaryImageOfPage":{"@id":"https:\/\/dicodusport.fr\/blog\/gand-wevelgem-grand-favori-wout-van-aert-s-impose\/#primaryimage"},"image":{"@id":"https:\/\/dicodusport.fr\/blog\/gand-wevelgem-grand-favori-wout-van-aert-s-impose\/#primaryimage"},"thumbnailUrl":"https:\/\/dicodusport.fr\/blog\/wp-content\/uploads\/2021\/03\/Gand-Wevelgem-Grand-favori-Wout-Van-Aert-simpose.png","datePublished":"2021-03-28T14:08:54+00:00","dateModified":"2021-03-28T15:31:47+00:00","description":"CYCLISME - Deux jours apr\u00e8s le E3 Saxo Bank Classic remport\u00e9 par Kasper Asgreen, Wout Van Aert (Jumbo Visma) s'est montr\u00e9 le plus rapide.","breadcrumb":{"@id":"https:\/\/dicodusport.fr\/blog\/gand-wevelgem-grand-favori-wout-van-aert-s-impose\/#breadcrumb"},"inLanguage":"fr-FR","potentialAction":[{"@type":"ReadAction","target":["https:\/\/dicodusport.fr\/blog\/gand-wevelgem-grand-favori-wout-van-aert-s-impose\/"]}]},{"@type":"ImageObject","inLanguage":"fr-FR","@id":"https:\/\/dicodusport.fr\/blog\/gand-wevelgem-grand-favori-wout-van-aert-s-impose\/#primaryimage","url":"https:\/\/dicodusport.fr\/blog\/wp-content\/uploads\/2021\/03\/Gand-Wevelgem-Grand-favori-Wout-Van-Aert-simpose.png","contentUrl":"https:\/\/dicodusport.fr\/blog\/wp-content\/uploads\/2021\/03\/Gand-Wevelgem-Grand-favori-Wout-Van-Aert-simpose.png","width":800,"height":445,"caption":"Gand-Wevelgem - Grand favori, Wout Van Aert s'impose"},{"@type":"BreadcrumbList","@id":"https:\/\/dicodusport.fr\/blog\/gand-wevelgem-grand-favori-wout-van-aert-s-impose\/#breadcrumb","itemListElement":[{"@type":"ListItem","position":1,"name":"Accueil","item":"https:\/\/dicodusport.fr\/blog\/"},{"@type":"ListItem","position":2,"name":"Gand-Wevelgem : Grand favori, Wout Van Aert s&rsquo;impose"}]},{"@type":"WebSite","@id":"https:\/\/dicodusport.fr\/blog\/#website","url":"https:\/\/dicodusport.fr\/blog\/","name":"Dicodusport","description":"L&#039;encyclop\u00e9die de l&#039;actualit\u00e9 sportive","publisher":{"@id":"https:\/\/dicodusport.fr\/blog\/#organization"},"potentialAction":[{"@type":"SearchAction","target":{"@type":"EntryPoint","urlTemplate":"https:\/\/dicodusport.fr\/blog\/?s={search_term_string}"},"query-input":{"@type":"PropertyValueSpecification","valueRequired":true,"valueName":"search_term_string"}}],"inLanguage":"fr-FR"},{"@type":"NewsMediaOrganization","@id":"https:\/\/dicodusport.fr\/blog\/#organization","name":"Dicodusport","url":"https:\/\/dicodusport.fr\/blog\/","logo":{"@type":"ImageObject","inLanguage":"fr-FR","@id":"https:\/\/dicodusport.fr\/blog\/#\/schema\/logo\/image\/","url":"https:\/\/dicodusport.fr\/blog\/wp-content\/uploads\/2020\/06\/cropped-LOGO-DICODUSPORT-2020-SANS-FOND-SANS-TEXTE.png","contentUrl":"https:\/\/dicodusport.fr\/blog\/wp-content\/uploads\/2020\/06\/cropped-LOGO-DICODUSPORT-2020-SANS-FOND-SANS-TEXTE.png","width":512,"height":512,"caption":"Dicodusport"},"image":{"@id":"https:\/\/dicodusport.fr\/blog\/#\/schema\/logo\/image\/"},"sameAs":["https:\/\/www.facebook.com\/dicodusport","https:\/\/x.com\/dicodusport","https:\/\/www.instagram.com\/dicodusport\/","https:\/\/www.youtube.com\/channel\/UC7V2KZ5sd3htJivAbA4ZG3w"],"description":"Dicodusport est l'encyclop\u00e9die de l'actualit\u00e9 sportive.","email":"bonjour@dicodusport.fr","legalName":"DICODUSPORT","foundingDate":"2018-01-14","vatID":"FR71834470973","taxID":"83447097300043","numberOfEmployees":{"@type":"QuantitativeValue","minValue":"1","maxValue":"10"}},{"@type":"Person","@id":"https:\/\/dicodusport.fr\/blog\/#\/schema\/person\/6db4bae06b171592211be385b32876a7","name":"Emilien Descampiaux","image":{"@type":"ImageObject","inLanguage":"fr-FR","@id":"https:\/\/dicodusport.fr\/blog\/#\/schema\/person\/image\/","url":"https:\/\/dicodusport.fr\/blog\/wp-content\/uploads\/2021\/05\/Emilien-Descampiaux-150x150.jpg","contentUrl":"https:\/\/dicodusport.fr\/blog\/wp-content\/uploads\/2021\/05\/Emilien-Descampiaux-150x150.jpg","caption":"Emilien Descampiaux"},"description":"Journaliste\/r\u00e9dacteur depuis 2014 - Fan de la classe de Frank Vandenbroucke, je vis cyclisme (et de ses paysages) depuis plus de 20 ans. Je suis tr\u00e8s impliqu\u00e9 sur mes diff\u00e9rents r\u00e9seaux sociaux pour partager ma passion sur le monde et l'Histoire de la bicyclette avec ma voix sur les images en noir et blanc du succ\u00e8s de Rik Van Steenbergen lors du Ronde sur le V\u00e9lodrome de Gand.","sameAs":["https:\/\/www.facebook.com\/groups\/LesRoisDuPeloton","https:\/\/x.com\/https:\/\/twitter.com\/LRoisDuPeloton"],"url":"https:\/\/dicodusport.fr\/blog\/author\/emiliend\/"}]}},"_links":{"self":[{"href":"https:\/\/dicodusport.fr\/blog\/wp-json\/wp\/v2\/posts\/117138","targetHints":{"allow":["GET"]}}],"collection":[{"href":"https:\/\/dicodusport.fr\/blog\/wp-json\/wp\/v2\/posts"}],"about":[{"href":"https:\/\/dicodusport.fr\/blog\/wp-json\/wp\/v2\/types\/post"}],"author":[{"embeddable":true,"href":"https:\/\/dicodusport.fr\/blog\/wp-json\/wp\/v2\/users\/48"}],"replies":[{"embeddable":true,"href":"https:\/\/dicodusport.fr\/blog\/wp-json\/wp\/v2\/comments?post=117138"}],"version-history":[{"count":0,"href":"https:\/\/dicodusport.fr\/blog\/wp-json\/wp\/v2\/posts\/117138\/revisions"}],"wp:featuredmedia":[{"embeddable":true,"href":"https:\/\/dicodusport.fr\/blog\/wp-json\/wp\/v2\/media\/117179"}],"wp:attachment":[{"href":"https:\/\/dicodusport.fr\/blog\/wp-json\/wp\/v2\/media?parent=117138"}],"wp:term":[{"taxonomy":"category","embeddable":true,"href":"https:\/\/dicodusport.fr\/blog\/wp-json\/wp\/v2\/categories?post=117138"},{"taxonomy":"post_tag","embeddable":true,"href":"https:\/\/dicodusport.fr\/blog\/wp-json\/wp\/v2\/tags?post=117138"}],"curies":[{"name":"wp","href":"https:\/\/api.w.org\/{rel}","templated":true}]}}