{"id":117260,"date":"2021-03-30T14:00:57","date_gmt":"2021-03-30T12:00:57","guid":{"rendered":"https:\/\/dicodusport.fr\/blog\/?p=117260"},"modified":"2021-03-30T16:17:45","modified_gmt":"2021-03-30T14:17:45","slug":"mondiaux-d-hiver-seniors-2021-la-france-parmi-les-meilleures-nations","status":"publish","type":"post","link":"https:\/\/dicodusport.fr\/blog\/mondiaux-d-hiver-seniors-2021-la-france-parmi-les-meilleures-nations\/","title":{"rendered":"Sports d\u2019hiver \u2013 Mondiaux s\u00e9niors : la France parmi les meilleures nations"},"content":{"rendered":"<p style=\"text-align: justify;\"><strong><em><b>SPORTS D\u2019HIVER \u2013 MONDIAUX <\/b>SENIORS &#8211; Les comp\u00e9titions des sports blancs arrivant \u00e0 leur fin, il est venu le temps du bilan. A l&rsquo;image des jeunes et des juniors, les grands ont r\u00e9ussi leurs Mondiaux. On passe en revue cet hiver plein de m\u00e9dailles. Au programme, biathlon, ski alpin, freestyle, snowboard, short-track, t\u00e9l\u00e9mark, ski alpinisme, fond et freeride.<\/em><\/strong><\/p>\n<h2>Le biathlon toujours au top<\/h2>\n<p style=\"text-align: justify;\">Deuxi\u00e8me nation avec 8 m\u00e9dailles en 2020, on a eu le droit \u00e0 du copier-coller cette ann\u00e9e, ou presque. Apr\u00e8s les premi\u00e8res \u00e9preuves individuelles, la France comptait d\u00e9j\u00e0 3 m\u00e9dailles. Sur le sprint masculin, <strong>Emilien Jacquelin<\/strong> est venu chercher la m\u00e9daille de bronze. Juste devant lui, pour une poign\u00e9e de secondes, s&rsquo;est intercal\u00e9 <strong>Simon Desthieux<\/strong>. L&rsquo;Aindinois est parvenu, gr\u00e2ce \u00e0 un 10\/10, \u00e0 d\u00e9crocher une deuxi\u00e8me place et sa premi\u00e8re m\u00e9daille mondiale individuelle. Du c\u00f4t\u00e9 des filles, c&rsquo;est une revenante qui s&rsquo;illustre.\u00a0<b>Ana\u00efs Chevalier-Bouchet<\/b> remporte elle aussi la m\u00e9daille d&rsquo;argent du sprint apr\u00e8s une saison sans biathlon.<\/p>\n<p style=\"text-align: justify;\">Tenant du titre sur la poursuite, <strong>Emilien Jacquelin<\/strong> avait bien l&rsquo;intention de garder son bien. Parti en 3\u00e8me position, <a href=\"https:\/\/dicodusport.fr\/blog\/pokljuka-emilien-jacquelin-conserve-son-titre-mondial-sur-la-poursuite\/\" target=\"_blank\" rel=\"noopener\">l&rsquo;Is\u00e9rois r\u00e9ussira l&rsquo;exploit de ces championnats<\/a>. En blanchissant les 20 cibles (comme en 2020), en seulement 1 minute 30, il n&rsquo;a laiss\u00e9 aucune chance \u00e0 la concurrence et conserve sa couronne. Elle aussi partie en bonne position,\u00a0<b>Ana\u00efs Chevalier-Bouchet<\/b> a recul\u00e9 d&rsquo;une place mais reste sur le podium. Sortie 2\u00e8me du dernier tir, elle verra Hauser la doubler dans le dernier tour mais gardera tout de m\u00eame le bronze.<\/p>\n<p style=\"text-align: justify;\">Double tenante du titre (et invaincue) du relais mixte simple, la Norv\u00e8ge \u00e9tait largement favorite. Pour la premi\u00e8re fois, les Norges sont tomb\u00e9s ! <strong>Antonin Guigonnat<\/strong> et <strong>Julia Simon<\/strong> ont r\u00e9ussi \u00e0 d\u00e9tr\u00f4ner les Scandinaves gr\u00e2ce \u00e0 un dernier tour de folie mais aussi \u00e0 une pr\u00e9cision au tir. C&rsquo;est donc le premier titre dans ce format pour la France. Au pied du podium par trois fois, <strong>Quentin Fillon-Maillet<\/strong> n&rsquo;est pas reparti bredouille. \u00c0 la bagarre sur la mass start, il parvient au bout de l&rsquo;effort \u00e0 monter sur la boite pour prendre la m\u00e9daille de bronze. Il obtient la 7\u00e8me et derni\u00e8re m\u00e9daille tricolore de ces Mondiaux \u00e0 Pokljuka (Slov\u00e9nie).<\/p>\n<blockquote class=\"twitter-tweet\">\n<p dir=\"ltr\" lang=\"fr\">ILS L&rsquo;ONT FAIT ! JULIA SIMON ET ANTONIN GUIGONNAT SONT CHAMPIONS DU MONDE SUR LE MIXTE SIMPLE ! &#x1f60d; <a href=\"https:\/\/twitter.com\/hashtag\/Pokljuka2021?src=hash&amp;ref_src=twsrc%5Etfw\">#Pokljuka2021<\/a><\/p>\n<p>\u2014 Dicodusport &#x2b50;&#x2b50; (@dicodusport) <a href=\"https:\/\/twitter.com\/dicodusport\/status\/1362416952963129345?ref_src=twsrc%5Etfw\">February 18, 2021<\/a><\/p><\/blockquote>\n<p><script async src=\"https:\/\/platform.twitter.com\/widgets.js\" charset=\"utf-8\"><\/script><\/p>\n<h2 style=\"text-align: justify;\">Mathieu Faivre rentre dans l&rsquo;histoire<\/h2>\n<p style=\"text-align: justify;\">Pour les Mondiaux de ski alpin \u00e0 Cortina d&rsquo;Ampezzo (Italie), l&rsquo;\u00e9quipe de France arrivait pleine d&rsquo;ambitions. \u00c0 la peine dans les \u00e9preuves de vitesse, les Fran\u00e7ais obtiennent cependant leur premi\u00e8re m\u00e9daille sur l&rsquo;une d&rsquo;elles. Jamais mont\u00e9 sur un podium mondial en Super-G, c&rsquo;est d\u00e9sormais chose faite pour <strong>Alexis Pinturault<\/strong>. Au terme d&rsquo;une course riche en rebondissements, le natif de Mo\u00fbtiers prend la m\u00e9daille de bronze, sa premi\u00e8re dans la discipline. Tenant du titre en combin\u00e9, il a cette fois d\u00fb s&rsquo;incliner. Id\u00e9alement plac\u00e9 apr\u00e8s le Super-G, il \u00e9chouera finalement pour 0.04 centi\u00e8mes derri\u00e8re <strong>Marco Schwarz<\/strong> apr\u00e8s le slalom.<\/p>\n<p style=\"text-align: justify;\">Nouvelle \u00e9preuve aux Mondiaux, le g\u00e9ant parall\u00e8le a souri aux Fran\u00e7ais. Leader de l&rsquo;\u00e9quipe de France f\u00e9minine, <strong>Tessa Worley<\/strong> est all\u00e9e chercher sa 6\u00e8me m\u00e9daille mondiale. Oppos\u00e9e \u00e0 l&rsquo;Am\u00e9ricaine <strong>Paula Moltzan<\/strong> en petite finale, la skieuse du Grand-Bornand a arrach\u00e9 le bronze. De son c\u00f4t\u00e9, <strong>Mathieu Faivre <\/strong>est all\u00e9 chercher le premier titre mondial de la discipline. Imp\u00e9rial, il s&rsquo;est d\u00e9fait du Croate <strong>Filip Zubcic<\/strong> en finale. Au contact en premi\u00e8re manche du g\u00e9ant, il r\u00e9alisera le doubl\u00e9 apr\u00e8s une deuxi\u00e8me manche de folie. L&rsquo;\u00e9quipe de France repart d&rsquo;Italie avec 5 m\u00e9dailles, son meilleur r\u00e9sultat depuis plus de 40 ans !<\/p>\n<blockquote class=\"twitter-tweet\">\n<p dir=\"ltr\" lang=\"fr\">INCROYABLE ! MATHIEU FAIVRE DEVIENT DOUBLE CHAMPION DU MONDE, EN D\u00c9CROCHANT L&rsquo;OR EN G\u00c9ANT ! &#x1f631;&#x1f1eb;&#x1f1f7; <a href=\"https:\/\/twitter.com\/hashtag\/Cortina2021?src=hash&amp;ref_src=twsrc%5Etfw\">#Cortina2021<\/a><\/p>\n<p>\u2014 Dicodusport &#x2b50;&#x2b50; (@dicodusport) <a href=\"https:\/\/twitter.com\/dicodusport\/status\/1362760852655472645?ref_src=twsrc%5Etfw\">February 19, 2021<\/a><\/p><\/blockquote>\n<p><script async src=\"https:\/\/platform.twitter.com\/widgets.js\" charset=\"utf-8\"><\/script><\/p>\n<h2>L\u00e9gendaire Perrine Laffont<\/h2>\n<p style=\"text-align: justify;\">D\u00e9sorganis\u00e9s par la pand\u00e9mie, les Mondiaux de ski freestyle se sont d\u00e9roul\u00e9s en plusieurs \u00e9tapes. C&rsquo;est le site su\u00e9dois d&rsquo;Idre Fj\u00e4ll qui r\u00e9cup\u00e9rait les \u00e9preuves de skicross. Sp\u00e9cialit\u00e9 fran\u00e7aise, nos skicrosseurs l&rsquo;ont \u00e0 nouveau confirm\u00e9. M\u00e9daill\u00e9e de bronze en 2019, <strong>Aliz\u00e9e Baron\u00a0<\/strong>a r\u00e9cidiv\u00e9 et monte une nouvelle fois sur la troisi\u00e8me marche du podium. M\u00e9daill\u00e9 de bronze en 2017, titr\u00e9 en 2019, le champion du monde en titre <strong>Fran\u00e7ois Place<\/strong> a d\u00e9croch\u00e9 le dernier m\u00e9tal qui lui manquait. Gr\u00e2ce \u00e0 cette m\u00e9daille d&rsquo;argent, il signait donc son troisi\u00e8me podium mondial de suite, une premi\u00e8re mondiale !<\/p>\n<p style=\"text-align: justify;\">Organis\u00e9s \u00e0 Almaty (Kazakhstan) les Mondiaux de ski de bosses ont vu l&rsquo;av\u00e8nement d&rsquo;une immense championne. M\u00e9daill\u00e9e d&rsquo;argent en 2017, de bronze en 2019, <strong>Perrine Laffont<\/strong> attendait le seul titre qui lui manquait en bosses individuelles. Et c&rsquo;est devant la locale de l&rsquo;\u00e9tape Yulia Galysheva que la Fran\u00e7aise s&rsquo;impose avec un score de 82.11 points. De son c\u00f4t\u00e9, <strong>Benjamin Cavet\u00a0<\/strong>vice-champion du monde en 2017, a remis \u00e7a cette ann\u00e9e, uniquement battu par <strong>Mika\u00ebl Kingsbury<\/strong>.<\/p>\n<h2 style=\"text-align: justify;\">Axelle Mollaret-Gachet reine du ski alpinisme<\/h2>\n<p style=\"text-align: justify;\">En Andorre, se tenaient les championnats du monde de ski alpinisme en f\u00e9vrier dernier. D&rsquo;abord au niveau collectif, les relais tricolores sont mont\u00e9s sur le podium. Le relais f\u00e9minin compos\u00e9 de <strong>Emily Harrop<\/strong>, <strong>Lena Bonnel<\/strong> et <strong>Axelle Mollaret-Gachet<\/strong> est devenu vice-champion du monde. Les hommes ont pris la m\u00e9daille de bronze (<strong>Xavier Gachet<\/strong>, <strong>Alexis S\u00e9vennec<\/strong>, <strong>Thibault Anselmet<\/strong> et <strong>William Bon Mardion<\/strong>). Individuellement, ce sont deux titres mondiaux qui viennent s&rsquo;ajouter dans l&rsquo;escarcelle tricolore. <strong>Axelle Mollaret-Gachet<\/strong> remporte cons\u00e9cutivement le titre mondial de la course verticale et de l&rsquo;individuel. Lors de la Pierra Menta (course longue distance) elle d\u00e9croche aussi le bronze en compagnie de <strong>Lorna Bonnel<\/strong>.<\/p>\n<h2 style=\"text-align: justify;\">Sans oublier&#8230;<\/h2>\n<p style=\"text-align: justify;\">A Melchsee-Frutt (Suisse), l&rsquo;\u00e9quipe de France de t\u00e9l\u00e9mark est vice-championne du monde du Team Event gr\u00e2ce \u00e0 <strong>Elie Nabot<\/strong>, <strong>No\u00e9 Claye<\/strong> et <strong>Argeline Tan Bouquet<\/strong>.<\/p>\n<p style=\"text-align: justify;\">Apr\u00e8s les JO 2014 et 2018 ainsi que les Mondiaux 2015 et 2019, le relais masculin fran\u00e7ais de ski de fond est \u00e0 nouveau mont\u00e9 sur la boite. <strong>Hugo Lapalus<\/strong>, <strong>Maurice Manificat<\/strong>, <strong>Cl\u00e9ment Parisse<\/strong> et <strong>Jules Lapierre<\/strong> remportent la m\u00e9daille de bronze du relais 4&#215;10 km aux Mondiaux d&rsquo;Oberstdorf (Allemagne). \u00c0 Idre Fj\u00e4ll (Su\u00e8de), le duo mixte compos\u00e9 de <strong>Julia Pereira de Sousa Mabileau<\/strong> et <strong>L\u00e9o Le Bl\u00e9 Jacques<\/strong> d\u00e9crochait la m\u00e9daille de bronze de snowboard-cross par \u00e9quipes.<\/p>\n<blockquote class=\"twitter-tweet\">\n<p dir=\"ltr\" lang=\"fr\">Lapalus, Manificat, Parisse et Lapierre offre une premi\u00e8re m\u00e9daille \u00e0 la France \u00e0 Oberstdorf &#x1f1eb;&#x1f1f7;&#x1f949; <a href=\"https:\/\/twitter.com\/hashtag\/Oberstdorf2021?src=hash&amp;ref_src=twsrc%5Etfw\">#Oberstdorf2021<\/a><a href=\"https:\/\/t.co\/HhIITQ7PDe\">https:\/\/t.co\/HhIITQ7PDe<\/a><\/p>\n<p>\u2014 Dicodusport &#x2b50;&#x2b50; (@dicodusport) <a href=\"https:\/\/twitter.com\/dicodusport\/status\/1367844789509570576?ref_src=twsrc%5Etfw\">March 5, 2021<\/a><\/p><\/blockquote>\n<p><script async src=\"https:\/\/platform.twitter.com\/widgets.js\" charset=\"utf-8\"><\/script><\/p>\n<p style=\"text-align: justify;\">Discipline pratiquement inconnue en France, on a cependant eu une belle surprise en short-track cet hiver. Le relais 3000 m f\u00e9minin fran\u00e7ais s&rsquo;est adjug\u00e9 la m\u00e9daille d&rsquo;argent derri\u00e8re les N\u00e9erlandaises. Une m\u00e9daille obtenue par <strong>Gwendoline Daudet<\/strong>, <strong>Tifany Huot-Marchand<\/strong>, <strong>Aur\u00e9lie L\u00e9v\u00eaque<\/strong> et <strong>Aur\u00e9lie Monvoisin<\/strong>.<\/p>\n<p style=\"text-align: justify;\">Sport hyper spectaculaire et domin\u00e9 par la France, les freeriders ont r\u00e9pondu pr\u00e9sent. Tout d&rsquo;abord en ski, <strong>Marion Haerty<\/strong> a d\u00e9croch\u00e9 son 4\u00e8me titre mondial apr\u00e8s 2017, 2019 et 2020. En snowboard, le petit fr\u00e8re de Paul-Henri et Xavier, <strong>Victor de Le Rue<\/strong>, a remport\u00e9 son second titre mondial apr\u00e8s celui obtenu en 2019.<\/p>\n<p style=\"text-align: justify;\">En cumul\u00e9, les sportifs tricolores ont r\u00e9colt\u00e9 27 m\u00e9dailles mondiales, 9 en or, 8 en argent et 10 en bronze. Ajoutez au total des jeunes et juniors, ce sont 56 m\u00e9dailles (23 en or, 19 en argent et 14 en bronze) qui ont \u00e9t\u00e9 d\u00e9croch\u00e9es par les diff\u00e9rentes \u00e9quipes de France.<\/p>\n<ul>\n<li style=\"text-align: justify;\"><strong>\u00c0 lire aussi &#8211; <a href=\"https:\/\/dicodusport.fr\/blog\/sports-d-hiver-mondiaux-jeunes-et-juniors-releve-francaise-au-rendez-vous\/\" target=\"_blank\" rel=\"noopener\">Sports d\u2019hiver \u2013 Mondiaux jeunes et juniors : la rel\u00e8ve fran\u00e7aise au rendez-vous<\/a><\/strong><\/li>\n<\/ul>\n<p><strong><em>Maxime Boulard<br \/>\n<a href=\"https:\/\/www.facebook.com\/Max.Bld2\/\" target=\"_blank\" rel=\"noopener noreferrer\"><img loading=\"lazy\" decoding=\"async\" class=\"alignnone wp-image-2909 jetpack-lazy-image jetpack-lazy-image--handled\" src=\"https:\/\/i2.wp.com\/dicodusport.fr\/blog\/wp-content\/uploads\/2017\/07\/logo-facebook-150x150.png?resize=40%2C40\" alt=\"\" width=\"40\" height=\"40\" data-lazy-loaded=\"1\" \/><\/a><a href=\"https:\/\/twitter.com\/MaximeB_2\" target=\"_blank\" rel=\"noopener noreferrer\"><img loading=\"lazy\" decoding=\"async\" class=\"alignnone wp-image-2908 jetpack-lazy-image jetpack-lazy-image--handled\" src=\"https:\/\/i1.wp.com\/dicodusport.fr\/blog\/wp-content\/uploads\/2017\/07\/logo-twitter-150x150.png?resize=39%2C39\" alt=\"\" width=\"39\" height=\"39\" data-lazy-loaded=\"1\" \/><\/a><\/em><\/strong><\/p>\n","protected":false},"excerpt":{"rendered":"<p>SPORTS D\u2019HIVER \u2013 MONDIAUX SENIORS &#8211; Les comp\u00e9titions des sports blancs arrivant \u00e0 leur fin, il est venu le temps du bilan. A l&rsquo;image des jeunes et des juniors, les grands ont r\u00e9ussi leurs Mondiaux. On passe en revue cet hiver plein de m\u00e9dailles. Au programme, biathlon, ski alpin, freestyle, snowboard, short-track, t\u00e9l\u00e9mark, ski alpinisme, fond et freeride.<\/p>\n","protected":false},"author":43,"featured_media":112128,"comment_status":"open","ping_status":"closed","sticky":false,"template":"","format":"standard","meta":{"_acf_changed":false,"_daextam_enable_autolinks":"","footnotes":""},"categories":[2313],"tags":[2806,2427,3040,3889,3262,1513],"class_list":["post-117260","post","type-post","status-publish","format-standard","has-post-thumbnail","hentry","category-sports-dhiver","tag-alexis-pinturault","tag-biathlon","tag-championnats-du-monde","tag-mathieu-faivre","tag-perrine-laffont","tag-sports-dhiver"],"acf":[],"yoast_head":"<!-- This site is optimized with the Yoast SEO Premium plugin v26.7 (Yoast SEO v26.7) - https:\/\/yoast.com\/wordpress\/plugins\/seo\/ -->\n<title>Sports d\u2019hiver \u2013 Mondiaux s\u00e9niors : la France parmi les meilleures nations<\/title>\n<meta name=\"description\" content=\"SPORTS D&#039;HIVER - Les mondiaux d&#039;hiver 2021 maintenant termin\u00e9s, voici l&#039;excellent bilan des \u00e9quipes fran\u00e7aises. Neuf titres et pas moins de 27 m\u00e9dailles.\" \/>\n<meta name=\"robots\" content=\"index, follow, max-snippet:-1, max-image-preview:large, max-video-preview:-1\" \/>\n<link rel=\"canonical\" href=\"https:\/\/dicodusport.fr\/blog\/mondiaux-d-hiver-seniors-2021-la-france-parmi-les-meilleures-nations\/\" \/>\n<meta property=\"og:locale\" content=\"fr_FR\" \/>\n<meta property=\"og:type\" content=\"article\" \/>\n<meta property=\"og:title\" content=\"Sports d\u2019hiver \u2013 Mondiaux s\u00e9niors : la France parmi les meilleures nations\" \/>\n<meta property=\"og:description\" content=\"SPORTS D&#039;HIVER - Les mondiaux d&#039;hiver 2021 maintenant termin\u00e9s, voici l&#039;excellent bilan des \u00e9quipes fran\u00e7aises. Neuf titres et pas moins de 27 m\u00e9dailles.\" \/>\n<meta property=\"og:url\" content=\"https:\/\/dicodusport.fr\/blog\/mondiaux-d-hiver-seniors-2021-la-france-parmi-les-meilleures-nations\/\" \/>\n<meta property=\"og:site_name\" content=\"Dicodusport\" \/>\n<meta property=\"article:publisher\" content=\"https:\/\/www.facebook.com\/dicodusport\" \/>\n<meta property=\"article:author\" content=\"https:\/\/www.facebook.com\/Max.Bld2\/\" \/>\n<meta property=\"article:published_time\" content=\"2021-03-30T12:00:57+00:00\" \/>\n<meta property=\"article:modified_time\" content=\"2021-03-30T14:17:45+00:00\" \/>\n<meta property=\"og:image\" content=\"https:\/\/dicodusport.fr\/blog\/wp-content\/uploads\/2021\/03\/Perrine-Laffont-Jattendais-ce-titre-depuis-2019-javais-beaucoup-de-pression.png\" \/>\n\t<meta property=\"og:image:width\" content=\"800\" \/>\n\t<meta property=\"og:image:height\" content=\"445\" \/>\n\t<meta property=\"og:image:type\" content=\"image\/png\" \/>\n<meta name=\"author\" content=\"Maxime Boulard\" \/>\n<meta name=\"twitter:card\" content=\"summary_large_image\" \/>\n<meta name=\"twitter:title\" content=\"Sports d\u2019hiver \u2013 Mondiaux s\u00e9niors : la France parmi les meilleures nations\" \/>\n<meta name=\"twitter:creator\" content=\"@https:\/\/twitter.com\/MaximeB_2\" \/>\n<meta name=\"twitter:site\" content=\"@dicodusport\" \/>\n<script type=\"application\/ld+json\" class=\"yoast-schema-graph\">{\"@context\":\"https:\/\/schema.org\",\"@graph\":[{\"@type\":\"NewsArticle\",\"@id\":\"https:\/\/dicodusport.fr\/blog\/mondiaux-d-hiver-seniors-2021-la-france-parmi-les-meilleures-nations\/#article\",\"isPartOf\":{\"@id\":\"https:\/\/dicodusport.fr\/blog\/mondiaux-d-hiver-seniors-2021-la-france-parmi-les-meilleures-nations\/\"},\"author\":{\"name\":\"Maxime Boulard\",\"@id\":\"https:\/\/dicodusport.fr\/blog\/#\/schema\/person\/5aab10ee856e86ac63e9819a9da34784\"},\"headline\":\"Sports d\u2019hiver \u2013 Mondiaux s\u00e9niors : la France parmi les meilleures nations\",\"datePublished\":\"2021-03-30T12:00:57+00:00\",\"dateModified\":\"2021-03-30T14:17:45+00:00\",\"mainEntityOfPage\":{\"@id\":\"https:\/\/dicodusport.fr\/blog\/mondiaux-d-hiver-seniors-2021-la-france-parmi-les-meilleures-nations\/\"},\"wordCount\":1360,\"commentCount\":0,\"publisher\":{\"@id\":\"https:\/\/dicodusport.fr\/blog\/#organization\"},\"image\":{\"@id\":\"https:\/\/dicodusport.fr\/blog\/mondiaux-d-hiver-seniors-2021-la-france-parmi-les-meilleures-nations\/#primaryimage\"},\"thumbnailUrl\":\"https:\/\/dicodusport.fr\/blog\/wp-content\/uploads\/2021\/03\/Perrine-Laffont-Jattendais-ce-titre-depuis-2019-javais-beaucoup-de-pression.png\",\"keywords\":[\"Alexis Pinturault\",\"Biathlon\",\"Championnats du Monde\",\"Mathieu Faivre\",\"Perrine Laffont\",\"sports d'hiver\"],\"articleSection\":[\"Sports d'hiver\"],\"inLanguage\":\"fr-FR\",\"potentialAction\":[{\"@type\":\"CommentAction\",\"name\":\"Comment\",\"target\":[\"https:\/\/dicodusport.fr\/blog\/mondiaux-d-hiver-seniors-2021-la-france-parmi-les-meilleures-nations\/#respond\"]}],\"copyrightYear\":\"2021\",\"copyrightHolder\":{\"@id\":\"https:\/\/dicodusport.fr\/blog\/#organization\"}},{\"@type\":\"WebPage\",\"@id\":\"https:\/\/dicodusport.fr\/blog\/mondiaux-d-hiver-seniors-2021-la-france-parmi-les-meilleures-nations\/\",\"url\":\"https:\/\/dicodusport.fr\/blog\/mondiaux-d-hiver-seniors-2021-la-france-parmi-les-meilleures-nations\/\",\"name\":\"Sports d\u2019hiver \u2013 Mondiaux s\u00e9niors : la France parmi les meilleures nations\",\"isPartOf\":{\"@id\":\"https:\/\/dicodusport.fr\/blog\/#website\"},\"primaryImageOfPage\":{\"@id\":\"https:\/\/dicodusport.fr\/blog\/mondiaux-d-hiver-seniors-2021-la-france-parmi-les-meilleures-nations\/#primaryimage\"},\"image\":{\"@id\":\"https:\/\/dicodusport.fr\/blog\/mondiaux-d-hiver-seniors-2021-la-france-parmi-les-meilleures-nations\/#primaryimage\"},\"thumbnailUrl\":\"https:\/\/dicodusport.fr\/blog\/wp-content\/uploads\/2021\/03\/Perrine-Laffont-Jattendais-ce-titre-depuis-2019-javais-beaucoup-de-pression.png\",\"datePublished\":\"2021-03-30T12:00:57+00:00\",\"dateModified\":\"2021-03-30T14:17:45+00:00\",\"description\":\"SPORTS D'HIVER - Les mondiaux d'hiver 2021 maintenant termin\u00e9s, voici l'excellent bilan des \u00e9quipes fran\u00e7aises. Neuf titres et pas moins de 27 m\u00e9dailles.\",\"breadcrumb\":{\"@id\":\"https:\/\/dicodusport.fr\/blog\/mondiaux-d-hiver-seniors-2021-la-france-parmi-les-meilleures-nations\/#breadcrumb\"},\"inLanguage\":\"fr-FR\",\"potentialAction\":[{\"@type\":\"ReadAction\",\"target\":[\"https:\/\/dicodusport.fr\/blog\/mondiaux-d-hiver-seniors-2021-la-france-parmi-les-meilleures-nations\/\"]}]},{\"@type\":\"ImageObject\",\"inLanguage\":\"fr-FR\",\"@id\":\"https:\/\/dicodusport.fr\/blog\/mondiaux-d-hiver-seniors-2021-la-france-parmi-les-meilleures-nations\/#primaryimage\",\"url\":\"https:\/\/dicodusport.fr\/blog\/wp-content\/uploads\/2021\/03\/Perrine-Laffont-Jattendais-ce-titre-depuis-2019-javais-beaucoup-de-pression.png\",\"contentUrl\":\"https:\/\/dicodusport.fr\/blog\/wp-content\/uploads\/2021\/03\/Perrine-Laffont-Jattendais-ce-titre-depuis-2019-javais-beaucoup-de-pression.png\",\"width\":800,\"height\":445,\"caption\":\"Sports d\u2019hiver \u2013 Mondiaux s\u00e9niors - La France parmi les meilleures nations\"},{\"@type\":\"BreadcrumbList\",\"@id\":\"https:\/\/dicodusport.fr\/blog\/mondiaux-d-hiver-seniors-2021-la-france-parmi-les-meilleures-nations\/#breadcrumb\",\"itemListElement\":[{\"@type\":\"ListItem\",\"position\":1,\"name\":\"Accueil\",\"item\":\"https:\/\/dicodusport.fr\/blog\/\"},{\"@type\":\"ListItem\",\"position\":2,\"name\":\"Sports d\u2019hiver \u2013 Mondiaux s\u00e9niors : la France parmi les meilleures nations\"}]},{\"@type\":\"WebSite\",\"@id\":\"https:\/\/dicodusport.fr\/blog\/#website\",\"url\":\"https:\/\/dicodusport.fr\/blog\/\",\"name\":\"Dicodusport\",\"description\":\"L&#039;encyclop\u00e9die de l&#039;actualit\u00e9 sportive\",\"publisher\":{\"@id\":\"https:\/\/dicodusport.fr\/blog\/#organization\"},\"potentialAction\":[{\"@type\":\"SearchAction\",\"target\":{\"@type\":\"EntryPoint\",\"urlTemplate\":\"https:\/\/dicodusport.fr\/blog\/?s={search_term_string}\"},\"query-input\":{\"@type\":\"PropertyValueSpecification\",\"valueRequired\":true,\"valueName\":\"search_term_string\"}}],\"inLanguage\":\"fr-FR\"},{\"@type\":\"NewsMediaOrganization\",\"@id\":\"https:\/\/dicodusport.fr\/blog\/#organization\",\"name\":\"Dicodusport\",\"url\":\"https:\/\/dicodusport.fr\/blog\/\",\"logo\":{\"@type\":\"ImageObject\",\"inLanguage\":\"fr-FR\",\"@id\":\"https:\/\/dicodusport.fr\/blog\/#\/schema\/logo\/image\/\",\"url\":\"https:\/\/dicodusport.fr\/blog\/wp-content\/uploads\/2020\/06\/cropped-LOGO-DICODUSPORT-2020-SANS-FOND-SANS-TEXTE.png\",\"contentUrl\":\"https:\/\/dicodusport.fr\/blog\/wp-content\/uploads\/2020\/06\/cropped-LOGO-DICODUSPORT-2020-SANS-FOND-SANS-TEXTE.png\",\"width\":512,\"height\":512,\"caption\":\"Dicodusport\"},\"image\":{\"@id\":\"https:\/\/dicodusport.fr\/blog\/#\/schema\/logo\/image\/\"},\"sameAs\":[\"https:\/\/www.facebook.com\/dicodusport\",\"https:\/\/x.com\/dicodusport\",\"https:\/\/www.instagram.com\/dicodusport\/\",\"https:\/\/www.youtube.com\/channel\/UC7V2KZ5sd3htJivAbA4ZG3w\"],\"description\":\"Dicodusport est l'encyclop\u00e9die de l'actualit\u00e9 sportive.\",\"email\":\"bonjour@dicodusport.fr\",\"legalName\":\"DICODUSPORT\",\"foundingDate\":\"2018-01-14\",\"vatID\":\"FR71834470973\",\"taxID\":\"83447097300043\",\"numberOfEmployees\":{\"@type\":\"QuantitativeValue\",\"minValue\":\"1\",\"maxValue\":\"10\"}},{\"@type\":\"Person\",\"@id\":\"https:\/\/dicodusport.fr\/blog\/#\/schema\/person\/5aab10ee856e86ac63e9819a9da34784\",\"name\":\"Maxime Boulard\",\"image\":{\"@type\":\"ImageObject\",\"inLanguage\":\"fr-FR\",\"@id\":\"https:\/\/dicodusport.fr\/blog\/#\/schema\/person\/image\/\",\"url\":\"https:\/\/dicodusport.fr\/blog\/wp-content\/uploads\/2021\/05\/Maxime-Boulard-150x150.jpg\",\"contentUrl\":\"https:\/\/dicodusport.fr\/blog\/wp-content\/uploads\/2021\/05\/Maxime-Boulard-150x150.jpg\",\"caption\":\"Maxime Boulard\"},\"description\":\"Journaliste\/r\u00e9dacteur depuis octobre 2020 - Si mon plus vieux souvenir de sport aurait pu m'en d\u00e9go\u00fbter, la finale de la Coupe du monde 2006 a \u00e9t\u00e9 tout le contraire. V\u00e9ritable d\u00e9clencheur d'une passion qui aujourd'hui ne fait que grandir avec le temps, mon leitmotiv est la France qui brille ! Je relate les exploits pass\u00e9s et pr\u00e9sents du sport bleu-blanc-rouge sans m\u00e9nagement depuis octobre 2020. Sport valide ou handisport, aucune diff\u00e9rence, il n'y a que du sport et plusieurs fa\u00e7ons de le pratiquer.\",\"sameAs\":[\"https:\/\/www.facebook.com\/Max.Bld2\/\",\"https:\/\/x.com\/https:\/\/twitter.com\/MaximeB_2\"],\"url\":\"https:\/\/dicodusport.fr\/blog\/author\/maxime-b\/\"}]}<\/script>\n<!-- \/ Yoast SEO Premium plugin. -->","yoast_head_json":{"title":"Sports d\u2019hiver \u2013 Mondiaux s\u00e9niors : la France parmi les meilleures nations","description":"SPORTS D'HIVER - Les mondiaux d'hiver 2021 maintenant termin\u00e9s, voici l'excellent bilan des \u00e9quipes fran\u00e7aises. Neuf titres et pas moins de 27 m\u00e9dailles.","robots":{"index":"index","follow":"follow","max-snippet":"max-snippet:-1","max-image-preview":"max-image-preview:large","max-video-preview":"max-video-preview:-1"},"canonical":"https:\/\/dicodusport.fr\/blog\/mondiaux-d-hiver-seniors-2021-la-france-parmi-les-meilleures-nations\/","og_locale":"fr_FR","og_type":"article","og_title":"Sports d\u2019hiver \u2013 Mondiaux s\u00e9niors : la France parmi les meilleures nations","og_description":"SPORTS D'HIVER - Les mondiaux d'hiver 2021 maintenant termin\u00e9s, voici l'excellent bilan des \u00e9quipes fran\u00e7aises. Neuf titres et pas moins de 27 m\u00e9dailles.","og_url":"https:\/\/dicodusport.fr\/blog\/mondiaux-d-hiver-seniors-2021-la-france-parmi-les-meilleures-nations\/","og_site_name":"Dicodusport","article_publisher":"https:\/\/www.facebook.com\/dicodusport","article_author":"https:\/\/www.facebook.com\/Max.Bld2\/","article_published_time":"2021-03-30T12:00:57+00:00","article_modified_time":"2021-03-30T14:17:45+00:00","og_image":[{"width":800,"height":445,"url":"https:\/\/dicodusport.fr\/blog\/wp-content\/uploads\/2021\/03\/Perrine-Laffont-Jattendais-ce-titre-depuis-2019-javais-beaucoup-de-pression.png","type":"image\/png"}],"author":"Maxime Boulard","twitter_card":"summary_large_image","twitter_title":"Sports d\u2019hiver \u2013 Mondiaux s\u00e9niors : la France parmi les meilleures nations","twitter_creator":"@https:\/\/twitter.com\/MaximeB_2","twitter_site":"@dicodusport","schema":{"@context":"https:\/\/schema.org","@graph":[{"@type":"NewsArticle","@id":"https:\/\/dicodusport.fr\/blog\/mondiaux-d-hiver-seniors-2021-la-france-parmi-les-meilleures-nations\/#article","isPartOf":{"@id":"https:\/\/dicodusport.fr\/blog\/mondiaux-d-hiver-seniors-2021-la-france-parmi-les-meilleures-nations\/"},"author":{"name":"Maxime Boulard","@id":"https:\/\/dicodusport.fr\/blog\/#\/schema\/person\/5aab10ee856e86ac63e9819a9da34784"},"headline":"Sports d\u2019hiver \u2013 Mondiaux s\u00e9niors : la France parmi les meilleures nations","datePublished":"2021-03-30T12:00:57+00:00","dateModified":"2021-03-30T14:17:45+00:00","mainEntityOfPage":{"@id":"https:\/\/dicodusport.fr\/blog\/mondiaux-d-hiver-seniors-2021-la-france-parmi-les-meilleures-nations\/"},"wordCount":1360,"commentCount":0,"publisher":{"@id":"https:\/\/dicodusport.fr\/blog\/#organization"},"image":{"@id":"https:\/\/dicodusport.fr\/blog\/mondiaux-d-hiver-seniors-2021-la-france-parmi-les-meilleures-nations\/#primaryimage"},"thumbnailUrl":"https:\/\/dicodusport.fr\/blog\/wp-content\/uploads\/2021\/03\/Perrine-Laffont-Jattendais-ce-titre-depuis-2019-javais-beaucoup-de-pression.png","keywords":["Alexis Pinturault","Biathlon","Championnats du Monde","Mathieu Faivre","Perrine Laffont","sports d'hiver"],"articleSection":["Sports d'hiver"],"inLanguage":"fr-FR","potentialAction":[{"@type":"CommentAction","name":"Comment","target":["https:\/\/dicodusport.fr\/blog\/mondiaux-d-hiver-seniors-2021-la-france-parmi-les-meilleures-nations\/#respond"]}],"copyrightYear":"2021","copyrightHolder":{"@id":"https:\/\/dicodusport.fr\/blog\/#organization"}},{"@type":"WebPage","@id":"https:\/\/dicodusport.fr\/blog\/mondiaux-d-hiver-seniors-2021-la-france-parmi-les-meilleures-nations\/","url":"https:\/\/dicodusport.fr\/blog\/mondiaux-d-hiver-seniors-2021-la-france-parmi-les-meilleures-nations\/","name":"Sports d\u2019hiver \u2013 Mondiaux s\u00e9niors : la France parmi les meilleures nations","isPartOf":{"@id":"https:\/\/dicodusport.fr\/blog\/#website"},"primaryImageOfPage":{"@id":"https:\/\/dicodusport.fr\/blog\/mondiaux-d-hiver-seniors-2021-la-france-parmi-les-meilleures-nations\/#primaryimage"},"image":{"@id":"https:\/\/dicodusport.fr\/blog\/mondiaux-d-hiver-seniors-2021-la-france-parmi-les-meilleures-nations\/#primaryimage"},"thumbnailUrl":"https:\/\/dicodusport.fr\/blog\/wp-content\/uploads\/2021\/03\/Perrine-Laffont-Jattendais-ce-titre-depuis-2019-javais-beaucoup-de-pression.png","datePublished":"2021-03-30T12:00:57+00:00","dateModified":"2021-03-30T14:17:45+00:00","description":"SPORTS D'HIVER - Les mondiaux d'hiver 2021 maintenant termin\u00e9s, voici l'excellent bilan des \u00e9quipes fran\u00e7aises. Neuf titres et pas moins de 27 m\u00e9dailles.","breadcrumb":{"@id":"https:\/\/dicodusport.fr\/blog\/mondiaux-d-hiver-seniors-2021-la-france-parmi-les-meilleures-nations\/#breadcrumb"},"inLanguage":"fr-FR","potentialAction":[{"@type":"ReadAction","target":["https:\/\/dicodusport.fr\/blog\/mondiaux-d-hiver-seniors-2021-la-france-parmi-les-meilleures-nations\/"]}]},{"@type":"ImageObject","inLanguage":"fr-FR","@id":"https:\/\/dicodusport.fr\/blog\/mondiaux-d-hiver-seniors-2021-la-france-parmi-les-meilleures-nations\/#primaryimage","url":"https:\/\/dicodusport.fr\/blog\/wp-content\/uploads\/2021\/03\/Perrine-Laffont-Jattendais-ce-titre-depuis-2019-javais-beaucoup-de-pression.png","contentUrl":"https:\/\/dicodusport.fr\/blog\/wp-content\/uploads\/2021\/03\/Perrine-Laffont-Jattendais-ce-titre-depuis-2019-javais-beaucoup-de-pression.png","width":800,"height":445,"caption":"Sports d\u2019hiver \u2013 Mondiaux s\u00e9niors - La France parmi les meilleures nations"},{"@type":"BreadcrumbList","@id":"https:\/\/dicodusport.fr\/blog\/mondiaux-d-hiver-seniors-2021-la-france-parmi-les-meilleures-nations\/#breadcrumb","itemListElement":[{"@type":"ListItem","position":1,"name":"Accueil","item":"https:\/\/dicodusport.fr\/blog\/"},{"@type":"ListItem","position":2,"name":"Sports d\u2019hiver \u2013 Mondiaux s\u00e9niors : la France parmi les meilleures nations"}]},{"@type":"WebSite","@id":"https:\/\/dicodusport.fr\/blog\/#website","url":"https:\/\/dicodusport.fr\/blog\/","name":"Dicodusport","description":"L&#039;encyclop\u00e9die de l&#039;actualit\u00e9 sportive","publisher":{"@id":"https:\/\/dicodusport.fr\/blog\/#organization"},"potentialAction":[{"@type":"SearchAction","target":{"@type":"EntryPoint","urlTemplate":"https:\/\/dicodusport.fr\/blog\/?s={search_term_string}"},"query-input":{"@type":"PropertyValueSpecification","valueRequired":true,"valueName":"search_term_string"}}],"inLanguage":"fr-FR"},{"@type":"NewsMediaOrganization","@id":"https:\/\/dicodusport.fr\/blog\/#organization","name":"Dicodusport","url":"https:\/\/dicodusport.fr\/blog\/","logo":{"@type":"ImageObject","inLanguage":"fr-FR","@id":"https:\/\/dicodusport.fr\/blog\/#\/schema\/logo\/image\/","url":"https:\/\/dicodusport.fr\/blog\/wp-content\/uploads\/2020\/06\/cropped-LOGO-DICODUSPORT-2020-SANS-FOND-SANS-TEXTE.png","contentUrl":"https:\/\/dicodusport.fr\/blog\/wp-content\/uploads\/2020\/06\/cropped-LOGO-DICODUSPORT-2020-SANS-FOND-SANS-TEXTE.png","width":512,"height":512,"caption":"Dicodusport"},"image":{"@id":"https:\/\/dicodusport.fr\/blog\/#\/schema\/logo\/image\/"},"sameAs":["https:\/\/www.facebook.com\/dicodusport","https:\/\/x.com\/dicodusport","https:\/\/www.instagram.com\/dicodusport\/","https:\/\/www.youtube.com\/channel\/UC7V2KZ5sd3htJivAbA4ZG3w"],"description":"Dicodusport est l'encyclop\u00e9die de l'actualit\u00e9 sportive.","email":"bonjour@dicodusport.fr","legalName":"DICODUSPORT","foundingDate":"2018-01-14","vatID":"FR71834470973","taxID":"83447097300043","numberOfEmployees":{"@type":"QuantitativeValue","minValue":"1","maxValue":"10"}},{"@type":"Person","@id":"https:\/\/dicodusport.fr\/blog\/#\/schema\/person\/5aab10ee856e86ac63e9819a9da34784","name":"Maxime Boulard","image":{"@type":"ImageObject","inLanguage":"fr-FR","@id":"https:\/\/dicodusport.fr\/blog\/#\/schema\/person\/image\/","url":"https:\/\/dicodusport.fr\/blog\/wp-content\/uploads\/2021\/05\/Maxime-Boulard-150x150.jpg","contentUrl":"https:\/\/dicodusport.fr\/blog\/wp-content\/uploads\/2021\/05\/Maxime-Boulard-150x150.jpg","caption":"Maxime Boulard"},"description":"Journaliste\/r\u00e9dacteur depuis octobre 2020 - Si mon plus vieux souvenir de sport aurait pu m'en d\u00e9go\u00fbter, la finale de la Coupe du monde 2006 a \u00e9t\u00e9 tout le contraire. V\u00e9ritable d\u00e9clencheur d'une passion qui aujourd'hui ne fait que grandir avec le temps, mon leitmotiv est la France qui brille ! Je relate les exploits pass\u00e9s et pr\u00e9sents du sport bleu-blanc-rouge sans m\u00e9nagement depuis octobre 2020. Sport valide ou handisport, aucune diff\u00e9rence, il n'y a que du sport et plusieurs fa\u00e7ons de le pratiquer.","sameAs":["https:\/\/www.facebook.com\/Max.Bld2\/","https:\/\/x.com\/https:\/\/twitter.com\/MaximeB_2"],"url":"https:\/\/dicodusport.fr\/blog\/author\/maxime-b\/"}]}},"_links":{"self":[{"href":"https:\/\/dicodusport.fr\/blog\/wp-json\/wp\/v2\/posts\/117260","targetHints":{"allow":["GET"]}}],"collection":[{"href":"https:\/\/dicodusport.fr\/blog\/wp-json\/wp\/v2\/posts"}],"about":[{"href":"https:\/\/dicodusport.fr\/blog\/wp-json\/wp\/v2\/types\/post"}],"author":[{"embeddable":true,"href":"https:\/\/dicodusport.fr\/blog\/wp-json\/wp\/v2\/users\/43"}],"replies":[{"embeddable":true,"href":"https:\/\/dicodusport.fr\/blog\/wp-json\/wp\/v2\/comments?post=117260"}],"version-history":[{"count":0,"href":"https:\/\/dicodusport.fr\/blog\/wp-json\/wp\/v2\/posts\/117260\/revisions"}],"wp:featuredmedia":[{"embeddable":true,"href":"https:\/\/dicodusport.fr\/blog\/wp-json\/wp\/v2\/media\/112128"}],"wp:attachment":[{"href":"https:\/\/dicodusport.fr\/blog\/wp-json\/wp\/v2\/media?parent=117260"}],"wp:term":[{"taxonomy":"category","embeddable":true,"href":"https:\/\/dicodusport.fr\/blog\/wp-json\/wp\/v2\/categories?post=117260"},{"taxonomy":"post_tag","embeddable":true,"href":"https:\/\/dicodusport.fr\/blog\/wp-json\/wp\/v2\/tags?post=117260"}],"curies":[{"name":"wp","href":"https:\/\/api.w.org\/{rel}","templated":true}]}}