{"id":117746,"date":"2021-03-31T14:20:46","date_gmt":"2021-03-31T12:20:46","guid":{"rendered":"https:\/\/dicodusport.fr\/blog\/?p=117746&#038;preview=true&#038;preview_id=117746"},"modified":"2021-03-31T14:58:17","modified_gmt":"2021-03-31T12:58:17","slug":"a-travers-la-flandre-femmes-annemiek-van-vleuten-s-impose-en-patronne","status":"publish","type":"post","link":"https:\/\/dicodusport.fr\/blog\/a-travers-la-flandre-femmes-annemiek-van-vleuten-s-impose-en-patronne\/","title":{"rendered":"\u00c0 Travers la Flandre femmes : Annemiek van Vleuten s&rsquo;impose en patronne"},"content":{"rendered":"<p style=\"text-align: justify;\"><strong><em><a href=\"https:\/\/dicodusport.fr\/blog\/actualites\/cyclisme\/\" target=\"_blank\" rel=\"noopener\">CYCLISME<\/a> &#8211; Toujours sans victoire depuis le d\u00e9but de la saison, la N\u00e9erlandaise Annemiek van Vleuten (Movistar) s&rsquo;est impos\u00e9e ce mercredi sur \u00c0 Travers la Flandre. La championne d&rsquo;Europe devance la Polonaise Katarzyna\u00a0Niewiadoma (Canyon-SRAM Racing).<\/em><\/strong><\/p>\n<p style=\"text-align: justify;\">Premi\u00e8re victoire pour <strong>Annemiek van Vleuten<\/strong> dans sa nouvelle formation, la Movistar. La N\u00e9erlandaise, championne d&rsquo;Europe en titre et championne du monde en 2019, a forc\u00e9 la d\u00e9cision sur la c\u00f4te du Trieu, \u00e0 36 km de l&rsquo;arriv\u00e9e. Avec elle, la Polonaise <strong>Katarzyna Niewiadoma<\/strong>, et les deux concurrentes ont parfaitement collabor\u00e9 pour se jouer la victoire. Derri\u00e8re, malgr\u00e9 le gros travail d&rsquo;<strong>Audrey Cordon-Ragot<\/strong> et d&rsquo;<strong>Ellen van Dijk<\/strong>, la Trek-Segafredo jouait battue. Plus solide au sprint, <strong>van Vleuten<\/strong> remportait ainsi sa 63\u00e8me victoire en carri\u00e8re.<\/p>\n<blockquote class=\"twitter-tweet\">\n<p dir=\"ltr\" lang=\"en\">&#x1f1f3;&#x1f1f1;<a href=\"https:\/\/twitter.com\/AvVleuten?ref_src=twsrc%5Etfw\">@AvVleuten<\/a> of &#x1f1ea;&#x1f1f8;<a href=\"https:\/\/twitter.com\/Movistar_Team?ref_src=twsrc%5Etfw\">@Movistar_Team<\/a> wins &#x1f1e7;&#x1f1ea;<a href=\"https:\/\/twitter.com\/DwarsdrVlaander?ref_src=twsrc%5Etfw\">@DwarsdrVlaander<\/a> <a href=\"https:\/\/twitter.com\/hashtag\/DDVWomen?src=hash&amp;ref_src=twsrc%5Etfw\">#DDVWomen<\/a> (&#x1f4fa;<a href=\"https:\/\/twitter.com\/proximus?ref_src=twsrc%5Etfw\">@proximus<\/a>) <a href=\"https:\/\/t.co\/8GzGLFjXUB\">pic.twitter.com\/8GzGLFjXUB<\/a><\/p>\n<p>\u2014 World Cycling Stats (@wcsbike) <a href=\"https:\/\/twitter.com\/wcsbike\/status\/1377232885221109762?ref_src=twsrc%5Etfw\">March 31, 2021<\/a><\/p><\/blockquote>\n<p><script async src=\"https:\/\/platform.twitter.com\/widgets.js\" charset=\"utf-8\"><\/script><\/p>\n<ul>\n<li style=\"text-align: justify;\"><strong>\u00c0 lire aussi &#8211; <a href=\"https:\/\/dicodusport.fr\/blog\/a-travers-la-flandre-2021-classement-course-femmes\/\" target=\"_blank\" rel=\"noopener\">\u00c0 Travers la Flandre 2021 : le classement de la course femmes<\/a><\/strong><\/li>\n<\/ul>\n<p style=\"text-align: justify;\"><strong><em>Dicodusport<br \/>\n<a href=\"https:\/\/www.facebook.com\/dicodusport\/\" target=\"_blank\" rel=\"noopener noreferrer\"><img loading=\"lazy\" decoding=\"async\" class=\"alignnone wp-image-2909\" src=\"http:\/\/dicodusport.fr\/blog\/wp-content\/uploads\/2017\/07\/logo-facebook-150x150.png\" alt=\"\" width=\"40\" height=\"40\" \/><\/a><a href=\"https:\/\/twitter.com\/dicodusport\" target=\"_blank\" rel=\"noopener noreferrer\"><img loading=\"lazy\" decoding=\"async\" class=\"alignnone wp-image-2908\" src=\"http:\/\/dicodusport.fr\/blog\/wp-content\/uploads\/2017\/07\/logo-twitter-150x150.png\" alt=\"\" width=\"39\" height=\"39\" \/><\/a><\/em><\/strong><\/p>\n","protected":false},"excerpt":{"rendered":"<p>CYCLISME &#8211; Toujours sans victoire depuis le d\u00e9but de la saison, la N\u00e9erlandaise Annemiek van Vleuten (Movistar) s&rsquo;est impos\u00e9e ce mercredi sur \u00c0 Travers la Flandre. La championne d&rsquo;Europe devance la Polonaise Katarzyna\u00a0Niewiadoma (Canyon-SRAM Racing).<\/p>\n","protected":false},"author":4,"featured_media":117753,"comment_status":"open","ping_status":"closed","sticky":false,"template":"","format":"standard","meta":{"_acf_changed":false,"_daextam_enable_autolinks":"","footnotes":""},"categories":[2307],"tags":[7544],"class_list":["post-117746","post","type-post","status-publish","format-standard","has-post-thumbnail","hentry","category-cyclisme","tag-a-travers-la-flandre"],"acf":[],"yoast_head":"<!-- This site is optimized with the Yoast SEO Premium plugin v26.7 (Yoast SEO v26.7) - https:\/\/yoast.com\/wordpress\/plugins\/seo\/ -->\n<title>\u00c0 Travers la Flandre femmes : Annemiek van Vleuten s&#039;impose en patronne<\/title>\n<meta name=\"description\" content=\"CYCLISME - Toujours sans victoire depuis le d\u00e9but de la saison, la N\u00e9erlandaise Annemiek van Vleuten (Movistar) s&#039;est impos\u00e9e ce mercredi sur \u00c0 Travers la Flandre.\" \/>\n<meta name=\"robots\" content=\"index, follow, max-snippet:-1, max-image-preview:large, max-video-preview:-1\" \/>\n<link rel=\"canonical\" href=\"https:\/\/dicodusport.fr\/blog\/a-travers-la-flandre-femmes-annemiek-van-vleuten-s-impose-en-patronne\/\" \/>\n<meta property=\"og:locale\" content=\"fr_FR\" \/>\n<meta property=\"og:type\" content=\"article\" \/>\n<meta property=\"og:title\" content=\"\u00c0 Travers la Flandre : Annemiek van Vleuten s&#039;impose en patronne\" \/>\n<meta property=\"og:description\" content=\"CYCLISME - Toujours sans victoire depuis le d\u00e9but de la saison, la N\u00e9erlandaise Annemiek van Vleuten (Movistar) s&#039;est impos\u00e9e ce mercredi sur \u00c0 Travers la Flandre.\" \/>\n<meta property=\"og:url\" content=\"https:\/\/dicodusport.fr\/blog\/a-travers-la-flandre-femmes-annemiek-van-vleuten-s-impose-en-patronne\/\" \/>\n<meta property=\"og:site_name\" content=\"Dicodusport\" \/>\n<meta property=\"article:publisher\" content=\"https:\/\/www.facebook.com\/dicodusport\" \/>\n<meta property=\"article:author\" content=\"https:\/\/www.facebook.com\/florent.ostermann\" \/>\n<meta property=\"article:published_time\" content=\"2021-03-31T12:20:46+00:00\" \/>\n<meta property=\"article:modified_time\" content=\"2021-03-31T12:58:17+00:00\" \/>\n<meta property=\"og:image\" content=\"https:\/\/dicodusport.fr\/blog\/wp-content\/uploads\/2021\/03\/A-Travers-la-Flandre-femmes-Annemiek-van-Vleuten-simpose-en-patronne.png\" \/>\n\t<meta property=\"og:image:width\" content=\"800\" \/>\n\t<meta property=\"og:image:height\" content=\"445\" \/>\n\t<meta property=\"og:image:type\" content=\"image\/png\" \/>\n<meta name=\"author\" content=\"Flo Ostermann\" \/>\n<meta name=\"twitter:card\" content=\"summary_large_image\" \/>\n<meta name=\"twitter:title\" content=\"\u00c0 Travers la Flandre : Annemiek van Vleuten s&#039;impose en patronne\" \/>\n<meta name=\"twitter:creator\" content=\"@https:\/\/twitter.com\/FlOstermann\" \/>\n<meta name=\"twitter:site\" content=\"@dicodusport\" \/>\n<script type=\"application\/ld+json\" class=\"yoast-schema-graph\">{\"@context\":\"https:\/\/schema.org\",\"@graph\":[{\"@type\":\"NewsArticle\",\"@id\":\"https:\/\/dicodusport.fr\/blog\/a-travers-la-flandre-femmes-annemiek-van-vleuten-s-impose-en-patronne\/#article\",\"isPartOf\":{\"@id\":\"https:\/\/dicodusport.fr\/blog\/a-travers-la-flandre-femmes-annemiek-van-vleuten-s-impose-en-patronne\/\"},\"author\":{\"name\":\"Flo Ostermann\",\"@id\":\"https:\/\/dicodusport.fr\/blog\/#\/schema\/person\/cb02af4c173ce4a653b55e9baf388d4a\"},\"headline\":\"\u00c0 Travers la Flandre femmes : Annemiek van Vleuten s&rsquo;impose en patronne\",\"datePublished\":\"2021-03-31T12:20:46+00:00\",\"dateModified\":\"2021-03-31T12:58:17+00:00\",\"mainEntityOfPage\":{\"@id\":\"https:\/\/dicodusport.fr\/blog\/a-travers-la-flandre-femmes-annemiek-van-vleuten-s-impose-en-patronne\/\"},\"wordCount\":194,\"commentCount\":0,\"publisher\":{\"@id\":\"https:\/\/dicodusport.fr\/blog\/#organization\"},\"image\":{\"@id\":\"https:\/\/dicodusport.fr\/blog\/a-travers-la-flandre-femmes-annemiek-van-vleuten-s-impose-en-patronne\/#primaryimage\"},\"thumbnailUrl\":\"https:\/\/dicodusport.fr\/blog\/wp-content\/uploads\/2021\/03\/A-Travers-la-Flandre-femmes-Annemiek-van-Vleuten-simpose-en-patronne.png\",\"keywords\":[\"A Travers la Flandre\"],\"articleSection\":[\"Cyclisme\"],\"inLanguage\":\"fr-FR\",\"potentialAction\":[{\"@type\":\"CommentAction\",\"name\":\"Comment\",\"target\":[\"https:\/\/dicodusport.fr\/blog\/a-travers-la-flandre-femmes-annemiek-van-vleuten-s-impose-en-patronne\/#respond\"]}],\"copyrightYear\":\"2021\",\"copyrightHolder\":{\"@id\":\"https:\/\/dicodusport.fr\/blog\/#organization\"}},{\"@type\":\"WebPage\",\"@id\":\"https:\/\/dicodusport.fr\/blog\/a-travers-la-flandre-femmes-annemiek-van-vleuten-s-impose-en-patronne\/\",\"url\":\"https:\/\/dicodusport.fr\/blog\/a-travers-la-flandre-femmes-annemiek-van-vleuten-s-impose-en-patronne\/\",\"name\":\"\u00c0 Travers la Flandre femmes : Annemiek van Vleuten s'impose en patronne\",\"isPartOf\":{\"@id\":\"https:\/\/dicodusport.fr\/blog\/#website\"},\"primaryImageOfPage\":{\"@id\":\"https:\/\/dicodusport.fr\/blog\/a-travers-la-flandre-femmes-annemiek-van-vleuten-s-impose-en-patronne\/#primaryimage\"},\"image\":{\"@id\":\"https:\/\/dicodusport.fr\/blog\/a-travers-la-flandre-femmes-annemiek-van-vleuten-s-impose-en-patronne\/#primaryimage\"},\"thumbnailUrl\":\"https:\/\/dicodusport.fr\/blog\/wp-content\/uploads\/2021\/03\/A-Travers-la-Flandre-femmes-Annemiek-van-Vleuten-simpose-en-patronne.png\",\"datePublished\":\"2021-03-31T12:20:46+00:00\",\"dateModified\":\"2021-03-31T12:58:17+00:00\",\"description\":\"CYCLISME - Toujours sans victoire depuis le d\u00e9but de la saison, la N\u00e9erlandaise Annemiek van Vleuten (Movistar) s'est impos\u00e9e ce mercredi sur \u00c0 Travers la Flandre.\",\"breadcrumb\":{\"@id\":\"https:\/\/dicodusport.fr\/blog\/a-travers-la-flandre-femmes-annemiek-van-vleuten-s-impose-en-patronne\/#breadcrumb\"},\"inLanguage\":\"fr-FR\",\"potentialAction\":[{\"@type\":\"ReadAction\",\"target\":[\"https:\/\/dicodusport.fr\/blog\/a-travers-la-flandre-femmes-annemiek-van-vleuten-s-impose-en-patronne\/\"]}]},{\"@type\":\"ImageObject\",\"inLanguage\":\"fr-FR\",\"@id\":\"https:\/\/dicodusport.fr\/blog\/a-travers-la-flandre-femmes-annemiek-van-vleuten-s-impose-en-patronne\/#primaryimage\",\"url\":\"https:\/\/dicodusport.fr\/blog\/wp-content\/uploads\/2021\/03\/A-Travers-la-Flandre-femmes-Annemiek-van-Vleuten-simpose-en-patronne.png\",\"contentUrl\":\"https:\/\/dicodusport.fr\/blog\/wp-content\/uploads\/2021\/03\/A-Travers-la-Flandre-femmes-Annemiek-van-Vleuten-simpose-en-patronne.png\",\"width\":800,\"height\":445,\"caption\":\"\u00c0 Travers la Flandre femmes - Annemiek van Vleuten s'impose en patronne\"},{\"@type\":\"BreadcrumbList\",\"@id\":\"https:\/\/dicodusport.fr\/blog\/a-travers-la-flandre-femmes-annemiek-van-vleuten-s-impose-en-patronne\/#breadcrumb\",\"itemListElement\":[{\"@type\":\"ListItem\",\"position\":1,\"name\":\"Accueil\",\"item\":\"https:\/\/dicodusport.fr\/blog\/\"},{\"@type\":\"ListItem\",\"position\":2,\"name\":\"\u00c0 Travers la Flandre femmes : Annemiek van Vleuten s&rsquo;impose en patronne\"}]},{\"@type\":\"WebSite\",\"@id\":\"https:\/\/dicodusport.fr\/blog\/#website\",\"url\":\"https:\/\/dicodusport.fr\/blog\/\",\"name\":\"Dicodusport\",\"description\":\"L&#039;encyclop\u00e9die de l&#039;actualit\u00e9 sportive\",\"publisher\":{\"@id\":\"https:\/\/dicodusport.fr\/blog\/#organization\"},\"potentialAction\":[{\"@type\":\"SearchAction\",\"target\":{\"@type\":\"EntryPoint\",\"urlTemplate\":\"https:\/\/dicodusport.fr\/blog\/?s={search_term_string}\"},\"query-input\":{\"@type\":\"PropertyValueSpecification\",\"valueRequired\":true,\"valueName\":\"search_term_string\"}}],\"inLanguage\":\"fr-FR\"},{\"@type\":\"NewsMediaOrganization\",\"@id\":\"https:\/\/dicodusport.fr\/blog\/#organization\",\"name\":\"Dicodusport\",\"url\":\"https:\/\/dicodusport.fr\/blog\/\",\"logo\":{\"@type\":\"ImageObject\",\"inLanguage\":\"fr-FR\",\"@id\":\"https:\/\/dicodusport.fr\/blog\/#\/schema\/logo\/image\/\",\"url\":\"https:\/\/dicodusport.fr\/blog\/wp-content\/uploads\/2020\/06\/cropped-LOGO-DICODUSPORT-2020-SANS-FOND-SANS-TEXTE.png\",\"contentUrl\":\"https:\/\/dicodusport.fr\/blog\/wp-content\/uploads\/2020\/06\/cropped-LOGO-DICODUSPORT-2020-SANS-FOND-SANS-TEXTE.png\",\"width\":512,\"height\":512,\"caption\":\"Dicodusport\"},\"image\":{\"@id\":\"https:\/\/dicodusport.fr\/blog\/#\/schema\/logo\/image\/\"},\"sameAs\":[\"https:\/\/www.facebook.com\/dicodusport\",\"https:\/\/x.com\/dicodusport\",\"https:\/\/www.instagram.com\/dicodusport\/\",\"https:\/\/www.youtube.com\/channel\/UC7V2KZ5sd3htJivAbA4ZG3w\"],\"description\":\"Dicodusport est l'encyclop\u00e9die de l'actualit\u00e9 sportive.\",\"email\":\"bonjour@dicodusport.fr\",\"legalName\":\"DICODUSPORT\",\"foundingDate\":\"2018-01-14\",\"vatID\":\"FR71834470973\",\"taxID\":\"83447097300043\",\"numberOfEmployees\":{\"@type\":\"QuantitativeValue\",\"minValue\":\"1\",\"maxValue\":\"10\"}},{\"@type\":\"Person\",\"@id\":\"https:\/\/dicodusport.fr\/blog\/#\/schema\/person\/cb02af4c173ce4a653b55e9baf388d4a\",\"name\":\"Flo Ostermann\",\"image\":{\"@type\":\"ImageObject\",\"inLanguage\":\"fr-FR\",\"@id\":\"https:\/\/dicodusport.fr\/blog\/#\/schema\/person\/image\/\",\"url\":\"https:\/\/dicodusport.fr\/blog\/wp-content\/uploads\/2021\/05\/Flo-Ostermann-150x150.jpg\",\"contentUrl\":\"https:\/\/dicodusport.fr\/blog\/wp-content\/uploads\/2021\/05\/Flo-Ostermann-150x150.jpg\",\"caption\":\"Flo Ostermann\"},\"description\":\"Journaliste\/R\u00e9dacteur depuis septembre 2015 - Mes premiers souvenirs dans le sport ? Les envol\u00e9es du Stade Toulousain et les duels Villeneuve-Schumacher et H\u00e4kkinen-Schumacher \u00e0 la fin des ann\u00e9es 90, la Coupe du monde de football en 1998, l\u2019exploit du XV de France face aux All Blacks en 1999, mais aussi Richard C\u0153ur de Lion qui vole sur les montagnes du Tour de France. Bien parti pour devenir professeur d\u2019EPS, les \u00e9v\u00e9nements de la vie (et la flemme d\u2019animer des s\u00e9ances de 3x500 m\u00e8tres toute ma vie) m\u2019ont conduit \u00e0 revoir mes plans. Me voil\u00e0 depuis fin 2017 sur Dicodusport, m\u00e9dia gr\u00e2ce (et pour) lequel je partage ma passion : le sport dans tous ses \u00e9tats. Le tout accompagn\u00e9 par les fous furieux et folles furieuses cit\u00e9s sur cette page !\",\"sameAs\":[\"https:\/\/www.facebook.com\/florent.ostermann\",\"https:\/\/x.com\/https:\/\/twitter.com\/FlOstermann\",\"admin\"],\"url\":\"https:\/\/dicodusport.fr\/blog\/author\/flo\/\"}]}<\/script>\n<!-- \/ Yoast SEO Premium plugin. -->","yoast_head_json":{"title":"\u00c0 Travers la Flandre femmes : Annemiek van Vleuten s'impose en patronne","description":"CYCLISME - Toujours sans victoire depuis le d\u00e9but de la saison, la N\u00e9erlandaise Annemiek van Vleuten (Movistar) s'est impos\u00e9e ce mercredi sur \u00c0 Travers la Flandre.","robots":{"index":"index","follow":"follow","max-snippet":"max-snippet:-1","max-image-preview":"max-image-preview:large","max-video-preview":"max-video-preview:-1"},"canonical":"https:\/\/dicodusport.fr\/blog\/a-travers-la-flandre-femmes-annemiek-van-vleuten-s-impose-en-patronne\/","og_locale":"fr_FR","og_type":"article","og_title":"\u00c0 Travers la Flandre : Annemiek van Vleuten s'impose en patronne","og_description":"CYCLISME - Toujours sans victoire depuis le d\u00e9but de la saison, la N\u00e9erlandaise Annemiek van Vleuten (Movistar) s'est impos\u00e9e ce mercredi sur \u00c0 Travers la Flandre.","og_url":"https:\/\/dicodusport.fr\/blog\/a-travers-la-flandre-femmes-annemiek-van-vleuten-s-impose-en-patronne\/","og_site_name":"Dicodusport","article_publisher":"https:\/\/www.facebook.com\/dicodusport","article_author":"https:\/\/www.facebook.com\/florent.ostermann","article_published_time":"2021-03-31T12:20:46+00:00","article_modified_time":"2021-03-31T12:58:17+00:00","og_image":[{"width":800,"height":445,"url":"https:\/\/dicodusport.fr\/blog\/wp-content\/uploads\/2021\/03\/A-Travers-la-Flandre-femmes-Annemiek-van-Vleuten-simpose-en-patronne.png","type":"image\/png"}],"author":"Flo Ostermann","twitter_card":"summary_large_image","twitter_title":"\u00c0 Travers la Flandre : Annemiek van Vleuten s'impose en patronne","twitter_creator":"@https:\/\/twitter.com\/FlOstermann","twitter_site":"@dicodusport","schema":{"@context":"https:\/\/schema.org","@graph":[{"@type":"NewsArticle","@id":"https:\/\/dicodusport.fr\/blog\/a-travers-la-flandre-femmes-annemiek-van-vleuten-s-impose-en-patronne\/#article","isPartOf":{"@id":"https:\/\/dicodusport.fr\/blog\/a-travers-la-flandre-femmes-annemiek-van-vleuten-s-impose-en-patronne\/"},"author":{"name":"Flo Ostermann","@id":"https:\/\/dicodusport.fr\/blog\/#\/schema\/person\/cb02af4c173ce4a653b55e9baf388d4a"},"headline":"\u00c0 Travers la Flandre femmes : Annemiek van Vleuten s&rsquo;impose en patronne","datePublished":"2021-03-31T12:20:46+00:00","dateModified":"2021-03-31T12:58:17+00:00","mainEntityOfPage":{"@id":"https:\/\/dicodusport.fr\/blog\/a-travers-la-flandre-femmes-annemiek-van-vleuten-s-impose-en-patronne\/"},"wordCount":194,"commentCount":0,"publisher":{"@id":"https:\/\/dicodusport.fr\/blog\/#organization"},"image":{"@id":"https:\/\/dicodusport.fr\/blog\/a-travers-la-flandre-femmes-annemiek-van-vleuten-s-impose-en-patronne\/#primaryimage"},"thumbnailUrl":"https:\/\/dicodusport.fr\/blog\/wp-content\/uploads\/2021\/03\/A-Travers-la-Flandre-femmes-Annemiek-van-Vleuten-simpose-en-patronne.png","keywords":["A Travers la Flandre"],"articleSection":["Cyclisme"],"inLanguage":"fr-FR","potentialAction":[{"@type":"CommentAction","name":"Comment","target":["https:\/\/dicodusport.fr\/blog\/a-travers-la-flandre-femmes-annemiek-van-vleuten-s-impose-en-patronne\/#respond"]}],"copyrightYear":"2021","copyrightHolder":{"@id":"https:\/\/dicodusport.fr\/blog\/#organization"}},{"@type":"WebPage","@id":"https:\/\/dicodusport.fr\/blog\/a-travers-la-flandre-femmes-annemiek-van-vleuten-s-impose-en-patronne\/","url":"https:\/\/dicodusport.fr\/blog\/a-travers-la-flandre-femmes-annemiek-van-vleuten-s-impose-en-patronne\/","name":"\u00c0 Travers la Flandre femmes : Annemiek van Vleuten s'impose en patronne","isPartOf":{"@id":"https:\/\/dicodusport.fr\/blog\/#website"},"primaryImageOfPage":{"@id":"https:\/\/dicodusport.fr\/blog\/a-travers-la-flandre-femmes-annemiek-van-vleuten-s-impose-en-patronne\/#primaryimage"},"image":{"@id":"https:\/\/dicodusport.fr\/blog\/a-travers-la-flandre-femmes-annemiek-van-vleuten-s-impose-en-patronne\/#primaryimage"},"thumbnailUrl":"https:\/\/dicodusport.fr\/blog\/wp-content\/uploads\/2021\/03\/A-Travers-la-Flandre-femmes-Annemiek-van-Vleuten-simpose-en-patronne.png","datePublished":"2021-03-31T12:20:46+00:00","dateModified":"2021-03-31T12:58:17+00:00","description":"CYCLISME - Toujours sans victoire depuis le d\u00e9but de la saison, la N\u00e9erlandaise Annemiek van Vleuten (Movistar) s'est impos\u00e9e ce mercredi sur \u00c0 Travers la Flandre.","breadcrumb":{"@id":"https:\/\/dicodusport.fr\/blog\/a-travers-la-flandre-femmes-annemiek-van-vleuten-s-impose-en-patronne\/#breadcrumb"},"inLanguage":"fr-FR","potentialAction":[{"@type":"ReadAction","target":["https:\/\/dicodusport.fr\/blog\/a-travers-la-flandre-femmes-annemiek-van-vleuten-s-impose-en-patronne\/"]}]},{"@type":"ImageObject","inLanguage":"fr-FR","@id":"https:\/\/dicodusport.fr\/blog\/a-travers-la-flandre-femmes-annemiek-van-vleuten-s-impose-en-patronne\/#primaryimage","url":"https:\/\/dicodusport.fr\/blog\/wp-content\/uploads\/2021\/03\/A-Travers-la-Flandre-femmes-Annemiek-van-Vleuten-simpose-en-patronne.png","contentUrl":"https:\/\/dicodusport.fr\/blog\/wp-content\/uploads\/2021\/03\/A-Travers-la-Flandre-femmes-Annemiek-van-Vleuten-simpose-en-patronne.png","width":800,"height":445,"caption":"\u00c0 Travers la Flandre femmes - Annemiek van Vleuten s'impose en patronne"},{"@type":"BreadcrumbList","@id":"https:\/\/dicodusport.fr\/blog\/a-travers-la-flandre-femmes-annemiek-van-vleuten-s-impose-en-patronne\/#breadcrumb","itemListElement":[{"@type":"ListItem","position":1,"name":"Accueil","item":"https:\/\/dicodusport.fr\/blog\/"},{"@type":"ListItem","position":2,"name":"\u00c0 Travers la Flandre femmes : Annemiek van Vleuten s&rsquo;impose en patronne"}]},{"@type":"WebSite","@id":"https:\/\/dicodusport.fr\/blog\/#website","url":"https:\/\/dicodusport.fr\/blog\/","name":"Dicodusport","description":"L&#039;encyclop\u00e9die de l&#039;actualit\u00e9 sportive","publisher":{"@id":"https:\/\/dicodusport.fr\/blog\/#organization"},"potentialAction":[{"@type":"SearchAction","target":{"@type":"EntryPoint","urlTemplate":"https:\/\/dicodusport.fr\/blog\/?s={search_term_string}"},"query-input":{"@type":"PropertyValueSpecification","valueRequired":true,"valueName":"search_term_string"}}],"inLanguage":"fr-FR"},{"@type":"NewsMediaOrganization","@id":"https:\/\/dicodusport.fr\/blog\/#organization","name":"Dicodusport","url":"https:\/\/dicodusport.fr\/blog\/","logo":{"@type":"ImageObject","inLanguage":"fr-FR","@id":"https:\/\/dicodusport.fr\/blog\/#\/schema\/logo\/image\/","url":"https:\/\/dicodusport.fr\/blog\/wp-content\/uploads\/2020\/06\/cropped-LOGO-DICODUSPORT-2020-SANS-FOND-SANS-TEXTE.png","contentUrl":"https:\/\/dicodusport.fr\/blog\/wp-content\/uploads\/2020\/06\/cropped-LOGO-DICODUSPORT-2020-SANS-FOND-SANS-TEXTE.png","width":512,"height":512,"caption":"Dicodusport"},"image":{"@id":"https:\/\/dicodusport.fr\/blog\/#\/schema\/logo\/image\/"},"sameAs":["https:\/\/www.facebook.com\/dicodusport","https:\/\/x.com\/dicodusport","https:\/\/www.instagram.com\/dicodusport\/","https:\/\/www.youtube.com\/channel\/UC7V2KZ5sd3htJivAbA4ZG3w"],"description":"Dicodusport est l'encyclop\u00e9die de l'actualit\u00e9 sportive.","email":"bonjour@dicodusport.fr","legalName":"DICODUSPORT","foundingDate":"2018-01-14","vatID":"FR71834470973","taxID":"83447097300043","numberOfEmployees":{"@type":"QuantitativeValue","minValue":"1","maxValue":"10"}},{"@type":"Person","@id":"https:\/\/dicodusport.fr\/blog\/#\/schema\/person\/cb02af4c173ce4a653b55e9baf388d4a","name":"Flo Ostermann","image":{"@type":"ImageObject","inLanguage":"fr-FR","@id":"https:\/\/dicodusport.fr\/blog\/#\/schema\/person\/image\/","url":"https:\/\/dicodusport.fr\/blog\/wp-content\/uploads\/2021\/05\/Flo-Ostermann-150x150.jpg","contentUrl":"https:\/\/dicodusport.fr\/blog\/wp-content\/uploads\/2021\/05\/Flo-Ostermann-150x150.jpg","caption":"Flo Ostermann"},"description":"Journaliste\/R\u00e9dacteur depuis septembre 2015 - Mes premiers souvenirs dans le sport ? Les envol\u00e9es du Stade Toulousain et les duels Villeneuve-Schumacher et H\u00e4kkinen-Schumacher \u00e0 la fin des ann\u00e9es 90, la Coupe du monde de football en 1998, l\u2019exploit du XV de France face aux All Blacks en 1999, mais aussi Richard C\u0153ur de Lion qui vole sur les montagnes du Tour de France. Bien parti pour devenir professeur d\u2019EPS, les \u00e9v\u00e9nements de la vie (et la flemme d\u2019animer des s\u00e9ances de 3x500 m\u00e8tres toute ma vie) m\u2019ont conduit \u00e0 revoir mes plans. Me voil\u00e0 depuis fin 2017 sur Dicodusport, m\u00e9dia gr\u00e2ce (et pour) lequel je partage ma passion : le sport dans tous ses \u00e9tats. Le tout accompagn\u00e9 par les fous furieux et folles furieuses cit\u00e9s sur cette page !","sameAs":["https:\/\/www.facebook.com\/florent.ostermann","https:\/\/x.com\/https:\/\/twitter.com\/FlOstermann","admin"],"url":"https:\/\/dicodusport.fr\/blog\/author\/flo\/"}]}},"_links":{"self":[{"href":"https:\/\/dicodusport.fr\/blog\/wp-json\/wp\/v2\/posts\/117746","targetHints":{"allow":["GET"]}}],"collection":[{"href":"https:\/\/dicodusport.fr\/blog\/wp-json\/wp\/v2\/posts"}],"about":[{"href":"https:\/\/dicodusport.fr\/blog\/wp-json\/wp\/v2\/types\/post"}],"author":[{"embeddable":true,"href":"https:\/\/dicodusport.fr\/blog\/wp-json\/wp\/v2\/users\/4"}],"replies":[{"embeddable":true,"href":"https:\/\/dicodusport.fr\/blog\/wp-json\/wp\/v2\/comments?post=117746"}],"version-history":[{"count":0,"href":"https:\/\/dicodusport.fr\/blog\/wp-json\/wp\/v2\/posts\/117746\/revisions"}],"wp:featuredmedia":[{"embeddable":true,"href":"https:\/\/dicodusport.fr\/blog\/wp-json\/wp\/v2\/media\/117753"}],"wp:attachment":[{"href":"https:\/\/dicodusport.fr\/blog\/wp-json\/wp\/v2\/media?parent=117746"}],"wp:term":[{"taxonomy":"category","embeddable":true,"href":"https:\/\/dicodusport.fr\/blog\/wp-json\/wp\/v2\/categories?post=117746"},{"taxonomy":"post_tag","embeddable":true,"href":"https:\/\/dicodusport.fr\/blog\/wp-json\/wp\/v2\/tags?post=117746"}],"curies":[{"name":"wp","href":"https:\/\/api.w.org\/{rel}","templated":true}]}}