{"id":11782,"date":"2018-02-07T10:00:59","date_gmt":"2018-02-07T09:00:59","guid":{"rendered":"http:\/\/dicodusport.fr\/blog\/?p=11782"},"modified":"2018-02-07T15:05:42","modified_gmt":"2018-02-07T14:05:42","slug":"connaissez-bien-martin-fourcade-porte-drapeau-francais-a-pyeongchang-2018","status":"publish","type":"post","link":"https:\/\/dicodusport.fr\/blog\/connaissez-bien-martin-fourcade-porte-drapeau-francais-a-pyeongchang-2018\/","title":{"rendered":"Connaissez-vous bien Martin Fourcade, porte-drapeau fran\u00e7ais \u00e0 Pyeongchang 2018 ?"},"content":{"rendered":"<p style=\"text-align: justify;\"><em><strong>Martin Fourcade est devenu un des sportifs pr\u00e9f\u00e9r\u00e9s des fran\u00e7ais gr\u00e2ce \u00e0 ses performances sportives et \u00e0 son attitude exemplaire. Il sera le porte drapeau de la d\u00e9l\u00e9gation fran\u00e7aise vendredi \u00e0 Pyeongchang mais connaissez-vous vraiment tout de ce champion ?<\/strong><\/em><\/p>\n<p style=\"text-align: justify;\">[WpProQuiz 2]\n<p style=\"text-align: justify;\"><em><strong>Nicolas Jacquemard<br \/>\n<\/strong><\/em><a style=\"color: #000000;\" href=\"https:\/\/twitter.com\/Nico_Jacquemard\" target=\"_blank\" rel=\"noopener noreferrer\"><img loading=\"lazy\" decoding=\"async\" class=\"alignnone wp-image-2908\" src=\"http:\/\/dicodusport.fr\/blog\/wp-content\/uploads\/2017\/07\/logo-twitter-150x150.png\" alt=\"\" width=\"39\" height=\"39\" \/><\/a><a style=\"color: #000000;\" href=\"https:\/\/www.facebook.com\/dicodusport\/\" target=\"_blank\" rel=\"noopener noreferrer\"><img loading=\"lazy\" decoding=\"async\" class=\"alignnone wp-image-2909\" src=\"http:\/\/dicodusport.fr\/blog\/wp-content\/uploads\/2017\/07\/logo-facebook-150x150.png\" alt=\"\" width=\"40\" height=\"40\" \/><\/a><\/p>\n","protected":false},"excerpt":{"rendered":"<p>Martin Fourcade est devenu un des sportifs pr\u00e9f\u00e9r\u00e9s des fran\u00e7ais gr\u00e2ce \u00e0 ses performances sportives et \u00e0 son attitude exemplaire. Il sera le porte drapeau de la d\u00e9l\u00e9gation fran\u00e7aise vendredi \u00e0 Pyeongchang mais connaissez-vous vraiment tout de ce champion ?<\/p>\n","protected":false},"author":1,"featured_media":11829,"comment_status":"open","ping_status":"closed","sticky":false,"template":"","format":"standard","meta":{"_acf_changed":false,"_daextam_enable_autolinks":"","footnotes":""},"categories":[2426,3588,3692,2313],"tags":[2427,2198,2429],"class_list":["post-11782","post","type-post","status-publish","format-standard","has-post-thumbnail","hentry","category-biathlon","category-pyeongchang-2018","category-quiz","category-sports-dhiver","tag-biathlon","tag-fourcade","tag-martin-fourcade"],"acf":[],"yoast_head":"<!-- This site is optimized with the Yoast SEO Premium plugin v26.7 (Yoast SEO v26.7) - https:\/\/yoast.com\/wordpress\/plugins\/seo\/ -->\n<title>Connaissez-vous bien Martin Fourcade, porte-drapeau fran\u00e7ais \u00e0 Pyeongchang 2018 ?<\/title>\n<meta name=\"description\" content=\"Martin Fourcade est devenu un des sportifs pr\u00e9f\u00e9r\u00e9s des fran\u00e7ais gr\u00e2ce \u00e0 ses performances sportives et \u00e0 son attitude exemplaire. Il sera le porte drapeau de la d\u00e9l\u00e9gation fran\u00e7aise vendredi \u00e0 Pyeongchang mais connaissez-vous vraiment tout de ce champion ?\" \/>\n<meta name=\"robots\" content=\"index, follow, max-snippet:-1, max-image-preview:large, max-video-preview:-1\" \/>\n<link rel=\"canonical\" href=\"https:\/\/dicodusport.fr\/blog\/connaissez-bien-martin-fourcade-porte-drapeau-francais-a-pyeongchang-2018\/\" \/>\n<meta property=\"og:locale\" content=\"fr_FR\" \/>\n<meta property=\"og:type\" content=\"article\" \/>\n<meta property=\"og:title\" content=\"Connaissez-vous bien Martin Fourcade, porte-drapeau fran\u00e7ais \u00e0 Pyeongchang 2018 ?\" \/>\n<meta property=\"og:description\" content=\"Martin Fourcade est devenu un des sportifs pr\u00e9f\u00e9r\u00e9s des fran\u00e7ais gr\u00e2ce \u00e0 ses performances sportives et \u00e0 son attitude exemplaire. Il sera le porte drapeau de la d\u00e9l\u00e9gation fran\u00e7aise vendredi \u00e0 Pyeongchang mais connaissez-vous vraiment tout de ce champion ?\" \/>\n<meta property=\"og:url\" content=\"https:\/\/dicodusport.fr\/blog\/connaissez-bien-martin-fourcade-porte-drapeau-francais-a-pyeongchang-2018\/\" \/>\n<meta property=\"og:site_name\" content=\"Dicodusport\" \/>\n<meta property=\"article:publisher\" content=\"https:\/\/www.facebook.com\/dicodusport\" \/>\n<meta property=\"article:author\" content=\"https:\/\/www.facebook.com\/dicodusport\" \/>\n<meta property=\"article:published_time\" content=\"2018-02-07T09:00:59+00:00\" \/>\n<meta property=\"article:modified_time\" content=\"2018-02-07T14:05:42+00:00\" \/>\n<meta property=\"og:image\" content=\"https:\/\/dicodusport.fr\/blog\/wp-content\/uploads\/2018\/02\/Martin-Fourcade.png\" \/>\n\t<meta property=\"og:image:width\" content=\"1200\" \/>\n\t<meta property=\"og:image:height\" content=\"670\" \/>\n\t<meta property=\"og:image:type\" content=\"image\/png\" \/>\n<meta name=\"author\" content=\"Nicolas Jacquemard\" \/>\n<meta name=\"twitter:card\" content=\"summary_large_image\" \/>\n<meta name=\"twitter:creator\" content=\"@https:\/\/twitter.com\/Nico_Jacquemard\" \/>\n<meta name=\"twitter:site\" content=\"@dicodusport\" \/>\n<script type=\"application\/ld+json\" class=\"yoast-schema-graph\">{\"@context\":\"https:\/\/schema.org\",\"@graph\":[{\"@type\":\"NewsArticle\",\"@id\":\"https:\/\/dicodusport.fr\/blog\/connaissez-bien-martin-fourcade-porte-drapeau-francais-a-pyeongchang-2018\/#article\",\"isPartOf\":{\"@id\":\"https:\/\/dicodusport.fr\/blog\/connaissez-bien-martin-fourcade-porte-drapeau-francais-a-pyeongchang-2018\/\"},\"author\":{\"name\":\"Nicolas Jacquemard\",\"@id\":\"https:\/\/dicodusport.fr\/blog\/#\/schema\/person\/55dcb50ad410894e431ed812bbb70191\"},\"headline\":\"Connaissez-vous bien Martin Fourcade, porte-drapeau fran\u00e7ais \u00e0 Pyeongchang 2018 ?\",\"datePublished\":\"2018-02-07T09:00:59+00:00\",\"dateModified\":\"2018-02-07T14:05:42+00:00\",\"mainEntityOfPage\":{\"@id\":\"https:\/\/dicodusport.fr\/blog\/connaissez-bien-martin-fourcade-porte-drapeau-francais-a-pyeongchang-2018\/\"},\"wordCount\":55,\"commentCount\":0,\"publisher\":{\"@id\":\"https:\/\/dicodusport.fr\/blog\/#organization\"},\"image\":{\"@id\":\"https:\/\/dicodusport.fr\/blog\/connaissez-bien-martin-fourcade-porte-drapeau-francais-a-pyeongchang-2018\/#primaryimage\"},\"thumbnailUrl\":\"https:\/\/dicodusport.fr\/blog\/wp-content\/uploads\/2018\/02\/Martin-Fourcade.png\",\"keywords\":[\"Biathlon\",\"Fourcade\",\"Martin Fourcade\"],\"articleSection\":[\"Biathlon\",\"Pyeongchang 2018\",\"Quiz\",\"Sports d'hiver\"],\"inLanguage\":\"fr-FR\",\"potentialAction\":[{\"@type\":\"CommentAction\",\"name\":\"Comment\",\"target\":[\"https:\/\/dicodusport.fr\/blog\/connaissez-bien-martin-fourcade-porte-drapeau-francais-a-pyeongchang-2018\/#respond\"]}],\"copyrightYear\":\"2018\",\"copyrightHolder\":{\"@id\":\"https:\/\/dicodusport.fr\/blog\/#organization\"}},{\"@type\":\"WebPage\",\"@id\":\"https:\/\/dicodusport.fr\/blog\/connaissez-bien-martin-fourcade-porte-drapeau-francais-a-pyeongchang-2018\/\",\"url\":\"https:\/\/dicodusport.fr\/blog\/connaissez-bien-martin-fourcade-porte-drapeau-francais-a-pyeongchang-2018\/\",\"name\":\"Connaissez-vous bien Martin Fourcade, porte-drapeau fran\u00e7ais \u00e0 Pyeongchang 2018 ?\",\"isPartOf\":{\"@id\":\"https:\/\/dicodusport.fr\/blog\/#website\"},\"primaryImageOfPage\":{\"@id\":\"https:\/\/dicodusport.fr\/blog\/connaissez-bien-martin-fourcade-porte-drapeau-francais-a-pyeongchang-2018\/#primaryimage\"},\"image\":{\"@id\":\"https:\/\/dicodusport.fr\/blog\/connaissez-bien-martin-fourcade-porte-drapeau-francais-a-pyeongchang-2018\/#primaryimage\"},\"thumbnailUrl\":\"https:\/\/dicodusport.fr\/blog\/wp-content\/uploads\/2018\/02\/Martin-Fourcade.png\",\"datePublished\":\"2018-02-07T09:00:59+00:00\",\"dateModified\":\"2018-02-07T14:05:42+00:00\",\"description\":\"Martin Fourcade est devenu un des sportifs pr\u00e9f\u00e9r\u00e9s des fran\u00e7ais gr\u00e2ce \u00e0 ses performances sportives et \u00e0 son attitude exemplaire. Il sera le porte drapeau de la d\u00e9l\u00e9gation fran\u00e7aise vendredi \u00e0 Pyeongchang mais connaissez-vous vraiment tout de ce champion ?\",\"breadcrumb\":{\"@id\":\"https:\/\/dicodusport.fr\/blog\/connaissez-bien-martin-fourcade-porte-drapeau-francais-a-pyeongchang-2018\/#breadcrumb\"},\"inLanguage\":\"fr-FR\",\"potentialAction\":[{\"@type\":\"ReadAction\",\"target\":[\"https:\/\/dicodusport.fr\/blog\/connaissez-bien-martin-fourcade-porte-drapeau-francais-a-pyeongchang-2018\/\"]}]},{\"@type\":\"ImageObject\",\"inLanguage\":\"fr-FR\",\"@id\":\"https:\/\/dicodusport.fr\/blog\/connaissez-bien-martin-fourcade-porte-drapeau-francais-a-pyeongchang-2018\/#primaryimage\",\"url\":\"https:\/\/dicodusport.fr\/blog\/wp-content\/uploads\/2018\/02\/Martin-Fourcade.png\",\"contentUrl\":\"https:\/\/dicodusport.fr\/blog\/wp-content\/uploads\/2018\/02\/Martin-Fourcade.png\",\"width\":1200,\"height\":670,\"caption\":\"Martin Fourcade\"},{\"@type\":\"BreadcrumbList\",\"@id\":\"https:\/\/dicodusport.fr\/blog\/connaissez-bien-martin-fourcade-porte-drapeau-francais-a-pyeongchang-2018\/#breadcrumb\",\"itemListElement\":[{\"@type\":\"ListItem\",\"position\":1,\"name\":\"Accueil\",\"item\":\"https:\/\/dicodusport.fr\/blog\/\"},{\"@type\":\"ListItem\",\"position\":2,\"name\":\"Connaissez-vous bien Martin Fourcade, porte-drapeau fran\u00e7ais \u00e0 Pyeongchang 2018 ?\"}]},{\"@type\":\"WebSite\",\"@id\":\"https:\/\/dicodusport.fr\/blog\/#website\",\"url\":\"https:\/\/dicodusport.fr\/blog\/\",\"name\":\"Dicodusport\",\"description\":\"L&#039;encyclop\u00e9die de l&#039;actualit\u00e9 sportive\",\"publisher\":{\"@id\":\"https:\/\/dicodusport.fr\/blog\/#organization\"},\"potentialAction\":[{\"@type\":\"SearchAction\",\"target\":{\"@type\":\"EntryPoint\",\"urlTemplate\":\"https:\/\/dicodusport.fr\/blog\/?s={search_term_string}\"},\"query-input\":{\"@type\":\"PropertyValueSpecification\",\"valueRequired\":true,\"valueName\":\"search_term_string\"}}],\"inLanguage\":\"fr-FR\"},{\"@type\":\"NewsMediaOrganization\",\"@id\":\"https:\/\/dicodusport.fr\/blog\/#organization\",\"name\":\"Dicodusport\",\"url\":\"https:\/\/dicodusport.fr\/blog\/\",\"logo\":{\"@type\":\"ImageObject\",\"inLanguage\":\"fr-FR\",\"@id\":\"https:\/\/dicodusport.fr\/blog\/#\/schema\/logo\/image\/\",\"url\":\"https:\/\/dicodusport.fr\/blog\/wp-content\/uploads\/2020\/06\/cropped-LOGO-DICODUSPORT-2020-SANS-FOND-SANS-TEXTE.png\",\"contentUrl\":\"https:\/\/dicodusport.fr\/blog\/wp-content\/uploads\/2020\/06\/cropped-LOGO-DICODUSPORT-2020-SANS-FOND-SANS-TEXTE.png\",\"width\":512,\"height\":512,\"caption\":\"Dicodusport\"},\"image\":{\"@id\":\"https:\/\/dicodusport.fr\/blog\/#\/schema\/logo\/image\/\"},\"sameAs\":[\"https:\/\/www.facebook.com\/dicodusport\",\"https:\/\/x.com\/dicodusport\",\"https:\/\/www.instagram.com\/dicodusport\/\",\"https:\/\/www.youtube.com\/channel\/UC7V2KZ5sd3htJivAbA4ZG3w\"],\"description\":\"Dicodusport est l'encyclop\u00e9die de l'actualit\u00e9 sportive.\",\"email\":\"bonjour@dicodusport.fr\",\"legalName\":\"DICODUSPORT\",\"foundingDate\":\"2018-01-14\",\"vatID\":\"FR71834470973\",\"taxID\":\"83447097300043\",\"numberOfEmployees\":{\"@type\":\"QuantitativeValue\",\"minValue\":\"1\",\"maxValue\":\"10\"}},{\"@type\":\"Person\",\"@id\":\"https:\/\/dicodusport.fr\/blog\/#\/schema\/person\/55dcb50ad410894e431ed812bbb70191\",\"name\":\"Nicolas Jacquemard\",\"image\":{\"@type\":\"ImageObject\",\"inLanguage\":\"fr-FR\",\"@id\":\"https:\/\/dicodusport.fr\/blog\/#\/schema\/person\/image\/\",\"url\":\"https:\/\/dicodusport.fr\/blog\/wp-content\/uploads\/2021\/05\/Nicolas-Jacquemard-150x150.jpeg\",\"contentUrl\":\"https:\/\/dicodusport.fr\/blog\/wp-content\/uploads\/2021\/05\/Nicolas-Jacquemard-150x150.jpeg\",\"caption\":\"Nicolas Jacquemard\"},\"description\":\"Passionn\u00e9 de sport et entrepreneur depuis mes 18 ans, la cr\u00e9ation de Dicodusport m'a sembl\u00e9 \u00e9vidente pour participer \u00e0 la m\u00e9diatisation d'un plus grand nombre de sports. Le chemin est long mais avec une \u00e9quipe des plus motiv\u00e9es et les Jeux Olympiques de Paris 2024 en point de mire, nous y arriverons ! Journaliste dans le monde du sport depuis plus de 5 ans, je traite aussi bien de football, de rugby, de biathlon que de cyclisme.\",\"sameAs\":[\"https:\/\/www.facebook.com\/dicodusport\",\"https:\/\/x.com\/https:\/\/twitter.com\/Nico_Jacquemard\"],\"url\":\"https:\/\/dicodusport.fr\/blog\/author\/dicodusport\/\"}]}<\/script>\n<!-- \/ Yoast SEO Premium plugin. -->","yoast_head_json":{"title":"Connaissez-vous bien Martin Fourcade, porte-drapeau fran\u00e7ais \u00e0 Pyeongchang 2018 ?","description":"Martin Fourcade est devenu un des sportifs pr\u00e9f\u00e9r\u00e9s des fran\u00e7ais gr\u00e2ce \u00e0 ses performances sportives et \u00e0 son attitude exemplaire. Il sera le porte drapeau de la d\u00e9l\u00e9gation fran\u00e7aise vendredi \u00e0 Pyeongchang mais connaissez-vous vraiment tout de ce champion ?","robots":{"index":"index","follow":"follow","max-snippet":"max-snippet:-1","max-image-preview":"max-image-preview:large","max-video-preview":"max-video-preview:-1"},"canonical":"https:\/\/dicodusport.fr\/blog\/connaissez-bien-martin-fourcade-porte-drapeau-francais-a-pyeongchang-2018\/","og_locale":"fr_FR","og_type":"article","og_title":"Connaissez-vous bien Martin Fourcade, porte-drapeau fran\u00e7ais \u00e0 Pyeongchang 2018 ?","og_description":"Martin Fourcade est devenu un des sportifs pr\u00e9f\u00e9r\u00e9s des fran\u00e7ais gr\u00e2ce \u00e0 ses performances sportives et \u00e0 son attitude exemplaire. Il sera le porte drapeau de la d\u00e9l\u00e9gation fran\u00e7aise vendredi \u00e0 Pyeongchang mais connaissez-vous vraiment tout de ce champion ?","og_url":"https:\/\/dicodusport.fr\/blog\/connaissez-bien-martin-fourcade-porte-drapeau-francais-a-pyeongchang-2018\/","og_site_name":"Dicodusport","article_publisher":"https:\/\/www.facebook.com\/dicodusport","article_author":"https:\/\/www.facebook.com\/dicodusport","article_published_time":"2018-02-07T09:00:59+00:00","article_modified_time":"2018-02-07T14:05:42+00:00","og_image":[{"width":1200,"height":670,"url":"https:\/\/dicodusport.fr\/blog\/wp-content\/uploads\/2018\/02\/Martin-Fourcade.png","type":"image\/png"}],"author":"Nicolas Jacquemard","twitter_card":"summary_large_image","twitter_creator":"@https:\/\/twitter.com\/Nico_Jacquemard","twitter_site":"@dicodusport","schema":{"@context":"https:\/\/schema.org","@graph":[{"@type":"NewsArticle","@id":"https:\/\/dicodusport.fr\/blog\/connaissez-bien-martin-fourcade-porte-drapeau-francais-a-pyeongchang-2018\/#article","isPartOf":{"@id":"https:\/\/dicodusport.fr\/blog\/connaissez-bien-martin-fourcade-porte-drapeau-francais-a-pyeongchang-2018\/"},"author":{"name":"Nicolas Jacquemard","@id":"https:\/\/dicodusport.fr\/blog\/#\/schema\/person\/55dcb50ad410894e431ed812bbb70191"},"headline":"Connaissez-vous bien Martin Fourcade, porte-drapeau fran\u00e7ais \u00e0 Pyeongchang 2018 ?","datePublished":"2018-02-07T09:00:59+00:00","dateModified":"2018-02-07T14:05:42+00:00","mainEntityOfPage":{"@id":"https:\/\/dicodusport.fr\/blog\/connaissez-bien-martin-fourcade-porte-drapeau-francais-a-pyeongchang-2018\/"},"wordCount":55,"commentCount":0,"publisher":{"@id":"https:\/\/dicodusport.fr\/blog\/#organization"},"image":{"@id":"https:\/\/dicodusport.fr\/blog\/connaissez-bien-martin-fourcade-porte-drapeau-francais-a-pyeongchang-2018\/#primaryimage"},"thumbnailUrl":"https:\/\/dicodusport.fr\/blog\/wp-content\/uploads\/2018\/02\/Martin-Fourcade.png","keywords":["Biathlon","Fourcade","Martin Fourcade"],"articleSection":["Biathlon","Pyeongchang 2018","Quiz","Sports d'hiver"],"inLanguage":"fr-FR","potentialAction":[{"@type":"CommentAction","name":"Comment","target":["https:\/\/dicodusport.fr\/blog\/connaissez-bien-martin-fourcade-porte-drapeau-francais-a-pyeongchang-2018\/#respond"]}],"copyrightYear":"2018","copyrightHolder":{"@id":"https:\/\/dicodusport.fr\/blog\/#organization"}},{"@type":"WebPage","@id":"https:\/\/dicodusport.fr\/blog\/connaissez-bien-martin-fourcade-porte-drapeau-francais-a-pyeongchang-2018\/","url":"https:\/\/dicodusport.fr\/blog\/connaissez-bien-martin-fourcade-porte-drapeau-francais-a-pyeongchang-2018\/","name":"Connaissez-vous bien Martin Fourcade, porte-drapeau fran\u00e7ais \u00e0 Pyeongchang 2018 ?","isPartOf":{"@id":"https:\/\/dicodusport.fr\/blog\/#website"},"primaryImageOfPage":{"@id":"https:\/\/dicodusport.fr\/blog\/connaissez-bien-martin-fourcade-porte-drapeau-francais-a-pyeongchang-2018\/#primaryimage"},"image":{"@id":"https:\/\/dicodusport.fr\/blog\/connaissez-bien-martin-fourcade-porte-drapeau-francais-a-pyeongchang-2018\/#primaryimage"},"thumbnailUrl":"https:\/\/dicodusport.fr\/blog\/wp-content\/uploads\/2018\/02\/Martin-Fourcade.png","datePublished":"2018-02-07T09:00:59+00:00","dateModified":"2018-02-07T14:05:42+00:00","description":"Martin Fourcade est devenu un des sportifs pr\u00e9f\u00e9r\u00e9s des fran\u00e7ais gr\u00e2ce \u00e0 ses performances sportives et \u00e0 son attitude exemplaire. Il sera le porte drapeau de la d\u00e9l\u00e9gation fran\u00e7aise vendredi \u00e0 Pyeongchang mais connaissez-vous vraiment tout de ce champion ?","breadcrumb":{"@id":"https:\/\/dicodusport.fr\/blog\/connaissez-bien-martin-fourcade-porte-drapeau-francais-a-pyeongchang-2018\/#breadcrumb"},"inLanguage":"fr-FR","potentialAction":[{"@type":"ReadAction","target":["https:\/\/dicodusport.fr\/blog\/connaissez-bien-martin-fourcade-porte-drapeau-francais-a-pyeongchang-2018\/"]}]},{"@type":"ImageObject","inLanguage":"fr-FR","@id":"https:\/\/dicodusport.fr\/blog\/connaissez-bien-martin-fourcade-porte-drapeau-francais-a-pyeongchang-2018\/#primaryimage","url":"https:\/\/dicodusport.fr\/blog\/wp-content\/uploads\/2018\/02\/Martin-Fourcade.png","contentUrl":"https:\/\/dicodusport.fr\/blog\/wp-content\/uploads\/2018\/02\/Martin-Fourcade.png","width":1200,"height":670,"caption":"Martin Fourcade"},{"@type":"BreadcrumbList","@id":"https:\/\/dicodusport.fr\/blog\/connaissez-bien-martin-fourcade-porte-drapeau-francais-a-pyeongchang-2018\/#breadcrumb","itemListElement":[{"@type":"ListItem","position":1,"name":"Accueil","item":"https:\/\/dicodusport.fr\/blog\/"},{"@type":"ListItem","position":2,"name":"Connaissez-vous bien Martin Fourcade, porte-drapeau fran\u00e7ais \u00e0 Pyeongchang 2018 ?"}]},{"@type":"WebSite","@id":"https:\/\/dicodusport.fr\/blog\/#website","url":"https:\/\/dicodusport.fr\/blog\/","name":"Dicodusport","description":"L&#039;encyclop\u00e9die de l&#039;actualit\u00e9 sportive","publisher":{"@id":"https:\/\/dicodusport.fr\/blog\/#organization"},"potentialAction":[{"@type":"SearchAction","target":{"@type":"EntryPoint","urlTemplate":"https:\/\/dicodusport.fr\/blog\/?s={search_term_string}"},"query-input":{"@type":"PropertyValueSpecification","valueRequired":true,"valueName":"search_term_string"}}],"inLanguage":"fr-FR"},{"@type":"NewsMediaOrganization","@id":"https:\/\/dicodusport.fr\/blog\/#organization","name":"Dicodusport","url":"https:\/\/dicodusport.fr\/blog\/","logo":{"@type":"ImageObject","inLanguage":"fr-FR","@id":"https:\/\/dicodusport.fr\/blog\/#\/schema\/logo\/image\/","url":"https:\/\/dicodusport.fr\/blog\/wp-content\/uploads\/2020\/06\/cropped-LOGO-DICODUSPORT-2020-SANS-FOND-SANS-TEXTE.png","contentUrl":"https:\/\/dicodusport.fr\/blog\/wp-content\/uploads\/2020\/06\/cropped-LOGO-DICODUSPORT-2020-SANS-FOND-SANS-TEXTE.png","width":512,"height":512,"caption":"Dicodusport"},"image":{"@id":"https:\/\/dicodusport.fr\/blog\/#\/schema\/logo\/image\/"},"sameAs":["https:\/\/www.facebook.com\/dicodusport","https:\/\/x.com\/dicodusport","https:\/\/www.instagram.com\/dicodusport\/","https:\/\/www.youtube.com\/channel\/UC7V2KZ5sd3htJivAbA4ZG3w"],"description":"Dicodusport est l'encyclop\u00e9die de l'actualit\u00e9 sportive.","email":"bonjour@dicodusport.fr","legalName":"DICODUSPORT","foundingDate":"2018-01-14","vatID":"FR71834470973","taxID":"83447097300043","numberOfEmployees":{"@type":"QuantitativeValue","minValue":"1","maxValue":"10"}},{"@type":"Person","@id":"https:\/\/dicodusport.fr\/blog\/#\/schema\/person\/55dcb50ad410894e431ed812bbb70191","name":"Nicolas Jacquemard","image":{"@type":"ImageObject","inLanguage":"fr-FR","@id":"https:\/\/dicodusport.fr\/blog\/#\/schema\/person\/image\/","url":"https:\/\/dicodusport.fr\/blog\/wp-content\/uploads\/2021\/05\/Nicolas-Jacquemard-150x150.jpeg","contentUrl":"https:\/\/dicodusport.fr\/blog\/wp-content\/uploads\/2021\/05\/Nicolas-Jacquemard-150x150.jpeg","caption":"Nicolas Jacquemard"},"description":"Passionn\u00e9 de sport et entrepreneur depuis mes 18 ans, la cr\u00e9ation de Dicodusport m'a sembl\u00e9 \u00e9vidente pour participer \u00e0 la m\u00e9diatisation d'un plus grand nombre de sports. Le chemin est long mais avec une \u00e9quipe des plus motiv\u00e9es et les Jeux Olympiques de Paris 2024 en point de mire, nous y arriverons ! Journaliste dans le monde du sport depuis plus de 5 ans, je traite aussi bien de football, de rugby, de biathlon que de cyclisme.","sameAs":["https:\/\/www.facebook.com\/dicodusport","https:\/\/x.com\/https:\/\/twitter.com\/Nico_Jacquemard"],"url":"https:\/\/dicodusport.fr\/blog\/author\/dicodusport\/"}]}},"_links":{"self":[{"href":"https:\/\/dicodusport.fr\/blog\/wp-json\/wp\/v2\/posts\/11782","targetHints":{"allow":["GET"]}}],"collection":[{"href":"https:\/\/dicodusport.fr\/blog\/wp-json\/wp\/v2\/posts"}],"about":[{"href":"https:\/\/dicodusport.fr\/blog\/wp-json\/wp\/v2\/types\/post"}],"author":[{"embeddable":true,"href":"https:\/\/dicodusport.fr\/blog\/wp-json\/wp\/v2\/users\/1"}],"replies":[{"embeddable":true,"href":"https:\/\/dicodusport.fr\/blog\/wp-json\/wp\/v2\/comments?post=11782"}],"version-history":[{"count":0,"href":"https:\/\/dicodusport.fr\/blog\/wp-json\/wp\/v2\/posts\/11782\/revisions"}],"wp:featuredmedia":[{"embeddable":true,"href":"https:\/\/dicodusport.fr\/blog\/wp-json\/wp\/v2\/media\/11829"}],"wp:attachment":[{"href":"https:\/\/dicodusport.fr\/blog\/wp-json\/wp\/v2\/media?parent=11782"}],"wp:term":[{"taxonomy":"category","embeddable":true,"href":"https:\/\/dicodusport.fr\/blog\/wp-json\/wp\/v2\/categories?post=11782"},{"taxonomy":"post_tag","embeddable":true,"href":"https:\/\/dicodusport.fr\/blog\/wp-json\/wp\/v2\/tags?post=11782"}],"curies":[{"name":"wp","href":"https:\/\/api.w.org\/{rel}","templated":true}]}}