{"id":117839,"date":"2021-04-01T11:50:55","date_gmt":"2021-04-01T09:50:55","guid":{"rendered":"https:\/\/dicodusport.fr\/blog\/?p=117839&#038;preview=true&#038;preview_id=117839"},"modified":"2021-04-01T12:18:45","modified_gmt":"2021-04-01T10:18:45","slug":"peter-sagan-l-eternel-frisson","status":"publish","type":"post","link":"https:\/\/dicodusport.fr\/blog\/peter-sagan-l-eternel-frisson\/","title":{"rendered":"Peter Sagan, l&rsquo;\u00e9ternel frisson"},"content":{"rendered":"<p style=\"text-align: justify;\"><strong><em>CYCLISME &#8211; Peter Sagan est un coureur inclassable, ce n&rsquo;est pas vraiment nouveau. Et alors qu&rsquo;on le pensait bien loin de son meilleur niveau, le Slovaque nous a encore rappel\u00e9 qu&rsquo;il fallait toujours compter sur lui.<\/em><\/strong><\/p>\n<p style=\"text-align: justify;\">Petit retour en arri\u00e8re de quelques mois. <a href=\"https:\/\/dicodusport.fr\/blog\/tag\/peter-sagan\/\" target=\"_blank\" rel=\"noopener\"><strong>Peter Sagan<\/strong><\/a> ne gagne plus, il venait m\u00eame de perdre pour la premi\u00e8re fois \u00e0 la r\u00e9guli\u00e8re le maillot vert sur le Tour de France. En plus, <strong>Arnaud D\u00e9mare<\/strong> le martyrise sur les sprints massifs lors du Tour d&rsquo;Italie. Alors qu&rsquo;on le voyait finir la saison sans gagner, il claque finalement l&rsquo;une de ses plus belles victoires. Un succ\u00e8s d&rsquo;\u00e9tape en solitaire sur un profil (tr\u00e8s) vallonn\u00e9 ; apr\u00e8s un mano a mano \u00e9norme avec la Groupama-FDJ en d\u00e9but d&rsquo;\u00e9tape, et un combat face au retour du peloton sur la fin.<\/p>\n<p style=\"text-align: justify;\">Nouveau flash-back. Un peu plus lointain cette fois. En 2017, le Slovaque, double champion du monde, aborde le Mondial de Bergen malade, et donc dans une petite forme selon ses propres dires. Il nous donne juste le temps de l&rsquo;oublier, en se cachant toute la journ\u00e9e pour sortir au bon moment, quand il le faut, et venir tripler la mise au nez et \u00e0 la barbe d&rsquo;<strong>Alexander Kristoff<\/strong>. On peut aussi citer Paris-Roubaix 2018. Alors qu&rsquo;apr\u00e8s plusieurs \u00e9checs sur l&rsquo;Enfer du Nord, il n&rsquo;a plus l&rsquo;\u00e9tiquette du grand favori, il d\u00e9cide de partir seul \u00e0 plus de 50 kilom\u00e8tres de l&rsquo;arriv\u00e9e pour une autre victoire d&rsquo;anthologie.<\/p>\n<h2 style=\"text-align: justify;\">Milan &#8211; San Remo comme nouvelle piq\u00fbre de rappel<\/h2>\n<p style=\"text-align: justify;\">Le frisson Sagan semble donc \u00e9ternel. L&rsquo;homme aux 115 victoires et 277 podiums est un coureur aussi hors normes qu&rsquo;atypique, et il le prouve encore en 2021. Alors qu&rsquo;il n&rsquo;a pas vu le jour sur Tirreno Adriatico, les observateurs l&rsquo;avaient enterr\u00e9 avant La Primavera. Mais le Slovaque a une nouvelle fois envoy\u00e9 un message fort, avec une quatri\u00e8me place en \u00e9tant l&rsquo;homme le plus rapide du sprint. Quelques jours plus tard, il s&rsquo;enl\u00e8ve un poids <a href=\"https:\/\/dicodusport.fr\/blog\/tour-de-catalogne-peter-sagan-remporte-6eme-etape\/\" target=\"_blank\" rel=\"noopener\">en levant les bras sur le Tour de Catalogne<\/a>, dans un sprint o\u00f9 <strong>Sagan<\/strong> a fait du <strong>Sagan<\/strong>, se faufilant entre les coureurs pour lever les bras.<\/p>\n<blockquote class=\"twitter-tweet\">\n<p dir=\"ltr\" lang=\"fr\">&#x1f1f8;&#x1f1f0; &#x26a1;&#xfe0f; Peter Sagan s&rsquo;offre la 6e \u00e9tape du Tour de Catalogne au sprint !<\/p>\n<p><a href=\"https:\/\/twitter.com\/hashtag\/VoltaCatalunya100?src=hash&amp;ref_src=twsrc%5Etfw\">#VoltaCatalunya100<\/a> <a href=\"https:\/\/t.co\/7QBdUbOTZu\">pic.twitter.com\/7QBdUbOTZu<\/a><\/p>\n<p>\u2014 Eurosport France (@Eurosport_FR) <a href=\"https:\/\/twitter.com\/Eurosport_FR\/status\/1375838894558695427?ref_src=twsrc%5Etfw\">March 27, 2021<\/a><\/p><\/blockquote>\n<p><script async src=\"https:\/\/platform.twitter.com\/widgets.js\" charset=\"utf-8\"><\/script><\/p>\n<p style=\"text-align: justify;\">Le Tour des Flandres, et peut-\u00eatre Paris-Roubaix, se profilent et revoil\u00e0 que le coureur de 31 ans est au moins plac\u00e9 parmi les rares coureurs \u00e0 pouvoir inqui\u00e9ter le trio infernal, compos\u00e9 de <strong>Julian Alaphilippe<\/strong>, <strong>Wout Van Aert<\/strong> et <strong>Mathieu van der Poel<\/strong>. Sera-t-il au rendez-vous dimanche ? M\u00eame lui ne le sait probablement pas encore. Mais si l&rsquo;occasion fait le larron et que le Slovaque est dans un bon jour, il pourrait encore nous provoquer ce frisson. Si ce n&rsquo;est pas pour cette course, \u00e7a sera pour une autre. Car c&rsquo;est un peu \u00e7a la philosophie <strong>Sagan<\/strong>, courir au jour le jour, sans penser au lendemain.<\/p>\n<p style=\"text-align: justify;\"><strong><em>Dicodusport<br \/>\n<a href=\"https:\/\/www.facebook.com\/dicodusport\/\" target=\"_blank\" rel=\"noopener noreferrer\"><img loading=\"lazy\" decoding=\"async\" class=\"alignnone wp-image-2909\" src=\"http:\/\/dicodusport.fr\/blog\/wp-content\/uploads\/2017\/07\/logo-facebook-150x150.png\" alt=\"\" width=\"40\" height=\"40\" \/><\/a><a href=\"https:\/\/twitter.com\/dicodusport\" target=\"_blank\" rel=\"noopener noreferrer\"><img loading=\"lazy\" decoding=\"async\" class=\"alignnone wp-image-2908\" src=\"http:\/\/dicodusport.fr\/blog\/wp-content\/uploads\/2017\/07\/logo-twitter-150x150.png\" alt=\"\" width=\"39\" height=\"39\" \/><\/a><\/em><\/strong><\/p>\n","protected":false},"excerpt":{"rendered":"<p>CYCLISME &#8211; Peter Sagan est un coureur inclassable, ce n&rsquo;est pas vraiment nouveau. Et alors qu&rsquo;on le pensait bien loin de son meilleur niveau, le Slovaque nous a encore rappel\u00e9 qu&rsquo;il fallait toujours compter sur lui.<\/p>\n","protected":false},"author":1,"featured_media":117916,"comment_status":"open","ping_status":"closed","sticky":false,"template":"","format":"standard","meta":{"_acf_changed":false,"_daextam_enable_autolinks":"","footnotes":""},"categories":[2307],"tags":[4284,4373,24,4325],"class_list":["post-117839","post","type-post","status-publish","format-standard","has-post-thumbnail","hentry","category-cyclisme","tag-peter-sagan","tag-sagan","tag-sport","tag-tour-des-flandres"],"acf":[],"yoast_head":"<!-- This site is optimized with the Yoast SEO Premium plugin v26.7 (Yoast SEO v26.7) - https:\/\/yoast.com\/wordpress\/plugins\/seo\/ -->\n<title>Peter Sagan, l&#039;\u00e9ternel frisson<\/title>\n<meta name=\"description\" content=\"CYCLISME - Peter Sagan est un coureur inclassable, ce n&#039;est pas vraiment nouveau. Le Slovaque nous a encore rappel\u00e9 qu&#039;il fallait toujours compter sur lui.\" \/>\n<meta name=\"robots\" content=\"index, follow, max-snippet:-1, max-image-preview:large, max-video-preview:-1\" \/>\n<link rel=\"canonical\" href=\"https:\/\/dicodusport.fr\/blog\/peter-sagan-l-eternel-frisson\/\" \/>\n<meta property=\"og:locale\" content=\"fr_FR\" \/>\n<meta property=\"og:type\" content=\"article\" \/>\n<meta property=\"og:title\" content=\"Peter Sagan, l&#039;\u00e9ternel frisson\" \/>\n<meta property=\"og:description\" content=\"CYCLISME - Peter Sagan est un coureur inclassable, ce n&#039;est pas vraiment nouveau. Le Slovaque nous a encore rappel\u00e9 qu&#039;il fallait toujours compter sur lui.\" \/>\n<meta property=\"og:url\" content=\"https:\/\/dicodusport.fr\/blog\/peter-sagan-l-eternel-frisson\/\" \/>\n<meta property=\"og:site_name\" content=\"Dicodusport\" \/>\n<meta property=\"article:publisher\" content=\"https:\/\/www.facebook.com\/dicodusport\" \/>\n<meta property=\"article:author\" content=\"https:\/\/www.facebook.com\/dicodusport\" \/>\n<meta property=\"article:published_time\" content=\"2021-04-01T09:50:55+00:00\" \/>\n<meta property=\"article:modified_time\" content=\"2021-04-01T10:18:45+00:00\" \/>\n<meta property=\"og:image\" content=\"https:\/\/dicodusport.fr\/blog\/wp-content\/uploads\/2021\/04\/Peter-Sagan-leternel-frisson.png\" \/>\n\t<meta property=\"og:image:width\" content=\"800\" \/>\n\t<meta property=\"og:image:height\" content=\"445\" \/>\n\t<meta property=\"og:image:type\" content=\"image\/png\" \/>\n<meta name=\"author\" content=\"Nicolas Jacquemard\" \/>\n<meta name=\"twitter:card\" content=\"summary_large_image\" \/>\n<meta name=\"twitter:title\" content=\"Peter Sagan, l&#039;\u00e9ternel frisson\" \/>\n<meta name=\"twitter:creator\" content=\"@https:\/\/twitter.com\/Nico_Jacquemard\" \/>\n<meta name=\"twitter:site\" content=\"@dicodusport\" \/>\n<script type=\"application\/ld+json\" class=\"yoast-schema-graph\">{\"@context\":\"https:\/\/schema.org\",\"@graph\":[{\"@type\":\"NewsArticle\",\"@id\":\"https:\/\/dicodusport.fr\/blog\/peter-sagan-l-eternel-frisson\/#article\",\"isPartOf\":{\"@id\":\"https:\/\/dicodusport.fr\/blog\/peter-sagan-l-eternel-frisson\/\"},\"author\":{\"name\":\"Nicolas Jacquemard\",\"@id\":\"https:\/\/dicodusport.fr\/blog\/#\/schema\/person\/55dcb50ad410894e431ed812bbb70191\"},\"headline\":\"Peter Sagan, l&rsquo;\u00e9ternel frisson\",\"datePublished\":\"2021-04-01T09:50:55+00:00\",\"dateModified\":\"2021-04-01T10:18:45+00:00\",\"mainEntityOfPage\":{\"@id\":\"https:\/\/dicodusport.fr\/blog\/peter-sagan-l-eternel-frisson\/\"},\"wordCount\":531,\"commentCount\":0,\"publisher\":{\"@id\":\"https:\/\/dicodusport.fr\/blog\/#organization\"},\"image\":{\"@id\":\"https:\/\/dicodusport.fr\/blog\/peter-sagan-l-eternel-frisson\/#primaryimage\"},\"thumbnailUrl\":\"https:\/\/dicodusport.fr\/blog\/wp-content\/uploads\/2021\/04\/Peter-Sagan-leternel-frisson.png\",\"keywords\":[\"Peter Sagan\",\"Sagan\",\"sport\",\"Tour des Flandres\"],\"articleSection\":[\"Cyclisme\"],\"inLanguage\":\"fr-FR\",\"potentialAction\":[{\"@type\":\"CommentAction\",\"name\":\"Comment\",\"target\":[\"https:\/\/dicodusport.fr\/blog\/peter-sagan-l-eternel-frisson\/#respond\"]}],\"copyrightYear\":\"2021\",\"copyrightHolder\":{\"@id\":\"https:\/\/dicodusport.fr\/blog\/#organization\"}},{\"@type\":\"WebPage\",\"@id\":\"https:\/\/dicodusport.fr\/blog\/peter-sagan-l-eternel-frisson\/\",\"url\":\"https:\/\/dicodusport.fr\/blog\/peter-sagan-l-eternel-frisson\/\",\"name\":\"Peter Sagan, l'\u00e9ternel frisson\",\"isPartOf\":{\"@id\":\"https:\/\/dicodusport.fr\/blog\/#website\"},\"primaryImageOfPage\":{\"@id\":\"https:\/\/dicodusport.fr\/blog\/peter-sagan-l-eternel-frisson\/#primaryimage\"},\"image\":{\"@id\":\"https:\/\/dicodusport.fr\/blog\/peter-sagan-l-eternel-frisson\/#primaryimage\"},\"thumbnailUrl\":\"https:\/\/dicodusport.fr\/blog\/wp-content\/uploads\/2021\/04\/Peter-Sagan-leternel-frisson.png\",\"datePublished\":\"2021-04-01T09:50:55+00:00\",\"dateModified\":\"2021-04-01T10:18:45+00:00\",\"description\":\"CYCLISME - Peter Sagan est un coureur inclassable, ce n'est pas vraiment nouveau. Le Slovaque nous a encore rappel\u00e9 qu'il fallait toujours compter sur lui.\",\"breadcrumb\":{\"@id\":\"https:\/\/dicodusport.fr\/blog\/peter-sagan-l-eternel-frisson\/#breadcrumb\"},\"inLanguage\":\"fr-FR\",\"potentialAction\":[{\"@type\":\"ReadAction\",\"target\":[\"https:\/\/dicodusport.fr\/blog\/peter-sagan-l-eternel-frisson\/\"]}]},{\"@type\":\"ImageObject\",\"inLanguage\":\"fr-FR\",\"@id\":\"https:\/\/dicodusport.fr\/blog\/peter-sagan-l-eternel-frisson\/#primaryimage\",\"url\":\"https:\/\/dicodusport.fr\/blog\/wp-content\/uploads\/2021\/04\/Peter-Sagan-leternel-frisson.png\",\"contentUrl\":\"https:\/\/dicodusport.fr\/blog\/wp-content\/uploads\/2021\/04\/Peter-Sagan-leternel-frisson.png\",\"width\":800,\"height\":445,\"caption\":\"Peter Sagan serait en route pour la Deceuninck-Quick Step\"},{\"@type\":\"BreadcrumbList\",\"@id\":\"https:\/\/dicodusport.fr\/blog\/peter-sagan-l-eternel-frisson\/#breadcrumb\",\"itemListElement\":[{\"@type\":\"ListItem\",\"position\":1,\"name\":\"Accueil\",\"item\":\"https:\/\/dicodusport.fr\/blog\/\"},{\"@type\":\"ListItem\",\"position\":2,\"name\":\"Peter Sagan, l&rsquo;\u00e9ternel frisson\"}]},{\"@type\":\"WebSite\",\"@id\":\"https:\/\/dicodusport.fr\/blog\/#website\",\"url\":\"https:\/\/dicodusport.fr\/blog\/\",\"name\":\"Dicodusport\",\"description\":\"L&#039;encyclop\u00e9die de l&#039;actualit\u00e9 sportive\",\"publisher\":{\"@id\":\"https:\/\/dicodusport.fr\/blog\/#organization\"},\"potentialAction\":[{\"@type\":\"SearchAction\",\"target\":{\"@type\":\"EntryPoint\",\"urlTemplate\":\"https:\/\/dicodusport.fr\/blog\/?s={search_term_string}\"},\"query-input\":{\"@type\":\"PropertyValueSpecification\",\"valueRequired\":true,\"valueName\":\"search_term_string\"}}],\"inLanguage\":\"fr-FR\"},{\"@type\":\"NewsMediaOrganization\",\"@id\":\"https:\/\/dicodusport.fr\/blog\/#organization\",\"name\":\"Dicodusport\",\"url\":\"https:\/\/dicodusport.fr\/blog\/\",\"logo\":{\"@type\":\"ImageObject\",\"inLanguage\":\"fr-FR\",\"@id\":\"https:\/\/dicodusport.fr\/blog\/#\/schema\/logo\/image\/\",\"url\":\"https:\/\/dicodusport.fr\/blog\/wp-content\/uploads\/2020\/06\/cropped-LOGO-DICODUSPORT-2020-SANS-FOND-SANS-TEXTE.png\",\"contentUrl\":\"https:\/\/dicodusport.fr\/blog\/wp-content\/uploads\/2020\/06\/cropped-LOGO-DICODUSPORT-2020-SANS-FOND-SANS-TEXTE.png\",\"width\":512,\"height\":512,\"caption\":\"Dicodusport\"},\"image\":{\"@id\":\"https:\/\/dicodusport.fr\/blog\/#\/schema\/logo\/image\/\"},\"sameAs\":[\"https:\/\/www.facebook.com\/dicodusport\",\"https:\/\/x.com\/dicodusport\",\"https:\/\/www.instagram.com\/dicodusport\/\",\"https:\/\/www.youtube.com\/channel\/UC7V2KZ5sd3htJivAbA4ZG3w\"],\"description\":\"Dicodusport est l'encyclop\u00e9die de l'actualit\u00e9 sportive.\",\"email\":\"bonjour@dicodusport.fr\",\"legalName\":\"DICODUSPORT\",\"foundingDate\":\"2018-01-14\",\"vatID\":\"FR71834470973\",\"taxID\":\"83447097300043\",\"numberOfEmployees\":{\"@type\":\"QuantitativeValue\",\"minValue\":\"1\",\"maxValue\":\"10\"}},{\"@type\":\"Person\",\"@id\":\"https:\/\/dicodusport.fr\/blog\/#\/schema\/person\/55dcb50ad410894e431ed812bbb70191\",\"name\":\"Nicolas Jacquemard\",\"image\":{\"@type\":\"ImageObject\",\"inLanguage\":\"fr-FR\",\"@id\":\"https:\/\/dicodusport.fr\/blog\/#\/schema\/person\/image\/\",\"url\":\"https:\/\/dicodusport.fr\/blog\/wp-content\/uploads\/2021\/05\/Nicolas-Jacquemard-150x150.jpeg\",\"contentUrl\":\"https:\/\/dicodusport.fr\/blog\/wp-content\/uploads\/2021\/05\/Nicolas-Jacquemard-150x150.jpeg\",\"caption\":\"Nicolas Jacquemard\"},\"description\":\"Passionn\u00e9 de sport et entrepreneur depuis mes 18 ans, la cr\u00e9ation de Dicodusport m'a sembl\u00e9 \u00e9vidente pour participer \u00e0 la m\u00e9diatisation d'un plus grand nombre de sports. Le chemin est long mais avec une \u00e9quipe des plus motiv\u00e9es et les Jeux Olympiques de Paris 2024 en point de mire, nous y arriverons ! Journaliste dans le monde du sport depuis plus de 5 ans, je traite aussi bien de football, de rugby, de biathlon que de cyclisme.\",\"sameAs\":[\"https:\/\/www.facebook.com\/dicodusport\",\"https:\/\/x.com\/https:\/\/twitter.com\/Nico_Jacquemard\"],\"url\":\"https:\/\/dicodusport.fr\/blog\/author\/dicodusport\/\"}]}<\/script>\n<!-- \/ Yoast SEO Premium plugin. -->","yoast_head_json":{"title":"Peter Sagan, l'\u00e9ternel frisson","description":"CYCLISME - Peter Sagan est un coureur inclassable, ce n'est pas vraiment nouveau. Le Slovaque nous a encore rappel\u00e9 qu'il fallait toujours compter sur lui.","robots":{"index":"index","follow":"follow","max-snippet":"max-snippet:-1","max-image-preview":"max-image-preview:large","max-video-preview":"max-video-preview:-1"},"canonical":"https:\/\/dicodusport.fr\/blog\/peter-sagan-l-eternel-frisson\/","og_locale":"fr_FR","og_type":"article","og_title":"Peter Sagan, l'\u00e9ternel frisson","og_description":"CYCLISME - Peter Sagan est un coureur inclassable, ce n'est pas vraiment nouveau. Le Slovaque nous a encore rappel\u00e9 qu'il fallait toujours compter sur lui.","og_url":"https:\/\/dicodusport.fr\/blog\/peter-sagan-l-eternel-frisson\/","og_site_name":"Dicodusport","article_publisher":"https:\/\/www.facebook.com\/dicodusport","article_author":"https:\/\/www.facebook.com\/dicodusport","article_published_time":"2021-04-01T09:50:55+00:00","article_modified_time":"2021-04-01T10:18:45+00:00","og_image":[{"width":800,"height":445,"url":"https:\/\/dicodusport.fr\/blog\/wp-content\/uploads\/2021\/04\/Peter-Sagan-leternel-frisson.png","type":"image\/png"}],"author":"Nicolas Jacquemard","twitter_card":"summary_large_image","twitter_title":"Peter Sagan, l'\u00e9ternel frisson","twitter_creator":"@https:\/\/twitter.com\/Nico_Jacquemard","twitter_site":"@dicodusport","schema":{"@context":"https:\/\/schema.org","@graph":[{"@type":"NewsArticle","@id":"https:\/\/dicodusport.fr\/blog\/peter-sagan-l-eternel-frisson\/#article","isPartOf":{"@id":"https:\/\/dicodusport.fr\/blog\/peter-sagan-l-eternel-frisson\/"},"author":{"name":"Nicolas Jacquemard","@id":"https:\/\/dicodusport.fr\/blog\/#\/schema\/person\/55dcb50ad410894e431ed812bbb70191"},"headline":"Peter Sagan, l&rsquo;\u00e9ternel frisson","datePublished":"2021-04-01T09:50:55+00:00","dateModified":"2021-04-01T10:18:45+00:00","mainEntityOfPage":{"@id":"https:\/\/dicodusport.fr\/blog\/peter-sagan-l-eternel-frisson\/"},"wordCount":531,"commentCount":0,"publisher":{"@id":"https:\/\/dicodusport.fr\/blog\/#organization"},"image":{"@id":"https:\/\/dicodusport.fr\/blog\/peter-sagan-l-eternel-frisson\/#primaryimage"},"thumbnailUrl":"https:\/\/dicodusport.fr\/blog\/wp-content\/uploads\/2021\/04\/Peter-Sagan-leternel-frisson.png","keywords":["Peter Sagan","Sagan","sport","Tour des Flandres"],"articleSection":["Cyclisme"],"inLanguage":"fr-FR","potentialAction":[{"@type":"CommentAction","name":"Comment","target":["https:\/\/dicodusport.fr\/blog\/peter-sagan-l-eternel-frisson\/#respond"]}],"copyrightYear":"2021","copyrightHolder":{"@id":"https:\/\/dicodusport.fr\/blog\/#organization"}},{"@type":"WebPage","@id":"https:\/\/dicodusport.fr\/blog\/peter-sagan-l-eternel-frisson\/","url":"https:\/\/dicodusport.fr\/blog\/peter-sagan-l-eternel-frisson\/","name":"Peter Sagan, l'\u00e9ternel frisson","isPartOf":{"@id":"https:\/\/dicodusport.fr\/blog\/#website"},"primaryImageOfPage":{"@id":"https:\/\/dicodusport.fr\/blog\/peter-sagan-l-eternel-frisson\/#primaryimage"},"image":{"@id":"https:\/\/dicodusport.fr\/blog\/peter-sagan-l-eternel-frisson\/#primaryimage"},"thumbnailUrl":"https:\/\/dicodusport.fr\/blog\/wp-content\/uploads\/2021\/04\/Peter-Sagan-leternel-frisson.png","datePublished":"2021-04-01T09:50:55+00:00","dateModified":"2021-04-01T10:18:45+00:00","description":"CYCLISME - Peter Sagan est un coureur inclassable, ce n'est pas vraiment nouveau. Le Slovaque nous a encore rappel\u00e9 qu'il fallait toujours compter sur lui.","breadcrumb":{"@id":"https:\/\/dicodusport.fr\/blog\/peter-sagan-l-eternel-frisson\/#breadcrumb"},"inLanguage":"fr-FR","potentialAction":[{"@type":"ReadAction","target":["https:\/\/dicodusport.fr\/blog\/peter-sagan-l-eternel-frisson\/"]}]},{"@type":"ImageObject","inLanguage":"fr-FR","@id":"https:\/\/dicodusport.fr\/blog\/peter-sagan-l-eternel-frisson\/#primaryimage","url":"https:\/\/dicodusport.fr\/blog\/wp-content\/uploads\/2021\/04\/Peter-Sagan-leternel-frisson.png","contentUrl":"https:\/\/dicodusport.fr\/blog\/wp-content\/uploads\/2021\/04\/Peter-Sagan-leternel-frisson.png","width":800,"height":445,"caption":"Peter Sagan serait en route pour la Deceuninck-Quick Step"},{"@type":"BreadcrumbList","@id":"https:\/\/dicodusport.fr\/blog\/peter-sagan-l-eternel-frisson\/#breadcrumb","itemListElement":[{"@type":"ListItem","position":1,"name":"Accueil","item":"https:\/\/dicodusport.fr\/blog\/"},{"@type":"ListItem","position":2,"name":"Peter Sagan, l&rsquo;\u00e9ternel frisson"}]},{"@type":"WebSite","@id":"https:\/\/dicodusport.fr\/blog\/#website","url":"https:\/\/dicodusport.fr\/blog\/","name":"Dicodusport","description":"L&#039;encyclop\u00e9die de l&#039;actualit\u00e9 sportive","publisher":{"@id":"https:\/\/dicodusport.fr\/blog\/#organization"},"potentialAction":[{"@type":"SearchAction","target":{"@type":"EntryPoint","urlTemplate":"https:\/\/dicodusport.fr\/blog\/?s={search_term_string}"},"query-input":{"@type":"PropertyValueSpecification","valueRequired":true,"valueName":"search_term_string"}}],"inLanguage":"fr-FR"},{"@type":"NewsMediaOrganization","@id":"https:\/\/dicodusport.fr\/blog\/#organization","name":"Dicodusport","url":"https:\/\/dicodusport.fr\/blog\/","logo":{"@type":"ImageObject","inLanguage":"fr-FR","@id":"https:\/\/dicodusport.fr\/blog\/#\/schema\/logo\/image\/","url":"https:\/\/dicodusport.fr\/blog\/wp-content\/uploads\/2020\/06\/cropped-LOGO-DICODUSPORT-2020-SANS-FOND-SANS-TEXTE.png","contentUrl":"https:\/\/dicodusport.fr\/blog\/wp-content\/uploads\/2020\/06\/cropped-LOGO-DICODUSPORT-2020-SANS-FOND-SANS-TEXTE.png","width":512,"height":512,"caption":"Dicodusport"},"image":{"@id":"https:\/\/dicodusport.fr\/blog\/#\/schema\/logo\/image\/"},"sameAs":["https:\/\/www.facebook.com\/dicodusport","https:\/\/x.com\/dicodusport","https:\/\/www.instagram.com\/dicodusport\/","https:\/\/www.youtube.com\/channel\/UC7V2KZ5sd3htJivAbA4ZG3w"],"description":"Dicodusport est l'encyclop\u00e9die de l'actualit\u00e9 sportive.","email":"bonjour@dicodusport.fr","legalName":"DICODUSPORT","foundingDate":"2018-01-14","vatID":"FR71834470973","taxID":"83447097300043","numberOfEmployees":{"@type":"QuantitativeValue","minValue":"1","maxValue":"10"}},{"@type":"Person","@id":"https:\/\/dicodusport.fr\/blog\/#\/schema\/person\/55dcb50ad410894e431ed812bbb70191","name":"Nicolas Jacquemard","image":{"@type":"ImageObject","inLanguage":"fr-FR","@id":"https:\/\/dicodusport.fr\/blog\/#\/schema\/person\/image\/","url":"https:\/\/dicodusport.fr\/blog\/wp-content\/uploads\/2021\/05\/Nicolas-Jacquemard-150x150.jpeg","contentUrl":"https:\/\/dicodusport.fr\/blog\/wp-content\/uploads\/2021\/05\/Nicolas-Jacquemard-150x150.jpeg","caption":"Nicolas Jacquemard"},"description":"Passionn\u00e9 de sport et entrepreneur depuis mes 18 ans, la cr\u00e9ation de Dicodusport m'a sembl\u00e9 \u00e9vidente pour participer \u00e0 la m\u00e9diatisation d'un plus grand nombre de sports. Le chemin est long mais avec une \u00e9quipe des plus motiv\u00e9es et les Jeux Olympiques de Paris 2024 en point de mire, nous y arriverons ! Journaliste dans le monde du sport depuis plus de 5 ans, je traite aussi bien de football, de rugby, de biathlon que de cyclisme.","sameAs":["https:\/\/www.facebook.com\/dicodusport","https:\/\/x.com\/https:\/\/twitter.com\/Nico_Jacquemard"],"url":"https:\/\/dicodusport.fr\/blog\/author\/dicodusport\/"}]}},"_links":{"self":[{"href":"https:\/\/dicodusport.fr\/blog\/wp-json\/wp\/v2\/posts\/117839","targetHints":{"allow":["GET"]}}],"collection":[{"href":"https:\/\/dicodusport.fr\/blog\/wp-json\/wp\/v2\/posts"}],"about":[{"href":"https:\/\/dicodusport.fr\/blog\/wp-json\/wp\/v2\/types\/post"}],"author":[{"embeddable":true,"href":"https:\/\/dicodusport.fr\/blog\/wp-json\/wp\/v2\/users\/1"}],"replies":[{"embeddable":true,"href":"https:\/\/dicodusport.fr\/blog\/wp-json\/wp\/v2\/comments?post=117839"}],"version-history":[{"count":0,"href":"https:\/\/dicodusport.fr\/blog\/wp-json\/wp\/v2\/posts\/117839\/revisions"}],"wp:featuredmedia":[{"embeddable":true,"href":"https:\/\/dicodusport.fr\/blog\/wp-json\/wp\/v2\/media\/117916"}],"wp:attachment":[{"href":"https:\/\/dicodusport.fr\/blog\/wp-json\/wp\/v2\/media?parent=117839"}],"wp:term":[{"taxonomy":"category","embeddable":true,"href":"https:\/\/dicodusport.fr\/blog\/wp-json\/wp\/v2\/categories?post=117839"},{"taxonomy":"post_tag","embeddable":true,"href":"https:\/\/dicodusport.fr\/blog\/wp-json\/wp\/v2\/tags?post=117839"}],"curies":[{"name":"wp","href":"https:\/\/api.w.org\/{rel}","templated":true}]}}