{"id":117982,"date":"2021-04-01T18:20:43","date_gmt":"2021-04-01T16:20:43","guid":{"rendered":"https:\/\/dicodusport.fr\/blog\/?p=117982"},"modified":"2021-04-01T19:23:47","modified_gmt":"2021-04-01T17:23:47","slug":"tournoi-des-6-nations-feminin-la-compo-des-bleues-face-au-pays-de-galles","status":"publish","type":"post","link":"https:\/\/dicodusport.fr\/blog\/tournoi-des-6-nations-feminin-la-compo-des-bleues-face-au-pays-de-galles\/","title":{"rendered":"Tournoi des 6 Nations F\u00e9minin : la compo des Bleues face au Pays de Galles"},"content":{"rendered":"<p style=\"text-align: justify;\"><em><strong>TOURNOI DES 6 NATIONS FEMININ 2021 &#8211; Pour leur entr\u00e9e en lice dans le tournoi, les Bleues affrontent le Pays de Galles samedi. Annick Hayraud a d\u00e9voil\u00e9 la composition du XV tricolore, emmen\u00e9 par la capitaine Ga\u00eblle Hermet.\u00a0<\/strong><\/em><\/p>\n<p style=\"text-align: justify;\">Le XV de France lance son tournoi des 6 Nations ce samedi \u00e0 21 heures, face aux Galloises. La capitaine <strong>Ga\u00eblle Hermet<\/strong> sera bien pr\u00e9sente en troisi\u00e8me ligne, \u00e9paul\u00e9e en charni\u00e8re par la doublette Pauline Bourdon &#8211; Morgane Peyronnet. Sur l&rsquo;aile gauche, la talentueuse Romane M\u00e9nager tentera notamment de faire sauter la d\u00e9fense galloise. En revanche, Annick Hayraud fait le choix de laisser l&rsquo;ultra exp\u00e9riment\u00e9e <strong>Jessy Tr\u00e9mouli\u00e8re<\/strong>, aux cot\u00e9s des trentenaires <strong>Safi N&rsquo;Diaye<\/strong> et <strong>Marjorie Mayans<\/strong>.<\/p>\n<p style=\"text-align: justify;\">Les Bleues auront \u00e0 c\u0153ur de bien lancer le tournoi pour tenter de faire mieux que l&rsquo;ann\u00e9e pass\u00e9e, o\u00f9 elles avaient termin\u00e9 secondes. Il faudra signer deux succ\u00e8s, samedi soir, puis face \u00e0 l&rsquo;Irlande, pour avoir l&rsquo;occasion de jouer une finale contre le premier de l&rsquo;autre groupe, compos\u00e9 de l&rsquo;Angleterre, l&rsquo;Italie et l&rsquo;Ecosse.<\/p>\n<h3 style=\"text-align: justify;\"><strong>Le XV de d\u00e9part\u00a0<\/strong><\/h3>\n<p style=\"text-align: justify;\">1.Deshaye ; 2. Sochat ; 3. Joyeux ; 4. Diallo ; 5. Fall ; 6. Ferer ; 7. Hermet (cap) ; 8. Gros ; 9. Bourdon ; 10. Peyronnet ; 11. M\u00e9nager ; 12. Vernier ; 13. Filopon ; 14. Boujard ; 15. Boulard.<\/p>\n<p style=\"text-align: justify;\"><em>Les rempla\u00e7antes :\u00a0<\/em>16. Touy\u00e9 ; 17. A\u00eft Lhabib ; 18. Traor\u00e9 ; 19. N&rsquo;Diaye ; 20. Mayans ; 21. Sansus ; 22. Imart ; 23. Tr\u00e9mouli\u00e8re<\/p>\n<blockquote class=\"twitter-tweet\">\n<p dir=\"ltr\" lang=\"fr\">&#x26a1;&#xfe0f; \u0301 <a href=\"https:\/\/twitter.com\/Womens6Nations?ref_src=twsrc%5Etfw\">@Womens6Nations<\/a> !<\/p>\n<p>Nos Bleues affrontent le Pays de Galles (<a href=\"https:\/\/twitter.com\/WelshRugbyUnion?ref_src=twsrc%5Etfw\">@WelshRugbyUnion<\/a>) samedi \u00e0 21h sur <a href=\"https:\/\/twitter.com\/France4tv?ref_src=twsrc%5Etfw\">@France4tv<\/a> !<br \/>\nTous avec le <a href=\"https:\/\/twitter.com\/hashtag\/XVdeFrance?src=hash&amp;ref_src=twsrc%5Etfw\">#XVdeFrance<\/a> ! &#x270a; <a href=\"https:\/\/twitter.com\/hashtag\/FRAGAL?src=hash&amp;ref_src=twsrc%5Etfw\">#FRAGAL<\/a> <a href=\"https:\/\/twitter.com\/hashtag\/NeFaisonsXV?src=hash&amp;ref_src=twsrc%5Etfw\">#NeFaisonsXV<\/a> <a href=\"https:\/\/t.co\/WUKE2v3VaH\">pic.twitter.com\/WUKE2v3VaH<\/a><\/p>\n<p>\u2014 France Rugby (@FranceRugby) <a href=\"https:\/\/twitter.com\/FranceRugby\/status\/1377636883342225408?ref_src=twsrc%5Etfw\">April 1, 2021<\/a><\/p><\/blockquote>\n<p><script async src=\"https:\/\/platform.twitter.com\/widgets.js\" charset=\"utf-8\"><\/script><\/p>\n<p><em><strong>Antonin Gizolme<br \/>\n<\/strong><\/em><strong><em><a href=\"https:\/\/twitter.com\/AntoninGizolme\" target=\"_blank\" rel=\"noopener noreferrer\"><img loading=\"lazy\" decoding=\"async\" class=\"jetpack-lazy-image jetpack-lazy-image--handled alignnone wp-image-2908\" src=\"https:\/\/i1.wp.com\/dicodusport.fr\/blog\/wp-content\/uploads\/2017\/07\/logo-twitter-150x150.png?resize=39%2C39\" alt=\"\" width=\"39\" height=\"39\" data-lazy-loaded=\"1\" \/><\/a><\/em><\/strong><\/p>\n","protected":false},"excerpt":{"rendered":"<p>TOURNOI DES 6 NATIONS FEMININ 2021 &#8211; Pour leur entr\u00e9e en lice dans le tournoi, les Bleues affrontent le Pays de Galles samedi. Annick Hayraud a d\u00e9voil\u00e9 la composition du XV tricolore, emmen\u00e9 par la capitaine Ga\u00eblle Hermet.\u00a0<\/p>\n","protected":false},"author":51,"featured_media":118003,"comment_status":"open","ping_status":"closed","sticky":false,"template":"","format":"standard","meta":{"_acf_changed":false,"_daextam_enable_autolinks":"","footnotes":""},"categories":[47048],"tags":[852,10602],"class_list":["post-117982","post","type-post","status-publish","format-standard","has-post-thumbnail","hentry","category-tournoi-des-6-nations","tag-rugby-feminin","tag-tournoi-des-6-nations-feminin"],"acf":[],"yoast_head":"<!-- This site is optimized with the Yoast SEO Premium plugin v26.7 (Yoast SEO v26.7) - https:\/\/yoast.com\/wordpress\/plugins\/seo\/ -->\n<title>Tournoi des 6 Nations F\u00e9minin : la compo des Bleues face au Pays de Galles<\/title>\n<meta name=\"description\" content=\"TOURNOI DES 6 NATIONS FEMININ 2021 - Annick Heyraud a d\u00e9voil\u00e9 sa composition pour le match face au Pays de Galles, samedi soir \u00e0 21h.\" \/>\n<meta name=\"robots\" content=\"index, follow, max-snippet:-1, max-image-preview:large, max-video-preview:-1\" \/>\n<link rel=\"canonical\" href=\"https:\/\/dicodusport.fr\/blog\/tournoi-des-6-nations-feminin-la-compo-des-bleues-face-au-pays-de-galles\/\" \/>\n<meta property=\"og:locale\" content=\"fr_FR\" \/>\n<meta property=\"og:type\" content=\"article\" \/>\n<meta property=\"og:title\" content=\"Tournoi des 6 Nations F\u00e9minin : la compo des Bleues face au Pays de Galles\" \/>\n<meta property=\"og:description\" content=\"TOURNOI DES 6 NATIONS FEMININ 2021 - Annick Heyraud a d\u00e9voil\u00e9 sa composition pour le match face au Pays de Galles, samedi soir \u00e0 21h.\" \/>\n<meta property=\"og:url\" content=\"https:\/\/dicodusport.fr\/blog\/tournoi-des-6-nations-feminin-la-compo-des-bleues-face-au-pays-de-galles\/\" \/>\n<meta property=\"og:site_name\" content=\"Dicodusport\" \/>\n<meta property=\"article:publisher\" content=\"https:\/\/www.facebook.com\/dicodusport\" \/>\n<meta property=\"article:published_time\" content=\"2021-04-01T16:20:43+00:00\" \/>\n<meta property=\"article:modified_time\" content=\"2021-04-01T17:23:47+00:00\" \/>\n<meta property=\"og:image\" content=\"https:\/\/dicodusport.fr\/blog\/wp-content\/uploads\/2021\/04\/Tournoi-des-6-Nations-Feminin-la-compo-des-Bleues-face-au-Pays-de-Galles.png\" \/>\n\t<meta property=\"og:image:width\" content=\"800\" \/>\n\t<meta property=\"og:image:height\" content=\"445\" \/>\n\t<meta property=\"og:image:type\" content=\"image\/png\" \/>\n<meta name=\"author\" content=\"Antonin Gizolme\" \/>\n<meta name=\"twitter:card\" content=\"summary_large_image\" \/>\n<meta name=\"twitter:title\" content=\"Tournoi des 6 Nations F\u00e9minin : la compo des Bleues face au Pays de Galles\" \/>\n<meta name=\"twitter:creator\" content=\"@https:\/\/twitter.com\/AntoninGizolme\" \/>\n<meta name=\"twitter:site\" content=\"@dicodusport\" \/>\n<script type=\"application\/ld+json\" class=\"yoast-schema-graph\">{\"@context\":\"https:\/\/schema.org\",\"@graph\":[{\"@type\":\"NewsArticle\",\"@id\":\"https:\/\/dicodusport.fr\/blog\/tournoi-des-6-nations-feminin-la-compo-des-bleues-face-au-pays-de-galles\/#article\",\"isPartOf\":{\"@id\":\"https:\/\/dicodusport.fr\/blog\/tournoi-des-6-nations-feminin-la-compo-des-bleues-face-au-pays-de-galles\/\"},\"author\":{\"name\":\"Antonin Gizolme\",\"@id\":\"https:\/\/dicodusport.fr\/blog\/#\/schema\/person\/b5f72959ae80a547dcc15f019adf6e0c\"},\"headline\":\"Tournoi des 6 Nations F\u00e9minin : la compo des Bleues face au Pays de Galles\",\"datePublished\":\"2021-04-01T16:20:43+00:00\",\"dateModified\":\"2021-04-01T17:23:47+00:00\",\"mainEntityOfPage\":{\"@id\":\"https:\/\/dicodusport.fr\/blog\/tournoi-des-6-nations-feminin-la-compo-des-bleues-face-au-pays-de-galles\/\"},\"wordCount\":280,\"commentCount\":0,\"publisher\":{\"@id\":\"https:\/\/dicodusport.fr\/blog\/#organization\"},\"image\":{\"@id\":\"https:\/\/dicodusport.fr\/blog\/tournoi-des-6-nations-feminin-la-compo-des-bleues-face-au-pays-de-galles\/#primaryimage\"},\"thumbnailUrl\":\"https:\/\/dicodusport.fr\/blog\/wp-content\/uploads\/2021\/04\/Tournoi-des-6-Nations-Feminin-la-compo-des-Bleues-face-au-Pays-de-Galles.png\",\"keywords\":[\"rugby f\u00e9minin\",\"Tournoi des 6 Nations f\u00e9minin\"],\"articleSection\":[\"Tournoi des 6 Nations\"],\"inLanguage\":\"fr-FR\",\"potentialAction\":[{\"@type\":\"CommentAction\",\"name\":\"Comment\",\"target\":[\"https:\/\/dicodusport.fr\/blog\/tournoi-des-6-nations-feminin-la-compo-des-bleues-face-au-pays-de-galles\/#respond\"]}],\"copyrightYear\":\"2021\",\"copyrightHolder\":{\"@id\":\"https:\/\/dicodusport.fr\/blog\/#organization\"}},{\"@type\":\"WebPage\",\"@id\":\"https:\/\/dicodusport.fr\/blog\/tournoi-des-6-nations-feminin-la-compo-des-bleues-face-au-pays-de-galles\/\",\"url\":\"https:\/\/dicodusport.fr\/blog\/tournoi-des-6-nations-feminin-la-compo-des-bleues-face-au-pays-de-galles\/\",\"name\":\"Tournoi des 6 Nations F\u00e9minin : la compo des Bleues face au Pays de Galles\",\"isPartOf\":{\"@id\":\"https:\/\/dicodusport.fr\/blog\/#website\"},\"primaryImageOfPage\":{\"@id\":\"https:\/\/dicodusport.fr\/blog\/tournoi-des-6-nations-feminin-la-compo-des-bleues-face-au-pays-de-galles\/#primaryimage\"},\"image\":{\"@id\":\"https:\/\/dicodusport.fr\/blog\/tournoi-des-6-nations-feminin-la-compo-des-bleues-face-au-pays-de-galles\/#primaryimage\"},\"thumbnailUrl\":\"https:\/\/dicodusport.fr\/blog\/wp-content\/uploads\/2021\/04\/Tournoi-des-6-Nations-Feminin-la-compo-des-Bleues-face-au-Pays-de-Galles.png\",\"datePublished\":\"2021-04-01T16:20:43+00:00\",\"dateModified\":\"2021-04-01T17:23:47+00:00\",\"description\":\"TOURNOI DES 6 NATIONS FEMININ 2021 - Annick Heyraud a d\u00e9voil\u00e9 sa composition pour le match face au Pays de Galles, samedi soir \u00e0 21h.\",\"breadcrumb\":{\"@id\":\"https:\/\/dicodusport.fr\/blog\/tournoi-des-6-nations-feminin-la-compo-des-bleues-face-au-pays-de-galles\/#breadcrumb\"},\"inLanguage\":\"fr-FR\",\"potentialAction\":[{\"@type\":\"ReadAction\",\"target\":[\"https:\/\/dicodusport.fr\/blog\/tournoi-des-6-nations-feminin-la-compo-des-bleues-face-au-pays-de-galles\/\"]}]},{\"@type\":\"ImageObject\",\"inLanguage\":\"fr-FR\",\"@id\":\"https:\/\/dicodusport.fr\/blog\/tournoi-des-6-nations-feminin-la-compo-des-bleues-face-au-pays-de-galles\/#primaryimage\",\"url\":\"https:\/\/dicodusport.fr\/blog\/wp-content\/uploads\/2021\/04\/Tournoi-des-6-Nations-Feminin-la-compo-des-Bleues-face-au-Pays-de-Galles.png\",\"contentUrl\":\"https:\/\/dicodusport.fr\/blog\/wp-content\/uploads\/2021\/04\/Tournoi-des-6-Nations-Feminin-la-compo-des-Bleues-face-au-Pays-de-Galles.png\",\"width\":800,\"height\":445,\"caption\":\"Tournoi des 6 Nations F\u00e9minin - la compo des Bleues face au Pays de Galles\"},{\"@type\":\"BreadcrumbList\",\"@id\":\"https:\/\/dicodusport.fr\/blog\/tournoi-des-6-nations-feminin-la-compo-des-bleues-face-au-pays-de-galles\/#breadcrumb\",\"itemListElement\":[{\"@type\":\"ListItem\",\"position\":1,\"name\":\"Accueil\",\"item\":\"https:\/\/dicodusport.fr\/blog\/\"},{\"@type\":\"ListItem\",\"position\":2,\"name\":\"Tournoi des 6 Nations F\u00e9minin : la compo des Bleues face au Pays de Galles\"}]},{\"@type\":\"WebSite\",\"@id\":\"https:\/\/dicodusport.fr\/blog\/#website\",\"url\":\"https:\/\/dicodusport.fr\/blog\/\",\"name\":\"Dicodusport\",\"description\":\"L&#039;encyclop\u00e9die de l&#039;actualit\u00e9 sportive\",\"publisher\":{\"@id\":\"https:\/\/dicodusport.fr\/blog\/#organization\"},\"potentialAction\":[{\"@type\":\"SearchAction\",\"target\":{\"@type\":\"EntryPoint\",\"urlTemplate\":\"https:\/\/dicodusport.fr\/blog\/?s={search_term_string}\"},\"query-input\":{\"@type\":\"PropertyValueSpecification\",\"valueRequired\":true,\"valueName\":\"search_term_string\"}}],\"inLanguage\":\"fr-FR\"},{\"@type\":\"NewsMediaOrganization\",\"@id\":\"https:\/\/dicodusport.fr\/blog\/#organization\",\"name\":\"Dicodusport\",\"url\":\"https:\/\/dicodusport.fr\/blog\/\",\"logo\":{\"@type\":\"ImageObject\",\"inLanguage\":\"fr-FR\",\"@id\":\"https:\/\/dicodusport.fr\/blog\/#\/schema\/logo\/image\/\",\"url\":\"https:\/\/dicodusport.fr\/blog\/wp-content\/uploads\/2020\/06\/cropped-LOGO-DICODUSPORT-2020-SANS-FOND-SANS-TEXTE.png\",\"contentUrl\":\"https:\/\/dicodusport.fr\/blog\/wp-content\/uploads\/2020\/06\/cropped-LOGO-DICODUSPORT-2020-SANS-FOND-SANS-TEXTE.png\",\"width\":512,\"height\":512,\"caption\":\"Dicodusport\"},\"image\":{\"@id\":\"https:\/\/dicodusport.fr\/blog\/#\/schema\/logo\/image\/\"},\"sameAs\":[\"https:\/\/www.facebook.com\/dicodusport\",\"https:\/\/x.com\/dicodusport\",\"https:\/\/www.instagram.com\/dicodusport\/\",\"https:\/\/www.youtube.com\/channel\/UC7V2KZ5sd3htJivAbA4ZG3w\"],\"description\":\"Dicodusport est l'encyclop\u00e9die de l'actualit\u00e9 sportive.\",\"email\":\"bonjour@dicodusport.fr\",\"legalName\":\"DICODUSPORT\",\"foundingDate\":\"2018-01-14\",\"vatID\":\"FR71834470973\",\"taxID\":\"83447097300043\",\"numberOfEmployees\":{\"@type\":\"QuantitativeValue\",\"minValue\":\"1\",\"maxValue\":\"10\"}},{\"@type\":\"Person\",\"@id\":\"https:\/\/dicodusport.fr\/blog\/#\/schema\/person\/b5f72959ae80a547dcc15f019adf6e0c\",\"name\":\"Antonin Gizolme\",\"image\":{\"@type\":\"ImageObject\",\"inLanguage\":\"fr-FR\",\"@id\":\"https:\/\/dicodusport.fr\/blog\/#\/schema\/person\/image\/\",\"url\":\"https:\/\/dicodusport.fr\/blog\/wp-content\/uploads\/2021\/04\/Maillot-Anto-Dicodusport-150x150.png\",\"contentUrl\":\"https:\/\/dicodusport.fr\/blog\/wp-content\/uploads\/2021\/04\/Maillot-Anto-Dicodusport-150x150.png\",\"caption\":\"Antonin Gizolme\"},\"description\":\"Journaliste\/R\u00e9dacteur depuis mars 2021 - N\u00e9 un soir de Ligue des Champions, c\u2019est tout naturellement que je suis un passionn\u00e9 de football depuis ma plus tendre enfance. Durant des ann\u00e9es, j\u2019ai \u00e9t\u00e9 berc\u00e9 par la douce m\u00e9lodie de la Ligue des Champions, subjugu\u00e9 par les coups-francs de Juninho et admiratif devant les coups de reins de Karim Benzema. Malheureusement pour moi, mes genoux en carton m\u2019ont emp\u00each\u00e9 de suivre les traces de mes idoles pour \u00e9crire l\u2019Histoire. Alors, c\u2019est ici que je vais me charger de vous la raconter.\",\"sameAs\":[\"https:\/\/x.com\/https:\/\/twitter.com\/AntoninGizolme\"],\"url\":\"https:\/\/dicodusport.fr\/blog\/author\/antoning\/\"}]}<\/script>\n<!-- \/ Yoast SEO Premium plugin. -->","yoast_head_json":{"title":"Tournoi des 6 Nations F\u00e9minin : la compo des Bleues face au Pays de Galles","description":"TOURNOI DES 6 NATIONS FEMININ 2021 - Annick Heyraud a d\u00e9voil\u00e9 sa composition pour le match face au Pays de Galles, samedi soir \u00e0 21h.","robots":{"index":"index","follow":"follow","max-snippet":"max-snippet:-1","max-image-preview":"max-image-preview:large","max-video-preview":"max-video-preview:-1"},"canonical":"https:\/\/dicodusport.fr\/blog\/tournoi-des-6-nations-feminin-la-compo-des-bleues-face-au-pays-de-galles\/","og_locale":"fr_FR","og_type":"article","og_title":"Tournoi des 6 Nations F\u00e9minin : la compo des Bleues face au Pays de Galles","og_description":"TOURNOI DES 6 NATIONS FEMININ 2021 - Annick Heyraud a d\u00e9voil\u00e9 sa composition pour le match face au Pays de Galles, samedi soir \u00e0 21h.","og_url":"https:\/\/dicodusport.fr\/blog\/tournoi-des-6-nations-feminin-la-compo-des-bleues-face-au-pays-de-galles\/","og_site_name":"Dicodusport","article_publisher":"https:\/\/www.facebook.com\/dicodusport","article_published_time":"2021-04-01T16:20:43+00:00","article_modified_time":"2021-04-01T17:23:47+00:00","og_image":[{"width":800,"height":445,"url":"https:\/\/dicodusport.fr\/blog\/wp-content\/uploads\/2021\/04\/Tournoi-des-6-Nations-Feminin-la-compo-des-Bleues-face-au-Pays-de-Galles.png","type":"image\/png"}],"author":"Antonin Gizolme","twitter_card":"summary_large_image","twitter_title":"Tournoi des 6 Nations F\u00e9minin : la compo des Bleues face au Pays de Galles","twitter_creator":"@https:\/\/twitter.com\/AntoninGizolme","twitter_site":"@dicodusport","schema":{"@context":"https:\/\/schema.org","@graph":[{"@type":"NewsArticle","@id":"https:\/\/dicodusport.fr\/blog\/tournoi-des-6-nations-feminin-la-compo-des-bleues-face-au-pays-de-galles\/#article","isPartOf":{"@id":"https:\/\/dicodusport.fr\/blog\/tournoi-des-6-nations-feminin-la-compo-des-bleues-face-au-pays-de-galles\/"},"author":{"name":"Antonin Gizolme","@id":"https:\/\/dicodusport.fr\/blog\/#\/schema\/person\/b5f72959ae80a547dcc15f019adf6e0c"},"headline":"Tournoi des 6 Nations F\u00e9minin : la compo des Bleues face au Pays de Galles","datePublished":"2021-04-01T16:20:43+00:00","dateModified":"2021-04-01T17:23:47+00:00","mainEntityOfPage":{"@id":"https:\/\/dicodusport.fr\/blog\/tournoi-des-6-nations-feminin-la-compo-des-bleues-face-au-pays-de-galles\/"},"wordCount":280,"commentCount":0,"publisher":{"@id":"https:\/\/dicodusport.fr\/blog\/#organization"},"image":{"@id":"https:\/\/dicodusport.fr\/blog\/tournoi-des-6-nations-feminin-la-compo-des-bleues-face-au-pays-de-galles\/#primaryimage"},"thumbnailUrl":"https:\/\/dicodusport.fr\/blog\/wp-content\/uploads\/2021\/04\/Tournoi-des-6-Nations-Feminin-la-compo-des-Bleues-face-au-Pays-de-Galles.png","keywords":["rugby f\u00e9minin","Tournoi des 6 Nations f\u00e9minin"],"articleSection":["Tournoi des 6 Nations"],"inLanguage":"fr-FR","potentialAction":[{"@type":"CommentAction","name":"Comment","target":["https:\/\/dicodusport.fr\/blog\/tournoi-des-6-nations-feminin-la-compo-des-bleues-face-au-pays-de-galles\/#respond"]}],"copyrightYear":"2021","copyrightHolder":{"@id":"https:\/\/dicodusport.fr\/blog\/#organization"}},{"@type":"WebPage","@id":"https:\/\/dicodusport.fr\/blog\/tournoi-des-6-nations-feminin-la-compo-des-bleues-face-au-pays-de-galles\/","url":"https:\/\/dicodusport.fr\/blog\/tournoi-des-6-nations-feminin-la-compo-des-bleues-face-au-pays-de-galles\/","name":"Tournoi des 6 Nations F\u00e9minin : la compo des Bleues face au Pays de Galles","isPartOf":{"@id":"https:\/\/dicodusport.fr\/blog\/#website"},"primaryImageOfPage":{"@id":"https:\/\/dicodusport.fr\/blog\/tournoi-des-6-nations-feminin-la-compo-des-bleues-face-au-pays-de-galles\/#primaryimage"},"image":{"@id":"https:\/\/dicodusport.fr\/blog\/tournoi-des-6-nations-feminin-la-compo-des-bleues-face-au-pays-de-galles\/#primaryimage"},"thumbnailUrl":"https:\/\/dicodusport.fr\/blog\/wp-content\/uploads\/2021\/04\/Tournoi-des-6-Nations-Feminin-la-compo-des-Bleues-face-au-Pays-de-Galles.png","datePublished":"2021-04-01T16:20:43+00:00","dateModified":"2021-04-01T17:23:47+00:00","description":"TOURNOI DES 6 NATIONS FEMININ 2021 - Annick Heyraud a d\u00e9voil\u00e9 sa composition pour le match face au Pays de Galles, samedi soir \u00e0 21h.","breadcrumb":{"@id":"https:\/\/dicodusport.fr\/blog\/tournoi-des-6-nations-feminin-la-compo-des-bleues-face-au-pays-de-galles\/#breadcrumb"},"inLanguage":"fr-FR","potentialAction":[{"@type":"ReadAction","target":["https:\/\/dicodusport.fr\/blog\/tournoi-des-6-nations-feminin-la-compo-des-bleues-face-au-pays-de-galles\/"]}]},{"@type":"ImageObject","inLanguage":"fr-FR","@id":"https:\/\/dicodusport.fr\/blog\/tournoi-des-6-nations-feminin-la-compo-des-bleues-face-au-pays-de-galles\/#primaryimage","url":"https:\/\/dicodusport.fr\/blog\/wp-content\/uploads\/2021\/04\/Tournoi-des-6-Nations-Feminin-la-compo-des-Bleues-face-au-Pays-de-Galles.png","contentUrl":"https:\/\/dicodusport.fr\/blog\/wp-content\/uploads\/2021\/04\/Tournoi-des-6-Nations-Feminin-la-compo-des-Bleues-face-au-Pays-de-Galles.png","width":800,"height":445,"caption":"Tournoi des 6 Nations F\u00e9minin - la compo des Bleues face au Pays de Galles"},{"@type":"BreadcrumbList","@id":"https:\/\/dicodusport.fr\/blog\/tournoi-des-6-nations-feminin-la-compo-des-bleues-face-au-pays-de-galles\/#breadcrumb","itemListElement":[{"@type":"ListItem","position":1,"name":"Accueil","item":"https:\/\/dicodusport.fr\/blog\/"},{"@type":"ListItem","position":2,"name":"Tournoi des 6 Nations F\u00e9minin : la compo des Bleues face au Pays de Galles"}]},{"@type":"WebSite","@id":"https:\/\/dicodusport.fr\/blog\/#website","url":"https:\/\/dicodusport.fr\/blog\/","name":"Dicodusport","description":"L&#039;encyclop\u00e9die de l&#039;actualit\u00e9 sportive","publisher":{"@id":"https:\/\/dicodusport.fr\/blog\/#organization"},"potentialAction":[{"@type":"SearchAction","target":{"@type":"EntryPoint","urlTemplate":"https:\/\/dicodusport.fr\/blog\/?s={search_term_string}"},"query-input":{"@type":"PropertyValueSpecification","valueRequired":true,"valueName":"search_term_string"}}],"inLanguage":"fr-FR"},{"@type":"NewsMediaOrganization","@id":"https:\/\/dicodusport.fr\/blog\/#organization","name":"Dicodusport","url":"https:\/\/dicodusport.fr\/blog\/","logo":{"@type":"ImageObject","inLanguage":"fr-FR","@id":"https:\/\/dicodusport.fr\/blog\/#\/schema\/logo\/image\/","url":"https:\/\/dicodusport.fr\/blog\/wp-content\/uploads\/2020\/06\/cropped-LOGO-DICODUSPORT-2020-SANS-FOND-SANS-TEXTE.png","contentUrl":"https:\/\/dicodusport.fr\/blog\/wp-content\/uploads\/2020\/06\/cropped-LOGO-DICODUSPORT-2020-SANS-FOND-SANS-TEXTE.png","width":512,"height":512,"caption":"Dicodusport"},"image":{"@id":"https:\/\/dicodusport.fr\/blog\/#\/schema\/logo\/image\/"},"sameAs":["https:\/\/www.facebook.com\/dicodusport","https:\/\/x.com\/dicodusport","https:\/\/www.instagram.com\/dicodusport\/","https:\/\/www.youtube.com\/channel\/UC7V2KZ5sd3htJivAbA4ZG3w"],"description":"Dicodusport est l'encyclop\u00e9die de l'actualit\u00e9 sportive.","email":"bonjour@dicodusport.fr","legalName":"DICODUSPORT","foundingDate":"2018-01-14","vatID":"FR71834470973","taxID":"83447097300043","numberOfEmployees":{"@type":"QuantitativeValue","minValue":"1","maxValue":"10"}},{"@type":"Person","@id":"https:\/\/dicodusport.fr\/blog\/#\/schema\/person\/b5f72959ae80a547dcc15f019adf6e0c","name":"Antonin Gizolme","image":{"@type":"ImageObject","inLanguage":"fr-FR","@id":"https:\/\/dicodusport.fr\/blog\/#\/schema\/person\/image\/","url":"https:\/\/dicodusport.fr\/blog\/wp-content\/uploads\/2021\/04\/Maillot-Anto-Dicodusport-150x150.png","contentUrl":"https:\/\/dicodusport.fr\/blog\/wp-content\/uploads\/2021\/04\/Maillot-Anto-Dicodusport-150x150.png","caption":"Antonin Gizolme"},"description":"Journaliste\/R\u00e9dacteur depuis mars 2021 - N\u00e9 un soir de Ligue des Champions, c\u2019est tout naturellement que je suis un passionn\u00e9 de football depuis ma plus tendre enfance. Durant des ann\u00e9es, j\u2019ai \u00e9t\u00e9 berc\u00e9 par la douce m\u00e9lodie de la Ligue des Champions, subjugu\u00e9 par les coups-francs de Juninho et admiratif devant les coups de reins de Karim Benzema. Malheureusement pour moi, mes genoux en carton m\u2019ont emp\u00each\u00e9 de suivre les traces de mes idoles pour \u00e9crire l\u2019Histoire. Alors, c\u2019est ici que je vais me charger de vous la raconter.","sameAs":["https:\/\/x.com\/https:\/\/twitter.com\/AntoninGizolme"],"url":"https:\/\/dicodusport.fr\/blog\/author\/antoning\/"}]}},"_links":{"self":[{"href":"https:\/\/dicodusport.fr\/blog\/wp-json\/wp\/v2\/posts\/117982","targetHints":{"allow":["GET"]}}],"collection":[{"href":"https:\/\/dicodusport.fr\/blog\/wp-json\/wp\/v2\/posts"}],"about":[{"href":"https:\/\/dicodusport.fr\/blog\/wp-json\/wp\/v2\/types\/post"}],"author":[{"embeddable":true,"href":"https:\/\/dicodusport.fr\/blog\/wp-json\/wp\/v2\/users\/51"}],"replies":[{"embeddable":true,"href":"https:\/\/dicodusport.fr\/blog\/wp-json\/wp\/v2\/comments?post=117982"}],"version-history":[{"count":0,"href":"https:\/\/dicodusport.fr\/blog\/wp-json\/wp\/v2\/posts\/117982\/revisions"}],"wp:featuredmedia":[{"embeddable":true,"href":"https:\/\/dicodusport.fr\/blog\/wp-json\/wp\/v2\/media\/118003"}],"wp:attachment":[{"href":"https:\/\/dicodusport.fr\/blog\/wp-json\/wp\/v2\/media?parent=117982"}],"wp:term":[{"taxonomy":"category","embeddable":true,"href":"https:\/\/dicodusport.fr\/blog\/wp-json\/wp\/v2\/categories?post=117982"},{"taxonomy":"post_tag","embeddable":true,"href":"https:\/\/dicodusport.fr\/blog\/wp-json\/wp\/v2\/tags?post=117982"}],"curies":[{"name":"wp","href":"https:\/\/api.w.org\/{rel}","templated":true}]}}