{"id":118065,"date":"2021-04-02T14:10:12","date_gmt":"2021-04-02T12:10:12","guid":{"rendered":"https:\/\/dicodusport.fr\/blog\/?p=118065"},"modified":"2021-04-02T20:15:23","modified_gmt":"2021-04-02T18:15:23","slug":"qui-est-anthony-turgis-le-guerrier-des-flandriennes","status":"publish","type":"post","link":"https:\/\/dicodusport.fr\/blog\/qui-est-anthony-turgis-le-guerrier-des-flandriennes\/","title":{"rendered":"Qui est Anthony Turgis, le guerrier des Flandriennes ?"},"content":{"rendered":"<p style=\"text-align: justify;\"><em><strong><a href=\"https:\/\/dicodusport.fr\/blog\/actualites\/cyclisme\/\" target=\"_blank\" rel=\"noopener\">CYCLISME<\/a> &#8211;\u00a0<\/strong><\/em><em><strong>Issu d&rsquo;une famille de cycliste, Anthony Turgis semble enfin pouvoir s&rsquo;installer durablement dans la lutte pour les victoires sur les Classiques. Ce dimanche, sur le Tour des Flandres, il faudra compter sur celui qui r\u00eave de lever les bras, pour lui, et pour ses fr\u00e8res. Retour sur le parcours du cycliste de 26 ans.\u00a0<\/strong><\/em><\/p>\n<h2 style=\"text-align: justify;\">Promis \u00e0 un grand avenir<\/h2>\n<p style=\"text-align: justify;\">Issu d&rsquo;une fratrie de coureur avec ses fr\u00e8res Jimmy et Tanguy, le destin d&rsquo;Anthony dans le v\u00e9lo semble d\u00e9j\u00e0 tout trac\u00e9. En 2010, le jeune coureur se distingue en devenant champion de France sur route chez les cadets, avant de se parer d&rsquo;argent en cyclo-cross dans la m\u00eame cat\u00e9gorie. Deux ans plus tard, il continue sa folle ascension en juniors. Il s&#8217;empare d&rsquo;abord de la deuxi\u00e8me place de Paris-Roubaix avant de devenir vice-champion d&rsquo;Europe sur route. En 2014, <a href=\"https:\/\/www.procyclingstats.com\/rider\/anthony-turgis\" target=\"_blank\" rel=\"noopener\"><strong>Anthony Turgis<\/strong><\/a> triomphe sur Li\u00e8ge-Bastogne-Li\u00e8ge espoirs, devant le Belge <strong>Dylan Teuns<\/strong>. Dans le m\u00eame temps, il devient m\u00e9daill\u00e9 de bronze aux championnats d&rsquo;Europe sur route. C&rsquo;est donc ultra logiquement que le jeune coureur rejoint la <strong>Cofidis<\/strong> pour d\u00e9buter sa carri\u00e8re professionnelle. Le coureur de 26 ans n&rsquo;a pas r\u00e9alis\u00e9 de performances m\u00e9morables, mais a enlev\u00e9 les Boucles de la Mayenne, la Classic Loire-Atlantique ou Paris-Chauny.<\/p>\n<p style=\"text-align: justify;\">Il faut dire aussi qu&rsquo;il n&rsquo;a pas \u00e9t\u00e9 verni par les blessures, notamment sa clavicule gauche, capricieuse. En ce sens, l&rsquo;adepte des Classiques n&rsquo;a pas pu enchainer les courses, mais a sign\u00e9 une belle deuxi\u00e8me place sur \u00c0 Travers les Flandres en 2019, derri\u00e8re un certain Mathieu van der Poel. Apr\u00e8s plusieurs moments de gal\u00e8re, le vent semble avoir tourn\u00e9, mais cette fois, en faveur du Fran\u00e7ais.<\/p>\n<h2 style=\"text-align: justify;\">2021, l&rsquo;ann\u00e9e de la gloire ?<\/h2>\n<p style=\"text-align: justify;\"><strong>Anthony Turgis<\/strong> a souvent \u00e9t\u00e9 absent des Classiques, notamment \u00e0 cause de ses blessures. Mais cette ann\u00e9e, le coureur de la Total Direct Energie est parti sur les chapeaux de roue. Dixi\u00e8me de Milan-San Remo, deuxi\u00e8me de Kuurne-Bruxelles-Kuurne, 9\u00e8me de Gand-Wevelgem et 8\u00e8me d&rsquo;A Travers les Flandres, il performe lors des premi\u00e8res Classiques. Mais ce d\u00e9but de saison est loin de tomber comme un cheveu sur la soupe. Depuis toujours, il veut briller sur ces courses, et il veut triompher sur une Classique. En 2020, il n&rsquo;\u00e9tait pas pass\u00e9 loin. Quatri\u00e8me du Tour des Flandres \u00e0 hauteur d&rsquo;<strong>Alexander Kristoff<\/strong>, huit secondes derri\u00e8re les mastodontes <strong>van der Poel<\/strong> et <strong>Van Aert<\/strong>. Cette ann\u00e9e encore, les deux cadors seront l\u00e0, <strong>Julian Alaphilippe<\/strong> aussi.<\/p>\n<p style=\"text-align: justify;\">Et justement. Est-ce que la place donn\u00e9e \u00e0 tous ces favoris ne peut-elle pas se r\u00e9v\u00e9ler b\u00e9n\u00e9fique pour Turgis ? Loin de la lumi\u00e8re des projecteurs, il semble dans la forme de sa vie. Et \u00e7a ne fait pas de doute, m\u00eame au sein de son \u00e9quipe. Son compagnon de route <strong>Adrien Petit<\/strong> le dit, <em>\u00ab<\/em> <em>depuis le Tour des Flandres 2020, on le sent s\u00fbr de lui \u00bb<\/em>. Aussi, son r\u00f4le de leader et son calme ahurissant lui permettent de r\u00eaver de r\u00e9aliser quelque chose de grand. Ce dimanche, \u00e9videmment, il sera dur de d\u00e9loger les deux cadors devant, mais <strong>Anthony Turgis<\/strong> sera anim\u00e9 d&rsquo;une envie de gagner, pour lui, mais pas que.<\/p>\n<blockquote class=\"twitter-tweet\">\n<p dir=\"ltr\" lang=\"fr\">Anthony Turgis sans moustache : bon coureur.<\/p>\n<p>Anthony Turgis avec une moustache : Top 10 sur toutes les classiques.<\/p>\n<p>Les hommes mentent mais pas les poils. <a href=\"https:\/\/t.co\/UF0na4zY0K\">https:\/\/t.co\/UF0na4zY0K<\/a><\/p>\n<p>\u2014 La Grosse Boucle (@LaGrosseBoucle) <a href=\"https:\/\/twitter.com\/LaGrosseBoucle\/status\/1377330951366144009?ref_src=twsrc%5Etfw\">March 31, 2021<\/a><\/p><\/blockquote>\n<p><script async src=\"https:\/\/platform.twitter.com\/widgets.js\" charset=\"utf-8\"><\/script><\/p>\n<h2 style=\"text-align: justify;\">Ses fr\u00e8res dans la t\u00eate<\/h2>\n<p style=\"text-align: justify;\">Chez les <strong>Turgis<\/strong>, le cyclisme est une histoire de famille. Et c&rsquo;est gr\u00e2ce \u00e0 leurs parents, issus de deux familles de cyclistes, et qui se sont rencontr\u00e9s \u00e0 l&rsquo;entrainement, qu&rsquo;Anthony et ses fr\u00e8res ont \u00e9t\u00e9 initi\u00e9s au v\u00e9lo depuis toujours. L&rsquo;histoire aurait pu \u00eatre belle. Pourtant, Jimmy (29 ans) et Tanguy (22 ans) ne pourront jamais vivre leur r\u00eave. Les deux coureurs pros, sont contraints d&rsquo;arr\u00eater leur carri\u00e8re en 2018 pour le premier cit\u00e9, puis en 2020 pour le second, suite \u00e0 un probl\u00e8me cardiaque h\u00e9r\u00e9ditaire. Les trois fr\u00e8res n&rsquo;auront couru qu&rsquo;une seule fois ensemble, au sein de la Cofidis sur le Tour de l&rsquo;Ain en 2017.<\/p>\n<p style=\"text-align: justify;\">Aujourd&rsquo;hui, le trio ne peut courir ensemble que six heures par semaines, \u00e0 faible allure, et se retrouve parfois sur les routes pav\u00e9s, <em>\u00ab <\/em><em>pour le plaisir de retrouver des sensations \u00bb<\/em>. Alors \u00e9videmment, pour Anthony, ses deux fr\u00e8res sont une source de motivation, m\u00eame au bord de l&rsquo;\u00e9puisement. Une mani\u00e8re de trouver une raison de continuer de p\u00e9daler, quand vous \u00eates largu\u00e9 ou que le corps ne peut plus avancer. Et Anthony le dit bien <em>\u00ab <\/em><em>si je r\u00e9ussis, un jour, \u00e7a sera pour eux \u00bb<\/em>. Alors dimanche, il va une nouvelle fois r\u00eaver de triompher sur une Classique. Pour y arriver, il sera \u00e9videmment seul sur son v\u00e9lo, mais sera, sans aucun doute, port\u00e9 par ses fr\u00e8res.<\/p>\n<p><em><strong>Antonin Gizolme<br \/>\n<\/strong><\/em><strong><em><a href=\"https:\/\/twitter.com\/AntoninGizolme\" target=\"_blank\" rel=\"noopener noreferrer\"><img loading=\"lazy\" decoding=\"async\" class=\"jetpack-lazy-image jetpack-lazy-image--handled alignnone wp-image-2908\" src=\"https:\/\/i1.wp.com\/dicodusport.fr\/blog\/wp-content\/uploads\/2017\/07\/logo-twitter-150x150.png?resize=39%2C39\" alt=\"\" width=\"39\" height=\"39\" data-lazy-loaded=\"1\" \/><\/a><\/em><\/strong><\/p>\n","protected":false},"excerpt":{"rendered":"<p>CYCLISME &#8211;\u00a0Issu d&rsquo;une famille de cycliste, Anthony Turgis semble enfin pouvoir s&rsquo;installer durablement dans la lutte pour les victoires sur les Classiques. Ce dimanche, sur le Tour des Flandres, il faudra compter sur celui qui r\u00eave de lever les bras, pour lui, et pour ses fr\u00e8res. Retour sur le parcours du cycliste de 26 ans.\u00a0<\/p>\n","protected":false},"author":51,"featured_media":118108,"comment_status":"open","ping_status":"closed","sticky":false,"template":"","format":"standard","meta":{"_acf_changed":false,"_daextam_enable_autolinks":"","footnotes":""},"categories":[2307],"tags":[574,2665,24,4325],"class_list":["post-118065","post","type-post","status-publish","format-standard","has-post-thumbnail","hentry","category-cyclisme","tag-cyclisme","tag-portrait","tag-sport","tag-tour-des-flandres"],"acf":[],"yoast_head":"<!-- This site is optimized with the Yoast SEO Premium plugin v26.7 (Yoast SEO v26.7) - https:\/\/yoast.com\/wordpress\/plugins\/seo\/ -->\n<title>Qui est Anthony Turgis, le guerrier des Flandriennes ?<\/title>\n<meta name=\"description\" content=\"Dimanche, sur le Tour des Flandres, il faudra compter sur Anthony Turgis. Mais qui est ce cycliste d\u00e9bordant d&#039;ambitions sur les Classiques ?\" \/>\n<meta name=\"robots\" content=\"index, follow, max-snippet:-1, max-image-preview:large, max-video-preview:-1\" \/>\n<link rel=\"canonical\" href=\"https:\/\/dicodusport.fr\/blog\/qui-est-anthony-turgis-le-guerrier-des-flandriennes\/\" \/>\n<meta property=\"og:locale\" content=\"fr_FR\" \/>\n<meta property=\"og:type\" content=\"article\" \/>\n<meta property=\"og:title\" content=\"Qui est Anthony Turgis, le guerrier des Flandriennes ?\" \/>\n<meta property=\"og:description\" content=\"Dimanche, sur le Tour des Flandres, il faudra compter sur Anthony Turgis. Mais qui est ce cycliste d\u00e9bordant d&#039;ambitions sur les Classiques ?\" \/>\n<meta property=\"og:url\" content=\"https:\/\/dicodusport.fr\/blog\/qui-est-anthony-turgis-le-guerrier-des-flandriennes\/\" \/>\n<meta property=\"og:site_name\" content=\"Dicodusport\" \/>\n<meta property=\"article:publisher\" content=\"https:\/\/www.facebook.com\/dicodusport\" \/>\n<meta property=\"article:published_time\" content=\"2021-04-02T12:10:12+00:00\" \/>\n<meta property=\"article:modified_time\" content=\"2021-04-02T18:15:23+00:00\" \/>\n<meta property=\"og:image\" content=\"https:\/\/dicodusport.fr\/blog\/wp-content\/uploads\/2021\/04\/Qui-est-Anthony-Turgis-le-guerrier-des-Flandriennes.png\" \/>\n\t<meta property=\"og:image:width\" content=\"800\" \/>\n\t<meta property=\"og:image:height\" content=\"445\" \/>\n\t<meta property=\"og:image:type\" content=\"image\/png\" \/>\n<meta name=\"author\" content=\"Antonin Gizolme\" \/>\n<meta name=\"twitter:card\" content=\"summary_large_image\" \/>\n<meta name=\"twitter:title\" content=\"Qui est Anthony Turgis, le guerrier des Flandriennes ?\" \/>\n<meta name=\"twitter:creator\" content=\"@https:\/\/twitter.com\/AntoninGizolme\" \/>\n<meta name=\"twitter:site\" content=\"@dicodusport\" \/>\n<script type=\"application\/ld+json\" class=\"yoast-schema-graph\">{\"@context\":\"https:\/\/schema.org\",\"@graph\":[{\"@type\":\"NewsArticle\",\"@id\":\"https:\/\/dicodusport.fr\/blog\/qui-est-anthony-turgis-le-guerrier-des-flandriennes\/#article\",\"isPartOf\":{\"@id\":\"https:\/\/dicodusport.fr\/blog\/qui-est-anthony-turgis-le-guerrier-des-flandriennes\/\"},\"author\":{\"name\":\"Antonin Gizolme\",\"@id\":\"https:\/\/dicodusport.fr\/blog\/#\/schema\/person\/b5f72959ae80a547dcc15f019adf6e0c\"},\"headline\":\"Qui est Anthony Turgis, le guerrier des Flandriennes ?\",\"datePublished\":\"2021-04-02T12:10:12+00:00\",\"dateModified\":\"2021-04-02T18:15:23+00:00\",\"mainEntityOfPage\":{\"@id\":\"https:\/\/dicodusport.fr\/blog\/qui-est-anthony-turgis-le-guerrier-des-flandriennes\/\"},\"wordCount\":853,\"commentCount\":0,\"publisher\":{\"@id\":\"https:\/\/dicodusport.fr\/blog\/#organization\"},\"image\":{\"@id\":\"https:\/\/dicodusport.fr\/blog\/qui-est-anthony-turgis-le-guerrier-des-flandriennes\/#primaryimage\"},\"thumbnailUrl\":\"https:\/\/dicodusport.fr\/blog\/wp-content\/uploads\/2021\/04\/Qui-est-Anthony-Turgis-le-guerrier-des-Flandriennes.png\",\"keywords\":[\"Cyclisme\",\"portrait\",\"sport\",\"Tour des Flandres\"],\"articleSection\":[\"Cyclisme\"],\"inLanguage\":\"fr-FR\",\"potentialAction\":[{\"@type\":\"CommentAction\",\"name\":\"Comment\",\"target\":[\"https:\/\/dicodusport.fr\/blog\/qui-est-anthony-turgis-le-guerrier-des-flandriennes\/#respond\"]}],\"copyrightYear\":\"2021\",\"copyrightHolder\":{\"@id\":\"https:\/\/dicodusport.fr\/blog\/#organization\"}},{\"@type\":\"WebPage\",\"@id\":\"https:\/\/dicodusport.fr\/blog\/qui-est-anthony-turgis-le-guerrier-des-flandriennes\/\",\"url\":\"https:\/\/dicodusport.fr\/blog\/qui-est-anthony-turgis-le-guerrier-des-flandriennes\/\",\"name\":\"Qui est Anthony Turgis, le guerrier des Flandriennes ?\",\"isPartOf\":{\"@id\":\"https:\/\/dicodusport.fr\/blog\/#website\"},\"primaryImageOfPage\":{\"@id\":\"https:\/\/dicodusport.fr\/blog\/qui-est-anthony-turgis-le-guerrier-des-flandriennes\/#primaryimage\"},\"image\":{\"@id\":\"https:\/\/dicodusport.fr\/blog\/qui-est-anthony-turgis-le-guerrier-des-flandriennes\/#primaryimage\"},\"thumbnailUrl\":\"https:\/\/dicodusport.fr\/blog\/wp-content\/uploads\/2021\/04\/Qui-est-Anthony-Turgis-le-guerrier-des-Flandriennes.png\",\"datePublished\":\"2021-04-02T12:10:12+00:00\",\"dateModified\":\"2021-04-02T18:15:23+00:00\",\"description\":\"Dimanche, sur le Tour des Flandres, il faudra compter sur Anthony Turgis. Mais qui est ce cycliste d\u00e9bordant d'ambitions sur les Classiques ?\",\"breadcrumb\":{\"@id\":\"https:\/\/dicodusport.fr\/blog\/qui-est-anthony-turgis-le-guerrier-des-flandriennes\/#breadcrumb\"},\"inLanguage\":\"fr-FR\",\"potentialAction\":[{\"@type\":\"ReadAction\",\"target\":[\"https:\/\/dicodusport.fr\/blog\/qui-est-anthony-turgis-le-guerrier-des-flandriennes\/\"]}]},{\"@type\":\"ImageObject\",\"inLanguage\":\"fr-FR\",\"@id\":\"https:\/\/dicodusport.fr\/blog\/qui-est-anthony-turgis-le-guerrier-des-flandriennes\/#primaryimage\",\"url\":\"https:\/\/dicodusport.fr\/blog\/wp-content\/uploads\/2021\/04\/Qui-est-Anthony-Turgis-le-guerrier-des-Flandriennes.png\",\"contentUrl\":\"https:\/\/dicodusport.fr\/blog\/wp-content\/uploads\/2021\/04\/Qui-est-Anthony-Turgis-le-guerrier-des-Flandriennes.png\",\"width\":800,\"height\":445,\"caption\":\"Qui est Anthony Turgis, le guerrier des Flandriennes ?\"},{\"@type\":\"BreadcrumbList\",\"@id\":\"https:\/\/dicodusport.fr\/blog\/qui-est-anthony-turgis-le-guerrier-des-flandriennes\/#breadcrumb\",\"itemListElement\":[{\"@type\":\"ListItem\",\"position\":1,\"name\":\"Accueil\",\"item\":\"https:\/\/dicodusport.fr\/blog\/\"},{\"@type\":\"ListItem\",\"position\":2,\"name\":\"Qui est Anthony Turgis, le guerrier des Flandriennes ?\"}]},{\"@type\":\"WebSite\",\"@id\":\"https:\/\/dicodusport.fr\/blog\/#website\",\"url\":\"https:\/\/dicodusport.fr\/blog\/\",\"name\":\"Dicodusport\",\"description\":\"L&#039;encyclop\u00e9die de l&#039;actualit\u00e9 sportive\",\"publisher\":{\"@id\":\"https:\/\/dicodusport.fr\/blog\/#organization\"},\"potentialAction\":[{\"@type\":\"SearchAction\",\"target\":{\"@type\":\"EntryPoint\",\"urlTemplate\":\"https:\/\/dicodusport.fr\/blog\/?s={search_term_string}\"},\"query-input\":{\"@type\":\"PropertyValueSpecification\",\"valueRequired\":true,\"valueName\":\"search_term_string\"}}],\"inLanguage\":\"fr-FR\"},{\"@type\":\"NewsMediaOrganization\",\"@id\":\"https:\/\/dicodusport.fr\/blog\/#organization\",\"name\":\"Dicodusport\",\"url\":\"https:\/\/dicodusport.fr\/blog\/\",\"logo\":{\"@type\":\"ImageObject\",\"inLanguage\":\"fr-FR\",\"@id\":\"https:\/\/dicodusport.fr\/blog\/#\/schema\/logo\/image\/\",\"url\":\"https:\/\/dicodusport.fr\/blog\/wp-content\/uploads\/2020\/06\/cropped-LOGO-DICODUSPORT-2020-SANS-FOND-SANS-TEXTE.png\",\"contentUrl\":\"https:\/\/dicodusport.fr\/blog\/wp-content\/uploads\/2020\/06\/cropped-LOGO-DICODUSPORT-2020-SANS-FOND-SANS-TEXTE.png\",\"width\":512,\"height\":512,\"caption\":\"Dicodusport\"},\"image\":{\"@id\":\"https:\/\/dicodusport.fr\/blog\/#\/schema\/logo\/image\/\"},\"sameAs\":[\"https:\/\/www.facebook.com\/dicodusport\",\"https:\/\/x.com\/dicodusport\",\"https:\/\/www.instagram.com\/dicodusport\/\",\"https:\/\/www.youtube.com\/channel\/UC7V2KZ5sd3htJivAbA4ZG3w\"],\"description\":\"Dicodusport est l'encyclop\u00e9die de l'actualit\u00e9 sportive.\",\"email\":\"bonjour@dicodusport.fr\",\"legalName\":\"DICODUSPORT\",\"foundingDate\":\"2018-01-14\",\"vatID\":\"FR71834470973\",\"taxID\":\"83447097300043\",\"numberOfEmployees\":{\"@type\":\"QuantitativeValue\",\"minValue\":\"1\",\"maxValue\":\"10\"}},{\"@type\":\"Person\",\"@id\":\"https:\/\/dicodusport.fr\/blog\/#\/schema\/person\/b5f72959ae80a547dcc15f019adf6e0c\",\"name\":\"Antonin Gizolme\",\"image\":{\"@type\":\"ImageObject\",\"inLanguage\":\"fr-FR\",\"@id\":\"https:\/\/dicodusport.fr\/blog\/#\/schema\/person\/image\/\",\"url\":\"https:\/\/dicodusport.fr\/blog\/wp-content\/uploads\/2021\/04\/Maillot-Anto-Dicodusport-150x150.png\",\"contentUrl\":\"https:\/\/dicodusport.fr\/blog\/wp-content\/uploads\/2021\/04\/Maillot-Anto-Dicodusport-150x150.png\",\"caption\":\"Antonin Gizolme\"},\"description\":\"Journaliste\/R\u00e9dacteur depuis mars 2021 - N\u00e9 un soir de Ligue des Champions, c\u2019est tout naturellement que je suis un passionn\u00e9 de football depuis ma plus tendre enfance. Durant des ann\u00e9es, j\u2019ai \u00e9t\u00e9 berc\u00e9 par la douce m\u00e9lodie de la Ligue des Champions, subjugu\u00e9 par les coups-francs de Juninho et admiratif devant les coups de reins de Karim Benzema. Malheureusement pour moi, mes genoux en carton m\u2019ont emp\u00each\u00e9 de suivre les traces de mes idoles pour \u00e9crire l\u2019Histoire. Alors, c\u2019est ici que je vais me charger de vous la raconter.\",\"sameAs\":[\"https:\/\/x.com\/https:\/\/twitter.com\/AntoninGizolme\"],\"url\":\"https:\/\/dicodusport.fr\/blog\/author\/antoning\/\"}]}<\/script>\n<!-- \/ Yoast SEO Premium plugin. -->","yoast_head_json":{"title":"Qui est Anthony Turgis, le guerrier des Flandriennes ?","description":"Dimanche, sur le Tour des Flandres, il faudra compter sur Anthony Turgis. Mais qui est ce cycliste d\u00e9bordant d'ambitions sur les Classiques ?","robots":{"index":"index","follow":"follow","max-snippet":"max-snippet:-1","max-image-preview":"max-image-preview:large","max-video-preview":"max-video-preview:-1"},"canonical":"https:\/\/dicodusport.fr\/blog\/qui-est-anthony-turgis-le-guerrier-des-flandriennes\/","og_locale":"fr_FR","og_type":"article","og_title":"Qui est Anthony Turgis, le guerrier des Flandriennes ?","og_description":"Dimanche, sur le Tour des Flandres, il faudra compter sur Anthony Turgis. Mais qui est ce cycliste d\u00e9bordant d'ambitions sur les Classiques ?","og_url":"https:\/\/dicodusport.fr\/blog\/qui-est-anthony-turgis-le-guerrier-des-flandriennes\/","og_site_name":"Dicodusport","article_publisher":"https:\/\/www.facebook.com\/dicodusport","article_published_time":"2021-04-02T12:10:12+00:00","article_modified_time":"2021-04-02T18:15:23+00:00","og_image":[{"width":800,"height":445,"url":"https:\/\/dicodusport.fr\/blog\/wp-content\/uploads\/2021\/04\/Qui-est-Anthony-Turgis-le-guerrier-des-Flandriennes.png","type":"image\/png"}],"author":"Antonin Gizolme","twitter_card":"summary_large_image","twitter_title":"Qui est Anthony Turgis, le guerrier des Flandriennes ?","twitter_creator":"@https:\/\/twitter.com\/AntoninGizolme","twitter_site":"@dicodusport","schema":{"@context":"https:\/\/schema.org","@graph":[{"@type":"NewsArticle","@id":"https:\/\/dicodusport.fr\/blog\/qui-est-anthony-turgis-le-guerrier-des-flandriennes\/#article","isPartOf":{"@id":"https:\/\/dicodusport.fr\/blog\/qui-est-anthony-turgis-le-guerrier-des-flandriennes\/"},"author":{"name":"Antonin Gizolme","@id":"https:\/\/dicodusport.fr\/blog\/#\/schema\/person\/b5f72959ae80a547dcc15f019adf6e0c"},"headline":"Qui est Anthony Turgis, le guerrier des Flandriennes ?","datePublished":"2021-04-02T12:10:12+00:00","dateModified":"2021-04-02T18:15:23+00:00","mainEntityOfPage":{"@id":"https:\/\/dicodusport.fr\/blog\/qui-est-anthony-turgis-le-guerrier-des-flandriennes\/"},"wordCount":853,"commentCount":0,"publisher":{"@id":"https:\/\/dicodusport.fr\/blog\/#organization"},"image":{"@id":"https:\/\/dicodusport.fr\/blog\/qui-est-anthony-turgis-le-guerrier-des-flandriennes\/#primaryimage"},"thumbnailUrl":"https:\/\/dicodusport.fr\/blog\/wp-content\/uploads\/2021\/04\/Qui-est-Anthony-Turgis-le-guerrier-des-Flandriennes.png","keywords":["Cyclisme","portrait","sport","Tour des Flandres"],"articleSection":["Cyclisme"],"inLanguage":"fr-FR","potentialAction":[{"@type":"CommentAction","name":"Comment","target":["https:\/\/dicodusport.fr\/blog\/qui-est-anthony-turgis-le-guerrier-des-flandriennes\/#respond"]}],"copyrightYear":"2021","copyrightHolder":{"@id":"https:\/\/dicodusport.fr\/blog\/#organization"}},{"@type":"WebPage","@id":"https:\/\/dicodusport.fr\/blog\/qui-est-anthony-turgis-le-guerrier-des-flandriennes\/","url":"https:\/\/dicodusport.fr\/blog\/qui-est-anthony-turgis-le-guerrier-des-flandriennes\/","name":"Qui est Anthony Turgis, le guerrier des Flandriennes ?","isPartOf":{"@id":"https:\/\/dicodusport.fr\/blog\/#website"},"primaryImageOfPage":{"@id":"https:\/\/dicodusport.fr\/blog\/qui-est-anthony-turgis-le-guerrier-des-flandriennes\/#primaryimage"},"image":{"@id":"https:\/\/dicodusport.fr\/blog\/qui-est-anthony-turgis-le-guerrier-des-flandriennes\/#primaryimage"},"thumbnailUrl":"https:\/\/dicodusport.fr\/blog\/wp-content\/uploads\/2021\/04\/Qui-est-Anthony-Turgis-le-guerrier-des-Flandriennes.png","datePublished":"2021-04-02T12:10:12+00:00","dateModified":"2021-04-02T18:15:23+00:00","description":"Dimanche, sur le Tour des Flandres, il faudra compter sur Anthony Turgis. Mais qui est ce cycliste d\u00e9bordant d'ambitions sur les Classiques ?","breadcrumb":{"@id":"https:\/\/dicodusport.fr\/blog\/qui-est-anthony-turgis-le-guerrier-des-flandriennes\/#breadcrumb"},"inLanguage":"fr-FR","potentialAction":[{"@type":"ReadAction","target":["https:\/\/dicodusport.fr\/blog\/qui-est-anthony-turgis-le-guerrier-des-flandriennes\/"]}]},{"@type":"ImageObject","inLanguage":"fr-FR","@id":"https:\/\/dicodusport.fr\/blog\/qui-est-anthony-turgis-le-guerrier-des-flandriennes\/#primaryimage","url":"https:\/\/dicodusport.fr\/blog\/wp-content\/uploads\/2021\/04\/Qui-est-Anthony-Turgis-le-guerrier-des-Flandriennes.png","contentUrl":"https:\/\/dicodusport.fr\/blog\/wp-content\/uploads\/2021\/04\/Qui-est-Anthony-Turgis-le-guerrier-des-Flandriennes.png","width":800,"height":445,"caption":"Qui est Anthony Turgis, le guerrier des Flandriennes ?"},{"@type":"BreadcrumbList","@id":"https:\/\/dicodusport.fr\/blog\/qui-est-anthony-turgis-le-guerrier-des-flandriennes\/#breadcrumb","itemListElement":[{"@type":"ListItem","position":1,"name":"Accueil","item":"https:\/\/dicodusport.fr\/blog\/"},{"@type":"ListItem","position":2,"name":"Qui est Anthony Turgis, le guerrier des Flandriennes ?"}]},{"@type":"WebSite","@id":"https:\/\/dicodusport.fr\/blog\/#website","url":"https:\/\/dicodusport.fr\/blog\/","name":"Dicodusport","description":"L&#039;encyclop\u00e9die de l&#039;actualit\u00e9 sportive","publisher":{"@id":"https:\/\/dicodusport.fr\/blog\/#organization"},"potentialAction":[{"@type":"SearchAction","target":{"@type":"EntryPoint","urlTemplate":"https:\/\/dicodusport.fr\/blog\/?s={search_term_string}"},"query-input":{"@type":"PropertyValueSpecification","valueRequired":true,"valueName":"search_term_string"}}],"inLanguage":"fr-FR"},{"@type":"NewsMediaOrganization","@id":"https:\/\/dicodusport.fr\/blog\/#organization","name":"Dicodusport","url":"https:\/\/dicodusport.fr\/blog\/","logo":{"@type":"ImageObject","inLanguage":"fr-FR","@id":"https:\/\/dicodusport.fr\/blog\/#\/schema\/logo\/image\/","url":"https:\/\/dicodusport.fr\/blog\/wp-content\/uploads\/2020\/06\/cropped-LOGO-DICODUSPORT-2020-SANS-FOND-SANS-TEXTE.png","contentUrl":"https:\/\/dicodusport.fr\/blog\/wp-content\/uploads\/2020\/06\/cropped-LOGO-DICODUSPORT-2020-SANS-FOND-SANS-TEXTE.png","width":512,"height":512,"caption":"Dicodusport"},"image":{"@id":"https:\/\/dicodusport.fr\/blog\/#\/schema\/logo\/image\/"},"sameAs":["https:\/\/www.facebook.com\/dicodusport","https:\/\/x.com\/dicodusport","https:\/\/www.instagram.com\/dicodusport\/","https:\/\/www.youtube.com\/channel\/UC7V2KZ5sd3htJivAbA4ZG3w"],"description":"Dicodusport est l'encyclop\u00e9die de l'actualit\u00e9 sportive.","email":"bonjour@dicodusport.fr","legalName":"DICODUSPORT","foundingDate":"2018-01-14","vatID":"FR71834470973","taxID":"83447097300043","numberOfEmployees":{"@type":"QuantitativeValue","minValue":"1","maxValue":"10"}},{"@type":"Person","@id":"https:\/\/dicodusport.fr\/blog\/#\/schema\/person\/b5f72959ae80a547dcc15f019adf6e0c","name":"Antonin Gizolme","image":{"@type":"ImageObject","inLanguage":"fr-FR","@id":"https:\/\/dicodusport.fr\/blog\/#\/schema\/person\/image\/","url":"https:\/\/dicodusport.fr\/blog\/wp-content\/uploads\/2021\/04\/Maillot-Anto-Dicodusport-150x150.png","contentUrl":"https:\/\/dicodusport.fr\/blog\/wp-content\/uploads\/2021\/04\/Maillot-Anto-Dicodusport-150x150.png","caption":"Antonin Gizolme"},"description":"Journaliste\/R\u00e9dacteur depuis mars 2021 - N\u00e9 un soir de Ligue des Champions, c\u2019est tout naturellement que je suis un passionn\u00e9 de football depuis ma plus tendre enfance. Durant des ann\u00e9es, j\u2019ai \u00e9t\u00e9 berc\u00e9 par la douce m\u00e9lodie de la Ligue des Champions, subjugu\u00e9 par les coups-francs de Juninho et admiratif devant les coups de reins de Karim Benzema. Malheureusement pour moi, mes genoux en carton m\u2019ont emp\u00each\u00e9 de suivre les traces de mes idoles pour \u00e9crire l\u2019Histoire. Alors, c\u2019est ici que je vais me charger de vous la raconter.","sameAs":["https:\/\/x.com\/https:\/\/twitter.com\/AntoninGizolme"],"url":"https:\/\/dicodusport.fr\/blog\/author\/antoning\/"}]}},"_links":{"self":[{"href":"https:\/\/dicodusport.fr\/blog\/wp-json\/wp\/v2\/posts\/118065","targetHints":{"allow":["GET"]}}],"collection":[{"href":"https:\/\/dicodusport.fr\/blog\/wp-json\/wp\/v2\/posts"}],"about":[{"href":"https:\/\/dicodusport.fr\/blog\/wp-json\/wp\/v2\/types\/post"}],"author":[{"embeddable":true,"href":"https:\/\/dicodusport.fr\/blog\/wp-json\/wp\/v2\/users\/51"}],"replies":[{"embeddable":true,"href":"https:\/\/dicodusport.fr\/blog\/wp-json\/wp\/v2\/comments?post=118065"}],"version-history":[{"count":0,"href":"https:\/\/dicodusport.fr\/blog\/wp-json\/wp\/v2\/posts\/118065\/revisions"}],"wp:featuredmedia":[{"embeddable":true,"href":"https:\/\/dicodusport.fr\/blog\/wp-json\/wp\/v2\/media\/118108"}],"wp:attachment":[{"href":"https:\/\/dicodusport.fr\/blog\/wp-json\/wp\/v2\/media?parent=118065"}],"wp:term":[{"taxonomy":"category","embeddable":true,"href":"https:\/\/dicodusport.fr\/blog\/wp-json\/wp\/v2\/categories?post=118065"},{"taxonomy":"post_tag","embeddable":true,"href":"https:\/\/dicodusport.fr\/blog\/wp-json\/wp\/v2\/tags?post=118065"}],"curies":[{"name":"wp","href":"https:\/\/api.w.org\/{rel}","templated":true}]}}