{"id":118659,"date":"2021-04-04T18:20:29","date_gmt":"2021-04-04T16:20:29","guid":{"rendered":"https:\/\/dicodusport.fr\/blog\/?p=118659"},"modified":"2021-04-04T19:17:29","modified_gmt":"2021-04-04T17:17:29","slug":"tour-des-flandres-feminin-2021-annemiek-van-vleuten-s-impose-en-solitaire","status":"publish","type":"post","link":"https:\/\/dicodusport.fr\/blog\/tour-des-flandres-feminin-2021-annemiek-van-vleuten-s-impose-en-solitaire\/","title":{"rendered":"Tour des Flandres f\u00e9minin 2021 : Annemiek van Vleuten s&rsquo;impose en solitaire"},"content":{"rendered":"<p style=\"text-align: justify;\"><strong><em><a href=\"https:\/\/dicodusport.fr\/blog\/actualites\/cyclisme\/\" target=\"_blank\" rel=\"noopener\">CYCLISME<\/a> &#8211; Partie seule dans le Paterberg, Annemiek van Vleuten (Movistar) s&rsquo;est impos\u00e9e en solitaire sur la 18e \u00e9dition du Tour des Flandres. En 4 jours de course, c&rsquo;est d\u00e9j\u00e0 le deuxi\u00e8me succ\u00e8s pour la N\u00e9erlandaise de 38 ans apr\u00e8s \u00c0 Travers La Flandre. La championne d&rsquo;Europe signe \u00e9galement son second succ\u00e8s sur le Ronde apr\u00e8s 2011.<\/em><\/strong><\/p>\n<h2 style=\"text-align: justify;\">Une premi\u00e8re s\u00e9lection dans le Berg ten Houte<\/h2>\n<p style=\"text-align: justify;\">Dans le <strong>Berg ten Houte<\/strong>, le rythme impos\u00e9 par les \u00e9quipes Jumbo Visma, SD Worx et Movistar, a provoqu\u00e9 une premi\u00e8re grosse s\u00e9lection dans le peloton. Ensuite, dans le <strong>Kanarieberg<\/strong>, <strong>Annemiek van Vleuten<\/strong> (Movistar) a acc\u00e9l\u00e9r\u00e9 \u00e0 deux reprises pour cr\u00e9er un peloton de 25 concurrentes.<\/p>\n<p style=\"text-align: justify;\">Par la suite, la championne de France <strong>Audrey Cordon-Ragot<\/strong> (Trek Segafredo) a ouvert la route jusqu&rsquo;au pied du <strong>Vieux Quaremont<\/strong>. Alors que c&rsquo;est l&rsquo;\u00e9quipe Team BikeExchange qui a pris la poursuite en main.<\/p>\n<h2 style=\"text-align: justify;\">Annemiek van Vleuten au-dessus du lot<\/h2>\n<p style=\"text-align: justify;\">Dans ce mont long de 2,2 km, <strong>Anna Van der Breggen<\/strong> (SD Worx) a impos\u00e9 un gros rythme pour cr\u00e9er un groupe de 8 coureuses. Tandis que du c\u00f4t\u00e9 de la troisi\u00e8me de la derni\u00e8re \u00e9dition, <strong>Lotte Kopecky<\/strong> (Liv), elle s&rsquo;est accroch\u00e9e avec une adversaire. La championne de Belgique a perdu tout espoir de bien figurer sur cette course. Malgr\u00e9 une petite attaque de <strong>Grace Brown<\/strong> (Team BikeExchange), les 8 femmes de t\u00eate sont rest\u00e9es ensemble jusqu&rsquo;\u00e0 l&rsquo;ultime mont du jour : le terrible <strong>Paterberg<\/strong>. Dans les plus forts pourcentages et sur des pav\u00e9s, <strong>Annemiek van Vleuten<\/strong> (Movistar) a attaqu\u00e9 toute en puissance et aucune de ses adversaires n&rsquo;a pu suivre.<\/p>\n<p style=\"text-align: justify;\">Finalement, <strong>Annemiek van Vleuten<\/strong> s&rsquo;est impos\u00e9e en solitaire \u00e0 Audenarde. Derri\u00e8re, la championne d&rsquo;Allemagne <strong>Lisa Brennauer<\/strong> (Ceratizit-WNT Pro Cycling) a r\u00e9gl\u00e9 au sprint <strong>Grace Brown<\/strong> (Team BikeExchange) et <strong>Elisa Longo Borghini<\/strong> (Trek-Segafredo Women). D\u00e9ception pour l&rsquo;\u00e9quipe SD Worx avec la 5\u00e8me place de <strong>Demi Vollering<\/strong> et la 8\u00e8me d&rsquo;<strong>Anna van der Breggen<\/strong>. Du c\u00f4t\u00e9 de la FDJ Nouvelle Aquitaine Futuroscope, deux femmes ont termin\u00e9 dans le top 10 : <strong>Marta Cavalli<\/strong> (6e) et <strong>Cecilie Uttrup Ludwig<\/strong> (7e).<\/p>\n<blockquote class=\"twitter-tweet\">\n<p dir=\"ltr\" lang=\"fr\">&#x1f6b4; La championne d\u2019Europe n\u00e9erlandaise Annemiek van Vleuten (Movistar) remporte en solitaire et en costaude le Tour des Flandres dix ans apr\u00e8s sa premi\u00e8re victoire sur ce Monument du cyclisme <a href=\"https:\/\/twitter.com\/RondeVlaanderen?ref_src=twsrc%5Etfw\">@RondeVlaanderen<\/a> <a href=\"https:\/\/twitter.com\/hashtag\/Cyclisme?src=hash&amp;ref_src=twsrc%5Etfw\">#Cyclisme<\/a> <a href=\"https:\/\/t.co\/gWIjztRLMg\">pic.twitter.com\/gWIjztRLMg<\/a><\/p>\n<p>\u2014 France tv sport (@francetvsport) <a href=\"https:\/\/twitter.com\/francetvsport\/status\/1378743991567593480?ref_src=twsrc%5Etfw\">April 4, 2021<\/a><\/p><\/blockquote>\n<p><script async src=\"https:\/\/platform.twitter.com\/widgets.js\" charset=\"utf-8\"><\/script><\/p>\n<ul>\n<li style=\"text-align: justify;\"><strong>\u00c0 lire aussi &#8211; <a href=\"https:\/\/dicodusport.fr\/blog\/tour-des-flandres-2021-classement-course-femmes\/\" target=\"_blank\" rel=\"noopener\">Le classement de la course femmes du Tour des Flandres 2021<\/a><\/strong><\/li>\n<\/ul>\n<p><strong><em>Emilien Descampiaux<br \/>\n<a href=\"https:\/\/www.facebook.com\/groups\/LesRoisDuPeloton\" target=\"_blank\" rel=\"noopener noreferrer\"><img loading=\"lazy\" decoding=\"async\" class=\"alignnone wp-image-2909\" src=\"http:\/\/dicodusport.fr\/blog\/wp-content\/uploads\/2017\/07\/logo-facebook-150x150.png\" alt=\"\" width=\"40\" height=\"40\" \/><\/a><a href=\"https:\/\/twitter.com\/LRoisDuPeloton\" target=\"_blank\" rel=\"noopener noreferrer\"><img loading=\"lazy\" decoding=\"async\" class=\"alignnone wp-image-2908\" src=\"http:\/\/dicodusport.fr\/blog\/wp-content\/uploads\/2017\/07\/logo-twitter-150x150.png\" alt=\"\" width=\"40\" height=\"40\" \/><\/a><\/em><\/strong><\/p>\n","protected":false},"excerpt":{"rendered":"<p>CYCLISME &#8211; Partie seule dans le Paterberg, Annemiek van Vleuten (Movistar) s&rsquo;est impos\u00e9e en solitaire sur la 18e \u00e9dition du Tour des Flandres. En 4 jours de course, c&rsquo;est d\u00e9j\u00e0 le deuxi\u00e8me succ\u00e8s pour la N\u00e9erlandaise de 38 ans apr\u00e8s \u00c0 Travers La Flandre. La championne d&rsquo;Europe signe \u00e9galement son second succ\u00e8s sur le Ronde apr\u00e8s 2011.<\/p>\n","protected":false},"author":48,"featured_media":118713,"comment_status":"open","ping_status":"closed","sticky":false,"template":"","format":"standard","meta":{"_acf_changed":false,"_daextam_enable_autolinks":"","footnotes":""},"categories":[2307],"tags":[2875,15720],"class_list":["post-118659","post","type-post","status-publish","format-standard","has-post-thumbnail","hentry","category-cyclisme","tag-cyclisme-feminin","tag-tour-des-flandres-femmes"],"acf":[],"yoast_head":"<!-- This site is optimized with the Yoast SEO Premium plugin v26.7 (Yoast SEO v26.7) - https:\/\/yoast.com\/wordpress\/plugins\/seo\/ -->\n<title>Tour des Flandres f\u00e9minin 2021 : Annemiek van Vleuten s&#039;impose en solitaire<\/title>\n<meta name=\"description\" content=\"Partie seule dans le Paterberg, Annemiek van Vleuten (Movistar) s&#039;est impos\u00e9e en solitaire sur la 18\u00e8me \u00e9dition du Tour des Flandres.\" \/>\n<meta name=\"robots\" content=\"index, follow, max-snippet:-1, max-image-preview:large, max-video-preview:-1\" \/>\n<link rel=\"canonical\" href=\"https:\/\/dicodusport.fr\/blog\/tour-des-flandres-feminin-2021-annemiek-van-vleuten-s-impose-en-solitaire\/\" \/>\n<meta property=\"og:locale\" content=\"fr_FR\" \/>\n<meta property=\"og:type\" content=\"article\" \/>\n<meta property=\"og:title\" content=\"Tour des Flandres f\u00e9minin 2021 : Annemiek van Vleuten s&#039;impose en solitaire\" \/>\n<meta property=\"og:description\" content=\"Partie seule dans le Paterberg, Annemiek van Vleuten (Movistar) s&#039;est impos\u00e9e en solitaire sur la 18\u00e8me \u00e9dition du Tour des Flandres.\" \/>\n<meta property=\"og:url\" content=\"https:\/\/dicodusport.fr\/blog\/tour-des-flandres-feminin-2021-annemiek-van-vleuten-s-impose-en-solitaire\/\" \/>\n<meta property=\"og:site_name\" content=\"Dicodusport\" \/>\n<meta property=\"article:publisher\" content=\"https:\/\/www.facebook.com\/dicodusport\" \/>\n<meta property=\"article:author\" content=\"https:\/\/www.facebook.com\/groups\/LesRoisDuPeloton\" \/>\n<meta property=\"article:published_time\" content=\"2021-04-04T16:20:29+00:00\" \/>\n<meta property=\"article:modified_time\" content=\"2021-04-04T17:17:29+00:00\" \/>\n<meta property=\"og:image\" content=\"https:\/\/dicodusport.fr\/blog\/wp-content\/uploads\/2021\/04\/Tour-des-Flandres-feminin-2021-\u2013-Annemiek-van-Vleuten-simpose-en-solitaire.png\" \/>\n\t<meta property=\"og:image:width\" content=\"800\" \/>\n\t<meta property=\"og:image:height\" content=\"445\" \/>\n\t<meta property=\"og:image:type\" content=\"image\/png\" \/>\n<meta name=\"author\" content=\"Emilien Descampiaux\" \/>\n<meta name=\"twitter:card\" content=\"summary_large_image\" \/>\n<meta name=\"twitter:title\" content=\"Tour des Flandres f\u00e9minin 2021 : Annemiek van Vleuten s&#039;impose en solitaire\" \/>\n<meta name=\"twitter:creator\" content=\"@https:\/\/twitter.com\/LRoisDuPeloton\" \/>\n<meta name=\"twitter:site\" content=\"@dicodusport\" \/>\n<script type=\"application\/ld+json\" class=\"yoast-schema-graph\">{\"@context\":\"https:\/\/schema.org\",\"@graph\":[{\"@type\":\"NewsArticle\",\"@id\":\"https:\/\/dicodusport.fr\/blog\/tour-des-flandres-feminin-2021-annemiek-van-vleuten-s-impose-en-solitaire\/#article\",\"isPartOf\":{\"@id\":\"https:\/\/dicodusport.fr\/blog\/tour-des-flandres-feminin-2021-annemiek-van-vleuten-s-impose-en-solitaire\/\"},\"author\":{\"name\":\"Emilien Descampiaux\",\"@id\":\"https:\/\/dicodusport.fr\/blog\/#\/schema\/person\/6db4bae06b171592211be385b32876a7\"},\"headline\":\"Tour des Flandres f\u00e9minin 2021 : Annemiek van Vleuten s&rsquo;impose en solitaire\",\"datePublished\":\"2021-04-04T16:20:29+00:00\",\"dateModified\":\"2021-04-04T17:17:29+00:00\",\"mainEntityOfPage\":{\"@id\":\"https:\/\/dicodusport.fr\/blog\/tour-des-flandres-feminin-2021-annemiek-van-vleuten-s-impose-en-solitaire\/\"},\"wordCount\":440,\"commentCount\":0,\"publisher\":{\"@id\":\"https:\/\/dicodusport.fr\/blog\/#organization\"},\"image\":{\"@id\":\"https:\/\/dicodusport.fr\/blog\/tour-des-flandres-feminin-2021-annemiek-van-vleuten-s-impose-en-solitaire\/#primaryimage\"},\"thumbnailUrl\":\"https:\/\/dicodusport.fr\/blog\/wp-content\/uploads\/2021\/04\/Tour-des-Flandres-feminin-2021-\u2013-Annemiek-van-Vleuten-simpose-en-solitaire.png\",\"keywords\":[\"cyclisme f\u00e9minin\",\"Tour des Flandres femmes\"],\"articleSection\":[\"Cyclisme\"],\"inLanguage\":\"fr-FR\",\"potentialAction\":[{\"@type\":\"CommentAction\",\"name\":\"Comment\",\"target\":[\"https:\/\/dicodusport.fr\/blog\/tour-des-flandres-feminin-2021-annemiek-van-vleuten-s-impose-en-solitaire\/#respond\"]}],\"copyrightYear\":\"2021\",\"copyrightHolder\":{\"@id\":\"https:\/\/dicodusport.fr\/blog\/#organization\"}},{\"@type\":\"WebPage\",\"@id\":\"https:\/\/dicodusport.fr\/blog\/tour-des-flandres-feminin-2021-annemiek-van-vleuten-s-impose-en-solitaire\/\",\"url\":\"https:\/\/dicodusport.fr\/blog\/tour-des-flandres-feminin-2021-annemiek-van-vleuten-s-impose-en-solitaire\/\",\"name\":\"Tour des Flandres f\u00e9minin 2021 : Annemiek van Vleuten s'impose en solitaire\",\"isPartOf\":{\"@id\":\"https:\/\/dicodusport.fr\/blog\/#website\"},\"primaryImageOfPage\":{\"@id\":\"https:\/\/dicodusport.fr\/blog\/tour-des-flandres-feminin-2021-annemiek-van-vleuten-s-impose-en-solitaire\/#primaryimage\"},\"image\":{\"@id\":\"https:\/\/dicodusport.fr\/blog\/tour-des-flandres-feminin-2021-annemiek-van-vleuten-s-impose-en-solitaire\/#primaryimage\"},\"thumbnailUrl\":\"https:\/\/dicodusport.fr\/blog\/wp-content\/uploads\/2021\/04\/Tour-des-Flandres-feminin-2021-\u2013-Annemiek-van-Vleuten-simpose-en-solitaire.png\",\"datePublished\":\"2021-04-04T16:20:29+00:00\",\"dateModified\":\"2021-04-04T17:17:29+00:00\",\"description\":\"Partie seule dans le Paterberg, Annemiek van Vleuten (Movistar) s'est impos\u00e9e en solitaire sur la 18\u00e8me \u00e9dition du Tour des Flandres.\",\"breadcrumb\":{\"@id\":\"https:\/\/dicodusport.fr\/blog\/tour-des-flandres-feminin-2021-annemiek-van-vleuten-s-impose-en-solitaire\/#breadcrumb\"},\"inLanguage\":\"fr-FR\",\"potentialAction\":[{\"@type\":\"ReadAction\",\"target\":[\"https:\/\/dicodusport.fr\/blog\/tour-des-flandres-feminin-2021-annemiek-van-vleuten-s-impose-en-solitaire\/\"]}]},{\"@type\":\"ImageObject\",\"inLanguage\":\"fr-FR\",\"@id\":\"https:\/\/dicodusport.fr\/blog\/tour-des-flandres-feminin-2021-annemiek-van-vleuten-s-impose-en-solitaire\/#primaryimage\",\"url\":\"https:\/\/dicodusport.fr\/blog\/wp-content\/uploads\/2021\/04\/Tour-des-Flandres-feminin-2021-\u2013-Annemiek-van-Vleuten-simpose-en-solitaire.png\",\"contentUrl\":\"https:\/\/dicodusport.fr\/blog\/wp-content\/uploads\/2021\/04\/Tour-des-Flandres-feminin-2021-\u2013-Annemiek-van-Vleuten-simpose-en-solitaire.png\",\"width\":800,\"height\":445,\"caption\":\"Annemiek van Vleuten - Photo Icon Sport\"},{\"@type\":\"BreadcrumbList\",\"@id\":\"https:\/\/dicodusport.fr\/blog\/tour-des-flandres-feminin-2021-annemiek-van-vleuten-s-impose-en-solitaire\/#breadcrumb\",\"itemListElement\":[{\"@type\":\"ListItem\",\"position\":1,\"name\":\"Accueil\",\"item\":\"https:\/\/dicodusport.fr\/blog\/\"},{\"@type\":\"ListItem\",\"position\":2,\"name\":\"Tour des Flandres f\u00e9minin 2021 : Annemiek van Vleuten s&rsquo;impose en solitaire\"}]},{\"@type\":\"WebSite\",\"@id\":\"https:\/\/dicodusport.fr\/blog\/#website\",\"url\":\"https:\/\/dicodusport.fr\/blog\/\",\"name\":\"Dicodusport\",\"description\":\"L&#039;encyclop\u00e9die de l&#039;actualit\u00e9 sportive\",\"publisher\":{\"@id\":\"https:\/\/dicodusport.fr\/blog\/#organization\"},\"potentialAction\":[{\"@type\":\"SearchAction\",\"target\":{\"@type\":\"EntryPoint\",\"urlTemplate\":\"https:\/\/dicodusport.fr\/blog\/?s={search_term_string}\"},\"query-input\":{\"@type\":\"PropertyValueSpecification\",\"valueRequired\":true,\"valueName\":\"search_term_string\"}}],\"inLanguage\":\"fr-FR\"},{\"@type\":\"NewsMediaOrganization\",\"@id\":\"https:\/\/dicodusport.fr\/blog\/#organization\",\"name\":\"Dicodusport\",\"url\":\"https:\/\/dicodusport.fr\/blog\/\",\"logo\":{\"@type\":\"ImageObject\",\"inLanguage\":\"fr-FR\",\"@id\":\"https:\/\/dicodusport.fr\/blog\/#\/schema\/logo\/image\/\",\"url\":\"https:\/\/dicodusport.fr\/blog\/wp-content\/uploads\/2020\/06\/cropped-LOGO-DICODUSPORT-2020-SANS-FOND-SANS-TEXTE.png\",\"contentUrl\":\"https:\/\/dicodusport.fr\/blog\/wp-content\/uploads\/2020\/06\/cropped-LOGO-DICODUSPORT-2020-SANS-FOND-SANS-TEXTE.png\",\"width\":512,\"height\":512,\"caption\":\"Dicodusport\"},\"image\":{\"@id\":\"https:\/\/dicodusport.fr\/blog\/#\/schema\/logo\/image\/\"},\"sameAs\":[\"https:\/\/www.facebook.com\/dicodusport\",\"https:\/\/x.com\/dicodusport\",\"https:\/\/www.instagram.com\/dicodusport\/\",\"https:\/\/www.youtube.com\/channel\/UC7V2KZ5sd3htJivAbA4ZG3w\"],\"description\":\"Dicodusport est l'encyclop\u00e9die de l'actualit\u00e9 sportive.\",\"email\":\"bonjour@dicodusport.fr\",\"legalName\":\"DICODUSPORT\",\"foundingDate\":\"2018-01-14\",\"vatID\":\"FR71834470973\",\"taxID\":\"83447097300043\",\"numberOfEmployees\":{\"@type\":\"QuantitativeValue\",\"minValue\":\"1\",\"maxValue\":\"10\"}},{\"@type\":\"Person\",\"@id\":\"https:\/\/dicodusport.fr\/blog\/#\/schema\/person\/6db4bae06b171592211be385b32876a7\",\"name\":\"Emilien Descampiaux\",\"image\":{\"@type\":\"ImageObject\",\"inLanguage\":\"fr-FR\",\"@id\":\"https:\/\/dicodusport.fr\/blog\/#\/schema\/person\/image\/\",\"url\":\"https:\/\/dicodusport.fr\/blog\/wp-content\/uploads\/2021\/05\/Emilien-Descampiaux-150x150.jpg\",\"contentUrl\":\"https:\/\/dicodusport.fr\/blog\/wp-content\/uploads\/2021\/05\/Emilien-Descampiaux-150x150.jpg\",\"caption\":\"Emilien Descampiaux\"},\"description\":\"Journaliste\/r\u00e9dacteur depuis 2014 - Fan de la classe de Frank Vandenbroucke, je vis cyclisme (et de ses paysages) depuis plus de 20 ans. Je suis tr\u00e8s impliqu\u00e9 sur mes diff\u00e9rents r\u00e9seaux sociaux pour partager ma passion sur le monde et l'Histoire de la bicyclette avec ma voix sur les images en noir et blanc du succ\u00e8s de Rik Van Steenbergen lors du Ronde sur le V\u00e9lodrome de Gand.\",\"sameAs\":[\"https:\/\/www.facebook.com\/groups\/LesRoisDuPeloton\",\"https:\/\/x.com\/https:\/\/twitter.com\/LRoisDuPeloton\"],\"url\":\"https:\/\/dicodusport.fr\/blog\/author\/emiliend\/\"}]}<\/script>\n<!-- \/ Yoast SEO Premium plugin. -->","yoast_head_json":{"title":"Tour des Flandres f\u00e9minin 2021 : Annemiek van Vleuten s'impose en solitaire","description":"Partie seule dans le Paterberg, Annemiek van Vleuten (Movistar) s'est impos\u00e9e en solitaire sur la 18\u00e8me \u00e9dition du Tour des Flandres.","robots":{"index":"index","follow":"follow","max-snippet":"max-snippet:-1","max-image-preview":"max-image-preview:large","max-video-preview":"max-video-preview:-1"},"canonical":"https:\/\/dicodusport.fr\/blog\/tour-des-flandres-feminin-2021-annemiek-van-vleuten-s-impose-en-solitaire\/","og_locale":"fr_FR","og_type":"article","og_title":"Tour des Flandres f\u00e9minin 2021 : Annemiek van Vleuten s'impose en solitaire","og_description":"Partie seule dans le Paterberg, Annemiek van Vleuten (Movistar) s'est impos\u00e9e en solitaire sur la 18\u00e8me \u00e9dition du Tour des Flandres.","og_url":"https:\/\/dicodusport.fr\/blog\/tour-des-flandres-feminin-2021-annemiek-van-vleuten-s-impose-en-solitaire\/","og_site_name":"Dicodusport","article_publisher":"https:\/\/www.facebook.com\/dicodusport","article_author":"https:\/\/www.facebook.com\/groups\/LesRoisDuPeloton","article_published_time":"2021-04-04T16:20:29+00:00","article_modified_time":"2021-04-04T17:17:29+00:00","og_image":[{"width":800,"height":445,"url":"https:\/\/dicodusport.fr\/blog\/wp-content\/uploads\/2021\/04\/Tour-des-Flandres-feminin-2021-\u2013-Annemiek-van-Vleuten-simpose-en-solitaire.png","type":"image\/png"}],"author":"Emilien Descampiaux","twitter_card":"summary_large_image","twitter_title":"Tour des Flandres f\u00e9minin 2021 : Annemiek van Vleuten s'impose en solitaire","twitter_creator":"@https:\/\/twitter.com\/LRoisDuPeloton","twitter_site":"@dicodusport","schema":{"@context":"https:\/\/schema.org","@graph":[{"@type":"NewsArticle","@id":"https:\/\/dicodusport.fr\/blog\/tour-des-flandres-feminin-2021-annemiek-van-vleuten-s-impose-en-solitaire\/#article","isPartOf":{"@id":"https:\/\/dicodusport.fr\/blog\/tour-des-flandres-feminin-2021-annemiek-van-vleuten-s-impose-en-solitaire\/"},"author":{"name":"Emilien Descampiaux","@id":"https:\/\/dicodusport.fr\/blog\/#\/schema\/person\/6db4bae06b171592211be385b32876a7"},"headline":"Tour des Flandres f\u00e9minin 2021 : Annemiek van Vleuten s&rsquo;impose en solitaire","datePublished":"2021-04-04T16:20:29+00:00","dateModified":"2021-04-04T17:17:29+00:00","mainEntityOfPage":{"@id":"https:\/\/dicodusport.fr\/blog\/tour-des-flandres-feminin-2021-annemiek-van-vleuten-s-impose-en-solitaire\/"},"wordCount":440,"commentCount":0,"publisher":{"@id":"https:\/\/dicodusport.fr\/blog\/#organization"},"image":{"@id":"https:\/\/dicodusport.fr\/blog\/tour-des-flandres-feminin-2021-annemiek-van-vleuten-s-impose-en-solitaire\/#primaryimage"},"thumbnailUrl":"https:\/\/dicodusport.fr\/blog\/wp-content\/uploads\/2021\/04\/Tour-des-Flandres-feminin-2021-\u2013-Annemiek-van-Vleuten-simpose-en-solitaire.png","keywords":["cyclisme f\u00e9minin","Tour des Flandres femmes"],"articleSection":["Cyclisme"],"inLanguage":"fr-FR","potentialAction":[{"@type":"CommentAction","name":"Comment","target":["https:\/\/dicodusport.fr\/blog\/tour-des-flandres-feminin-2021-annemiek-van-vleuten-s-impose-en-solitaire\/#respond"]}],"copyrightYear":"2021","copyrightHolder":{"@id":"https:\/\/dicodusport.fr\/blog\/#organization"}},{"@type":"WebPage","@id":"https:\/\/dicodusport.fr\/blog\/tour-des-flandres-feminin-2021-annemiek-van-vleuten-s-impose-en-solitaire\/","url":"https:\/\/dicodusport.fr\/blog\/tour-des-flandres-feminin-2021-annemiek-van-vleuten-s-impose-en-solitaire\/","name":"Tour des Flandres f\u00e9minin 2021 : Annemiek van Vleuten s'impose en solitaire","isPartOf":{"@id":"https:\/\/dicodusport.fr\/blog\/#website"},"primaryImageOfPage":{"@id":"https:\/\/dicodusport.fr\/blog\/tour-des-flandres-feminin-2021-annemiek-van-vleuten-s-impose-en-solitaire\/#primaryimage"},"image":{"@id":"https:\/\/dicodusport.fr\/blog\/tour-des-flandres-feminin-2021-annemiek-van-vleuten-s-impose-en-solitaire\/#primaryimage"},"thumbnailUrl":"https:\/\/dicodusport.fr\/blog\/wp-content\/uploads\/2021\/04\/Tour-des-Flandres-feminin-2021-\u2013-Annemiek-van-Vleuten-simpose-en-solitaire.png","datePublished":"2021-04-04T16:20:29+00:00","dateModified":"2021-04-04T17:17:29+00:00","description":"Partie seule dans le Paterberg, Annemiek van Vleuten (Movistar) s'est impos\u00e9e en solitaire sur la 18\u00e8me \u00e9dition du Tour des Flandres.","breadcrumb":{"@id":"https:\/\/dicodusport.fr\/blog\/tour-des-flandres-feminin-2021-annemiek-van-vleuten-s-impose-en-solitaire\/#breadcrumb"},"inLanguage":"fr-FR","potentialAction":[{"@type":"ReadAction","target":["https:\/\/dicodusport.fr\/blog\/tour-des-flandres-feminin-2021-annemiek-van-vleuten-s-impose-en-solitaire\/"]}]},{"@type":"ImageObject","inLanguage":"fr-FR","@id":"https:\/\/dicodusport.fr\/blog\/tour-des-flandres-feminin-2021-annemiek-van-vleuten-s-impose-en-solitaire\/#primaryimage","url":"https:\/\/dicodusport.fr\/blog\/wp-content\/uploads\/2021\/04\/Tour-des-Flandres-feminin-2021-\u2013-Annemiek-van-Vleuten-simpose-en-solitaire.png","contentUrl":"https:\/\/dicodusport.fr\/blog\/wp-content\/uploads\/2021\/04\/Tour-des-Flandres-feminin-2021-\u2013-Annemiek-van-Vleuten-simpose-en-solitaire.png","width":800,"height":445,"caption":"Annemiek van Vleuten - Photo Icon Sport"},{"@type":"BreadcrumbList","@id":"https:\/\/dicodusport.fr\/blog\/tour-des-flandres-feminin-2021-annemiek-van-vleuten-s-impose-en-solitaire\/#breadcrumb","itemListElement":[{"@type":"ListItem","position":1,"name":"Accueil","item":"https:\/\/dicodusport.fr\/blog\/"},{"@type":"ListItem","position":2,"name":"Tour des Flandres f\u00e9minin 2021 : Annemiek van Vleuten s&rsquo;impose en solitaire"}]},{"@type":"WebSite","@id":"https:\/\/dicodusport.fr\/blog\/#website","url":"https:\/\/dicodusport.fr\/blog\/","name":"Dicodusport","description":"L&#039;encyclop\u00e9die de l&#039;actualit\u00e9 sportive","publisher":{"@id":"https:\/\/dicodusport.fr\/blog\/#organization"},"potentialAction":[{"@type":"SearchAction","target":{"@type":"EntryPoint","urlTemplate":"https:\/\/dicodusport.fr\/blog\/?s={search_term_string}"},"query-input":{"@type":"PropertyValueSpecification","valueRequired":true,"valueName":"search_term_string"}}],"inLanguage":"fr-FR"},{"@type":"NewsMediaOrganization","@id":"https:\/\/dicodusport.fr\/blog\/#organization","name":"Dicodusport","url":"https:\/\/dicodusport.fr\/blog\/","logo":{"@type":"ImageObject","inLanguage":"fr-FR","@id":"https:\/\/dicodusport.fr\/blog\/#\/schema\/logo\/image\/","url":"https:\/\/dicodusport.fr\/blog\/wp-content\/uploads\/2020\/06\/cropped-LOGO-DICODUSPORT-2020-SANS-FOND-SANS-TEXTE.png","contentUrl":"https:\/\/dicodusport.fr\/blog\/wp-content\/uploads\/2020\/06\/cropped-LOGO-DICODUSPORT-2020-SANS-FOND-SANS-TEXTE.png","width":512,"height":512,"caption":"Dicodusport"},"image":{"@id":"https:\/\/dicodusport.fr\/blog\/#\/schema\/logo\/image\/"},"sameAs":["https:\/\/www.facebook.com\/dicodusport","https:\/\/x.com\/dicodusport","https:\/\/www.instagram.com\/dicodusport\/","https:\/\/www.youtube.com\/channel\/UC7V2KZ5sd3htJivAbA4ZG3w"],"description":"Dicodusport est l'encyclop\u00e9die de l'actualit\u00e9 sportive.","email":"bonjour@dicodusport.fr","legalName":"DICODUSPORT","foundingDate":"2018-01-14","vatID":"FR71834470973","taxID":"83447097300043","numberOfEmployees":{"@type":"QuantitativeValue","minValue":"1","maxValue":"10"}},{"@type":"Person","@id":"https:\/\/dicodusport.fr\/blog\/#\/schema\/person\/6db4bae06b171592211be385b32876a7","name":"Emilien Descampiaux","image":{"@type":"ImageObject","inLanguage":"fr-FR","@id":"https:\/\/dicodusport.fr\/blog\/#\/schema\/person\/image\/","url":"https:\/\/dicodusport.fr\/blog\/wp-content\/uploads\/2021\/05\/Emilien-Descampiaux-150x150.jpg","contentUrl":"https:\/\/dicodusport.fr\/blog\/wp-content\/uploads\/2021\/05\/Emilien-Descampiaux-150x150.jpg","caption":"Emilien Descampiaux"},"description":"Journaliste\/r\u00e9dacteur depuis 2014 - Fan de la classe de Frank Vandenbroucke, je vis cyclisme (et de ses paysages) depuis plus de 20 ans. Je suis tr\u00e8s impliqu\u00e9 sur mes diff\u00e9rents r\u00e9seaux sociaux pour partager ma passion sur le monde et l'Histoire de la bicyclette avec ma voix sur les images en noir et blanc du succ\u00e8s de Rik Van Steenbergen lors du Ronde sur le V\u00e9lodrome de Gand.","sameAs":["https:\/\/www.facebook.com\/groups\/LesRoisDuPeloton","https:\/\/x.com\/https:\/\/twitter.com\/LRoisDuPeloton"],"url":"https:\/\/dicodusport.fr\/blog\/author\/emiliend\/"}]}},"_links":{"self":[{"href":"https:\/\/dicodusport.fr\/blog\/wp-json\/wp\/v2\/posts\/118659","targetHints":{"allow":["GET"]}}],"collection":[{"href":"https:\/\/dicodusport.fr\/blog\/wp-json\/wp\/v2\/posts"}],"about":[{"href":"https:\/\/dicodusport.fr\/blog\/wp-json\/wp\/v2\/types\/post"}],"author":[{"embeddable":true,"href":"https:\/\/dicodusport.fr\/blog\/wp-json\/wp\/v2\/users\/48"}],"replies":[{"embeddable":true,"href":"https:\/\/dicodusport.fr\/blog\/wp-json\/wp\/v2\/comments?post=118659"}],"version-history":[{"count":0,"href":"https:\/\/dicodusport.fr\/blog\/wp-json\/wp\/v2\/posts\/118659\/revisions"}],"wp:featuredmedia":[{"embeddable":true,"href":"https:\/\/dicodusport.fr\/blog\/wp-json\/wp\/v2\/media\/118713"}],"wp:attachment":[{"href":"https:\/\/dicodusport.fr\/blog\/wp-json\/wp\/v2\/media?parent=118659"}],"wp:term":[{"taxonomy":"category","embeddable":true,"href":"https:\/\/dicodusport.fr\/blog\/wp-json\/wp\/v2\/categories?post=118659"},{"taxonomy":"post_tag","embeddable":true,"href":"https:\/\/dicodusport.fr\/blog\/wp-json\/wp\/v2\/tags?post=118659"}],"curies":[{"name":"wp","href":"https:\/\/api.w.org\/{rel}","templated":true}]}}