{"id":118827,"date":"2021-04-05T12:47:15","date_gmt":"2021-04-05T10:47:15","guid":{"rendered":"https:\/\/dicodusport.fr\/blog\/?p=118827&#038;preview=true&#038;preview_id=118827"},"modified":"2021-04-05T14:12:02","modified_gmt":"2021-04-05T12:12:02","slug":"tour-des-flandres-mathieu-van-der-poel-et-wout-van-aert-trop-seuls-trop-tot","status":"publish","type":"post","link":"https:\/\/dicodusport.fr\/blog\/tour-des-flandres-mathieu-van-der-poel-et-wout-van-aert-trop-seuls-trop-tot\/","title":{"rendered":"Tour des Flandres : Mathieu van der Poel et Wout Van Aert, trop seuls trop t\u00f4t"},"content":{"rendered":"<p style=\"text-align: justify;\"><strong><em>TOUR DES FLANDRES &#8211; Kasper Asgreen n&rsquo;\u00e9tait peut-\u00eatre pas plus fort que Mathieu van der Poel et Wout Van Aert ce dimanche, <a href=\"https:\/\/dicodusport.fr\/blog\/tour-des-flandres-2021-kasper-asgreen-s-impose-en-dominant-mathieu-van-der-poel\/\" target=\"_blank\" rel=\"noopener\">sur son Ronde victorieux<\/a>. Mais le Danois a pu compter sur une \u00e9quipe bien plus solide que ses deux adversaires. <\/em><\/strong><\/p>\n<p style=\"text-align: justify;\">L&rsquo;id\u00e9e n&rsquo;est pas de minimiser la performance de <strong>Kasper Asgreen<\/strong>, qui a r\u00e9alis\u00e9 une course magnifique. Mais plut\u00f4t de constater que <strong>Mathieu van der Poel<\/strong> et <strong>Wout Van Aert<\/strong> ont \u00e9t\u00e9 seuls tr\u00e8s t\u00f4t dans la course, alors que le Danois a pu compter sur <strong>Julian Alaphilippe<\/strong> et <strong>Florian S\u00e9n\u00e9chal<\/strong>, jusqu&rsquo;\u00e0 tr\u00e8s tard dans la course. L&rsquo;\u00e9quipe Deceuninck &#8211; Quick-Step a r\u00e9ussi son\u00a0 travail de sape avec une tactique bien claire, d\u00e8s que la course a r\u00e9ellement d\u00e9marr\u00e9 : toujours mettre un coureur devant.<\/p>\n<p style=\"text-align: justify;\">Apr\u00e8s le Paterberg, <strong>Florian Senechal<\/strong> est devant et oblige <strong>Mathieu van der Poel<\/strong> \u00e0 de gros efforts. Le N\u00e9erlandais dispose d&rsquo;un co\u00e9quipier, <strong>Gianni Vermeersch<\/strong>, mais qui ne roule pas pour MVDP. Puis c&rsquo;est <strong>Julian Alaphilippe<\/strong> qui prend les devants dans le Koppenberg, et une nouvelle fois, van der Poel doit s&#8217;employer. Pour <strong>Wout Van Aert<\/strong>, c&rsquo;est la m\u00eame chose. Le Belge n&rsquo;a pas pu m\u00e9nager ses efforts et a toujours d\u00fb travailler dur, puisqu&rsquo;il n&rsquo;a jamais eu de co\u00e9quipiers avec lui ou dans un coup devant.<\/p>\n<h2 style=\"text-align: justify;\">Avec en plus la pancarte de grands favoris<\/h2>\n<p style=\"text-align: justify;\">Les deux champions de cyclo-cross, en plus d&rsquo;avoir \u00e9t\u00e9 vite esseul\u00e9s, ont une \u00e9tiquette de grandissimes favoris sur le front. Et d\u00e8s qu&rsquo;un coup partait devant, les autres coureurs attendaient qu&rsquo;ils fassent le travail pour revenir. Ce qu&rsquo;il manque \u00e0 <strong>Wout Van Aert<\/strong> dans le Vieux-Quarmont puis \u00e0 <strong>Mathieu van der Poel<\/strong> dans le sprint, c&rsquo;est la fra\u00eecheur qu&rsquo;\u00e0 pu conserver le Danois \u00e0 certains moments de la course, gr\u00e2ce \u00e0 une \u00e9quipe plus forte.<\/p>\n<blockquote class=\"twitter-tweet\">\n<p dir=\"ltr\" lang=\"fr\">&#x1f1e7;&#x1f1ea;&#x1f635; QUEL FINISH ! Van der Poel abdique dans le sprint final et Asgreen en sort vainqueur, pas de doubl\u00e9 pour le N\u00e9erlandais <a href=\"https:\/\/twitter.com\/hashtag\/RVV21?src=hash&amp;ref_src=twsrc%5Etfw\">#RVV21<\/a> <a href=\"https:\/\/t.co\/XkQVkPUppJ\">pic.twitter.com\/XkQVkPUppJ<\/a><\/p>\n<p>\u2014 Eurosport France (@Eurosport_FR) <a href=\"https:\/\/twitter.com\/Eurosport_FR\/status\/1378715036353445897?ref_src=twsrc%5Etfw\">April 4, 2021<\/a><\/p><\/blockquote>\n<p><script async src=\"https:\/\/platform.twitter.com\/widgets.js\" charset=\"utf-8\"><\/script><\/p>\n<p style=\"text-align: justify;\">Cependant, il faut tout de m\u00eame souligner qu&rsquo;il y a une part de malchance pour Alpecin-Fenix, plus que de d\u00e9faillance. Plusieurs coureurs sont tomb\u00e9s et n&rsquo;ont pas pu peser sur la course au moment des grandes man\u0153uvres. <strong>Silvan Dillier<\/strong> est all\u00e9 au sol, alors que <strong>Gianni Vermeersch<\/strong>, cit\u00e9 plus haut, termine plac\u00e9 mais n&rsquo;a jamais pu peser sur les \u00e9v\u00e9nements. <strong>Wout Van Aert<\/strong> avait pu compter sur un Nathan Van Hooydonck de gala sur Gand-Wevelgem, mais le Belge n&rsquo;\u00e9tait pas \u00e0 pareille f\u00eate dimanche.<\/p>\n<p style=\"text-align: justify;\">Avec trois coureurs dans les 17 premiers, plus un champion du monde qui a jou\u00e9 l&rsquo;\u00e9quipier de luxe, la Deceuninck &#8211; Quick-Step a utilis\u00e9 un collectif tr\u00e8s fort pour faire tomber les deux favoris, qui semblaient pourtant presque imbattables, \u00e0 l&rsquo;image de l&rsquo;\u00e9dition 2020. La force du Wolfpack a encore frapp\u00e9. Tant mieux pour le spectacle.<\/p>\n<ul>\n<li style=\"text-align: justify;\"><strong>\u00c0 lire aussi &#8211; <a href=\"https:\/\/dicodusport.fr\/blog\/tour-des-flandres-2021-classement-course-hommes\/\" target=\"_blank\" rel=\"noopener\">Le classement du Tour des Flandres 2021<\/a><\/strong><\/li>\n<\/ul>\n<p style=\"text-align: justify;\"><strong><em>Dicodusport<br \/>\n<a href=\"https:\/\/www.facebook.com\/dicodusport\/\" target=\"_blank\" rel=\"noopener noreferrer\"><img loading=\"lazy\" decoding=\"async\" class=\"alignnone wp-image-2909\" src=\"http:\/\/dicodusport.fr\/blog\/wp-content\/uploads\/2017\/07\/logo-facebook-150x150.png\" alt=\"\" width=\"40\" height=\"40\" \/><\/a><a href=\"https:\/\/twitter.com\/dicodusport\" target=\"_blank\" rel=\"noopener noreferrer\"><img loading=\"lazy\" decoding=\"async\" class=\"alignnone wp-image-2908\" src=\"http:\/\/dicodusport.fr\/blog\/wp-content\/uploads\/2017\/07\/logo-twitter-150x150.png\" alt=\"\" width=\"39\" height=\"39\" \/><\/a><\/em><\/strong><\/p>\n","protected":false},"excerpt":{"rendered":"<p>TOUR DES FLANDRES &#8211; Kasper Asgreen n&rsquo;\u00e9tait peut-\u00eatre pas plus fort que Mathieu van der Poel et Wout Van Aert ce dimanche sur son Ronde victorieux. Mais le Danois a pu compter sur une \u00e9quipe bien plus solide que ses deux adversaires.<\/p>\n","protected":false},"author":1,"featured_media":118848,"comment_status":"open","ping_status":"closed","sticky":false,"template":"","format":"standard","meta":{"_acf_changed":false,"_daextam_enable_autolinks":"","footnotes":""},"categories":[2307],"tags":[6597,24,4325,8091],"class_list":["post-118827","post","type-post","status-publish","format-standard","has-post-thumbnail","hentry","category-cyclisme","tag-mathieu-van-der-poel","tag-sport","tag-tour-des-flandres","tag-wout-van-aert"],"acf":[],"yoast_head":"<!-- This site is optimized with the Yoast SEO Premium plugin v26.7 (Yoast SEO v26.7) - https:\/\/yoast.com\/wordpress\/plugins\/seo\/ -->\n<title>Tour des Flandres : Mathieu van der Poel et Wout Van Aert, trop seuls trop t\u00f4t<\/title>\n<meta name=\"description\" content=\"TOUR DES FLANDRES - Kasper Asgreen n&#039;\u00e9tait peut-\u00eatre pas plus fort que Mathieu van der Poel et Wout Van Aert ce dimanche sur son Ronde victorieux. Mais le Danois a pu compter sur une \u00e9quipe bien plus solide que ses deux adversaires.\" \/>\n<meta name=\"robots\" content=\"index, follow, max-snippet:-1, max-image-preview:large, max-video-preview:-1\" \/>\n<link rel=\"canonical\" href=\"https:\/\/dicodusport.fr\/blog\/tour-des-flandres-mathieu-van-der-poel-et-wout-van-aert-trop-seuls-trop-tot\/\" \/>\n<meta property=\"og:locale\" content=\"fr_FR\" \/>\n<meta property=\"og:type\" content=\"article\" \/>\n<meta property=\"og:title\" content=\"Tour des Flandres : Mathieu van der Poel et Wout Van Aert, trop seuls trop t\u00f4t\" \/>\n<meta property=\"og:description\" content=\"TOUR DES FLANDRES - Kasper Asgreen n&#039;\u00e9tait peut-\u00eatre pas plus fort que Mathieu van der Poel et Wout Van Aert ce dimanche sur son Ronde victorieux. Mais le Danois a pu compter sur une \u00e9quipe bien plus solide que ses deux adversaires.\" \/>\n<meta property=\"og:url\" content=\"https:\/\/dicodusport.fr\/blog\/tour-des-flandres-mathieu-van-der-poel-et-wout-van-aert-trop-seuls-trop-tot\/\" \/>\n<meta property=\"og:site_name\" content=\"Dicodusport\" \/>\n<meta property=\"article:publisher\" content=\"https:\/\/www.facebook.com\/dicodusport\" \/>\n<meta property=\"article:author\" content=\"https:\/\/www.facebook.com\/dicodusport\" \/>\n<meta property=\"article:published_time\" content=\"2021-04-05T10:47:15+00:00\" \/>\n<meta property=\"article:modified_time\" content=\"2021-04-05T12:12:02+00:00\" \/>\n<meta property=\"og:image\" content=\"https:\/\/dicodusport.fr\/blog\/wp-content\/uploads\/2021\/04\/Tour-des-Flandres-Mathieu-van-der-Poel-et-Wout-Van-Aert-trop-seuls-trop-tot.png\" \/>\n\t<meta property=\"og:image:width\" content=\"800\" \/>\n\t<meta property=\"og:image:height\" content=\"445\" \/>\n\t<meta property=\"og:image:type\" content=\"image\/png\" \/>\n<meta name=\"author\" content=\"Nicolas Jacquemard\" \/>\n<meta name=\"twitter:card\" content=\"summary_large_image\" \/>\n<meta name=\"twitter:title\" content=\"Tour des Flandres : Mathieu van der Poel et Wout Van Aert, trop seuls trop t\u00f4t\" \/>\n<meta name=\"twitter:creator\" content=\"@https:\/\/twitter.com\/Nico_Jacquemard\" \/>\n<meta name=\"twitter:site\" content=\"@dicodusport\" \/>\n<script type=\"application\/ld+json\" class=\"yoast-schema-graph\">{\"@context\":\"https:\/\/schema.org\",\"@graph\":[{\"@type\":\"NewsArticle\",\"@id\":\"https:\/\/dicodusport.fr\/blog\/tour-des-flandres-mathieu-van-der-poel-et-wout-van-aert-trop-seuls-trop-tot\/#article\",\"isPartOf\":{\"@id\":\"https:\/\/dicodusport.fr\/blog\/tour-des-flandres-mathieu-van-der-poel-et-wout-van-aert-trop-seuls-trop-tot\/\"},\"author\":{\"name\":\"Nicolas Jacquemard\",\"@id\":\"https:\/\/dicodusport.fr\/blog\/#\/schema\/person\/55dcb50ad410894e431ed812bbb70191\"},\"headline\":\"Tour des Flandres : Mathieu van der Poel et Wout Van Aert, trop seuls trop t\u00f4t\",\"datePublished\":\"2021-04-05T10:47:15+00:00\",\"dateModified\":\"2021-04-05T12:12:02+00:00\",\"mainEntityOfPage\":{\"@id\":\"https:\/\/dicodusport.fr\/blog\/tour-des-flandres-mathieu-van-der-poel-et-wout-van-aert-trop-seuls-trop-tot\/\"},\"wordCount\":544,\"commentCount\":0,\"publisher\":{\"@id\":\"https:\/\/dicodusport.fr\/blog\/#organization\"},\"image\":{\"@id\":\"https:\/\/dicodusport.fr\/blog\/tour-des-flandres-mathieu-van-der-poel-et-wout-van-aert-trop-seuls-trop-tot\/#primaryimage\"},\"thumbnailUrl\":\"https:\/\/dicodusport.fr\/blog\/wp-content\/uploads\/2021\/04\/Tour-des-Flandres-Mathieu-van-der-Poel-et-Wout-Van-Aert-trop-seuls-trop-tot.png\",\"keywords\":[\"Mathieu van der Poel\",\"sport\",\"Tour des Flandres\",\"Wout Van Aert\"],\"articleSection\":[\"Cyclisme\"],\"inLanguage\":\"fr-FR\",\"potentialAction\":[{\"@type\":\"CommentAction\",\"name\":\"Comment\",\"target\":[\"https:\/\/dicodusport.fr\/blog\/tour-des-flandres-mathieu-van-der-poel-et-wout-van-aert-trop-seuls-trop-tot\/#respond\"]}],\"copyrightYear\":\"2021\",\"copyrightHolder\":{\"@id\":\"https:\/\/dicodusport.fr\/blog\/#organization\"}},{\"@type\":\"WebPage\",\"@id\":\"https:\/\/dicodusport.fr\/blog\/tour-des-flandres-mathieu-van-der-poel-et-wout-van-aert-trop-seuls-trop-tot\/\",\"url\":\"https:\/\/dicodusport.fr\/blog\/tour-des-flandres-mathieu-van-der-poel-et-wout-van-aert-trop-seuls-trop-tot\/\",\"name\":\"Tour des Flandres : Mathieu van der Poel et Wout Van Aert, trop seuls trop t\u00f4t\",\"isPartOf\":{\"@id\":\"https:\/\/dicodusport.fr\/blog\/#website\"},\"primaryImageOfPage\":{\"@id\":\"https:\/\/dicodusport.fr\/blog\/tour-des-flandres-mathieu-van-der-poel-et-wout-van-aert-trop-seuls-trop-tot\/#primaryimage\"},\"image\":{\"@id\":\"https:\/\/dicodusport.fr\/blog\/tour-des-flandres-mathieu-van-der-poel-et-wout-van-aert-trop-seuls-trop-tot\/#primaryimage\"},\"thumbnailUrl\":\"https:\/\/dicodusport.fr\/blog\/wp-content\/uploads\/2021\/04\/Tour-des-Flandres-Mathieu-van-der-Poel-et-Wout-Van-Aert-trop-seuls-trop-tot.png\",\"datePublished\":\"2021-04-05T10:47:15+00:00\",\"dateModified\":\"2021-04-05T12:12:02+00:00\",\"description\":\"TOUR DES FLANDRES - Kasper Asgreen n'\u00e9tait peut-\u00eatre pas plus fort que Mathieu van der Poel et Wout Van Aert ce dimanche sur son Ronde victorieux. Mais le Danois a pu compter sur une \u00e9quipe bien plus solide que ses deux adversaires.\",\"breadcrumb\":{\"@id\":\"https:\/\/dicodusport.fr\/blog\/tour-des-flandres-mathieu-van-der-poel-et-wout-van-aert-trop-seuls-trop-tot\/#breadcrumb\"},\"inLanguage\":\"fr-FR\",\"potentialAction\":[{\"@type\":\"ReadAction\",\"target\":[\"https:\/\/dicodusport.fr\/blog\/tour-des-flandres-mathieu-van-der-poel-et-wout-van-aert-trop-seuls-trop-tot\/\"]}]},{\"@type\":\"ImageObject\",\"inLanguage\":\"fr-FR\",\"@id\":\"https:\/\/dicodusport.fr\/blog\/tour-des-flandres-mathieu-van-der-poel-et-wout-van-aert-trop-seuls-trop-tot\/#primaryimage\",\"url\":\"https:\/\/dicodusport.fr\/blog\/wp-content\/uploads\/2021\/04\/Tour-des-Flandres-Mathieu-van-der-Poel-et-Wout-Van-Aert-trop-seuls-trop-tot.png\",\"contentUrl\":\"https:\/\/dicodusport.fr\/blog\/wp-content\/uploads\/2021\/04\/Tour-des-Flandres-Mathieu-van-der-Poel-et-Wout-Van-Aert-trop-seuls-trop-tot.png\",\"width\":800,\"height\":445,\"caption\":\"Tour des Flandres - Mathieu van der Poel et Wout Van Aert, trop seuls trop t\u00f4t\"},{\"@type\":\"BreadcrumbList\",\"@id\":\"https:\/\/dicodusport.fr\/blog\/tour-des-flandres-mathieu-van-der-poel-et-wout-van-aert-trop-seuls-trop-tot\/#breadcrumb\",\"itemListElement\":[{\"@type\":\"ListItem\",\"position\":1,\"name\":\"Accueil\",\"item\":\"https:\/\/dicodusport.fr\/blog\/\"},{\"@type\":\"ListItem\",\"position\":2,\"name\":\"Tour des Flandres : Mathieu van der Poel et Wout Van Aert, trop seuls trop t\u00f4t\"}]},{\"@type\":\"WebSite\",\"@id\":\"https:\/\/dicodusport.fr\/blog\/#website\",\"url\":\"https:\/\/dicodusport.fr\/blog\/\",\"name\":\"Dicodusport\",\"description\":\"L&#039;encyclop\u00e9die de l&#039;actualit\u00e9 sportive\",\"publisher\":{\"@id\":\"https:\/\/dicodusport.fr\/blog\/#organization\"},\"potentialAction\":[{\"@type\":\"SearchAction\",\"target\":{\"@type\":\"EntryPoint\",\"urlTemplate\":\"https:\/\/dicodusport.fr\/blog\/?s={search_term_string}\"},\"query-input\":{\"@type\":\"PropertyValueSpecification\",\"valueRequired\":true,\"valueName\":\"search_term_string\"}}],\"inLanguage\":\"fr-FR\"},{\"@type\":\"NewsMediaOrganization\",\"@id\":\"https:\/\/dicodusport.fr\/blog\/#organization\",\"name\":\"Dicodusport\",\"url\":\"https:\/\/dicodusport.fr\/blog\/\",\"logo\":{\"@type\":\"ImageObject\",\"inLanguage\":\"fr-FR\",\"@id\":\"https:\/\/dicodusport.fr\/blog\/#\/schema\/logo\/image\/\",\"url\":\"https:\/\/dicodusport.fr\/blog\/wp-content\/uploads\/2020\/06\/cropped-LOGO-DICODUSPORT-2020-SANS-FOND-SANS-TEXTE.png\",\"contentUrl\":\"https:\/\/dicodusport.fr\/blog\/wp-content\/uploads\/2020\/06\/cropped-LOGO-DICODUSPORT-2020-SANS-FOND-SANS-TEXTE.png\",\"width\":512,\"height\":512,\"caption\":\"Dicodusport\"},\"image\":{\"@id\":\"https:\/\/dicodusport.fr\/blog\/#\/schema\/logo\/image\/\"},\"sameAs\":[\"https:\/\/www.facebook.com\/dicodusport\",\"https:\/\/x.com\/dicodusport\",\"https:\/\/www.instagram.com\/dicodusport\/\",\"https:\/\/www.youtube.com\/channel\/UC7V2KZ5sd3htJivAbA4ZG3w\"],\"description\":\"Dicodusport est l'encyclop\u00e9die de l'actualit\u00e9 sportive.\",\"email\":\"bonjour@dicodusport.fr\",\"legalName\":\"DICODUSPORT\",\"foundingDate\":\"2018-01-14\",\"vatID\":\"FR71834470973\",\"taxID\":\"83447097300043\",\"numberOfEmployees\":{\"@type\":\"QuantitativeValue\",\"minValue\":\"1\",\"maxValue\":\"10\"}},{\"@type\":\"Person\",\"@id\":\"https:\/\/dicodusport.fr\/blog\/#\/schema\/person\/55dcb50ad410894e431ed812bbb70191\",\"name\":\"Nicolas Jacquemard\",\"image\":{\"@type\":\"ImageObject\",\"inLanguage\":\"fr-FR\",\"@id\":\"https:\/\/dicodusport.fr\/blog\/#\/schema\/person\/image\/\",\"url\":\"https:\/\/dicodusport.fr\/blog\/wp-content\/uploads\/2021\/05\/Nicolas-Jacquemard-150x150.jpeg\",\"contentUrl\":\"https:\/\/dicodusport.fr\/blog\/wp-content\/uploads\/2021\/05\/Nicolas-Jacquemard-150x150.jpeg\",\"caption\":\"Nicolas Jacquemard\"},\"description\":\"Passionn\u00e9 de sport et entrepreneur depuis mes 18 ans, la cr\u00e9ation de Dicodusport m'a sembl\u00e9 \u00e9vidente pour participer \u00e0 la m\u00e9diatisation d'un plus grand nombre de sports. Le chemin est long mais avec une \u00e9quipe des plus motiv\u00e9es et les Jeux Olympiques de Paris 2024 en point de mire, nous y arriverons ! Journaliste dans le monde du sport depuis plus de 5 ans, je traite aussi bien de football, de rugby, de biathlon que de cyclisme.\",\"sameAs\":[\"https:\/\/www.facebook.com\/dicodusport\",\"https:\/\/x.com\/https:\/\/twitter.com\/Nico_Jacquemard\"],\"url\":\"https:\/\/dicodusport.fr\/blog\/author\/dicodusport\/\"}]}<\/script>\n<!-- \/ Yoast SEO Premium plugin. -->","yoast_head_json":{"title":"Tour des Flandres : Mathieu van der Poel et Wout Van Aert, trop seuls trop t\u00f4t","description":"TOUR DES FLANDRES - Kasper Asgreen n'\u00e9tait peut-\u00eatre pas plus fort que Mathieu van der Poel et Wout Van Aert ce dimanche sur son Ronde victorieux. Mais le Danois a pu compter sur une \u00e9quipe bien plus solide que ses deux adversaires.","robots":{"index":"index","follow":"follow","max-snippet":"max-snippet:-1","max-image-preview":"max-image-preview:large","max-video-preview":"max-video-preview:-1"},"canonical":"https:\/\/dicodusport.fr\/blog\/tour-des-flandres-mathieu-van-der-poel-et-wout-van-aert-trop-seuls-trop-tot\/","og_locale":"fr_FR","og_type":"article","og_title":"Tour des Flandres : Mathieu van der Poel et Wout Van Aert, trop seuls trop t\u00f4t","og_description":"TOUR DES FLANDRES - Kasper Asgreen n'\u00e9tait peut-\u00eatre pas plus fort que Mathieu van der Poel et Wout Van Aert ce dimanche sur son Ronde victorieux. Mais le Danois a pu compter sur une \u00e9quipe bien plus solide que ses deux adversaires.","og_url":"https:\/\/dicodusport.fr\/blog\/tour-des-flandres-mathieu-van-der-poel-et-wout-van-aert-trop-seuls-trop-tot\/","og_site_name":"Dicodusport","article_publisher":"https:\/\/www.facebook.com\/dicodusport","article_author":"https:\/\/www.facebook.com\/dicodusport","article_published_time":"2021-04-05T10:47:15+00:00","article_modified_time":"2021-04-05T12:12:02+00:00","og_image":[{"width":800,"height":445,"url":"https:\/\/dicodusport.fr\/blog\/wp-content\/uploads\/2021\/04\/Tour-des-Flandres-Mathieu-van-der-Poel-et-Wout-Van-Aert-trop-seuls-trop-tot.png","type":"image\/png"}],"author":"Nicolas Jacquemard","twitter_card":"summary_large_image","twitter_title":"Tour des Flandres : Mathieu van der Poel et Wout Van Aert, trop seuls trop t\u00f4t","twitter_creator":"@https:\/\/twitter.com\/Nico_Jacquemard","twitter_site":"@dicodusport","schema":{"@context":"https:\/\/schema.org","@graph":[{"@type":"NewsArticle","@id":"https:\/\/dicodusport.fr\/blog\/tour-des-flandres-mathieu-van-der-poel-et-wout-van-aert-trop-seuls-trop-tot\/#article","isPartOf":{"@id":"https:\/\/dicodusport.fr\/blog\/tour-des-flandres-mathieu-van-der-poel-et-wout-van-aert-trop-seuls-trop-tot\/"},"author":{"name":"Nicolas Jacquemard","@id":"https:\/\/dicodusport.fr\/blog\/#\/schema\/person\/55dcb50ad410894e431ed812bbb70191"},"headline":"Tour des Flandres : Mathieu van der Poel et Wout Van Aert, trop seuls trop t\u00f4t","datePublished":"2021-04-05T10:47:15+00:00","dateModified":"2021-04-05T12:12:02+00:00","mainEntityOfPage":{"@id":"https:\/\/dicodusport.fr\/blog\/tour-des-flandres-mathieu-van-der-poel-et-wout-van-aert-trop-seuls-trop-tot\/"},"wordCount":544,"commentCount":0,"publisher":{"@id":"https:\/\/dicodusport.fr\/blog\/#organization"},"image":{"@id":"https:\/\/dicodusport.fr\/blog\/tour-des-flandres-mathieu-van-der-poel-et-wout-van-aert-trop-seuls-trop-tot\/#primaryimage"},"thumbnailUrl":"https:\/\/dicodusport.fr\/blog\/wp-content\/uploads\/2021\/04\/Tour-des-Flandres-Mathieu-van-der-Poel-et-Wout-Van-Aert-trop-seuls-trop-tot.png","keywords":["Mathieu van der Poel","sport","Tour des Flandres","Wout Van Aert"],"articleSection":["Cyclisme"],"inLanguage":"fr-FR","potentialAction":[{"@type":"CommentAction","name":"Comment","target":["https:\/\/dicodusport.fr\/blog\/tour-des-flandres-mathieu-van-der-poel-et-wout-van-aert-trop-seuls-trop-tot\/#respond"]}],"copyrightYear":"2021","copyrightHolder":{"@id":"https:\/\/dicodusport.fr\/blog\/#organization"}},{"@type":"WebPage","@id":"https:\/\/dicodusport.fr\/blog\/tour-des-flandres-mathieu-van-der-poel-et-wout-van-aert-trop-seuls-trop-tot\/","url":"https:\/\/dicodusport.fr\/blog\/tour-des-flandres-mathieu-van-der-poel-et-wout-van-aert-trop-seuls-trop-tot\/","name":"Tour des Flandres : Mathieu van der Poel et Wout Van Aert, trop seuls trop t\u00f4t","isPartOf":{"@id":"https:\/\/dicodusport.fr\/blog\/#website"},"primaryImageOfPage":{"@id":"https:\/\/dicodusport.fr\/blog\/tour-des-flandres-mathieu-van-der-poel-et-wout-van-aert-trop-seuls-trop-tot\/#primaryimage"},"image":{"@id":"https:\/\/dicodusport.fr\/blog\/tour-des-flandres-mathieu-van-der-poel-et-wout-van-aert-trop-seuls-trop-tot\/#primaryimage"},"thumbnailUrl":"https:\/\/dicodusport.fr\/blog\/wp-content\/uploads\/2021\/04\/Tour-des-Flandres-Mathieu-van-der-Poel-et-Wout-Van-Aert-trop-seuls-trop-tot.png","datePublished":"2021-04-05T10:47:15+00:00","dateModified":"2021-04-05T12:12:02+00:00","description":"TOUR DES FLANDRES - Kasper Asgreen n'\u00e9tait peut-\u00eatre pas plus fort que Mathieu van der Poel et Wout Van Aert ce dimanche sur son Ronde victorieux. Mais le Danois a pu compter sur une \u00e9quipe bien plus solide que ses deux adversaires.","breadcrumb":{"@id":"https:\/\/dicodusport.fr\/blog\/tour-des-flandres-mathieu-van-der-poel-et-wout-van-aert-trop-seuls-trop-tot\/#breadcrumb"},"inLanguage":"fr-FR","potentialAction":[{"@type":"ReadAction","target":["https:\/\/dicodusport.fr\/blog\/tour-des-flandres-mathieu-van-der-poel-et-wout-van-aert-trop-seuls-trop-tot\/"]}]},{"@type":"ImageObject","inLanguage":"fr-FR","@id":"https:\/\/dicodusport.fr\/blog\/tour-des-flandres-mathieu-van-der-poel-et-wout-van-aert-trop-seuls-trop-tot\/#primaryimage","url":"https:\/\/dicodusport.fr\/blog\/wp-content\/uploads\/2021\/04\/Tour-des-Flandres-Mathieu-van-der-Poel-et-Wout-Van-Aert-trop-seuls-trop-tot.png","contentUrl":"https:\/\/dicodusport.fr\/blog\/wp-content\/uploads\/2021\/04\/Tour-des-Flandres-Mathieu-van-der-Poel-et-Wout-Van-Aert-trop-seuls-trop-tot.png","width":800,"height":445,"caption":"Tour des Flandres - Mathieu van der Poel et Wout Van Aert, trop seuls trop t\u00f4t"},{"@type":"BreadcrumbList","@id":"https:\/\/dicodusport.fr\/blog\/tour-des-flandres-mathieu-van-der-poel-et-wout-van-aert-trop-seuls-trop-tot\/#breadcrumb","itemListElement":[{"@type":"ListItem","position":1,"name":"Accueil","item":"https:\/\/dicodusport.fr\/blog\/"},{"@type":"ListItem","position":2,"name":"Tour des Flandres : Mathieu van der Poel et Wout Van Aert, trop seuls trop t\u00f4t"}]},{"@type":"WebSite","@id":"https:\/\/dicodusport.fr\/blog\/#website","url":"https:\/\/dicodusport.fr\/blog\/","name":"Dicodusport","description":"L&#039;encyclop\u00e9die de l&#039;actualit\u00e9 sportive","publisher":{"@id":"https:\/\/dicodusport.fr\/blog\/#organization"},"potentialAction":[{"@type":"SearchAction","target":{"@type":"EntryPoint","urlTemplate":"https:\/\/dicodusport.fr\/blog\/?s={search_term_string}"},"query-input":{"@type":"PropertyValueSpecification","valueRequired":true,"valueName":"search_term_string"}}],"inLanguage":"fr-FR"},{"@type":"NewsMediaOrganization","@id":"https:\/\/dicodusport.fr\/blog\/#organization","name":"Dicodusport","url":"https:\/\/dicodusport.fr\/blog\/","logo":{"@type":"ImageObject","inLanguage":"fr-FR","@id":"https:\/\/dicodusport.fr\/blog\/#\/schema\/logo\/image\/","url":"https:\/\/dicodusport.fr\/blog\/wp-content\/uploads\/2020\/06\/cropped-LOGO-DICODUSPORT-2020-SANS-FOND-SANS-TEXTE.png","contentUrl":"https:\/\/dicodusport.fr\/blog\/wp-content\/uploads\/2020\/06\/cropped-LOGO-DICODUSPORT-2020-SANS-FOND-SANS-TEXTE.png","width":512,"height":512,"caption":"Dicodusport"},"image":{"@id":"https:\/\/dicodusport.fr\/blog\/#\/schema\/logo\/image\/"},"sameAs":["https:\/\/www.facebook.com\/dicodusport","https:\/\/x.com\/dicodusport","https:\/\/www.instagram.com\/dicodusport\/","https:\/\/www.youtube.com\/channel\/UC7V2KZ5sd3htJivAbA4ZG3w"],"description":"Dicodusport est l'encyclop\u00e9die de l'actualit\u00e9 sportive.","email":"bonjour@dicodusport.fr","legalName":"DICODUSPORT","foundingDate":"2018-01-14","vatID":"FR71834470973","taxID":"83447097300043","numberOfEmployees":{"@type":"QuantitativeValue","minValue":"1","maxValue":"10"}},{"@type":"Person","@id":"https:\/\/dicodusport.fr\/blog\/#\/schema\/person\/55dcb50ad410894e431ed812bbb70191","name":"Nicolas Jacquemard","image":{"@type":"ImageObject","inLanguage":"fr-FR","@id":"https:\/\/dicodusport.fr\/blog\/#\/schema\/person\/image\/","url":"https:\/\/dicodusport.fr\/blog\/wp-content\/uploads\/2021\/05\/Nicolas-Jacquemard-150x150.jpeg","contentUrl":"https:\/\/dicodusport.fr\/blog\/wp-content\/uploads\/2021\/05\/Nicolas-Jacquemard-150x150.jpeg","caption":"Nicolas Jacquemard"},"description":"Passionn\u00e9 de sport et entrepreneur depuis mes 18 ans, la cr\u00e9ation de Dicodusport m'a sembl\u00e9 \u00e9vidente pour participer \u00e0 la m\u00e9diatisation d'un plus grand nombre de sports. Le chemin est long mais avec une \u00e9quipe des plus motiv\u00e9es et les Jeux Olympiques de Paris 2024 en point de mire, nous y arriverons ! Journaliste dans le monde du sport depuis plus de 5 ans, je traite aussi bien de football, de rugby, de biathlon que de cyclisme.","sameAs":["https:\/\/www.facebook.com\/dicodusport","https:\/\/x.com\/https:\/\/twitter.com\/Nico_Jacquemard"],"url":"https:\/\/dicodusport.fr\/blog\/author\/dicodusport\/"}]}},"_links":{"self":[{"href":"https:\/\/dicodusport.fr\/blog\/wp-json\/wp\/v2\/posts\/118827","targetHints":{"allow":["GET"]}}],"collection":[{"href":"https:\/\/dicodusport.fr\/blog\/wp-json\/wp\/v2\/posts"}],"about":[{"href":"https:\/\/dicodusport.fr\/blog\/wp-json\/wp\/v2\/types\/post"}],"author":[{"embeddable":true,"href":"https:\/\/dicodusport.fr\/blog\/wp-json\/wp\/v2\/users\/1"}],"replies":[{"embeddable":true,"href":"https:\/\/dicodusport.fr\/blog\/wp-json\/wp\/v2\/comments?post=118827"}],"version-history":[{"count":0,"href":"https:\/\/dicodusport.fr\/blog\/wp-json\/wp\/v2\/posts\/118827\/revisions"}],"wp:featuredmedia":[{"embeddable":true,"href":"https:\/\/dicodusport.fr\/blog\/wp-json\/wp\/v2\/media\/118848"}],"wp:attachment":[{"href":"https:\/\/dicodusport.fr\/blog\/wp-json\/wp\/v2\/media?parent=118827"}],"wp:term":[{"taxonomy":"category","embeddable":true,"href":"https:\/\/dicodusport.fr\/blog\/wp-json\/wp\/v2\/categories?post=118827"},{"taxonomy":"post_tag","embeddable":true,"href":"https:\/\/dicodusport.fr\/blog\/wp-json\/wp\/v2\/tags?post=118827"}],"curies":[{"name":"wp","href":"https:\/\/api.w.org\/{rel}","templated":true}]}}