{"id":119095,"date":"2021-04-07T12:00:29","date_gmt":"2021-04-07T10:00:29","guid":{"rendered":"https:\/\/dicodusport.fr\/blog\/?p=119095"},"modified":"2025-09-16T09:03:28","modified_gmt":"2025-09-16T07:03:28","slug":"ligue-des-champions-le-fc-porto-en-invite-surprise","status":"publish","type":"post","link":"https:\/\/dicodusport.fr\/blog\/ligue-des-champions-le-fc-porto-en-invite-surprise\/","title":{"rendered":"Ligue des Champions : le FC Porto en invit\u00e9 surprise"},"content":{"rendered":"<p style=\"text-align: justify;\"><em><strong>Apr\u00e8s avoir \u00e9limin\u00e9 la Juventus au tour pr\u00e9c\u00e9dent, le FC Porto affronte ce soir Chelsea (21h) pour le match aller des quarts de finale de la Ligue des Champions. Une rencontre aller\/retour d\u00e9localis\u00e9e \u00e0 S\u00e9ville en raison de la crise sanitaire au Portugal.<\/strong><\/em><\/p>\n<h2 style=\"text-align: justify;\">Porto passe en mode Ligue des Champions<\/h2>\n<p style=\"text-align: justify;\">Cette saison, <em>les Dragoes<\/em> montrent plusieurs visages en fonction de la comp\u00e9tition. Sur courant alternatif en championnat (2<sup>\u00e8mes <\/sup>\u00e0 8 points du Sporting Portugal) comme ils l\u2019ont montr\u00e9 encore ce week-end face \u00e0 Santa Clara (victoire 2-1 au bout du temps additionnel), les joueurs du <b>FC Porto<\/b> semblent m\u00e9tamorphos\u00e9s \u00e0 l\u2019\u00e9coute de la c\u00e9l\u00e8bre musique de la <b>Ligue des Champions<\/b>. Apr\u00e8s une phase de groupes sans encombre derri\u00e8re <b>Manchester City<\/b>, les hommes de <b>Sergio Concei\u00e7ao<\/b> se sont offerts le luxe de sortir la <b>Juventus<\/b> de <b>Cristiano Ronaldo<\/b> en 8<sup>\u00e8mes<\/sup> de finale. Une double confrontation qui aura <em>\u00ab\u00a0marqu\u00e9 l\u2019histoire du club\u00a0\u00bb<\/em> selon le coach portugais.<\/p>\n<p style=\"text-align: justify;\">Des certitudes suppl\u00e9mentaires pour les joueurs du <b>FC Porto <\/b>qui ne partent pas favoris une nouvelle fois face aux Blues de <b>Chelsea<\/b> : <em>\u00ab\u00a0La t\u00e2che sera tr\u00e8s difficile mais notre \u00e9quipe sera pr\u00eate \u00bb<\/em>. D\u00e9termin\u00e9 en conf\u00e9rence de presse, le coach du <b>FC Porto Sergio Concei\u00e7ao<\/b> ne voit pas tant de diff\u00e9rences de niveau entre son \u00e9quipe et celle de <b>Chelsea<\/b>. D\u2019autant que <b>Chelsea<\/b>, revigor\u00e9 par l\u2019arriv\u00e9e r\u00e9cente de <b>Thomas T\u00fcchel<\/b> aux commandes de l\u2019\u00e9quipe, ne semble pas dans la meilleure saison de son histoire.<\/p>\n<div id=\"attachment_119097\" style=\"width: 1290px\" class=\"wp-caption aligncenter\"><a href=\"https:\/\/dicodusport.fr\/blog\/wp-content\/uploads\/2021\/04\/Pepe-porto.jpg\"><img loading=\"lazy\" decoding=\"async\" aria-describedby=\"caption-attachment-119097\" class=\"wp-image-119097 size-full\" src=\"https:\/\/dicodusport.fr\/blog\/wp-content\/uploads\/2021\/04\/Pepe-porto.jpg\" alt=\"\" width=\"1280\" height=\"720\" srcset=\"https:\/\/dicodusport.fr\/blog\/wp-content\/uploads\/2021\/04\/Pepe-porto.jpg 1280w, https:\/\/dicodusport.fr\/blog\/wp-content\/uploads\/2021\/04\/Pepe-porto-300x169.jpg 300w, https:\/\/dicodusport.fr\/blog\/wp-content\/uploads\/2021\/04\/Pepe-porto-1024x576.jpg 1024w, https:\/\/dicodusport.fr\/blog\/wp-content\/uploads\/2021\/04\/Pepe-porto-768x432.jpg 768w\" sizes=\"auto, (max-width: 1280px) 100vw, 1280px\" \/><\/a><p id=\"caption-attachment-119097\" class=\"wp-caption-text\">\u00c0 38 ans, l&rsquo;international Pepe ancien du Real Madrid apporte son exp\u00e9rience de la Ligue des Champions au FC Porto &#8211; AFP<\/p><\/div>\n<p style=\"text-align: justify;\">En l\u2019emportant sur ce match aller\/retour face \u00e0 <b>Chelsea<\/b>, d\u00e9localis\u00e9 au <b>stade Ramon Sanchez Pizjuan<\/b> du FC S\u00e9ville, <b>Porto<\/b> retrouverait les demi-finales de <b>Ligue des Champions<\/b> que le club portugais n\u2019a pas vu depuis 2004 et son sacre avec <b>Jos\u00e9 Mourinho<\/b>. Un beau clin d\u2019\u0153il qui continuerait de mettre en lumi\u00e8re le travail du<b> FC Porto<\/b> et de <b>Sergio Concei\u00e7ao<\/b>, ancien coach du FC Nantes, \u00e0 la t\u00eate <em>des Dragoes<\/em>.<\/p>\n<ul>\n<li style=\"text-align: justify;\"><strong>\u00c0 lire aussi &#8211; <a href=\"https:\/\/dicodusport.fr\/blog\/football-ligue-des-champions-notre-pronostic-pour-fc-porto-chelsea\/\" target=\"_blank\" rel=\"noopener\">Ligue des Champions : notre pronostic pour FC Porto \u2013 Chelsea<\/a><\/strong><\/li>\n<\/ul>\n<p><em><strong>Romain Delanis<br \/>\n<\/strong><\/em><em><strong><a href=\"https:\/\/twitter.com\/RDelanis\" target=\"_blank\" rel=\"noopener noreferrer\"><img loading=\"lazy\" decoding=\"async\" class=\"alignnone wp-image-2908\" src=\"https:\/\/i1.wp.com\/dicodusport.fr\/blog\/wp-content\/uploads\/2017\/07\/logo-twitter-150x150.png?resize=39%2C39\" alt=\"\" width=\"39\" height=\"39\" \/><\/a><\/strong><\/em><\/p>\n","protected":false},"excerpt":{"rendered":"<p>Apr\u00e8s avoir \u00e9limin\u00e9 la Juventus au tour pr\u00e9c\u00e9dent, le FC Porto affronte ce soir Chelsea (21h) pour le match aller des quarts de finale de la Ligue des Champions. Une rencontre aller\/retour d\u00e9localis\u00e9e \u00e0 S\u00e9ville en raison de la crise sanitaire au Portugal.<\/p>\n","protected":false},"author":14,"featured_media":119234,"comment_status":"open","ping_status":"closed","sticky":false,"template":"","format":"standard","meta":{"_acf_changed":false,"_daextam_enable_autolinks":"","footnotes":""},"categories":[47250],"tags":[15306,7054,75,4614,419,4391],"class_list":["post-119095","post","type-post","status-publish","format-standard","has-post-thumbnail","hentry","category-ligue-des-champions-de-football","tag-chelsea-fc","tag-fc-porto","tag-football","tag-juventus-turin","tag-ligue-des-champions","tag-thomas-tuchel"],"acf":[],"yoast_head":"<!-- This site is optimized with the Yoast SEO Premium plugin v26.7 (Yoast SEO v26.7) - https:\/\/yoast.com\/wordpress\/plugins\/seo\/ -->\n<title>Ligue des Champions : le FC Porto en invit\u00e9 surprise<\/title>\n<meta name=\"description\" content=\"Apr\u00e8s avoir \u00e9limin\u00e9 la Juventus au tour pr\u00e9c\u00e9dent, le FC Porto affronte ce soir Chelsea (21h) pour le match aller des quarts de finale de la Ligue des Champions. Une rencontre aller\/retour d\u00e9localis\u00e9e \u00e0 S\u00e9ville en raison de la crise sanitaire au Portugal.\" \/>\n<meta name=\"robots\" content=\"index, follow, max-snippet:-1, max-image-preview:large, max-video-preview:-1\" \/>\n<link rel=\"canonical\" href=\"https:\/\/dicodusport.fr\/blog\/ligue-des-champions-le-fc-porto-en-invite-surprise\/\" \/>\n<meta property=\"og:locale\" content=\"fr_FR\" \/>\n<meta property=\"og:type\" content=\"article\" \/>\n<meta property=\"og:title\" content=\"Ligue des Champions : le FC Porto en invit\u00e9 surprise\" \/>\n<meta property=\"og:description\" content=\"Apr\u00e8s avoir \u00e9limin\u00e9 la Juventus au tour pr\u00e9c\u00e9dent, le FC Porto affronte ce soir Chelsea (21h) pour le match aller des quarts de finale de la Ligue des Champions. Une rencontre aller\/retour d\u00e9localis\u00e9e \u00e0 S\u00e9ville en raison de la crise sanitaire au Portugal.\" \/>\n<meta property=\"og:url\" content=\"https:\/\/dicodusport.fr\/blog\/ligue-des-champions-le-fc-porto-en-invite-surprise\/\" \/>\n<meta property=\"og:site_name\" content=\"Dicodusport\" \/>\n<meta property=\"article:publisher\" content=\"https:\/\/www.facebook.com\/dicodusport\" \/>\n<meta property=\"article:published_time\" content=\"2021-04-07T10:00:29+00:00\" \/>\n<meta property=\"article:modified_time\" content=\"2025-09-16T07:03:28+00:00\" \/>\n<meta property=\"og:image\" content=\"https:\/\/dicodusport.fr\/blog\/wp-content\/uploads\/2021\/04\/Ligue-des-Champions-Le-FC-Porto-en-invite-surprise.png\" \/>\n\t<meta property=\"og:image:width\" content=\"800\" \/>\n\t<meta property=\"og:image:height\" content=\"445\" \/>\n\t<meta property=\"og:image:type\" content=\"image\/png\" \/>\n<meta name=\"author\" content=\"Romain Delanis\" \/>\n<meta name=\"twitter:card\" content=\"summary_large_image\" \/>\n<meta name=\"twitter:title\" content=\"Ligue des Champions : le FC Porto en invit\u00e9 surprise\" \/>\n<meta name=\"twitter:creator\" content=\"@https:\/\/twitter.com\/RDelanis\" \/>\n<meta name=\"twitter:site\" content=\"@dicodusport\" \/>\n<script type=\"application\/ld+json\" class=\"yoast-schema-graph\">{\"@context\":\"https:\/\/schema.org\",\"@graph\":[{\"@type\":\"NewsArticle\",\"@id\":\"https:\/\/dicodusport.fr\/blog\/ligue-des-champions-le-fc-porto-en-invite-surprise\/#article\",\"isPartOf\":{\"@id\":\"https:\/\/dicodusport.fr\/blog\/ligue-des-champions-le-fc-porto-en-invite-surprise\/\"},\"author\":{\"name\":\"Romain Delanis\",\"@id\":\"https:\/\/dicodusport.fr\/blog\/#\/schema\/person\/8c78730a59f8a1e617f7a19026ebc14a\"},\"headline\":\"Ligue des Champions : le FC Porto en invit\u00e9 surprise\",\"datePublished\":\"2021-04-07T10:00:29+00:00\",\"dateModified\":\"2025-09-16T07:03:28+00:00\",\"mainEntityOfPage\":{\"@id\":\"https:\/\/dicodusport.fr\/blog\/ligue-des-champions-le-fc-porto-en-invite-surprise\/\"},\"wordCount\":392,\"commentCount\":0,\"publisher\":{\"@id\":\"https:\/\/dicodusport.fr\/blog\/#organization\"},\"image\":{\"@id\":\"https:\/\/dicodusport.fr\/blog\/ligue-des-champions-le-fc-porto-en-invite-surprise\/#primaryimage\"},\"thumbnailUrl\":\"https:\/\/dicodusport.fr\/blog\/wp-content\/uploads\/2021\/04\/Ligue-des-Champions-Le-FC-Porto-en-invite-surprise.png\",\"keywords\":[\"Chelsea FC\",\"FC Porto\",\"Football\",\"Juventus Turin\",\"Ligue des champions\",\"Thomas Tuchel\"],\"articleSection\":[\"Ligue des Champions de football\"],\"inLanguage\":\"fr-FR\",\"potentialAction\":[{\"@type\":\"CommentAction\",\"name\":\"Comment\",\"target\":[\"https:\/\/dicodusport.fr\/blog\/ligue-des-champions-le-fc-porto-en-invite-surprise\/#respond\"]}],\"copyrightYear\":\"2021\",\"copyrightHolder\":{\"@id\":\"https:\/\/dicodusport.fr\/blog\/#organization\"}},{\"@type\":\"WebPage\",\"@id\":\"https:\/\/dicodusport.fr\/blog\/ligue-des-champions-le-fc-porto-en-invite-surprise\/\",\"url\":\"https:\/\/dicodusport.fr\/blog\/ligue-des-champions-le-fc-porto-en-invite-surprise\/\",\"name\":\"Ligue des Champions : le FC Porto en invit\u00e9 surprise\",\"isPartOf\":{\"@id\":\"https:\/\/dicodusport.fr\/blog\/#website\"},\"primaryImageOfPage\":{\"@id\":\"https:\/\/dicodusport.fr\/blog\/ligue-des-champions-le-fc-porto-en-invite-surprise\/#primaryimage\"},\"image\":{\"@id\":\"https:\/\/dicodusport.fr\/blog\/ligue-des-champions-le-fc-porto-en-invite-surprise\/#primaryimage\"},\"thumbnailUrl\":\"https:\/\/dicodusport.fr\/blog\/wp-content\/uploads\/2021\/04\/Ligue-des-Champions-Le-FC-Porto-en-invite-surprise.png\",\"datePublished\":\"2021-04-07T10:00:29+00:00\",\"dateModified\":\"2025-09-16T07:03:28+00:00\",\"description\":\"Apr\u00e8s avoir \u00e9limin\u00e9 la Juventus au tour pr\u00e9c\u00e9dent, le FC Porto affronte ce soir Chelsea (21h) pour le match aller des quarts de finale de la Ligue des Champions. Une rencontre aller\/retour d\u00e9localis\u00e9e \u00e0 S\u00e9ville en raison de la crise sanitaire au Portugal.\",\"breadcrumb\":{\"@id\":\"https:\/\/dicodusport.fr\/blog\/ligue-des-champions-le-fc-porto-en-invite-surprise\/#breadcrumb\"},\"inLanguage\":\"fr-FR\",\"potentialAction\":[{\"@type\":\"ReadAction\",\"target\":[\"https:\/\/dicodusport.fr\/blog\/ligue-des-champions-le-fc-porto-en-invite-surprise\/\"]}]},{\"@type\":\"ImageObject\",\"inLanguage\":\"fr-FR\",\"@id\":\"https:\/\/dicodusport.fr\/blog\/ligue-des-champions-le-fc-porto-en-invite-surprise\/#primaryimage\",\"url\":\"https:\/\/dicodusport.fr\/blog\/wp-content\/uploads\/2021\/04\/Ligue-des-Champions-Le-FC-Porto-en-invite-surprise.png\",\"contentUrl\":\"https:\/\/dicodusport.fr\/blog\/wp-content\/uploads\/2021\/04\/Ligue-des-Champions-Le-FC-Porto-en-invite-surprise.png\",\"width\":800,\"height\":445,\"caption\":\"Ligue des Champions - Le FC Porto en invit\u00e9 surprise\"},{\"@type\":\"BreadcrumbList\",\"@id\":\"https:\/\/dicodusport.fr\/blog\/ligue-des-champions-le-fc-porto-en-invite-surprise\/#breadcrumb\",\"itemListElement\":[{\"@type\":\"ListItem\",\"position\":1,\"name\":\"Accueil\",\"item\":\"https:\/\/dicodusport.fr\/blog\/\"},{\"@type\":\"ListItem\",\"position\":2,\"name\":\"Ligue des Champions : le FC Porto en invit\u00e9 surprise\"}]},{\"@type\":\"WebSite\",\"@id\":\"https:\/\/dicodusport.fr\/blog\/#website\",\"url\":\"https:\/\/dicodusport.fr\/blog\/\",\"name\":\"Dicodusport\",\"description\":\"L&#039;encyclop\u00e9die de l&#039;actualit\u00e9 sportive\",\"publisher\":{\"@id\":\"https:\/\/dicodusport.fr\/blog\/#organization\"},\"potentialAction\":[{\"@type\":\"SearchAction\",\"target\":{\"@type\":\"EntryPoint\",\"urlTemplate\":\"https:\/\/dicodusport.fr\/blog\/?s={search_term_string}\"},\"query-input\":{\"@type\":\"PropertyValueSpecification\",\"valueRequired\":true,\"valueName\":\"search_term_string\"}}],\"inLanguage\":\"fr-FR\"},{\"@type\":\"NewsMediaOrganization\",\"@id\":\"https:\/\/dicodusport.fr\/blog\/#organization\",\"name\":\"Dicodusport\",\"url\":\"https:\/\/dicodusport.fr\/blog\/\",\"logo\":{\"@type\":\"ImageObject\",\"inLanguage\":\"fr-FR\",\"@id\":\"https:\/\/dicodusport.fr\/blog\/#\/schema\/logo\/image\/\",\"url\":\"https:\/\/dicodusport.fr\/blog\/wp-content\/uploads\/2020\/06\/cropped-LOGO-DICODUSPORT-2020-SANS-FOND-SANS-TEXTE.png\",\"contentUrl\":\"https:\/\/dicodusport.fr\/blog\/wp-content\/uploads\/2020\/06\/cropped-LOGO-DICODUSPORT-2020-SANS-FOND-SANS-TEXTE.png\",\"width\":512,\"height\":512,\"caption\":\"Dicodusport\"},\"image\":{\"@id\":\"https:\/\/dicodusport.fr\/blog\/#\/schema\/logo\/image\/\"},\"sameAs\":[\"https:\/\/www.facebook.com\/dicodusport\",\"https:\/\/x.com\/dicodusport\",\"https:\/\/www.instagram.com\/dicodusport\/\",\"https:\/\/www.youtube.com\/channel\/UC7V2KZ5sd3htJivAbA4ZG3w\"],\"description\":\"Dicodusport est l'encyclop\u00e9die de l'actualit\u00e9 sportive.\",\"email\":\"bonjour@dicodusport.fr\",\"legalName\":\"DICODUSPORT\",\"foundingDate\":\"2018-01-14\",\"vatID\":\"FR71834470973\",\"taxID\":\"83447097300043\",\"numberOfEmployees\":{\"@type\":\"QuantitativeValue\",\"minValue\":\"1\",\"maxValue\":\"10\"}},{\"@type\":\"Person\",\"@id\":\"https:\/\/dicodusport.fr\/blog\/#\/schema\/person\/8c78730a59f8a1e617f7a19026ebc14a\",\"name\":\"Romain Delanis\",\"image\":{\"@type\":\"ImageObject\",\"inLanguage\":\"fr-FR\",\"@id\":\"https:\/\/dicodusport.fr\/blog\/#\/schema\/person\/image\/\",\"url\":\"https:\/\/dicodusport.fr\/blog\/wp-content\/uploads\/2021\/05\/Romain-Delanis-150x150.jpg\",\"contentUrl\":\"https:\/\/dicodusport.fr\/blog\/wp-content\/uploads\/2021\/05\/Romain-Delanis-150x150.jpg\",\"caption\":\"Romain Delanis\"},\"description\":\"Journaliste\/R\u00e9dacteur depuis novembre 2015 - Capable de passer un samedi apr\u00e8s-midi devant la Ligue 2 puis le biathlon sans oublier la finale de l\u2019ATP Rotterdam, j\u2019aime aussi mettre mon r\u00e9veil pour me faire un Pistons\/Bulls qui rappelle de bons souvenirs. Tout cela, j\u2019ai choisi il y a maintenant quelques temps de vous le raconter avec Dicodusport, pour vous faire vivre ma passion parfois inconsid\u00e9r\u00e9e pour le sport en g\u00e9n\u00e9ral (mais surtout le foot faut se l\u2019avouer).\",\"sameAs\":[\"https:\/\/x.com\/https:\/\/twitter.com\/RDelanis\"],\"url\":\"https:\/\/dicodusport.fr\/blog\/author\/romain\/\"}]}<\/script>\n<!-- \/ Yoast SEO Premium plugin. -->","yoast_head_json":{"title":"Ligue des Champions : le FC Porto en invit\u00e9 surprise","description":"Apr\u00e8s avoir \u00e9limin\u00e9 la Juventus au tour pr\u00e9c\u00e9dent, le FC Porto affronte ce soir Chelsea (21h) pour le match aller des quarts de finale de la Ligue des Champions. Une rencontre aller\/retour d\u00e9localis\u00e9e \u00e0 S\u00e9ville en raison de la crise sanitaire au Portugal.","robots":{"index":"index","follow":"follow","max-snippet":"max-snippet:-1","max-image-preview":"max-image-preview:large","max-video-preview":"max-video-preview:-1"},"canonical":"https:\/\/dicodusport.fr\/blog\/ligue-des-champions-le-fc-porto-en-invite-surprise\/","og_locale":"fr_FR","og_type":"article","og_title":"Ligue des Champions : le FC Porto en invit\u00e9 surprise","og_description":"Apr\u00e8s avoir \u00e9limin\u00e9 la Juventus au tour pr\u00e9c\u00e9dent, le FC Porto affronte ce soir Chelsea (21h) pour le match aller des quarts de finale de la Ligue des Champions. Une rencontre aller\/retour d\u00e9localis\u00e9e \u00e0 S\u00e9ville en raison de la crise sanitaire au Portugal.","og_url":"https:\/\/dicodusport.fr\/blog\/ligue-des-champions-le-fc-porto-en-invite-surprise\/","og_site_name":"Dicodusport","article_publisher":"https:\/\/www.facebook.com\/dicodusport","article_published_time":"2021-04-07T10:00:29+00:00","article_modified_time":"2025-09-16T07:03:28+00:00","og_image":[{"width":800,"height":445,"url":"https:\/\/dicodusport.fr\/blog\/wp-content\/uploads\/2021\/04\/Ligue-des-Champions-Le-FC-Porto-en-invite-surprise.png","type":"image\/png"}],"author":"Romain Delanis","twitter_card":"summary_large_image","twitter_title":"Ligue des Champions : le FC Porto en invit\u00e9 surprise","twitter_creator":"@https:\/\/twitter.com\/RDelanis","twitter_site":"@dicodusport","schema":{"@context":"https:\/\/schema.org","@graph":[{"@type":"NewsArticle","@id":"https:\/\/dicodusport.fr\/blog\/ligue-des-champions-le-fc-porto-en-invite-surprise\/#article","isPartOf":{"@id":"https:\/\/dicodusport.fr\/blog\/ligue-des-champions-le-fc-porto-en-invite-surprise\/"},"author":{"name":"Romain Delanis","@id":"https:\/\/dicodusport.fr\/blog\/#\/schema\/person\/8c78730a59f8a1e617f7a19026ebc14a"},"headline":"Ligue des Champions : le FC Porto en invit\u00e9 surprise","datePublished":"2021-04-07T10:00:29+00:00","dateModified":"2025-09-16T07:03:28+00:00","mainEntityOfPage":{"@id":"https:\/\/dicodusport.fr\/blog\/ligue-des-champions-le-fc-porto-en-invite-surprise\/"},"wordCount":392,"commentCount":0,"publisher":{"@id":"https:\/\/dicodusport.fr\/blog\/#organization"},"image":{"@id":"https:\/\/dicodusport.fr\/blog\/ligue-des-champions-le-fc-porto-en-invite-surprise\/#primaryimage"},"thumbnailUrl":"https:\/\/dicodusport.fr\/blog\/wp-content\/uploads\/2021\/04\/Ligue-des-Champions-Le-FC-Porto-en-invite-surprise.png","keywords":["Chelsea FC","FC Porto","Football","Juventus Turin","Ligue des champions","Thomas Tuchel"],"articleSection":["Ligue des Champions de football"],"inLanguage":"fr-FR","potentialAction":[{"@type":"CommentAction","name":"Comment","target":["https:\/\/dicodusport.fr\/blog\/ligue-des-champions-le-fc-porto-en-invite-surprise\/#respond"]}],"copyrightYear":"2021","copyrightHolder":{"@id":"https:\/\/dicodusport.fr\/blog\/#organization"}},{"@type":"WebPage","@id":"https:\/\/dicodusport.fr\/blog\/ligue-des-champions-le-fc-porto-en-invite-surprise\/","url":"https:\/\/dicodusport.fr\/blog\/ligue-des-champions-le-fc-porto-en-invite-surprise\/","name":"Ligue des Champions : le FC Porto en invit\u00e9 surprise","isPartOf":{"@id":"https:\/\/dicodusport.fr\/blog\/#website"},"primaryImageOfPage":{"@id":"https:\/\/dicodusport.fr\/blog\/ligue-des-champions-le-fc-porto-en-invite-surprise\/#primaryimage"},"image":{"@id":"https:\/\/dicodusport.fr\/blog\/ligue-des-champions-le-fc-porto-en-invite-surprise\/#primaryimage"},"thumbnailUrl":"https:\/\/dicodusport.fr\/blog\/wp-content\/uploads\/2021\/04\/Ligue-des-Champions-Le-FC-Porto-en-invite-surprise.png","datePublished":"2021-04-07T10:00:29+00:00","dateModified":"2025-09-16T07:03:28+00:00","description":"Apr\u00e8s avoir \u00e9limin\u00e9 la Juventus au tour pr\u00e9c\u00e9dent, le FC Porto affronte ce soir Chelsea (21h) pour le match aller des quarts de finale de la Ligue des Champions. Une rencontre aller\/retour d\u00e9localis\u00e9e \u00e0 S\u00e9ville en raison de la crise sanitaire au Portugal.","breadcrumb":{"@id":"https:\/\/dicodusport.fr\/blog\/ligue-des-champions-le-fc-porto-en-invite-surprise\/#breadcrumb"},"inLanguage":"fr-FR","potentialAction":[{"@type":"ReadAction","target":["https:\/\/dicodusport.fr\/blog\/ligue-des-champions-le-fc-porto-en-invite-surprise\/"]}]},{"@type":"ImageObject","inLanguage":"fr-FR","@id":"https:\/\/dicodusport.fr\/blog\/ligue-des-champions-le-fc-porto-en-invite-surprise\/#primaryimage","url":"https:\/\/dicodusport.fr\/blog\/wp-content\/uploads\/2021\/04\/Ligue-des-Champions-Le-FC-Porto-en-invite-surprise.png","contentUrl":"https:\/\/dicodusport.fr\/blog\/wp-content\/uploads\/2021\/04\/Ligue-des-Champions-Le-FC-Porto-en-invite-surprise.png","width":800,"height":445,"caption":"Ligue des Champions - Le FC Porto en invit\u00e9 surprise"},{"@type":"BreadcrumbList","@id":"https:\/\/dicodusport.fr\/blog\/ligue-des-champions-le-fc-porto-en-invite-surprise\/#breadcrumb","itemListElement":[{"@type":"ListItem","position":1,"name":"Accueil","item":"https:\/\/dicodusport.fr\/blog\/"},{"@type":"ListItem","position":2,"name":"Ligue des Champions : le FC Porto en invit\u00e9 surprise"}]},{"@type":"WebSite","@id":"https:\/\/dicodusport.fr\/blog\/#website","url":"https:\/\/dicodusport.fr\/blog\/","name":"Dicodusport","description":"L&#039;encyclop\u00e9die de l&#039;actualit\u00e9 sportive","publisher":{"@id":"https:\/\/dicodusport.fr\/blog\/#organization"},"potentialAction":[{"@type":"SearchAction","target":{"@type":"EntryPoint","urlTemplate":"https:\/\/dicodusport.fr\/blog\/?s={search_term_string}"},"query-input":{"@type":"PropertyValueSpecification","valueRequired":true,"valueName":"search_term_string"}}],"inLanguage":"fr-FR"},{"@type":"NewsMediaOrganization","@id":"https:\/\/dicodusport.fr\/blog\/#organization","name":"Dicodusport","url":"https:\/\/dicodusport.fr\/blog\/","logo":{"@type":"ImageObject","inLanguage":"fr-FR","@id":"https:\/\/dicodusport.fr\/blog\/#\/schema\/logo\/image\/","url":"https:\/\/dicodusport.fr\/blog\/wp-content\/uploads\/2020\/06\/cropped-LOGO-DICODUSPORT-2020-SANS-FOND-SANS-TEXTE.png","contentUrl":"https:\/\/dicodusport.fr\/blog\/wp-content\/uploads\/2020\/06\/cropped-LOGO-DICODUSPORT-2020-SANS-FOND-SANS-TEXTE.png","width":512,"height":512,"caption":"Dicodusport"},"image":{"@id":"https:\/\/dicodusport.fr\/blog\/#\/schema\/logo\/image\/"},"sameAs":["https:\/\/www.facebook.com\/dicodusport","https:\/\/x.com\/dicodusport","https:\/\/www.instagram.com\/dicodusport\/","https:\/\/www.youtube.com\/channel\/UC7V2KZ5sd3htJivAbA4ZG3w"],"description":"Dicodusport est l'encyclop\u00e9die de l'actualit\u00e9 sportive.","email":"bonjour@dicodusport.fr","legalName":"DICODUSPORT","foundingDate":"2018-01-14","vatID":"FR71834470973","taxID":"83447097300043","numberOfEmployees":{"@type":"QuantitativeValue","minValue":"1","maxValue":"10"}},{"@type":"Person","@id":"https:\/\/dicodusport.fr\/blog\/#\/schema\/person\/8c78730a59f8a1e617f7a19026ebc14a","name":"Romain Delanis","image":{"@type":"ImageObject","inLanguage":"fr-FR","@id":"https:\/\/dicodusport.fr\/blog\/#\/schema\/person\/image\/","url":"https:\/\/dicodusport.fr\/blog\/wp-content\/uploads\/2021\/05\/Romain-Delanis-150x150.jpg","contentUrl":"https:\/\/dicodusport.fr\/blog\/wp-content\/uploads\/2021\/05\/Romain-Delanis-150x150.jpg","caption":"Romain Delanis"},"description":"Journaliste\/R\u00e9dacteur depuis novembre 2015 - Capable de passer un samedi apr\u00e8s-midi devant la Ligue 2 puis le biathlon sans oublier la finale de l\u2019ATP Rotterdam, j\u2019aime aussi mettre mon r\u00e9veil pour me faire un Pistons\/Bulls qui rappelle de bons souvenirs. Tout cela, j\u2019ai choisi il y a maintenant quelques temps de vous le raconter avec Dicodusport, pour vous faire vivre ma passion parfois inconsid\u00e9r\u00e9e pour le sport en g\u00e9n\u00e9ral (mais surtout le foot faut se l\u2019avouer).","sameAs":["https:\/\/x.com\/https:\/\/twitter.com\/RDelanis"],"url":"https:\/\/dicodusport.fr\/blog\/author\/romain\/"}]}},"_links":{"self":[{"href":"https:\/\/dicodusport.fr\/blog\/wp-json\/wp\/v2\/posts\/119095","targetHints":{"allow":["GET"]}}],"collection":[{"href":"https:\/\/dicodusport.fr\/blog\/wp-json\/wp\/v2\/posts"}],"about":[{"href":"https:\/\/dicodusport.fr\/blog\/wp-json\/wp\/v2\/types\/post"}],"author":[{"embeddable":true,"href":"https:\/\/dicodusport.fr\/blog\/wp-json\/wp\/v2\/users\/14"}],"replies":[{"embeddable":true,"href":"https:\/\/dicodusport.fr\/blog\/wp-json\/wp\/v2\/comments?post=119095"}],"version-history":[{"count":1,"href":"https:\/\/dicodusport.fr\/blog\/wp-json\/wp\/v2\/posts\/119095\/revisions"}],"predecessor-version":[{"id":611588,"href":"https:\/\/dicodusport.fr\/blog\/wp-json\/wp\/v2\/posts\/119095\/revisions\/611588"}],"wp:featuredmedia":[{"embeddable":true,"href":"https:\/\/dicodusport.fr\/blog\/wp-json\/wp\/v2\/media\/119234"}],"wp:attachment":[{"href":"https:\/\/dicodusport.fr\/blog\/wp-json\/wp\/v2\/media?parent=119095"}],"wp:term":[{"taxonomy":"category","embeddable":true,"href":"https:\/\/dicodusport.fr\/blog\/wp-json\/wp\/v2\/categories?post=119095"},{"taxonomy":"post_tag","embeddable":true,"href":"https:\/\/dicodusport.fr\/blog\/wp-json\/wp\/v2\/tags?post=119095"}],"curies":[{"name":"wp","href":"https:\/\/api.w.org\/{rel}","templated":true}]}}