{"id":119369,"date":"2021-04-07T23:30:56","date_gmt":"2021-04-07T21:30:56","guid":{"rendered":"https:\/\/dicodusport.fr\/blog\/?p=119369"},"modified":"2021-04-08T10:28:01","modified_gmt":"2021-04-08T08:28:01","slug":"top-chef-episode-9-notes","status":"publish","type":"post","link":"https:\/\/dicodusport.fr\/blog\/top-chef-episode-9-notes\/","title":{"rendered":"Top Chef \u00e9pisode 9 : les notes de la r\u00e9daction"},"content":{"rendered":"<p style=\"text-align: justify;\"><em><strong>Vous avez rat\u00e9 Top Chef \u00e9pisode 9 ? Pas de probl\u00e8me ! La r\u00e9daction vous propose ses notes. Bouch\u00e9es et d\u00e9veloppement durable sont au programme. <\/strong><\/em><\/p>\n<h2 style=\"text-align: justify;\">Ils sont devenus ambassadeurs du tri<\/h2>\n<p style=\"text-align: justify;\"><strong>Matthias <\/strong>et<strong> Bruno (10)<\/strong> ont inaugur\u00e9 la nouvelle brigade bleue de la meilleure des fa\u00e7ons. Revenu d&rsquo;entre les perdants, Bruno a enquill\u00e9 avec Matthias masterclass sur masterclass. Le chef Le Squer avait donn\u00e9 pour consigne de cr\u00e9er un repas en trois bouch\u00e9es. Tarte \u00e0 l&rsquo;oignon, bouillabaisse et tarte citron. Laser. Qualifi\u00e9s.<\/p>\n<p style=\"text-align: justify;\"><strong>Arnaud (10000)<\/strong> en candidat solitaire a explos\u00e9 les pronostics de ce Top Chef \u00e9pisode 9. En allant sur le terrain de Mauro Colagreco, il prenait un \u00e9norme risque. Sa mar\u00e9e noire a pourtant fait des ravages dans le c\u0153ur et la bouche du chef et de Barbara Pompili. Il prend la place de Thomas dans la brigade rouge.<\/p>\n<p style=\"text-align: justify;\"><strong>Baptiste (7)<\/strong> a encore une fois tap\u00e9 dans le mille en derni\u00e8re chance. Son chou farci n&rsquo;a re\u00e7u que des \u00e9loges et il finit coup de c\u0153ur. Apr\u00e8s deux belles \u00e9preuves, il ach\u00e8ve une semaine bien remplie.<\/p>\n<h2 style=\"text-align: justify;\">Leur note carbone est bof dans Top Chef \u00e9pisode 9<\/h2>\n<p style=\"text-align: justify;\"><strong>Sarah (6)<\/strong> a fini en finale de la premi\u00e8re \u00e9preuve des trois bouch\u00e9es. Toutes ses propositions ont fait mouche, jusqu&rsquo;\u00e0 la brioche \u00e0 la glace. Son assiette d&rsquo;insectes n&rsquo;a pas convaincu la ministre et le chef.<\/p>\n<p style=\"text-align: justify;\"><strong>Mohammed (5)<\/strong> a \u00e9t\u00e9 \u00e9limin\u00e9 d\u00e8s la premi\u00e8re bouch\u00e9e avec chef Le Squer. Son assiette mar\u00e9e noire n&rsquo;a pas \u00e9t\u00e9 \u00e0 la hauteur de celle d&rsquo;Arnaud.<\/p>\n<p style=\"text-align: justify;\"><strong>Pierre (5)<\/strong> a lui a aussi senti le vent de boulet. Pourtant auteur d&rsquo;une tr\u00e8s belle assiette au minist\u00e8re, il en a trop mis dans son assiette de chou de derni\u00e8re chance et se qualifie de justesse.<\/p>\n<h2 style=\"text-align: justify;\">Il a trou\u00e9 la couche d&rsquo;ozone<\/h2>\n<p style=\"text-align: justify;\"><strong>Thomas (4)<\/strong> quitte donc Top Chef \u00e0 l&rsquo;\u00e9pisode 9. Sa cuisson du cabillaud dans la deuxi\u00e8me \u00e9preuve avait presque fait oublier son cromeski trop gras. C&rsquo;est bien lui que H\u00e9l\u00e8ne Darroze envoie en derni\u00e8re chance : erreur fatale. Vient le temps des regrets. Pour un chou trop aqueux, il est \u00e9limin\u00e9.<\/p>\n<p style=\"text-align: justify;\"><strong><em>JMPPMJ<br \/>\n<a href=\"https:\/\/twitter.com\/jmp_pmj\" target=\"_blank\" rel=\"noopener noreferrer\"><img loading=\"lazy\" decoding=\"async\" class=\"alignnone wp-image-2908\" src=\"https:\/\/i1.wp.com\/dicodusport.fr\/blog\/wp-content\/uploads\/2017\/07\/logo-twitter-150x150.png?resize=39%2C39\" alt=\"\" width=\"39\" height=\"39\" \/><\/a><\/em><\/strong><\/p>\n","protected":false},"excerpt":{"rendered":"<p>Vous avez rat\u00e9 Top Chef \u00e9pisode 9 ? Pas de probl\u00e8me ! La r\u00e9daction vous propose ses notes. Bouch\u00e9es et d\u00e9veloppement durable sont au programme.<\/p>\n","protected":false},"author":40,"featured_media":119376,"comment_status":"open","ping_status":"closed","sticky":false,"template":"","format":"standard","meta":{"_acf_changed":false,"_daextam_enable_autolinks":"","footnotes":""},"categories":[10287],"tags":[7391,10342],"class_list":["post-119369","post","type-post","status-publish","format-standard","has-post-thumbnail","hentry","category-insolite","tag-insolite","tag-top-chef"],"acf":[],"yoast_head":"<!-- This site is optimized with the Yoast SEO Premium plugin v26.7 (Yoast SEO v26.7) - https:\/\/yoast.com\/wordpress\/plugins\/seo\/ -->\n<title>Top Chef \u00e9pisode 9 : les notes de la r\u00e9daction - Dicodusport<\/title>\n<meta name=\"description\" content=\"Vous avez rat\u00e9 Top Chef \u00e9pisode 9 ? Pas de probl\u00e8me ! La r\u00e9daction vous propose ses notes. Bouch\u00e9es et d\u00e9veloppement durable au programme.\" \/>\n<meta name=\"robots\" content=\"index, follow, max-snippet:-1, max-image-preview:large, max-video-preview:-1\" \/>\n<link rel=\"canonical\" href=\"https:\/\/dicodusport.fr\/blog\/top-chef-episode-9-notes\/\" \/>\n<meta property=\"og:locale\" content=\"fr_FR\" \/>\n<meta property=\"og:type\" content=\"article\" \/>\n<meta property=\"og:title\" content=\"Top Chef \u00e9pisode 9 : les notes de la r\u00e9daction\" \/>\n<meta property=\"og:description\" content=\"Vous avez rat\u00e9 Top Chef \u00e9pisode 9 ? Pas de probl\u00e8me ! La r\u00e9daction vous propose ses notes. Bouch\u00e9es et d\u00e9veloppement durable au programme.\" \/>\n<meta property=\"og:url\" content=\"https:\/\/dicodusport.fr\/blog\/top-chef-episode-9-notes\/\" \/>\n<meta property=\"og:site_name\" content=\"Dicodusport\" \/>\n<meta property=\"article:publisher\" content=\"https:\/\/www.facebook.com\/dicodusport\" \/>\n<meta property=\"article:published_time\" content=\"2021-04-07T21:30:56+00:00\" \/>\n<meta property=\"article:modified_time\" content=\"2021-04-08T08:28:01+00:00\" \/>\n<meta property=\"og:image\" content=\"https:\/\/dicodusport.fr\/blog\/wp-content\/uploads\/2021\/04\/Top-Chef-episode-9-Les-notes-de-la-redaction.png\" \/>\n\t<meta property=\"og:image:width\" content=\"800\" \/>\n\t<meta property=\"og:image:height\" content=\"445\" \/>\n\t<meta property=\"og:image:type\" content=\"image\/png\" \/>\n<meta name=\"author\" content=\"Jordane Mougenot-Pelletier\" \/>\n<meta name=\"twitter:card\" content=\"summary_large_image\" \/>\n<meta name=\"twitter:title\" content=\"Top Chef \u00e9pisode 9 : les notes de la r\u00e9daction\" \/>\n<meta name=\"twitter:creator\" content=\"@https:\/\/twitter.com\/jmp_pmj\" \/>\n<meta name=\"twitter:site\" content=\"@dicodusport\" \/>\n<script type=\"application\/ld+json\" class=\"yoast-schema-graph\">{\"@context\":\"https:\/\/schema.org\",\"@graph\":[{\"@type\":\"NewsArticle\",\"@id\":\"https:\/\/dicodusport.fr\/blog\/top-chef-episode-9-notes\/#article\",\"isPartOf\":{\"@id\":\"https:\/\/dicodusport.fr\/blog\/top-chef-episode-9-notes\/\"},\"author\":{\"name\":\"Jordane Mougenot-Pelletier\",\"@id\":\"https:\/\/dicodusport.fr\/blog\/#\/schema\/person\/20a73cde459581e727623fffec174040\"},\"headline\":\"Top Chef \u00e9pisode 9 : les notes de la r\u00e9daction\",\"datePublished\":\"2021-04-07T21:30:56+00:00\",\"dateModified\":\"2021-04-08T08:28:01+00:00\",\"mainEntityOfPage\":{\"@id\":\"https:\/\/dicodusport.fr\/blog\/top-chef-episode-9-notes\/\"},\"wordCount\":374,\"commentCount\":0,\"publisher\":{\"@id\":\"https:\/\/dicodusport.fr\/blog\/#organization\"},\"image\":{\"@id\":\"https:\/\/dicodusport.fr\/blog\/top-chef-episode-9-notes\/#primaryimage\"},\"thumbnailUrl\":\"https:\/\/dicodusport.fr\/blog\/wp-content\/uploads\/2021\/04\/Top-Chef-episode-9-Les-notes-de-la-redaction.png\",\"keywords\":[\"Insolite\",\"Top Chef\"],\"articleSection\":[\"Insolite\"],\"inLanguage\":\"fr-FR\",\"potentialAction\":[{\"@type\":\"CommentAction\",\"name\":\"Comment\",\"target\":[\"https:\/\/dicodusport.fr\/blog\/top-chef-episode-9-notes\/#respond\"]}],\"copyrightYear\":\"2021\",\"copyrightHolder\":{\"@id\":\"https:\/\/dicodusport.fr\/blog\/#organization\"}},{\"@type\":\"WebPage\",\"@id\":\"https:\/\/dicodusport.fr\/blog\/top-chef-episode-9-notes\/\",\"url\":\"https:\/\/dicodusport.fr\/blog\/top-chef-episode-9-notes\/\",\"name\":\"Top Chef \u00e9pisode 9 : les notes de la r\u00e9daction - Dicodusport\",\"isPartOf\":{\"@id\":\"https:\/\/dicodusport.fr\/blog\/#website\"},\"primaryImageOfPage\":{\"@id\":\"https:\/\/dicodusport.fr\/blog\/top-chef-episode-9-notes\/#primaryimage\"},\"image\":{\"@id\":\"https:\/\/dicodusport.fr\/blog\/top-chef-episode-9-notes\/#primaryimage\"},\"thumbnailUrl\":\"https:\/\/dicodusport.fr\/blog\/wp-content\/uploads\/2021\/04\/Top-Chef-episode-9-Les-notes-de-la-redaction.png\",\"datePublished\":\"2021-04-07T21:30:56+00:00\",\"dateModified\":\"2021-04-08T08:28:01+00:00\",\"description\":\"Vous avez rat\u00e9 Top Chef \u00e9pisode 9 ? Pas de probl\u00e8me ! La r\u00e9daction vous propose ses notes. Bouch\u00e9es et d\u00e9veloppement durable au programme.\",\"breadcrumb\":{\"@id\":\"https:\/\/dicodusport.fr\/blog\/top-chef-episode-9-notes\/#breadcrumb\"},\"inLanguage\":\"fr-FR\",\"potentialAction\":[{\"@type\":\"ReadAction\",\"target\":[\"https:\/\/dicodusport.fr\/blog\/top-chef-episode-9-notes\/\"]}]},{\"@type\":\"ImageObject\",\"inLanguage\":\"fr-FR\",\"@id\":\"https:\/\/dicodusport.fr\/blog\/top-chef-episode-9-notes\/#primaryimage\",\"url\":\"https:\/\/dicodusport.fr\/blog\/wp-content\/uploads\/2021\/04\/Top-Chef-episode-9-Les-notes-de-la-redaction.png\",\"contentUrl\":\"https:\/\/dicodusport.fr\/blog\/wp-content\/uploads\/2021\/04\/Top-Chef-episode-9-Les-notes-de-la-redaction.png\",\"width\":800,\"height\":445},{\"@type\":\"BreadcrumbList\",\"@id\":\"https:\/\/dicodusport.fr\/blog\/top-chef-episode-9-notes\/#breadcrumb\",\"itemListElement\":[{\"@type\":\"ListItem\",\"position\":1,\"name\":\"Accueil\",\"item\":\"https:\/\/dicodusport.fr\/blog\/\"},{\"@type\":\"ListItem\",\"position\":2,\"name\":\"Top Chef \u00e9pisode 9 : les notes de la r\u00e9daction\"}]},{\"@type\":\"WebSite\",\"@id\":\"https:\/\/dicodusport.fr\/blog\/#website\",\"url\":\"https:\/\/dicodusport.fr\/blog\/\",\"name\":\"Dicodusport\",\"description\":\"L&#039;encyclop\u00e9die de l&#039;actualit\u00e9 sportive\",\"publisher\":{\"@id\":\"https:\/\/dicodusport.fr\/blog\/#organization\"},\"potentialAction\":[{\"@type\":\"SearchAction\",\"target\":{\"@type\":\"EntryPoint\",\"urlTemplate\":\"https:\/\/dicodusport.fr\/blog\/?s={search_term_string}\"},\"query-input\":{\"@type\":\"PropertyValueSpecification\",\"valueRequired\":true,\"valueName\":\"search_term_string\"}}],\"inLanguage\":\"fr-FR\"},{\"@type\":\"NewsMediaOrganization\",\"@id\":\"https:\/\/dicodusport.fr\/blog\/#organization\",\"name\":\"Dicodusport\",\"url\":\"https:\/\/dicodusport.fr\/blog\/\",\"logo\":{\"@type\":\"ImageObject\",\"inLanguage\":\"fr-FR\",\"@id\":\"https:\/\/dicodusport.fr\/blog\/#\/schema\/logo\/image\/\",\"url\":\"https:\/\/dicodusport.fr\/blog\/wp-content\/uploads\/2020\/06\/cropped-LOGO-DICODUSPORT-2020-SANS-FOND-SANS-TEXTE.png\",\"contentUrl\":\"https:\/\/dicodusport.fr\/blog\/wp-content\/uploads\/2020\/06\/cropped-LOGO-DICODUSPORT-2020-SANS-FOND-SANS-TEXTE.png\",\"width\":512,\"height\":512,\"caption\":\"Dicodusport\"},\"image\":{\"@id\":\"https:\/\/dicodusport.fr\/blog\/#\/schema\/logo\/image\/\"},\"sameAs\":[\"https:\/\/www.facebook.com\/dicodusport\",\"https:\/\/x.com\/dicodusport\",\"https:\/\/www.instagram.com\/dicodusport\/\",\"https:\/\/www.youtube.com\/channel\/UC7V2KZ5sd3htJivAbA4ZG3w\"],\"description\":\"Dicodusport est l'encyclop\u00e9die de l'actualit\u00e9 sportive.\",\"email\":\"bonjour@dicodusport.fr\",\"legalName\":\"DICODUSPORT\",\"foundingDate\":\"2018-01-14\",\"vatID\":\"FR71834470973\",\"taxID\":\"83447097300043\",\"numberOfEmployees\":{\"@type\":\"QuantitativeValue\",\"minValue\":\"1\",\"maxValue\":\"10\"}},{\"@type\":\"Person\",\"@id\":\"https:\/\/dicodusport.fr\/blog\/#\/schema\/person\/20a73cde459581e727623fffec174040\",\"name\":\"Jordane Mougenot-Pelletier\",\"image\":{\"@type\":\"ImageObject\",\"inLanguage\":\"fr-FR\",\"@id\":\"https:\/\/dicodusport.fr\/blog\/#\/schema\/person\/image\/\",\"url\":\"https:\/\/dicodusport.fr\/blog\/wp-content\/uploads\/2021\/05\/Jordane-MP-150x150.jpg\",\"contentUrl\":\"https:\/\/dicodusport.fr\/blog\/wp-content\/uploads\/2021\/05\/Jordane-MP-150x150.jpg\",\"caption\":\"Jordane Mougenot-Pelletier\"},\"description\":\"Journaliste\/r\u00e9dacteur depuis mai 2018 - Dans mon sang coule \u00e0 la fois le feu des penne \u00e0 l'arrabiata et la glace du Grand Colombier. Amoureux des belles lettres et des Talking Heads, je supporte un club olympique. Int\u00e9ress\u00e9 par les relations qu'entretient le sport avec la soci\u00e9t\u00e9, je m'int\u00e9resse autant \u00e0 Marc C\u00e9cillon qu'\u00e0 Pep Guardiola, \u00e0 Tonya Harding qu'\u00e0 Philipp Roth. Enfant des 90's, on ne me fera pas croire qu'il y a eu plus beau \u00e0 voir depuis Zin\u00e9dine Zidane, Marco Pantani et Pete Sampras. La b\u00e9chamel est une invention du diable, la Super Ligue aussi.\",\"sameAs\":[\"https:\/\/x.com\/https:\/\/twitter.com\/jmp_pmj\"],\"url\":\"https:\/\/dicodusport.fr\/blog\/author\/jordane\/\"}]}<\/script>\n<!-- \/ Yoast SEO Premium plugin. -->","yoast_head_json":{"title":"Top Chef \u00e9pisode 9 : les notes de la r\u00e9daction - Dicodusport","description":"Vous avez rat\u00e9 Top Chef \u00e9pisode 9 ? Pas de probl\u00e8me ! La r\u00e9daction vous propose ses notes. Bouch\u00e9es et d\u00e9veloppement durable au programme.","robots":{"index":"index","follow":"follow","max-snippet":"max-snippet:-1","max-image-preview":"max-image-preview:large","max-video-preview":"max-video-preview:-1"},"canonical":"https:\/\/dicodusport.fr\/blog\/top-chef-episode-9-notes\/","og_locale":"fr_FR","og_type":"article","og_title":"Top Chef \u00e9pisode 9 : les notes de la r\u00e9daction","og_description":"Vous avez rat\u00e9 Top Chef \u00e9pisode 9 ? Pas de probl\u00e8me ! La r\u00e9daction vous propose ses notes. Bouch\u00e9es et d\u00e9veloppement durable au programme.","og_url":"https:\/\/dicodusport.fr\/blog\/top-chef-episode-9-notes\/","og_site_name":"Dicodusport","article_publisher":"https:\/\/www.facebook.com\/dicodusport","article_published_time":"2021-04-07T21:30:56+00:00","article_modified_time":"2021-04-08T08:28:01+00:00","og_image":[{"width":800,"height":445,"url":"https:\/\/dicodusport.fr\/blog\/wp-content\/uploads\/2021\/04\/Top-Chef-episode-9-Les-notes-de-la-redaction.png","type":"image\/png"}],"author":"Jordane Mougenot-Pelletier","twitter_card":"summary_large_image","twitter_title":"Top Chef \u00e9pisode 9 : les notes de la r\u00e9daction","twitter_creator":"@https:\/\/twitter.com\/jmp_pmj","twitter_site":"@dicodusport","schema":{"@context":"https:\/\/schema.org","@graph":[{"@type":"NewsArticle","@id":"https:\/\/dicodusport.fr\/blog\/top-chef-episode-9-notes\/#article","isPartOf":{"@id":"https:\/\/dicodusport.fr\/blog\/top-chef-episode-9-notes\/"},"author":{"name":"Jordane Mougenot-Pelletier","@id":"https:\/\/dicodusport.fr\/blog\/#\/schema\/person\/20a73cde459581e727623fffec174040"},"headline":"Top Chef \u00e9pisode 9 : les notes de la r\u00e9daction","datePublished":"2021-04-07T21:30:56+00:00","dateModified":"2021-04-08T08:28:01+00:00","mainEntityOfPage":{"@id":"https:\/\/dicodusport.fr\/blog\/top-chef-episode-9-notes\/"},"wordCount":374,"commentCount":0,"publisher":{"@id":"https:\/\/dicodusport.fr\/blog\/#organization"},"image":{"@id":"https:\/\/dicodusport.fr\/blog\/top-chef-episode-9-notes\/#primaryimage"},"thumbnailUrl":"https:\/\/dicodusport.fr\/blog\/wp-content\/uploads\/2021\/04\/Top-Chef-episode-9-Les-notes-de-la-redaction.png","keywords":["Insolite","Top Chef"],"articleSection":["Insolite"],"inLanguage":"fr-FR","potentialAction":[{"@type":"CommentAction","name":"Comment","target":["https:\/\/dicodusport.fr\/blog\/top-chef-episode-9-notes\/#respond"]}],"copyrightYear":"2021","copyrightHolder":{"@id":"https:\/\/dicodusport.fr\/blog\/#organization"}},{"@type":"WebPage","@id":"https:\/\/dicodusport.fr\/blog\/top-chef-episode-9-notes\/","url":"https:\/\/dicodusport.fr\/blog\/top-chef-episode-9-notes\/","name":"Top Chef \u00e9pisode 9 : les notes de la r\u00e9daction - Dicodusport","isPartOf":{"@id":"https:\/\/dicodusport.fr\/blog\/#website"},"primaryImageOfPage":{"@id":"https:\/\/dicodusport.fr\/blog\/top-chef-episode-9-notes\/#primaryimage"},"image":{"@id":"https:\/\/dicodusport.fr\/blog\/top-chef-episode-9-notes\/#primaryimage"},"thumbnailUrl":"https:\/\/dicodusport.fr\/blog\/wp-content\/uploads\/2021\/04\/Top-Chef-episode-9-Les-notes-de-la-redaction.png","datePublished":"2021-04-07T21:30:56+00:00","dateModified":"2021-04-08T08:28:01+00:00","description":"Vous avez rat\u00e9 Top Chef \u00e9pisode 9 ? Pas de probl\u00e8me ! La r\u00e9daction vous propose ses notes. Bouch\u00e9es et d\u00e9veloppement durable au programme.","breadcrumb":{"@id":"https:\/\/dicodusport.fr\/blog\/top-chef-episode-9-notes\/#breadcrumb"},"inLanguage":"fr-FR","potentialAction":[{"@type":"ReadAction","target":["https:\/\/dicodusport.fr\/blog\/top-chef-episode-9-notes\/"]}]},{"@type":"ImageObject","inLanguage":"fr-FR","@id":"https:\/\/dicodusport.fr\/blog\/top-chef-episode-9-notes\/#primaryimage","url":"https:\/\/dicodusport.fr\/blog\/wp-content\/uploads\/2021\/04\/Top-Chef-episode-9-Les-notes-de-la-redaction.png","contentUrl":"https:\/\/dicodusport.fr\/blog\/wp-content\/uploads\/2021\/04\/Top-Chef-episode-9-Les-notes-de-la-redaction.png","width":800,"height":445},{"@type":"BreadcrumbList","@id":"https:\/\/dicodusport.fr\/blog\/top-chef-episode-9-notes\/#breadcrumb","itemListElement":[{"@type":"ListItem","position":1,"name":"Accueil","item":"https:\/\/dicodusport.fr\/blog\/"},{"@type":"ListItem","position":2,"name":"Top Chef \u00e9pisode 9 : les notes de la r\u00e9daction"}]},{"@type":"WebSite","@id":"https:\/\/dicodusport.fr\/blog\/#website","url":"https:\/\/dicodusport.fr\/blog\/","name":"Dicodusport","description":"L&#039;encyclop\u00e9die de l&#039;actualit\u00e9 sportive","publisher":{"@id":"https:\/\/dicodusport.fr\/blog\/#organization"},"potentialAction":[{"@type":"SearchAction","target":{"@type":"EntryPoint","urlTemplate":"https:\/\/dicodusport.fr\/blog\/?s={search_term_string}"},"query-input":{"@type":"PropertyValueSpecification","valueRequired":true,"valueName":"search_term_string"}}],"inLanguage":"fr-FR"},{"@type":"NewsMediaOrganization","@id":"https:\/\/dicodusport.fr\/blog\/#organization","name":"Dicodusport","url":"https:\/\/dicodusport.fr\/blog\/","logo":{"@type":"ImageObject","inLanguage":"fr-FR","@id":"https:\/\/dicodusport.fr\/blog\/#\/schema\/logo\/image\/","url":"https:\/\/dicodusport.fr\/blog\/wp-content\/uploads\/2020\/06\/cropped-LOGO-DICODUSPORT-2020-SANS-FOND-SANS-TEXTE.png","contentUrl":"https:\/\/dicodusport.fr\/blog\/wp-content\/uploads\/2020\/06\/cropped-LOGO-DICODUSPORT-2020-SANS-FOND-SANS-TEXTE.png","width":512,"height":512,"caption":"Dicodusport"},"image":{"@id":"https:\/\/dicodusport.fr\/blog\/#\/schema\/logo\/image\/"},"sameAs":["https:\/\/www.facebook.com\/dicodusport","https:\/\/x.com\/dicodusport","https:\/\/www.instagram.com\/dicodusport\/","https:\/\/www.youtube.com\/channel\/UC7V2KZ5sd3htJivAbA4ZG3w"],"description":"Dicodusport est l'encyclop\u00e9die de l'actualit\u00e9 sportive.","email":"bonjour@dicodusport.fr","legalName":"DICODUSPORT","foundingDate":"2018-01-14","vatID":"FR71834470973","taxID":"83447097300043","numberOfEmployees":{"@type":"QuantitativeValue","minValue":"1","maxValue":"10"}},{"@type":"Person","@id":"https:\/\/dicodusport.fr\/blog\/#\/schema\/person\/20a73cde459581e727623fffec174040","name":"Jordane Mougenot-Pelletier","image":{"@type":"ImageObject","inLanguage":"fr-FR","@id":"https:\/\/dicodusport.fr\/blog\/#\/schema\/person\/image\/","url":"https:\/\/dicodusport.fr\/blog\/wp-content\/uploads\/2021\/05\/Jordane-MP-150x150.jpg","contentUrl":"https:\/\/dicodusport.fr\/blog\/wp-content\/uploads\/2021\/05\/Jordane-MP-150x150.jpg","caption":"Jordane Mougenot-Pelletier"},"description":"Journaliste\/r\u00e9dacteur depuis mai 2018 - Dans mon sang coule \u00e0 la fois le feu des penne \u00e0 l'arrabiata et la glace du Grand Colombier. Amoureux des belles lettres et des Talking Heads, je supporte un club olympique. Int\u00e9ress\u00e9 par les relations qu'entretient le sport avec la soci\u00e9t\u00e9, je m'int\u00e9resse autant \u00e0 Marc C\u00e9cillon qu'\u00e0 Pep Guardiola, \u00e0 Tonya Harding qu'\u00e0 Philipp Roth. Enfant des 90's, on ne me fera pas croire qu'il y a eu plus beau \u00e0 voir depuis Zin\u00e9dine Zidane, Marco Pantani et Pete Sampras. La b\u00e9chamel est une invention du diable, la Super Ligue aussi.","sameAs":["https:\/\/x.com\/https:\/\/twitter.com\/jmp_pmj"],"url":"https:\/\/dicodusport.fr\/blog\/author\/jordane\/"}]}},"_links":{"self":[{"href":"https:\/\/dicodusport.fr\/blog\/wp-json\/wp\/v2\/posts\/119369","targetHints":{"allow":["GET"]}}],"collection":[{"href":"https:\/\/dicodusport.fr\/blog\/wp-json\/wp\/v2\/posts"}],"about":[{"href":"https:\/\/dicodusport.fr\/blog\/wp-json\/wp\/v2\/types\/post"}],"author":[{"embeddable":true,"href":"https:\/\/dicodusport.fr\/blog\/wp-json\/wp\/v2\/users\/40"}],"replies":[{"embeddable":true,"href":"https:\/\/dicodusport.fr\/blog\/wp-json\/wp\/v2\/comments?post=119369"}],"version-history":[{"count":0,"href":"https:\/\/dicodusport.fr\/blog\/wp-json\/wp\/v2\/posts\/119369\/revisions"}],"wp:featuredmedia":[{"embeddable":true,"href":"https:\/\/dicodusport.fr\/blog\/wp-json\/wp\/v2\/media\/119376"}],"wp:attachment":[{"href":"https:\/\/dicodusport.fr\/blog\/wp-json\/wp\/v2\/media?parent=119369"}],"wp:term":[{"taxonomy":"category","embeddable":true,"href":"https:\/\/dicodusport.fr\/blog\/wp-json\/wp\/v2\/categories?post=119369"},{"taxonomy":"post_tag","embeddable":true,"href":"https:\/\/dicodusport.fr\/blog\/wp-json\/wp\/v2\/tags?post=119369"}],"curies":[{"name":"wp","href":"https:\/\/api.w.org\/{rel}","templated":true}]}}