{"id":11949,"date":"2018-02-08T10:00:28","date_gmt":"2018-02-08T09:00:28","guid":{"rendered":"http:\/\/dicodusport.fr\/blog\/?p=11949"},"modified":"2018-02-08T10:16:03","modified_gmt":"2018-02-08T09:16:03","slug":"stany-delayre-esprit-libere","status":"publish","type":"post","link":"https:\/\/dicodusport.fr\/blog\/stany-delayre-esprit-libere\/","title":{"rendered":"Stany Delayre, l&rsquo;esprit lib\u00e9r\u00e9"},"content":{"rendered":"<p style=\"text-align: justify;\"><em><strong>Quelques jours apr\u00e8s l&rsquo;annonce de sa retraite, nous avons rencontr\u00e9 Stany Delayre qui revient sur cette d\u00e9cision mais aussi sur ses souvenirs de carri\u00e8re.\u00a0<\/strong><\/em><\/p>\n<h5 style=\"text-align: justify;\">Stany, quelques jours apr\u00e8s l\u2019annonce de ta retraite, comment te sens-tu ?<\/h5>\n<p style=\"text-align: justify;\">Je me sens bien et lib\u00e9r\u00e9 ! C&rsquo;\u00e9tait un poids de garder cette d\u00e9cision donc cela fait du bien de le dire et \u00e7a me permet de l&rsquo;accepter encore un peu plus. Je profite des moments de la vie et je me concentre sur mes nouveaux projets personnels et professionnels.<\/p>\n<h5 style=\"text-align: justify;\">Pourquoi avoir pris cette d\u00e9cision ? A quel moment l\u2019as-tu prise ?<\/h5>\n<p style=\"text-align: justify;\">La premi\u00e8re chose, c&rsquo;est que j&rsquo;\u00e9tais vraiment fatigu\u00e9 physiquement et mentalement par ce que l&rsquo;aviron me demandait. C&rsquo;est un vrai engagement qui requiert beaucoup d&rsquo;absences notamment, et ce n&rsquo;est pas possible de faire les choses \u00e0 moiti\u00e9. J&rsquo;ai des projets personnels, donc mes objectifs ont chang\u00e9 et c&rsquo;est vrai que ma famille a pris beaucoup plus de place dans ma vie avec l&rsquo;\u00e2ge, je n&rsquo;ai plus 20 ans. Ce n&rsquo;est jamais des d\u00e9cisions faciles \u00e0 prendre mais c&rsquo;est vrai qu&rsquo;en 2015, je pensais faire l&rsquo;ann\u00e9e olympique et 2017 en plus puis m&rsquo;arr\u00eater. C&rsquo;est vrai que les choses ne se sont pas forc\u00e9ment pass\u00e9es comme cela, donc toutes les cartes ont \u00e9t\u00e9 redistribu\u00e9es. Je me suis demand\u00e9 si j&rsquo;avais envie de repartir pour une olympiade, mais je me suis rendu compte petit \u00e0 petit qu&rsquo;il y avait des choses dans la vie plus importantes que le sport de haut niveau.<\/p>\n<h5 style=\"text-align: justify;\">La retraite de J\u00e9r\u00e9mie [Azou] a-t-elle influenc\u00e9 ton choix ?<\/h5>\n<p style=\"text-align: justify;\">Non, elle n&rsquo;a pas directement influenc\u00e9 ma d\u00e9cision mais cela m&rsquo;a fait me poser encore plus de questions, car j&rsquo;\u00e9tais relanc\u00e9 dans le projet du double. Mais malgr\u00e9 cela et apr\u00e8s le break des championnats du monde, je ne me sentais pas de repartir, l&rsquo;envie n&rsquo;\u00e9tait plus vraiment l\u00e0.<\/p>\n<h5 style=\"text-align: justify;\">M\u00eame si tu es \u00e0 nouveau devenu champion du monde en 2017 \u00e0 4, est-ce que finalement, quelque chose s\u2019est vraiment cass\u00e9 au printemps 2016, sans pouvoir se r\u00e9parer ?<\/h5>\n<p style=\"text-align: justify;\">C&rsquo;est vrai qu&rsquo;il y a eu une vraie cassure avec le double suite \u00e0 la s\u00e9lection pour les Jeux Olympiques. Nos relations avec J\u00e9r\u00e9mie ont \u00e9t\u00e9 diff\u00e9rentes suite \u00e0 cela, car il devait \u00eatre dans son nouveau r\u00f4le vis-\u00e0-vis de Pierre [Houin], donc il \u00e9tait sur la d\u00e9fensive, un peu mal \u00e0 l&rsquo;aise et il a s\u00fbrement voulu me prot\u00e9ger de certaines choses. Nous passions moins de temps ensemble car nous n&rsquo;\u00e9tions plus dans la m\u00eame chambre ou dans la m\u00eame embarcation et de ce fait, il n&rsquo;y avait plus nos \u00e9changes habituels. M\u00eame si le fond de notre relation n&rsquo;a pas chang\u00e9, il y a forc\u00e9ment eu cette cassure l\u00e0.<\/p>\n<p style=\"text-align: justify;\">J&rsquo;ai appris \u00e0 me d\u00e9tacher de tout cela et \u00e0 profiter des moments qui se sont pr\u00e9sent\u00e9s, m\u00eame s&rsquo;ils \u00e9taient diff\u00e9rents. Avec J\u00e9r\u00e9mie, nous avons tellement pris de plaisir \u00e0 ramer ensemble que c&rsquo;\u00e9tait plus compliqu\u00e9 de retrouver ces sensations dans un autre bateau. Quand il a pris sa retraite, cela devenait certain que tous ces moments de plaisir avec lui n&rsquo;\u00e9taient plus que des souvenirs. M\u00eame si un jour on refait du double ensemble, l&rsquo;\u00e9tat de forme et les sensations ne seront plus les m\u00eames.<\/p>\n<h5 style=\"text-align: justify;\">Sans J\u00e9r\u00e9mie, ni toi, penses-tu que Pierre va pouvoir trouver un \u00e9quipier pour rester en haut de la hi\u00e9rarchie mondiale ?<\/h5>\n<p style=\"text-align: justify;\">Je l&rsquo;esp\u00e8re, mais cela va prendre du temps car il y a un vrai travail de reconstruction \u00e0 faire. Trois des quatre premiers du dernier championnats de France bateau court poids l\u00e9ger ont arr\u00eat\u00e9, donc cela va forc\u00e9ment laisser un vide. Pierre, m\u00eame s&rsquo;il est champion olympique, il n&rsquo;a pas l&rsquo;exp\u00e9rience de J\u00e9r\u00e9mie, donc il va falloir \u00eatre patient et prendre le temps d&rsquo;accepter cette \u00e9preuve de reconstruction.<\/p>\n<h5 style=\"text-align: justify;\">Ton meilleur souvenir de sportif dans ta discipline ? Et hors titre, quel souvenir garderas-tu de ta carri\u00e8re ?<\/h5>\n<p style=\"text-align: justify;\">La facilit\u00e9 serait de dire le titre de champion du monde \u00e0 Aiguebelette, mais je vais dire la course\u00a0 des championnats de France en 2012 o\u00f9 je termine deuxi\u00e8me et qui m&rsquo;a permis de rentrer dans le double. C&rsquo;est gr\u00e2ce \u00e0 cette course que j&rsquo;ai pu vivre la quatri\u00e8me place aux JO ou le titre de 2015. Sans cette performance, je n&rsquo;aurais pas \u00e9t\u00e9 essay\u00e9 avec J\u00e9r\u00e9mie, nous n&rsquo;aurions pas gagn\u00e9 Lucerne et ainsi de suite.<\/p>\n<p style=\"text-align: justify;\">Et ce que je retiendrai, hors des r\u00e9sultats, ce sont les rencontres que j&rsquo;ai pu faire comme J\u00e9rem, qui est devenu parrain de mon fils ou la relation que j&rsquo;ai aujourd&rsquo;hui avec mon entraineur, Alexis. Gr\u00e2ce \u00e0 l&rsquo;aviron j&rsquo;ai pu rencontrer des gens formidables avec qui j&rsquo;ai v\u00e9cu des \u00e9motions \u00e9normes.<\/p>\n<h5 style=\"text-align: justify;\">La suite pour toi, c\u2019est quoi ? Vas-tu rester proche de l\u2019aviron ?<\/h5>\n<p style=\"text-align: justify;\">Je vais \u00eatre proche de ma famille, nous allons terminer de r\u00e9nover la maison que nous avons achet\u00e9. Professionnellement, je deviens responsable sportif du sport nautique de Bergerac, je prends la suite des fr\u00e8res Rousseaux qui m&rsquo;ont form\u00e9 quand j&rsquo;\u00e9tais plus jeune. Je vais essayer d&rsquo;apporter aux jeunes ce qu&rsquo;on m&rsquo;a apport\u00e9 quand j&rsquo;\u00e9tais plus jeune pour continuer \u00e0 ce que le club de Bergerac soit sur des podiums nationaux et internationaux.<\/p>\n<p><em><strong>Nicolas Jacquemard<br \/>\n<\/strong><\/em><a style=\"color: #000000;\" href=\"https:\/\/twitter.com\/Nico_Jacquemard\" target=\"_blank\" rel=\"noopener noreferrer\"><img loading=\"lazy\" decoding=\"async\" class=\"alignnone wp-image-2908\" src=\"http:\/\/dicodusport.fr\/blog\/wp-content\/uploads\/2017\/07\/logo-twitter-150x150.png\" alt=\"\" width=\"39\" height=\"39\" \/><\/a><a style=\"color: #000000;\" href=\"https:\/\/www.facebook.com\/dicodusport\/\" target=\"_blank\" rel=\"noopener noreferrer\"><img loading=\"lazy\" decoding=\"async\" class=\"alignnone wp-image-2909\" src=\"http:\/\/dicodusport.fr\/blog\/wp-content\/uploads\/2017\/07\/logo-facebook-150x150.png\" alt=\"\" width=\"40\" height=\"40\" \/><\/a><\/p>\n","protected":false},"excerpt":{"rendered":"<p>Quelques jours apr\u00e8s l&rsquo;annonce de sa retraite, nous avons rencontr\u00e9 Stany Delayre qui revient sur cette d\u00e9cision mais aussi sur ses souvenirs de carri\u00e8re.\u00a0<\/p>\n","protected":false},"author":1,"featured_media":12082,"comment_status":"open","ping_status":"closed","sticky":false,"template":"","format":"standard","meta":{"_acf_changed":false,"_daextam_enable_autolinks":"","footnotes":""},"categories":[2,2309],"tags":[739,738,1113],"class_list":["post-11949","post","type-post","status-publish","format-standard","has-post-thumbnail","hentry","category-actualites","category-aviron","tag-aviron","tag-jeremie-azou","tag-stany-delayre"],"acf":[],"yoast_head":"<!-- This site is optimized with the Yoast SEO Premium plugin v26.7 (Yoast SEO v26.7) - https:\/\/yoast.com\/wordpress\/plugins\/seo\/ -->\n<title>Stany Delayre, l&#039;esprit lib\u00e9r\u00e9<\/title>\n<meta name=\"description\" content=\"Quelques jours apr\u00e8s l&#039;annonce de sa retraite, nous avons rencontr\u00e9 Stany Delayre qui revient sur cette d\u00e9cision mais aussi sur ses souvenirs de carri\u00e8re.\u00a0\" \/>\n<meta name=\"robots\" content=\"index, follow, max-snippet:-1, max-image-preview:large, max-video-preview:-1\" \/>\n<link rel=\"canonical\" href=\"https:\/\/dicodusport.fr\/blog\/stany-delayre-esprit-libere\/\" \/>\n<meta property=\"og:locale\" content=\"fr_FR\" \/>\n<meta property=\"og:type\" content=\"article\" \/>\n<meta property=\"og:title\" content=\"Stany Delayre, l&#039;esprit lib\u00e9r\u00e9\" \/>\n<meta property=\"og:description\" content=\"Quelques jours apr\u00e8s l&#039;annonce de sa retraite, nous avons rencontr\u00e9 Stany Delayre qui revient sur cette d\u00e9cision mais aussi sur ses souvenirs de carri\u00e8re.\u00a0\" \/>\n<meta property=\"og:url\" content=\"https:\/\/dicodusport.fr\/blog\/stany-delayre-esprit-libere\/\" \/>\n<meta property=\"og:site_name\" content=\"Dicodusport\" \/>\n<meta property=\"article:publisher\" content=\"https:\/\/www.facebook.com\/dicodusport\" \/>\n<meta property=\"article:author\" content=\"https:\/\/www.facebook.com\/dicodusport\" \/>\n<meta property=\"article:published_time\" content=\"2018-02-08T09:00:28+00:00\" \/>\n<meta property=\"article:modified_time\" content=\"2018-02-08T09:16:03+00:00\" \/>\n<meta property=\"og:image\" content=\"https:\/\/dicodusport.fr\/blog\/wp-content\/uploads\/2018\/02\/Stany-Delayre-retraite.png\" \/>\n\t<meta property=\"og:image:width\" content=\"1200\" \/>\n\t<meta property=\"og:image:height\" content=\"670\" \/>\n\t<meta property=\"og:image:type\" content=\"image\/png\" \/>\n<meta name=\"author\" content=\"Nicolas Jacquemard\" \/>\n<meta name=\"twitter:card\" content=\"summary_large_image\" \/>\n<meta name=\"twitter:creator\" content=\"@https:\/\/twitter.com\/Nico_Jacquemard\" \/>\n<meta name=\"twitter:site\" content=\"@dicodusport\" \/>\n<script type=\"application\/ld+json\" class=\"yoast-schema-graph\">{\"@context\":\"https:\/\/schema.org\",\"@graph\":[{\"@type\":\"NewsArticle\",\"@id\":\"https:\/\/dicodusport.fr\/blog\/stany-delayre-esprit-libere\/#article\",\"isPartOf\":{\"@id\":\"https:\/\/dicodusport.fr\/blog\/stany-delayre-esprit-libere\/\"},\"author\":{\"name\":\"Nicolas Jacquemard\",\"@id\":\"https:\/\/dicodusport.fr\/blog\/#\/schema\/person\/55dcb50ad410894e431ed812bbb70191\"},\"headline\":\"Stany Delayre, l&rsquo;esprit lib\u00e9r\u00e9\",\"datePublished\":\"2018-02-08T09:00:28+00:00\",\"dateModified\":\"2018-02-08T09:16:03+00:00\",\"mainEntityOfPage\":{\"@id\":\"https:\/\/dicodusport.fr\/blog\/stany-delayre-esprit-libere\/\"},\"wordCount\":955,\"commentCount\":0,\"publisher\":{\"@id\":\"https:\/\/dicodusport.fr\/blog\/#organization\"},\"image\":{\"@id\":\"https:\/\/dicodusport.fr\/blog\/stany-delayre-esprit-libere\/#primaryimage\"},\"thumbnailUrl\":\"https:\/\/dicodusport.fr\/blog\/wp-content\/uploads\/2018\/02\/Stany-Delayre-retraite.png\",\"keywords\":[\"aviron\",\"j\u00e9r\u00e9mie azou\",\"Stany Delayre\"],\"articleSection\":[\"Actualit\u00e9s\",\"Aviron\"],\"inLanguage\":\"fr-FR\",\"potentialAction\":[{\"@type\":\"CommentAction\",\"name\":\"Comment\",\"target\":[\"https:\/\/dicodusport.fr\/blog\/stany-delayre-esprit-libere\/#respond\"]}],\"copyrightYear\":\"2018\",\"copyrightHolder\":{\"@id\":\"https:\/\/dicodusport.fr\/blog\/#organization\"}},{\"@type\":\"WebPage\",\"@id\":\"https:\/\/dicodusport.fr\/blog\/stany-delayre-esprit-libere\/\",\"url\":\"https:\/\/dicodusport.fr\/blog\/stany-delayre-esprit-libere\/\",\"name\":\"Stany Delayre, l'esprit lib\u00e9r\u00e9\",\"isPartOf\":{\"@id\":\"https:\/\/dicodusport.fr\/blog\/#website\"},\"primaryImageOfPage\":{\"@id\":\"https:\/\/dicodusport.fr\/blog\/stany-delayre-esprit-libere\/#primaryimage\"},\"image\":{\"@id\":\"https:\/\/dicodusport.fr\/blog\/stany-delayre-esprit-libere\/#primaryimage\"},\"thumbnailUrl\":\"https:\/\/dicodusport.fr\/blog\/wp-content\/uploads\/2018\/02\/Stany-Delayre-retraite.png\",\"datePublished\":\"2018-02-08T09:00:28+00:00\",\"dateModified\":\"2018-02-08T09:16:03+00:00\",\"description\":\"Quelques jours apr\u00e8s l'annonce de sa retraite, nous avons rencontr\u00e9 Stany Delayre qui revient sur cette d\u00e9cision mais aussi sur ses souvenirs de carri\u00e8re.\u00a0\",\"breadcrumb\":{\"@id\":\"https:\/\/dicodusport.fr\/blog\/stany-delayre-esprit-libere\/#breadcrumb\"},\"inLanguage\":\"fr-FR\",\"potentialAction\":[{\"@type\":\"ReadAction\",\"target\":[\"https:\/\/dicodusport.fr\/blog\/stany-delayre-esprit-libere\/\"]}]},{\"@type\":\"ImageObject\",\"inLanguage\":\"fr-FR\",\"@id\":\"https:\/\/dicodusport.fr\/blog\/stany-delayre-esprit-libere\/#primaryimage\",\"url\":\"https:\/\/dicodusport.fr\/blog\/wp-content\/uploads\/2018\/02\/Stany-Delayre-retraite.png\",\"contentUrl\":\"https:\/\/dicodusport.fr\/blog\/wp-content\/uploads\/2018\/02\/Stany-Delayre-retraite.png\",\"width\":1200,\"height\":670,\"caption\":\"Stany Delayre retraite\"},{\"@type\":\"BreadcrumbList\",\"@id\":\"https:\/\/dicodusport.fr\/blog\/stany-delayre-esprit-libere\/#breadcrumb\",\"itemListElement\":[{\"@type\":\"ListItem\",\"position\":1,\"name\":\"Accueil\",\"item\":\"https:\/\/dicodusport.fr\/blog\/\"},{\"@type\":\"ListItem\",\"position\":2,\"name\":\"Stany Delayre, l&rsquo;esprit lib\u00e9r\u00e9\"}]},{\"@type\":\"WebSite\",\"@id\":\"https:\/\/dicodusport.fr\/blog\/#website\",\"url\":\"https:\/\/dicodusport.fr\/blog\/\",\"name\":\"Dicodusport\",\"description\":\"L&#039;encyclop\u00e9die de l&#039;actualit\u00e9 sportive\",\"publisher\":{\"@id\":\"https:\/\/dicodusport.fr\/blog\/#organization\"},\"potentialAction\":[{\"@type\":\"SearchAction\",\"target\":{\"@type\":\"EntryPoint\",\"urlTemplate\":\"https:\/\/dicodusport.fr\/blog\/?s={search_term_string}\"},\"query-input\":{\"@type\":\"PropertyValueSpecification\",\"valueRequired\":true,\"valueName\":\"search_term_string\"}}],\"inLanguage\":\"fr-FR\"},{\"@type\":\"NewsMediaOrganization\",\"@id\":\"https:\/\/dicodusport.fr\/blog\/#organization\",\"name\":\"Dicodusport\",\"url\":\"https:\/\/dicodusport.fr\/blog\/\",\"logo\":{\"@type\":\"ImageObject\",\"inLanguage\":\"fr-FR\",\"@id\":\"https:\/\/dicodusport.fr\/blog\/#\/schema\/logo\/image\/\",\"url\":\"https:\/\/dicodusport.fr\/blog\/wp-content\/uploads\/2020\/06\/cropped-LOGO-DICODUSPORT-2020-SANS-FOND-SANS-TEXTE.png\",\"contentUrl\":\"https:\/\/dicodusport.fr\/blog\/wp-content\/uploads\/2020\/06\/cropped-LOGO-DICODUSPORT-2020-SANS-FOND-SANS-TEXTE.png\",\"width\":512,\"height\":512,\"caption\":\"Dicodusport\"},\"image\":{\"@id\":\"https:\/\/dicodusport.fr\/blog\/#\/schema\/logo\/image\/\"},\"sameAs\":[\"https:\/\/www.facebook.com\/dicodusport\",\"https:\/\/x.com\/dicodusport\",\"https:\/\/www.instagram.com\/dicodusport\/\",\"https:\/\/www.youtube.com\/channel\/UC7V2KZ5sd3htJivAbA4ZG3w\"],\"description\":\"Dicodusport est l'encyclop\u00e9die de l'actualit\u00e9 sportive.\",\"email\":\"bonjour@dicodusport.fr\",\"legalName\":\"DICODUSPORT\",\"foundingDate\":\"2018-01-14\",\"vatID\":\"FR71834470973\",\"taxID\":\"83447097300043\",\"numberOfEmployees\":{\"@type\":\"QuantitativeValue\",\"minValue\":\"1\",\"maxValue\":\"10\"}},{\"@type\":\"Person\",\"@id\":\"https:\/\/dicodusport.fr\/blog\/#\/schema\/person\/55dcb50ad410894e431ed812bbb70191\",\"name\":\"Nicolas Jacquemard\",\"image\":{\"@type\":\"ImageObject\",\"inLanguage\":\"fr-FR\",\"@id\":\"https:\/\/dicodusport.fr\/blog\/#\/schema\/person\/image\/\",\"url\":\"https:\/\/dicodusport.fr\/blog\/wp-content\/uploads\/2021\/05\/Nicolas-Jacquemard-150x150.jpeg\",\"contentUrl\":\"https:\/\/dicodusport.fr\/blog\/wp-content\/uploads\/2021\/05\/Nicolas-Jacquemard-150x150.jpeg\",\"caption\":\"Nicolas Jacquemard\"},\"description\":\"Passionn\u00e9 de sport et entrepreneur depuis mes 18 ans, la cr\u00e9ation de Dicodusport m'a sembl\u00e9 \u00e9vidente pour participer \u00e0 la m\u00e9diatisation d'un plus grand nombre de sports. Le chemin est long mais avec une \u00e9quipe des plus motiv\u00e9es et les Jeux Olympiques de Paris 2024 en point de mire, nous y arriverons ! Journaliste dans le monde du sport depuis plus de 5 ans, je traite aussi bien de football, de rugby, de biathlon que de cyclisme.\",\"sameAs\":[\"https:\/\/www.facebook.com\/dicodusport\",\"https:\/\/x.com\/https:\/\/twitter.com\/Nico_Jacquemard\"],\"url\":\"https:\/\/dicodusport.fr\/blog\/author\/dicodusport\/\"}]}<\/script>\n<!-- \/ Yoast SEO Premium plugin. -->","yoast_head_json":{"title":"Stany Delayre, l'esprit lib\u00e9r\u00e9","description":"Quelques jours apr\u00e8s l'annonce de sa retraite, nous avons rencontr\u00e9 Stany Delayre qui revient sur cette d\u00e9cision mais aussi sur ses souvenirs de carri\u00e8re.\u00a0","robots":{"index":"index","follow":"follow","max-snippet":"max-snippet:-1","max-image-preview":"max-image-preview:large","max-video-preview":"max-video-preview:-1"},"canonical":"https:\/\/dicodusport.fr\/blog\/stany-delayre-esprit-libere\/","og_locale":"fr_FR","og_type":"article","og_title":"Stany Delayre, l'esprit lib\u00e9r\u00e9","og_description":"Quelques jours apr\u00e8s l'annonce de sa retraite, nous avons rencontr\u00e9 Stany Delayre qui revient sur cette d\u00e9cision mais aussi sur ses souvenirs de carri\u00e8re.\u00a0","og_url":"https:\/\/dicodusport.fr\/blog\/stany-delayre-esprit-libere\/","og_site_name":"Dicodusport","article_publisher":"https:\/\/www.facebook.com\/dicodusport","article_author":"https:\/\/www.facebook.com\/dicodusport","article_published_time":"2018-02-08T09:00:28+00:00","article_modified_time":"2018-02-08T09:16:03+00:00","og_image":[{"width":1200,"height":670,"url":"https:\/\/dicodusport.fr\/blog\/wp-content\/uploads\/2018\/02\/Stany-Delayre-retraite.png","type":"image\/png"}],"author":"Nicolas Jacquemard","twitter_card":"summary_large_image","twitter_creator":"@https:\/\/twitter.com\/Nico_Jacquemard","twitter_site":"@dicodusport","schema":{"@context":"https:\/\/schema.org","@graph":[{"@type":"NewsArticle","@id":"https:\/\/dicodusport.fr\/blog\/stany-delayre-esprit-libere\/#article","isPartOf":{"@id":"https:\/\/dicodusport.fr\/blog\/stany-delayre-esprit-libere\/"},"author":{"name":"Nicolas Jacquemard","@id":"https:\/\/dicodusport.fr\/blog\/#\/schema\/person\/55dcb50ad410894e431ed812bbb70191"},"headline":"Stany Delayre, l&rsquo;esprit lib\u00e9r\u00e9","datePublished":"2018-02-08T09:00:28+00:00","dateModified":"2018-02-08T09:16:03+00:00","mainEntityOfPage":{"@id":"https:\/\/dicodusport.fr\/blog\/stany-delayre-esprit-libere\/"},"wordCount":955,"commentCount":0,"publisher":{"@id":"https:\/\/dicodusport.fr\/blog\/#organization"},"image":{"@id":"https:\/\/dicodusport.fr\/blog\/stany-delayre-esprit-libere\/#primaryimage"},"thumbnailUrl":"https:\/\/dicodusport.fr\/blog\/wp-content\/uploads\/2018\/02\/Stany-Delayre-retraite.png","keywords":["aviron","j\u00e9r\u00e9mie azou","Stany Delayre"],"articleSection":["Actualit\u00e9s","Aviron"],"inLanguage":"fr-FR","potentialAction":[{"@type":"CommentAction","name":"Comment","target":["https:\/\/dicodusport.fr\/blog\/stany-delayre-esprit-libere\/#respond"]}],"copyrightYear":"2018","copyrightHolder":{"@id":"https:\/\/dicodusport.fr\/blog\/#organization"}},{"@type":"WebPage","@id":"https:\/\/dicodusport.fr\/blog\/stany-delayre-esprit-libere\/","url":"https:\/\/dicodusport.fr\/blog\/stany-delayre-esprit-libere\/","name":"Stany Delayre, l'esprit lib\u00e9r\u00e9","isPartOf":{"@id":"https:\/\/dicodusport.fr\/blog\/#website"},"primaryImageOfPage":{"@id":"https:\/\/dicodusport.fr\/blog\/stany-delayre-esprit-libere\/#primaryimage"},"image":{"@id":"https:\/\/dicodusport.fr\/blog\/stany-delayre-esprit-libere\/#primaryimage"},"thumbnailUrl":"https:\/\/dicodusport.fr\/blog\/wp-content\/uploads\/2018\/02\/Stany-Delayre-retraite.png","datePublished":"2018-02-08T09:00:28+00:00","dateModified":"2018-02-08T09:16:03+00:00","description":"Quelques jours apr\u00e8s l'annonce de sa retraite, nous avons rencontr\u00e9 Stany Delayre qui revient sur cette d\u00e9cision mais aussi sur ses souvenirs de carri\u00e8re.\u00a0","breadcrumb":{"@id":"https:\/\/dicodusport.fr\/blog\/stany-delayre-esprit-libere\/#breadcrumb"},"inLanguage":"fr-FR","potentialAction":[{"@type":"ReadAction","target":["https:\/\/dicodusport.fr\/blog\/stany-delayre-esprit-libere\/"]}]},{"@type":"ImageObject","inLanguage":"fr-FR","@id":"https:\/\/dicodusport.fr\/blog\/stany-delayre-esprit-libere\/#primaryimage","url":"https:\/\/dicodusport.fr\/blog\/wp-content\/uploads\/2018\/02\/Stany-Delayre-retraite.png","contentUrl":"https:\/\/dicodusport.fr\/blog\/wp-content\/uploads\/2018\/02\/Stany-Delayre-retraite.png","width":1200,"height":670,"caption":"Stany Delayre retraite"},{"@type":"BreadcrumbList","@id":"https:\/\/dicodusport.fr\/blog\/stany-delayre-esprit-libere\/#breadcrumb","itemListElement":[{"@type":"ListItem","position":1,"name":"Accueil","item":"https:\/\/dicodusport.fr\/blog\/"},{"@type":"ListItem","position":2,"name":"Stany Delayre, l&rsquo;esprit lib\u00e9r\u00e9"}]},{"@type":"WebSite","@id":"https:\/\/dicodusport.fr\/blog\/#website","url":"https:\/\/dicodusport.fr\/blog\/","name":"Dicodusport","description":"L&#039;encyclop\u00e9die de l&#039;actualit\u00e9 sportive","publisher":{"@id":"https:\/\/dicodusport.fr\/blog\/#organization"},"potentialAction":[{"@type":"SearchAction","target":{"@type":"EntryPoint","urlTemplate":"https:\/\/dicodusport.fr\/blog\/?s={search_term_string}"},"query-input":{"@type":"PropertyValueSpecification","valueRequired":true,"valueName":"search_term_string"}}],"inLanguage":"fr-FR"},{"@type":"NewsMediaOrganization","@id":"https:\/\/dicodusport.fr\/blog\/#organization","name":"Dicodusport","url":"https:\/\/dicodusport.fr\/blog\/","logo":{"@type":"ImageObject","inLanguage":"fr-FR","@id":"https:\/\/dicodusport.fr\/blog\/#\/schema\/logo\/image\/","url":"https:\/\/dicodusport.fr\/blog\/wp-content\/uploads\/2020\/06\/cropped-LOGO-DICODUSPORT-2020-SANS-FOND-SANS-TEXTE.png","contentUrl":"https:\/\/dicodusport.fr\/blog\/wp-content\/uploads\/2020\/06\/cropped-LOGO-DICODUSPORT-2020-SANS-FOND-SANS-TEXTE.png","width":512,"height":512,"caption":"Dicodusport"},"image":{"@id":"https:\/\/dicodusport.fr\/blog\/#\/schema\/logo\/image\/"},"sameAs":["https:\/\/www.facebook.com\/dicodusport","https:\/\/x.com\/dicodusport","https:\/\/www.instagram.com\/dicodusport\/","https:\/\/www.youtube.com\/channel\/UC7V2KZ5sd3htJivAbA4ZG3w"],"description":"Dicodusport est l'encyclop\u00e9die de l'actualit\u00e9 sportive.","email":"bonjour@dicodusport.fr","legalName":"DICODUSPORT","foundingDate":"2018-01-14","vatID":"FR71834470973","taxID":"83447097300043","numberOfEmployees":{"@type":"QuantitativeValue","minValue":"1","maxValue":"10"}},{"@type":"Person","@id":"https:\/\/dicodusport.fr\/blog\/#\/schema\/person\/55dcb50ad410894e431ed812bbb70191","name":"Nicolas Jacquemard","image":{"@type":"ImageObject","inLanguage":"fr-FR","@id":"https:\/\/dicodusport.fr\/blog\/#\/schema\/person\/image\/","url":"https:\/\/dicodusport.fr\/blog\/wp-content\/uploads\/2021\/05\/Nicolas-Jacquemard-150x150.jpeg","contentUrl":"https:\/\/dicodusport.fr\/blog\/wp-content\/uploads\/2021\/05\/Nicolas-Jacquemard-150x150.jpeg","caption":"Nicolas Jacquemard"},"description":"Passionn\u00e9 de sport et entrepreneur depuis mes 18 ans, la cr\u00e9ation de Dicodusport m'a sembl\u00e9 \u00e9vidente pour participer \u00e0 la m\u00e9diatisation d'un plus grand nombre de sports. Le chemin est long mais avec une \u00e9quipe des plus motiv\u00e9es et les Jeux Olympiques de Paris 2024 en point de mire, nous y arriverons ! Journaliste dans le monde du sport depuis plus de 5 ans, je traite aussi bien de football, de rugby, de biathlon que de cyclisme.","sameAs":["https:\/\/www.facebook.com\/dicodusport","https:\/\/x.com\/https:\/\/twitter.com\/Nico_Jacquemard"],"url":"https:\/\/dicodusport.fr\/blog\/author\/dicodusport\/"}]}},"_links":{"self":[{"href":"https:\/\/dicodusport.fr\/blog\/wp-json\/wp\/v2\/posts\/11949","targetHints":{"allow":["GET"]}}],"collection":[{"href":"https:\/\/dicodusport.fr\/blog\/wp-json\/wp\/v2\/posts"}],"about":[{"href":"https:\/\/dicodusport.fr\/blog\/wp-json\/wp\/v2\/types\/post"}],"author":[{"embeddable":true,"href":"https:\/\/dicodusport.fr\/blog\/wp-json\/wp\/v2\/users\/1"}],"replies":[{"embeddable":true,"href":"https:\/\/dicodusport.fr\/blog\/wp-json\/wp\/v2\/comments?post=11949"}],"version-history":[{"count":0,"href":"https:\/\/dicodusport.fr\/blog\/wp-json\/wp\/v2\/posts\/11949\/revisions"}],"wp:featuredmedia":[{"embeddable":true,"href":"https:\/\/dicodusport.fr\/blog\/wp-json\/wp\/v2\/media\/12082"}],"wp:attachment":[{"href":"https:\/\/dicodusport.fr\/blog\/wp-json\/wp\/v2\/media?parent=11949"}],"wp:term":[{"taxonomy":"category","embeddable":true,"href":"https:\/\/dicodusport.fr\/blog\/wp-json\/wp\/v2\/categories?post=11949"},{"taxonomy":"post_tag","embeddable":true,"href":"https:\/\/dicodusport.fr\/blog\/wp-json\/wp\/v2\/tags?post=11949"}],"curies":[{"name":"wp","href":"https:\/\/api.w.org\/{rel}","templated":true}]}}