{"id":11961,"date":"2018-02-07T12:00:55","date_gmt":"2018-02-07T11:00:55","guid":{"rendered":"http:\/\/dicodusport.fr\/blog\/?p=11961"},"modified":"2018-02-07T12:14:11","modified_gmt":"2018-02-07T11:14:11","slug":"face-a-face-giroud-chelsea-bon-choix-pour-equipe-de-france","status":"publish","type":"post","link":"https:\/\/dicodusport.fr\/blog\/face-a-face-giroud-chelsea-bon-choix-pour-equipe-de-france\/","title":{"rendered":"Face \u00e0 face : Giroud \u00e0 Chelsea, bon choix pour rester en Equipe de France ?"},"content":{"rendered":"<p style=\"text-align: justify;\"><em><strong>Chaque mercredi, les r\u00e9dacteurs de Dicodusport\u00a0entrent sur le ring et s\u2019affrontent dans un Face \u00e0 Face autour d\u2019un sujet d\u2019actualit\u00e9. Dans ce un-contre-un engag\u00e9, chaque r\u00e9dacteur ou r\u00e9dactrice tentera de convaincre son adversaire ainsi que vous, cher lecteur, qu\u2019il m\u00e9rite de remporter ce Face \u00e0 Face. Un arbitre sera alors charg\u00e9 de les d\u00e9partager et de d\u00e9signer un vainqueur.\u00a0<\/strong><strong>Aujourd&rsquo;hui, apr\u00e8s le transfert d&rsquo;Olivier Giroud d&rsquo;Arsenal \u00e0 Chelsea, nous nous demandons si le nouvel avant-centre des Blues a fait le bon choix. Pour en d\u00e9battre, Bastien et Sofiane !<\/strong><\/em><\/p>\n<hr \/>\n<div id=\"attachment_11966\" style=\"width: 310px\" class=\"wp-caption aligncenter\"><img loading=\"lazy\" decoding=\"async\" aria-describedby=\"caption-attachment-11966\" class=\"wp-image-11966 size-medium\" src=\"http:\/\/dicodusport.fr\/blog\/wp-content\/uploads\/2018\/02\/Bastien-300x300.jpg\" alt=\"Giroud\" width=\"300\" height=\"300\" srcset=\"https:\/\/dicodusport.fr\/blog\/wp-content\/uploads\/2018\/02\/Bastien-300x300.jpg 300w, https:\/\/dicodusport.fr\/blog\/wp-content\/uploads\/2018\/02\/Bastien-150x150.jpg 150w, https:\/\/dicodusport.fr\/blog\/wp-content\/uploads\/2018\/02\/Bastien.jpg 330w\" sizes=\"auto, (max-width: 300px) 100vw, 300px\" \/><p id=\"caption-attachment-11966\" class=\"wp-caption-text\">Le rookie de la r\u00e9daction gagnera-t-il son premier d\u00e9bat ?<\/p><\/div>\n<h4 style=\"text-align: justify;\">&#x1f44d;\u00a0Bastien : Oui, le choix d&rsquo;Olivier Giroud me semble bon<\/h4>\n<p style=\"text-align: justify;\">Plusieurs raisons me poussent \u00e0 \u00eatre optimiste dans le r\u00e9cent choix d\u2019Olivier Giroud de rejoindre Chelsea en vue de participer au prochain mondial en Russie avec les Bleus. Son temps de jeu fortement r\u00e9duit depuis le d\u00e9but de saison avec Arsenal l\u2019a conduit \u00e0 aller voir ailleurs, tout en restant \u00e0 Londres\u00a0!<\/p>\n<p style=\"text-align: justify;\">La d\u00e9cision de rejoindre un club tel que Chelsea va lui offrir une m\u00e9diatisation indispensable pour conserver sa place dans la liste des 23 de Didier Deschamps pour le prochain mondial. De plus, Chelsea ne pourra finir la saison qu\u2019avec son unique attaquant Alvaro Morata, lui qui est si d\u00e9cevant depuis plusieurs mois maintenant. Le d\u00e9part de Michy Batshuayi \u00e0 Dortmund offrira \u00e0 coup s\u00fbr du temps de jeu \u00e0 l\u2019ancien Gunner.<\/p>\n<p style=\"text-align: justify;\">Olivier Giroud sera une r\u00e9elle option dans les plans d\u2019Antonio Conte, qui a fortement souhait\u00e9 la venue de l\u2019international fran\u00e7ais cet hiver, aussi bien en Premier League (que Giroud conna\u00eet\u00a0parfaitement depuis plus de cinq ans) qu\u2019en Ligue des Champions, \u00e0 laquelle il pourra participer avec les Blues de Chelsea.<\/p>\n<p style=\"text-align: justify;\">Quand on sait \u00e9galement que cette d\u00e9cision de quitter Arsenal fut encourag\u00e9e par Didier Deschamps, cela me conforte dans ma pens\u00e9e qu\u2019Olivier Giroud a fait le bon choix pour qu\u2019on le retrouve en Russie en juin prochain\u2026<\/p>\n<hr \/>\n<div id=\"attachment_11968\" style=\"width: 271px\" class=\"wp-caption aligncenter\"><img loading=\"lazy\" decoding=\"async\" aria-describedby=\"caption-attachment-11968\" class=\"wp-image-11968 size-medium\" src=\"http:\/\/dicodusport.fr\/blog\/wp-content\/uploads\/2018\/02\/sofiane-261x300.png\" alt=\"Giroud\" width=\"261\" height=\"300\" srcset=\"https:\/\/dicodusport.fr\/blog\/wp-content\/uploads\/2018\/02\/sofiane-261x300.png 261w, https:\/\/dicodusport.fr\/blog\/wp-content\/uploads\/2018\/02\/sofiane.png 536w\" sizes=\"auto, (max-width: 261px) 100vw, 261px\" \/><p id=\"caption-attachment-11968\" class=\"wp-caption-text\">Sofiane n&rsquo;est apparemment pas fan de l&rsquo;ancien Gunners<\/p><\/div>\n<h4 style=\"text-align: justify;\">&#x1f44e;\u00a0Sofiane : Non, le choix d&rsquo;Olivier Giroud ne change rien<\/h4>\n<p style=\"text-align: justify;\"><span lang=\"fr-FR\">Giroud aurait pu faire le bon choix de changer de club pour retrouver l\u2019EDF. Annonc\u00e9 sur le d\u00e9part l\u2019\u00e9t\u00e9 dernier, il a pr\u00e9f\u00e9r\u00e9 rester sur Londres dans l\u2019optique de concurrencer Sanchez de temps \u00e0 autre utilis\u00e9 en pointe ainsi qu\u2019Alexandre Lacazette fra\u00eechement d\u00e9barqu\u00e9 de Lyon (2<\/span><span lang=\"fr-FR\">nd<\/span><span lang=\"fr-FR\"> transfert record\u00a0: 53 millions + 7 bonus). Tout \u00e0 son honneur\u00a0!<\/span><\/p>\n<p lang=\"fr-FR\" style=\"text-align: justify;\">Sauf que voil\u00e0, quelques mois plus tard, celui qu\u2019on avait pour habitude de consid\u00e9rer comme joker de luxe, a de moins en moins de temps de jeu et, est de plus en plus emb\u00eat\u00e9 par des p\u00e9pins physiques.<\/p>\n<p lang=\"fr-FR\" style=\"text-align: justify;\">Le mercato approchant, Marseille ou encore l\u2019AS Rome se sont montr\u00e9s insistants pour r\u00e9cup\u00e9rer l\u2019ancien Montpelli\u00e9rain. Et selon moi, il aurait d\u00fb y aller\u00a0! Son temps de jeu y \u00e9tait quasi assur\u00e9\u00a0!<\/p>\n<p lang=\"fr-FR\" style=\"text-align: justify;\">Quitter Arsenal \u00e0 cause de la concurrence Lacazette \u2013 Aubameyang pour se retrouver chez le voisin londonien \u00e0 concurrencer tant\u00f4t Hazard lorsqu\u2019il est utilis\u00e9 en pointe, ou encore Morata\u2026<\/p>\n<p lang=\"fr-FR\" style=\"text-align: justify;\">La qualit\u00e9 est toujours pr\u00e9sente\u00a0! De plus, selon moi, cela ne fait pas preuve d\u2019une grande force de caract\u00e8re. Si c\u2019est un changement qu\u2019il voulait, fallait changer\u00a0! Mais pas aller chez le club voisin pour se retrouver plus ou moins dans la m\u00eame situation\u2026<\/p>\n<p style=\"text-align: justify;\"><span lang=\"fr-FR\">Ce qui est certain, c\u2019est que l\u2019EDF compte aujourd\u2019hui un vivier exceptionnel d\u2019attaquants. Bien que dot\u00e9 de qualit\u00e9s physiques remarquables faisant de lui un attaquant utilisable en qualit\u00e9 de pivot, j\u2019ose esp\u00e9rer que Deschamps n\u2019emm\u00e8nera pas en Russie un joueur qui n\u2019est pas souverain dans son club\u2026 <\/span><\/p>\n<hr \/>\n<p style=\"text-align: justify;\"><em><strong>Verdict de l&rsquo;arbitre :<\/strong><\/em><\/p>\n<div id=\"attachment_11970\" style=\"width: 310px\" class=\"wp-caption aligncenter\"><img loading=\"lazy\" decoding=\"async\" aria-describedby=\"caption-attachment-11970\" class=\"wp-image-11970 size-medium\" src=\"http:\/\/dicodusport.fr\/blog\/wp-content\/uploads\/2018\/02\/Mathieu-300x300.jpg\" alt=\"Giroud\" width=\"300\" height=\"300\" srcset=\"https:\/\/dicodusport.fr\/blog\/wp-content\/uploads\/2018\/02\/Mathieu-300x300.jpg 300w, https:\/\/dicodusport.fr\/blog\/wp-content\/uploads\/2018\/02\/Mathieu-150x150.jpg 150w, https:\/\/dicodusport.fr\/blog\/wp-content\/uploads\/2018\/02\/Mathieu.jpg 400w\" sizes=\"auto, (max-width: 300px) 100vw, 300px\" \/><p id=\"caption-attachment-11970\" class=\"wp-caption-text\">Un Breton comme arbitre, comme l&rsquo;indique la marini\u00e8re<\/p><\/div>\n<p style=\"text-align: justify;\">Le choix d&rsquo;Olivier Giroud de quitter Arsenal est, comme le fait remarquer Bastien, plut\u00f4t bon vu la concurrence \u00e0 son poste. Mais est-ce beaucoup mieux \u00e0 Chelsea ? Sofiane nous prouve que non justement, et les premiers faits lui donnent raison : le premier match de Giroud face \u00e0 Watford a vu l&rsquo;ancien Gunners d\u00e9buter sur le banc, Eden Hazard prenant sa place en pointe malgr\u00e9 l&rsquo;absence de Morata. Alors cela ne veut pas dire qu&rsquo;Olivier Giroud ne sera jamais titulaire, mais je rejoins Sofiane et je pense qu&rsquo;il aurait fallu un plus grand changement.<\/p>\n<p style=\"text-align: justify;\"><strong>&#x1f3c6;\u00a0<\/strong><strong>Je d\u00e9clare donc<\/strong>\u00a0<strong>Sofiane vainqueur<\/strong> !<\/p>\n<p><em><strong>Mathieu Veillon<br \/>\n<a href=\"https:\/\/twitter.com\/MathieuVeillon\" target=\"_blank\" rel=\"noopener noreferrer\"><img loading=\"lazy\" decoding=\"async\" class=\"alignnone wp-image-2908\" src=\"http:\/\/dicodusport.fr\/blog\/wp-content\/uploads\/2017\/07\/logo-twitter-150x150.png\" sizes=\"auto, (max-width: 39px) 100vw, 39px\" srcset=\"https:\/\/dicodusport.fr\/blog\/wp-content\/uploads\/2017\/07\/logo-twitter-150x150.png 150w, https:\/\/dicodusport.fr\/blog\/wp-content\/uploads\/2017\/07\/logo-twitter-300x300.png 300w, https:\/\/dicodusport.fr\/blog\/wp-content\/uploads\/2017\/07\/logo-twitter.png 512w\" alt=\"\" width=\"39\" height=\"39\" \/><\/a><\/strong><\/em><\/p>\n","protected":false},"excerpt":{"rendered":"<p>Aujourd&rsquo;hui, apr\u00e8s le transfert d&rsquo;Olivier Giroud d&rsquo;Arsenal \u00e0 Chelsea, nous nous demandons si le nouvel avant-centre des Blues a fait le bon choix. Pour en d\u00e9battre, Bastien et Sofiane !<\/p>\n","protected":false},"author":21,"featured_media":11978,"comment_status":"open","ping_status":"closed","sticky":false,"template":"","format":"standard","meta":{"_acf_changed":false,"_daextam_enable_autolinks":"","footnotes":""},"categories":[2,2348,2301],"tags":[3434,523,3682,2760,199,75,3681],"class_list":["post-11961","post","type-post","status-publish","format-standard","has-post-thumbnail","hentry","category-actualites","category-face-a-face","category-football","tag-arsenal","tag-bleus","tag-blues","tag-chelsea","tag-equipe-de-france","tag-football","tag-olivier-giroud"],"acf":[],"yoast_head":"<!-- This site is optimized with the Yoast SEO Premium plugin v26.7 (Yoast SEO v26.7) - https:\/\/yoast.com\/wordpress\/plugins\/seo\/ -->\n<title>Face \u00e0 Face : Giroud \u00e0 Chelsea, bon choix pour retrouver l&#039;EDF ?<\/title>\n<meta name=\"description\" content=\"Aujourd&#039;hui, apr\u00e8s le transfert d&#039;Olivier Giroud d&#039;Arsenal \u00e0 Chelsea, nous nous demandons si le nouvel avant-centre des Blues a fait le bon choix. Pour en d\u00e9battre, Bastien et Sofiane !\" \/>\n<meta name=\"robots\" content=\"index, follow, max-snippet:-1, max-image-preview:large, max-video-preview:-1\" \/>\n<link rel=\"canonical\" href=\"https:\/\/dicodusport.fr\/blog\/face-a-face-giroud-chelsea-bon-choix-pour-equipe-de-france\/\" \/>\n<meta property=\"og:locale\" content=\"fr_FR\" \/>\n<meta property=\"og:type\" content=\"article\" \/>\n<meta property=\"og:title\" content=\"Face \u00e0 face : Giroud \u00e0 Chelsea, bon choix pour rester en Equipe de France ?\" \/>\n<meta property=\"og:description\" content=\"Aujourd&#039;hui, apr\u00e8s le transfert d&#039;Olivier Giroud d&#039;Arsenal \u00e0 Chelsea, nous nous demandons si le nouvel avant-centre des Blues a fait le bon choix. Pour en d\u00e9battre, Bastien et Sofiane !\" \/>\n<meta property=\"og:url\" content=\"https:\/\/dicodusport.fr\/blog\/face-a-face-giroud-chelsea-bon-choix-pour-equipe-de-france\/\" \/>\n<meta property=\"og:site_name\" content=\"Dicodusport\" \/>\n<meta property=\"article:publisher\" content=\"https:\/\/www.facebook.com\/dicodusport\" \/>\n<meta property=\"article:published_time\" content=\"2018-02-07T11:00:55+00:00\" \/>\n<meta property=\"article:modified_time\" content=\"2018-02-07T11:14:11+00:00\" \/>\n<meta property=\"og:image\" content=\"https:\/\/dicodusport.fr\/blog\/wp-content\/uploads\/2018\/02\/Olivier-Giroud-e1517941317294.png\" \/>\n\t<meta property=\"og:image:width\" content=\"1200\" \/>\n\t<meta property=\"og:image:height\" content=\"674\" \/>\n\t<meta property=\"og:image:type\" content=\"image\/png\" \/>\n<meta name=\"author\" content=\"Mathieu Veillon\" \/>\n<meta name=\"twitter:card\" content=\"summary_large_image\" \/>\n<meta name=\"twitter:creator\" content=\"@https:\/\/twitter.com\/MathieuVeillon\" \/>\n<meta name=\"twitter:site\" content=\"@dicodusport\" \/>\n<script type=\"application\/ld+json\" class=\"yoast-schema-graph\">{\"@context\":\"https:\/\/schema.org\",\"@graph\":[{\"@type\":\"NewsArticle\",\"@id\":\"https:\/\/dicodusport.fr\/blog\/face-a-face-giroud-chelsea-bon-choix-pour-equipe-de-france\/#article\",\"isPartOf\":{\"@id\":\"https:\/\/dicodusport.fr\/blog\/face-a-face-giroud-chelsea-bon-choix-pour-equipe-de-france\/\"},\"author\":{\"name\":\"Mathieu Veillon\",\"@id\":\"https:\/\/dicodusport.fr\/blog\/#\/schema\/person\/9731cdc747db1ceb457a2bfa9180a806\"},\"headline\":\"Face \u00e0 face : Giroud \u00e0 Chelsea, bon choix pour rester en Equipe de France ?\",\"datePublished\":\"2018-02-07T11:00:55+00:00\",\"dateModified\":\"2018-02-07T11:14:11+00:00\",\"mainEntityOfPage\":{\"@id\":\"https:\/\/dicodusport.fr\/blog\/face-a-face-giroud-chelsea-bon-choix-pour-equipe-de-france\/\"},\"wordCount\":805,\"commentCount\":0,\"publisher\":{\"@id\":\"https:\/\/dicodusport.fr\/blog\/#organization\"},\"image\":{\"@id\":\"https:\/\/dicodusport.fr\/blog\/face-a-face-giroud-chelsea-bon-choix-pour-equipe-de-france\/#primaryimage\"},\"thumbnailUrl\":\"https:\/\/dicodusport.fr\/blog\/wp-content\/uploads\/2018\/02\/Olivier-Giroud-e1517941317294.png\",\"keywords\":[\"Arsenal\",\"bleus\",\"Blues\",\"Chelsea\",\"\u00c9quipe de France\",\"Football\",\"Olivier Giroud\"],\"articleSection\":[\"Actualit\u00e9s\",\"Face \u00e0 face\",\"Football\"],\"inLanguage\":\"fr-FR\",\"potentialAction\":[{\"@type\":\"CommentAction\",\"name\":\"Comment\",\"target\":[\"https:\/\/dicodusport.fr\/blog\/face-a-face-giroud-chelsea-bon-choix-pour-equipe-de-france\/#respond\"]}],\"copyrightYear\":\"2018\",\"copyrightHolder\":{\"@id\":\"https:\/\/dicodusport.fr\/blog\/#organization\"}},{\"@type\":\"WebPage\",\"@id\":\"https:\/\/dicodusport.fr\/blog\/face-a-face-giroud-chelsea-bon-choix-pour-equipe-de-france\/\",\"url\":\"https:\/\/dicodusport.fr\/blog\/face-a-face-giroud-chelsea-bon-choix-pour-equipe-de-france\/\",\"name\":\"Face \u00e0 Face : Giroud \u00e0 Chelsea, bon choix pour retrouver l'EDF ?\",\"isPartOf\":{\"@id\":\"https:\/\/dicodusport.fr\/blog\/#website\"},\"primaryImageOfPage\":{\"@id\":\"https:\/\/dicodusport.fr\/blog\/face-a-face-giroud-chelsea-bon-choix-pour-equipe-de-france\/#primaryimage\"},\"image\":{\"@id\":\"https:\/\/dicodusport.fr\/blog\/face-a-face-giroud-chelsea-bon-choix-pour-equipe-de-france\/#primaryimage\"},\"thumbnailUrl\":\"https:\/\/dicodusport.fr\/blog\/wp-content\/uploads\/2018\/02\/Olivier-Giroud-e1517941317294.png\",\"datePublished\":\"2018-02-07T11:00:55+00:00\",\"dateModified\":\"2018-02-07T11:14:11+00:00\",\"description\":\"Aujourd'hui, apr\u00e8s le transfert d'Olivier Giroud d'Arsenal \u00e0 Chelsea, nous nous demandons si le nouvel avant-centre des Blues a fait le bon choix. Pour en d\u00e9battre, Bastien et Sofiane !\",\"breadcrumb\":{\"@id\":\"https:\/\/dicodusport.fr\/blog\/face-a-face-giroud-chelsea-bon-choix-pour-equipe-de-france\/#breadcrumb\"},\"inLanguage\":\"fr-FR\",\"potentialAction\":[{\"@type\":\"ReadAction\",\"target\":[\"https:\/\/dicodusport.fr\/blog\/face-a-face-giroud-chelsea-bon-choix-pour-equipe-de-france\/\"]}]},{\"@type\":\"ImageObject\",\"inLanguage\":\"fr-FR\",\"@id\":\"https:\/\/dicodusport.fr\/blog\/face-a-face-giroud-chelsea-bon-choix-pour-equipe-de-france\/#primaryimage\",\"url\":\"https:\/\/dicodusport.fr\/blog\/wp-content\/uploads\/2018\/02\/Olivier-Giroud-e1517941317294.png\",\"contentUrl\":\"https:\/\/dicodusport.fr\/blog\/wp-content\/uploads\/2018\/02\/Olivier-Giroud-e1517941317294.png\",\"width\":1200,\"height\":674},{\"@type\":\"BreadcrumbList\",\"@id\":\"https:\/\/dicodusport.fr\/blog\/face-a-face-giroud-chelsea-bon-choix-pour-equipe-de-france\/#breadcrumb\",\"itemListElement\":[{\"@type\":\"ListItem\",\"position\":1,\"name\":\"Accueil\",\"item\":\"https:\/\/dicodusport.fr\/blog\/\"},{\"@type\":\"ListItem\",\"position\":2,\"name\":\"Face \u00e0 face : Giroud \u00e0 Chelsea, bon choix pour rester en Equipe de France ?\"}]},{\"@type\":\"WebSite\",\"@id\":\"https:\/\/dicodusport.fr\/blog\/#website\",\"url\":\"https:\/\/dicodusport.fr\/blog\/\",\"name\":\"Dicodusport\",\"description\":\"L&#039;encyclop\u00e9die de l&#039;actualit\u00e9 sportive\",\"publisher\":{\"@id\":\"https:\/\/dicodusport.fr\/blog\/#organization\"},\"potentialAction\":[{\"@type\":\"SearchAction\",\"target\":{\"@type\":\"EntryPoint\",\"urlTemplate\":\"https:\/\/dicodusport.fr\/blog\/?s={search_term_string}\"},\"query-input\":{\"@type\":\"PropertyValueSpecification\",\"valueRequired\":true,\"valueName\":\"search_term_string\"}}],\"inLanguage\":\"fr-FR\"},{\"@type\":\"NewsMediaOrganization\",\"@id\":\"https:\/\/dicodusport.fr\/blog\/#organization\",\"name\":\"Dicodusport\",\"url\":\"https:\/\/dicodusport.fr\/blog\/\",\"logo\":{\"@type\":\"ImageObject\",\"inLanguage\":\"fr-FR\",\"@id\":\"https:\/\/dicodusport.fr\/blog\/#\/schema\/logo\/image\/\",\"url\":\"https:\/\/dicodusport.fr\/blog\/wp-content\/uploads\/2020\/06\/cropped-LOGO-DICODUSPORT-2020-SANS-FOND-SANS-TEXTE.png\",\"contentUrl\":\"https:\/\/dicodusport.fr\/blog\/wp-content\/uploads\/2020\/06\/cropped-LOGO-DICODUSPORT-2020-SANS-FOND-SANS-TEXTE.png\",\"width\":512,\"height\":512,\"caption\":\"Dicodusport\"},\"image\":{\"@id\":\"https:\/\/dicodusport.fr\/blog\/#\/schema\/logo\/image\/\"},\"sameAs\":[\"https:\/\/www.facebook.com\/dicodusport\",\"https:\/\/x.com\/dicodusport\",\"https:\/\/www.instagram.com\/dicodusport\/\",\"https:\/\/www.youtube.com\/channel\/UC7V2KZ5sd3htJivAbA4ZG3w\"],\"description\":\"Dicodusport est l'encyclop\u00e9die de l'actualit\u00e9 sportive.\",\"email\":\"bonjour@dicodusport.fr\",\"legalName\":\"DICODUSPORT\",\"foundingDate\":\"2018-01-14\",\"vatID\":\"FR71834470973\",\"taxID\":\"83447097300043\",\"numberOfEmployees\":{\"@type\":\"QuantitativeValue\",\"minValue\":\"1\",\"maxValue\":\"10\"}},{\"@type\":\"Person\",\"@id\":\"https:\/\/dicodusport.fr\/blog\/#\/schema\/person\/9731cdc747db1ceb457a2bfa9180a806\",\"name\":\"Mathieu Veillon\",\"image\":{\"@type\":\"ImageObject\",\"inLanguage\":\"fr-FR\",\"@id\":\"https:\/\/dicodusport.fr\/blog\/#\/schema\/person\/image\/\",\"url\":\"https:\/\/dicodusport.fr\/blog\/wp-content\/uploads\/2021\/05\/Mathieu-Veillon-150x150.jpg\",\"contentUrl\":\"https:\/\/dicodusport.fr\/blog\/wp-content\/uploads\/2021\/05\/Mathieu-Veillon-150x150.jpg\",\"caption\":\"Mathieu Veillon\"},\"description\":\"Journaliste\/r\u00e9dacteur depuis septembre 2015 - Ma d\u00e9finition du bonheur ? Une galette-saucisse au Roazhon Park ou un caf\u00e9 devant un Lakers\/Celtics au petit matin. Fid\u00e8le membre de la team insomniaque de la r\u00e9dac, j\u2019ai le pouvoir de rester \u00e9veill\u00e9 jusqu\u2019\u00e0 l\u2019aube pour faire vivre aux lecteurs ma passion du sport. Ainsi, j\u2019\u00e9cris principalement sur la NBA, le biathlon, le cyclisme ou encore la F1. Comptez dans mes exploits sportifs le fait d\u2019avoir fait gagner le Tour de France 2018 \u00e0 Tony Gallopin sur Pro Cycling Manager, ou encore d\u2019avoir men\u00e9 l\u2019\u00e9quipe nationale de Bretagne en finale de Coupe du monde sur Football Manager.\",\"sameAs\":[\"https:\/\/x.com\/https:\/\/twitter.com\/MathieuVeillon\"],\"url\":\"https:\/\/dicodusport.fr\/blog\/author\/mathieu\/\"}]}<\/script>\n<!-- \/ Yoast SEO Premium plugin. -->","yoast_head_json":{"title":"Face \u00e0 Face : Giroud \u00e0 Chelsea, bon choix pour retrouver l'EDF ?","description":"Aujourd'hui, apr\u00e8s le transfert d'Olivier Giroud d'Arsenal \u00e0 Chelsea, nous nous demandons si le nouvel avant-centre des Blues a fait le bon choix. Pour en d\u00e9battre, Bastien et Sofiane !","robots":{"index":"index","follow":"follow","max-snippet":"max-snippet:-1","max-image-preview":"max-image-preview:large","max-video-preview":"max-video-preview:-1"},"canonical":"https:\/\/dicodusport.fr\/blog\/face-a-face-giroud-chelsea-bon-choix-pour-equipe-de-france\/","og_locale":"fr_FR","og_type":"article","og_title":"Face \u00e0 face : Giroud \u00e0 Chelsea, bon choix pour rester en Equipe de France ?","og_description":"Aujourd'hui, apr\u00e8s le transfert d'Olivier Giroud d'Arsenal \u00e0 Chelsea, nous nous demandons si le nouvel avant-centre des Blues a fait le bon choix. Pour en d\u00e9battre, Bastien et Sofiane !","og_url":"https:\/\/dicodusport.fr\/blog\/face-a-face-giroud-chelsea-bon-choix-pour-equipe-de-france\/","og_site_name":"Dicodusport","article_publisher":"https:\/\/www.facebook.com\/dicodusport","article_published_time":"2018-02-07T11:00:55+00:00","article_modified_time":"2018-02-07T11:14:11+00:00","og_image":[{"width":1200,"height":674,"url":"https:\/\/dicodusport.fr\/blog\/wp-content\/uploads\/2018\/02\/Olivier-Giroud-e1517941317294.png","type":"image\/png"}],"author":"Mathieu Veillon","twitter_card":"summary_large_image","twitter_creator":"@https:\/\/twitter.com\/MathieuVeillon","twitter_site":"@dicodusport","schema":{"@context":"https:\/\/schema.org","@graph":[{"@type":"NewsArticle","@id":"https:\/\/dicodusport.fr\/blog\/face-a-face-giroud-chelsea-bon-choix-pour-equipe-de-france\/#article","isPartOf":{"@id":"https:\/\/dicodusport.fr\/blog\/face-a-face-giroud-chelsea-bon-choix-pour-equipe-de-france\/"},"author":{"name":"Mathieu Veillon","@id":"https:\/\/dicodusport.fr\/blog\/#\/schema\/person\/9731cdc747db1ceb457a2bfa9180a806"},"headline":"Face \u00e0 face : Giroud \u00e0 Chelsea, bon choix pour rester en Equipe de France ?","datePublished":"2018-02-07T11:00:55+00:00","dateModified":"2018-02-07T11:14:11+00:00","mainEntityOfPage":{"@id":"https:\/\/dicodusport.fr\/blog\/face-a-face-giroud-chelsea-bon-choix-pour-equipe-de-france\/"},"wordCount":805,"commentCount":0,"publisher":{"@id":"https:\/\/dicodusport.fr\/blog\/#organization"},"image":{"@id":"https:\/\/dicodusport.fr\/blog\/face-a-face-giroud-chelsea-bon-choix-pour-equipe-de-france\/#primaryimage"},"thumbnailUrl":"https:\/\/dicodusport.fr\/blog\/wp-content\/uploads\/2018\/02\/Olivier-Giroud-e1517941317294.png","keywords":["Arsenal","bleus","Blues","Chelsea","\u00c9quipe de France","Football","Olivier Giroud"],"articleSection":["Actualit\u00e9s","Face \u00e0 face","Football"],"inLanguage":"fr-FR","potentialAction":[{"@type":"CommentAction","name":"Comment","target":["https:\/\/dicodusport.fr\/blog\/face-a-face-giroud-chelsea-bon-choix-pour-equipe-de-france\/#respond"]}],"copyrightYear":"2018","copyrightHolder":{"@id":"https:\/\/dicodusport.fr\/blog\/#organization"}},{"@type":"WebPage","@id":"https:\/\/dicodusport.fr\/blog\/face-a-face-giroud-chelsea-bon-choix-pour-equipe-de-france\/","url":"https:\/\/dicodusport.fr\/blog\/face-a-face-giroud-chelsea-bon-choix-pour-equipe-de-france\/","name":"Face \u00e0 Face : Giroud \u00e0 Chelsea, bon choix pour retrouver l'EDF ?","isPartOf":{"@id":"https:\/\/dicodusport.fr\/blog\/#website"},"primaryImageOfPage":{"@id":"https:\/\/dicodusport.fr\/blog\/face-a-face-giroud-chelsea-bon-choix-pour-equipe-de-france\/#primaryimage"},"image":{"@id":"https:\/\/dicodusport.fr\/blog\/face-a-face-giroud-chelsea-bon-choix-pour-equipe-de-france\/#primaryimage"},"thumbnailUrl":"https:\/\/dicodusport.fr\/blog\/wp-content\/uploads\/2018\/02\/Olivier-Giroud-e1517941317294.png","datePublished":"2018-02-07T11:00:55+00:00","dateModified":"2018-02-07T11:14:11+00:00","description":"Aujourd'hui, apr\u00e8s le transfert d'Olivier Giroud d'Arsenal \u00e0 Chelsea, nous nous demandons si le nouvel avant-centre des Blues a fait le bon choix. Pour en d\u00e9battre, Bastien et Sofiane !","breadcrumb":{"@id":"https:\/\/dicodusport.fr\/blog\/face-a-face-giroud-chelsea-bon-choix-pour-equipe-de-france\/#breadcrumb"},"inLanguage":"fr-FR","potentialAction":[{"@type":"ReadAction","target":["https:\/\/dicodusport.fr\/blog\/face-a-face-giroud-chelsea-bon-choix-pour-equipe-de-france\/"]}]},{"@type":"ImageObject","inLanguage":"fr-FR","@id":"https:\/\/dicodusport.fr\/blog\/face-a-face-giroud-chelsea-bon-choix-pour-equipe-de-france\/#primaryimage","url":"https:\/\/dicodusport.fr\/blog\/wp-content\/uploads\/2018\/02\/Olivier-Giroud-e1517941317294.png","contentUrl":"https:\/\/dicodusport.fr\/blog\/wp-content\/uploads\/2018\/02\/Olivier-Giroud-e1517941317294.png","width":1200,"height":674},{"@type":"BreadcrumbList","@id":"https:\/\/dicodusport.fr\/blog\/face-a-face-giroud-chelsea-bon-choix-pour-equipe-de-france\/#breadcrumb","itemListElement":[{"@type":"ListItem","position":1,"name":"Accueil","item":"https:\/\/dicodusport.fr\/blog\/"},{"@type":"ListItem","position":2,"name":"Face \u00e0 face : Giroud \u00e0 Chelsea, bon choix pour rester en Equipe de France ?"}]},{"@type":"WebSite","@id":"https:\/\/dicodusport.fr\/blog\/#website","url":"https:\/\/dicodusport.fr\/blog\/","name":"Dicodusport","description":"L&#039;encyclop\u00e9die de l&#039;actualit\u00e9 sportive","publisher":{"@id":"https:\/\/dicodusport.fr\/blog\/#organization"},"potentialAction":[{"@type":"SearchAction","target":{"@type":"EntryPoint","urlTemplate":"https:\/\/dicodusport.fr\/blog\/?s={search_term_string}"},"query-input":{"@type":"PropertyValueSpecification","valueRequired":true,"valueName":"search_term_string"}}],"inLanguage":"fr-FR"},{"@type":"NewsMediaOrganization","@id":"https:\/\/dicodusport.fr\/blog\/#organization","name":"Dicodusport","url":"https:\/\/dicodusport.fr\/blog\/","logo":{"@type":"ImageObject","inLanguage":"fr-FR","@id":"https:\/\/dicodusport.fr\/blog\/#\/schema\/logo\/image\/","url":"https:\/\/dicodusport.fr\/blog\/wp-content\/uploads\/2020\/06\/cropped-LOGO-DICODUSPORT-2020-SANS-FOND-SANS-TEXTE.png","contentUrl":"https:\/\/dicodusport.fr\/blog\/wp-content\/uploads\/2020\/06\/cropped-LOGO-DICODUSPORT-2020-SANS-FOND-SANS-TEXTE.png","width":512,"height":512,"caption":"Dicodusport"},"image":{"@id":"https:\/\/dicodusport.fr\/blog\/#\/schema\/logo\/image\/"},"sameAs":["https:\/\/www.facebook.com\/dicodusport","https:\/\/x.com\/dicodusport","https:\/\/www.instagram.com\/dicodusport\/","https:\/\/www.youtube.com\/channel\/UC7V2KZ5sd3htJivAbA4ZG3w"],"description":"Dicodusport est l'encyclop\u00e9die de l'actualit\u00e9 sportive.","email":"bonjour@dicodusport.fr","legalName":"DICODUSPORT","foundingDate":"2018-01-14","vatID":"FR71834470973","taxID":"83447097300043","numberOfEmployees":{"@type":"QuantitativeValue","minValue":"1","maxValue":"10"}},{"@type":"Person","@id":"https:\/\/dicodusport.fr\/blog\/#\/schema\/person\/9731cdc747db1ceb457a2bfa9180a806","name":"Mathieu Veillon","image":{"@type":"ImageObject","inLanguage":"fr-FR","@id":"https:\/\/dicodusport.fr\/blog\/#\/schema\/person\/image\/","url":"https:\/\/dicodusport.fr\/blog\/wp-content\/uploads\/2021\/05\/Mathieu-Veillon-150x150.jpg","contentUrl":"https:\/\/dicodusport.fr\/blog\/wp-content\/uploads\/2021\/05\/Mathieu-Veillon-150x150.jpg","caption":"Mathieu Veillon"},"description":"Journaliste\/r\u00e9dacteur depuis septembre 2015 - Ma d\u00e9finition du bonheur ? Une galette-saucisse au Roazhon Park ou un caf\u00e9 devant un Lakers\/Celtics au petit matin. Fid\u00e8le membre de la team insomniaque de la r\u00e9dac, j\u2019ai le pouvoir de rester \u00e9veill\u00e9 jusqu\u2019\u00e0 l\u2019aube pour faire vivre aux lecteurs ma passion du sport. Ainsi, j\u2019\u00e9cris principalement sur la NBA, le biathlon, le cyclisme ou encore la F1. Comptez dans mes exploits sportifs le fait d\u2019avoir fait gagner le Tour de France 2018 \u00e0 Tony Gallopin sur Pro Cycling Manager, ou encore d\u2019avoir men\u00e9 l\u2019\u00e9quipe nationale de Bretagne en finale de Coupe du monde sur Football Manager.","sameAs":["https:\/\/x.com\/https:\/\/twitter.com\/MathieuVeillon"],"url":"https:\/\/dicodusport.fr\/blog\/author\/mathieu\/"}]}},"_links":{"self":[{"href":"https:\/\/dicodusport.fr\/blog\/wp-json\/wp\/v2\/posts\/11961","targetHints":{"allow":["GET"]}}],"collection":[{"href":"https:\/\/dicodusport.fr\/blog\/wp-json\/wp\/v2\/posts"}],"about":[{"href":"https:\/\/dicodusport.fr\/blog\/wp-json\/wp\/v2\/types\/post"}],"author":[{"embeddable":true,"href":"https:\/\/dicodusport.fr\/blog\/wp-json\/wp\/v2\/users\/21"}],"replies":[{"embeddable":true,"href":"https:\/\/dicodusport.fr\/blog\/wp-json\/wp\/v2\/comments?post=11961"}],"version-history":[{"count":0,"href":"https:\/\/dicodusport.fr\/blog\/wp-json\/wp\/v2\/posts\/11961\/revisions"}],"wp:featuredmedia":[{"embeddable":true,"href":"https:\/\/dicodusport.fr\/blog\/wp-json\/wp\/v2\/media\/11978"}],"wp:attachment":[{"href":"https:\/\/dicodusport.fr\/blog\/wp-json\/wp\/v2\/media?parent=11961"}],"wp:term":[{"taxonomy":"category","embeddable":true,"href":"https:\/\/dicodusport.fr\/blog\/wp-json\/wp\/v2\/categories?post=11961"},{"taxonomy":"post_tag","embeddable":true,"href":"https:\/\/dicodusport.fr\/blog\/wp-json\/wp\/v2\/tags?post=11961"}],"curies":[{"name":"wp","href":"https:\/\/api.w.org\/{rel}","templated":true}]}}