{"id":119630,"date":"2021-04-09T12:01:31","date_gmt":"2021-04-09T10:01:31","guid":{"rendered":"https:\/\/dicodusport.fr\/blog\/?p=119630"},"modified":"2021-04-09T14:42:57","modified_gmt":"2021-04-09T12:42:57","slug":"metz-lille-le-losc-veut-conserver-sa-premiere-place","status":"publish","type":"post","link":"https:\/\/dicodusport.fr\/blog\/metz-lille-le-losc-veut-conserver-sa-premiere-place\/","title":{"rendered":"Metz \u2013 Lille\u00a0: le LOSC veut conserver sa premi\u00e8re place"},"content":{"rendered":"<p style=\"text-align: justify;\"><em><strong>Ce vendredi \u00e0 21h00, le LOSC se d\u00e9place sur la pelouse du FC Metz pour le compte de la <a href=\"https:\/\/dicodusport.fr\/blog\/calendrier-ligue-1-2020-2021-32eme-journee-programme-et-resultats\/\" target=\"_blank\" rel=\"noopener\">32<sup>\u00e8me <\/sup>journ\u00e9e de Ligue 1<\/a>. Une semaine apr\u00e8s avoir battu et d\u00e9pass\u00e9 le PSG, les Lillois esp\u00e8rent confirmer face \u00e0 une \u00e9quipe moins en jambes ces derni\u00e8res semaines.<\/strong><\/em><\/p>\n<p style=\"text-align: justify;\">Ce soir, \u00e0 21h00, les leaders lillois affronteront les Messins, surprises de cette saison. Au stade Municipal Saint-Symphorien, les hommes de <strong>Christophe Galtier<\/strong> devront confirmer leur position de leader, r\u00e9cup\u00e9r\u00e9e la semaine derni\u00e8re au d\u00e9triment du Paris Saint-Germain (1-0). Alors que le PSG se d\u00e9placera samedi sur la pelouse de Strasbourg, les Dogues ont l\u2019occasion ce soir de distancer provisoirement de six longueurs les Parisiens.<\/p>\n<p style=\"text-align: justify;\">Les Messins (9<sup>\u00e8mes<\/sup>) quant \u00e0 eux, essaieront de se relancer apr\u00e8s une semaine compliqu\u00e9e, marqu\u00e9e par deux d\u00e9faites face \u00e0 l\u2019AS Monaco. D\u00e9faits lourdement 4-0 samedi dernier en championnat, les Mon\u00e9gasques ont r\u00e9cidiv\u00e9 mardi en \u00e9liminant les Grenats de la Coupe de France aux tirs au but.<\/p>\n<h2 style=\"text-align: justify;\"><strong>Deux victoires en onze matchs \u00e0 domicile pour Metz<\/strong><\/h2>\n<p style=\"text-align: justify;\">Quatre matchs sans la moindre victoire pour le <strong>FC Metz<\/strong>. Les hommes de <strong>Fr\u00e9d\u00e9ric Antonetti<\/strong> ont s\u00fbrement dit adieu \u00e0 l\u2019Europa League \u00e0 cause des r\u00e9sultats de ces derni\u00e8res semaines. Cons\u00e9quence, les Messins n\u2019ont plus rien \u00e0 jouer, et donc plus rien \u00e0 gagner ou \u00e0 perdre. Dans le ventre mou de la Ligue 1 \u00e0 la neuvi\u00e8me place, les Grenats accueillent Lille alors que leur saison semble d\u2019ores et d\u00e9j\u00e0 termin\u00e9e. Mais jouer ces places europ\u00e9ennes n\u2019\u00e9tait pas pr\u00e9vu en d\u00e9but de saison, et c\u2019\u00e9tait bel et bien le maintien dans l\u2019\u00e9lite qui avait \u00e9t\u00e9 demand\u00e9 aux joueurs.<\/p>\n<p style=\"text-align: justify;\">Et si on peut se dire que jouer \u00e0 domicile peut repr\u00e9senter un avantage malgr\u00e9 les stades vides, pour le <strong>FC Metz<\/strong>, rien n\u2019est moins s\u00fbr. En effet, sur les onze derniers matchs, seulement deux petites victoires contre Lens (2-0) et Nantes (2-0). Pire que \u00e7a, les Messins restent sur trois d\u00e9faites cons\u00e9cutives chez eux (Rennes, Strasbourg et Angers). Et face au rouleau compresseur lillois, meilleure \u00e9quipe \u00e0 l\u2019ext\u00e9rieur cette saison, le <strong>FC Metz<\/strong> va devoir compter sur des grands <strong>Boulaya<\/strong> et <strong>Oukidja<\/strong>. N\u00e9anmoins, Metz peut r\u00e9aliser l\u2019exploit alors que Lille ne pourra pas compter sur tous les titulaires.<\/p>\n<blockquote class=\"twitter-tweet\"><p>&#x26bd; <a href=\"https:\/\/twitter.com\/hashtag\/FCMLOSC?src=hash&amp;ref_src=twsrc%5Etfw\">#FCMLOSC<\/a><br \/>\n<a href=\"https:\/\/twitter.com\/FCMetz?ref_src=twsrc%5Etfw\">@FCMetz<\/a><br \/>\nJ32 <a href=\"https:\/\/twitter.com\/Ligue1UberEats?ref_src=twsrc%5Etfw\">@Ligue1UberEats<\/a><br \/>\n&#x23f0; 21h00<br \/>\nStade Saint-Symphorien<br \/>\n\u00c0 suivre sur <a href=\"https:\/\/twitter.com\/CanalplusSport?ref_src=twsrc%5Etfw\">@CanalplusSport<\/a> <a href=\"https:\/\/t.co\/3PqXuAfQ5v\">pic.twitter.com\/3PqXuAfQ5v<\/a><\/p>\n<p>\u2014 LOSC (@losclive) <a href=\"https:\/\/twitter.com\/losclive\/status\/1380384983295098882?ref_src=twsrc%5Etfw\">April 9, 2021<\/a><\/p><\/blockquote>\n<p><script async src=\"https:\/\/platform.twitter.com\/widgets.js\" charset=\"utf-8\"><\/script><\/p>\n<h2 style=\"text-align: justify;\"><strong>Jonathan David et Yusuf Yazici absents<\/strong><\/h2>\n<p style=\"text-align: justify;\">Mais le <strong>LOSC<\/strong> n\u2019a pas encore gagn\u00e9 ce match. En effet, les Lillois ont beaucoup plus \u00e0 gagner et \u00e0 perdre lors de ce match en vue de la course au titre. Et <strong>Christophe Galtier<\/strong> va devoir composer sans de nombreux joueurs. Parmi eux, <strong>Jonathan David<\/strong> et <strong>Yusuf Yazici<\/strong>. Le Canadien, unique buteur face au PSG, a \u00e9t\u00e9 victime d\u2019une grave entorse \u00e0 la cheville \u00e0 la demi-heure de jeu et manquera logiquement cette rencontre. Un coup dur pour le joueur de 21 ans, meilleur buteur du LOSC cette saison avec 10 r\u00e9alisations, qui devrait \u00eatre remplac\u00e9 par le jeune <strong>Timothy Weah<\/strong>. Le Turc <strong>Yusuf Yazici<\/strong>, lui, est absent apr\u00e8s avoir \u00e9t\u00e9 test\u00e9 positif au Covid-19 avec la s\u00e9lection de Turquie. Le milieu offensif de 24 ans, d\u00e9j\u00e0 absent contre le Paris Saint-Germain, devrait faire son retour la semaine prochaine contre Montpellier.<\/p>\n<p style=\"text-align: justify;\">En plus de ces absents, le coach lillois doit se passer du d\u00e9fenseur <strong>Tiago Djal\u00f3<\/strong>, suspendu apr\u00e8s son altercation avec Neymar la semaine derni\u00e8re, mais aussi du lat\u00e9ral droit <strong>J\u00e9r\u00e9my Pied<\/strong>, lui aussi victime d\u2019une entorse \u00e0 la cheville. Malgr\u00e9 ces absences, le LOSC a les qualit\u00e9s pour faire tomber les Messins, et pourra, par ailleurs, compter sur un retour non-n\u00e9gligeable. Christophe Galtier pourrait, en effet, compter sur <strong>Zeki Celik<\/strong> qui retrouverait sa place de titulaire apr\u00e8s avoir lui aussi \u00e9t\u00e9 test\u00e9 positif au Covid-19. Le lat\u00e9ral droit de 24 ans r\u00e9alise une tr\u00e8s bonne saison et son retour serait un atout majeur pour les Nordistes.<\/p>\n<p style=\"text-align: justify;\">Malgr\u00e9 les absences, le LOSC part logiquement comme favori et a largement les capacit\u00e9s de s\u2019imposer ce soir. Si la d\u00e9faite face \u00e0 N\u00eemes (2-1) avant la tr\u00eave internationale avait d\u00e9boussol\u00e9 les Dogues, la victoire face au PSG a remis les pendules \u00e0 l\u2019heure et promet une course au titre palpitante jusqu\u2019\u00e0 la fin de la saison.<\/p>\n<ul>\n<li style=\"text-align: justify;\"><strong>\u00c0 lire aussi &#8211; <a href=\"https:\/\/dicodusport.fr\/blog\/football-ligue-1-notre-pronostic-pour-metz-lille\/\" target=\"_blank\" rel=\"noopener\">Notre pronostic pour Metz &#8211; Lille<\/a><\/strong><\/li>\n<\/ul>\n<p><em><strong>Jean Bod\u00e9r\u00e9<br \/>\n<a href=\"https:\/\/twitter.com\/dicodusport\" target=\"_blank\" rel=\"noopener noreferrer\"><img loading=\"lazy\" decoding=\"async\" class=\"alignnone wp-image-2908\" src=\"https:\/\/i1.wp.com\/dicodusport.fr\/blog\/wp-content\/uploads\/2017\/07\/logo-twitter-150x150.png?resize=39%2C39\" alt=\"\" width=\"39\" height=\"39\" \/><\/a><\/strong><\/em><\/p>\n","protected":false},"excerpt":{"rendered":"<p>Ce vendredi \u00e0 21h00, le LOSC se d\u00e9place sur la pelouse du FC Metz pour le compte de la 32\u00e8me journ\u00e9e de Ligue 1. Une semaine apr\u00e8s avoir battu et d\u00e9pass\u00e9 le PSG, les Lillois esp\u00e8rent confirmer face \u00e0 une \u00e9quipe moins en jambes ces derni\u00e8res semaines.<\/p>\n","protected":false},"author":52,"featured_media":119642,"comment_status":"open","ping_status":"closed","sticky":false,"template":"","format":"standard","meta":{"_acf_changed":false,"_daextam_enable_autolinks":"","footnotes":""},"categories":[2301],"tags":[75,1554,451,1746],"class_list":["post-119630","post","type-post","status-publish","format-standard","has-post-thumbnail","hentry","category-football","tag-football","tag-ligue-1","tag-lille","tag-metz"],"acf":[],"yoast_head":"<!-- This site is optimized with the Yoast SEO Premium plugin v26.7 (Yoast SEO v26.7) - https:\/\/yoast.com\/wordpress\/plugins\/seo\/ -->\n<title>Metz \u2013 Lille\u00a0: le LOSC veut conserver sa premi\u00e8re place<\/title>\n<meta name=\"description\" content=\"Ce vendredi \u00e0 21h00, le LOSC se d\u00e9place sur la pelouse du FC Metz pour le compte de la 32\u00e8me journ\u00e9e de Ligue 1.\" \/>\n<meta name=\"robots\" content=\"index, follow, max-snippet:-1, max-image-preview:large, max-video-preview:-1\" \/>\n<link rel=\"canonical\" href=\"https:\/\/dicodusport.fr\/blog\/metz-lille-le-losc-veut-conserver-sa-premiere-place\/\" \/>\n<meta property=\"og:locale\" content=\"fr_FR\" \/>\n<meta property=\"og:type\" content=\"article\" \/>\n<meta property=\"og:title\" content=\"Metz \u2013 Lille\u00a0: le LOSC veut conserver sa premi\u00e8re place\" \/>\n<meta property=\"og:description\" content=\"Ce vendredi \u00e0 21h00, le LOSC se d\u00e9place sur la pelouse du FC Metz pour le compte de la 32\u00e8me journ\u00e9e de Ligue 1.\" \/>\n<meta property=\"og:url\" content=\"https:\/\/dicodusport.fr\/blog\/metz-lille-le-losc-veut-conserver-sa-premiere-place\/\" \/>\n<meta property=\"og:site_name\" content=\"Dicodusport\" \/>\n<meta property=\"article:publisher\" content=\"https:\/\/www.facebook.com\/dicodusport\" \/>\n<meta property=\"article:published_time\" content=\"2021-04-09T10:01:31+00:00\" \/>\n<meta property=\"article:modified_time\" content=\"2021-04-09T12:42:57+00:00\" \/>\n<meta property=\"og:image\" content=\"https:\/\/dicodusport.fr\/blog\/wp-content\/uploads\/2021\/04\/Metz-\u2013-Lille-Le-LOSC-veut-conserver-sa-premiere-place.png\" \/>\n\t<meta property=\"og:image:width\" content=\"800\" \/>\n\t<meta property=\"og:image:height\" content=\"445\" \/>\n\t<meta property=\"og:image:type\" content=\"image\/png\" \/>\n<meta name=\"author\" content=\"Jean Bod\u00e9r\u00e9\" \/>\n<meta name=\"twitter:card\" content=\"summary_large_image\" \/>\n<meta name=\"twitter:title\" content=\"Metz \u2013 Lille\u00a0: le LOSC veut conserver sa premi\u00e8re place\" \/>\n<meta name=\"twitter:creator\" content=\"@dicodusport\" \/>\n<meta name=\"twitter:site\" content=\"@dicodusport\" \/>\n<script type=\"application\/ld+json\" class=\"yoast-schema-graph\">{\"@context\":\"https:\/\/schema.org\",\"@graph\":[{\"@type\":\"NewsArticle\",\"@id\":\"https:\/\/dicodusport.fr\/blog\/metz-lille-le-losc-veut-conserver-sa-premiere-place\/#article\",\"isPartOf\":{\"@id\":\"https:\/\/dicodusport.fr\/blog\/metz-lille-le-losc-veut-conserver-sa-premiere-place\/\"},\"author\":{\"name\":\"Jean Bod\u00e9r\u00e9\",\"@id\":\"https:\/\/dicodusport.fr\/blog\/#\/schema\/person\/cb75f6e4b58e9b98515bdc7902bb5a05\"},\"headline\":\"Metz \u2013 Lille\u00a0: le LOSC veut conserver sa premi\u00e8re place\",\"datePublished\":\"2021-04-09T10:01:31+00:00\",\"dateModified\":\"2021-04-09T12:42:57+00:00\",\"mainEntityOfPage\":{\"@id\":\"https:\/\/dicodusport.fr\/blog\/metz-lille-le-losc-veut-conserver-sa-premiere-place\/\"},\"wordCount\":770,\"commentCount\":0,\"publisher\":{\"@id\":\"https:\/\/dicodusport.fr\/blog\/#organization\"},\"image\":{\"@id\":\"https:\/\/dicodusport.fr\/blog\/metz-lille-le-losc-veut-conserver-sa-premiere-place\/#primaryimage\"},\"thumbnailUrl\":\"https:\/\/dicodusport.fr\/blog\/wp-content\/uploads\/2021\/04\/Metz-\u2013-Lille-Le-LOSC-veut-conserver-sa-premiere-place.png\",\"keywords\":[\"Football\",\"Ligue 1\",\"Lille\",\"Metz\"],\"articleSection\":[\"Football\"],\"inLanguage\":\"fr-FR\",\"potentialAction\":[{\"@type\":\"CommentAction\",\"name\":\"Comment\",\"target\":[\"https:\/\/dicodusport.fr\/blog\/metz-lille-le-losc-veut-conserver-sa-premiere-place\/#respond\"]}],\"copyrightYear\":\"2021\",\"copyrightHolder\":{\"@id\":\"https:\/\/dicodusport.fr\/blog\/#organization\"}},{\"@type\":\"WebPage\",\"@id\":\"https:\/\/dicodusport.fr\/blog\/metz-lille-le-losc-veut-conserver-sa-premiere-place\/\",\"url\":\"https:\/\/dicodusport.fr\/blog\/metz-lille-le-losc-veut-conserver-sa-premiere-place\/\",\"name\":\"Metz \u2013 Lille\u00a0: le LOSC veut conserver sa premi\u00e8re place\",\"isPartOf\":{\"@id\":\"https:\/\/dicodusport.fr\/blog\/#website\"},\"primaryImageOfPage\":{\"@id\":\"https:\/\/dicodusport.fr\/blog\/metz-lille-le-losc-veut-conserver-sa-premiere-place\/#primaryimage\"},\"image\":{\"@id\":\"https:\/\/dicodusport.fr\/blog\/metz-lille-le-losc-veut-conserver-sa-premiere-place\/#primaryimage\"},\"thumbnailUrl\":\"https:\/\/dicodusport.fr\/blog\/wp-content\/uploads\/2021\/04\/Metz-\u2013-Lille-Le-LOSC-veut-conserver-sa-premiere-place.png\",\"datePublished\":\"2021-04-09T10:01:31+00:00\",\"dateModified\":\"2021-04-09T12:42:57+00:00\",\"description\":\"Ce vendredi \u00e0 21h00, le LOSC se d\u00e9place sur la pelouse du FC Metz pour le compte de la 32\u00e8me journ\u00e9e de Ligue 1.\",\"breadcrumb\":{\"@id\":\"https:\/\/dicodusport.fr\/blog\/metz-lille-le-losc-veut-conserver-sa-premiere-place\/#breadcrumb\"},\"inLanguage\":\"fr-FR\",\"potentialAction\":[{\"@type\":\"ReadAction\",\"target\":[\"https:\/\/dicodusport.fr\/blog\/metz-lille-le-losc-veut-conserver-sa-premiere-place\/\"]}]},{\"@type\":\"ImageObject\",\"inLanguage\":\"fr-FR\",\"@id\":\"https:\/\/dicodusport.fr\/blog\/metz-lille-le-losc-veut-conserver-sa-premiere-place\/#primaryimage\",\"url\":\"https:\/\/dicodusport.fr\/blog\/wp-content\/uploads\/2021\/04\/Metz-\u2013-Lille-Le-LOSC-veut-conserver-sa-premiere-place.png\",\"contentUrl\":\"https:\/\/dicodusport.fr\/blog\/wp-content\/uploads\/2021\/04\/Metz-\u2013-Lille-Le-LOSC-veut-conserver-sa-premiere-place.png\",\"width\":800,\"height\":445,\"caption\":\"Metz \u2013 Lille\u00a0: le LOSC veut conserver sa premi\u00e8re place\"},{\"@type\":\"BreadcrumbList\",\"@id\":\"https:\/\/dicodusport.fr\/blog\/metz-lille-le-losc-veut-conserver-sa-premiere-place\/#breadcrumb\",\"itemListElement\":[{\"@type\":\"ListItem\",\"position\":1,\"name\":\"Accueil\",\"item\":\"https:\/\/dicodusport.fr\/blog\/\"},{\"@type\":\"ListItem\",\"position\":2,\"name\":\"Metz \u2013 Lille\u00a0: le LOSC veut conserver sa premi\u00e8re place\"}]},{\"@type\":\"WebSite\",\"@id\":\"https:\/\/dicodusport.fr\/blog\/#website\",\"url\":\"https:\/\/dicodusport.fr\/blog\/\",\"name\":\"Dicodusport\",\"description\":\"L&#039;encyclop\u00e9die de l&#039;actualit\u00e9 sportive\",\"publisher\":{\"@id\":\"https:\/\/dicodusport.fr\/blog\/#organization\"},\"potentialAction\":[{\"@type\":\"SearchAction\",\"target\":{\"@type\":\"EntryPoint\",\"urlTemplate\":\"https:\/\/dicodusport.fr\/blog\/?s={search_term_string}\"},\"query-input\":{\"@type\":\"PropertyValueSpecification\",\"valueRequired\":true,\"valueName\":\"search_term_string\"}}],\"inLanguage\":\"fr-FR\"},{\"@type\":\"NewsMediaOrganization\",\"@id\":\"https:\/\/dicodusport.fr\/blog\/#organization\",\"name\":\"Dicodusport\",\"url\":\"https:\/\/dicodusport.fr\/blog\/\",\"logo\":{\"@type\":\"ImageObject\",\"inLanguage\":\"fr-FR\",\"@id\":\"https:\/\/dicodusport.fr\/blog\/#\/schema\/logo\/image\/\",\"url\":\"https:\/\/dicodusport.fr\/blog\/wp-content\/uploads\/2020\/06\/cropped-LOGO-DICODUSPORT-2020-SANS-FOND-SANS-TEXTE.png\",\"contentUrl\":\"https:\/\/dicodusport.fr\/blog\/wp-content\/uploads\/2020\/06\/cropped-LOGO-DICODUSPORT-2020-SANS-FOND-SANS-TEXTE.png\",\"width\":512,\"height\":512,\"caption\":\"Dicodusport\"},\"image\":{\"@id\":\"https:\/\/dicodusport.fr\/blog\/#\/schema\/logo\/image\/\"},\"sameAs\":[\"https:\/\/www.facebook.com\/dicodusport\",\"https:\/\/x.com\/dicodusport\",\"https:\/\/www.instagram.com\/dicodusport\/\",\"https:\/\/www.youtube.com\/channel\/UC7V2KZ5sd3htJivAbA4ZG3w\"],\"description\":\"Dicodusport est l'encyclop\u00e9die de l'actualit\u00e9 sportive.\",\"email\":\"bonjour@dicodusport.fr\",\"legalName\":\"DICODUSPORT\",\"foundingDate\":\"2018-01-14\",\"vatID\":\"FR71834470973\",\"taxID\":\"83447097300043\",\"numberOfEmployees\":{\"@type\":\"QuantitativeValue\",\"minValue\":\"1\",\"maxValue\":\"10\"}},{\"@type\":\"Person\",\"@id\":\"https:\/\/dicodusport.fr\/blog\/#\/schema\/person\/cb75f6e4b58e9b98515bdc7902bb5a05\",\"name\":\"Jean Bod\u00e9r\u00e9\",\"image\":{\"@type\":\"ImageObject\",\"inLanguage\":\"fr-FR\",\"@id\":\"https:\/\/dicodusport.fr\/blog\/#\/schema\/person\/image\/\",\"url\":\"https:\/\/dicodusport.fr\/blog\/wp-content\/uploads\/2020\/06\/cropped-LOGO-DICODUSPORT-2020-SANS-FOND-SANS-TEXTE-150x150.png\",\"contentUrl\":\"https:\/\/dicodusport.fr\/blog\/wp-content\/uploads\/2020\/06\/cropped-LOGO-DICODUSPORT-2020-SANS-FOND-SANS-TEXTE-150x150.png\",\"caption\":\"Jean Bod\u00e9r\u00e9\"},\"url\":\"https:\/\/dicodusport.fr\/blog\/author\/jeanb\/\"}]}<\/script>\n<!-- \/ Yoast SEO Premium plugin. -->","yoast_head_json":{"title":"Metz \u2013 Lille\u00a0: le LOSC veut conserver sa premi\u00e8re place","description":"Ce vendredi \u00e0 21h00, le LOSC se d\u00e9place sur la pelouse du FC Metz pour le compte de la 32\u00e8me journ\u00e9e de Ligue 1.","robots":{"index":"index","follow":"follow","max-snippet":"max-snippet:-1","max-image-preview":"max-image-preview:large","max-video-preview":"max-video-preview:-1"},"canonical":"https:\/\/dicodusport.fr\/blog\/metz-lille-le-losc-veut-conserver-sa-premiere-place\/","og_locale":"fr_FR","og_type":"article","og_title":"Metz \u2013 Lille\u00a0: le LOSC veut conserver sa premi\u00e8re place","og_description":"Ce vendredi \u00e0 21h00, le LOSC se d\u00e9place sur la pelouse du FC Metz pour le compte de la 32\u00e8me journ\u00e9e de Ligue 1.","og_url":"https:\/\/dicodusport.fr\/blog\/metz-lille-le-losc-veut-conserver-sa-premiere-place\/","og_site_name":"Dicodusport","article_publisher":"https:\/\/www.facebook.com\/dicodusport","article_published_time":"2021-04-09T10:01:31+00:00","article_modified_time":"2021-04-09T12:42:57+00:00","og_image":[{"width":800,"height":445,"url":"https:\/\/dicodusport.fr\/blog\/wp-content\/uploads\/2021\/04\/Metz-\u2013-Lille-Le-LOSC-veut-conserver-sa-premiere-place.png","type":"image\/png"}],"author":"Jean Bod\u00e9r\u00e9","twitter_card":"summary_large_image","twitter_title":"Metz \u2013 Lille\u00a0: le LOSC veut conserver sa premi\u00e8re place","twitter_creator":"@dicodusport","twitter_site":"@dicodusport","schema":{"@context":"https:\/\/schema.org","@graph":[{"@type":"NewsArticle","@id":"https:\/\/dicodusport.fr\/blog\/metz-lille-le-losc-veut-conserver-sa-premiere-place\/#article","isPartOf":{"@id":"https:\/\/dicodusport.fr\/blog\/metz-lille-le-losc-veut-conserver-sa-premiere-place\/"},"author":{"name":"Jean Bod\u00e9r\u00e9","@id":"https:\/\/dicodusport.fr\/blog\/#\/schema\/person\/cb75f6e4b58e9b98515bdc7902bb5a05"},"headline":"Metz \u2013 Lille\u00a0: le LOSC veut conserver sa premi\u00e8re place","datePublished":"2021-04-09T10:01:31+00:00","dateModified":"2021-04-09T12:42:57+00:00","mainEntityOfPage":{"@id":"https:\/\/dicodusport.fr\/blog\/metz-lille-le-losc-veut-conserver-sa-premiere-place\/"},"wordCount":770,"commentCount":0,"publisher":{"@id":"https:\/\/dicodusport.fr\/blog\/#organization"},"image":{"@id":"https:\/\/dicodusport.fr\/blog\/metz-lille-le-losc-veut-conserver-sa-premiere-place\/#primaryimage"},"thumbnailUrl":"https:\/\/dicodusport.fr\/blog\/wp-content\/uploads\/2021\/04\/Metz-\u2013-Lille-Le-LOSC-veut-conserver-sa-premiere-place.png","keywords":["Football","Ligue 1","Lille","Metz"],"articleSection":["Football"],"inLanguage":"fr-FR","potentialAction":[{"@type":"CommentAction","name":"Comment","target":["https:\/\/dicodusport.fr\/blog\/metz-lille-le-losc-veut-conserver-sa-premiere-place\/#respond"]}],"copyrightYear":"2021","copyrightHolder":{"@id":"https:\/\/dicodusport.fr\/blog\/#organization"}},{"@type":"WebPage","@id":"https:\/\/dicodusport.fr\/blog\/metz-lille-le-losc-veut-conserver-sa-premiere-place\/","url":"https:\/\/dicodusport.fr\/blog\/metz-lille-le-losc-veut-conserver-sa-premiere-place\/","name":"Metz \u2013 Lille\u00a0: le LOSC veut conserver sa premi\u00e8re place","isPartOf":{"@id":"https:\/\/dicodusport.fr\/blog\/#website"},"primaryImageOfPage":{"@id":"https:\/\/dicodusport.fr\/blog\/metz-lille-le-losc-veut-conserver-sa-premiere-place\/#primaryimage"},"image":{"@id":"https:\/\/dicodusport.fr\/blog\/metz-lille-le-losc-veut-conserver-sa-premiere-place\/#primaryimage"},"thumbnailUrl":"https:\/\/dicodusport.fr\/blog\/wp-content\/uploads\/2021\/04\/Metz-\u2013-Lille-Le-LOSC-veut-conserver-sa-premiere-place.png","datePublished":"2021-04-09T10:01:31+00:00","dateModified":"2021-04-09T12:42:57+00:00","description":"Ce vendredi \u00e0 21h00, le LOSC se d\u00e9place sur la pelouse du FC Metz pour le compte de la 32\u00e8me journ\u00e9e de Ligue 1.","breadcrumb":{"@id":"https:\/\/dicodusport.fr\/blog\/metz-lille-le-losc-veut-conserver-sa-premiere-place\/#breadcrumb"},"inLanguage":"fr-FR","potentialAction":[{"@type":"ReadAction","target":["https:\/\/dicodusport.fr\/blog\/metz-lille-le-losc-veut-conserver-sa-premiere-place\/"]}]},{"@type":"ImageObject","inLanguage":"fr-FR","@id":"https:\/\/dicodusport.fr\/blog\/metz-lille-le-losc-veut-conserver-sa-premiere-place\/#primaryimage","url":"https:\/\/dicodusport.fr\/blog\/wp-content\/uploads\/2021\/04\/Metz-\u2013-Lille-Le-LOSC-veut-conserver-sa-premiere-place.png","contentUrl":"https:\/\/dicodusport.fr\/blog\/wp-content\/uploads\/2021\/04\/Metz-\u2013-Lille-Le-LOSC-veut-conserver-sa-premiere-place.png","width":800,"height":445,"caption":"Metz \u2013 Lille\u00a0: le LOSC veut conserver sa premi\u00e8re place"},{"@type":"BreadcrumbList","@id":"https:\/\/dicodusport.fr\/blog\/metz-lille-le-losc-veut-conserver-sa-premiere-place\/#breadcrumb","itemListElement":[{"@type":"ListItem","position":1,"name":"Accueil","item":"https:\/\/dicodusport.fr\/blog\/"},{"@type":"ListItem","position":2,"name":"Metz \u2013 Lille\u00a0: le LOSC veut conserver sa premi\u00e8re place"}]},{"@type":"WebSite","@id":"https:\/\/dicodusport.fr\/blog\/#website","url":"https:\/\/dicodusport.fr\/blog\/","name":"Dicodusport","description":"L&#039;encyclop\u00e9die de l&#039;actualit\u00e9 sportive","publisher":{"@id":"https:\/\/dicodusport.fr\/blog\/#organization"},"potentialAction":[{"@type":"SearchAction","target":{"@type":"EntryPoint","urlTemplate":"https:\/\/dicodusport.fr\/blog\/?s={search_term_string}"},"query-input":{"@type":"PropertyValueSpecification","valueRequired":true,"valueName":"search_term_string"}}],"inLanguage":"fr-FR"},{"@type":"NewsMediaOrganization","@id":"https:\/\/dicodusport.fr\/blog\/#organization","name":"Dicodusport","url":"https:\/\/dicodusport.fr\/blog\/","logo":{"@type":"ImageObject","inLanguage":"fr-FR","@id":"https:\/\/dicodusport.fr\/blog\/#\/schema\/logo\/image\/","url":"https:\/\/dicodusport.fr\/blog\/wp-content\/uploads\/2020\/06\/cropped-LOGO-DICODUSPORT-2020-SANS-FOND-SANS-TEXTE.png","contentUrl":"https:\/\/dicodusport.fr\/blog\/wp-content\/uploads\/2020\/06\/cropped-LOGO-DICODUSPORT-2020-SANS-FOND-SANS-TEXTE.png","width":512,"height":512,"caption":"Dicodusport"},"image":{"@id":"https:\/\/dicodusport.fr\/blog\/#\/schema\/logo\/image\/"},"sameAs":["https:\/\/www.facebook.com\/dicodusport","https:\/\/x.com\/dicodusport","https:\/\/www.instagram.com\/dicodusport\/","https:\/\/www.youtube.com\/channel\/UC7V2KZ5sd3htJivAbA4ZG3w"],"description":"Dicodusport est l'encyclop\u00e9die de l'actualit\u00e9 sportive.","email":"bonjour@dicodusport.fr","legalName":"DICODUSPORT","foundingDate":"2018-01-14","vatID":"FR71834470973","taxID":"83447097300043","numberOfEmployees":{"@type":"QuantitativeValue","minValue":"1","maxValue":"10"}},{"@type":"Person","@id":"https:\/\/dicodusport.fr\/blog\/#\/schema\/person\/cb75f6e4b58e9b98515bdc7902bb5a05","name":"Jean Bod\u00e9r\u00e9","image":{"@type":"ImageObject","inLanguage":"fr-FR","@id":"https:\/\/dicodusport.fr\/blog\/#\/schema\/person\/image\/","url":"https:\/\/dicodusport.fr\/blog\/wp-content\/uploads\/2020\/06\/cropped-LOGO-DICODUSPORT-2020-SANS-FOND-SANS-TEXTE-150x150.png","contentUrl":"https:\/\/dicodusport.fr\/blog\/wp-content\/uploads\/2020\/06\/cropped-LOGO-DICODUSPORT-2020-SANS-FOND-SANS-TEXTE-150x150.png","caption":"Jean Bod\u00e9r\u00e9"},"url":"https:\/\/dicodusport.fr\/blog\/author\/jeanb\/"}]}},"_links":{"self":[{"href":"https:\/\/dicodusport.fr\/blog\/wp-json\/wp\/v2\/posts\/119630","targetHints":{"allow":["GET"]}}],"collection":[{"href":"https:\/\/dicodusport.fr\/blog\/wp-json\/wp\/v2\/posts"}],"about":[{"href":"https:\/\/dicodusport.fr\/blog\/wp-json\/wp\/v2\/types\/post"}],"author":[{"embeddable":true,"href":"https:\/\/dicodusport.fr\/blog\/wp-json\/wp\/v2\/users\/52"}],"replies":[{"embeddable":true,"href":"https:\/\/dicodusport.fr\/blog\/wp-json\/wp\/v2\/comments?post=119630"}],"version-history":[{"count":0,"href":"https:\/\/dicodusport.fr\/blog\/wp-json\/wp\/v2\/posts\/119630\/revisions"}],"wp:featuredmedia":[{"embeddable":true,"href":"https:\/\/dicodusport.fr\/blog\/wp-json\/wp\/v2\/media\/119642"}],"wp:attachment":[{"href":"https:\/\/dicodusport.fr\/blog\/wp-json\/wp\/v2\/media?parent=119630"}],"wp:term":[{"taxonomy":"category","embeddable":true,"href":"https:\/\/dicodusport.fr\/blog\/wp-json\/wp\/v2\/categories?post=119630"},{"taxonomy":"post_tag","embeddable":true,"href":"https:\/\/dicodusport.fr\/blog\/wp-json\/wp\/v2\/tags?post=119630"}],"curies":[{"name":"wp","href":"https:\/\/api.w.org\/{rel}","templated":true}]}}