{"id":119806,"date":"2021-04-11T08:30:29","date_gmt":"2021-04-11T06:30:29","guid":{"rendered":"https:\/\/dicodusport.fr\/blog\/?p=119806"},"modified":"2021-04-11T14:53:48","modified_gmt":"2021-04-11T12:53:48","slug":"tour-de-turquie-2021-le-parcours-en-detail","status":"publish","type":"post","link":"https:\/\/dicodusport.fr\/blog\/tour-de-turquie-2021-le-parcours-en-detail\/","title":{"rendered":"Tour de Turquie 2021 : le parcours en d\u00e9tail"},"content":{"rendered":"<p style=\"text-align: justify;\"><strong><em><a href=\"https:\/\/dicodusport.fr\/blog\/actualites\/cyclisme\/\" target=\"_blank\" rel=\"noopener\">CYCLISME<\/a> &#8211; En raison de l&rsquo;annulation de Paris-Roubaix, tous les regards seront tourn\u00e9s sur le <a href=\"https:\/\/www.procyclingstats.com\/race\/tour-of-turkey\/2021\/overview\" target=\"_blank\" rel=\"noopener\">Tour de Turquie<\/a> ce dimanche 11 avril. La course par \u00e9tapes de huit jours fait partie de l&rsquo;UCI ProSeries et accueillera trois \u00e9quipes du WorldTour. Et nous assistons \u00e0 un moment tr\u00e8s sp\u00e9cial avec le grand retour de Fabio Jakobsen, huit mois apr\u00e8s sa terrible chute sur le Tour de Pologne.<\/em><\/strong><\/p>\n<h2 style=\"text-align: justify;\">Du relief d\u00e8s les premiers jours<\/h2>\n<p style=\"text-align: justify;\">D&rsquo;abord, la premi\u00e8re \u00e9tape n&rsquo;aura pas lieu entre Nev\u015fehir et \u00dcrg\u00fcp dans la r\u00e9gion de Cappadoce sur 167.3 km \u00e0 cause des fortes chutes de neige. <strong>Les coureurs auront \u00e0 la place une \u00e9tape courte de 72,4 kilom\u00e8tres avec une ascension de troisi\u00e8me cat\u00e9gorie apr\u00e8s 50 kilom\u00e8tres de course<\/strong>. Les sprinteurs devraient se disputer ce premier bouquet de ce Tour de Turquie \u00e0 Konya.<\/p>\n<p style=\"text-align: justify;\">Ensuite, la deuxi\u00e8me \u00e9tape se tiendra <strong>autour de Konya<\/strong>, la sixi\u00e8me plus grande ville de Turquie. La premi\u00e8re moiti\u00e9 de la course pr\u00e9sentera un profil vallonn\u00e9 avec deux ascensions. Tandis que la seconde moiti\u00e9 sera plate avec une portion en faux plat montant \u00e0 20 kilom\u00e8tres de l&rsquo;arriv\u00e9e. Le finale sera assez technique, avec deux virages \u00e0 angle droit et deux courbes dans le dernier kilom\u00e8tre. L&rsquo;arriv\u00e9e se situera au parc K\u00fclt\u00fcr au centre de la ville.<\/p>\n<p style=\"text-align: justify;\">Puis, <strong>la troisi\u00e8me \u00e9tape entre Beysehir et Alanya<\/strong> proposera un peu le m\u00eame type de profil que l&rsquo;\u00e9tape de la veille. Les 110 premiers kilom\u00e8tres seront accident\u00e9s avec une longue portion sur un plateau \u00e0 plus de 1100 m\u00e8tres d&rsquo;altitude pour d\u00e9buter la journ\u00e9e. Une ascension de 7 km \u00e0 7 % de moyenne conclura cette premi\u00e8re partie. Le peloton se dirigera vers la c\u00f4te turque pour utiliser sur la D400 entre Manavgat et Alanya. Le final sera assez simple avec une arriv\u00e9e sur un boulevard de la station baln\u00e9aire.<\/p>\n<p style=\"text-align: justify;\"><strong>Le quatri\u00e8me jour de course<\/strong> d\u00e9butera \u00e0 Alanya pour prendre la direction de l&rsquo;ouest jusqu&rsquo;\u00e0 Kemer. Contrairement aux jours pr\u00e9c\u00e9dents, tr\u00e8s peu de d\u00e9nivel\u00e9 avec une journ\u00e9e id\u00e9ale pour les sprinteurs le long de la c\u00f4te m\u00e9diterran\u00e9enne avec un passage par Antalya. Une petite bosse (1600m \u00e0 moins de 3 % de moyenne) propos\u00e9e \u00e0 une trentaine de kilom\u00e8tres du terme. Rien ne devrait priver une nouvelle explication entre sprinteurs. On pensera notamment au vainqueur du Grand Prix de l&rsquo;Escaut <strong>Jasper Philipsen<\/strong>, <strong>Luca Mozzato<\/strong> (3e de Nokere Koerse), <strong>Mark Cavendish<\/strong> ou encore le revenant <strong>Fabio Jakobsen<\/strong>.<\/p>\n<h2 style=\"text-align: justify;\">Le retour de l&rsquo;ascension d&rsquo;Elmali<\/h2>\n<p style=\"text-align: justify;\">Pour la premi\u00e8re fois depuis 2016, l&rsquo;\u00e9tape de montagne \u00e0 Elmali, <strong>th\u00e9\u00e2tre de la 5\u00e8me \u00e9tape<\/strong>, sera de retour sur le parcours du Tour de Turquie. Cette mont\u00e9e finale sera longue de 12 kilom\u00e8tres \u00e0 6,3 %. En 2013, la victoire \u00e9tait revenue \u00e0 <strong>Natnael Berhane<\/strong>, alors \u00e2g\u00e9 de 22 ans en battant <strong>Kevin Seeldraeyers<\/strong> et <strong>Mustafa Sayar<\/strong>. <strong>Rein Taaram\u00e4e<\/strong> y a gagn\u00e9 en 2014 et <strong>Davide Rebellin<\/strong> en 2015. L&rsquo;Espagnol <strong>Jaime Ros\u00f3n<\/strong> \u00e9tait le dernier vainqueur de la mont\u00e9e Elmali il y a cinq ans. En cette journ\u00e9e d\u00e9cisive pour le g\u00e9n\u00e9ral, le peloton s&rsquo;\u00e9lancera de Kemer pour aller vers l&rsquo;int\u00e9rieur des terres. Apr\u00e8s 32 kilom\u00e8tres, les coureurs attendront une ascension de troisi\u00e8me cat\u00e9gorie. Apr\u00e8s un court passage le long de la c\u00f4te, la route remontera aussit\u00f4t avec une mont\u00e9e de premi\u00e8re cat\u00e9gorie longue de 18 kilom\u00e8tres pour rejoindre un plateau \u00e0 environ 1 100 m\u00e8tres.<\/p>\n<p style=\"text-align: justify;\">Apr\u00e8s 35 kilom\u00e8tres sur ce plateau et apr\u00e8s avoir pass\u00e9 Salur, place \u00e0 la mont\u00e9e finale vers Elmali avec le sommet \u00e0 1 828 m\u00e8tres. Le dernier kilom\u00e8tre pr\u00e9sentera des rampes jusqu&rsquo;\u00e0 12% et 15% Cette derni\u00e8re mont\u00e9e est \u00e9galement appel\u00e9e le <strong>G\u00f6\u011f\u00fcbeli<\/strong>. Le troisi\u00e8me de l&rsquo;\u00e9dition 2019 <strong>Merhawi Kudus<\/strong> (Astana Premier Tech) pourrait profiter de cette \u00e9tape pour marquer son terrain. \u00c0 moins que <strong>Pierre Rolland<\/strong> (B&amp;B H\u00f4tels) ne se distingue en se montrant offensif. Le Costaricien de 22 ans <strong>Kevin Rivera<\/strong> (Bardiani CSF) sera \u00e9galement \u00e0 suivre sur ce type de col. Du c\u00f4t\u00e9 des coureurs moins connus, l&rsquo;Ukrainien de <strong>Spor Toto<\/strong>, l&rsquo;une des \u00e9quipes turques pr\u00e9sentes, <strong>Anatoliy Budyak<\/strong> pourrait se montrer \u00e0 son avantage. En plus, il a remport\u00e9 r\u00e9cemment le Tour de Mevlana en dominant l&rsquo;\u00e9tape la plus dure.<\/p>\n<h2 style=\"text-align: justify;\">Des derni\u00e8res \u00e9tapes pas de tout repos<\/h2>\n<p style=\"text-align: justify;\">Le lendemain, pour <strong>la 6\u00e8me \u00e9tape<\/strong>, les coureurs feront face \u00e0 la journ\u00e9e la plus courte mais pas la plus facile, de Fethiye dans la province de Mu\u011fla \u00e0 Marmaris. L&rsquo;itin\u00e9raire se fera le long du littoral avec un profil casse-pattes. Apr\u00e8s avoir travers\u00e9 Ortaca, K\u00f6yce\u011fiz et Akyaka, les coureurs iront vers le sud sur des routes accident\u00e9es. Dans les vingt derniers kilom\u00e8tres, il y aura deux mont\u00e9es assez raides, dont la seconde sera longue de 3 km \u00e0 7 % de moyenne. Le sommet de la seconde sera \u00e0 10,7 kilom\u00e8tres jusqu&rsquo;\u00e0 l&rsquo;arriv\u00e9e. Apr\u00e8s la descente d&rsquo;environ 7 kilom\u00e8tres, trois kilom\u00e8tres seront plats. Le final dans Marmaris sera un peu technique avec une\u00a0 petite chicane dans le dernier kilom\u00e8tre.<\/p>\n<p style=\"text-align: justify;\">Par la suite, <strong>la 7\u00e8me et avant-derni\u00e8re \u00e9tape<\/strong> d\u00e9butera de Marmaris avec une premi\u00e8re partie vallonn\u00e9e avec une mont\u00e9e de premi\u00e8re cat\u00e9gorie (8,7 km \u00e0 7 %) apr\u00e8s 36 kilom\u00e8tres de course et une deuxi\u00e8me ascension (13 km \u00e0 3 %) apr\u00e8s 96 kilom\u00e8tres avant de descendre sur la mer et emprunter la D330 jusqu&rsquo;\u00e0 la ville d&rsquo;arriv\u00e9e de Turgutreis. Le final est exigeant, car \u00e0 un kilom\u00e8tre et demi de l&rsquo;arriv\u00e9e, il y aura un tron\u00e7on de 500 m\u00e8tres \u00e0 6%. Apr\u00e8s cela, il y aura une petite descente pour atteindre les 400 derniers m\u00e8tres plats. Des derniers kilom\u00e8tres qui pourraient plaire \u00e0 des coureurs comme <strong>Cyril Gautier<\/strong> et au vainqueur du Tour du Limousin <strong>Luca Wackermann<\/strong>.<\/p>\n<p style=\"text-align: justify;\">Enfin, <strong>la derni\u00e8re \u00e9tape du 56\u00e8me Tour de Turquie<\/strong> se d\u00e9roulera entre Bodrum et Ku\u015fadas\u0131 sur 160 kilom\u00e8tres. Apr\u00e8s une premi\u00e8re moiti\u00e9 d&rsquo;\u00e9tape plate, la seconde partie pr\u00e9sentera plus de relief avec dans les trente derniers kilom\u00e8tres, une mont\u00e9e longue de 1600 m \u00e0 8,3 %, avec de nombreux passages \u00e0 plus de 10 %, class\u00e9e en deuxi\u00e8me cat\u00e9gorie et dont le sommet se situe \u00e0 19 kilom\u00e8tres de l&rsquo;arriv\u00e9e. Mais apr\u00e8s la descente, il va falloir faire encore face \u00e0 deux petites collines non cat\u00e9goris\u00e9es (la seconde sera longue 1600 m \u00e0 4,2 %). Les trois derniers kilom\u00e8tres descendront vers la ville touristique, avec notamment son port de Ku\u015fadas\u0131 avec un final technique et une ultime ligne droite de 600 m\u00e8tres.<\/p>\n<div id=\"attachment_120125\" style=\"width: 1124px\" class=\"wp-caption aligncenter\"><a href=\"https:\/\/dicodusport.fr\/blog\/wp-content\/uploads\/2021\/04\/Carte-du-parcours-du-Tour-de-Turquie-2021.jpg\"><img loading=\"lazy\" decoding=\"async\" aria-describedby=\"caption-attachment-120125\" class=\"wp-image-120125 size-full\" src=\"https:\/\/dicodusport.fr\/blog\/wp-content\/uploads\/2021\/04\/Carte-du-parcours-du-Tour-de-Turquie-2021.jpg\" alt=\"Carte du parcours du Tour de Turquie 2021\" width=\"1114\" height=\"505\" srcset=\"https:\/\/dicodusport.fr\/blog\/wp-content\/uploads\/2021\/04\/Carte-du-parcours-du-Tour-de-Turquie-2021.jpg 1114w, https:\/\/dicodusport.fr\/blog\/wp-content\/uploads\/2021\/04\/Carte-du-parcours-du-Tour-de-Turquie-2021-300x136.jpg 300w, https:\/\/dicodusport.fr\/blog\/wp-content\/uploads\/2021\/04\/Carte-du-parcours-du-Tour-de-Turquie-2021-1024x464.jpg 1024w, https:\/\/dicodusport.fr\/blog\/wp-content\/uploads\/2021\/04\/Carte-du-parcours-du-Tour-de-Turquie-2021-768x348.jpg 768w\" sizes=\"auto, (max-width: 1114px) 100vw, 1114px\" \/><\/a><p id=\"caption-attachment-120125\" class=\"wp-caption-text\">Carte du parcours du Tour de Turquie 2021 &#8211; Via Pro Cycling Stats<\/p><\/div>\n<h2>Le palmar\u00e8s des 10 derni\u00e8res \u00e9ditions<\/h2>\n<p style=\"text-align: center;\"><span class=\"tojvnm2t a6sixzi8 abs2jz4q a8s20v7p t1p8iaqh k5wvi7nf q3lfd5jv pk4s997a bipmatt0 cebpdrjk qowsmv63 owwhemhu dp1hu0rb dhp61c6y iyyx5f41\"><strong>2019<\/strong> GRO\u00dfSCHARTNER Felix <\/span><\/p>\n<p style=\"text-align: center;\"><span class=\"tojvnm2t a6sixzi8 abs2jz4q a8s20v7p t1p8iaqh k5wvi7nf q3lfd5jv pk4s997a bipmatt0 cebpdrjk qowsmv63 owwhemhu dp1hu0rb dhp61c6y iyyx5f41\"><strong>2018<\/strong> PRADES Eduard <\/span><\/p>\n<p style=\"text-align: center;\"><span class=\"tojvnm2t a6sixzi8 abs2jz4q a8s20v7p t1p8iaqh k5wvi7nf q3lfd5jv pk4s997a bipmatt0 cebpdrjk qowsmv63 owwhemhu dp1hu0rb dhp61c6y iyyx5f41\"><strong>2017<\/strong> ULISSI Diego <\/span><\/p>\n<p style=\"text-align: center;\"><span class=\"tojvnm2t a6sixzi8 abs2jz4q a8s20v7p t1p8iaqh k5wvi7nf q3lfd5jv pk4s997a bipmatt0 cebpdrjk qowsmv63 owwhemhu dp1hu0rb dhp61c6y iyyx5f41\"><strong>2016<\/strong> GON\u00c7ALVES Jos\u00e9 <\/span><\/p>\n<p style=\"text-align: center;\"><span class=\"tojvnm2t a6sixzi8 abs2jz4q a8s20v7p t1p8iaqh k5wvi7nf q3lfd5jv pk4s997a bipmatt0 cebpdrjk qowsmv63 owwhemhu dp1hu0rb dhp61c6y iyyx5f41\"><strong>2015<\/strong> \u0110URASEK Kristijan <\/span><\/p>\n<p style=\"text-align: center;\"><span class=\"tojvnm2t a6sixzi8 abs2jz4q a8s20v7p t1p8iaqh k5wvi7nf q3lfd5jv pk4s997a bipmatt0 cebpdrjk qowsmv63 owwhemhu dp1hu0rb dhp61c6y iyyx5f41\"><strong>2014<\/strong> YATES Adam <\/span><\/p>\n<p style=\"text-align: center;\"><span class=\"tojvnm2t a6sixzi8 abs2jz4q a8s20v7p t1p8iaqh k5wvi7nf q3lfd5jv pk4s997a bipmatt0 cebpdrjk qowsmv63 owwhemhu dp1hu0rb dhp61c6y iyyx5f41\"><strong>2013<\/strong> BERHANE Natnael <\/span><\/p>\n<p style=\"text-align: center;\"><span class=\"tojvnm2t a6sixzi8 abs2jz4q a8s20v7p t1p8iaqh k5wvi7nf q3lfd5jv pk4s997a bipmatt0 cebpdrjk qowsmv63 owwhemhu dp1hu0rb dhp61c6y iyyx5f41\"><strong>2012<\/strong> DYACHENKO Alexandr <\/span><\/p>\n<p style=\"text-align: center;\"><span class=\"tojvnm2t a6sixzi8 abs2jz4q a8s20v7p t1p8iaqh k5wvi7nf q3lfd5jv pk4s997a bipmatt0 cebpdrjk qowsmv63 owwhemhu dp1hu0rb dhp61c6y iyyx5f41\"><strong>2011<\/strong> EFIMKIN Alexander <\/span><\/p>\n<p style=\"text-align: center;\"><span class=\"tojvnm2t a6sixzi8 abs2jz4q a8s20v7p t1p8iaqh k5wvi7nf q3lfd5jv pk4s997a bipmatt0 cebpdrjk qowsmv63 owwhemhu dp1hu0rb dhp61c6y iyyx5f41\"><strong>2010<\/strong> VISCONTI Giovanni<\/span><\/p>\n<p><strong><em>Emilien Descampiaux<br \/>\n<a href=\"https:\/\/www.facebook.com\/groups\/LesRoisDuPeloton\" target=\"_blank\" rel=\"noopener noreferrer\"><img loading=\"lazy\" decoding=\"async\" class=\"alignnone wp-image-2909\" src=\"http:\/\/dicodusport.fr\/blog\/wp-content\/uploads\/2017\/07\/logo-facebook-150x150.png\" alt=\"\" width=\"40\" height=\"40\" \/><\/a><a href=\"https:\/\/twitter.com\/LRoisDuPeloton\" target=\"_blank\" rel=\"noopener noreferrer\"><img loading=\"lazy\" decoding=\"async\" class=\"alignnone wp-image-2908\" src=\"http:\/\/dicodusport.fr\/blog\/wp-content\/uploads\/2017\/07\/logo-twitter-150x150.png\" alt=\"\" width=\"40\" height=\"40\" \/><\/a><\/em><\/strong><\/p>\n","protected":false},"excerpt":{"rendered":"<p>CYCLISME &#8211; En raison de l&rsquo;annulation de Paris-Roubaix, tous les regards seront tourn\u00e9s sur le Tour de Turquie ce dimanche 11 avril. La course par \u00e9tapes de huit jours fait partie de l&rsquo;UCI ProSeries et accueillera trois \u00e9quipes du WorldTour. Et nous assistons \u00e0 un moment tr\u00e8s sp\u00e9cial avec le grand retour de Fabio Jakobsen, huit mois apr\u00e8s sa terrible chute sur le Tour de Pologne.<\/p>\n","protected":false},"author":48,"featured_media":120126,"comment_status":"open","ping_status":"closed","sticky":false,"template":"","format":"standard","meta":{"_acf_changed":false,"_daextam_enable_autolinks":"","footnotes":""},"categories":[2307],"tags":[3119,15827],"class_list":["post-119806","post","type-post","status-publish","format-standard","has-post-thumbnail","hentry","category-cyclisme","tag-actualite-cyclisme","tag-tour-de-turquie"],"acf":[],"yoast_head":"<!-- This site is optimized with the Yoast SEO Premium plugin v26.7 (Yoast SEO v26.7) - https:\/\/yoast.com\/wordpress\/plugins\/seo\/ -->\n<title>Tour de Turquie 2021 : le parcours en d\u00e9tail<\/title>\n<meta name=\"description\" content=\"CYCLISME - En raison de l&#039;annulation de Paris-Roubaix, les regards seront tourn\u00e9s sur le Tour de Turquie ce dimanche 11 avril. Le parcours en d\u00e9tail.\" \/>\n<meta name=\"robots\" content=\"index, follow, max-snippet:-1, max-image-preview:large, max-video-preview:-1\" \/>\n<link rel=\"canonical\" href=\"https:\/\/dicodusport.fr\/blog\/tour-de-turquie-2021-le-parcours-en-detail\/\" \/>\n<meta property=\"og:locale\" content=\"fr_FR\" \/>\n<meta property=\"og:type\" content=\"article\" \/>\n<meta property=\"og:title\" content=\"Tour de Turquie 2021 : le parcours en d\u00e9tail\" \/>\n<meta property=\"og:description\" content=\"CYCLISME - En raison de l&#039;annulation de Paris-Roubaix, les regards seront tourn\u00e9s sur le Tour de Turquie ce dimanche 11 avril. Le parcours en d\u00e9tail.\" \/>\n<meta property=\"og:url\" content=\"https:\/\/dicodusport.fr\/blog\/tour-de-turquie-2021-le-parcours-en-detail\/\" \/>\n<meta property=\"og:site_name\" content=\"Dicodusport\" \/>\n<meta property=\"article:publisher\" content=\"https:\/\/www.facebook.com\/dicodusport\" \/>\n<meta property=\"article:author\" content=\"https:\/\/www.facebook.com\/groups\/LesRoisDuPeloton\" \/>\n<meta property=\"article:published_time\" content=\"2021-04-11T06:30:29+00:00\" \/>\n<meta property=\"article:modified_time\" content=\"2021-04-11T12:53:48+00:00\" \/>\n<meta property=\"og:image\" content=\"https:\/\/dicodusport.fr\/blog\/wp-content\/uploads\/2021\/04\/Tour-de-Turquie-2021-Le-parcours-en-detail.png\" \/>\n\t<meta property=\"og:image:width\" content=\"800\" \/>\n\t<meta property=\"og:image:height\" content=\"445\" \/>\n\t<meta property=\"og:image:type\" content=\"image\/png\" \/>\n<meta name=\"author\" content=\"Emilien Descampiaux\" \/>\n<meta name=\"twitter:card\" content=\"summary_large_image\" \/>\n<meta name=\"twitter:title\" content=\"Tour de Turquie 2021 : le parcours en d\u00e9tail\" \/>\n<meta name=\"twitter:creator\" content=\"@https:\/\/twitter.com\/LRoisDuPeloton\" \/>\n<meta name=\"twitter:site\" content=\"@dicodusport\" \/>\n<script type=\"application\/ld+json\" class=\"yoast-schema-graph\">{\"@context\":\"https:\/\/schema.org\",\"@graph\":[{\"@type\":\"NewsArticle\",\"@id\":\"https:\/\/dicodusport.fr\/blog\/tour-de-turquie-2021-le-parcours-en-detail\/#article\",\"isPartOf\":{\"@id\":\"https:\/\/dicodusport.fr\/blog\/tour-de-turquie-2021-le-parcours-en-detail\/\"},\"author\":{\"name\":\"Emilien Descampiaux\",\"@id\":\"https:\/\/dicodusport.fr\/blog\/#\/schema\/person\/6db4bae06b171592211be385b32876a7\"},\"headline\":\"Tour de Turquie 2021 : le parcours en d\u00e9tail\",\"datePublished\":\"2021-04-11T06:30:29+00:00\",\"dateModified\":\"2021-04-11T12:53:48+00:00\",\"mainEntityOfPage\":{\"@id\":\"https:\/\/dicodusport.fr\/blog\/tour-de-turquie-2021-le-parcours-en-detail\/\"},\"wordCount\":1190,\"commentCount\":0,\"publisher\":{\"@id\":\"https:\/\/dicodusport.fr\/blog\/#organization\"},\"image\":{\"@id\":\"https:\/\/dicodusport.fr\/blog\/tour-de-turquie-2021-le-parcours-en-detail\/#primaryimage\"},\"thumbnailUrl\":\"https:\/\/dicodusport.fr\/blog\/wp-content\/uploads\/2021\/04\/Tour-de-Turquie-2021-Le-parcours-en-detail.png\",\"keywords\":[\"Actualit\u00e9 Cyclisme\",\"Tour de Turquie\"],\"articleSection\":[\"Cyclisme\"],\"inLanguage\":\"fr-FR\",\"potentialAction\":[{\"@type\":\"CommentAction\",\"name\":\"Comment\",\"target\":[\"https:\/\/dicodusport.fr\/blog\/tour-de-turquie-2021-le-parcours-en-detail\/#respond\"]}],\"copyrightYear\":\"2021\",\"copyrightHolder\":{\"@id\":\"https:\/\/dicodusport.fr\/blog\/#organization\"}},{\"@type\":\"WebPage\",\"@id\":\"https:\/\/dicodusport.fr\/blog\/tour-de-turquie-2021-le-parcours-en-detail\/\",\"url\":\"https:\/\/dicodusport.fr\/blog\/tour-de-turquie-2021-le-parcours-en-detail\/\",\"name\":\"Tour de Turquie 2021 : le parcours en d\u00e9tail\",\"isPartOf\":{\"@id\":\"https:\/\/dicodusport.fr\/blog\/#website\"},\"primaryImageOfPage\":{\"@id\":\"https:\/\/dicodusport.fr\/blog\/tour-de-turquie-2021-le-parcours-en-detail\/#primaryimage\"},\"image\":{\"@id\":\"https:\/\/dicodusport.fr\/blog\/tour-de-turquie-2021-le-parcours-en-detail\/#primaryimage\"},\"thumbnailUrl\":\"https:\/\/dicodusport.fr\/blog\/wp-content\/uploads\/2021\/04\/Tour-de-Turquie-2021-Le-parcours-en-detail.png\",\"datePublished\":\"2021-04-11T06:30:29+00:00\",\"dateModified\":\"2021-04-11T12:53:48+00:00\",\"description\":\"CYCLISME - En raison de l'annulation de Paris-Roubaix, les regards seront tourn\u00e9s sur le Tour de Turquie ce dimanche 11 avril. Le parcours en d\u00e9tail.\",\"breadcrumb\":{\"@id\":\"https:\/\/dicodusport.fr\/blog\/tour-de-turquie-2021-le-parcours-en-detail\/#breadcrumb\"},\"inLanguage\":\"fr-FR\",\"potentialAction\":[{\"@type\":\"ReadAction\",\"target\":[\"https:\/\/dicodusport.fr\/blog\/tour-de-turquie-2021-le-parcours-en-detail\/\"]}]},{\"@type\":\"ImageObject\",\"inLanguage\":\"fr-FR\",\"@id\":\"https:\/\/dicodusport.fr\/blog\/tour-de-turquie-2021-le-parcours-en-detail\/#primaryimage\",\"url\":\"https:\/\/dicodusport.fr\/blog\/wp-content\/uploads\/2021\/04\/Tour-de-Turquie-2021-Le-parcours-en-detail.png\",\"contentUrl\":\"https:\/\/dicodusport.fr\/blog\/wp-content\/uploads\/2021\/04\/Tour-de-Turquie-2021-Le-parcours-en-detail.png\",\"width\":800,\"height\":445,\"caption\":\"Tour de Turquie 2021 - Le parcours en d\u00e9tail\"},{\"@type\":\"BreadcrumbList\",\"@id\":\"https:\/\/dicodusport.fr\/blog\/tour-de-turquie-2021-le-parcours-en-detail\/#breadcrumb\",\"itemListElement\":[{\"@type\":\"ListItem\",\"position\":1,\"name\":\"Accueil\",\"item\":\"https:\/\/dicodusport.fr\/blog\/\"},{\"@type\":\"ListItem\",\"position\":2,\"name\":\"Tour de Turquie 2021 : le parcours en d\u00e9tail\"}]},{\"@type\":\"WebSite\",\"@id\":\"https:\/\/dicodusport.fr\/blog\/#website\",\"url\":\"https:\/\/dicodusport.fr\/blog\/\",\"name\":\"Dicodusport\",\"description\":\"L&#039;encyclop\u00e9die de l&#039;actualit\u00e9 sportive\",\"publisher\":{\"@id\":\"https:\/\/dicodusport.fr\/blog\/#organization\"},\"potentialAction\":[{\"@type\":\"SearchAction\",\"target\":{\"@type\":\"EntryPoint\",\"urlTemplate\":\"https:\/\/dicodusport.fr\/blog\/?s={search_term_string}\"},\"query-input\":{\"@type\":\"PropertyValueSpecification\",\"valueRequired\":true,\"valueName\":\"search_term_string\"}}],\"inLanguage\":\"fr-FR\"},{\"@type\":\"NewsMediaOrganization\",\"@id\":\"https:\/\/dicodusport.fr\/blog\/#organization\",\"name\":\"Dicodusport\",\"url\":\"https:\/\/dicodusport.fr\/blog\/\",\"logo\":{\"@type\":\"ImageObject\",\"inLanguage\":\"fr-FR\",\"@id\":\"https:\/\/dicodusport.fr\/blog\/#\/schema\/logo\/image\/\",\"url\":\"https:\/\/dicodusport.fr\/blog\/wp-content\/uploads\/2020\/06\/cropped-LOGO-DICODUSPORT-2020-SANS-FOND-SANS-TEXTE.png\",\"contentUrl\":\"https:\/\/dicodusport.fr\/blog\/wp-content\/uploads\/2020\/06\/cropped-LOGO-DICODUSPORT-2020-SANS-FOND-SANS-TEXTE.png\",\"width\":512,\"height\":512,\"caption\":\"Dicodusport\"},\"image\":{\"@id\":\"https:\/\/dicodusport.fr\/blog\/#\/schema\/logo\/image\/\"},\"sameAs\":[\"https:\/\/www.facebook.com\/dicodusport\",\"https:\/\/x.com\/dicodusport\",\"https:\/\/www.instagram.com\/dicodusport\/\",\"https:\/\/www.youtube.com\/channel\/UC7V2KZ5sd3htJivAbA4ZG3w\"],\"description\":\"Dicodusport est l'encyclop\u00e9die de l'actualit\u00e9 sportive.\",\"email\":\"bonjour@dicodusport.fr\",\"legalName\":\"DICODUSPORT\",\"foundingDate\":\"2018-01-14\",\"vatID\":\"FR71834470973\",\"taxID\":\"83447097300043\",\"numberOfEmployees\":{\"@type\":\"QuantitativeValue\",\"minValue\":\"1\",\"maxValue\":\"10\"}},{\"@type\":\"Person\",\"@id\":\"https:\/\/dicodusport.fr\/blog\/#\/schema\/person\/6db4bae06b171592211be385b32876a7\",\"name\":\"Emilien Descampiaux\",\"image\":{\"@type\":\"ImageObject\",\"inLanguage\":\"fr-FR\",\"@id\":\"https:\/\/dicodusport.fr\/blog\/#\/schema\/person\/image\/\",\"url\":\"https:\/\/dicodusport.fr\/blog\/wp-content\/uploads\/2021\/05\/Emilien-Descampiaux-150x150.jpg\",\"contentUrl\":\"https:\/\/dicodusport.fr\/blog\/wp-content\/uploads\/2021\/05\/Emilien-Descampiaux-150x150.jpg\",\"caption\":\"Emilien Descampiaux\"},\"description\":\"Journaliste\/r\u00e9dacteur depuis 2014 - Fan de la classe de Frank Vandenbroucke, je vis cyclisme (et de ses paysages) depuis plus de 20 ans. Je suis tr\u00e8s impliqu\u00e9 sur mes diff\u00e9rents r\u00e9seaux sociaux pour partager ma passion sur le monde et l'Histoire de la bicyclette avec ma voix sur les images en noir et blanc du succ\u00e8s de Rik Van Steenbergen lors du Ronde sur le V\u00e9lodrome de Gand.\",\"sameAs\":[\"https:\/\/www.facebook.com\/groups\/LesRoisDuPeloton\",\"https:\/\/x.com\/https:\/\/twitter.com\/LRoisDuPeloton\"],\"url\":\"https:\/\/dicodusport.fr\/blog\/author\/emiliend\/\"}]}<\/script>\n<!-- \/ Yoast SEO Premium plugin. -->","yoast_head_json":{"title":"Tour de Turquie 2021 : le parcours en d\u00e9tail","description":"CYCLISME - En raison de l'annulation de Paris-Roubaix, les regards seront tourn\u00e9s sur le Tour de Turquie ce dimanche 11 avril. Le parcours en d\u00e9tail.","robots":{"index":"index","follow":"follow","max-snippet":"max-snippet:-1","max-image-preview":"max-image-preview:large","max-video-preview":"max-video-preview:-1"},"canonical":"https:\/\/dicodusport.fr\/blog\/tour-de-turquie-2021-le-parcours-en-detail\/","og_locale":"fr_FR","og_type":"article","og_title":"Tour de Turquie 2021 : le parcours en d\u00e9tail","og_description":"CYCLISME - En raison de l'annulation de Paris-Roubaix, les regards seront tourn\u00e9s sur le Tour de Turquie ce dimanche 11 avril. Le parcours en d\u00e9tail.","og_url":"https:\/\/dicodusport.fr\/blog\/tour-de-turquie-2021-le-parcours-en-detail\/","og_site_name":"Dicodusport","article_publisher":"https:\/\/www.facebook.com\/dicodusport","article_author":"https:\/\/www.facebook.com\/groups\/LesRoisDuPeloton","article_published_time":"2021-04-11T06:30:29+00:00","article_modified_time":"2021-04-11T12:53:48+00:00","og_image":[{"width":800,"height":445,"url":"https:\/\/dicodusport.fr\/blog\/wp-content\/uploads\/2021\/04\/Tour-de-Turquie-2021-Le-parcours-en-detail.png","type":"image\/png"}],"author":"Emilien Descampiaux","twitter_card":"summary_large_image","twitter_title":"Tour de Turquie 2021 : le parcours en d\u00e9tail","twitter_creator":"@https:\/\/twitter.com\/LRoisDuPeloton","twitter_site":"@dicodusport","schema":{"@context":"https:\/\/schema.org","@graph":[{"@type":"NewsArticle","@id":"https:\/\/dicodusport.fr\/blog\/tour-de-turquie-2021-le-parcours-en-detail\/#article","isPartOf":{"@id":"https:\/\/dicodusport.fr\/blog\/tour-de-turquie-2021-le-parcours-en-detail\/"},"author":{"name":"Emilien Descampiaux","@id":"https:\/\/dicodusport.fr\/blog\/#\/schema\/person\/6db4bae06b171592211be385b32876a7"},"headline":"Tour de Turquie 2021 : le parcours en d\u00e9tail","datePublished":"2021-04-11T06:30:29+00:00","dateModified":"2021-04-11T12:53:48+00:00","mainEntityOfPage":{"@id":"https:\/\/dicodusport.fr\/blog\/tour-de-turquie-2021-le-parcours-en-detail\/"},"wordCount":1190,"commentCount":0,"publisher":{"@id":"https:\/\/dicodusport.fr\/blog\/#organization"},"image":{"@id":"https:\/\/dicodusport.fr\/blog\/tour-de-turquie-2021-le-parcours-en-detail\/#primaryimage"},"thumbnailUrl":"https:\/\/dicodusport.fr\/blog\/wp-content\/uploads\/2021\/04\/Tour-de-Turquie-2021-Le-parcours-en-detail.png","keywords":["Actualit\u00e9 Cyclisme","Tour de Turquie"],"articleSection":["Cyclisme"],"inLanguage":"fr-FR","potentialAction":[{"@type":"CommentAction","name":"Comment","target":["https:\/\/dicodusport.fr\/blog\/tour-de-turquie-2021-le-parcours-en-detail\/#respond"]}],"copyrightYear":"2021","copyrightHolder":{"@id":"https:\/\/dicodusport.fr\/blog\/#organization"}},{"@type":"WebPage","@id":"https:\/\/dicodusport.fr\/blog\/tour-de-turquie-2021-le-parcours-en-detail\/","url":"https:\/\/dicodusport.fr\/blog\/tour-de-turquie-2021-le-parcours-en-detail\/","name":"Tour de Turquie 2021 : le parcours en d\u00e9tail","isPartOf":{"@id":"https:\/\/dicodusport.fr\/blog\/#website"},"primaryImageOfPage":{"@id":"https:\/\/dicodusport.fr\/blog\/tour-de-turquie-2021-le-parcours-en-detail\/#primaryimage"},"image":{"@id":"https:\/\/dicodusport.fr\/blog\/tour-de-turquie-2021-le-parcours-en-detail\/#primaryimage"},"thumbnailUrl":"https:\/\/dicodusport.fr\/blog\/wp-content\/uploads\/2021\/04\/Tour-de-Turquie-2021-Le-parcours-en-detail.png","datePublished":"2021-04-11T06:30:29+00:00","dateModified":"2021-04-11T12:53:48+00:00","description":"CYCLISME - En raison de l'annulation de Paris-Roubaix, les regards seront tourn\u00e9s sur le Tour de Turquie ce dimanche 11 avril. Le parcours en d\u00e9tail.","breadcrumb":{"@id":"https:\/\/dicodusport.fr\/blog\/tour-de-turquie-2021-le-parcours-en-detail\/#breadcrumb"},"inLanguage":"fr-FR","potentialAction":[{"@type":"ReadAction","target":["https:\/\/dicodusport.fr\/blog\/tour-de-turquie-2021-le-parcours-en-detail\/"]}]},{"@type":"ImageObject","inLanguage":"fr-FR","@id":"https:\/\/dicodusport.fr\/blog\/tour-de-turquie-2021-le-parcours-en-detail\/#primaryimage","url":"https:\/\/dicodusport.fr\/blog\/wp-content\/uploads\/2021\/04\/Tour-de-Turquie-2021-Le-parcours-en-detail.png","contentUrl":"https:\/\/dicodusport.fr\/blog\/wp-content\/uploads\/2021\/04\/Tour-de-Turquie-2021-Le-parcours-en-detail.png","width":800,"height":445,"caption":"Tour de Turquie 2021 - Le parcours en d\u00e9tail"},{"@type":"BreadcrumbList","@id":"https:\/\/dicodusport.fr\/blog\/tour-de-turquie-2021-le-parcours-en-detail\/#breadcrumb","itemListElement":[{"@type":"ListItem","position":1,"name":"Accueil","item":"https:\/\/dicodusport.fr\/blog\/"},{"@type":"ListItem","position":2,"name":"Tour de Turquie 2021 : le parcours en d\u00e9tail"}]},{"@type":"WebSite","@id":"https:\/\/dicodusport.fr\/blog\/#website","url":"https:\/\/dicodusport.fr\/blog\/","name":"Dicodusport","description":"L&#039;encyclop\u00e9die de l&#039;actualit\u00e9 sportive","publisher":{"@id":"https:\/\/dicodusport.fr\/blog\/#organization"},"potentialAction":[{"@type":"SearchAction","target":{"@type":"EntryPoint","urlTemplate":"https:\/\/dicodusport.fr\/blog\/?s={search_term_string}"},"query-input":{"@type":"PropertyValueSpecification","valueRequired":true,"valueName":"search_term_string"}}],"inLanguage":"fr-FR"},{"@type":"NewsMediaOrganization","@id":"https:\/\/dicodusport.fr\/blog\/#organization","name":"Dicodusport","url":"https:\/\/dicodusport.fr\/blog\/","logo":{"@type":"ImageObject","inLanguage":"fr-FR","@id":"https:\/\/dicodusport.fr\/blog\/#\/schema\/logo\/image\/","url":"https:\/\/dicodusport.fr\/blog\/wp-content\/uploads\/2020\/06\/cropped-LOGO-DICODUSPORT-2020-SANS-FOND-SANS-TEXTE.png","contentUrl":"https:\/\/dicodusport.fr\/blog\/wp-content\/uploads\/2020\/06\/cropped-LOGO-DICODUSPORT-2020-SANS-FOND-SANS-TEXTE.png","width":512,"height":512,"caption":"Dicodusport"},"image":{"@id":"https:\/\/dicodusport.fr\/blog\/#\/schema\/logo\/image\/"},"sameAs":["https:\/\/www.facebook.com\/dicodusport","https:\/\/x.com\/dicodusport","https:\/\/www.instagram.com\/dicodusport\/","https:\/\/www.youtube.com\/channel\/UC7V2KZ5sd3htJivAbA4ZG3w"],"description":"Dicodusport est l'encyclop\u00e9die de l'actualit\u00e9 sportive.","email":"bonjour@dicodusport.fr","legalName":"DICODUSPORT","foundingDate":"2018-01-14","vatID":"FR71834470973","taxID":"83447097300043","numberOfEmployees":{"@type":"QuantitativeValue","minValue":"1","maxValue":"10"}},{"@type":"Person","@id":"https:\/\/dicodusport.fr\/blog\/#\/schema\/person\/6db4bae06b171592211be385b32876a7","name":"Emilien Descampiaux","image":{"@type":"ImageObject","inLanguage":"fr-FR","@id":"https:\/\/dicodusport.fr\/blog\/#\/schema\/person\/image\/","url":"https:\/\/dicodusport.fr\/blog\/wp-content\/uploads\/2021\/05\/Emilien-Descampiaux-150x150.jpg","contentUrl":"https:\/\/dicodusport.fr\/blog\/wp-content\/uploads\/2021\/05\/Emilien-Descampiaux-150x150.jpg","caption":"Emilien Descampiaux"},"description":"Journaliste\/r\u00e9dacteur depuis 2014 - Fan de la classe de Frank Vandenbroucke, je vis cyclisme (et de ses paysages) depuis plus de 20 ans. Je suis tr\u00e8s impliqu\u00e9 sur mes diff\u00e9rents r\u00e9seaux sociaux pour partager ma passion sur le monde et l'Histoire de la bicyclette avec ma voix sur les images en noir et blanc du succ\u00e8s de Rik Van Steenbergen lors du Ronde sur le V\u00e9lodrome de Gand.","sameAs":["https:\/\/www.facebook.com\/groups\/LesRoisDuPeloton","https:\/\/x.com\/https:\/\/twitter.com\/LRoisDuPeloton"],"url":"https:\/\/dicodusport.fr\/blog\/author\/emiliend\/"}]}},"_links":{"self":[{"href":"https:\/\/dicodusport.fr\/blog\/wp-json\/wp\/v2\/posts\/119806","targetHints":{"allow":["GET"]}}],"collection":[{"href":"https:\/\/dicodusport.fr\/blog\/wp-json\/wp\/v2\/posts"}],"about":[{"href":"https:\/\/dicodusport.fr\/blog\/wp-json\/wp\/v2\/types\/post"}],"author":[{"embeddable":true,"href":"https:\/\/dicodusport.fr\/blog\/wp-json\/wp\/v2\/users\/48"}],"replies":[{"embeddable":true,"href":"https:\/\/dicodusport.fr\/blog\/wp-json\/wp\/v2\/comments?post=119806"}],"version-history":[{"count":0,"href":"https:\/\/dicodusport.fr\/blog\/wp-json\/wp\/v2\/posts\/119806\/revisions"}],"wp:featuredmedia":[{"embeddable":true,"href":"https:\/\/dicodusport.fr\/blog\/wp-json\/wp\/v2\/media\/120126"}],"wp:attachment":[{"href":"https:\/\/dicodusport.fr\/blog\/wp-json\/wp\/v2\/media?parent=119806"}],"wp:term":[{"taxonomy":"category","embeddable":true,"href":"https:\/\/dicodusport.fr\/blog\/wp-json\/wp\/v2\/categories?post=119806"},{"taxonomy":"post_tag","embeddable":true,"href":"https:\/\/dicodusport.fr\/blog\/wp-json\/wp\/v2\/tags?post=119806"}],"curies":[{"name":"wp","href":"https:\/\/api.w.org\/{rel}","templated":true}]}}