{"id":119867,"date":"2021-04-10T12:19:58","date_gmt":"2021-04-10T10:19:58","guid":{"rendered":"https:\/\/dicodusport.fr\/blog\/?p=119867"},"modified":"2021-04-20T15:09:04","modified_gmt":"2021-04-20T13:09:04","slug":"real-madrid-fc-barcelone-un-clasico-qui-vaut-cher","status":"publish","type":"post","link":"https:\/\/dicodusport.fr\/blog\/real-madrid-fc-barcelone-un-clasico-qui-vaut-cher\/","title":{"rendered":"Real Madrid &#8211; FC Barcelone, un Clasico qui vaut cher"},"content":{"rendered":"<p style=\"text-align: justify;\"><em><strong>FOOTBALL &#8211; Ce soir, \u00e0 21h, les deux meilleurs ennemis du football espagnol, le Real Madrid et le FC Barcelone, s&rsquo;affrontent. Une rencontre qui sera d\u00e9terminante dans la course au titre.<\/strong><\/em><\/p>\n<p style=\"text-align: justify;\">C&rsquo;est une affiche que l&rsquo;on ne pr\u00e9sente plus. Ce soir \u00e0 21h, pour le compte de la 30\u00e8me journ\u00e9e de Liga, le<strong> Real Madrid<\/strong> re\u00e7oit le<strong> FC Barcelone. <\/strong>Comme pour toute rencontre de championnat, 3 points seront en jeu. Mais si vainqueur il y a, ce dernier fera une tr\u00e8s belle op\u00e9ration dans la course au titre. En plus de battre le rival historique et de combler de joie ses supporters. Hormis le fait que la rencontre se dispute \u00e0 huis clos, tous les ingr\u00e9dients semblent \u00eatre r\u00e9unis pour un grand match.<\/p>\n<h2 style=\"text-align: justify;\">Apr\u00e8s la gifle re\u00e7ue face au PSG, le Bar\u00e7a n&rsquo;a pas tendu l&rsquo;autre joue<\/h2>\n<p style=\"text-align: justify;\">Il y a quelques semaines de cela, peu d&rsquo;observateurs pr\u00e9disaient que les deux cadors du football espagnol allaient s&rsquo;affronter pour un match d\u00e9cisif dans la qu\u00eate du titre. Autant le<strong> Real<\/strong> que le <strong>Bar\u00e7a<\/strong> semblaient en perdition. A l&rsquo;inverse, l<strong>&lsquo;Atletico Madrid<\/strong> caracolait en t\u00eate. Et ce notamment gr\u00e2ce \u00e0 un ancien <em>blaugrana<\/em> en la personne de <strong>Luis Suarez<\/strong>. Auteur de 19 buts jusqu&rsquo;\u00e0 pr\u00e9sent,<em> El pistolero<\/em>, a longtemps vampiris\u00e9 les supporters catalans. Et pour cause, l\u2019Uruguayen n&rsquo;aura pas \u00e9t\u00e9 remplac\u00e9 \u00e0 la pointe de l&rsquo;attaque. Seul <strong>Martin Braithwaite<\/strong> (sans le d\u00e9nigrer) faisant office de sp\u00e9cialiste au poste. <strong>Ronald Koeman<\/strong> arriv\u00e9 l&rsquo;\u00e9t\u00e9 dernier a \u00e9galement t\u00e2tonn\u00e9 avant de trouver la bonne formule. Mais depuis la gifle re\u00e7ue \u00e0 domicile face au <strong>PSG<\/strong> (1-4) ses hommes restent sur 6 victoires cons\u00e9cutives en Liga. Et une certaine identit\u00e9 collective, d\u00e9j\u00e0 aper\u00e7ue au <strong>Parc<\/strong> au retour, semble refaire surface.<\/p>\n<p style=\"text-align: justify;\">Autre \u00e9l\u00e9ment et pas des moindres, le retour en forme de <strong>Lionel Messi.<\/strong> R\u00e9clamant son d\u00e9part l&rsquo;\u00e9t\u00e9 dernier, la <em>Pulga<\/em> est d\u00e9sormais en t\u00eate du classement des buteurs. Et l&rsquo;Argentin est donc loin d&rsquo;\u00eatre \u00e9tranger \u00e0 ce retour en gr\u00e2ce. Son entra\u00eeneur en a d&rsquo;ailleurs bien conscience. <em>\u00ab<\/em> <strong><i>J&rsquo;esp\u00e8re qu&rsquo;il sera d\u00e9cisif <\/i>, <i>parce qu&rsquo;on a besoin du meilleur Lionel Messi, on a besoin du meilleur Bar\u00e7a pour gagner. Il faudra tout faire parfaitement bien, l&rsquo;attaque, les mouvements, notre jeu de passes, et pour cela, on a besoin de Leo. \u00bb<\/i><\/strong> D&rsquo;ailleurs, l&rsquo;Argentin n&rsquo;a plus marqu\u00e9 dans le Clasico depuis 2018. Un soir propice pour retrouver le chemin des filets donc.<\/p>\n<blockquote class=\"twitter-tweet\">\n<p dir=\"ltr\" lang=\"und\">&#x1f64c; JOUR DE CL\u00c1SICO ! &#x1f64c;<br \/>\n&#x1f19a; <a href=\"https:\/\/twitter.com\/fcbarcelona_fra?ref_src=twsrc%5Etfw\">@FCBarcelona_fra<\/a><br \/>\n&#x1f3c6; <a href=\"https:\/\/twitter.com\/LaLigaFRA?ref_src=twsrc%5Etfw\">@LaLigaFRA<\/a> | Journ\u00e9e 30<br \/>\n&#x1f3df; Alfredo Di St\u00e9fano<br \/>\n&#x23f0; 21h00 CEST<br \/>\n#&#x20e3; <a href=\"https:\/\/twitter.com\/hashtag\/ElCl%C3%A1sico?src=hash&amp;ref_src=twsrc%5Etfw\">#ElCl\u00e1sico<\/a> <a href=\"https:\/\/t.co\/JuvVXiMUZm\">pic.twitter.com\/JuvVXiMUZm<\/a><\/p>\n<p>\u2014 Real Madrid C.F. &#x1f1eb;&#x1f1f7; (@realmadridfra) <a href=\"https:\/\/twitter.com\/realmadridfra\/status\/1380777572200554501?ref_src=twsrc%5Etfw\">April 10, 2021<\/a><\/p><\/blockquote>\n<p><script async src=\"https:\/\/platform.twitter.com\/widgets.js\" charset=\"utf-8\"><\/script><\/p>\n<h2 style=\"text-align: justify;\">Semaine cruciale pour le Real Madrid<\/h2>\n<p style=\"text-align: justify;\">La courbe de r\u00e9sultats des <em>Merengues<\/em> est sensiblement identique \u00e0 celle de son adversaire du soir. Moribonds en d\u00e9but de saison, aux portes de l&rsquo;\u00e9limination en <strong>Ligue des Champions<\/strong>, les prot\u00e9g\u00e9s de <strong>Zizou<\/strong> ont rectifi\u00e9 le tir. Finalement sortis en t\u00eate de leur poule, les co\u00e9quipiers de <strong>Sergio Ramos<\/strong> sont d&rsquo;ailleurs bien partis pour rejoindre le dernier carr\u00e9 de la comp\u00e9tition. Apr\u00e8s avoir remport\u00e9 la premi\u00e8re manche face aux<em> Reds<\/em> sur le score de 3 buts \u00e0 1, ils devront finir le travail \u00e0 <strong>Anfield<\/strong> ce mardi. En ce sens, cette semaine est cruciale pour les Madril\u00e8nes. Deux r\u00e9sultats positifs seraient synonymes de perspectives radieuses. A contrario, deux d\u00e9faites et la saison serait \u00e0 la couleur de leur tunique, blanche. Mais de d\u00e9faite<strong> Zin\u00e9dine Zidane<\/strong> n&rsquo;y pense jamais avant un match. Lorsqu&rsquo;il lui a \u00e9t\u00e9 demand\u00e9 si une d\u00e9faite \u00e9tait r\u00e9dhibitoire dans l&rsquo;obtention du titre, voici ce qu&rsquo;il a r\u00e9pondu. <em>\u00ab<\/em> <strong><em>Non, je ne pense jamais \u00e0 la d\u00e9faite avant une rencontre. Nous allons tout donner demain, nous sommes optimistes et nous voulons faire un grand match. \u00bb<\/em><\/strong><\/p>\n<p style=\"text-align: justify;\">Pour ce match, le technicien devra \u00e0 nouveau faire sans <strong>Ramos <\/strong>et<strong> Varane<\/strong>, les deux titulaires de la charni\u00e8re centrale. Comme mercredi,<strong> Nacho <\/strong>et<strong> Militao<\/strong> devraient \u00eatre associ\u00e9s. Si <strong>Karim Benzema<\/strong> est \u00e0 nouveau l&rsquo;homme providentiel cette saison de la <em>Casa Blanca<\/em>, le <strong>Real<\/strong> devra compter sur tout un groupe pour venir \u00e0 bout des Catalans ce soir. Et cela tombe bien, forts de 9 matchs sans d\u00e9faite en Liga, les Merengues voient leur milieu de terrain redevenir dominateur \u00e0 l&rsquo;image de<strong> Modric <\/strong>ou<strong> Kroos.<\/strong> Et des joueurs comme <strong>Vinicius<\/strong> semblent se r\u00e9v\u00e9ler. De quoi en prendre plein les yeux ce soir.<\/p>\n<blockquote class=\"twitter-tweet\">\n<p dir=\"ltr\" lang=\"es\">&#x2708; Direction Madrid et <a href=\"https:\/\/twitter.com\/hashtag\/ElClasico?src=hash&amp;ref_src=twsrc%5Etfw\">#ElClasico<\/a> ! Vamos ! <a href=\"https:\/\/twitter.com\/hashtag\/For%C3%A7aBar%C3%A7a?src=hash&amp;ref_src=twsrc%5Etfw\">#For\u00e7aBar\u00e7a<\/a> &#x1f535;&#x1f534; <a href=\"https:\/\/t.co\/eULMqFwICD\">pic.twitter.com\/eULMqFwICD<\/a><\/p>\n<p>\u2014 FC Barcelona (@fcbarcelona_fra) <a href=\"https:\/\/twitter.com\/fcbarcelona_fra\/status\/1380810799065751552?ref_src=twsrc%5Etfw\">April 10, 2021<\/a><\/p><\/blockquote>\n<p><script async src=\"https:\/\/platform.twitter.com\/widgets.js\" charset=\"utf-8\"><\/script><\/p>\n<h2 style=\"text-align: justify;\">Un Clasico \u00e0 l&rsquo;accent fran\u00e7ais<\/h2>\n<p style=\"text-align: justify;\">Si <strong>Rapha\u00ebl Varane<\/strong> fera malheureusement d\u00e9faut dans les rangs madril\u00e8nes, de nombreux internationaux tricolores seront pr\u00e9sents sur le rectangle vert. En difficult\u00e9 en d\u00e9but de saison \u00e0 l&rsquo;image de ses co\u00e9quipiers, <strong>Cl\u00e9ment Lenglet<\/strong> retrouve petit \u00e0 petit son niveau au sein d&rsquo;une d\u00e9fense \u00e0 3. Du c\u00f4t\u00e9 de la ligne d&rsquo;attaque, bien que souvent critiqu\u00e9, <strong>Antoine Griezmann<\/strong> semble plus \u00e9panoui et int\u00e9gr\u00e9 au collectif du <strong>Bar\u00e7a<\/strong> et sera \u00e0 nouveau titulaire sauf surprise ce soir. Il sera associ\u00e9 \u00e0 un autre <em>Bleu<\/em> en forme ces derni\u00e8res semaines. Son corps le laissant pour l&rsquo;heure tranquille, il est devenu l&rsquo;homme providentiel du <strong>Bar\u00e7a<\/strong>. Auteur de 10 buts et 4 passes d\u00e9cisives cette saison, il a notamment lib\u00e9r\u00e9 les siens face \u00e0 Valladoid lors de la derni\u00e8re journ\u00e9e. Lui, c&rsquo;est bien entendu <strong>Ousmane Demb\u00e9l\u00e9<\/strong>.<\/p>\n<p style=\"text-align: justify;\">Dans le camp d&rsquo;en face,<strong> le Real<\/strong> s&rsquo;appuiera bien entendu sur <strong>Karim Benzema<\/strong>.<em> KB9<\/em> auteur de 24 buts, toutes comp\u00e9titions confondues, r\u00e9alise une saison encore exceptionnelle. Plus bas sur le terrain, c&rsquo;est un joueur qui a mis <strong>Marcelo<\/strong> sur le banc que l&rsquo;on retrouvera. Il s&rsquo;agit de <strong>Ferland Mendy<\/strong>. L&rsquo;ancien Lyonnais est auteur de prestations convaincantes et a s\u00e9duit son coach, il est ainsi devenu un titulaire indiscutable.<\/p>\n<p style=\"text-align: justify;\"><strong>Zidane<\/strong> sera bien pr\u00e9sent sur le banc pour donner encore davantage un accent fran\u00e7ais \u00e0 cette rencontre. S&rsquo;il est invaincu face aux Catalans au <strong>Camp Nou<\/strong>, il en est tout autre \u00e0 <strong>Bernabeu<\/strong>. Mais cela tombe bien, cette rencontre se disputera au stade <strong>Di Stefano&#8230;<\/strong><\/p>\n<h2 style=\"text-align: justify;\"><strong>\u00c0 lire aussi<\/strong><\/h2>\n<ul>\n<li style=\"text-align: justify;\"><strong><a href=\"https:\/\/dicodusport.fr\/blog\/liga-notre-pronostic-pour-real-madrid-fc-barcelone\/\" target=\"_blank\" rel=\"noopener\">Notre pronostic pour Real Madrid &#8211; FC Barcelone<\/a><\/strong><\/li>\n<li style=\"text-align: justify;\"><strong><a href=\"https:\/\/dicodusport.fr\/blog\/clasico-real-madrid-fc-barcelone-quelle-heure-quelle-chaine\/\" target=\"_blank\" rel=\"noopener\">\u00c0 quelle heure et sur quelle cha\u00eene regarder le Clasico ?<\/a><\/strong><\/li>\n<\/ul>\n","protected":false},"excerpt":{"rendered":"<p>FOOTBALL &#8211; Ce soir, \u00e0 21h, les deux meilleurs ennemis du football espagnol, le Real Madrid et le FC Barcelone, s&rsquo;affrontent. Une rencontre qui sera d\u00e9terminante dans la course au titre.<\/p>\n","protected":false},"author":37,"featured_media":119879,"comment_status":"open","ping_status":"closed","sticky":false,"template":"","format":"standard","meta":{"_acf_changed":false,"_daextam_enable_autolinks":"","footnotes":""},"categories":[2301],"tags":[4770,4203,75,4204,521,414],"class_list":["post-119867","post","type-post","status-publish","format-standard","has-post-thumbnail","hentry","category-football","tag-clasico","tag-fc-barcelone","tag-football","tag-liga","tag-real-madrid","tag-zidane"],"acf":[],"yoast_head":"<!-- This site is optimized with the Yoast SEO Premium plugin v26.7 (Yoast SEO v26.7) - https:\/\/yoast.com\/wordpress\/plugins\/seo\/ -->\n<title>Real Madrid - FC Barcelone, un Clasico qui vaut cher<\/title>\n<meta name=\"description\" content=\"FOOTBALL - Ce soir, \u00e0 21h, les deux meilleurs ennemis du football espagnol, le Real Madrid et le FC Barcelone, s&#039;affrontent. Une rencontre qui sera d\u00e9terminante dans la course au titre.\" \/>\n<meta name=\"robots\" content=\"index, follow, max-snippet:-1, max-image-preview:large, max-video-preview:-1\" \/>\n<link rel=\"canonical\" href=\"https:\/\/dicodusport.fr\/blog\/real-madrid-fc-barcelone-un-clasico-qui-vaut-cher\/\" \/>\n<meta property=\"og:locale\" content=\"fr_FR\" \/>\n<meta property=\"og:type\" content=\"article\" \/>\n<meta property=\"og:title\" content=\"Real Madrid - FC Barcelone, un Clasico qui vaut cher\" \/>\n<meta property=\"og:description\" content=\"FOOTBALL - Ce soir, \u00e0 21h, les deux meilleurs ennemis du football espagnol, le Real Madrid et le FC Barcelone, s&#039;affrontent. Une rencontre qui sera d\u00e9terminante dans la course au titre.\" \/>\n<meta property=\"og:url\" content=\"https:\/\/dicodusport.fr\/blog\/real-madrid-fc-barcelone-un-clasico-qui-vaut-cher\/\" \/>\n<meta property=\"og:site_name\" content=\"Dicodusport\" \/>\n<meta property=\"article:publisher\" content=\"https:\/\/www.facebook.com\/dicodusport\" \/>\n<meta property=\"article:author\" content=\"https:\/\/www.facebook.com\/julien.correia.52\" \/>\n<meta property=\"article:published_time\" content=\"2021-04-10T10:19:58+00:00\" \/>\n<meta property=\"article:modified_time\" content=\"2021-04-20T13:09:04+00:00\" \/>\n<meta property=\"og:image\" content=\"https:\/\/dicodusport.fr\/blog\/wp-content\/uploads\/2021\/04\/Real-Madrid-FC-Barcelone-un-Clasico-qui-vaut-cher.png\" \/>\n\t<meta property=\"og:image:width\" content=\"800\" \/>\n\t<meta property=\"og:image:height\" content=\"445\" \/>\n\t<meta property=\"og:image:type\" content=\"image\/png\" \/>\n<meta name=\"author\" content=\"Julien Correia\" \/>\n<meta name=\"twitter:card\" content=\"summary_large_image\" \/>\n<meta name=\"twitter:title\" content=\"Real Madrid - FC Barcelone, un Clasico qui vaut cher\" \/>\n<meta name=\"twitter:creator\" content=\"@https:\/\/twitter.com\/julienco_psg70\" \/>\n<meta name=\"twitter:site\" content=\"@dicodusport\" \/>\n<script type=\"application\/ld+json\" class=\"yoast-schema-graph\">{\"@context\":\"https:\/\/schema.org\",\"@graph\":[{\"@type\":\"NewsArticle\",\"@id\":\"https:\/\/dicodusport.fr\/blog\/real-madrid-fc-barcelone-un-clasico-qui-vaut-cher\/#article\",\"isPartOf\":{\"@id\":\"https:\/\/dicodusport.fr\/blog\/real-madrid-fc-barcelone-un-clasico-qui-vaut-cher\/\"},\"author\":{\"name\":\"Julien Correia\",\"@id\":\"https:\/\/dicodusport.fr\/blog\/#\/schema\/person\/0f73d157e4670e108e23009fa82f2239\"},\"headline\":\"Real Madrid &#8211; FC Barcelone, un Clasico qui vaut cher\",\"datePublished\":\"2021-04-10T10:19:58+00:00\",\"dateModified\":\"2021-04-20T13:09:04+00:00\",\"mainEntityOfPage\":{\"@id\":\"https:\/\/dicodusport.fr\/blog\/real-madrid-fc-barcelone-un-clasico-qui-vaut-cher\/\"},\"wordCount\":1119,\"commentCount\":0,\"publisher\":{\"@id\":\"https:\/\/dicodusport.fr\/blog\/#organization\"},\"image\":{\"@id\":\"https:\/\/dicodusport.fr\/blog\/real-madrid-fc-barcelone-un-clasico-qui-vaut-cher\/#primaryimage\"},\"thumbnailUrl\":\"https:\/\/dicodusport.fr\/blog\/wp-content\/uploads\/2021\/04\/Real-Madrid-FC-Barcelone-un-Clasico-qui-vaut-cher.png\",\"keywords\":[\"clasico\",\"FC Barcelone\",\"Football\",\"Liga\",\"Real Madrid\",\"Zidane\"],\"articleSection\":[\"Football\"],\"inLanguage\":\"fr-FR\",\"potentialAction\":[{\"@type\":\"CommentAction\",\"name\":\"Comment\",\"target\":[\"https:\/\/dicodusport.fr\/blog\/real-madrid-fc-barcelone-un-clasico-qui-vaut-cher\/#respond\"]}],\"copyrightYear\":\"2021\",\"copyrightHolder\":{\"@id\":\"https:\/\/dicodusport.fr\/blog\/#organization\"}},{\"@type\":\"WebPage\",\"@id\":\"https:\/\/dicodusport.fr\/blog\/real-madrid-fc-barcelone-un-clasico-qui-vaut-cher\/\",\"url\":\"https:\/\/dicodusport.fr\/blog\/real-madrid-fc-barcelone-un-clasico-qui-vaut-cher\/\",\"name\":\"Real Madrid - FC Barcelone, un Clasico qui vaut cher\",\"isPartOf\":{\"@id\":\"https:\/\/dicodusport.fr\/blog\/#website\"},\"primaryImageOfPage\":{\"@id\":\"https:\/\/dicodusport.fr\/blog\/real-madrid-fc-barcelone-un-clasico-qui-vaut-cher\/#primaryimage\"},\"image\":{\"@id\":\"https:\/\/dicodusport.fr\/blog\/real-madrid-fc-barcelone-un-clasico-qui-vaut-cher\/#primaryimage\"},\"thumbnailUrl\":\"https:\/\/dicodusport.fr\/blog\/wp-content\/uploads\/2021\/04\/Real-Madrid-FC-Barcelone-un-Clasico-qui-vaut-cher.png\",\"datePublished\":\"2021-04-10T10:19:58+00:00\",\"dateModified\":\"2021-04-20T13:09:04+00:00\",\"description\":\"FOOTBALL - Ce soir, \u00e0 21h, les deux meilleurs ennemis du football espagnol, le Real Madrid et le FC Barcelone, s'affrontent. Une rencontre qui sera d\u00e9terminante dans la course au titre.\",\"breadcrumb\":{\"@id\":\"https:\/\/dicodusport.fr\/blog\/real-madrid-fc-barcelone-un-clasico-qui-vaut-cher\/#breadcrumb\"},\"inLanguage\":\"fr-FR\",\"potentialAction\":[{\"@type\":\"ReadAction\",\"target\":[\"https:\/\/dicodusport.fr\/blog\/real-madrid-fc-barcelone-un-clasico-qui-vaut-cher\/\"]}]},{\"@type\":\"ImageObject\",\"inLanguage\":\"fr-FR\",\"@id\":\"https:\/\/dicodusport.fr\/blog\/real-madrid-fc-barcelone-un-clasico-qui-vaut-cher\/#primaryimage\",\"url\":\"https:\/\/dicodusport.fr\/blog\/wp-content\/uploads\/2021\/04\/Real-Madrid-FC-Barcelone-un-Clasico-qui-vaut-cher.png\",\"contentUrl\":\"https:\/\/dicodusport.fr\/blog\/wp-content\/uploads\/2021\/04\/Real-Madrid-FC-Barcelone-un-Clasico-qui-vaut-cher.png\",\"width\":800,\"height\":445,\"caption\":\"Real Madrid - FC Barcelone, un Clasico qui vaut cher\"},{\"@type\":\"BreadcrumbList\",\"@id\":\"https:\/\/dicodusport.fr\/blog\/real-madrid-fc-barcelone-un-clasico-qui-vaut-cher\/#breadcrumb\",\"itemListElement\":[{\"@type\":\"ListItem\",\"position\":1,\"name\":\"Accueil\",\"item\":\"https:\/\/dicodusport.fr\/blog\/\"},{\"@type\":\"ListItem\",\"position\":2,\"name\":\"Real Madrid &#8211; FC Barcelone, un Clasico qui vaut cher\"}]},{\"@type\":\"WebSite\",\"@id\":\"https:\/\/dicodusport.fr\/blog\/#website\",\"url\":\"https:\/\/dicodusport.fr\/blog\/\",\"name\":\"Dicodusport\",\"description\":\"L&#039;encyclop\u00e9die de l&#039;actualit\u00e9 sportive\",\"publisher\":{\"@id\":\"https:\/\/dicodusport.fr\/blog\/#organization\"},\"potentialAction\":[{\"@type\":\"SearchAction\",\"target\":{\"@type\":\"EntryPoint\",\"urlTemplate\":\"https:\/\/dicodusport.fr\/blog\/?s={search_term_string}\"},\"query-input\":{\"@type\":\"PropertyValueSpecification\",\"valueRequired\":true,\"valueName\":\"search_term_string\"}}],\"inLanguage\":\"fr-FR\"},{\"@type\":\"NewsMediaOrganization\",\"@id\":\"https:\/\/dicodusport.fr\/blog\/#organization\",\"name\":\"Dicodusport\",\"url\":\"https:\/\/dicodusport.fr\/blog\/\",\"logo\":{\"@type\":\"ImageObject\",\"inLanguage\":\"fr-FR\",\"@id\":\"https:\/\/dicodusport.fr\/blog\/#\/schema\/logo\/image\/\",\"url\":\"https:\/\/dicodusport.fr\/blog\/wp-content\/uploads\/2020\/06\/cropped-LOGO-DICODUSPORT-2020-SANS-FOND-SANS-TEXTE.png\",\"contentUrl\":\"https:\/\/dicodusport.fr\/blog\/wp-content\/uploads\/2020\/06\/cropped-LOGO-DICODUSPORT-2020-SANS-FOND-SANS-TEXTE.png\",\"width\":512,\"height\":512,\"caption\":\"Dicodusport\"},\"image\":{\"@id\":\"https:\/\/dicodusport.fr\/blog\/#\/schema\/logo\/image\/\"},\"sameAs\":[\"https:\/\/www.facebook.com\/dicodusport\",\"https:\/\/x.com\/dicodusport\",\"https:\/\/www.instagram.com\/dicodusport\/\",\"https:\/\/www.youtube.com\/channel\/UC7V2KZ5sd3htJivAbA4ZG3w\"],\"description\":\"Dicodusport est l'encyclop\u00e9die de l'actualit\u00e9 sportive.\",\"email\":\"bonjour@dicodusport.fr\",\"legalName\":\"DICODUSPORT\",\"foundingDate\":\"2018-01-14\",\"vatID\":\"FR71834470973\",\"taxID\":\"83447097300043\",\"numberOfEmployees\":{\"@type\":\"QuantitativeValue\",\"minValue\":\"1\",\"maxValue\":\"10\"}},{\"@type\":\"Person\",\"@id\":\"https:\/\/dicodusport.fr\/blog\/#\/schema\/person\/0f73d157e4670e108e23009fa82f2239\",\"name\":\"Julien Correia\",\"image\":{\"@type\":\"ImageObject\",\"inLanguage\":\"fr-FR\",\"@id\":\"https:\/\/dicodusport.fr\/blog\/#\/schema\/person\/image\/\",\"url\":\"https:\/\/dicodusport.fr\/blog\/wp-content\/uploads\/2021\/05\/Julien-Correia-150x150.jpg\",\"contentUrl\":\"https:\/\/dicodusport.fr\/blog\/wp-content\/uploads\/2021\/05\/Julien-Correia-150x150.jpg\",\"caption\":\"Julien Correia\"},\"description\":\"Journaliste\/r\u00e9dacteur depuis janvier 2019 - Tomb\u00e9 dans le monde du ballon rond \u00e9tant petit, j\u2019aurais pu devenir pro sans ces foutus ligaments crois\u00e9s. D\u00e9filant sur les champs (mais pas Elys\u00e9es) en 98, j\u2019ai \u00e9t\u00e9 berc\u00e9 par les exploits de Mister George, piqu\u00e9 par la technique du Snake, grandi avec Captain Rai et Ronnie, m\u00fbri avec Pauleta et Edi. Mais Ibracadabra, je suis d\u00e9sormais reconverti en runner\/traileur. Moins rapide que Bolt et moins endurant que Jornet, c\u2019est donc plume \u00e0 la main que je partage les exploits de ces athl\u00e8tes !\",\"sameAs\":[\"https:\/\/www.facebook.com\/julien.correia.52\",\"https:\/\/x.com\/https:\/\/twitter.com\/julienco_psg70\"],\"url\":\"https:\/\/dicodusport.fr\/blog\/author\/julien-c\/\"}]}<\/script>\n<!-- \/ Yoast SEO Premium plugin. -->","yoast_head_json":{"title":"Real Madrid - FC Barcelone, un Clasico qui vaut cher","description":"FOOTBALL - Ce soir, \u00e0 21h, les deux meilleurs ennemis du football espagnol, le Real Madrid et le FC Barcelone, s'affrontent. Une rencontre qui sera d\u00e9terminante dans la course au titre.","robots":{"index":"index","follow":"follow","max-snippet":"max-snippet:-1","max-image-preview":"max-image-preview:large","max-video-preview":"max-video-preview:-1"},"canonical":"https:\/\/dicodusport.fr\/blog\/real-madrid-fc-barcelone-un-clasico-qui-vaut-cher\/","og_locale":"fr_FR","og_type":"article","og_title":"Real Madrid - FC Barcelone, un Clasico qui vaut cher","og_description":"FOOTBALL - Ce soir, \u00e0 21h, les deux meilleurs ennemis du football espagnol, le Real Madrid et le FC Barcelone, s'affrontent. Une rencontre qui sera d\u00e9terminante dans la course au titre.","og_url":"https:\/\/dicodusport.fr\/blog\/real-madrid-fc-barcelone-un-clasico-qui-vaut-cher\/","og_site_name":"Dicodusport","article_publisher":"https:\/\/www.facebook.com\/dicodusport","article_author":"https:\/\/www.facebook.com\/julien.correia.52","article_published_time":"2021-04-10T10:19:58+00:00","article_modified_time":"2021-04-20T13:09:04+00:00","og_image":[{"width":800,"height":445,"url":"https:\/\/dicodusport.fr\/blog\/wp-content\/uploads\/2021\/04\/Real-Madrid-FC-Barcelone-un-Clasico-qui-vaut-cher.png","type":"image\/png"}],"author":"Julien Correia","twitter_card":"summary_large_image","twitter_title":"Real Madrid - FC Barcelone, un Clasico qui vaut cher","twitter_creator":"@https:\/\/twitter.com\/julienco_psg70","twitter_site":"@dicodusport","schema":{"@context":"https:\/\/schema.org","@graph":[{"@type":"NewsArticle","@id":"https:\/\/dicodusport.fr\/blog\/real-madrid-fc-barcelone-un-clasico-qui-vaut-cher\/#article","isPartOf":{"@id":"https:\/\/dicodusport.fr\/blog\/real-madrid-fc-barcelone-un-clasico-qui-vaut-cher\/"},"author":{"name":"Julien Correia","@id":"https:\/\/dicodusport.fr\/blog\/#\/schema\/person\/0f73d157e4670e108e23009fa82f2239"},"headline":"Real Madrid &#8211; FC Barcelone, un Clasico qui vaut cher","datePublished":"2021-04-10T10:19:58+00:00","dateModified":"2021-04-20T13:09:04+00:00","mainEntityOfPage":{"@id":"https:\/\/dicodusport.fr\/blog\/real-madrid-fc-barcelone-un-clasico-qui-vaut-cher\/"},"wordCount":1119,"commentCount":0,"publisher":{"@id":"https:\/\/dicodusport.fr\/blog\/#organization"},"image":{"@id":"https:\/\/dicodusport.fr\/blog\/real-madrid-fc-barcelone-un-clasico-qui-vaut-cher\/#primaryimage"},"thumbnailUrl":"https:\/\/dicodusport.fr\/blog\/wp-content\/uploads\/2021\/04\/Real-Madrid-FC-Barcelone-un-Clasico-qui-vaut-cher.png","keywords":["clasico","FC Barcelone","Football","Liga","Real Madrid","Zidane"],"articleSection":["Football"],"inLanguage":"fr-FR","potentialAction":[{"@type":"CommentAction","name":"Comment","target":["https:\/\/dicodusport.fr\/blog\/real-madrid-fc-barcelone-un-clasico-qui-vaut-cher\/#respond"]}],"copyrightYear":"2021","copyrightHolder":{"@id":"https:\/\/dicodusport.fr\/blog\/#organization"}},{"@type":"WebPage","@id":"https:\/\/dicodusport.fr\/blog\/real-madrid-fc-barcelone-un-clasico-qui-vaut-cher\/","url":"https:\/\/dicodusport.fr\/blog\/real-madrid-fc-barcelone-un-clasico-qui-vaut-cher\/","name":"Real Madrid - FC Barcelone, un Clasico qui vaut cher","isPartOf":{"@id":"https:\/\/dicodusport.fr\/blog\/#website"},"primaryImageOfPage":{"@id":"https:\/\/dicodusport.fr\/blog\/real-madrid-fc-barcelone-un-clasico-qui-vaut-cher\/#primaryimage"},"image":{"@id":"https:\/\/dicodusport.fr\/blog\/real-madrid-fc-barcelone-un-clasico-qui-vaut-cher\/#primaryimage"},"thumbnailUrl":"https:\/\/dicodusport.fr\/blog\/wp-content\/uploads\/2021\/04\/Real-Madrid-FC-Barcelone-un-Clasico-qui-vaut-cher.png","datePublished":"2021-04-10T10:19:58+00:00","dateModified":"2021-04-20T13:09:04+00:00","description":"FOOTBALL - Ce soir, \u00e0 21h, les deux meilleurs ennemis du football espagnol, le Real Madrid et le FC Barcelone, s'affrontent. Une rencontre qui sera d\u00e9terminante dans la course au titre.","breadcrumb":{"@id":"https:\/\/dicodusport.fr\/blog\/real-madrid-fc-barcelone-un-clasico-qui-vaut-cher\/#breadcrumb"},"inLanguage":"fr-FR","potentialAction":[{"@type":"ReadAction","target":["https:\/\/dicodusport.fr\/blog\/real-madrid-fc-barcelone-un-clasico-qui-vaut-cher\/"]}]},{"@type":"ImageObject","inLanguage":"fr-FR","@id":"https:\/\/dicodusport.fr\/blog\/real-madrid-fc-barcelone-un-clasico-qui-vaut-cher\/#primaryimage","url":"https:\/\/dicodusport.fr\/blog\/wp-content\/uploads\/2021\/04\/Real-Madrid-FC-Barcelone-un-Clasico-qui-vaut-cher.png","contentUrl":"https:\/\/dicodusport.fr\/blog\/wp-content\/uploads\/2021\/04\/Real-Madrid-FC-Barcelone-un-Clasico-qui-vaut-cher.png","width":800,"height":445,"caption":"Real Madrid - FC Barcelone, un Clasico qui vaut cher"},{"@type":"BreadcrumbList","@id":"https:\/\/dicodusport.fr\/blog\/real-madrid-fc-barcelone-un-clasico-qui-vaut-cher\/#breadcrumb","itemListElement":[{"@type":"ListItem","position":1,"name":"Accueil","item":"https:\/\/dicodusport.fr\/blog\/"},{"@type":"ListItem","position":2,"name":"Real Madrid &#8211; FC Barcelone, un Clasico qui vaut cher"}]},{"@type":"WebSite","@id":"https:\/\/dicodusport.fr\/blog\/#website","url":"https:\/\/dicodusport.fr\/blog\/","name":"Dicodusport","description":"L&#039;encyclop\u00e9die de l&#039;actualit\u00e9 sportive","publisher":{"@id":"https:\/\/dicodusport.fr\/blog\/#organization"},"potentialAction":[{"@type":"SearchAction","target":{"@type":"EntryPoint","urlTemplate":"https:\/\/dicodusport.fr\/blog\/?s={search_term_string}"},"query-input":{"@type":"PropertyValueSpecification","valueRequired":true,"valueName":"search_term_string"}}],"inLanguage":"fr-FR"},{"@type":"NewsMediaOrganization","@id":"https:\/\/dicodusport.fr\/blog\/#organization","name":"Dicodusport","url":"https:\/\/dicodusport.fr\/blog\/","logo":{"@type":"ImageObject","inLanguage":"fr-FR","@id":"https:\/\/dicodusport.fr\/blog\/#\/schema\/logo\/image\/","url":"https:\/\/dicodusport.fr\/blog\/wp-content\/uploads\/2020\/06\/cropped-LOGO-DICODUSPORT-2020-SANS-FOND-SANS-TEXTE.png","contentUrl":"https:\/\/dicodusport.fr\/blog\/wp-content\/uploads\/2020\/06\/cropped-LOGO-DICODUSPORT-2020-SANS-FOND-SANS-TEXTE.png","width":512,"height":512,"caption":"Dicodusport"},"image":{"@id":"https:\/\/dicodusport.fr\/blog\/#\/schema\/logo\/image\/"},"sameAs":["https:\/\/www.facebook.com\/dicodusport","https:\/\/x.com\/dicodusport","https:\/\/www.instagram.com\/dicodusport\/","https:\/\/www.youtube.com\/channel\/UC7V2KZ5sd3htJivAbA4ZG3w"],"description":"Dicodusport est l'encyclop\u00e9die de l'actualit\u00e9 sportive.","email":"bonjour@dicodusport.fr","legalName":"DICODUSPORT","foundingDate":"2018-01-14","vatID":"FR71834470973","taxID":"83447097300043","numberOfEmployees":{"@type":"QuantitativeValue","minValue":"1","maxValue":"10"}},{"@type":"Person","@id":"https:\/\/dicodusport.fr\/blog\/#\/schema\/person\/0f73d157e4670e108e23009fa82f2239","name":"Julien Correia","image":{"@type":"ImageObject","inLanguage":"fr-FR","@id":"https:\/\/dicodusport.fr\/blog\/#\/schema\/person\/image\/","url":"https:\/\/dicodusport.fr\/blog\/wp-content\/uploads\/2021\/05\/Julien-Correia-150x150.jpg","contentUrl":"https:\/\/dicodusport.fr\/blog\/wp-content\/uploads\/2021\/05\/Julien-Correia-150x150.jpg","caption":"Julien Correia"},"description":"Journaliste\/r\u00e9dacteur depuis janvier 2019 - Tomb\u00e9 dans le monde du ballon rond \u00e9tant petit, j\u2019aurais pu devenir pro sans ces foutus ligaments crois\u00e9s. D\u00e9filant sur les champs (mais pas Elys\u00e9es) en 98, j\u2019ai \u00e9t\u00e9 berc\u00e9 par les exploits de Mister George, piqu\u00e9 par la technique du Snake, grandi avec Captain Rai et Ronnie, m\u00fbri avec Pauleta et Edi. Mais Ibracadabra, je suis d\u00e9sormais reconverti en runner\/traileur. Moins rapide que Bolt et moins endurant que Jornet, c\u2019est donc plume \u00e0 la main que je partage les exploits de ces athl\u00e8tes !","sameAs":["https:\/\/www.facebook.com\/julien.correia.52","https:\/\/x.com\/https:\/\/twitter.com\/julienco_psg70"],"url":"https:\/\/dicodusport.fr\/blog\/author\/julien-c\/"}]}},"_links":{"self":[{"href":"https:\/\/dicodusport.fr\/blog\/wp-json\/wp\/v2\/posts\/119867","targetHints":{"allow":["GET"]}}],"collection":[{"href":"https:\/\/dicodusport.fr\/blog\/wp-json\/wp\/v2\/posts"}],"about":[{"href":"https:\/\/dicodusport.fr\/blog\/wp-json\/wp\/v2\/types\/post"}],"author":[{"embeddable":true,"href":"https:\/\/dicodusport.fr\/blog\/wp-json\/wp\/v2\/users\/37"}],"replies":[{"embeddable":true,"href":"https:\/\/dicodusport.fr\/blog\/wp-json\/wp\/v2\/comments?post=119867"}],"version-history":[{"count":0,"href":"https:\/\/dicodusport.fr\/blog\/wp-json\/wp\/v2\/posts\/119867\/revisions"}],"wp:featuredmedia":[{"embeddable":true,"href":"https:\/\/dicodusport.fr\/blog\/wp-json\/wp\/v2\/media\/119879"}],"wp:attachment":[{"href":"https:\/\/dicodusport.fr\/blog\/wp-json\/wp\/v2\/media?parent=119867"}],"wp:term":[{"taxonomy":"category","embeddable":true,"href":"https:\/\/dicodusport.fr\/blog\/wp-json\/wp\/v2\/categories?post=119867"},{"taxonomy":"post_tag","embeddable":true,"href":"https:\/\/dicodusport.fr\/blog\/wp-json\/wp\/v2\/tags?post=119867"}],"curies":[{"name":"wp","href":"https:\/\/api.w.org\/{rel}","templated":true}]}}