{"id":119878,"date":"2021-04-10T14:04:52","date_gmt":"2021-04-10T12:04:52","guid":{"rendered":"https:\/\/dicodusport.fr\/blog\/?p=119878"},"modified":"2021-04-10T14:04:52","modified_gmt":"2021-04-10T12:04:52","slug":"championnats-d-europe-de-badminton-2021-la-selection-francaise","status":"publish","type":"post","link":"https:\/\/dicodusport.fr\/blog\/championnats-d-europe-de-badminton-2021-la-selection-francaise\/","title":{"rendered":"Championnats d&rsquo;Europe de badminton 2021 : la s\u00e9lection fran\u00e7aise"},"content":{"rendered":"<p style=\"text-align: justify;\"><em><b>CHAMPIONNATS D&rsquo;EUROPE DE BADMINTON 2021 &#8211; \u00c0 environ deux semaines du d\u00e9but des Championnats d&rsquo;Europe de badminton, on conna\u00eet le nom des 15 repr\u00e9sentants tricolores qui iront \u00e0 Kiev (Ukraine). Parmi eux, les num\u00e9ros 1 fran\u00e7ais et fran\u00e7aise viseront le titre continental.<\/b><\/em><\/p>\n<h2 style=\"text-align: justify;\">Championnats \u00e0 double enjeux<\/h2>\n<p style=\"text-align: justify;\">Du 27 avril au 2 mai, ce sera aux badistes de disputer leurs championnats d&rsquo;Europe. Si les m\u00e9dailles seront \u00e9videmment dans le viseur de nos Bleu(e)s, il y aura \u00e9galement un autre objectif majeur. En effet, les Jeux arrivant \u00e0 grands pas, il faudra aussi prendre des points pour la qualification olympique.<\/p>\n<h3 style=\"text-align: justify;\"><strong>En simple<\/strong><\/h3>\n<p style=\"text-align: justify;\">Si <strong>Brice Leverdez<\/strong> est virtuellement s\u00e9lectionn\u00e9 pour Tokyo 2020, il devra faire attention aux deux autres Fran\u00e7ais qui peuvent encore y croire. Les trois Tricolores seront t\u00eate de s\u00e9rie. Chez les femmes, <strong>Xuefei Qi<\/strong> participera \u00e0 ses premiers championnats d&rsquo;Europe sous le drapeau tricolore.<\/p>\n<ul style=\"text-align: justify;\">\n<li><strong>Brice Leverdez <\/strong>: Union Sportive Cr\u00e9teil (93) \/ 36\u00e8me mondial \/ t\u00eate de s\u00e9rie n\u00b06<\/li>\n<li><strong>Toma Junior Popov <\/strong>: Badminton Club Fos (13) \/ 42\u00e8me mondial \/ t\u00eate de s\u00e9rie n\u00b07<\/li>\n<li><strong>Thomas Rouxel <\/strong>: BC Chambly Oise (60) \/ 43\u00e8me mondial \/ t\u00eate de s\u00e9rie n\u00b08<\/li>\n<li><strong>Xuefei Qi <\/strong>: Bad\u2019 Club Rostrenen (22) \/ 40\u00e8me mondiale<\/li>\n<li><strong>Marie Batomene <\/strong>: Badminton Club Arras (60) \/ 65\u00e8me mondiale<\/li>\n<\/ul>\n<h3 style=\"text-align: justify;\"><strong>En double et double mixte<\/strong><\/h3>\n<p style=\"text-align: justify;\">Les meilleures chances du double masculin reposeront s\u00fbrement sur les fr\u00e8res <strong>Popov<\/strong>. Leaders fran\u00e7ais et t\u00eates de s\u00e9rie, ils pourraient se hisser sur le podium. Un seul double f\u00e9minin sera align\u00e9, mais pas n&rsquo;importe lequel ! Vice-champion d&rsquo;Europe en 2018, le duo <strong>Tran<\/strong>\/<strong>Lefel<\/strong> jouera tr\u00e8s gros \u00e0 la fin du mois. Enfin, en double mixte, on retrouvera parmi, les favoris <strong>Gicquel<\/strong>\/<strong>Delrue<\/strong>, 10\u00e8mes au classement mondial, qui seront en lice pour la m\u00e9daille d&rsquo;or.<\/p>\n<ul style=\"text-align: justify;\">\n<li><strong>Toma Junior Popov<\/strong> &#8211; <strong>Christo Popov <\/strong>: 45\u00e8me mondial \/ t\u00eate de s\u00e9rie n\u00b07<\/li>\n<li><strong>Fabien Delrue<\/strong> &#8211; <strong>William Villeger <\/strong>: 151\u00e8me mondial<\/li>\n<li><strong>Anne Tran<\/strong> &#8211; <strong>Emilie Lefel <\/strong>: 24\u00e8me mondial \/ t\u00eate de s\u00e9rie n\u00b05<\/li>\n<li><strong>Thom Gicquel<\/strong> &#8211; <strong>Delphine Delrue <\/strong>: 10\u00e8me mondial \/ t\u00eate de s\u00e9rie n\u00b02<\/li>\n<li><strong>Ronan Labar<\/strong> &#8211; <strong>Anne Tran <\/strong>: 39\u00e8me mondial \/ t\u00eate de s\u00e9rie n\u00b08<\/li>\n<li><strong>Eloi Adam<\/strong> &#8211; <strong>Margot Lambert <\/strong>: 59\u00e8me mondial<\/li>\n<\/ul>\n<blockquote class=\"twitter-tweet\">\n<p dir=\"ltr\" lang=\"fr\">&#x1f6a8; La s\u00e9lection pour les Championnats d\u2019Europe individuels est connue. Voici les noms des 15 Fran\u00e7ais qui seront sur les courts de Kiev du 27 avril au 02 mai.<\/p>\n<p>&#x2139;&#xfe0f; <a href=\"https:\/\/t.co\/pmNHbkDaUk\">https:\/\/t.co\/pmNHbkDaUk<\/a> <a href=\"https:\/\/t.co\/9iNpqxMj98\">pic.twitter.com\/9iNpqxMj98<\/a><\/p>\n<p>\u2014 FFBaD (@FFBaD) <a href=\"https:\/\/twitter.com\/FFBaD\/status\/1380808269749362694?ref_src=twsrc%5Etfw\">April 10, 2021<\/a><\/p><\/blockquote>\n<p><script async src=\"https:\/\/platform.twitter.com\/widgets.js\" charset=\"utf-8\"><\/script><\/p>\n<p style=\"text-align: justify;\">Pour l&rsquo;anecdote, jamais la France n&rsquo;a remport\u00e9 une m\u00e9daille d&rsquo;or europ\u00e9enne que ce soit en simple, en double ou par \u00e9quipes. Et si c&rsquo;\u00e9tait pour 2021 ?<\/p>\n<p><strong><em>Maxime Boulard<br \/>\n<a href=\"https:\/\/www.facebook.com\/Max.Bld2\/\" target=\"_blank\" rel=\"noopener noreferrer\"><img loading=\"lazy\" decoding=\"async\" class=\"alignnone wp-image-2909 jetpack-lazy-image jetpack-lazy-image--handled\" src=\"https:\/\/i2.wp.com\/dicodusport.fr\/blog\/wp-content\/uploads\/2017\/07\/logo-facebook-150x150.png?resize=40%2C40\" alt=\"\" width=\"40\" height=\"40\" data-lazy-loaded=\"1\" \/><\/a><a href=\"https:\/\/twitter.com\/MaximeB_2\" target=\"_blank\" rel=\"noopener noreferrer\"><img loading=\"lazy\" decoding=\"async\" class=\"alignnone wp-image-2908 jetpack-lazy-image jetpack-lazy-image--handled\" src=\"https:\/\/i1.wp.com\/dicodusport.fr\/blog\/wp-content\/uploads\/2017\/07\/logo-twitter-150x150.png?resize=39%2C39\" alt=\"\" width=\"39\" height=\"39\" data-lazy-loaded=\"1\" \/><\/a><\/em><\/strong><\/p>\n","protected":false},"excerpt":{"rendered":"<p>CHAMPIONNATS D&rsquo;EUROPE DE BADMINTON 2021 &#8211; \u00c0 environ deux semaines du d\u00e9but des Championnats d&rsquo;Europe de badminton, on conna\u00eet le nom des 15 repr\u00e9sentants tricolores qui iront \u00e0 Kiev (Ukraine). Parmi eux, les num\u00e9ros 1 fran\u00e7ais et fran\u00e7aise viseront le titre continental.<\/p>\n","protected":false},"author":43,"featured_media":119923,"comment_status":"open","ping_status":"closed","sticky":false,"template":"","format":"standard","meta":{"_acf_changed":false,"_daextam_enable_autolinks":"","footnotes":""},"categories":[13604],"tags":[2184,13676,4799,15850,13607,13606],"class_list":["post-119878","post","type-post","status-publish","format-standard","has-post-thumbnail","hentry","category-badminton","tag-badminton","tag-brice-leverdez","tag-championnats-deurope","tag-championnats-deurope-de-badminton","tag-delphine-delrue","tag-thom-gicquel"],"acf":[],"yoast_head":"<!-- This site is optimized with the Yoast SEO Premium plugin v26.7 (Yoast SEO v26.7) - https:\/\/yoast.com\/wordpress\/plugins\/seo\/ -->\n<title>Championnats d&#039;Europe de badminton 2021 : la s\u00e9lection fran\u00e7aise<\/title>\n<meta name=\"description\" content=\"CHAMPIONNATS D&#039;EUROPE DE BADMINTON 2021 - \u00c0 environ deux semaines du d\u00e9but des Championnats d&#039;Europe de badminton, on conna\u00eet le nom des 15 repr\u00e9sentants tricolores qui iront \u00e0 Kiev (Ukraine). Parmi eux, les num\u00e9ros 1 fran\u00e7ais et fran\u00e7aise viseront le titre continental.\" \/>\n<meta name=\"robots\" content=\"index, follow, max-snippet:-1, max-image-preview:large, max-video-preview:-1\" \/>\n<link rel=\"canonical\" href=\"https:\/\/dicodusport.fr\/blog\/championnats-d-europe-de-badminton-2021-la-selection-francaise\/\" \/>\n<meta property=\"og:locale\" content=\"fr_FR\" \/>\n<meta property=\"og:type\" content=\"article\" \/>\n<meta property=\"og:title\" content=\"Championnats d&#039;Europe de badminton 2021 : la s\u00e9lection fran\u00e7aise\" \/>\n<meta property=\"og:description\" content=\"CHAMPIONNATS D&#039;EUROPE DE BADMINTON 2021 - \u00c0 environ deux semaines du d\u00e9but des Championnats d&#039;Europe de badminton, on conna\u00eet le nom des 15 repr\u00e9sentants tricolores qui iront \u00e0 Kiev (Ukraine). Parmi eux, les num\u00e9ros 1 fran\u00e7ais et fran\u00e7aise viseront le titre continental.\" \/>\n<meta property=\"og:url\" content=\"https:\/\/dicodusport.fr\/blog\/championnats-d-europe-de-badminton-2021-la-selection-francaise\/\" \/>\n<meta property=\"og:site_name\" content=\"Dicodusport\" \/>\n<meta property=\"article:publisher\" content=\"https:\/\/www.facebook.com\/dicodusport\" \/>\n<meta property=\"article:author\" content=\"https:\/\/www.facebook.com\/Max.Bld2\/\" \/>\n<meta property=\"article:published_time\" content=\"2021-04-10T12:04:52+00:00\" \/>\n<meta property=\"og:image\" content=\"https:\/\/dicodusport.fr\/blog\/wp-content\/uploads\/2021\/04\/Championnats-dEurope-de-badminton-2021-La-selection-francaise.png\" \/>\n\t<meta property=\"og:image:width\" content=\"800\" \/>\n\t<meta property=\"og:image:height\" content=\"445\" \/>\n\t<meta property=\"og:image:type\" content=\"image\/png\" \/>\n<meta name=\"author\" content=\"Maxime Boulard\" \/>\n<meta name=\"twitter:card\" content=\"summary_large_image\" \/>\n<meta name=\"twitter:title\" content=\"Championnats d&#039;Europe de badminton 2021 : la s\u00e9lection fran\u00e7aise\" \/>\n<meta name=\"twitter:creator\" content=\"@https:\/\/twitter.com\/MaximeB_2\" \/>\n<meta name=\"twitter:site\" content=\"@dicodusport\" \/>\n<script type=\"application\/ld+json\" class=\"yoast-schema-graph\">{\"@context\":\"https:\/\/schema.org\",\"@graph\":[{\"@type\":\"NewsArticle\",\"@id\":\"https:\/\/dicodusport.fr\/blog\/championnats-d-europe-de-badminton-2021-la-selection-francaise\/#article\",\"isPartOf\":{\"@id\":\"https:\/\/dicodusport.fr\/blog\/championnats-d-europe-de-badminton-2021-la-selection-francaise\/\"},\"author\":{\"name\":\"Maxime Boulard\",\"@id\":\"https:\/\/dicodusport.fr\/blog\/#\/schema\/person\/5aab10ee856e86ac63e9819a9da34784\"},\"headline\":\"Championnats d&rsquo;Europe de badminton 2021 : la s\u00e9lection fran\u00e7aise\",\"datePublished\":\"2021-04-10T12:04:52+00:00\",\"mainEntityOfPage\":{\"@id\":\"https:\/\/dicodusport.fr\/blog\/championnats-d-europe-de-badminton-2021-la-selection-francaise\/\"},\"wordCount\":448,\"commentCount\":0,\"publisher\":{\"@id\":\"https:\/\/dicodusport.fr\/blog\/#organization\"},\"image\":{\"@id\":\"https:\/\/dicodusport.fr\/blog\/championnats-d-europe-de-badminton-2021-la-selection-francaise\/#primaryimage\"},\"thumbnailUrl\":\"https:\/\/dicodusport.fr\/blog\/wp-content\/uploads\/2021\/04\/Championnats-dEurope-de-badminton-2021-La-selection-francaise.png\",\"keywords\":[\"Badminton\",\"Brice Leverdez\",\"Championnats d'Europe\",\"Championnats d'Europe de badminton\",\"Delphine Delrue\",\"Thom Gicquel\"],\"articleSection\":[\"Badminton\"],\"inLanguage\":\"fr-FR\",\"potentialAction\":[{\"@type\":\"CommentAction\",\"name\":\"Comment\",\"target\":[\"https:\/\/dicodusport.fr\/blog\/championnats-d-europe-de-badminton-2021-la-selection-francaise\/#respond\"]}],\"copyrightYear\":\"2021\",\"copyrightHolder\":{\"@id\":\"https:\/\/dicodusport.fr\/blog\/#organization\"}},{\"@type\":\"WebPage\",\"@id\":\"https:\/\/dicodusport.fr\/blog\/championnats-d-europe-de-badminton-2021-la-selection-francaise\/\",\"url\":\"https:\/\/dicodusport.fr\/blog\/championnats-d-europe-de-badminton-2021-la-selection-francaise\/\",\"name\":\"Championnats d'Europe de badminton 2021 : la s\u00e9lection fran\u00e7aise\",\"isPartOf\":{\"@id\":\"https:\/\/dicodusport.fr\/blog\/#website\"},\"primaryImageOfPage\":{\"@id\":\"https:\/\/dicodusport.fr\/blog\/championnats-d-europe-de-badminton-2021-la-selection-francaise\/#primaryimage\"},\"image\":{\"@id\":\"https:\/\/dicodusport.fr\/blog\/championnats-d-europe-de-badminton-2021-la-selection-francaise\/#primaryimage\"},\"thumbnailUrl\":\"https:\/\/dicodusport.fr\/blog\/wp-content\/uploads\/2021\/04\/Championnats-dEurope-de-badminton-2021-La-selection-francaise.png\",\"datePublished\":\"2021-04-10T12:04:52+00:00\",\"description\":\"CHAMPIONNATS D'EUROPE DE BADMINTON 2021 - \u00c0 environ deux semaines du d\u00e9but des Championnats d'Europe de badminton, on conna\u00eet le nom des 15 repr\u00e9sentants tricolores qui iront \u00e0 Kiev (Ukraine). Parmi eux, les num\u00e9ros 1 fran\u00e7ais et fran\u00e7aise viseront le titre continental.\",\"breadcrumb\":{\"@id\":\"https:\/\/dicodusport.fr\/blog\/championnats-d-europe-de-badminton-2021-la-selection-francaise\/#breadcrumb\"},\"inLanguage\":\"fr-FR\",\"potentialAction\":[{\"@type\":\"ReadAction\",\"target\":[\"https:\/\/dicodusport.fr\/blog\/championnats-d-europe-de-badminton-2021-la-selection-francaise\/\"]}]},{\"@type\":\"ImageObject\",\"inLanguage\":\"fr-FR\",\"@id\":\"https:\/\/dicodusport.fr\/blog\/championnats-d-europe-de-badminton-2021-la-selection-francaise\/#primaryimage\",\"url\":\"https:\/\/dicodusport.fr\/blog\/wp-content\/uploads\/2021\/04\/Championnats-dEurope-de-badminton-2021-La-selection-francaise.png\",\"contentUrl\":\"https:\/\/dicodusport.fr\/blog\/wp-content\/uploads\/2021\/04\/Championnats-dEurope-de-badminton-2021-La-selection-francaise.png\",\"width\":800,\"height\":445,\"caption\":\"Championnats d'Europe de badminton 2021 - La s\u00e9lection fran\u00e7aise\"},{\"@type\":\"BreadcrumbList\",\"@id\":\"https:\/\/dicodusport.fr\/blog\/championnats-d-europe-de-badminton-2021-la-selection-francaise\/#breadcrumb\",\"itemListElement\":[{\"@type\":\"ListItem\",\"position\":1,\"name\":\"Accueil\",\"item\":\"https:\/\/dicodusport.fr\/blog\/\"},{\"@type\":\"ListItem\",\"position\":2,\"name\":\"Championnats d&rsquo;Europe de badminton 2021 : la s\u00e9lection fran\u00e7aise\"}]},{\"@type\":\"WebSite\",\"@id\":\"https:\/\/dicodusport.fr\/blog\/#website\",\"url\":\"https:\/\/dicodusport.fr\/blog\/\",\"name\":\"Dicodusport\",\"description\":\"L&#039;encyclop\u00e9die de l&#039;actualit\u00e9 sportive\",\"publisher\":{\"@id\":\"https:\/\/dicodusport.fr\/blog\/#organization\"},\"potentialAction\":[{\"@type\":\"SearchAction\",\"target\":{\"@type\":\"EntryPoint\",\"urlTemplate\":\"https:\/\/dicodusport.fr\/blog\/?s={search_term_string}\"},\"query-input\":{\"@type\":\"PropertyValueSpecification\",\"valueRequired\":true,\"valueName\":\"search_term_string\"}}],\"inLanguage\":\"fr-FR\"},{\"@type\":\"NewsMediaOrganization\",\"@id\":\"https:\/\/dicodusport.fr\/blog\/#organization\",\"name\":\"Dicodusport\",\"url\":\"https:\/\/dicodusport.fr\/blog\/\",\"logo\":{\"@type\":\"ImageObject\",\"inLanguage\":\"fr-FR\",\"@id\":\"https:\/\/dicodusport.fr\/blog\/#\/schema\/logo\/image\/\",\"url\":\"https:\/\/dicodusport.fr\/blog\/wp-content\/uploads\/2020\/06\/cropped-LOGO-DICODUSPORT-2020-SANS-FOND-SANS-TEXTE.png\",\"contentUrl\":\"https:\/\/dicodusport.fr\/blog\/wp-content\/uploads\/2020\/06\/cropped-LOGO-DICODUSPORT-2020-SANS-FOND-SANS-TEXTE.png\",\"width\":512,\"height\":512,\"caption\":\"Dicodusport\"},\"image\":{\"@id\":\"https:\/\/dicodusport.fr\/blog\/#\/schema\/logo\/image\/\"},\"sameAs\":[\"https:\/\/www.facebook.com\/dicodusport\",\"https:\/\/x.com\/dicodusport\",\"https:\/\/www.instagram.com\/dicodusport\/\",\"https:\/\/www.youtube.com\/channel\/UC7V2KZ5sd3htJivAbA4ZG3w\"],\"description\":\"Dicodusport est l'encyclop\u00e9die de l'actualit\u00e9 sportive.\",\"email\":\"bonjour@dicodusport.fr\",\"legalName\":\"DICODUSPORT\",\"foundingDate\":\"2018-01-14\",\"vatID\":\"FR71834470973\",\"taxID\":\"83447097300043\",\"numberOfEmployees\":{\"@type\":\"QuantitativeValue\",\"minValue\":\"1\",\"maxValue\":\"10\"}},{\"@type\":\"Person\",\"@id\":\"https:\/\/dicodusport.fr\/blog\/#\/schema\/person\/5aab10ee856e86ac63e9819a9da34784\",\"name\":\"Maxime Boulard\",\"image\":{\"@type\":\"ImageObject\",\"inLanguage\":\"fr-FR\",\"@id\":\"https:\/\/dicodusport.fr\/blog\/#\/schema\/person\/image\/\",\"url\":\"https:\/\/dicodusport.fr\/blog\/wp-content\/uploads\/2021\/05\/Maxime-Boulard-150x150.jpg\",\"contentUrl\":\"https:\/\/dicodusport.fr\/blog\/wp-content\/uploads\/2021\/05\/Maxime-Boulard-150x150.jpg\",\"caption\":\"Maxime Boulard\"},\"description\":\"Journaliste\/r\u00e9dacteur depuis octobre 2020 - Si mon plus vieux souvenir de sport aurait pu m'en d\u00e9go\u00fbter, la finale de la Coupe du monde 2006 a \u00e9t\u00e9 tout le contraire. V\u00e9ritable d\u00e9clencheur d'une passion qui aujourd'hui ne fait que grandir avec le temps, mon leitmotiv est la France qui brille ! Je relate les exploits pass\u00e9s et pr\u00e9sents du sport bleu-blanc-rouge sans m\u00e9nagement depuis octobre 2020. Sport valide ou handisport, aucune diff\u00e9rence, il n'y a que du sport et plusieurs fa\u00e7ons de le pratiquer.\",\"sameAs\":[\"https:\/\/www.facebook.com\/Max.Bld2\/\",\"https:\/\/x.com\/https:\/\/twitter.com\/MaximeB_2\"],\"url\":\"https:\/\/dicodusport.fr\/blog\/author\/maxime-b\/\"}]}<\/script>\n<!-- \/ Yoast SEO Premium plugin. -->","yoast_head_json":{"title":"Championnats d'Europe de badminton 2021 : la s\u00e9lection fran\u00e7aise","description":"CHAMPIONNATS D'EUROPE DE BADMINTON 2021 - \u00c0 environ deux semaines du d\u00e9but des Championnats d'Europe de badminton, on conna\u00eet le nom des 15 repr\u00e9sentants tricolores qui iront \u00e0 Kiev (Ukraine). Parmi eux, les num\u00e9ros 1 fran\u00e7ais et fran\u00e7aise viseront le titre continental.","robots":{"index":"index","follow":"follow","max-snippet":"max-snippet:-1","max-image-preview":"max-image-preview:large","max-video-preview":"max-video-preview:-1"},"canonical":"https:\/\/dicodusport.fr\/blog\/championnats-d-europe-de-badminton-2021-la-selection-francaise\/","og_locale":"fr_FR","og_type":"article","og_title":"Championnats d'Europe de badminton 2021 : la s\u00e9lection fran\u00e7aise","og_description":"CHAMPIONNATS D'EUROPE DE BADMINTON 2021 - \u00c0 environ deux semaines du d\u00e9but des Championnats d'Europe de badminton, on conna\u00eet le nom des 15 repr\u00e9sentants tricolores qui iront \u00e0 Kiev (Ukraine). Parmi eux, les num\u00e9ros 1 fran\u00e7ais et fran\u00e7aise viseront le titre continental.","og_url":"https:\/\/dicodusport.fr\/blog\/championnats-d-europe-de-badminton-2021-la-selection-francaise\/","og_site_name":"Dicodusport","article_publisher":"https:\/\/www.facebook.com\/dicodusport","article_author":"https:\/\/www.facebook.com\/Max.Bld2\/","article_published_time":"2021-04-10T12:04:52+00:00","og_image":[{"width":800,"height":445,"url":"https:\/\/dicodusport.fr\/blog\/wp-content\/uploads\/2021\/04\/Championnats-dEurope-de-badminton-2021-La-selection-francaise.png","type":"image\/png"}],"author":"Maxime Boulard","twitter_card":"summary_large_image","twitter_title":"Championnats d'Europe de badminton 2021 : la s\u00e9lection fran\u00e7aise","twitter_creator":"@https:\/\/twitter.com\/MaximeB_2","twitter_site":"@dicodusport","schema":{"@context":"https:\/\/schema.org","@graph":[{"@type":"NewsArticle","@id":"https:\/\/dicodusport.fr\/blog\/championnats-d-europe-de-badminton-2021-la-selection-francaise\/#article","isPartOf":{"@id":"https:\/\/dicodusport.fr\/blog\/championnats-d-europe-de-badminton-2021-la-selection-francaise\/"},"author":{"name":"Maxime Boulard","@id":"https:\/\/dicodusport.fr\/blog\/#\/schema\/person\/5aab10ee856e86ac63e9819a9da34784"},"headline":"Championnats d&rsquo;Europe de badminton 2021 : la s\u00e9lection fran\u00e7aise","datePublished":"2021-04-10T12:04:52+00:00","mainEntityOfPage":{"@id":"https:\/\/dicodusport.fr\/blog\/championnats-d-europe-de-badminton-2021-la-selection-francaise\/"},"wordCount":448,"commentCount":0,"publisher":{"@id":"https:\/\/dicodusport.fr\/blog\/#organization"},"image":{"@id":"https:\/\/dicodusport.fr\/blog\/championnats-d-europe-de-badminton-2021-la-selection-francaise\/#primaryimage"},"thumbnailUrl":"https:\/\/dicodusport.fr\/blog\/wp-content\/uploads\/2021\/04\/Championnats-dEurope-de-badminton-2021-La-selection-francaise.png","keywords":["Badminton","Brice Leverdez","Championnats d'Europe","Championnats d'Europe de badminton","Delphine Delrue","Thom Gicquel"],"articleSection":["Badminton"],"inLanguage":"fr-FR","potentialAction":[{"@type":"CommentAction","name":"Comment","target":["https:\/\/dicodusport.fr\/blog\/championnats-d-europe-de-badminton-2021-la-selection-francaise\/#respond"]}],"copyrightYear":"2021","copyrightHolder":{"@id":"https:\/\/dicodusport.fr\/blog\/#organization"}},{"@type":"WebPage","@id":"https:\/\/dicodusport.fr\/blog\/championnats-d-europe-de-badminton-2021-la-selection-francaise\/","url":"https:\/\/dicodusport.fr\/blog\/championnats-d-europe-de-badminton-2021-la-selection-francaise\/","name":"Championnats d'Europe de badminton 2021 : la s\u00e9lection fran\u00e7aise","isPartOf":{"@id":"https:\/\/dicodusport.fr\/blog\/#website"},"primaryImageOfPage":{"@id":"https:\/\/dicodusport.fr\/blog\/championnats-d-europe-de-badminton-2021-la-selection-francaise\/#primaryimage"},"image":{"@id":"https:\/\/dicodusport.fr\/blog\/championnats-d-europe-de-badminton-2021-la-selection-francaise\/#primaryimage"},"thumbnailUrl":"https:\/\/dicodusport.fr\/blog\/wp-content\/uploads\/2021\/04\/Championnats-dEurope-de-badminton-2021-La-selection-francaise.png","datePublished":"2021-04-10T12:04:52+00:00","description":"CHAMPIONNATS D'EUROPE DE BADMINTON 2021 - \u00c0 environ deux semaines du d\u00e9but des Championnats d'Europe de badminton, on conna\u00eet le nom des 15 repr\u00e9sentants tricolores qui iront \u00e0 Kiev (Ukraine). Parmi eux, les num\u00e9ros 1 fran\u00e7ais et fran\u00e7aise viseront le titre continental.","breadcrumb":{"@id":"https:\/\/dicodusport.fr\/blog\/championnats-d-europe-de-badminton-2021-la-selection-francaise\/#breadcrumb"},"inLanguage":"fr-FR","potentialAction":[{"@type":"ReadAction","target":["https:\/\/dicodusport.fr\/blog\/championnats-d-europe-de-badminton-2021-la-selection-francaise\/"]}]},{"@type":"ImageObject","inLanguage":"fr-FR","@id":"https:\/\/dicodusport.fr\/blog\/championnats-d-europe-de-badminton-2021-la-selection-francaise\/#primaryimage","url":"https:\/\/dicodusport.fr\/blog\/wp-content\/uploads\/2021\/04\/Championnats-dEurope-de-badminton-2021-La-selection-francaise.png","contentUrl":"https:\/\/dicodusport.fr\/blog\/wp-content\/uploads\/2021\/04\/Championnats-dEurope-de-badminton-2021-La-selection-francaise.png","width":800,"height":445,"caption":"Championnats d'Europe de badminton 2021 - La s\u00e9lection fran\u00e7aise"},{"@type":"BreadcrumbList","@id":"https:\/\/dicodusport.fr\/blog\/championnats-d-europe-de-badminton-2021-la-selection-francaise\/#breadcrumb","itemListElement":[{"@type":"ListItem","position":1,"name":"Accueil","item":"https:\/\/dicodusport.fr\/blog\/"},{"@type":"ListItem","position":2,"name":"Championnats d&rsquo;Europe de badminton 2021 : la s\u00e9lection fran\u00e7aise"}]},{"@type":"WebSite","@id":"https:\/\/dicodusport.fr\/blog\/#website","url":"https:\/\/dicodusport.fr\/blog\/","name":"Dicodusport","description":"L&#039;encyclop\u00e9die de l&#039;actualit\u00e9 sportive","publisher":{"@id":"https:\/\/dicodusport.fr\/blog\/#organization"},"potentialAction":[{"@type":"SearchAction","target":{"@type":"EntryPoint","urlTemplate":"https:\/\/dicodusport.fr\/blog\/?s={search_term_string}"},"query-input":{"@type":"PropertyValueSpecification","valueRequired":true,"valueName":"search_term_string"}}],"inLanguage":"fr-FR"},{"@type":"NewsMediaOrganization","@id":"https:\/\/dicodusport.fr\/blog\/#organization","name":"Dicodusport","url":"https:\/\/dicodusport.fr\/blog\/","logo":{"@type":"ImageObject","inLanguage":"fr-FR","@id":"https:\/\/dicodusport.fr\/blog\/#\/schema\/logo\/image\/","url":"https:\/\/dicodusport.fr\/blog\/wp-content\/uploads\/2020\/06\/cropped-LOGO-DICODUSPORT-2020-SANS-FOND-SANS-TEXTE.png","contentUrl":"https:\/\/dicodusport.fr\/blog\/wp-content\/uploads\/2020\/06\/cropped-LOGO-DICODUSPORT-2020-SANS-FOND-SANS-TEXTE.png","width":512,"height":512,"caption":"Dicodusport"},"image":{"@id":"https:\/\/dicodusport.fr\/blog\/#\/schema\/logo\/image\/"},"sameAs":["https:\/\/www.facebook.com\/dicodusport","https:\/\/x.com\/dicodusport","https:\/\/www.instagram.com\/dicodusport\/","https:\/\/www.youtube.com\/channel\/UC7V2KZ5sd3htJivAbA4ZG3w"],"description":"Dicodusport est l'encyclop\u00e9die de l'actualit\u00e9 sportive.","email":"bonjour@dicodusport.fr","legalName":"DICODUSPORT","foundingDate":"2018-01-14","vatID":"FR71834470973","taxID":"83447097300043","numberOfEmployees":{"@type":"QuantitativeValue","minValue":"1","maxValue":"10"}},{"@type":"Person","@id":"https:\/\/dicodusport.fr\/blog\/#\/schema\/person\/5aab10ee856e86ac63e9819a9da34784","name":"Maxime Boulard","image":{"@type":"ImageObject","inLanguage":"fr-FR","@id":"https:\/\/dicodusport.fr\/blog\/#\/schema\/person\/image\/","url":"https:\/\/dicodusport.fr\/blog\/wp-content\/uploads\/2021\/05\/Maxime-Boulard-150x150.jpg","contentUrl":"https:\/\/dicodusport.fr\/blog\/wp-content\/uploads\/2021\/05\/Maxime-Boulard-150x150.jpg","caption":"Maxime Boulard"},"description":"Journaliste\/r\u00e9dacteur depuis octobre 2020 - Si mon plus vieux souvenir de sport aurait pu m'en d\u00e9go\u00fbter, la finale de la Coupe du monde 2006 a \u00e9t\u00e9 tout le contraire. V\u00e9ritable d\u00e9clencheur d'une passion qui aujourd'hui ne fait que grandir avec le temps, mon leitmotiv est la France qui brille ! Je relate les exploits pass\u00e9s et pr\u00e9sents du sport bleu-blanc-rouge sans m\u00e9nagement depuis octobre 2020. Sport valide ou handisport, aucune diff\u00e9rence, il n'y a que du sport et plusieurs fa\u00e7ons de le pratiquer.","sameAs":["https:\/\/www.facebook.com\/Max.Bld2\/","https:\/\/x.com\/https:\/\/twitter.com\/MaximeB_2"],"url":"https:\/\/dicodusport.fr\/blog\/author\/maxime-b\/"}]}},"_links":{"self":[{"href":"https:\/\/dicodusport.fr\/blog\/wp-json\/wp\/v2\/posts\/119878","targetHints":{"allow":["GET"]}}],"collection":[{"href":"https:\/\/dicodusport.fr\/blog\/wp-json\/wp\/v2\/posts"}],"about":[{"href":"https:\/\/dicodusport.fr\/blog\/wp-json\/wp\/v2\/types\/post"}],"author":[{"embeddable":true,"href":"https:\/\/dicodusport.fr\/blog\/wp-json\/wp\/v2\/users\/43"}],"replies":[{"embeddable":true,"href":"https:\/\/dicodusport.fr\/blog\/wp-json\/wp\/v2\/comments?post=119878"}],"version-history":[{"count":0,"href":"https:\/\/dicodusport.fr\/blog\/wp-json\/wp\/v2\/posts\/119878\/revisions"}],"wp:featuredmedia":[{"embeddable":true,"href":"https:\/\/dicodusport.fr\/blog\/wp-json\/wp\/v2\/media\/119923"}],"wp:attachment":[{"href":"https:\/\/dicodusport.fr\/blog\/wp-json\/wp\/v2\/media?parent=119878"}],"wp:term":[{"taxonomy":"category","embeddable":true,"href":"https:\/\/dicodusport.fr\/blog\/wp-json\/wp\/v2\/categories?post=119878"},{"taxonomy":"post_tag","embeddable":true,"href":"https:\/\/dicodusport.fr\/blog\/wp-json\/wp\/v2\/tags?post=119878"}],"curies":[{"name":"wp","href":"https:\/\/api.w.org\/{rel}","templated":true}]}}