{"id":119881,"date":"2021-04-10T12:39:34","date_gmt":"2021-04-10T10:39:34","guid":{"rendered":"https:\/\/dicodusport.fr\/blog\/?p=119881&#038;preview=true&#038;preview_id=119881"},"modified":"2021-04-10T18:12:42","modified_gmt":"2021-04-10T16:12:42","slug":"vtt-internazionali-italie-series-loana-lecomte-s-impose-devant-pauline-ferrand-prevot-a-nalles","status":"publish","type":"post","link":"https:\/\/dicodusport.fr\/blog\/vtt-internazionali-italie-series-loana-lecomte-s-impose-devant-pauline-ferrand-prevot-a-nalles\/","title":{"rendered":"Internazionali d\u2019Italia Series : Loana Lecomte s&rsquo;impose devant Pauline Ferrand-Pr\u00e9vot \u00e0 Nalles"},"content":{"rendered":"<p style=\"text-align: justify;\"><strong><em>VTT &#8211; Au terme d&rsquo;une grande d\u00e9monstration de force, Loana Lecomte (Massi) a remport\u00e9 ce samedi la course de VTT Cross-Country de Nalles, dans le cadre des Internazionali d&rsquo;Italia Series. Avec un plateau tr\u00e8s relev\u00e9, celle qui est championne du monde en titre chez les espoirs a devanc\u00e9 Pauline Ferrand-Pr\u00e9vot (Absolute Absalon &#8211; BMC).<\/em><\/strong><\/p>\n<p style=\"text-align: justify;\">Elle n&rsquo;en finit plus d&rsquo;\u00e9pater la galerie. Championne d&rsquo;Europe et du monde espoirs l&rsquo;an dernier apr\u00e8s avoir remport\u00e9 sa premi\u00e8re victoire en Coupe du monde \u00e9lites, <strong>Loana Lecomte<\/strong> confirme en 2021. \u00c0 21 ans, la native d&rsquo;Annecy a remport\u00e9 ce samedi la course de Nalles, th\u00e9\u00e2tre de la 3\u00e8me \u00e9tape des Internazionali d&rsquo;Italie Series, le circuit transalpin de VTT sur lequel les pointures du XCO se pr\u00e9parent en vue de la Coupe du monde. La Fran\u00e7aise du Team Massi, auteure d&rsquo;un d\u00e9part canon, n&rsquo;aura jamais \u00e9t\u00e9 inqui\u00e9t\u00e9e tout au long des cinq tours.<\/p>\n<h2 style=\"text-align: justify;\">PFP poursuit sa progression, la concurrence loin du compte<\/h2>\n<p style=\"text-align: justify;\">Derri\u00e8re elle, la patronne, <a href=\"https:\/\/dicodusport.fr\/blog\/pauline-ferrand-prevot-le-titre-olympique-une-fin-en-soi\/\" target=\"_blank\" rel=\"noopener\"><strong>Pauline Ferrand-Pr\u00e9vot<\/strong><\/a>, a r\u00e9sist\u00e9 durant plus de deux tours aux alentours de 30 secondes, avant de s&rsquo;incliner. Si elle termine \u00e0 1:43 de sa compatriote, la R\u00e9moise monte n\u00e9anmoins en pression \u00e0 un mois de la premi\u00e8re Coupe du monde \u00e0 Albstadt (Allemagne). Quant au reste de la concurrence, elle est d\u00e9j\u00e0 loin. Le plateau relev\u00e9 de ce samedi met encore plus en avant la performance de haute vol\u00e9e de <strong>Loana Lecomte<\/strong>. Derri\u00e8re cette derni\u00e8re et PFP, l&rsquo;Autrichienne <strong>Mona Mitterwallner<\/strong> (Team Trek Vaude), espoir comme Lecomte, se classe 3\u00e8me au prix d&rsquo;une grande fin de course. Les Suissesses<strong> Sina Frei<\/strong> (Specialized Racing) et <strong>Jolanda Neff<\/strong> (Trek Factory Racing) sont rel\u00e9gu\u00e9es respectivement \u00e0 2:44 et 3:14, tandis qu&rsquo;<strong>Anne Terpstra<\/strong> (Ghost Factory), 6\u00e8me, est repouss\u00e9e \u00e0 3:48. Un gouffre !<\/p>\n<h2 style=\"text-align: justify;\">Le top 10 de la course<\/h2>\n<div id=\"attachment_119884\" style=\"width: 1244px\" class=\"wp-caption aligncenter\"><a href=\"https:\/\/dicodusport.fr\/blog\/wp-content\/uploads\/2021\/04\/Le-top-10-de-la-course-femmes-de-VTT-Cross-country-de-Nalles-en-Italie.png\" target=\"_blank\" rel=\"noopener\"><img loading=\"lazy\" decoding=\"async\" aria-describedby=\"caption-attachment-119884\" class=\"wp-image-119884 size-full\" src=\"https:\/\/dicodusport.fr\/blog\/wp-content\/uploads\/2021\/04\/Le-top-10-de-la-course-femmes-de-VTT-Cross-country-de-Nalles-en-Italie.png\" alt=\"Le top 10 de la course femmes de VTT Cross-country de Nalles en Italie\" width=\"1234\" height=\"295\" srcset=\"https:\/\/dicodusport.fr\/blog\/wp-content\/uploads\/2021\/04\/Le-top-10-de-la-course-femmes-de-VTT-Cross-country-de-Nalles-en-Italie.png 1234w, https:\/\/dicodusport.fr\/blog\/wp-content\/uploads\/2021\/04\/Le-top-10-de-la-course-femmes-de-VTT-Cross-country-de-Nalles-en-Italie-300x72.png 300w, https:\/\/dicodusport.fr\/blog\/wp-content\/uploads\/2021\/04\/Le-top-10-de-la-course-femmes-de-VTT-Cross-country-de-Nalles-en-Italie-1024x245.png 1024w, https:\/\/dicodusport.fr\/blog\/wp-content\/uploads\/2021\/04\/Le-top-10-de-la-course-femmes-de-VTT-Cross-country-de-Nalles-en-Italie-768x184.png 768w\" sizes=\"auto, (max-width: 1234px) 100vw, 1234px\" \/><\/a><p id=\"caption-attachment-119884\" class=\"wp-caption-text\">Le top 10 de la course femmes de VTT Cross-country de Nalles en Italie<\/p><\/div>\n<p style=\"text-align: justify;\"><strong><em>Dicodusport<br \/>\n<a href=\"https:\/\/www.facebook.com\/dicodusport\/\" target=\"_blank\" rel=\"noopener noreferrer\"><img loading=\"lazy\" decoding=\"async\" class=\"alignnone wp-image-2909\" src=\"http:\/\/dicodusport.fr\/blog\/wp-content\/uploads\/2017\/07\/logo-facebook-150x150.png\" alt=\"\" width=\"40\" height=\"40\" \/><\/a><a href=\"https:\/\/twitter.com\/dicodusport\" target=\"_blank\" rel=\"noopener noreferrer\"><img loading=\"lazy\" decoding=\"async\" class=\"alignnone wp-image-2908\" src=\"http:\/\/dicodusport.fr\/blog\/wp-content\/uploads\/2017\/07\/logo-twitter-150x150.png\" alt=\"\" width=\"39\" height=\"39\" \/><\/a><\/em><\/strong><\/p>\n","protected":false},"excerpt":{"rendered":"<p>VTT &#8211; Au terme d&rsquo;une grande d\u00e9monstration de force, Loana Lecomte (Massi) a remport\u00e9 ce samedi la course de VTT Cross-Country de Nalles, dans le cadre des Internazionali d&rsquo;Italie Series. Avec un plateau tr\u00e8s relev\u00e9, celle qui est championne du monde en titre chez les espoirs a devanc\u00e9 Pauline Ferrand-Pr\u00e9vot (Absolute Absalon &#8211; BMC).<\/p>\n","protected":false},"author":4,"featured_media":119886,"comment_status":"open","ping_status":"closed","sticky":false,"template":"","format":"standard","meta":{"_acf_changed":false,"_daextam_enable_autolinks":"","footnotes":""},"categories":[10279],"tags":[10994,1340,24],"class_list":["post-119881","post","type-post","status-publish","format-standard","has-post-thumbnail","hentry","category-vtt","tag-loana-lecomte","tag-pauline-ferrand-prevot","tag-sport"],"acf":[],"yoast_head":"<!-- This site is optimized with the Yoast SEO Premium plugin v26.7 (Yoast SEO v26.7) - https:\/\/yoast.com\/wordpress\/plugins\/seo\/ -->\n<title>Internazionali d\u2019Italia Series : Loana Lecomte s&#039;impose devant Pauline Ferrand-Pr\u00e9vot \u00e0 Nalles<\/title>\n<meta name=\"description\" content=\"VTT - Au terme d&#039;une grande d\u00e9monstration de force, Loana Lecomte (Massi) a remport\u00e9 ce samedi la course de VTT Cross-Country de Nalles.\" \/>\n<meta name=\"robots\" content=\"index, follow, max-snippet:-1, max-image-preview:large, max-video-preview:-1\" \/>\n<link rel=\"canonical\" href=\"https:\/\/dicodusport.fr\/blog\/vtt-internazionali-italie-series-loana-lecomte-s-impose-devant-pauline-ferrand-prevot-a-nalles\/\" \/>\n<meta property=\"og:locale\" content=\"fr_FR\" \/>\n<meta property=\"og:type\" content=\"article\" \/>\n<meta property=\"og:title\" content=\"Internazionali d\u2019Italia Series : Loana Lecomte s&#039;impose devant Pauline Ferrand-Pr\u00e9vot \u00e0 Nalles\" \/>\n<meta property=\"og:description\" content=\"VTT - Au terme d&#039;une grande d\u00e9monstration de force, Loana Lecomte (Massi) a remport\u00e9 ce samedi la course de VTT Cross-Country de Nalles.\" \/>\n<meta property=\"og:url\" content=\"https:\/\/dicodusport.fr\/blog\/vtt-internazionali-italie-series-loana-lecomte-s-impose-devant-pauline-ferrand-prevot-a-nalles\/\" \/>\n<meta property=\"og:site_name\" content=\"Dicodusport\" \/>\n<meta property=\"article:publisher\" content=\"https:\/\/www.facebook.com\/dicodusport\" \/>\n<meta property=\"article:author\" content=\"https:\/\/www.facebook.com\/florent.ostermann\" \/>\n<meta property=\"article:published_time\" content=\"2021-04-10T10:39:34+00:00\" \/>\n<meta property=\"article:modified_time\" content=\"2021-04-10T16:12:42+00:00\" \/>\n<meta property=\"og:image\" content=\"https:\/\/dicodusport.fr\/blog\/wp-content\/uploads\/2021\/04\/Internazionali-dItalia-Series-Loana-Lecomte-simpose-devant-Pauline-Ferrand-Prevot-a-Nalles.png\" \/>\n\t<meta property=\"og:image:width\" content=\"800\" \/>\n\t<meta property=\"og:image:height\" content=\"445\" \/>\n\t<meta property=\"og:image:type\" content=\"image\/png\" \/>\n<meta name=\"author\" content=\"Flo Ostermann\" \/>\n<meta name=\"twitter:card\" content=\"summary_large_image\" \/>\n<meta name=\"twitter:title\" content=\"Internazionali d\u2019Italia Series : Loana Lecomte s&#039;impose devant Pauline Ferrand-Pr\u00e9vot \u00e0 Nalles\" \/>\n<meta name=\"twitter:creator\" content=\"@https:\/\/twitter.com\/FlOstermann\" \/>\n<meta name=\"twitter:site\" content=\"@dicodusport\" \/>\n<script type=\"application\/ld+json\" class=\"yoast-schema-graph\">{\"@context\":\"https:\/\/schema.org\",\"@graph\":[{\"@type\":\"NewsArticle\",\"@id\":\"https:\/\/dicodusport.fr\/blog\/vtt-internazionali-italie-series-loana-lecomte-s-impose-devant-pauline-ferrand-prevot-a-nalles\/#article\",\"isPartOf\":{\"@id\":\"https:\/\/dicodusport.fr\/blog\/vtt-internazionali-italie-series-loana-lecomte-s-impose-devant-pauline-ferrand-prevot-a-nalles\/\"},\"author\":{\"name\":\"Flo Ostermann\",\"@id\":\"https:\/\/dicodusport.fr\/blog\/#\/schema\/person\/cb02af4c173ce4a653b55e9baf388d4a\"},\"headline\":\"Internazionali d\u2019Italia Series : Loana Lecomte s&rsquo;impose devant Pauline Ferrand-Pr\u00e9vot \u00e0 Nalles\",\"datePublished\":\"2021-04-10T10:39:34+00:00\",\"dateModified\":\"2021-04-10T16:12:42+00:00\",\"mainEntityOfPage\":{\"@id\":\"https:\/\/dicodusport.fr\/blog\/vtt-internazionali-italie-series-loana-lecomte-s-impose-devant-pauline-ferrand-prevot-a-nalles\/\"},\"wordCount\":351,\"commentCount\":0,\"publisher\":{\"@id\":\"https:\/\/dicodusport.fr\/blog\/#organization\"},\"image\":{\"@id\":\"https:\/\/dicodusport.fr\/blog\/vtt-internazionali-italie-series-loana-lecomte-s-impose-devant-pauline-ferrand-prevot-a-nalles\/#primaryimage\"},\"thumbnailUrl\":\"https:\/\/dicodusport.fr\/blog\/wp-content\/uploads\/2021\/04\/Internazionali-dItalia-Series-Loana-Lecomte-simpose-devant-Pauline-Ferrand-Prevot-a-Nalles.png\",\"keywords\":[\"Loana Lecomte\",\"Pauline Ferrand-Pr\u00e9vot\",\"sport\"],\"articleSection\":[\"VTT\"],\"inLanguage\":\"fr-FR\",\"potentialAction\":[{\"@type\":\"CommentAction\",\"name\":\"Comment\",\"target\":[\"https:\/\/dicodusport.fr\/blog\/vtt-internazionali-italie-series-loana-lecomte-s-impose-devant-pauline-ferrand-prevot-a-nalles\/#respond\"]}],\"copyrightYear\":\"2021\",\"copyrightHolder\":{\"@id\":\"https:\/\/dicodusport.fr\/blog\/#organization\"}},{\"@type\":\"WebPage\",\"@id\":\"https:\/\/dicodusport.fr\/blog\/vtt-internazionali-italie-series-loana-lecomte-s-impose-devant-pauline-ferrand-prevot-a-nalles\/\",\"url\":\"https:\/\/dicodusport.fr\/blog\/vtt-internazionali-italie-series-loana-lecomte-s-impose-devant-pauline-ferrand-prevot-a-nalles\/\",\"name\":\"Internazionali d\u2019Italia Series : Loana Lecomte s'impose devant Pauline Ferrand-Pr\u00e9vot \u00e0 Nalles\",\"isPartOf\":{\"@id\":\"https:\/\/dicodusport.fr\/blog\/#website\"},\"primaryImageOfPage\":{\"@id\":\"https:\/\/dicodusport.fr\/blog\/vtt-internazionali-italie-series-loana-lecomte-s-impose-devant-pauline-ferrand-prevot-a-nalles\/#primaryimage\"},\"image\":{\"@id\":\"https:\/\/dicodusport.fr\/blog\/vtt-internazionali-italie-series-loana-lecomte-s-impose-devant-pauline-ferrand-prevot-a-nalles\/#primaryimage\"},\"thumbnailUrl\":\"https:\/\/dicodusport.fr\/blog\/wp-content\/uploads\/2021\/04\/Internazionali-dItalia-Series-Loana-Lecomte-simpose-devant-Pauline-Ferrand-Prevot-a-Nalles.png\",\"datePublished\":\"2021-04-10T10:39:34+00:00\",\"dateModified\":\"2021-04-10T16:12:42+00:00\",\"description\":\"VTT - Au terme d'une grande d\u00e9monstration de force, Loana Lecomte (Massi) a remport\u00e9 ce samedi la course de VTT Cross-Country de Nalles.\",\"breadcrumb\":{\"@id\":\"https:\/\/dicodusport.fr\/blog\/vtt-internazionali-italie-series-loana-lecomte-s-impose-devant-pauline-ferrand-prevot-a-nalles\/#breadcrumb\"},\"inLanguage\":\"fr-FR\",\"potentialAction\":[{\"@type\":\"ReadAction\",\"target\":[\"https:\/\/dicodusport.fr\/blog\/vtt-internazionali-italie-series-loana-lecomte-s-impose-devant-pauline-ferrand-prevot-a-nalles\/\"]}]},{\"@type\":\"ImageObject\",\"inLanguage\":\"fr-FR\",\"@id\":\"https:\/\/dicodusport.fr\/blog\/vtt-internazionali-italie-series-loana-lecomte-s-impose-devant-pauline-ferrand-prevot-a-nalles\/#primaryimage\",\"url\":\"https:\/\/dicodusport.fr\/blog\/wp-content\/uploads\/2021\/04\/Internazionali-dItalia-Series-Loana-Lecomte-simpose-devant-Pauline-Ferrand-Prevot-a-Nalles.png\",\"contentUrl\":\"https:\/\/dicodusport.fr\/blog\/wp-content\/uploads\/2021\/04\/Internazionali-dItalia-Series-Loana-Lecomte-simpose-devant-Pauline-Ferrand-Prevot-a-Nalles.png\",\"width\":800,\"height\":445,\"caption\":\"Internazionali d\u2019Italia Series - Loana Lecomte s'impose devant Pauline Ferrand-Pr\u00e9vot \u00e0 Nalles\"},{\"@type\":\"BreadcrumbList\",\"@id\":\"https:\/\/dicodusport.fr\/blog\/vtt-internazionali-italie-series-loana-lecomte-s-impose-devant-pauline-ferrand-prevot-a-nalles\/#breadcrumb\",\"itemListElement\":[{\"@type\":\"ListItem\",\"position\":1,\"name\":\"Accueil\",\"item\":\"https:\/\/dicodusport.fr\/blog\/\"},{\"@type\":\"ListItem\",\"position\":2,\"name\":\"Internazionali d\u2019Italia Series : Loana Lecomte s&rsquo;impose devant Pauline Ferrand-Pr\u00e9vot \u00e0 Nalles\"}]},{\"@type\":\"WebSite\",\"@id\":\"https:\/\/dicodusport.fr\/blog\/#website\",\"url\":\"https:\/\/dicodusport.fr\/blog\/\",\"name\":\"Dicodusport\",\"description\":\"L&#039;encyclop\u00e9die de l&#039;actualit\u00e9 sportive\",\"publisher\":{\"@id\":\"https:\/\/dicodusport.fr\/blog\/#organization\"},\"potentialAction\":[{\"@type\":\"SearchAction\",\"target\":{\"@type\":\"EntryPoint\",\"urlTemplate\":\"https:\/\/dicodusport.fr\/blog\/?s={search_term_string}\"},\"query-input\":{\"@type\":\"PropertyValueSpecification\",\"valueRequired\":true,\"valueName\":\"search_term_string\"}}],\"inLanguage\":\"fr-FR\"},{\"@type\":\"NewsMediaOrganization\",\"@id\":\"https:\/\/dicodusport.fr\/blog\/#organization\",\"name\":\"Dicodusport\",\"url\":\"https:\/\/dicodusport.fr\/blog\/\",\"logo\":{\"@type\":\"ImageObject\",\"inLanguage\":\"fr-FR\",\"@id\":\"https:\/\/dicodusport.fr\/blog\/#\/schema\/logo\/image\/\",\"url\":\"https:\/\/dicodusport.fr\/blog\/wp-content\/uploads\/2020\/06\/cropped-LOGO-DICODUSPORT-2020-SANS-FOND-SANS-TEXTE.png\",\"contentUrl\":\"https:\/\/dicodusport.fr\/blog\/wp-content\/uploads\/2020\/06\/cropped-LOGO-DICODUSPORT-2020-SANS-FOND-SANS-TEXTE.png\",\"width\":512,\"height\":512,\"caption\":\"Dicodusport\"},\"image\":{\"@id\":\"https:\/\/dicodusport.fr\/blog\/#\/schema\/logo\/image\/\"},\"sameAs\":[\"https:\/\/www.facebook.com\/dicodusport\",\"https:\/\/x.com\/dicodusport\",\"https:\/\/www.instagram.com\/dicodusport\/\",\"https:\/\/www.youtube.com\/channel\/UC7V2KZ5sd3htJivAbA4ZG3w\"],\"description\":\"Dicodusport est l'encyclop\u00e9die de l'actualit\u00e9 sportive.\",\"email\":\"bonjour@dicodusport.fr\",\"legalName\":\"DICODUSPORT\",\"foundingDate\":\"2018-01-14\",\"vatID\":\"FR71834470973\",\"taxID\":\"83447097300043\",\"numberOfEmployees\":{\"@type\":\"QuantitativeValue\",\"minValue\":\"1\",\"maxValue\":\"10\"}},{\"@type\":\"Person\",\"@id\":\"https:\/\/dicodusport.fr\/blog\/#\/schema\/person\/cb02af4c173ce4a653b55e9baf388d4a\",\"name\":\"Flo Ostermann\",\"image\":{\"@type\":\"ImageObject\",\"inLanguage\":\"fr-FR\",\"@id\":\"https:\/\/dicodusport.fr\/blog\/#\/schema\/person\/image\/\",\"url\":\"https:\/\/dicodusport.fr\/blog\/wp-content\/uploads\/2021\/05\/Flo-Ostermann-150x150.jpg\",\"contentUrl\":\"https:\/\/dicodusport.fr\/blog\/wp-content\/uploads\/2021\/05\/Flo-Ostermann-150x150.jpg\",\"caption\":\"Flo Ostermann\"},\"description\":\"Journaliste\/R\u00e9dacteur depuis septembre 2015 - Mes premiers souvenirs dans le sport ? Les envol\u00e9es du Stade Toulousain et les duels Villeneuve-Schumacher et H\u00e4kkinen-Schumacher \u00e0 la fin des ann\u00e9es 90, la Coupe du monde de football en 1998, l\u2019exploit du XV de France face aux All Blacks en 1999, mais aussi Richard C\u0153ur de Lion qui vole sur les montagnes du Tour de France. Bien parti pour devenir professeur d\u2019EPS, les \u00e9v\u00e9nements de la vie (et la flemme d\u2019animer des s\u00e9ances de 3x500 m\u00e8tres toute ma vie) m\u2019ont conduit \u00e0 revoir mes plans. Me voil\u00e0 depuis fin 2017 sur Dicodusport, m\u00e9dia gr\u00e2ce (et pour) lequel je partage ma passion : le sport dans tous ses \u00e9tats. Le tout accompagn\u00e9 par les fous furieux et folles furieuses cit\u00e9s sur cette page !\",\"sameAs\":[\"https:\/\/www.facebook.com\/florent.ostermann\",\"https:\/\/x.com\/https:\/\/twitter.com\/FlOstermann\",\"admin\"],\"url\":\"https:\/\/dicodusport.fr\/blog\/author\/flo\/\"}]}<\/script>\n<!-- \/ Yoast SEO Premium plugin. -->","yoast_head_json":{"title":"Internazionali d\u2019Italia Series : Loana Lecomte s'impose devant Pauline Ferrand-Pr\u00e9vot \u00e0 Nalles","description":"VTT - Au terme d'une grande d\u00e9monstration de force, Loana Lecomte (Massi) a remport\u00e9 ce samedi la course de VTT Cross-Country de Nalles.","robots":{"index":"index","follow":"follow","max-snippet":"max-snippet:-1","max-image-preview":"max-image-preview:large","max-video-preview":"max-video-preview:-1"},"canonical":"https:\/\/dicodusport.fr\/blog\/vtt-internazionali-italie-series-loana-lecomte-s-impose-devant-pauline-ferrand-prevot-a-nalles\/","og_locale":"fr_FR","og_type":"article","og_title":"Internazionali d\u2019Italia Series : Loana Lecomte s'impose devant Pauline Ferrand-Pr\u00e9vot \u00e0 Nalles","og_description":"VTT - Au terme d'une grande d\u00e9monstration de force, Loana Lecomte (Massi) a remport\u00e9 ce samedi la course de VTT Cross-Country de Nalles.","og_url":"https:\/\/dicodusport.fr\/blog\/vtt-internazionali-italie-series-loana-lecomte-s-impose-devant-pauline-ferrand-prevot-a-nalles\/","og_site_name":"Dicodusport","article_publisher":"https:\/\/www.facebook.com\/dicodusport","article_author":"https:\/\/www.facebook.com\/florent.ostermann","article_published_time":"2021-04-10T10:39:34+00:00","article_modified_time":"2021-04-10T16:12:42+00:00","og_image":[{"width":800,"height":445,"url":"https:\/\/dicodusport.fr\/blog\/wp-content\/uploads\/2021\/04\/Internazionali-dItalia-Series-Loana-Lecomte-simpose-devant-Pauline-Ferrand-Prevot-a-Nalles.png","type":"image\/png"}],"author":"Flo Ostermann","twitter_card":"summary_large_image","twitter_title":"Internazionali d\u2019Italia Series : Loana Lecomte s'impose devant Pauline Ferrand-Pr\u00e9vot \u00e0 Nalles","twitter_creator":"@https:\/\/twitter.com\/FlOstermann","twitter_site":"@dicodusport","schema":{"@context":"https:\/\/schema.org","@graph":[{"@type":"NewsArticle","@id":"https:\/\/dicodusport.fr\/blog\/vtt-internazionali-italie-series-loana-lecomte-s-impose-devant-pauline-ferrand-prevot-a-nalles\/#article","isPartOf":{"@id":"https:\/\/dicodusport.fr\/blog\/vtt-internazionali-italie-series-loana-lecomte-s-impose-devant-pauline-ferrand-prevot-a-nalles\/"},"author":{"name":"Flo Ostermann","@id":"https:\/\/dicodusport.fr\/blog\/#\/schema\/person\/cb02af4c173ce4a653b55e9baf388d4a"},"headline":"Internazionali d\u2019Italia Series : Loana Lecomte s&rsquo;impose devant Pauline Ferrand-Pr\u00e9vot \u00e0 Nalles","datePublished":"2021-04-10T10:39:34+00:00","dateModified":"2021-04-10T16:12:42+00:00","mainEntityOfPage":{"@id":"https:\/\/dicodusport.fr\/blog\/vtt-internazionali-italie-series-loana-lecomte-s-impose-devant-pauline-ferrand-prevot-a-nalles\/"},"wordCount":351,"commentCount":0,"publisher":{"@id":"https:\/\/dicodusport.fr\/blog\/#organization"},"image":{"@id":"https:\/\/dicodusport.fr\/blog\/vtt-internazionali-italie-series-loana-lecomte-s-impose-devant-pauline-ferrand-prevot-a-nalles\/#primaryimage"},"thumbnailUrl":"https:\/\/dicodusport.fr\/blog\/wp-content\/uploads\/2021\/04\/Internazionali-dItalia-Series-Loana-Lecomte-simpose-devant-Pauline-Ferrand-Prevot-a-Nalles.png","keywords":["Loana Lecomte","Pauline Ferrand-Pr\u00e9vot","sport"],"articleSection":["VTT"],"inLanguage":"fr-FR","potentialAction":[{"@type":"CommentAction","name":"Comment","target":["https:\/\/dicodusport.fr\/blog\/vtt-internazionali-italie-series-loana-lecomte-s-impose-devant-pauline-ferrand-prevot-a-nalles\/#respond"]}],"copyrightYear":"2021","copyrightHolder":{"@id":"https:\/\/dicodusport.fr\/blog\/#organization"}},{"@type":"WebPage","@id":"https:\/\/dicodusport.fr\/blog\/vtt-internazionali-italie-series-loana-lecomte-s-impose-devant-pauline-ferrand-prevot-a-nalles\/","url":"https:\/\/dicodusport.fr\/blog\/vtt-internazionali-italie-series-loana-lecomte-s-impose-devant-pauline-ferrand-prevot-a-nalles\/","name":"Internazionali d\u2019Italia Series : Loana Lecomte s'impose devant Pauline Ferrand-Pr\u00e9vot \u00e0 Nalles","isPartOf":{"@id":"https:\/\/dicodusport.fr\/blog\/#website"},"primaryImageOfPage":{"@id":"https:\/\/dicodusport.fr\/blog\/vtt-internazionali-italie-series-loana-lecomte-s-impose-devant-pauline-ferrand-prevot-a-nalles\/#primaryimage"},"image":{"@id":"https:\/\/dicodusport.fr\/blog\/vtt-internazionali-italie-series-loana-lecomte-s-impose-devant-pauline-ferrand-prevot-a-nalles\/#primaryimage"},"thumbnailUrl":"https:\/\/dicodusport.fr\/blog\/wp-content\/uploads\/2021\/04\/Internazionali-dItalia-Series-Loana-Lecomte-simpose-devant-Pauline-Ferrand-Prevot-a-Nalles.png","datePublished":"2021-04-10T10:39:34+00:00","dateModified":"2021-04-10T16:12:42+00:00","description":"VTT - Au terme d'une grande d\u00e9monstration de force, Loana Lecomte (Massi) a remport\u00e9 ce samedi la course de VTT Cross-Country de Nalles.","breadcrumb":{"@id":"https:\/\/dicodusport.fr\/blog\/vtt-internazionali-italie-series-loana-lecomte-s-impose-devant-pauline-ferrand-prevot-a-nalles\/#breadcrumb"},"inLanguage":"fr-FR","potentialAction":[{"@type":"ReadAction","target":["https:\/\/dicodusport.fr\/blog\/vtt-internazionali-italie-series-loana-lecomte-s-impose-devant-pauline-ferrand-prevot-a-nalles\/"]}]},{"@type":"ImageObject","inLanguage":"fr-FR","@id":"https:\/\/dicodusport.fr\/blog\/vtt-internazionali-italie-series-loana-lecomte-s-impose-devant-pauline-ferrand-prevot-a-nalles\/#primaryimage","url":"https:\/\/dicodusport.fr\/blog\/wp-content\/uploads\/2021\/04\/Internazionali-dItalia-Series-Loana-Lecomte-simpose-devant-Pauline-Ferrand-Prevot-a-Nalles.png","contentUrl":"https:\/\/dicodusport.fr\/blog\/wp-content\/uploads\/2021\/04\/Internazionali-dItalia-Series-Loana-Lecomte-simpose-devant-Pauline-Ferrand-Prevot-a-Nalles.png","width":800,"height":445,"caption":"Internazionali d\u2019Italia Series - Loana Lecomte s'impose devant Pauline Ferrand-Pr\u00e9vot \u00e0 Nalles"},{"@type":"BreadcrumbList","@id":"https:\/\/dicodusport.fr\/blog\/vtt-internazionali-italie-series-loana-lecomte-s-impose-devant-pauline-ferrand-prevot-a-nalles\/#breadcrumb","itemListElement":[{"@type":"ListItem","position":1,"name":"Accueil","item":"https:\/\/dicodusport.fr\/blog\/"},{"@type":"ListItem","position":2,"name":"Internazionali d\u2019Italia Series : Loana Lecomte s&rsquo;impose devant Pauline Ferrand-Pr\u00e9vot \u00e0 Nalles"}]},{"@type":"WebSite","@id":"https:\/\/dicodusport.fr\/blog\/#website","url":"https:\/\/dicodusport.fr\/blog\/","name":"Dicodusport","description":"L&#039;encyclop\u00e9die de l&#039;actualit\u00e9 sportive","publisher":{"@id":"https:\/\/dicodusport.fr\/blog\/#organization"},"potentialAction":[{"@type":"SearchAction","target":{"@type":"EntryPoint","urlTemplate":"https:\/\/dicodusport.fr\/blog\/?s={search_term_string}"},"query-input":{"@type":"PropertyValueSpecification","valueRequired":true,"valueName":"search_term_string"}}],"inLanguage":"fr-FR"},{"@type":"NewsMediaOrganization","@id":"https:\/\/dicodusport.fr\/blog\/#organization","name":"Dicodusport","url":"https:\/\/dicodusport.fr\/blog\/","logo":{"@type":"ImageObject","inLanguage":"fr-FR","@id":"https:\/\/dicodusport.fr\/blog\/#\/schema\/logo\/image\/","url":"https:\/\/dicodusport.fr\/blog\/wp-content\/uploads\/2020\/06\/cropped-LOGO-DICODUSPORT-2020-SANS-FOND-SANS-TEXTE.png","contentUrl":"https:\/\/dicodusport.fr\/blog\/wp-content\/uploads\/2020\/06\/cropped-LOGO-DICODUSPORT-2020-SANS-FOND-SANS-TEXTE.png","width":512,"height":512,"caption":"Dicodusport"},"image":{"@id":"https:\/\/dicodusport.fr\/blog\/#\/schema\/logo\/image\/"},"sameAs":["https:\/\/www.facebook.com\/dicodusport","https:\/\/x.com\/dicodusport","https:\/\/www.instagram.com\/dicodusport\/","https:\/\/www.youtube.com\/channel\/UC7V2KZ5sd3htJivAbA4ZG3w"],"description":"Dicodusport est l'encyclop\u00e9die de l'actualit\u00e9 sportive.","email":"bonjour@dicodusport.fr","legalName":"DICODUSPORT","foundingDate":"2018-01-14","vatID":"FR71834470973","taxID":"83447097300043","numberOfEmployees":{"@type":"QuantitativeValue","minValue":"1","maxValue":"10"}},{"@type":"Person","@id":"https:\/\/dicodusport.fr\/blog\/#\/schema\/person\/cb02af4c173ce4a653b55e9baf388d4a","name":"Flo Ostermann","image":{"@type":"ImageObject","inLanguage":"fr-FR","@id":"https:\/\/dicodusport.fr\/blog\/#\/schema\/person\/image\/","url":"https:\/\/dicodusport.fr\/blog\/wp-content\/uploads\/2021\/05\/Flo-Ostermann-150x150.jpg","contentUrl":"https:\/\/dicodusport.fr\/blog\/wp-content\/uploads\/2021\/05\/Flo-Ostermann-150x150.jpg","caption":"Flo Ostermann"},"description":"Journaliste\/R\u00e9dacteur depuis septembre 2015 - Mes premiers souvenirs dans le sport ? Les envol\u00e9es du Stade Toulousain et les duels Villeneuve-Schumacher et H\u00e4kkinen-Schumacher \u00e0 la fin des ann\u00e9es 90, la Coupe du monde de football en 1998, l\u2019exploit du XV de France face aux All Blacks en 1999, mais aussi Richard C\u0153ur de Lion qui vole sur les montagnes du Tour de France. Bien parti pour devenir professeur d\u2019EPS, les \u00e9v\u00e9nements de la vie (et la flemme d\u2019animer des s\u00e9ances de 3x500 m\u00e8tres toute ma vie) m\u2019ont conduit \u00e0 revoir mes plans. Me voil\u00e0 depuis fin 2017 sur Dicodusport, m\u00e9dia gr\u00e2ce (et pour) lequel je partage ma passion : le sport dans tous ses \u00e9tats. Le tout accompagn\u00e9 par les fous furieux et folles furieuses cit\u00e9s sur cette page !","sameAs":["https:\/\/www.facebook.com\/florent.ostermann","https:\/\/x.com\/https:\/\/twitter.com\/FlOstermann","admin"],"url":"https:\/\/dicodusport.fr\/blog\/author\/flo\/"}]}},"_links":{"self":[{"href":"https:\/\/dicodusport.fr\/blog\/wp-json\/wp\/v2\/posts\/119881","targetHints":{"allow":["GET"]}}],"collection":[{"href":"https:\/\/dicodusport.fr\/blog\/wp-json\/wp\/v2\/posts"}],"about":[{"href":"https:\/\/dicodusport.fr\/blog\/wp-json\/wp\/v2\/types\/post"}],"author":[{"embeddable":true,"href":"https:\/\/dicodusport.fr\/blog\/wp-json\/wp\/v2\/users\/4"}],"replies":[{"embeddable":true,"href":"https:\/\/dicodusport.fr\/blog\/wp-json\/wp\/v2\/comments?post=119881"}],"version-history":[{"count":0,"href":"https:\/\/dicodusport.fr\/blog\/wp-json\/wp\/v2\/posts\/119881\/revisions"}],"wp:featuredmedia":[{"embeddable":true,"href":"https:\/\/dicodusport.fr\/blog\/wp-json\/wp\/v2\/media\/119886"}],"wp:attachment":[{"href":"https:\/\/dicodusport.fr\/blog\/wp-json\/wp\/v2\/media?parent=119881"}],"wp:term":[{"taxonomy":"category","embeddable":true,"href":"https:\/\/dicodusport.fr\/blog\/wp-json\/wp\/v2\/categories?post=119881"},{"taxonomy":"post_tag","embeddable":true,"href":"https:\/\/dicodusport.fr\/blog\/wp-json\/wp\/v2\/tags?post=119881"}],"curies":[{"name":"wp","href":"https:\/\/api.w.org\/{rel}","templated":true}]}}