{"id":120385,"date":"2021-04-12T11:33:52","date_gmt":"2021-04-12T09:33:52","guid":{"rendered":"https:\/\/dicodusport.fr\/blog\/?p=120385&#038;preview=true&#038;preview_id=120385"},"modified":"2021-04-12T11:33:52","modified_gmt":"2021-04-12T09:33:52","slug":"brighton-everton-a-quelle-heure-et-sur-quelle-chaine","status":"publish","type":"post","link":"https:\/\/dicodusport.fr\/blog\/brighton-everton-a-quelle-heure-et-sur-quelle-chaine\/","title":{"rendered":"Brighton &#8211; Everton : \u00c0 quelle heure et sur quelle cha\u00eene ?"},"content":{"rendered":"<p style=\"text-align: justify;\"><strong><em>FOOTBALL &#8211; PREMIER LEAGUE &#8211; Ce lundi, Brighton re\u00e7oit Everton dans le cadre de la 31\u00e8me journ\u00e9e du championnat anglais. D\u00e9couvrez les infos sur la retransmission TV du match.<\/em><\/strong><\/p>\n<h2 style=\"text-align: justify;\">\u00c0 quelle heure et sur quelle cha\u00eene regarder Brighton &#8211; Everton ?<\/h2>\n<p style=\"text-align: justify;\"><strong>Canal + Sport et RMC Sport 1 \u00e0 21h15 ce lundi 12\/04\/2021.<\/strong><\/p>\n<h2>\u00c0 lire aussi<\/h2>\n<ul>\n<li><a href=\"https:\/\/dicodusport.fr\/blog\/pronostic-brighton-everton-31eme-journee-de-premier-league\/\" target=\"_blank\" rel=\"noopener\"><strong>Notre pronostic pour Brighton &#8211; Everton<\/strong><\/a><\/li>\n<\/ul>\n<p style=\"text-align: justify;\"><strong><em>Dicodusport<br \/>\n<a href=\"https:\/\/www.facebook.com\/dicodusport\/\" target=\"_blank\" rel=\"noopener noreferrer\"><img loading=\"lazy\" decoding=\"async\" class=\"alignnone wp-image-2909\" src=\"http:\/\/dicodusport.fr\/blog\/wp-content\/uploads\/2017\/07\/logo-facebook-150x150.png\" alt=\"\" width=\"40\" height=\"40\" \/><\/a><a href=\"https:\/\/twitter.com\/dicodusport\" target=\"_blank\" rel=\"noopener noreferrer\"><img loading=\"lazy\" decoding=\"async\" class=\"alignnone wp-image-2908\" src=\"http:\/\/dicodusport.fr\/blog\/wp-content\/uploads\/2017\/07\/logo-twitter-150x150.png\" alt=\"\" width=\"39\" height=\"39\" \/><\/a><\/em><\/strong><\/p>\n","protected":false},"excerpt":{"rendered":"<p>FOOTBALL &#8211; PREMIER LEAGUE &#8211; Ce lundi, Brighton re\u00e7oit Everton dans le cadre de la 31\u00e8me journ\u00e9e du championnat anglais. D\u00e9couvrez les infos sur la retransmission TV du match.<\/p>\n","protected":false},"author":4,"featured_media":120387,"comment_status":"open","ping_status":"closed","sticky":false,"template":"","format":"standard","meta":{"_acf_changed":false,"_daextam_enable_autolinks":"","footnotes":""},"categories":[2301],"tags":[4953,2608,75,50],"class_list":["post-120385","post","type-post","status-publish","format-standard","has-post-thumbnail","hentry","category-football","tag-brighton","tag-everton","tag-football","tag-premier-league"],"acf":[],"yoast_head":"<!-- This site is optimized with the Yoast SEO Premium plugin v26.7 (Yoast SEO v26.7) - https:\/\/yoast.com\/wordpress\/plugins\/seo\/ -->\n<title>Brighton - Everton : \u00c0 quelle heure et sur quelle cha\u00eene ?<\/title>\n<meta name=\"description\" content=\"FOOTBALL - PREMIER LEAGUE - Ce lundi, Brighton re\u00e7oit Everton dans le cadre de la 31\u00e8me journ\u00e9e. Les infos sur la retransmission TV du match.\" \/>\n<meta name=\"robots\" content=\"index, follow, max-snippet:-1, max-image-preview:large, max-video-preview:-1\" \/>\n<link rel=\"canonical\" href=\"https:\/\/dicodusport.fr\/blog\/brighton-everton-a-quelle-heure-et-sur-quelle-chaine\/\" \/>\n<meta property=\"og:locale\" content=\"fr_FR\" \/>\n<meta property=\"og:type\" content=\"article\" \/>\n<meta property=\"og:title\" content=\"Brighton - Everton : \u00c0 quelle heure et sur quelle cha\u00eene ?\" \/>\n<meta property=\"og:description\" content=\"FOOTBALL - PREMIER LEAGUE - Ce lundi, Brighton re\u00e7oit Everton dans le cadre de la 31\u00e8me journ\u00e9e. Les infos sur la retransmission TV du match.\" \/>\n<meta property=\"og:url\" content=\"https:\/\/dicodusport.fr\/blog\/brighton-everton-a-quelle-heure-et-sur-quelle-chaine\/\" \/>\n<meta property=\"og:site_name\" content=\"Dicodusport\" \/>\n<meta property=\"article:publisher\" content=\"https:\/\/www.facebook.com\/dicodusport\" \/>\n<meta property=\"article:author\" content=\"https:\/\/www.facebook.com\/florent.ostermann\" \/>\n<meta property=\"article:published_time\" content=\"2021-04-12T09:33:52+00:00\" \/>\n<meta property=\"og:image\" content=\"https:\/\/dicodusport.fr\/blog\/wp-content\/uploads\/2021\/04\/Brighton-Everton-A-quelle-heure-et-sur-quelle-chaine-_.png\" \/>\n\t<meta property=\"og:image:width\" content=\"800\" \/>\n\t<meta property=\"og:image:height\" content=\"445\" \/>\n\t<meta property=\"og:image:type\" content=\"image\/png\" \/>\n<meta name=\"author\" content=\"Flo Ostermann\" \/>\n<meta name=\"twitter:card\" content=\"summary_large_image\" \/>\n<meta name=\"twitter:title\" content=\"Brighton - Everton : \u00c0 quelle heure et sur quelle cha\u00eene ?\" \/>\n<meta name=\"twitter:creator\" content=\"@https:\/\/twitter.com\/FlOstermann\" \/>\n<meta name=\"twitter:site\" content=\"@dicodusport\" \/>\n<script type=\"application\/ld+json\" class=\"yoast-schema-graph\">{\"@context\":\"https:\/\/schema.org\",\"@graph\":[{\"@type\":\"NewsArticle\",\"@id\":\"https:\/\/dicodusport.fr\/blog\/brighton-everton-a-quelle-heure-et-sur-quelle-chaine\/#article\",\"isPartOf\":{\"@id\":\"https:\/\/dicodusport.fr\/blog\/brighton-everton-a-quelle-heure-et-sur-quelle-chaine\/\"},\"author\":{\"name\":\"Flo Ostermann\",\"@id\":\"https:\/\/dicodusport.fr\/blog\/#\/schema\/person\/cb02af4c173ce4a653b55e9baf388d4a\"},\"headline\":\"Brighton &#8211; Everton : \u00c0 quelle heure et sur quelle cha\u00eene ?\",\"datePublished\":\"2021-04-12T09:33:52+00:00\",\"mainEntityOfPage\":{\"@id\":\"https:\/\/dicodusport.fr\/blog\/brighton-everton-a-quelle-heure-et-sur-quelle-chaine\/\"},\"wordCount\":70,\"commentCount\":0,\"publisher\":{\"@id\":\"https:\/\/dicodusport.fr\/blog\/#organization\"},\"image\":{\"@id\":\"https:\/\/dicodusport.fr\/blog\/brighton-everton-a-quelle-heure-et-sur-quelle-chaine\/#primaryimage\"},\"thumbnailUrl\":\"https:\/\/dicodusport.fr\/blog\/wp-content\/uploads\/2021\/04\/Brighton-Everton-A-quelle-heure-et-sur-quelle-chaine-_.png\",\"keywords\":[\"Brighton\",\"Everton\",\"Football\",\"Premier League\"],\"articleSection\":[\"Football\"],\"inLanguage\":\"fr-FR\",\"potentialAction\":[{\"@type\":\"CommentAction\",\"name\":\"Comment\",\"target\":[\"https:\/\/dicodusport.fr\/blog\/brighton-everton-a-quelle-heure-et-sur-quelle-chaine\/#respond\"]}],\"copyrightYear\":\"2021\",\"copyrightHolder\":{\"@id\":\"https:\/\/dicodusport.fr\/blog\/#organization\"}},{\"@type\":\"WebPage\",\"@id\":\"https:\/\/dicodusport.fr\/blog\/brighton-everton-a-quelle-heure-et-sur-quelle-chaine\/\",\"url\":\"https:\/\/dicodusport.fr\/blog\/brighton-everton-a-quelle-heure-et-sur-quelle-chaine\/\",\"name\":\"Brighton - Everton : \u00c0 quelle heure et sur quelle cha\u00eene ?\",\"isPartOf\":{\"@id\":\"https:\/\/dicodusport.fr\/blog\/#website\"},\"primaryImageOfPage\":{\"@id\":\"https:\/\/dicodusport.fr\/blog\/brighton-everton-a-quelle-heure-et-sur-quelle-chaine\/#primaryimage\"},\"image\":{\"@id\":\"https:\/\/dicodusport.fr\/blog\/brighton-everton-a-quelle-heure-et-sur-quelle-chaine\/#primaryimage\"},\"thumbnailUrl\":\"https:\/\/dicodusport.fr\/blog\/wp-content\/uploads\/2021\/04\/Brighton-Everton-A-quelle-heure-et-sur-quelle-chaine-_.png\",\"datePublished\":\"2021-04-12T09:33:52+00:00\",\"description\":\"FOOTBALL - PREMIER LEAGUE - Ce lundi, Brighton re\u00e7oit Everton dans le cadre de la 31\u00e8me journ\u00e9e. Les infos sur la retransmission TV du match.\",\"breadcrumb\":{\"@id\":\"https:\/\/dicodusport.fr\/blog\/brighton-everton-a-quelle-heure-et-sur-quelle-chaine\/#breadcrumb\"},\"inLanguage\":\"fr-FR\",\"potentialAction\":[{\"@type\":\"ReadAction\",\"target\":[\"https:\/\/dicodusport.fr\/blog\/brighton-everton-a-quelle-heure-et-sur-quelle-chaine\/\"]}]},{\"@type\":\"ImageObject\",\"inLanguage\":\"fr-FR\",\"@id\":\"https:\/\/dicodusport.fr\/blog\/brighton-everton-a-quelle-heure-et-sur-quelle-chaine\/#primaryimage\",\"url\":\"https:\/\/dicodusport.fr\/blog\/wp-content\/uploads\/2021\/04\/Brighton-Everton-A-quelle-heure-et-sur-quelle-chaine-_.png\",\"contentUrl\":\"https:\/\/dicodusport.fr\/blog\/wp-content\/uploads\/2021\/04\/Brighton-Everton-A-quelle-heure-et-sur-quelle-chaine-_.png\",\"width\":800,\"height\":445,\"caption\":\"Brighton - Everton : \u00c0 quelle heure et sur quelle cha\u00eene ?\"},{\"@type\":\"BreadcrumbList\",\"@id\":\"https:\/\/dicodusport.fr\/blog\/brighton-everton-a-quelle-heure-et-sur-quelle-chaine\/#breadcrumb\",\"itemListElement\":[{\"@type\":\"ListItem\",\"position\":1,\"name\":\"Accueil\",\"item\":\"https:\/\/dicodusport.fr\/blog\/\"},{\"@type\":\"ListItem\",\"position\":2,\"name\":\"Brighton &#8211; Everton : \u00c0 quelle heure et sur quelle cha\u00eene ?\"}]},{\"@type\":\"WebSite\",\"@id\":\"https:\/\/dicodusport.fr\/blog\/#website\",\"url\":\"https:\/\/dicodusport.fr\/blog\/\",\"name\":\"Dicodusport\",\"description\":\"L&#039;encyclop\u00e9die de l&#039;actualit\u00e9 sportive\",\"publisher\":{\"@id\":\"https:\/\/dicodusport.fr\/blog\/#organization\"},\"potentialAction\":[{\"@type\":\"SearchAction\",\"target\":{\"@type\":\"EntryPoint\",\"urlTemplate\":\"https:\/\/dicodusport.fr\/blog\/?s={search_term_string}\"},\"query-input\":{\"@type\":\"PropertyValueSpecification\",\"valueRequired\":true,\"valueName\":\"search_term_string\"}}],\"inLanguage\":\"fr-FR\"},{\"@type\":\"NewsMediaOrganization\",\"@id\":\"https:\/\/dicodusport.fr\/blog\/#organization\",\"name\":\"Dicodusport\",\"url\":\"https:\/\/dicodusport.fr\/blog\/\",\"logo\":{\"@type\":\"ImageObject\",\"inLanguage\":\"fr-FR\",\"@id\":\"https:\/\/dicodusport.fr\/blog\/#\/schema\/logo\/image\/\",\"url\":\"https:\/\/dicodusport.fr\/blog\/wp-content\/uploads\/2020\/06\/cropped-LOGO-DICODUSPORT-2020-SANS-FOND-SANS-TEXTE.png\",\"contentUrl\":\"https:\/\/dicodusport.fr\/blog\/wp-content\/uploads\/2020\/06\/cropped-LOGO-DICODUSPORT-2020-SANS-FOND-SANS-TEXTE.png\",\"width\":512,\"height\":512,\"caption\":\"Dicodusport\"},\"image\":{\"@id\":\"https:\/\/dicodusport.fr\/blog\/#\/schema\/logo\/image\/\"},\"sameAs\":[\"https:\/\/www.facebook.com\/dicodusport\",\"https:\/\/x.com\/dicodusport\",\"https:\/\/www.instagram.com\/dicodusport\/\",\"https:\/\/www.youtube.com\/channel\/UC7V2KZ5sd3htJivAbA4ZG3w\"],\"description\":\"Dicodusport est l'encyclop\u00e9die de l'actualit\u00e9 sportive.\",\"email\":\"bonjour@dicodusport.fr\",\"legalName\":\"DICODUSPORT\",\"foundingDate\":\"2018-01-14\",\"vatID\":\"FR71834470973\",\"taxID\":\"83447097300043\",\"numberOfEmployees\":{\"@type\":\"QuantitativeValue\",\"minValue\":\"1\",\"maxValue\":\"10\"}},{\"@type\":\"Person\",\"@id\":\"https:\/\/dicodusport.fr\/blog\/#\/schema\/person\/cb02af4c173ce4a653b55e9baf388d4a\",\"name\":\"Flo Ostermann\",\"image\":{\"@type\":\"ImageObject\",\"inLanguage\":\"fr-FR\",\"@id\":\"https:\/\/dicodusport.fr\/blog\/#\/schema\/person\/image\/\",\"url\":\"https:\/\/dicodusport.fr\/blog\/wp-content\/uploads\/2021\/05\/Flo-Ostermann-150x150.jpg\",\"contentUrl\":\"https:\/\/dicodusport.fr\/blog\/wp-content\/uploads\/2021\/05\/Flo-Ostermann-150x150.jpg\",\"caption\":\"Flo Ostermann\"},\"description\":\"Journaliste\/R\u00e9dacteur depuis septembre 2015 - Mes premiers souvenirs dans le sport ? Les envol\u00e9es du Stade Toulousain et les duels Villeneuve-Schumacher et H\u00e4kkinen-Schumacher \u00e0 la fin des ann\u00e9es 90, la Coupe du monde de football en 1998, l\u2019exploit du XV de France face aux All Blacks en 1999, mais aussi Richard C\u0153ur de Lion qui vole sur les montagnes du Tour de France. Bien parti pour devenir professeur d\u2019EPS, les \u00e9v\u00e9nements de la vie (et la flemme d\u2019animer des s\u00e9ances de 3x500 m\u00e8tres toute ma vie) m\u2019ont conduit \u00e0 revoir mes plans. Me voil\u00e0 depuis fin 2017 sur Dicodusport, m\u00e9dia gr\u00e2ce (et pour) lequel je partage ma passion : le sport dans tous ses \u00e9tats. Le tout accompagn\u00e9 par les fous furieux et folles furieuses cit\u00e9s sur cette page !\",\"sameAs\":[\"https:\/\/www.facebook.com\/florent.ostermann\",\"https:\/\/x.com\/https:\/\/twitter.com\/FlOstermann\",\"admin\"],\"url\":\"https:\/\/dicodusport.fr\/blog\/author\/flo\/\"}]}<\/script>\n<!-- \/ Yoast SEO Premium plugin. -->","yoast_head_json":{"title":"Brighton - Everton : \u00c0 quelle heure et sur quelle cha\u00eene ?","description":"FOOTBALL - PREMIER LEAGUE - Ce lundi, Brighton re\u00e7oit Everton dans le cadre de la 31\u00e8me journ\u00e9e. Les infos sur la retransmission TV du match.","robots":{"index":"index","follow":"follow","max-snippet":"max-snippet:-1","max-image-preview":"max-image-preview:large","max-video-preview":"max-video-preview:-1"},"canonical":"https:\/\/dicodusport.fr\/blog\/brighton-everton-a-quelle-heure-et-sur-quelle-chaine\/","og_locale":"fr_FR","og_type":"article","og_title":"Brighton - Everton : \u00c0 quelle heure et sur quelle cha\u00eene ?","og_description":"FOOTBALL - PREMIER LEAGUE - Ce lundi, Brighton re\u00e7oit Everton dans le cadre de la 31\u00e8me journ\u00e9e. Les infos sur la retransmission TV du match.","og_url":"https:\/\/dicodusport.fr\/blog\/brighton-everton-a-quelle-heure-et-sur-quelle-chaine\/","og_site_name":"Dicodusport","article_publisher":"https:\/\/www.facebook.com\/dicodusport","article_author":"https:\/\/www.facebook.com\/florent.ostermann","article_published_time":"2021-04-12T09:33:52+00:00","og_image":[{"width":800,"height":445,"url":"https:\/\/dicodusport.fr\/blog\/wp-content\/uploads\/2021\/04\/Brighton-Everton-A-quelle-heure-et-sur-quelle-chaine-_.png","type":"image\/png"}],"author":"Flo Ostermann","twitter_card":"summary_large_image","twitter_title":"Brighton - Everton : \u00c0 quelle heure et sur quelle cha\u00eene ?","twitter_creator":"@https:\/\/twitter.com\/FlOstermann","twitter_site":"@dicodusport","schema":{"@context":"https:\/\/schema.org","@graph":[{"@type":"NewsArticle","@id":"https:\/\/dicodusport.fr\/blog\/brighton-everton-a-quelle-heure-et-sur-quelle-chaine\/#article","isPartOf":{"@id":"https:\/\/dicodusport.fr\/blog\/brighton-everton-a-quelle-heure-et-sur-quelle-chaine\/"},"author":{"name":"Flo Ostermann","@id":"https:\/\/dicodusport.fr\/blog\/#\/schema\/person\/cb02af4c173ce4a653b55e9baf388d4a"},"headline":"Brighton &#8211; Everton : \u00c0 quelle heure et sur quelle cha\u00eene ?","datePublished":"2021-04-12T09:33:52+00:00","mainEntityOfPage":{"@id":"https:\/\/dicodusport.fr\/blog\/brighton-everton-a-quelle-heure-et-sur-quelle-chaine\/"},"wordCount":70,"commentCount":0,"publisher":{"@id":"https:\/\/dicodusport.fr\/blog\/#organization"},"image":{"@id":"https:\/\/dicodusport.fr\/blog\/brighton-everton-a-quelle-heure-et-sur-quelle-chaine\/#primaryimage"},"thumbnailUrl":"https:\/\/dicodusport.fr\/blog\/wp-content\/uploads\/2021\/04\/Brighton-Everton-A-quelle-heure-et-sur-quelle-chaine-_.png","keywords":["Brighton","Everton","Football","Premier League"],"articleSection":["Football"],"inLanguage":"fr-FR","potentialAction":[{"@type":"CommentAction","name":"Comment","target":["https:\/\/dicodusport.fr\/blog\/brighton-everton-a-quelle-heure-et-sur-quelle-chaine\/#respond"]}],"copyrightYear":"2021","copyrightHolder":{"@id":"https:\/\/dicodusport.fr\/blog\/#organization"}},{"@type":"WebPage","@id":"https:\/\/dicodusport.fr\/blog\/brighton-everton-a-quelle-heure-et-sur-quelle-chaine\/","url":"https:\/\/dicodusport.fr\/blog\/brighton-everton-a-quelle-heure-et-sur-quelle-chaine\/","name":"Brighton - Everton : \u00c0 quelle heure et sur quelle cha\u00eene ?","isPartOf":{"@id":"https:\/\/dicodusport.fr\/blog\/#website"},"primaryImageOfPage":{"@id":"https:\/\/dicodusport.fr\/blog\/brighton-everton-a-quelle-heure-et-sur-quelle-chaine\/#primaryimage"},"image":{"@id":"https:\/\/dicodusport.fr\/blog\/brighton-everton-a-quelle-heure-et-sur-quelle-chaine\/#primaryimage"},"thumbnailUrl":"https:\/\/dicodusport.fr\/blog\/wp-content\/uploads\/2021\/04\/Brighton-Everton-A-quelle-heure-et-sur-quelle-chaine-_.png","datePublished":"2021-04-12T09:33:52+00:00","description":"FOOTBALL - PREMIER LEAGUE - Ce lundi, Brighton re\u00e7oit Everton dans le cadre de la 31\u00e8me journ\u00e9e. Les infos sur la retransmission TV du match.","breadcrumb":{"@id":"https:\/\/dicodusport.fr\/blog\/brighton-everton-a-quelle-heure-et-sur-quelle-chaine\/#breadcrumb"},"inLanguage":"fr-FR","potentialAction":[{"@type":"ReadAction","target":["https:\/\/dicodusport.fr\/blog\/brighton-everton-a-quelle-heure-et-sur-quelle-chaine\/"]}]},{"@type":"ImageObject","inLanguage":"fr-FR","@id":"https:\/\/dicodusport.fr\/blog\/brighton-everton-a-quelle-heure-et-sur-quelle-chaine\/#primaryimage","url":"https:\/\/dicodusport.fr\/blog\/wp-content\/uploads\/2021\/04\/Brighton-Everton-A-quelle-heure-et-sur-quelle-chaine-_.png","contentUrl":"https:\/\/dicodusport.fr\/blog\/wp-content\/uploads\/2021\/04\/Brighton-Everton-A-quelle-heure-et-sur-quelle-chaine-_.png","width":800,"height":445,"caption":"Brighton - Everton : \u00c0 quelle heure et sur quelle cha\u00eene ?"},{"@type":"BreadcrumbList","@id":"https:\/\/dicodusport.fr\/blog\/brighton-everton-a-quelle-heure-et-sur-quelle-chaine\/#breadcrumb","itemListElement":[{"@type":"ListItem","position":1,"name":"Accueil","item":"https:\/\/dicodusport.fr\/blog\/"},{"@type":"ListItem","position":2,"name":"Brighton &#8211; Everton : \u00c0 quelle heure et sur quelle cha\u00eene ?"}]},{"@type":"WebSite","@id":"https:\/\/dicodusport.fr\/blog\/#website","url":"https:\/\/dicodusport.fr\/blog\/","name":"Dicodusport","description":"L&#039;encyclop\u00e9die de l&#039;actualit\u00e9 sportive","publisher":{"@id":"https:\/\/dicodusport.fr\/blog\/#organization"},"potentialAction":[{"@type":"SearchAction","target":{"@type":"EntryPoint","urlTemplate":"https:\/\/dicodusport.fr\/blog\/?s={search_term_string}"},"query-input":{"@type":"PropertyValueSpecification","valueRequired":true,"valueName":"search_term_string"}}],"inLanguage":"fr-FR"},{"@type":"NewsMediaOrganization","@id":"https:\/\/dicodusport.fr\/blog\/#organization","name":"Dicodusport","url":"https:\/\/dicodusport.fr\/blog\/","logo":{"@type":"ImageObject","inLanguage":"fr-FR","@id":"https:\/\/dicodusport.fr\/blog\/#\/schema\/logo\/image\/","url":"https:\/\/dicodusport.fr\/blog\/wp-content\/uploads\/2020\/06\/cropped-LOGO-DICODUSPORT-2020-SANS-FOND-SANS-TEXTE.png","contentUrl":"https:\/\/dicodusport.fr\/blog\/wp-content\/uploads\/2020\/06\/cropped-LOGO-DICODUSPORT-2020-SANS-FOND-SANS-TEXTE.png","width":512,"height":512,"caption":"Dicodusport"},"image":{"@id":"https:\/\/dicodusport.fr\/blog\/#\/schema\/logo\/image\/"},"sameAs":["https:\/\/www.facebook.com\/dicodusport","https:\/\/x.com\/dicodusport","https:\/\/www.instagram.com\/dicodusport\/","https:\/\/www.youtube.com\/channel\/UC7V2KZ5sd3htJivAbA4ZG3w"],"description":"Dicodusport est l'encyclop\u00e9die de l'actualit\u00e9 sportive.","email":"bonjour@dicodusport.fr","legalName":"DICODUSPORT","foundingDate":"2018-01-14","vatID":"FR71834470973","taxID":"83447097300043","numberOfEmployees":{"@type":"QuantitativeValue","minValue":"1","maxValue":"10"}},{"@type":"Person","@id":"https:\/\/dicodusport.fr\/blog\/#\/schema\/person\/cb02af4c173ce4a653b55e9baf388d4a","name":"Flo Ostermann","image":{"@type":"ImageObject","inLanguage":"fr-FR","@id":"https:\/\/dicodusport.fr\/blog\/#\/schema\/person\/image\/","url":"https:\/\/dicodusport.fr\/blog\/wp-content\/uploads\/2021\/05\/Flo-Ostermann-150x150.jpg","contentUrl":"https:\/\/dicodusport.fr\/blog\/wp-content\/uploads\/2021\/05\/Flo-Ostermann-150x150.jpg","caption":"Flo Ostermann"},"description":"Journaliste\/R\u00e9dacteur depuis septembre 2015 - Mes premiers souvenirs dans le sport ? Les envol\u00e9es du Stade Toulousain et les duels Villeneuve-Schumacher et H\u00e4kkinen-Schumacher \u00e0 la fin des ann\u00e9es 90, la Coupe du monde de football en 1998, l\u2019exploit du XV de France face aux All Blacks en 1999, mais aussi Richard C\u0153ur de Lion qui vole sur les montagnes du Tour de France. Bien parti pour devenir professeur d\u2019EPS, les \u00e9v\u00e9nements de la vie (et la flemme d\u2019animer des s\u00e9ances de 3x500 m\u00e8tres toute ma vie) m\u2019ont conduit \u00e0 revoir mes plans. Me voil\u00e0 depuis fin 2017 sur Dicodusport, m\u00e9dia gr\u00e2ce (et pour) lequel je partage ma passion : le sport dans tous ses \u00e9tats. Le tout accompagn\u00e9 par les fous furieux et folles furieuses cit\u00e9s sur cette page !","sameAs":["https:\/\/www.facebook.com\/florent.ostermann","https:\/\/x.com\/https:\/\/twitter.com\/FlOstermann","admin"],"url":"https:\/\/dicodusport.fr\/blog\/author\/flo\/"}]}},"_links":{"self":[{"href":"https:\/\/dicodusport.fr\/blog\/wp-json\/wp\/v2\/posts\/120385","targetHints":{"allow":["GET"]}}],"collection":[{"href":"https:\/\/dicodusport.fr\/blog\/wp-json\/wp\/v2\/posts"}],"about":[{"href":"https:\/\/dicodusport.fr\/blog\/wp-json\/wp\/v2\/types\/post"}],"author":[{"embeddable":true,"href":"https:\/\/dicodusport.fr\/blog\/wp-json\/wp\/v2\/users\/4"}],"replies":[{"embeddable":true,"href":"https:\/\/dicodusport.fr\/blog\/wp-json\/wp\/v2\/comments?post=120385"}],"version-history":[{"count":0,"href":"https:\/\/dicodusport.fr\/blog\/wp-json\/wp\/v2\/posts\/120385\/revisions"}],"wp:featuredmedia":[{"embeddable":true,"href":"https:\/\/dicodusport.fr\/blog\/wp-json\/wp\/v2\/media\/120387"}],"wp:attachment":[{"href":"https:\/\/dicodusport.fr\/blog\/wp-json\/wp\/v2\/media?parent=120385"}],"wp:term":[{"taxonomy":"category","embeddable":true,"href":"https:\/\/dicodusport.fr\/blog\/wp-json\/wp\/v2\/categories?post=120385"},{"taxonomy":"post_tag","embeddable":true,"href":"https:\/\/dicodusport.fr\/blog\/wp-json\/wp\/v2\/tags?post=120385"}],"curies":[{"name":"wp","href":"https:\/\/api.w.org\/{rel}","templated":true}]}}