{"id":120648,"date":"2021-04-15T18:23:46","date_gmt":"2021-04-15T16:23:46","guid":{"rendered":"https:\/\/dicodusport.fr\/blog\/?p=120648"},"modified":"2021-04-15T18:32:28","modified_gmt":"2021-04-15T16:32:28","slug":"championnats-d-europe-de-judo-la-france-nation-de-tous-les-records","status":"publish","type":"post","link":"https:\/\/dicodusport.fr\/blog\/championnats-d-europe-de-judo-la-france-nation-de-tous-les-records\/","title":{"rendered":"Championnats d&rsquo;Europe de judo : la France, nation de tous les records"},"content":{"rendered":"<p style=\"text-align: justify;\"><em><strong>CHAMPIONNATS D&rsquo;EUROPE DE JUDO &#8211; A quelques heures du d\u00e9but de <a href=\"https:\/\/dicodusport.fr\/blog\/judo-championnats-deurope-2021-le-programme-complet\/\" target=\"_blank\" rel=\"noopener\">l&rsquo;\u00e9dition 2021 des championnats d&rsquo;Europe de judo<\/a> qui se d\u00e9rouleront \u00e0 partir de demain jusqu&rsquo;au 18 avril, revenons sur les performances fran\u00e7aises. R\u00e9unifi\u00e9s depuis 35 ans, les championnats masculin et f\u00e9minin ont \u00e9norm\u00e9ment r\u00e9ussi aux Fran\u00e7ais.<\/strong><\/em><\/p>\n<h2 style=\"text-align: justify;\">Des individualit\u00e9s exceptionnelles<\/h2>\n<p style=\"text-align: justify;\">Depuis les premiers championnats continentaux en 1951, la France n&rsquo;a jamais cess\u00e9 d&rsquo;impressionner le monde du judo. Si les hommes ont leur championnat depuis toujours, les femmes ont elles attendu jusqu&rsquo;en 1975 pour se faire une place. Popularis\u00e9 en France dans les ann\u00e9es 1980, le judo a pris une autre dimension apr\u00e8s les titres olympiques de <strong>Nowak<\/strong> ou encore <strong>Douillet<\/strong> dans les ann\u00e9es 1990. Aux championnats d&rsquo;Europe, la France n&rsquo;est pas en reste gr\u00e2ce \u00e0 une nouvelle g\u00e9n\u00e9ration pleine de talent. Parmi les plus titr\u00e9s, on retrouve 6 Tricolores ayant 5 m\u00e9dailles d&rsquo;or europ\u00e9ennes individuelles.<\/p>\n<ul>\n<li style=\"text-align: justify;\"><strong>Catherine Pierre<\/strong>: deux fois en 1975, 1976, 1977, 1980<\/li>\n<li style=\"text-align: justify;\"><strong>Jocelyne Triadou<\/strong>: 1977, 1979, 1980, 1981, 1982<\/li>\n<li style=\"text-align: justify;\"><strong>C\u00e9line Lebrun<\/strong>: 1999, 2000, 2001, 2002, 2005<\/li>\n<li style=\"text-align: justify;\"><strong>G\u00e9vrise Emane<\/strong>: 2006, 2007, 2011, 2012, 2016<\/li>\n<li style=\"text-align: justify;\"><strong>Teddy Riner<\/strong>: 2007, 2011, 2013, 2014, 2016<\/li>\n<li style=\"text-align: justify;\"><strong>Clarisse Agbegnenou<\/strong>: 2013, 2014, 2018, 2019, 2020<\/li>\n<\/ul>\n<p style=\"text-align: justify;\">On peut ajouter \u00e0 ces 6 judokas, 10 Fran\u00e7ais-es quadruples champions et 14 autres triples vainqueurs en individuel. Depuis la cr\u00e9ation des championnats d&rsquo;Europe, la France a vu 95 de ses judoka(tes) remporter un titre individuel, un record.<\/p>\n<blockquote class=\"twitter-tweet\">\n<p dir=\"ltr\" lang=\"fr\">Cinqui\u00e8me titre europ\u00e9en pour Clarisse Agbegnenou ! &#x1f4aa;&#x1f1eb;&#x1f1f7; <a href=\"https:\/\/twitter.com\/hashtag\/JudoPrague2020?src=hash&amp;ref_src=twsrc%5Etfw\">#JudoPrague2020<\/a><a href=\"https:\/\/t.co\/ncExXx5whL\">https:\/\/t.co\/ncExXx5whL<\/a><\/p>\n<p>\u2014 Dicodusport &#x2b50;&#x2b50; (@dicodusport) <a href=\"https:\/\/twitter.com\/dicodusport\/status\/1329809394771632135?ref_src=twsrc%5Etfw\">November 20, 2020<\/a><\/p><\/blockquote>\n<p><script async src=\"https:\/\/platform.twitter.com\/widgets.js\" charset=\"utf-8\"><\/script><\/p>\n<h2 style=\"text-align: justify;\">Des records \u00e0 la pelle<\/h2>\n<h3 style=\"text-align: justify;\"><strong>Par \u00e9quipes<\/strong><\/h3>\n<p style=\"text-align: justify;\">Apr\u00e8s avoir \u00e9voqu\u00e9 les statistiques individuelles, int\u00e9ressons-nous aux \u00e9preuves par \u00e9quipes. <strong>L&rsquo;\u00e9quipe masculine s&rsquo;est impos\u00e9e \u00e0 19 reprises, trois de plus que l&rsquo;Union Sovi\u00e9tique<\/strong>. <strong>Les femmes, elles, \u00e9crasent le classement. En 32 \u00e9ditions, les Fran\u00e7aises se sont impos\u00e9es 20 fois !<\/strong> Que ce soit par sexe ou au total (39 titres), aucune nation ne fait mieux. En revanche, il manque encore un titre par \u00e9quipes mixte. La meilleure performance dans cet exercice est une m\u00e9daille de bronze en 2019.<\/p>\n<h3 style=\"text-align: justify;\"><strong>Meilleure nation des championnats<\/strong><\/h3>\n<p style=\"text-align: justify;\">Sur les 35 championnats exclusivement masculins, les Fran\u00e7ais ont termin\u00e9 meilleure nation \u00e0 9 reprises. Seuls les Sovi\u00e9tiques font mieux avec 17 victoires. Lors des 12 championnats f\u00e9minins, les Fran\u00e7aises se sont impos\u00e9es 4 fois. C&rsquo;est cette fois l&rsquo;Allemagne de l&rsquo;Ouest qui fait mieux gr\u00e2ce \u00e0 leurs 6 victoires.<\/p>\n<p style=\"text-align: justify;\">Depuis 1987, les femmes et les hommes concourent lors d&rsquo;un m\u00eame \u00e9v\u00e8nement, dans la m\u00eame ville. <strong>Chiffre totalement fou, la France a remport\u00e9 17 des 34 \u00e9ditions r\u00e9unifi\u00e9es, c&rsquo;est-\u00e0-dire la moiti\u00e9 \u00e0 elle seule !<\/strong> La France a notamment gagn\u00e9 \u00e0 deux reprises quatre championnats de suite entre 1987 et 1990, mais aussi entre 2013 et 2016. Une domination qui se traduit aussi au nombre d&rsquo;organisations des championnats d&rsquo;Europe dans l&rsquo;Hexagone. <strong>La France a accueilli par neuf fois l&rsquo;\u00e9v\u00e8nement, ce qui constitue un autre record.<\/strong><\/p>\n<ul>\n<li>Championnats masculins: 1951, 1952, 1955, 1975, 1983<\/li>\n<li>Championnats r\u00e9unifi\u00e9s: 1987, 1992, 2001, 2014<\/li>\n<\/ul>\n<h3 style=\"text-align: justify;\"><strong>Les m\u00e9dailles<\/strong><\/h3>\n<p style=\"text-align: justify;\">S\u00fbrement le point le plus parlant et int\u00e9ressant, le nombre de m\u00e9dailles. Tout d&rsquo;abord, <strong>le record de m\u00e9dailles d&rsquo;or lors d&rsquo;un championnat r\u00e9unifi\u00e9 est d\u00e9tenu par&#8230; la France !<\/strong> En effet, en 1987, 1990 et 2014, les judoka(tes) tricolores ont rapport\u00e9 6 titres europ\u00e9ens individuels. Le record du nombre de m\u00e9dailles au total lors d&rsquo;un championnat mixte est aussi propri\u00e9t\u00e9 fran\u00e7aise. En 1987 et en 2014, les Tricolores ont d\u00e9croch\u00e9 13 m\u00e9dailles individuelles. \u00c0 noter que lors de ces deux championnats, la comp\u00e9tition se d\u00e9roulait \u00e0 Paris puis \u00e0 Montpellier.<\/p>\n<p style=\"text-align: justify;\">Vous vous en doutez bien, au classement des m\u00e9dailles totales individuelles, <strong>la France \u00e9crase la concurrence<\/strong>. Premi\u00e8re avec 553 m\u00e9dailles dont 194 m\u00e9dailles d&rsquo;or, tr\u00e8s loin de la seconde nation, les Pays-Bas et leurs 304 m\u00e9dailles pour 95 titres. Ces prochains jours, les Fran\u00e7ais auront l&rsquo;occasion de passer la barre des 200 titres individuels !<\/p>\n<p><strong><em>Maxime Boulard<br \/>\n<a href=\"https:\/\/www.facebook.com\/Max.Bld2\/\" target=\"_blank\" rel=\"noopener noreferrer\"><img loading=\"lazy\" decoding=\"async\" class=\"alignnone wp-image-2909 jetpack-lazy-image jetpack-lazy-image--handled\" src=\"https:\/\/i2.wp.com\/dicodusport.fr\/blog\/wp-content\/uploads\/2017\/07\/logo-facebook-150x150.png?resize=40%2C40\" alt=\"\" width=\"40\" height=\"40\" data-lazy-loaded=\"1\" \/><\/a><a href=\"https:\/\/twitter.com\/MaximeB_2\" target=\"_blank\" rel=\"noopener noreferrer\"><img loading=\"lazy\" decoding=\"async\" class=\"alignnone wp-image-2908 jetpack-lazy-image jetpack-lazy-image--handled\" src=\"https:\/\/i1.wp.com\/dicodusport.fr\/blog\/wp-content\/uploads\/2017\/07\/logo-twitter-150x150.png?resize=39%2C39\" alt=\"\" width=\"39\" height=\"39\" data-lazy-loaded=\"1\" \/><\/a><\/em><\/strong><\/p>\n","protected":false},"excerpt":{"rendered":"<p>CHAMPIONNATS D&rsquo;EUROPE DE JUDO &#8211; A quelques heures des 70\u00e8me championnats d&rsquo;Europe de judo qui se d\u00e9rouleront \u00e0 partir de demain jusqu&rsquo;au 18 avril, revenons sur les performances fran\u00e7aises. R\u00e9unifi\u00e9s depuis 35 ans, les championnats masculin et f\u00e9minin ont \u00e9norm\u00e9ment r\u00e9ussi aux Fran\u00e7ais.<\/p>\n","protected":false},"author":43,"featured_media":121793,"comment_status":"open","ping_status":"closed","sticky":false,"template":"","format":"standard","meta":{"_acf_changed":false,"_daextam_enable_autolinks":"","footnotes":""},"categories":[8651],"tags":[12310,1788,30,24,1787],"class_list":["post-120648","post","type-post","status-publish","format-standard","has-post-thumbnail","hentry","category-judo","tag-championnats-deurope-de-judo","tag-clarisse-agbegnenou","tag-france","tag-sport","tag-teddy-riner"],"acf":[],"yoast_head":"<!-- This site is optimized with the Yoast SEO Premium plugin v26.7 (Yoast SEO v26.7) - https:\/\/yoast.com\/wordpress\/plugins\/seo\/ -->\n<title>Championnats d&#039;Europe de judo : la France, nation de tous les records<\/title>\n<meta name=\"description\" content=\"A quelques jours des Championnats d&#039;Europe de judo, voici quelques chiffres impressionnant des Fran\u00e7ais dans la comp\u00e9tition.\" \/>\n<meta name=\"robots\" content=\"index, follow, max-snippet:-1, max-image-preview:large, max-video-preview:-1\" \/>\n<link rel=\"canonical\" href=\"https:\/\/dicodusport.fr\/blog\/championnats-d-europe-de-judo-la-france-nation-de-tous-les-records\/\" \/>\n<meta property=\"og:locale\" content=\"fr_FR\" \/>\n<meta property=\"og:type\" content=\"article\" \/>\n<meta property=\"og:title\" content=\"Championnats d&#039;Europe de judo : la France, nation de tous les records\" \/>\n<meta property=\"og:description\" content=\"A quelques jours des Championnats d&#039;Europe de judo, voici quelques chiffres impressionnant des Fran\u00e7ais dans la comp\u00e9tition.\" \/>\n<meta property=\"og:url\" content=\"https:\/\/dicodusport.fr\/blog\/championnats-d-europe-de-judo-la-france-nation-de-tous-les-records\/\" \/>\n<meta property=\"og:site_name\" content=\"Dicodusport\" \/>\n<meta property=\"article:publisher\" content=\"https:\/\/www.facebook.com\/dicodusport\" \/>\n<meta property=\"article:author\" content=\"https:\/\/www.facebook.com\/Max.Bld2\/\" \/>\n<meta property=\"article:published_time\" content=\"2021-04-15T16:23:46+00:00\" \/>\n<meta property=\"article:modified_time\" content=\"2021-04-15T16:32:28+00:00\" \/>\n<meta property=\"og:image\" content=\"https:\/\/dicodusport.fr\/blog\/wp-content\/uploads\/2021\/04\/Championnats-dEurope-de-judo-La-France-nation-de-tous-les-records.png\" \/>\n\t<meta property=\"og:image:width\" content=\"800\" \/>\n\t<meta property=\"og:image:height\" content=\"445\" \/>\n\t<meta property=\"og:image:type\" content=\"image\/png\" \/>\n<meta name=\"author\" content=\"Maxime Boulard\" \/>\n<meta name=\"twitter:card\" content=\"summary_large_image\" \/>\n<meta name=\"twitter:title\" content=\"Championnats d&#039;Europe de judo : la France, nation de tous les records\" \/>\n<meta name=\"twitter:creator\" content=\"@https:\/\/twitter.com\/MaximeB_2\" \/>\n<meta name=\"twitter:site\" content=\"@dicodusport\" \/>\n<script type=\"application\/ld+json\" class=\"yoast-schema-graph\">{\"@context\":\"https:\/\/schema.org\",\"@graph\":[{\"@type\":\"NewsArticle\",\"@id\":\"https:\/\/dicodusport.fr\/blog\/championnats-d-europe-de-judo-la-france-nation-de-tous-les-records\/#article\",\"isPartOf\":{\"@id\":\"https:\/\/dicodusport.fr\/blog\/championnats-d-europe-de-judo-la-france-nation-de-tous-les-records\/\"},\"author\":{\"name\":\"Maxime Boulard\",\"@id\":\"https:\/\/dicodusport.fr\/blog\/#\/schema\/person\/5aab10ee856e86ac63e9819a9da34784\"},\"headline\":\"Championnats d&rsquo;Europe de judo : la France, nation de tous les records\",\"datePublished\":\"2021-04-15T16:23:46+00:00\",\"dateModified\":\"2021-04-15T16:32:28+00:00\",\"mainEntityOfPage\":{\"@id\":\"https:\/\/dicodusport.fr\/blog\/championnats-d-europe-de-judo-la-france-nation-de-tous-les-records\/\"},\"wordCount\":656,\"commentCount\":0,\"publisher\":{\"@id\":\"https:\/\/dicodusport.fr\/blog\/#organization\"},\"image\":{\"@id\":\"https:\/\/dicodusport.fr\/blog\/championnats-d-europe-de-judo-la-france-nation-de-tous-les-records\/#primaryimage\"},\"thumbnailUrl\":\"https:\/\/dicodusport.fr\/blog\/wp-content\/uploads\/2021\/04\/Championnats-dEurope-de-judo-La-France-nation-de-tous-les-records.png\",\"keywords\":[\"Championnats d'Europe de judo\",\"Clarisse Agbegnenou\",\"France\",\"sport\",\"Teddy Riner\"],\"articleSection\":[\"Judo\"],\"inLanguage\":\"fr-FR\",\"potentialAction\":[{\"@type\":\"CommentAction\",\"name\":\"Comment\",\"target\":[\"https:\/\/dicodusport.fr\/blog\/championnats-d-europe-de-judo-la-france-nation-de-tous-les-records\/#respond\"]}],\"copyrightYear\":\"2021\",\"copyrightHolder\":{\"@id\":\"https:\/\/dicodusport.fr\/blog\/#organization\"}},{\"@type\":\"WebPage\",\"@id\":\"https:\/\/dicodusport.fr\/blog\/championnats-d-europe-de-judo-la-france-nation-de-tous-les-records\/\",\"url\":\"https:\/\/dicodusport.fr\/blog\/championnats-d-europe-de-judo-la-france-nation-de-tous-les-records\/\",\"name\":\"Championnats d'Europe de judo : la France, nation de tous les records\",\"isPartOf\":{\"@id\":\"https:\/\/dicodusport.fr\/blog\/#website\"},\"primaryImageOfPage\":{\"@id\":\"https:\/\/dicodusport.fr\/blog\/championnats-d-europe-de-judo-la-france-nation-de-tous-les-records\/#primaryimage\"},\"image\":{\"@id\":\"https:\/\/dicodusport.fr\/blog\/championnats-d-europe-de-judo-la-france-nation-de-tous-les-records\/#primaryimage\"},\"thumbnailUrl\":\"https:\/\/dicodusport.fr\/blog\/wp-content\/uploads\/2021\/04\/Championnats-dEurope-de-judo-La-France-nation-de-tous-les-records.png\",\"datePublished\":\"2021-04-15T16:23:46+00:00\",\"dateModified\":\"2021-04-15T16:32:28+00:00\",\"description\":\"A quelques jours des Championnats d'Europe de judo, voici quelques chiffres impressionnant des Fran\u00e7ais dans la comp\u00e9tition.\",\"breadcrumb\":{\"@id\":\"https:\/\/dicodusport.fr\/blog\/championnats-d-europe-de-judo-la-france-nation-de-tous-les-records\/#breadcrumb\"},\"inLanguage\":\"fr-FR\",\"potentialAction\":[{\"@type\":\"ReadAction\",\"target\":[\"https:\/\/dicodusport.fr\/blog\/championnats-d-europe-de-judo-la-france-nation-de-tous-les-records\/\"]}]},{\"@type\":\"ImageObject\",\"inLanguage\":\"fr-FR\",\"@id\":\"https:\/\/dicodusport.fr\/blog\/championnats-d-europe-de-judo-la-france-nation-de-tous-les-records\/#primaryimage\",\"url\":\"https:\/\/dicodusport.fr\/blog\/wp-content\/uploads\/2021\/04\/Championnats-dEurope-de-judo-La-France-nation-de-tous-les-records.png\",\"contentUrl\":\"https:\/\/dicodusport.fr\/blog\/wp-content\/uploads\/2021\/04\/Championnats-dEurope-de-judo-La-France-nation-de-tous-les-records.png\",\"width\":800,\"height\":445,\"caption\":\"Championnats d'Europe de judo - La France, nation de tous les records\"},{\"@type\":\"BreadcrumbList\",\"@id\":\"https:\/\/dicodusport.fr\/blog\/championnats-d-europe-de-judo-la-france-nation-de-tous-les-records\/#breadcrumb\",\"itemListElement\":[{\"@type\":\"ListItem\",\"position\":1,\"name\":\"Accueil\",\"item\":\"https:\/\/dicodusport.fr\/blog\/\"},{\"@type\":\"ListItem\",\"position\":2,\"name\":\"Championnats d&rsquo;Europe de judo : la France, nation de tous les records\"}]},{\"@type\":\"WebSite\",\"@id\":\"https:\/\/dicodusport.fr\/blog\/#website\",\"url\":\"https:\/\/dicodusport.fr\/blog\/\",\"name\":\"Dicodusport\",\"description\":\"L&#039;encyclop\u00e9die de l&#039;actualit\u00e9 sportive\",\"publisher\":{\"@id\":\"https:\/\/dicodusport.fr\/blog\/#organization\"},\"potentialAction\":[{\"@type\":\"SearchAction\",\"target\":{\"@type\":\"EntryPoint\",\"urlTemplate\":\"https:\/\/dicodusport.fr\/blog\/?s={search_term_string}\"},\"query-input\":{\"@type\":\"PropertyValueSpecification\",\"valueRequired\":true,\"valueName\":\"search_term_string\"}}],\"inLanguage\":\"fr-FR\"},{\"@type\":\"NewsMediaOrganization\",\"@id\":\"https:\/\/dicodusport.fr\/blog\/#organization\",\"name\":\"Dicodusport\",\"url\":\"https:\/\/dicodusport.fr\/blog\/\",\"logo\":{\"@type\":\"ImageObject\",\"inLanguage\":\"fr-FR\",\"@id\":\"https:\/\/dicodusport.fr\/blog\/#\/schema\/logo\/image\/\",\"url\":\"https:\/\/dicodusport.fr\/blog\/wp-content\/uploads\/2020\/06\/cropped-LOGO-DICODUSPORT-2020-SANS-FOND-SANS-TEXTE.png\",\"contentUrl\":\"https:\/\/dicodusport.fr\/blog\/wp-content\/uploads\/2020\/06\/cropped-LOGO-DICODUSPORT-2020-SANS-FOND-SANS-TEXTE.png\",\"width\":512,\"height\":512,\"caption\":\"Dicodusport\"},\"image\":{\"@id\":\"https:\/\/dicodusport.fr\/blog\/#\/schema\/logo\/image\/\"},\"sameAs\":[\"https:\/\/www.facebook.com\/dicodusport\",\"https:\/\/x.com\/dicodusport\",\"https:\/\/www.instagram.com\/dicodusport\/\",\"https:\/\/www.youtube.com\/channel\/UC7V2KZ5sd3htJivAbA4ZG3w\"],\"description\":\"Dicodusport est l'encyclop\u00e9die de l'actualit\u00e9 sportive.\",\"email\":\"bonjour@dicodusport.fr\",\"legalName\":\"DICODUSPORT\",\"foundingDate\":\"2018-01-14\",\"vatID\":\"FR71834470973\",\"taxID\":\"83447097300043\",\"numberOfEmployees\":{\"@type\":\"QuantitativeValue\",\"minValue\":\"1\",\"maxValue\":\"10\"}},{\"@type\":\"Person\",\"@id\":\"https:\/\/dicodusport.fr\/blog\/#\/schema\/person\/5aab10ee856e86ac63e9819a9da34784\",\"name\":\"Maxime Boulard\",\"image\":{\"@type\":\"ImageObject\",\"inLanguage\":\"fr-FR\",\"@id\":\"https:\/\/dicodusport.fr\/blog\/#\/schema\/person\/image\/\",\"url\":\"https:\/\/dicodusport.fr\/blog\/wp-content\/uploads\/2021\/05\/Maxime-Boulard-150x150.jpg\",\"contentUrl\":\"https:\/\/dicodusport.fr\/blog\/wp-content\/uploads\/2021\/05\/Maxime-Boulard-150x150.jpg\",\"caption\":\"Maxime Boulard\"},\"description\":\"Journaliste\/r\u00e9dacteur depuis octobre 2020 - Si mon plus vieux souvenir de sport aurait pu m'en d\u00e9go\u00fbter, la finale de la Coupe du monde 2006 a \u00e9t\u00e9 tout le contraire. V\u00e9ritable d\u00e9clencheur d'une passion qui aujourd'hui ne fait que grandir avec le temps, mon leitmotiv est la France qui brille ! Je relate les exploits pass\u00e9s et pr\u00e9sents du sport bleu-blanc-rouge sans m\u00e9nagement depuis octobre 2020. Sport valide ou handisport, aucune diff\u00e9rence, il n'y a que du sport et plusieurs fa\u00e7ons de le pratiquer.\",\"sameAs\":[\"https:\/\/www.facebook.com\/Max.Bld2\/\",\"https:\/\/x.com\/https:\/\/twitter.com\/MaximeB_2\"],\"url\":\"https:\/\/dicodusport.fr\/blog\/author\/maxime-b\/\"}]}<\/script>\n<!-- \/ Yoast SEO Premium plugin. -->","yoast_head_json":{"title":"Championnats d'Europe de judo : la France, nation de tous les records","description":"A quelques jours des Championnats d'Europe de judo, voici quelques chiffres impressionnant des Fran\u00e7ais dans la comp\u00e9tition.","robots":{"index":"index","follow":"follow","max-snippet":"max-snippet:-1","max-image-preview":"max-image-preview:large","max-video-preview":"max-video-preview:-1"},"canonical":"https:\/\/dicodusport.fr\/blog\/championnats-d-europe-de-judo-la-france-nation-de-tous-les-records\/","og_locale":"fr_FR","og_type":"article","og_title":"Championnats d'Europe de judo : la France, nation de tous les records","og_description":"A quelques jours des Championnats d'Europe de judo, voici quelques chiffres impressionnant des Fran\u00e7ais dans la comp\u00e9tition.","og_url":"https:\/\/dicodusport.fr\/blog\/championnats-d-europe-de-judo-la-france-nation-de-tous-les-records\/","og_site_name":"Dicodusport","article_publisher":"https:\/\/www.facebook.com\/dicodusport","article_author":"https:\/\/www.facebook.com\/Max.Bld2\/","article_published_time":"2021-04-15T16:23:46+00:00","article_modified_time":"2021-04-15T16:32:28+00:00","og_image":[{"width":800,"height":445,"url":"https:\/\/dicodusport.fr\/blog\/wp-content\/uploads\/2021\/04\/Championnats-dEurope-de-judo-La-France-nation-de-tous-les-records.png","type":"image\/png"}],"author":"Maxime Boulard","twitter_card":"summary_large_image","twitter_title":"Championnats d'Europe de judo : la France, nation de tous les records","twitter_creator":"@https:\/\/twitter.com\/MaximeB_2","twitter_site":"@dicodusport","schema":{"@context":"https:\/\/schema.org","@graph":[{"@type":"NewsArticle","@id":"https:\/\/dicodusport.fr\/blog\/championnats-d-europe-de-judo-la-france-nation-de-tous-les-records\/#article","isPartOf":{"@id":"https:\/\/dicodusport.fr\/blog\/championnats-d-europe-de-judo-la-france-nation-de-tous-les-records\/"},"author":{"name":"Maxime Boulard","@id":"https:\/\/dicodusport.fr\/blog\/#\/schema\/person\/5aab10ee856e86ac63e9819a9da34784"},"headline":"Championnats d&rsquo;Europe de judo : la France, nation de tous les records","datePublished":"2021-04-15T16:23:46+00:00","dateModified":"2021-04-15T16:32:28+00:00","mainEntityOfPage":{"@id":"https:\/\/dicodusport.fr\/blog\/championnats-d-europe-de-judo-la-france-nation-de-tous-les-records\/"},"wordCount":656,"commentCount":0,"publisher":{"@id":"https:\/\/dicodusport.fr\/blog\/#organization"},"image":{"@id":"https:\/\/dicodusport.fr\/blog\/championnats-d-europe-de-judo-la-france-nation-de-tous-les-records\/#primaryimage"},"thumbnailUrl":"https:\/\/dicodusport.fr\/blog\/wp-content\/uploads\/2021\/04\/Championnats-dEurope-de-judo-La-France-nation-de-tous-les-records.png","keywords":["Championnats d'Europe de judo","Clarisse Agbegnenou","France","sport","Teddy Riner"],"articleSection":["Judo"],"inLanguage":"fr-FR","potentialAction":[{"@type":"CommentAction","name":"Comment","target":["https:\/\/dicodusport.fr\/blog\/championnats-d-europe-de-judo-la-france-nation-de-tous-les-records\/#respond"]}],"copyrightYear":"2021","copyrightHolder":{"@id":"https:\/\/dicodusport.fr\/blog\/#organization"}},{"@type":"WebPage","@id":"https:\/\/dicodusport.fr\/blog\/championnats-d-europe-de-judo-la-france-nation-de-tous-les-records\/","url":"https:\/\/dicodusport.fr\/blog\/championnats-d-europe-de-judo-la-france-nation-de-tous-les-records\/","name":"Championnats d'Europe de judo : la France, nation de tous les records","isPartOf":{"@id":"https:\/\/dicodusport.fr\/blog\/#website"},"primaryImageOfPage":{"@id":"https:\/\/dicodusport.fr\/blog\/championnats-d-europe-de-judo-la-france-nation-de-tous-les-records\/#primaryimage"},"image":{"@id":"https:\/\/dicodusport.fr\/blog\/championnats-d-europe-de-judo-la-france-nation-de-tous-les-records\/#primaryimage"},"thumbnailUrl":"https:\/\/dicodusport.fr\/blog\/wp-content\/uploads\/2021\/04\/Championnats-dEurope-de-judo-La-France-nation-de-tous-les-records.png","datePublished":"2021-04-15T16:23:46+00:00","dateModified":"2021-04-15T16:32:28+00:00","description":"A quelques jours des Championnats d'Europe de judo, voici quelques chiffres impressionnant des Fran\u00e7ais dans la comp\u00e9tition.","breadcrumb":{"@id":"https:\/\/dicodusport.fr\/blog\/championnats-d-europe-de-judo-la-france-nation-de-tous-les-records\/#breadcrumb"},"inLanguage":"fr-FR","potentialAction":[{"@type":"ReadAction","target":["https:\/\/dicodusport.fr\/blog\/championnats-d-europe-de-judo-la-france-nation-de-tous-les-records\/"]}]},{"@type":"ImageObject","inLanguage":"fr-FR","@id":"https:\/\/dicodusport.fr\/blog\/championnats-d-europe-de-judo-la-france-nation-de-tous-les-records\/#primaryimage","url":"https:\/\/dicodusport.fr\/blog\/wp-content\/uploads\/2021\/04\/Championnats-dEurope-de-judo-La-France-nation-de-tous-les-records.png","contentUrl":"https:\/\/dicodusport.fr\/blog\/wp-content\/uploads\/2021\/04\/Championnats-dEurope-de-judo-La-France-nation-de-tous-les-records.png","width":800,"height":445,"caption":"Championnats d'Europe de judo - La France, nation de tous les records"},{"@type":"BreadcrumbList","@id":"https:\/\/dicodusport.fr\/blog\/championnats-d-europe-de-judo-la-france-nation-de-tous-les-records\/#breadcrumb","itemListElement":[{"@type":"ListItem","position":1,"name":"Accueil","item":"https:\/\/dicodusport.fr\/blog\/"},{"@type":"ListItem","position":2,"name":"Championnats d&rsquo;Europe de judo : la France, nation de tous les records"}]},{"@type":"WebSite","@id":"https:\/\/dicodusport.fr\/blog\/#website","url":"https:\/\/dicodusport.fr\/blog\/","name":"Dicodusport","description":"L&#039;encyclop\u00e9die de l&#039;actualit\u00e9 sportive","publisher":{"@id":"https:\/\/dicodusport.fr\/blog\/#organization"},"potentialAction":[{"@type":"SearchAction","target":{"@type":"EntryPoint","urlTemplate":"https:\/\/dicodusport.fr\/blog\/?s={search_term_string}"},"query-input":{"@type":"PropertyValueSpecification","valueRequired":true,"valueName":"search_term_string"}}],"inLanguage":"fr-FR"},{"@type":"NewsMediaOrganization","@id":"https:\/\/dicodusport.fr\/blog\/#organization","name":"Dicodusport","url":"https:\/\/dicodusport.fr\/blog\/","logo":{"@type":"ImageObject","inLanguage":"fr-FR","@id":"https:\/\/dicodusport.fr\/blog\/#\/schema\/logo\/image\/","url":"https:\/\/dicodusport.fr\/blog\/wp-content\/uploads\/2020\/06\/cropped-LOGO-DICODUSPORT-2020-SANS-FOND-SANS-TEXTE.png","contentUrl":"https:\/\/dicodusport.fr\/blog\/wp-content\/uploads\/2020\/06\/cropped-LOGO-DICODUSPORT-2020-SANS-FOND-SANS-TEXTE.png","width":512,"height":512,"caption":"Dicodusport"},"image":{"@id":"https:\/\/dicodusport.fr\/blog\/#\/schema\/logo\/image\/"},"sameAs":["https:\/\/www.facebook.com\/dicodusport","https:\/\/x.com\/dicodusport","https:\/\/www.instagram.com\/dicodusport\/","https:\/\/www.youtube.com\/channel\/UC7V2KZ5sd3htJivAbA4ZG3w"],"description":"Dicodusport est l'encyclop\u00e9die de l'actualit\u00e9 sportive.","email":"bonjour@dicodusport.fr","legalName":"DICODUSPORT","foundingDate":"2018-01-14","vatID":"FR71834470973","taxID":"83447097300043","numberOfEmployees":{"@type":"QuantitativeValue","minValue":"1","maxValue":"10"}},{"@type":"Person","@id":"https:\/\/dicodusport.fr\/blog\/#\/schema\/person\/5aab10ee856e86ac63e9819a9da34784","name":"Maxime Boulard","image":{"@type":"ImageObject","inLanguage":"fr-FR","@id":"https:\/\/dicodusport.fr\/blog\/#\/schema\/person\/image\/","url":"https:\/\/dicodusport.fr\/blog\/wp-content\/uploads\/2021\/05\/Maxime-Boulard-150x150.jpg","contentUrl":"https:\/\/dicodusport.fr\/blog\/wp-content\/uploads\/2021\/05\/Maxime-Boulard-150x150.jpg","caption":"Maxime Boulard"},"description":"Journaliste\/r\u00e9dacteur depuis octobre 2020 - Si mon plus vieux souvenir de sport aurait pu m'en d\u00e9go\u00fbter, la finale de la Coupe du monde 2006 a \u00e9t\u00e9 tout le contraire. V\u00e9ritable d\u00e9clencheur d'une passion qui aujourd'hui ne fait que grandir avec le temps, mon leitmotiv est la France qui brille ! Je relate les exploits pass\u00e9s et pr\u00e9sents du sport bleu-blanc-rouge sans m\u00e9nagement depuis octobre 2020. Sport valide ou handisport, aucune diff\u00e9rence, il n'y a que du sport et plusieurs fa\u00e7ons de le pratiquer.","sameAs":["https:\/\/www.facebook.com\/Max.Bld2\/","https:\/\/x.com\/https:\/\/twitter.com\/MaximeB_2"],"url":"https:\/\/dicodusport.fr\/blog\/author\/maxime-b\/"}]}},"_links":{"self":[{"href":"https:\/\/dicodusport.fr\/blog\/wp-json\/wp\/v2\/posts\/120648","targetHints":{"allow":["GET"]}}],"collection":[{"href":"https:\/\/dicodusport.fr\/blog\/wp-json\/wp\/v2\/posts"}],"about":[{"href":"https:\/\/dicodusport.fr\/blog\/wp-json\/wp\/v2\/types\/post"}],"author":[{"embeddable":true,"href":"https:\/\/dicodusport.fr\/blog\/wp-json\/wp\/v2\/users\/43"}],"replies":[{"embeddable":true,"href":"https:\/\/dicodusport.fr\/blog\/wp-json\/wp\/v2\/comments?post=120648"}],"version-history":[{"count":0,"href":"https:\/\/dicodusport.fr\/blog\/wp-json\/wp\/v2\/posts\/120648\/revisions"}],"wp:featuredmedia":[{"embeddable":true,"href":"https:\/\/dicodusport.fr\/blog\/wp-json\/wp\/v2\/media\/121793"}],"wp:attachment":[{"href":"https:\/\/dicodusport.fr\/blog\/wp-json\/wp\/v2\/media?parent=120648"}],"wp:term":[{"taxonomy":"category","embeddable":true,"href":"https:\/\/dicodusport.fr\/blog\/wp-json\/wp\/v2\/categories?post=120648"},{"taxonomy":"post_tag","embeddable":true,"href":"https:\/\/dicodusport.fr\/blog\/wp-json\/wp\/v2\/tags?post=120648"}],"curies":[{"name":"wp","href":"https:\/\/api.w.org\/{rel}","templated":true}]}}