{"id":121560,"date":"2021-04-15T08:00:46","date_gmt":"2021-04-15T06:00:46","guid":{"rendered":"https:\/\/dicodusport.fr\/blog\/?p=121560"},"modified":"2021-04-15T08:11:44","modified_gmt":"2021-04-15T06:11:44","slug":"15-avril-1993-le-csp-limoges-entre-dans-lhistoire","status":"publish","type":"post","link":"https:\/\/dicodusport.fr\/blog\/15-avril-1993-le-csp-limoges-entre-dans-lhistoire\/","title":{"rendered":"15 avril 1993 : Le CSP Limoges entre dans l\u2019histoire"},"content":{"rendered":"<p style=\"text-align: justify;\"><em><strong><a href=\"https:\/\/dicodusport.fr\/definition-sport\/basket-ball\/\">BASKET-BALL<\/a> &#8211; Que la route a \u00e9t\u00e9 longue pour Limoges dans cette Coupe d\u2019Europe. Longue et pleine d\u2019obstacles. Voil\u00e0 s\u00fbrement ce qui rend la victoire encore plus belle en ce 15 avril 1993.<\/strong> <\/em><\/p>\n<h2 style=\"text-align: justify;\">\u00c7a s&rsquo;est pass\u00e9 le 15 avril 1993<\/h2>\n<p style=\"text-align: justify;\">Seconds de leur groupe, les Limougeauds ont d\u2019abord d\u00fb batailler pour acc\u00e9der au dernier carr\u00e9. Une qualification acquise au d\u00e9triment de l\u2019Olympiakos apr\u00e8s trois rencontres et le club fran\u00e7ais doit \u00e0 pr\u00e9sent affronter le Real, alors sept fois vainqueur de la comp\u00e9tition et grand favori. Mais ce dernier n\u2019inscrit pas plus de 52 points au cours du match, parfaitement musel\u00e9 par les joueurs de Bozidar Malkjovic. Dix points de plus pour Limoges qui acc\u00e8de \u00e0 la finale. Tout est alors possible, mais c\u2019est encore un monstre qui attend le regrett\u00e9 Fr\u00e9d\u00e9ric Forte et ses co\u00e9quipiers, le Benetton Tr\u00e9vise.<\/p>\n<p style=\"text-align: justify;\">Et la partie commence mal. A la pause le CSP est men\u00e9 de six points. Un \u00e9cart qui se r\u00e9duit peu \u00e0 peu au retour des vestiaires avec un Michael Young en feu et une d\u00e9fense presque infranchissable. A quelques secondes de la fin, Limoges m\u00e8ne 57-55 mais c\u2019est Tr\u00e9vise qui a la possession. Toni Kukoc prend alors sa chance -et il a de grandes chances de marquer- mais Forte intercepte. Deux lancers francs convertis plus tard pour les Limougeauds, ces derniers peuvent laisser \u00e9clater leur joie. Ils viennent vraiment de r\u00e9aliser quelque chose d\u2019immense\u00a0! Devenant ainsi le premier club fran\u00e7ais, tous sports confondus, \u00e0 d\u00e9crocher un titre de Champion d\u2019Europe, Limoges entre dans l\u2019histoire.<\/p>\n<p>&nbsp;<\/p>\n<p style=\"text-align: justify;\"><strong>Info\u00a0:<\/strong> La m\u00eame ann\u00e9e, le SCP a \u00e9galement d\u00e9croch\u00e9 un nouveau titre de champion de France. Un peu plus d\u2019un mois plus tard, un second club tricolore soulevait un troph\u00e9e europ\u00e9en. C\u2019\u00e9tait dans un sport diff\u00e9rent, au football, et c\u2019\u00e9tait l\u2019Olympique de Marseille en Ligue des Champions. Mais de \u00e7a, nous en reparlerons\u2026<\/p>\n<p><em><strong>Sophie Clapier<\/strong><br \/>\n<\/em><a href=\"https:\/\/twitter.com\/soocube\" target=\"_blank\" rel=\"noopener noreferrer\"><img loading=\"lazy\" decoding=\"async\" class=\"alignnone wp-image-2908\" src=\"http:\/\/dicodusport.fr\/blog\/wp-content\/uploads\/2017\/07\/logo-twitter-150x150.png\" alt=\"\" width=\"39\" height=\"39\" \/><\/a><a href=\"https:\/\/www.facebook.com\/soocube\" target=\"_blank\" rel=\"noopener noreferrer\"><img loading=\"lazy\" decoding=\"async\" class=\"alignnone wp-image-2909\" src=\"http:\/\/dicodusport.fr\/blog\/wp-content\/uploads\/2017\/07\/logo-facebook-150x150.png\" alt=\"\" width=\"40\" height=\"40\" \/><\/a><\/p>\n","protected":false},"excerpt":{"rendered":"<p>Le 15 avril 1993, le CSP Limoges cr\u00e9ait l&rsquo;exploit et remportait l&rsquo;Euroligue, alors Coupe des Champions d&rsquo;Europe. Retour sur cet \u00e9v\u00e8nement.<\/p>\n","protected":false},"author":18,"featured_media":121564,"comment_status":"open","ping_status":"closed","sticky":false,"template":"","format":"standard","meta":{"_acf_changed":false,"_daextam_enable_autolinks":"","footnotes":""},"categories":[2305,8],"tags":[295,3830,15945],"class_list":["post-121560","post","type-post","status-publish","format-standard","has-post-thumbnail","hentry","category-basket-ball","category-histoire","tag-basket-ball","tag-coupe-deurope","tag-csp-limoges"],"acf":[],"yoast_head":"<!-- This site is optimized with the Yoast SEO Premium plugin v26.7 (Yoast SEO v26.7) - https:\/\/yoast.com\/wordpress\/plugins\/seo\/ -->\n<title>15 avril 1993 : Le CSP Limoges entre dans l\u2019histoire<\/title>\n<meta name=\"description\" content=\"Le 15 avril 1993, le CSP Limoges cr\u00e9ait l&#039;exploit et remportait l&#039;Euroligue, alors Coupe des Champions d&#039;Europe. Retour sur cet \u00e9v\u00e8nement.\" \/>\n<meta name=\"robots\" content=\"index, follow, max-snippet:-1, max-image-preview:large, max-video-preview:-1\" \/>\n<link rel=\"canonical\" href=\"https:\/\/dicodusport.fr\/blog\/15-avril-1993-le-csp-limoges-entre-dans-lhistoire\/\" \/>\n<meta property=\"og:locale\" content=\"fr_FR\" \/>\n<meta property=\"og:type\" content=\"article\" \/>\n<meta property=\"og:title\" content=\"15 avril 1993 : Le CSP Limoges entre dans l\u2019histoire\" \/>\n<meta property=\"og:description\" content=\"Le 15 avril 1993, le CSP Limoges cr\u00e9ait l&#039;exploit et remportait l&#039;Euroligue, alors Coupe des Champions d&#039;Europe. Retour sur cet \u00e9v\u00e8nement.\" \/>\n<meta property=\"og:url\" content=\"https:\/\/dicodusport.fr\/blog\/15-avril-1993-le-csp-limoges-entre-dans-lhistoire\/\" \/>\n<meta property=\"og:site_name\" content=\"Dicodusport\" \/>\n<meta property=\"article:publisher\" content=\"https:\/\/www.facebook.com\/dicodusport\" \/>\n<meta property=\"article:author\" content=\"https:\/\/www.facebook.com\/soocube\" \/>\n<meta property=\"article:published_time\" content=\"2021-04-15T06:00:46+00:00\" \/>\n<meta property=\"article:modified_time\" content=\"2021-04-15T06:11:44+00:00\" \/>\n<meta property=\"og:image\" content=\"https:\/\/dicodusport.fr\/blog\/wp-content\/uploads\/2021\/04\/15-avril-1993-Le-CSP-Limoges-entre-dans-lhistoire.png\" \/>\n\t<meta property=\"og:image:width\" content=\"800\" \/>\n\t<meta property=\"og:image:height\" content=\"445\" \/>\n\t<meta property=\"og:image:type\" content=\"image\/png\" \/>\n<meta name=\"author\" content=\"Sophie Clapier\" \/>\n<meta name=\"twitter:card\" content=\"summary_large_image\" \/>\n<meta name=\"twitter:title\" content=\"15 avril 1993 : Le CSP Limoges entre dans l\u2019histoire\" \/>\n<meta name=\"twitter:creator\" content=\"@https:\/\/twitter.com\/soocube\" \/>\n<meta name=\"twitter:site\" content=\"@dicodusport\" \/>\n<script type=\"application\/ld+json\" class=\"yoast-schema-graph\">{\"@context\":\"https:\/\/schema.org\",\"@graph\":[{\"@type\":\"NewsArticle\",\"@id\":\"https:\/\/dicodusport.fr\/blog\/15-avril-1993-le-csp-limoges-entre-dans-lhistoire\/#article\",\"isPartOf\":{\"@id\":\"https:\/\/dicodusport.fr\/blog\/15-avril-1993-le-csp-limoges-entre-dans-lhistoire\/\"},\"author\":{\"name\":\"Sophie Clapier\",\"@id\":\"https:\/\/dicodusport.fr\/blog\/#\/schema\/person\/416c975648aca9da8839bdfe333a21c9\"},\"headline\":\"15 avril 1993 : Le CSP Limoges entre dans l\u2019histoire\",\"datePublished\":\"2021-04-15T06:00:46+00:00\",\"dateModified\":\"2021-04-15T06:11:44+00:00\",\"mainEntityOfPage\":{\"@id\":\"https:\/\/dicodusport.fr\/blog\/15-avril-1993-le-csp-limoges-entre-dans-lhistoire\/\"},\"wordCount\":348,\"commentCount\":0,\"publisher\":{\"@id\":\"https:\/\/dicodusport.fr\/blog\/#organization\"},\"image\":{\"@id\":\"https:\/\/dicodusport.fr\/blog\/15-avril-1993-le-csp-limoges-entre-dans-lhistoire\/#primaryimage\"},\"thumbnailUrl\":\"https:\/\/dicodusport.fr\/blog\/wp-content\/uploads\/2021\/04\/15-avril-1993-Le-CSP-Limoges-entre-dans-lhistoire.png\",\"keywords\":[\"Basket-ball\",\"coupe d'europe\",\"CSP Limoges\"],\"articleSection\":[\"Basket-ball\",\"Histoire\"],\"inLanguage\":\"fr-FR\",\"potentialAction\":[{\"@type\":\"CommentAction\",\"name\":\"Comment\",\"target\":[\"https:\/\/dicodusport.fr\/blog\/15-avril-1993-le-csp-limoges-entre-dans-lhistoire\/#respond\"]}],\"copyrightYear\":\"2021\",\"copyrightHolder\":{\"@id\":\"https:\/\/dicodusport.fr\/blog\/#organization\"}},{\"@type\":\"WebPage\",\"@id\":\"https:\/\/dicodusport.fr\/blog\/15-avril-1993-le-csp-limoges-entre-dans-lhistoire\/\",\"url\":\"https:\/\/dicodusport.fr\/blog\/15-avril-1993-le-csp-limoges-entre-dans-lhistoire\/\",\"name\":\"15 avril 1993 : Le CSP Limoges entre dans l\u2019histoire\",\"isPartOf\":{\"@id\":\"https:\/\/dicodusport.fr\/blog\/#website\"},\"primaryImageOfPage\":{\"@id\":\"https:\/\/dicodusport.fr\/blog\/15-avril-1993-le-csp-limoges-entre-dans-lhistoire\/#primaryimage\"},\"image\":{\"@id\":\"https:\/\/dicodusport.fr\/blog\/15-avril-1993-le-csp-limoges-entre-dans-lhistoire\/#primaryimage\"},\"thumbnailUrl\":\"https:\/\/dicodusport.fr\/blog\/wp-content\/uploads\/2021\/04\/15-avril-1993-Le-CSP-Limoges-entre-dans-lhistoire.png\",\"datePublished\":\"2021-04-15T06:00:46+00:00\",\"dateModified\":\"2021-04-15T06:11:44+00:00\",\"description\":\"Le 15 avril 1993, le CSP Limoges cr\u00e9ait l'exploit et remportait l'Euroligue, alors Coupe des Champions d'Europe. Retour sur cet \u00e9v\u00e8nement.\",\"breadcrumb\":{\"@id\":\"https:\/\/dicodusport.fr\/blog\/15-avril-1993-le-csp-limoges-entre-dans-lhistoire\/#breadcrumb\"},\"inLanguage\":\"fr-FR\",\"potentialAction\":[{\"@type\":\"ReadAction\",\"target\":[\"https:\/\/dicodusport.fr\/blog\/15-avril-1993-le-csp-limoges-entre-dans-lhistoire\/\"]}]},{\"@type\":\"ImageObject\",\"inLanguage\":\"fr-FR\",\"@id\":\"https:\/\/dicodusport.fr\/blog\/15-avril-1993-le-csp-limoges-entre-dans-lhistoire\/#primaryimage\",\"url\":\"https:\/\/dicodusport.fr\/blog\/wp-content\/uploads\/2021\/04\/15-avril-1993-Le-CSP-Limoges-entre-dans-lhistoire.png\",\"contentUrl\":\"https:\/\/dicodusport.fr\/blog\/wp-content\/uploads\/2021\/04\/15-avril-1993-Le-CSP-Limoges-entre-dans-lhistoire.png\",\"width\":800,\"height\":445,\"caption\":\"15 avril 1993 : Le CSP Limoges entre dans l\u2019histoire\"},{\"@type\":\"BreadcrumbList\",\"@id\":\"https:\/\/dicodusport.fr\/blog\/15-avril-1993-le-csp-limoges-entre-dans-lhistoire\/#breadcrumb\",\"itemListElement\":[{\"@type\":\"ListItem\",\"position\":1,\"name\":\"Accueil\",\"item\":\"https:\/\/dicodusport.fr\/blog\/\"},{\"@type\":\"ListItem\",\"position\":2,\"name\":\"15 avril 1993 : Le CSP Limoges entre dans l\u2019histoire\"}]},{\"@type\":\"WebSite\",\"@id\":\"https:\/\/dicodusport.fr\/blog\/#website\",\"url\":\"https:\/\/dicodusport.fr\/blog\/\",\"name\":\"Dicodusport\",\"description\":\"L&#039;encyclop\u00e9die de l&#039;actualit\u00e9 sportive\",\"publisher\":{\"@id\":\"https:\/\/dicodusport.fr\/blog\/#organization\"},\"potentialAction\":[{\"@type\":\"SearchAction\",\"target\":{\"@type\":\"EntryPoint\",\"urlTemplate\":\"https:\/\/dicodusport.fr\/blog\/?s={search_term_string}\"},\"query-input\":{\"@type\":\"PropertyValueSpecification\",\"valueRequired\":true,\"valueName\":\"search_term_string\"}}],\"inLanguage\":\"fr-FR\"},{\"@type\":\"NewsMediaOrganization\",\"@id\":\"https:\/\/dicodusport.fr\/blog\/#organization\",\"name\":\"Dicodusport\",\"url\":\"https:\/\/dicodusport.fr\/blog\/\",\"logo\":{\"@type\":\"ImageObject\",\"inLanguage\":\"fr-FR\",\"@id\":\"https:\/\/dicodusport.fr\/blog\/#\/schema\/logo\/image\/\",\"url\":\"https:\/\/dicodusport.fr\/blog\/wp-content\/uploads\/2020\/06\/cropped-LOGO-DICODUSPORT-2020-SANS-FOND-SANS-TEXTE.png\",\"contentUrl\":\"https:\/\/dicodusport.fr\/blog\/wp-content\/uploads\/2020\/06\/cropped-LOGO-DICODUSPORT-2020-SANS-FOND-SANS-TEXTE.png\",\"width\":512,\"height\":512,\"caption\":\"Dicodusport\"},\"image\":{\"@id\":\"https:\/\/dicodusport.fr\/blog\/#\/schema\/logo\/image\/\"},\"sameAs\":[\"https:\/\/www.facebook.com\/dicodusport\",\"https:\/\/x.com\/dicodusport\",\"https:\/\/www.instagram.com\/dicodusport\/\",\"https:\/\/www.youtube.com\/channel\/UC7V2KZ5sd3htJivAbA4ZG3w\"],\"description\":\"Dicodusport est l'encyclop\u00e9die de l'actualit\u00e9 sportive.\",\"email\":\"bonjour@dicodusport.fr\",\"legalName\":\"DICODUSPORT\",\"foundingDate\":\"2018-01-14\",\"vatID\":\"FR71834470973\",\"taxID\":\"83447097300043\",\"numberOfEmployees\":{\"@type\":\"QuantitativeValue\",\"minValue\":\"1\",\"maxValue\":\"10\"}},{\"@type\":\"Person\",\"@id\":\"https:\/\/dicodusport.fr\/blog\/#\/schema\/person\/416c975648aca9da8839bdfe333a21c9\",\"name\":\"Sophie Clapier\",\"image\":{\"@type\":\"ImageObject\",\"inLanguage\":\"fr-FR\",\"@id\":\"https:\/\/dicodusport.fr\/blog\/#\/schema\/person\/image\/\",\"url\":\"https:\/\/dicodusport.fr\/blog\/wp-content\/uploads\/2021\/05\/Sophie-Clapier-150x150.jpg\",\"contentUrl\":\"https:\/\/dicodusport.fr\/blog\/wp-content\/uploads\/2021\/05\/Sophie-Clapier-150x150.jpg\",\"caption\":\"Sophie Clapier\"},\"description\":\"Journaliste\/r\u00e9dactrice depuis janvier 2016 - Passionn\u00e9e de sport depuis toujours, j\u2019en ai pratiqu\u00e9 quelques-uns. Judo, football, handball ou encore tennis, je n\u2019ai jamais pu me mettre d\u2019accord sur un en particulier. Mais \u00e7a, c\u2019\u00e9tait avant de d\u00e9couvrir le basket, devenu mon sport de pr\u00e9dilection. Les actions NBA, le All-Star Week-end, la fureur des Game 7 pendant les playoffs ou mieux, lors des Finals, this is why we play. Team Spurs T.P, je m\u2019accroche encore \u00e0 Gregg Popovich (don\u2019t leave !). Team chef Curry, je souhaite qu\u2019il finisse aux Warriors (staaaay !). Non, il n\u2019y a pas qu\u2019eux, des petits nouveaux -et des petites nouvelles \u00e9videmment- arrivent chaque jour dans toutes les disciplines et cr\u00e9ent de nouveaux exploits. Alors pour les grands \u00e9v\u00e9nements et comp\u00e9titions internationales, vive les pulsations 240\/minutes et le d\u00e9fibrillateur pas loin, et allez les Bleu(e)s ! C\u2019est s\u00fbr, j\u2019aurai plus vu ma vie sur un terrain de sport, mais \u00e0 d\u00e9faut d\u2019en faire en haut niveau, je le partage avec vous.\",\"sameAs\":[\"https:\/\/www.facebook.com\/soocube\",\"https:\/\/x.com\/https:\/\/twitter.com\/soocube\",\"admin\"],\"url\":\"https:\/\/dicodusport.fr\/blog\/author\/sophie\/\"}]}<\/script>\n<!-- \/ Yoast SEO Premium plugin. -->","yoast_head_json":{"title":"15 avril 1993 : Le CSP Limoges entre dans l\u2019histoire","description":"Le 15 avril 1993, le CSP Limoges cr\u00e9ait l'exploit et remportait l'Euroligue, alors Coupe des Champions d'Europe. Retour sur cet \u00e9v\u00e8nement.","robots":{"index":"index","follow":"follow","max-snippet":"max-snippet:-1","max-image-preview":"max-image-preview:large","max-video-preview":"max-video-preview:-1"},"canonical":"https:\/\/dicodusport.fr\/blog\/15-avril-1993-le-csp-limoges-entre-dans-lhistoire\/","og_locale":"fr_FR","og_type":"article","og_title":"15 avril 1993 : Le CSP Limoges entre dans l\u2019histoire","og_description":"Le 15 avril 1993, le CSP Limoges cr\u00e9ait l'exploit et remportait l'Euroligue, alors Coupe des Champions d'Europe. Retour sur cet \u00e9v\u00e8nement.","og_url":"https:\/\/dicodusport.fr\/blog\/15-avril-1993-le-csp-limoges-entre-dans-lhistoire\/","og_site_name":"Dicodusport","article_publisher":"https:\/\/www.facebook.com\/dicodusport","article_author":"https:\/\/www.facebook.com\/soocube","article_published_time":"2021-04-15T06:00:46+00:00","article_modified_time":"2021-04-15T06:11:44+00:00","og_image":[{"width":800,"height":445,"url":"https:\/\/dicodusport.fr\/blog\/wp-content\/uploads\/2021\/04\/15-avril-1993-Le-CSP-Limoges-entre-dans-lhistoire.png","type":"image\/png"}],"author":"Sophie Clapier","twitter_card":"summary_large_image","twitter_title":"15 avril 1993 : Le CSP Limoges entre dans l\u2019histoire","twitter_creator":"@https:\/\/twitter.com\/soocube","twitter_site":"@dicodusport","schema":{"@context":"https:\/\/schema.org","@graph":[{"@type":"NewsArticle","@id":"https:\/\/dicodusport.fr\/blog\/15-avril-1993-le-csp-limoges-entre-dans-lhistoire\/#article","isPartOf":{"@id":"https:\/\/dicodusport.fr\/blog\/15-avril-1993-le-csp-limoges-entre-dans-lhistoire\/"},"author":{"name":"Sophie Clapier","@id":"https:\/\/dicodusport.fr\/blog\/#\/schema\/person\/416c975648aca9da8839bdfe333a21c9"},"headline":"15 avril 1993 : Le CSP Limoges entre dans l\u2019histoire","datePublished":"2021-04-15T06:00:46+00:00","dateModified":"2021-04-15T06:11:44+00:00","mainEntityOfPage":{"@id":"https:\/\/dicodusport.fr\/blog\/15-avril-1993-le-csp-limoges-entre-dans-lhistoire\/"},"wordCount":348,"commentCount":0,"publisher":{"@id":"https:\/\/dicodusport.fr\/blog\/#organization"},"image":{"@id":"https:\/\/dicodusport.fr\/blog\/15-avril-1993-le-csp-limoges-entre-dans-lhistoire\/#primaryimage"},"thumbnailUrl":"https:\/\/dicodusport.fr\/blog\/wp-content\/uploads\/2021\/04\/15-avril-1993-Le-CSP-Limoges-entre-dans-lhistoire.png","keywords":["Basket-ball","coupe d'europe","CSP Limoges"],"articleSection":["Basket-ball","Histoire"],"inLanguage":"fr-FR","potentialAction":[{"@type":"CommentAction","name":"Comment","target":["https:\/\/dicodusport.fr\/blog\/15-avril-1993-le-csp-limoges-entre-dans-lhistoire\/#respond"]}],"copyrightYear":"2021","copyrightHolder":{"@id":"https:\/\/dicodusport.fr\/blog\/#organization"}},{"@type":"WebPage","@id":"https:\/\/dicodusport.fr\/blog\/15-avril-1993-le-csp-limoges-entre-dans-lhistoire\/","url":"https:\/\/dicodusport.fr\/blog\/15-avril-1993-le-csp-limoges-entre-dans-lhistoire\/","name":"15 avril 1993 : Le CSP Limoges entre dans l\u2019histoire","isPartOf":{"@id":"https:\/\/dicodusport.fr\/blog\/#website"},"primaryImageOfPage":{"@id":"https:\/\/dicodusport.fr\/blog\/15-avril-1993-le-csp-limoges-entre-dans-lhistoire\/#primaryimage"},"image":{"@id":"https:\/\/dicodusport.fr\/blog\/15-avril-1993-le-csp-limoges-entre-dans-lhistoire\/#primaryimage"},"thumbnailUrl":"https:\/\/dicodusport.fr\/blog\/wp-content\/uploads\/2021\/04\/15-avril-1993-Le-CSP-Limoges-entre-dans-lhistoire.png","datePublished":"2021-04-15T06:00:46+00:00","dateModified":"2021-04-15T06:11:44+00:00","description":"Le 15 avril 1993, le CSP Limoges cr\u00e9ait l'exploit et remportait l'Euroligue, alors Coupe des Champions d'Europe. Retour sur cet \u00e9v\u00e8nement.","breadcrumb":{"@id":"https:\/\/dicodusport.fr\/blog\/15-avril-1993-le-csp-limoges-entre-dans-lhistoire\/#breadcrumb"},"inLanguage":"fr-FR","potentialAction":[{"@type":"ReadAction","target":["https:\/\/dicodusport.fr\/blog\/15-avril-1993-le-csp-limoges-entre-dans-lhistoire\/"]}]},{"@type":"ImageObject","inLanguage":"fr-FR","@id":"https:\/\/dicodusport.fr\/blog\/15-avril-1993-le-csp-limoges-entre-dans-lhistoire\/#primaryimage","url":"https:\/\/dicodusport.fr\/blog\/wp-content\/uploads\/2021\/04\/15-avril-1993-Le-CSP-Limoges-entre-dans-lhistoire.png","contentUrl":"https:\/\/dicodusport.fr\/blog\/wp-content\/uploads\/2021\/04\/15-avril-1993-Le-CSP-Limoges-entre-dans-lhistoire.png","width":800,"height":445,"caption":"15 avril 1993 : Le CSP Limoges entre dans l\u2019histoire"},{"@type":"BreadcrumbList","@id":"https:\/\/dicodusport.fr\/blog\/15-avril-1993-le-csp-limoges-entre-dans-lhistoire\/#breadcrumb","itemListElement":[{"@type":"ListItem","position":1,"name":"Accueil","item":"https:\/\/dicodusport.fr\/blog\/"},{"@type":"ListItem","position":2,"name":"15 avril 1993 : Le CSP Limoges entre dans l\u2019histoire"}]},{"@type":"WebSite","@id":"https:\/\/dicodusport.fr\/blog\/#website","url":"https:\/\/dicodusport.fr\/blog\/","name":"Dicodusport","description":"L&#039;encyclop\u00e9die de l&#039;actualit\u00e9 sportive","publisher":{"@id":"https:\/\/dicodusport.fr\/blog\/#organization"},"potentialAction":[{"@type":"SearchAction","target":{"@type":"EntryPoint","urlTemplate":"https:\/\/dicodusport.fr\/blog\/?s={search_term_string}"},"query-input":{"@type":"PropertyValueSpecification","valueRequired":true,"valueName":"search_term_string"}}],"inLanguage":"fr-FR"},{"@type":"NewsMediaOrganization","@id":"https:\/\/dicodusport.fr\/blog\/#organization","name":"Dicodusport","url":"https:\/\/dicodusport.fr\/blog\/","logo":{"@type":"ImageObject","inLanguage":"fr-FR","@id":"https:\/\/dicodusport.fr\/blog\/#\/schema\/logo\/image\/","url":"https:\/\/dicodusport.fr\/blog\/wp-content\/uploads\/2020\/06\/cropped-LOGO-DICODUSPORT-2020-SANS-FOND-SANS-TEXTE.png","contentUrl":"https:\/\/dicodusport.fr\/blog\/wp-content\/uploads\/2020\/06\/cropped-LOGO-DICODUSPORT-2020-SANS-FOND-SANS-TEXTE.png","width":512,"height":512,"caption":"Dicodusport"},"image":{"@id":"https:\/\/dicodusport.fr\/blog\/#\/schema\/logo\/image\/"},"sameAs":["https:\/\/www.facebook.com\/dicodusport","https:\/\/x.com\/dicodusport","https:\/\/www.instagram.com\/dicodusport\/","https:\/\/www.youtube.com\/channel\/UC7V2KZ5sd3htJivAbA4ZG3w"],"description":"Dicodusport est l'encyclop\u00e9die de l'actualit\u00e9 sportive.","email":"bonjour@dicodusport.fr","legalName":"DICODUSPORT","foundingDate":"2018-01-14","vatID":"FR71834470973","taxID":"83447097300043","numberOfEmployees":{"@type":"QuantitativeValue","minValue":"1","maxValue":"10"}},{"@type":"Person","@id":"https:\/\/dicodusport.fr\/blog\/#\/schema\/person\/416c975648aca9da8839bdfe333a21c9","name":"Sophie Clapier","image":{"@type":"ImageObject","inLanguage":"fr-FR","@id":"https:\/\/dicodusport.fr\/blog\/#\/schema\/person\/image\/","url":"https:\/\/dicodusport.fr\/blog\/wp-content\/uploads\/2021\/05\/Sophie-Clapier-150x150.jpg","contentUrl":"https:\/\/dicodusport.fr\/blog\/wp-content\/uploads\/2021\/05\/Sophie-Clapier-150x150.jpg","caption":"Sophie Clapier"},"description":"Journaliste\/r\u00e9dactrice depuis janvier 2016 - Passionn\u00e9e de sport depuis toujours, j\u2019en ai pratiqu\u00e9 quelques-uns. Judo, football, handball ou encore tennis, je n\u2019ai jamais pu me mettre d\u2019accord sur un en particulier. Mais \u00e7a, c\u2019\u00e9tait avant de d\u00e9couvrir le basket, devenu mon sport de pr\u00e9dilection. Les actions NBA, le All-Star Week-end, la fureur des Game 7 pendant les playoffs ou mieux, lors des Finals, this is why we play. Team Spurs T.P, je m\u2019accroche encore \u00e0 Gregg Popovich (don\u2019t leave !). Team chef Curry, je souhaite qu\u2019il finisse aux Warriors (staaaay !). Non, il n\u2019y a pas qu\u2019eux, des petits nouveaux -et des petites nouvelles \u00e9videmment- arrivent chaque jour dans toutes les disciplines et cr\u00e9ent de nouveaux exploits. Alors pour les grands \u00e9v\u00e9nements et comp\u00e9titions internationales, vive les pulsations 240\/minutes et le d\u00e9fibrillateur pas loin, et allez les Bleu(e)s ! C\u2019est s\u00fbr, j\u2019aurai plus vu ma vie sur un terrain de sport, mais \u00e0 d\u00e9faut d\u2019en faire en haut niveau, je le partage avec vous.","sameAs":["https:\/\/www.facebook.com\/soocube","https:\/\/x.com\/https:\/\/twitter.com\/soocube","admin"],"url":"https:\/\/dicodusport.fr\/blog\/author\/sophie\/"}]}},"_links":{"self":[{"href":"https:\/\/dicodusport.fr\/blog\/wp-json\/wp\/v2\/posts\/121560","targetHints":{"allow":["GET"]}}],"collection":[{"href":"https:\/\/dicodusport.fr\/blog\/wp-json\/wp\/v2\/posts"}],"about":[{"href":"https:\/\/dicodusport.fr\/blog\/wp-json\/wp\/v2\/types\/post"}],"author":[{"embeddable":true,"href":"https:\/\/dicodusport.fr\/blog\/wp-json\/wp\/v2\/users\/18"}],"replies":[{"embeddable":true,"href":"https:\/\/dicodusport.fr\/blog\/wp-json\/wp\/v2\/comments?post=121560"}],"version-history":[{"count":0,"href":"https:\/\/dicodusport.fr\/blog\/wp-json\/wp\/v2\/posts\/121560\/revisions"}],"wp:featuredmedia":[{"embeddable":true,"href":"https:\/\/dicodusport.fr\/blog\/wp-json\/wp\/v2\/media\/121564"}],"wp:attachment":[{"href":"https:\/\/dicodusport.fr\/blog\/wp-json\/wp\/v2\/media?parent=121560"}],"wp:term":[{"taxonomy":"category","embeddable":true,"href":"https:\/\/dicodusport.fr\/blog\/wp-json\/wp\/v2\/categories?post=121560"},{"taxonomy":"post_tag","embeddable":true,"href":"https:\/\/dicodusport.fr\/blog\/wp-json\/wp\/v2\/tags?post=121560"}],"curies":[{"name":"wp","href":"https:\/\/api.w.org\/{rel}","templated":true}]}}