{"id":121644,"date":"2021-04-15T13:36:03","date_gmt":"2021-04-15T11:36:03","guid":{"rendered":"https:\/\/dicodusport.fr\/blog\/?p=121644"},"modified":"2021-04-15T14:09:09","modified_gmt":"2021-04-15T12:09:09","slug":"atp-monte-carlo-fin-de-l-aventure-pour-lucas-pouille","status":"publish","type":"post","link":"https:\/\/dicodusport.fr\/blog\/atp-monte-carlo-fin-de-l-aventure-pour-lucas-pouille\/","title":{"rendered":"ATP Monte-Carlo\u00a0: fin de l&rsquo;aventure pour Lucas Pouille"},"content":{"rendered":"<p style=\"text-align: justify;\"><strong><em>ATP MONTE-CARLO &#8211; Lucas Pouille s\u2019est inclin\u00e9 aujourd\u2019hui lors des huiti\u00e8mes de finale du Masters de Monte-Carlo. Le Fran\u00e7ais a \u00e9t\u00e9 d\u00e9fait par l\u2019Espagnol Alejandro Davidovich Fokina (6-2, 7-6).<\/em><\/strong><\/p>\n<p style=\"text-align: justify;\">Ce jeudi, <strong>Lucas Pouille<\/strong> (86<sup>\u00e8me<\/sup> mondial) affrontait <strong>Alejandro Davidovich Fokina<\/strong> (58<sup>\u00e8me<\/sup> mondial) en huiti\u00e8mes de finale du <strong>Masters de Monte-Carlo<\/strong>. Apr\u00e8s avoir brillamment battu <strong>Pella<\/strong> au premier tour puis, plus difficilement, <a href=\"https:\/\/dicodusport.fr\/blog\/atp-monte-carlo-lucas-pouille-et-jeremy-chardy-seuls-francais-qualifies-pour-le-2eme-tour\/\" target=\"_blank\" rel=\"noopener\"><strong>Popyrin<\/strong> au deuxi\u00e8me<\/a>, le Nordsite, deux mois apr\u00e8s son retour, avait d\u00e9j\u00e0 r\u00e9ussi son tournoi. Malheureusement pour lui, toutes les bonnes choses ont une fin. Face \u00e0 l\u2019Espagnol, Pouille a sembl\u00e9 absent lors du premier set, ce qui lui aura co\u00fbt\u00e9 cher (6-2). Dans le deuxi\u00e8me acte, on ne voyait pas comment le Tricolore aurait pu remporter ce match.<\/p>\n<p style=\"text-align: justify;\">Seulement, <strong>Lucas Pouille<\/strong> a r\u00e9ussi \u00e0 semer le doute dans la t\u00eate de son adversaire qui a baiss\u00e9 sa garde. Il r\u00e9ussira \u00e0 l&#8217;emmener jusqu\u2019au tie-break o\u00f9 l\u2019Espagnol s\u2019impose 7-2 apr\u00e8s s\u2019\u00eatre remobilis\u00e9. Au final <strong>Alejandro Davidovich Fokina<\/strong> s\u2019impose logiquement (6-2, 7-6) et affrontera <strong>Stefanos Tsitsipas<\/strong> (5<sup>\u00e8me<\/sup>mondial) en quarts de finale. Pouille peut, n\u00e9anmoins, partir la t\u00eate haute malgr\u00e9 ce premier set rat\u00e9 qui lui restera en travers de la gorge.<\/p>\n<blockquote class=\"twitter-tweet\">\n<p dir=\"ltr\" lang=\"fr\">Pouillle s&rsquo;arr\u00eate l\u00e0 : le Fran\u00e7ais subit la loi de Davidovich Fokina (6-2, 7-6) en 8e de finale \u00e0 Monte-Carlo.<\/p>\n<p>Suivez le Masters 1000 mon\u00e9gasque en exclusivit\u00e9 sur Eurosport et <a href=\"https:\/\/t.co\/7qbNJch1A0\">https:\/\/t.co\/7qbNJch1A0<\/a><a href=\"https:\/\/twitter.com\/hashtag\/HomeOfTennis?src=hash&amp;ref_src=twsrc%5Etfw\">#HomeOfTennis<\/a> <a href=\"https:\/\/twitter.com\/hashtag\/RolexMCMasters?src=hash&amp;ref_src=twsrc%5Etfw\">#RolexMCMasters<\/a> <a href=\"https:\/\/t.co\/ToFsKLfsaJ\">pic.twitter.com\/ToFsKLfsaJ<\/a><\/p>\n<p>\u2014 Eurosport France (@Eurosport_FR) <a href=\"https:\/\/twitter.com\/Eurosport_FR\/status\/1382649195887263748?ref_src=twsrc%5Etfw\">April 15, 2021<\/a><\/p><\/blockquote>\n<p><script async src=\"https:\/\/platform.twitter.com\/widgets.js\" charset=\"utf-8\"><\/script><\/p>\n<h2 style=\"text-align: justify;\"><strong>Pouille r\u00e9ussit son tournoi<\/strong><strong>\u00a0<\/strong><\/h2>\n<p style=\"text-align: justify;\">En d\u00e9pit de cette \u00e9limination au bout du troisi\u00e8me tour, le joueur de 27 ans peut \u00eatre satisfait de son tournoi. En effet, <strong>Pouille<\/strong> est revenu depuis seulement deux mois apr\u00e8s avoir \u00e9t\u00e9 absent des courts pendant pr\u00e8s d\u2019un an, suite \u00e0 une blessure au coude. Il avait, d\u2019ailleurs, qualifi\u00e9 sa victoire au premier tour face \u00e0 <strong>Guido Pella<\/strong> (6-3, 6-4) comme \u00e9tant son <em>\u00ab meilleur match depuis sa reprise \u00bb<\/em>.<\/p>\n<p style=\"text-align: justify;\">Il avait ensuite encha\u00een\u00e9 avec une victoire arrach\u00e9e au mental en tant qu\u2019outsider contre l\u2019Australien <strong>Alexei Popyrin<\/strong> (7-5, 2-6, 6-3). Et lors de ce match final, le Fran\u00e7ais aura montr\u00e9 une belle mentalit\u00e9 et a bien failli accrocher un troisi\u00e8me set. Lucas Pouille se pr\u00e9pare donc de la meilleure des mani\u00e8res pour Roland-Garros dans quelques semaines.<\/p>\n<p><em><strong>Jean Bod\u00e9r\u00e9<\/strong><\/em><br \/>\n<a href=\"https:\/\/twitter.com\/dicodusport\" target=\"_blank\" rel=\"noopener\"><img loading=\"lazy\" decoding=\"async\" class=\"alignnone wp-image-2908 size-full\" src=\"https:\/\/i2.wp.com\/dicodusport.fr\/blog\/wp-content\/uploads\/2017\/07\/logo-twitter-e1617919845690.png?resize=37%2C37&amp;ssl=1\" alt=\"\" width=\"37\" height=\"37\" \/><\/a><\/p>\n","protected":false},"excerpt":{"rendered":"<p>ATP MONTE-CARLO &#8211; Lucas Pouille s\u2019est inclin\u00e9 aujourd\u2019hui lors des huiti\u00e8mes de finale du Masters de Monte-Carlo. Le Fran\u00e7ais a \u00e9t\u00e9 d\u00e9fait par l\u2019Espagnol Alejandro Davidovich Fokina (6-2, 7-6).<\/p>\n","protected":false},"author":52,"featured_media":121655,"comment_status":"open","ping_status":"closed","sticky":false,"template":"","format":"standard","meta":{"_acf_changed":false,"_daextam_enable_autolinks":"","footnotes":""},"categories":[2302],"tags":[2544,7675,136],"class_list":["post-121644","post","type-post","status-publish","format-standard","has-post-thumbnail","hentry","category-tennis","tag-lucas-pouille","tag-masters-monte-carlo","tag-tennis"],"acf":[],"yoast_head":"<!-- This site is optimized with the Yoast SEO Premium plugin v26.7 (Yoast SEO v26.7) - https:\/\/yoast.com\/wordpress\/plugins\/seo\/ -->\n<title>ATP Monte-Carlo\u00a0: fin de l&#039;aventure pour Lucas Pouille<\/title>\n<meta name=\"description\" content=\"Lucas Pouille s\u2019est inclin\u00e9 lors des huiti\u00e8mes de finale du Masters de Monte-Carlo (6-2, 7-6) mais peut \u00eatre satisfait de son tournoi.\" \/>\n<meta name=\"robots\" content=\"index, follow, max-snippet:-1, max-image-preview:large, max-video-preview:-1\" \/>\n<link rel=\"canonical\" href=\"https:\/\/dicodusport.fr\/blog\/atp-monte-carlo-fin-de-l-aventure-pour-lucas-pouille\/\" \/>\n<meta property=\"og:locale\" content=\"fr_FR\" \/>\n<meta property=\"og:type\" content=\"article\" \/>\n<meta property=\"og:title\" content=\"ATP Monte-Carlo\u00a0: fin de l&#039;aventure pour Lucas Pouille\" \/>\n<meta property=\"og:description\" content=\"Lucas Pouille s\u2019est inclin\u00e9 lors des huiti\u00e8mes de finale du Masters de Monte-Carlo (6-2, 7-6) mais peut \u00eatre satisfait de son tournoi.\" \/>\n<meta property=\"og:url\" content=\"https:\/\/dicodusport.fr\/blog\/atp-monte-carlo-fin-de-l-aventure-pour-lucas-pouille\/\" \/>\n<meta property=\"og:site_name\" content=\"Dicodusport\" \/>\n<meta property=\"article:publisher\" content=\"https:\/\/www.facebook.com\/dicodusport\" \/>\n<meta property=\"article:published_time\" content=\"2021-04-15T11:36:03+00:00\" \/>\n<meta property=\"article:modified_time\" content=\"2021-04-15T12:09:09+00:00\" \/>\n<meta property=\"og:image\" content=\"https:\/\/dicodusport.fr\/blog\/wp-content\/uploads\/2021\/04\/ATP-Monte-Carlo-Fin-de-laventure-pour-Lucas-Pouille.png\" \/>\n\t<meta property=\"og:image:width\" content=\"800\" \/>\n\t<meta property=\"og:image:height\" content=\"445\" \/>\n\t<meta property=\"og:image:type\" content=\"image\/png\" \/>\n<meta name=\"author\" content=\"Jean Bod\u00e9r\u00e9\" \/>\n<meta name=\"twitter:card\" content=\"summary_large_image\" \/>\n<meta name=\"twitter:title\" content=\"ATP Monte-Carlo\u00a0: fin de l&#039;aventure pour Lucas Pouille\" \/>\n<meta name=\"twitter:creator\" content=\"@dicodusport\" \/>\n<meta name=\"twitter:site\" content=\"@dicodusport\" \/>\n<script type=\"application\/ld+json\" class=\"yoast-schema-graph\">{\"@context\":\"https:\/\/schema.org\",\"@graph\":[{\"@type\":\"NewsArticle\",\"@id\":\"https:\/\/dicodusport.fr\/blog\/atp-monte-carlo-fin-de-l-aventure-pour-lucas-pouille\/#article\",\"isPartOf\":{\"@id\":\"https:\/\/dicodusport.fr\/blog\/atp-monte-carlo-fin-de-l-aventure-pour-lucas-pouille\/\"},\"author\":{\"name\":\"Jean Bod\u00e9r\u00e9\",\"@id\":\"https:\/\/dicodusport.fr\/blog\/#\/schema\/person\/cb75f6e4b58e9b98515bdc7902bb5a05\"},\"headline\":\"ATP Monte-Carlo\u00a0: fin de l&rsquo;aventure pour Lucas Pouille\",\"datePublished\":\"2021-04-15T11:36:03+00:00\",\"dateModified\":\"2021-04-15T12:09:09+00:00\",\"mainEntityOfPage\":{\"@id\":\"https:\/\/dicodusport.fr\/blog\/atp-monte-carlo-fin-de-l-aventure-pour-lucas-pouille\/\"},\"wordCount\":414,\"commentCount\":0,\"publisher\":{\"@id\":\"https:\/\/dicodusport.fr\/blog\/#organization\"},\"image\":{\"@id\":\"https:\/\/dicodusport.fr\/blog\/atp-monte-carlo-fin-de-l-aventure-pour-lucas-pouille\/#primaryimage\"},\"thumbnailUrl\":\"https:\/\/dicodusport.fr\/blog\/wp-content\/uploads\/2021\/04\/ATP-Monte-Carlo-Fin-de-laventure-pour-Lucas-Pouille.png\",\"keywords\":[\"Lucas Pouille\",\"Masters Monte-Carlo\",\"Tennis\"],\"articleSection\":[\"Tennis\"],\"inLanguage\":\"fr-FR\",\"potentialAction\":[{\"@type\":\"CommentAction\",\"name\":\"Comment\",\"target\":[\"https:\/\/dicodusport.fr\/blog\/atp-monte-carlo-fin-de-l-aventure-pour-lucas-pouille\/#respond\"]}],\"copyrightYear\":\"2021\",\"copyrightHolder\":{\"@id\":\"https:\/\/dicodusport.fr\/blog\/#organization\"}},{\"@type\":\"WebPage\",\"@id\":\"https:\/\/dicodusport.fr\/blog\/atp-monte-carlo-fin-de-l-aventure-pour-lucas-pouille\/\",\"url\":\"https:\/\/dicodusport.fr\/blog\/atp-monte-carlo-fin-de-l-aventure-pour-lucas-pouille\/\",\"name\":\"ATP Monte-Carlo\u00a0: fin de l'aventure pour Lucas Pouille\",\"isPartOf\":{\"@id\":\"https:\/\/dicodusport.fr\/blog\/#website\"},\"primaryImageOfPage\":{\"@id\":\"https:\/\/dicodusport.fr\/blog\/atp-monte-carlo-fin-de-l-aventure-pour-lucas-pouille\/#primaryimage\"},\"image\":{\"@id\":\"https:\/\/dicodusport.fr\/blog\/atp-monte-carlo-fin-de-l-aventure-pour-lucas-pouille\/#primaryimage\"},\"thumbnailUrl\":\"https:\/\/dicodusport.fr\/blog\/wp-content\/uploads\/2021\/04\/ATP-Monte-Carlo-Fin-de-laventure-pour-Lucas-Pouille.png\",\"datePublished\":\"2021-04-15T11:36:03+00:00\",\"dateModified\":\"2021-04-15T12:09:09+00:00\",\"description\":\"Lucas Pouille s\u2019est inclin\u00e9 lors des huiti\u00e8mes de finale du Masters de Monte-Carlo (6-2, 7-6) mais peut \u00eatre satisfait de son tournoi.\",\"breadcrumb\":{\"@id\":\"https:\/\/dicodusport.fr\/blog\/atp-monte-carlo-fin-de-l-aventure-pour-lucas-pouille\/#breadcrumb\"},\"inLanguage\":\"fr-FR\",\"potentialAction\":[{\"@type\":\"ReadAction\",\"target\":[\"https:\/\/dicodusport.fr\/blog\/atp-monte-carlo-fin-de-l-aventure-pour-lucas-pouille\/\"]}]},{\"@type\":\"ImageObject\",\"inLanguage\":\"fr-FR\",\"@id\":\"https:\/\/dicodusport.fr\/blog\/atp-monte-carlo-fin-de-l-aventure-pour-lucas-pouille\/#primaryimage\",\"url\":\"https:\/\/dicodusport.fr\/blog\/wp-content\/uploads\/2021\/04\/ATP-Monte-Carlo-Fin-de-laventure-pour-Lucas-Pouille.png\",\"contentUrl\":\"https:\/\/dicodusport.fr\/blog\/wp-content\/uploads\/2021\/04\/ATP-Monte-Carlo-Fin-de-laventure-pour-Lucas-Pouille.png\",\"width\":800,\"height\":445,\"caption\":\"Photo Icon Sport\"},{\"@type\":\"BreadcrumbList\",\"@id\":\"https:\/\/dicodusport.fr\/blog\/atp-monte-carlo-fin-de-l-aventure-pour-lucas-pouille\/#breadcrumb\",\"itemListElement\":[{\"@type\":\"ListItem\",\"position\":1,\"name\":\"Accueil\",\"item\":\"https:\/\/dicodusport.fr\/blog\/\"},{\"@type\":\"ListItem\",\"position\":2,\"name\":\"ATP Monte-Carlo\u00a0: fin de l&rsquo;aventure pour Lucas Pouille\"}]},{\"@type\":\"WebSite\",\"@id\":\"https:\/\/dicodusport.fr\/blog\/#website\",\"url\":\"https:\/\/dicodusport.fr\/blog\/\",\"name\":\"Dicodusport\",\"description\":\"L&#039;encyclop\u00e9die de l&#039;actualit\u00e9 sportive\",\"publisher\":{\"@id\":\"https:\/\/dicodusport.fr\/blog\/#organization\"},\"potentialAction\":[{\"@type\":\"SearchAction\",\"target\":{\"@type\":\"EntryPoint\",\"urlTemplate\":\"https:\/\/dicodusport.fr\/blog\/?s={search_term_string}\"},\"query-input\":{\"@type\":\"PropertyValueSpecification\",\"valueRequired\":true,\"valueName\":\"search_term_string\"}}],\"inLanguage\":\"fr-FR\"},{\"@type\":\"NewsMediaOrganization\",\"@id\":\"https:\/\/dicodusport.fr\/blog\/#organization\",\"name\":\"Dicodusport\",\"url\":\"https:\/\/dicodusport.fr\/blog\/\",\"logo\":{\"@type\":\"ImageObject\",\"inLanguage\":\"fr-FR\",\"@id\":\"https:\/\/dicodusport.fr\/blog\/#\/schema\/logo\/image\/\",\"url\":\"https:\/\/dicodusport.fr\/blog\/wp-content\/uploads\/2020\/06\/cropped-LOGO-DICODUSPORT-2020-SANS-FOND-SANS-TEXTE.png\",\"contentUrl\":\"https:\/\/dicodusport.fr\/blog\/wp-content\/uploads\/2020\/06\/cropped-LOGO-DICODUSPORT-2020-SANS-FOND-SANS-TEXTE.png\",\"width\":512,\"height\":512,\"caption\":\"Dicodusport\"},\"image\":{\"@id\":\"https:\/\/dicodusport.fr\/blog\/#\/schema\/logo\/image\/\"},\"sameAs\":[\"https:\/\/www.facebook.com\/dicodusport\",\"https:\/\/x.com\/dicodusport\",\"https:\/\/www.instagram.com\/dicodusport\/\",\"https:\/\/www.youtube.com\/channel\/UC7V2KZ5sd3htJivAbA4ZG3w\"],\"description\":\"Dicodusport est l'encyclop\u00e9die de l'actualit\u00e9 sportive.\",\"email\":\"bonjour@dicodusport.fr\",\"legalName\":\"DICODUSPORT\",\"foundingDate\":\"2018-01-14\",\"vatID\":\"FR71834470973\",\"taxID\":\"83447097300043\",\"numberOfEmployees\":{\"@type\":\"QuantitativeValue\",\"minValue\":\"1\",\"maxValue\":\"10\"}},{\"@type\":\"Person\",\"@id\":\"https:\/\/dicodusport.fr\/blog\/#\/schema\/person\/cb75f6e4b58e9b98515bdc7902bb5a05\",\"name\":\"Jean Bod\u00e9r\u00e9\",\"image\":{\"@type\":\"ImageObject\",\"inLanguage\":\"fr-FR\",\"@id\":\"https:\/\/dicodusport.fr\/blog\/#\/schema\/person\/image\/\",\"url\":\"https:\/\/dicodusport.fr\/blog\/wp-content\/uploads\/2020\/06\/cropped-LOGO-DICODUSPORT-2020-SANS-FOND-SANS-TEXTE-150x150.png\",\"contentUrl\":\"https:\/\/dicodusport.fr\/blog\/wp-content\/uploads\/2020\/06\/cropped-LOGO-DICODUSPORT-2020-SANS-FOND-SANS-TEXTE-150x150.png\",\"caption\":\"Jean Bod\u00e9r\u00e9\"},\"url\":\"https:\/\/dicodusport.fr\/blog\/author\/jeanb\/\"}]}<\/script>\n<!-- \/ Yoast SEO Premium plugin. -->","yoast_head_json":{"title":"ATP Monte-Carlo\u00a0: fin de l'aventure pour Lucas Pouille","description":"Lucas Pouille s\u2019est inclin\u00e9 lors des huiti\u00e8mes de finale du Masters de Monte-Carlo (6-2, 7-6) mais peut \u00eatre satisfait de son tournoi.","robots":{"index":"index","follow":"follow","max-snippet":"max-snippet:-1","max-image-preview":"max-image-preview:large","max-video-preview":"max-video-preview:-1"},"canonical":"https:\/\/dicodusport.fr\/blog\/atp-monte-carlo-fin-de-l-aventure-pour-lucas-pouille\/","og_locale":"fr_FR","og_type":"article","og_title":"ATP Monte-Carlo\u00a0: fin de l'aventure pour Lucas Pouille","og_description":"Lucas Pouille s\u2019est inclin\u00e9 lors des huiti\u00e8mes de finale du Masters de Monte-Carlo (6-2, 7-6) mais peut \u00eatre satisfait de son tournoi.","og_url":"https:\/\/dicodusport.fr\/blog\/atp-monte-carlo-fin-de-l-aventure-pour-lucas-pouille\/","og_site_name":"Dicodusport","article_publisher":"https:\/\/www.facebook.com\/dicodusport","article_published_time":"2021-04-15T11:36:03+00:00","article_modified_time":"2021-04-15T12:09:09+00:00","og_image":[{"width":800,"height":445,"url":"https:\/\/dicodusport.fr\/blog\/wp-content\/uploads\/2021\/04\/ATP-Monte-Carlo-Fin-de-laventure-pour-Lucas-Pouille.png","type":"image\/png"}],"author":"Jean Bod\u00e9r\u00e9","twitter_card":"summary_large_image","twitter_title":"ATP Monte-Carlo\u00a0: fin de l'aventure pour Lucas Pouille","twitter_creator":"@dicodusport","twitter_site":"@dicodusport","schema":{"@context":"https:\/\/schema.org","@graph":[{"@type":"NewsArticle","@id":"https:\/\/dicodusport.fr\/blog\/atp-monte-carlo-fin-de-l-aventure-pour-lucas-pouille\/#article","isPartOf":{"@id":"https:\/\/dicodusport.fr\/blog\/atp-monte-carlo-fin-de-l-aventure-pour-lucas-pouille\/"},"author":{"name":"Jean Bod\u00e9r\u00e9","@id":"https:\/\/dicodusport.fr\/blog\/#\/schema\/person\/cb75f6e4b58e9b98515bdc7902bb5a05"},"headline":"ATP Monte-Carlo\u00a0: fin de l&rsquo;aventure pour Lucas Pouille","datePublished":"2021-04-15T11:36:03+00:00","dateModified":"2021-04-15T12:09:09+00:00","mainEntityOfPage":{"@id":"https:\/\/dicodusport.fr\/blog\/atp-monte-carlo-fin-de-l-aventure-pour-lucas-pouille\/"},"wordCount":414,"commentCount":0,"publisher":{"@id":"https:\/\/dicodusport.fr\/blog\/#organization"},"image":{"@id":"https:\/\/dicodusport.fr\/blog\/atp-monte-carlo-fin-de-l-aventure-pour-lucas-pouille\/#primaryimage"},"thumbnailUrl":"https:\/\/dicodusport.fr\/blog\/wp-content\/uploads\/2021\/04\/ATP-Monte-Carlo-Fin-de-laventure-pour-Lucas-Pouille.png","keywords":["Lucas Pouille","Masters Monte-Carlo","Tennis"],"articleSection":["Tennis"],"inLanguage":"fr-FR","potentialAction":[{"@type":"CommentAction","name":"Comment","target":["https:\/\/dicodusport.fr\/blog\/atp-monte-carlo-fin-de-l-aventure-pour-lucas-pouille\/#respond"]}],"copyrightYear":"2021","copyrightHolder":{"@id":"https:\/\/dicodusport.fr\/blog\/#organization"}},{"@type":"WebPage","@id":"https:\/\/dicodusport.fr\/blog\/atp-monte-carlo-fin-de-l-aventure-pour-lucas-pouille\/","url":"https:\/\/dicodusport.fr\/blog\/atp-monte-carlo-fin-de-l-aventure-pour-lucas-pouille\/","name":"ATP Monte-Carlo\u00a0: fin de l'aventure pour Lucas Pouille","isPartOf":{"@id":"https:\/\/dicodusport.fr\/blog\/#website"},"primaryImageOfPage":{"@id":"https:\/\/dicodusport.fr\/blog\/atp-monte-carlo-fin-de-l-aventure-pour-lucas-pouille\/#primaryimage"},"image":{"@id":"https:\/\/dicodusport.fr\/blog\/atp-monte-carlo-fin-de-l-aventure-pour-lucas-pouille\/#primaryimage"},"thumbnailUrl":"https:\/\/dicodusport.fr\/blog\/wp-content\/uploads\/2021\/04\/ATP-Monte-Carlo-Fin-de-laventure-pour-Lucas-Pouille.png","datePublished":"2021-04-15T11:36:03+00:00","dateModified":"2021-04-15T12:09:09+00:00","description":"Lucas Pouille s\u2019est inclin\u00e9 lors des huiti\u00e8mes de finale du Masters de Monte-Carlo (6-2, 7-6) mais peut \u00eatre satisfait de son tournoi.","breadcrumb":{"@id":"https:\/\/dicodusport.fr\/blog\/atp-monte-carlo-fin-de-l-aventure-pour-lucas-pouille\/#breadcrumb"},"inLanguage":"fr-FR","potentialAction":[{"@type":"ReadAction","target":["https:\/\/dicodusport.fr\/blog\/atp-monte-carlo-fin-de-l-aventure-pour-lucas-pouille\/"]}]},{"@type":"ImageObject","inLanguage":"fr-FR","@id":"https:\/\/dicodusport.fr\/blog\/atp-monte-carlo-fin-de-l-aventure-pour-lucas-pouille\/#primaryimage","url":"https:\/\/dicodusport.fr\/blog\/wp-content\/uploads\/2021\/04\/ATP-Monte-Carlo-Fin-de-laventure-pour-Lucas-Pouille.png","contentUrl":"https:\/\/dicodusport.fr\/blog\/wp-content\/uploads\/2021\/04\/ATP-Monte-Carlo-Fin-de-laventure-pour-Lucas-Pouille.png","width":800,"height":445,"caption":"Photo Icon Sport"},{"@type":"BreadcrumbList","@id":"https:\/\/dicodusport.fr\/blog\/atp-monte-carlo-fin-de-l-aventure-pour-lucas-pouille\/#breadcrumb","itemListElement":[{"@type":"ListItem","position":1,"name":"Accueil","item":"https:\/\/dicodusport.fr\/blog\/"},{"@type":"ListItem","position":2,"name":"ATP Monte-Carlo\u00a0: fin de l&rsquo;aventure pour Lucas Pouille"}]},{"@type":"WebSite","@id":"https:\/\/dicodusport.fr\/blog\/#website","url":"https:\/\/dicodusport.fr\/blog\/","name":"Dicodusport","description":"L&#039;encyclop\u00e9die de l&#039;actualit\u00e9 sportive","publisher":{"@id":"https:\/\/dicodusport.fr\/blog\/#organization"},"potentialAction":[{"@type":"SearchAction","target":{"@type":"EntryPoint","urlTemplate":"https:\/\/dicodusport.fr\/blog\/?s={search_term_string}"},"query-input":{"@type":"PropertyValueSpecification","valueRequired":true,"valueName":"search_term_string"}}],"inLanguage":"fr-FR"},{"@type":"NewsMediaOrganization","@id":"https:\/\/dicodusport.fr\/blog\/#organization","name":"Dicodusport","url":"https:\/\/dicodusport.fr\/blog\/","logo":{"@type":"ImageObject","inLanguage":"fr-FR","@id":"https:\/\/dicodusport.fr\/blog\/#\/schema\/logo\/image\/","url":"https:\/\/dicodusport.fr\/blog\/wp-content\/uploads\/2020\/06\/cropped-LOGO-DICODUSPORT-2020-SANS-FOND-SANS-TEXTE.png","contentUrl":"https:\/\/dicodusport.fr\/blog\/wp-content\/uploads\/2020\/06\/cropped-LOGO-DICODUSPORT-2020-SANS-FOND-SANS-TEXTE.png","width":512,"height":512,"caption":"Dicodusport"},"image":{"@id":"https:\/\/dicodusport.fr\/blog\/#\/schema\/logo\/image\/"},"sameAs":["https:\/\/www.facebook.com\/dicodusport","https:\/\/x.com\/dicodusport","https:\/\/www.instagram.com\/dicodusport\/","https:\/\/www.youtube.com\/channel\/UC7V2KZ5sd3htJivAbA4ZG3w"],"description":"Dicodusport est l'encyclop\u00e9die de l'actualit\u00e9 sportive.","email":"bonjour@dicodusport.fr","legalName":"DICODUSPORT","foundingDate":"2018-01-14","vatID":"FR71834470973","taxID":"83447097300043","numberOfEmployees":{"@type":"QuantitativeValue","minValue":"1","maxValue":"10"}},{"@type":"Person","@id":"https:\/\/dicodusport.fr\/blog\/#\/schema\/person\/cb75f6e4b58e9b98515bdc7902bb5a05","name":"Jean Bod\u00e9r\u00e9","image":{"@type":"ImageObject","inLanguage":"fr-FR","@id":"https:\/\/dicodusport.fr\/blog\/#\/schema\/person\/image\/","url":"https:\/\/dicodusport.fr\/blog\/wp-content\/uploads\/2020\/06\/cropped-LOGO-DICODUSPORT-2020-SANS-FOND-SANS-TEXTE-150x150.png","contentUrl":"https:\/\/dicodusport.fr\/blog\/wp-content\/uploads\/2020\/06\/cropped-LOGO-DICODUSPORT-2020-SANS-FOND-SANS-TEXTE-150x150.png","caption":"Jean Bod\u00e9r\u00e9"},"url":"https:\/\/dicodusport.fr\/blog\/author\/jeanb\/"}]}},"_links":{"self":[{"href":"https:\/\/dicodusport.fr\/blog\/wp-json\/wp\/v2\/posts\/121644","targetHints":{"allow":["GET"]}}],"collection":[{"href":"https:\/\/dicodusport.fr\/blog\/wp-json\/wp\/v2\/posts"}],"about":[{"href":"https:\/\/dicodusport.fr\/blog\/wp-json\/wp\/v2\/types\/post"}],"author":[{"embeddable":true,"href":"https:\/\/dicodusport.fr\/blog\/wp-json\/wp\/v2\/users\/52"}],"replies":[{"embeddable":true,"href":"https:\/\/dicodusport.fr\/blog\/wp-json\/wp\/v2\/comments?post=121644"}],"version-history":[{"count":0,"href":"https:\/\/dicodusport.fr\/blog\/wp-json\/wp\/v2\/posts\/121644\/revisions"}],"wp:featuredmedia":[{"embeddable":true,"href":"https:\/\/dicodusport.fr\/blog\/wp-json\/wp\/v2\/media\/121655"}],"wp:attachment":[{"href":"https:\/\/dicodusport.fr\/blog\/wp-json\/wp\/v2\/media?parent=121644"}],"wp:term":[{"taxonomy":"category","embeddable":true,"href":"https:\/\/dicodusport.fr\/blog\/wp-json\/wp\/v2\/categories?post=121644"},{"taxonomy":"post_tag","embeddable":true,"href":"https:\/\/dicodusport.fr\/blog\/wp-json\/wp\/v2\/tags?post=121644"}],"curies":[{"name":"wp","href":"https:\/\/api.w.org\/{rel}","templated":true}]}}