{"id":121766,"date":"2021-04-16T08:52:54","date_gmt":"2021-04-16T06:52:54","guid":{"rendered":"https:\/\/dicodusport.fr\/blog\/?p=121766"},"modified":"2021-04-16T08:52:41","modified_gmt":"2021-04-16T06:52:41","slug":"des-entraineurs-francais-sans-idees-collectives-du-jeu-vraiment","status":"publish","type":"post","link":"https:\/\/dicodusport.fr\/blog\/des-entraineurs-francais-sans-idees-collectives-du-jeu-vraiment\/","title":{"rendered":"Des entra\u00eeneurs fran\u00e7ais sans id\u00e9es collectives du jeu, vraiment ?"},"content":{"rendered":"<p style=\"text-align: justify;\"><strong><em>Dans un entretien en d\u00e9but de semaine au journal espagnol El Pais, le nouveau pr\u00e9sident de l\u2019OM Pablo Longoria a donn\u00e9 son avis sur la formation fran\u00e7aise. De quoi faire grincer des dents dans les instances fran\u00e7aises sur un sujet qui revient souvent dans l\u2019actualit\u00e9.<\/em><\/strong><\/p>\n<h2 style=\"text-align: justify;\">L\u2019entra\u00eeneur fran\u00e7ais actuel s\u2019exporte peu<\/h2>\n<p style=\"text-align: justify;\">C\u2019est une interview banale de l\u2019actuel pr\u00e9sident de l\u2019<b>Olympique de Marseille<\/b> qui s\u2019est transform\u00e9e en petite bombe cette semaine dans les colonnes d\u2019El Pais en Espagne. Interrog\u00e9 sur son nouveau poste au c\u0153ur de la cit\u00e9 phoc\u00e9enne, <b>Pablo Longoria<\/b> a aussi exprim\u00e9 son ressenti sur la formation des jeunes joueurs en France et sur ses formateurs\u00a0: \u00ab\u00a0<em>Des joueurs tr\u00e8s individualistes se forment, pas dans une id\u00e9e tr\u00e8s pr\u00e9cise du jeu, pr\u00e9cis\u00e9ment \u00e0 cause de cette recherche d&rsquo;identit\u00e9. En France, il n&rsquo;y a pas de mod\u00e8le fran\u00e7ais du jeu. Objectivement, si l&rsquo;on analyse l&rsquo;ensemble du globe, c&rsquo;est l&rsquo;un des pays qui exportent le moins de coachs. Ils ne vendent pas d&rsquo;id\u00e9es collectives.\u00a0\u00bb\u00a0<\/em>Une analyse assez symbolique pour l\u2019ancien directeur sportif de l\u2019<b>OM<\/b>, qui par sa trajectoire et son travail quotidien, tire une conclusion assez forte sur la m\u00e9thodologie de travail des formateurs et entra\u00eeneurs fran\u00e7ais.<\/p>\n<blockquote class=\"twitter-tweet\">\n<p dir=\"ltr\" lang=\"fr\">Apr\u00e8s Hubert Fournier c\u2019est maintenant Domenech qui s\u2019\u00e9l\u00e8ve contre l\u2019ItW de Longoria ! C\u2019est donc tr\u00e8s bon signe. Bravo au pr\u00e9sident de l\u2019OM pour son ITW haut de gamme. Et pour ce qui est des m\u00e9diocres et des incomp\u00e9tents , qu\u2019ils continuent \u00e0 brasser de l\u2019air&#8230; c\u2019est dr\u00f4le !<\/p>\n<p>\u2014 Daniel Riolo (@DanielRiolo) <a href=\"https:\/\/twitter.com\/DanielRiolo\/status\/1382652361223643139?ref_src=twsrc%5Etfw\">April 15, 2021<\/a><\/p><\/blockquote>\n<p><script async src=\"https:\/\/platform.twitter.com\/widgets.js\" charset=\"utf-8\"><\/script><\/p>\n<blockquote class=\"twitter-tweet\">\n<p dir=\"ltr\" lang=\"fr\">Depuis plusieurs ann\u00e9es la formation de nos entra\u00eeneurs ne sait plus innover, reconstruire, se renouveler. Le foot fran\u00e7ais vit sur la formation. Et quand <a href=\"https:\/\/twitter.com\/hashtag\/Longoria?src=hash&amp;ref_src=twsrc%5Etfw\">#Longoria<\/a> dit tout haut ce que tout le monde pense tout bas, Domenech s\u2019offusque. C\u2019est la preuve que Longoria a vis\u00e9 juste.<\/p>\n<p>\u2014 Mohamed Bouhafsi (@mohamedbouhafsi) <a href=\"https:\/\/twitter.com\/mohamedbouhafsi\/status\/1382677446982574082?ref_src=twsrc%5Etfw\">April 15, 2021<\/a><\/p><\/blockquote>\n<p><script async src=\"https:\/\/platform.twitter.com\/widgets.js\" charset=\"utf-8\"><\/script><\/p>\n<p style=\"text-align: justify;\">Il est vrai qu\u2019historiquement, l\u2019entra\u00eeneur fran\u00e7ais n\u2019attire pas forc\u00e9ment \u00e0 l\u2019\u00e9tranger, notamment dans les meilleurs championnats europ\u00e9ens. Barri\u00e8re de la langue, manque de succ\u00e8s dans les comp\u00e9titions internationales, rares sont ceux qui ont su s\u2019imposer au XXI\u00e8me si\u00e8cle dans les championnats majeurs (Houiller, Wenger, Zidane). Certains ont tent\u00e9 (Puel, Montanier, Garcia entre autres) mais l\u2019aventure aura tourn\u00e9 court \u00e0 chaque fois. Finalement, l\u2019hypoth\u00e8se soulev\u00e9e par <b>Pablo Longoria<\/b> sur le manque d\u2019id\u00e9es collectives des coachs fran\u00e7ais ne serait-elle pas la cl\u00e9 de cette absence en Europe de nos entra\u00eeneurs tricolores\u00a0?<\/p>\n<h2 style=\"text-align: justify;\">La formation fran\u00e7aise s\u2019arrache pourtant en Europe<\/h2>\n<p style=\"text-align: justify;\">Les jeunes joueurs fran\u00e7ais valent de plus en plus cher sur les diff\u00e9rents mercatos, les centres de formation sont sans cesse scrut\u00e9s par les plus grands clubs europ\u00e9ens et les Bleus rayonnent sur toutes les s\u00e9lections. La d\u00e9fense d\u2019<b>Hubert Fournier<\/b>, directeur technique nationale, est tr\u00e8s claire. Mais pourtant, les clubs fran\u00e7ais ainsi que les s\u00e9lections nationales tricolores souffrent souvent de la comparaison v\u00e9ritable sur ce qu\u2019on appelle \u00ab\u00a0l\u2019identit\u00e9 de jeu\u00a0\u00bb. Sur ce point, <b>Pablo Longoria<\/b> est de nouveau tr\u00e8s explicite\u00a0: \u00ab\u00a0<em>C&rsquo;est le pays exportateur par excellence en Europe en raison du m\u00e9lange de cultures. Mais il y a quelque chose de fondamental qu&rsquo;il faut comprendre : l&rsquo;entra\u00eenement en France est comparable \u00e0 l&rsquo;entra\u00eenement des basketteurs aux \u00c9tats-Unis. C&rsquo;est le football qui se joue encore dans la rue, c&rsquo;est un entra\u00eenement individuel plut\u00f4t que collectif. La France en mati\u00e8re de football est la NBA de l&rsquo;Europe.\u00a0\u00bb<\/em><\/p>\n<p style=\"text-align: justify;\">L\u2019apprentissage du jeu est cibl\u00e9 par le pr\u00e9sident de l\u2019<b>OM<\/b>, ainsi que ce manque ou cette absence de \u00ab\u00a0culture fran\u00e7aise\u00a0\u00bb du football. Une formation des entra\u00eeneurs fran\u00e7ais bien trop cadr\u00e9e\u00a0? Un manque d\u2019ouverture d\u2019esprit sur les m\u00e9thodes des formations \u00e9trang\u00e8res\u00a0? En tout cas, il y a ici une vraie question \u00e0 se poser sur le manque d\u2019impact des entra\u00eeneurs fran\u00e7ais sur les grands championnats europ\u00e9ens.<\/p>\n<p><em><strong>Romain Delanis<br \/>\n<\/strong><\/em><em><strong><a href=\"https:\/\/twitter.com\/RDelanis\" target=\"_blank\" rel=\"noopener noreferrer\"><img loading=\"lazy\" decoding=\"async\" class=\"alignnone wp-image-2908\" src=\"https:\/\/i1.wp.com\/dicodusport.fr\/blog\/wp-content\/uploads\/2017\/07\/logo-twitter-150x150.png?resize=39%2C39\" alt=\"\" width=\"39\" height=\"39\" \/><\/a><\/strong><\/em><\/p>\n","protected":false},"excerpt":{"rendered":"<p>Dans un entretien en d\u00e9but de semaine au journal espagnol El Pais, le nouveau pr\u00e9sident de l\u2019OM Pablo Longoria a donn\u00e9 son avis sur la formation fran\u00e7aise. De quoi faire grincer des dents dans les instances fran\u00e7aises sur un sujet qui revient souvent dans l\u2019actualit\u00e9.<\/p>\n","protected":false},"author":14,"featured_media":121851,"comment_status":"open","ping_status":"closed","sticky":false,"template":"","format":"standard","meta":{"_acf_changed":false,"_daextam_enable_autolinks":"","footnotes":""},"categories":[2301],"tags":[4856,75,1554,2924,11186],"class_list":["post-121766","post","type-post","status-publish","format-standard","has-post-thumbnail","hentry","category-football","tag-fff","tag-football","tag-ligue-1","tag-olympique-de-marseille","tag-pablo-longoria"],"acf":[],"yoast_head":"<!-- This site is optimized with the Yoast SEO Premium plugin v26.7 (Yoast SEO v26.7) - https:\/\/yoast.com\/wordpress\/plugins\/seo\/ -->\n<title>Des entra\u00eeneurs fran\u00e7ais sans id\u00e9es collectives du jeu, vraiment ?<\/title>\n<meta name=\"description\" content=\"Dans un entretien au journal espagnol El Pais, le pr\u00e9sident de l\u2019OM Pablo Longoria a donn\u00e9 son avis sur la formation fran\u00e7aise.\" \/>\n<meta name=\"robots\" content=\"index, follow, max-snippet:-1, max-image-preview:large, max-video-preview:-1\" \/>\n<link rel=\"canonical\" href=\"https:\/\/dicodusport.fr\/blog\/des-entraineurs-francais-sans-idees-collectives-du-jeu-vraiment\/\" \/>\n<meta property=\"og:locale\" content=\"fr_FR\" \/>\n<meta property=\"og:type\" content=\"article\" \/>\n<meta property=\"og:title\" content=\"Des entra\u00eeneurs fran\u00e7ais sans id\u00e9es collectives du jeu, vraiment ?\" \/>\n<meta property=\"og:description\" content=\"Dans un entretien au journal espagnol El Pais, le pr\u00e9sident de l\u2019OM Pablo Longoria a donn\u00e9 son avis sur la formation fran\u00e7aise.\" \/>\n<meta property=\"og:url\" content=\"https:\/\/dicodusport.fr\/blog\/des-entraineurs-francais-sans-idees-collectives-du-jeu-vraiment\/\" \/>\n<meta property=\"og:site_name\" content=\"Dicodusport\" \/>\n<meta property=\"article:publisher\" content=\"https:\/\/www.facebook.com\/dicodusport\" \/>\n<meta property=\"article:published_time\" content=\"2021-04-16T06:52:54+00:00\" \/>\n<meta property=\"og:image\" content=\"https:\/\/dicodusport.fr\/blog\/wp-content\/uploads\/2021\/04\/Pablo-Longoria-Olympique-de-Marseille-2021.jpg\" \/>\n\t<meta property=\"og:image:width\" content=\"1679\" \/>\n\t<meta property=\"og:image:height\" content=\"998\" \/>\n\t<meta property=\"og:image:type\" content=\"image\/jpeg\" \/>\n<meta name=\"author\" content=\"Romain Delanis\" \/>\n<meta name=\"twitter:card\" content=\"summary_large_image\" \/>\n<meta name=\"twitter:title\" content=\"Des entra\u00eeneurs fran\u00e7ais sans id\u00e9es collectives du jeu, vraiment ?\" \/>\n<meta name=\"twitter:creator\" content=\"@https:\/\/twitter.com\/RDelanis\" \/>\n<meta name=\"twitter:site\" content=\"@dicodusport\" \/>\n<script type=\"application\/ld+json\" class=\"yoast-schema-graph\">{\"@context\":\"https:\/\/schema.org\",\"@graph\":[{\"@type\":\"NewsArticle\",\"@id\":\"https:\/\/dicodusport.fr\/blog\/des-entraineurs-francais-sans-idees-collectives-du-jeu-vraiment\/#article\",\"isPartOf\":{\"@id\":\"https:\/\/dicodusport.fr\/blog\/des-entraineurs-francais-sans-idees-collectives-du-jeu-vraiment\/\"},\"author\":{\"name\":\"Romain Delanis\",\"@id\":\"https:\/\/dicodusport.fr\/blog\/#\/schema\/person\/8c78730a59f8a1e617f7a19026ebc14a\"},\"headline\":\"Des entra\u00eeneurs fran\u00e7ais sans id\u00e9es collectives du jeu, vraiment ?\",\"datePublished\":\"2021-04-16T06:52:54+00:00\",\"mainEntityOfPage\":{\"@id\":\"https:\/\/dicodusport.fr\/blog\/des-entraineurs-francais-sans-idees-collectives-du-jeu-vraiment\/\"},\"wordCount\":733,\"commentCount\":0,\"publisher\":{\"@id\":\"https:\/\/dicodusport.fr\/blog\/#organization\"},\"image\":{\"@id\":\"https:\/\/dicodusport.fr\/blog\/des-entraineurs-francais-sans-idees-collectives-du-jeu-vraiment\/#primaryimage\"},\"thumbnailUrl\":\"https:\/\/dicodusport.fr\/blog\/wp-content\/uploads\/2021\/04\/Pablo-Longoria-Olympique-de-Marseille-2021.jpg\",\"keywords\":[\"FFF\",\"Football\",\"Ligue 1\",\"Olympique de Marseille\",\"Pablo Longoria\"],\"articleSection\":[\"Football\"],\"inLanguage\":\"fr-FR\",\"potentialAction\":[{\"@type\":\"CommentAction\",\"name\":\"Comment\",\"target\":[\"https:\/\/dicodusport.fr\/blog\/des-entraineurs-francais-sans-idees-collectives-du-jeu-vraiment\/#respond\"]}],\"copyrightYear\":\"2021\",\"copyrightHolder\":{\"@id\":\"https:\/\/dicodusport.fr\/blog\/#organization\"}},{\"@type\":\"WebPage\",\"@id\":\"https:\/\/dicodusport.fr\/blog\/des-entraineurs-francais-sans-idees-collectives-du-jeu-vraiment\/\",\"url\":\"https:\/\/dicodusport.fr\/blog\/des-entraineurs-francais-sans-idees-collectives-du-jeu-vraiment\/\",\"name\":\"Des entra\u00eeneurs fran\u00e7ais sans id\u00e9es collectives du jeu, vraiment ?\",\"isPartOf\":{\"@id\":\"https:\/\/dicodusport.fr\/blog\/#website\"},\"primaryImageOfPage\":{\"@id\":\"https:\/\/dicodusport.fr\/blog\/des-entraineurs-francais-sans-idees-collectives-du-jeu-vraiment\/#primaryimage\"},\"image\":{\"@id\":\"https:\/\/dicodusport.fr\/blog\/des-entraineurs-francais-sans-idees-collectives-du-jeu-vraiment\/#primaryimage\"},\"thumbnailUrl\":\"https:\/\/dicodusport.fr\/blog\/wp-content\/uploads\/2021\/04\/Pablo-Longoria-Olympique-de-Marseille-2021.jpg\",\"datePublished\":\"2021-04-16T06:52:54+00:00\",\"description\":\"Dans un entretien au journal espagnol El Pais, le pr\u00e9sident de l\u2019OM Pablo Longoria a donn\u00e9 son avis sur la formation fran\u00e7aise.\",\"breadcrumb\":{\"@id\":\"https:\/\/dicodusport.fr\/blog\/des-entraineurs-francais-sans-idees-collectives-du-jeu-vraiment\/#breadcrumb\"},\"inLanguage\":\"fr-FR\",\"potentialAction\":[{\"@type\":\"ReadAction\",\"target\":[\"https:\/\/dicodusport.fr\/blog\/des-entraineurs-francais-sans-idees-collectives-du-jeu-vraiment\/\"]}]},{\"@type\":\"ImageObject\",\"inLanguage\":\"fr-FR\",\"@id\":\"https:\/\/dicodusport.fr\/blog\/des-entraineurs-francais-sans-idees-collectives-du-jeu-vraiment\/#primaryimage\",\"url\":\"https:\/\/dicodusport.fr\/blog\/wp-content\/uploads\/2021\/04\/Pablo-Longoria-Olympique-de-Marseille-2021.jpg\",\"contentUrl\":\"https:\/\/dicodusport.fr\/blog\/wp-content\/uploads\/2021\/04\/Pablo-Longoria-Olympique-de-Marseille-2021.jpg\",\"width\":1679,\"height\":998,\"caption\":\"Pablo Longoria Olympique de Marseille 2021\"},{\"@type\":\"BreadcrumbList\",\"@id\":\"https:\/\/dicodusport.fr\/blog\/des-entraineurs-francais-sans-idees-collectives-du-jeu-vraiment\/#breadcrumb\",\"itemListElement\":[{\"@type\":\"ListItem\",\"position\":1,\"name\":\"Accueil\",\"item\":\"https:\/\/dicodusport.fr\/blog\/\"},{\"@type\":\"ListItem\",\"position\":2,\"name\":\"Des entra\u00eeneurs fran\u00e7ais sans id\u00e9es collectives du jeu, vraiment ?\"}]},{\"@type\":\"WebSite\",\"@id\":\"https:\/\/dicodusport.fr\/blog\/#website\",\"url\":\"https:\/\/dicodusport.fr\/blog\/\",\"name\":\"Dicodusport\",\"description\":\"L&#039;encyclop\u00e9die de l&#039;actualit\u00e9 sportive\",\"publisher\":{\"@id\":\"https:\/\/dicodusport.fr\/blog\/#organization\"},\"potentialAction\":[{\"@type\":\"SearchAction\",\"target\":{\"@type\":\"EntryPoint\",\"urlTemplate\":\"https:\/\/dicodusport.fr\/blog\/?s={search_term_string}\"},\"query-input\":{\"@type\":\"PropertyValueSpecification\",\"valueRequired\":true,\"valueName\":\"search_term_string\"}}],\"inLanguage\":\"fr-FR\"},{\"@type\":\"NewsMediaOrganization\",\"@id\":\"https:\/\/dicodusport.fr\/blog\/#organization\",\"name\":\"Dicodusport\",\"url\":\"https:\/\/dicodusport.fr\/blog\/\",\"logo\":{\"@type\":\"ImageObject\",\"inLanguage\":\"fr-FR\",\"@id\":\"https:\/\/dicodusport.fr\/blog\/#\/schema\/logo\/image\/\",\"url\":\"https:\/\/dicodusport.fr\/blog\/wp-content\/uploads\/2020\/06\/cropped-LOGO-DICODUSPORT-2020-SANS-FOND-SANS-TEXTE.png\",\"contentUrl\":\"https:\/\/dicodusport.fr\/blog\/wp-content\/uploads\/2020\/06\/cropped-LOGO-DICODUSPORT-2020-SANS-FOND-SANS-TEXTE.png\",\"width\":512,\"height\":512,\"caption\":\"Dicodusport\"},\"image\":{\"@id\":\"https:\/\/dicodusport.fr\/blog\/#\/schema\/logo\/image\/\"},\"sameAs\":[\"https:\/\/www.facebook.com\/dicodusport\",\"https:\/\/x.com\/dicodusport\",\"https:\/\/www.instagram.com\/dicodusport\/\",\"https:\/\/www.youtube.com\/channel\/UC7V2KZ5sd3htJivAbA4ZG3w\"],\"description\":\"Dicodusport est l'encyclop\u00e9die de l'actualit\u00e9 sportive.\",\"email\":\"bonjour@dicodusport.fr\",\"legalName\":\"DICODUSPORT\",\"foundingDate\":\"2018-01-14\",\"vatID\":\"FR71834470973\",\"taxID\":\"83447097300043\",\"numberOfEmployees\":{\"@type\":\"QuantitativeValue\",\"minValue\":\"1\",\"maxValue\":\"10\"}},{\"@type\":\"Person\",\"@id\":\"https:\/\/dicodusport.fr\/blog\/#\/schema\/person\/8c78730a59f8a1e617f7a19026ebc14a\",\"name\":\"Romain Delanis\",\"image\":{\"@type\":\"ImageObject\",\"inLanguage\":\"fr-FR\",\"@id\":\"https:\/\/dicodusport.fr\/blog\/#\/schema\/person\/image\/\",\"url\":\"https:\/\/dicodusport.fr\/blog\/wp-content\/uploads\/2021\/05\/Romain-Delanis-150x150.jpg\",\"contentUrl\":\"https:\/\/dicodusport.fr\/blog\/wp-content\/uploads\/2021\/05\/Romain-Delanis-150x150.jpg\",\"caption\":\"Romain Delanis\"},\"description\":\"Journaliste\/R\u00e9dacteur depuis novembre 2015 - Capable de passer un samedi apr\u00e8s-midi devant la Ligue 2 puis le biathlon sans oublier la finale de l\u2019ATP Rotterdam, j\u2019aime aussi mettre mon r\u00e9veil pour me faire un Pistons\/Bulls qui rappelle de bons souvenirs. Tout cela, j\u2019ai choisi il y a maintenant quelques temps de vous le raconter avec Dicodusport, pour vous faire vivre ma passion parfois inconsid\u00e9r\u00e9e pour le sport en g\u00e9n\u00e9ral (mais surtout le foot faut se l\u2019avouer).\",\"sameAs\":[\"https:\/\/x.com\/https:\/\/twitter.com\/RDelanis\"],\"url\":\"https:\/\/dicodusport.fr\/blog\/author\/romain\/\"}]}<\/script>\n<!-- \/ Yoast SEO Premium plugin. -->","yoast_head_json":{"title":"Des entra\u00eeneurs fran\u00e7ais sans id\u00e9es collectives du jeu, vraiment ?","description":"Dans un entretien au journal espagnol El Pais, le pr\u00e9sident de l\u2019OM Pablo Longoria a donn\u00e9 son avis sur la formation fran\u00e7aise.","robots":{"index":"index","follow":"follow","max-snippet":"max-snippet:-1","max-image-preview":"max-image-preview:large","max-video-preview":"max-video-preview:-1"},"canonical":"https:\/\/dicodusport.fr\/blog\/des-entraineurs-francais-sans-idees-collectives-du-jeu-vraiment\/","og_locale":"fr_FR","og_type":"article","og_title":"Des entra\u00eeneurs fran\u00e7ais sans id\u00e9es collectives du jeu, vraiment ?","og_description":"Dans un entretien au journal espagnol El Pais, le pr\u00e9sident de l\u2019OM Pablo Longoria a donn\u00e9 son avis sur la formation fran\u00e7aise.","og_url":"https:\/\/dicodusport.fr\/blog\/des-entraineurs-francais-sans-idees-collectives-du-jeu-vraiment\/","og_site_name":"Dicodusport","article_publisher":"https:\/\/www.facebook.com\/dicodusport","article_published_time":"2021-04-16T06:52:54+00:00","og_image":[{"width":1679,"height":998,"url":"https:\/\/dicodusport.fr\/blog\/wp-content\/uploads\/2021\/04\/Pablo-Longoria-Olympique-de-Marseille-2021.jpg","type":"image\/jpeg"}],"author":"Romain Delanis","twitter_card":"summary_large_image","twitter_title":"Des entra\u00eeneurs fran\u00e7ais sans id\u00e9es collectives du jeu, vraiment ?","twitter_creator":"@https:\/\/twitter.com\/RDelanis","twitter_site":"@dicodusport","schema":{"@context":"https:\/\/schema.org","@graph":[{"@type":"NewsArticle","@id":"https:\/\/dicodusport.fr\/blog\/des-entraineurs-francais-sans-idees-collectives-du-jeu-vraiment\/#article","isPartOf":{"@id":"https:\/\/dicodusport.fr\/blog\/des-entraineurs-francais-sans-idees-collectives-du-jeu-vraiment\/"},"author":{"name":"Romain Delanis","@id":"https:\/\/dicodusport.fr\/blog\/#\/schema\/person\/8c78730a59f8a1e617f7a19026ebc14a"},"headline":"Des entra\u00eeneurs fran\u00e7ais sans id\u00e9es collectives du jeu, vraiment ?","datePublished":"2021-04-16T06:52:54+00:00","mainEntityOfPage":{"@id":"https:\/\/dicodusport.fr\/blog\/des-entraineurs-francais-sans-idees-collectives-du-jeu-vraiment\/"},"wordCount":733,"commentCount":0,"publisher":{"@id":"https:\/\/dicodusport.fr\/blog\/#organization"},"image":{"@id":"https:\/\/dicodusport.fr\/blog\/des-entraineurs-francais-sans-idees-collectives-du-jeu-vraiment\/#primaryimage"},"thumbnailUrl":"https:\/\/dicodusport.fr\/blog\/wp-content\/uploads\/2021\/04\/Pablo-Longoria-Olympique-de-Marseille-2021.jpg","keywords":["FFF","Football","Ligue 1","Olympique de Marseille","Pablo Longoria"],"articleSection":["Football"],"inLanguage":"fr-FR","potentialAction":[{"@type":"CommentAction","name":"Comment","target":["https:\/\/dicodusport.fr\/blog\/des-entraineurs-francais-sans-idees-collectives-du-jeu-vraiment\/#respond"]}],"copyrightYear":"2021","copyrightHolder":{"@id":"https:\/\/dicodusport.fr\/blog\/#organization"}},{"@type":"WebPage","@id":"https:\/\/dicodusport.fr\/blog\/des-entraineurs-francais-sans-idees-collectives-du-jeu-vraiment\/","url":"https:\/\/dicodusport.fr\/blog\/des-entraineurs-francais-sans-idees-collectives-du-jeu-vraiment\/","name":"Des entra\u00eeneurs fran\u00e7ais sans id\u00e9es collectives du jeu, vraiment ?","isPartOf":{"@id":"https:\/\/dicodusport.fr\/blog\/#website"},"primaryImageOfPage":{"@id":"https:\/\/dicodusport.fr\/blog\/des-entraineurs-francais-sans-idees-collectives-du-jeu-vraiment\/#primaryimage"},"image":{"@id":"https:\/\/dicodusport.fr\/blog\/des-entraineurs-francais-sans-idees-collectives-du-jeu-vraiment\/#primaryimage"},"thumbnailUrl":"https:\/\/dicodusport.fr\/blog\/wp-content\/uploads\/2021\/04\/Pablo-Longoria-Olympique-de-Marseille-2021.jpg","datePublished":"2021-04-16T06:52:54+00:00","description":"Dans un entretien au journal espagnol El Pais, le pr\u00e9sident de l\u2019OM Pablo Longoria a donn\u00e9 son avis sur la formation fran\u00e7aise.","breadcrumb":{"@id":"https:\/\/dicodusport.fr\/blog\/des-entraineurs-francais-sans-idees-collectives-du-jeu-vraiment\/#breadcrumb"},"inLanguage":"fr-FR","potentialAction":[{"@type":"ReadAction","target":["https:\/\/dicodusport.fr\/blog\/des-entraineurs-francais-sans-idees-collectives-du-jeu-vraiment\/"]}]},{"@type":"ImageObject","inLanguage":"fr-FR","@id":"https:\/\/dicodusport.fr\/blog\/des-entraineurs-francais-sans-idees-collectives-du-jeu-vraiment\/#primaryimage","url":"https:\/\/dicodusport.fr\/blog\/wp-content\/uploads\/2021\/04\/Pablo-Longoria-Olympique-de-Marseille-2021.jpg","contentUrl":"https:\/\/dicodusport.fr\/blog\/wp-content\/uploads\/2021\/04\/Pablo-Longoria-Olympique-de-Marseille-2021.jpg","width":1679,"height":998,"caption":"Pablo Longoria Olympique de Marseille 2021"},{"@type":"BreadcrumbList","@id":"https:\/\/dicodusport.fr\/blog\/des-entraineurs-francais-sans-idees-collectives-du-jeu-vraiment\/#breadcrumb","itemListElement":[{"@type":"ListItem","position":1,"name":"Accueil","item":"https:\/\/dicodusport.fr\/blog\/"},{"@type":"ListItem","position":2,"name":"Des entra\u00eeneurs fran\u00e7ais sans id\u00e9es collectives du jeu, vraiment ?"}]},{"@type":"WebSite","@id":"https:\/\/dicodusport.fr\/blog\/#website","url":"https:\/\/dicodusport.fr\/blog\/","name":"Dicodusport","description":"L&#039;encyclop\u00e9die de l&#039;actualit\u00e9 sportive","publisher":{"@id":"https:\/\/dicodusport.fr\/blog\/#organization"},"potentialAction":[{"@type":"SearchAction","target":{"@type":"EntryPoint","urlTemplate":"https:\/\/dicodusport.fr\/blog\/?s={search_term_string}"},"query-input":{"@type":"PropertyValueSpecification","valueRequired":true,"valueName":"search_term_string"}}],"inLanguage":"fr-FR"},{"@type":"NewsMediaOrganization","@id":"https:\/\/dicodusport.fr\/blog\/#organization","name":"Dicodusport","url":"https:\/\/dicodusport.fr\/blog\/","logo":{"@type":"ImageObject","inLanguage":"fr-FR","@id":"https:\/\/dicodusport.fr\/blog\/#\/schema\/logo\/image\/","url":"https:\/\/dicodusport.fr\/blog\/wp-content\/uploads\/2020\/06\/cropped-LOGO-DICODUSPORT-2020-SANS-FOND-SANS-TEXTE.png","contentUrl":"https:\/\/dicodusport.fr\/blog\/wp-content\/uploads\/2020\/06\/cropped-LOGO-DICODUSPORT-2020-SANS-FOND-SANS-TEXTE.png","width":512,"height":512,"caption":"Dicodusport"},"image":{"@id":"https:\/\/dicodusport.fr\/blog\/#\/schema\/logo\/image\/"},"sameAs":["https:\/\/www.facebook.com\/dicodusport","https:\/\/x.com\/dicodusport","https:\/\/www.instagram.com\/dicodusport\/","https:\/\/www.youtube.com\/channel\/UC7V2KZ5sd3htJivAbA4ZG3w"],"description":"Dicodusport est l'encyclop\u00e9die de l'actualit\u00e9 sportive.","email":"bonjour@dicodusport.fr","legalName":"DICODUSPORT","foundingDate":"2018-01-14","vatID":"FR71834470973","taxID":"83447097300043","numberOfEmployees":{"@type":"QuantitativeValue","minValue":"1","maxValue":"10"}},{"@type":"Person","@id":"https:\/\/dicodusport.fr\/blog\/#\/schema\/person\/8c78730a59f8a1e617f7a19026ebc14a","name":"Romain Delanis","image":{"@type":"ImageObject","inLanguage":"fr-FR","@id":"https:\/\/dicodusport.fr\/blog\/#\/schema\/person\/image\/","url":"https:\/\/dicodusport.fr\/blog\/wp-content\/uploads\/2021\/05\/Romain-Delanis-150x150.jpg","contentUrl":"https:\/\/dicodusport.fr\/blog\/wp-content\/uploads\/2021\/05\/Romain-Delanis-150x150.jpg","caption":"Romain Delanis"},"description":"Journaliste\/R\u00e9dacteur depuis novembre 2015 - Capable de passer un samedi apr\u00e8s-midi devant la Ligue 2 puis le biathlon sans oublier la finale de l\u2019ATP Rotterdam, j\u2019aime aussi mettre mon r\u00e9veil pour me faire un Pistons\/Bulls qui rappelle de bons souvenirs. Tout cela, j\u2019ai choisi il y a maintenant quelques temps de vous le raconter avec Dicodusport, pour vous faire vivre ma passion parfois inconsid\u00e9r\u00e9e pour le sport en g\u00e9n\u00e9ral (mais surtout le foot faut se l\u2019avouer).","sameAs":["https:\/\/x.com\/https:\/\/twitter.com\/RDelanis"],"url":"https:\/\/dicodusport.fr\/blog\/author\/romain\/"}]}},"_links":{"self":[{"href":"https:\/\/dicodusport.fr\/blog\/wp-json\/wp\/v2\/posts\/121766","targetHints":{"allow":["GET"]}}],"collection":[{"href":"https:\/\/dicodusport.fr\/blog\/wp-json\/wp\/v2\/posts"}],"about":[{"href":"https:\/\/dicodusport.fr\/blog\/wp-json\/wp\/v2\/types\/post"}],"author":[{"embeddable":true,"href":"https:\/\/dicodusport.fr\/blog\/wp-json\/wp\/v2\/users\/14"}],"replies":[{"embeddable":true,"href":"https:\/\/dicodusport.fr\/blog\/wp-json\/wp\/v2\/comments?post=121766"}],"version-history":[{"count":0,"href":"https:\/\/dicodusport.fr\/blog\/wp-json\/wp\/v2\/posts\/121766\/revisions"}],"wp:featuredmedia":[{"embeddable":true,"href":"https:\/\/dicodusport.fr\/blog\/wp-json\/wp\/v2\/media\/121851"}],"wp:attachment":[{"href":"https:\/\/dicodusport.fr\/blog\/wp-json\/wp\/v2\/media?parent=121766"}],"wp:term":[{"taxonomy":"category","embeddable":true,"href":"https:\/\/dicodusport.fr\/blog\/wp-json\/wp\/v2\/categories?post=121766"},{"taxonomy":"post_tag","embeddable":true,"href":"https:\/\/dicodusport.fr\/blog\/wp-json\/wp\/v2\/tags?post=121766"}],"curies":[{"name":"wp","href":"https:\/\/api.w.org\/{rel}","templated":true}]}}