{"id":121896,"date":"2021-05-10T11:50:11","date_gmt":"2021-05-10T09:50:11","guid":{"rendered":"https:\/\/dicodusport.fr\/blog\/?p=121896&#038;preview=true&#038;preview_id=121896"},"modified":"2021-05-10T13:05:36","modified_gmt":"2021-05-10T11:05:36","slug":"ligue-1-transferts-quel-mercato-pour-lom","status":"publish","type":"post","link":"https:\/\/dicodusport.fr\/blog\/ligue-1-transferts-quel-mercato-pour-lom\/","title":{"rendered":"Ligue 1 &#8211; Transferts : quel mercato pour l&rsquo;OM ?"},"content":{"rendered":"<p style=\"text-align: justify;\"><strong><em>La saison 2020-2021 \u00e9tant proche de rendre son verdict, les clubs peuvent plancher sur la prochaine. \u00c0 quoi ressemblera le mercato de l&rsquo;OM ? On y r\u00e9pond.<\/em><\/strong><\/p>\n<p style=\"text-align: justify;\"><strong>Jorge Sampaoli<\/strong> l&rsquo;a lui-m\u00eame annonc\u00e9 : cette fin de saison olympienne servira avant tout \u00e0 installer ses id\u00e9es de jeu au club, et jauger ses joueurs en vue de la saison prochaine. Le mercato pourra \u00eatre facilit\u00e9 par une qualification en Europa League. Mais en attendant que le championnat donne son verdict, nous vous proposons une revue d&rsquo;effectif de l&rsquo;OM en vue de la saison prochaine.<\/p>\n<h2 style=\"text-align: justify;\">Ils restent<\/h2>\n<p style=\"text-align: justify;\">Leurs contrats ayant r\u00e9cemment \u00e9t\u00e9 prolong\u00e9s, les v\u00e9t\u00e9rans <strong>Steve Mandanda<\/strong> (36 ans) et <strong>Dimitri Payet<\/strong> (34 ans) seront encore au club la saison prochaine. N\u00e9anmoins, Sampaoli a ouvert la porte \u00e0 l&rsquo;arriv\u00e9e d&rsquo;un autre gardien pour concurrencer Mandanda. Autre joueur qui sera de la f\u00eate, le d\u00e9fenseur espagnol <strong>Alvaro Gonzalez<\/strong>, qui se plait \u00e0 Marseille. Des discussions pour une prolongation ont m\u00eame \u00e9t\u00e9 ouvertes. En forme depuis son arriv\u00e9e, le milieu de terrain <strong>Pape Gueye<\/strong> devrait lui aussi \u00eatre encore l\u00e0, sauf offre \u00ab\u00a0qu&rsquo;on ne peut pas refuser\u00a0\u00bb. M\u00eame situation pour<strong> Dario Benedetto<\/strong>. Bien que moins utilis\u00e9, l&rsquo;Argentin a un \u00e2ge avanc\u00e9 (31 ans) et dispose d&rsquo;un salaire cons\u00e9quent. On voit mal qui pourrait le r\u00e9cup\u00e9rer.<\/p>\n<p style=\"text-align: justify;\">De retour en gr\u00e2ce depuis l&rsquo;arriv\u00e9e de Sampaoli, le jeune Br\u00e9silien <strong>Luis Henrique<\/strong> pourrait \u00eatre l&rsquo;une des t\u00eates d&rsquo;affiche du club la saison prochaine.<\/p>\n<p style=\"text-align: justify;\">C&rsquo;est peu. Mais ces joueurs sont pour le moment les seuls de l&rsquo;effectif actuel dont l&rsquo;avenir est scell\u00e9.<\/p>\n<hr \/>\n<ul>\n<li><strong>\u00c0 lire aussi : <a href=\"https:\/\/dicodusport.fr\/blog\/des-entraineurs-francais-sans-idees-collectives-du-jeu-vraiment\/\">Des entra\u00eeneurs fran\u00e7ais sans id\u00e9es collectives du jeu, vraiment ?<\/a><\/strong><\/li>\n<\/ul>\n<hr \/>\n<h2 style=\"text-align: justify;\">Leur avenir est incertain<\/h2>\n<p style=\"text-align: justify;\">L&rsquo;OM compte dans son effectif de nombreux joueurs pr\u00eat\u00e9s. Et leurs destins seront diff\u00e9rents. Peu convaincants depuis leur arriv\u00e9e, <strong>Micha\u00ebl Cuisance<\/strong> (Bayern) et <strong>Olivier Ntcham<\/strong> (Celtic Glasgow) vont sans doute retourner dans leur club d&rsquo;origine. Contrairement aux premiers nomm\u00e9s, <strong>Pol Lirola<\/strong> et<strong> Leonardo Balerdi<\/strong> ont eux convaincu le coach et les supporters. N\u00e9anmoins leurs options d&rsquo;achat (12 millions pour Lirola, 15 pour Balerdi) sont assez \u00e9lev\u00e9es. Le club disposant de fonds limit\u00e9s, \u00e7a sera compliqu\u00e9 de garder les deux joueurs.<\/p>\n<p style=\"text-align: justify;\">Pour financer ces lev\u00e9es d&rsquo;option, le club pourrait \u00eatre contraint de vendre ses deux joueurs \u00e0 plus grosse valeur marchande. Le premier est <strong>Duje Caleta-Car<\/strong>. Totalement d\u00e9motiv\u00e9 depuis son d\u00e9part avort\u00e9 \u00e0 Liverpool au mercato d&rsquo;hiver, le Croate ne sera s\u00fbrement pas retenu une nouvelle fois. Il pourrait \u00eatre vendu contre une somme comprise entre 25 et 30 millions d&rsquo;euros. Autre joueur cot\u00e9, <strong>Boubacar Kamara<\/strong>. Suivi par plusieurs grands clubs europ\u00e9ens, \u00ab\u00a0Bouba\u00a0\u00bb pourrait faire le grand saut l&rsquo;\u00e9t\u00e9 prochain. Valoris\u00e9 37 millions d&rsquo;euros par Transfermarkt, Kamara pourrait rapporter beaucoup d&rsquo;argent au club.<\/p>\n<h2 style=\"text-align: justify;\">Les fins de contrat<\/h2>\n<p style=\"text-align: justify;\">Pour <strong>Jordan Amavi<\/strong> la situation est diff\u00e9rente. Bless\u00e9 quasiment toute la saison (11 matchs disput\u00e9s) le lat\u00e9ral gauche ne devrait pas avoir foule de suiveurs cet \u00e9t\u00e9. Une prolongation est clairement possible dans son cas.<\/p>\n<p style=\"text-align: justify;\">Tout le contraire de <strong>Val\u00e8re Germain<\/strong>. Lui aussi en fin de contrat, le Fran\u00e7ais ne sera pas retenu. Et un autre attaquant pourrait suivre.<\/p>\n<h2 style=\"text-align: justify;\">Le cas Arkadiusz Milik<\/h2>\n<p style=\"text-align: justify;\">Arriv\u00e9 cet hiver, l&rsquo;attaquant polonais <strong>Arkadiusz Milik<\/strong> pourrait d\u00e9j\u00e0 repartir. Bien que les clauses lib\u00e9ratoires soient ill\u00e9gales en France, le Polonais disposerait d&rsquo;un \u00ab\u00a0gentleman agreement\u00a0\u00bb avec l&rsquo;OM et pourrait d\u00e8s cet \u00e9t\u00e9 retourner en Italie, \u00e0 condition qu&rsquo;un club paie 12 millions d&rsquo;euros. Une somme qui ne fait pas peur \u00e0 la Juventus Turin, int\u00e9ress\u00e9e depuis longtemps par les services de Milik. Son retour en forme depuis son arriv\u00e9e \u00e0 l&rsquo;OM (4 buts en 9 matchs) va sans doute convaincre les Turinois de sortir le ch\u00e9quier. Rien n&rsquo;est encore r\u00e9gl\u00e9, mais \u00ab\u00a0Arek\u00a0\u00bb va surement faire simplement un passage \u00e9clair au Stade V\u00e9lodrome. Ce qui est dommage, tant il avait tout pour devenir \u00e0 long terme le \u00ab\u00a0Grantattakan\u00a0\u00bb d\u00e9sir\u00e9 depuis longtemps par les supporters.<\/p>\n<h2 style=\"text-align: justify;\">Les arriv\u00e9es<\/h2>\n<p style=\"text-align: justify;\">Pour l&rsquo;instant, c&rsquo;est la grande inconnue. A moins que les pronostics de <strong>Thibaud V\u00e9zirian<\/strong> et @LeKouss se r\u00e9alisent et que le club soit vendu, l&rsquo;OM disposera de fonds limit\u00e9s pour le recrutement. Pour acheter, il faudra vendre d&rsquo;abord. Et en fonction des d\u00e9parts, il faudra prendre \u00e0 minima un attaquant, ainsi qu&rsquo;un, voire deux milieux de terrain d\u00e9fensifs, et un lat\u00e9ral gauche.<\/p>\n<p style=\"text-align: justify;\">\u00c0 moins que la <a href=\"https:\/\/dicodusport.fr\/blog\/pablo-longoria-impose-sa-griffe-om\/\">nouvelle cellule de recrutement<\/a> ne fasse des miracles sur des joueurs m\u00e9connus \u00e0 bas prix, le mercato olympien commencera de fa\u00e7on plut\u00f4t calme. Et se lancera une fois des joueurs vendus. Difficile donc de faire des projections et de citer des noms pour le moment.<\/p>\n<h2 style=\"text-align: justify;\">Les d\u00e9parts<\/h2>\n<p style=\"text-align: justify;\">Comme cela \u00e9tait pressenti depuis des mois, <strong>Florian Thauvin<\/strong> quittera l&rsquo;Olympique de Marseille \u00e0 la fin de la saison pour joindre Andr\u00e9-Pierre Gignac chez les Tigres au Mexique. L&rsquo;international fran\u00e7ais de 28 ans l&rsquo;a annonc\u00e9 lui-m\u00eame sur ses r\u00e9seaux sociaux.<\/p>\n<blockquote class=\"twitter-tweet\">\n<p dir=\"ltr\" lang=\"es\">Perfil Tigre es creer que siempre es posible &#8230; Vamos tigres &#x1f42f; <a href=\"https:\/\/twitter.com\/TigresOficial?ref_src=twsrc%5Etfw\">@TigresOficial<\/a> &#x1f49b;&#x1f499; <a href=\"https:\/\/t.co\/apOq1q8lbu\">pic.twitter.com\/apOq1q8lbu<\/a><\/p>\n<p>\u2014 Florian Thauvin (@FlorianThauvin) <a href=\"https:\/\/twitter.com\/FlorianThauvin\/status\/1390698456214294528?ref_src=twsrc%5Etfw\">May 7, 2021<\/a><\/p><\/blockquote>\n<p><script async src=\"https:\/\/platform.twitter.com\/widgets.js\" charset=\"utf-8\"><\/script><\/p>\n<p style=\"text-align: justify;\"><strong><em>Idriss Ahamada<br \/>\n<\/em><\/strong><strong><em><a href=\"https:\/\/www.facebook.com\/dicodusport\/\" target=\"_blank\" rel=\"noopener noreferrer\"><img loading=\"lazy\" decoding=\"async\" class=\"alignnone wp-image-2909\" src=\"http:\/\/dicodusport.fr\/blog\/wp-content\/uploads\/2017\/07\/logo-facebook-150x150.png\" alt=\"\" width=\"40\" height=\"40\" \/><\/a><a href=\"https:\/\/twitter.com\/dicodusport\" target=\"_blank\" rel=\"noopener noreferrer\"><img loading=\"lazy\" decoding=\"async\" class=\"alignnone wp-image-2908\" src=\"http:\/\/dicodusport.fr\/blog\/wp-content\/uploads\/2017\/07\/logo-twitter-150x150.png\" alt=\"\" width=\"39\" height=\"39\" \/><\/a><\/em><\/strong><\/p>\n","protected":false},"excerpt":{"rendered":"<p>La saison 2020-2021 \u00e9tant proche de rendre son verdict, les clubs peuvent plancher sur la prochaine. \u00c0 quoi ressemblera le mercato de l&rsquo;OM ? On y r\u00e9pond.<\/p>\n","protected":false},"author":39,"featured_media":122130,"comment_status":"open","ping_status":"closed","sticky":false,"template":"","format":"standard","meta":{"_acf_changed":false,"_daextam_enable_autolinks":"","footnotes":""},"categories":[2301],"tags":[75,1554,5867,2924],"class_list":["post-121896","post","type-post","status-publish","format-standard","has-post-thumbnail","hentry","category-football","tag-football","tag-ligue-1","tag-mercato-ligue-1","tag-olympique-de-marseille"],"acf":[],"yoast_head":"<!-- This site is optimized with the Yoast SEO Premium plugin v26.7 (Yoast SEO v26.7) - https:\/\/yoast.com\/wordpress\/plugins\/seo\/ -->\n<title>Ligue 1 - Transferts : quel mercato pour l&#039;OM ?<\/title>\n<meta name=\"description\" content=\"La saison 2020-2021 \u00e9tant proche de rendre son verdict, les clubs peuvent plancher sur la prochaine. \u00c0 quoi ressemblera le mercato de l&#039;OM ? On y r\u00e9pond.\" \/>\n<meta name=\"robots\" content=\"index, follow, max-snippet:-1, max-image-preview:large, max-video-preview:-1\" \/>\n<link rel=\"canonical\" href=\"https:\/\/dicodusport.fr\/blog\/ligue-1-transferts-quel-mercato-pour-lom\/\" \/>\n<meta property=\"og:locale\" content=\"fr_FR\" \/>\n<meta property=\"og:type\" content=\"article\" \/>\n<meta property=\"og:title\" content=\"Ligue 1 - Transferts : quel mercato pour l&#039;OM ?\" \/>\n<meta property=\"og:description\" content=\"La saison 2020-2021 \u00e9tant proche de rendre son verdict, les clubs peuvent plancher sur la prochaine. \u00c0 quoi ressemblera le mercato de l&#039;OM ? On y r\u00e9pond.\" \/>\n<meta property=\"og:url\" content=\"https:\/\/dicodusport.fr\/blog\/ligue-1-transferts-quel-mercato-pour-lom\/\" \/>\n<meta property=\"og:site_name\" content=\"Dicodusport\" \/>\n<meta property=\"article:publisher\" content=\"https:\/\/www.facebook.com\/dicodusport\" \/>\n<meta property=\"article:published_time\" content=\"2021-05-10T09:50:11+00:00\" \/>\n<meta property=\"article:modified_time\" content=\"2021-05-10T11:05:36+00:00\" \/>\n<meta property=\"og:image\" content=\"https:\/\/dicodusport.fr\/blog\/wp-content\/uploads\/2021\/04\/Ligue-1-Transferts-Quel-mercato-pour-lOM.png\" \/>\n\t<meta property=\"og:image:width\" content=\"800\" \/>\n\t<meta property=\"og:image:height\" content=\"445\" \/>\n\t<meta property=\"og:image:type\" content=\"image\/png\" \/>\n<meta name=\"author\" content=\"Idriss Ahamada\" \/>\n<meta name=\"twitter:card\" content=\"summary_large_image\" \/>\n<meta name=\"twitter:title\" content=\"Ligue 1 - Transferts : quel mercato pour l&#039;OM ?\" \/>\n<meta name=\"twitter:creator\" content=\"@https:\/\/twitter.com\/idriss_ia7\" \/>\n<meta name=\"twitter:site\" content=\"@dicodusport\" \/>\n<script type=\"application\/ld+json\" class=\"yoast-schema-graph\">{\"@context\":\"https:\/\/schema.org\",\"@graph\":[{\"@type\":\"NewsArticle\",\"@id\":\"https:\/\/dicodusport.fr\/blog\/ligue-1-transferts-quel-mercato-pour-lom\/#article\",\"isPartOf\":{\"@id\":\"https:\/\/dicodusport.fr\/blog\/ligue-1-transferts-quel-mercato-pour-lom\/\"},\"author\":{\"name\":\"Idriss Ahamada\",\"@id\":\"https:\/\/dicodusport.fr\/blog\/#\/schema\/person\/f3797823174b5e2975b9efe0302f16f4\"},\"headline\":\"Ligue 1 &#8211; Transferts : quel mercato pour l&rsquo;OM ?\",\"datePublished\":\"2021-05-10T09:50:11+00:00\",\"dateModified\":\"2021-05-10T11:05:36+00:00\",\"mainEntityOfPage\":{\"@id\":\"https:\/\/dicodusport.fr\/blog\/ligue-1-transferts-quel-mercato-pour-lom\/\"},\"wordCount\":903,\"commentCount\":0,\"publisher\":{\"@id\":\"https:\/\/dicodusport.fr\/blog\/#organization\"},\"image\":{\"@id\":\"https:\/\/dicodusport.fr\/blog\/ligue-1-transferts-quel-mercato-pour-lom\/#primaryimage\"},\"thumbnailUrl\":\"https:\/\/dicodusport.fr\/blog\/wp-content\/uploads\/2021\/04\/Ligue-1-Transferts-Quel-mercato-pour-lOM.png\",\"keywords\":[\"Football\",\"Ligue 1\",\"Mercato Ligue 1\",\"Olympique de Marseille\"],\"articleSection\":[\"Football\"],\"inLanguage\":\"fr-FR\",\"potentialAction\":[{\"@type\":\"CommentAction\",\"name\":\"Comment\",\"target\":[\"https:\/\/dicodusport.fr\/blog\/ligue-1-transferts-quel-mercato-pour-lom\/#respond\"]}],\"copyrightYear\":\"2021\",\"copyrightHolder\":{\"@id\":\"https:\/\/dicodusport.fr\/blog\/#organization\"}},{\"@type\":\"WebPage\",\"@id\":\"https:\/\/dicodusport.fr\/blog\/ligue-1-transferts-quel-mercato-pour-lom\/\",\"url\":\"https:\/\/dicodusport.fr\/blog\/ligue-1-transferts-quel-mercato-pour-lom\/\",\"name\":\"Ligue 1 - Transferts : quel mercato pour l'OM ?\",\"isPartOf\":{\"@id\":\"https:\/\/dicodusport.fr\/blog\/#website\"},\"primaryImageOfPage\":{\"@id\":\"https:\/\/dicodusport.fr\/blog\/ligue-1-transferts-quel-mercato-pour-lom\/#primaryimage\"},\"image\":{\"@id\":\"https:\/\/dicodusport.fr\/blog\/ligue-1-transferts-quel-mercato-pour-lom\/#primaryimage\"},\"thumbnailUrl\":\"https:\/\/dicodusport.fr\/blog\/wp-content\/uploads\/2021\/04\/Ligue-1-Transferts-Quel-mercato-pour-lOM.png\",\"datePublished\":\"2021-05-10T09:50:11+00:00\",\"dateModified\":\"2021-05-10T11:05:36+00:00\",\"description\":\"La saison 2020-2021 \u00e9tant proche de rendre son verdict, les clubs peuvent plancher sur la prochaine. \u00c0 quoi ressemblera le mercato de l'OM ? On y r\u00e9pond.\",\"breadcrumb\":{\"@id\":\"https:\/\/dicodusport.fr\/blog\/ligue-1-transferts-quel-mercato-pour-lom\/#breadcrumb\"},\"inLanguage\":\"fr-FR\",\"potentialAction\":[{\"@type\":\"ReadAction\",\"target\":[\"https:\/\/dicodusport.fr\/blog\/ligue-1-transferts-quel-mercato-pour-lom\/\"]}]},{\"@type\":\"ImageObject\",\"inLanguage\":\"fr-FR\",\"@id\":\"https:\/\/dicodusport.fr\/blog\/ligue-1-transferts-quel-mercato-pour-lom\/#primaryimage\",\"url\":\"https:\/\/dicodusport.fr\/blog\/wp-content\/uploads\/2021\/04\/Ligue-1-Transferts-Quel-mercato-pour-lOM.png\",\"contentUrl\":\"https:\/\/dicodusport.fr\/blog\/wp-content\/uploads\/2021\/04\/Ligue-1-Transferts-Quel-mercato-pour-lOM.png\",\"width\":800,\"height\":445,\"caption\":\"Ligue 1 - Transferts - Quel mercato pour l'OM\"},{\"@type\":\"BreadcrumbList\",\"@id\":\"https:\/\/dicodusport.fr\/blog\/ligue-1-transferts-quel-mercato-pour-lom\/#breadcrumb\",\"itemListElement\":[{\"@type\":\"ListItem\",\"position\":1,\"name\":\"Accueil\",\"item\":\"https:\/\/dicodusport.fr\/blog\/\"},{\"@type\":\"ListItem\",\"position\":2,\"name\":\"Ligue 1 &#8211; Transferts : quel mercato pour l&rsquo;OM ?\"}]},{\"@type\":\"WebSite\",\"@id\":\"https:\/\/dicodusport.fr\/blog\/#website\",\"url\":\"https:\/\/dicodusport.fr\/blog\/\",\"name\":\"Dicodusport\",\"description\":\"L&#039;encyclop\u00e9die de l&#039;actualit\u00e9 sportive\",\"publisher\":{\"@id\":\"https:\/\/dicodusport.fr\/blog\/#organization\"},\"potentialAction\":[{\"@type\":\"SearchAction\",\"target\":{\"@type\":\"EntryPoint\",\"urlTemplate\":\"https:\/\/dicodusport.fr\/blog\/?s={search_term_string}\"},\"query-input\":{\"@type\":\"PropertyValueSpecification\",\"valueRequired\":true,\"valueName\":\"search_term_string\"}}],\"inLanguage\":\"fr-FR\"},{\"@type\":\"NewsMediaOrganization\",\"@id\":\"https:\/\/dicodusport.fr\/blog\/#organization\",\"name\":\"Dicodusport\",\"url\":\"https:\/\/dicodusport.fr\/blog\/\",\"logo\":{\"@type\":\"ImageObject\",\"inLanguage\":\"fr-FR\",\"@id\":\"https:\/\/dicodusport.fr\/blog\/#\/schema\/logo\/image\/\",\"url\":\"https:\/\/dicodusport.fr\/blog\/wp-content\/uploads\/2020\/06\/cropped-LOGO-DICODUSPORT-2020-SANS-FOND-SANS-TEXTE.png\",\"contentUrl\":\"https:\/\/dicodusport.fr\/blog\/wp-content\/uploads\/2020\/06\/cropped-LOGO-DICODUSPORT-2020-SANS-FOND-SANS-TEXTE.png\",\"width\":512,\"height\":512,\"caption\":\"Dicodusport\"},\"image\":{\"@id\":\"https:\/\/dicodusport.fr\/blog\/#\/schema\/logo\/image\/\"},\"sameAs\":[\"https:\/\/www.facebook.com\/dicodusport\",\"https:\/\/x.com\/dicodusport\",\"https:\/\/www.instagram.com\/dicodusport\/\",\"https:\/\/www.youtube.com\/channel\/UC7V2KZ5sd3htJivAbA4ZG3w\"],\"description\":\"Dicodusport est l'encyclop\u00e9die de l'actualit\u00e9 sportive.\",\"email\":\"bonjour@dicodusport.fr\",\"legalName\":\"DICODUSPORT\",\"foundingDate\":\"2018-01-14\",\"vatID\":\"FR71834470973\",\"taxID\":\"83447097300043\",\"numberOfEmployees\":{\"@type\":\"QuantitativeValue\",\"minValue\":\"1\",\"maxValue\":\"10\"}},{\"@type\":\"Person\",\"@id\":\"https:\/\/dicodusport.fr\/blog\/#\/schema\/person\/f3797823174b5e2975b9efe0302f16f4\",\"name\":\"Idriss Ahamada\",\"image\":{\"@type\":\"ImageObject\",\"inLanguage\":\"fr-FR\",\"@id\":\"https:\/\/dicodusport.fr\/blog\/#\/schema\/person\/image\/\",\"url\":\"https:\/\/dicodusport.fr\/blog\/wp-content\/uploads\/2021\/04\/Maillot-Idriss-Dicodusport-150x150.png\",\"contentUrl\":\"https:\/\/dicodusport.fr\/blog\/wp-content\/uploads\/2021\/04\/Maillot-Idriss-Dicodusport-150x150.png\",\"caption\":\"Idriss Ahamada\"},\"description\":\"Passionn\u00e9 de sport depuis toujours, c\u2019est tout naturellement qu\u2019apr\u00e8s avoir compris que je n\u2019avais pas le niveau pour jouer \u00e0 Manchester United, et pas la force n\u00e9cessaire pour combattre \u00e0 l\u2019UFC que je me suis tourn\u00e9 vers le journalisme pour raconter les exploits et les histoires de ceux qui en sont capables. Le football, surtout quand il est jou\u00e9 en Angleterre, reste mon premier amour. Mais j\u2019aime aussi veiller la nuit pour vous parler de KO et de victoires unanimes \u00e0 l\u2019UFC ou sur les rings de boxe. Mon c\u00f4t\u00e9 fan de Wayne Rooney m\u2019a \u00e9galement pouss\u00e9 \u00e0 devenir polyvalent et \u00e0 parler aussi de rugby (\u00e0 XIII comme \u00e0 XV) et occasionnellement de cyclisme. C\u2019est donc logiquement que j\u2019ai rejoint Dicodusport, pour pouvoir parler de l\u2019actualit\u00e9, sur tous les terrains.\",\"sameAs\":[\"https:\/\/x.com\/https:\/\/twitter.com\/idriss_ia7\"],\"url\":\"https:\/\/dicodusport.fr\/blog\/author\/idriss\/\"}]}<\/script>\n<!-- \/ Yoast SEO Premium plugin. -->","yoast_head_json":{"title":"Ligue 1 - Transferts : quel mercato pour l'OM ?","description":"La saison 2020-2021 \u00e9tant proche de rendre son verdict, les clubs peuvent plancher sur la prochaine. \u00c0 quoi ressemblera le mercato de l'OM ? On y r\u00e9pond.","robots":{"index":"index","follow":"follow","max-snippet":"max-snippet:-1","max-image-preview":"max-image-preview:large","max-video-preview":"max-video-preview:-1"},"canonical":"https:\/\/dicodusport.fr\/blog\/ligue-1-transferts-quel-mercato-pour-lom\/","og_locale":"fr_FR","og_type":"article","og_title":"Ligue 1 - Transferts : quel mercato pour l'OM ?","og_description":"La saison 2020-2021 \u00e9tant proche de rendre son verdict, les clubs peuvent plancher sur la prochaine. \u00c0 quoi ressemblera le mercato de l'OM ? On y r\u00e9pond.","og_url":"https:\/\/dicodusport.fr\/blog\/ligue-1-transferts-quel-mercato-pour-lom\/","og_site_name":"Dicodusport","article_publisher":"https:\/\/www.facebook.com\/dicodusport","article_published_time":"2021-05-10T09:50:11+00:00","article_modified_time":"2021-05-10T11:05:36+00:00","og_image":[{"width":800,"height":445,"url":"https:\/\/dicodusport.fr\/blog\/wp-content\/uploads\/2021\/04\/Ligue-1-Transferts-Quel-mercato-pour-lOM.png","type":"image\/png"}],"author":"Idriss Ahamada","twitter_card":"summary_large_image","twitter_title":"Ligue 1 - Transferts : quel mercato pour l'OM ?","twitter_creator":"@https:\/\/twitter.com\/idriss_ia7","twitter_site":"@dicodusport","schema":{"@context":"https:\/\/schema.org","@graph":[{"@type":"NewsArticle","@id":"https:\/\/dicodusport.fr\/blog\/ligue-1-transferts-quel-mercato-pour-lom\/#article","isPartOf":{"@id":"https:\/\/dicodusport.fr\/blog\/ligue-1-transferts-quel-mercato-pour-lom\/"},"author":{"name":"Idriss Ahamada","@id":"https:\/\/dicodusport.fr\/blog\/#\/schema\/person\/f3797823174b5e2975b9efe0302f16f4"},"headline":"Ligue 1 &#8211; Transferts : quel mercato pour l&rsquo;OM ?","datePublished":"2021-05-10T09:50:11+00:00","dateModified":"2021-05-10T11:05:36+00:00","mainEntityOfPage":{"@id":"https:\/\/dicodusport.fr\/blog\/ligue-1-transferts-quel-mercato-pour-lom\/"},"wordCount":903,"commentCount":0,"publisher":{"@id":"https:\/\/dicodusport.fr\/blog\/#organization"},"image":{"@id":"https:\/\/dicodusport.fr\/blog\/ligue-1-transferts-quel-mercato-pour-lom\/#primaryimage"},"thumbnailUrl":"https:\/\/dicodusport.fr\/blog\/wp-content\/uploads\/2021\/04\/Ligue-1-Transferts-Quel-mercato-pour-lOM.png","keywords":["Football","Ligue 1","Mercato Ligue 1","Olympique de Marseille"],"articleSection":["Football"],"inLanguage":"fr-FR","potentialAction":[{"@type":"CommentAction","name":"Comment","target":["https:\/\/dicodusport.fr\/blog\/ligue-1-transferts-quel-mercato-pour-lom\/#respond"]}],"copyrightYear":"2021","copyrightHolder":{"@id":"https:\/\/dicodusport.fr\/blog\/#organization"}},{"@type":"WebPage","@id":"https:\/\/dicodusport.fr\/blog\/ligue-1-transferts-quel-mercato-pour-lom\/","url":"https:\/\/dicodusport.fr\/blog\/ligue-1-transferts-quel-mercato-pour-lom\/","name":"Ligue 1 - Transferts : quel mercato pour l'OM ?","isPartOf":{"@id":"https:\/\/dicodusport.fr\/blog\/#website"},"primaryImageOfPage":{"@id":"https:\/\/dicodusport.fr\/blog\/ligue-1-transferts-quel-mercato-pour-lom\/#primaryimage"},"image":{"@id":"https:\/\/dicodusport.fr\/blog\/ligue-1-transferts-quel-mercato-pour-lom\/#primaryimage"},"thumbnailUrl":"https:\/\/dicodusport.fr\/blog\/wp-content\/uploads\/2021\/04\/Ligue-1-Transferts-Quel-mercato-pour-lOM.png","datePublished":"2021-05-10T09:50:11+00:00","dateModified":"2021-05-10T11:05:36+00:00","description":"La saison 2020-2021 \u00e9tant proche de rendre son verdict, les clubs peuvent plancher sur la prochaine. \u00c0 quoi ressemblera le mercato de l'OM ? On y r\u00e9pond.","breadcrumb":{"@id":"https:\/\/dicodusport.fr\/blog\/ligue-1-transferts-quel-mercato-pour-lom\/#breadcrumb"},"inLanguage":"fr-FR","potentialAction":[{"@type":"ReadAction","target":["https:\/\/dicodusport.fr\/blog\/ligue-1-transferts-quel-mercato-pour-lom\/"]}]},{"@type":"ImageObject","inLanguage":"fr-FR","@id":"https:\/\/dicodusport.fr\/blog\/ligue-1-transferts-quel-mercato-pour-lom\/#primaryimage","url":"https:\/\/dicodusport.fr\/blog\/wp-content\/uploads\/2021\/04\/Ligue-1-Transferts-Quel-mercato-pour-lOM.png","contentUrl":"https:\/\/dicodusport.fr\/blog\/wp-content\/uploads\/2021\/04\/Ligue-1-Transferts-Quel-mercato-pour-lOM.png","width":800,"height":445,"caption":"Ligue 1 - Transferts - Quel mercato pour l'OM"},{"@type":"BreadcrumbList","@id":"https:\/\/dicodusport.fr\/blog\/ligue-1-transferts-quel-mercato-pour-lom\/#breadcrumb","itemListElement":[{"@type":"ListItem","position":1,"name":"Accueil","item":"https:\/\/dicodusport.fr\/blog\/"},{"@type":"ListItem","position":2,"name":"Ligue 1 &#8211; Transferts : quel mercato pour l&rsquo;OM ?"}]},{"@type":"WebSite","@id":"https:\/\/dicodusport.fr\/blog\/#website","url":"https:\/\/dicodusport.fr\/blog\/","name":"Dicodusport","description":"L&#039;encyclop\u00e9die de l&#039;actualit\u00e9 sportive","publisher":{"@id":"https:\/\/dicodusport.fr\/blog\/#organization"},"potentialAction":[{"@type":"SearchAction","target":{"@type":"EntryPoint","urlTemplate":"https:\/\/dicodusport.fr\/blog\/?s={search_term_string}"},"query-input":{"@type":"PropertyValueSpecification","valueRequired":true,"valueName":"search_term_string"}}],"inLanguage":"fr-FR"},{"@type":"NewsMediaOrganization","@id":"https:\/\/dicodusport.fr\/blog\/#organization","name":"Dicodusport","url":"https:\/\/dicodusport.fr\/blog\/","logo":{"@type":"ImageObject","inLanguage":"fr-FR","@id":"https:\/\/dicodusport.fr\/blog\/#\/schema\/logo\/image\/","url":"https:\/\/dicodusport.fr\/blog\/wp-content\/uploads\/2020\/06\/cropped-LOGO-DICODUSPORT-2020-SANS-FOND-SANS-TEXTE.png","contentUrl":"https:\/\/dicodusport.fr\/blog\/wp-content\/uploads\/2020\/06\/cropped-LOGO-DICODUSPORT-2020-SANS-FOND-SANS-TEXTE.png","width":512,"height":512,"caption":"Dicodusport"},"image":{"@id":"https:\/\/dicodusport.fr\/blog\/#\/schema\/logo\/image\/"},"sameAs":["https:\/\/www.facebook.com\/dicodusport","https:\/\/x.com\/dicodusport","https:\/\/www.instagram.com\/dicodusport\/","https:\/\/www.youtube.com\/channel\/UC7V2KZ5sd3htJivAbA4ZG3w"],"description":"Dicodusport est l'encyclop\u00e9die de l'actualit\u00e9 sportive.","email":"bonjour@dicodusport.fr","legalName":"DICODUSPORT","foundingDate":"2018-01-14","vatID":"FR71834470973","taxID":"83447097300043","numberOfEmployees":{"@type":"QuantitativeValue","minValue":"1","maxValue":"10"}},{"@type":"Person","@id":"https:\/\/dicodusport.fr\/blog\/#\/schema\/person\/f3797823174b5e2975b9efe0302f16f4","name":"Idriss Ahamada","image":{"@type":"ImageObject","inLanguage":"fr-FR","@id":"https:\/\/dicodusport.fr\/blog\/#\/schema\/person\/image\/","url":"https:\/\/dicodusport.fr\/blog\/wp-content\/uploads\/2021\/04\/Maillot-Idriss-Dicodusport-150x150.png","contentUrl":"https:\/\/dicodusport.fr\/blog\/wp-content\/uploads\/2021\/04\/Maillot-Idriss-Dicodusport-150x150.png","caption":"Idriss Ahamada"},"description":"Passionn\u00e9 de sport depuis toujours, c\u2019est tout naturellement qu\u2019apr\u00e8s avoir compris que je n\u2019avais pas le niveau pour jouer \u00e0 Manchester United, et pas la force n\u00e9cessaire pour combattre \u00e0 l\u2019UFC que je me suis tourn\u00e9 vers le journalisme pour raconter les exploits et les histoires de ceux qui en sont capables. Le football, surtout quand il est jou\u00e9 en Angleterre, reste mon premier amour. Mais j\u2019aime aussi veiller la nuit pour vous parler de KO et de victoires unanimes \u00e0 l\u2019UFC ou sur les rings de boxe. Mon c\u00f4t\u00e9 fan de Wayne Rooney m\u2019a \u00e9galement pouss\u00e9 \u00e0 devenir polyvalent et \u00e0 parler aussi de rugby (\u00e0 XIII comme \u00e0 XV) et occasionnellement de cyclisme. C\u2019est donc logiquement que j\u2019ai rejoint Dicodusport, pour pouvoir parler de l\u2019actualit\u00e9, sur tous les terrains.","sameAs":["https:\/\/x.com\/https:\/\/twitter.com\/idriss_ia7"],"url":"https:\/\/dicodusport.fr\/blog\/author\/idriss\/"}]}},"_links":{"self":[{"href":"https:\/\/dicodusport.fr\/blog\/wp-json\/wp\/v2\/posts\/121896","targetHints":{"allow":["GET"]}}],"collection":[{"href":"https:\/\/dicodusport.fr\/blog\/wp-json\/wp\/v2\/posts"}],"about":[{"href":"https:\/\/dicodusport.fr\/blog\/wp-json\/wp\/v2\/types\/post"}],"author":[{"embeddable":true,"href":"https:\/\/dicodusport.fr\/blog\/wp-json\/wp\/v2\/users\/39"}],"replies":[{"embeddable":true,"href":"https:\/\/dicodusport.fr\/blog\/wp-json\/wp\/v2\/comments?post=121896"}],"version-history":[{"count":0,"href":"https:\/\/dicodusport.fr\/blog\/wp-json\/wp\/v2\/posts\/121896\/revisions"}],"wp:featuredmedia":[{"embeddable":true,"href":"https:\/\/dicodusport.fr\/blog\/wp-json\/wp\/v2\/media\/122130"}],"wp:attachment":[{"href":"https:\/\/dicodusport.fr\/blog\/wp-json\/wp\/v2\/media?parent=121896"}],"wp:term":[{"taxonomy":"category","embeddable":true,"href":"https:\/\/dicodusport.fr\/blog\/wp-json\/wp\/v2\/categories?post=121896"},{"taxonomy":"post_tag","embeddable":true,"href":"https:\/\/dicodusport.fr\/blog\/wp-json\/wp\/v2\/tags?post=121896"}],"curies":[{"name":"wp","href":"https:\/\/api.w.org\/{rel}","templated":true}]}}