{"id":121935,"date":"2021-04-18T11:13:16","date_gmt":"2021-04-18T09:13:16","guid":{"rendered":"https:\/\/dicodusport.fr\/blog\/?p=121935"},"modified":"2021-04-18T22:16:23","modified_gmt":"2021-04-18T20:16:23","slug":"tour-des-alpes-2021-le-parcours-en-detail","status":"publish","type":"post","link":"https:\/\/dicodusport.fr\/blog\/tour-des-alpes-2021-le-parcours-en-detail\/","title":{"rendered":"Tour des Alpes 2021 : le parcours en d\u00e9tail"},"content":{"rendered":"<div class=\"ljqsnud1\" dir=\"auto\" style=\"text-align: justify;\">\n<p><strong><em><a href=\"https:\/\/dicodusport.fr\/blog\/actualites\/cyclisme\/\" target=\"_blank\" rel=\"noopener\">CYCLISME<\/a> &#8211; La <a href=\"https:\/\/www.procyclingstats.com\/race\/tour-of-the-alps\/2021\/startlist\/preview\" target=\"_blank\" rel=\"noopener\">45\u00e8me \u00e9dition du Tour des Alpes<\/a> aura lieu du 19 au 23 avril 2021 \u00e0 travers les Alpes autrichiennes et italiennes. Cinq \u00e9tapes exigeantes seront au programme pour une distance totale de 713,6 kilom\u00e8tres. 13 \u00e9quipes UCI WorldTeam, 8 UCI ProTeam, une \u00e9quipe continentale, une s\u00e9lection nationale seront pr\u00e9sentes au d\u00e9part \u00e0 Bressanone.<\/em><\/strong><\/p>\n<p>D&rsquo;abord,<strong> le Tour des Alpes 2021 commencera par une \u00e9tape vallonn\u00e9e entre Bressanone et Innsbruck<\/strong>. Sur les 40 premiers kilom\u00e8tres, la route montera en pente douce jusqu&rsquo;\u00e0 Sterzing. \u00c0 partir de l\u00e0, il va falloir gravir le <strong>Passo del Brennero (13,5 km \u00e0 3 %)<\/strong>, class\u00e9 en premi\u00e8re cat\u00e9gorie. Apr\u00e8s avoir travers\u00e9 la fronti\u00e8re italo-autrichienne, les coureurs plongeront sur Innsbruck. Deux tours de circuit seront propos\u00e9s aux concurrents avec l&rsquo;ascension de troisi\u00e8me cat\u00e9gorie d&rsquo;<strong>Axams (1,5 km \u00e0 5 % de moyenne avec 500 premiers m\u00e8tres \u00e0 7 %)<\/strong>, une mont\u00e9e emprunt\u00e9e lors des Mondiaux d&rsquo;Innsbruck 2019, lors du contre-la-montre des championnats. Le sommet se situera \u00e0 18 km de la ligne d&rsquo;arriv\u00e9e. Apr\u00e8s un plateau de trois kilom\u00e8tres, ce sera la descente vers l&rsquo;arriv\u00e9e sur la Rennweg.<\/p>\n<p>Puis, <strong>pour la deuxi\u00e8me \u00e9tape<\/strong>, ce sont plus de 2500 m\u00e8tres de d\u00e9nivel\u00e9 positif concentr\u00e9s principalement dans la seconde moiti\u00e9 de l&rsquo;\u00e9tape qui attendent les coureurs. Les 50 premiers kilom\u00e8tres de celle-ci \u00e9tant majoritairement plats. La premi\u00e8re ascension de la journ\u00e9e m\u00e8nera \u00e0 <strong>Arzl im Pitztal<\/strong>, le village de l&rsquo;ancien champion de ski alpin autrichien Benjamin Raich. Cette mont\u00e9e ne sera pas r\u00e9pertori\u00e9e au classement de la montagne. Apr\u00e8s une courte descente, la route commencera \u00e0 nouveau \u00e0 monter vers<strong> le Piller Sattel (8,1 km \u00e0 6,3 % dont les deux derniers kilom\u00e8tres seront les plus durs)<\/strong>.<\/p>\n<p>Apr\u00e8s une descente et une dizaine de kilom\u00e8tres en vall\u00e9e, ce sera <strong>la deuxi\u00e8me ascension vers Piller Sattel via son versant le plus dur de Kaunergrat (6,5 km \u00e0 9,4 %)<\/strong>. Au sommet, il ne restera que 21 kilom\u00e8tres jusqu&rsquo;\u00e0 la ligne d&rsquo;arriv\u00e9e. Apr\u00e8s la mont\u00e9e sur Prutz, les 11 derniers kilom\u00e8tres qui m\u00e8neront \u00e0 Feichten, seront en mont\u00e9e. La section la plus difficile se trouvera au milieu de cette ascension avec des pentes \u00e0 plus de 12%. Les derniers kilom\u00e8tres seront en faux plat montant jusqu&rsquo;\u00e0 Kaunertalerstra\u00dfe o\u00f9 se trouvera la ligne d&rsquo;arriv\u00e9e.<\/p>\n<p>Ensuite, <strong>la troisi\u00e8me \u00e9tape s&rsquo;\u00e9lancera d&rsquo;Imst<\/strong>. Apr\u00e8s moins de 10 kilom\u00e8tres de course, les coureurs attaqueront la premi\u00e8re mont\u00e9e de la journ\u00e9e vers <strong>Piller Sattel<\/strong>. Apr\u00e8s une descente rapide, ce sera de la vall\u00e9e jusqu&rsquo;\u00e0 Pfunds pour grimper le <strong>Passo Resia (16,3 km \u00e0 3,3 %)<\/strong>. Cette ascension sera caract\u00e9ris\u00e9e par de larges routes, plut\u00f4t roulantes avec des tunnels et des plus forts pourcentages au pied. Au sommet, les coureurs ne descendront pas de suite avec un plateau sur 10 kilom\u00e8tres. Apr\u00e8s la descente sur Val Venosta et une petite portion en vall\u00e9e, place \u00e0 la mont\u00e9e de Frinig. Les 40 kilom\u00e8tres suivants s&rsquo;effectueront d&rsquo;abord via une descente technique avant de prendre une long faux plat descendant jusqu&rsquo;\u00e0 Cautebello. L&rsquo;ascension exigeante de <strong>Tarres (4 km \u00e0 5,6 % avec des rampes \u00e0 plus de 10 % sur pr\u00e8s d&rsquo;un kilom\u00e8tre apr\u00e8s 500 m de mont\u00e9e)<\/strong>, avec son sommet \u00e0 18 kilom\u00e8tres du terme, pourrait permettre des offensives. Apr\u00e8s 17 kilom\u00e8tres en plaine, l&rsquo;arriv\u00e9e sera jug\u00e9e \u00e0 Naturno sur la Rathausstra\u00dfe 1.<\/p>\n<p>Par la suite, <strong>place \u00e0 la 4\u00e8me \u00e9tape, la plus longue, entre Naturno et Pieve di Bono<\/strong>. Apr\u00e8s 26 kilom\u00e8tres majoritairement descendants, les coureurs commenceront par la mont\u00e9e du <strong>Passo Castrin<\/strong>. Du haut de ses 1706 m\u00e8tres d&rsquo;altitude, ce sera le point le plus \u00e9lev\u00e9 de ce Tour des Alpes. La longue descente m\u00e8nera les coureurs au Val di Non pour une section en vall\u00e9e jusqu&rsquo;\u00e0 Dimaro. La route recommencera \u00e0 monter sur <strong>le Passo Campo Carlo Magno (14,4 km \u00e0 6 %)<\/strong> avec pr\u00e8s de 1000 m\u00e8tres de d\u00e9nivel\u00e9 sur 14 km. Apr\u00e8s la descente sur Pinzolo et une portion en faux plat descendant, la mont\u00e9e suivante sera la <strong>Selle Giudicarie<\/strong>, pr\u00e8s de Tione. Cependant, les coureurs les plus forts d\u00e9cideront probablement de jouer leur carte d\u00e9cisive sur l&rsquo;ascension de <strong>Castel Condino jusqu&rsquo;\u00e0 Boniprati (9,1 km \u00e0 6,5 % avec une portion d&rsquo;un kilom\u00e8tre \u00e0 pr\u00e8s de 10 % dans sa seconde moiti\u00e9)<\/strong>. Apr\u00e8s une descente rapide d&rsquo;un peu moins de 6 kilom\u00e8tres, l&rsquo;arriv\u00e9e aura lieu \u00e0 Pieve di Bono sur la Via Roma.<\/p>\n<p>Enfin, <strong>la derni\u00e8re \u00e9tape sera longue que de 120,9 kilom\u00e8tres<\/strong> mais avec de nombreuses possibilit\u00e9s d&rsquo;offensives pour renverser le g\u00e9n\u00e9ral. Hormis les 20 premiers km compl\u00e8tement plats, l&rsquo;\u00e9tape sera parsem\u00e9e de mont\u00e9es et de descentes. La premi\u00e8re ascension sera le <strong>Selle Giudicarie<\/strong>. Puis, apr\u00e8s Tiane, ce sera <strong>le Passo Duron (6,4 km \u00e0 7,9%)<\/strong>. Apr\u00e8s cette mont\u00e9e, il va falloir descendre sur Ponte Arche et prendre la direction de Fiave avec une petite bosse en deux temps. Apr\u00e8s une descente d&rsquo;un peu moins de 20 km, le peloton de ce Tour des Alpes arrivera sur le circuit de Riva del Garda \u00e0 faire deux fois, avec les ascensions vers <strong>le Lac Tenno (9,3 km \u00e0 5,6 %)<\/strong>. Au sommet, les concurrents seront \u00e0 12 km de l&rsquo;arriv\u00e9e jug\u00e9e sur la Piazza Garibaldi sur les bords du lac de Garde. Ces derniers kilom\u00e8tres seront parcourus sur une descente rapide.<\/p>\n<div id=\"attachment_122628\" style=\"width: 754px\" class=\"wp-caption aligncenter\"><a href=\"https:\/\/dicodusport.fr\/blog\/wp-content\/uploads\/2021\/04\/La-carte-du-parcours-du-Tour-des-Alpes-2021.png\"><img loading=\"lazy\" decoding=\"async\" aria-describedby=\"caption-attachment-122628\" class=\"size-full wp-image-122628\" src=\"https:\/\/dicodusport.fr\/blog\/wp-content\/uploads\/2021\/04\/La-carte-du-parcours-du-Tour-des-Alpes-2021.png\" alt=\"La carte du parcours du Tour des Alpes 2021\" width=\"744\" height=\"798\" srcset=\"https:\/\/dicodusport.fr\/blog\/wp-content\/uploads\/2021\/04\/La-carte-du-parcours-du-Tour-des-Alpes-2021.png 744w, https:\/\/dicodusport.fr\/blog\/wp-content\/uploads\/2021\/04\/La-carte-du-parcours-du-Tour-des-Alpes-2021-280x300.png 280w, https:\/\/dicodusport.fr\/blog\/wp-content\/uploads\/2021\/04\/La-carte-du-parcours-du-Tour-des-Alpes-2021-560x600.png 560w\" sizes=\"auto, (max-width: 744px) 100vw, 744px\" \/><\/a><p id=\"caption-attachment-122628\" class=\"wp-caption-text\">La carte du parcours du Tour des Alpes 2021 &#8211; Via Pro Cycling Stats<\/p><\/div>\n<hr \/>\n<\/div>\n<div dir=\"auto\">\n<h2>\u00c0 lire aussi<\/h2>\n<ul>\n<li style=\"text-align: justify;\"><a href=\"https:\/\/dicodusport.fr\/blog\/tour-des-alpes-2021-profil-des-etapes\/\" target=\"_blank\" rel=\"noopener\"><strong>Le profil des \u00e9tapes<\/strong><\/a><\/li>\n<li style=\"text-align: justify;\"><a href=\"https:\/\/dicodusport.fr\/blog\/tour-des-alpes-2021-liste-des-engages\/\" target=\"_blank\" rel=\"noopener\"><strong>La liste des engag\u00e9s<\/strong><\/a><\/li>\n<\/ul>\n<hr \/>\n<h2>Le palmar\u00e8s des 10 derni\u00e8res \u00e9ditions<\/h2>\n<\/div>\n<div class=\"l60d2q6s d1544ag0 sj5x9vvc tw6a2znq l9j0dhe7 ni8dbmo4 stjgntxs qlfml3jp inkptoze e72ty7fz qmr60zad jm1wdb64 qv66sw1b ljqsnud1 g6srhlxm odn2s2vf\">\n<div dir=\"auto\"><\/div>\n<div class=\"ljqsnud1\" dir=\"auto\" style=\"text-align: center;\"><strong>2019 :<\/strong> SIVAKOV Pavel<\/div>\n<div class=\"ljqsnud1\" dir=\"auto\" style=\"text-align: center;\"><strong>2018 :<\/strong> PINOT Thibaut<\/div>\n<div class=\"ljqsnud1\" dir=\"auto\" style=\"text-align: center;\"><strong>2017 :<\/strong> THOMAS Geraint<\/div>\n<div class=\"ljqsnud1\" dir=\"auto\" style=\"text-align: center;\"><strong>2016 :<\/strong> LANDA Mikel<\/div>\n<div class=\"ljqsnud1\" dir=\"auto\" style=\"text-align: center;\"><strong>2015 :<\/strong> PORTE Richie<\/div>\n<div class=\"ljqsnud1\" dir=\"auto\" style=\"text-align: center;\"><strong>2014 :<\/strong> EVANS Cadel<\/div>\n<div class=\"ljqsnud1\" dir=\"auto\" style=\"text-align: center;\"><strong>2013 :<\/strong> NIBALI Vincenzo<\/div>\n<div class=\"ljqsnud1\" dir=\"auto\" style=\"text-align: center;\"><strong>2012 :<\/strong> POZZOVIVO Domenico<\/div>\n<div class=\"ljqsnud1\" dir=\"auto\" style=\"text-align: center;\"><strong>2011 :<\/strong> SCARPONI Michele<\/div>\n<div class=\"ljqsnud1\" dir=\"auto\" style=\"text-align: center;\"><strong>2010 :<\/strong> VINOKOUROV Alexandre<\/div>\n<div dir=\"auto\"><strong><em>Emilien Descampiaux<br \/>\n<a href=\"https:\/\/www.facebook.com\/groups\/LesRoisDuPeloton\" target=\"_blank\" rel=\"noopener noreferrer\"><img loading=\"lazy\" decoding=\"async\" class=\"alignnone wp-image-2909\" src=\"http:\/\/dicodusport.fr\/blog\/wp-content\/uploads\/2017\/07\/logo-facebook-150x150.png\" alt=\"\" width=\"40\" height=\"40\" \/><\/a><a href=\"https:\/\/twitter.com\/LRoisDuPeloton\" target=\"_blank\" rel=\"noopener noreferrer\"><img loading=\"lazy\" decoding=\"async\" class=\"alignnone wp-image-2908\" src=\"http:\/\/dicodusport.fr\/blog\/wp-content\/uploads\/2017\/07\/logo-twitter-150x150.png\" alt=\"\" width=\"40\" height=\"40\" \/><\/a><\/em><\/strong><\/div>\n<\/div>\n","protected":false},"excerpt":{"rendered":"<p>CYCLISME &#8211; La 45\u00e8me \u00e9dition du Tour des Alpes aura lieu du 19 au 23 avril 2021 \u00e0 travers les Alpes autrichiennes et italiennes. Cinq \u00e9tapes exigeantes seront au programme pour une distance totale de 713,6 kilom\u00e8tres. 13 \u00e9quipes UCI WorldTeam, 8 UCI ProTeam, une \u00e9quipe continentale, une s\u00e9lection nationale seront pr\u00e9sentes au d\u00e9part \u00e0 Bressanone.<\/p>\n","protected":false},"author":48,"featured_media":122629,"comment_status":"open","ping_status":"closed","sticky":false,"template":"","format":"standard","meta":{"_acf_changed":false,"_daextam_enable_autolinks":"","footnotes":""},"categories":[2307],"tags":[574],"class_list":["post-121935","post","type-post","status-publish","format-standard","has-post-thumbnail","hentry","category-cyclisme","tag-cyclisme"],"acf":[],"yoast_head":"<!-- This site is optimized with the Yoast SEO Premium plugin v26.7 (Yoast SEO v26.7) - https:\/\/yoast.com\/wordpress\/plugins\/seo\/ -->\n<title>Tour des Alpes 2021 : le parcours en d\u00e9tail<\/title>\n<meta name=\"description\" content=\"CYCLISME - La 45\u00e8me \u00e9dition du Tour des Alpes aura lieu du 19 au 23 avril \u00e0 travers les Alpes autrichiennes et italiennes. Le parcours en d\u00e9tail\" \/>\n<meta name=\"robots\" content=\"index, follow, max-snippet:-1, max-image-preview:large, max-video-preview:-1\" \/>\n<link rel=\"canonical\" href=\"https:\/\/dicodusport.fr\/blog\/tour-des-alpes-2021-le-parcours-en-detail\/\" \/>\n<meta property=\"og:locale\" content=\"fr_FR\" \/>\n<meta property=\"og:type\" content=\"article\" \/>\n<meta property=\"og:title\" content=\"Tour des Alpes 2021 : le parcours en d\u00e9tail\" \/>\n<meta property=\"og:description\" content=\"CYCLISME - La 45\u00e8me \u00e9dition du Tour des Alpes aura lieu du 19 au 23 avril \u00e0 travers les Alpes autrichiennes et italiennes. Le parcours en d\u00e9tail\" \/>\n<meta property=\"og:url\" content=\"https:\/\/dicodusport.fr\/blog\/tour-des-alpes-2021-le-parcours-en-detail\/\" \/>\n<meta property=\"og:site_name\" content=\"Dicodusport\" \/>\n<meta property=\"article:publisher\" content=\"https:\/\/www.facebook.com\/dicodusport\" \/>\n<meta property=\"article:author\" content=\"https:\/\/www.facebook.com\/groups\/LesRoisDuPeloton\" \/>\n<meta property=\"article:published_time\" content=\"2021-04-18T09:13:16+00:00\" \/>\n<meta property=\"article:modified_time\" content=\"2021-04-18T20:16:23+00:00\" \/>\n<meta property=\"og:image\" content=\"https:\/\/dicodusport.fr\/blog\/wp-content\/uploads\/2021\/04\/Tour-des-Alpes-2021-Le-parcours-en-detail.png\" \/>\n\t<meta property=\"og:image:width\" content=\"800\" \/>\n\t<meta property=\"og:image:height\" content=\"445\" \/>\n\t<meta property=\"og:image:type\" content=\"image\/png\" \/>\n<meta name=\"author\" content=\"Emilien Descampiaux\" \/>\n<meta name=\"twitter:card\" content=\"summary_large_image\" \/>\n<meta name=\"twitter:title\" content=\"Tour des Alpes 2021 : le parcours en d\u00e9tail\" \/>\n<meta name=\"twitter:creator\" content=\"@https:\/\/twitter.com\/LRoisDuPeloton\" \/>\n<meta name=\"twitter:site\" content=\"@dicodusport\" \/>\n<script type=\"application\/ld+json\" class=\"yoast-schema-graph\">{\"@context\":\"https:\/\/schema.org\",\"@graph\":[{\"@type\":\"NewsArticle\",\"@id\":\"https:\/\/dicodusport.fr\/blog\/tour-des-alpes-2021-le-parcours-en-detail\/#article\",\"isPartOf\":{\"@id\":\"https:\/\/dicodusport.fr\/blog\/tour-des-alpes-2021-le-parcours-en-detail\/\"},\"author\":{\"name\":\"Emilien Descampiaux\",\"@id\":\"https:\/\/dicodusport.fr\/blog\/#\/schema\/person\/6db4bae06b171592211be385b32876a7\"},\"headline\":\"Tour des Alpes 2021 : le parcours en d\u00e9tail\",\"datePublished\":\"2021-04-18T09:13:16+00:00\",\"dateModified\":\"2021-04-18T20:16:23+00:00\",\"mainEntityOfPage\":{\"@id\":\"https:\/\/dicodusport.fr\/blog\/tour-des-alpes-2021-le-parcours-en-detail\/\"},\"wordCount\":973,\"commentCount\":0,\"publisher\":{\"@id\":\"https:\/\/dicodusport.fr\/blog\/#organization\"},\"image\":{\"@id\":\"https:\/\/dicodusport.fr\/blog\/tour-des-alpes-2021-le-parcours-en-detail\/#primaryimage\"},\"thumbnailUrl\":\"https:\/\/dicodusport.fr\/blog\/wp-content\/uploads\/2021\/04\/Tour-des-Alpes-2021-Le-parcours-en-detail.png\",\"keywords\":[\"Cyclisme\"],\"articleSection\":[\"Cyclisme\"],\"inLanguage\":\"fr-FR\",\"potentialAction\":[{\"@type\":\"CommentAction\",\"name\":\"Comment\",\"target\":[\"https:\/\/dicodusport.fr\/blog\/tour-des-alpes-2021-le-parcours-en-detail\/#respond\"]}],\"copyrightYear\":\"2021\",\"copyrightHolder\":{\"@id\":\"https:\/\/dicodusport.fr\/blog\/#organization\"}},{\"@type\":\"WebPage\",\"@id\":\"https:\/\/dicodusport.fr\/blog\/tour-des-alpes-2021-le-parcours-en-detail\/\",\"url\":\"https:\/\/dicodusport.fr\/blog\/tour-des-alpes-2021-le-parcours-en-detail\/\",\"name\":\"Tour des Alpes 2021 : le parcours en d\u00e9tail\",\"isPartOf\":{\"@id\":\"https:\/\/dicodusport.fr\/blog\/#website\"},\"primaryImageOfPage\":{\"@id\":\"https:\/\/dicodusport.fr\/blog\/tour-des-alpes-2021-le-parcours-en-detail\/#primaryimage\"},\"image\":{\"@id\":\"https:\/\/dicodusport.fr\/blog\/tour-des-alpes-2021-le-parcours-en-detail\/#primaryimage\"},\"thumbnailUrl\":\"https:\/\/dicodusport.fr\/blog\/wp-content\/uploads\/2021\/04\/Tour-des-Alpes-2021-Le-parcours-en-detail.png\",\"datePublished\":\"2021-04-18T09:13:16+00:00\",\"dateModified\":\"2021-04-18T20:16:23+00:00\",\"description\":\"CYCLISME - La 45\u00e8me \u00e9dition du Tour des Alpes aura lieu du 19 au 23 avril \u00e0 travers les Alpes autrichiennes et italiennes. Le parcours en d\u00e9tail\",\"breadcrumb\":{\"@id\":\"https:\/\/dicodusport.fr\/blog\/tour-des-alpes-2021-le-parcours-en-detail\/#breadcrumb\"},\"inLanguage\":\"fr-FR\",\"potentialAction\":[{\"@type\":\"ReadAction\",\"target\":[\"https:\/\/dicodusport.fr\/blog\/tour-des-alpes-2021-le-parcours-en-detail\/\"]}]},{\"@type\":\"ImageObject\",\"inLanguage\":\"fr-FR\",\"@id\":\"https:\/\/dicodusport.fr\/blog\/tour-des-alpes-2021-le-parcours-en-detail\/#primaryimage\",\"url\":\"https:\/\/dicodusport.fr\/blog\/wp-content\/uploads\/2021\/04\/Tour-des-Alpes-2021-Le-parcours-en-detail.png\",\"contentUrl\":\"https:\/\/dicodusport.fr\/blog\/wp-content\/uploads\/2021\/04\/Tour-des-Alpes-2021-Le-parcours-en-detail.png\",\"width\":800,\"height\":445,\"caption\":\"Tour des Alpes 2021 - Le parcours en d\u00e9tail\"},{\"@type\":\"BreadcrumbList\",\"@id\":\"https:\/\/dicodusport.fr\/blog\/tour-des-alpes-2021-le-parcours-en-detail\/#breadcrumb\",\"itemListElement\":[{\"@type\":\"ListItem\",\"position\":1,\"name\":\"Accueil\",\"item\":\"https:\/\/dicodusport.fr\/blog\/\"},{\"@type\":\"ListItem\",\"position\":2,\"name\":\"Tour des Alpes 2021 : le parcours en d\u00e9tail\"}]},{\"@type\":\"WebSite\",\"@id\":\"https:\/\/dicodusport.fr\/blog\/#website\",\"url\":\"https:\/\/dicodusport.fr\/blog\/\",\"name\":\"Dicodusport\",\"description\":\"L&#039;encyclop\u00e9die de l&#039;actualit\u00e9 sportive\",\"publisher\":{\"@id\":\"https:\/\/dicodusport.fr\/blog\/#organization\"},\"potentialAction\":[{\"@type\":\"SearchAction\",\"target\":{\"@type\":\"EntryPoint\",\"urlTemplate\":\"https:\/\/dicodusport.fr\/blog\/?s={search_term_string}\"},\"query-input\":{\"@type\":\"PropertyValueSpecification\",\"valueRequired\":true,\"valueName\":\"search_term_string\"}}],\"inLanguage\":\"fr-FR\"},{\"@type\":\"NewsMediaOrganization\",\"@id\":\"https:\/\/dicodusport.fr\/blog\/#organization\",\"name\":\"Dicodusport\",\"url\":\"https:\/\/dicodusport.fr\/blog\/\",\"logo\":{\"@type\":\"ImageObject\",\"inLanguage\":\"fr-FR\",\"@id\":\"https:\/\/dicodusport.fr\/blog\/#\/schema\/logo\/image\/\",\"url\":\"https:\/\/dicodusport.fr\/blog\/wp-content\/uploads\/2020\/06\/cropped-LOGO-DICODUSPORT-2020-SANS-FOND-SANS-TEXTE.png\",\"contentUrl\":\"https:\/\/dicodusport.fr\/blog\/wp-content\/uploads\/2020\/06\/cropped-LOGO-DICODUSPORT-2020-SANS-FOND-SANS-TEXTE.png\",\"width\":512,\"height\":512,\"caption\":\"Dicodusport\"},\"image\":{\"@id\":\"https:\/\/dicodusport.fr\/blog\/#\/schema\/logo\/image\/\"},\"sameAs\":[\"https:\/\/www.facebook.com\/dicodusport\",\"https:\/\/x.com\/dicodusport\",\"https:\/\/www.instagram.com\/dicodusport\/\",\"https:\/\/www.youtube.com\/channel\/UC7V2KZ5sd3htJivAbA4ZG3w\"],\"description\":\"Dicodusport est l'encyclop\u00e9die de l'actualit\u00e9 sportive.\",\"email\":\"bonjour@dicodusport.fr\",\"legalName\":\"DICODUSPORT\",\"foundingDate\":\"2018-01-14\",\"vatID\":\"FR71834470973\",\"taxID\":\"83447097300043\",\"numberOfEmployees\":{\"@type\":\"QuantitativeValue\",\"minValue\":\"1\",\"maxValue\":\"10\"}},{\"@type\":\"Person\",\"@id\":\"https:\/\/dicodusport.fr\/blog\/#\/schema\/person\/6db4bae06b171592211be385b32876a7\",\"name\":\"Emilien Descampiaux\",\"image\":{\"@type\":\"ImageObject\",\"inLanguage\":\"fr-FR\",\"@id\":\"https:\/\/dicodusport.fr\/blog\/#\/schema\/person\/image\/\",\"url\":\"https:\/\/dicodusport.fr\/blog\/wp-content\/uploads\/2021\/05\/Emilien-Descampiaux-150x150.jpg\",\"contentUrl\":\"https:\/\/dicodusport.fr\/blog\/wp-content\/uploads\/2021\/05\/Emilien-Descampiaux-150x150.jpg\",\"caption\":\"Emilien Descampiaux\"},\"description\":\"Journaliste\/r\u00e9dacteur depuis 2014 - Fan de la classe de Frank Vandenbroucke, je vis cyclisme (et de ses paysages) depuis plus de 20 ans. Je suis tr\u00e8s impliqu\u00e9 sur mes diff\u00e9rents r\u00e9seaux sociaux pour partager ma passion sur le monde et l'Histoire de la bicyclette avec ma voix sur les images en noir et blanc du succ\u00e8s de Rik Van Steenbergen lors du Ronde sur le V\u00e9lodrome de Gand.\",\"sameAs\":[\"https:\/\/www.facebook.com\/groups\/LesRoisDuPeloton\",\"https:\/\/x.com\/https:\/\/twitter.com\/LRoisDuPeloton\"],\"url\":\"https:\/\/dicodusport.fr\/blog\/author\/emiliend\/\"}]}<\/script>\n<!-- \/ Yoast SEO Premium plugin. -->","yoast_head_json":{"title":"Tour des Alpes 2021 : le parcours en d\u00e9tail","description":"CYCLISME - La 45\u00e8me \u00e9dition du Tour des Alpes aura lieu du 19 au 23 avril \u00e0 travers les Alpes autrichiennes et italiennes. Le parcours en d\u00e9tail","robots":{"index":"index","follow":"follow","max-snippet":"max-snippet:-1","max-image-preview":"max-image-preview:large","max-video-preview":"max-video-preview:-1"},"canonical":"https:\/\/dicodusport.fr\/blog\/tour-des-alpes-2021-le-parcours-en-detail\/","og_locale":"fr_FR","og_type":"article","og_title":"Tour des Alpes 2021 : le parcours en d\u00e9tail","og_description":"CYCLISME - La 45\u00e8me \u00e9dition du Tour des Alpes aura lieu du 19 au 23 avril \u00e0 travers les Alpes autrichiennes et italiennes. Le parcours en d\u00e9tail","og_url":"https:\/\/dicodusport.fr\/blog\/tour-des-alpes-2021-le-parcours-en-detail\/","og_site_name":"Dicodusport","article_publisher":"https:\/\/www.facebook.com\/dicodusport","article_author":"https:\/\/www.facebook.com\/groups\/LesRoisDuPeloton","article_published_time":"2021-04-18T09:13:16+00:00","article_modified_time":"2021-04-18T20:16:23+00:00","og_image":[{"width":800,"height":445,"url":"https:\/\/dicodusport.fr\/blog\/wp-content\/uploads\/2021\/04\/Tour-des-Alpes-2021-Le-parcours-en-detail.png","type":"image\/png"}],"author":"Emilien Descampiaux","twitter_card":"summary_large_image","twitter_title":"Tour des Alpes 2021 : le parcours en d\u00e9tail","twitter_creator":"@https:\/\/twitter.com\/LRoisDuPeloton","twitter_site":"@dicodusport","schema":{"@context":"https:\/\/schema.org","@graph":[{"@type":"NewsArticle","@id":"https:\/\/dicodusport.fr\/blog\/tour-des-alpes-2021-le-parcours-en-detail\/#article","isPartOf":{"@id":"https:\/\/dicodusport.fr\/blog\/tour-des-alpes-2021-le-parcours-en-detail\/"},"author":{"name":"Emilien Descampiaux","@id":"https:\/\/dicodusport.fr\/blog\/#\/schema\/person\/6db4bae06b171592211be385b32876a7"},"headline":"Tour des Alpes 2021 : le parcours en d\u00e9tail","datePublished":"2021-04-18T09:13:16+00:00","dateModified":"2021-04-18T20:16:23+00:00","mainEntityOfPage":{"@id":"https:\/\/dicodusport.fr\/blog\/tour-des-alpes-2021-le-parcours-en-detail\/"},"wordCount":973,"commentCount":0,"publisher":{"@id":"https:\/\/dicodusport.fr\/blog\/#organization"},"image":{"@id":"https:\/\/dicodusport.fr\/blog\/tour-des-alpes-2021-le-parcours-en-detail\/#primaryimage"},"thumbnailUrl":"https:\/\/dicodusport.fr\/blog\/wp-content\/uploads\/2021\/04\/Tour-des-Alpes-2021-Le-parcours-en-detail.png","keywords":["Cyclisme"],"articleSection":["Cyclisme"],"inLanguage":"fr-FR","potentialAction":[{"@type":"CommentAction","name":"Comment","target":["https:\/\/dicodusport.fr\/blog\/tour-des-alpes-2021-le-parcours-en-detail\/#respond"]}],"copyrightYear":"2021","copyrightHolder":{"@id":"https:\/\/dicodusport.fr\/blog\/#organization"}},{"@type":"WebPage","@id":"https:\/\/dicodusport.fr\/blog\/tour-des-alpes-2021-le-parcours-en-detail\/","url":"https:\/\/dicodusport.fr\/blog\/tour-des-alpes-2021-le-parcours-en-detail\/","name":"Tour des Alpes 2021 : le parcours en d\u00e9tail","isPartOf":{"@id":"https:\/\/dicodusport.fr\/blog\/#website"},"primaryImageOfPage":{"@id":"https:\/\/dicodusport.fr\/blog\/tour-des-alpes-2021-le-parcours-en-detail\/#primaryimage"},"image":{"@id":"https:\/\/dicodusport.fr\/blog\/tour-des-alpes-2021-le-parcours-en-detail\/#primaryimage"},"thumbnailUrl":"https:\/\/dicodusport.fr\/blog\/wp-content\/uploads\/2021\/04\/Tour-des-Alpes-2021-Le-parcours-en-detail.png","datePublished":"2021-04-18T09:13:16+00:00","dateModified":"2021-04-18T20:16:23+00:00","description":"CYCLISME - La 45\u00e8me \u00e9dition du Tour des Alpes aura lieu du 19 au 23 avril \u00e0 travers les Alpes autrichiennes et italiennes. Le parcours en d\u00e9tail","breadcrumb":{"@id":"https:\/\/dicodusport.fr\/blog\/tour-des-alpes-2021-le-parcours-en-detail\/#breadcrumb"},"inLanguage":"fr-FR","potentialAction":[{"@type":"ReadAction","target":["https:\/\/dicodusport.fr\/blog\/tour-des-alpes-2021-le-parcours-en-detail\/"]}]},{"@type":"ImageObject","inLanguage":"fr-FR","@id":"https:\/\/dicodusport.fr\/blog\/tour-des-alpes-2021-le-parcours-en-detail\/#primaryimage","url":"https:\/\/dicodusport.fr\/blog\/wp-content\/uploads\/2021\/04\/Tour-des-Alpes-2021-Le-parcours-en-detail.png","contentUrl":"https:\/\/dicodusport.fr\/blog\/wp-content\/uploads\/2021\/04\/Tour-des-Alpes-2021-Le-parcours-en-detail.png","width":800,"height":445,"caption":"Tour des Alpes 2021 - Le parcours en d\u00e9tail"},{"@type":"BreadcrumbList","@id":"https:\/\/dicodusport.fr\/blog\/tour-des-alpes-2021-le-parcours-en-detail\/#breadcrumb","itemListElement":[{"@type":"ListItem","position":1,"name":"Accueil","item":"https:\/\/dicodusport.fr\/blog\/"},{"@type":"ListItem","position":2,"name":"Tour des Alpes 2021 : le parcours en d\u00e9tail"}]},{"@type":"WebSite","@id":"https:\/\/dicodusport.fr\/blog\/#website","url":"https:\/\/dicodusport.fr\/blog\/","name":"Dicodusport","description":"L&#039;encyclop\u00e9die de l&#039;actualit\u00e9 sportive","publisher":{"@id":"https:\/\/dicodusport.fr\/blog\/#organization"},"potentialAction":[{"@type":"SearchAction","target":{"@type":"EntryPoint","urlTemplate":"https:\/\/dicodusport.fr\/blog\/?s={search_term_string}"},"query-input":{"@type":"PropertyValueSpecification","valueRequired":true,"valueName":"search_term_string"}}],"inLanguage":"fr-FR"},{"@type":"NewsMediaOrganization","@id":"https:\/\/dicodusport.fr\/blog\/#organization","name":"Dicodusport","url":"https:\/\/dicodusport.fr\/blog\/","logo":{"@type":"ImageObject","inLanguage":"fr-FR","@id":"https:\/\/dicodusport.fr\/blog\/#\/schema\/logo\/image\/","url":"https:\/\/dicodusport.fr\/blog\/wp-content\/uploads\/2020\/06\/cropped-LOGO-DICODUSPORT-2020-SANS-FOND-SANS-TEXTE.png","contentUrl":"https:\/\/dicodusport.fr\/blog\/wp-content\/uploads\/2020\/06\/cropped-LOGO-DICODUSPORT-2020-SANS-FOND-SANS-TEXTE.png","width":512,"height":512,"caption":"Dicodusport"},"image":{"@id":"https:\/\/dicodusport.fr\/blog\/#\/schema\/logo\/image\/"},"sameAs":["https:\/\/www.facebook.com\/dicodusport","https:\/\/x.com\/dicodusport","https:\/\/www.instagram.com\/dicodusport\/","https:\/\/www.youtube.com\/channel\/UC7V2KZ5sd3htJivAbA4ZG3w"],"description":"Dicodusport est l'encyclop\u00e9die de l'actualit\u00e9 sportive.","email":"bonjour@dicodusport.fr","legalName":"DICODUSPORT","foundingDate":"2018-01-14","vatID":"FR71834470973","taxID":"83447097300043","numberOfEmployees":{"@type":"QuantitativeValue","minValue":"1","maxValue":"10"}},{"@type":"Person","@id":"https:\/\/dicodusport.fr\/blog\/#\/schema\/person\/6db4bae06b171592211be385b32876a7","name":"Emilien Descampiaux","image":{"@type":"ImageObject","inLanguage":"fr-FR","@id":"https:\/\/dicodusport.fr\/blog\/#\/schema\/person\/image\/","url":"https:\/\/dicodusport.fr\/blog\/wp-content\/uploads\/2021\/05\/Emilien-Descampiaux-150x150.jpg","contentUrl":"https:\/\/dicodusport.fr\/blog\/wp-content\/uploads\/2021\/05\/Emilien-Descampiaux-150x150.jpg","caption":"Emilien Descampiaux"},"description":"Journaliste\/r\u00e9dacteur depuis 2014 - Fan de la classe de Frank Vandenbroucke, je vis cyclisme (et de ses paysages) depuis plus de 20 ans. Je suis tr\u00e8s impliqu\u00e9 sur mes diff\u00e9rents r\u00e9seaux sociaux pour partager ma passion sur le monde et l'Histoire de la bicyclette avec ma voix sur les images en noir et blanc du succ\u00e8s de Rik Van Steenbergen lors du Ronde sur le V\u00e9lodrome de Gand.","sameAs":["https:\/\/www.facebook.com\/groups\/LesRoisDuPeloton","https:\/\/x.com\/https:\/\/twitter.com\/LRoisDuPeloton"],"url":"https:\/\/dicodusport.fr\/blog\/author\/emiliend\/"}]}},"_links":{"self":[{"href":"https:\/\/dicodusport.fr\/blog\/wp-json\/wp\/v2\/posts\/121935","targetHints":{"allow":["GET"]}}],"collection":[{"href":"https:\/\/dicodusport.fr\/blog\/wp-json\/wp\/v2\/posts"}],"about":[{"href":"https:\/\/dicodusport.fr\/blog\/wp-json\/wp\/v2\/types\/post"}],"author":[{"embeddable":true,"href":"https:\/\/dicodusport.fr\/blog\/wp-json\/wp\/v2\/users\/48"}],"replies":[{"embeddable":true,"href":"https:\/\/dicodusport.fr\/blog\/wp-json\/wp\/v2\/comments?post=121935"}],"version-history":[{"count":0,"href":"https:\/\/dicodusport.fr\/blog\/wp-json\/wp\/v2\/posts\/121935\/revisions"}],"wp:featuredmedia":[{"embeddable":true,"href":"https:\/\/dicodusport.fr\/blog\/wp-json\/wp\/v2\/media\/122629"}],"wp:attachment":[{"href":"https:\/\/dicodusport.fr\/blog\/wp-json\/wp\/v2\/media?parent=121935"}],"wp:term":[{"taxonomy":"category","embeddable":true,"href":"https:\/\/dicodusport.fr\/blog\/wp-json\/wp\/v2\/categories?post=121935"},{"taxonomy":"post_tag","embeddable":true,"href":"https:\/\/dicodusport.fr\/blog\/wp-json\/wp\/v2\/tags?post=121935"}],"curies":[{"name":"wp","href":"https:\/\/api.w.org\/{rel}","templated":true}]}}