{"id":122129,"date":"2021-04-16T17:09:15","date_gmt":"2021-04-16T15:09:15","guid":{"rendered":"https:\/\/dicodusport.fr\/blog\/?p=122129&#038;preview=true&#038;preview_id=122129"},"modified":"2021-04-16T19:43:19","modified_gmt":"2021-04-16T17:43:19","slug":"thibaut-pinot-a-95-je-n-irai-pas-sur-le-giro-c-est-sur","status":"publish","type":"post","link":"https:\/\/dicodusport.fr\/blog\/thibaut-pinot-a-95-je-n-irai-pas-sur-le-giro-c-est-sur\/","title":{"rendered":"Thibaut Pinot : \u00ab\u00a0A 95%, je n&rsquo;irai pas (sur le Giro), c&rsquo;est s\u00fbr\u00a0\u00bb"},"content":{"rendered":"<p style=\"text-align: justify;\"><em><b>CYCLISME &#8211; Thibaut Pinot (Groupama-FDJ) a fait le point dans les colonnes de <a href=\"https:\/\/www.lequipe.fr\/Cyclisme-sur-route\/Actualites\/Thibaut-pinot-je-n-irai-au-giro-que-si-je-suis-a-100\/1243187\" target=\"_blank\" rel=\"noopener\">L&rsquo;\u00c9quipe<\/a> avant sa reprise sur le Tour des Alpes. Si le Fran\u00e7ais esp\u00e8re retrouver sa meilleure forme, il pr\u00e9vient qu&rsquo;il peut encore renoncer au Giro.\u00a0<\/b><\/em><\/p>\n<p style=\"text-align: justify;\">Normalement, <a href=\"https:\/\/dicodusport.fr\/blog\/tag\/thibaut-pinot\/\" target=\"_blank\" rel=\"noopener\"><strong>Thibaut Pinot<\/strong><\/a> devrait \u00eatre le leader de la Groupama-FDJ sur le prochain Tour d&rsquo;Italie. Mais avant de prendre une d\u00e9cision d\u00e9finitive, il veut se tester sur le Tour des Alpes la semaine prochaine.<\/p>\n<blockquote>\n<p style=\"text-align: justify;\">Je suis pr\u00e9vu pour le Giro mais je n&rsquo;irai que si je suis \u00e0 100%. \u00c0 95 %, je n&rsquo;irai pas, c&rsquo;est s\u00fbr parce que c&rsquo;est l&rsquo;\u00e9preuve la plus difficile et que je ne veux pas revivre le dernier Tour de France et la Vuelta. On fera un bilan apr\u00e8s le Tour des Alpes et m\u00eame si on a plusieurs autres plans au cas o\u00f9, moi je pars pour courir le Giro.<\/p>\n<\/blockquote>\n<p style=\"text-align: justify;\"><strong>Thibaut Pinot<\/strong> explique avoir travaill\u00e9 ces derni\u00e8res semaines chez lui, et notamment sur sa position sur le v\u00e9lo. Il ajoute enfin que le Tour de France est exclu \u00e0 99%, m\u00eame s&rsquo;il ne court pas le Tour d&rsquo;Italie car <em>\u00ab l&rsquo;\u00e9quipe est constitu\u00e9e et qu&rsquo;il ne veut pas s&rsquo;imposer \u00bb.\u00a0<\/em><\/p>\n<blockquote class=\"twitter-tweet\">\n<p dir=\"ltr\" lang=\"fr\">Thibaut Pinot : \u00ab Je suis pr\u00e9vu pour le Giro mais je n&rsquo;irai que si je suis \u00e0 100% \u00bb<\/p>\n<p>Le Fran\u00e7ais, qui soigne toujours ses probl\u00e8mes de dos, d\u00e9cidera de sa participation au Giro \u00e0 l&rsquo;issue du Tour des Alpes, sa course de rentr\u00e9e la semaine prochaine. <a href=\"https:\/\/t.co\/2V5b6dpi5T\">https:\/\/t.co\/2V5b6dpi5T<\/a> <a href=\"https:\/\/t.co\/evS6njAqFL\">pic.twitter.com\/evS6njAqFL<\/a><\/p>\n<p>\u2014 L&rsquo;\u00c9QUIPE (@lequipe) <a href=\"https:\/\/twitter.com\/lequipe\/status\/1383065267148894213?ref_src=twsrc%5Etfw\">April 16, 2021<\/a><\/p><\/blockquote>\n<p><script async src=\"https:\/\/platform.twitter.com\/widgets.js\" charset=\"utf-8\"><\/script><\/p>\n<p style=\"text-align: justify;\"><strong><em>Dicodusport<br \/>\n<a href=\"https:\/\/www.facebook.com\/dicodusport\/\" target=\"_blank\" rel=\"noopener noreferrer\"><img loading=\"lazy\" decoding=\"async\" class=\"alignnone wp-image-2909\" src=\"http:\/\/dicodusport.fr\/blog\/wp-content\/uploads\/2017\/07\/logo-facebook-150x150.png\" alt=\"\" width=\"40\" height=\"40\" \/><\/a><a href=\"https:\/\/twitter.com\/dicodusport\" target=\"_blank\" rel=\"noopener noreferrer\"><img loading=\"lazy\" decoding=\"async\" class=\"alignnone wp-image-2908\" src=\"http:\/\/dicodusport.fr\/blog\/wp-content\/uploads\/2017\/07\/logo-twitter-150x150.png\" alt=\"\" width=\"39\" height=\"39\" \/><\/a><\/em><\/strong><\/p>\n","protected":false},"excerpt":{"rendered":"<p>Thibaut Pinot a fait le point dans les colones de L&rsquo;Equipe avant sa reprise sur le Tour des Alpes. Si le Fran\u00e7ais\u00a0esp\u00e8re avoir retrouv\u00e9 sa meilleure forme, il pr\u00e9vient qu&rsquo;il peut encore renoncer au Giro.\u00a0<\/p>\n","protected":false},"author":1,"featured_media":108588,"comment_status":"open","ping_status":"closed","sticky":false,"template":"","format":"standard","meta":{"_acf_changed":false,"_daextam_enable_autolinks":"","footnotes":""},"categories":[2307],"tags":[2830,3596,4839],"class_list":["post-122129","post","type-post","status-publish","format-standard","has-post-thumbnail","hentry","category-cyclisme","tag-giro","tag-pinot","tag-thibaut-pinot"],"acf":[],"yoast_head":"<!-- This site is optimized with the Yoast SEO Premium plugin v26.7 (Yoast SEO v26.7) - https:\/\/yoast.com\/wordpress\/plugins\/seo\/ -->\n<title>Thibaut Pinot : &quot;A 95%, je n&#039;irai pas (sur le Giro), c&#039;est s\u00fbr&quot;<\/title>\n<meta name=\"description\" content=\"CYCLISME - Thibaut Pinot (Groupama-FDJ) a fait le point dans les colonnes de L&#039;\u00c9quipe avant sa reprise sur le Tour des Alpes.\" \/>\n<meta name=\"robots\" content=\"index, follow, max-snippet:-1, max-image-preview:large, max-video-preview:-1\" \/>\n<link rel=\"canonical\" href=\"https:\/\/dicodusport.fr\/blog\/thibaut-pinot-a-95-je-n-irai-pas-sur-le-giro-c-est-sur\/\" \/>\n<meta property=\"og:locale\" content=\"fr_FR\" \/>\n<meta property=\"og:type\" content=\"article\" \/>\n<meta property=\"og:title\" content=\"Thibaut Pinot : &quot;A 95%, je n&#039;irai pas (sur le Giro), c&#039;est s\u00fbr&quot;\" \/>\n<meta property=\"og:description\" content=\"CYCLISME - Thibaut Pinot (Groupama-FDJ) a fait le point dans les colonnes de L&#039;\u00c9quipe avant sa reprise sur le Tour des Alpes.\" \/>\n<meta property=\"og:url\" content=\"https:\/\/dicodusport.fr\/blog\/thibaut-pinot-a-95-je-n-irai-pas-sur-le-giro-c-est-sur\/\" \/>\n<meta property=\"og:site_name\" content=\"Dicodusport\" \/>\n<meta property=\"article:publisher\" content=\"https:\/\/www.facebook.com\/dicodusport\" \/>\n<meta property=\"article:author\" content=\"https:\/\/www.facebook.com\/dicodusport\" \/>\n<meta property=\"article:published_time\" content=\"2021-04-16T15:09:15+00:00\" \/>\n<meta property=\"article:modified_time\" content=\"2021-04-16T17:43:19+00:00\" \/>\n<meta property=\"og:image\" content=\"https:\/\/dicodusport.fr\/blog\/wp-content\/uploads\/2021\/02\/Thibaut-Pinot-Aujourdhui-ce-netait-pas-tres-bon.png\" \/>\n\t<meta property=\"og:image:width\" content=\"800\" \/>\n\t<meta property=\"og:image:height\" content=\"445\" \/>\n\t<meta property=\"og:image:type\" content=\"image\/png\" \/>\n<meta name=\"author\" content=\"Nicolas Jacquemard\" \/>\n<meta name=\"twitter:card\" content=\"summary_large_image\" \/>\n<meta name=\"twitter:title\" content=\"Thibaut Pinot : &quot;A 95%, je n&#039;irai pas (sur le Giro), c&#039;est s\u00fbr&quot;\" \/>\n<meta name=\"twitter:creator\" content=\"@https:\/\/twitter.com\/Nico_Jacquemard\" \/>\n<meta name=\"twitter:site\" content=\"@dicodusport\" \/>\n<script type=\"application\/ld+json\" class=\"yoast-schema-graph\">{\"@context\":\"https:\/\/schema.org\",\"@graph\":[{\"@type\":\"NewsArticle\",\"@id\":\"https:\/\/dicodusport.fr\/blog\/thibaut-pinot-a-95-je-n-irai-pas-sur-le-giro-c-est-sur\/#article\",\"isPartOf\":{\"@id\":\"https:\/\/dicodusport.fr\/blog\/thibaut-pinot-a-95-je-n-irai-pas-sur-le-giro-c-est-sur\/\"},\"author\":{\"name\":\"Nicolas Jacquemard\",\"@id\":\"https:\/\/dicodusport.fr\/blog\/#\/schema\/person\/55dcb50ad410894e431ed812bbb70191\"},\"headline\":\"Thibaut Pinot : \u00ab\u00a0A 95%, je n&rsquo;irai pas (sur le Giro), c&rsquo;est s\u00fbr\u00a0\u00bb\",\"datePublished\":\"2021-04-16T15:09:15+00:00\",\"dateModified\":\"2021-04-16T17:43:19+00:00\",\"mainEntityOfPage\":{\"@id\":\"https:\/\/dicodusport.fr\/blog\/thibaut-pinot-a-95-je-n-irai-pas-sur-le-giro-c-est-sur\/\"},\"wordCount\":291,\"commentCount\":0,\"publisher\":{\"@id\":\"https:\/\/dicodusport.fr\/blog\/#organization\"},\"image\":{\"@id\":\"https:\/\/dicodusport.fr\/blog\/thibaut-pinot-a-95-je-n-irai-pas-sur-le-giro-c-est-sur\/#primaryimage\"},\"thumbnailUrl\":\"https:\/\/dicodusport.fr\/blog\/wp-content\/uploads\/2021\/02\/Thibaut-Pinot-Aujourdhui-ce-netait-pas-tres-bon.png\",\"keywords\":[\"Giro\",\"Pinot\",\"Thibaut Pinot\"],\"articleSection\":[\"Cyclisme\"],\"inLanguage\":\"fr-FR\",\"potentialAction\":[{\"@type\":\"CommentAction\",\"name\":\"Comment\",\"target\":[\"https:\/\/dicodusport.fr\/blog\/thibaut-pinot-a-95-je-n-irai-pas-sur-le-giro-c-est-sur\/#respond\"]}],\"copyrightYear\":\"2021\",\"copyrightHolder\":{\"@id\":\"https:\/\/dicodusport.fr\/blog\/#organization\"}},{\"@type\":\"WebPage\",\"@id\":\"https:\/\/dicodusport.fr\/blog\/thibaut-pinot-a-95-je-n-irai-pas-sur-le-giro-c-est-sur\/\",\"url\":\"https:\/\/dicodusport.fr\/blog\/thibaut-pinot-a-95-je-n-irai-pas-sur-le-giro-c-est-sur\/\",\"name\":\"Thibaut Pinot : \\\"A 95%, je n'irai pas (sur le Giro), c'est s\u00fbr\\\"\",\"isPartOf\":{\"@id\":\"https:\/\/dicodusport.fr\/blog\/#website\"},\"primaryImageOfPage\":{\"@id\":\"https:\/\/dicodusport.fr\/blog\/thibaut-pinot-a-95-je-n-irai-pas-sur-le-giro-c-est-sur\/#primaryimage\"},\"image\":{\"@id\":\"https:\/\/dicodusport.fr\/blog\/thibaut-pinot-a-95-je-n-irai-pas-sur-le-giro-c-est-sur\/#primaryimage\"},\"thumbnailUrl\":\"https:\/\/dicodusport.fr\/blog\/wp-content\/uploads\/2021\/02\/Thibaut-Pinot-Aujourdhui-ce-netait-pas-tres-bon.png\",\"datePublished\":\"2021-04-16T15:09:15+00:00\",\"dateModified\":\"2021-04-16T17:43:19+00:00\",\"description\":\"CYCLISME - Thibaut Pinot (Groupama-FDJ) a fait le point dans les colonnes de L'\u00c9quipe avant sa reprise sur le Tour des Alpes.\",\"breadcrumb\":{\"@id\":\"https:\/\/dicodusport.fr\/blog\/thibaut-pinot-a-95-je-n-irai-pas-sur-le-giro-c-est-sur\/#breadcrumb\"},\"inLanguage\":\"fr-FR\",\"potentialAction\":[{\"@type\":\"ReadAction\",\"target\":[\"https:\/\/dicodusport.fr\/blog\/thibaut-pinot-a-95-je-n-irai-pas-sur-le-giro-c-est-sur\/\"]}]},{\"@type\":\"ImageObject\",\"inLanguage\":\"fr-FR\",\"@id\":\"https:\/\/dicodusport.fr\/blog\/thibaut-pinot-a-95-je-n-irai-pas-sur-le-giro-c-est-sur\/#primaryimage\",\"url\":\"https:\/\/dicodusport.fr\/blog\/wp-content\/uploads\/2021\/02\/Thibaut-Pinot-Aujourdhui-ce-netait-pas-tres-bon.png\",\"contentUrl\":\"https:\/\/dicodusport.fr\/blog\/wp-content\/uploads\/2021\/02\/Thibaut-Pinot-Aujourdhui-ce-netait-pas-tres-bon.png\",\"width\":800,\"height\":445,\"caption\":\"Thibaut Pinot : \\\"A 95%, je n'irai pas (sur le Giro), c'est s\u00fbr\\\"\"},{\"@type\":\"BreadcrumbList\",\"@id\":\"https:\/\/dicodusport.fr\/blog\/thibaut-pinot-a-95-je-n-irai-pas-sur-le-giro-c-est-sur\/#breadcrumb\",\"itemListElement\":[{\"@type\":\"ListItem\",\"position\":1,\"name\":\"Accueil\",\"item\":\"https:\/\/dicodusport.fr\/blog\/\"},{\"@type\":\"ListItem\",\"position\":2,\"name\":\"Thibaut Pinot : \u00ab\u00a0A 95%, je n&rsquo;irai pas (sur le Giro), c&rsquo;est s\u00fbr\u00a0\u00bb\"}]},{\"@type\":\"WebSite\",\"@id\":\"https:\/\/dicodusport.fr\/blog\/#website\",\"url\":\"https:\/\/dicodusport.fr\/blog\/\",\"name\":\"Dicodusport\",\"description\":\"L&#039;encyclop\u00e9die de l&#039;actualit\u00e9 sportive\",\"publisher\":{\"@id\":\"https:\/\/dicodusport.fr\/blog\/#organization\"},\"potentialAction\":[{\"@type\":\"SearchAction\",\"target\":{\"@type\":\"EntryPoint\",\"urlTemplate\":\"https:\/\/dicodusport.fr\/blog\/?s={search_term_string}\"},\"query-input\":{\"@type\":\"PropertyValueSpecification\",\"valueRequired\":true,\"valueName\":\"search_term_string\"}}],\"inLanguage\":\"fr-FR\"},{\"@type\":\"NewsMediaOrganization\",\"@id\":\"https:\/\/dicodusport.fr\/blog\/#organization\",\"name\":\"Dicodusport\",\"url\":\"https:\/\/dicodusport.fr\/blog\/\",\"logo\":{\"@type\":\"ImageObject\",\"inLanguage\":\"fr-FR\",\"@id\":\"https:\/\/dicodusport.fr\/blog\/#\/schema\/logo\/image\/\",\"url\":\"https:\/\/dicodusport.fr\/blog\/wp-content\/uploads\/2020\/06\/cropped-LOGO-DICODUSPORT-2020-SANS-FOND-SANS-TEXTE.png\",\"contentUrl\":\"https:\/\/dicodusport.fr\/blog\/wp-content\/uploads\/2020\/06\/cropped-LOGO-DICODUSPORT-2020-SANS-FOND-SANS-TEXTE.png\",\"width\":512,\"height\":512,\"caption\":\"Dicodusport\"},\"image\":{\"@id\":\"https:\/\/dicodusport.fr\/blog\/#\/schema\/logo\/image\/\"},\"sameAs\":[\"https:\/\/www.facebook.com\/dicodusport\",\"https:\/\/x.com\/dicodusport\",\"https:\/\/www.instagram.com\/dicodusport\/\",\"https:\/\/www.youtube.com\/channel\/UC7V2KZ5sd3htJivAbA4ZG3w\"],\"description\":\"Dicodusport est l'encyclop\u00e9die de l'actualit\u00e9 sportive.\",\"email\":\"bonjour@dicodusport.fr\",\"legalName\":\"DICODUSPORT\",\"foundingDate\":\"2018-01-14\",\"vatID\":\"FR71834470973\",\"taxID\":\"83447097300043\",\"numberOfEmployees\":{\"@type\":\"QuantitativeValue\",\"minValue\":\"1\",\"maxValue\":\"10\"}},{\"@type\":\"Person\",\"@id\":\"https:\/\/dicodusport.fr\/blog\/#\/schema\/person\/55dcb50ad410894e431ed812bbb70191\",\"name\":\"Nicolas Jacquemard\",\"image\":{\"@type\":\"ImageObject\",\"inLanguage\":\"fr-FR\",\"@id\":\"https:\/\/dicodusport.fr\/blog\/#\/schema\/person\/image\/\",\"url\":\"https:\/\/dicodusport.fr\/blog\/wp-content\/uploads\/2021\/05\/Nicolas-Jacquemard-150x150.jpeg\",\"contentUrl\":\"https:\/\/dicodusport.fr\/blog\/wp-content\/uploads\/2021\/05\/Nicolas-Jacquemard-150x150.jpeg\",\"caption\":\"Nicolas Jacquemard\"},\"description\":\"Passionn\u00e9 de sport et entrepreneur depuis mes 18 ans, la cr\u00e9ation de Dicodusport m'a sembl\u00e9 \u00e9vidente pour participer \u00e0 la m\u00e9diatisation d'un plus grand nombre de sports. Le chemin est long mais avec une \u00e9quipe des plus motiv\u00e9es et les Jeux Olympiques de Paris 2024 en point de mire, nous y arriverons ! Journaliste dans le monde du sport depuis plus de 5 ans, je traite aussi bien de football, de rugby, de biathlon que de cyclisme.\",\"sameAs\":[\"https:\/\/www.facebook.com\/dicodusport\",\"https:\/\/x.com\/https:\/\/twitter.com\/Nico_Jacquemard\"],\"url\":\"https:\/\/dicodusport.fr\/blog\/author\/dicodusport\/\"}]}<\/script>\n<!-- \/ Yoast SEO Premium plugin. -->","yoast_head_json":{"title":"Thibaut Pinot : \"A 95%, je n'irai pas (sur le Giro), c'est s\u00fbr\"","description":"CYCLISME - Thibaut Pinot (Groupama-FDJ) a fait le point dans les colonnes de L'\u00c9quipe avant sa reprise sur le Tour des Alpes.","robots":{"index":"index","follow":"follow","max-snippet":"max-snippet:-1","max-image-preview":"max-image-preview:large","max-video-preview":"max-video-preview:-1"},"canonical":"https:\/\/dicodusport.fr\/blog\/thibaut-pinot-a-95-je-n-irai-pas-sur-le-giro-c-est-sur\/","og_locale":"fr_FR","og_type":"article","og_title":"Thibaut Pinot : \"A 95%, je n'irai pas (sur le Giro), c'est s\u00fbr\"","og_description":"CYCLISME - Thibaut Pinot (Groupama-FDJ) a fait le point dans les colonnes de L'\u00c9quipe avant sa reprise sur le Tour des Alpes.","og_url":"https:\/\/dicodusport.fr\/blog\/thibaut-pinot-a-95-je-n-irai-pas-sur-le-giro-c-est-sur\/","og_site_name":"Dicodusport","article_publisher":"https:\/\/www.facebook.com\/dicodusport","article_author":"https:\/\/www.facebook.com\/dicodusport","article_published_time":"2021-04-16T15:09:15+00:00","article_modified_time":"2021-04-16T17:43:19+00:00","og_image":[{"width":800,"height":445,"url":"https:\/\/dicodusport.fr\/blog\/wp-content\/uploads\/2021\/02\/Thibaut-Pinot-Aujourdhui-ce-netait-pas-tres-bon.png","type":"image\/png"}],"author":"Nicolas Jacquemard","twitter_card":"summary_large_image","twitter_title":"Thibaut Pinot : \"A 95%, je n'irai pas (sur le Giro), c'est s\u00fbr\"","twitter_creator":"@https:\/\/twitter.com\/Nico_Jacquemard","twitter_site":"@dicodusport","schema":{"@context":"https:\/\/schema.org","@graph":[{"@type":"NewsArticle","@id":"https:\/\/dicodusport.fr\/blog\/thibaut-pinot-a-95-je-n-irai-pas-sur-le-giro-c-est-sur\/#article","isPartOf":{"@id":"https:\/\/dicodusport.fr\/blog\/thibaut-pinot-a-95-je-n-irai-pas-sur-le-giro-c-est-sur\/"},"author":{"name":"Nicolas Jacquemard","@id":"https:\/\/dicodusport.fr\/blog\/#\/schema\/person\/55dcb50ad410894e431ed812bbb70191"},"headline":"Thibaut Pinot : \u00ab\u00a0A 95%, je n&rsquo;irai pas (sur le Giro), c&rsquo;est s\u00fbr\u00a0\u00bb","datePublished":"2021-04-16T15:09:15+00:00","dateModified":"2021-04-16T17:43:19+00:00","mainEntityOfPage":{"@id":"https:\/\/dicodusport.fr\/blog\/thibaut-pinot-a-95-je-n-irai-pas-sur-le-giro-c-est-sur\/"},"wordCount":291,"commentCount":0,"publisher":{"@id":"https:\/\/dicodusport.fr\/blog\/#organization"},"image":{"@id":"https:\/\/dicodusport.fr\/blog\/thibaut-pinot-a-95-je-n-irai-pas-sur-le-giro-c-est-sur\/#primaryimage"},"thumbnailUrl":"https:\/\/dicodusport.fr\/blog\/wp-content\/uploads\/2021\/02\/Thibaut-Pinot-Aujourdhui-ce-netait-pas-tres-bon.png","keywords":["Giro","Pinot","Thibaut Pinot"],"articleSection":["Cyclisme"],"inLanguage":"fr-FR","potentialAction":[{"@type":"CommentAction","name":"Comment","target":["https:\/\/dicodusport.fr\/blog\/thibaut-pinot-a-95-je-n-irai-pas-sur-le-giro-c-est-sur\/#respond"]}],"copyrightYear":"2021","copyrightHolder":{"@id":"https:\/\/dicodusport.fr\/blog\/#organization"}},{"@type":"WebPage","@id":"https:\/\/dicodusport.fr\/blog\/thibaut-pinot-a-95-je-n-irai-pas-sur-le-giro-c-est-sur\/","url":"https:\/\/dicodusport.fr\/blog\/thibaut-pinot-a-95-je-n-irai-pas-sur-le-giro-c-est-sur\/","name":"Thibaut Pinot : \"A 95%, je n'irai pas (sur le Giro), c'est s\u00fbr\"","isPartOf":{"@id":"https:\/\/dicodusport.fr\/blog\/#website"},"primaryImageOfPage":{"@id":"https:\/\/dicodusport.fr\/blog\/thibaut-pinot-a-95-je-n-irai-pas-sur-le-giro-c-est-sur\/#primaryimage"},"image":{"@id":"https:\/\/dicodusport.fr\/blog\/thibaut-pinot-a-95-je-n-irai-pas-sur-le-giro-c-est-sur\/#primaryimage"},"thumbnailUrl":"https:\/\/dicodusport.fr\/blog\/wp-content\/uploads\/2021\/02\/Thibaut-Pinot-Aujourdhui-ce-netait-pas-tres-bon.png","datePublished":"2021-04-16T15:09:15+00:00","dateModified":"2021-04-16T17:43:19+00:00","description":"CYCLISME - Thibaut Pinot (Groupama-FDJ) a fait le point dans les colonnes de L'\u00c9quipe avant sa reprise sur le Tour des Alpes.","breadcrumb":{"@id":"https:\/\/dicodusport.fr\/blog\/thibaut-pinot-a-95-je-n-irai-pas-sur-le-giro-c-est-sur\/#breadcrumb"},"inLanguage":"fr-FR","potentialAction":[{"@type":"ReadAction","target":["https:\/\/dicodusport.fr\/blog\/thibaut-pinot-a-95-je-n-irai-pas-sur-le-giro-c-est-sur\/"]}]},{"@type":"ImageObject","inLanguage":"fr-FR","@id":"https:\/\/dicodusport.fr\/blog\/thibaut-pinot-a-95-je-n-irai-pas-sur-le-giro-c-est-sur\/#primaryimage","url":"https:\/\/dicodusport.fr\/blog\/wp-content\/uploads\/2021\/02\/Thibaut-Pinot-Aujourdhui-ce-netait-pas-tres-bon.png","contentUrl":"https:\/\/dicodusport.fr\/blog\/wp-content\/uploads\/2021\/02\/Thibaut-Pinot-Aujourdhui-ce-netait-pas-tres-bon.png","width":800,"height":445,"caption":"Thibaut Pinot : \"A 95%, je n'irai pas (sur le Giro), c'est s\u00fbr\""},{"@type":"BreadcrumbList","@id":"https:\/\/dicodusport.fr\/blog\/thibaut-pinot-a-95-je-n-irai-pas-sur-le-giro-c-est-sur\/#breadcrumb","itemListElement":[{"@type":"ListItem","position":1,"name":"Accueil","item":"https:\/\/dicodusport.fr\/blog\/"},{"@type":"ListItem","position":2,"name":"Thibaut Pinot : \u00ab\u00a0A 95%, je n&rsquo;irai pas (sur le Giro), c&rsquo;est s\u00fbr\u00a0\u00bb"}]},{"@type":"WebSite","@id":"https:\/\/dicodusport.fr\/blog\/#website","url":"https:\/\/dicodusport.fr\/blog\/","name":"Dicodusport","description":"L&#039;encyclop\u00e9die de l&#039;actualit\u00e9 sportive","publisher":{"@id":"https:\/\/dicodusport.fr\/blog\/#organization"},"potentialAction":[{"@type":"SearchAction","target":{"@type":"EntryPoint","urlTemplate":"https:\/\/dicodusport.fr\/blog\/?s={search_term_string}"},"query-input":{"@type":"PropertyValueSpecification","valueRequired":true,"valueName":"search_term_string"}}],"inLanguage":"fr-FR"},{"@type":"NewsMediaOrganization","@id":"https:\/\/dicodusport.fr\/blog\/#organization","name":"Dicodusport","url":"https:\/\/dicodusport.fr\/blog\/","logo":{"@type":"ImageObject","inLanguage":"fr-FR","@id":"https:\/\/dicodusport.fr\/blog\/#\/schema\/logo\/image\/","url":"https:\/\/dicodusport.fr\/blog\/wp-content\/uploads\/2020\/06\/cropped-LOGO-DICODUSPORT-2020-SANS-FOND-SANS-TEXTE.png","contentUrl":"https:\/\/dicodusport.fr\/blog\/wp-content\/uploads\/2020\/06\/cropped-LOGO-DICODUSPORT-2020-SANS-FOND-SANS-TEXTE.png","width":512,"height":512,"caption":"Dicodusport"},"image":{"@id":"https:\/\/dicodusport.fr\/blog\/#\/schema\/logo\/image\/"},"sameAs":["https:\/\/www.facebook.com\/dicodusport","https:\/\/x.com\/dicodusport","https:\/\/www.instagram.com\/dicodusport\/","https:\/\/www.youtube.com\/channel\/UC7V2KZ5sd3htJivAbA4ZG3w"],"description":"Dicodusport est l'encyclop\u00e9die de l'actualit\u00e9 sportive.","email":"bonjour@dicodusport.fr","legalName":"DICODUSPORT","foundingDate":"2018-01-14","vatID":"FR71834470973","taxID":"83447097300043","numberOfEmployees":{"@type":"QuantitativeValue","minValue":"1","maxValue":"10"}},{"@type":"Person","@id":"https:\/\/dicodusport.fr\/blog\/#\/schema\/person\/55dcb50ad410894e431ed812bbb70191","name":"Nicolas Jacquemard","image":{"@type":"ImageObject","inLanguage":"fr-FR","@id":"https:\/\/dicodusport.fr\/blog\/#\/schema\/person\/image\/","url":"https:\/\/dicodusport.fr\/blog\/wp-content\/uploads\/2021\/05\/Nicolas-Jacquemard-150x150.jpeg","contentUrl":"https:\/\/dicodusport.fr\/blog\/wp-content\/uploads\/2021\/05\/Nicolas-Jacquemard-150x150.jpeg","caption":"Nicolas Jacquemard"},"description":"Passionn\u00e9 de sport et entrepreneur depuis mes 18 ans, la cr\u00e9ation de Dicodusport m'a sembl\u00e9 \u00e9vidente pour participer \u00e0 la m\u00e9diatisation d'un plus grand nombre de sports. Le chemin est long mais avec une \u00e9quipe des plus motiv\u00e9es et les Jeux Olympiques de Paris 2024 en point de mire, nous y arriverons ! Journaliste dans le monde du sport depuis plus de 5 ans, je traite aussi bien de football, de rugby, de biathlon que de cyclisme.","sameAs":["https:\/\/www.facebook.com\/dicodusport","https:\/\/x.com\/https:\/\/twitter.com\/Nico_Jacquemard"],"url":"https:\/\/dicodusport.fr\/blog\/author\/dicodusport\/"}]}},"_links":{"self":[{"href":"https:\/\/dicodusport.fr\/blog\/wp-json\/wp\/v2\/posts\/122129","targetHints":{"allow":["GET"]}}],"collection":[{"href":"https:\/\/dicodusport.fr\/blog\/wp-json\/wp\/v2\/posts"}],"about":[{"href":"https:\/\/dicodusport.fr\/blog\/wp-json\/wp\/v2\/types\/post"}],"author":[{"embeddable":true,"href":"https:\/\/dicodusport.fr\/blog\/wp-json\/wp\/v2\/users\/1"}],"replies":[{"embeddable":true,"href":"https:\/\/dicodusport.fr\/blog\/wp-json\/wp\/v2\/comments?post=122129"}],"version-history":[{"count":0,"href":"https:\/\/dicodusport.fr\/blog\/wp-json\/wp\/v2\/posts\/122129\/revisions"}],"wp:featuredmedia":[{"embeddable":true,"href":"https:\/\/dicodusport.fr\/blog\/wp-json\/wp\/v2\/media\/108588"}],"wp:attachment":[{"href":"https:\/\/dicodusport.fr\/blog\/wp-json\/wp\/v2\/media?parent=122129"}],"wp:term":[{"taxonomy":"category","embeddable":true,"href":"https:\/\/dicodusport.fr\/blog\/wp-json\/wp\/v2\/categories?post=122129"},{"taxonomy":"post_tag","embeddable":true,"href":"https:\/\/dicodusport.fr\/blog\/wp-json\/wp\/v2\/tags?post=122129"}],"curies":[{"name":"wp","href":"https:\/\/api.w.org\/{rel}","templated":true}]}}