{"id":122160,"date":"2021-04-16T18:23:05","date_gmt":"2021-04-16T16:23:05","guid":{"rendered":"https:\/\/dicodusport.fr\/blog\/?p=122160&#038;preview=true&#038;preview_id=122160"},"modified":"2021-04-16T18:54:40","modified_gmt":"2021-04-16T16:54:40","slug":"judo-championnats-deurope-2021-amandine-buchard-championne-europe","status":"publish","type":"post","link":"https:\/\/dicodusport.fr\/blog\/judo-championnats-deurope-2021-amandine-buchard-championne-europe\/","title":{"rendered":"Judo &#8211; Championnats d&rsquo;Europe 2021 : Amandine Buchard est championne d&rsquo;Europe"},"content":{"rendered":"<p style=\"text-align: justify;\"><strong><em><a href=\"https:\/\/dicodusport.fr\/blog\/judo-championnats-deurope-2021-le-programme-complet\/\" target=\"_blank\" rel=\"noopener\">JUDO &#8211; CHAMPIONNATS D&rsquo;EUROPE 2021<\/a> &#8211; Elle est l\u00e0 la premi\u00e8re m\u00e9daille d&rsquo;or fran\u00e7aise ! Amandine Buchard est championne d&rsquo;Europe pour la premi\u00e8re fois.<\/em><\/strong><\/p>\n<p style=\"text-align: justify;\">Face \u00e0 Odette Giuffrida, <strong>Amandine Buchard<\/strong> (-52 kg) a rapidement pris les devants avec un waza-ari mais apr\u00e8s, elle a sembl\u00e9 touch\u00e9e au pied. Elle a pu reprendre le combat mais elle \u00e9tait visiblement diminu\u00e9e physiquement. Mais la Fran\u00e7aise a tenu pour aller chercher son premier titre europ\u00e9en apr\u00e8s l&rsquo;argent en 2014 et le bronze en 2019.<\/p>\n<p style=\"text-align: justify;\">Plus t\u00f4t dans la journ\u00e9e, elle avait battu Andreea Chitu au deuxi\u00e8me tour au golden score avant d&rsquo;avoir deux combats plus rapides. En quarts d&rsquo;abord face \u00e0 Fabienne Kocher puis en demies face \u00e0 Ana Perez Box, \u00e0 chaque fois sur ippon en moins d&rsquo;une minute.<\/p>\n<blockquote class=\"twitter-tweet\">\n<p dir=\"ltr\" lang=\"fr\">Finale &#8211; <a href=\"https:\/\/twitter.com\/BubucheOfficiel?ref_src=twsrc%5Etfw\">@BubucheOfficiel<\/a> contre l\u2019italienne &#x1f1ee;&#x1f1f9; Odette Guiffrida &#8230;.<br \/>\nAmandine est CHAMPIONNE D\u2019EUROPE des &#8211; 52 kg &#x270c;&#x1f3fe;&#x1f64f;&#x1f3fc;&#x1f4aa;&#x1f3fe;<br \/>\nVamoooooos &#x1f64f;&#x1f3fc;&#x1f624; &#8230;. F\u00c9LICITATIONS &#x1f37e;&#x1f389; &#8230;. <a href=\"https:\/\/twitter.com\/hashtag\/AmandineBuchard?src=hash&amp;ref_src=twsrc%5Etfw\">#AmandineBuchard<\/a> <a href=\"https:\/\/twitter.com\/hashtag\/Judo?src=hash&amp;ref_src=twsrc%5Etfw\">#Judo<\/a> <a href=\"https:\/\/twitter.com\/hashtag\/JudoLisbon2021?src=hash&amp;ref_src=twsrc%5Etfw\">#JudoLisbon2021<\/a> <a href=\"https:\/\/twitter.com\/hashtag\/JudoFrance?src=hash&amp;ref_src=twsrc%5Etfw\">#JudoFrance<\/a> <a href=\"https:\/\/twitter.com\/hashtag\/lequipe?src=hash&amp;ref_src=twsrc%5Etfw\">#lequipe<\/a> <a href=\"https:\/\/twitter.com\/hashtag\/lequipeJudo?src=hash&amp;ref_src=twsrc%5Etfw\">#lequipeJudo<\/a> <a href=\"https:\/\/t.co\/Jf6tWYuQ37\">pic.twitter.com\/Jf6tWYuQ37<\/a><\/p>\n<p>\u2014 Laurent Mannechez (@LorenzoMZ2) <a href=\"https:\/\/twitter.com\/LorenzoMZ2\/status\/1383096363890708483?ref_src=twsrc%5Etfw\">April 16, 2021<\/a><\/p><\/blockquote>\n<p><script async src=\"https:\/\/platform.twitter.com\/widgets.js\" charset=\"utf-8\"><\/script><\/p>\n<p style=\"text-align: justify;\"><strong><em>Dicodusport<br \/>\n<a href=\"https:\/\/www.facebook.com\/dicodusport\/\" target=\"_blank\" rel=\"noopener noreferrer\"><img loading=\"lazy\" decoding=\"async\" class=\"alignnone wp-image-2909\" src=\"http:\/\/dicodusport.fr\/blog\/wp-content\/uploads\/2017\/07\/logo-facebook-150x150.png\" alt=\"\" width=\"40\" height=\"40\" \/><\/a><a href=\"https:\/\/twitter.com\/dicodusport\" target=\"_blank\" rel=\"noopener noreferrer\"><img loading=\"lazy\" decoding=\"async\" class=\"alignnone wp-image-2908\" src=\"http:\/\/dicodusport.fr\/blog\/wp-content\/uploads\/2017\/07\/logo-twitter-150x150.png\" alt=\"\" width=\"39\" height=\"39\" \/><\/a><\/em><\/strong><\/p>\n","protected":false},"excerpt":{"rendered":"<p>JUDO &#8211; Elle est l\u00e0 la premi\u00e8re m\u00e9daille d&rsquo;or fran\u00e7aise ! Amandine Buchard est championne d&rsquo;Europe pour la premi\u00e8re fois.<\/p>\n","protected":false},"author":12,"featured_media":122184,"comment_status":"open","ping_status":"closed","sticky":false,"template":"","format":"standard","meta":{"_acf_changed":false,"_daextam_enable_autolinks":"","footnotes":""},"categories":[8651],"tags":[6032,12310,68,24],"class_list":["post-122160","post","type-post","status-publish","format-standard","has-post-thumbnail","hentry","category-judo","tag-amandine-buchard","tag-championnats-deurope-de-judo","tag-judo","tag-sport"],"acf":[],"yoast_head":"<!-- This site is optimized with the Yoast SEO Premium plugin v26.7 (Yoast SEO v26.7) - https:\/\/yoast.com\/wordpress\/plugins\/seo\/ -->\n<title>Judo - Championnats d&#039;Europe 2021 : Amandine Buchard est championne d&#039;Europe<\/title>\n<meta name=\"description\" content=\"JUDO - Elle est l\u00e0 la premi\u00e8re m\u00e9daille d&#039;or fran\u00e7aise ! Amandine Buchard est championne d&#039;Europe pour la premi\u00e8re fois.\" \/>\n<meta name=\"robots\" content=\"index, follow, max-snippet:-1, max-image-preview:large, max-video-preview:-1\" \/>\n<link rel=\"canonical\" href=\"https:\/\/dicodusport.fr\/blog\/judo-championnats-deurope-2021-amandine-buchard-championne-europe\/\" \/>\n<meta property=\"og:locale\" content=\"fr_FR\" \/>\n<meta property=\"og:type\" content=\"article\" \/>\n<meta property=\"og:title\" content=\"Judo - Championnats d&#039;Europe 2021 : Amandine Buchard est championne d&#039;Europe\" \/>\n<meta property=\"og:description\" content=\"JUDO - Elle est l\u00e0 la premi\u00e8re m\u00e9daille d&#039;or fran\u00e7aise ! Amandine Buchard est championne d&#039;Europe pour la premi\u00e8re fois.\" \/>\n<meta property=\"og:url\" content=\"https:\/\/dicodusport.fr\/blog\/judo-championnats-deurope-2021-amandine-buchard-championne-europe\/\" \/>\n<meta property=\"og:site_name\" content=\"Dicodusport\" \/>\n<meta property=\"article:publisher\" content=\"https:\/\/www.facebook.com\/dicodusport\" \/>\n<meta property=\"article:published_time\" content=\"2021-04-16T16:23:05+00:00\" \/>\n<meta property=\"article:modified_time\" content=\"2021-04-16T16:54:40+00:00\" \/>\n<meta property=\"og:image\" content=\"https:\/\/dicodusport.fr\/blog\/wp-content\/uploads\/2021\/04\/Judo-Championnats-dEurope-2021-Amandine-Buchard-est-championne-dEurope.png\" \/>\n\t<meta property=\"og:image:width\" content=\"800\" \/>\n\t<meta property=\"og:image:height\" content=\"445\" \/>\n\t<meta property=\"og:image:type\" content=\"image\/png\" \/>\n<meta name=\"author\" content=\"Arlette Yeye\" \/>\n<meta name=\"twitter:card\" content=\"summary_large_image\" \/>\n<meta name=\"twitter:title\" content=\"Judo - Championnats d&#039;Europe 2021 : Amandine Buchard est championne d&#039;Europe\" \/>\n<meta name=\"twitter:creator\" content=\"@https:\/\/twitter.com\/Shiclette94\" \/>\n<meta name=\"twitter:site\" content=\"@dicodusport\" \/>\n<script type=\"application\/ld+json\" class=\"yoast-schema-graph\">{\"@context\":\"https:\/\/schema.org\",\"@graph\":[{\"@type\":\"NewsArticle\",\"@id\":\"https:\/\/dicodusport.fr\/blog\/judo-championnats-deurope-2021-amandine-buchard-championne-europe\/#article\",\"isPartOf\":{\"@id\":\"https:\/\/dicodusport.fr\/blog\/judo-championnats-deurope-2021-amandine-buchard-championne-europe\/\"},\"author\":{\"name\":\"Arlette Yeye\",\"@id\":\"https:\/\/dicodusport.fr\/blog\/#\/schema\/person\/cce96fa88785bd8573e3d43078ac8c79\"},\"headline\":\"Judo &#8211; Championnats d&rsquo;Europe 2021 : Amandine Buchard est championne d&rsquo;Europe\",\"datePublished\":\"2021-04-16T16:23:05+00:00\",\"dateModified\":\"2021-04-16T16:54:40+00:00\",\"mainEntityOfPage\":{\"@id\":\"https:\/\/dicodusport.fr\/blog\/judo-championnats-deurope-2021-amandine-buchard-championne-europe\/\"},\"wordCount\":221,\"commentCount\":0,\"publisher\":{\"@id\":\"https:\/\/dicodusport.fr\/blog\/#organization\"},\"image\":{\"@id\":\"https:\/\/dicodusport.fr\/blog\/judo-championnats-deurope-2021-amandine-buchard-championne-europe\/#primaryimage\"},\"thumbnailUrl\":\"https:\/\/dicodusport.fr\/blog\/wp-content\/uploads\/2021\/04\/Judo-Championnats-dEurope-2021-Amandine-Buchard-est-championne-dEurope.png\",\"keywords\":[\"Amandine Buchard\",\"Championnats d'Europe de judo\",\"Judo\",\"sport\"],\"articleSection\":[\"Judo\"],\"inLanguage\":\"fr-FR\",\"potentialAction\":[{\"@type\":\"CommentAction\",\"name\":\"Comment\",\"target\":[\"https:\/\/dicodusport.fr\/blog\/judo-championnats-deurope-2021-amandine-buchard-championne-europe\/#respond\"]}],\"copyrightYear\":\"2021\",\"copyrightHolder\":{\"@id\":\"https:\/\/dicodusport.fr\/blog\/#organization\"}},{\"@type\":\"WebPage\",\"@id\":\"https:\/\/dicodusport.fr\/blog\/judo-championnats-deurope-2021-amandine-buchard-championne-europe\/\",\"url\":\"https:\/\/dicodusport.fr\/blog\/judo-championnats-deurope-2021-amandine-buchard-championne-europe\/\",\"name\":\"Judo - Championnats d'Europe 2021 : Amandine Buchard est championne d'Europe\",\"isPartOf\":{\"@id\":\"https:\/\/dicodusport.fr\/blog\/#website\"},\"primaryImageOfPage\":{\"@id\":\"https:\/\/dicodusport.fr\/blog\/judo-championnats-deurope-2021-amandine-buchard-championne-europe\/#primaryimage\"},\"image\":{\"@id\":\"https:\/\/dicodusport.fr\/blog\/judo-championnats-deurope-2021-amandine-buchard-championne-europe\/#primaryimage\"},\"thumbnailUrl\":\"https:\/\/dicodusport.fr\/blog\/wp-content\/uploads\/2021\/04\/Judo-Championnats-dEurope-2021-Amandine-Buchard-est-championne-dEurope.png\",\"datePublished\":\"2021-04-16T16:23:05+00:00\",\"dateModified\":\"2021-04-16T16:54:40+00:00\",\"description\":\"JUDO - Elle est l\u00e0 la premi\u00e8re m\u00e9daille d'or fran\u00e7aise ! Amandine Buchard est championne d'Europe pour la premi\u00e8re fois.\",\"breadcrumb\":{\"@id\":\"https:\/\/dicodusport.fr\/blog\/judo-championnats-deurope-2021-amandine-buchard-championne-europe\/#breadcrumb\"},\"inLanguage\":\"fr-FR\",\"potentialAction\":[{\"@type\":\"ReadAction\",\"target\":[\"https:\/\/dicodusport.fr\/blog\/judo-championnats-deurope-2021-amandine-buchard-championne-europe\/\"]}]},{\"@type\":\"ImageObject\",\"inLanguage\":\"fr-FR\",\"@id\":\"https:\/\/dicodusport.fr\/blog\/judo-championnats-deurope-2021-amandine-buchard-championne-europe\/#primaryimage\",\"url\":\"https:\/\/dicodusport.fr\/blog\/wp-content\/uploads\/2021\/04\/Judo-Championnats-dEurope-2021-Amandine-Buchard-est-championne-dEurope.png\",\"contentUrl\":\"https:\/\/dicodusport.fr\/blog\/wp-content\/uploads\/2021\/04\/Judo-Championnats-dEurope-2021-Amandine-Buchard-est-championne-dEurope.png\",\"width\":800,\"height\":445,\"caption\":\"Amandine Buchard : \u00ab La victoire d\u00e9pend vraiment de mon attitude \u00bb\"},{\"@type\":\"BreadcrumbList\",\"@id\":\"https:\/\/dicodusport.fr\/blog\/judo-championnats-deurope-2021-amandine-buchard-championne-europe\/#breadcrumb\",\"itemListElement\":[{\"@type\":\"ListItem\",\"position\":1,\"name\":\"Accueil\",\"item\":\"https:\/\/dicodusport.fr\/blog\/\"},{\"@type\":\"ListItem\",\"position\":2,\"name\":\"Judo &#8211; Championnats d&rsquo;Europe 2021 : Amandine Buchard est championne d&rsquo;Europe\"}]},{\"@type\":\"WebSite\",\"@id\":\"https:\/\/dicodusport.fr\/blog\/#website\",\"url\":\"https:\/\/dicodusport.fr\/blog\/\",\"name\":\"Dicodusport\",\"description\":\"L&#039;encyclop\u00e9die de l&#039;actualit\u00e9 sportive\",\"publisher\":{\"@id\":\"https:\/\/dicodusport.fr\/blog\/#organization\"},\"potentialAction\":[{\"@type\":\"SearchAction\",\"target\":{\"@type\":\"EntryPoint\",\"urlTemplate\":\"https:\/\/dicodusport.fr\/blog\/?s={search_term_string}\"},\"query-input\":{\"@type\":\"PropertyValueSpecification\",\"valueRequired\":true,\"valueName\":\"search_term_string\"}}],\"inLanguage\":\"fr-FR\"},{\"@type\":\"NewsMediaOrganization\",\"@id\":\"https:\/\/dicodusport.fr\/blog\/#organization\",\"name\":\"Dicodusport\",\"url\":\"https:\/\/dicodusport.fr\/blog\/\",\"logo\":{\"@type\":\"ImageObject\",\"inLanguage\":\"fr-FR\",\"@id\":\"https:\/\/dicodusport.fr\/blog\/#\/schema\/logo\/image\/\",\"url\":\"https:\/\/dicodusport.fr\/blog\/wp-content\/uploads\/2020\/06\/cropped-LOGO-DICODUSPORT-2020-SANS-FOND-SANS-TEXTE.png\",\"contentUrl\":\"https:\/\/dicodusport.fr\/blog\/wp-content\/uploads\/2020\/06\/cropped-LOGO-DICODUSPORT-2020-SANS-FOND-SANS-TEXTE.png\",\"width\":512,\"height\":512,\"caption\":\"Dicodusport\"},\"image\":{\"@id\":\"https:\/\/dicodusport.fr\/blog\/#\/schema\/logo\/image\/\"},\"sameAs\":[\"https:\/\/www.facebook.com\/dicodusport\",\"https:\/\/x.com\/dicodusport\",\"https:\/\/www.instagram.com\/dicodusport\/\",\"https:\/\/www.youtube.com\/channel\/UC7V2KZ5sd3htJivAbA4ZG3w\"],\"description\":\"Dicodusport est l'encyclop\u00e9die de l'actualit\u00e9 sportive.\",\"email\":\"bonjour@dicodusport.fr\",\"legalName\":\"DICODUSPORT\",\"foundingDate\":\"2018-01-14\",\"vatID\":\"FR71834470973\",\"taxID\":\"83447097300043\",\"numberOfEmployees\":{\"@type\":\"QuantitativeValue\",\"minValue\":\"1\",\"maxValue\":\"10\"}},{\"@type\":\"Person\",\"@id\":\"https:\/\/dicodusport.fr\/blog\/#\/schema\/person\/cce96fa88785bd8573e3d43078ac8c79\",\"name\":\"Arlette Yeye\",\"image\":{\"@type\":\"ImageObject\",\"inLanguage\":\"fr-FR\",\"@id\":\"https:\/\/dicodusport.fr\/blog\/#\/schema\/person\/image\/\",\"url\":\"https:\/\/secure.gravatar.com\/avatar\/dca4a6239e6d708e46c45d60e160de6c?s=96&d=wp_user_avatar&r=g\",\"contentUrl\":\"https:\/\/secure.gravatar.com\/avatar\/dca4a6239e6d708e46c45d60e160de6c?s=96&d=wp_user_avatar&r=g\",\"caption\":\"Arlette Yeye\"},\"description\":\"Journaliste\/r\u00e9dactrice depuis septembre 2015 - Supportrice de Chelsea, j'ai pour sports de pr\u00e9dilection le handball, l'athl\u00e9tisme et le tennis. Si je tweete plus vite que mon ombre, vous pouvez aussi me retrouver les week-ends sur les playgrounds de Bruxelles pour un petit foot ou basket entre potes. Parcourir la France, l'Europe et plus si affinit\u00e9s pour suivre mes sportifs pr\u00e9f\u00e9r\u00e9s ? Mon kif ! Et c'est avec plaisir que je partage les r\u00e9sultats des sports populaires mais \u00e9galement plus confidentiels pour Dicodusport.\",\"sameAs\":[\"https:\/\/x.com\/https:\/\/twitter.com\/Shiclette94\"],\"url\":\"https:\/\/dicodusport.fr\/blog\/author\/arlette\/\"}]}<\/script>\n<!-- \/ Yoast SEO Premium plugin. -->","yoast_head_json":{"title":"Judo - Championnats d'Europe 2021 : Amandine Buchard est championne d'Europe","description":"JUDO - Elle est l\u00e0 la premi\u00e8re m\u00e9daille d'or fran\u00e7aise ! Amandine Buchard est championne d'Europe pour la premi\u00e8re fois.","robots":{"index":"index","follow":"follow","max-snippet":"max-snippet:-1","max-image-preview":"max-image-preview:large","max-video-preview":"max-video-preview:-1"},"canonical":"https:\/\/dicodusport.fr\/blog\/judo-championnats-deurope-2021-amandine-buchard-championne-europe\/","og_locale":"fr_FR","og_type":"article","og_title":"Judo - Championnats d'Europe 2021 : Amandine Buchard est championne d'Europe","og_description":"JUDO - Elle est l\u00e0 la premi\u00e8re m\u00e9daille d'or fran\u00e7aise ! Amandine Buchard est championne d'Europe pour la premi\u00e8re fois.","og_url":"https:\/\/dicodusport.fr\/blog\/judo-championnats-deurope-2021-amandine-buchard-championne-europe\/","og_site_name":"Dicodusport","article_publisher":"https:\/\/www.facebook.com\/dicodusport","article_published_time":"2021-04-16T16:23:05+00:00","article_modified_time":"2021-04-16T16:54:40+00:00","og_image":[{"width":800,"height":445,"url":"https:\/\/dicodusport.fr\/blog\/wp-content\/uploads\/2021\/04\/Judo-Championnats-dEurope-2021-Amandine-Buchard-est-championne-dEurope.png","type":"image\/png"}],"author":"Arlette Yeye","twitter_card":"summary_large_image","twitter_title":"Judo - Championnats d'Europe 2021 : Amandine Buchard est championne d'Europe","twitter_creator":"@https:\/\/twitter.com\/Shiclette94","twitter_site":"@dicodusport","schema":{"@context":"https:\/\/schema.org","@graph":[{"@type":"NewsArticle","@id":"https:\/\/dicodusport.fr\/blog\/judo-championnats-deurope-2021-amandine-buchard-championne-europe\/#article","isPartOf":{"@id":"https:\/\/dicodusport.fr\/blog\/judo-championnats-deurope-2021-amandine-buchard-championne-europe\/"},"author":{"name":"Arlette Yeye","@id":"https:\/\/dicodusport.fr\/blog\/#\/schema\/person\/cce96fa88785bd8573e3d43078ac8c79"},"headline":"Judo &#8211; Championnats d&rsquo;Europe 2021 : Amandine Buchard est championne d&rsquo;Europe","datePublished":"2021-04-16T16:23:05+00:00","dateModified":"2021-04-16T16:54:40+00:00","mainEntityOfPage":{"@id":"https:\/\/dicodusport.fr\/blog\/judo-championnats-deurope-2021-amandine-buchard-championne-europe\/"},"wordCount":221,"commentCount":0,"publisher":{"@id":"https:\/\/dicodusport.fr\/blog\/#organization"},"image":{"@id":"https:\/\/dicodusport.fr\/blog\/judo-championnats-deurope-2021-amandine-buchard-championne-europe\/#primaryimage"},"thumbnailUrl":"https:\/\/dicodusport.fr\/blog\/wp-content\/uploads\/2021\/04\/Judo-Championnats-dEurope-2021-Amandine-Buchard-est-championne-dEurope.png","keywords":["Amandine Buchard","Championnats d'Europe de judo","Judo","sport"],"articleSection":["Judo"],"inLanguage":"fr-FR","potentialAction":[{"@type":"CommentAction","name":"Comment","target":["https:\/\/dicodusport.fr\/blog\/judo-championnats-deurope-2021-amandine-buchard-championne-europe\/#respond"]}],"copyrightYear":"2021","copyrightHolder":{"@id":"https:\/\/dicodusport.fr\/blog\/#organization"}},{"@type":"WebPage","@id":"https:\/\/dicodusport.fr\/blog\/judo-championnats-deurope-2021-amandine-buchard-championne-europe\/","url":"https:\/\/dicodusport.fr\/blog\/judo-championnats-deurope-2021-amandine-buchard-championne-europe\/","name":"Judo - Championnats d'Europe 2021 : Amandine Buchard est championne d'Europe","isPartOf":{"@id":"https:\/\/dicodusport.fr\/blog\/#website"},"primaryImageOfPage":{"@id":"https:\/\/dicodusport.fr\/blog\/judo-championnats-deurope-2021-amandine-buchard-championne-europe\/#primaryimage"},"image":{"@id":"https:\/\/dicodusport.fr\/blog\/judo-championnats-deurope-2021-amandine-buchard-championne-europe\/#primaryimage"},"thumbnailUrl":"https:\/\/dicodusport.fr\/blog\/wp-content\/uploads\/2021\/04\/Judo-Championnats-dEurope-2021-Amandine-Buchard-est-championne-dEurope.png","datePublished":"2021-04-16T16:23:05+00:00","dateModified":"2021-04-16T16:54:40+00:00","description":"JUDO - Elle est l\u00e0 la premi\u00e8re m\u00e9daille d'or fran\u00e7aise ! Amandine Buchard est championne d'Europe pour la premi\u00e8re fois.","breadcrumb":{"@id":"https:\/\/dicodusport.fr\/blog\/judo-championnats-deurope-2021-amandine-buchard-championne-europe\/#breadcrumb"},"inLanguage":"fr-FR","potentialAction":[{"@type":"ReadAction","target":["https:\/\/dicodusport.fr\/blog\/judo-championnats-deurope-2021-amandine-buchard-championne-europe\/"]}]},{"@type":"ImageObject","inLanguage":"fr-FR","@id":"https:\/\/dicodusport.fr\/blog\/judo-championnats-deurope-2021-amandine-buchard-championne-europe\/#primaryimage","url":"https:\/\/dicodusport.fr\/blog\/wp-content\/uploads\/2021\/04\/Judo-Championnats-dEurope-2021-Amandine-Buchard-est-championne-dEurope.png","contentUrl":"https:\/\/dicodusport.fr\/blog\/wp-content\/uploads\/2021\/04\/Judo-Championnats-dEurope-2021-Amandine-Buchard-est-championne-dEurope.png","width":800,"height":445,"caption":"Amandine Buchard : \u00ab La victoire d\u00e9pend vraiment de mon attitude \u00bb"},{"@type":"BreadcrumbList","@id":"https:\/\/dicodusport.fr\/blog\/judo-championnats-deurope-2021-amandine-buchard-championne-europe\/#breadcrumb","itemListElement":[{"@type":"ListItem","position":1,"name":"Accueil","item":"https:\/\/dicodusport.fr\/blog\/"},{"@type":"ListItem","position":2,"name":"Judo &#8211; Championnats d&rsquo;Europe 2021 : Amandine Buchard est championne d&rsquo;Europe"}]},{"@type":"WebSite","@id":"https:\/\/dicodusport.fr\/blog\/#website","url":"https:\/\/dicodusport.fr\/blog\/","name":"Dicodusport","description":"L&#039;encyclop\u00e9die de l&#039;actualit\u00e9 sportive","publisher":{"@id":"https:\/\/dicodusport.fr\/blog\/#organization"},"potentialAction":[{"@type":"SearchAction","target":{"@type":"EntryPoint","urlTemplate":"https:\/\/dicodusport.fr\/blog\/?s={search_term_string}"},"query-input":{"@type":"PropertyValueSpecification","valueRequired":true,"valueName":"search_term_string"}}],"inLanguage":"fr-FR"},{"@type":"NewsMediaOrganization","@id":"https:\/\/dicodusport.fr\/blog\/#organization","name":"Dicodusport","url":"https:\/\/dicodusport.fr\/blog\/","logo":{"@type":"ImageObject","inLanguage":"fr-FR","@id":"https:\/\/dicodusport.fr\/blog\/#\/schema\/logo\/image\/","url":"https:\/\/dicodusport.fr\/blog\/wp-content\/uploads\/2020\/06\/cropped-LOGO-DICODUSPORT-2020-SANS-FOND-SANS-TEXTE.png","contentUrl":"https:\/\/dicodusport.fr\/blog\/wp-content\/uploads\/2020\/06\/cropped-LOGO-DICODUSPORT-2020-SANS-FOND-SANS-TEXTE.png","width":512,"height":512,"caption":"Dicodusport"},"image":{"@id":"https:\/\/dicodusport.fr\/blog\/#\/schema\/logo\/image\/"},"sameAs":["https:\/\/www.facebook.com\/dicodusport","https:\/\/x.com\/dicodusport","https:\/\/www.instagram.com\/dicodusport\/","https:\/\/www.youtube.com\/channel\/UC7V2KZ5sd3htJivAbA4ZG3w"],"description":"Dicodusport est l'encyclop\u00e9die de l'actualit\u00e9 sportive.","email":"bonjour@dicodusport.fr","legalName":"DICODUSPORT","foundingDate":"2018-01-14","vatID":"FR71834470973","taxID":"83447097300043","numberOfEmployees":{"@type":"QuantitativeValue","minValue":"1","maxValue":"10"}},{"@type":"Person","@id":"https:\/\/dicodusport.fr\/blog\/#\/schema\/person\/cce96fa88785bd8573e3d43078ac8c79","name":"Arlette Yeye","image":{"@type":"ImageObject","inLanguage":"fr-FR","@id":"https:\/\/dicodusport.fr\/blog\/#\/schema\/person\/image\/","url":"https:\/\/secure.gravatar.com\/avatar\/dca4a6239e6d708e46c45d60e160de6c?s=96&d=wp_user_avatar&r=g","contentUrl":"https:\/\/secure.gravatar.com\/avatar\/dca4a6239e6d708e46c45d60e160de6c?s=96&d=wp_user_avatar&r=g","caption":"Arlette Yeye"},"description":"Journaliste\/r\u00e9dactrice depuis septembre 2015 - Supportrice de Chelsea, j'ai pour sports de pr\u00e9dilection le handball, l'athl\u00e9tisme et le tennis. Si je tweete plus vite que mon ombre, vous pouvez aussi me retrouver les week-ends sur les playgrounds de Bruxelles pour un petit foot ou basket entre potes. Parcourir la France, l'Europe et plus si affinit\u00e9s pour suivre mes sportifs pr\u00e9f\u00e9r\u00e9s ? Mon kif ! Et c'est avec plaisir que je partage les r\u00e9sultats des sports populaires mais \u00e9galement plus confidentiels pour Dicodusport.","sameAs":["https:\/\/x.com\/https:\/\/twitter.com\/Shiclette94"],"url":"https:\/\/dicodusport.fr\/blog\/author\/arlette\/"}]}},"_links":{"self":[{"href":"https:\/\/dicodusport.fr\/blog\/wp-json\/wp\/v2\/posts\/122160","targetHints":{"allow":["GET"]}}],"collection":[{"href":"https:\/\/dicodusport.fr\/blog\/wp-json\/wp\/v2\/posts"}],"about":[{"href":"https:\/\/dicodusport.fr\/blog\/wp-json\/wp\/v2\/types\/post"}],"author":[{"embeddable":true,"href":"https:\/\/dicodusport.fr\/blog\/wp-json\/wp\/v2\/users\/12"}],"replies":[{"embeddable":true,"href":"https:\/\/dicodusport.fr\/blog\/wp-json\/wp\/v2\/comments?post=122160"}],"version-history":[{"count":0,"href":"https:\/\/dicodusport.fr\/blog\/wp-json\/wp\/v2\/posts\/122160\/revisions"}],"wp:featuredmedia":[{"embeddable":true,"href":"https:\/\/dicodusport.fr\/blog\/wp-json\/wp\/v2\/media\/122184"}],"wp:attachment":[{"href":"https:\/\/dicodusport.fr\/blog\/wp-json\/wp\/v2\/media?parent=122160"}],"wp:term":[{"taxonomy":"category","embeddable":true,"href":"https:\/\/dicodusport.fr\/blog\/wp-json\/wp\/v2\/categories?post=122160"},{"taxonomy":"post_tag","embeddable":true,"href":"https:\/\/dicodusport.fr\/blog\/wp-json\/wp\/v2\/tags?post=122160"}],"curies":[{"name":"wp","href":"https:\/\/api.w.org\/{rel}","templated":true}]}}