{"id":12259,"date":"2018-02-09T18:44:39","date_gmt":"2018-02-09T17:44:39","guid":{"rendered":"http:\/\/dicodusport.fr\/blog\/?p=12259"},"modified":"2018-02-10T03:44:04","modified_gmt":"2018-02-10T02:44:04","slug":"jo-2018-programme-du-10-fevrier-justine-braisaz-en-course-thibaut-fauconnet-aussi","status":"publish","type":"post","link":"https:\/\/dicodusport.fr\/blog\/jo-2018-programme-du-10-fevrier-justine-braisaz-en-course-thibaut-fauconnet-aussi\/","title":{"rendered":"JO 2018 &#8211; Programme du 10 f\u00e9vrier : Justine Braisaz en course, Thibaut Fauconnet aussi"},"content":{"rendered":"<p style=\"text-align: justify;\"><em><strong>\u00c7a y est, c&rsquo;est parti ! Au programme de ce samedi, l&rsquo;entr\u00e9e en lice des biathl\u00e8tes et fondeuses f\u00e9minines, mais aussi les s\u00e9ries du Short-rack, avec notamment <a href=\"https:\/\/dicodusport.fr\/blog\/veronique-pierron-quatrieme-olympiade\/\" target=\"_blank\" rel=\"noopener\">V\u00e9ronique Pierron<\/a> et <a href=\"https:\/\/dicodusport.fr\/blog\/thibaut-fauconnet-profiter-jeux-olympiques\/\" target=\"_blank\" rel=\"noopener\">Thibaut Fauconnet.<\/a><\/strong><\/em><\/p>\n<h4 style=\"text-align: justify;\">8h15 : Ski de fond &#8211; Skiathlon (F)<\/h4>\n<p style=\"text-align: justify;\">Les fondeuses entrent en piste. Les Fran\u00e7aises <strong>Anouk Faivre-Picon<\/strong>, <strong>Aurore Jean<\/strong>, <strong>Coraline Thomas Hugue<\/strong> et <strong>Delphine Claudel<\/strong>, loin d&rsquo;\u00eatre favorites, tenteront de cr\u00e9er la surprise dans une discipline tr\u00e8s difficile. Les Norv\u00e9giennes Heidi Weng et Ingvild Flugstad Oestberg, mais aussi la Su\u00e9doise Charlotte Kalla devraient se disputer le titre.<\/p>\n<h4 style=\"text-align: justify;\">11h : Short-track &#8211; 1500m (H)<\/h4>\n<p style=\"text-align: justify;\"><strong>S\u00e9bastien Lepape<\/strong> et <strong>Thibaut Fauconnet<\/strong> seront aussi sur le pont, sur la glace plus pr\u00e9cis\u00e9ment, pour les s\u00e9ries de 1500m. En course respectivement \u00e0 11h15 et 11h25, les deux Tricolores voudront bousculer la hi\u00e9rarchie mondiale, incarn\u00e9e par la Cor\u00e9e du Sud et le Canada. Les demi-finales se d\u00e9rouleront \u00e0 12h21 et la finale \u00e0 13h22.<\/p>\n<h4 style=\"text-align: justify;\">11h30 : Ski de bosses &#8211; Rep\u00eachages (F)<\/h4>\n<p style=\"text-align: justify;\">En 16\u00e8me position la nuit derni\u00e8re lors de la premi\u00e8re manche de qualifications, <strong>Camille Cabrol<\/strong> tentera de rejoindre <strong>Perrine Laffont<\/strong> en finale. Si elle r\u00e9alise un run aussi propre que celui propos\u00e9 lors du premier acte, la Fran\u00e7aise devrait \u00eatre de la partie pour la course \u00e0 la m\u00e9daille.<\/p>\n<h4 style=\"text-align: justify;\">11h44 : Short-track &#8211; 500m (F)<\/h4>\n<p style=\"text-align: justify;\"><strong>V\u00e9ronique Pierron<\/strong> et <strong>Tifany Huot-Marchand<\/strong> font leur entr\u00e9e dans ces Jeux Olympiques, respectivement \u00e0 11h53 et 11h59 pour les s\u00e9ries. Le tableau semble plus ouvert que chez les hommes, m\u00eame si la Canadienne Marianne St-Gelais fait figure de favorite.<\/p>\n<h4 style=\"text-align: justify;\"><b>12h15 :<\/b> Biathlon<b> &#8211; Sprint (F) <\/b><b><br \/>\n<\/b><\/h4>\n<p style=\"text-align: justify;\">L&rsquo;un des grands moments de ce samedi : le d\u00e9but des \u00e9preuves de biathlon, avec le sprint dames. Une premi\u00e8re grande chance de breloque, avec <strong>Justine Braisaz<\/strong>, 8\u00e8me au classement g\u00e9n\u00e9ral de la Coupe du Monde et laur\u00e9ate de la mass start au Grand Bornand, sa premi\u00e8re victoire en Coupe du Monde. Autre tricolore \u00e0 suivre, <strong>Anais Bescond<\/strong>, qui a r\u00e9alis\u00e9 un tr\u00e8s bon d\u00e9but de saison. Si la Slovaque Kuzmina semble quasiment intouchable sur le sprint, nos Fran\u00e7aises ont une belle carte \u00e0 jouer. Sans oublier <strong>Marie Dorin Habert<\/strong> et <strong>Anais Chevalier.<\/strong><\/p>\n<h4 style=\"text-align: justify;\">13h35 : Saut \u00e0 skis &#8211; Petit tremplin (H) finale<\/h4>\n<p style=\"text-align: justify;\"><strong>Vincent Descombes-Sevoie<\/strong> et <strong>Jonathan Learoyd<\/strong> se sont qualifi\u00e9s pour la finale de saut \u00e0 skis. Si la concurrence sera f\u00e9roce avec les Finlandais et les Japonais notamment, une surprise reste possible.<\/p>\n<p style=\"text-align: justify;\"><em><strong>Flo Ostermann<\/strong><\/em><em><br \/>\n<\/em><a href=\"https:\/\/www.facebook.com\/florent.ostermann\"><img loading=\"lazy\" decoding=\"async\" class=\"alignnone wp-image-2909\" src=\"http:\/\/dicodusport.fr\/blog\/wp-content\/uploads\/2017\/07\/logo-facebook-150x150.png\" alt=\"\" width=\"40\" height=\"40\" \/><\/a><a href=\"https:\/\/twitter.com\/SportInsideMag\"><img loading=\"lazy\" decoding=\"async\" class=\"alignnone wp-image-2908\" src=\"http:\/\/dicodusport.fr\/blog\/wp-content\/uploads\/2017\/07\/logo-twitter-150x150.png\" alt=\"\" width=\"39\" height=\"39\" \/><\/a><\/p>\n","protected":false},"excerpt":{"rendered":"<p>\u00c7a y est, c&rsquo;est parti ! Au programme de ce samedi, l&rsquo;entr\u00e9e en lice des biathl\u00e8tes et fondeuses f\u00e9minines, mais aussi les s\u00e9ries du Short-rack, avec notamment V\u00e9ronique Pierron et Thibaut Fauconnet.<\/p>\n","protected":false},"author":4,"featured_media":12109,"comment_status":"open","ping_status":"closed","sticky":false,"template":"","format":"standard","meta":{"_acf_changed":false,"_daextam_enable_autolinks":"","footnotes":""},"categories":[2,3588,2313],"tags":[2427,3544,2701,2646,2645],"class_list":["post-12259","post","type-post","status-publish","format-standard","has-post-thumbnail","hentry","category-actualites","category-pyeongchang-2018","category-sports-dhiver","tag-biathlon","tag-jo-de-pyeongchang","tag-justine-braisaz","tag-short-track","tag-thibaut-fauconnet"],"acf":[],"yoast_head":"<!-- This site is optimized with the Yoast SEO Premium plugin v26.7 (Yoast SEO v26.7) - https:\/\/yoast.com\/wordpress\/plugins\/seo\/ -->\n<title>JO 2018 - Programme du 10 f\u00e9vrier : Justine Braisaz en course, Thibaut Fauconnet aussi<\/title>\n<meta name=\"description\" content=\"\u00c7a y est, c&#039;est parti ! Au programme de ce samedi, l&#039;entr\u00e9e en lice des biathl\u00e8tes et fondeuses f\u00e9minines, mais aussi les s\u00e9ries du Short-rack, avec notamment V\u00e9ronique Pierron et Thibaut Fauconnet.\" \/>\n<meta name=\"robots\" content=\"index, follow, max-snippet:-1, max-image-preview:large, max-video-preview:-1\" \/>\n<link rel=\"canonical\" href=\"https:\/\/dicodusport.fr\/blog\/jo-2018-programme-du-10-fevrier-justine-braisaz-en-course-thibaut-fauconnet-aussi\/\" \/>\n<meta property=\"og:locale\" content=\"fr_FR\" \/>\n<meta property=\"og:type\" content=\"article\" \/>\n<meta property=\"og:title\" content=\"JO 2018 - Programme du 10 f\u00e9vrier : Justine Braisaz en course, Thibaut Fauconnet aussi\" \/>\n<meta property=\"og:description\" content=\"\u00c7a y est, c&#039;est parti ! Au programme de ce samedi, l&#039;entr\u00e9e en lice des biathl\u00e8tes et fondeuses f\u00e9minines, mais aussi les s\u00e9ries du Short-rack, avec notamment V\u00e9ronique Pierron et Thibaut Fauconnet.\" \/>\n<meta property=\"og:url\" content=\"https:\/\/dicodusport.fr\/blog\/jo-2018-programme-du-10-fevrier-justine-braisaz-en-course-thibaut-fauconnet-aussi\/\" \/>\n<meta property=\"og:site_name\" content=\"Dicodusport\" \/>\n<meta property=\"article:publisher\" content=\"https:\/\/www.facebook.com\/dicodusport\" \/>\n<meta property=\"article:author\" content=\"https:\/\/www.facebook.com\/florent.ostermann\" \/>\n<meta property=\"article:published_time\" content=\"2018-02-09T17:44:39+00:00\" \/>\n<meta property=\"article:modified_time\" content=\"2018-02-10T02:44:04+00:00\" \/>\n<meta property=\"og:image\" content=\"https:\/\/dicodusport.fr\/blog\/wp-content\/uploads\/2018\/02\/JO-2018-Programme-10-f\u00e9vrier.png\" \/>\n\t<meta property=\"og:image:width\" content=\"1200\" \/>\n\t<meta property=\"og:image:height\" content=\"670\" \/>\n\t<meta property=\"og:image:type\" content=\"image\/png\" \/>\n<meta name=\"author\" content=\"Flo Ostermann\" \/>\n<meta name=\"twitter:card\" content=\"summary_large_image\" \/>\n<meta name=\"twitter:creator\" content=\"@https:\/\/twitter.com\/FlOstermann\" \/>\n<meta name=\"twitter:site\" content=\"@dicodusport\" \/>\n<script type=\"application\/ld+json\" class=\"yoast-schema-graph\">{\"@context\":\"https:\/\/schema.org\",\"@graph\":[{\"@type\":\"NewsArticle\",\"@id\":\"https:\/\/dicodusport.fr\/blog\/jo-2018-programme-du-10-fevrier-justine-braisaz-en-course-thibaut-fauconnet-aussi\/#article\",\"isPartOf\":{\"@id\":\"https:\/\/dicodusport.fr\/blog\/jo-2018-programme-du-10-fevrier-justine-braisaz-en-course-thibaut-fauconnet-aussi\/\"},\"author\":{\"name\":\"Flo Ostermann\",\"@id\":\"https:\/\/dicodusport.fr\/blog\/#\/schema\/person\/cb02af4c173ce4a653b55e9baf388d4a\"},\"headline\":\"JO 2018 &#8211; Programme du 10 f\u00e9vrier : Justine Braisaz en course, Thibaut Fauconnet aussi\",\"datePublished\":\"2018-02-09T17:44:39+00:00\",\"dateModified\":\"2018-02-10T02:44:04+00:00\",\"mainEntityOfPage\":{\"@id\":\"https:\/\/dicodusport.fr\/blog\/jo-2018-programme-du-10-fevrier-justine-braisaz-en-course-thibaut-fauconnet-aussi\/\"},\"wordCount\":434,\"commentCount\":0,\"publisher\":{\"@id\":\"https:\/\/dicodusport.fr\/blog\/#organization\"},\"image\":{\"@id\":\"https:\/\/dicodusport.fr\/blog\/jo-2018-programme-du-10-fevrier-justine-braisaz-en-course-thibaut-fauconnet-aussi\/#primaryimage\"},\"thumbnailUrl\":\"https:\/\/dicodusport.fr\/blog\/wp-content\/uploads\/2018\/02\/JO-2018-Programme-10-f\u00e9vrier.png\",\"keywords\":[\"Biathlon\",\"JO de Pyeongchang\",\"Justine Braisaz\",\"short track\",\"Thibaut Fauconnet\"],\"articleSection\":[\"Actualit\u00e9s\",\"Pyeongchang 2018\",\"Sports d'hiver\"],\"inLanguage\":\"fr-FR\",\"potentialAction\":[{\"@type\":\"CommentAction\",\"name\":\"Comment\",\"target\":[\"https:\/\/dicodusport.fr\/blog\/jo-2018-programme-du-10-fevrier-justine-braisaz-en-course-thibaut-fauconnet-aussi\/#respond\"]}],\"copyrightYear\":\"2018\",\"copyrightHolder\":{\"@id\":\"https:\/\/dicodusport.fr\/blog\/#organization\"}},{\"@type\":\"WebPage\",\"@id\":\"https:\/\/dicodusport.fr\/blog\/jo-2018-programme-du-10-fevrier-justine-braisaz-en-course-thibaut-fauconnet-aussi\/\",\"url\":\"https:\/\/dicodusport.fr\/blog\/jo-2018-programme-du-10-fevrier-justine-braisaz-en-course-thibaut-fauconnet-aussi\/\",\"name\":\"JO 2018 - Programme du 10 f\u00e9vrier : Justine Braisaz en course, Thibaut Fauconnet aussi\",\"isPartOf\":{\"@id\":\"https:\/\/dicodusport.fr\/blog\/#website\"},\"primaryImageOfPage\":{\"@id\":\"https:\/\/dicodusport.fr\/blog\/jo-2018-programme-du-10-fevrier-justine-braisaz-en-course-thibaut-fauconnet-aussi\/#primaryimage\"},\"image\":{\"@id\":\"https:\/\/dicodusport.fr\/blog\/jo-2018-programme-du-10-fevrier-justine-braisaz-en-course-thibaut-fauconnet-aussi\/#primaryimage\"},\"thumbnailUrl\":\"https:\/\/dicodusport.fr\/blog\/wp-content\/uploads\/2018\/02\/JO-2018-Programme-10-f\u00e9vrier.png\",\"datePublished\":\"2018-02-09T17:44:39+00:00\",\"dateModified\":\"2018-02-10T02:44:04+00:00\",\"description\":\"\u00c7a y est, c'est parti ! Au programme de ce samedi, l'entr\u00e9e en lice des biathl\u00e8tes et fondeuses f\u00e9minines, mais aussi les s\u00e9ries du Short-rack, avec notamment V\u00e9ronique Pierron et Thibaut Fauconnet.\",\"breadcrumb\":{\"@id\":\"https:\/\/dicodusport.fr\/blog\/jo-2018-programme-du-10-fevrier-justine-braisaz-en-course-thibaut-fauconnet-aussi\/#breadcrumb\"},\"inLanguage\":\"fr-FR\",\"potentialAction\":[{\"@type\":\"ReadAction\",\"target\":[\"https:\/\/dicodusport.fr\/blog\/jo-2018-programme-du-10-fevrier-justine-braisaz-en-course-thibaut-fauconnet-aussi\/\"]}]},{\"@type\":\"ImageObject\",\"inLanguage\":\"fr-FR\",\"@id\":\"https:\/\/dicodusport.fr\/blog\/jo-2018-programme-du-10-fevrier-justine-braisaz-en-course-thibaut-fauconnet-aussi\/#primaryimage\",\"url\":\"https:\/\/dicodusport.fr\/blog\/wp-content\/uploads\/2018\/02\/JO-2018-Programme-10-f\u00e9vrier.png\",\"contentUrl\":\"https:\/\/dicodusport.fr\/blog\/wp-content\/uploads\/2018\/02\/JO-2018-Programme-10-f\u00e9vrier.png\",\"width\":1200,\"height\":670},{\"@type\":\"BreadcrumbList\",\"@id\":\"https:\/\/dicodusport.fr\/blog\/jo-2018-programme-du-10-fevrier-justine-braisaz-en-course-thibaut-fauconnet-aussi\/#breadcrumb\",\"itemListElement\":[{\"@type\":\"ListItem\",\"position\":1,\"name\":\"Accueil\",\"item\":\"https:\/\/dicodusport.fr\/blog\/\"},{\"@type\":\"ListItem\",\"position\":2,\"name\":\"JO 2018 &#8211; Programme du 10 f\u00e9vrier : Justine Braisaz en course, Thibaut Fauconnet aussi\"}]},{\"@type\":\"WebSite\",\"@id\":\"https:\/\/dicodusport.fr\/blog\/#website\",\"url\":\"https:\/\/dicodusport.fr\/blog\/\",\"name\":\"Dicodusport\",\"description\":\"L&#039;encyclop\u00e9die de l&#039;actualit\u00e9 sportive\",\"publisher\":{\"@id\":\"https:\/\/dicodusport.fr\/blog\/#organization\"},\"potentialAction\":[{\"@type\":\"SearchAction\",\"target\":{\"@type\":\"EntryPoint\",\"urlTemplate\":\"https:\/\/dicodusport.fr\/blog\/?s={search_term_string}\"},\"query-input\":{\"@type\":\"PropertyValueSpecification\",\"valueRequired\":true,\"valueName\":\"search_term_string\"}}],\"inLanguage\":\"fr-FR\"},{\"@type\":\"NewsMediaOrganization\",\"@id\":\"https:\/\/dicodusport.fr\/blog\/#organization\",\"name\":\"Dicodusport\",\"url\":\"https:\/\/dicodusport.fr\/blog\/\",\"logo\":{\"@type\":\"ImageObject\",\"inLanguage\":\"fr-FR\",\"@id\":\"https:\/\/dicodusport.fr\/blog\/#\/schema\/logo\/image\/\",\"url\":\"https:\/\/dicodusport.fr\/blog\/wp-content\/uploads\/2020\/06\/cropped-LOGO-DICODUSPORT-2020-SANS-FOND-SANS-TEXTE.png\",\"contentUrl\":\"https:\/\/dicodusport.fr\/blog\/wp-content\/uploads\/2020\/06\/cropped-LOGO-DICODUSPORT-2020-SANS-FOND-SANS-TEXTE.png\",\"width\":512,\"height\":512,\"caption\":\"Dicodusport\"},\"image\":{\"@id\":\"https:\/\/dicodusport.fr\/blog\/#\/schema\/logo\/image\/\"},\"sameAs\":[\"https:\/\/www.facebook.com\/dicodusport\",\"https:\/\/x.com\/dicodusport\",\"https:\/\/www.instagram.com\/dicodusport\/\",\"https:\/\/www.youtube.com\/channel\/UC7V2KZ5sd3htJivAbA4ZG3w\"],\"description\":\"Dicodusport est l'encyclop\u00e9die de l'actualit\u00e9 sportive.\",\"email\":\"bonjour@dicodusport.fr\",\"legalName\":\"DICODUSPORT\",\"foundingDate\":\"2018-01-14\",\"vatID\":\"FR71834470973\",\"taxID\":\"83447097300043\",\"numberOfEmployees\":{\"@type\":\"QuantitativeValue\",\"minValue\":\"1\",\"maxValue\":\"10\"}},{\"@type\":\"Person\",\"@id\":\"https:\/\/dicodusport.fr\/blog\/#\/schema\/person\/cb02af4c173ce4a653b55e9baf388d4a\",\"name\":\"Flo Ostermann\",\"image\":{\"@type\":\"ImageObject\",\"inLanguage\":\"fr-FR\",\"@id\":\"https:\/\/dicodusport.fr\/blog\/#\/schema\/person\/image\/\",\"url\":\"https:\/\/dicodusport.fr\/blog\/wp-content\/uploads\/2021\/05\/Flo-Ostermann-150x150.jpg\",\"contentUrl\":\"https:\/\/dicodusport.fr\/blog\/wp-content\/uploads\/2021\/05\/Flo-Ostermann-150x150.jpg\",\"caption\":\"Flo Ostermann\"},\"description\":\"Journaliste\/R\u00e9dacteur depuis septembre 2015 - Mes premiers souvenirs dans le sport ? Les envol\u00e9es du Stade Toulousain et les duels Villeneuve-Schumacher et H\u00e4kkinen-Schumacher \u00e0 la fin des ann\u00e9es 90, la Coupe du monde de football en 1998, l\u2019exploit du XV de France face aux All Blacks en 1999, mais aussi Richard C\u0153ur de Lion qui vole sur les montagnes du Tour de France. Bien parti pour devenir professeur d\u2019EPS, les \u00e9v\u00e9nements de la vie (et la flemme d\u2019animer des s\u00e9ances de 3x500 m\u00e8tres toute ma vie) m\u2019ont conduit \u00e0 revoir mes plans. Me voil\u00e0 depuis fin 2017 sur Dicodusport, m\u00e9dia gr\u00e2ce (et pour) lequel je partage ma passion : le sport dans tous ses \u00e9tats. Le tout accompagn\u00e9 par les fous furieux et folles furieuses cit\u00e9s sur cette page !\",\"sameAs\":[\"https:\/\/www.facebook.com\/florent.ostermann\",\"https:\/\/x.com\/https:\/\/twitter.com\/FlOstermann\",\"admin\"],\"url\":\"https:\/\/dicodusport.fr\/blog\/author\/flo\/\"}]}<\/script>\n<!-- \/ Yoast SEO Premium plugin. -->","yoast_head_json":{"title":"JO 2018 - Programme du 10 f\u00e9vrier : Justine Braisaz en course, Thibaut Fauconnet aussi","description":"\u00c7a y est, c'est parti ! Au programme de ce samedi, l'entr\u00e9e en lice des biathl\u00e8tes et fondeuses f\u00e9minines, mais aussi les s\u00e9ries du Short-rack, avec notamment V\u00e9ronique Pierron et Thibaut Fauconnet.","robots":{"index":"index","follow":"follow","max-snippet":"max-snippet:-1","max-image-preview":"max-image-preview:large","max-video-preview":"max-video-preview:-1"},"canonical":"https:\/\/dicodusport.fr\/blog\/jo-2018-programme-du-10-fevrier-justine-braisaz-en-course-thibaut-fauconnet-aussi\/","og_locale":"fr_FR","og_type":"article","og_title":"JO 2018 - Programme du 10 f\u00e9vrier : Justine Braisaz en course, Thibaut Fauconnet aussi","og_description":"\u00c7a y est, c'est parti ! Au programme de ce samedi, l'entr\u00e9e en lice des biathl\u00e8tes et fondeuses f\u00e9minines, mais aussi les s\u00e9ries du Short-rack, avec notamment V\u00e9ronique Pierron et Thibaut Fauconnet.","og_url":"https:\/\/dicodusport.fr\/blog\/jo-2018-programme-du-10-fevrier-justine-braisaz-en-course-thibaut-fauconnet-aussi\/","og_site_name":"Dicodusport","article_publisher":"https:\/\/www.facebook.com\/dicodusport","article_author":"https:\/\/www.facebook.com\/florent.ostermann","article_published_time":"2018-02-09T17:44:39+00:00","article_modified_time":"2018-02-10T02:44:04+00:00","og_image":[{"width":1200,"height":670,"url":"https:\/\/dicodusport.fr\/blog\/wp-content\/uploads\/2018\/02\/JO-2018-Programme-10-f\u00e9vrier.png","type":"image\/png"}],"author":"Flo Ostermann","twitter_card":"summary_large_image","twitter_creator":"@https:\/\/twitter.com\/FlOstermann","twitter_site":"@dicodusport","schema":{"@context":"https:\/\/schema.org","@graph":[{"@type":"NewsArticle","@id":"https:\/\/dicodusport.fr\/blog\/jo-2018-programme-du-10-fevrier-justine-braisaz-en-course-thibaut-fauconnet-aussi\/#article","isPartOf":{"@id":"https:\/\/dicodusport.fr\/blog\/jo-2018-programme-du-10-fevrier-justine-braisaz-en-course-thibaut-fauconnet-aussi\/"},"author":{"name":"Flo Ostermann","@id":"https:\/\/dicodusport.fr\/blog\/#\/schema\/person\/cb02af4c173ce4a653b55e9baf388d4a"},"headline":"JO 2018 &#8211; Programme du 10 f\u00e9vrier : Justine Braisaz en course, Thibaut Fauconnet aussi","datePublished":"2018-02-09T17:44:39+00:00","dateModified":"2018-02-10T02:44:04+00:00","mainEntityOfPage":{"@id":"https:\/\/dicodusport.fr\/blog\/jo-2018-programme-du-10-fevrier-justine-braisaz-en-course-thibaut-fauconnet-aussi\/"},"wordCount":434,"commentCount":0,"publisher":{"@id":"https:\/\/dicodusport.fr\/blog\/#organization"},"image":{"@id":"https:\/\/dicodusport.fr\/blog\/jo-2018-programme-du-10-fevrier-justine-braisaz-en-course-thibaut-fauconnet-aussi\/#primaryimage"},"thumbnailUrl":"https:\/\/dicodusport.fr\/blog\/wp-content\/uploads\/2018\/02\/JO-2018-Programme-10-f\u00e9vrier.png","keywords":["Biathlon","JO de Pyeongchang","Justine Braisaz","short track","Thibaut Fauconnet"],"articleSection":["Actualit\u00e9s","Pyeongchang 2018","Sports d'hiver"],"inLanguage":"fr-FR","potentialAction":[{"@type":"CommentAction","name":"Comment","target":["https:\/\/dicodusport.fr\/blog\/jo-2018-programme-du-10-fevrier-justine-braisaz-en-course-thibaut-fauconnet-aussi\/#respond"]}],"copyrightYear":"2018","copyrightHolder":{"@id":"https:\/\/dicodusport.fr\/blog\/#organization"}},{"@type":"WebPage","@id":"https:\/\/dicodusport.fr\/blog\/jo-2018-programme-du-10-fevrier-justine-braisaz-en-course-thibaut-fauconnet-aussi\/","url":"https:\/\/dicodusport.fr\/blog\/jo-2018-programme-du-10-fevrier-justine-braisaz-en-course-thibaut-fauconnet-aussi\/","name":"JO 2018 - Programme du 10 f\u00e9vrier : Justine Braisaz en course, Thibaut Fauconnet aussi","isPartOf":{"@id":"https:\/\/dicodusport.fr\/blog\/#website"},"primaryImageOfPage":{"@id":"https:\/\/dicodusport.fr\/blog\/jo-2018-programme-du-10-fevrier-justine-braisaz-en-course-thibaut-fauconnet-aussi\/#primaryimage"},"image":{"@id":"https:\/\/dicodusport.fr\/blog\/jo-2018-programme-du-10-fevrier-justine-braisaz-en-course-thibaut-fauconnet-aussi\/#primaryimage"},"thumbnailUrl":"https:\/\/dicodusport.fr\/blog\/wp-content\/uploads\/2018\/02\/JO-2018-Programme-10-f\u00e9vrier.png","datePublished":"2018-02-09T17:44:39+00:00","dateModified":"2018-02-10T02:44:04+00:00","description":"\u00c7a y est, c'est parti ! Au programme de ce samedi, l'entr\u00e9e en lice des biathl\u00e8tes et fondeuses f\u00e9minines, mais aussi les s\u00e9ries du Short-rack, avec notamment V\u00e9ronique Pierron et Thibaut Fauconnet.","breadcrumb":{"@id":"https:\/\/dicodusport.fr\/blog\/jo-2018-programme-du-10-fevrier-justine-braisaz-en-course-thibaut-fauconnet-aussi\/#breadcrumb"},"inLanguage":"fr-FR","potentialAction":[{"@type":"ReadAction","target":["https:\/\/dicodusport.fr\/blog\/jo-2018-programme-du-10-fevrier-justine-braisaz-en-course-thibaut-fauconnet-aussi\/"]}]},{"@type":"ImageObject","inLanguage":"fr-FR","@id":"https:\/\/dicodusport.fr\/blog\/jo-2018-programme-du-10-fevrier-justine-braisaz-en-course-thibaut-fauconnet-aussi\/#primaryimage","url":"https:\/\/dicodusport.fr\/blog\/wp-content\/uploads\/2018\/02\/JO-2018-Programme-10-f\u00e9vrier.png","contentUrl":"https:\/\/dicodusport.fr\/blog\/wp-content\/uploads\/2018\/02\/JO-2018-Programme-10-f\u00e9vrier.png","width":1200,"height":670},{"@type":"BreadcrumbList","@id":"https:\/\/dicodusport.fr\/blog\/jo-2018-programme-du-10-fevrier-justine-braisaz-en-course-thibaut-fauconnet-aussi\/#breadcrumb","itemListElement":[{"@type":"ListItem","position":1,"name":"Accueil","item":"https:\/\/dicodusport.fr\/blog\/"},{"@type":"ListItem","position":2,"name":"JO 2018 &#8211; Programme du 10 f\u00e9vrier : Justine Braisaz en course, Thibaut Fauconnet aussi"}]},{"@type":"WebSite","@id":"https:\/\/dicodusport.fr\/blog\/#website","url":"https:\/\/dicodusport.fr\/blog\/","name":"Dicodusport","description":"L&#039;encyclop\u00e9die de l&#039;actualit\u00e9 sportive","publisher":{"@id":"https:\/\/dicodusport.fr\/blog\/#organization"},"potentialAction":[{"@type":"SearchAction","target":{"@type":"EntryPoint","urlTemplate":"https:\/\/dicodusport.fr\/blog\/?s={search_term_string}"},"query-input":{"@type":"PropertyValueSpecification","valueRequired":true,"valueName":"search_term_string"}}],"inLanguage":"fr-FR"},{"@type":"NewsMediaOrganization","@id":"https:\/\/dicodusport.fr\/blog\/#organization","name":"Dicodusport","url":"https:\/\/dicodusport.fr\/blog\/","logo":{"@type":"ImageObject","inLanguage":"fr-FR","@id":"https:\/\/dicodusport.fr\/blog\/#\/schema\/logo\/image\/","url":"https:\/\/dicodusport.fr\/blog\/wp-content\/uploads\/2020\/06\/cropped-LOGO-DICODUSPORT-2020-SANS-FOND-SANS-TEXTE.png","contentUrl":"https:\/\/dicodusport.fr\/blog\/wp-content\/uploads\/2020\/06\/cropped-LOGO-DICODUSPORT-2020-SANS-FOND-SANS-TEXTE.png","width":512,"height":512,"caption":"Dicodusport"},"image":{"@id":"https:\/\/dicodusport.fr\/blog\/#\/schema\/logo\/image\/"},"sameAs":["https:\/\/www.facebook.com\/dicodusport","https:\/\/x.com\/dicodusport","https:\/\/www.instagram.com\/dicodusport\/","https:\/\/www.youtube.com\/channel\/UC7V2KZ5sd3htJivAbA4ZG3w"],"description":"Dicodusport est l'encyclop\u00e9die de l'actualit\u00e9 sportive.","email":"bonjour@dicodusport.fr","legalName":"DICODUSPORT","foundingDate":"2018-01-14","vatID":"FR71834470973","taxID":"83447097300043","numberOfEmployees":{"@type":"QuantitativeValue","minValue":"1","maxValue":"10"}},{"@type":"Person","@id":"https:\/\/dicodusport.fr\/blog\/#\/schema\/person\/cb02af4c173ce4a653b55e9baf388d4a","name":"Flo Ostermann","image":{"@type":"ImageObject","inLanguage":"fr-FR","@id":"https:\/\/dicodusport.fr\/blog\/#\/schema\/person\/image\/","url":"https:\/\/dicodusport.fr\/blog\/wp-content\/uploads\/2021\/05\/Flo-Ostermann-150x150.jpg","contentUrl":"https:\/\/dicodusport.fr\/blog\/wp-content\/uploads\/2021\/05\/Flo-Ostermann-150x150.jpg","caption":"Flo Ostermann"},"description":"Journaliste\/R\u00e9dacteur depuis septembre 2015 - Mes premiers souvenirs dans le sport ? Les envol\u00e9es du Stade Toulousain et les duels Villeneuve-Schumacher et H\u00e4kkinen-Schumacher \u00e0 la fin des ann\u00e9es 90, la Coupe du monde de football en 1998, l\u2019exploit du XV de France face aux All Blacks en 1999, mais aussi Richard C\u0153ur de Lion qui vole sur les montagnes du Tour de France. Bien parti pour devenir professeur d\u2019EPS, les \u00e9v\u00e9nements de la vie (et la flemme d\u2019animer des s\u00e9ances de 3x500 m\u00e8tres toute ma vie) m\u2019ont conduit \u00e0 revoir mes plans. Me voil\u00e0 depuis fin 2017 sur Dicodusport, m\u00e9dia gr\u00e2ce (et pour) lequel je partage ma passion : le sport dans tous ses \u00e9tats. Le tout accompagn\u00e9 par les fous furieux et folles furieuses cit\u00e9s sur cette page !","sameAs":["https:\/\/www.facebook.com\/florent.ostermann","https:\/\/x.com\/https:\/\/twitter.com\/FlOstermann","admin"],"url":"https:\/\/dicodusport.fr\/blog\/author\/flo\/"}]}},"_links":{"self":[{"href":"https:\/\/dicodusport.fr\/blog\/wp-json\/wp\/v2\/posts\/12259","targetHints":{"allow":["GET"]}}],"collection":[{"href":"https:\/\/dicodusport.fr\/blog\/wp-json\/wp\/v2\/posts"}],"about":[{"href":"https:\/\/dicodusport.fr\/blog\/wp-json\/wp\/v2\/types\/post"}],"author":[{"embeddable":true,"href":"https:\/\/dicodusport.fr\/blog\/wp-json\/wp\/v2\/users\/4"}],"replies":[{"embeddable":true,"href":"https:\/\/dicodusport.fr\/blog\/wp-json\/wp\/v2\/comments?post=12259"}],"version-history":[{"count":0,"href":"https:\/\/dicodusport.fr\/blog\/wp-json\/wp\/v2\/posts\/12259\/revisions"}],"wp:featuredmedia":[{"embeddable":true,"href":"https:\/\/dicodusport.fr\/blog\/wp-json\/wp\/v2\/media\/12109"}],"wp:attachment":[{"href":"https:\/\/dicodusport.fr\/blog\/wp-json\/wp\/v2\/media?parent=12259"}],"wp:term":[{"taxonomy":"category","embeddable":true,"href":"https:\/\/dicodusport.fr\/blog\/wp-json\/wp\/v2\/categories?post=12259"},{"taxonomy":"post_tag","embeddable":true,"href":"https:\/\/dicodusport.fr\/blog\/wp-json\/wp\/v2\/tags?post=12259"}],"curies":[{"name":"wp","href":"https:\/\/api.w.org\/{rel}","templated":true}]}}