{"id":12265,"date":"2018-02-11T12:00:00","date_gmt":"2018-02-11T11:00:00","guid":{"rendered":"http:\/\/dicodusport.fr\/blog\/?p=12265"},"modified":"2018-03-16T08:45:25","modified_gmt":"2018-03-16T07:45:25","slug":"regates-de-medias-aviron-5-janvier-crues","status":"publish","type":"post","link":"https:\/\/dicodusport.fr\/blog\/regates-de-medias-aviron-5-janvier-crues\/","title":{"rendered":"Les r\u00e9gates de M\u00e9dias Aviron #5 : janvier tout \u00ab\u00a0crues\u00a0\u00bb\u2026"},"content":{"rendered":"<p style=\"text-align: justify;\"><strong><em>Chaque mois, retrouvez \u00ab\u00a0<span style=\"color: #0000ff;\"><a style=\"color: #0000ff;\" href=\"https:\/\/dicodusport.fr\/blog\/regates-de-medias-aviron-mois-dicodusport-fr\/\" target=\"_blank\" rel=\"noopener noreferrer\">Les r\u00e9gates de M\u00e9dias Aviron<\/a>\u00a0<span style=\"color: #000000;\">\u00bb<\/span><\/span>, votre tour d&rsquo;actualit\u00e9 de la sph\u00e8re aviron en quelques lignes et r\u00e9alis\u00e9 par une \u00e9quipe de sp\u00e9cialistes. Pour ce cinqui\u00e8me \u00e9pisode, retour sur la pr\u00e9paration des rameurs fran\u00e7ais et la retraite de Stany Delayre.\u00a0<\/em><\/strong><\/p>\n<p style=\"text-align: justify;\">Des rivi\u00e8res qui d\u00e9bordent, des rameurs au sol ou sur la neige\u2026 Un mois de janvier calme dans les clubs de France.<\/p>\n<p style=\"text-align: justify;\">Le mois de janvier est traditionnellement calme sur l&rsquo;eau, car surtout d\u00e9volu \u00e0 la pr\u00e9paration du test ergom\u00e9trique, ou au ski de fond. En effet, \u00e0 l&rsquo;image de l&rsquo;\u00e9quipe de France masculine qui s&rsquo;est rendue en stage \u00e0 Pr\u00e9manon dans le Jura, plusieurs clubs ont fait de m\u00eame pour s&rsquo;adonner \u00e0 des exercices sur ski plut\u00f4t que sur l&rsquo;eau. Changer de cadre, d&rsquo;ambiance, de milieu, l&rsquo;id\u00e9al pour s&rsquo;a\u00e9rer l&rsquo;esprit autrement qu&rsquo;en respirant l&rsquo;air brass\u00e9 par les roues d&rsquo;ergo qui ont cependant, elles aussi, tourn\u00e9 \u00e0 plein r\u00e9gime en pr\u00e9vision aussi bien des championnats de France indoor ou, pour ceux qui ne s&rsquo;y rendent pas, des rencontres locales sur l&rsquo;ergom\u00e8tre.<\/p>\n<p style=\"text-align: justify;\">Mais ce mois de janvier a \u00e9t\u00e9 marqu\u00e9 par un autre ph\u00e9nom\u00e8ne, qui a touch\u00e9 de nombreuses r\u00e9gions fran\u00e7aises : la nature qui s&rsquo;est rappel\u00e9e \u00e0 nous, avec un niveau des cours d&rsquo;eau en forte augmentation. Verdun, Nogent-sur-Marne, Boulogne-Billancourt, Neuilly-sur-Seine, Villefranche, Lyon, Toul\u2026 Et on en oublie ! La liste des clubs qui se sont retrouv\u00e9s les pieds dans l&rsquo;eau face aux al\u00e9as de la nature est longue, avec une mise en s\u00e9curit\u00e9 des installations op\u00e9r\u00e9e rapidement gr\u00e2ce aux b\u00e9n\u00e9voles et un nettoyage qui a, ou va, commencer au rythme des d\u00e9crues.<\/p>\n<p style=\"text-align: justify;\">Mais janvier fut aussi le mois d&rsquo;une seconde annonce de \u00ab\u00a0d\u00e9part en retraite\u00a0\u00bb pour un grand rameur tricolore : apr\u00e8s J\u00e9r\u00e9mie Azou en octobre 2017, son co\u00e9quipier et ami Stany Delayre a lui aussi pris la d\u00e9cision de raccrocher les pelles tricolores. M\u00eame si l&rsquo;on pouvait s&rsquo;en douter au vu de ses r\u00e9centes d\u00e9clarations, il l&rsquo;a officiellement annonc\u00e9 le 21 janvier. Une nouvelle qui a donc officiellement lib\u00e9r\u00e9 la seconde place du deux de couple poids l\u00e9ger et relanc\u00e9 la concurrence dans la cat\u00e9gorie pour prendre la coulisse dans l&#8217;embarcation olympique.<\/p>\n<p><strong><em>M\u00e9dias Aviron<br \/>\n<a href=\"http:\/\/www.magaviron.fr\/\" target=\"_blank\" rel=\"noopener noreferrer\"><img loading=\"lazy\" decoding=\"async\" class=\"alignnone wp-image-5480\" src=\"http:\/\/dicodusport.fr\/blog\/wp-content\/uploads\/2017\/10\/logo-site-web-150x150.png\" alt=\"\" width=\"37\" height=\"37\" srcset=\"https:\/\/dicodusport.fr\/blog\/wp-content\/uploads\/2017\/10\/logo-site-web-150x150.png 150w, https:\/\/dicodusport.fr\/blog\/wp-content\/uploads\/2017\/10\/logo-site-web-300x300.png 300w, https:\/\/dicodusport.fr\/blog\/wp-content\/uploads\/2017\/10\/logo-site-web-768x768.png 768w, https:\/\/dicodusport.fr\/blog\/wp-content\/uploads\/2017\/10\/logo-site-web.png 800w\" sizes=\"auto, (max-width: 37px) 100vw, 37px\" \/><\/a><a style=\"color: #000000;\" href=\"https:\/\/twitter.com\/MediasAviron\" target=\"_blank\" rel=\"noopener noreferrer\"><img loading=\"lazy\" decoding=\"async\" class=\"alignnone wp-image-2908\" src=\"http:\/\/dicodusport.fr\/blog\/wp-content\/uploads\/2017\/07\/logo-twitter-150x150.png\" alt=\"\" width=\"39\" height=\"39\" \/><\/a><a style=\"color: #000000;\" href=\"https:\/\/www.facebook.com\/magaviron\/\" target=\"_blank\" rel=\"noopener noreferrer\"><img loading=\"lazy\" decoding=\"async\" class=\"alignnone wp-image-2909\" src=\"http:\/\/dicodusport.fr\/blog\/wp-content\/uploads\/2017\/07\/logo-facebook-150x150.png\" alt=\"\" width=\"40\" height=\"40\" \/><\/a><\/em><\/strong><\/p>\n","protected":false},"excerpt":{"rendered":"<p>Pour ce quatri\u00e8me \u00e9pisode, retour sur la pr\u00e9paration des rameurs fran\u00e7ais et la retraite de Stany Delayre.\u00a0<\/p>\n","protected":false},"author":1,"featured_media":12266,"comment_status":"open","ping_status":"closed","sticky":false,"template":"","format":"standard","meta":{"_acf_changed":false,"_daextam_enable_autolinks":"","footnotes":""},"categories":[2,2309],"tags":[739,738,1048,742,1113],"class_list":["post-12265","post","type-post","status-publish","format-standard","has-post-thumbnail","hentry","category-actualites","category-aviron","tag-aviron","tag-jeremie-azou","tag-medias-aviron","tag-rameur","tag-stany-delayre"],"acf":[],"yoast_head":"<!-- This site is optimized with the Yoast SEO Premium plugin v26.7 (Yoast SEO v26.7) - https:\/\/yoast.com\/wordpress\/plugins\/seo\/ -->\n<title>Les r\u00e9gates de M\u00e9dias Aviron #5 : janvier tout &quot;crues&quot;\u2026<\/title>\n<meta name=\"description\" content=\"Pour ce cinqui\u00e8me \u00e9pisode, retour sur la pr\u00e9paration des rameurs fran\u00e7ais et la retraite de Stany Delayre.\u00a0\" \/>\n<meta name=\"robots\" content=\"index, follow, max-snippet:-1, max-image-preview:large, max-video-preview:-1\" \/>\n<link rel=\"canonical\" href=\"https:\/\/dicodusport.fr\/blog\/regates-de-medias-aviron-5-janvier-crues\/\" \/>\n<meta property=\"og:locale\" content=\"fr_FR\" \/>\n<meta property=\"og:type\" content=\"article\" \/>\n<meta property=\"og:title\" content=\"Les r\u00e9gates de M\u00e9dias Aviron #5 : janvier tout &quot;crues&quot;\u2026\" \/>\n<meta property=\"og:description\" content=\"Pour ce cinqui\u00e8me \u00e9pisode, retour sur la pr\u00e9paration des rameurs fran\u00e7ais et la retraite de Stany Delayre.\u00a0\" \/>\n<meta property=\"og:url\" content=\"https:\/\/dicodusport.fr\/blog\/regates-de-medias-aviron-5-janvier-crues\/\" \/>\n<meta property=\"og:site_name\" content=\"Dicodusport\" \/>\n<meta property=\"article:publisher\" content=\"https:\/\/www.facebook.com\/dicodusport\" \/>\n<meta property=\"article:author\" content=\"https:\/\/www.facebook.com\/dicodusport\" \/>\n<meta property=\"article:published_time\" content=\"2018-02-11T11:00:00+00:00\" \/>\n<meta property=\"article:modified_time\" content=\"2018-03-16T07:45:25+00:00\" \/>\n<meta property=\"og:image\" content=\"https:\/\/dicodusport.fr\/blog\/wp-content\/uploads\/2018\/02\/Aviron-Janvier-crues.png\" \/>\n\t<meta property=\"og:image:width\" content=\"1200\" \/>\n\t<meta property=\"og:image:height\" content=\"670\" \/>\n\t<meta property=\"og:image:type\" content=\"image\/png\" \/>\n<meta name=\"author\" content=\"Nicolas Jacquemard\" \/>\n<meta name=\"twitter:card\" content=\"summary_large_image\" \/>\n<meta name=\"twitter:creator\" content=\"@https:\/\/twitter.com\/Nico_Jacquemard\" \/>\n<meta name=\"twitter:site\" content=\"@dicodusport\" \/>\n<script type=\"application\/ld+json\" class=\"yoast-schema-graph\">{\"@context\":\"https:\/\/schema.org\",\"@graph\":[{\"@type\":\"NewsArticle\",\"@id\":\"https:\/\/dicodusport.fr\/blog\/regates-de-medias-aviron-5-janvier-crues\/#article\",\"isPartOf\":{\"@id\":\"https:\/\/dicodusport.fr\/blog\/regates-de-medias-aviron-5-janvier-crues\/\"},\"author\":{\"name\":\"Nicolas Jacquemard\",\"@id\":\"https:\/\/dicodusport.fr\/blog\/#\/schema\/person\/55dcb50ad410894e431ed812bbb70191\"},\"headline\":\"Les r\u00e9gates de M\u00e9dias Aviron #5 : janvier tout \u00ab\u00a0crues\u00a0\u00bb\u2026\",\"datePublished\":\"2018-02-11T11:00:00+00:00\",\"dateModified\":\"2018-03-16T07:45:25+00:00\",\"mainEntityOfPage\":{\"@id\":\"https:\/\/dicodusport.fr\/blog\/regates-de-medias-aviron-5-janvier-crues\/\"},\"wordCount\":429,\"commentCount\":0,\"publisher\":{\"@id\":\"https:\/\/dicodusport.fr\/blog\/#organization\"},\"image\":{\"@id\":\"https:\/\/dicodusport.fr\/blog\/regates-de-medias-aviron-5-janvier-crues\/#primaryimage\"},\"thumbnailUrl\":\"https:\/\/dicodusport.fr\/blog\/wp-content\/uploads\/2018\/02\/Aviron-Janvier-crues.png\",\"keywords\":[\"aviron\",\"j\u00e9r\u00e9mie azou\",\"m\u00e9dias aviron\",\"rameur\",\"Stany Delayre\"],\"articleSection\":[\"Actualit\u00e9s\",\"Aviron\"],\"inLanguage\":\"fr-FR\",\"potentialAction\":[{\"@type\":\"CommentAction\",\"name\":\"Comment\",\"target\":[\"https:\/\/dicodusport.fr\/blog\/regates-de-medias-aviron-5-janvier-crues\/#respond\"]}],\"copyrightYear\":\"2018\",\"copyrightHolder\":{\"@id\":\"https:\/\/dicodusport.fr\/blog\/#organization\"}},{\"@type\":\"WebPage\",\"@id\":\"https:\/\/dicodusport.fr\/blog\/regates-de-medias-aviron-5-janvier-crues\/\",\"url\":\"https:\/\/dicodusport.fr\/blog\/regates-de-medias-aviron-5-janvier-crues\/\",\"name\":\"Les r\u00e9gates de M\u00e9dias Aviron #5 : janvier tout \\\"crues\\\"\u2026\",\"isPartOf\":{\"@id\":\"https:\/\/dicodusport.fr\/blog\/#website\"},\"primaryImageOfPage\":{\"@id\":\"https:\/\/dicodusport.fr\/blog\/regates-de-medias-aviron-5-janvier-crues\/#primaryimage\"},\"image\":{\"@id\":\"https:\/\/dicodusport.fr\/blog\/regates-de-medias-aviron-5-janvier-crues\/#primaryimage\"},\"thumbnailUrl\":\"https:\/\/dicodusport.fr\/blog\/wp-content\/uploads\/2018\/02\/Aviron-Janvier-crues.png\",\"datePublished\":\"2018-02-11T11:00:00+00:00\",\"dateModified\":\"2018-03-16T07:45:25+00:00\",\"description\":\"Pour ce cinqui\u00e8me \u00e9pisode, retour sur la pr\u00e9paration des rameurs fran\u00e7ais et la retraite de Stany Delayre.\u00a0\",\"breadcrumb\":{\"@id\":\"https:\/\/dicodusport.fr\/blog\/regates-de-medias-aviron-5-janvier-crues\/#breadcrumb\"},\"inLanguage\":\"fr-FR\",\"potentialAction\":[{\"@type\":\"ReadAction\",\"target\":[\"https:\/\/dicodusport.fr\/blog\/regates-de-medias-aviron-5-janvier-crues\/\"]}]},{\"@type\":\"ImageObject\",\"inLanguage\":\"fr-FR\",\"@id\":\"https:\/\/dicodusport.fr\/blog\/regates-de-medias-aviron-5-janvier-crues\/#primaryimage\",\"url\":\"https:\/\/dicodusport.fr\/blog\/wp-content\/uploads\/2018\/02\/Aviron-Janvier-crues.png\",\"contentUrl\":\"https:\/\/dicodusport.fr\/blog\/wp-content\/uploads\/2018\/02\/Aviron-Janvier-crues.png\",\"width\":1200,\"height\":670,\"caption\":\"Aviron Janvier crues\"},{\"@type\":\"BreadcrumbList\",\"@id\":\"https:\/\/dicodusport.fr\/blog\/regates-de-medias-aviron-5-janvier-crues\/#breadcrumb\",\"itemListElement\":[{\"@type\":\"ListItem\",\"position\":1,\"name\":\"Accueil\",\"item\":\"https:\/\/dicodusport.fr\/blog\/\"},{\"@type\":\"ListItem\",\"position\":2,\"name\":\"Les r\u00e9gates de M\u00e9dias Aviron #5 : janvier tout \u00ab\u00a0crues\u00a0\u00bb\u2026\"}]},{\"@type\":\"WebSite\",\"@id\":\"https:\/\/dicodusport.fr\/blog\/#website\",\"url\":\"https:\/\/dicodusport.fr\/blog\/\",\"name\":\"Dicodusport\",\"description\":\"L&#039;encyclop\u00e9die de l&#039;actualit\u00e9 sportive\",\"publisher\":{\"@id\":\"https:\/\/dicodusport.fr\/blog\/#organization\"},\"potentialAction\":[{\"@type\":\"SearchAction\",\"target\":{\"@type\":\"EntryPoint\",\"urlTemplate\":\"https:\/\/dicodusport.fr\/blog\/?s={search_term_string}\"},\"query-input\":{\"@type\":\"PropertyValueSpecification\",\"valueRequired\":true,\"valueName\":\"search_term_string\"}}],\"inLanguage\":\"fr-FR\"},{\"@type\":\"NewsMediaOrganization\",\"@id\":\"https:\/\/dicodusport.fr\/blog\/#organization\",\"name\":\"Dicodusport\",\"url\":\"https:\/\/dicodusport.fr\/blog\/\",\"logo\":{\"@type\":\"ImageObject\",\"inLanguage\":\"fr-FR\",\"@id\":\"https:\/\/dicodusport.fr\/blog\/#\/schema\/logo\/image\/\",\"url\":\"https:\/\/dicodusport.fr\/blog\/wp-content\/uploads\/2020\/06\/cropped-LOGO-DICODUSPORT-2020-SANS-FOND-SANS-TEXTE.png\",\"contentUrl\":\"https:\/\/dicodusport.fr\/blog\/wp-content\/uploads\/2020\/06\/cropped-LOGO-DICODUSPORT-2020-SANS-FOND-SANS-TEXTE.png\",\"width\":512,\"height\":512,\"caption\":\"Dicodusport\"},\"image\":{\"@id\":\"https:\/\/dicodusport.fr\/blog\/#\/schema\/logo\/image\/\"},\"sameAs\":[\"https:\/\/www.facebook.com\/dicodusport\",\"https:\/\/x.com\/dicodusport\",\"https:\/\/www.instagram.com\/dicodusport\/\",\"https:\/\/www.youtube.com\/channel\/UC7V2KZ5sd3htJivAbA4ZG3w\"],\"description\":\"Dicodusport est l'encyclop\u00e9die de l'actualit\u00e9 sportive.\",\"email\":\"bonjour@dicodusport.fr\",\"legalName\":\"DICODUSPORT\",\"foundingDate\":\"2018-01-14\",\"vatID\":\"FR71834470973\",\"taxID\":\"83447097300043\",\"numberOfEmployees\":{\"@type\":\"QuantitativeValue\",\"minValue\":\"1\",\"maxValue\":\"10\"}},{\"@type\":\"Person\",\"@id\":\"https:\/\/dicodusport.fr\/blog\/#\/schema\/person\/55dcb50ad410894e431ed812bbb70191\",\"name\":\"Nicolas Jacquemard\",\"image\":{\"@type\":\"ImageObject\",\"inLanguage\":\"fr-FR\",\"@id\":\"https:\/\/dicodusport.fr\/blog\/#\/schema\/person\/image\/\",\"url\":\"https:\/\/dicodusport.fr\/blog\/wp-content\/uploads\/2021\/05\/Nicolas-Jacquemard-150x150.jpeg\",\"contentUrl\":\"https:\/\/dicodusport.fr\/blog\/wp-content\/uploads\/2021\/05\/Nicolas-Jacquemard-150x150.jpeg\",\"caption\":\"Nicolas Jacquemard\"},\"description\":\"Passionn\u00e9 de sport et entrepreneur depuis mes 18 ans, la cr\u00e9ation de Dicodusport m'a sembl\u00e9 \u00e9vidente pour participer \u00e0 la m\u00e9diatisation d'un plus grand nombre de sports. Le chemin est long mais avec une \u00e9quipe des plus motiv\u00e9es et les Jeux Olympiques de Paris 2024 en point de mire, nous y arriverons ! Journaliste dans le monde du sport depuis plus de 5 ans, je traite aussi bien de football, de rugby, de biathlon que de cyclisme.\",\"sameAs\":[\"https:\/\/www.facebook.com\/dicodusport\",\"https:\/\/x.com\/https:\/\/twitter.com\/Nico_Jacquemard\"],\"url\":\"https:\/\/dicodusport.fr\/blog\/author\/dicodusport\/\"}]}<\/script>\n<!-- \/ Yoast SEO Premium plugin. -->","yoast_head_json":{"title":"Les r\u00e9gates de M\u00e9dias Aviron #5 : janvier tout \"crues\"\u2026","description":"Pour ce cinqui\u00e8me \u00e9pisode, retour sur la pr\u00e9paration des rameurs fran\u00e7ais et la retraite de Stany Delayre.\u00a0","robots":{"index":"index","follow":"follow","max-snippet":"max-snippet:-1","max-image-preview":"max-image-preview:large","max-video-preview":"max-video-preview:-1"},"canonical":"https:\/\/dicodusport.fr\/blog\/regates-de-medias-aviron-5-janvier-crues\/","og_locale":"fr_FR","og_type":"article","og_title":"Les r\u00e9gates de M\u00e9dias Aviron #5 : janvier tout \"crues\"\u2026","og_description":"Pour ce cinqui\u00e8me \u00e9pisode, retour sur la pr\u00e9paration des rameurs fran\u00e7ais et la retraite de Stany Delayre.\u00a0","og_url":"https:\/\/dicodusport.fr\/blog\/regates-de-medias-aviron-5-janvier-crues\/","og_site_name":"Dicodusport","article_publisher":"https:\/\/www.facebook.com\/dicodusport","article_author":"https:\/\/www.facebook.com\/dicodusport","article_published_time":"2018-02-11T11:00:00+00:00","article_modified_time":"2018-03-16T07:45:25+00:00","og_image":[{"width":1200,"height":670,"url":"https:\/\/dicodusport.fr\/blog\/wp-content\/uploads\/2018\/02\/Aviron-Janvier-crues.png","type":"image\/png"}],"author":"Nicolas Jacquemard","twitter_card":"summary_large_image","twitter_creator":"@https:\/\/twitter.com\/Nico_Jacquemard","twitter_site":"@dicodusport","schema":{"@context":"https:\/\/schema.org","@graph":[{"@type":"NewsArticle","@id":"https:\/\/dicodusport.fr\/blog\/regates-de-medias-aviron-5-janvier-crues\/#article","isPartOf":{"@id":"https:\/\/dicodusport.fr\/blog\/regates-de-medias-aviron-5-janvier-crues\/"},"author":{"name":"Nicolas Jacquemard","@id":"https:\/\/dicodusport.fr\/blog\/#\/schema\/person\/55dcb50ad410894e431ed812bbb70191"},"headline":"Les r\u00e9gates de M\u00e9dias Aviron #5 : janvier tout \u00ab\u00a0crues\u00a0\u00bb\u2026","datePublished":"2018-02-11T11:00:00+00:00","dateModified":"2018-03-16T07:45:25+00:00","mainEntityOfPage":{"@id":"https:\/\/dicodusport.fr\/blog\/regates-de-medias-aviron-5-janvier-crues\/"},"wordCount":429,"commentCount":0,"publisher":{"@id":"https:\/\/dicodusport.fr\/blog\/#organization"},"image":{"@id":"https:\/\/dicodusport.fr\/blog\/regates-de-medias-aviron-5-janvier-crues\/#primaryimage"},"thumbnailUrl":"https:\/\/dicodusport.fr\/blog\/wp-content\/uploads\/2018\/02\/Aviron-Janvier-crues.png","keywords":["aviron","j\u00e9r\u00e9mie azou","m\u00e9dias aviron","rameur","Stany Delayre"],"articleSection":["Actualit\u00e9s","Aviron"],"inLanguage":"fr-FR","potentialAction":[{"@type":"CommentAction","name":"Comment","target":["https:\/\/dicodusport.fr\/blog\/regates-de-medias-aviron-5-janvier-crues\/#respond"]}],"copyrightYear":"2018","copyrightHolder":{"@id":"https:\/\/dicodusport.fr\/blog\/#organization"}},{"@type":"WebPage","@id":"https:\/\/dicodusport.fr\/blog\/regates-de-medias-aviron-5-janvier-crues\/","url":"https:\/\/dicodusport.fr\/blog\/regates-de-medias-aviron-5-janvier-crues\/","name":"Les r\u00e9gates de M\u00e9dias Aviron #5 : janvier tout \"crues\"\u2026","isPartOf":{"@id":"https:\/\/dicodusport.fr\/blog\/#website"},"primaryImageOfPage":{"@id":"https:\/\/dicodusport.fr\/blog\/regates-de-medias-aviron-5-janvier-crues\/#primaryimage"},"image":{"@id":"https:\/\/dicodusport.fr\/blog\/regates-de-medias-aviron-5-janvier-crues\/#primaryimage"},"thumbnailUrl":"https:\/\/dicodusport.fr\/blog\/wp-content\/uploads\/2018\/02\/Aviron-Janvier-crues.png","datePublished":"2018-02-11T11:00:00+00:00","dateModified":"2018-03-16T07:45:25+00:00","description":"Pour ce cinqui\u00e8me \u00e9pisode, retour sur la pr\u00e9paration des rameurs fran\u00e7ais et la retraite de Stany Delayre.\u00a0","breadcrumb":{"@id":"https:\/\/dicodusport.fr\/blog\/regates-de-medias-aviron-5-janvier-crues\/#breadcrumb"},"inLanguage":"fr-FR","potentialAction":[{"@type":"ReadAction","target":["https:\/\/dicodusport.fr\/blog\/regates-de-medias-aviron-5-janvier-crues\/"]}]},{"@type":"ImageObject","inLanguage":"fr-FR","@id":"https:\/\/dicodusport.fr\/blog\/regates-de-medias-aviron-5-janvier-crues\/#primaryimage","url":"https:\/\/dicodusport.fr\/blog\/wp-content\/uploads\/2018\/02\/Aviron-Janvier-crues.png","contentUrl":"https:\/\/dicodusport.fr\/blog\/wp-content\/uploads\/2018\/02\/Aviron-Janvier-crues.png","width":1200,"height":670,"caption":"Aviron Janvier crues"},{"@type":"BreadcrumbList","@id":"https:\/\/dicodusport.fr\/blog\/regates-de-medias-aviron-5-janvier-crues\/#breadcrumb","itemListElement":[{"@type":"ListItem","position":1,"name":"Accueil","item":"https:\/\/dicodusport.fr\/blog\/"},{"@type":"ListItem","position":2,"name":"Les r\u00e9gates de M\u00e9dias Aviron #5 : janvier tout \u00ab\u00a0crues\u00a0\u00bb\u2026"}]},{"@type":"WebSite","@id":"https:\/\/dicodusport.fr\/blog\/#website","url":"https:\/\/dicodusport.fr\/blog\/","name":"Dicodusport","description":"L&#039;encyclop\u00e9die de l&#039;actualit\u00e9 sportive","publisher":{"@id":"https:\/\/dicodusport.fr\/blog\/#organization"},"potentialAction":[{"@type":"SearchAction","target":{"@type":"EntryPoint","urlTemplate":"https:\/\/dicodusport.fr\/blog\/?s={search_term_string}"},"query-input":{"@type":"PropertyValueSpecification","valueRequired":true,"valueName":"search_term_string"}}],"inLanguage":"fr-FR"},{"@type":"NewsMediaOrganization","@id":"https:\/\/dicodusport.fr\/blog\/#organization","name":"Dicodusport","url":"https:\/\/dicodusport.fr\/blog\/","logo":{"@type":"ImageObject","inLanguage":"fr-FR","@id":"https:\/\/dicodusport.fr\/blog\/#\/schema\/logo\/image\/","url":"https:\/\/dicodusport.fr\/blog\/wp-content\/uploads\/2020\/06\/cropped-LOGO-DICODUSPORT-2020-SANS-FOND-SANS-TEXTE.png","contentUrl":"https:\/\/dicodusport.fr\/blog\/wp-content\/uploads\/2020\/06\/cropped-LOGO-DICODUSPORT-2020-SANS-FOND-SANS-TEXTE.png","width":512,"height":512,"caption":"Dicodusport"},"image":{"@id":"https:\/\/dicodusport.fr\/blog\/#\/schema\/logo\/image\/"},"sameAs":["https:\/\/www.facebook.com\/dicodusport","https:\/\/x.com\/dicodusport","https:\/\/www.instagram.com\/dicodusport\/","https:\/\/www.youtube.com\/channel\/UC7V2KZ5sd3htJivAbA4ZG3w"],"description":"Dicodusport est l'encyclop\u00e9die de l'actualit\u00e9 sportive.","email":"bonjour@dicodusport.fr","legalName":"DICODUSPORT","foundingDate":"2018-01-14","vatID":"FR71834470973","taxID":"83447097300043","numberOfEmployees":{"@type":"QuantitativeValue","minValue":"1","maxValue":"10"}},{"@type":"Person","@id":"https:\/\/dicodusport.fr\/blog\/#\/schema\/person\/55dcb50ad410894e431ed812bbb70191","name":"Nicolas Jacquemard","image":{"@type":"ImageObject","inLanguage":"fr-FR","@id":"https:\/\/dicodusport.fr\/blog\/#\/schema\/person\/image\/","url":"https:\/\/dicodusport.fr\/blog\/wp-content\/uploads\/2021\/05\/Nicolas-Jacquemard-150x150.jpeg","contentUrl":"https:\/\/dicodusport.fr\/blog\/wp-content\/uploads\/2021\/05\/Nicolas-Jacquemard-150x150.jpeg","caption":"Nicolas Jacquemard"},"description":"Passionn\u00e9 de sport et entrepreneur depuis mes 18 ans, la cr\u00e9ation de Dicodusport m'a sembl\u00e9 \u00e9vidente pour participer \u00e0 la m\u00e9diatisation d'un plus grand nombre de sports. Le chemin est long mais avec une \u00e9quipe des plus motiv\u00e9es et les Jeux Olympiques de Paris 2024 en point de mire, nous y arriverons ! Journaliste dans le monde du sport depuis plus de 5 ans, je traite aussi bien de football, de rugby, de biathlon que de cyclisme.","sameAs":["https:\/\/www.facebook.com\/dicodusport","https:\/\/x.com\/https:\/\/twitter.com\/Nico_Jacquemard"],"url":"https:\/\/dicodusport.fr\/blog\/author\/dicodusport\/"}]}},"_links":{"self":[{"href":"https:\/\/dicodusport.fr\/blog\/wp-json\/wp\/v2\/posts\/12265","targetHints":{"allow":["GET"]}}],"collection":[{"href":"https:\/\/dicodusport.fr\/blog\/wp-json\/wp\/v2\/posts"}],"about":[{"href":"https:\/\/dicodusport.fr\/blog\/wp-json\/wp\/v2\/types\/post"}],"author":[{"embeddable":true,"href":"https:\/\/dicodusport.fr\/blog\/wp-json\/wp\/v2\/users\/1"}],"replies":[{"embeddable":true,"href":"https:\/\/dicodusport.fr\/blog\/wp-json\/wp\/v2\/comments?post=12265"}],"version-history":[{"count":0,"href":"https:\/\/dicodusport.fr\/blog\/wp-json\/wp\/v2\/posts\/12265\/revisions"}],"wp:featuredmedia":[{"embeddable":true,"href":"https:\/\/dicodusport.fr\/blog\/wp-json\/wp\/v2\/media\/12266"}],"wp:attachment":[{"href":"https:\/\/dicodusport.fr\/blog\/wp-json\/wp\/v2\/media?parent=12265"}],"wp:term":[{"taxonomy":"category","embeddable":true,"href":"https:\/\/dicodusport.fr\/blog\/wp-json\/wp\/v2\/categories?post=12265"},{"taxonomy":"post_tag","embeddable":true,"href":"https:\/\/dicodusport.fr\/blog\/wp-json\/wp\/v2\/tags?post=12265"}],"curies":[{"name":"wp","href":"https:\/\/api.w.org\/{rel}","templated":true}]}}