{"id":122840,"date":"2021-04-19T08:00:14","date_gmt":"2021-04-19T06:00:14","guid":{"rendered":"https:\/\/dicodusport.fr\/blog\/?p=122840"},"modified":"2021-04-20T23:09:01","modified_gmt":"2021-04-20T21:09:01","slug":"19-avril-2007-lor-continental-pour-vencelas-dabaya","status":"publish","type":"post","link":"https:\/\/dicodusport.fr\/blog\/19-avril-2007-lor-continental-pour-vencelas-dabaya\/","title":{"rendered":"19 avril 2007 : L&rsquo;or europ\u00e9en pour Vencelas Dabaya"},"content":{"rendered":"<p style=\"text-align: justify;\"><strong><em><a href=\"https:\/\/dicodusport.fr\/definition-sport\/halterophilie\/\">HALTEROPHILIE<\/a> &#8211; Six mois avant ce 19 avril 2007, Vencelas Dabaya devenait champion du monde de l\u2019\u00e9paul\u00e9-jet\u00e9 et du total olympique. Un petit exploit d\u00e9j\u00e0 quand on sait que le dernier tricolore champion du monde du total remontait \u00e0 1922. Le voil\u00e0 \u00e0 pr\u00e9sent \u00e0 d\u00e9fendre son titre europ\u00e9en acquis en 2006 \u00e9galement sur l\u2019\u00e9paul\u00e9-jet\u00e9. Et pourquoi ne pas faire coup double en allant aussi chercher le sacre sur le total olympique.<\/em> <\/strong><\/p>\n<h2 style=\"text-align: justify;\">\u00c7a s&rsquo;est pass\u00e9 le 19 avril 2007<\/h2>\n<p style=\"text-align: justify;\">A domicile, l\u2019halt\u00e9rophile Franco-Camerounais brille. A l\u2019arrach\u00e9, apr\u00e8s avoir r\u00e9alis\u00e9 142 kg, puis 146 et enfin 148 kg, il s\u2019adjuge un nouveau record de France et par la m\u00eame occasion la m\u00e9daille d\u2019argent de ce mouvement. Reste alors l\u2019\u00e9paul\u00e9-jet\u00e9 avant d\u2019additionner les deux et de savoir qui de Tigran Martirosyan ou lui prendra l\u2019or. A ce jeu-l\u00e0, c\u2019est <strong>Vencelas Dabaya<\/strong> qui s\u2019impose. L\u2019Arm\u00e9nien, qui a sept kilos d\u2019avance apr\u00e8s l\u2019arrach\u00e9, r\u00e9ussit de justesse sa barre \u00e0 176 kg. De son c\u00f4t\u00e9, c\u2019est sur son second essai que le Fran\u00e7ais soul\u00e8ve 183 kilos. Strasbourg exulte, lui aussi, il est champion d\u2019Europe du total olympique.<\/p>\n<p style=\"text-align: justify;\"><strong>Info :<\/strong> En 2004, repr\u00e9sentant le Cameroun, <strong>Vencelas Dabaya<\/strong> se classait 5<sup>\u00e8me<\/sup> des Jeux Olympiques d\u2019Ath\u00e8nes. A P\u00e9kin quatre ans plus tard, il d\u00e9croche l\u2019argent, mais cette fois-ci sous les couleurs de la France.<\/p>\n","protected":false},"excerpt":{"rendered":"<p>Le 19 avril 2007, Vencelas Dabaya d\u00e9fendait avec succ\u00e8s son titre europ\u00e9en de l&rsquo;\u00e9paul\u00e9-jet\u00e9, s&#8217;emparant aussi de l&rsquo;or sur le total olympique.<\/p>\n","protected":false},"author":18,"featured_media":122890,"comment_status":"open","ping_status":"closed","sticky":false,"template":"","format":"standard","meta":{"_acf_changed":false,"_daextam_enable_autolinks":"","footnotes":""},"categories":[15701,8],"tags":[4799,614],"class_list":["post-122840","post","type-post","status-publish","format-standard","has-post-thumbnail","hentry","category-halterophilie","category-histoire","tag-championnats-deurope","tag-halterophilie"],"acf":[],"yoast_head":"<!-- This site is optimized with the Yoast SEO Premium plugin v26.7 (Yoast SEO v26.7) - https:\/\/yoast.com\/wordpress\/plugins\/seo\/ -->\n<title>19 avril 2007 : L&#039;or europ\u00e9en pour Vencelas Dabaya<\/title>\n<meta name=\"description\" content=\"Le 19 avril 2007, Vencelas Dabaya d\u00e9fendait avec succ\u00e8s son titre europ\u00e9en de l&#039;\u00e9paul\u00e9-jet\u00e9, s&#039;emparant aussi de l&#039;or sur le total olympique.\" \/>\n<meta name=\"robots\" content=\"index, follow, max-snippet:-1, max-image-preview:large, max-video-preview:-1\" \/>\n<link rel=\"canonical\" href=\"https:\/\/dicodusport.fr\/blog\/19-avril-2007-lor-continental-pour-vencelas-dabaya\/\" \/>\n<meta property=\"og:locale\" content=\"fr_FR\" \/>\n<meta property=\"og:type\" content=\"article\" \/>\n<meta property=\"og:title\" content=\"19 avril 2007 : L\u2019or continental pour Vencelas Dabaya\" \/>\n<meta property=\"og:description\" content=\"Le 19 avril 2007, Vencelas Dabaya d\u00e9fendait avec succ\u00e8s son titre europ\u00e9en de l&#039;\u00e9paul\u00e9-jet\u00e9, s&#039;emparant aussi de l&#039;or sur le total olympique.\" \/>\n<meta property=\"og:url\" content=\"https:\/\/dicodusport.fr\/blog\/19-avril-2007-lor-continental-pour-vencelas-dabaya\/\" \/>\n<meta property=\"og:site_name\" content=\"Dicodusport\" \/>\n<meta property=\"article:publisher\" content=\"https:\/\/www.facebook.com\/dicodusport\" \/>\n<meta property=\"article:author\" content=\"https:\/\/www.facebook.com\/soocube\" \/>\n<meta property=\"article:published_time\" content=\"2021-04-19T06:00:14+00:00\" \/>\n<meta property=\"article:modified_time\" content=\"2021-04-20T21:09:01+00:00\" \/>\n<meta property=\"og:image\" content=\"https:\/\/dicodusport.fr\/blog\/wp-content\/uploads\/2021\/04\/19-avril-2007-Lor-europeen-pour-Vencelas-Dabaya.png\" \/>\n\t<meta property=\"og:image:width\" content=\"800\" \/>\n\t<meta property=\"og:image:height\" content=\"445\" \/>\n\t<meta property=\"og:image:type\" content=\"image\/png\" \/>\n<meta name=\"author\" content=\"Sophie Clapier\" \/>\n<meta name=\"twitter:card\" content=\"summary_large_image\" \/>\n<meta name=\"twitter:title\" content=\"19 avril 2007 : L\u2019or continental pour Vencelas Dabaya\" \/>\n<meta name=\"twitter:creator\" content=\"@https:\/\/twitter.com\/soocube\" \/>\n<meta name=\"twitter:site\" content=\"@dicodusport\" \/>\n<script type=\"application\/ld+json\" class=\"yoast-schema-graph\">{\"@context\":\"https:\/\/schema.org\",\"@graph\":[{\"@type\":\"NewsArticle\",\"@id\":\"https:\/\/dicodusport.fr\/blog\/19-avril-2007-lor-continental-pour-vencelas-dabaya\/#article\",\"isPartOf\":{\"@id\":\"https:\/\/dicodusport.fr\/blog\/19-avril-2007-lor-continental-pour-vencelas-dabaya\/\"},\"author\":{\"name\":\"Sophie Clapier\",\"@id\":\"https:\/\/dicodusport.fr\/blog\/#\/schema\/person\/416c975648aca9da8839bdfe333a21c9\"},\"headline\":\"19 avril 2007 : L&rsquo;or europ\u00e9en pour Vencelas Dabaya\",\"datePublished\":\"2021-04-19T06:00:14+00:00\",\"dateModified\":\"2021-04-20T21:09:01+00:00\",\"mainEntityOfPage\":{\"@id\":\"https:\/\/dicodusport.fr\/blog\/19-avril-2007-lor-continental-pour-vencelas-dabaya\/\"},\"wordCount\":248,\"commentCount\":0,\"publisher\":{\"@id\":\"https:\/\/dicodusport.fr\/blog\/#organization\"},\"image\":{\"@id\":\"https:\/\/dicodusport.fr\/blog\/19-avril-2007-lor-continental-pour-vencelas-dabaya\/#primaryimage\"},\"thumbnailUrl\":\"https:\/\/dicodusport.fr\/blog\/wp-content\/uploads\/2021\/04\/19-avril-2007-Lor-europeen-pour-Vencelas-Dabaya.png\",\"keywords\":[\"Championnats d'Europe\",\"halt\u00e9rophilie\"],\"articleSection\":[\"Halt\u00e9rophilie\",\"Histoire\"],\"inLanguage\":\"fr-FR\",\"potentialAction\":[{\"@type\":\"CommentAction\",\"name\":\"Comment\",\"target\":[\"https:\/\/dicodusport.fr\/blog\/19-avril-2007-lor-continental-pour-vencelas-dabaya\/#respond\"]}],\"copyrightYear\":\"2021\",\"copyrightHolder\":{\"@id\":\"https:\/\/dicodusport.fr\/blog\/#organization\"}},{\"@type\":\"WebPage\",\"@id\":\"https:\/\/dicodusport.fr\/blog\/19-avril-2007-lor-continental-pour-vencelas-dabaya\/\",\"url\":\"https:\/\/dicodusport.fr\/blog\/19-avril-2007-lor-continental-pour-vencelas-dabaya\/\",\"name\":\"19 avril 2007 : L'or europ\u00e9en pour Vencelas Dabaya\",\"isPartOf\":{\"@id\":\"https:\/\/dicodusport.fr\/blog\/#website\"},\"primaryImageOfPage\":{\"@id\":\"https:\/\/dicodusport.fr\/blog\/19-avril-2007-lor-continental-pour-vencelas-dabaya\/#primaryimage\"},\"image\":{\"@id\":\"https:\/\/dicodusport.fr\/blog\/19-avril-2007-lor-continental-pour-vencelas-dabaya\/#primaryimage\"},\"thumbnailUrl\":\"https:\/\/dicodusport.fr\/blog\/wp-content\/uploads\/2021\/04\/19-avril-2007-Lor-europeen-pour-Vencelas-Dabaya.png\",\"datePublished\":\"2021-04-19T06:00:14+00:00\",\"dateModified\":\"2021-04-20T21:09:01+00:00\",\"description\":\"Le 19 avril 2007, Vencelas Dabaya d\u00e9fendait avec succ\u00e8s son titre europ\u00e9en de l'\u00e9paul\u00e9-jet\u00e9, s'emparant aussi de l'or sur le total olympique.\",\"breadcrumb\":{\"@id\":\"https:\/\/dicodusport.fr\/blog\/19-avril-2007-lor-continental-pour-vencelas-dabaya\/#breadcrumb\"},\"inLanguage\":\"fr-FR\",\"potentialAction\":[{\"@type\":\"ReadAction\",\"target\":[\"https:\/\/dicodusport.fr\/blog\/19-avril-2007-lor-continental-pour-vencelas-dabaya\/\"]}]},{\"@type\":\"ImageObject\",\"inLanguage\":\"fr-FR\",\"@id\":\"https:\/\/dicodusport.fr\/blog\/19-avril-2007-lor-continental-pour-vencelas-dabaya\/#primaryimage\",\"url\":\"https:\/\/dicodusport.fr\/blog\/wp-content\/uploads\/2021\/04\/19-avril-2007-Lor-europeen-pour-Vencelas-Dabaya.png\",\"contentUrl\":\"https:\/\/dicodusport.fr\/blog\/wp-content\/uploads\/2021\/04\/19-avril-2007-Lor-europeen-pour-Vencelas-Dabaya.png\",\"width\":800,\"height\":445,\"caption\":\"19 avril 2007 - L'or europ\u00e9en pour Vencelas Dabaya\"},{\"@type\":\"BreadcrumbList\",\"@id\":\"https:\/\/dicodusport.fr\/blog\/19-avril-2007-lor-continental-pour-vencelas-dabaya\/#breadcrumb\",\"itemListElement\":[{\"@type\":\"ListItem\",\"position\":1,\"name\":\"Accueil\",\"item\":\"https:\/\/dicodusport.fr\/blog\/\"},{\"@type\":\"ListItem\",\"position\":2,\"name\":\"19 avril 2007 : L&rsquo;or europ\u00e9en pour Vencelas Dabaya\"}]},{\"@type\":\"WebSite\",\"@id\":\"https:\/\/dicodusport.fr\/blog\/#website\",\"url\":\"https:\/\/dicodusport.fr\/blog\/\",\"name\":\"Dicodusport\",\"description\":\"L&#039;encyclop\u00e9die de l&#039;actualit\u00e9 sportive\",\"publisher\":{\"@id\":\"https:\/\/dicodusport.fr\/blog\/#organization\"},\"potentialAction\":[{\"@type\":\"SearchAction\",\"target\":{\"@type\":\"EntryPoint\",\"urlTemplate\":\"https:\/\/dicodusport.fr\/blog\/?s={search_term_string}\"},\"query-input\":{\"@type\":\"PropertyValueSpecification\",\"valueRequired\":true,\"valueName\":\"search_term_string\"}}],\"inLanguage\":\"fr-FR\"},{\"@type\":\"NewsMediaOrganization\",\"@id\":\"https:\/\/dicodusport.fr\/blog\/#organization\",\"name\":\"Dicodusport\",\"url\":\"https:\/\/dicodusport.fr\/blog\/\",\"logo\":{\"@type\":\"ImageObject\",\"inLanguage\":\"fr-FR\",\"@id\":\"https:\/\/dicodusport.fr\/blog\/#\/schema\/logo\/image\/\",\"url\":\"https:\/\/dicodusport.fr\/blog\/wp-content\/uploads\/2020\/06\/cropped-LOGO-DICODUSPORT-2020-SANS-FOND-SANS-TEXTE.png\",\"contentUrl\":\"https:\/\/dicodusport.fr\/blog\/wp-content\/uploads\/2020\/06\/cropped-LOGO-DICODUSPORT-2020-SANS-FOND-SANS-TEXTE.png\",\"width\":512,\"height\":512,\"caption\":\"Dicodusport\"},\"image\":{\"@id\":\"https:\/\/dicodusport.fr\/blog\/#\/schema\/logo\/image\/\"},\"sameAs\":[\"https:\/\/www.facebook.com\/dicodusport\",\"https:\/\/x.com\/dicodusport\",\"https:\/\/www.instagram.com\/dicodusport\/\",\"https:\/\/www.youtube.com\/channel\/UC7V2KZ5sd3htJivAbA4ZG3w\"],\"description\":\"Dicodusport est l'encyclop\u00e9die de l'actualit\u00e9 sportive.\",\"email\":\"bonjour@dicodusport.fr\",\"legalName\":\"DICODUSPORT\",\"foundingDate\":\"2018-01-14\",\"vatID\":\"FR71834470973\",\"taxID\":\"83447097300043\",\"numberOfEmployees\":{\"@type\":\"QuantitativeValue\",\"minValue\":\"1\",\"maxValue\":\"10\"}},{\"@type\":\"Person\",\"@id\":\"https:\/\/dicodusport.fr\/blog\/#\/schema\/person\/416c975648aca9da8839bdfe333a21c9\",\"name\":\"Sophie Clapier\",\"image\":{\"@type\":\"ImageObject\",\"inLanguage\":\"fr-FR\",\"@id\":\"https:\/\/dicodusport.fr\/blog\/#\/schema\/person\/image\/\",\"url\":\"https:\/\/dicodusport.fr\/blog\/wp-content\/uploads\/2021\/05\/Sophie-Clapier-150x150.jpg\",\"contentUrl\":\"https:\/\/dicodusport.fr\/blog\/wp-content\/uploads\/2021\/05\/Sophie-Clapier-150x150.jpg\",\"caption\":\"Sophie Clapier\"},\"description\":\"Journaliste\/r\u00e9dactrice depuis janvier 2016 - Passionn\u00e9e de sport depuis toujours, j\u2019en ai pratiqu\u00e9 quelques-uns. Judo, football, handball ou encore tennis, je n\u2019ai jamais pu me mettre d\u2019accord sur un en particulier. Mais \u00e7a, c\u2019\u00e9tait avant de d\u00e9couvrir le basket, devenu mon sport de pr\u00e9dilection. Les actions NBA, le All-Star Week-end, la fureur des Game 7 pendant les playoffs ou mieux, lors des Finals, this is why we play. Team Spurs T.P, je m\u2019accroche encore \u00e0 Gregg Popovich (don\u2019t leave !). Team chef Curry, je souhaite qu\u2019il finisse aux Warriors (staaaay !). Non, il n\u2019y a pas qu\u2019eux, des petits nouveaux -et des petites nouvelles \u00e9videmment- arrivent chaque jour dans toutes les disciplines et cr\u00e9ent de nouveaux exploits. Alors pour les grands \u00e9v\u00e9nements et comp\u00e9titions internationales, vive les pulsations 240\/minutes et le d\u00e9fibrillateur pas loin, et allez les Bleu(e)s ! C\u2019est s\u00fbr, j\u2019aurai plus vu ma vie sur un terrain de sport, mais \u00e0 d\u00e9faut d\u2019en faire en haut niveau, je le partage avec vous.\",\"sameAs\":[\"https:\/\/www.facebook.com\/soocube\",\"https:\/\/x.com\/https:\/\/twitter.com\/soocube\",\"admin\"],\"url\":\"https:\/\/dicodusport.fr\/blog\/author\/sophie\/\"}]}<\/script>\n<!-- \/ Yoast SEO Premium plugin. -->","yoast_head_json":{"title":"19 avril 2007 : L'or europ\u00e9en pour Vencelas Dabaya","description":"Le 19 avril 2007, Vencelas Dabaya d\u00e9fendait avec succ\u00e8s son titre europ\u00e9en de l'\u00e9paul\u00e9-jet\u00e9, s'emparant aussi de l'or sur le total olympique.","robots":{"index":"index","follow":"follow","max-snippet":"max-snippet:-1","max-image-preview":"max-image-preview:large","max-video-preview":"max-video-preview:-1"},"canonical":"https:\/\/dicodusport.fr\/blog\/19-avril-2007-lor-continental-pour-vencelas-dabaya\/","og_locale":"fr_FR","og_type":"article","og_title":"19 avril 2007 : L\u2019or continental pour Vencelas Dabaya","og_description":"Le 19 avril 2007, Vencelas Dabaya d\u00e9fendait avec succ\u00e8s son titre europ\u00e9en de l'\u00e9paul\u00e9-jet\u00e9, s'emparant aussi de l'or sur le total olympique.","og_url":"https:\/\/dicodusport.fr\/blog\/19-avril-2007-lor-continental-pour-vencelas-dabaya\/","og_site_name":"Dicodusport","article_publisher":"https:\/\/www.facebook.com\/dicodusport","article_author":"https:\/\/www.facebook.com\/soocube","article_published_time":"2021-04-19T06:00:14+00:00","article_modified_time":"2021-04-20T21:09:01+00:00","og_image":[{"width":800,"height":445,"url":"https:\/\/dicodusport.fr\/blog\/wp-content\/uploads\/2021\/04\/19-avril-2007-Lor-europeen-pour-Vencelas-Dabaya.png","type":"image\/png"}],"author":"Sophie Clapier","twitter_card":"summary_large_image","twitter_title":"19 avril 2007 : L\u2019or continental pour Vencelas Dabaya","twitter_creator":"@https:\/\/twitter.com\/soocube","twitter_site":"@dicodusport","schema":{"@context":"https:\/\/schema.org","@graph":[{"@type":"NewsArticle","@id":"https:\/\/dicodusport.fr\/blog\/19-avril-2007-lor-continental-pour-vencelas-dabaya\/#article","isPartOf":{"@id":"https:\/\/dicodusport.fr\/blog\/19-avril-2007-lor-continental-pour-vencelas-dabaya\/"},"author":{"name":"Sophie Clapier","@id":"https:\/\/dicodusport.fr\/blog\/#\/schema\/person\/416c975648aca9da8839bdfe333a21c9"},"headline":"19 avril 2007 : L&rsquo;or europ\u00e9en pour Vencelas Dabaya","datePublished":"2021-04-19T06:00:14+00:00","dateModified":"2021-04-20T21:09:01+00:00","mainEntityOfPage":{"@id":"https:\/\/dicodusport.fr\/blog\/19-avril-2007-lor-continental-pour-vencelas-dabaya\/"},"wordCount":248,"commentCount":0,"publisher":{"@id":"https:\/\/dicodusport.fr\/blog\/#organization"},"image":{"@id":"https:\/\/dicodusport.fr\/blog\/19-avril-2007-lor-continental-pour-vencelas-dabaya\/#primaryimage"},"thumbnailUrl":"https:\/\/dicodusport.fr\/blog\/wp-content\/uploads\/2021\/04\/19-avril-2007-Lor-europeen-pour-Vencelas-Dabaya.png","keywords":["Championnats d'Europe","halt\u00e9rophilie"],"articleSection":["Halt\u00e9rophilie","Histoire"],"inLanguage":"fr-FR","potentialAction":[{"@type":"CommentAction","name":"Comment","target":["https:\/\/dicodusport.fr\/blog\/19-avril-2007-lor-continental-pour-vencelas-dabaya\/#respond"]}],"copyrightYear":"2021","copyrightHolder":{"@id":"https:\/\/dicodusport.fr\/blog\/#organization"}},{"@type":"WebPage","@id":"https:\/\/dicodusport.fr\/blog\/19-avril-2007-lor-continental-pour-vencelas-dabaya\/","url":"https:\/\/dicodusport.fr\/blog\/19-avril-2007-lor-continental-pour-vencelas-dabaya\/","name":"19 avril 2007 : L'or europ\u00e9en pour Vencelas Dabaya","isPartOf":{"@id":"https:\/\/dicodusport.fr\/blog\/#website"},"primaryImageOfPage":{"@id":"https:\/\/dicodusport.fr\/blog\/19-avril-2007-lor-continental-pour-vencelas-dabaya\/#primaryimage"},"image":{"@id":"https:\/\/dicodusport.fr\/blog\/19-avril-2007-lor-continental-pour-vencelas-dabaya\/#primaryimage"},"thumbnailUrl":"https:\/\/dicodusport.fr\/blog\/wp-content\/uploads\/2021\/04\/19-avril-2007-Lor-europeen-pour-Vencelas-Dabaya.png","datePublished":"2021-04-19T06:00:14+00:00","dateModified":"2021-04-20T21:09:01+00:00","description":"Le 19 avril 2007, Vencelas Dabaya d\u00e9fendait avec succ\u00e8s son titre europ\u00e9en de l'\u00e9paul\u00e9-jet\u00e9, s'emparant aussi de l'or sur le total olympique.","breadcrumb":{"@id":"https:\/\/dicodusport.fr\/blog\/19-avril-2007-lor-continental-pour-vencelas-dabaya\/#breadcrumb"},"inLanguage":"fr-FR","potentialAction":[{"@type":"ReadAction","target":["https:\/\/dicodusport.fr\/blog\/19-avril-2007-lor-continental-pour-vencelas-dabaya\/"]}]},{"@type":"ImageObject","inLanguage":"fr-FR","@id":"https:\/\/dicodusport.fr\/blog\/19-avril-2007-lor-continental-pour-vencelas-dabaya\/#primaryimage","url":"https:\/\/dicodusport.fr\/blog\/wp-content\/uploads\/2021\/04\/19-avril-2007-Lor-europeen-pour-Vencelas-Dabaya.png","contentUrl":"https:\/\/dicodusport.fr\/blog\/wp-content\/uploads\/2021\/04\/19-avril-2007-Lor-europeen-pour-Vencelas-Dabaya.png","width":800,"height":445,"caption":"19 avril 2007 - L'or europ\u00e9en pour Vencelas Dabaya"},{"@type":"BreadcrumbList","@id":"https:\/\/dicodusport.fr\/blog\/19-avril-2007-lor-continental-pour-vencelas-dabaya\/#breadcrumb","itemListElement":[{"@type":"ListItem","position":1,"name":"Accueil","item":"https:\/\/dicodusport.fr\/blog\/"},{"@type":"ListItem","position":2,"name":"19 avril 2007 : L&rsquo;or europ\u00e9en pour Vencelas Dabaya"}]},{"@type":"WebSite","@id":"https:\/\/dicodusport.fr\/blog\/#website","url":"https:\/\/dicodusport.fr\/blog\/","name":"Dicodusport","description":"L&#039;encyclop\u00e9die de l&#039;actualit\u00e9 sportive","publisher":{"@id":"https:\/\/dicodusport.fr\/blog\/#organization"},"potentialAction":[{"@type":"SearchAction","target":{"@type":"EntryPoint","urlTemplate":"https:\/\/dicodusport.fr\/blog\/?s={search_term_string}"},"query-input":{"@type":"PropertyValueSpecification","valueRequired":true,"valueName":"search_term_string"}}],"inLanguage":"fr-FR"},{"@type":"NewsMediaOrganization","@id":"https:\/\/dicodusport.fr\/blog\/#organization","name":"Dicodusport","url":"https:\/\/dicodusport.fr\/blog\/","logo":{"@type":"ImageObject","inLanguage":"fr-FR","@id":"https:\/\/dicodusport.fr\/blog\/#\/schema\/logo\/image\/","url":"https:\/\/dicodusport.fr\/blog\/wp-content\/uploads\/2020\/06\/cropped-LOGO-DICODUSPORT-2020-SANS-FOND-SANS-TEXTE.png","contentUrl":"https:\/\/dicodusport.fr\/blog\/wp-content\/uploads\/2020\/06\/cropped-LOGO-DICODUSPORT-2020-SANS-FOND-SANS-TEXTE.png","width":512,"height":512,"caption":"Dicodusport"},"image":{"@id":"https:\/\/dicodusport.fr\/blog\/#\/schema\/logo\/image\/"},"sameAs":["https:\/\/www.facebook.com\/dicodusport","https:\/\/x.com\/dicodusport","https:\/\/www.instagram.com\/dicodusport\/","https:\/\/www.youtube.com\/channel\/UC7V2KZ5sd3htJivAbA4ZG3w"],"description":"Dicodusport est l'encyclop\u00e9die de l'actualit\u00e9 sportive.","email":"bonjour@dicodusport.fr","legalName":"DICODUSPORT","foundingDate":"2018-01-14","vatID":"FR71834470973","taxID":"83447097300043","numberOfEmployees":{"@type":"QuantitativeValue","minValue":"1","maxValue":"10"}},{"@type":"Person","@id":"https:\/\/dicodusport.fr\/blog\/#\/schema\/person\/416c975648aca9da8839bdfe333a21c9","name":"Sophie Clapier","image":{"@type":"ImageObject","inLanguage":"fr-FR","@id":"https:\/\/dicodusport.fr\/blog\/#\/schema\/person\/image\/","url":"https:\/\/dicodusport.fr\/blog\/wp-content\/uploads\/2021\/05\/Sophie-Clapier-150x150.jpg","contentUrl":"https:\/\/dicodusport.fr\/blog\/wp-content\/uploads\/2021\/05\/Sophie-Clapier-150x150.jpg","caption":"Sophie Clapier"},"description":"Journaliste\/r\u00e9dactrice depuis janvier 2016 - Passionn\u00e9e de sport depuis toujours, j\u2019en ai pratiqu\u00e9 quelques-uns. Judo, football, handball ou encore tennis, je n\u2019ai jamais pu me mettre d\u2019accord sur un en particulier. Mais \u00e7a, c\u2019\u00e9tait avant de d\u00e9couvrir le basket, devenu mon sport de pr\u00e9dilection. Les actions NBA, le All-Star Week-end, la fureur des Game 7 pendant les playoffs ou mieux, lors des Finals, this is why we play. Team Spurs T.P, je m\u2019accroche encore \u00e0 Gregg Popovich (don\u2019t leave !). Team chef Curry, je souhaite qu\u2019il finisse aux Warriors (staaaay !). Non, il n\u2019y a pas qu\u2019eux, des petits nouveaux -et des petites nouvelles \u00e9videmment- arrivent chaque jour dans toutes les disciplines et cr\u00e9ent de nouveaux exploits. Alors pour les grands \u00e9v\u00e9nements et comp\u00e9titions internationales, vive les pulsations 240\/minutes et le d\u00e9fibrillateur pas loin, et allez les Bleu(e)s ! C\u2019est s\u00fbr, j\u2019aurai plus vu ma vie sur un terrain de sport, mais \u00e0 d\u00e9faut d\u2019en faire en haut niveau, je le partage avec vous.","sameAs":["https:\/\/www.facebook.com\/soocube","https:\/\/x.com\/https:\/\/twitter.com\/soocube","admin"],"url":"https:\/\/dicodusport.fr\/blog\/author\/sophie\/"}]}},"_links":{"self":[{"href":"https:\/\/dicodusport.fr\/blog\/wp-json\/wp\/v2\/posts\/122840","targetHints":{"allow":["GET"]}}],"collection":[{"href":"https:\/\/dicodusport.fr\/blog\/wp-json\/wp\/v2\/posts"}],"about":[{"href":"https:\/\/dicodusport.fr\/blog\/wp-json\/wp\/v2\/types\/post"}],"author":[{"embeddable":true,"href":"https:\/\/dicodusport.fr\/blog\/wp-json\/wp\/v2\/users\/18"}],"replies":[{"embeddable":true,"href":"https:\/\/dicodusport.fr\/blog\/wp-json\/wp\/v2\/comments?post=122840"}],"version-history":[{"count":0,"href":"https:\/\/dicodusport.fr\/blog\/wp-json\/wp\/v2\/posts\/122840\/revisions"}],"wp:featuredmedia":[{"embeddable":true,"href":"https:\/\/dicodusport.fr\/blog\/wp-json\/wp\/v2\/media\/122890"}],"wp:attachment":[{"href":"https:\/\/dicodusport.fr\/blog\/wp-json\/wp\/v2\/media?parent=122840"}],"wp:term":[{"taxonomy":"category","embeddable":true,"href":"https:\/\/dicodusport.fr\/blog\/wp-json\/wp\/v2\/categories?post=122840"},{"taxonomy":"post_tag","embeddable":true,"href":"https:\/\/dicodusport.fr\/blog\/wp-json\/wp\/v2\/tags?post=122840"}],"curies":[{"name":"wp","href":"https:\/\/api.w.org\/{rel}","templated":true}]}}