{"id":122937,"date":"2021-04-20T09:40:00","date_gmt":"2021-04-20T07:40:00","guid":{"rendered":"https:\/\/dicodusport.fr\/blog\/?p=122937"},"modified":"2021-04-20T15:14:42","modified_gmt":"2021-04-20T13:14:42","slug":"coproprietaire-d-une-societe-de-paris-sportifs-zlatan-ibrahimovic-risque-jusqu-a-trois-ans-de-suspension","status":"publish","type":"post","link":"https:\/\/dicodusport.fr\/blog\/coproprietaire-d-une-societe-de-paris-sportifs-zlatan-ibrahimovic-risque-jusqu-a-trois-ans-de-suspension\/","title":{"rendered":"Copropri\u00e9taire d\u2019une soci\u00e9t\u00e9 de paris sportifs, Ibrahimovic risque jusqu\u2019\u00e0 trois ans de suspension"},"content":{"rendered":"<p style=\"text-align: justify;\"><em><strong>FOOTBALL &#8211; \u00c0 39 ans, Zlatan Ibrahimovic pourrait bien voir sa carri\u00e8re s\u2019arr\u00eater pr\u00e9matur\u00e9ment. Le g\u00e9ant su\u00e9dois est all\u00e9 \u00e0 l\u2019encontre du code \u00e9thique de la FIFA et pourrait risquer jusqu\u2019\u00e0 3 ans de suspension.<\/strong><strong>\u00a0<\/strong><\/em><\/p>\n<p style=\"text-align: justify;\">Au premier abord, cela pourrait sembler \u00e9trange, mais Ibrahimovic pourrait bien conna\u00eetre une fin de carri\u00e8re pr\u00e9matur\u00e9e \u00e0 39 ans. Alors qu\u2019une prolongation de contrat devait \u00eatre annonc\u00e9e prochainement, la nouvelle devrait finalement attendre un peu. En effet, le quotidien su\u00e9dois <em>Aftonbladet<\/em> a affirm\u00e9 que Zlatan est all\u00e9 \u00e0 l\u2019encontre du code \u00e9thique de la FIFA. L\u2019ancien Parisien serait devenu copropri\u00e9taire de <strong>Bethard<\/strong>, une soci\u00e9t\u00e9 de paris sportifs via sa soci\u00e9t\u00e9 <strong>Unknown AB<\/strong>. Une pol\u00e9mique de plus pour le joueur du Milan AC qui fait d\u00e9cid\u00e9ment beaucoup parler de lui ces derni\u00e8res semaines.<\/p>\n<h2 style=\"text-align: justify;\"><strong>Paris perdant pour Zlatan<\/strong><\/h2>\n<p style=\"text-align: justify;\">Ses relations avec <strong>Bethard<\/strong> n\u2019\u00e9taient pas cach\u00e9es et le Su\u00e9dois en \u00e9tait m\u00eame l\u2019ambassadeur. Il a de nombreuses fois particip\u00e9<\/p>\n<p style=\"text-align: justify;\">\u00e0 des campagnes de publicit\u00e9 pour eux et n\u2019a jamais \u00e9t\u00e9 inqui\u00e9t\u00e9 pour cela. En effet, il a toujours pu participer \u00e0 la Ligue Europa ou \u00e0 la Serie A malgr\u00e9 cette proximit\u00e9 et le fait qu\u2019on puisse parier sur ces comp\u00e9titions avec <strong>Bethard<\/strong>. Le probl\u00e8me, c\u2019est que lors de son retour en s\u00e9lection su\u00e9doise en mars dernier, <em>Ibra<\/em> serait devenu copropri\u00e9taire de l\u2019entreprise. Par l\u2019interm\u00e9diaire de sa soci\u00e9t\u00e9 <strong>Unknown AB<\/strong>, le Milanais d\u00e9tiendrait aujourd\u2019hui 10% des parts de la soci\u00e9t\u00e9. Or, il \u00e9tait possible de parier via Bethard sur les matchs opposants la Su\u00e8de \u00e0 la G\u00e9orgie puis au Kosovo comptant pour les qualifications au Mondial 2022.<\/p>\n<p style=\"text-align: justify;\">Et c\u2019est de l\u00e0 que viendrait le conflit d\u2019int\u00e9r\u00eats avec la FIFA. Celle-ci stipule dans son code d\u2019\u00e9thique que <em>\u00ab les personnes li\u00e9es par le pr\u00e9sent code ne peuvent avoir &#8211; directement ou indirectement (via ou en relation avec des tierces parties) &#8211; aucun int\u00e9r\u00eat dans des entit\u00e9s, entreprises, organisations, etc. qui promeuvent, communiquent, organisent ou g\u00e8rent des paris \u00bb<\/em>. Pour cette infraction, <strong>Zlatan Ibrahimovic<\/strong> pourrait \u00e9coper d\u2019une amende de 100 000 euros et d\u2019une suspension pouvant aller jusqu\u2019\u00e0 trois ans. Si cette sanction venait \u00e0 \u00eatre appliqu\u00e9e, cela mettrait s\u00fbrement un terme \u00e0 la carri\u00e8re du buteur.<\/p>\n<blockquote class=\"twitter-tweet\">\n<p dir=\"ltr\" lang=\"fr\">Zlatan Ibrahimovic pourrait \u00e9coper de 3 ans de suspension !<\/p>\n<p>La raison ? Le su\u00e9dois aurait des parts dans une soci\u00e9t\u00e9 de paris sportifs, ce qui est contraire au code \u00e9thique de l&rsquo;UEFA et de la FIFA.<\/p>\n<p>(Aftonbladet) <a href=\"https:\/\/t.co\/vo3lJ9FSLz\">pic.twitter.com\/vo3lJ9FSLz<\/a><\/p>\n<p>\u2014 BeFoot (@_BeFoot) <a href=\"https:\/\/twitter.com\/_BeFoot\/status\/1382345146369462274?ref_src=twsrc%5Etfw\">April 14, 2021<\/a><\/p><\/blockquote>\n<p><script async src=\"https:\/\/platform.twitter.com\/widgets.js\" charset=\"utf-8\"><\/script><\/p>\n<h2 style=\"text-align: justify;\"><strong>Une p\u00e9riode compliqu\u00e9e pour Zlatan<\/strong><\/h2>\n<p style=\"text-align: justify;\">Seulement, depuis quelques semaines, <strong>Zlatan Ibrahimovic<\/strong> n\u2019en finit plus de faire parler. En d\u00e9but d\u2019ann\u00e9e, il s\u2019absentait durant des jours (avec l\u2019accord de son club) pour participer au festival de la musique de San Remo. Cette d\u00e9cision avait fait couler beaucoup d\u2019encre alors que son club \u00e9tait en perte de rythme depuis quelques semaines d\u00e9j\u00e0. Ensuite, il y a deux semaines, le m\u00e9dia su\u00e9dois <em>Expressen<\/em>, a r\u00e9v\u00e9l\u00e9 que <em>Ibra<\/em> a particip\u00e9 \u00e0 une chasse au lion en 2011. Les Su\u00e9dois, et les d\u00e9fenseurs de la cause animale, n\u2019avaient pas manqu\u00e9 de tailler la vedette qui a pr\u00e9f\u00e9r\u00e9 rester silencieuse au regard de la pol\u00e9mique. Enfin, la derni\u00e8re affaire en date remonte \u00e0 la semaine derni\u00e8re.<\/p>\n<p style=\"text-align: justify;\">Dans celle-ci, le Su\u00e9dois a \u00e9t\u00e9 vu dans un restaurant milanais, cens\u00e9 \u00eatre ferm\u00e9 \u00e0 cause des restrictions sanitaires. Le bad-boy su\u00e9dois n\u2019en fait d\u00e9cid\u00e9ment qu\u2019\u00e0 sa t\u00eate et vient ternir encore un peu plus son image, pas toujours bien vue pour beaucoup.<\/p>\n","protected":false},"excerpt":{"rendered":"<p>FOOTBALL &#8211; \u00c0 39 ans, Zlatan Ibrahimovic pourrait bien voir sa carri\u00e8re s\u2019arr\u00eater pr\u00e9matur\u00e9ment. Le g\u00e9ant su\u00e9dois est all\u00e9 \u00e0 l\u2019encontre du code \u00e9thique de la FIFA et pourrait risquer jusqu\u2019\u00e0 3 ans de suspension.\u00a0<\/p>\n","protected":false},"author":52,"featured_media":123072,"comment_status":"open","ping_status":"closed","sticky":false,"template":"","format":"standard","meta":{"_acf_changed":false,"_daextam_enable_autolinks":"","footnotes":""},"categories":[2301],"tags":[75,2999,4613,385],"class_list":["post-122937","post","type-post","status-publish","format-standard","has-post-thumbnail","hentry","category-football","tag-football","tag-milan-ac","tag-serie-a","tag-zlatan-ibrahimovic"],"acf":[],"yoast_head":"<!-- This site is optimized with the Yoast SEO Premium plugin v26.7 (Yoast SEO v26.7) - https:\/\/yoast.com\/wordpress\/plugins\/seo\/ -->\n<title>Copropri\u00e9taire d\u2019une soci\u00e9t\u00e9 de paris sportifs, Ibrahimovic risque jusqu\u2019\u00e0 trois ans de suspension<\/title>\n<meta name=\"description\" content=\"\u00c0 39 ans, Zlatan Ibrahimovic est all\u00e9 \u00e0 l\u2019encontre du code \u00e9thique de la FIFA et pourrait risquer jusqu\u2019\u00e0 3 ans de suspension.\u00a0\" \/>\n<meta name=\"robots\" content=\"index, follow, max-snippet:-1, max-image-preview:large, max-video-preview:-1\" \/>\n<link rel=\"canonical\" href=\"https:\/\/dicodusport.fr\/blog\/coproprietaire-d-une-societe-de-paris-sportifs-zlatan-ibrahimovic-risque-jusqu-a-trois-ans-de-suspension\/\" \/>\n<meta property=\"og:locale\" content=\"fr_FR\" \/>\n<meta property=\"og:type\" content=\"article\" \/>\n<meta property=\"og:title\" content=\"Copropri\u00e9taire d\u2019une soci\u00e9t\u00e9 de paris sportifs, Ibrahimovic risque jusqu\u2019\u00e0 trois ans de suspension\" \/>\n<meta property=\"og:description\" content=\"\u00c0 39 ans, Zlatan Ibrahimovic est all\u00e9 \u00e0 l\u2019encontre du code \u00e9thique de la FIFA et pourrait risquer jusqu\u2019\u00e0 3 ans de suspension.\u00a0\" \/>\n<meta property=\"og:url\" content=\"https:\/\/dicodusport.fr\/blog\/coproprietaire-d-une-societe-de-paris-sportifs-zlatan-ibrahimovic-risque-jusqu-a-trois-ans-de-suspension\/\" \/>\n<meta property=\"og:site_name\" content=\"Dicodusport\" \/>\n<meta property=\"article:publisher\" content=\"https:\/\/www.facebook.com\/dicodusport\" \/>\n<meta property=\"article:published_time\" content=\"2021-04-20T07:40:00+00:00\" \/>\n<meta property=\"article:modified_time\" content=\"2021-04-20T13:14:42+00:00\" \/>\n<meta property=\"og:image\" content=\"https:\/\/dicodusport.fr\/blog\/wp-content\/uploads\/2021\/04\/Coproprietaire-dune-societe-de-paris-sportifs-Ibrahimovic-risque-jusqua-trois-ans-de-suspension.png\" \/>\n\t<meta property=\"og:image:width\" content=\"800\" \/>\n\t<meta property=\"og:image:height\" content=\"445\" \/>\n\t<meta property=\"og:image:type\" content=\"image\/png\" \/>\n<meta name=\"author\" content=\"Jean Bod\u00e9r\u00e9\" \/>\n<meta name=\"twitter:card\" content=\"summary_large_image\" \/>\n<meta name=\"twitter:title\" content=\"Copropri\u00e9taire d\u2019une soci\u00e9t\u00e9 de paris sportifs, Ibrahimovic risque jusqu\u2019\u00e0 trois ans de suspension\" \/>\n<meta name=\"twitter:creator\" content=\"@dicodusport\" \/>\n<meta name=\"twitter:site\" content=\"@dicodusport\" \/>\n<script type=\"application\/ld+json\" class=\"yoast-schema-graph\">{\"@context\":\"https:\/\/schema.org\",\"@graph\":[{\"@type\":\"NewsArticle\",\"@id\":\"https:\/\/dicodusport.fr\/blog\/coproprietaire-d-une-societe-de-paris-sportifs-zlatan-ibrahimovic-risque-jusqu-a-trois-ans-de-suspension\/#article\",\"isPartOf\":{\"@id\":\"https:\/\/dicodusport.fr\/blog\/coproprietaire-d-une-societe-de-paris-sportifs-zlatan-ibrahimovic-risque-jusqu-a-trois-ans-de-suspension\/\"},\"author\":{\"name\":\"Jean Bod\u00e9r\u00e9\",\"@id\":\"https:\/\/dicodusport.fr\/blog\/#\/schema\/person\/cb75f6e4b58e9b98515bdc7902bb5a05\"},\"headline\":\"Copropri\u00e9taire d\u2019une soci\u00e9t\u00e9 de paris sportifs, Ibrahimovic risque jusqu\u2019\u00e0 trois ans de suspension\",\"datePublished\":\"2021-04-20T07:40:00+00:00\",\"dateModified\":\"2021-04-20T13:14:42+00:00\",\"mainEntityOfPage\":{\"@id\":\"https:\/\/dicodusport.fr\/blog\/coproprietaire-d-une-societe-de-paris-sportifs-zlatan-ibrahimovic-risque-jusqu-a-trois-ans-de-suspension\/\"},\"wordCount\":653,\"commentCount\":0,\"publisher\":{\"@id\":\"https:\/\/dicodusport.fr\/blog\/#organization\"},\"image\":{\"@id\":\"https:\/\/dicodusport.fr\/blog\/coproprietaire-d-une-societe-de-paris-sportifs-zlatan-ibrahimovic-risque-jusqu-a-trois-ans-de-suspension\/#primaryimage\"},\"thumbnailUrl\":\"https:\/\/dicodusport.fr\/blog\/wp-content\/uploads\/2021\/04\/Coproprietaire-dune-societe-de-paris-sportifs-Ibrahimovic-risque-jusqua-trois-ans-de-suspension.png\",\"keywords\":[\"Football\",\"milan ac\",\"Serie A\",\"Zlatan Ibrahimovic\"],\"articleSection\":[\"Football\"],\"inLanguage\":\"fr-FR\",\"potentialAction\":[{\"@type\":\"CommentAction\",\"name\":\"Comment\",\"target\":[\"https:\/\/dicodusport.fr\/blog\/coproprietaire-d-une-societe-de-paris-sportifs-zlatan-ibrahimovic-risque-jusqu-a-trois-ans-de-suspension\/#respond\"]}],\"copyrightYear\":\"2021\",\"copyrightHolder\":{\"@id\":\"https:\/\/dicodusport.fr\/blog\/#organization\"}},{\"@type\":\"WebPage\",\"@id\":\"https:\/\/dicodusport.fr\/blog\/coproprietaire-d-une-societe-de-paris-sportifs-zlatan-ibrahimovic-risque-jusqu-a-trois-ans-de-suspension\/\",\"url\":\"https:\/\/dicodusport.fr\/blog\/coproprietaire-d-une-societe-de-paris-sportifs-zlatan-ibrahimovic-risque-jusqu-a-trois-ans-de-suspension\/\",\"name\":\"Copropri\u00e9taire d\u2019une soci\u00e9t\u00e9 de paris sportifs, Ibrahimovic risque jusqu\u2019\u00e0 trois ans de suspension\",\"isPartOf\":{\"@id\":\"https:\/\/dicodusport.fr\/blog\/#website\"},\"primaryImageOfPage\":{\"@id\":\"https:\/\/dicodusport.fr\/blog\/coproprietaire-d-une-societe-de-paris-sportifs-zlatan-ibrahimovic-risque-jusqu-a-trois-ans-de-suspension\/#primaryimage\"},\"image\":{\"@id\":\"https:\/\/dicodusport.fr\/blog\/coproprietaire-d-une-societe-de-paris-sportifs-zlatan-ibrahimovic-risque-jusqu-a-trois-ans-de-suspension\/#primaryimage\"},\"thumbnailUrl\":\"https:\/\/dicodusport.fr\/blog\/wp-content\/uploads\/2021\/04\/Coproprietaire-dune-societe-de-paris-sportifs-Ibrahimovic-risque-jusqua-trois-ans-de-suspension.png\",\"datePublished\":\"2021-04-20T07:40:00+00:00\",\"dateModified\":\"2021-04-20T13:14:42+00:00\",\"description\":\"\u00c0 39 ans, Zlatan Ibrahimovic est all\u00e9 \u00e0 l\u2019encontre du code \u00e9thique de la FIFA et pourrait risquer jusqu\u2019\u00e0 3 ans de suspension.\u00a0\",\"breadcrumb\":{\"@id\":\"https:\/\/dicodusport.fr\/blog\/coproprietaire-d-une-societe-de-paris-sportifs-zlatan-ibrahimovic-risque-jusqu-a-trois-ans-de-suspension\/#breadcrumb\"},\"inLanguage\":\"fr-FR\",\"potentialAction\":[{\"@type\":\"ReadAction\",\"target\":[\"https:\/\/dicodusport.fr\/blog\/coproprietaire-d-une-societe-de-paris-sportifs-zlatan-ibrahimovic-risque-jusqu-a-trois-ans-de-suspension\/\"]}]},{\"@type\":\"ImageObject\",\"inLanguage\":\"fr-FR\",\"@id\":\"https:\/\/dicodusport.fr\/blog\/coproprietaire-d-une-societe-de-paris-sportifs-zlatan-ibrahimovic-risque-jusqu-a-trois-ans-de-suspension\/#primaryimage\",\"url\":\"https:\/\/dicodusport.fr\/blog\/wp-content\/uploads\/2021\/04\/Coproprietaire-dune-societe-de-paris-sportifs-Ibrahimovic-risque-jusqua-trois-ans-de-suspension.png\",\"contentUrl\":\"https:\/\/dicodusport.fr\/blog\/wp-content\/uploads\/2021\/04\/Coproprietaire-dune-societe-de-paris-sportifs-Ibrahimovic-risque-jusqua-trois-ans-de-suspension.png\",\"width\":800,\"height\":445,\"caption\":\"Copropri\u00e9taire d\u2019une soci\u00e9t\u00e9 de paris sportifs, Ibrahimovic risque jusqu\u2019\u00e0 trois ans de suspension\"},{\"@type\":\"BreadcrumbList\",\"@id\":\"https:\/\/dicodusport.fr\/blog\/coproprietaire-d-une-societe-de-paris-sportifs-zlatan-ibrahimovic-risque-jusqu-a-trois-ans-de-suspension\/#breadcrumb\",\"itemListElement\":[{\"@type\":\"ListItem\",\"position\":1,\"name\":\"Accueil\",\"item\":\"https:\/\/dicodusport.fr\/blog\/\"},{\"@type\":\"ListItem\",\"position\":2,\"name\":\"Copropri\u00e9taire d\u2019une soci\u00e9t\u00e9 de paris sportifs, Ibrahimovic risque jusqu\u2019\u00e0 trois ans de suspension\"}]},{\"@type\":\"WebSite\",\"@id\":\"https:\/\/dicodusport.fr\/blog\/#website\",\"url\":\"https:\/\/dicodusport.fr\/blog\/\",\"name\":\"Dicodusport\",\"description\":\"L&#039;encyclop\u00e9die de l&#039;actualit\u00e9 sportive\",\"publisher\":{\"@id\":\"https:\/\/dicodusport.fr\/blog\/#organization\"},\"potentialAction\":[{\"@type\":\"SearchAction\",\"target\":{\"@type\":\"EntryPoint\",\"urlTemplate\":\"https:\/\/dicodusport.fr\/blog\/?s={search_term_string}\"},\"query-input\":{\"@type\":\"PropertyValueSpecification\",\"valueRequired\":true,\"valueName\":\"search_term_string\"}}],\"inLanguage\":\"fr-FR\"},{\"@type\":\"NewsMediaOrganization\",\"@id\":\"https:\/\/dicodusport.fr\/blog\/#organization\",\"name\":\"Dicodusport\",\"url\":\"https:\/\/dicodusport.fr\/blog\/\",\"logo\":{\"@type\":\"ImageObject\",\"inLanguage\":\"fr-FR\",\"@id\":\"https:\/\/dicodusport.fr\/blog\/#\/schema\/logo\/image\/\",\"url\":\"https:\/\/dicodusport.fr\/blog\/wp-content\/uploads\/2020\/06\/cropped-LOGO-DICODUSPORT-2020-SANS-FOND-SANS-TEXTE.png\",\"contentUrl\":\"https:\/\/dicodusport.fr\/blog\/wp-content\/uploads\/2020\/06\/cropped-LOGO-DICODUSPORT-2020-SANS-FOND-SANS-TEXTE.png\",\"width\":512,\"height\":512,\"caption\":\"Dicodusport\"},\"image\":{\"@id\":\"https:\/\/dicodusport.fr\/blog\/#\/schema\/logo\/image\/\"},\"sameAs\":[\"https:\/\/www.facebook.com\/dicodusport\",\"https:\/\/x.com\/dicodusport\",\"https:\/\/www.instagram.com\/dicodusport\/\",\"https:\/\/www.youtube.com\/channel\/UC7V2KZ5sd3htJivAbA4ZG3w\"],\"description\":\"Dicodusport est l'encyclop\u00e9die de l'actualit\u00e9 sportive.\",\"email\":\"bonjour@dicodusport.fr\",\"legalName\":\"DICODUSPORT\",\"foundingDate\":\"2018-01-14\",\"vatID\":\"FR71834470973\",\"taxID\":\"83447097300043\",\"numberOfEmployees\":{\"@type\":\"QuantitativeValue\",\"minValue\":\"1\",\"maxValue\":\"10\"}},{\"@type\":\"Person\",\"@id\":\"https:\/\/dicodusport.fr\/blog\/#\/schema\/person\/cb75f6e4b58e9b98515bdc7902bb5a05\",\"name\":\"Jean Bod\u00e9r\u00e9\",\"image\":{\"@type\":\"ImageObject\",\"inLanguage\":\"fr-FR\",\"@id\":\"https:\/\/dicodusport.fr\/blog\/#\/schema\/person\/image\/\",\"url\":\"https:\/\/dicodusport.fr\/blog\/wp-content\/uploads\/2020\/06\/cropped-LOGO-DICODUSPORT-2020-SANS-FOND-SANS-TEXTE-150x150.png\",\"contentUrl\":\"https:\/\/dicodusport.fr\/blog\/wp-content\/uploads\/2020\/06\/cropped-LOGO-DICODUSPORT-2020-SANS-FOND-SANS-TEXTE-150x150.png\",\"caption\":\"Jean Bod\u00e9r\u00e9\"},\"url\":\"https:\/\/dicodusport.fr\/blog\/author\/jeanb\/\"}]}<\/script>\n<!-- \/ Yoast SEO Premium plugin. -->","yoast_head_json":{"title":"Copropri\u00e9taire d\u2019une soci\u00e9t\u00e9 de paris sportifs, Ibrahimovic risque jusqu\u2019\u00e0 trois ans de suspension","description":"\u00c0 39 ans, Zlatan Ibrahimovic est all\u00e9 \u00e0 l\u2019encontre du code \u00e9thique de la FIFA et pourrait risquer jusqu\u2019\u00e0 3 ans de suspension.\u00a0","robots":{"index":"index","follow":"follow","max-snippet":"max-snippet:-1","max-image-preview":"max-image-preview:large","max-video-preview":"max-video-preview:-1"},"canonical":"https:\/\/dicodusport.fr\/blog\/coproprietaire-d-une-societe-de-paris-sportifs-zlatan-ibrahimovic-risque-jusqu-a-trois-ans-de-suspension\/","og_locale":"fr_FR","og_type":"article","og_title":"Copropri\u00e9taire d\u2019une soci\u00e9t\u00e9 de paris sportifs, Ibrahimovic risque jusqu\u2019\u00e0 trois ans de suspension","og_description":"\u00c0 39 ans, Zlatan Ibrahimovic est all\u00e9 \u00e0 l\u2019encontre du code \u00e9thique de la FIFA et pourrait risquer jusqu\u2019\u00e0 3 ans de suspension.\u00a0","og_url":"https:\/\/dicodusport.fr\/blog\/coproprietaire-d-une-societe-de-paris-sportifs-zlatan-ibrahimovic-risque-jusqu-a-trois-ans-de-suspension\/","og_site_name":"Dicodusport","article_publisher":"https:\/\/www.facebook.com\/dicodusport","article_published_time":"2021-04-20T07:40:00+00:00","article_modified_time":"2021-04-20T13:14:42+00:00","og_image":[{"width":800,"height":445,"url":"https:\/\/dicodusport.fr\/blog\/wp-content\/uploads\/2021\/04\/Coproprietaire-dune-societe-de-paris-sportifs-Ibrahimovic-risque-jusqua-trois-ans-de-suspension.png","type":"image\/png"}],"author":"Jean Bod\u00e9r\u00e9","twitter_card":"summary_large_image","twitter_title":"Copropri\u00e9taire d\u2019une soci\u00e9t\u00e9 de paris sportifs, Ibrahimovic risque jusqu\u2019\u00e0 trois ans de suspension","twitter_creator":"@dicodusport","twitter_site":"@dicodusport","schema":{"@context":"https:\/\/schema.org","@graph":[{"@type":"NewsArticle","@id":"https:\/\/dicodusport.fr\/blog\/coproprietaire-d-une-societe-de-paris-sportifs-zlatan-ibrahimovic-risque-jusqu-a-trois-ans-de-suspension\/#article","isPartOf":{"@id":"https:\/\/dicodusport.fr\/blog\/coproprietaire-d-une-societe-de-paris-sportifs-zlatan-ibrahimovic-risque-jusqu-a-trois-ans-de-suspension\/"},"author":{"name":"Jean Bod\u00e9r\u00e9","@id":"https:\/\/dicodusport.fr\/blog\/#\/schema\/person\/cb75f6e4b58e9b98515bdc7902bb5a05"},"headline":"Copropri\u00e9taire d\u2019une soci\u00e9t\u00e9 de paris sportifs, Ibrahimovic risque jusqu\u2019\u00e0 trois ans de suspension","datePublished":"2021-04-20T07:40:00+00:00","dateModified":"2021-04-20T13:14:42+00:00","mainEntityOfPage":{"@id":"https:\/\/dicodusport.fr\/blog\/coproprietaire-d-une-societe-de-paris-sportifs-zlatan-ibrahimovic-risque-jusqu-a-trois-ans-de-suspension\/"},"wordCount":653,"commentCount":0,"publisher":{"@id":"https:\/\/dicodusport.fr\/blog\/#organization"},"image":{"@id":"https:\/\/dicodusport.fr\/blog\/coproprietaire-d-une-societe-de-paris-sportifs-zlatan-ibrahimovic-risque-jusqu-a-trois-ans-de-suspension\/#primaryimage"},"thumbnailUrl":"https:\/\/dicodusport.fr\/blog\/wp-content\/uploads\/2021\/04\/Coproprietaire-dune-societe-de-paris-sportifs-Ibrahimovic-risque-jusqua-trois-ans-de-suspension.png","keywords":["Football","milan ac","Serie A","Zlatan Ibrahimovic"],"articleSection":["Football"],"inLanguage":"fr-FR","potentialAction":[{"@type":"CommentAction","name":"Comment","target":["https:\/\/dicodusport.fr\/blog\/coproprietaire-d-une-societe-de-paris-sportifs-zlatan-ibrahimovic-risque-jusqu-a-trois-ans-de-suspension\/#respond"]}],"copyrightYear":"2021","copyrightHolder":{"@id":"https:\/\/dicodusport.fr\/blog\/#organization"}},{"@type":"WebPage","@id":"https:\/\/dicodusport.fr\/blog\/coproprietaire-d-une-societe-de-paris-sportifs-zlatan-ibrahimovic-risque-jusqu-a-trois-ans-de-suspension\/","url":"https:\/\/dicodusport.fr\/blog\/coproprietaire-d-une-societe-de-paris-sportifs-zlatan-ibrahimovic-risque-jusqu-a-trois-ans-de-suspension\/","name":"Copropri\u00e9taire d\u2019une soci\u00e9t\u00e9 de paris sportifs, Ibrahimovic risque jusqu\u2019\u00e0 trois ans de suspension","isPartOf":{"@id":"https:\/\/dicodusport.fr\/blog\/#website"},"primaryImageOfPage":{"@id":"https:\/\/dicodusport.fr\/blog\/coproprietaire-d-une-societe-de-paris-sportifs-zlatan-ibrahimovic-risque-jusqu-a-trois-ans-de-suspension\/#primaryimage"},"image":{"@id":"https:\/\/dicodusport.fr\/blog\/coproprietaire-d-une-societe-de-paris-sportifs-zlatan-ibrahimovic-risque-jusqu-a-trois-ans-de-suspension\/#primaryimage"},"thumbnailUrl":"https:\/\/dicodusport.fr\/blog\/wp-content\/uploads\/2021\/04\/Coproprietaire-dune-societe-de-paris-sportifs-Ibrahimovic-risque-jusqua-trois-ans-de-suspension.png","datePublished":"2021-04-20T07:40:00+00:00","dateModified":"2021-04-20T13:14:42+00:00","description":"\u00c0 39 ans, Zlatan Ibrahimovic est all\u00e9 \u00e0 l\u2019encontre du code \u00e9thique de la FIFA et pourrait risquer jusqu\u2019\u00e0 3 ans de suspension.\u00a0","breadcrumb":{"@id":"https:\/\/dicodusport.fr\/blog\/coproprietaire-d-une-societe-de-paris-sportifs-zlatan-ibrahimovic-risque-jusqu-a-trois-ans-de-suspension\/#breadcrumb"},"inLanguage":"fr-FR","potentialAction":[{"@type":"ReadAction","target":["https:\/\/dicodusport.fr\/blog\/coproprietaire-d-une-societe-de-paris-sportifs-zlatan-ibrahimovic-risque-jusqu-a-trois-ans-de-suspension\/"]}]},{"@type":"ImageObject","inLanguage":"fr-FR","@id":"https:\/\/dicodusport.fr\/blog\/coproprietaire-d-une-societe-de-paris-sportifs-zlatan-ibrahimovic-risque-jusqu-a-trois-ans-de-suspension\/#primaryimage","url":"https:\/\/dicodusport.fr\/blog\/wp-content\/uploads\/2021\/04\/Coproprietaire-dune-societe-de-paris-sportifs-Ibrahimovic-risque-jusqua-trois-ans-de-suspension.png","contentUrl":"https:\/\/dicodusport.fr\/blog\/wp-content\/uploads\/2021\/04\/Coproprietaire-dune-societe-de-paris-sportifs-Ibrahimovic-risque-jusqua-trois-ans-de-suspension.png","width":800,"height":445,"caption":"Copropri\u00e9taire d\u2019une soci\u00e9t\u00e9 de paris sportifs, Ibrahimovic risque jusqu\u2019\u00e0 trois ans de suspension"},{"@type":"BreadcrumbList","@id":"https:\/\/dicodusport.fr\/blog\/coproprietaire-d-une-societe-de-paris-sportifs-zlatan-ibrahimovic-risque-jusqu-a-trois-ans-de-suspension\/#breadcrumb","itemListElement":[{"@type":"ListItem","position":1,"name":"Accueil","item":"https:\/\/dicodusport.fr\/blog\/"},{"@type":"ListItem","position":2,"name":"Copropri\u00e9taire d\u2019une soci\u00e9t\u00e9 de paris sportifs, Ibrahimovic risque jusqu\u2019\u00e0 trois ans de suspension"}]},{"@type":"WebSite","@id":"https:\/\/dicodusport.fr\/blog\/#website","url":"https:\/\/dicodusport.fr\/blog\/","name":"Dicodusport","description":"L&#039;encyclop\u00e9die de l&#039;actualit\u00e9 sportive","publisher":{"@id":"https:\/\/dicodusport.fr\/blog\/#organization"},"potentialAction":[{"@type":"SearchAction","target":{"@type":"EntryPoint","urlTemplate":"https:\/\/dicodusport.fr\/blog\/?s={search_term_string}"},"query-input":{"@type":"PropertyValueSpecification","valueRequired":true,"valueName":"search_term_string"}}],"inLanguage":"fr-FR"},{"@type":"NewsMediaOrganization","@id":"https:\/\/dicodusport.fr\/blog\/#organization","name":"Dicodusport","url":"https:\/\/dicodusport.fr\/blog\/","logo":{"@type":"ImageObject","inLanguage":"fr-FR","@id":"https:\/\/dicodusport.fr\/blog\/#\/schema\/logo\/image\/","url":"https:\/\/dicodusport.fr\/blog\/wp-content\/uploads\/2020\/06\/cropped-LOGO-DICODUSPORT-2020-SANS-FOND-SANS-TEXTE.png","contentUrl":"https:\/\/dicodusport.fr\/blog\/wp-content\/uploads\/2020\/06\/cropped-LOGO-DICODUSPORT-2020-SANS-FOND-SANS-TEXTE.png","width":512,"height":512,"caption":"Dicodusport"},"image":{"@id":"https:\/\/dicodusport.fr\/blog\/#\/schema\/logo\/image\/"},"sameAs":["https:\/\/www.facebook.com\/dicodusport","https:\/\/x.com\/dicodusport","https:\/\/www.instagram.com\/dicodusport\/","https:\/\/www.youtube.com\/channel\/UC7V2KZ5sd3htJivAbA4ZG3w"],"description":"Dicodusport est l'encyclop\u00e9die de l'actualit\u00e9 sportive.","email":"bonjour@dicodusport.fr","legalName":"DICODUSPORT","foundingDate":"2018-01-14","vatID":"FR71834470973","taxID":"83447097300043","numberOfEmployees":{"@type":"QuantitativeValue","minValue":"1","maxValue":"10"}},{"@type":"Person","@id":"https:\/\/dicodusport.fr\/blog\/#\/schema\/person\/cb75f6e4b58e9b98515bdc7902bb5a05","name":"Jean Bod\u00e9r\u00e9","image":{"@type":"ImageObject","inLanguage":"fr-FR","@id":"https:\/\/dicodusport.fr\/blog\/#\/schema\/person\/image\/","url":"https:\/\/dicodusport.fr\/blog\/wp-content\/uploads\/2020\/06\/cropped-LOGO-DICODUSPORT-2020-SANS-FOND-SANS-TEXTE-150x150.png","contentUrl":"https:\/\/dicodusport.fr\/blog\/wp-content\/uploads\/2020\/06\/cropped-LOGO-DICODUSPORT-2020-SANS-FOND-SANS-TEXTE-150x150.png","caption":"Jean Bod\u00e9r\u00e9"},"url":"https:\/\/dicodusport.fr\/blog\/author\/jeanb\/"}]}},"_links":{"self":[{"href":"https:\/\/dicodusport.fr\/blog\/wp-json\/wp\/v2\/posts\/122937","targetHints":{"allow":["GET"]}}],"collection":[{"href":"https:\/\/dicodusport.fr\/blog\/wp-json\/wp\/v2\/posts"}],"about":[{"href":"https:\/\/dicodusport.fr\/blog\/wp-json\/wp\/v2\/types\/post"}],"author":[{"embeddable":true,"href":"https:\/\/dicodusport.fr\/blog\/wp-json\/wp\/v2\/users\/52"}],"replies":[{"embeddable":true,"href":"https:\/\/dicodusport.fr\/blog\/wp-json\/wp\/v2\/comments?post=122937"}],"version-history":[{"count":0,"href":"https:\/\/dicodusport.fr\/blog\/wp-json\/wp\/v2\/posts\/122937\/revisions"}],"wp:featuredmedia":[{"embeddable":true,"href":"https:\/\/dicodusport.fr\/blog\/wp-json\/wp\/v2\/media\/123072"}],"wp:attachment":[{"href":"https:\/\/dicodusport.fr\/blog\/wp-json\/wp\/v2\/media?parent=122937"}],"wp:term":[{"taxonomy":"category","embeddable":true,"href":"https:\/\/dicodusport.fr\/blog\/wp-json\/wp\/v2\/categories?post=122937"},{"taxonomy":"post_tag","embeddable":true,"href":"https:\/\/dicodusport.fr\/blog\/wp-json\/wp\/v2\/tags?post=122937"}],"curies":[{"name":"wp","href":"https:\/\/api.w.org\/{rel}","templated":true}]}}