{"id":123035,"date":"2021-04-20T08:00:36","date_gmt":"2021-04-20T06:00:36","guid":{"rendered":"https:\/\/dicodusport.fr\/blog\/?p=123035"},"modified":"2021-04-20T15:12:51","modified_gmt":"2021-04-20T13:12:51","slug":"20-avril-2013-32-ans-dattente-pour-les-verts","status":"publish","type":"post","link":"https:\/\/dicodusport.fr\/blog\/20-avril-2013-32-ans-dattente-pour-les-verts\/","title":{"rendered":"20 avril 2013 : 32 ans d\u2019attente pour les Verts"},"content":{"rendered":"<p style=\"text-align: justify;\"><em><strong><a href=\"https:\/\/dicodusport.fr\/definition-sport\/football\/\">FOOTBALL<\/a> &#8211; Dicodusport vous parlait il y a peu de l\u2019exploit de <a href=\"https:\/\/dicodusport.fr\/blog\/17-avril-2004-sochaux-remporte-la-coupe-de-la-ligue\/\">Sochaux<\/a> en Coupe de la Ligue 2004, remportant le dernier troph\u00e9e national manquant au palmar\u00e8s du club. Retour aujourd\u2019hui sur la finale 2013. M\u00eame comp\u00e9tition mais finalistes diff\u00e9rents, les Verts affrontaient Rennes.<\/strong> <\/em><\/p>\n<h2 style=\"text-align: justify;\">\u00c7a s&rsquo;est pass\u00e9 le 20 avril 2013<\/h2>\n<p style=\"text-align: justify;\">Il faut dire que <strong>Saint-Etienne<\/strong> revient de loin. Apr\u00e8s s\u2019\u00eatre d\u00e9fait de Nancy (3-2) et d\u2019Arles-Avignon sur le petit score de 1-0, le club rencontrait le Paris Saint-Germain lors des quarts. Apr\u00e8s un match nul, les St\u00e9phanois se qualifient alors aux tirs au but. Bis repetita lors de la demi-finale contre Lille, ils s\u2019imposent lors de cette s\u00e9ance \u00e9liminatoire (7-6). Direction le Stade de France pour enfin d\u00e9crocher un titre apr\u00e8s celui de champion 1981. De son c\u00f4t\u00e9, Rennes attend un sacre depuis 1971. Mais en ce 20 avril 2013, les Rennais ne sont pas pr\u00eats. Pas pr\u00eats \u00e0 voir d\u00e9ferler une vague verte dans les trav\u00e9es du Stade de France. Pas pr\u00eats non plus \u00e0 affronter Pierre-Emerick Aubameyang et ses co\u00e9quipiers.<\/p>\n<p style=\"text-align: justify;\">Si les Rouge et Noir sont les premiers \u00e0 se procurer une occasion quelques secondes apr\u00e8s le coup d\u2019envoi, Saint-Etienne r\u00e9pond dans la foul\u00e9e. Et c\u2019est \u00e0 la 18<sup>\u00e8me<\/sup> minute que la rencontre bascule. Sur un centre d\u2019Aubameyang, la sortie approximative de Beno\u00eet Costil permet \u00e0 Brandao de reprendre le ballon du pied gauche et le pousser au fond des filets. Le peuple vert s\u2019emballe, \u00e0 raison. Rien ne va plus pour Rennes qui perd de plus son joueur phare Mevlut Erding sur blessure quelques instants plus tard. En deuxi\u00e8me p\u00e9riode, ce sont une nouvelle fois les St\u00e9phanois qui poussent pour creuser l\u2019\u00e9cart. A d\u00e9faut de marquer, ils tiennent d\u00e9fensivement. Ruddy Buquet siffle alors la fin de la rencontre. Il est temps de savourer pour les Verts, apr\u00e8s 32 ans d\u2019attente.<\/p>\n<p style=\"text-align: justify;\"><strong>Infos :<\/strong> A titre personnel, c\u2019est la troisi\u00e8me victoire en Coupe de la Ligue pour Brandao, vainqueur deux fois avec l\u2019Olympique de Marseille. Apr\u00e8s avoir soulev\u00e9 le troph\u00e9e en 2010, il \u00e9tait d\u00e9j\u00e0 seul buteur en finale 2012 contre Lyon. Suite \u00e0 ce sacre de Saint-Etienne, le PSG dominera la comp\u00e9tition pendant cinq ans.<\/p>\n","protected":false},"excerpt":{"rendered":"<p>Le 20 avril 2013, apr\u00e8s plus de trente ans d&rsquo;attente, les Verts d\u00e9crochent enfin un titre national. Retour sur la finale contre Rennes.<\/p>\n","protected":false},"author":18,"featured_media":123061,"comment_status":"open","ping_status":"closed","sticky":false,"template":"","format":"standard","meta":{"_acf_changed":false,"_daextam_enable_autolinks":"","footnotes":""},"categories":[2301,8],"tags":[3604,75,1840,457],"class_list":["post-123035","post","type-post","status-publish","format-standard","has-post-thumbnail","hentry","category-football","category-histoire","tag-coupe-de-la-ligue","tag-football","tag-rennes","tag-saint-etienne"],"acf":[],"yoast_head":"<!-- This site is optimized with the Yoast SEO Premium plugin v26.7 (Yoast SEO v26.7) - https:\/\/yoast.com\/wordpress\/plugins\/seo\/ -->\n<title>20 avril 2013 : 32 ans d\u2019attente pour les Verts<\/title>\n<meta name=\"description\" content=\"Le 20 avril 2013, apr\u00e8s plus de trente ans d&#039;attente, les Verts d\u00e9crochent enfin un titre national. Retour sur la finale contre Rennes.\" \/>\n<meta name=\"robots\" content=\"index, follow, max-snippet:-1, max-image-preview:large, max-video-preview:-1\" \/>\n<link rel=\"canonical\" href=\"https:\/\/dicodusport.fr\/blog\/20-avril-2013-32-ans-dattente-pour-les-verts\/\" \/>\n<meta property=\"og:locale\" content=\"fr_FR\" \/>\n<meta property=\"og:type\" content=\"article\" \/>\n<meta property=\"og:title\" content=\"20 avril 2013 : 32 ans d\u2019attente pour les Verts\" \/>\n<meta property=\"og:description\" content=\"Le 20 avril 2013, apr\u00e8s plus de trente ans d&#039;attente, les Verts d\u00e9crochent enfin un titre national. Retour sur la finale contre Rennes.\" \/>\n<meta property=\"og:url\" content=\"https:\/\/dicodusport.fr\/blog\/20-avril-2013-32-ans-dattente-pour-les-verts\/\" \/>\n<meta property=\"og:site_name\" content=\"Dicodusport\" \/>\n<meta property=\"article:publisher\" content=\"https:\/\/www.facebook.com\/dicodusport\" \/>\n<meta property=\"article:author\" content=\"https:\/\/www.facebook.com\/soocube\" \/>\n<meta property=\"article:published_time\" content=\"2021-04-20T06:00:36+00:00\" \/>\n<meta property=\"article:modified_time\" content=\"2021-04-20T13:12:51+00:00\" \/>\n<meta property=\"og:image\" content=\"https:\/\/dicodusport.fr\/blog\/wp-content\/uploads\/2021\/04\/20-avril-2013-32-ans-dattente-pour-les-Verts.png\" \/>\n\t<meta property=\"og:image:width\" content=\"800\" \/>\n\t<meta property=\"og:image:height\" content=\"445\" \/>\n\t<meta property=\"og:image:type\" content=\"image\/png\" \/>\n<meta name=\"author\" content=\"Sophie Clapier\" \/>\n<meta name=\"twitter:card\" content=\"summary_large_image\" \/>\n<meta name=\"twitter:title\" content=\"20 avril 2013 : 32 ans d\u2019attente pour les Verts\" \/>\n<meta name=\"twitter:creator\" content=\"@https:\/\/twitter.com\/soocube\" \/>\n<meta name=\"twitter:site\" content=\"@dicodusport\" \/>\n<script type=\"application\/ld+json\" class=\"yoast-schema-graph\">{\"@context\":\"https:\/\/schema.org\",\"@graph\":[{\"@type\":\"NewsArticle\",\"@id\":\"https:\/\/dicodusport.fr\/blog\/20-avril-2013-32-ans-dattente-pour-les-verts\/#article\",\"isPartOf\":{\"@id\":\"https:\/\/dicodusport.fr\/blog\/20-avril-2013-32-ans-dattente-pour-les-verts\/\"},\"author\":{\"name\":\"Sophie Clapier\",\"@id\":\"https:\/\/dicodusport.fr\/blog\/#\/schema\/person\/416c975648aca9da8839bdfe333a21c9\"},\"headline\":\"20 avril 2013 : 32 ans d\u2019attente pour les Verts\",\"datePublished\":\"2021-04-20T06:00:36+00:00\",\"dateModified\":\"2021-04-20T13:12:51+00:00\",\"mainEntityOfPage\":{\"@id\":\"https:\/\/dicodusport.fr\/blog\/20-avril-2013-32-ans-dattente-pour-les-verts\/\"},\"wordCount\":394,\"commentCount\":0,\"publisher\":{\"@id\":\"https:\/\/dicodusport.fr\/blog\/#organization\"},\"image\":{\"@id\":\"https:\/\/dicodusport.fr\/blog\/20-avril-2013-32-ans-dattente-pour-les-verts\/#primaryimage\"},\"thumbnailUrl\":\"https:\/\/dicodusport.fr\/blog\/wp-content\/uploads\/2021\/04\/20-avril-2013-32-ans-dattente-pour-les-Verts.png\",\"keywords\":[\"Coupe de la Ligue\",\"Football\",\"Rennes\",\"Saint-Etienne\"],\"articleSection\":[\"Football\",\"Histoire\"],\"inLanguage\":\"fr-FR\",\"potentialAction\":[{\"@type\":\"CommentAction\",\"name\":\"Comment\",\"target\":[\"https:\/\/dicodusport.fr\/blog\/20-avril-2013-32-ans-dattente-pour-les-verts\/#respond\"]}],\"copyrightYear\":\"2021\",\"copyrightHolder\":{\"@id\":\"https:\/\/dicodusport.fr\/blog\/#organization\"}},{\"@type\":\"WebPage\",\"@id\":\"https:\/\/dicodusport.fr\/blog\/20-avril-2013-32-ans-dattente-pour-les-verts\/\",\"url\":\"https:\/\/dicodusport.fr\/blog\/20-avril-2013-32-ans-dattente-pour-les-verts\/\",\"name\":\"20 avril 2013 : 32 ans d\u2019attente pour les Verts\",\"isPartOf\":{\"@id\":\"https:\/\/dicodusport.fr\/blog\/#website\"},\"primaryImageOfPage\":{\"@id\":\"https:\/\/dicodusport.fr\/blog\/20-avril-2013-32-ans-dattente-pour-les-verts\/#primaryimage\"},\"image\":{\"@id\":\"https:\/\/dicodusport.fr\/blog\/20-avril-2013-32-ans-dattente-pour-les-verts\/#primaryimage\"},\"thumbnailUrl\":\"https:\/\/dicodusport.fr\/blog\/wp-content\/uploads\/2021\/04\/20-avril-2013-32-ans-dattente-pour-les-Verts.png\",\"datePublished\":\"2021-04-20T06:00:36+00:00\",\"dateModified\":\"2021-04-20T13:12:51+00:00\",\"description\":\"Le 20 avril 2013, apr\u00e8s plus de trente ans d'attente, les Verts d\u00e9crochent enfin un titre national. Retour sur la finale contre Rennes.\",\"breadcrumb\":{\"@id\":\"https:\/\/dicodusport.fr\/blog\/20-avril-2013-32-ans-dattente-pour-les-verts\/#breadcrumb\"},\"inLanguage\":\"fr-FR\",\"potentialAction\":[{\"@type\":\"ReadAction\",\"target\":[\"https:\/\/dicodusport.fr\/blog\/20-avril-2013-32-ans-dattente-pour-les-verts\/\"]}]},{\"@type\":\"ImageObject\",\"inLanguage\":\"fr-FR\",\"@id\":\"https:\/\/dicodusport.fr\/blog\/20-avril-2013-32-ans-dattente-pour-les-verts\/#primaryimage\",\"url\":\"https:\/\/dicodusport.fr\/blog\/wp-content\/uploads\/2021\/04\/20-avril-2013-32-ans-dattente-pour-les-Verts.png\",\"contentUrl\":\"https:\/\/dicodusport.fr\/blog\/wp-content\/uploads\/2021\/04\/20-avril-2013-32-ans-dattente-pour-les-Verts.png\",\"width\":800,\"height\":445,\"caption\":\"20 avril 2013 - 32 ans d\u2019attente pour les Verts\"},{\"@type\":\"BreadcrumbList\",\"@id\":\"https:\/\/dicodusport.fr\/blog\/20-avril-2013-32-ans-dattente-pour-les-verts\/#breadcrumb\",\"itemListElement\":[{\"@type\":\"ListItem\",\"position\":1,\"name\":\"Accueil\",\"item\":\"https:\/\/dicodusport.fr\/blog\/\"},{\"@type\":\"ListItem\",\"position\":2,\"name\":\"20 avril 2013 : 32 ans d\u2019attente pour les Verts\"}]},{\"@type\":\"WebSite\",\"@id\":\"https:\/\/dicodusport.fr\/blog\/#website\",\"url\":\"https:\/\/dicodusport.fr\/blog\/\",\"name\":\"Dicodusport\",\"description\":\"L&#039;encyclop\u00e9die de l&#039;actualit\u00e9 sportive\",\"publisher\":{\"@id\":\"https:\/\/dicodusport.fr\/blog\/#organization\"},\"potentialAction\":[{\"@type\":\"SearchAction\",\"target\":{\"@type\":\"EntryPoint\",\"urlTemplate\":\"https:\/\/dicodusport.fr\/blog\/?s={search_term_string}\"},\"query-input\":{\"@type\":\"PropertyValueSpecification\",\"valueRequired\":true,\"valueName\":\"search_term_string\"}}],\"inLanguage\":\"fr-FR\"},{\"@type\":\"NewsMediaOrganization\",\"@id\":\"https:\/\/dicodusport.fr\/blog\/#organization\",\"name\":\"Dicodusport\",\"url\":\"https:\/\/dicodusport.fr\/blog\/\",\"logo\":{\"@type\":\"ImageObject\",\"inLanguage\":\"fr-FR\",\"@id\":\"https:\/\/dicodusport.fr\/blog\/#\/schema\/logo\/image\/\",\"url\":\"https:\/\/dicodusport.fr\/blog\/wp-content\/uploads\/2020\/06\/cropped-LOGO-DICODUSPORT-2020-SANS-FOND-SANS-TEXTE.png\",\"contentUrl\":\"https:\/\/dicodusport.fr\/blog\/wp-content\/uploads\/2020\/06\/cropped-LOGO-DICODUSPORT-2020-SANS-FOND-SANS-TEXTE.png\",\"width\":512,\"height\":512,\"caption\":\"Dicodusport\"},\"image\":{\"@id\":\"https:\/\/dicodusport.fr\/blog\/#\/schema\/logo\/image\/\"},\"sameAs\":[\"https:\/\/www.facebook.com\/dicodusport\",\"https:\/\/x.com\/dicodusport\",\"https:\/\/www.instagram.com\/dicodusport\/\",\"https:\/\/www.youtube.com\/channel\/UC7V2KZ5sd3htJivAbA4ZG3w\"],\"description\":\"Dicodusport est l'encyclop\u00e9die de l'actualit\u00e9 sportive.\",\"email\":\"bonjour@dicodusport.fr\",\"legalName\":\"DICODUSPORT\",\"foundingDate\":\"2018-01-14\",\"vatID\":\"FR71834470973\",\"taxID\":\"83447097300043\",\"numberOfEmployees\":{\"@type\":\"QuantitativeValue\",\"minValue\":\"1\",\"maxValue\":\"10\"}},{\"@type\":\"Person\",\"@id\":\"https:\/\/dicodusport.fr\/blog\/#\/schema\/person\/416c975648aca9da8839bdfe333a21c9\",\"name\":\"Sophie Clapier\",\"image\":{\"@type\":\"ImageObject\",\"inLanguage\":\"fr-FR\",\"@id\":\"https:\/\/dicodusport.fr\/blog\/#\/schema\/person\/image\/\",\"url\":\"https:\/\/dicodusport.fr\/blog\/wp-content\/uploads\/2021\/05\/Sophie-Clapier-150x150.jpg\",\"contentUrl\":\"https:\/\/dicodusport.fr\/blog\/wp-content\/uploads\/2021\/05\/Sophie-Clapier-150x150.jpg\",\"caption\":\"Sophie Clapier\"},\"description\":\"Journaliste\/r\u00e9dactrice depuis janvier 2016 - Passionn\u00e9e de sport depuis toujours, j\u2019en ai pratiqu\u00e9 quelques-uns. Judo, football, handball ou encore tennis, je n\u2019ai jamais pu me mettre d\u2019accord sur un en particulier. Mais \u00e7a, c\u2019\u00e9tait avant de d\u00e9couvrir le basket, devenu mon sport de pr\u00e9dilection. Les actions NBA, le All-Star Week-end, la fureur des Game 7 pendant les playoffs ou mieux, lors des Finals, this is why we play. Team Spurs T.P, je m\u2019accroche encore \u00e0 Gregg Popovich (don\u2019t leave !). Team chef Curry, je souhaite qu\u2019il finisse aux Warriors (staaaay !). Non, il n\u2019y a pas qu\u2019eux, des petits nouveaux -et des petites nouvelles \u00e9videmment- arrivent chaque jour dans toutes les disciplines et cr\u00e9ent de nouveaux exploits. Alors pour les grands \u00e9v\u00e9nements et comp\u00e9titions internationales, vive les pulsations 240\/minutes et le d\u00e9fibrillateur pas loin, et allez les Bleu(e)s ! C\u2019est s\u00fbr, j\u2019aurai plus vu ma vie sur un terrain de sport, mais \u00e0 d\u00e9faut d\u2019en faire en haut niveau, je le partage avec vous.\",\"sameAs\":[\"https:\/\/www.facebook.com\/soocube\",\"https:\/\/x.com\/https:\/\/twitter.com\/soocube\",\"admin\"],\"url\":\"https:\/\/dicodusport.fr\/blog\/author\/sophie\/\"}]}<\/script>\n<!-- \/ Yoast SEO Premium plugin. -->","yoast_head_json":{"title":"20 avril 2013 : 32 ans d\u2019attente pour les Verts","description":"Le 20 avril 2013, apr\u00e8s plus de trente ans d'attente, les Verts d\u00e9crochent enfin un titre national. Retour sur la finale contre Rennes.","robots":{"index":"index","follow":"follow","max-snippet":"max-snippet:-1","max-image-preview":"max-image-preview:large","max-video-preview":"max-video-preview:-1"},"canonical":"https:\/\/dicodusport.fr\/blog\/20-avril-2013-32-ans-dattente-pour-les-verts\/","og_locale":"fr_FR","og_type":"article","og_title":"20 avril 2013 : 32 ans d\u2019attente pour les Verts","og_description":"Le 20 avril 2013, apr\u00e8s plus de trente ans d'attente, les Verts d\u00e9crochent enfin un titre national. Retour sur la finale contre Rennes.","og_url":"https:\/\/dicodusport.fr\/blog\/20-avril-2013-32-ans-dattente-pour-les-verts\/","og_site_name":"Dicodusport","article_publisher":"https:\/\/www.facebook.com\/dicodusport","article_author":"https:\/\/www.facebook.com\/soocube","article_published_time":"2021-04-20T06:00:36+00:00","article_modified_time":"2021-04-20T13:12:51+00:00","og_image":[{"width":800,"height":445,"url":"https:\/\/dicodusport.fr\/blog\/wp-content\/uploads\/2021\/04\/20-avril-2013-32-ans-dattente-pour-les-Verts.png","type":"image\/png"}],"author":"Sophie Clapier","twitter_card":"summary_large_image","twitter_title":"20 avril 2013 : 32 ans d\u2019attente pour les Verts","twitter_creator":"@https:\/\/twitter.com\/soocube","twitter_site":"@dicodusport","schema":{"@context":"https:\/\/schema.org","@graph":[{"@type":"NewsArticle","@id":"https:\/\/dicodusport.fr\/blog\/20-avril-2013-32-ans-dattente-pour-les-verts\/#article","isPartOf":{"@id":"https:\/\/dicodusport.fr\/blog\/20-avril-2013-32-ans-dattente-pour-les-verts\/"},"author":{"name":"Sophie Clapier","@id":"https:\/\/dicodusport.fr\/blog\/#\/schema\/person\/416c975648aca9da8839bdfe333a21c9"},"headline":"20 avril 2013 : 32 ans d\u2019attente pour les Verts","datePublished":"2021-04-20T06:00:36+00:00","dateModified":"2021-04-20T13:12:51+00:00","mainEntityOfPage":{"@id":"https:\/\/dicodusport.fr\/blog\/20-avril-2013-32-ans-dattente-pour-les-verts\/"},"wordCount":394,"commentCount":0,"publisher":{"@id":"https:\/\/dicodusport.fr\/blog\/#organization"},"image":{"@id":"https:\/\/dicodusport.fr\/blog\/20-avril-2013-32-ans-dattente-pour-les-verts\/#primaryimage"},"thumbnailUrl":"https:\/\/dicodusport.fr\/blog\/wp-content\/uploads\/2021\/04\/20-avril-2013-32-ans-dattente-pour-les-Verts.png","keywords":["Coupe de la Ligue","Football","Rennes","Saint-Etienne"],"articleSection":["Football","Histoire"],"inLanguage":"fr-FR","potentialAction":[{"@type":"CommentAction","name":"Comment","target":["https:\/\/dicodusport.fr\/blog\/20-avril-2013-32-ans-dattente-pour-les-verts\/#respond"]}],"copyrightYear":"2021","copyrightHolder":{"@id":"https:\/\/dicodusport.fr\/blog\/#organization"}},{"@type":"WebPage","@id":"https:\/\/dicodusport.fr\/blog\/20-avril-2013-32-ans-dattente-pour-les-verts\/","url":"https:\/\/dicodusport.fr\/blog\/20-avril-2013-32-ans-dattente-pour-les-verts\/","name":"20 avril 2013 : 32 ans d\u2019attente pour les Verts","isPartOf":{"@id":"https:\/\/dicodusport.fr\/blog\/#website"},"primaryImageOfPage":{"@id":"https:\/\/dicodusport.fr\/blog\/20-avril-2013-32-ans-dattente-pour-les-verts\/#primaryimage"},"image":{"@id":"https:\/\/dicodusport.fr\/blog\/20-avril-2013-32-ans-dattente-pour-les-verts\/#primaryimage"},"thumbnailUrl":"https:\/\/dicodusport.fr\/blog\/wp-content\/uploads\/2021\/04\/20-avril-2013-32-ans-dattente-pour-les-Verts.png","datePublished":"2021-04-20T06:00:36+00:00","dateModified":"2021-04-20T13:12:51+00:00","description":"Le 20 avril 2013, apr\u00e8s plus de trente ans d'attente, les Verts d\u00e9crochent enfin un titre national. Retour sur la finale contre Rennes.","breadcrumb":{"@id":"https:\/\/dicodusport.fr\/blog\/20-avril-2013-32-ans-dattente-pour-les-verts\/#breadcrumb"},"inLanguage":"fr-FR","potentialAction":[{"@type":"ReadAction","target":["https:\/\/dicodusport.fr\/blog\/20-avril-2013-32-ans-dattente-pour-les-verts\/"]}]},{"@type":"ImageObject","inLanguage":"fr-FR","@id":"https:\/\/dicodusport.fr\/blog\/20-avril-2013-32-ans-dattente-pour-les-verts\/#primaryimage","url":"https:\/\/dicodusport.fr\/blog\/wp-content\/uploads\/2021\/04\/20-avril-2013-32-ans-dattente-pour-les-Verts.png","contentUrl":"https:\/\/dicodusport.fr\/blog\/wp-content\/uploads\/2021\/04\/20-avril-2013-32-ans-dattente-pour-les-Verts.png","width":800,"height":445,"caption":"20 avril 2013 - 32 ans d\u2019attente pour les Verts"},{"@type":"BreadcrumbList","@id":"https:\/\/dicodusport.fr\/blog\/20-avril-2013-32-ans-dattente-pour-les-verts\/#breadcrumb","itemListElement":[{"@type":"ListItem","position":1,"name":"Accueil","item":"https:\/\/dicodusport.fr\/blog\/"},{"@type":"ListItem","position":2,"name":"20 avril 2013 : 32 ans d\u2019attente pour les Verts"}]},{"@type":"WebSite","@id":"https:\/\/dicodusport.fr\/blog\/#website","url":"https:\/\/dicodusport.fr\/blog\/","name":"Dicodusport","description":"L&#039;encyclop\u00e9die de l&#039;actualit\u00e9 sportive","publisher":{"@id":"https:\/\/dicodusport.fr\/blog\/#organization"},"potentialAction":[{"@type":"SearchAction","target":{"@type":"EntryPoint","urlTemplate":"https:\/\/dicodusport.fr\/blog\/?s={search_term_string}"},"query-input":{"@type":"PropertyValueSpecification","valueRequired":true,"valueName":"search_term_string"}}],"inLanguage":"fr-FR"},{"@type":"NewsMediaOrganization","@id":"https:\/\/dicodusport.fr\/blog\/#organization","name":"Dicodusport","url":"https:\/\/dicodusport.fr\/blog\/","logo":{"@type":"ImageObject","inLanguage":"fr-FR","@id":"https:\/\/dicodusport.fr\/blog\/#\/schema\/logo\/image\/","url":"https:\/\/dicodusport.fr\/blog\/wp-content\/uploads\/2020\/06\/cropped-LOGO-DICODUSPORT-2020-SANS-FOND-SANS-TEXTE.png","contentUrl":"https:\/\/dicodusport.fr\/blog\/wp-content\/uploads\/2020\/06\/cropped-LOGO-DICODUSPORT-2020-SANS-FOND-SANS-TEXTE.png","width":512,"height":512,"caption":"Dicodusport"},"image":{"@id":"https:\/\/dicodusport.fr\/blog\/#\/schema\/logo\/image\/"},"sameAs":["https:\/\/www.facebook.com\/dicodusport","https:\/\/x.com\/dicodusport","https:\/\/www.instagram.com\/dicodusport\/","https:\/\/www.youtube.com\/channel\/UC7V2KZ5sd3htJivAbA4ZG3w"],"description":"Dicodusport est l'encyclop\u00e9die de l'actualit\u00e9 sportive.","email":"bonjour@dicodusport.fr","legalName":"DICODUSPORT","foundingDate":"2018-01-14","vatID":"FR71834470973","taxID":"83447097300043","numberOfEmployees":{"@type":"QuantitativeValue","minValue":"1","maxValue":"10"}},{"@type":"Person","@id":"https:\/\/dicodusport.fr\/blog\/#\/schema\/person\/416c975648aca9da8839bdfe333a21c9","name":"Sophie Clapier","image":{"@type":"ImageObject","inLanguage":"fr-FR","@id":"https:\/\/dicodusport.fr\/blog\/#\/schema\/person\/image\/","url":"https:\/\/dicodusport.fr\/blog\/wp-content\/uploads\/2021\/05\/Sophie-Clapier-150x150.jpg","contentUrl":"https:\/\/dicodusport.fr\/blog\/wp-content\/uploads\/2021\/05\/Sophie-Clapier-150x150.jpg","caption":"Sophie Clapier"},"description":"Journaliste\/r\u00e9dactrice depuis janvier 2016 - Passionn\u00e9e de sport depuis toujours, j\u2019en ai pratiqu\u00e9 quelques-uns. Judo, football, handball ou encore tennis, je n\u2019ai jamais pu me mettre d\u2019accord sur un en particulier. Mais \u00e7a, c\u2019\u00e9tait avant de d\u00e9couvrir le basket, devenu mon sport de pr\u00e9dilection. Les actions NBA, le All-Star Week-end, la fureur des Game 7 pendant les playoffs ou mieux, lors des Finals, this is why we play. Team Spurs T.P, je m\u2019accroche encore \u00e0 Gregg Popovich (don\u2019t leave !). Team chef Curry, je souhaite qu\u2019il finisse aux Warriors (staaaay !). Non, il n\u2019y a pas qu\u2019eux, des petits nouveaux -et des petites nouvelles \u00e9videmment- arrivent chaque jour dans toutes les disciplines et cr\u00e9ent de nouveaux exploits. Alors pour les grands \u00e9v\u00e9nements et comp\u00e9titions internationales, vive les pulsations 240\/minutes et le d\u00e9fibrillateur pas loin, et allez les Bleu(e)s ! C\u2019est s\u00fbr, j\u2019aurai plus vu ma vie sur un terrain de sport, mais \u00e0 d\u00e9faut d\u2019en faire en haut niveau, je le partage avec vous.","sameAs":["https:\/\/www.facebook.com\/soocube","https:\/\/x.com\/https:\/\/twitter.com\/soocube","admin"],"url":"https:\/\/dicodusport.fr\/blog\/author\/sophie\/"}]}},"_links":{"self":[{"href":"https:\/\/dicodusport.fr\/blog\/wp-json\/wp\/v2\/posts\/123035","targetHints":{"allow":["GET"]}}],"collection":[{"href":"https:\/\/dicodusport.fr\/blog\/wp-json\/wp\/v2\/posts"}],"about":[{"href":"https:\/\/dicodusport.fr\/blog\/wp-json\/wp\/v2\/types\/post"}],"author":[{"embeddable":true,"href":"https:\/\/dicodusport.fr\/blog\/wp-json\/wp\/v2\/users\/18"}],"replies":[{"embeddable":true,"href":"https:\/\/dicodusport.fr\/blog\/wp-json\/wp\/v2\/comments?post=123035"}],"version-history":[{"count":0,"href":"https:\/\/dicodusport.fr\/blog\/wp-json\/wp\/v2\/posts\/123035\/revisions"}],"wp:featuredmedia":[{"embeddable":true,"href":"https:\/\/dicodusport.fr\/blog\/wp-json\/wp\/v2\/media\/123061"}],"wp:attachment":[{"href":"https:\/\/dicodusport.fr\/blog\/wp-json\/wp\/v2\/media?parent=123035"}],"wp:term":[{"taxonomy":"category","embeddable":true,"href":"https:\/\/dicodusport.fr\/blog\/wp-json\/wp\/v2\/categories?post=123035"},{"taxonomy":"post_tag","embeddable":true,"href":"https:\/\/dicodusport.fr\/blog\/wp-json\/wp\/v2\/tags?post=123035"}],"curies":[{"name":"wp","href":"https:\/\/api.w.org\/{rel}","templated":true}]}}