{"id":123162,"date":"2021-04-20T15:10:47","date_gmt":"2021-04-20T13:10:47","guid":{"rendered":"https:\/\/dicodusport.fr\/blog\/?p=123162"},"modified":"2021-04-20T15:33:17","modified_gmt":"2021-04-20T13:33:17","slug":"atp-barcelone-moutet-qualifie-gasquet-a-la-trappe","status":"publish","type":"post","link":"https:\/\/dicodusport.fr\/blog\/atp-barcelone-moutet-qualifie-gasquet-a-la-trappe\/","title":{"rendered":"ATP Barcelone : Moutet qualifi\u00e9, Gasquet \u00e0 la trappe"},"content":{"rendered":"<p style=\"text-align: justify;\"><em><b>ATP BARCELONE &#8211; En lice lors de ce 1er tour du tournoi ATP de Barcelone, Corentin Moutet et Richard Gasquet ont connu des fortunes diverses aujourd&rsquo;hui. Dans l&rsquo;apr\u00e8s-midi, J\u00e9r\u00e9my Chardy et Pierre-Hugues Herbert tenteront de rallier les 8e de finale.<\/b><\/em><\/p>\n<p class=\"ArticleHeroBlack__teaser--olympics mb-5 sm:mb-8 lg:mb-5 text-br-2-90 olympics:text-br-2-20 caption-s5-fx sm:text-16 sm:leading-19 lg:text-18 lg:leading-22 lg:w-3\/4\" style=\"text-align: justify;\">Il \u00e9tait le premier des Tricolores engag\u00e9s ce jour \u00e0 entrer sur le court. Et il n&rsquo;a pas d\u00e9\u00e7u. <strong>Corentin Moutet<\/strong> a r\u00e9ussi son entr\u00e9e en lice mardi dans l&rsquo;ATP 500 catalan. Le Fran\u00e7ais s&rsquo;est impos\u00e9 face \u00e0 l&rsquo;Allemand<strong> Dominik Koepfer<\/strong> en deux sets (7-5, 6-2). Face au 54\u00e8me joueur mondial, <strong>Corentin Moutet<\/strong> s&rsquo;est remis en ordre de marche apr\u00e8s son \u00e9chec au 1er tour \u00e0 <strong>Monte-Carlo<\/strong>. Dans de duel de gauchers, le Tricolore a su courber l&rsquo;\u00e9chine avant de d\u00e9rouler son tennis. Break\u00e9 dans la premi\u00e8re manche, il a r\u00e9ussi \u00e0 refaire son retard pour ensuite prendre le dessus sur un adversaire quart de finaliste au dernier tournoi de <strong>Rome<\/strong>. Au prochain tour, le 75\u00e8me mondial sera oppos\u00e9 \u00e0 la sensation du dernier tournoi de <strong>Monte-Carlo<\/strong>. Il s&rsquo;agit du Britannique <strong>Daniel Evans<\/strong> qui avait atteint le dernier carr\u00e9 du tournoi mon\u00e9gasque la semaine pass\u00e9e.<\/p>\n<h2 style=\"text-align: justify;\">Richard Gasquet ne s&rsquo;en sort pas<\/h2>\n<p style=\"text-align: justify;\">Oppos\u00e9 \u00e0 l&rsquo;Australien <strong>Jordan Thompson<\/strong> qui occupe le 59\u00e8me rang mondial, <strong>Richard Gasquet<\/strong> ne sera quant \u00e0 lui pas pr\u00e9sent au second tour. Le Biterrois, retomb\u00e9 au 52\u00e8me rang mondial, conna\u00eet un d\u00e9but de saison des plus compliqu\u00e9s. Lui qui n&rsquo;avait plus particip\u00e9 \u00e0 un tournoi depuis le 16 mars et son \u00e9limination \u00e0 <strong>Dubai<\/strong> au second tour, n&rsquo;aura donc fait qu&rsquo;une petite apparition en Espagne. Apr\u00e8s un duel \u00e2pre et la perte du 1er set (6-7), le Fran\u00e7ais allait se reprendre dans la seconde. Une manche remport\u00e9e sur le score de 6-4 qui l&#8217;emmenait donc vers un 3\u00e8me set d\u00e9cisif.<\/p>\n<p style=\"text-align: justify;\">R\u00e9pondant coup pour coup et restant dans son match malgr\u00e9 la perte de la seconde manche, l&rsquo;Australien allait une nouvelle fois prendre le dessus sur <strong>Gasquet<\/strong> lors du jeu d\u00e9cisif. Un tie-break qui sonnait la fin du tournoi pour <strong>Gasquet<\/strong>. Une d\u00e9faite en 3 sets donc sur le score de (6-7, 6-4, 6-7). Les autres Fran\u00e7ais en lice ce jour tenteront quant \u00e0 eux de rejoindre les 8\u00e8mes de finale. Il s&rsquo;agit de <strong>J\u00e9r\u00e9my Chardy<\/strong> face \u00e0<strong> Denis Shapovalov<\/strong> et de <strong>Pierre-Hugues Herbert<\/strong> face \u00e0<strong> David Goffin.<\/strong><\/p>\n<blockquote class=\"twitter-tweet\">\n<p dir=\"ltr\" lang=\"fr\">&#x1f6a8;&#x1f6a8;&#x1f6a8;<\/p>\n<p>Port\u00e9e disparue, la &#x1f63a; de Beno\u00eet Paire a trouv\u00e9 refuge chez Richard Gasquet <a href=\"https:\/\/twitter.com\/hashtag\/HomeOfTennis?src=hash&amp;ref_src=twsrc%5Etfw\">#HomeOfTennis<\/a> <a href=\"https:\/\/t.co\/ynBRyGeNc5\">pic.twitter.com\/ynBRyGeNc5<\/a><\/p>\n<p>\u2014 Eurosport France (@Eurosport_FR) <a href=\"https:\/\/twitter.com\/Eurosport_FR\/status\/1384475814578638850?ref_src=twsrc%5Etfw\">April 20, 2021<\/a><\/p><\/blockquote>\n<p><script async src=\"https:\/\/platform.twitter.com\/widgets.js\" charset=\"utf-8\"><\/script><\/p>\n","protected":false},"excerpt":{"rendered":"<p>ATP BARCELONE &#8211; En lice lors de ce 1er tour du tournoi ATP de Barcelone, Corentin Moutet et Richard Gasquet ont connu des fortunes diverses aujourd&rsquo;hui. Dans l&rsquo;apr\u00e8s-midi, J\u00e9r\u00e9my Chardy et Pierre-Hugues Herbert tenteront de rallier les 8e de finale.<\/p>\n","protected":false},"author":37,"featured_media":123209,"comment_status":"open","ping_status":"closed","sticky":false,"template":"","format":"standard","meta":{"_acf_changed":false,"_daextam_enable_autolinks":"","footnotes":""},"categories":[2302],"tags":[4587,2370,2542,136],"class_list":["post-123162","post","type-post","status-publish","format-standard","has-post-thumbnail","hentry","category-tennis","tag-atp-barcelone","tag-corentin-moutet","tag-richard-gasquet","tag-tennis"],"acf":[],"yoast_head":"<!-- This site is optimized with the Yoast SEO Premium plugin v26.7 (Yoast SEO v26.7) - https:\/\/yoast.com\/wordpress\/plugins\/seo\/ -->\n<title>ATP Barcelone : Moutet qualifi\u00e9, Gasquet \u00e0 la trappe<\/title>\n<meta name=\"description\" content=\"ATP BARCELONE - En lice lors de ce 1er tour du tournoi ATP de Barcelone, Corentin Moutet et Richard Gasquet ont connu des fortunes diverses aujourd&#039;hui. Dans l&#039;apr\u00e8s-midi, J\u00e9r\u00e9my Chardy et Pierre-Hugues Herbert tenteront de rallier les 8e de finale.\" \/>\n<meta name=\"robots\" content=\"index, follow, max-snippet:-1, max-image-preview:large, max-video-preview:-1\" \/>\n<link rel=\"canonical\" href=\"https:\/\/dicodusport.fr\/blog\/atp-barcelone-moutet-qualifie-gasquet-a-la-trappe\/\" \/>\n<meta property=\"og:locale\" content=\"fr_FR\" \/>\n<meta property=\"og:type\" content=\"article\" \/>\n<meta property=\"og:title\" content=\"ATP Barcelone : Moutet qualifi\u00e9, Gasquet \u00e0 la trappe\" \/>\n<meta property=\"og:description\" content=\"ATP BARCELONE - En lice lors de ce 1er tour du tournoi ATP de Barcelone, Corentin Moutet et Richard Gasquet ont connu des fortunes diverses aujourd&#039;hui. Dans l&#039;apr\u00e8s-midi, J\u00e9r\u00e9my Chardy et Pierre-Hugues Herbert tenteront de rallier les 8e de finale.\" \/>\n<meta property=\"og:url\" content=\"https:\/\/dicodusport.fr\/blog\/atp-barcelone-moutet-qualifie-gasquet-a-la-trappe\/\" \/>\n<meta property=\"og:site_name\" content=\"Dicodusport\" \/>\n<meta property=\"article:publisher\" content=\"https:\/\/www.facebook.com\/dicodusport\" \/>\n<meta property=\"article:author\" content=\"https:\/\/www.facebook.com\/julien.correia.52\" \/>\n<meta property=\"article:published_time\" content=\"2021-04-20T13:10:47+00:00\" \/>\n<meta property=\"article:modified_time\" content=\"2021-04-20T13:33:17+00:00\" \/>\n<meta property=\"og:image\" content=\"https:\/\/dicodusport.fr\/blog\/wp-content\/uploads\/2021\/04\/ATP-Barcelone-Moutet-qualifie-Gasquet-a-la-trappe.png\" \/>\n\t<meta property=\"og:image:width\" content=\"800\" \/>\n\t<meta property=\"og:image:height\" content=\"445\" \/>\n\t<meta property=\"og:image:type\" content=\"image\/png\" \/>\n<meta name=\"author\" content=\"Julien Correia\" \/>\n<meta name=\"twitter:card\" content=\"summary_large_image\" \/>\n<meta name=\"twitter:title\" content=\"ATP Barcelone : Moutet qualifi\u00e9, Gasquet \u00e0 la trappe\" \/>\n<meta name=\"twitter:creator\" content=\"@https:\/\/twitter.com\/julienco_psg70\" \/>\n<meta name=\"twitter:site\" content=\"@dicodusport\" \/>\n<script type=\"application\/ld+json\" class=\"yoast-schema-graph\">{\"@context\":\"https:\/\/schema.org\",\"@graph\":[{\"@type\":\"NewsArticle\",\"@id\":\"https:\/\/dicodusport.fr\/blog\/atp-barcelone-moutet-qualifie-gasquet-a-la-trappe\/#article\",\"isPartOf\":{\"@id\":\"https:\/\/dicodusport.fr\/blog\/atp-barcelone-moutet-qualifie-gasquet-a-la-trappe\/\"},\"author\":{\"name\":\"Julien Correia\",\"@id\":\"https:\/\/dicodusport.fr\/blog\/#\/schema\/person\/0f73d157e4670e108e23009fa82f2239\"},\"headline\":\"ATP Barcelone : Moutet qualifi\u00e9, Gasquet \u00e0 la trappe\",\"datePublished\":\"2021-04-20T13:10:47+00:00\",\"dateModified\":\"2021-04-20T13:33:17+00:00\",\"mainEntityOfPage\":{\"@id\":\"https:\/\/dicodusport.fr\/blog\/atp-barcelone-moutet-qualifie-gasquet-a-la-trappe\/\"},\"wordCount\":452,\"commentCount\":0,\"publisher\":{\"@id\":\"https:\/\/dicodusport.fr\/blog\/#organization\"},\"image\":{\"@id\":\"https:\/\/dicodusport.fr\/blog\/atp-barcelone-moutet-qualifie-gasquet-a-la-trappe\/#primaryimage\"},\"thumbnailUrl\":\"https:\/\/dicodusport.fr\/blog\/wp-content\/uploads\/2021\/04\/ATP-Barcelone-Moutet-qualifie-Gasquet-a-la-trappe.png\",\"keywords\":[\"ATP Barcelone\",\"Corentin Moutet\",\"Richard Gasquet\",\"Tennis\"],\"articleSection\":[\"Tennis\"],\"inLanguage\":\"fr-FR\",\"potentialAction\":[{\"@type\":\"CommentAction\",\"name\":\"Comment\",\"target\":[\"https:\/\/dicodusport.fr\/blog\/atp-barcelone-moutet-qualifie-gasquet-a-la-trappe\/#respond\"]}],\"copyrightYear\":\"2021\",\"copyrightHolder\":{\"@id\":\"https:\/\/dicodusport.fr\/blog\/#organization\"}},{\"@type\":\"WebPage\",\"@id\":\"https:\/\/dicodusport.fr\/blog\/atp-barcelone-moutet-qualifie-gasquet-a-la-trappe\/\",\"url\":\"https:\/\/dicodusport.fr\/blog\/atp-barcelone-moutet-qualifie-gasquet-a-la-trappe\/\",\"name\":\"ATP Barcelone : Moutet qualifi\u00e9, Gasquet \u00e0 la trappe\",\"isPartOf\":{\"@id\":\"https:\/\/dicodusport.fr\/blog\/#website\"},\"primaryImageOfPage\":{\"@id\":\"https:\/\/dicodusport.fr\/blog\/atp-barcelone-moutet-qualifie-gasquet-a-la-trappe\/#primaryimage\"},\"image\":{\"@id\":\"https:\/\/dicodusport.fr\/blog\/atp-barcelone-moutet-qualifie-gasquet-a-la-trappe\/#primaryimage\"},\"thumbnailUrl\":\"https:\/\/dicodusport.fr\/blog\/wp-content\/uploads\/2021\/04\/ATP-Barcelone-Moutet-qualifie-Gasquet-a-la-trappe.png\",\"datePublished\":\"2021-04-20T13:10:47+00:00\",\"dateModified\":\"2021-04-20T13:33:17+00:00\",\"description\":\"ATP BARCELONE - En lice lors de ce 1er tour du tournoi ATP de Barcelone, Corentin Moutet et Richard Gasquet ont connu des fortunes diverses aujourd'hui. Dans l'apr\u00e8s-midi, J\u00e9r\u00e9my Chardy et Pierre-Hugues Herbert tenteront de rallier les 8e de finale.\",\"breadcrumb\":{\"@id\":\"https:\/\/dicodusport.fr\/blog\/atp-barcelone-moutet-qualifie-gasquet-a-la-trappe\/#breadcrumb\"},\"inLanguage\":\"fr-FR\",\"potentialAction\":[{\"@type\":\"ReadAction\",\"target\":[\"https:\/\/dicodusport.fr\/blog\/atp-barcelone-moutet-qualifie-gasquet-a-la-trappe\/\"]}]},{\"@type\":\"ImageObject\",\"inLanguage\":\"fr-FR\",\"@id\":\"https:\/\/dicodusport.fr\/blog\/atp-barcelone-moutet-qualifie-gasquet-a-la-trappe\/#primaryimage\",\"url\":\"https:\/\/dicodusport.fr\/blog\/wp-content\/uploads\/2021\/04\/ATP-Barcelone-Moutet-qualifie-Gasquet-a-la-trappe.png\",\"contentUrl\":\"https:\/\/dicodusport.fr\/blog\/wp-content\/uploads\/2021\/04\/ATP-Barcelone-Moutet-qualifie-Gasquet-a-la-trappe.png\",\"width\":800,\"height\":445,\"caption\":\"ATP Barcelone - Moutet qualifi\u00e9, Gasquet \u00e0 la trappe\"},{\"@type\":\"BreadcrumbList\",\"@id\":\"https:\/\/dicodusport.fr\/blog\/atp-barcelone-moutet-qualifie-gasquet-a-la-trappe\/#breadcrumb\",\"itemListElement\":[{\"@type\":\"ListItem\",\"position\":1,\"name\":\"Accueil\",\"item\":\"https:\/\/dicodusport.fr\/blog\/\"},{\"@type\":\"ListItem\",\"position\":2,\"name\":\"ATP Barcelone : Moutet qualifi\u00e9, Gasquet \u00e0 la trappe\"}]},{\"@type\":\"WebSite\",\"@id\":\"https:\/\/dicodusport.fr\/blog\/#website\",\"url\":\"https:\/\/dicodusport.fr\/blog\/\",\"name\":\"Dicodusport\",\"description\":\"L&#039;encyclop\u00e9die de l&#039;actualit\u00e9 sportive\",\"publisher\":{\"@id\":\"https:\/\/dicodusport.fr\/blog\/#organization\"},\"potentialAction\":[{\"@type\":\"SearchAction\",\"target\":{\"@type\":\"EntryPoint\",\"urlTemplate\":\"https:\/\/dicodusport.fr\/blog\/?s={search_term_string}\"},\"query-input\":{\"@type\":\"PropertyValueSpecification\",\"valueRequired\":true,\"valueName\":\"search_term_string\"}}],\"inLanguage\":\"fr-FR\"},{\"@type\":\"NewsMediaOrganization\",\"@id\":\"https:\/\/dicodusport.fr\/blog\/#organization\",\"name\":\"Dicodusport\",\"url\":\"https:\/\/dicodusport.fr\/blog\/\",\"logo\":{\"@type\":\"ImageObject\",\"inLanguage\":\"fr-FR\",\"@id\":\"https:\/\/dicodusport.fr\/blog\/#\/schema\/logo\/image\/\",\"url\":\"https:\/\/dicodusport.fr\/blog\/wp-content\/uploads\/2020\/06\/cropped-LOGO-DICODUSPORT-2020-SANS-FOND-SANS-TEXTE.png\",\"contentUrl\":\"https:\/\/dicodusport.fr\/blog\/wp-content\/uploads\/2020\/06\/cropped-LOGO-DICODUSPORT-2020-SANS-FOND-SANS-TEXTE.png\",\"width\":512,\"height\":512,\"caption\":\"Dicodusport\"},\"image\":{\"@id\":\"https:\/\/dicodusport.fr\/blog\/#\/schema\/logo\/image\/\"},\"sameAs\":[\"https:\/\/www.facebook.com\/dicodusport\",\"https:\/\/x.com\/dicodusport\",\"https:\/\/www.instagram.com\/dicodusport\/\",\"https:\/\/www.youtube.com\/channel\/UC7V2KZ5sd3htJivAbA4ZG3w\"],\"description\":\"Dicodusport est l'encyclop\u00e9die de l'actualit\u00e9 sportive.\",\"email\":\"bonjour@dicodusport.fr\",\"legalName\":\"DICODUSPORT\",\"foundingDate\":\"2018-01-14\",\"vatID\":\"FR71834470973\",\"taxID\":\"83447097300043\",\"numberOfEmployees\":{\"@type\":\"QuantitativeValue\",\"minValue\":\"1\",\"maxValue\":\"10\"}},{\"@type\":\"Person\",\"@id\":\"https:\/\/dicodusport.fr\/blog\/#\/schema\/person\/0f73d157e4670e108e23009fa82f2239\",\"name\":\"Julien Correia\",\"image\":{\"@type\":\"ImageObject\",\"inLanguage\":\"fr-FR\",\"@id\":\"https:\/\/dicodusport.fr\/blog\/#\/schema\/person\/image\/\",\"url\":\"https:\/\/dicodusport.fr\/blog\/wp-content\/uploads\/2021\/05\/Julien-Correia-150x150.jpg\",\"contentUrl\":\"https:\/\/dicodusport.fr\/blog\/wp-content\/uploads\/2021\/05\/Julien-Correia-150x150.jpg\",\"caption\":\"Julien Correia\"},\"description\":\"Journaliste\/r\u00e9dacteur depuis janvier 2019 - Tomb\u00e9 dans le monde du ballon rond \u00e9tant petit, j\u2019aurais pu devenir pro sans ces foutus ligaments crois\u00e9s. D\u00e9filant sur les champs (mais pas Elys\u00e9es) en 98, j\u2019ai \u00e9t\u00e9 berc\u00e9 par les exploits de Mister George, piqu\u00e9 par la technique du Snake, grandi avec Captain Rai et Ronnie, m\u00fbri avec Pauleta et Edi. Mais Ibracadabra, je suis d\u00e9sormais reconverti en runner\/traileur. Moins rapide que Bolt et moins endurant que Jornet, c\u2019est donc plume \u00e0 la main que je partage les exploits de ces athl\u00e8tes !\",\"sameAs\":[\"https:\/\/www.facebook.com\/julien.correia.52\",\"https:\/\/x.com\/https:\/\/twitter.com\/julienco_psg70\"],\"url\":\"https:\/\/dicodusport.fr\/blog\/author\/julien-c\/\"}]}<\/script>\n<!-- \/ Yoast SEO Premium plugin. -->","yoast_head_json":{"title":"ATP Barcelone : Moutet qualifi\u00e9, Gasquet \u00e0 la trappe","description":"ATP BARCELONE - En lice lors de ce 1er tour du tournoi ATP de Barcelone, Corentin Moutet et Richard Gasquet ont connu des fortunes diverses aujourd'hui. Dans l'apr\u00e8s-midi, J\u00e9r\u00e9my Chardy et Pierre-Hugues Herbert tenteront de rallier les 8e de finale.","robots":{"index":"index","follow":"follow","max-snippet":"max-snippet:-1","max-image-preview":"max-image-preview:large","max-video-preview":"max-video-preview:-1"},"canonical":"https:\/\/dicodusport.fr\/blog\/atp-barcelone-moutet-qualifie-gasquet-a-la-trappe\/","og_locale":"fr_FR","og_type":"article","og_title":"ATP Barcelone : Moutet qualifi\u00e9, Gasquet \u00e0 la trappe","og_description":"ATP BARCELONE - En lice lors de ce 1er tour du tournoi ATP de Barcelone, Corentin Moutet et Richard Gasquet ont connu des fortunes diverses aujourd'hui. Dans l'apr\u00e8s-midi, J\u00e9r\u00e9my Chardy et Pierre-Hugues Herbert tenteront de rallier les 8e de finale.","og_url":"https:\/\/dicodusport.fr\/blog\/atp-barcelone-moutet-qualifie-gasquet-a-la-trappe\/","og_site_name":"Dicodusport","article_publisher":"https:\/\/www.facebook.com\/dicodusport","article_author":"https:\/\/www.facebook.com\/julien.correia.52","article_published_time":"2021-04-20T13:10:47+00:00","article_modified_time":"2021-04-20T13:33:17+00:00","og_image":[{"width":800,"height":445,"url":"https:\/\/dicodusport.fr\/blog\/wp-content\/uploads\/2021\/04\/ATP-Barcelone-Moutet-qualifie-Gasquet-a-la-trappe.png","type":"image\/png"}],"author":"Julien Correia","twitter_card":"summary_large_image","twitter_title":"ATP Barcelone : Moutet qualifi\u00e9, Gasquet \u00e0 la trappe","twitter_creator":"@https:\/\/twitter.com\/julienco_psg70","twitter_site":"@dicodusport","schema":{"@context":"https:\/\/schema.org","@graph":[{"@type":"NewsArticle","@id":"https:\/\/dicodusport.fr\/blog\/atp-barcelone-moutet-qualifie-gasquet-a-la-trappe\/#article","isPartOf":{"@id":"https:\/\/dicodusport.fr\/blog\/atp-barcelone-moutet-qualifie-gasquet-a-la-trappe\/"},"author":{"name":"Julien Correia","@id":"https:\/\/dicodusport.fr\/blog\/#\/schema\/person\/0f73d157e4670e108e23009fa82f2239"},"headline":"ATP Barcelone : Moutet qualifi\u00e9, Gasquet \u00e0 la trappe","datePublished":"2021-04-20T13:10:47+00:00","dateModified":"2021-04-20T13:33:17+00:00","mainEntityOfPage":{"@id":"https:\/\/dicodusport.fr\/blog\/atp-barcelone-moutet-qualifie-gasquet-a-la-trappe\/"},"wordCount":452,"commentCount":0,"publisher":{"@id":"https:\/\/dicodusport.fr\/blog\/#organization"},"image":{"@id":"https:\/\/dicodusport.fr\/blog\/atp-barcelone-moutet-qualifie-gasquet-a-la-trappe\/#primaryimage"},"thumbnailUrl":"https:\/\/dicodusport.fr\/blog\/wp-content\/uploads\/2021\/04\/ATP-Barcelone-Moutet-qualifie-Gasquet-a-la-trappe.png","keywords":["ATP Barcelone","Corentin Moutet","Richard Gasquet","Tennis"],"articleSection":["Tennis"],"inLanguage":"fr-FR","potentialAction":[{"@type":"CommentAction","name":"Comment","target":["https:\/\/dicodusport.fr\/blog\/atp-barcelone-moutet-qualifie-gasquet-a-la-trappe\/#respond"]}],"copyrightYear":"2021","copyrightHolder":{"@id":"https:\/\/dicodusport.fr\/blog\/#organization"}},{"@type":"WebPage","@id":"https:\/\/dicodusport.fr\/blog\/atp-barcelone-moutet-qualifie-gasquet-a-la-trappe\/","url":"https:\/\/dicodusport.fr\/blog\/atp-barcelone-moutet-qualifie-gasquet-a-la-trappe\/","name":"ATP Barcelone : Moutet qualifi\u00e9, Gasquet \u00e0 la trappe","isPartOf":{"@id":"https:\/\/dicodusport.fr\/blog\/#website"},"primaryImageOfPage":{"@id":"https:\/\/dicodusport.fr\/blog\/atp-barcelone-moutet-qualifie-gasquet-a-la-trappe\/#primaryimage"},"image":{"@id":"https:\/\/dicodusport.fr\/blog\/atp-barcelone-moutet-qualifie-gasquet-a-la-trappe\/#primaryimage"},"thumbnailUrl":"https:\/\/dicodusport.fr\/blog\/wp-content\/uploads\/2021\/04\/ATP-Barcelone-Moutet-qualifie-Gasquet-a-la-trappe.png","datePublished":"2021-04-20T13:10:47+00:00","dateModified":"2021-04-20T13:33:17+00:00","description":"ATP BARCELONE - En lice lors de ce 1er tour du tournoi ATP de Barcelone, Corentin Moutet et Richard Gasquet ont connu des fortunes diverses aujourd'hui. Dans l'apr\u00e8s-midi, J\u00e9r\u00e9my Chardy et Pierre-Hugues Herbert tenteront de rallier les 8e de finale.","breadcrumb":{"@id":"https:\/\/dicodusport.fr\/blog\/atp-barcelone-moutet-qualifie-gasquet-a-la-trappe\/#breadcrumb"},"inLanguage":"fr-FR","potentialAction":[{"@type":"ReadAction","target":["https:\/\/dicodusport.fr\/blog\/atp-barcelone-moutet-qualifie-gasquet-a-la-trappe\/"]}]},{"@type":"ImageObject","inLanguage":"fr-FR","@id":"https:\/\/dicodusport.fr\/blog\/atp-barcelone-moutet-qualifie-gasquet-a-la-trappe\/#primaryimage","url":"https:\/\/dicodusport.fr\/blog\/wp-content\/uploads\/2021\/04\/ATP-Barcelone-Moutet-qualifie-Gasquet-a-la-trappe.png","contentUrl":"https:\/\/dicodusport.fr\/blog\/wp-content\/uploads\/2021\/04\/ATP-Barcelone-Moutet-qualifie-Gasquet-a-la-trappe.png","width":800,"height":445,"caption":"ATP Barcelone - Moutet qualifi\u00e9, Gasquet \u00e0 la trappe"},{"@type":"BreadcrumbList","@id":"https:\/\/dicodusport.fr\/blog\/atp-barcelone-moutet-qualifie-gasquet-a-la-trappe\/#breadcrumb","itemListElement":[{"@type":"ListItem","position":1,"name":"Accueil","item":"https:\/\/dicodusport.fr\/blog\/"},{"@type":"ListItem","position":2,"name":"ATP Barcelone : Moutet qualifi\u00e9, Gasquet \u00e0 la trappe"}]},{"@type":"WebSite","@id":"https:\/\/dicodusport.fr\/blog\/#website","url":"https:\/\/dicodusport.fr\/blog\/","name":"Dicodusport","description":"L&#039;encyclop\u00e9die de l&#039;actualit\u00e9 sportive","publisher":{"@id":"https:\/\/dicodusport.fr\/blog\/#organization"},"potentialAction":[{"@type":"SearchAction","target":{"@type":"EntryPoint","urlTemplate":"https:\/\/dicodusport.fr\/blog\/?s={search_term_string}"},"query-input":{"@type":"PropertyValueSpecification","valueRequired":true,"valueName":"search_term_string"}}],"inLanguage":"fr-FR"},{"@type":"NewsMediaOrganization","@id":"https:\/\/dicodusport.fr\/blog\/#organization","name":"Dicodusport","url":"https:\/\/dicodusport.fr\/blog\/","logo":{"@type":"ImageObject","inLanguage":"fr-FR","@id":"https:\/\/dicodusport.fr\/blog\/#\/schema\/logo\/image\/","url":"https:\/\/dicodusport.fr\/blog\/wp-content\/uploads\/2020\/06\/cropped-LOGO-DICODUSPORT-2020-SANS-FOND-SANS-TEXTE.png","contentUrl":"https:\/\/dicodusport.fr\/blog\/wp-content\/uploads\/2020\/06\/cropped-LOGO-DICODUSPORT-2020-SANS-FOND-SANS-TEXTE.png","width":512,"height":512,"caption":"Dicodusport"},"image":{"@id":"https:\/\/dicodusport.fr\/blog\/#\/schema\/logo\/image\/"},"sameAs":["https:\/\/www.facebook.com\/dicodusport","https:\/\/x.com\/dicodusport","https:\/\/www.instagram.com\/dicodusport\/","https:\/\/www.youtube.com\/channel\/UC7V2KZ5sd3htJivAbA4ZG3w"],"description":"Dicodusport est l'encyclop\u00e9die de l'actualit\u00e9 sportive.","email":"bonjour@dicodusport.fr","legalName":"DICODUSPORT","foundingDate":"2018-01-14","vatID":"FR71834470973","taxID":"83447097300043","numberOfEmployees":{"@type":"QuantitativeValue","minValue":"1","maxValue":"10"}},{"@type":"Person","@id":"https:\/\/dicodusport.fr\/blog\/#\/schema\/person\/0f73d157e4670e108e23009fa82f2239","name":"Julien Correia","image":{"@type":"ImageObject","inLanguage":"fr-FR","@id":"https:\/\/dicodusport.fr\/blog\/#\/schema\/person\/image\/","url":"https:\/\/dicodusport.fr\/blog\/wp-content\/uploads\/2021\/05\/Julien-Correia-150x150.jpg","contentUrl":"https:\/\/dicodusport.fr\/blog\/wp-content\/uploads\/2021\/05\/Julien-Correia-150x150.jpg","caption":"Julien Correia"},"description":"Journaliste\/r\u00e9dacteur depuis janvier 2019 - Tomb\u00e9 dans le monde du ballon rond \u00e9tant petit, j\u2019aurais pu devenir pro sans ces foutus ligaments crois\u00e9s. D\u00e9filant sur les champs (mais pas Elys\u00e9es) en 98, j\u2019ai \u00e9t\u00e9 berc\u00e9 par les exploits de Mister George, piqu\u00e9 par la technique du Snake, grandi avec Captain Rai et Ronnie, m\u00fbri avec Pauleta et Edi. Mais Ibracadabra, je suis d\u00e9sormais reconverti en runner\/traileur. Moins rapide que Bolt et moins endurant que Jornet, c\u2019est donc plume \u00e0 la main que je partage les exploits de ces athl\u00e8tes !","sameAs":["https:\/\/www.facebook.com\/julien.correia.52","https:\/\/x.com\/https:\/\/twitter.com\/julienco_psg70"],"url":"https:\/\/dicodusport.fr\/blog\/author\/julien-c\/"}]}},"_links":{"self":[{"href":"https:\/\/dicodusport.fr\/blog\/wp-json\/wp\/v2\/posts\/123162","targetHints":{"allow":["GET"]}}],"collection":[{"href":"https:\/\/dicodusport.fr\/blog\/wp-json\/wp\/v2\/posts"}],"about":[{"href":"https:\/\/dicodusport.fr\/blog\/wp-json\/wp\/v2\/types\/post"}],"author":[{"embeddable":true,"href":"https:\/\/dicodusport.fr\/blog\/wp-json\/wp\/v2\/users\/37"}],"replies":[{"embeddable":true,"href":"https:\/\/dicodusport.fr\/blog\/wp-json\/wp\/v2\/comments?post=123162"}],"version-history":[{"count":0,"href":"https:\/\/dicodusport.fr\/blog\/wp-json\/wp\/v2\/posts\/123162\/revisions"}],"wp:featuredmedia":[{"embeddable":true,"href":"https:\/\/dicodusport.fr\/blog\/wp-json\/wp\/v2\/media\/123209"}],"wp:attachment":[{"href":"https:\/\/dicodusport.fr\/blog\/wp-json\/wp\/v2\/media?parent=123162"}],"wp:term":[{"taxonomy":"category","embeddable":true,"href":"https:\/\/dicodusport.fr\/blog\/wp-json\/wp\/v2\/categories?post=123162"},{"taxonomy":"post_tag","embeddable":true,"href":"https:\/\/dicodusport.fr\/blog\/wp-json\/wp\/v2\/tags?post=123162"}],"curies":[{"name":"wp","href":"https:\/\/api.w.org\/{rel}","templated":true}]}}