{"id":123289,"date":"2021-04-20T17:59:06","date_gmt":"2021-04-20T15:59:06","guid":{"rendered":"https:\/\/dicodusport.fr\/blog\/?p=123289&#038;preview=true&#038;preview_id=123289"},"modified":"2021-05-11T16:48:25","modified_gmt":"2021-05-11T14:48:25","slug":"la-fleche-wallonne-2021-nos-favoris","status":"publish","type":"post","link":"https:\/\/dicodusport.fr\/blog\/la-fleche-wallonne-2021-nos-favoris\/","title":{"rendered":"La Fl\u00e8che Wallonne 2021 : nos favoris"},"content":{"rendered":"<p style=\"text-align: justify;\"><strong><em>LA FL\u00c8CHE WALLONNE 2021 \u2013 Ce mercredi se d\u00e9roule la 55\u00e8me \u00e9dition de la classique belge, la Fl\u00e8che Wallonne. Nos deux favoris pour la course.<\/em><\/strong><\/p>\n<h2 style=\"text-align: justify;\">Notre favori : Julian Alaphilippe<\/h2>\n<p style=\"text-align: justify;\">Un peu court physiquement sur l&rsquo;Amstel Gold Race, <strong>Julian Alaphilippe<\/strong> devrait monter en puissance et le Mur de Huy lui va comme \u00e0 un gant. S&rsquo;il est bien amen\u00e9 par son \u00e9quipe, il sera dur \u00e0 battre, m\u00eame s&rsquo;il n&rsquo;est pas \u00e0 100%<\/p>\n<table style=\"width: 100%;\">\n<tbody>\n<tr style=\"height: 16px;\">\n<td style=\"border-color: #ffffff; background-color: #404040; text-align: left; width: 750px; vertical-align: middle;\"><span style=\"font-size: 12px; color: #ffffff;\">La Fl\u00e8che Wallonne 2021 &#8211; Mercredi 21 avril<\/span><\/td>\n<td style=\"border-color: #ffffff; background-color: #525252; text-align: center; width: 50px; vertical-align: middle;\"><span style=\"font-size: 12px; color: #ffffff;\">1<\/span><\/td>\n<\/tr>\n<tr style=\"height: 24px;\">\n<td style=\"border-color: #ffffff; background-color: #ffffff; text-align: justify; width: 750px;\"><span style=\"font-size: 14px; color: #000000;\"><strong>Julian Alaphilippe<\/strong><\/span><\/td>\n<td style=\"border-color: #ffffff; background-color: #ffffff; width: 50px;\"><span style=\"font-size: 10px;\"><a href=\"https:\/\/www.winamax.fr\/paris-sportifs\/match\/prelive\/1000011165?banid=33431\" class=\"su-button su-button-style-flat\" style=\"color:#FFFFFF;background-color:#0057ae;border-color:#00468c;border-radius:5px\" target=\"_blank\" rel=\"noopener noreferrer\"><span style=\"color:#FFFFFF;padding:0px 16px;font-size:13px;line-height:26px;border-color:#4d8ac7;border-radius:5px;text-shadow:none\"> 4.90<\/span><\/a><\/span><\/td>\n<\/tr>\n<\/tbody>\n<\/table>\n<hr \/>\n<h2 style=\"text-align: justify;\">Notre coup \u00e0 tenter : Thomas Pidcock<\/h2>\n<p style=\"text-align: justify;\">Battu d&rsquo;un rien sur l&rsquo;Amstel par Wout Van Aert, <strong>Tom Pidcock<\/strong> confirme son excellente forme. Dans le mur final, ses qualit\u00e9s de cyclo-crossman et son jump pourraient faire la diff\u00e9rence, car il a prouv\u00e9 qu&rsquo;il avait en plus une bonne pointe de vitesse.<\/p>\n<table style=\"width: 100%;\">\n<tbody>\n<tr style=\"height: 16px;\">\n<td style=\"border-color: #ffffff; background-color: #404040; text-align: left; width: 750px; vertical-align: middle;\"><span style=\"font-size: 12px; color: #ffffff;\">La Fl\u00e8che Wallonne 2021 &#8211; Mercredi 21 avril<\/span><\/td>\n<td style=\"border-color: #ffffff; background-color: #525252; text-align: center; width: 50px; vertical-align: middle;\"><span style=\"font-size: 12px; color: #ffffff;\">1<\/span><\/td>\n<\/tr>\n<tr style=\"height: 24px;\">\n<td style=\"border-color: #ffffff; background-color: #ffffff; text-align: justify; width: 750px;\"><span style=\"font-size: 14px; color: #000000;\"><strong>Thomas Pidcock<br \/>\n<\/strong><\/span><\/td>\n<td style=\"border-color: #ffffff; background-color: #ffffff; width: 50px;\"><span style=\"font-size: 10px;\"><a href=\"https:\/\/www.winamax.fr\/paris-sportifs\/match\/prelive\/1000011165?banid=33431\" class=\"su-button su-button-style-flat\" style=\"color:#FFFFFF;background-color:#0057ae;border-color:#00468c;border-radius:5px\" target=\"_blank\" rel=\"noopener noreferrer\"><span style=\"color:#FFFFFF;padding:0px 16px;font-size:13px;line-height:26px;border-color:#4d8ac7;border-radius:5px;text-shadow:none\"> 6.00<\/span><\/a><\/span><\/td>\n<\/tr>\n<\/tbody>\n<\/table>\n<h2 style=\"text-align: justify;\">\u00c0 lire aussi<\/h2>\n<ul style=\"text-align: justify;\">\n<li style=\"text-align: justify;\"><a href=\"https:\/\/dicodusport.fr\/blog\/la-fleche-wallonne-2021-parcours-en-detail\/\" target=\"_blank\" rel=\"noopener\"><strong>Le parcours dans le d\u00e9tail<\/strong><\/a><\/li>\n<li style=\"text-align: justify;\"><a href=\"https:\/\/dicodusport.fr\/blog\/la-fleche-wallonne-2021-profil-de-la-course\/\" target=\"_blank\" rel=\"noopener\"><strong>Le profil de la course<\/strong><\/a><\/li>\n<li style=\"text-align: justify;\"><a href=\"https:\/\/dicodusport.fr\/blog\/la-fleche-wallonne-2021-liste-des-engages\/\" target=\"_blank\" rel=\"noopener\"><strong>La liste des engag\u00e9s<\/strong><\/a><\/li>\n<li style=\"text-align: justify;\"><a href=\"https:\/\/dicodusport.fr\/blog\/la-fleche-wallonne-2021-a-quelle-heure-et-sur-quelle-chaine\/\" target=\"_blank\" rel=\"noopener\"><strong>\u00c0 quelle heure et sur quelle cha\u00eene suivre la course ?<\/strong><\/a><\/li>\n<\/ul>\n","protected":false},"excerpt":{"rendered":"<p>LA FL\u00c8CHE WALLONNE 2021 \u2013 Ce mercredi se d\u00e9roule la 55\u00e8me \u00e9dition de la classique belge, la Fl\u00e8che Wallonne. Nos deux favoris pour la course.<\/p>\n","protected":false},"author":1,"featured_media":121500,"comment_status":"open","ping_status":"closed","sticky":false,"template":"","format":"standard","meta":{"_acf_changed":false,"_daextam_enable_autolinks":"","footnotes":""},"categories":[2307],"tags":[7706],"class_list":["post-123289","post","type-post","status-publish","format-standard","has-post-thumbnail","hentry","category-cyclisme","tag-la-fleche-wallonne"],"acf":[],"yoast_head":"<!-- This site is optimized with the Yoast SEO Premium plugin v26.7 (Yoast SEO v26.7) - https:\/\/yoast.com\/wordpress\/plugins\/seo\/ -->\n<title>La Fl\u00e8che Wallonne 2021 : nos favoris<\/title>\n<meta name=\"description\" content=\"LA FL\u00c8CHE WALLONNE 2021 \u2013 Ce mercredi se d\u00e9roule la 55\u00e8me \u00e9dition de la classique belge, la Fl\u00e8che Wallonne. Nos deux favoris pour la course.\" \/>\n<meta name=\"robots\" content=\"index, follow, max-snippet:-1, max-image-preview:large, max-video-preview:-1\" \/>\n<link rel=\"canonical\" href=\"https:\/\/dicodusport.fr\/blog\/la-fleche-wallonne-2021-nos-favoris\/\" \/>\n<meta property=\"og:locale\" content=\"fr_FR\" \/>\n<meta property=\"og:type\" content=\"article\" \/>\n<meta property=\"og:title\" content=\"La Fl\u00e8che Wallonne 2021 : nos favoris\" \/>\n<meta property=\"og:description\" content=\"LA FL\u00c8CHE WALLONNE 2021 \u2013 Ce mercredi se d\u00e9roule la 55\u00e8me \u00e9dition de la classique belge, la Fl\u00e8che Wallonne. Nos deux favoris pour la course.\" \/>\n<meta property=\"og:url\" content=\"https:\/\/dicodusport.fr\/blog\/la-fleche-wallonne-2021-nos-favoris\/\" \/>\n<meta property=\"og:site_name\" content=\"Dicodusport\" \/>\n<meta property=\"article:publisher\" content=\"https:\/\/www.facebook.com\/dicodusport\" \/>\n<meta property=\"article:author\" content=\"https:\/\/www.facebook.com\/dicodusport\" \/>\n<meta property=\"article:published_time\" content=\"2021-04-20T15:59:06+00:00\" \/>\n<meta property=\"article:modified_time\" content=\"2021-05-11T14:48:25+00:00\" \/>\n<meta property=\"og:image\" content=\"https:\/\/dicodusport.fr\/blog\/wp-content\/uploads\/2021\/04\/Cyclisme-La-Fleche-Brabanconne-Tom-Pidcock-simpose-en-dominant-Van-Aert-et-Trentin.png\" \/>\n\t<meta property=\"og:image:width\" content=\"800\" \/>\n\t<meta property=\"og:image:height\" content=\"445\" \/>\n\t<meta property=\"og:image:type\" content=\"image\/png\" \/>\n<meta name=\"author\" content=\"Nicolas Jacquemard\" \/>\n<meta name=\"twitter:card\" content=\"summary_large_image\" \/>\n<meta name=\"twitter:title\" content=\"La Fl\u00e8che Wallonne 2021 : nos favoris\" \/>\n<meta name=\"twitter:creator\" content=\"@https:\/\/twitter.com\/Nico_Jacquemard\" \/>\n<meta name=\"twitter:site\" content=\"@dicodusport\" \/>\n<script type=\"application\/ld+json\" class=\"yoast-schema-graph\">{\"@context\":\"https:\/\/schema.org\",\"@graph\":[{\"@type\":\"NewsArticle\",\"@id\":\"https:\/\/dicodusport.fr\/blog\/la-fleche-wallonne-2021-nos-favoris\/#article\",\"isPartOf\":{\"@id\":\"https:\/\/dicodusport.fr\/blog\/la-fleche-wallonne-2021-nos-favoris\/\"},\"author\":{\"name\":\"Nicolas Jacquemard\",\"@id\":\"https:\/\/dicodusport.fr\/blog\/#\/schema\/person\/55dcb50ad410894e431ed812bbb70191\"},\"headline\":\"La Fl\u00e8che Wallonne 2021 : nos favoris\",\"datePublished\":\"2021-04-20T15:59:06+00:00\",\"dateModified\":\"2021-05-11T14:48:25+00:00\",\"mainEntityOfPage\":{\"@id\":\"https:\/\/dicodusport.fr\/blog\/la-fleche-wallonne-2021-nos-favoris\/\"},\"wordCount\":221,\"commentCount\":0,\"publisher\":{\"@id\":\"https:\/\/dicodusport.fr\/blog\/#organization\"},\"image\":{\"@id\":\"https:\/\/dicodusport.fr\/blog\/la-fleche-wallonne-2021-nos-favoris\/#primaryimage\"},\"thumbnailUrl\":\"https:\/\/dicodusport.fr\/blog\/wp-content\/uploads\/2021\/04\/Cyclisme-La-Fleche-Brabanconne-Tom-Pidcock-simpose-en-dominant-Van-Aert-et-Trentin.png\",\"keywords\":[\"La Fl\u00e8che Wallonne\"],\"articleSection\":[\"Cyclisme\"],\"inLanguage\":\"fr-FR\",\"potentialAction\":[{\"@type\":\"CommentAction\",\"name\":\"Comment\",\"target\":[\"https:\/\/dicodusport.fr\/blog\/la-fleche-wallonne-2021-nos-favoris\/#respond\"]}],\"copyrightYear\":\"2021\",\"copyrightHolder\":{\"@id\":\"https:\/\/dicodusport.fr\/blog\/#organization\"}},{\"@type\":\"WebPage\",\"@id\":\"https:\/\/dicodusport.fr\/blog\/la-fleche-wallonne-2021-nos-favoris\/\",\"url\":\"https:\/\/dicodusport.fr\/blog\/la-fleche-wallonne-2021-nos-favoris\/\",\"name\":\"La Fl\u00e8che Wallonne 2021 : nos favoris\",\"isPartOf\":{\"@id\":\"https:\/\/dicodusport.fr\/blog\/#website\"},\"primaryImageOfPage\":{\"@id\":\"https:\/\/dicodusport.fr\/blog\/la-fleche-wallonne-2021-nos-favoris\/#primaryimage\"},\"image\":{\"@id\":\"https:\/\/dicodusport.fr\/blog\/la-fleche-wallonne-2021-nos-favoris\/#primaryimage\"},\"thumbnailUrl\":\"https:\/\/dicodusport.fr\/blog\/wp-content\/uploads\/2021\/04\/Cyclisme-La-Fleche-Brabanconne-Tom-Pidcock-simpose-en-dominant-Van-Aert-et-Trentin.png\",\"datePublished\":\"2021-04-20T15:59:06+00:00\",\"dateModified\":\"2021-05-11T14:48:25+00:00\",\"description\":\"LA FL\u00c8CHE WALLONNE 2021 \u2013 Ce mercredi se d\u00e9roule la 55\u00e8me \u00e9dition de la classique belge, la Fl\u00e8che Wallonne. Nos deux favoris pour la course.\",\"breadcrumb\":{\"@id\":\"https:\/\/dicodusport.fr\/blog\/la-fleche-wallonne-2021-nos-favoris\/#breadcrumb\"},\"inLanguage\":\"fr-FR\",\"potentialAction\":[{\"@type\":\"ReadAction\",\"target\":[\"https:\/\/dicodusport.fr\/blog\/la-fleche-wallonne-2021-nos-favoris\/\"]}]},{\"@type\":\"ImageObject\",\"inLanguage\":\"fr-FR\",\"@id\":\"https:\/\/dicodusport.fr\/blog\/la-fleche-wallonne-2021-nos-favoris\/#primaryimage\",\"url\":\"https:\/\/dicodusport.fr\/blog\/wp-content\/uploads\/2021\/04\/Cyclisme-La-Fleche-Brabanconne-Tom-Pidcock-simpose-en-dominant-Van-Aert-et-Trentin.png\",\"contentUrl\":\"https:\/\/dicodusport.fr\/blog\/wp-content\/uploads\/2021\/04\/Cyclisme-La-Fleche-Brabanconne-Tom-Pidcock-simpose-en-dominant-Van-Aert-et-Trentin.png\",\"width\":800,\"height\":445,\"caption\":\"La Fl\u00e8che Wallonne 2021 : nos favoris\"},{\"@type\":\"BreadcrumbList\",\"@id\":\"https:\/\/dicodusport.fr\/blog\/la-fleche-wallonne-2021-nos-favoris\/#breadcrumb\",\"itemListElement\":[{\"@type\":\"ListItem\",\"position\":1,\"name\":\"Accueil\",\"item\":\"https:\/\/dicodusport.fr\/blog\/\"},{\"@type\":\"ListItem\",\"position\":2,\"name\":\"La Fl\u00e8che Wallonne 2021 : nos favoris\"}]},{\"@type\":\"WebSite\",\"@id\":\"https:\/\/dicodusport.fr\/blog\/#website\",\"url\":\"https:\/\/dicodusport.fr\/blog\/\",\"name\":\"Dicodusport\",\"description\":\"L&#039;encyclop\u00e9die de l&#039;actualit\u00e9 sportive\",\"publisher\":{\"@id\":\"https:\/\/dicodusport.fr\/blog\/#organization\"},\"potentialAction\":[{\"@type\":\"SearchAction\",\"target\":{\"@type\":\"EntryPoint\",\"urlTemplate\":\"https:\/\/dicodusport.fr\/blog\/?s={search_term_string}\"},\"query-input\":{\"@type\":\"PropertyValueSpecification\",\"valueRequired\":true,\"valueName\":\"search_term_string\"}}],\"inLanguage\":\"fr-FR\"},{\"@type\":\"NewsMediaOrganization\",\"@id\":\"https:\/\/dicodusport.fr\/blog\/#organization\",\"name\":\"Dicodusport\",\"url\":\"https:\/\/dicodusport.fr\/blog\/\",\"logo\":{\"@type\":\"ImageObject\",\"inLanguage\":\"fr-FR\",\"@id\":\"https:\/\/dicodusport.fr\/blog\/#\/schema\/logo\/image\/\",\"url\":\"https:\/\/dicodusport.fr\/blog\/wp-content\/uploads\/2020\/06\/cropped-LOGO-DICODUSPORT-2020-SANS-FOND-SANS-TEXTE.png\",\"contentUrl\":\"https:\/\/dicodusport.fr\/blog\/wp-content\/uploads\/2020\/06\/cropped-LOGO-DICODUSPORT-2020-SANS-FOND-SANS-TEXTE.png\",\"width\":512,\"height\":512,\"caption\":\"Dicodusport\"},\"image\":{\"@id\":\"https:\/\/dicodusport.fr\/blog\/#\/schema\/logo\/image\/\"},\"sameAs\":[\"https:\/\/www.facebook.com\/dicodusport\",\"https:\/\/x.com\/dicodusport\",\"https:\/\/www.instagram.com\/dicodusport\/\",\"https:\/\/www.youtube.com\/channel\/UC7V2KZ5sd3htJivAbA4ZG3w\"],\"description\":\"Dicodusport est l'encyclop\u00e9die de l'actualit\u00e9 sportive.\",\"email\":\"bonjour@dicodusport.fr\",\"legalName\":\"DICODUSPORT\",\"foundingDate\":\"2018-01-14\",\"vatID\":\"FR71834470973\",\"taxID\":\"83447097300043\",\"numberOfEmployees\":{\"@type\":\"QuantitativeValue\",\"minValue\":\"1\",\"maxValue\":\"10\"}},{\"@type\":\"Person\",\"@id\":\"https:\/\/dicodusport.fr\/blog\/#\/schema\/person\/55dcb50ad410894e431ed812bbb70191\",\"name\":\"Nicolas Jacquemard\",\"image\":{\"@type\":\"ImageObject\",\"inLanguage\":\"fr-FR\",\"@id\":\"https:\/\/dicodusport.fr\/blog\/#\/schema\/person\/image\/\",\"url\":\"https:\/\/dicodusport.fr\/blog\/wp-content\/uploads\/2021\/05\/Nicolas-Jacquemard-150x150.jpeg\",\"contentUrl\":\"https:\/\/dicodusport.fr\/blog\/wp-content\/uploads\/2021\/05\/Nicolas-Jacquemard-150x150.jpeg\",\"caption\":\"Nicolas Jacquemard\"},\"description\":\"Passionn\u00e9 de sport et entrepreneur depuis mes 18 ans, la cr\u00e9ation de Dicodusport m'a sembl\u00e9 \u00e9vidente pour participer \u00e0 la m\u00e9diatisation d'un plus grand nombre de sports. Le chemin est long mais avec une \u00e9quipe des plus motiv\u00e9es et les Jeux Olympiques de Paris 2024 en point de mire, nous y arriverons ! Journaliste dans le monde du sport depuis plus de 5 ans, je traite aussi bien de football, de rugby, de biathlon que de cyclisme.\",\"sameAs\":[\"https:\/\/www.facebook.com\/dicodusport\",\"https:\/\/x.com\/https:\/\/twitter.com\/Nico_Jacquemard\"],\"url\":\"https:\/\/dicodusport.fr\/blog\/author\/dicodusport\/\"}]}<\/script>\n<!-- \/ Yoast SEO Premium plugin. -->","yoast_head_json":{"title":"La Fl\u00e8che Wallonne 2021 : nos favoris","description":"LA FL\u00c8CHE WALLONNE 2021 \u2013 Ce mercredi se d\u00e9roule la 55\u00e8me \u00e9dition de la classique belge, la Fl\u00e8che Wallonne. Nos deux favoris pour la course.","robots":{"index":"index","follow":"follow","max-snippet":"max-snippet:-1","max-image-preview":"max-image-preview:large","max-video-preview":"max-video-preview:-1"},"canonical":"https:\/\/dicodusport.fr\/blog\/la-fleche-wallonne-2021-nos-favoris\/","og_locale":"fr_FR","og_type":"article","og_title":"La Fl\u00e8che Wallonne 2021 : nos favoris","og_description":"LA FL\u00c8CHE WALLONNE 2021 \u2013 Ce mercredi se d\u00e9roule la 55\u00e8me \u00e9dition de la classique belge, la Fl\u00e8che Wallonne. Nos deux favoris pour la course.","og_url":"https:\/\/dicodusport.fr\/blog\/la-fleche-wallonne-2021-nos-favoris\/","og_site_name":"Dicodusport","article_publisher":"https:\/\/www.facebook.com\/dicodusport","article_author":"https:\/\/www.facebook.com\/dicodusport","article_published_time":"2021-04-20T15:59:06+00:00","article_modified_time":"2021-05-11T14:48:25+00:00","og_image":[{"width":800,"height":445,"url":"https:\/\/dicodusport.fr\/blog\/wp-content\/uploads\/2021\/04\/Cyclisme-La-Fleche-Brabanconne-Tom-Pidcock-simpose-en-dominant-Van-Aert-et-Trentin.png","type":"image\/png"}],"author":"Nicolas Jacquemard","twitter_card":"summary_large_image","twitter_title":"La Fl\u00e8che Wallonne 2021 : nos favoris","twitter_creator":"@https:\/\/twitter.com\/Nico_Jacquemard","twitter_site":"@dicodusport","schema":{"@context":"https:\/\/schema.org","@graph":[{"@type":"NewsArticle","@id":"https:\/\/dicodusport.fr\/blog\/la-fleche-wallonne-2021-nos-favoris\/#article","isPartOf":{"@id":"https:\/\/dicodusport.fr\/blog\/la-fleche-wallonne-2021-nos-favoris\/"},"author":{"name":"Nicolas Jacquemard","@id":"https:\/\/dicodusport.fr\/blog\/#\/schema\/person\/55dcb50ad410894e431ed812bbb70191"},"headline":"La Fl\u00e8che Wallonne 2021 : nos favoris","datePublished":"2021-04-20T15:59:06+00:00","dateModified":"2021-05-11T14:48:25+00:00","mainEntityOfPage":{"@id":"https:\/\/dicodusport.fr\/blog\/la-fleche-wallonne-2021-nos-favoris\/"},"wordCount":221,"commentCount":0,"publisher":{"@id":"https:\/\/dicodusport.fr\/blog\/#organization"},"image":{"@id":"https:\/\/dicodusport.fr\/blog\/la-fleche-wallonne-2021-nos-favoris\/#primaryimage"},"thumbnailUrl":"https:\/\/dicodusport.fr\/blog\/wp-content\/uploads\/2021\/04\/Cyclisme-La-Fleche-Brabanconne-Tom-Pidcock-simpose-en-dominant-Van-Aert-et-Trentin.png","keywords":["La Fl\u00e8che Wallonne"],"articleSection":["Cyclisme"],"inLanguage":"fr-FR","potentialAction":[{"@type":"CommentAction","name":"Comment","target":["https:\/\/dicodusport.fr\/blog\/la-fleche-wallonne-2021-nos-favoris\/#respond"]}],"copyrightYear":"2021","copyrightHolder":{"@id":"https:\/\/dicodusport.fr\/blog\/#organization"}},{"@type":"WebPage","@id":"https:\/\/dicodusport.fr\/blog\/la-fleche-wallonne-2021-nos-favoris\/","url":"https:\/\/dicodusport.fr\/blog\/la-fleche-wallonne-2021-nos-favoris\/","name":"La Fl\u00e8che Wallonne 2021 : nos favoris","isPartOf":{"@id":"https:\/\/dicodusport.fr\/blog\/#website"},"primaryImageOfPage":{"@id":"https:\/\/dicodusport.fr\/blog\/la-fleche-wallonne-2021-nos-favoris\/#primaryimage"},"image":{"@id":"https:\/\/dicodusport.fr\/blog\/la-fleche-wallonne-2021-nos-favoris\/#primaryimage"},"thumbnailUrl":"https:\/\/dicodusport.fr\/blog\/wp-content\/uploads\/2021\/04\/Cyclisme-La-Fleche-Brabanconne-Tom-Pidcock-simpose-en-dominant-Van-Aert-et-Trentin.png","datePublished":"2021-04-20T15:59:06+00:00","dateModified":"2021-05-11T14:48:25+00:00","description":"LA FL\u00c8CHE WALLONNE 2021 \u2013 Ce mercredi se d\u00e9roule la 55\u00e8me \u00e9dition de la classique belge, la Fl\u00e8che Wallonne. Nos deux favoris pour la course.","breadcrumb":{"@id":"https:\/\/dicodusport.fr\/blog\/la-fleche-wallonne-2021-nos-favoris\/#breadcrumb"},"inLanguage":"fr-FR","potentialAction":[{"@type":"ReadAction","target":["https:\/\/dicodusport.fr\/blog\/la-fleche-wallonne-2021-nos-favoris\/"]}]},{"@type":"ImageObject","inLanguage":"fr-FR","@id":"https:\/\/dicodusport.fr\/blog\/la-fleche-wallonne-2021-nos-favoris\/#primaryimage","url":"https:\/\/dicodusport.fr\/blog\/wp-content\/uploads\/2021\/04\/Cyclisme-La-Fleche-Brabanconne-Tom-Pidcock-simpose-en-dominant-Van-Aert-et-Trentin.png","contentUrl":"https:\/\/dicodusport.fr\/blog\/wp-content\/uploads\/2021\/04\/Cyclisme-La-Fleche-Brabanconne-Tom-Pidcock-simpose-en-dominant-Van-Aert-et-Trentin.png","width":800,"height":445,"caption":"La Fl\u00e8che Wallonne 2021 : nos favoris"},{"@type":"BreadcrumbList","@id":"https:\/\/dicodusport.fr\/blog\/la-fleche-wallonne-2021-nos-favoris\/#breadcrumb","itemListElement":[{"@type":"ListItem","position":1,"name":"Accueil","item":"https:\/\/dicodusport.fr\/blog\/"},{"@type":"ListItem","position":2,"name":"La Fl\u00e8che Wallonne 2021 : nos favoris"}]},{"@type":"WebSite","@id":"https:\/\/dicodusport.fr\/blog\/#website","url":"https:\/\/dicodusport.fr\/blog\/","name":"Dicodusport","description":"L&#039;encyclop\u00e9die de l&#039;actualit\u00e9 sportive","publisher":{"@id":"https:\/\/dicodusport.fr\/blog\/#organization"},"potentialAction":[{"@type":"SearchAction","target":{"@type":"EntryPoint","urlTemplate":"https:\/\/dicodusport.fr\/blog\/?s={search_term_string}"},"query-input":{"@type":"PropertyValueSpecification","valueRequired":true,"valueName":"search_term_string"}}],"inLanguage":"fr-FR"},{"@type":"NewsMediaOrganization","@id":"https:\/\/dicodusport.fr\/blog\/#organization","name":"Dicodusport","url":"https:\/\/dicodusport.fr\/blog\/","logo":{"@type":"ImageObject","inLanguage":"fr-FR","@id":"https:\/\/dicodusport.fr\/blog\/#\/schema\/logo\/image\/","url":"https:\/\/dicodusport.fr\/blog\/wp-content\/uploads\/2020\/06\/cropped-LOGO-DICODUSPORT-2020-SANS-FOND-SANS-TEXTE.png","contentUrl":"https:\/\/dicodusport.fr\/blog\/wp-content\/uploads\/2020\/06\/cropped-LOGO-DICODUSPORT-2020-SANS-FOND-SANS-TEXTE.png","width":512,"height":512,"caption":"Dicodusport"},"image":{"@id":"https:\/\/dicodusport.fr\/blog\/#\/schema\/logo\/image\/"},"sameAs":["https:\/\/www.facebook.com\/dicodusport","https:\/\/x.com\/dicodusport","https:\/\/www.instagram.com\/dicodusport\/","https:\/\/www.youtube.com\/channel\/UC7V2KZ5sd3htJivAbA4ZG3w"],"description":"Dicodusport est l'encyclop\u00e9die de l'actualit\u00e9 sportive.","email":"bonjour@dicodusport.fr","legalName":"DICODUSPORT","foundingDate":"2018-01-14","vatID":"FR71834470973","taxID":"83447097300043","numberOfEmployees":{"@type":"QuantitativeValue","minValue":"1","maxValue":"10"}},{"@type":"Person","@id":"https:\/\/dicodusport.fr\/blog\/#\/schema\/person\/55dcb50ad410894e431ed812bbb70191","name":"Nicolas Jacquemard","image":{"@type":"ImageObject","inLanguage":"fr-FR","@id":"https:\/\/dicodusport.fr\/blog\/#\/schema\/person\/image\/","url":"https:\/\/dicodusport.fr\/blog\/wp-content\/uploads\/2021\/05\/Nicolas-Jacquemard-150x150.jpeg","contentUrl":"https:\/\/dicodusport.fr\/blog\/wp-content\/uploads\/2021\/05\/Nicolas-Jacquemard-150x150.jpeg","caption":"Nicolas Jacquemard"},"description":"Passionn\u00e9 de sport et entrepreneur depuis mes 18 ans, la cr\u00e9ation de Dicodusport m'a sembl\u00e9 \u00e9vidente pour participer \u00e0 la m\u00e9diatisation d'un plus grand nombre de sports. Le chemin est long mais avec une \u00e9quipe des plus motiv\u00e9es et les Jeux Olympiques de Paris 2024 en point de mire, nous y arriverons ! Journaliste dans le monde du sport depuis plus de 5 ans, je traite aussi bien de football, de rugby, de biathlon que de cyclisme.","sameAs":["https:\/\/www.facebook.com\/dicodusport","https:\/\/x.com\/https:\/\/twitter.com\/Nico_Jacquemard"],"url":"https:\/\/dicodusport.fr\/blog\/author\/dicodusport\/"}]}},"_links":{"self":[{"href":"https:\/\/dicodusport.fr\/blog\/wp-json\/wp\/v2\/posts\/123289","targetHints":{"allow":["GET"]}}],"collection":[{"href":"https:\/\/dicodusport.fr\/blog\/wp-json\/wp\/v2\/posts"}],"about":[{"href":"https:\/\/dicodusport.fr\/blog\/wp-json\/wp\/v2\/types\/post"}],"author":[{"embeddable":true,"href":"https:\/\/dicodusport.fr\/blog\/wp-json\/wp\/v2\/users\/1"}],"replies":[{"embeddable":true,"href":"https:\/\/dicodusport.fr\/blog\/wp-json\/wp\/v2\/comments?post=123289"}],"version-history":[{"count":0,"href":"https:\/\/dicodusport.fr\/blog\/wp-json\/wp\/v2\/posts\/123289\/revisions"}],"wp:featuredmedia":[{"embeddable":true,"href":"https:\/\/dicodusport.fr\/blog\/wp-json\/wp\/v2\/media\/121500"}],"wp:attachment":[{"href":"https:\/\/dicodusport.fr\/blog\/wp-json\/wp\/v2\/media?parent=123289"}],"wp:term":[{"taxonomy":"category","embeddable":true,"href":"https:\/\/dicodusport.fr\/blog\/wp-json\/wp\/v2\/categories?post=123289"},{"taxonomy":"post_tag","embeddable":true,"href":"https:\/\/dicodusport.fr\/blog\/wp-json\/wp\/v2\/tags?post=123289"}],"curies":[{"name":"wp","href":"https:\/\/api.w.org\/{rel}","templated":true}]}}