{"id":123302,"date":"2021-04-21T08:00:40","date_gmt":"2021-04-21T06:00:40","guid":{"rendered":"https:\/\/dicodusport.fr\/blog\/?p=123302"},"modified":"2021-04-21T07:39:33","modified_gmt":"2021-04-21T05:39:33","slug":"21-avril-2016-nouveau-sacre-europeen-pour-automne-pavia","status":"publish","type":"post","link":"https:\/\/dicodusport.fr\/blog\/21-avril-2016-nouveau-sacre-europeen-pour-automne-pavia\/","title":{"rendered":"21 avril 2016 : Nouveau sacre europ\u00e9en pour Automne Pavia"},"content":{"rendered":"<p style=\"text-align: justify;\"><em><strong><a href=\"https:\/\/dicodusport.fr\/definition-sport\/judo\/\">JUDO<\/a> &#8211; En ce 21 avril 2016, c\u2019est le premier jour des Championnats d\u2019Europe de judo. Et pour d\u00e9buter la comp\u00e9tition, les Fran\u00e7ais font parfaitement le travail. Aujourd\u2019hui, focus sur Automne Pavia dans la cat\u00e9gorie des -57 kg.<\/strong> <\/em><\/p>\n<h2 style=\"text-align: justify;\">\u00c7a s&rsquo;est pass\u00e9 le 21 avril 2016<\/h2>\n<p style=\"text-align: justify;\"><strong>Automne Pavia<\/strong>, c\u2019est d\u00e9j\u00e0, avant ce jour, une m\u00e9daille de bronze olympique d\u00e9croch\u00e9e \u00e0 Londres et deux titres de championne d\u2019Europe. Jamais deux sans trois pour la judokate tricolore dans cette derni\u00e8re comp\u00e9tition. Apr\u00e8s s\u2019\u00eatre d\u00e9faite de sa compatriote H\u00e9l\u00e8ne Receveaux sur ippon en demi-finale, Automne Pavia rencontre la Bulgare Ivelina Ilieva. Cette finale se joue dans les premiers instants. La Picarde marque sur yuko en d\u00e9but de combat. D\u00e8s lors, \u00e0 d\u00e9faut de faire chuter encore l\u2019adversaire, il faut tenir. Et c\u2019est ce qu\u2019elle fait, jusqu\u2019au bout. La d\u00e9livrance est l\u00e0, Automne Pavia d\u00e9croche ainsi son troisi\u00e8me titre europ\u00e9en. Ce sacre lui permettra \u00e9galement d\u2019obtenir son ticket pour les Jeux Olympiques de Rio la m\u00eame ann\u00e9e.<\/p>\n<p><span class=\"CZu9sm2QDShe8ExgdrjTvpbzwqP4nX0OW6oMGayJA5FfNtY1BHRVcL3K7Ilki\"><iframe loading=\"lazy\" title=\"Judo 2016 European Championships Kazan: Ilieva (BUL) - Pavia (FRA) [-57kg] final\" width=\"740\" height=\"416\" src=\"https:\/\/www.youtube.com\/embed\/R01_sSw01cM?feature=oembed\" frameborder=\"0\" allow=\"accelerometer; autoplay; clipboard-write; encrypted-media; gyroscope; picture-in-picture; web-share\" allowfullscreen><\/iframe><\/span><\/p>\n<p>&nbsp;<\/p>\n<p style=\"text-align: justify;\"><strong>Info :<\/strong> H\u00e9l\u00e8ne Receveaux, battue en demi-finale, n\u2019a pas r\u00e9ussi \u00e0 d\u00e9crocher le bronze, s\u2019inclinant pour ce m\u00e9tal contre Timna Nelson Levy. La m\u00eame journ\u00e9e, le judoka Walide Khyar remportait l\u2019or dans la cat\u00e9gorie des -60 kg.<\/p>\n","protected":false},"excerpt":{"rendered":"<p>Le 21 avril 2016 d\u00e9butaient les Championnats d&rsquo;Europe de judo. Une judokate commen\u00e7ait alors \u00e0 faire briller la France, Automne Pavia.<\/p>\n","protected":false},"author":18,"featured_media":123437,"comment_status":"open","ping_status":"closed","sticky":false,"template":"","format":"standard","meta":{"_acf_changed":false,"_daextam_enable_autolinks":"","footnotes":""},"categories":[8,8651],"tags":[4799,68],"class_list":["post-123302","post","type-post","status-publish","format-standard","has-post-thumbnail","hentry","category-histoire","category-judo","tag-championnats-deurope","tag-judo"],"acf":[],"yoast_head":"<!-- This site is optimized with the Yoast SEO Premium plugin v26.7 (Yoast SEO v26.7) - https:\/\/yoast.com\/wordpress\/plugins\/seo\/ -->\n<title>21 avril 2016 : Nouveau sacre europ\u00e9en pour Automne Pavia<\/title>\n<meta name=\"description\" content=\"Le 21 avril 2016 d\u00e9butaient les Championnats d&#039;Europe de judo. Une judokate commen\u00e7ait alors \u00e0 faire briller la France, Automne Pavia.\" \/>\n<meta name=\"robots\" content=\"index, follow, max-snippet:-1, max-image-preview:large, max-video-preview:-1\" \/>\n<link rel=\"canonical\" href=\"https:\/\/dicodusport.fr\/blog\/21-avril-2016-nouveau-sacre-europeen-pour-automne-pavia\/\" \/>\n<meta property=\"og:locale\" content=\"fr_FR\" \/>\n<meta property=\"og:type\" content=\"article\" \/>\n<meta property=\"og:title\" content=\"21 avril 2016 : Nouveau sacre europ\u00e9en pour Automne Pavia\" \/>\n<meta property=\"og:description\" content=\"Le 21 avril 2016 d\u00e9butaient les Championnats d&#039;Europe de judo. Une judokate commen\u00e7ait alors \u00e0 faire briller la France, Automne Pavia.\" \/>\n<meta property=\"og:url\" content=\"https:\/\/dicodusport.fr\/blog\/21-avril-2016-nouveau-sacre-europeen-pour-automne-pavia\/\" \/>\n<meta property=\"og:site_name\" content=\"Dicodusport\" \/>\n<meta property=\"article:publisher\" content=\"https:\/\/www.facebook.com\/dicodusport\" \/>\n<meta property=\"article:author\" content=\"https:\/\/www.facebook.com\/soocube\" \/>\n<meta property=\"article:published_time\" content=\"2021-04-21T06:00:40+00:00\" \/>\n<meta property=\"og:image\" content=\"https:\/\/dicodusport.fr\/blog\/wp-content\/uploads\/2021\/04\/21-avril-2016-Nouveau-sacre-europeen-pour-Automne-Pavia.png\" \/>\n\t<meta property=\"og:image:width\" content=\"800\" \/>\n\t<meta property=\"og:image:height\" content=\"445\" \/>\n\t<meta property=\"og:image:type\" content=\"image\/png\" \/>\n<meta name=\"author\" content=\"Sophie Clapier\" \/>\n<meta name=\"twitter:card\" content=\"summary_large_image\" \/>\n<meta name=\"twitter:title\" content=\"21 avril 2016 : Nouveau sacre europ\u00e9en pour Automne Pavia\" \/>\n<meta name=\"twitter:creator\" content=\"@https:\/\/twitter.com\/soocube\" \/>\n<meta name=\"twitter:site\" content=\"@dicodusport\" \/>\n<script type=\"application\/ld+json\" class=\"yoast-schema-graph\">{\"@context\":\"https:\/\/schema.org\",\"@graph\":[{\"@type\":\"NewsArticle\",\"@id\":\"https:\/\/dicodusport.fr\/blog\/21-avril-2016-nouveau-sacre-europeen-pour-automne-pavia\/#article\",\"isPartOf\":{\"@id\":\"https:\/\/dicodusport.fr\/blog\/21-avril-2016-nouveau-sacre-europeen-pour-automne-pavia\/\"},\"author\":{\"name\":\"Sophie Clapier\",\"@id\":\"https:\/\/dicodusport.fr\/blog\/#\/schema\/person\/416c975648aca9da8839bdfe333a21c9\"},\"headline\":\"21 avril 2016 : Nouveau sacre europ\u00e9en pour Automne Pavia\",\"datePublished\":\"2021-04-21T06:00:40+00:00\",\"mainEntityOfPage\":{\"@id\":\"https:\/\/dicodusport.fr\/blog\/21-avril-2016-nouveau-sacre-europeen-pour-automne-pavia\/\"},\"wordCount\":255,\"commentCount\":0,\"publisher\":{\"@id\":\"https:\/\/dicodusport.fr\/blog\/#organization\"},\"image\":{\"@id\":\"https:\/\/dicodusport.fr\/blog\/21-avril-2016-nouveau-sacre-europeen-pour-automne-pavia\/#primaryimage\"},\"thumbnailUrl\":\"https:\/\/dicodusport.fr\/blog\/wp-content\/uploads\/2021\/04\/21-avril-2016-Nouveau-sacre-europeen-pour-Automne-Pavia.png\",\"keywords\":[\"Championnats d'Europe\",\"Judo\"],\"articleSection\":[\"Histoire\",\"Judo\"],\"inLanguage\":\"fr-FR\",\"potentialAction\":[{\"@type\":\"CommentAction\",\"name\":\"Comment\",\"target\":[\"https:\/\/dicodusport.fr\/blog\/21-avril-2016-nouveau-sacre-europeen-pour-automne-pavia\/#respond\"]}],\"copyrightYear\":\"2021\",\"copyrightHolder\":{\"@id\":\"https:\/\/dicodusport.fr\/blog\/#organization\"}},{\"@type\":\"WebPage\",\"@id\":\"https:\/\/dicodusport.fr\/blog\/21-avril-2016-nouveau-sacre-europeen-pour-automne-pavia\/\",\"url\":\"https:\/\/dicodusport.fr\/blog\/21-avril-2016-nouveau-sacre-europeen-pour-automne-pavia\/\",\"name\":\"21 avril 2016 : Nouveau sacre europ\u00e9en pour Automne Pavia\",\"isPartOf\":{\"@id\":\"https:\/\/dicodusport.fr\/blog\/#website\"},\"primaryImageOfPage\":{\"@id\":\"https:\/\/dicodusport.fr\/blog\/21-avril-2016-nouveau-sacre-europeen-pour-automne-pavia\/#primaryimage\"},\"image\":{\"@id\":\"https:\/\/dicodusport.fr\/blog\/21-avril-2016-nouveau-sacre-europeen-pour-automne-pavia\/#primaryimage\"},\"thumbnailUrl\":\"https:\/\/dicodusport.fr\/blog\/wp-content\/uploads\/2021\/04\/21-avril-2016-Nouveau-sacre-europeen-pour-Automne-Pavia.png\",\"datePublished\":\"2021-04-21T06:00:40+00:00\",\"description\":\"Le 21 avril 2016 d\u00e9butaient les Championnats d'Europe de judo. Une judokate commen\u00e7ait alors \u00e0 faire briller la France, Automne Pavia.\",\"breadcrumb\":{\"@id\":\"https:\/\/dicodusport.fr\/blog\/21-avril-2016-nouveau-sacre-europeen-pour-automne-pavia\/#breadcrumb\"},\"inLanguage\":\"fr-FR\",\"potentialAction\":[{\"@type\":\"ReadAction\",\"target\":[\"https:\/\/dicodusport.fr\/blog\/21-avril-2016-nouveau-sacre-europeen-pour-automne-pavia\/\"]}]},{\"@type\":\"ImageObject\",\"inLanguage\":\"fr-FR\",\"@id\":\"https:\/\/dicodusport.fr\/blog\/21-avril-2016-nouveau-sacre-europeen-pour-automne-pavia\/#primaryimage\",\"url\":\"https:\/\/dicodusport.fr\/blog\/wp-content\/uploads\/2021\/04\/21-avril-2016-Nouveau-sacre-europeen-pour-Automne-Pavia.png\",\"contentUrl\":\"https:\/\/dicodusport.fr\/blog\/wp-content\/uploads\/2021\/04\/21-avril-2016-Nouveau-sacre-europeen-pour-Automne-Pavia.png\",\"width\":800,\"height\":445,\"caption\":\"21 avril 2016 - Nouveau sacre europ\u00e9en pour Automne Pavia\"},{\"@type\":\"BreadcrumbList\",\"@id\":\"https:\/\/dicodusport.fr\/blog\/21-avril-2016-nouveau-sacre-europeen-pour-automne-pavia\/#breadcrumb\",\"itemListElement\":[{\"@type\":\"ListItem\",\"position\":1,\"name\":\"Accueil\",\"item\":\"https:\/\/dicodusport.fr\/blog\/\"},{\"@type\":\"ListItem\",\"position\":2,\"name\":\"21 avril 2016 : Nouveau sacre europ\u00e9en pour Automne Pavia\"}]},{\"@type\":\"WebSite\",\"@id\":\"https:\/\/dicodusport.fr\/blog\/#website\",\"url\":\"https:\/\/dicodusport.fr\/blog\/\",\"name\":\"Dicodusport\",\"description\":\"L&#039;encyclop\u00e9die de l&#039;actualit\u00e9 sportive\",\"publisher\":{\"@id\":\"https:\/\/dicodusport.fr\/blog\/#organization\"},\"potentialAction\":[{\"@type\":\"SearchAction\",\"target\":{\"@type\":\"EntryPoint\",\"urlTemplate\":\"https:\/\/dicodusport.fr\/blog\/?s={search_term_string}\"},\"query-input\":{\"@type\":\"PropertyValueSpecification\",\"valueRequired\":true,\"valueName\":\"search_term_string\"}}],\"inLanguage\":\"fr-FR\"},{\"@type\":\"NewsMediaOrganization\",\"@id\":\"https:\/\/dicodusport.fr\/blog\/#organization\",\"name\":\"Dicodusport\",\"url\":\"https:\/\/dicodusport.fr\/blog\/\",\"logo\":{\"@type\":\"ImageObject\",\"inLanguage\":\"fr-FR\",\"@id\":\"https:\/\/dicodusport.fr\/blog\/#\/schema\/logo\/image\/\",\"url\":\"https:\/\/dicodusport.fr\/blog\/wp-content\/uploads\/2020\/06\/cropped-LOGO-DICODUSPORT-2020-SANS-FOND-SANS-TEXTE.png\",\"contentUrl\":\"https:\/\/dicodusport.fr\/blog\/wp-content\/uploads\/2020\/06\/cropped-LOGO-DICODUSPORT-2020-SANS-FOND-SANS-TEXTE.png\",\"width\":512,\"height\":512,\"caption\":\"Dicodusport\"},\"image\":{\"@id\":\"https:\/\/dicodusport.fr\/blog\/#\/schema\/logo\/image\/\"},\"sameAs\":[\"https:\/\/www.facebook.com\/dicodusport\",\"https:\/\/x.com\/dicodusport\",\"https:\/\/www.instagram.com\/dicodusport\/\",\"https:\/\/www.youtube.com\/channel\/UC7V2KZ5sd3htJivAbA4ZG3w\"],\"description\":\"Dicodusport est l'encyclop\u00e9die de l'actualit\u00e9 sportive.\",\"email\":\"bonjour@dicodusport.fr\",\"legalName\":\"DICODUSPORT\",\"foundingDate\":\"2018-01-14\",\"vatID\":\"FR71834470973\",\"taxID\":\"83447097300043\",\"numberOfEmployees\":{\"@type\":\"QuantitativeValue\",\"minValue\":\"1\",\"maxValue\":\"10\"}},{\"@type\":\"Person\",\"@id\":\"https:\/\/dicodusport.fr\/blog\/#\/schema\/person\/416c975648aca9da8839bdfe333a21c9\",\"name\":\"Sophie Clapier\",\"image\":{\"@type\":\"ImageObject\",\"inLanguage\":\"fr-FR\",\"@id\":\"https:\/\/dicodusport.fr\/blog\/#\/schema\/person\/image\/\",\"url\":\"https:\/\/dicodusport.fr\/blog\/wp-content\/uploads\/2021\/05\/Sophie-Clapier-150x150.jpg\",\"contentUrl\":\"https:\/\/dicodusport.fr\/blog\/wp-content\/uploads\/2021\/05\/Sophie-Clapier-150x150.jpg\",\"caption\":\"Sophie Clapier\"},\"description\":\"Journaliste\/r\u00e9dactrice depuis janvier 2016 - Passionn\u00e9e de sport depuis toujours, j\u2019en ai pratiqu\u00e9 quelques-uns. Judo, football, handball ou encore tennis, je n\u2019ai jamais pu me mettre d\u2019accord sur un en particulier. Mais \u00e7a, c\u2019\u00e9tait avant de d\u00e9couvrir le basket, devenu mon sport de pr\u00e9dilection. Les actions NBA, le All-Star Week-end, la fureur des Game 7 pendant les playoffs ou mieux, lors des Finals, this is why we play. Team Spurs T.P, je m\u2019accroche encore \u00e0 Gregg Popovich (don\u2019t leave !). Team chef Curry, je souhaite qu\u2019il finisse aux Warriors (staaaay !). Non, il n\u2019y a pas qu\u2019eux, des petits nouveaux -et des petites nouvelles \u00e9videmment- arrivent chaque jour dans toutes les disciplines et cr\u00e9ent de nouveaux exploits. Alors pour les grands \u00e9v\u00e9nements et comp\u00e9titions internationales, vive les pulsations 240\/minutes et le d\u00e9fibrillateur pas loin, et allez les Bleu(e)s ! C\u2019est s\u00fbr, j\u2019aurai plus vu ma vie sur un terrain de sport, mais \u00e0 d\u00e9faut d\u2019en faire en haut niveau, je le partage avec vous.\",\"sameAs\":[\"https:\/\/www.facebook.com\/soocube\",\"https:\/\/x.com\/https:\/\/twitter.com\/soocube\",\"admin\"],\"url\":\"https:\/\/dicodusport.fr\/blog\/author\/sophie\/\"}]}<\/script>\n<!-- \/ Yoast SEO Premium plugin. -->","yoast_head_json":{"title":"21 avril 2016 : Nouveau sacre europ\u00e9en pour Automne Pavia","description":"Le 21 avril 2016 d\u00e9butaient les Championnats d'Europe de judo. Une judokate commen\u00e7ait alors \u00e0 faire briller la France, Automne Pavia.","robots":{"index":"index","follow":"follow","max-snippet":"max-snippet:-1","max-image-preview":"max-image-preview:large","max-video-preview":"max-video-preview:-1"},"canonical":"https:\/\/dicodusport.fr\/blog\/21-avril-2016-nouveau-sacre-europeen-pour-automne-pavia\/","og_locale":"fr_FR","og_type":"article","og_title":"21 avril 2016 : Nouveau sacre europ\u00e9en pour Automne Pavia","og_description":"Le 21 avril 2016 d\u00e9butaient les Championnats d'Europe de judo. Une judokate commen\u00e7ait alors \u00e0 faire briller la France, Automne Pavia.","og_url":"https:\/\/dicodusport.fr\/blog\/21-avril-2016-nouveau-sacre-europeen-pour-automne-pavia\/","og_site_name":"Dicodusport","article_publisher":"https:\/\/www.facebook.com\/dicodusport","article_author":"https:\/\/www.facebook.com\/soocube","article_published_time":"2021-04-21T06:00:40+00:00","og_image":[{"width":800,"height":445,"url":"https:\/\/dicodusport.fr\/blog\/wp-content\/uploads\/2021\/04\/21-avril-2016-Nouveau-sacre-europeen-pour-Automne-Pavia.png","type":"image\/png"}],"author":"Sophie Clapier","twitter_card":"summary_large_image","twitter_title":"21 avril 2016 : Nouveau sacre europ\u00e9en pour Automne Pavia","twitter_creator":"@https:\/\/twitter.com\/soocube","twitter_site":"@dicodusport","schema":{"@context":"https:\/\/schema.org","@graph":[{"@type":"NewsArticle","@id":"https:\/\/dicodusport.fr\/blog\/21-avril-2016-nouveau-sacre-europeen-pour-automne-pavia\/#article","isPartOf":{"@id":"https:\/\/dicodusport.fr\/blog\/21-avril-2016-nouveau-sacre-europeen-pour-automne-pavia\/"},"author":{"name":"Sophie Clapier","@id":"https:\/\/dicodusport.fr\/blog\/#\/schema\/person\/416c975648aca9da8839bdfe333a21c9"},"headline":"21 avril 2016 : Nouveau sacre europ\u00e9en pour Automne Pavia","datePublished":"2021-04-21T06:00:40+00:00","mainEntityOfPage":{"@id":"https:\/\/dicodusport.fr\/blog\/21-avril-2016-nouveau-sacre-europeen-pour-automne-pavia\/"},"wordCount":255,"commentCount":0,"publisher":{"@id":"https:\/\/dicodusport.fr\/blog\/#organization"},"image":{"@id":"https:\/\/dicodusport.fr\/blog\/21-avril-2016-nouveau-sacre-europeen-pour-automne-pavia\/#primaryimage"},"thumbnailUrl":"https:\/\/dicodusport.fr\/blog\/wp-content\/uploads\/2021\/04\/21-avril-2016-Nouveau-sacre-europeen-pour-Automne-Pavia.png","keywords":["Championnats d'Europe","Judo"],"articleSection":["Histoire","Judo"],"inLanguage":"fr-FR","potentialAction":[{"@type":"CommentAction","name":"Comment","target":["https:\/\/dicodusport.fr\/blog\/21-avril-2016-nouveau-sacre-europeen-pour-automne-pavia\/#respond"]}],"copyrightYear":"2021","copyrightHolder":{"@id":"https:\/\/dicodusport.fr\/blog\/#organization"}},{"@type":"WebPage","@id":"https:\/\/dicodusport.fr\/blog\/21-avril-2016-nouveau-sacre-europeen-pour-automne-pavia\/","url":"https:\/\/dicodusport.fr\/blog\/21-avril-2016-nouveau-sacre-europeen-pour-automne-pavia\/","name":"21 avril 2016 : Nouveau sacre europ\u00e9en pour Automne Pavia","isPartOf":{"@id":"https:\/\/dicodusport.fr\/blog\/#website"},"primaryImageOfPage":{"@id":"https:\/\/dicodusport.fr\/blog\/21-avril-2016-nouveau-sacre-europeen-pour-automne-pavia\/#primaryimage"},"image":{"@id":"https:\/\/dicodusport.fr\/blog\/21-avril-2016-nouveau-sacre-europeen-pour-automne-pavia\/#primaryimage"},"thumbnailUrl":"https:\/\/dicodusport.fr\/blog\/wp-content\/uploads\/2021\/04\/21-avril-2016-Nouveau-sacre-europeen-pour-Automne-Pavia.png","datePublished":"2021-04-21T06:00:40+00:00","description":"Le 21 avril 2016 d\u00e9butaient les Championnats d'Europe de judo. Une judokate commen\u00e7ait alors \u00e0 faire briller la France, Automne Pavia.","breadcrumb":{"@id":"https:\/\/dicodusport.fr\/blog\/21-avril-2016-nouveau-sacre-europeen-pour-automne-pavia\/#breadcrumb"},"inLanguage":"fr-FR","potentialAction":[{"@type":"ReadAction","target":["https:\/\/dicodusport.fr\/blog\/21-avril-2016-nouveau-sacre-europeen-pour-automne-pavia\/"]}]},{"@type":"ImageObject","inLanguage":"fr-FR","@id":"https:\/\/dicodusport.fr\/blog\/21-avril-2016-nouveau-sacre-europeen-pour-automne-pavia\/#primaryimage","url":"https:\/\/dicodusport.fr\/blog\/wp-content\/uploads\/2021\/04\/21-avril-2016-Nouveau-sacre-europeen-pour-Automne-Pavia.png","contentUrl":"https:\/\/dicodusport.fr\/blog\/wp-content\/uploads\/2021\/04\/21-avril-2016-Nouveau-sacre-europeen-pour-Automne-Pavia.png","width":800,"height":445,"caption":"21 avril 2016 - Nouveau sacre europ\u00e9en pour Automne Pavia"},{"@type":"BreadcrumbList","@id":"https:\/\/dicodusport.fr\/blog\/21-avril-2016-nouveau-sacre-europeen-pour-automne-pavia\/#breadcrumb","itemListElement":[{"@type":"ListItem","position":1,"name":"Accueil","item":"https:\/\/dicodusport.fr\/blog\/"},{"@type":"ListItem","position":2,"name":"21 avril 2016 : Nouveau sacre europ\u00e9en pour Automne Pavia"}]},{"@type":"WebSite","@id":"https:\/\/dicodusport.fr\/blog\/#website","url":"https:\/\/dicodusport.fr\/blog\/","name":"Dicodusport","description":"L&#039;encyclop\u00e9die de l&#039;actualit\u00e9 sportive","publisher":{"@id":"https:\/\/dicodusport.fr\/blog\/#organization"},"potentialAction":[{"@type":"SearchAction","target":{"@type":"EntryPoint","urlTemplate":"https:\/\/dicodusport.fr\/blog\/?s={search_term_string}"},"query-input":{"@type":"PropertyValueSpecification","valueRequired":true,"valueName":"search_term_string"}}],"inLanguage":"fr-FR"},{"@type":"NewsMediaOrganization","@id":"https:\/\/dicodusport.fr\/blog\/#organization","name":"Dicodusport","url":"https:\/\/dicodusport.fr\/blog\/","logo":{"@type":"ImageObject","inLanguage":"fr-FR","@id":"https:\/\/dicodusport.fr\/blog\/#\/schema\/logo\/image\/","url":"https:\/\/dicodusport.fr\/blog\/wp-content\/uploads\/2020\/06\/cropped-LOGO-DICODUSPORT-2020-SANS-FOND-SANS-TEXTE.png","contentUrl":"https:\/\/dicodusport.fr\/blog\/wp-content\/uploads\/2020\/06\/cropped-LOGO-DICODUSPORT-2020-SANS-FOND-SANS-TEXTE.png","width":512,"height":512,"caption":"Dicodusport"},"image":{"@id":"https:\/\/dicodusport.fr\/blog\/#\/schema\/logo\/image\/"},"sameAs":["https:\/\/www.facebook.com\/dicodusport","https:\/\/x.com\/dicodusport","https:\/\/www.instagram.com\/dicodusport\/","https:\/\/www.youtube.com\/channel\/UC7V2KZ5sd3htJivAbA4ZG3w"],"description":"Dicodusport est l'encyclop\u00e9die de l'actualit\u00e9 sportive.","email":"bonjour@dicodusport.fr","legalName":"DICODUSPORT","foundingDate":"2018-01-14","vatID":"FR71834470973","taxID":"83447097300043","numberOfEmployees":{"@type":"QuantitativeValue","minValue":"1","maxValue":"10"}},{"@type":"Person","@id":"https:\/\/dicodusport.fr\/blog\/#\/schema\/person\/416c975648aca9da8839bdfe333a21c9","name":"Sophie Clapier","image":{"@type":"ImageObject","inLanguage":"fr-FR","@id":"https:\/\/dicodusport.fr\/blog\/#\/schema\/person\/image\/","url":"https:\/\/dicodusport.fr\/blog\/wp-content\/uploads\/2021\/05\/Sophie-Clapier-150x150.jpg","contentUrl":"https:\/\/dicodusport.fr\/blog\/wp-content\/uploads\/2021\/05\/Sophie-Clapier-150x150.jpg","caption":"Sophie Clapier"},"description":"Journaliste\/r\u00e9dactrice depuis janvier 2016 - Passionn\u00e9e de sport depuis toujours, j\u2019en ai pratiqu\u00e9 quelques-uns. Judo, football, handball ou encore tennis, je n\u2019ai jamais pu me mettre d\u2019accord sur un en particulier. Mais \u00e7a, c\u2019\u00e9tait avant de d\u00e9couvrir le basket, devenu mon sport de pr\u00e9dilection. Les actions NBA, le All-Star Week-end, la fureur des Game 7 pendant les playoffs ou mieux, lors des Finals, this is why we play. Team Spurs T.P, je m\u2019accroche encore \u00e0 Gregg Popovich (don\u2019t leave !). Team chef Curry, je souhaite qu\u2019il finisse aux Warriors (staaaay !). Non, il n\u2019y a pas qu\u2019eux, des petits nouveaux -et des petites nouvelles \u00e9videmment- arrivent chaque jour dans toutes les disciplines et cr\u00e9ent de nouveaux exploits. Alors pour les grands \u00e9v\u00e9nements et comp\u00e9titions internationales, vive les pulsations 240\/minutes et le d\u00e9fibrillateur pas loin, et allez les Bleu(e)s ! C\u2019est s\u00fbr, j\u2019aurai plus vu ma vie sur un terrain de sport, mais \u00e0 d\u00e9faut d\u2019en faire en haut niveau, je le partage avec vous.","sameAs":["https:\/\/www.facebook.com\/soocube","https:\/\/x.com\/https:\/\/twitter.com\/soocube","admin"],"url":"https:\/\/dicodusport.fr\/blog\/author\/sophie\/"}]}},"_links":{"self":[{"href":"https:\/\/dicodusport.fr\/blog\/wp-json\/wp\/v2\/posts\/123302","targetHints":{"allow":["GET"]}}],"collection":[{"href":"https:\/\/dicodusport.fr\/blog\/wp-json\/wp\/v2\/posts"}],"about":[{"href":"https:\/\/dicodusport.fr\/blog\/wp-json\/wp\/v2\/types\/post"}],"author":[{"embeddable":true,"href":"https:\/\/dicodusport.fr\/blog\/wp-json\/wp\/v2\/users\/18"}],"replies":[{"embeddable":true,"href":"https:\/\/dicodusport.fr\/blog\/wp-json\/wp\/v2\/comments?post=123302"}],"version-history":[{"count":0,"href":"https:\/\/dicodusport.fr\/blog\/wp-json\/wp\/v2\/posts\/123302\/revisions"}],"wp:featuredmedia":[{"embeddable":true,"href":"https:\/\/dicodusport.fr\/blog\/wp-json\/wp\/v2\/media\/123437"}],"wp:attachment":[{"href":"https:\/\/dicodusport.fr\/blog\/wp-json\/wp\/v2\/media?parent=123302"}],"wp:term":[{"taxonomy":"category","embeddable":true,"href":"https:\/\/dicodusport.fr\/blog\/wp-json\/wp\/v2\/categories?post=123302"},{"taxonomy":"post_tag","embeddable":true,"href":"https:\/\/dicodusport.fr\/blog\/wp-json\/wp\/v2\/tags?post=123302"}],"curies":[{"name":"wp","href":"https:\/\/api.w.org\/{rel}","templated":true}]}}