{"id":123469,"date":"2021-04-21T12:19:11","date_gmt":"2021-04-21T10:19:11","guid":{"rendered":"https:\/\/dicodusport.fr\/blog\/?p=123469&#038;preview=true&#038;preview_id=123469"},"modified":"2021-04-21T14:45:21","modified_gmt":"2021-04-21T12:45:21","slug":"fleche-wallonne-feminine-anna-van-der-breggen-s-impose-pour-la-7eme-fois-consecutive","status":"publish","type":"post","link":"https:\/\/dicodusport.fr\/blog\/fleche-wallonne-feminine-anna-van-der-breggen-s-impose-pour-la-7eme-fois-consecutive\/","title":{"rendered":"La Fl\u00e8che Wallonne f\u00e9minine : Anna van der Breggen s&rsquo;impose pour la 7\u00e8me fois cons\u00e9cutive"},"content":{"rendered":"<p style=\"text-align: justify;\"><strong><em><a href=\"https:\/\/dicodusport.fr\/blog\/actualites\/cyclisme\/\" target=\"_blank\" rel=\"noopener\">CYCLISME<\/a> &#8211; Imp\u00e9riale, Anna van der Breggen (SD Worx) a remport\u00e9 une 7\u00e8me Fl\u00e8che Wallonne cons\u00e9cutive ! La N\u00e9erlandaise, championne du monde en titre, a devanc\u00e9 la Polonaise Katarzyna\u00a0Niewiadoma (Canyon SRAM). La Fran\u00e7aise Juliette Labous s&#8217;empare d&rsquo;une magnifique 6\u00e8me place.<\/em><\/strong><\/p>\n<p style=\"text-align: justify;\">Comme chez elle ! Pour sa derni\u00e8re <strong>Fl\u00e8che Wallonne<\/strong>, <strong>Anna van der Breggen<\/strong> s&rsquo;est impos\u00e9e pour la 7\u00e8me fois au sommet du Mur de Huy. La championne du monde en titre, malade et inexistante sur l&rsquo;Amstel Gold Race, a de nouveau montr\u00e9 qu&rsquo;elle \u00e9tait la Reine des lieux sur le Chemin des Chapelles. Gr\u00e2ce au gros travail de sa co\u00e9quipi\u00e8re <strong>Demi Vollering<\/strong> pour revenir sur la championne des USA <strong>Ruth Winder<\/strong> (Trek-Segadredo), <strong>van der Breggen<\/strong> a ensuite pu prendre la mesure de ses derni\u00e8res rivales, dont la Polonaise <strong>Niewiadoma<\/strong> qui aura tenu bon jusqu&rsquo;aux 150 derniers m\u00e8tres, moment choisi par la N\u00e9erlandaise pour lancer son acc\u00e9l\u00e9ration d\u00e9cisive. La championne d&rsquo;Europe <strong>Annemiek van Vleuten<\/strong> (Movistar) compl\u00e8te le podium.<\/p>\n<p style=\"text-align: justify;\">A noter l&rsquo;excellente 6\u00e8me place de <strong>Juliette Labous<\/strong> : la Fran\u00e7aise, membre de la formation Team DSM, a \u00e9t\u00e9 tr\u00e8s forte pour accompagner les meilleures dans le dernier tour, jusqu&rsquo;au pied de l&rsquo;ascension finale du Mur de Huy.<\/p>\n<blockquote class=\"twitter-tweet\">\n<p dir=\"ltr\" lang=\"fr\">&#x1f6b4; La passe de sept pour Anna Van der Breggen (SD Worx) qui remporte la Fl\u00e8che Wallonne dames en battant au sprint dans le Mur de Huy la Polonaise Katarzyna Niewiadoma (SRAM Racing). Boghini (Trek Segafredo) compl\u00e8te le podium. Juliette Labous finit sixi\u00e8me ! <a href=\"https:\/\/twitter.com\/hashtag\/FWwomen?src=hash&amp;ref_src=twsrc%5Etfw\">#FWwomen<\/a> <a href=\"https:\/\/t.co\/KjNfkWQOao\">pic.twitter.com\/KjNfkWQOao<\/a><\/p>\n<p>\u2014 France tv sport (@francetvsport) <a href=\"https:\/\/twitter.com\/francetvsport\/status\/1384816353278836740?ref_src=twsrc%5Etfw\">April 21, 2021<\/a><\/p><\/blockquote>\n<p><script async src=\"https:\/\/platform.twitter.com\/widgets.js\" charset=\"utf-8\"><\/script><\/p>\n<ul>\n<li style=\"text-align: justify;\"><strong>\u00c0 lire aussi &#8211; <a href=\"https:\/\/www.procyclingstats.com\/race\/la-fleche-wallonne-feminine\/2021\/result\" target=\"_blank\" rel=\"noopener\">Le classement de la Fl\u00e8che Wallonne f\u00e9minine 2021<\/a><em><br \/>\n<\/em><\/strong><\/li>\n<\/ul>\n","protected":false},"excerpt":{"rendered":"<p>CYCLISME &#8211; Imp\u00e9riale, Anna van der Breggen (SD Worx) a remport\u00e9 une 7\u00e8me Fl\u00e8che Wallonne cons\u00e9cutive ! La N\u00e9erlandaise, championne du monde en titre, a devanc\u00e9 la Polonaise Katarzyna\u00a0Niewiadoma (Canyon SRAM). La Fran\u00e7aise Juliette Labous s&#8217;empare d&rsquo;une magnifique 6\u00e8me place.<\/p>\n","protected":false},"author":4,"featured_media":123500,"comment_status":"open","ping_status":"closed","sticky":false,"template":"","format":"standard","meta":{"_acf_changed":false,"_daextam_enable_autolinks":"","footnotes":""},"categories":[2307],"tags":[7706],"class_list":["post-123469","post","type-post","status-publish","format-standard","has-post-thumbnail","hentry","category-cyclisme","tag-la-fleche-wallonne"],"acf":[],"yoast_head":"<!-- This site is optimized with the Yoast SEO Premium plugin v26.7 (Yoast SEO v26.7) - https:\/\/yoast.com\/wordpress\/plugins\/seo\/ -->\n<title>La Fl\u00e8che Wallonne f\u00e9minine : Anna van der Breggen s&#039;impose pour la 7\u00e8me fois cons\u00e9cutive<\/title>\n<meta name=\"robots\" content=\"index, follow, max-snippet:-1, max-image-preview:large, max-video-preview:-1\" \/>\n<link rel=\"canonical\" href=\"https:\/\/dicodusport.fr\/blog\/fleche-wallonne-feminine-anna-van-der-breggen-s-impose-pour-la-7eme-fois-consecutive\/\" \/>\n<meta property=\"og:locale\" content=\"fr_FR\" \/>\n<meta property=\"og:type\" content=\"article\" \/>\n<meta property=\"og:title\" content=\"La Fl\u00e8che Wallonne f\u00e9minine : Anna van der Breggen s&#039;impose pour la 7\u00e8me fois cons\u00e9cutive\" \/>\n<meta property=\"og:description\" content=\"CYCLISME - Imp\u00e9riale, Anna van der Breggen (SD Worx) a remport\u00e9 une 7\u00e8me Fl\u00e8che Wallonne cons\u00e9cutive ! La N\u00e9erlandaise, championne du monde en titre, a devanc\u00e9 la Polonaise Katarzyna\u00a0Niewiadoma (Canyon SRAM). La Fran\u00e7aise Juliette Labous s&#039;empare d&#039;une magnifique 6\u00e8me place.\" \/>\n<meta property=\"og:url\" content=\"https:\/\/dicodusport.fr\/blog\/fleche-wallonne-feminine-anna-van-der-breggen-s-impose-pour-la-7eme-fois-consecutive\/\" \/>\n<meta property=\"og:site_name\" content=\"Dicodusport\" \/>\n<meta property=\"article:publisher\" content=\"https:\/\/www.facebook.com\/dicodusport\" \/>\n<meta property=\"article:author\" content=\"https:\/\/www.facebook.com\/florent.ostermann\" \/>\n<meta property=\"article:published_time\" content=\"2021-04-21T10:19:11+00:00\" \/>\n<meta property=\"article:modified_time\" content=\"2021-04-21T12:45:21+00:00\" \/>\n<meta property=\"og:image\" content=\"https:\/\/dicodusport.fr\/blog\/wp-content\/uploads\/2021\/04\/La-Fleche-Wallonne-feminine-Anna-van-der-Breggen-simpose-pour-la-7eme-fois-consecutive.png\" \/>\n\t<meta property=\"og:image:width\" content=\"800\" \/>\n\t<meta property=\"og:image:height\" content=\"445\" \/>\n\t<meta property=\"og:image:type\" content=\"image\/png\" \/>\n<meta name=\"author\" content=\"Flo Ostermann\" \/>\n<meta name=\"twitter:card\" content=\"summary_large_image\" \/>\n<meta name=\"twitter:title\" content=\"La Fl\u00e8che Wallonne f\u00e9minine : Anna van der Breggen s&#039;impose pour la 7\u00e8me fois cons\u00e9cutive\" \/>\n<meta name=\"twitter:creator\" content=\"@https:\/\/twitter.com\/FlOstermann\" \/>\n<meta name=\"twitter:site\" content=\"@dicodusport\" \/>\n<script type=\"application\/ld+json\" class=\"yoast-schema-graph\">{\"@context\":\"https:\/\/schema.org\",\"@graph\":[{\"@type\":\"NewsArticle\",\"@id\":\"https:\/\/dicodusport.fr\/blog\/fleche-wallonne-feminine-anna-van-der-breggen-s-impose-pour-la-7eme-fois-consecutive\/#article\",\"isPartOf\":{\"@id\":\"https:\/\/dicodusport.fr\/blog\/fleche-wallonne-feminine-anna-van-der-breggen-s-impose-pour-la-7eme-fois-consecutive\/\"},\"author\":{\"name\":\"Flo Ostermann\",\"@id\":\"https:\/\/dicodusport.fr\/blog\/#\/schema\/person\/cb02af4c173ce4a653b55e9baf388d4a\"},\"headline\":\"La Fl\u00e8che Wallonne f\u00e9minine : Anna van der Breggen s&rsquo;impose pour la 7\u00e8me fois cons\u00e9cutive\",\"datePublished\":\"2021-04-21T10:19:11+00:00\",\"dateModified\":\"2021-04-21T12:45:21+00:00\",\"mainEntityOfPage\":{\"@id\":\"https:\/\/dicodusport.fr\/blog\/fleche-wallonne-feminine-anna-van-der-breggen-s-impose-pour-la-7eme-fois-consecutive\/\"},\"wordCount\":310,\"commentCount\":0,\"publisher\":{\"@id\":\"https:\/\/dicodusport.fr\/blog\/#organization\"},\"image\":{\"@id\":\"https:\/\/dicodusport.fr\/blog\/fleche-wallonne-feminine-anna-van-der-breggen-s-impose-pour-la-7eme-fois-consecutive\/#primaryimage\"},\"thumbnailUrl\":\"https:\/\/dicodusport.fr\/blog\/wp-content\/uploads\/2021\/04\/La-Fleche-Wallonne-feminine-Anna-van-der-Breggen-simpose-pour-la-7eme-fois-consecutive.png\",\"keywords\":[\"La Fl\u00e8che Wallonne\"],\"articleSection\":[\"Cyclisme\"],\"inLanguage\":\"fr-FR\",\"potentialAction\":[{\"@type\":\"CommentAction\",\"name\":\"Comment\",\"target\":[\"https:\/\/dicodusport.fr\/blog\/fleche-wallonne-feminine-anna-van-der-breggen-s-impose-pour-la-7eme-fois-consecutive\/#respond\"]}],\"copyrightYear\":\"2021\",\"copyrightHolder\":{\"@id\":\"https:\/\/dicodusport.fr\/blog\/#organization\"}},{\"@type\":\"WebPage\",\"@id\":\"https:\/\/dicodusport.fr\/blog\/fleche-wallonne-feminine-anna-van-der-breggen-s-impose-pour-la-7eme-fois-consecutive\/\",\"url\":\"https:\/\/dicodusport.fr\/blog\/fleche-wallonne-feminine-anna-van-der-breggen-s-impose-pour-la-7eme-fois-consecutive\/\",\"name\":\"La Fl\u00e8che Wallonne f\u00e9minine : Anna van der Breggen s'impose pour la 7\u00e8me fois cons\u00e9cutive\",\"isPartOf\":{\"@id\":\"https:\/\/dicodusport.fr\/blog\/#website\"},\"primaryImageOfPage\":{\"@id\":\"https:\/\/dicodusport.fr\/blog\/fleche-wallonne-feminine-anna-van-der-breggen-s-impose-pour-la-7eme-fois-consecutive\/#primaryimage\"},\"image\":{\"@id\":\"https:\/\/dicodusport.fr\/blog\/fleche-wallonne-feminine-anna-van-der-breggen-s-impose-pour-la-7eme-fois-consecutive\/#primaryimage\"},\"thumbnailUrl\":\"https:\/\/dicodusport.fr\/blog\/wp-content\/uploads\/2021\/04\/La-Fleche-Wallonne-feminine-Anna-van-der-Breggen-simpose-pour-la-7eme-fois-consecutive.png\",\"datePublished\":\"2021-04-21T10:19:11+00:00\",\"dateModified\":\"2021-04-21T12:45:21+00:00\",\"breadcrumb\":{\"@id\":\"https:\/\/dicodusport.fr\/blog\/fleche-wallonne-feminine-anna-van-der-breggen-s-impose-pour-la-7eme-fois-consecutive\/#breadcrumb\"},\"inLanguage\":\"fr-FR\",\"potentialAction\":[{\"@type\":\"ReadAction\",\"target\":[\"https:\/\/dicodusport.fr\/blog\/fleche-wallonne-feminine-anna-van-der-breggen-s-impose-pour-la-7eme-fois-consecutive\/\"]}]},{\"@type\":\"ImageObject\",\"inLanguage\":\"fr-FR\",\"@id\":\"https:\/\/dicodusport.fr\/blog\/fleche-wallonne-feminine-anna-van-der-breggen-s-impose-pour-la-7eme-fois-consecutive\/#primaryimage\",\"url\":\"https:\/\/dicodusport.fr\/blog\/wp-content\/uploads\/2021\/04\/La-Fleche-Wallonne-feminine-Anna-van-der-Breggen-simpose-pour-la-7eme-fois-consecutive.png\",\"contentUrl\":\"https:\/\/dicodusport.fr\/blog\/wp-content\/uploads\/2021\/04\/La-Fleche-Wallonne-feminine-Anna-van-der-Breggen-simpose-pour-la-7eme-fois-consecutive.png\",\"width\":800,\"height\":445,\"caption\":\"La Fl\u00e8che Wallonne f\u00e9minine - Anna van der Breggen s'impose pour la 7\u00e8me fois cons\u00e9cutive\"},{\"@type\":\"BreadcrumbList\",\"@id\":\"https:\/\/dicodusport.fr\/blog\/fleche-wallonne-feminine-anna-van-der-breggen-s-impose-pour-la-7eme-fois-consecutive\/#breadcrumb\",\"itemListElement\":[{\"@type\":\"ListItem\",\"position\":1,\"name\":\"Accueil\",\"item\":\"https:\/\/dicodusport.fr\/blog\/\"},{\"@type\":\"ListItem\",\"position\":2,\"name\":\"La Fl\u00e8che Wallonne f\u00e9minine : Anna van der Breggen s&rsquo;impose pour la 7\u00e8me fois cons\u00e9cutive\"}]},{\"@type\":\"WebSite\",\"@id\":\"https:\/\/dicodusport.fr\/blog\/#website\",\"url\":\"https:\/\/dicodusport.fr\/blog\/\",\"name\":\"Dicodusport\",\"description\":\"L&#039;encyclop\u00e9die de l&#039;actualit\u00e9 sportive\",\"publisher\":{\"@id\":\"https:\/\/dicodusport.fr\/blog\/#organization\"},\"potentialAction\":[{\"@type\":\"SearchAction\",\"target\":{\"@type\":\"EntryPoint\",\"urlTemplate\":\"https:\/\/dicodusport.fr\/blog\/?s={search_term_string}\"},\"query-input\":{\"@type\":\"PropertyValueSpecification\",\"valueRequired\":true,\"valueName\":\"search_term_string\"}}],\"inLanguage\":\"fr-FR\"},{\"@type\":\"NewsMediaOrganization\",\"@id\":\"https:\/\/dicodusport.fr\/blog\/#organization\",\"name\":\"Dicodusport\",\"url\":\"https:\/\/dicodusport.fr\/blog\/\",\"logo\":{\"@type\":\"ImageObject\",\"inLanguage\":\"fr-FR\",\"@id\":\"https:\/\/dicodusport.fr\/blog\/#\/schema\/logo\/image\/\",\"url\":\"https:\/\/dicodusport.fr\/blog\/wp-content\/uploads\/2020\/06\/cropped-LOGO-DICODUSPORT-2020-SANS-FOND-SANS-TEXTE.png\",\"contentUrl\":\"https:\/\/dicodusport.fr\/blog\/wp-content\/uploads\/2020\/06\/cropped-LOGO-DICODUSPORT-2020-SANS-FOND-SANS-TEXTE.png\",\"width\":512,\"height\":512,\"caption\":\"Dicodusport\"},\"image\":{\"@id\":\"https:\/\/dicodusport.fr\/blog\/#\/schema\/logo\/image\/\"},\"sameAs\":[\"https:\/\/www.facebook.com\/dicodusport\",\"https:\/\/x.com\/dicodusport\",\"https:\/\/www.instagram.com\/dicodusport\/\",\"https:\/\/www.youtube.com\/channel\/UC7V2KZ5sd3htJivAbA4ZG3w\"],\"description\":\"Dicodusport est l'encyclop\u00e9die de l'actualit\u00e9 sportive.\",\"email\":\"bonjour@dicodusport.fr\",\"legalName\":\"DICODUSPORT\",\"foundingDate\":\"2018-01-14\",\"vatID\":\"FR71834470973\",\"taxID\":\"83447097300043\",\"numberOfEmployees\":{\"@type\":\"QuantitativeValue\",\"minValue\":\"1\",\"maxValue\":\"10\"}},{\"@type\":\"Person\",\"@id\":\"https:\/\/dicodusport.fr\/blog\/#\/schema\/person\/cb02af4c173ce4a653b55e9baf388d4a\",\"name\":\"Flo Ostermann\",\"image\":{\"@type\":\"ImageObject\",\"inLanguage\":\"fr-FR\",\"@id\":\"https:\/\/dicodusport.fr\/blog\/#\/schema\/person\/image\/\",\"url\":\"https:\/\/dicodusport.fr\/blog\/wp-content\/uploads\/2021\/05\/Flo-Ostermann-150x150.jpg\",\"contentUrl\":\"https:\/\/dicodusport.fr\/blog\/wp-content\/uploads\/2021\/05\/Flo-Ostermann-150x150.jpg\",\"caption\":\"Flo Ostermann\"},\"description\":\"Journaliste\/R\u00e9dacteur depuis septembre 2015 - Mes premiers souvenirs dans le sport ? Les envol\u00e9es du Stade Toulousain et les duels Villeneuve-Schumacher et H\u00e4kkinen-Schumacher \u00e0 la fin des ann\u00e9es 90, la Coupe du monde de football en 1998, l\u2019exploit du XV de France face aux All Blacks en 1999, mais aussi Richard C\u0153ur de Lion qui vole sur les montagnes du Tour de France. Bien parti pour devenir professeur d\u2019EPS, les \u00e9v\u00e9nements de la vie (et la flemme d\u2019animer des s\u00e9ances de 3x500 m\u00e8tres toute ma vie) m\u2019ont conduit \u00e0 revoir mes plans. Me voil\u00e0 depuis fin 2017 sur Dicodusport, m\u00e9dia gr\u00e2ce (et pour) lequel je partage ma passion : le sport dans tous ses \u00e9tats. Le tout accompagn\u00e9 par les fous furieux et folles furieuses cit\u00e9s sur cette page !\",\"sameAs\":[\"https:\/\/www.facebook.com\/florent.ostermann\",\"https:\/\/x.com\/https:\/\/twitter.com\/FlOstermann\",\"admin\"],\"url\":\"https:\/\/dicodusport.fr\/blog\/author\/flo\/\"}]}<\/script>\n<!-- \/ Yoast SEO Premium plugin. -->","yoast_head_json":{"title":"La Fl\u00e8che Wallonne f\u00e9minine : Anna van der Breggen s'impose pour la 7\u00e8me fois cons\u00e9cutive","robots":{"index":"index","follow":"follow","max-snippet":"max-snippet:-1","max-image-preview":"max-image-preview:large","max-video-preview":"max-video-preview:-1"},"canonical":"https:\/\/dicodusport.fr\/blog\/fleche-wallonne-feminine-anna-van-der-breggen-s-impose-pour-la-7eme-fois-consecutive\/","og_locale":"fr_FR","og_type":"article","og_title":"La Fl\u00e8che Wallonne f\u00e9minine : Anna van der Breggen s'impose pour la 7\u00e8me fois cons\u00e9cutive","og_description":"CYCLISME - Imp\u00e9riale, Anna van der Breggen (SD Worx) a remport\u00e9 une 7\u00e8me Fl\u00e8che Wallonne cons\u00e9cutive ! La N\u00e9erlandaise, championne du monde en titre, a devanc\u00e9 la Polonaise Katarzyna\u00a0Niewiadoma (Canyon SRAM). La Fran\u00e7aise Juliette Labous s'empare d'une magnifique 6\u00e8me place.","og_url":"https:\/\/dicodusport.fr\/blog\/fleche-wallonne-feminine-anna-van-der-breggen-s-impose-pour-la-7eme-fois-consecutive\/","og_site_name":"Dicodusport","article_publisher":"https:\/\/www.facebook.com\/dicodusport","article_author":"https:\/\/www.facebook.com\/florent.ostermann","article_published_time":"2021-04-21T10:19:11+00:00","article_modified_time":"2021-04-21T12:45:21+00:00","og_image":[{"width":800,"height":445,"url":"https:\/\/dicodusport.fr\/blog\/wp-content\/uploads\/2021\/04\/La-Fleche-Wallonne-feminine-Anna-van-der-Breggen-simpose-pour-la-7eme-fois-consecutive.png","type":"image\/png"}],"author":"Flo Ostermann","twitter_card":"summary_large_image","twitter_title":"La Fl\u00e8che Wallonne f\u00e9minine : Anna van der Breggen s'impose pour la 7\u00e8me fois cons\u00e9cutive","twitter_creator":"@https:\/\/twitter.com\/FlOstermann","twitter_site":"@dicodusport","schema":{"@context":"https:\/\/schema.org","@graph":[{"@type":"NewsArticle","@id":"https:\/\/dicodusport.fr\/blog\/fleche-wallonne-feminine-anna-van-der-breggen-s-impose-pour-la-7eme-fois-consecutive\/#article","isPartOf":{"@id":"https:\/\/dicodusport.fr\/blog\/fleche-wallonne-feminine-anna-van-der-breggen-s-impose-pour-la-7eme-fois-consecutive\/"},"author":{"name":"Flo Ostermann","@id":"https:\/\/dicodusport.fr\/blog\/#\/schema\/person\/cb02af4c173ce4a653b55e9baf388d4a"},"headline":"La Fl\u00e8che Wallonne f\u00e9minine : Anna van der Breggen s&rsquo;impose pour la 7\u00e8me fois cons\u00e9cutive","datePublished":"2021-04-21T10:19:11+00:00","dateModified":"2021-04-21T12:45:21+00:00","mainEntityOfPage":{"@id":"https:\/\/dicodusport.fr\/blog\/fleche-wallonne-feminine-anna-van-der-breggen-s-impose-pour-la-7eme-fois-consecutive\/"},"wordCount":310,"commentCount":0,"publisher":{"@id":"https:\/\/dicodusport.fr\/blog\/#organization"},"image":{"@id":"https:\/\/dicodusport.fr\/blog\/fleche-wallonne-feminine-anna-van-der-breggen-s-impose-pour-la-7eme-fois-consecutive\/#primaryimage"},"thumbnailUrl":"https:\/\/dicodusport.fr\/blog\/wp-content\/uploads\/2021\/04\/La-Fleche-Wallonne-feminine-Anna-van-der-Breggen-simpose-pour-la-7eme-fois-consecutive.png","keywords":["La Fl\u00e8che Wallonne"],"articleSection":["Cyclisme"],"inLanguage":"fr-FR","potentialAction":[{"@type":"CommentAction","name":"Comment","target":["https:\/\/dicodusport.fr\/blog\/fleche-wallonne-feminine-anna-van-der-breggen-s-impose-pour-la-7eme-fois-consecutive\/#respond"]}],"copyrightYear":"2021","copyrightHolder":{"@id":"https:\/\/dicodusport.fr\/blog\/#organization"}},{"@type":"WebPage","@id":"https:\/\/dicodusport.fr\/blog\/fleche-wallonne-feminine-anna-van-der-breggen-s-impose-pour-la-7eme-fois-consecutive\/","url":"https:\/\/dicodusport.fr\/blog\/fleche-wallonne-feminine-anna-van-der-breggen-s-impose-pour-la-7eme-fois-consecutive\/","name":"La Fl\u00e8che Wallonne f\u00e9minine : Anna van der Breggen s'impose pour la 7\u00e8me fois cons\u00e9cutive","isPartOf":{"@id":"https:\/\/dicodusport.fr\/blog\/#website"},"primaryImageOfPage":{"@id":"https:\/\/dicodusport.fr\/blog\/fleche-wallonne-feminine-anna-van-der-breggen-s-impose-pour-la-7eme-fois-consecutive\/#primaryimage"},"image":{"@id":"https:\/\/dicodusport.fr\/blog\/fleche-wallonne-feminine-anna-van-der-breggen-s-impose-pour-la-7eme-fois-consecutive\/#primaryimage"},"thumbnailUrl":"https:\/\/dicodusport.fr\/blog\/wp-content\/uploads\/2021\/04\/La-Fleche-Wallonne-feminine-Anna-van-der-Breggen-simpose-pour-la-7eme-fois-consecutive.png","datePublished":"2021-04-21T10:19:11+00:00","dateModified":"2021-04-21T12:45:21+00:00","breadcrumb":{"@id":"https:\/\/dicodusport.fr\/blog\/fleche-wallonne-feminine-anna-van-der-breggen-s-impose-pour-la-7eme-fois-consecutive\/#breadcrumb"},"inLanguage":"fr-FR","potentialAction":[{"@type":"ReadAction","target":["https:\/\/dicodusport.fr\/blog\/fleche-wallonne-feminine-anna-van-der-breggen-s-impose-pour-la-7eme-fois-consecutive\/"]}]},{"@type":"ImageObject","inLanguage":"fr-FR","@id":"https:\/\/dicodusport.fr\/blog\/fleche-wallonne-feminine-anna-van-der-breggen-s-impose-pour-la-7eme-fois-consecutive\/#primaryimage","url":"https:\/\/dicodusport.fr\/blog\/wp-content\/uploads\/2021\/04\/La-Fleche-Wallonne-feminine-Anna-van-der-Breggen-simpose-pour-la-7eme-fois-consecutive.png","contentUrl":"https:\/\/dicodusport.fr\/blog\/wp-content\/uploads\/2021\/04\/La-Fleche-Wallonne-feminine-Anna-van-der-Breggen-simpose-pour-la-7eme-fois-consecutive.png","width":800,"height":445,"caption":"La Fl\u00e8che Wallonne f\u00e9minine - Anna van der Breggen s'impose pour la 7\u00e8me fois cons\u00e9cutive"},{"@type":"BreadcrumbList","@id":"https:\/\/dicodusport.fr\/blog\/fleche-wallonne-feminine-anna-van-der-breggen-s-impose-pour-la-7eme-fois-consecutive\/#breadcrumb","itemListElement":[{"@type":"ListItem","position":1,"name":"Accueil","item":"https:\/\/dicodusport.fr\/blog\/"},{"@type":"ListItem","position":2,"name":"La Fl\u00e8che Wallonne f\u00e9minine : Anna van der Breggen s&rsquo;impose pour la 7\u00e8me fois cons\u00e9cutive"}]},{"@type":"WebSite","@id":"https:\/\/dicodusport.fr\/blog\/#website","url":"https:\/\/dicodusport.fr\/blog\/","name":"Dicodusport","description":"L&#039;encyclop\u00e9die de l&#039;actualit\u00e9 sportive","publisher":{"@id":"https:\/\/dicodusport.fr\/blog\/#organization"},"potentialAction":[{"@type":"SearchAction","target":{"@type":"EntryPoint","urlTemplate":"https:\/\/dicodusport.fr\/blog\/?s={search_term_string}"},"query-input":{"@type":"PropertyValueSpecification","valueRequired":true,"valueName":"search_term_string"}}],"inLanguage":"fr-FR"},{"@type":"NewsMediaOrganization","@id":"https:\/\/dicodusport.fr\/blog\/#organization","name":"Dicodusport","url":"https:\/\/dicodusport.fr\/blog\/","logo":{"@type":"ImageObject","inLanguage":"fr-FR","@id":"https:\/\/dicodusport.fr\/blog\/#\/schema\/logo\/image\/","url":"https:\/\/dicodusport.fr\/blog\/wp-content\/uploads\/2020\/06\/cropped-LOGO-DICODUSPORT-2020-SANS-FOND-SANS-TEXTE.png","contentUrl":"https:\/\/dicodusport.fr\/blog\/wp-content\/uploads\/2020\/06\/cropped-LOGO-DICODUSPORT-2020-SANS-FOND-SANS-TEXTE.png","width":512,"height":512,"caption":"Dicodusport"},"image":{"@id":"https:\/\/dicodusport.fr\/blog\/#\/schema\/logo\/image\/"},"sameAs":["https:\/\/www.facebook.com\/dicodusport","https:\/\/x.com\/dicodusport","https:\/\/www.instagram.com\/dicodusport\/","https:\/\/www.youtube.com\/channel\/UC7V2KZ5sd3htJivAbA4ZG3w"],"description":"Dicodusport est l'encyclop\u00e9die de l'actualit\u00e9 sportive.","email":"bonjour@dicodusport.fr","legalName":"DICODUSPORT","foundingDate":"2018-01-14","vatID":"FR71834470973","taxID":"83447097300043","numberOfEmployees":{"@type":"QuantitativeValue","minValue":"1","maxValue":"10"}},{"@type":"Person","@id":"https:\/\/dicodusport.fr\/blog\/#\/schema\/person\/cb02af4c173ce4a653b55e9baf388d4a","name":"Flo Ostermann","image":{"@type":"ImageObject","inLanguage":"fr-FR","@id":"https:\/\/dicodusport.fr\/blog\/#\/schema\/person\/image\/","url":"https:\/\/dicodusport.fr\/blog\/wp-content\/uploads\/2021\/05\/Flo-Ostermann-150x150.jpg","contentUrl":"https:\/\/dicodusport.fr\/blog\/wp-content\/uploads\/2021\/05\/Flo-Ostermann-150x150.jpg","caption":"Flo Ostermann"},"description":"Journaliste\/R\u00e9dacteur depuis septembre 2015 - Mes premiers souvenirs dans le sport ? Les envol\u00e9es du Stade Toulousain et les duels Villeneuve-Schumacher et H\u00e4kkinen-Schumacher \u00e0 la fin des ann\u00e9es 90, la Coupe du monde de football en 1998, l\u2019exploit du XV de France face aux All Blacks en 1999, mais aussi Richard C\u0153ur de Lion qui vole sur les montagnes du Tour de France. Bien parti pour devenir professeur d\u2019EPS, les \u00e9v\u00e9nements de la vie (et la flemme d\u2019animer des s\u00e9ances de 3x500 m\u00e8tres toute ma vie) m\u2019ont conduit \u00e0 revoir mes plans. Me voil\u00e0 depuis fin 2017 sur Dicodusport, m\u00e9dia gr\u00e2ce (et pour) lequel je partage ma passion : le sport dans tous ses \u00e9tats. Le tout accompagn\u00e9 par les fous furieux et folles furieuses cit\u00e9s sur cette page !","sameAs":["https:\/\/www.facebook.com\/florent.ostermann","https:\/\/x.com\/https:\/\/twitter.com\/FlOstermann","admin"],"url":"https:\/\/dicodusport.fr\/blog\/author\/flo\/"}]}},"_links":{"self":[{"href":"https:\/\/dicodusport.fr\/blog\/wp-json\/wp\/v2\/posts\/123469","targetHints":{"allow":["GET"]}}],"collection":[{"href":"https:\/\/dicodusport.fr\/blog\/wp-json\/wp\/v2\/posts"}],"about":[{"href":"https:\/\/dicodusport.fr\/blog\/wp-json\/wp\/v2\/types\/post"}],"author":[{"embeddable":true,"href":"https:\/\/dicodusport.fr\/blog\/wp-json\/wp\/v2\/users\/4"}],"replies":[{"embeddable":true,"href":"https:\/\/dicodusport.fr\/blog\/wp-json\/wp\/v2\/comments?post=123469"}],"version-history":[{"count":0,"href":"https:\/\/dicodusport.fr\/blog\/wp-json\/wp\/v2\/posts\/123469\/revisions"}],"wp:featuredmedia":[{"embeddable":true,"href":"https:\/\/dicodusport.fr\/blog\/wp-json\/wp\/v2\/media\/123500"}],"wp:attachment":[{"href":"https:\/\/dicodusport.fr\/blog\/wp-json\/wp\/v2\/media?parent=123469"}],"wp:term":[{"taxonomy":"category","embeddable":true,"href":"https:\/\/dicodusport.fr\/blog\/wp-json\/wp\/v2\/categories?post=123469"},{"taxonomy":"post_tag","embeddable":true,"href":"https:\/\/dicodusport.fr\/blog\/wp-json\/wp\/v2\/tags?post=123469"}],"curies":[{"name":"wp","href":"https:\/\/api.w.org\/{rel}","templated":true}]}}