{"id":12354,"date":"2018-02-10T17:48:48","date_gmt":"2018-02-10T16:48:48","guid":{"rendered":"http:\/\/dicodusport.fr\/blog\/?p=12354"},"modified":"2018-02-11T08:24:32","modified_gmt":"2018-02-11T07:24:32","slug":"jo-2018-programme-11-fevrier-martin-fourcade-lice-perrine-laffont-medaille","status":"publish","type":"post","link":"https:\/\/dicodusport.fr\/blog\/jo-2018-programme-11-fevrier-martin-fourcade-lice-perrine-laffont-medaille\/","title":{"rendered":"JO 2018 &#8211; Programme du 11 f\u00e9vrier : Martin Fourcade en lice, Perrine Laffont pour une m\u00e9daille"},"content":{"rendered":"<p style=\"text-align: justify;\"><em><strong>Deuxi\u00e8me jour de comp\u00e9tition en Cor\u00e9e du Sud ! Au programme de ce dimanche l&rsquo;entr\u00e9e en lice dans ces JO de Martin Fourcade, la premi\u00e8re \u00e9preuve de ski alpin et la finale de Perrine Laffont.<\/strong><\/em><\/p>\n<h4 style=\"text-align: justify;\">2h00 : Patinage artistique &#8211; \u00c9preuve par \u00e9quipes<\/h4>\n<p style=\"text-align: justify;\">Trois nouvelles \u00e9preuves au programme de cette deuxi\u00e8me journ\u00e9e de la comp\u00e9tition par \u00e9quipes. Les Fran\u00e7ais, derniers pour le moment, sont presque d\u00e9j\u00e0 hors course pour la m\u00e9daille. Rendez-vous \u00e0 2h donc, avec Marie-Jade Lauriault &amp; Romain Le Gac pour le programme court en danse et Ma\u00e9-B\u00e9r\u00e9nice Meit\u00e9 pour le programme court femmes \u00e0 4h.<\/p>\n<h4 style=\"text-align: justify;\">3h00 : Ski alpin &#8211; Descente (H)<\/h4>\n<p style=\"text-align: justify;\">La descente est encore incertaine \u00e0 cause des conditions climatiques et des rafales de vent sur la piste. Les Norv\u00e9giens Jansrud et Svindal seront les grands favoris. Quatre Fran\u00e7ais seront au d\u00e9part :\u00a0Roger (6), Clarey (12), Th\u00e9aux (19) et Muzaton (25). Brice Roger a r\u00e9alis\u00e9 des bonnes performances lors des entrainements avec une quatri\u00e8me place lors de la derni\u00e8re s\u00e9ance samedi.<\/p>\n<h4 style=\"text-align: justify;\">5h30 : Snowboard &#8211; Qualifications slopestyle (F)<\/h4>\n<p style=\"text-align: justify;\">Lucile Lefevre, premi\u00e8re repr\u00e9sentante fran\u00e7aise en snowboard slopestyle aura fort \u00e0 faire pour se qualifier pour la finale. La Tricolore de 22 ans, seule engag\u00e9e tricolore hommes et femmes confondus, n&rsquo;est pas parvenue \u00e0 atteindre une finale cette saison en Coupe du Monde.<\/p>\n<h4 style=\"text-align: justify;\">7h15 : Ski de fond &#8211; Skiathlon (H)<\/h4>\n<p style=\"text-align: justify;\">Premi\u00e8re \u00e9preuve de ski de fond pour les hommes avec quatre Fran\u00e7ais au d\u00e9part : Manificat, Gaillard, Parisse et Lapierre. Si pour les deux plus exp\u00e9riment\u00e9s de la bande ce n&rsquo;est pas leur \u00e9preuve de pr\u00e9dilection, ils font partie des outsiders pour une m\u00e9daille.<\/p>\n<h4 style=\"text-align: justify;\">8h00 : Patinage de vitesse &#8211; 5000m (H)<\/h4>\n<p style=\"text-align: justify;\">Premi\u00e8re des trois \u00e9preuves olympiques pour Alexis Contin, avec le 5000m. S&rsquo;il avait termin\u00e9 sixi\u00e8me de cette \u00e9preuve aux JO de Vancouver, le patineur fran\u00e7ais aura plus de chances de bien figurer sur la mass start.<\/p>\n<p style=\"text-align: justify;\">\n<h4 style=\"text-align: justify;\">12h15 : Biathlon &#8211; Sprint (H) <b><br \/>\n<\/b><\/h4>\n<p style=\"text-align: justify;\">C&rsquo;est l&rsquo;entr\u00e9e en lice de notre porte-drapeau, Martin Fourcade : l&rsquo;heure du premier round face \u00e0 son grand rival cette saison, Johannes Boe, le favori de cette course. Trois autres Fran\u00e7ais seront au d\u00e9part : Quentin Fillon Maillet, Simon Desthieux et Antonin Guigonnat. S&rsquo;ils r\u00e9alisent un tir parfait, ils ne seront pas loin de monter sur le podium.<\/p>\n<h4>13h : Ski freestyle &#8211; Finale ski de bosses (F)<\/h4>\n<p>Vainqueur de la manche de qualifications vendredi, Perrine Laffont pourrait bien apporter la premi\u00e8re m\u00e9daille \u00e0 l&rsquo;\u00e9quipe de France. Les Am\u00e9ricaines et les Canadiennes seront les principales rivales de la Fran\u00e7aise.<\/p>\n<p style=\"text-align: justify;\"><em><strong>Nicolas Jacquemard<\/strong><br \/>\n<\/em><a href=\"https:\/\/twitter.com\/Nico_Jacquemard\" target=\"_blank\" rel=\"noopener noreferrer\"><img loading=\"lazy\" decoding=\"async\" class=\"alignnone wp-image-2908\" src=\"http:\/\/dicodusport.fr\/blog\/wp-content\/uploads\/2017\/07\/logo-twitter-150x150.png\" alt=\"\" width=\"39\" height=\"39\" \/><\/a><a href=\"https:\/\/www.facebook.com\/dicodusport\/\" target=\"_blank\" rel=\"noopener noreferrer\"><img loading=\"lazy\" decoding=\"async\" class=\"alignnone wp-image-2909\" src=\"http:\/\/dicodusport.fr\/blog\/wp-content\/uploads\/2017\/07\/logo-facebook-150x150.png\" alt=\"\" width=\"40\" height=\"40\" \/><\/a><\/p>\n","protected":false},"excerpt":{"rendered":"<p>Deuxi\u00e8me jour de comp\u00e9tition en Cor\u00e9e du Sud ! Au programme de ce dimanche, l&rsquo;entr\u00e9e en lice dans ses JO de Martin Fourcade, la premi\u00e8re \u00e9preuve de ski alpin et la finale de Perrine Laffont.<\/p>\n","protected":false},"author":1,"featured_media":12110,"comment_status":"open","ping_status":"closed","sticky":false,"template":"","format":"standard","meta":{"_acf_changed":false,"_daextam_enable_autolinks":"","footnotes":""},"categories":[2,3588,2313],"tags":[2427,3544,2429,2646],"class_list":["post-12354","post","type-post","status-publish","format-standard","has-post-thumbnail","hentry","category-actualites","category-pyeongchang-2018","category-sports-dhiver","tag-biathlon","tag-jo-de-pyeongchang","tag-martin-fourcade","tag-short-track"],"acf":[],"yoast_head":"<!-- This site is optimized with the Yoast SEO Premium plugin v26.7 (Yoast SEO v26.7) - https:\/\/yoast.com\/wordpress\/plugins\/seo\/ -->\n<title>JO 2018 - Programme du 11 f\u00e9vrier : Martin Fourcade en lice, Perrine Laffont pour une m\u00e9daille<\/title>\n<meta name=\"description\" content=\"Deuxi\u00e8me jour de comp\u00e9tition en Cor\u00e9e du Sud ! Au programme de ce dimanche, l&#039;entr\u00e9e en lice dans ses JO de Martin Fourcade, la premi\u00e8re \u00e9preuve de ski alpin et la finale de Perrine Laffont.\" \/>\n<meta name=\"robots\" content=\"index, follow, max-snippet:-1, max-image-preview:large, max-video-preview:-1\" \/>\n<link rel=\"canonical\" href=\"https:\/\/dicodusport.fr\/blog\/jo-2018-programme-11-fevrier-martin-fourcade-lice-perrine-laffont-medaille\/\" \/>\n<meta property=\"og:locale\" content=\"fr_FR\" \/>\n<meta property=\"og:type\" content=\"article\" \/>\n<meta property=\"og:title\" content=\"JO 2018 - Programme du 11 f\u00e9vrier : Martin Fourcade en lice, Perrine Laffont pour une m\u00e9daille\" \/>\n<meta property=\"og:description\" content=\"Deuxi\u00e8me jour de comp\u00e9tition en Cor\u00e9e du Sud ! Au programme de ce dimanche, l&#039;entr\u00e9e en lice dans ses JO de Martin Fourcade, la premi\u00e8re \u00e9preuve de ski alpin et la finale de Perrine Laffont.\" \/>\n<meta property=\"og:url\" content=\"https:\/\/dicodusport.fr\/blog\/jo-2018-programme-11-fevrier-martin-fourcade-lice-perrine-laffont-medaille\/\" \/>\n<meta property=\"og:site_name\" content=\"Dicodusport\" \/>\n<meta property=\"article:publisher\" content=\"https:\/\/www.facebook.com\/dicodusport\" \/>\n<meta property=\"article:author\" content=\"https:\/\/www.facebook.com\/dicodusport\" \/>\n<meta property=\"article:published_time\" content=\"2018-02-10T16:48:48+00:00\" \/>\n<meta property=\"article:modified_time\" content=\"2018-02-11T07:24:32+00:00\" \/>\n<meta property=\"og:image\" content=\"https:\/\/dicodusport.fr\/blog\/wp-content\/uploads\/2018\/02\/JO-2018-Programme-11-f\u00e9vrier.png\" \/>\n\t<meta property=\"og:image:width\" content=\"1200\" \/>\n\t<meta property=\"og:image:height\" content=\"670\" \/>\n\t<meta property=\"og:image:type\" content=\"image\/png\" \/>\n<meta name=\"author\" content=\"Nicolas Jacquemard\" \/>\n<meta name=\"twitter:card\" content=\"summary_large_image\" \/>\n<meta name=\"twitter:creator\" content=\"@https:\/\/twitter.com\/Nico_Jacquemard\" \/>\n<meta name=\"twitter:site\" content=\"@dicodusport\" \/>\n<script type=\"application\/ld+json\" class=\"yoast-schema-graph\">{\"@context\":\"https:\/\/schema.org\",\"@graph\":[{\"@type\":\"NewsArticle\",\"@id\":\"https:\/\/dicodusport.fr\/blog\/jo-2018-programme-11-fevrier-martin-fourcade-lice-perrine-laffont-medaille\/#article\",\"isPartOf\":{\"@id\":\"https:\/\/dicodusport.fr\/blog\/jo-2018-programme-11-fevrier-martin-fourcade-lice-perrine-laffont-medaille\/\"},\"author\":{\"name\":\"Nicolas Jacquemard\",\"@id\":\"https:\/\/dicodusport.fr\/blog\/#\/schema\/person\/55dcb50ad410894e431ed812bbb70191\"},\"headline\":\"JO 2018 &#8211; Programme du 11 f\u00e9vrier : Martin Fourcade en lice, Perrine Laffont pour une m\u00e9daille\",\"datePublished\":\"2018-02-10T16:48:48+00:00\",\"dateModified\":\"2018-02-11T07:24:32+00:00\",\"mainEntityOfPage\":{\"@id\":\"https:\/\/dicodusport.fr\/blog\/jo-2018-programme-11-fevrier-martin-fourcade-lice-perrine-laffont-medaille\/\"},\"wordCount\":465,\"commentCount\":0,\"publisher\":{\"@id\":\"https:\/\/dicodusport.fr\/blog\/#organization\"},\"image\":{\"@id\":\"https:\/\/dicodusport.fr\/blog\/jo-2018-programme-11-fevrier-martin-fourcade-lice-perrine-laffont-medaille\/#primaryimage\"},\"thumbnailUrl\":\"https:\/\/dicodusport.fr\/blog\/wp-content\/uploads\/2018\/02\/JO-2018-Programme-11-f\u00e9vrier.png\",\"keywords\":[\"Biathlon\",\"JO de Pyeongchang\",\"Martin Fourcade\",\"short track\"],\"articleSection\":[\"Actualit\u00e9s\",\"Pyeongchang 2018\",\"Sports d'hiver\"],\"inLanguage\":\"fr-FR\",\"potentialAction\":[{\"@type\":\"CommentAction\",\"name\":\"Comment\",\"target\":[\"https:\/\/dicodusport.fr\/blog\/jo-2018-programme-11-fevrier-martin-fourcade-lice-perrine-laffont-medaille\/#respond\"]}],\"copyrightYear\":\"2018\",\"copyrightHolder\":{\"@id\":\"https:\/\/dicodusport.fr\/blog\/#organization\"}},{\"@type\":\"WebPage\",\"@id\":\"https:\/\/dicodusport.fr\/blog\/jo-2018-programme-11-fevrier-martin-fourcade-lice-perrine-laffont-medaille\/\",\"url\":\"https:\/\/dicodusport.fr\/blog\/jo-2018-programme-11-fevrier-martin-fourcade-lice-perrine-laffont-medaille\/\",\"name\":\"JO 2018 - Programme du 11 f\u00e9vrier : Martin Fourcade en lice, Perrine Laffont pour une m\u00e9daille\",\"isPartOf\":{\"@id\":\"https:\/\/dicodusport.fr\/blog\/#website\"},\"primaryImageOfPage\":{\"@id\":\"https:\/\/dicodusport.fr\/blog\/jo-2018-programme-11-fevrier-martin-fourcade-lice-perrine-laffont-medaille\/#primaryimage\"},\"image\":{\"@id\":\"https:\/\/dicodusport.fr\/blog\/jo-2018-programme-11-fevrier-martin-fourcade-lice-perrine-laffont-medaille\/#primaryimage\"},\"thumbnailUrl\":\"https:\/\/dicodusport.fr\/blog\/wp-content\/uploads\/2018\/02\/JO-2018-Programme-11-f\u00e9vrier.png\",\"datePublished\":\"2018-02-10T16:48:48+00:00\",\"dateModified\":\"2018-02-11T07:24:32+00:00\",\"description\":\"Deuxi\u00e8me jour de comp\u00e9tition en Cor\u00e9e du Sud ! Au programme de ce dimanche, l'entr\u00e9e en lice dans ses JO de Martin Fourcade, la premi\u00e8re \u00e9preuve de ski alpin et la finale de Perrine Laffont.\",\"breadcrumb\":{\"@id\":\"https:\/\/dicodusport.fr\/blog\/jo-2018-programme-11-fevrier-martin-fourcade-lice-perrine-laffont-medaille\/#breadcrumb\"},\"inLanguage\":\"fr-FR\",\"potentialAction\":[{\"@type\":\"ReadAction\",\"target\":[\"https:\/\/dicodusport.fr\/blog\/jo-2018-programme-11-fevrier-martin-fourcade-lice-perrine-laffont-medaille\/\"]}]},{\"@type\":\"ImageObject\",\"inLanguage\":\"fr-FR\",\"@id\":\"https:\/\/dicodusport.fr\/blog\/jo-2018-programme-11-fevrier-martin-fourcade-lice-perrine-laffont-medaille\/#primaryimage\",\"url\":\"https:\/\/dicodusport.fr\/blog\/wp-content\/uploads\/2018\/02\/JO-2018-Programme-11-f\u00e9vrier.png\",\"contentUrl\":\"https:\/\/dicodusport.fr\/blog\/wp-content\/uploads\/2018\/02\/JO-2018-Programme-11-f\u00e9vrier.png\",\"width\":1200,\"height\":670,\"caption\":\"JO 2018 - Programme 11 f\u00e9vrier\"},{\"@type\":\"BreadcrumbList\",\"@id\":\"https:\/\/dicodusport.fr\/blog\/jo-2018-programme-11-fevrier-martin-fourcade-lice-perrine-laffont-medaille\/#breadcrumb\",\"itemListElement\":[{\"@type\":\"ListItem\",\"position\":1,\"name\":\"Accueil\",\"item\":\"https:\/\/dicodusport.fr\/blog\/\"},{\"@type\":\"ListItem\",\"position\":2,\"name\":\"JO 2018 &#8211; Programme du 11 f\u00e9vrier : Martin Fourcade en lice, Perrine Laffont pour une m\u00e9daille\"}]},{\"@type\":\"WebSite\",\"@id\":\"https:\/\/dicodusport.fr\/blog\/#website\",\"url\":\"https:\/\/dicodusport.fr\/blog\/\",\"name\":\"Dicodusport\",\"description\":\"L&#039;encyclop\u00e9die de l&#039;actualit\u00e9 sportive\",\"publisher\":{\"@id\":\"https:\/\/dicodusport.fr\/blog\/#organization\"},\"potentialAction\":[{\"@type\":\"SearchAction\",\"target\":{\"@type\":\"EntryPoint\",\"urlTemplate\":\"https:\/\/dicodusport.fr\/blog\/?s={search_term_string}\"},\"query-input\":{\"@type\":\"PropertyValueSpecification\",\"valueRequired\":true,\"valueName\":\"search_term_string\"}}],\"inLanguage\":\"fr-FR\"},{\"@type\":\"NewsMediaOrganization\",\"@id\":\"https:\/\/dicodusport.fr\/blog\/#organization\",\"name\":\"Dicodusport\",\"url\":\"https:\/\/dicodusport.fr\/blog\/\",\"logo\":{\"@type\":\"ImageObject\",\"inLanguage\":\"fr-FR\",\"@id\":\"https:\/\/dicodusport.fr\/blog\/#\/schema\/logo\/image\/\",\"url\":\"https:\/\/dicodusport.fr\/blog\/wp-content\/uploads\/2020\/06\/cropped-LOGO-DICODUSPORT-2020-SANS-FOND-SANS-TEXTE.png\",\"contentUrl\":\"https:\/\/dicodusport.fr\/blog\/wp-content\/uploads\/2020\/06\/cropped-LOGO-DICODUSPORT-2020-SANS-FOND-SANS-TEXTE.png\",\"width\":512,\"height\":512,\"caption\":\"Dicodusport\"},\"image\":{\"@id\":\"https:\/\/dicodusport.fr\/blog\/#\/schema\/logo\/image\/\"},\"sameAs\":[\"https:\/\/www.facebook.com\/dicodusport\",\"https:\/\/x.com\/dicodusport\",\"https:\/\/www.instagram.com\/dicodusport\/\",\"https:\/\/www.youtube.com\/channel\/UC7V2KZ5sd3htJivAbA4ZG3w\"],\"description\":\"Dicodusport est l'encyclop\u00e9die de l'actualit\u00e9 sportive.\",\"email\":\"bonjour@dicodusport.fr\",\"legalName\":\"DICODUSPORT\",\"foundingDate\":\"2018-01-14\",\"vatID\":\"FR71834470973\",\"taxID\":\"83447097300043\",\"numberOfEmployees\":{\"@type\":\"QuantitativeValue\",\"minValue\":\"1\",\"maxValue\":\"10\"}},{\"@type\":\"Person\",\"@id\":\"https:\/\/dicodusport.fr\/blog\/#\/schema\/person\/55dcb50ad410894e431ed812bbb70191\",\"name\":\"Nicolas Jacquemard\",\"image\":{\"@type\":\"ImageObject\",\"inLanguage\":\"fr-FR\",\"@id\":\"https:\/\/dicodusport.fr\/blog\/#\/schema\/person\/image\/\",\"url\":\"https:\/\/dicodusport.fr\/blog\/wp-content\/uploads\/2021\/05\/Nicolas-Jacquemard-150x150.jpeg\",\"contentUrl\":\"https:\/\/dicodusport.fr\/blog\/wp-content\/uploads\/2021\/05\/Nicolas-Jacquemard-150x150.jpeg\",\"caption\":\"Nicolas Jacquemard\"},\"description\":\"Passionn\u00e9 de sport et entrepreneur depuis mes 18 ans, la cr\u00e9ation de Dicodusport m'a sembl\u00e9 \u00e9vidente pour participer \u00e0 la m\u00e9diatisation d'un plus grand nombre de sports. Le chemin est long mais avec une \u00e9quipe des plus motiv\u00e9es et les Jeux Olympiques de Paris 2024 en point de mire, nous y arriverons ! Journaliste dans le monde du sport depuis plus de 5 ans, je traite aussi bien de football, de rugby, de biathlon que de cyclisme.\",\"sameAs\":[\"https:\/\/www.facebook.com\/dicodusport\",\"https:\/\/x.com\/https:\/\/twitter.com\/Nico_Jacquemard\"],\"url\":\"https:\/\/dicodusport.fr\/blog\/author\/dicodusport\/\"}]}<\/script>\n<!-- \/ Yoast SEO Premium plugin. -->","yoast_head_json":{"title":"JO 2018 - Programme du 11 f\u00e9vrier : Martin Fourcade en lice, Perrine Laffont pour une m\u00e9daille","description":"Deuxi\u00e8me jour de comp\u00e9tition en Cor\u00e9e du Sud ! Au programme de ce dimanche, l'entr\u00e9e en lice dans ses JO de Martin Fourcade, la premi\u00e8re \u00e9preuve de ski alpin et la finale de Perrine Laffont.","robots":{"index":"index","follow":"follow","max-snippet":"max-snippet:-1","max-image-preview":"max-image-preview:large","max-video-preview":"max-video-preview:-1"},"canonical":"https:\/\/dicodusport.fr\/blog\/jo-2018-programme-11-fevrier-martin-fourcade-lice-perrine-laffont-medaille\/","og_locale":"fr_FR","og_type":"article","og_title":"JO 2018 - Programme du 11 f\u00e9vrier : Martin Fourcade en lice, Perrine Laffont pour une m\u00e9daille","og_description":"Deuxi\u00e8me jour de comp\u00e9tition en Cor\u00e9e du Sud ! Au programme de ce dimanche, l'entr\u00e9e en lice dans ses JO de Martin Fourcade, la premi\u00e8re \u00e9preuve de ski alpin et la finale de Perrine Laffont.","og_url":"https:\/\/dicodusport.fr\/blog\/jo-2018-programme-11-fevrier-martin-fourcade-lice-perrine-laffont-medaille\/","og_site_name":"Dicodusport","article_publisher":"https:\/\/www.facebook.com\/dicodusport","article_author":"https:\/\/www.facebook.com\/dicodusport","article_published_time":"2018-02-10T16:48:48+00:00","article_modified_time":"2018-02-11T07:24:32+00:00","og_image":[{"width":1200,"height":670,"url":"https:\/\/dicodusport.fr\/blog\/wp-content\/uploads\/2018\/02\/JO-2018-Programme-11-f\u00e9vrier.png","type":"image\/png"}],"author":"Nicolas Jacquemard","twitter_card":"summary_large_image","twitter_creator":"@https:\/\/twitter.com\/Nico_Jacquemard","twitter_site":"@dicodusport","schema":{"@context":"https:\/\/schema.org","@graph":[{"@type":"NewsArticle","@id":"https:\/\/dicodusport.fr\/blog\/jo-2018-programme-11-fevrier-martin-fourcade-lice-perrine-laffont-medaille\/#article","isPartOf":{"@id":"https:\/\/dicodusport.fr\/blog\/jo-2018-programme-11-fevrier-martin-fourcade-lice-perrine-laffont-medaille\/"},"author":{"name":"Nicolas Jacquemard","@id":"https:\/\/dicodusport.fr\/blog\/#\/schema\/person\/55dcb50ad410894e431ed812bbb70191"},"headline":"JO 2018 &#8211; Programme du 11 f\u00e9vrier : Martin Fourcade en lice, Perrine Laffont pour une m\u00e9daille","datePublished":"2018-02-10T16:48:48+00:00","dateModified":"2018-02-11T07:24:32+00:00","mainEntityOfPage":{"@id":"https:\/\/dicodusport.fr\/blog\/jo-2018-programme-11-fevrier-martin-fourcade-lice-perrine-laffont-medaille\/"},"wordCount":465,"commentCount":0,"publisher":{"@id":"https:\/\/dicodusport.fr\/blog\/#organization"},"image":{"@id":"https:\/\/dicodusport.fr\/blog\/jo-2018-programme-11-fevrier-martin-fourcade-lice-perrine-laffont-medaille\/#primaryimage"},"thumbnailUrl":"https:\/\/dicodusport.fr\/blog\/wp-content\/uploads\/2018\/02\/JO-2018-Programme-11-f\u00e9vrier.png","keywords":["Biathlon","JO de Pyeongchang","Martin Fourcade","short track"],"articleSection":["Actualit\u00e9s","Pyeongchang 2018","Sports d'hiver"],"inLanguage":"fr-FR","potentialAction":[{"@type":"CommentAction","name":"Comment","target":["https:\/\/dicodusport.fr\/blog\/jo-2018-programme-11-fevrier-martin-fourcade-lice-perrine-laffont-medaille\/#respond"]}],"copyrightYear":"2018","copyrightHolder":{"@id":"https:\/\/dicodusport.fr\/blog\/#organization"}},{"@type":"WebPage","@id":"https:\/\/dicodusport.fr\/blog\/jo-2018-programme-11-fevrier-martin-fourcade-lice-perrine-laffont-medaille\/","url":"https:\/\/dicodusport.fr\/blog\/jo-2018-programme-11-fevrier-martin-fourcade-lice-perrine-laffont-medaille\/","name":"JO 2018 - Programme du 11 f\u00e9vrier : Martin Fourcade en lice, Perrine Laffont pour une m\u00e9daille","isPartOf":{"@id":"https:\/\/dicodusport.fr\/blog\/#website"},"primaryImageOfPage":{"@id":"https:\/\/dicodusport.fr\/blog\/jo-2018-programme-11-fevrier-martin-fourcade-lice-perrine-laffont-medaille\/#primaryimage"},"image":{"@id":"https:\/\/dicodusport.fr\/blog\/jo-2018-programme-11-fevrier-martin-fourcade-lice-perrine-laffont-medaille\/#primaryimage"},"thumbnailUrl":"https:\/\/dicodusport.fr\/blog\/wp-content\/uploads\/2018\/02\/JO-2018-Programme-11-f\u00e9vrier.png","datePublished":"2018-02-10T16:48:48+00:00","dateModified":"2018-02-11T07:24:32+00:00","description":"Deuxi\u00e8me jour de comp\u00e9tition en Cor\u00e9e du Sud ! Au programme de ce dimanche, l'entr\u00e9e en lice dans ses JO de Martin Fourcade, la premi\u00e8re \u00e9preuve de ski alpin et la finale de Perrine Laffont.","breadcrumb":{"@id":"https:\/\/dicodusport.fr\/blog\/jo-2018-programme-11-fevrier-martin-fourcade-lice-perrine-laffont-medaille\/#breadcrumb"},"inLanguage":"fr-FR","potentialAction":[{"@type":"ReadAction","target":["https:\/\/dicodusport.fr\/blog\/jo-2018-programme-11-fevrier-martin-fourcade-lice-perrine-laffont-medaille\/"]}]},{"@type":"ImageObject","inLanguage":"fr-FR","@id":"https:\/\/dicodusport.fr\/blog\/jo-2018-programme-11-fevrier-martin-fourcade-lice-perrine-laffont-medaille\/#primaryimage","url":"https:\/\/dicodusport.fr\/blog\/wp-content\/uploads\/2018\/02\/JO-2018-Programme-11-f\u00e9vrier.png","contentUrl":"https:\/\/dicodusport.fr\/blog\/wp-content\/uploads\/2018\/02\/JO-2018-Programme-11-f\u00e9vrier.png","width":1200,"height":670,"caption":"JO 2018 - Programme 11 f\u00e9vrier"},{"@type":"BreadcrumbList","@id":"https:\/\/dicodusport.fr\/blog\/jo-2018-programme-11-fevrier-martin-fourcade-lice-perrine-laffont-medaille\/#breadcrumb","itemListElement":[{"@type":"ListItem","position":1,"name":"Accueil","item":"https:\/\/dicodusport.fr\/blog\/"},{"@type":"ListItem","position":2,"name":"JO 2018 &#8211; Programme du 11 f\u00e9vrier : Martin Fourcade en lice, Perrine Laffont pour une m\u00e9daille"}]},{"@type":"WebSite","@id":"https:\/\/dicodusport.fr\/blog\/#website","url":"https:\/\/dicodusport.fr\/blog\/","name":"Dicodusport","description":"L&#039;encyclop\u00e9die de l&#039;actualit\u00e9 sportive","publisher":{"@id":"https:\/\/dicodusport.fr\/blog\/#organization"},"potentialAction":[{"@type":"SearchAction","target":{"@type":"EntryPoint","urlTemplate":"https:\/\/dicodusport.fr\/blog\/?s={search_term_string}"},"query-input":{"@type":"PropertyValueSpecification","valueRequired":true,"valueName":"search_term_string"}}],"inLanguage":"fr-FR"},{"@type":"NewsMediaOrganization","@id":"https:\/\/dicodusport.fr\/blog\/#organization","name":"Dicodusport","url":"https:\/\/dicodusport.fr\/blog\/","logo":{"@type":"ImageObject","inLanguage":"fr-FR","@id":"https:\/\/dicodusport.fr\/blog\/#\/schema\/logo\/image\/","url":"https:\/\/dicodusport.fr\/blog\/wp-content\/uploads\/2020\/06\/cropped-LOGO-DICODUSPORT-2020-SANS-FOND-SANS-TEXTE.png","contentUrl":"https:\/\/dicodusport.fr\/blog\/wp-content\/uploads\/2020\/06\/cropped-LOGO-DICODUSPORT-2020-SANS-FOND-SANS-TEXTE.png","width":512,"height":512,"caption":"Dicodusport"},"image":{"@id":"https:\/\/dicodusport.fr\/blog\/#\/schema\/logo\/image\/"},"sameAs":["https:\/\/www.facebook.com\/dicodusport","https:\/\/x.com\/dicodusport","https:\/\/www.instagram.com\/dicodusport\/","https:\/\/www.youtube.com\/channel\/UC7V2KZ5sd3htJivAbA4ZG3w"],"description":"Dicodusport est l'encyclop\u00e9die de l'actualit\u00e9 sportive.","email":"bonjour@dicodusport.fr","legalName":"DICODUSPORT","foundingDate":"2018-01-14","vatID":"FR71834470973","taxID":"83447097300043","numberOfEmployees":{"@type":"QuantitativeValue","minValue":"1","maxValue":"10"}},{"@type":"Person","@id":"https:\/\/dicodusport.fr\/blog\/#\/schema\/person\/55dcb50ad410894e431ed812bbb70191","name":"Nicolas Jacquemard","image":{"@type":"ImageObject","inLanguage":"fr-FR","@id":"https:\/\/dicodusport.fr\/blog\/#\/schema\/person\/image\/","url":"https:\/\/dicodusport.fr\/blog\/wp-content\/uploads\/2021\/05\/Nicolas-Jacquemard-150x150.jpeg","contentUrl":"https:\/\/dicodusport.fr\/blog\/wp-content\/uploads\/2021\/05\/Nicolas-Jacquemard-150x150.jpeg","caption":"Nicolas Jacquemard"},"description":"Passionn\u00e9 de sport et entrepreneur depuis mes 18 ans, la cr\u00e9ation de Dicodusport m'a sembl\u00e9 \u00e9vidente pour participer \u00e0 la m\u00e9diatisation d'un plus grand nombre de sports. Le chemin est long mais avec une \u00e9quipe des plus motiv\u00e9es et les Jeux Olympiques de Paris 2024 en point de mire, nous y arriverons ! Journaliste dans le monde du sport depuis plus de 5 ans, je traite aussi bien de football, de rugby, de biathlon que de cyclisme.","sameAs":["https:\/\/www.facebook.com\/dicodusport","https:\/\/x.com\/https:\/\/twitter.com\/Nico_Jacquemard"],"url":"https:\/\/dicodusport.fr\/blog\/author\/dicodusport\/"}]}},"_links":{"self":[{"href":"https:\/\/dicodusport.fr\/blog\/wp-json\/wp\/v2\/posts\/12354","targetHints":{"allow":["GET"]}}],"collection":[{"href":"https:\/\/dicodusport.fr\/blog\/wp-json\/wp\/v2\/posts"}],"about":[{"href":"https:\/\/dicodusport.fr\/blog\/wp-json\/wp\/v2\/types\/post"}],"author":[{"embeddable":true,"href":"https:\/\/dicodusport.fr\/blog\/wp-json\/wp\/v2\/users\/1"}],"replies":[{"embeddable":true,"href":"https:\/\/dicodusport.fr\/blog\/wp-json\/wp\/v2\/comments?post=12354"}],"version-history":[{"count":0,"href":"https:\/\/dicodusport.fr\/blog\/wp-json\/wp\/v2\/posts\/12354\/revisions"}],"wp:featuredmedia":[{"embeddable":true,"href":"https:\/\/dicodusport.fr\/blog\/wp-json\/wp\/v2\/media\/12110"}],"wp:attachment":[{"href":"https:\/\/dicodusport.fr\/blog\/wp-json\/wp\/v2\/media?parent=12354"}],"wp:term":[{"taxonomy":"category","embeddable":true,"href":"https:\/\/dicodusport.fr\/blog\/wp-json\/wp\/v2\/categories?post=12354"},{"taxonomy":"post_tag","embeddable":true,"href":"https:\/\/dicodusport.fr\/blog\/wp-json\/wp\/v2\/tags?post=12354"}],"curies":[{"name":"wp","href":"https:\/\/api.w.org\/{rel}","templated":true}]}}