{"id":123658,"date":"2021-04-21T23:39:19","date_gmt":"2021-04-21T21:39:19","guid":{"rendered":"https:\/\/dicodusport.fr\/blog\/?p=123658"},"modified":"2021-04-22T08:45:24","modified_gmt":"2021-04-22T06:45:24","slug":"top-chef-episode-11-les-notes-de-la-guerre-des-restos","status":"publish","type":"post","link":"https:\/\/dicodusport.fr\/blog\/top-chef-episode-11-les-notes-de-la-guerre-des-restos\/","title":{"rendered":"Top Chef \u00e9pisode 11 : les notes de la guerre des restos !"},"content":{"rendered":"<p style=\"text-align: justify;\"><strong>Quel combo ! Quel encha\u00eenement ! Apr\u00e8s la bo\u00eete noire de la semaine derni\u00e8re, voil\u00e0 la guerre des restos ! L&rsquo;autre \u00e9preuve culte a r\u00e9serv\u00e9 beaucoup de surprises. Les notes de Top Chef \u00e9pisode 11 c&rsquo;est ici !<\/strong><\/p>\n<h2 style=\"text-align: justify;\">Ils m\u00e9ritent 3 \u00e9toiles<\/h2>\n<p style=\"text-align: justify;\"><strong>Mohamed et Matthias (8)<\/strong> ont mis le feu ce soir. A commencer par leur cuisine qu&rsquo;ils ont d\u00e9cid\u00e9 de cramer, ni plus ni moins. Le restaurant qui n&rsquo;aurait jamais d\u00fb ouvrir apr\u00e8s cet accident, ouvre finalement \u00e0 la faveur des bonnes gr\u00e2ces de<strong> Fran\u00e7ois-R\u00e9gis Gaudry<\/strong>.<\/p>\n<p style=\"text-align: justify;\">Peut-\u00eatre <strong>Mohamed<\/strong> et <strong>Matthias<\/strong> l&rsquo;ont-ils un temps regrett\u00e9. A l&rsquo;issue du vote des personnes pr\u00e9sentes en salle, 1 seule voix allait dans leur escarcelle. Heureusement, leur concept <em>\u00ab\u00a0Nomade\u00a0\u00bb<\/em> a r\u00e9joui les critiques qui ont profit\u00e9 des plats \u00e0 emporter. Remontada extraordinaire, 9-0 dans la musette. Ils remportent la guerre des restos de <strong>Top Chef \u00e9pisode 11<\/strong>.<\/p>\n<p style=\"text-align: justify;\"><strong>Sarah (7)<\/strong> aussi a ouvert son \u00ab\u00a0Bouillon urbain\u00a0\u00bb pourtant pas mal saccag\u00e9 par la d\u00e9coration ext\u00e9rieure d&rsquo;Arnaud. Et pourtant&#8230; Que de mauvais choix de textures pour les plats \u00e0 emporter. Des nuggets qui ne croustillent pas, un tacos de galette de sarrasin tout mou. Et finalement un donut ultra grassouille. Tout \u00e7a pour finir avec un 0 point\u00e9 chez les jur\u00e9s \u00e0 domicile.<\/p>\n<p style=\"text-align: justify;\"><strong>Sarah<\/strong> s&rsquo;est pourtant remont\u00e9e les manches pour sortir en derni\u00e8re chance un coup de c\u0153ur pas piqu\u00e9 des hannetons. Son plat de salade du dimanche a fait mouche. Chapeau<\/p>\n<h2 style=\"text-align: justify;\">Ils font leur entr\u00e9e au Petit Fut\u00e9<\/h2>\n<p style=\"text-align: justify;\"><strong>Bruno (6)<\/strong> et <strong>Pierre (5)<\/strong> se sont crus chez eux. Ou arriv\u00e9s. En tout cas, ils ont voulu inviter les chefs et <strong>Fran\u00e7ois-R\u00e9gis Gaudry<\/strong> dans leur colloc&rsquo; de mecs. H\u00e9las pour eux, elle n&rsquo;a pas ouvert. La faute \u00e0 un menu qui n&rsquo;a pas su ouvrir l&rsquo;app\u00e9tit de FRG.<\/p>\n<p style=\"text-align: justify;\">En derni\u00e8re chance, les deux se sauvent et <strong>Bruno<\/strong> plut\u00f4t nettement. Du c\u00f4t\u00e9 de <strong>Pierre<\/strong>, le d\u00e9clic n&rsquo;est toujours pas venu. Le match r\u00e9f\u00e9rence lui manque. Attention&#8230;<\/p>\n<h2 style=\"text-align: justify;\">Il\/elle a pris la porte de Top Chef \u00e9pisode 11<\/h2>\n<p style=\"text-align: justify;\"><strong>Arnaud (4)<\/strong> est finalement celui qui sort du concours. Sa d\u00e9coration ext\u00e9rieure de <em>\u00ab\u00a0Bouillon urbain\u00a0\u00bb<\/em> avait d\u00e9j\u00e0 bien failli co\u00fbter \u00e0 sa brigade une fermeture administrative. <strong>Gaudry<\/strong> \u00e9tait pass\u00e9 outre. Grand bien lui avait fait puisque 5 jur\u00e9s sur 6 avaient choisi le restaurant contre le <em>\u00ab\u00a0Nomade\u00a0\u00bb<\/em>. On connait la remontada qui a suivi.<\/p>\n<p style=\"text-align: justify;\">En derni\u00e8re chance, les chefs ne l&rsquo;ont pas s\u00e9lectionn\u00e9. Ils ont reconnu l&rsquo;investissement mais les pr\u00e9parations de son plat de salades ne communiquaient pas. Dommage. <strong>Top Chef \u00e9pisode 11<\/strong> est fini pour <strong>Arnaud<\/strong>.<\/p>\n","protected":false},"excerpt":{"rendered":"<p>Quel combo ! Quel encha\u00eenement ! Apr\u00e8s la bo\u00eete noire de la semaine derni\u00e8re, voil\u00e0 la guerre des restos ! L&rsquo;autre \u00e9preuve culte a r\u00e9serv\u00e9 beaucoup de surprises. Les notes de Top Chef \u00e9pisode 11 c&rsquo;est ici !<\/p>\n","protected":false},"author":40,"featured_media":123672,"comment_status":"open","ping_status":"closed","sticky":false,"template":"","format":"standard","meta":{"_acf_changed":false,"_daextam_enable_autolinks":"","footnotes":""},"categories":[10287],"tags":[7391,10467,10342],"class_list":["post-123658","post","type-post","status-publish","format-standard","has-post-thumbnail","hentry","category-insolite","tag-insolite","tag-notes","tag-top-chef"],"acf":[],"yoast_head":"<!-- This site is optimized with the Yoast SEO Premium plugin v26.7 (Yoast SEO v26.7) - https:\/\/yoast.com\/wordpress\/plugins\/seo\/ -->\n<title>Top Chef \u00e9pisode 11 : les notes de la guerre des restos ! - Dicodusport<\/title>\n<meta name=\"description\" content=\"Quel combo ! Quel encha\u00eenement ! Apr\u00e8s la bo\u00eete noire, voil\u00e0 la guerre des restos ! Les notes de Top Chef \u00e9pisode 11 c&#039;est par ici !\" \/>\n<meta name=\"robots\" content=\"index, follow, max-snippet:-1, max-image-preview:large, max-video-preview:-1\" \/>\n<link rel=\"canonical\" href=\"https:\/\/dicodusport.fr\/blog\/top-chef-episode-11-les-notes-de-la-guerre-des-restos\/\" \/>\n<meta property=\"og:locale\" content=\"fr_FR\" \/>\n<meta property=\"og:type\" content=\"article\" \/>\n<meta property=\"og:title\" content=\"Top Chef : les notes de la guerre des restos\" \/>\n<meta property=\"og:description\" content=\"Quel combo ! Quel encha\u00eenement ! Apr\u00e8s la bo\u00eete noire, voil\u00e0 la guerre des restos ! Les notes de Top Chef \u00e9pisode 11 c&#039;est par ici !\" \/>\n<meta property=\"og:url\" content=\"https:\/\/dicodusport.fr\/blog\/top-chef-episode-11-les-notes-de-la-guerre-des-restos\/\" \/>\n<meta property=\"og:site_name\" content=\"Dicodusport\" \/>\n<meta property=\"article:publisher\" content=\"https:\/\/www.facebook.com\/dicodusport\" \/>\n<meta property=\"article:published_time\" content=\"2021-04-21T21:39:19+00:00\" \/>\n<meta property=\"article:modified_time\" content=\"2021-04-22T06:45:24+00:00\" \/>\n<meta property=\"og:image\" content=\"https:\/\/dicodusport.fr\/blog\/wp-content\/uploads\/2021\/04\/Top-Chef-episode-11-Les-notes-de-la-guerre-des-restos.png\" \/>\n\t<meta property=\"og:image:width\" content=\"800\" \/>\n\t<meta property=\"og:image:height\" content=\"445\" \/>\n\t<meta property=\"og:image:type\" content=\"image\/png\" \/>\n<meta name=\"author\" content=\"Jordane Mougenot-Pelletier\" \/>\n<meta name=\"twitter:card\" content=\"summary_large_image\" \/>\n<meta name=\"twitter:title\" content=\"Top Chef : les notes de la guerre des restos\" \/>\n<meta name=\"twitter:creator\" content=\"@https:\/\/twitter.com\/jmp_pmj\" \/>\n<meta name=\"twitter:site\" content=\"@dicodusport\" \/>\n<script type=\"application\/ld+json\" class=\"yoast-schema-graph\">{\"@context\":\"https:\/\/schema.org\",\"@graph\":[{\"@type\":\"NewsArticle\",\"@id\":\"https:\/\/dicodusport.fr\/blog\/top-chef-episode-11-les-notes-de-la-guerre-des-restos\/#article\",\"isPartOf\":{\"@id\":\"https:\/\/dicodusport.fr\/blog\/top-chef-episode-11-les-notes-de-la-guerre-des-restos\/\"},\"author\":{\"name\":\"Jordane Mougenot-Pelletier\",\"@id\":\"https:\/\/dicodusport.fr\/blog\/#\/schema\/person\/20a73cde459581e727623fffec174040\"},\"headline\":\"Top Chef \u00e9pisode 11 : les notes de la guerre des restos !\",\"datePublished\":\"2021-04-21T21:39:19+00:00\",\"dateModified\":\"2021-04-22T06:45:24+00:00\",\"mainEntityOfPage\":{\"@id\":\"https:\/\/dicodusport.fr\/blog\/top-chef-episode-11-les-notes-de-la-guerre-des-restos\/\"},\"wordCount\":456,\"commentCount\":0,\"publisher\":{\"@id\":\"https:\/\/dicodusport.fr\/blog\/#organization\"},\"image\":{\"@id\":\"https:\/\/dicodusport.fr\/blog\/top-chef-episode-11-les-notes-de-la-guerre-des-restos\/#primaryimage\"},\"thumbnailUrl\":\"https:\/\/dicodusport.fr\/blog\/wp-content\/uploads\/2021\/04\/Top-Chef-episode-11-Les-notes-de-la-guerre-des-restos.png\",\"keywords\":[\"Insolite\",\"notes\",\"Top Chef\"],\"articleSection\":[\"Insolite\"],\"inLanguage\":\"fr-FR\",\"potentialAction\":[{\"@type\":\"CommentAction\",\"name\":\"Comment\",\"target\":[\"https:\/\/dicodusport.fr\/blog\/top-chef-episode-11-les-notes-de-la-guerre-des-restos\/#respond\"]}],\"copyrightYear\":\"2021\",\"copyrightHolder\":{\"@id\":\"https:\/\/dicodusport.fr\/blog\/#organization\"}},{\"@type\":\"WebPage\",\"@id\":\"https:\/\/dicodusport.fr\/blog\/top-chef-episode-11-les-notes-de-la-guerre-des-restos\/\",\"url\":\"https:\/\/dicodusport.fr\/blog\/top-chef-episode-11-les-notes-de-la-guerre-des-restos\/\",\"name\":\"Top Chef \u00e9pisode 11 : les notes de la guerre des restos ! - Dicodusport\",\"isPartOf\":{\"@id\":\"https:\/\/dicodusport.fr\/blog\/#website\"},\"primaryImageOfPage\":{\"@id\":\"https:\/\/dicodusport.fr\/blog\/top-chef-episode-11-les-notes-de-la-guerre-des-restos\/#primaryimage\"},\"image\":{\"@id\":\"https:\/\/dicodusport.fr\/blog\/top-chef-episode-11-les-notes-de-la-guerre-des-restos\/#primaryimage\"},\"thumbnailUrl\":\"https:\/\/dicodusport.fr\/blog\/wp-content\/uploads\/2021\/04\/Top-Chef-episode-11-Les-notes-de-la-guerre-des-restos.png\",\"datePublished\":\"2021-04-21T21:39:19+00:00\",\"dateModified\":\"2021-04-22T06:45:24+00:00\",\"description\":\"Quel combo ! Quel encha\u00eenement ! Apr\u00e8s la bo\u00eete noire, voil\u00e0 la guerre des restos ! Les notes de Top Chef \u00e9pisode 11 c'est par ici !\",\"breadcrumb\":{\"@id\":\"https:\/\/dicodusport.fr\/blog\/top-chef-episode-11-les-notes-de-la-guerre-des-restos\/#breadcrumb\"},\"inLanguage\":\"fr-FR\",\"potentialAction\":[{\"@type\":\"ReadAction\",\"target\":[\"https:\/\/dicodusport.fr\/blog\/top-chef-episode-11-les-notes-de-la-guerre-des-restos\/\"]}]},{\"@type\":\"ImageObject\",\"inLanguage\":\"fr-FR\",\"@id\":\"https:\/\/dicodusport.fr\/blog\/top-chef-episode-11-les-notes-de-la-guerre-des-restos\/#primaryimage\",\"url\":\"https:\/\/dicodusport.fr\/blog\/wp-content\/uploads\/2021\/04\/Top-Chef-episode-11-Les-notes-de-la-guerre-des-restos.png\",\"contentUrl\":\"https:\/\/dicodusport.fr\/blog\/wp-content\/uploads\/2021\/04\/Top-Chef-episode-11-Les-notes-de-la-guerre-des-restos.png\",\"width\":800,\"height\":445},{\"@type\":\"BreadcrumbList\",\"@id\":\"https:\/\/dicodusport.fr\/blog\/top-chef-episode-11-les-notes-de-la-guerre-des-restos\/#breadcrumb\",\"itemListElement\":[{\"@type\":\"ListItem\",\"position\":1,\"name\":\"Accueil\",\"item\":\"https:\/\/dicodusport.fr\/blog\/\"},{\"@type\":\"ListItem\",\"position\":2,\"name\":\"Top Chef \u00e9pisode 11 : les notes de la guerre des restos !\"}]},{\"@type\":\"WebSite\",\"@id\":\"https:\/\/dicodusport.fr\/blog\/#website\",\"url\":\"https:\/\/dicodusport.fr\/blog\/\",\"name\":\"Dicodusport\",\"description\":\"L&#039;encyclop\u00e9die de l&#039;actualit\u00e9 sportive\",\"publisher\":{\"@id\":\"https:\/\/dicodusport.fr\/blog\/#organization\"},\"potentialAction\":[{\"@type\":\"SearchAction\",\"target\":{\"@type\":\"EntryPoint\",\"urlTemplate\":\"https:\/\/dicodusport.fr\/blog\/?s={search_term_string}\"},\"query-input\":{\"@type\":\"PropertyValueSpecification\",\"valueRequired\":true,\"valueName\":\"search_term_string\"}}],\"inLanguage\":\"fr-FR\"},{\"@type\":\"NewsMediaOrganization\",\"@id\":\"https:\/\/dicodusport.fr\/blog\/#organization\",\"name\":\"Dicodusport\",\"url\":\"https:\/\/dicodusport.fr\/blog\/\",\"logo\":{\"@type\":\"ImageObject\",\"inLanguage\":\"fr-FR\",\"@id\":\"https:\/\/dicodusport.fr\/blog\/#\/schema\/logo\/image\/\",\"url\":\"https:\/\/dicodusport.fr\/blog\/wp-content\/uploads\/2020\/06\/cropped-LOGO-DICODUSPORT-2020-SANS-FOND-SANS-TEXTE.png\",\"contentUrl\":\"https:\/\/dicodusport.fr\/blog\/wp-content\/uploads\/2020\/06\/cropped-LOGO-DICODUSPORT-2020-SANS-FOND-SANS-TEXTE.png\",\"width\":512,\"height\":512,\"caption\":\"Dicodusport\"},\"image\":{\"@id\":\"https:\/\/dicodusport.fr\/blog\/#\/schema\/logo\/image\/\"},\"sameAs\":[\"https:\/\/www.facebook.com\/dicodusport\",\"https:\/\/x.com\/dicodusport\",\"https:\/\/www.instagram.com\/dicodusport\/\",\"https:\/\/www.youtube.com\/channel\/UC7V2KZ5sd3htJivAbA4ZG3w\"],\"description\":\"Dicodusport est l'encyclop\u00e9die de l'actualit\u00e9 sportive.\",\"email\":\"bonjour@dicodusport.fr\",\"legalName\":\"DICODUSPORT\",\"foundingDate\":\"2018-01-14\",\"vatID\":\"FR71834470973\",\"taxID\":\"83447097300043\",\"numberOfEmployees\":{\"@type\":\"QuantitativeValue\",\"minValue\":\"1\",\"maxValue\":\"10\"}},{\"@type\":\"Person\",\"@id\":\"https:\/\/dicodusport.fr\/blog\/#\/schema\/person\/20a73cde459581e727623fffec174040\",\"name\":\"Jordane Mougenot-Pelletier\",\"image\":{\"@type\":\"ImageObject\",\"inLanguage\":\"fr-FR\",\"@id\":\"https:\/\/dicodusport.fr\/blog\/#\/schema\/person\/image\/\",\"url\":\"https:\/\/dicodusport.fr\/blog\/wp-content\/uploads\/2021\/05\/Jordane-MP-150x150.jpg\",\"contentUrl\":\"https:\/\/dicodusport.fr\/blog\/wp-content\/uploads\/2021\/05\/Jordane-MP-150x150.jpg\",\"caption\":\"Jordane Mougenot-Pelletier\"},\"description\":\"Journaliste\/r\u00e9dacteur depuis mai 2018 - Dans mon sang coule \u00e0 la fois le feu des penne \u00e0 l'arrabiata et la glace du Grand Colombier. Amoureux des belles lettres et des Talking Heads, je supporte un club olympique. Int\u00e9ress\u00e9 par les relations qu'entretient le sport avec la soci\u00e9t\u00e9, je m'int\u00e9resse autant \u00e0 Marc C\u00e9cillon qu'\u00e0 Pep Guardiola, \u00e0 Tonya Harding qu'\u00e0 Philipp Roth. Enfant des 90's, on ne me fera pas croire qu'il y a eu plus beau \u00e0 voir depuis Zin\u00e9dine Zidane, Marco Pantani et Pete Sampras. La b\u00e9chamel est une invention du diable, la Super Ligue aussi.\",\"sameAs\":[\"https:\/\/x.com\/https:\/\/twitter.com\/jmp_pmj\"],\"url\":\"https:\/\/dicodusport.fr\/blog\/author\/jordane\/\"}]}<\/script>\n<!-- \/ Yoast SEO Premium plugin. -->","yoast_head_json":{"title":"Top Chef \u00e9pisode 11 : les notes de la guerre des restos ! - Dicodusport","description":"Quel combo ! Quel encha\u00eenement ! Apr\u00e8s la bo\u00eete noire, voil\u00e0 la guerre des restos ! Les notes de Top Chef \u00e9pisode 11 c'est par ici !","robots":{"index":"index","follow":"follow","max-snippet":"max-snippet:-1","max-image-preview":"max-image-preview:large","max-video-preview":"max-video-preview:-1"},"canonical":"https:\/\/dicodusport.fr\/blog\/top-chef-episode-11-les-notes-de-la-guerre-des-restos\/","og_locale":"fr_FR","og_type":"article","og_title":"Top Chef : les notes de la guerre des restos","og_description":"Quel combo ! Quel encha\u00eenement ! Apr\u00e8s la bo\u00eete noire, voil\u00e0 la guerre des restos ! Les notes de Top Chef \u00e9pisode 11 c'est par ici !","og_url":"https:\/\/dicodusport.fr\/blog\/top-chef-episode-11-les-notes-de-la-guerre-des-restos\/","og_site_name":"Dicodusport","article_publisher":"https:\/\/www.facebook.com\/dicodusport","article_published_time":"2021-04-21T21:39:19+00:00","article_modified_time":"2021-04-22T06:45:24+00:00","og_image":[{"width":800,"height":445,"url":"https:\/\/dicodusport.fr\/blog\/wp-content\/uploads\/2021\/04\/Top-Chef-episode-11-Les-notes-de-la-guerre-des-restos.png","type":"image\/png"}],"author":"Jordane Mougenot-Pelletier","twitter_card":"summary_large_image","twitter_title":"Top Chef : les notes de la guerre des restos","twitter_creator":"@https:\/\/twitter.com\/jmp_pmj","twitter_site":"@dicodusport","schema":{"@context":"https:\/\/schema.org","@graph":[{"@type":"NewsArticle","@id":"https:\/\/dicodusport.fr\/blog\/top-chef-episode-11-les-notes-de-la-guerre-des-restos\/#article","isPartOf":{"@id":"https:\/\/dicodusport.fr\/blog\/top-chef-episode-11-les-notes-de-la-guerre-des-restos\/"},"author":{"name":"Jordane Mougenot-Pelletier","@id":"https:\/\/dicodusport.fr\/blog\/#\/schema\/person\/20a73cde459581e727623fffec174040"},"headline":"Top Chef \u00e9pisode 11 : les notes de la guerre des restos !","datePublished":"2021-04-21T21:39:19+00:00","dateModified":"2021-04-22T06:45:24+00:00","mainEntityOfPage":{"@id":"https:\/\/dicodusport.fr\/blog\/top-chef-episode-11-les-notes-de-la-guerre-des-restos\/"},"wordCount":456,"commentCount":0,"publisher":{"@id":"https:\/\/dicodusport.fr\/blog\/#organization"},"image":{"@id":"https:\/\/dicodusport.fr\/blog\/top-chef-episode-11-les-notes-de-la-guerre-des-restos\/#primaryimage"},"thumbnailUrl":"https:\/\/dicodusport.fr\/blog\/wp-content\/uploads\/2021\/04\/Top-Chef-episode-11-Les-notes-de-la-guerre-des-restos.png","keywords":["Insolite","notes","Top Chef"],"articleSection":["Insolite"],"inLanguage":"fr-FR","potentialAction":[{"@type":"CommentAction","name":"Comment","target":["https:\/\/dicodusport.fr\/blog\/top-chef-episode-11-les-notes-de-la-guerre-des-restos\/#respond"]}],"copyrightYear":"2021","copyrightHolder":{"@id":"https:\/\/dicodusport.fr\/blog\/#organization"}},{"@type":"WebPage","@id":"https:\/\/dicodusport.fr\/blog\/top-chef-episode-11-les-notes-de-la-guerre-des-restos\/","url":"https:\/\/dicodusport.fr\/blog\/top-chef-episode-11-les-notes-de-la-guerre-des-restos\/","name":"Top Chef \u00e9pisode 11 : les notes de la guerre des restos ! - Dicodusport","isPartOf":{"@id":"https:\/\/dicodusport.fr\/blog\/#website"},"primaryImageOfPage":{"@id":"https:\/\/dicodusport.fr\/blog\/top-chef-episode-11-les-notes-de-la-guerre-des-restos\/#primaryimage"},"image":{"@id":"https:\/\/dicodusport.fr\/blog\/top-chef-episode-11-les-notes-de-la-guerre-des-restos\/#primaryimage"},"thumbnailUrl":"https:\/\/dicodusport.fr\/blog\/wp-content\/uploads\/2021\/04\/Top-Chef-episode-11-Les-notes-de-la-guerre-des-restos.png","datePublished":"2021-04-21T21:39:19+00:00","dateModified":"2021-04-22T06:45:24+00:00","description":"Quel combo ! Quel encha\u00eenement ! Apr\u00e8s la bo\u00eete noire, voil\u00e0 la guerre des restos ! Les notes de Top Chef \u00e9pisode 11 c'est par ici !","breadcrumb":{"@id":"https:\/\/dicodusport.fr\/blog\/top-chef-episode-11-les-notes-de-la-guerre-des-restos\/#breadcrumb"},"inLanguage":"fr-FR","potentialAction":[{"@type":"ReadAction","target":["https:\/\/dicodusport.fr\/blog\/top-chef-episode-11-les-notes-de-la-guerre-des-restos\/"]}]},{"@type":"ImageObject","inLanguage":"fr-FR","@id":"https:\/\/dicodusport.fr\/blog\/top-chef-episode-11-les-notes-de-la-guerre-des-restos\/#primaryimage","url":"https:\/\/dicodusport.fr\/blog\/wp-content\/uploads\/2021\/04\/Top-Chef-episode-11-Les-notes-de-la-guerre-des-restos.png","contentUrl":"https:\/\/dicodusport.fr\/blog\/wp-content\/uploads\/2021\/04\/Top-Chef-episode-11-Les-notes-de-la-guerre-des-restos.png","width":800,"height":445},{"@type":"BreadcrumbList","@id":"https:\/\/dicodusport.fr\/blog\/top-chef-episode-11-les-notes-de-la-guerre-des-restos\/#breadcrumb","itemListElement":[{"@type":"ListItem","position":1,"name":"Accueil","item":"https:\/\/dicodusport.fr\/blog\/"},{"@type":"ListItem","position":2,"name":"Top Chef \u00e9pisode 11 : les notes de la guerre des restos !"}]},{"@type":"WebSite","@id":"https:\/\/dicodusport.fr\/blog\/#website","url":"https:\/\/dicodusport.fr\/blog\/","name":"Dicodusport","description":"L&#039;encyclop\u00e9die de l&#039;actualit\u00e9 sportive","publisher":{"@id":"https:\/\/dicodusport.fr\/blog\/#organization"},"potentialAction":[{"@type":"SearchAction","target":{"@type":"EntryPoint","urlTemplate":"https:\/\/dicodusport.fr\/blog\/?s={search_term_string}"},"query-input":{"@type":"PropertyValueSpecification","valueRequired":true,"valueName":"search_term_string"}}],"inLanguage":"fr-FR"},{"@type":"NewsMediaOrganization","@id":"https:\/\/dicodusport.fr\/blog\/#organization","name":"Dicodusport","url":"https:\/\/dicodusport.fr\/blog\/","logo":{"@type":"ImageObject","inLanguage":"fr-FR","@id":"https:\/\/dicodusport.fr\/blog\/#\/schema\/logo\/image\/","url":"https:\/\/dicodusport.fr\/blog\/wp-content\/uploads\/2020\/06\/cropped-LOGO-DICODUSPORT-2020-SANS-FOND-SANS-TEXTE.png","contentUrl":"https:\/\/dicodusport.fr\/blog\/wp-content\/uploads\/2020\/06\/cropped-LOGO-DICODUSPORT-2020-SANS-FOND-SANS-TEXTE.png","width":512,"height":512,"caption":"Dicodusport"},"image":{"@id":"https:\/\/dicodusport.fr\/blog\/#\/schema\/logo\/image\/"},"sameAs":["https:\/\/www.facebook.com\/dicodusport","https:\/\/x.com\/dicodusport","https:\/\/www.instagram.com\/dicodusport\/","https:\/\/www.youtube.com\/channel\/UC7V2KZ5sd3htJivAbA4ZG3w"],"description":"Dicodusport est l'encyclop\u00e9die de l'actualit\u00e9 sportive.","email":"bonjour@dicodusport.fr","legalName":"DICODUSPORT","foundingDate":"2018-01-14","vatID":"FR71834470973","taxID":"83447097300043","numberOfEmployees":{"@type":"QuantitativeValue","minValue":"1","maxValue":"10"}},{"@type":"Person","@id":"https:\/\/dicodusport.fr\/blog\/#\/schema\/person\/20a73cde459581e727623fffec174040","name":"Jordane Mougenot-Pelletier","image":{"@type":"ImageObject","inLanguage":"fr-FR","@id":"https:\/\/dicodusport.fr\/blog\/#\/schema\/person\/image\/","url":"https:\/\/dicodusport.fr\/blog\/wp-content\/uploads\/2021\/05\/Jordane-MP-150x150.jpg","contentUrl":"https:\/\/dicodusport.fr\/blog\/wp-content\/uploads\/2021\/05\/Jordane-MP-150x150.jpg","caption":"Jordane Mougenot-Pelletier"},"description":"Journaliste\/r\u00e9dacteur depuis mai 2018 - Dans mon sang coule \u00e0 la fois le feu des penne \u00e0 l'arrabiata et la glace du Grand Colombier. Amoureux des belles lettres et des Talking Heads, je supporte un club olympique. Int\u00e9ress\u00e9 par les relations qu'entretient le sport avec la soci\u00e9t\u00e9, je m'int\u00e9resse autant \u00e0 Marc C\u00e9cillon qu'\u00e0 Pep Guardiola, \u00e0 Tonya Harding qu'\u00e0 Philipp Roth. Enfant des 90's, on ne me fera pas croire qu'il y a eu plus beau \u00e0 voir depuis Zin\u00e9dine Zidane, Marco Pantani et Pete Sampras. La b\u00e9chamel est une invention du diable, la Super Ligue aussi.","sameAs":["https:\/\/x.com\/https:\/\/twitter.com\/jmp_pmj"],"url":"https:\/\/dicodusport.fr\/blog\/author\/jordane\/"}]}},"_links":{"self":[{"href":"https:\/\/dicodusport.fr\/blog\/wp-json\/wp\/v2\/posts\/123658","targetHints":{"allow":["GET"]}}],"collection":[{"href":"https:\/\/dicodusport.fr\/blog\/wp-json\/wp\/v2\/posts"}],"about":[{"href":"https:\/\/dicodusport.fr\/blog\/wp-json\/wp\/v2\/types\/post"}],"author":[{"embeddable":true,"href":"https:\/\/dicodusport.fr\/blog\/wp-json\/wp\/v2\/users\/40"}],"replies":[{"embeddable":true,"href":"https:\/\/dicodusport.fr\/blog\/wp-json\/wp\/v2\/comments?post=123658"}],"version-history":[{"count":0,"href":"https:\/\/dicodusport.fr\/blog\/wp-json\/wp\/v2\/posts\/123658\/revisions"}],"wp:featuredmedia":[{"embeddable":true,"href":"https:\/\/dicodusport.fr\/blog\/wp-json\/wp\/v2\/media\/123672"}],"wp:attachment":[{"href":"https:\/\/dicodusport.fr\/blog\/wp-json\/wp\/v2\/media?parent=123658"}],"wp:term":[{"taxonomy":"category","embeddable":true,"href":"https:\/\/dicodusport.fr\/blog\/wp-json\/wp\/v2\/categories?post=123658"},{"taxonomy":"post_tag","embeddable":true,"href":"https:\/\/dicodusport.fr\/blog\/wp-json\/wp\/v2\/tags?post=123658"}],"curies":[{"name":"wp","href":"https:\/\/api.w.org\/{rel}","templated":true}]}}