{"id":123668,"date":"2021-04-22T08:00:57","date_gmt":"2021-04-22T06:00:57","guid":{"rendered":"https:\/\/dicodusport.fr\/blog\/?p=123668"},"modified":"2021-04-22T07:39:30","modified_gmt":"2021-04-22T05:39:30","slug":"22-avril-2016-et-de-cinq-pour-gevrise-emane","status":"publish","type":"post","link":"https:\/\/dicodusport.fr\/blog\/22-avril-2016-et-de-cinq-pour-gevrise-emane\/","title":{"rendered":"22 avril 2016 : Et de cinq pour G\u00e9vrise Emane"},"content":{"rendered":"<p style=\"text-align: justify;\"><em><strong><a href=\"https:\/\/dicodusport.fr\/definition-sport\/judo\/\">JUDO<\/a> &#8211; A l\u2019instar de sa compatriote <a href=\"https:\/\/dicodusport.fr\/blog\/21-avril-2016-nouveau-sacre-europeen-pour-automne-pavia\/\">Automne Pavia<\/a> qui a d\u00e9croch\u00e9 l\u2019or dans sa cat\u00e9gorie la veille, G\u00e9vrise Emane commence sa comp\u00e9tition. Ces championnats d\u2019Europe peuvent lui permettre de d\u00e9crocher une qualification pour les JO de Rio, pas question de rigoler.<\/strong> <\/em><\/p>\n<h2>\u00c7a s&rsquo;est pass\u00e9 le 22 avril 2016<\/h2>\n<p style=\"text-align: justify;\">Autant vous dire tout de suite que <strong>G\u00e9vrise Emane<\/strong> n\u2019a pas rigol\u00e9. Apr\u00e8s sa petite balade de sant\u00e9 contre Alksandra Samardzic et Sally Conway, elle s\u2019est impos\u00e9e contre la tenante du titre, la N\u00e9erlandaise Kim Polling. C\u2019est maintenant l\u2019heure de la grande finale. Apr\u00e8s deux titres continentaux en -63kg, il est temps d\u2019en d\u00e9crocher un troisi\u00e8me dans la cat\u00e9gorie des -70kg. Chose faite assez rapidement contre la G\u00e9orgienne Esther Stam. Apr\u00e8s seulement quelques instants de combat, la Fran\u00e7aise fait chuter son adversaire. Le waza-ari se transforme alors en ippon apr\u00e8s l\u2019immobilisation au sol. Et voil\u00e0, cinq sacres en Championnats d\u2019Europe pour <strong>G\u00e9vrise Emane<\/strong> qui prend \u00e9galement la route de Rio 2016. Mais des Jeux, n\u2019en parlons pas \u2026<\/p>\n<p><img loading=\"lazy\" decoding=\"async\" class=\"aligncenter wp-image-123669 size-full\" src=\"https:\/\/dicodusport.fr\/blog\/wp-content\/uploads\/2021\/04\/Gevrise-Emane.jpg\" alt=\"\" width=\"622\" height=\"311\" srcset=\"https:\/\/dicodusport.fr\/blog\/wp-content\/uploads\/2021\/04\/Gevrise-Emane.jpg 622w, https:\/\/dicodusport.fr\/blog\/wp-content\/uploads\/2021\/04\/Gevrise-Emane-300x150.jpg 300w\" sizes=\"auto, (max-width: 622px) 100vw, 622px\" \/><\/p>\n<p style=\"text-align: center;\">\u00a9Europe 1<\/p>\n<p style=\"text-align: justify;\"><strong>Info<\/strong>\u00a0: Audrey Tcheum\u00e9o et Teddy Riner ajouteront chacun un sacre suppl\u00e9mentaire au tableau des Tricolores. L\u2019\u00e9quipe de France terminera en t\u00eate de ces Championnats europ\u00e9ens avec cinq m\u00e9dailles d\u2019or, une en argent et une en bronze.<\/p>\n","protected":false},"excerpt":{"rendered":"<p>\u00c7a s&rsquo;est pass\u00e9 le 22 avril 2016 : G\u00e9vrise Emane d\u00e9crochait son cinqui\u00e8me sacre europ\u00e9en. Retour sur ce titre remport\u00e9 en Russie.<\/p>\n","protected":false},"author":18,"featured_media":123676,"comment_status":"open","ping_status":"closed","sticky":false,"template":"","format":"standard","meta":{"_acf_changed":false,"_daextam_enable_autolinks":"","footnotes":""},"categories":[8,8651],"tags":[4799,68,1398],"class_list":["post-123668","post","type-post","status-publish","format-standard","has-post-thumbnail","hentry","category-histoire","category-judo","tag-championnats-deurope","tag-judo","tag-sport-feminin"],"acf":[],"yoast_head":"<!-- This site is optimized with the Yoast SEO Premium plugin v26.7 (Yoast SEO v26.7) - https:\/\/yoast.com\/wordpress\/plugins\/seo\/ -->\n<title>22 avril 2016 : Et de cinq pour G\u00e9vrise Emane<\/title>\n<meta name=\"description\" content=\"\u00c7a s&#039;est pass\u00e9 le 22 avril 2016 : G\u00e9vrise Emane d\u00e9crochait son cinqui\u00e8me sacre europ\u00e9en. Retour sur ce titre remport\u00e9 en Russie.\" \/>\n<meta name=\"robots\" content=\"index, follow, max-snippet:-1, max-image-preview:large, max-video-preview:-1\" \/>\n<link rel=\"canonical\" href=\"https:\/\/dicodusport.fr\/blog\/22-avril-2016-et-de-cinq-pour-gevrise-emane\/\" \/>\n<meta property=\"og:locale\" content=\"fr_FR\" \/>\n<meta property=\"og:type\" content=\"article\" \/>\n<meta property=\"og:title\" content=\"22 avril 2016 : Et de cinq pour G\u00e9vrise Emane\" \/>\n<meta property=\"og:description\" content=\"\u00c7a s&#039;est pass\u00e9 le 22 avril 2016 : G\u00e9vrise Emane d\u00e9crochait son cinqui\u00e8me sacre europ\u00e9en. Retour sur ce titre remport\u00e9 en Russie.\" \/>\n<meta property=\"og:url\" content=\"https:\/\/dicodusport.fr\/blog\/22-avril-2016-et-de-cinq-pour-gevrise-emane\/\" \/>\n<meta property=\"og:site_name\" content=\"Dicodusport\" \/>\n<meta property=\"article:publisher\" content=\"https:\/\/www.facebook.com\/dicodusport\" \/>\n<meta property=\"article:author\" content=\"https:\/\/www.facebook.com\/soocube\" \/>\n<meta property=\"article:published_time\" content=\"2021-04-22T06:00:57+00:00\" \/>\n<meta property=\"og:image\" content=\"https:\/\/dicodusport.fr\/blog\/wp-content\/uploads\/2021\/04\/22-avril-2016-Et-de-cinq-pour-Gevrise-Emane.png\" \/>\n\t<meta property=\"og:image:width\" content=\"800\" \/>\n\t<meta property=\"og:image:height\" content=\"445\" \/>\n\t<meta property=\"og:image:type\" content=\"image\/png\" \/>\n<meta name=\"author\" content=\"Sophie Clapier\" \/>\n<meta name=\"twitter:card\" content=\"summary_large_image\" \/>\n<meta name=\"twitter:title\" content=\"22 avril 2016 : Et de cinq pour G\u00e9vrise Emane\" \/>\n<meta name=\"twitter:creator\" content=\"@https:\/\/twitter.com\/soocube\" \/>\n<meta name=\"twitter:site\" content=\"@dicodusport\" \/>\n<script type=\"application\/ld+json\" class=\"yoast-schema-graph\">{\"@context\":\"https:\/\/schema.org\",\"@graph\":[{\"@type\":\"NewsArticle\",\"@id\":\"https:\/\/dicodusport.fr\/blog\/22-avril-2016-et-de-cinq-pour-gevrise-emane\/#article\",\"isPartOf\":{\"@id\":\"https:\/\/dicodusport.fr\/blog\/22-avril-2016-et-de-cinq-pour-gevrise-emane\/\"},\"author\":{\"name\":\"Sophie Clapier\",\"@id\":\"https:\/\/dicodusport.fr\/blog\/#\/schema\/person\/416c975648aca9da8839bdfe333a21c9\"},\"headline\":\"22 avril 2016 : Et de cinq pour G\u00e9vrise Emane\",\"datePublished\":\"2021-04-22T06:00:57+00:00\",\"mainEntityOfPage\":{\"@id\":\"https:\/\/dicodusport.fr\/blog\/22-avril-2016-et-de-cinq-pour-gevrise-emane\/\"},\"wordCount\":247,\"commentCount\":0,\"publisher\":{\"@id\":\"https:\/\/dicodusport.fr\/blog\/#organization\"},\"image\":{\"@id\":\"https:\/\/dicodusport.fr\/blog\/22-avril-2016-et-de-cinq-pour-gevrise-emane\/#primaryimage\"},\"thumbnailUrl\":\"https:\/\/dicodusport.fr\/blog\/wp-content\/uploads\/2021\/04\/22-avril-2016-Et-de-cinq-pour-Gevrise-Emane.png\",\"keywords\":[\"Championnats d'Europe\",\"Judo\",\"sport f\u00e9minin\"],\"articleSection\":[\"Histoire\",\"Judo\"],\"inLanguage\":\"fr-FR\",\"potentialAction\":[{\"@type\":\"CommentAction\",\"name\":\"Comment\",\"target\":[\"https:\/\/dicodusport.fr\/blog\/22-avril-2016-et-de-cinq-pour-gevrise-emane\/#respond\"]}],\"copyrightYear\":\"2021\",\"copyrightHolder\":{\"@id\":\"https:\/\/dicodusport.fr\/blog\/#organization\"}},{\"@type\":\"WebPage\",\"@id\":\"https:\/\/dicodusport.fr\/blog\/22-avril-2016-et-de-cinq-pour-gevrise-emane\/\",\"url\":\"https:\/\/dicodusport.fr\/blog\/22-avril-2016-et-de-cinq-pour-gevrise-emane\/\",\"name\":\"22 avril 2016 : Et de cinq pour G\u00e9vrise Emane\",\"isPartOf\":{\"@id\":\"https:\/\/dicodusport.fr\/blog\/#website\"},\"primaryImageOfPage\":{\"@id\":\"https:\/\/dicodusport.fr\/blog\/22-avril-2016-et-de-cinq-pour-gevrise-emane\/#primaryimage\"},\"image\":{\"@id\":\"https:\/\/dicodusport.fr\/blog\/22-avril-2016-et-de-cinq-pour-gevrise-emane\/#primaryimage\"},\"thumbnailUrl\":\"https:\/\/dicodusport.fr\/blog\/wp-content\/uploads\/2021\/04\/22-avril-2016-Et-de-cinq-pour-Gevrise-Emane.png\",\"datePublished\":\"2021-04-22T06:00:57+00:00\",\"description\":\"\u00c7a s'est pass\u00e9 le 22 avril 2016 : G\u00e9vrise Emane d\u00e9crochait son cinqui\u00e8me sacre europ\u00e9en. Retour sur ce titre remport\u00e9 en Russie.\",\"breadcrumb\":{\"@id\":\"https:\/\/dicodusport.fr\/blog\/22-avril-2016-et-de-cinq-pour-gevrise-emane\/#breadcrumb\"},\"inLanguage\":\"fr-FR\",\"potentialAction\":[{\"@type\":\"ReadAction\",\"target\":[\"https:\/\/dicodusport.fr\/blog\/22-avril-2016-et-de-cinq-pour-gevrise-emane\/\"]}]},{\"@type\":\"ImageObject\",\"inLanguage\":\"fr-FR\",\"@id\":\"https:\/\/dicodusport.fr\/blog\/22-avril-2016-et-de-cinq-pour-gevrise-emane\/#primaryimage\",\"url\":\"https:\/\/dicodusport.fr\/blog\/wp-content\/uploads\/2021\/04\/22-avril-2016-Et-de-cinq-pour-Gevrise-Emane.png\",\"contentUrl\":\"https:\/\/dicodusport.fr\/blog\/wp-content\/uploads\/2021\/04\/22-avril-2016-Et-de-cinq-pour-Gevrise-Emane.png\",\"width\":800,\"height\":445,\"caption\":\"22 avril 2016 - Et de cinq pour G\u00e9vrise Emane\"},{\"@type\":\"BreadcrumbList\",\"@id\":\"https:\/\/dicodusport.fr\/blog\/22-avril-2016-et-de-cinq-pour-gevrise-emane\/#breadcrumb\",\"itemListElement\":[{\"@type\":\"ListItem\",\"position\":1,\"name\":\"Accueil\",\"item\":\"https:\/\/dicodusport.fr\/blog\/\"},{\"@type\":\"ListItem\",\"position\":2,\"name\":\"22 avril 2016 : Et de cinq pour G\u00e9vrise Emane\"}]},{\"@type\":\"WebSite\",\"@id\":\"https:\/\/dicodusport.fr\/blog\/#website\",\"url\":\"https:\/\/dicodusport.fr\/blog\/\",\"name\":\"Dicodusport\",\"description\":\"L&#039;encyclop\u00e9die de l&#039;actualit\u00e9 sportive\",\"publisher\":{\"@id\":\"https:\/\/dicodusport.fr\/blog\/#organization\"},\"potentialAction\":[{\"@type\":\"SearchAction\",\"target\":{\"@type\":\"EntryPoint\",\"urlTemplate\":\"https:\/\/dicodusport.fr\/blog\/?s={search_term_string}\"},\"query-input\":{\"@type\":\"PropertyValueSpecification\",\"valueRequired\":true,\"valueName\":\"search_term_string\"}}],\"inLanguage\":\"fr-FR\"},{\"@type\":\"NewsMediaOrganization\",\"@id\":\"https:\/\/dicodusport.fr\/blog\/#organization\",\"name\":\"Dicodusport\",\"url\":\"https:\/\/dicodusport.fr\/blog\/\",\"logo\":{\"@type\":\"ImageObject\",\"inLanguage\":\"fr-FR\",\"@id\":\"https:\/\/dicodusport.fr\/blog\/#\/schema\/logo\/image\/\",\"url\":\"https:\/\/dicodusport.fr\/blog\/wp-content\/uploads\/2020\/06\/cropped-LOGO-DICODUSPORT-2020-SANS-FOND-SANS-TEXTE.png\",\"contentUrl\":\"https:\/\/dicodusport.fr\/blog\/wp-content\/uploads\/2020\/06\/cropped-LOGO-DICODUSPORT-2020-SANS-FOND-SANS-TEXTE.png\",\"width\":512,\"height\":512,\"caption\":\"Dicodusport\"},\"image\":{\"@id\":\"https:\/\/dicodusport.fr\/blog\/#\/schema\/logo\/image\/\"},\"sameAs\":[\"https:\/\/www.facebook.com\/dicodusport\",\"https:\/\/x.com\/dicodusport\",\"https:\/\/www.instagram.com\/dicodusport\/\",\"https:\/\/www.youtube.com\/channel\/UC7V2KZ5sd3htJivAbA4ZG3w\"],\"description\":\"Dicodusport est l'encyclop\u00e9die de l'actualit\u00e9 sportive.\",\"email\":\"bonjour@dicodusport.fr\",\"legalName\":\"DICODUSPORT\",\"foundingDate\":\"2018-01-14\",\"vatID\":\"FR71834470973\",\"taxID\":\"83447097300043\",\"numberOfEmployees\":{\"@type\":\"QuantitativeValue\",\"minValue\":\"1\",\"maxValue\":\"10\"}},{\"@type\":\"Person\",\"@id\":\"https:\/\/dicodusport.fr\/blog\/#\/schema\/person\/416c975648aca9da8839bdfe333a21c9\",\"name\":\"Sophie Clapier\",\"image\":{\"@type\":\"ImageObject\",\"inLanguage\":\"fr-FR\",\"@id\":\"https:\/\/dicodusport.fr\/blog\/#\/schema\/person\/image\/\",\"url\":\"https:\/\/dicodusport.fr\/blog\/wp-content\/uploads\/2021\/05\/Sophie-Clapier-150x150.jpg\",\"contentUrl\":\"https:\/\/dicodusport.fr\/blog\/wp-content\/uploads\/2021\/05\/Sophie-Clapier-150x150.jpg\",\"caption\":\"Sophie Clapier\"},\"description\":\"Journaliste\/r\u00e9dactrice depuis janvier 2016 - Passionn\u00e9e de sport depuis toujours, j\u2019en ai pratiqu\u00e9 quelques-uns. Judo, football, handball ou encore tennis, je n\u2019ai jamais pu me mettre d\u2019accord sur un en particulier. Mais \u00e7a, c\u2019\u00e9tait avant de d\u00e9couvrir le basket, devenu mon sport de pr\u00e9dilection. Les actions NBA, le All-Star Week-end, la fureur des Game 7 pendant les playoffs ou mieux, lors des Finals, this is why we play. Team Spurs T.P, je m\u2019accroche encore \u00e0 Gregg Popovich (don\u2019t leave !). Team chef Curry, je souhaite qu\u2019il finisse aux Warriors (staaaay !). Non, il n\u2019y a pas qu\u2019eux, des petits nouveaux -et des petites nouvelles \u00e9videmment- arrivent chaque jour dans toutes les disciplines et cr\u00e9ent de nouveaux exploits. Alors pour les grands \u00e9v\u00e9nements et comp\u00e9titions internationales, vive les pulsations 240\/minutes et le d\u00e9fibrillateur pas loin, et allez les Bleu(e)s ! C\u2019est s\u00fbr, j\u2019aurai plus vu ma vie sur un terrain de sport, mais \u00e0 d\u00e9faut d\u2019en faire en haut niveau, je le partage avec vous.\",\"sameAs\":[\"https:\/\/www.facebook.com\/soocube\",\"https:\/\/x.com\/https:\/\/twitter.com\/soocube\",\"admin\"],\"url\":\"https:\/\/dicodusport.fr\/blog\/author\/sophie\/\"}]}<\/script>\n<!-- \/ Yoast SEO Premium plugin. -->","yoast_head_json":{"title":"22 avril 2016 : Et de cinq pour G\u00e9vrise Emane","description":"\u00c7a s'est pass\u00e9 le 22 avril 2016 : G\u00e9vrise Emane d\u00e9crochait son cinqui\u00e8me sacre europ\u00e9en. Retour sur ce titre remport\u00e9 en Russie.","robots":{"index":"index","follow":"follow","max-snippet":"max-snippet:-1","max-image-preview":"max-image-preview:large","max-video-preview":"max-video-preview:-1"},"canonical":"https:\/\/dicodusport.fr\/blog\/22-avril-2016-et-de-cinq-pour-gevrise-emane\/","og_locale":"fr_FR","og_type":"article","og_title":"22 avril 2016 : Et de cinq pour G\u00e9vrise Emane","og_description":"\u00c7a s'est pass\u00e9 le 22 avril 2016 : G\u00e9vrise Emane d\u00e9crochait son cinqui\u00e8me sacre europ\u00e9en. Retour sur ce titre remport\u00e9 en Russie.","og_url":"https:\/\/dicodusport.fr\/blog\/22-avril-2016-et-de-cinq-pour-gevrise-emane\/","og_site_name":"Dicodusport","article_publisher":"https:\/\/www.facebook.com\/dicodusport","article_author":"https:\/\/www.facebook.com\/soocube","article_published_time":"2021-04-22T06:00:57+00:00","og_image":[{"width":800,"height":445,"url":"https:\/\/dicodusport.fr\/blog\/wp-content\/uploads\/2021\/04\/22-avril-2016-Et-de-cinq-pour-Gevrise-Emane.png","type":"image\/png"}],"author":"Sophie Clapier","twitter_card":"summary_large_image","twitter_title":"22 avril 2016 : Et de cinq pour G\u00e9vrise Emane","twitter_creator":"@https:\/\/twitter.com\/soocube","twitter_site":"@dicodusport","schema":{"@context":"https:\/\/schema.org","@graph":[{"@type":"NewsArticle","@id":"https:\/\/dicodusport.fr\/blog\/22-avril-2016-et-de-cinq-pour-gevrise-emane\/#article","isPartOf":{"@id":"https:\/\/dicodusport.fr\/blog\/22-avril-2016-et-de-cinq-pour-gevrise-emane\/"},"author":{"name":"Sophie Clapier","@id":"https:\/\/dicodusport.fr\/blog\/#\/schema\/person\/416c975648aca9da8839bdfe333a21c9"},"headline":"22 avril 2016 : Et de cinq pour G\u00e9vrise Emane","datePublished":"2021-04-22T06:00:57+00:00","mainEntityOfPage":{"@id":"https:\/\/dicodusport.fr\/blog\/22-avril-2016-et-de-cinq-pour-gevrise-emane\/"},"wordCount":247,"commentCount":0,"publisher":{"@id":"https:\/\/dicodusport.fr\/blog\/#organization"},"image":{"@id":"https:\/\/dicodusport.fr\/blog\/22-avril-2016-et-de-cinq-pour-gevrise-emane\/#primaryimage"},"thumbnailUrl":"https:\/\/dicodusport.fr\/blog\/wp-content\/uploads\/2021\/04\/22-avril-2016-Et-de-cinq-pour-Gevrise-Emane.png","keywords":["Championnats d'Europe","Judo","sport f\u00e9minin"],"articleSection":["Histoire","Judo"],"inLanguage":"fr-FR","potentialAction":[{"@type":"CommentAction","name":"Comment","target":["https:\/\/dicodusport.fr\/blog\/22-avril-2016-et-de-cinq-pour-gevrise-emane\/#respond"]}],"copyrightYear":"2021","copyrightHolder":{"@id":"https:\/\/dicodusport.fr\/blog\/#organization"}},{"@type":"WebPage","@id":"https:\/\/dicodusport.fr\/blog\/22-avril-2016-et-de-cinq-pour-gevrise-emane\/","url":"https:\/\/dicodusport.fr\/blog\/22-avril-2016-et-de-cinq-pour-gevrise-emane\/","name":"22 avril 2016 : Et de cinq pour G\u00e9vrise Emane","isPartOf":{"@id":"https:\/\/dicodusport.fr\/blog\/#website"},"primaryImageOfPage":{"@id":"https:\/\/dicodusport.fr\/blog\/22-avril-2016-et-de-cinq-pour-gevrise-emane\/#primaryimage"},"image":{"@id":"https:\/\/dicodusport.fr\/blog\/22-avril-2016-et-de-cinq-pour-gevrise-emane\/#primaryimage"},"thumbnailUrl":"https:\/\/dicodusport.fr\/blog\/wp-content\/uploads\/2021\/04\/22-avril-2016-Et-de-cinq-pour-Gevrise-Emane.png","datePublished":"2021-04-22T06:00:57+00:00","description":"\u00c7a s'est pass\u00e9 le 22 avril 2016 : G\u00e9vrise Emane d\u00e9crochait son cinqui\u00e8me sacre europ\u00e9en. Retour sur ce titre remport\u00e9 en Russie.","breadcrumb":{"@id":"https:\/\/dicodusport.fr\/blog\/22-avril-2016-et-de-cinq-pour-gevrise-emane\/#breadcrumb"},"inLanguage":"fr-FR","potentialAction":[{"@type":"ReadAction","target":["https:\/\/dicodusport.fr\/blog\/22-avril-2016-et-de-cinq-pour-gevrise-emane\/"]}]},{"@type":"ImageObject","inLanguage":"fr-FR","@id":"https:\/\/dicodusport.fr\/blog\/22-avril-2016-et-de-cinq-pour-gevrise-emane\/#primaryimage","url":"https:\/\/dicodusport.fr\/blog\/wp-content\/uploads\/2021\/04\/22-avril-2016-Et-de-cinq-pour-Gevrise-Emane.png","contentUrl":"https:\/\/dicodusport.fr\/blog\/wp-content\/uploads\/2021\/04\/22-avril-2016-Et-de-cinq-pour-Gevrise-Emane.png","width":800,"height":445,"caption":"22 avril 2016 - Et de cinq pour G\u00e9vrise Emane"},{"@type":"BreadcrumbList","@id":"https:\/\/dicodusport.fr\/blog\/22-avril-2016-et-de-cinq-pour-gevrise-emane\/#breadcrumb","itemListElement":[{"@type":"ListItem","position":1,"name":"Accueil","item":"https:\/\/dicodusport.fr\/blog\/"},{"@type":"ListItem","position":2,"name":"22 avril 2016 : Et de cinq pour G\u00e9vrise Emane"}]},{"@type":"WebSite","@id":"https:\/\/dicodusport.fr\/blog\/#website","url":"https:\/\/dicodusport.fr\/blog\/","name":"Dicodusport","description":"L&#039;encyclop\u00e9die de l&#039;actualit\u00e9 sportive","publisher":{"@id":"https:\/\/dicodusport.fr\/blog\/#organization"},"potentialAction":[{"@type":"SearchAction","target":{"@type":"EntryPoint","urlTemplate":"https:\/\/dicodusport.fr\/blog\/?s={search_term_string}"},"query-input":{"@type":"PropertyValueSpecification","valueRequired":true,"valueName":"search_term_string"}}],"inLanguage":"fr-FR"},{"@type":"NewsMediaOrganization","@id":"https:\/\/dicodusport.fr\/blog\/#organization","name":"Dicodusport","url":"https:\/\/dicodusport.fr\/blog\/","logo":{"@type":"ImageObject","inLanguage":"fr-FR","@id":"https:\/\/dicodusport.fr\/blog\/#\/schema\/logo\/image\/","url":"https:\/\/dicodusport.fr\/blog\/wp-content\/uploads\/2020\/06\/cropped-LOGO-DICODUSPORT-2020-SANS-FOND-SANS-TEXTE.png","contentUrl":"https:\/\/dicodusport.fr\/blog\/wp-content\/uploads\/2020\/06\/cropped-LOGO-DICODUSPORT-2020-SANS-FOND-SANS-TEXTE.png","width":512,"height":512,"caption":"Dicodusport"},"image":{"@id":"https:\/\/dicodusport.fr\/blog\/#\/schema\/logo\/image\/"},"sameAs":["https:\/\/www.facebook.com\/dicodusport","https:\/\/x.com\/dicodusport","https:\/\/www.instagram.com\/dicodusport\/","https:\/\/www.youtube.com\/channel\/UC7V2KZ5sd3htJivAbA4ZG3w"],"description":"Dicodusport est l'encyclop\u00e9die de l'actualit\u00e9 sportive.","email":"bonjour@dicodusport.fr","legalName":"DICODUSPORT","foundingDate":"2018-01-14","vatID":"FR71834470973","taxID":"83447097300043","numberOfEmployees":{"@type":"QuantitativeValue","minValue":"1","maxValue":"10"}},{"@type":"Person","@id":"https:\/\/dicodusport.fr\/blog\/#\/schema\/person\/416c975648aca9da8839bdfe333a21c9","name":"Sophie Clapier","image":{"@type":"ImageObject","inLanguage":"fr-FR","@id":"https:\/\/dicodusport.fr\/blog\/#\/schema\/person\/image\/","url":"https:\/\/dicodusport.fr\/blog\/wp-content\/uploads\/2021\/05\/Sophie-Clapier-150x150.jpg","contentUrl":"https:\/\/dicodusport.fr\/blog\/wp-content\/uploads\/2021\/05\/Sophie-Clapier-150x150.jpg","caption":"Sophie Clapier"},"description":"Journaliste\/r\u00e9dactrice depuis janvier 2016 - Passionn\u00e9e de sport depuis toujours, j\u2019en ai pratiqu\u00e9 quelques-uns. Judo, football, handball ou encore tennis, je n\u2019ai jamais pu me mettre d\u2019accord sur un en particulier. Mais \u00e7a, c\u2019\u00e9tait avant de d\u00e9couvrir le basket, devenu mon sport de pr\u00e9dilection. Les actions NBA, le All-Star Week-end, la fureur des Game 7 pendant les playoffs ou mieux, lors des Finals, this is why we play. Team Spurs T.P, je m\u2019accroche encore \u00e0 Gregg Popovich (don\u2019t leave !). Team chef Curry, je souhaite qu\u2019il finisse aux Warriors (staaaay !). Non, il n\u2019y a pas qu\u2019eux, des petits nouveaux -et des petites nouvelles \u00e9videmment- arrivent chaque jour dans toutes les disciplines et cr\u00e9ent de nouveaux exploits. Alors pour les grands \u00e9v\u00e9nements et comp\u00e9titions internationales, vive les pulsations 240\/minutes et le d\u00e9fibrillateur pas loin, et allez les Bleu(e)s ! C\u2019est s\u00fbr, j\u2019aurai plus vu ma vie sur un terrain de sport, mais \u00e0 d\u00e9faut d\u2019en faire en haut niveau, je le partage avec vous.","sameAs":["https:\/\/www.facebook.com\/soocube","https:\/\/x.com\/https:\/\/twitter.com\/soocube","admin"],"url":"https:\/\/dicodusport.fr\/blog\/author\/sophie\/"}]}},"_links":{"self":[{"href":"https:\/\/dicodusport.fr\/blog\/wp-json\/wp\/v2\/posts\/123668","targetHints":{"allow":["GET"]}}],"collection":[{"href":"https:\/\/dicodusport.fr\/blog\/wp-json\/wp\/v2\/posts"}],"about":[{"href":"https:\/\/dicodusport.fr\/blog\/wp-json\/wp\/v2\/types\/post"}],"author":[{"embeddable":true,"href":"https:\/\/dicodusport.fr\/blog\/wp-json\/wp\/v2\/users\/18"}],"replies":[{"embeddable":true,"href":"https:\/\/dicodusport.fr\/blog\/wp-json\/wp\/v2\/comments?post=123668"}],"version-history":[{"count":0,"href":"https:\/\/dicodusport.fr\/blog\/wp-json\/wp\/v2\/posts\/123668\/revisions"}],"wp:featuredmedia":[{"embeddable":true,"href":"https:\/\/dicodusport.fr\/blog\/wp-json\/wp\/v2\/media\/123676"}],"wp:attachment":[{"href":"https:\/\/dicodusport.fr\/blog\/wp-json\/wp\/v2\/media?parent=123668"}],"wp:term":[{"taxonomy":"category","embeddable":true,"href":"https:\/\/dicodusport.fr\/blog\/wp-json\/wp\/v2\/categories?post=123668"},{"taxonomy":"post_tag","embeddable":true,"href":"https:\/\/dicodusport.fr\/blog\/wp-json\/wp\/v2\/tags?post=123668"}],"curies":[{"name":"wp","href":"https:\/\/api.w.org\/{rel}","templated":true}]}}