{"id":123684,"date":"2021-04-22T10:43:17","date_gmt":"2021-04-22T08:43:17","guid":{"rendered":"https:\/\/dicodusport.fr\/blog\/?p=123684&#038;preview=true&#038;preview_id=123684"},"modified":"2021-04-22T18:08:29","modified_gmt":"2021-04-22T16:08:29","slug":"chris-froome-un-contre-la-montre-face-a-l-inevitable","status":"publish","type":"post","link":"https:\/\/dicodusport.fr\/blog\/chris-froome-un-contre-la-montre-face-a-l-inevitable\/","title":{"rendered":"Chris Froome, un contre-la-montre face \u00e0 l&rsquo;in\u00e9vitable"},"content":{"rendered":"<p style=\"text-align: justify;\"><em><b>CYCLISME &#8211; Il \u00e9tait l&rsquo;une des grandes interrogations de ce d\u00e9but de saison 2021, et les r\u00e9ponses commencent \u00e0 \u00eatre claires : Chris Froome semble incapable de retrouver son niveau d&rsquo;antan.<\/b><\/em><\/p>\n<p style=\"text-align: justify;\">En d\u00e9but de saison, <a href=\"https:\/\/dicodusport.fr\/blog\/pour-christopher-froome-la-pente-semble-trop-raide\/\" target=\"_blank\" rel=\"noopener\">les observateurs se questionnaient sur ce que l&rsquo;on pouvait attendre du Britannique<\/a> dans sa nouvelle formation, Israel Start-up Nation, qui l&rsquo;a recrut\u00e9 \u00e0 prix d&rsquo;or faisant de lui le <a href=\"https:\/\/dicodusport.fr\/blog\/cyclisme-top-15-coureurs-mieux-payes-peloton-2021\/\" target=\"_blank\" rel=\"noopener\">cycliste le mieux pay\u00e9 du peloton en 2021<\/a>, devant notamment Tadej Pogacar et Peter Sagan. Apr\u00e8s quelques mois de comp\u00e9tition, il semble incapable de retrouver son meilleur niveau, ou au moins de s&rsquo;en approcher.<\/p>\n<p style=\"text-align: justify;\">47\u00e8me du g\u00e9n\u00e9ral de l&rsquo;UAE Tour, 81\u00e8me sur le Tour de Catalogne, il est actuellement 98\u00e8me du Tour des Alpes apr\u00e8s trois \u00e9tapes, toujours parmi les premiers l\u00e2ch\u00e9s du peloton. Il n&rsquo;y a donc m\u00eame pas de signes encourageants, car le quadruple vainqueur du Tour de France n&rsquo;a jamais \u00e9t\u00e9 capable de suivre les meilleurs au moins quelques kilom\u00e8tres quand la pente s&rsquo;est \u00e9lev\u00e9e, sur les trois courses o\u00f9 il s&rsquo;est align\u00e9.<\/p>\n<blockquote class=\"twitter-tweet\">\n<p dir=\"ltr\" lang=\"und\">yes<\/p>\n<p>\u2014 Has Froome Been Dropped Yet? (@FroomeHas) <a href=\"https:\/\/twitter.com\/FroomeHas\/status\/1384833482204094465?ref_src=twsrc%5Etfw\">April 21, 2021<\/a><\/p><\/blockquote>\n<p style=\"text-align: justify;\"><script async src=\"https:\/\/platform.twitter.com\/widgets.js\" charset=\"utf-8\"><\/script><\/p>\n<h2 style=\"text-align: justify;\">Et maintenant, on fait quoi ?<\/h2>\n<p style=\"text-align: justify;\">La question actuelle n&rsquo;est plus de se demander s&rsquo;il va \u00eatre distanc\u00e9, mais plut\u00f4t \u00e0 quel moment cela va intervenir, \u00e0 l&rsquo;image de ce compte Twitter (ci-dessus) cr\u00e9\u00e9 suite \u00e0 ses mauvais r\u00e9sultats. Pas pr\u00e9vu sur le Tour d&rsquo;Italie, <strong>Chris Froome<\/strong> a encore quelques mois pour essayer d&rsquo;inverser la tendance, avant le Tour de France, m\u00eame si \u00e0 l&rsquo;heure actuelle, le voir bien figurer en juillet prochain sur les routes fran\u00e7aises semble inconcevable.<\/p>\n<p style=\"text-align: justify;\">Sera-t-il au d\u00e9part de la Grande Boucle, m\u00eame si c&rsquo;est pour faire de la figuration sur le plan sportif, mais au moins pour repr\u00e9senter son \u00e9quipe qui le paye gracieusement et ce jusqu&rsquo;\u00e0 la fin de la saison 2023 ? On voit mal le grand champion qu&rsquo;il a \u00e9t\u00e9 se contenter de finir si loin des meilleurs pendant trois saisons de suite. S&rsquo;il n&rsquo;y a pas d&rsquo;\u00e9claircie dans les prochains mois, on peut penser qu&rsquo;il n&rsquo;ira pas au terme de son contrat.<\/p>\n<p style=\"text-align: justify;\"><strong>Chris Froome<\/strong>, 35 ans, entame probablement le contre-la-montre le plus compliqu\u00e9 de sa carri\u00e8re, celui qui consiste \u00e0 redevenir un coureur cycliste de haut niveau avant le Tour de France. Le profil est vallonn\u00e9, les conditions m\u00e9t\u00e9o dantesques, rien ne va dans le sens de <strong>Chris Froome<\/strong>, mais un vieil adage dit qu&rsquo;un champion ne meurt jamais.<\/p>\n","protected":false},"excerpt":{"rendered":"<p>CYCLISME &#8211; Il \u00e9tait l&rsquo;une des grandes interrogations de ce d\u00e9but de saison 2021, et les r\u00e9ponses commencent \u00e0 \u00eatre claires : Chris Froome semble incapable de retrouver son niveau d&rsquo;antan.<\/p>\n","protected":false},"author":1,"featured_media":123702,"comment_status":"open","ping_status":"closed","sticky":false,"template":"","format":"standard","meta":{"_acf_changed":false,"_daextam_enable_autolinks":"","footnotes":""},"categories":[2307],"tags":[2833,574,1448],"class_list":["post-123684","post","type-post","status-publish","format-standard","has-post-thumbnail","hentry","category-cyclisme","tag-chris-froome","tag-cyclisme","tag-froome"],"acf":[],"yoast_head":"<!-- This site is optimized with the Yoast SEO Premium plugin v26.7 (Yoast SEO v26.7) - https:\/\/yoast.com\/wordpress\/plugins\/seo\/ -->\n<title>Chris Froome, un contre-la-montre face \u00e0 l&#039;in\u00e9vitable<\/title>\n<meta name=\"description\" content=\"CYCLISME - Il \u00e9tait l&#039;une des grandes interrogations de ce d\u00e9but de saison 2021, et les r\u00e9ponses commencent \u00e0 \u00eatre claires : Chris Froome semble incapable de retrouver son niveau d&#039;antan.\" \/>\n<meta name=\"robots\" content=\"index, follow, max-snippet:-1, max-image-preview:large, max-video-preview:-1\" \/>\n<link rel=\"canonical\" href=\"https:\/\/dicodusport.fr\/blog\/chris-froome-un-contre-la-montre-face-a-l-inevitable\/\" \/>\n<meta property=\"og:locale\" content=\"fr_FR\" \/>\n<meta property=\"og:type\" content=\"article\" \/>\n<meta property=\"og:title\" content=\"Chris Froome, un contre-la-montre face \u00e0 l&#039;in\u00e9vitable\" \/>\n<meta property=\"og:description\" content=\"CYCLISME - Il \u00e9tait l&#039;une des grandes interrogations de ce d\u00e9but de saison 2021, et les r\u00e9ponses commencent \u00e0 \u00eatre claires : Chris Froome semble incapable de retrouver son niveau d&#039;antan.\" \/>\n<meta property=\"og:url\" content=\"https:\/\/dicodusport.fr\/blog\/chris-froome-un-contre-la-montre-face-a-l-inevitable\/\" \/>\n<meta property=\"og:site_name\" content=\"Dicodusport\" \/>\n<meta property=\"article:publisher\" content=\"https:\/\/www.facebook.com\/dicodusport\" \/>\n<meta property=\"article:author\" content=\"https:\/\/www.facebook.com\/dicodusport\" \/>\n<meta property=\"article:published_time\" content=\"2021-04-22T08:43:17+00:00\" \/>\n<meta property=\"article:modified_time\" content=\"2021-04-22T16:08:29+00:00\" \/>\n<meta property=\"og:image\" content=\"https:\/\/dicodusport.fr\/blog\/wp-content\/uploads\/2021\/04\/Chris-Froome-un-contre-la-montre-face-a-linevitable.png\" \/>\n\t<meta property=\"og:image:width\" content=\"800\" \/>\n\t<meta property=\"og:image:height\" content=\"445\" \/>\n\t<meta property=\"og:image:type\" content=\"image\/png\" \/>\n<meta name=\"author\" content=\"Nicolas Jacquemard\" \/>\n<meta name=\"twitter:card\" content=\"summary_large_image\" \/>\n<meta name=\"twitter:title\" content=\"Chris Froome, un contre-la-montre face \u00e0 l&#039;in\u00e9vitable\" \/>\n<meta name=\"twitter:creator\" content=\"@https:\/\/twitter.com\/Nico_Jacquemard\" \/>\n<meta name=\"twitter:site\" content=\"@dicodusport\" \/>\n<script type=\"application\/ld+json\" class=\"yoast-schema-graph\">{\"@context\":\"https:\/\/schema.org\",\"@graph\":[{\"@type\":\"NewsArticle\",\"@id\":\"https:\/\/dicodusport.fr\/blog\/chris-froome-un-contre-la-montre-face-a-l-inevitable\/#article\",\"isPartOf\":{\"@id\":\"https:\/\/dicodusport.fr\/blog\/chris-froome-un-contre-la-montre-face-a-l-inevitable\/\"},\"author\":{\"name\":\"Nicolas Jacquemard\",\"@id\":\"https:\/\/dicodusport.fr\/blog\/#\/schema\/person\/55dcb50ad410894e431ed812bbb70191\"},\"headline\":\"Chris Froome, un contre-la-montre face \u00e0 l&rsquo;in\u00e9vitable\",\"datePublished\":\"2021-04-22T08:43:17+00:00\",\"dateModified\":\"2021-04-22T16:08:29+00:00\",\"mainEntityOfPage\":{\"@id\":\"https:\/\/dicodusport.fr\/blog\/chris-froome-un-contre-la-montre-face-a-l-inevitable\/\"},\"wordCount\":439,\"commentCount\":0,\"publisher\":{\"@id\":\"https:\/\/dicodusport.fr\/blog\/#organization\"},\"image\":{\"@id\":\"https:\/\/dicodusport.fr\/blog\/chris-froome-un-contre-la-montre-face-a-l-inevitable\/#primaryimage\"},\"thumbnailUrl\":\"https:\/\/dicodusport.fr\/blog\/wp-content\/uploads\/2021\/04\/Chris-Froome-un-contre-la-montre-face-a-linevitable.png\",\"keywords\":[\"Chris froome\",\"Cyclisme\",\"froome\"],\"articleSection\":[\"Cyclisme\"],\"inLanguage\":\"fr-FR\",\"potentialAction\":[{\"@type\":\"CommentAction\",\"name\":\"Comment\",\"target\":[\"https:\/\/dicodusport.fr\/blog\/chris-froome-un-contre-la-montre-face-a-l-inevitable\/#respond\"]}],\"copyrightYear\":\"2021\",\"copyrightHolder\":{\"@id\":\"https:\/\/dicodusport.fr\/blog\/#organization\"}},{\"@type\":\"WebPage\",\"@id\":\"https:\/\/dicodusport.fr\/blog\/chris-froome-un-contre-la-montre-face-a-l-inevitable\/\",\"url\":\"https:\/\/dicodusport.fr\/blog\/chris-froome-un-contre-la-montre-face-a-l-inevitable\/\",\"name\":\"Chris Froome, un contre-la-montre face \u00e0 l'in\u00e9vitable\",\"isPartOf\":{\"@id\":\"https:\/\/dicodusport.fr\/blog\/#website\"},\"primaryImageOfPage\":{\"@id\":\"https:\/\/dicodusport.fr\/blog\/chris-froome-un-contre-la-montre-face-a-l-inevitable\/#primaryimage\"},\"image\":{\"@id\":\"https:\/\/dicodusport.fr\/blog\/chris-froome-un-contre-la-montre-face-a-l-inevitable\/#primaryimage\"},\"thumbnailUrl\":\"https:\/\/dicodusport.fr\/blog\/wp-content\/uploads\/2021\/04\/Chris-Froome-un-contre-la-montre-face-a-linevitable.png\",\"datePublished\":\"2021-04-22T08:43:17+00:00\",\"dateModified\":\"2021-04-22T16:08:29+00:00\",\"description\":\"CYCLISME - Il \u00e9tait l'une des grandes interrogations de ce d\u00e9but de saison 2021, et les r\u00e9ponses commencent \u00e0 \u00eatre claires : Chris Froome semble incapable de retrouver son niveau d'antan.\",\"breadcrumb\":{\"@id\":\"https:\/\/dicodusport.fr\/blog\/chris-froome-un-contre-la-montre-face-a-l-inevitable\/#breadcrumb\"},\"inLanguage\":\"fr-FR\",\"potentialAction\":[{\"@type\":\"ReadAction\",\"target\":[\"https:\/\/dicodusport.fr\/blog\/chris-froome-un-contre-la-montre-face-a-l-inevitable\/\"]}]},{\"@type\":\"ImageObject\",\"inLanguage\":\"fr-FR\",\"@id\":\"https:\/\/dicodusport.fr\/blog\/chris-froome-un-contre-la-montre-face-a-l-inevitable\/#primaryimage\",\"url\":\"https:\/\/dicodusport.fr\/blog\/wp-content\/uploads\/2021\/04\/Chris-Froome-un-contre-la-montre-face-a-linevitable.png\",\"contentUrl\":\"https:\/\/dicodusport.fr\/blog\/wp-content\/uploads\/2021\/04\/Chris-Froome-un-contre-la-montre-face-a-linevitable.png\",\"width\":800,\"height\":445,\"caption\":\"Chris Froome, un contre-la-montre face \u00e0 l'in\u00e9vitable\"},{\"@type\":\"BreadcrumbList\",\"@id\":\"https:\/\/dicodusport.fr\/blog\/chris-froome-un-contre-la-montre-face-a-l-inevitable\/#breadcrumb\",\"itemListElement\":[{\"@type\":\"ListItem\",\"position\":1,\"name\":\"Accueil\",\"item\":\"https:\/\/dicodusport.fr\/blog\/\"},{\"@type\":\"ListItem\",\"position\":2,\"name\":\"Chris Froome, un contre-la-montre face \u00e0 l&rsquo;in\u00e9vitable\"}]},{\"@type\":\"WebSite\",\"@id\":\"https:\/\/dicodusport.fr\/blog\/#website\",\"url\":\"https:\/\/dicodusport.fr\/blog\/\",\"name\":\"Dicodusport\",\"description\":\"L&#039;encyclop\u00e9die de l&#039;actualit\u00e9 sportive\",\"publisher\":{\"@id\":\"https:\/\/dicodusport.fr\/blog\/#organization\"},\"potentialAction\":[{\"@type\":\"SearchAction\",\"target\":{\"@type\":\"EntryPoint\",\"urlTemplate\":\"https:\/\/dicodusport.fr\/blog\/?s={search_term_string}\"},\"query-input\":{\"@type\":\"PropertyValueSpecification\",\"valueRequired\":true,\"valueName\":\"search_term_string\"}}],\"inLanguage\":\"fr-FR\"},{\"@type\":\"NewsMediaOrganization\",\"@id\":\"https:\/\/dicodusport.fr\/blog\/#organization\",\"name\":\"Dicodusport\",\"url\":\"https:\/\/dicodusport.fr\/blog\/\",\"logo\":{\"@type\":\"ImageObject\",\"inLanguage\":\"fr-FR\",\"@id\":\"https:\/\/dicodusport.fr\/blog\/#\/schema\/logo\/image\/\",\"url\":\"https:\/\/dicodusport.fr\/blog\/wp-content\/uploads\/2020\/06\/cropped-LOGO-DICODUSPORT-2020-SANS-FOND-SANS-TEXTE.png\",\"contentUrl\":\"https:\/\/dicodusport.fr\/blog\/wp-content\/uploads\/2020\/06\/cropped-LOGO-DICODUSPORT-2020-SANS-FOND-SANS-TEXTE.png\",\"width\":512,\"height\":512,\"caption\":\"Dicodusport\"},\"image\":{\"@id\":\"https:\/\/dicodusport.fr\/blog\/#\/schema\/logo\/image\/\"},\"sameAs\":[\"https:\/\/www.facebook.com\/dicodusport\",\"https:\/\/x.com\/dicodusport\",\"https:\/\/www.instagram.com\/dicodusport\/\",\"https:\/\/www.youtube.com\/channel\/UC7V2KZ5sd3htJivAbA4ZG3w\"],\"description\":\"Dicodusport est l'encyclop\u00e9die de l'actualit\u00e9 sportive.\",\"email\":\"bonjour@dicodusport.fr\",\"legalName\":\"DICODUSPORT\",\"foundingDate\":\"2018-01-14\",\"vatID\":\"FR71834470973\",\"taxID\":\"83447097300043\",\"numberOfEmployees\":{\"@type\":\"QuantitativeValue\",\"minValue\":\"1\",\"maxValue\":\"10\"}},{\"@type\":\"Person\",\"@id\":\"https:\/\/dicodusport.fr\/blog\/#\/schema\/person\/55dcb50ad410894e431ed812bbb70191\",\"name\":\"Nicolas Jacquemard\",\"image\":{\"@type\":\"ImageObject\",\"inLanguage\":\"fr-FR\",\"@id\":\"https:\/\/dicodusport.fr\/blog\/#\/schema\/person\/image\/\",\"url\":\"https:\/\/dicodusport.fr\/blog\/wp-content\/uploads\/2021\/05\/Nicolas-Jacquemard-150x150.jpeg\",\"contentUrl\":\"https:\/\/dicodusport.fr\/blog\/wp-content\/uploads\/2021\/05\/Nicolas-Jacquemard-150x150.jpeg\",\"caption\":\"Nicolas Jacquemard\"},\"description\":\"Passionn\u00e9 de sport et entrepreneur depuis mes 18 ans, la cr\u00e9ation de Dicodusport m'a sembl\u00e9 \u00e9vidente pour participer \u00e0 la m\u00e9diatisation d'un plus grand nombre de sports. Le chemin est long mais avec une \u00e9quipe des plus motiv\u00e9es et les Jeux Olympiques de Paris 2024 en point de mire, nous y arriverons ! Journaliste dans le monde du sport depuis plus de 5 ans, je traite aussi bien de football, de rugby, de biathlon que de cyclisme.\",\"sameAs\":[\"https:\/\/www.facebook.com\/dicodusport\",\"https:\/\/x.com\/https:\/\/twitter.com\/Nico_Jacquemard\"],\"url\":\"https:\/\/dicodusport.fr\/blog\/author\/dicodusport\/\"}]}<\/script>\n<!-- \/ Yoast SEO Premium plugin. -->","yoast_head_json":{"title":"Chris Froome, un contre-la-montre face \u00e0 l'in\u00e9vitable","description":"CYCLISME - Il \u00e9tait l'une des grandes interrogations de ce d\u00e9but de saison 2021, et les r\u00e9ponses commencent \u00e0 \u00eatre claires : Chris Froome semble incapable de retrouver son niveau d'antan.","robots":{"index":"index","follow":"follow","max-snippet":"max-snippet:-1","max-image-preview":"max-image-preview:large","max-video-preview":"max-video-preview:-1"},"canonical":"https:\/\/dicodusport.fr\/blog\/chris-froome-un-contre-la-montre-face-a-l-inevitable\/","og_locale":"fr_FR","og_type":"article","og_title":"Chris Froome, un contre-la-montre face \u00e0 l'in\u00e9vitable","og_description":"CYCLISME - Il \u00e9tait l'une des grandes interrogations de ce d\u00e9but de saison 2021, et les r\u00e9ponses commencent \u00e0 \u00eatre claires : Chris Froome semble incapable de retrouver son niveau d'antan.","og_url":"https:\/\/dicodusport.fr\/blog\/chris-froome-un-contre-la-montre-face-a-l-inevitable\/","og_site_name":"Dicodusport","article_publisher":"https:\/\/www.facebook.com\/dicodusport","article_author":"https:\/\/www.facebook.com\/dicodusport","article_published_time":"2021-04-22T08:43:17+00:00","article_modified_time":"2021-04-22T16:08:29+00:00","og_image":[{"width":800,"height":445,"url":"https:\/\/dicodusport.fr\/blog\/wp-content\/uploads\/2021\/04\/Chris-Froome-un-contre-la-montre-face-a-linevitable.png","type":"image\/png"}],"author":"Nicolas Jacquemard","twitter_card":"summary_large_image","twitter_title":"Chris Froome, un contre-la-montre face \u00e0 l'in\u00e9vitable","twitter_creator":"@https:\/\/twitter.com\/Nico_Jacquemard","twitter_site":"@dicodusport","schema":{"@context":"https:\/\/schema.org","@graph":[{"@type":"NewsArticle","@id":"https:\/\/dicodusport.fr\/blog\/chris-froome-un-contre-la-montre-face-a-l-inevitable\/#article","isPartOf":{"@id":"https:\/\/dicodusport.fr\/blog\/chris-froome-un-contre-la-montre-face-a-l-inevitable\/"},"author":{"name":"Nicolas Jacquemard","@id":"https:\/\/dicodusport.fr\/blog\/#\/schema\/person\/55dcb50ad410894e431ed812bbb70191"},"headline":"Chris Froome, un contre-la-montre face \u00e0 l&rsquo;in\u00e9vitable","datePublished":"2021-04-22T08:43:17+00:00","dateModified":"2021-04-22T16:08:29+00:00","mainEntityOfPage":{"@id":"https:\/\/dicodusport.fr\/blog\/chris-froome-un-contre-la-montre-face-a-l-inevitable\/"},"wordCount":439,"commentCount":0,"publisher":{"@id":"https:\/\/dicodusport.fr\/blog\/#organization"},"image":{"@id":"https:\/\/dicodusport.fr\/blog\/chris-froome-un-contre-la-montre-face-a-l-inevitable\/#primaryimage"},"thumbnailUrl":"https:\/\/dicodusport.fr\/blog\/wp-content\/uploads\/2021\/04\/Chris-Froome-un-contre-la-montre-face-a-linevitable.png","keywords":["Chris froome","Cyclisme","froome"],"articleSection":["Cyclisme"],"inLanguage":"fr-FR","potentialAction":[{"@type":"CommentAction","name":"Comment","target":["https:\/\/dicodusport.fr\/blog\/chris-froome-un-contre-la-montre-face-a-l-inevitable\/#respond"]}],"copyrightYear":"2021","copyrightHolder":{"@id":"https:\/\/dicodusport.fr\/blog\/#organization"}},{"@type":"WebPage","@id":"https:\/\/dicodusport.fr\/blog\/chris-froome-un-contre-la-montre-face-a-l-inevitable\/","url":"https:\/\/dicodusport.fr\/blog\/chris-froome-un-contre-la-montre-face-a-l-inevitable\/","name":"Chris Froome, un contre-la-montre face \u00e0 l'in\u00e9vitable","isPartOf":{"@id":"https:\/\/dicodusport.fr\/blog\/#website"},"primaryImageOfPage":{"@id":"https:\/\/dicodusport.fr\/blog\/chris-froome-un-contre-la-montre-face-a-l-inevitable\/#primaryimage"},"image":{"@id":"https:\/\/dicodusport.fr\/blog\/chris-froome-un-contre-la-montre-face-a-l-inevitable\/#primaryimage"},"thumbnailUrl":"https:\/\/dicodusport.fr\/blog\/wp-content\/uploads\/2021\/04\/Chris-Froome-un-contre-la-montre-face-a-linevitable.png","datePublished":"2021-04-22T08:43:17+00:00","dateModified":"2021-04-22T16:08:29+00:00","description":"CYCLISME - Il \u00e9tait l'une des grandes interrogations de ce d\u00e9but de saison 2021, et les r\u00e9ponses commencent \u00e0 \u00eatre claires : Chris Froome semble incapable de retrouver son niveau d'antan.","breadcrumb":{"@id":"https:\/\/dicodusport.fr\/blog\/chris-froome-un-contre-la-montre-face-a-l-inevitable\/#breadcrumb"},"inLanguage":"fr-FR","potentialAction":[{"@type":"ReadAction","target":["https:\/\/dicodusport.fr\/blog\/chris-froome-un-contre-la-montre-face-a-l-inevitable\/"]}]},{"@type":"ImageObject","inLanguage":"fr-FR","@id":"https:\/\/dicodusport.fr\/blog\/chris-froome-un-contre-la-montre-face-a-l-inevitable\/#primaryimage","url":"https:\/\/dicodusport.fr\/blog\/wp-content\/uploads\/2021\/04\/Chris-Froome-un-contre-la-montre-face-a-linevitable.png","contentUrl":"https:\/\/dicodusport.fr\/blog\/wp-content\/uploads\/2021\/04\/Chris-Froome-un-contre-la-montre-face-a-linevitable.png","width":800,"height":445,"caption":"Chris Froome, un contre-la-montre face \u00e0 l'in\u00e9vitable"},{"@type":"BreadcrumbList","@id":"https:\/\/dicodusport.fr\/blog\/chris-froome-un-contre-la-montre-face-a-l-inevitable\/#breadcrumb","itemListElement":[{"@type":"ListItem","position":1,"name":"Accueil","item":"https:\/\/dicodusport.fr\/blog\/"},{"@type":"ListItem","position":2,"name":"Chris Froome, un contre-la-montre face \u00e0 l&rsquo;in\u00e9vitable"}]},{"@type":"WebSite","@id":"https:\/\/dicodusport.fr\/blog\/#website","url":"https:\/\/dicodusport.fr\/blog\/","name":"Dicodusport","description":"L&#039;encyclop\u00e9die de l&#039;actualit\u00e9 sportive","publisher":{"@id":"https:\/\/dicodusport.fr\/blog\/#organization"},"potentialAction":[{"@type":"SearchAction","target":{"@type":"EntryPoint","urlTemplate":"https:\/\/dicodusport.fr\/blog\/?s={search_term_string}"},"query-input":{"@type":"PropertyValueSpecification","valueRequired":true,"valueName":"search_term_string"}}],"inLanguage":"fr-FR"},{"@type":"NewsMediaOrganization","@id":"https:\/\/dicodusport.fr\/blog\/#organization","name":"Dicodusport","url":"https:\/\/dicodusport.fr\/blog\/","logo":{"@type":"ImageObject","inLanguage":"fr-FR","@id":"https:\/\/dicodusport.fr\/blog\/#\/schema\/logo\/image\/","url":"https:\/\/dicodusport.fr\/blog\/wp-content\/uploads\/2020\/06\/cropped-LOGO-DICODUSPORT-2020-SANS-FOND-SANS-TEXTE.png","contentUrl":"https:\/\/dicodusport.fr\/blog\/wp-content\/uploads\/2020\/06\/cropped-LOGO-DICODUSPORT-2020-SANS-FOND-SANS-TEXTE.png","width":512,"height":512,"caption":"Dicodusport"},"image":{"@id":"https:\/\/dicodusport.fr\/blog\/#\/schema\/logo\/image\/"},"sameAs":["https:\/\/www.facebook.com\/dicodusport","https:\/\/x.com\/dicodusport","https:\/\/www.instagram.com\/dicodusport\/","https:\/\/www.youtube.com\/channel\/UC7V2KZ5sd3htJivAbA4ZG3w"],"description":"Dicodusport est l'encyclop\u00e9die de l'actualit\u00e9 sportive.","email":"bonjour@dicodusport.fr","legalName":"DICODUSPORT","foundingDate":"2018-01-14","vatID":"FR71834470973","taxID":"83447097300043","numberOfEmployees":{"@type":"QuantitativeValue","minValue":"1","maxValue":"10"}},{"@type":"Person","@id":"https:\/\/dicodusport.fr\/blog\/#\/schema\/person\/55dcb50ad410894e431ed812bbb70191","name":"Nicolas Jacquemard","image":{"@type":"ImageObject","inLanguage":"fr-FR","@id":"https:\/\/dicodusport.fr\/blog\/#\/schema\/person\/image\/","url":"https:\/\/dicodusport.fr\/blog\/wp-content\/uploads\/2021\/05\/Nicolas-Jacquemard-150x150.jpeg","contentUrl":"https:\/\/dicodusport.fr\/blog\/wp-content\/uploads\/2021\/05\/Nicolas-Jacquemard-150x150.jpeg","caption":"Nicolas Jacquemard"},"description":"Passionn\u00e9 de sport et entrepreneur depuis mes 18 ans, la cr\u00e9ation de Dicodusport m'a sembl\u00e9 \u00e9vidente pour participer \u00e0 la m\u00e9diatisation d'un plus grand nombre de sports. Le chemin est long mais avec une \u00e9quipe des plus motiv\u00e9es et les Jeux Olympiques de Paris 2024 en point de mire, nous y arriverons ! Journaliste dans le monde du sport depuis plus de 5 ans, je traite aussi bien de football, de rugby, de biathlon que de cyclisme.","sameAs":["https:\/\/www.facebook.com\/dicodusport","https:\/\/x.com\/https:\/\/twitter.com\/Nico_Jacquemard"],"url":"https:\/\/dicodusport.fr\/blog\/author\/dicodusport\/"}]}},"_links":{"self":[{"href":"https:\/\/dicodusport.fr\/blog\/wp-json\/wp\/v2\/posts\/123684","targetHints":{"allow":["GET"]}}],"collection":[{"href":"https:\/\/dicodusport.fr\/blog\/wp-json\/wp\/v2\/posts"}],"about":[{"href":"https:\/\/dicodusport.fr\/blog\/wp-json\/wp\/v2\/types\/post"}],"author":[{"embeddable":true,"href":"https:\/\/dicodusport.fr\/blog\/wp-json\/wp\/v2\/users\/1"}],"replies":[{"embeddable":true,"href":"https:\/\/dicodusport.fr\/blog\/wp-json\/wp\/v2\/comments?post=123684"}],"version-history":[{"count":0,"href":"https:\/\/dicodusport.fr\/blog\/wp-json\/wp\/v2\/posts\/123684\/revisions"}],"wp:featuredmedia":[{"embeddable":true,"href":"https:\/\/dicodusport.fr\/blog\/wp-json\/wp\/v2\/media\/123702"}],"wp:attachment":[{"href":"https:\/\/dicodusport.fr\/blog\/wp-json\/wp\/v2\/media?parent=123684"}],"wp:term":[{"taxonomy":"category","embeddable":true,"href":"https:\/\/dicodusport.fr\/blog\/wp-json\/wp\/v2\/categories?post=123684"},{"taxonomy":"post_tag","embeddable":true,"href":"https:\/\/dicodusport.fr\/blog\/wp-json\/wp\/v2\/tags?post=123684"}],"curies":[{"name":"wp","href":"https:\/\/api.w.org\/{rel}","templated":true}]}}