{"id":123756,"date":"2021-04-23T09:37:08","date_gmt":"2021-04-23T07:37:08","guid":{"rendered":"https:\/\/dicodusport.fr\/blog\/?p=123756"},"modified":"2021-04-23T10:34:16","modified_gmt":"2021-04-23T08:34:16","slug":"5000-m-athletisme-julien-wanders-va-tenter-deffacer-jimmy-gressier-des-tablettes","status":"publish","type":"post","link":"https:\/\/dicodusport.fr\/blog\/5000-m-athletisme-julien-wanders-va-tenter-deffacer-jimmy-gressier-des-tablettes\/","title":{"rendered":"5 kilom\u00e8tres : Julien Wanders va tenter d&rsquo;effacer Jimmy Gressier des tablettes"},"content":{"rendered":"<p style=\"text-align: justify;\"><em><strong>Ce samedi 24 avril, l&rsquo;athl\u00e8te suisse Julien Wanders va tenter d&rsquo;\u00e9tablir un nouveau record du 5 000 m. Cette tentative sera orchestr\u00e9e par son \u00e9quipementier Asics. Et d&rsquo;autres athl\u00e8tes auront \u00e9galement pour objectif de battre leur record.<\/strong><\/em><\/p>\n<p style=\"text-align: justify;\">Si la pand\u00e9mie actuelle freine de nombreux \u00e9v\u00e8nements sportifs, les \u00e9quipementiers d\u00e9bordent d&rsquo;imagination pour mettre en place malgr\u00e9 tout des comp\u00e9titions. Cela sera le cas ce week-end de la marque nippone <strong>Asics<\/strong>, avec sa course nomm\u00e9e <em>\u00ab\u00a0Beat your personal best\u00a0\u00bb<\/em>. On vous \u00e9pargnera la traduction, c&rsquo;est pour le moins explicite. Plus qu&rsquo;une simple course, il s&rsquo;agira pour la marque de promouvoir sa derni\u00e8re cr\u00e9ation. La<strong> MetaSpeed Sky<\/strong> dot\u00e9e d&rsquo;une plaque carbone et dont tous les coureurs seront chauss\u00e9s. Tous, car outre <a href=\"https:\/\/dicodusport.fr\/blog\/julien-wanders-un-homme-presse\/\" target=\"_blank\" rel=\"noopener\"><strong>Julien Wanders<\/strong><\/a>, ils seront une trentaine \u00e0 r\u00e9pondre au rendez-vous.<\/p>\n<h2 style=\"text-align: justify;\">Un duel \u00e0 distance avant des retrouvailles<\/h2>\n<p style=\"text-align: justify;\">Sur le 10 km, on suivra notamment le Norv\u00e9gien <strong>Sondre Moen<\/strong> ancien recordman du marathon en 2h05&rsquo;48 et ayant un chrono de r\u00e9f\u00e9rence de 27&rsquo;55 sur la distance. Le Belge <strong>Koen Naert<\/strong> et les Tricolores <strong>Yohan Durand<\/strong> et <strong>Abderrazak Charik<\/strong> seront \u00e9galement de la partie. C\u00f4t\u00e9 f\u00e9minin, notre regard se portera sur la performance de l&rsquo;Erythr\u00e9enne <strong>Mekdes Woldu<\/strong> qui tentera de faire mieux que ses 32&rsquo;16 r\u00e9alis\u00e9s \u00e0 <strong>Nice<\/strong> l&rsquo;an dernier. Mais bien entendu l&rsquo;attraction de cette course se nomme<strong> Julien Wanders<\/strong>. Le d\u00e9tenteur du record europ\u00e9en du 10 km (27&rsquo;13) va tenter de s&rsquo;accaparer celui du 5 km.<\/p>\n<p style=\"text-align: justify;\">Propri\u00e9t\u00e9 depuis f\u00e9vrier 2020 de <strong>Jimmy Gressier<\/strong>, le Franco-Suisse qui s&rsquo;entra\u00eene la majeure partie de l&rsquo;ann\u00e9e au Kenya est en mesure d&rsquo;am\u00e9liorer ce chrono. Accompagn\u00e9 de ses meneurs d&rsquo;allure sur une boucle de 2.5 kms dans le domaine du Bois au Daims \u00e0 Morton dans le d\u00e9partement de la Vienne, l&rsquo;environnement sera favorable. Et d&rsquo;autres athl\u00e8tes voudront se d\u00e9marquer. Le Portugais <strong>Isaac Nader<\/strong> tentera de son c\u00f4t\u00e9 de battre le record espoirs de la discipline. Les Tricolores ne seront pas en reste. <strong>F\u00e9lix Bour<\/strong>,<strong> Etienne Daguinos <\/strong>et <strong>Fabien Szot<\/strong> seront pr\u00e9sents. Tout comme<strong> Valentin Bresc<\/strong> qui aura pour objectif de rafler le record de France espoirs d\u00e9tenu par<strong> Krilan le Bihan<\/strong> depuis 2020 en 14&rsquo;04.<\/p>\n<p style=\"text-align: justify;\">Si <strong>Julien Wanders<\/strong> d\u00e9fiera <strong>Jimmy Gressier<\/strong> \u00e0 distance, les deux hommes devraient se croiser de nouveau \u00e0 <strong>Tokyo<\/strong> cet \u00e9t\u00e9. Apr\u00e8s cet \u00e9v\u00e8nement majeur, les deux athl\u00e8tes se retrouveront du c\u00f4t\u00e9 de <strong>Gen\u00e8ve<\/strong> d\u00e9but octobre. Pour un 10 km qui fait son apparition dans le calendrier. Et qui, \u00e0 n&rsquo;en pas douter pourrait faire date.<\/p>\n<p style=\"text-align: center;\"><a href=\"https:\/\/www.asics.com\/gb\/en-gb\/mk\/metaspeed-sky-launch\" target=\"_blank\" rel=\"noopener\"><strong>Suivez le direct<\/strong><\/a><\/p>\n<blockquote class=\"twitter-tweet\">\n<p dir=\"ltr\" lang=\"fr\">&#x1f4fa; \u00c0 quelques heures du d\u00e9part, Stadion vous communique les toutes derni\u00e8res informations dont vous avez besoin pour suivre la course de Julien Wanders qui pourrait bien faire trembler le record d&rsquo;Europe du 5 km (13&rsquo;18) \u00e0 Morton. <a href=\"https:\/\/twitter.com\/hashtag\/running?src=hash&amp;ref_src=twsrc%5Etfw\">#running<\/a><\/p>\n<p>&#x1f449; <a href=\"https:\/\/t.co\/hqXKYVjvMJ\">https:\/\/t.co\/hqXKYVjvMJ<\/a> <a href=\"https:\/\/t.co\/OAVcouuj4s\">pic.twitter.com\/OAVcouuj4s<\/a><\/p>\n<p>\u2014 STADION (@stadion_actu) <a href=\"https:\/\/twitter.com\/stadion_actu\/status\/1385490149660938241?ref_src=twsrc%5Etfw\">April 23, 2021<\/a><\/p><\/blockquote>\n<p><script async src=\"https:\/\/platform.twitter.com\/widgets.js\" charset=\"utf-8\"><\/script><\/p>\n","protected":false},"excerpt":{"rendered":"<p>Ce samedi 24 avril, l&rsquo;athl\u00e8te Suisse Julien Wanders va tenter d&rsquo;\u00e9tablir un nouveau record du 5000m. Cette tentative sera orchestr\u00e9e par son \u00e9quipementier Asics. Et d&rsquo;autres athl\u00e8tes auront \u00e9galement pour objectif de battre leur record.<\/p>\n","protected":false},"author":37,"featured_media":123974,"comment_status":"open","ping_status":"closed","sticky":false,"template":"","format":"standard","meta":{"_acf_changed":false,"_daextam_enable_autolinks":"","footnotes":""},"categories":[2308],"tags":[143],"class_list":["post-123756","post","type-post","status-publish","format-standard","has-post-thumbnail","hentry","category-athletisme","tag-athletisme"],"acf":[],"yoast_head":"<!-- This site is optimized with the Yoast SEO Premium plugin v26.7 (Yoast SEO v26.7) - https:\/\/yoast.com\/wordpress\/plugins\/seo\/ -->\n<title>5 kilom\u00e8tres : Julien Wanders va tenter d&#039;effacer Jimmy Gressier des tablettes<\/title>\n<meta name=\"description\" content=\"Ce samedi 24 avril, Julien Wanders va tenter d&#039;\u00e9tablir un nouveau record du 5000m port\u00e9 par son \u00e9quipementier Asics.\" \/>\n<meta name=\"robots\" content=\"index, follow, max-snippet:-1, max-image-preview:large, max-video-preview:-1\" \/>\n<link rel=\"canonical\" href=\"https:\/\/dicodusport.fr\/blog\/5000-m-athletisme-julien-wanders-va-tenter-deffacer-jimmy-gressier-des-tablettes\/\" \/>\n<meta property=\"og:locale\" content=\"fr_FR\" \/>\n<meta property=\"og:type\" content=\"article\" \/>\n<meta property=\"og:title\" content=\"5 kilom\u00e8tres : Julien Wanders va tenter d&#039;effacer Jimmy Gressier des tablettes\" \/>\n<meta property=\"og:description\" content=\"Ce samedi 24 avril, Julien Wanders va tenter d&#039;\u00e9tablir un nouveau record du 5000m port\u00e9 par son \u00e9quipementier Asics.\" \/>\n<meta property=\"og:url\" content=\"https:\/\/dicodusport.fr\/blog\/5000-m-athletisme-julien-wanders-va-tenter-deffacer-jimmy-gressier-des-tablettes\/\" \/>\n<meta property=\"og:site_name\" content=\"Dicodusport\" \/>\n<meta property=\"article:publisher\" content=\"https:\/\/www.facebook.com\/dicodusport\" \/>\n<meta property=\"article:author\" content=\"https:\/\/www.facebook.com\/julien.correia.52\" \/>\n<meta property=\"article:published_time\" content=\"2021-04-23T07:37:08+00:00\" \/>\n<meta property=\"article:modified_time\" content=\"2021-04-23T08:34:16+00:00\" \/>\n<meta property=\"og:image\" content=\"https:\/\/dicodusport.fr\/blog\/wp-content\/uploads\/2021\/04\/5-000-m-Julien-Wanders-va-tenter-deffacer-Jimmy-Gressier-des-tablettes.png\" \/>\n\t<meta property=\"og:image:width\" content=\"800\" \/>\n\t<meta property=\"og:image:height\" content=\"445\" \/>\n\t<meta property=\"og:image:type\" content=\"image\/png\" \/>\n<meta name=\"author\" content=\"Julien Correia\" \/>\n<meta name=\"twitter:card\" content=\"summary_large_image\" \/>\n<meta name=\"twitter:title\" content=\"5 kilom\u00e8tres : Julien Wanders va tenter d&#039;effacer Jimmy Gressier des tablettes\" \/>\n<meta name=\"twitter:creator\" content=\"@https:\/\/twitter.com\/julienco_psg70\" \/>\n<meta name=\"twitter:site\" content=\"@dicodusport\" \/>\n<script type=\"application\/ld+json\" class=\"yoast-schema-graph\">{\"@context\":\"https:\/\/schema.org\",\"@graph\":[{\"@type\":\"NewsArticle\",\"@id\":\"https:\/\/dicodusport.fr\/blog\/5000-m-athletisme-julien-wanders-va-tenter-deffacer-jimmy-gressier-des-tablettes\/#article\",\"isPartOf\":{\"@id\":\"https:\/\/dicodusport.fr\/blog\/5000-m-athletisme-julien-wanders-va-tenter-deffacer-jimmy-gressier-des-tablettes\/\"},\"author\":{\"name\":\"Julien Correia\",\"@id\":\"https:\/\/dicodusport.fr\/blog\/#\/schema\/person\/0f73d157e4670e108e23009fa82f2239\"},\"headline\":\"5 kilom\u00e8tres : Julien Wanders va tenter d&rsquo;effacer Jimmy Gressier des tablettes\",\"datePublished\":\"2021-04-23T07:37:08+00:00\",\"dateModified\":\"2021-04-23T08:34:16+00:00\",\"mainEntityOfPage\":{\"@id\":\"https:\/\/dicodusport.fr\/blog\/5000-m-athletisme-julien-wanders-va-tenter-deffacer-jimmy-gressier-des-tablettes\/\"},\"wordCount\":514,\"commentCount\":0,\"publisher\":{\"@id\":\"https:\/\/dicodusport.fr\/blog\/#organization\"},\"image\":{\"@id\":\"https:\/\/dicodusport.fr\/blog\/5000-m-athletisme-julien-wanders-va-tenter-deffacer-jimmy-gressier-des-tablettes\/#primaryimage\"},\"thumbnailUrl\":\"https:\/\/dicodusport.fr\/blog\/wp-content\/uploads\/2021\/04\/5-000-m-Julien-Wanders-va-tenter-deffacer-Jimmy-Gressier-des-tablettes.png\",\"keywords\":[\"Athl\u00e9tisme\"],\"articleSection\":[\"Athl\u00e9tisme\"],\"inLanguage\":\"fr-FR\",\"potentialAction\":[{\"@type\":\"CommentAction\",\"name\":\"Comment\",\"target\":[\"https:\/\/dicodusport.fr\/blog\/5000-m-athletisme-julien-wanders-va-tenter-deffacer-jimmy-gressier-des-tablettes\/#respond\"]}],\"copyrightYear\":\"2021\",\"copyrightHolder\":{\"@id\":\"https:\/\/dicodusport.fr\/blog\/#organization\"}},{\"@type\":\"WebPage\",\"@id\":\"https:\/\/dicodusport.fr\/blog\/5000-m-athletisme-julien-wanders-va-tenter-deffacer-jimmy-gressier-des-tablettes\/\",\"url\":\"https:\/\/dicodusport.fr\/blog\/5000-m-athletisme-julien-wanders-va-tenter-deffacer-jimmy-gressier-des-tablettes\/\",\"name\":\"5 kilom\u00e8tres : Julien Wanders va tenter d'effacer Jimmy Gressier des tablettes\",\"isPartOf\":{\"@id\":\"https:\/\/dicodusport.fr\/blog\/#website\"},\"primaryImageOfPage\":{\"@id\":\"https:\/\/dicodusport.fr\/blog\/5000-m-athletisme-julien-wanders-va-tenter-deffacer-jimmy-gressier-des-tablettes\/#primaryimage\"},\"image\":{\"@id\":\"https:\/\/dicodusport.fr\/blog\/5000-m-athletisme-julien-wanders-va-tenter-deffacer-jimmy-gressier-des-tablettes\/#primaryimage\"},\"thumbnailUrl\":\"https:\/\/dicodusport.fr\/blog\/wp-content\/uploads\/2021\/04\/5-000-m-Julien-Wanders-va-tenter-deffacer-Jimmy-Gressier-des-tablettes.png\",\"datePublished\":\"2021-04-23T07:37:08+00:00\",\"dateModified\":\"2021-04-23T08:34:16+00:00\",\"description\":\"Ce samedi 24 avril, Julien Wanders va tenter d'\u00e9tablir un nouveau record du 5000m port\u00e9 par son \u00e9quipementier Asics.\",\"breadcrumb\":{\"@id\":\"https:\/\/dicodusport.fr\/blog\/5000-m-athletisme-julien-wanders-va-tenter-deffacer-jimmy-gressier-des-tablettes\/#breadcrumb\"},\"inLanguage\":\"fr-FR\",\"potentialAction\":[{\"@type\":\"ReadAction\",\"target\":[\"https:\/\/dicodusport.fr\/blog\/5000-m-athletisme-julien-wanders-va-tenter-deffacer-jimmy-gressier-des-tablettes\/\"]}]},{\"@type\":\"ImageObject\",\"inLanguage\":\"fr-FR\",\"@id\":\"https:\/\/dicodusport.fr\/blog\/5000-m-athletisme-julien-wanders-va-tenter-deffacer-jimmy-gressier-des-tablettes\/#primaryimage\",\"url\":\"https:\/\/dicodusport.fr\/blog\/wp-content\/uploads\/2021\/04\/5-000-m-Julien-Wanders-va-tenter-deffacer-Jimmy-Gressier-des-tablettes.png\",\"contentUrl\":\"https:\/\/dicodusport.fr\/blog\/wp-content\/uploads\/2021\/04\/5-000-m-Julien-Wanders-va-tenter-deffacer-Jimmy-Gressier-des-tablettes.png\",\"width\":800,\"height\":445,\"caption\":\"5 000 m : Julien Wanders va tenter d'effacer Jimmy Gressier des tablettes\"},{\"@type\":\"BreadcrumbList\",\"@id\":\"https:\/\/dicodusport.fr\/blog\/5000-m-athletisme-julien-wanders-va-tenter-deffacer-jimmy-gressier-des-tablettes\/#breadcrumb\",\"itemListElement\":[{\"@type\":\"ListItem\",\"position\":1,\"name\":\"Accueil\",\"item\":\"https:\/\/dicodusport.fr\/blog\/\"},{\"@type\":\"ListItem\",\"position\":2,\"name\":\"5 kilom\u00e8tres : Julien Wanders va tenter d&rsquo;effacer Jimmy Gressier des tablettes\"}]},{\"@type\":\"WebSite\",\"@id\":\"https:\/\/dicodusport.fr\/blog\/#website\",\"url\":\"https:\/\/dicodusport.fr\/blog\/\",\"name\":\"Dicodusport\",\"description\":\"L&#039;encyclop\u00e9die de l&#039;actualit\u00e9 sportive\",\"publisher\":{\"@id\":\"https:\/\/dicodusport.fr\/blog\/#organization\"},\"potentialAction\":[{\"@type\":\"SearchAction\",\"target\":{\"@type\":\"EntryPoint\",\"urlTemplate\":\"https:\/\/dicodusport.fr\/blog\/?s={search_term_string}\"},\"query-input\":{\"@type\":\"PropertyValueSpecification\",\"valueRequired\":true,\"valueName\":\"search_term_string\"}}],\"inLanguage\":\"fr-FR\"},{\"@type\":\"NewsMediaOrganization\",\"@id\":\"https:\/\/dicodusport.fr\/blog\/#organization\",\"name\":\"Dicodusport\",\"url\":\"https:\/\/dicodusport.fr\/blog\/\",\"logo\":{\"@type\":\"ImageObject\",\"inLanguage\":\"fr-FR\",\"@id\":\"https:\/\/dicodusport.fr\/blog\/#\/schema\/logo\/image\/\",\"url\":\"https:\/\/dicodusport.fr\/blog\/wp-content\/uploads\/2020\/06\/cropped-LOGO-DICODUSPORT-2020-SANS-FOND-SANS-TEXTE.png\",\"contentUrl\":\"https:\/\/dicodusport.fr\/blog\/wp-content\/uploads\/2020\/06\/cropped-LOGO-DICODUSPORT-2020-SANS-FOND-SANS-TEXTE.png\",\"width\":512,\"height\":512,\"caption\":\"Dicodusport\"},\"image\":{\"@id\":\"https:\/\/dicodusport.fr\/blog\/#\/schema\/logo\/image\/\"},\"sameAs\":[\"https:\/\/www.facebook.com\/dicodusport\",\"https:\/\/x.com\/dicodusport\",\"https:\/\/www.instagram.com\/dicodusport\/\",\"https:\/\/www.youtube.com\/channel\/UC7V2KZ5sd3htJivAbA4ZG3w\"],\"description\":\"Dicodusport est l'encyclop\u00e9die de l'actualit\u00e9 sportive.\",\"email\":\"bonjour@dicodusport.fr\",\"legalName\":\"DICODUSPORT\",\"foundingDate\":\"2018-01-14\",\"vatID\":\"FR71834470973\",\"taxID\":\"83447097300043\",\"numberOfEmployees\":{\"@type\":\"QuantitativeValue\",\"minValue\":\"1\",\"maxValue\":\"10\"}},{\"@type\":\"Person\",\"@id\":\"https:\/\/dicodusport.fr\/blog\/#\/schema\/person\/0f73d157e4670e108e23009fa82f2239\",\"name\":\"Julien Correia\",\"image\":{\"@type\":\"ImageObject\",\"inLanguage\":\"fr-FR\",\"@id\":\"https:\/\/dicodusport.fr\/blog\/#\/schema\/person\/image\/\",\"url\":\"https:\/\/dicodusport.fr\/blog\/wp-content\/uploads\/2021\/05\/Julien-Correia-150x150.jpg\",\"contentUrl\":\"https:\/\/dicodusport.fr\/blog\/wp-content\/uploads\/2021\/05\/Julien-Correia-150x150.jpg\",\"caption\":\"Julien Correia\"},\"description\":\"Journaliste\/r\u00e9dacteur depuis janvier 2019 - Tomb\u00e9 dans le monde du ballon rond \u00e9tant petit, j\u2019aurais pu devenir pro sans ces foutus ligaments crois\u00e9s. D\u00e9filant sur les champs (mais pas Elys\u00e9es) en 98, j\u2019ai \u00e9t\u00e9 berc\u00e9 par les exploits de Mister George, piqu\u00e9 par la technique du Snake, grandi avec Captain Rai et Ronnie, m\u00fbri avec Pauleta et Edi. Mais Ibracadabra, je suis d\u00e9sormais reconverti en runner\/traileur. Moins rapide que Bolt et moins endurant que Jornet, c\u2019est donc plume \u00e0 la main que je partage les exploits de ces athl\u00e8tes !\",\"sameAs\":[\"https:\/\/www.facebook.com\/julien.correia.52\",\"https:\/\/x.com\/https:\/\/twitter.com\/julienco_psg70\"],\"url\":\"https:\/\/dicodusport.fr\/blog\/author\/julien-c\/\"}]}<\/script>\n<!-- \/ Yoast SEO Premium plugin. -->","yoast_head_json":{"title":"5 kilom\u00e8tres : Julien Wanders va tenter d'effacer Jimmy Gressier des tablettes","description":"Ce samedi 24 avril, Julien Wanders va tenter d'\u00e9tablir un nouveau record du 5000m port\u00e9 par son \u00e9quipementier Asics.","robots":{"index":"index","follow":"follow","max-snippet":"max-snippet:-1","max-image-preview":"max-image-preview:large","max-video-preview":"max-video-preview:-1"},"canonical":"https:\/\/dicodusport.fr\/blog\/5000-m-athletisme-julien-wanders-va-tenter-deffacer-jimmy-gressier-des-tablettes\/","og_locale":"fr_FR","og_type":"article","og_title":"5 kilom\u00e8tres : Julien Wanders va tenter d'effacer Jimmy Gressier des tablettes","og_description":"Ce samedi 24 avril, Julien Wanders va tenter d'\u00e9tablir un nouveau record du 5000m port\u00e9 par son \u00e9quipementier Asics.","og_url":"https:\/\/dicodusport.fr\/blog\/5000-m-athletisme-julien-wanders-va-tenter-deffacer-jimmy-gressier-des-tablettes\/","og_site_name":"Dicodusport","article_publisher":"https:\/\/www.facebook.com\/dicodusport","article_author":"https:\/\/www.facebook.com\/julien.correia.52","article_published_time":"2021-04-23T07:37:08+00:00","article_modified_time":"2021-04-23T08:34:16+00:00","og_image":[{"width":800,"height":445,"url":"https:\/\/dicodusport.fr\/blog\/wp-content\/uploads\/2021\/04\/5-000-m-Julien-Wanders-va-tenter-deffacer-Jimmy-Gressier-des-tablettes.png","type":"image\/png"}],"author":"Julien Correia","twitter_card":"summary_large_image","twitter_title":"5 kilom\u00e8tres : Julien Wanders va tenter d'effacer Jimmy Gressier des tablettes","twitter_creator":"@https:\/\/twitter.com\/julienco_psg70","twitter_site":"@dicodusport","schema":{"@context":"https:\/\/schema.org","@graph":[{"@type":"NewsArticle","@id":"https:\/\/dicodusport.fr\/blog\/5000-m-athletisme-julien-wanders-va-tenter-deffacer-jimmy-gressier-des-tablettes\/#article","isPartOf":{"@id":"https:\/\/dicodusport.fr\/blog\/5000-m-athletisme-julien-wanders-va-tenter-deffacer-jimmy-gressier-des-tablettes\/"},"author":{"name":"Julien Correia","@id":"https:\/\/dicodusport.fr\/blog\/#\/schema\/person\/0f73d157e4670e108e23009fa82f2239"},"headline":"5 kilom\u00e8tres : Julien Wanders va tenter d&rsquo;effacer Jimmy Gressier des tablettes","datePublished":"2021-04-23T07:37:08+00:00","dateModified":"2021-04-23T08:34:16+00:00","mainEntityOfPage":{"@id":"https:\/\/dicodusport.fr\/blog\/5000-m-athletisme-julien-wanders-va-tenter-deffacer-jimmy-gressier-des-tablettes\/"},"wordCount":514,"commentCount":0,"publisher":{"@id":"https:\/\/dicodusport.fr\/blog\/#organization"},"image":{"@id":"https:\/\/dicodusport.fr\/blog\/5000-m-athletisme-julien-wanders-va-tenter-deffacer-jimmy-gressier-des-tablettes\/#primaryimage"},"thumbnailUrl":"https:\/\/dicodusport.fr\/blog\/wp-content\/uploads\/2021\/04\/5-000-m-Julien-Wanders-va-tenter-deffacer-Jimmy-Gressier-des-tablettes.png","keywords":["Athl\u00e9tisme"],"articleSection":["Athl\u00e9tisme"],"inLanguage":"fr-FR","potentialAction":[{"@type":"CommentAction","name":"Comment","target":["https:\/\/dicodusport.fr\/blog\/5000-m-athletisme-julien-wanders-va-tenter-deffacer-jimmy-gressier-des-tablettes\/#respond"]}],"copyrightYear":"2021","copyrightHolder":{"@id":"https:\/\/dicodusport.fr\/blog\/#organization"}},{"@type":"WebPage","@id":"https:\/\/dicodusport.fr\/blog\/5000-m-athletisme-julien-wanders-va-tenter-deffacer-jimmy-gressier-des-tablettes\/","url":"https:\/\/dicodusport.fr\/blog\/5000-m-athletisme-julien-wanders-va-tenter-deffacer-jimmy-gressier-des-tablettes\/","name":"5 kilom\u00e8tres : Julien Wanders va tenter d'effacer Jimmy Gressier des tablettes","isPartOf":{"@id":"https:\/\/dicodusport.fr\/blog\/#website"},"primaryImageOfPage":{"@id":"https:\/\/dicodusport.fr\/blog\/5000-m-athletisme-julien-wanders-va-tenter-deffacer-jimmy-gressier-des-tablettes\/#primaryimage"},"image":{"@id":"https:\/\/dicodusport.fr\/blog\/5000-m-athletisme-julien-wanders-va-tenter-deffacer-jimmy-gressier-des-tablettes\/#primaryimage"},"thumbnailUrl":"https:\/\/dicodusport.fr\/blog\/wp-content\/uploads\/2021\/04\/5-000-m-Julien-Wanders-va-tenter-deffacer-Jimmy-Gressier-des-tablettes.png","datePublished":"2021-04-23T07:37:08+00:00","dateModified":"2021-04-23T08:34:16+00:00","description":"Ce samedi 24 avril, Julien Wanders va tenter d'\u00e9tablir un nouveau record du 5000m port\u00e9 par son \u00e9quipementier Asics.","breadcrumb":{"@id":"https:\/\/dicodusport.fr\/blog\/5000-m-athletisme-julien-wanders-va-tenter-deffacer-jimmy-gressier-des-tablettes\/#breadcrumb"},"inLanguage":"fr-FR","potentialAction":[{"@type":"ReadAction","target":["https:\/\/dicodusport.fr\/blog\/5000-m-athletisme-julien-wanders-va-tenter-deffacer-jimmy-gressier-des-tablettes\/"]}]},{"@type":"ImageObject","inLanguage":"fr-FR","@id":"https:\/\/dicodusport.fr\/blog\/5000-m-athletisme-julien-wanders-va-tenter-deffacer-jimmy-gressier-des-tablettes\/#primaryimage","url":"https:\/\/dicodusport.fr\/blog\/wp-content\/uploads\/2021\/04\/5-000-m-Julien-Wanders-va-tenter-deffacer-Jimmy-Gressier-des-tablettes.png","contentUrl":"https:\/\/dicodusport.fr\/blog\/wp-content\/uploads\/2021\/04\/5-000-m-Julien-Wanders-va-tenter-deffacer-Jimmy-Gressier-des-tablettes.png","width":800,"height":445,"caption":"5 000 m : Julien Wanders va tenter d'effacer Jimmy Gressier des tablettes"},{"@type":"BreadcrumbList","@id":"https:\/\/dicodusport.fr\/blog\/5000-m-athletisme-julien-wanders-va-tenter-deffacer-jimmy-gressier-des-tablettes\/#breadcrumb","itemListElement":[{"@type":"ListItem","position":1,"name":"Accueil","item":"https:\/\/dicodusport.fr\/blog\/"},{"@type":"ListItem","position":2,"name":"5 kilom\u00e8tres : Julien Wanders va tenter d&rsquo;effacer Jimmy Gressier des tablettes"}]},{"@type":"WebSite","@id":"https:\/\/dicodusport.fr\/blog\/#website","url":"https:\/\/dicodusport.fr\/blog\/","name":"Dicodusport","description":"L&#039;encyclop\u00e9die de l&#039;actualit\u00e9 sportive","publisher":{"@id":"https:\/\/dicodusport.fr\/blog\/#organization"},"potentialAction":[{"@type":"SearchAction","target":{"@type":"EntryPoint","urlTemplate":"https:\/\/dicodusport.fr\/blog\/?s={search_term_string}"},"query-input":{"@type":"PropertyValueSpecification","valueRequired":true,"valueName":"search_term_string"}}],"inLanguage":"fr-FR"},{"@type":"NewsMediaOrganization","@id":"https:\/\/dicodusport.fr\/blog\/#organization","name":"Dicodusport","url":"https:\/\/dicodusport.fr\/blog\/","logo":{"@type":"ImageObject","inLanguage":"fr-FR","@id":"https:\/\/dicodusport.fr\/blog\/#\/schema\/logo\/image\/","url":"https:\/\/dicodusport.fr\/blog\/wp-content\/uploads\/2020\/06\/cropped-LOGO-DICODUSPORT-2020-SANS-FOND-SANS-TEXTE.png","contentUrl":"https:\/\/dicodusport.fr\/blog\/wp-content\/uploads\/2020\/06\/cropped-LOGO-DICODUSPORT-2020-SANS-FOND-SANS-TEXTE.png","width":512,"height":512,"caption":"Dicodusport"},"image":{"@id":"https:\/\/dicodusport.fr\/blog\/#\/schema\/logo\/image\/"},"sameAs":["https:\/\/www.facebook.com\/dicodusport","https:\/\/x.com\/dicodusport","https:\/\/www.instagram.com\/dicodusport\/","https:\/\/www.youtube.com\/channel\/UC7V2KZ5sd3htJivAbA4ZG3w"],"description":"Dicodusport est l'encyclop\u00e9die de l'actualit\u00e9 sportive.","email":"bonjour@dicodusport.fr","legalName":"DICODUSPORT","foundingDate":"2018-01-14","vatID":"FR71834470973","taxID":"83447097300043","numberOfEmployees":{"@type":"QuantitativeValue","minValue":"1","maxValue":"10"}},{"@type":"Person","@id":"https:\/\/dicodusport.fr\/blog\/#\/schema\/person\/0f73d157e4670e108e23009fa82f2239","name":"Julien Correia","image":{"@type":"ImageObject","inLanguage":"fr-FR","@id":"https:\/\/dicodusport.fr\/blog\/#\/schema\/person\/image\/","url":"https:\/\/dicodusport.fr\/blog\/wp-content\/uploads\/2021\/05\/Julien-Correia-150x150.jpg","contentUrl":"https:\/\/dicodusport.fr\/blog\/wp-content\/uploads\/2021\/05\/Julien-Correia-150x150.jpg","caption":"Julien Correia"},"description":"Journaliste\/r\u00e9dacteur depuis janvier 2019 - Tomb\u00e9 dans le monde du ballon rond \u00e9tant petit, j\u2019aurais pu devenir pro sans ces foutus ligaments crois\u00e9s. D\u00e9filant sur les champs (mais pas Elys\u00e9es) en 98, j\u2019ai \u00e9t\u00e9 berc\u00e9 par les exploits de Mister George, piqu\u00e9 par la technique du Snake, grandi avec Captain Rai et Ronnie, m\u00fbri avec Pauleta et Edi. Mais Ibracadabra, je suis d\u00e9sormais reconverti en runner\/traileur. Moins rapide que Bolt et moins endurant que Jornet, c\u2019est donc plume \u00e0 la main que je partage les exploits de ces athl\u00e8tes !","sameAs":["https:\/\/www.facebook.com\/julien.correia.52","https:\/\/x.com\/https:\/\/twitter.com\/julienco_psg70"],"url":"https:\/\/dicodusport.fr\/blog\/author\/julien-c\/"}]}},"_links":{"self":[{"href":"https:\/\/dicodusport.fr\/blog\/wp-json\/wp\/v2\/posts\/123756","targetHints":{"allow":["GET"]}}],"collection":[{"href":"https:\/\/dicodusport.fr\/blog\/wp-json\/wp\/v2\/posts"}],"about":[{"href":"https:\/\/dicodusport.fr\/blog\/wp-json\/wp\/v2\/types\/post"}],"author":[{"embeddable":true,"href":"https:\/\/dicodusport.fr\/blog\/wp-json\/wp\/v2\/users\/37"}],"replies":[{"embeddable":true,"href":"https:\/\/dicodusport.fr\/blog\/wp-json\/wp\/v2\/comments?post=123756"}],"version-history":[{"count":0,"href":"https:\/\/dicodusport.fr\/blog\/wp-json\/wp\/v2\/posts\/123756\/revisions"}],"wp:featuredmedia":[{"embeddable":true,"href":"https:\/\/dicodusport.fr\/blog\/wp-json\/wp\/v2\/media\/123974"}],"wp:attachment":[{"href":"https:\/\/dicodusport.fr\/blog\/wp-json\/wp\/v2\/media?parent=123756"}],"wp:term":[{"taxonomy":"category","embeddable":true,"href":"https:\/\/dicodusport.fr\/blog\/wp-json\/wp\/v2\/categories?post=123756"},{"taxonomy":"post_tag","embeddable":true,"href":"https:\/\/dicodusport.fr\/blog\/wp-json\/wp\/v2\/tags?post=123756"}],"curies":[{"name":"wp","href":"https:\/\/api.w.org\/{rel}","templated":true}]}}