{"id":123998,"date":"2021-04-23T12:46:02","date_gmt":"2021-04-23T10:46:02","guid":{"rendered":"https:\/\/dicodusport.fr\/blog\/?p=123998"},"modified":"2021-04-23T12:50:34","modified_gmt":"2021-04-23T10:50:34","slug":"benoit-paire-prive-de-jeux-olympiques-a-tokyo","status":"publish","type":"post","link":"https:\/\/dicodusport.fr\/blog\/benoit-paire-prive-de-jeux-olympiques-a-tokyo\/","title":{"rendered":"Beno\u00eet Paire priv\u00e9 de Jeux Olympiques \u00e0 Tokyo"},"content":{"rendered":"<p style=\"text-align: justify;\"><em><strong>TENNIS &#8211; Ce vendredi matin, <a href=\"https:\/\/dicodusport.fr\/blog\/tag\/benoit-paire\/\">Beno\u00eet Paire<\/a> a \u00e9t\u00e9 \u00e9cart\u00e9 de l\u2019\u00e9quipe de France pour les Jeux Olympiques de Tokyo. La F\u00e9d\u00e9ration Fran\u00e7aise de Tennis a d\u00e9cid\u00e9 de la sanctionner pour \u00ab comportement profond\u00e9ment d\u00e9plac\u00e9 \u00bb.<\/strong><\/em><\/p>\n<p style=\"text-align: justify;\">C\u2019\u00e9tait dans l\u2019air, c\u2019est d\u00e9sormais officiel. La F\u00e9d\u00e9ration Fran\u00e7aise de Tennis (FFT), a pris la d\u00e9cision d\u2019\u00e9carter Beno\u00eet Paire de l\u2019\u00e9quipe de France. C\u2019est <em>\u00ab compte tenu de la r\u00e9p\u00e9tition de comportements profond\u00e9ment d\u00e9plac\u00e9s de la part de Beno\u00eet Paire \u00bb<\/em> que la FFT a d\u00e9cid\u00e9 de suspendre <em>\u00ab le joueur d&rsquo;une possible s\u00e9lection aux prochains Jeux Olympiques et Paralympiques de Tokyo \u00bb<\/em> explique l\u2019instance dans son communiqu\u00e9.<\/p>\n<p style=\"text-align: justify;\">En cause, son comportement <em>\u00ab\u00a0antisportif\u00a0et inadapt\u00e9 \u00bb<\/em> contre Francisco Cerundolo \u00e0 Buenos Aires le 4 mars dernier. Le joueur avait, entre autres, crach\u00e9, insult\u00e9 et b\u00e2cl\u00e9 sa fin de match. Seulement, le Fran\u00e7ais de 31 ans ne s\u2019est pas arr\u00eat\u00e9 l\u00e0.<\/p>\n<h2 style=\"text-align: justify;\"><strong>La fois de trop \u00e0 Monte-Carlo<\/strong><\/h2>\n<p style=\"text-align: justify;\">D\u00e9fait le 11 avril dernier au premier tour du Masters 1000 de Monte-Carlo, <strong>Beno\u00eet Paire<\/strong> avait encore donn\u00e9 naissance \u00e0 une pol\u00e9mique en conf\u00e9rence de presse. \u00ab<em> Franchement je n&rsquo;en ai rien \u00e0 b*****r de ce match \u00bb<\/em> avait-il d\u00e9clar\u00e9 en apr\u00e8s-match avant d\u2019ajouter\u00a0: <em>\u00ab\u00a0J&rsquo;ai pris 12\u00a0000 balles\u00a0! J&rsquo;ai pris 12\u00a0000\u00a0euros pour \u00eatre \u00e0 l&rsquo;h\u00f4tel tranquille. Apr\u00e8s je rentre chez moi. C&rsquo;est parfait&#8230;\u00a0\u00bb<\/em>.<\/p>\n<p style=\"text-align: justify;\">Naturellement, cette intervention a fait perdre patience aux dirigeants de la FFT. Selon elle, ces propos sont <em>\u00ab\u00a0profond\u00e9ment contraires \u00e0 l&rsquo;\u00e9thique du sport et aux valeurs du tennis, qui ont indign\u00e9 non seulement toute la famille du tennis mais choqu\u00e9 bien au-del\u00e0\u00a0\u00bb<\/em>. C\u2019est ensuite <strong>Gilles Moretton,<\/strong> pr\u00e9sident de la FFT, qui a qualifi\u00e9 son comportement de <em>\u00ab profond\u00e9ment d\u00e9plac\u00e9 depuis le d\u00e9but d&rsquo;ann\u00e9e \u00bb<\/em> et portant <em>\u00ab gravement atteinte aux valeurs du sport, \u00e0 l&rsquo;image du tennis et est totalement incompatible avec l&rsquo;esprit olympique \u00bb<\/em>.<\/p>\n<blockquote class=\"twitter-tweet\">\n<p dir=\"ltr\" lang=\"fr\">D\u00e9cision du Comex de la FFT concernant Beno\u00eet Paire.<\/p>\n<p>\u2014 FFT (@FFTennis) <a href=\"https:\/\/twitter.com\/FFTennis\/status\/1385516412924538885?ref_src=twsrc%5Etfw\">April 23, 2021<\/a><\/p><\/blockquote>\n<p><script async src=\"https:\/\/platform.twitter.com\/widgets.js\" charset=\"utf-8\"><\/script><\/p>\n","protected":false},"excerpt":{"rendered":"<p>TENNIS &#8211; Ce vendredi matin, Beno\u00eet Paire a \u00e9t\u00e9 \u00e9cart\u00e9 de l\u2019\u00e9quipe de France pour les Jeux Olympiques de Tokyo. La F\u00e9d\u00e9ration Fran\u00e7aise de Tennis a d\u00e9cid\u00e9 de la sanctionner pour \u00ab comportement profond\u00e9ment d\u00e9plac\u00e9 \u00bb.<\/p>\n","protected":false},"author":52,"featured_media":112677,"comment_status":"open","ping_status":"closed","sticky":false,"template":"","format":"standard","meta":{"_acf_changed":false,"_daextam_enable_autolinks":"","footnotes":""},"categories":[8433,2302],"tags":[5942,161,24,136],"class_list":["post-123998","post","type-post","status-publish","format-standard","has-post-thumbnail","hentry","category-jo-tokyo-2020","category-tennis","tag-benoit-paire","tag-jeux-olympiques","tag-sport","tag-tennis"],"acf":[],"yoast_head":"<!-- This site is optimized with the Yoast SEO Premium plugin v26.7 (Yoast SEO v26.7) - https:\/\/yoast.com\/wordpress\/plugins\/seo\/ -->\n<title>Beno\u00eet Paire priv\u00e9 de Jeux Olympiques \u00e0 Tokyo<\/title>\n<meta name=\"description\" content=\"Ce vendredi matin, Beno\u00eet Paire a \u00e9t\u00e9 \u00e9cart\u00e9 de l\u2019\u00e9quipe de France pour les Jeux Olympiques de Tokyo pour \u00ab\u00a0comportement profond\u00e9ment d\u00e9plac\u00e9.\" \/>\n<meta name=\"robots\" content=\"index, follow, max-snippet:-1, max-image-preview:large, max-video-preview:-1\" \/>\n<link rel=\"canonical\" href=\"https:\/\/dicodusport.fr\/blog\/benoit-paire-prive-de-jeux-olympiques-a-tokyo\/\" \/>\n<meta property=\"og:locale\" content=\"fr_FR\" \/>\n<meta property=\"og:type\" content=\"article\" \/>\n<meta property=\"og:title\" content=\"Beno\u00eet Paire priv\u00e9 de Jeux Olympiques \u00e0 Tokyo\" \/>\n<meta property=\"og:description\" content=\"Ce vendredi matin, Beno\u00eet Paire a \u00e9t\u00e9 \u00e9cart\u00e9 de l\u2019\u00e9quipe de France pour les Jeux Olympiques de Tokyo pour \u00ab\u00a0comportement profond\u00e9ment d\u00e9plac\u00e9.\" \/>\n<meta property=\"og:url\" content=\"https:\/\/dicodusport.fr\/blog\/benoit-paire-prive-de-jeux-olympiques-a-tokyo\/\" \/>\n<meta property=\"og:site_name\" content=\"Dicodusport\" \/>\n<meta property=\"article:publisher\" content=\"https:\/\/www.facebook.com\/dicodusport\" \/>\n<meta property=\"article:published_time\" content=\"2021-04-23T10:46:02+00:00\" \/>\n<meta property=\"article:modified_time\" content=\"2021-04-23T10:50:34+00:00\" \/>\n<meta property=\"og:image\" content=\"https:\/\/dicodusport.fr\/blog\/wp-content\/uploads\/2021\/03\/Benoit-Paire-subit-une-nouvelle-debacle-a-Santiago.png\" \/>\n\t<meta property=\"og:image:width\" content=\"800\" \/>\n\t<meta property=\"og:image:height\" content=\"445\" \/>\n\t<meta property=\"og:image:type\" content=\"image\/png\" \/>\n<meta name=\"author\" content=\"Jean Bod\u00e9r\u00e9\" \/>\n<meta name=\"twitter:card\" content=\"summary_large_image\" \/>\n<meta name=\"twitter:title\" content=\"Beno\u00eet Paire priv\u00e9 de Jeux Olympiques \u00e0 Tokyo\" \/>\n<meta name=\"twitter:creator\" content=\"@dicodusport\" \/>\n<meta name=\"twitter:site\" content=\"@dicodusport\" \/>\n<script type=\"application\/ld+json\" class=\"yoast-schema-graph\">{\"@context\":\"https:\/\/schema.org\",\"@graph\":[{\"@type\":\"NewsArticle\",\"@id\":\"https:\/\/dicodusport.fr\/blog\/benoit-paire-prive-de-jeux-olympiques-a-tokyo\/#article\",\"isPartOf\":{\"@id\":\"https:\/\/dicodusport.fr\/blog\/benoit-paire-prive-de-jeux-olympiques-a-tokyo\/\"},\"author\":{\"name\":\"Jean Bod\u00e9r\u00e9\",\"@id\":\"https:\/\/dicodusport.fr\/blog\/#\/schema\/person\/cb75f6e4b58e9b98515bdc7902bb5a05\"},\"headline\":\"Beno\u00eet Paire priv\u00e9 de Jeux Olympiques \u00e0 Tokyo\",\"datePublished\":\"2021-04-23T10:46:02+00:00\",\"dateModified\":\"2021-04-23T10:50:34+00:00\",\"mainEntityOfPage\":{\"@id\":\"https:\/\/dicodusport.fr\/blog\/benoit-paire-prive-de-jeux-olympiques-a-tokyo\/\"},\"wordCount\":357,\"commentCount\":0,\"publisher\":{\"@id\":\"https:\/\/dicodusport.fr\/blog\/#organization\"},\"image\":{\"@id\":\"https:\/\/dicodusport.fr\/blog\/benoit-paire-prive-de-jeux-olympiques-a-tokyo\/#primaryimage\"},\"thumbnailUrl\":\"https:\/\/dicodusport.fr\/blog\/wp-content\/uploads\/2021\/03\/Benoit-Paire-subit-une-nouvelle-debacle-a-Santiago.png\",\"keywords\":[\"Beno\u00eet Paire\",\"Jeux Olympiques\",\"sport\",\"Tennis\"],\"articleSection\":[\"JO Tokyo 2020\",\"Tennis\"],\"inLanguage\":\"fr-FR\",\"potentialAction\":[{\"@type\":\"CommentAction\",\"name\":\"Comment\",\"target\":[\"https:\/\/dicodusport.fr\/blog\/benoit-paire-prive-de-jeux-olympiques-a-tokyo\/#respond\"]}],\"copyrightYear\":\"2021\",\"copyrightHolder\":{\"@id\":\"https:\/\/dicodusport.fr\/blog\/#organization\"}},{\"@type\":\"WebPage\",\"@id\":\"https:\/\/dicodusport.fr\/blog\/benoit-paire-prive-de-jeux-olympiques-a-tokyo\/\",\"url\":\"https:\/\/dicodusport.fr\/blog\/benoit-paire-prive-de-jeux-olympiques-a-tokyo\/\",\"name\":\"Beno\u00eet Paire priv\u00e9 de Jeux Olympiques \u00e0 Tokyo\",\"isPartOf\":{\"@id\":\"https:\/\/dicodusport.fr\/blog\/#website\"},\"primaryImageOfPage\":{\"@id\":\"https:\/\/dicodusport.fr\/blog\/benoit-paire-prive-de-jeux-olympiques-a-tokyo\/#primaryimage\"},\"image\":{\"@id\":\"https:\/\/dicodusport.fr\/blog\/benoit-paire-prive-de-jeux-olympiques-a-tokyo\/#primaryimage\"},\"thumbnailUrl\":\"https:\/\/dicodusport.fr\/blog\/wp-content\/uploads\/2021\/03\/Benoit-Paire-subit-une-nouvelle-debacle-a-Santiago.png\",\"datePublished\":\"2021-04-23T10:46:02+00:00\",\"dateModified\":\"2021-04-23T10:50:34+00:00\",\"description\":\"Ce vendredi matin, Beno\u00eet Paire a \u00e9t\u00e9 \u00e9cart\u00e9 de l\u2019\u00e9quipe de France pour les Jeux Olympiques de Tokyo pour \u00ab\u00a0comportement profond\u00e9ment d\u00e9plac\u00e9.\",\"breadcrumb\":{\"@id\":\"https:\/\/dicodusport.fr\/blog\/benoit-paire-prive-de-jeux-olympiques-a-tokyo\/#breadcrumb\"},\"inLanguage\":\"fr-FR\",\"potentialAction\":[{\"@type\":\"ReadAction\",\"target\":[\"https:\/\/dicodusport.fr\/blog\/benoit-paire-prive-de-jeux-olympiques-a-tokyo\/\"]}]},{\"@type\":\"ImageObject\",\"inLanguage\":\"fr-FR\",\"@id\":\"https:\/\/dicodusport.fr\/blog\/benoit-paire-prive-de-jeux-olympiques-a-tokyo\/#primaryimage\",\"url\":\"https:\/\/dicodusport.fr\/blog\/wp-content\/uploads\/2021\/03\/Benoit-Paire-subit-une-nouvelle-debacle-a-Santiago.png\",\"contentUrl\":\"https:\/\/dicodusport.fr\/blog\/wp-content\/uploads\/2021\/03\/Benoit-Paire-subit-une-nouvelle-debacle-a-Santiago.png\",\"width\":800,\"height\":445,\"caption\":\"Beno\u00eet Paire subit une nouvelle d\u00e9b\u00e2cle \u00e0 Santiago\"},{\"@type\":\"BreadcrumbList\",\"@id\":\"https:\/\/dicodusport.fr\/blog\/benoit-paire-prive-de-jeux-olympiques-a-tokyo\/#breadcrumb\",\"itemListElement\":[{\"@type\":\"ListItem\",\"position\":1,\"name\":\"Accueil\",\"item\":\"https:\/\/dicodusport.fr\/blog\/\"},{\"@type\":\"ListItem\",\"position\":2,\"name\":\"Beno\u00eet Paire priv\u00e9 de Jeux Olympiques \u00e0 Tokyo\"}]},{\"@type\":\"WebSite\",\"@id\":\"https:\/\/dicodusport.fr\/blog\/#website\",\"url\":\"https:\/\/dicodusport.fr\/blog\/\",\"name\":\"Dicodusport\",\"description\":\"L&#039;encyclop\u00e9die de l&#039;actualit\u00e9 sportive\",\"publisher\":{\"@id\":\"https:\/\/dicodusport.fr\/blog\/#organization\"},\"potentialAction\":[{\"@type\":\"SearchAction\",\"target\":{\"@type\":\"EntryPoint\",\"urlTemplate\":\"https:\/\/dicodusport.fr\/blog\/?s={search_term_string}\"},\"query-input\":{\"@type\":\"PropertyValueSpecification\",\"valueRequired\":true,\"valueName\":\"search_term_string\"}}],\"inLanguage\":\"fr-FR\"},{\"@type\":\"NewsMediaOrganization\",\"@id\":\"https:\/\/dicodusport.fr\/blog\/#organization\",\"name\":\"Dicodusport\",\"url\":\"https:\/\/dicodusport.fr\/blog\/\",\"logo\":{\"@type\":\"ImageObject\",\"inLanguage\":\"fr-FR\",\"@id\":\"https:\/\/dicodusport.fr\/blog\/#\/schema\/logo\/image\/\",\"url\":\"https:\/\/dicodusport.fr\/blog\/wp-content\/uploads\/2020\/06\/cropped-LOGO-DICODUSPORT-2020-SANS-FOND-SANS-TEXTE.png\",\"contentUrl\":\"https:\/\/dicodusport.fr\/blog\/wp-content\/uploads\/2020\/06\/cropped-LOGO-DICODUSPORT-2020-SANS-FOND-SANS-TEXTE.png\",\"width\":512,\"height\":512,\"caption\":\"Dicodusport\"},\"image\":{\"@id\":\"https:\/\/dicodusport.fr\/blog\/#\/schema\/logo\/image\/\"},\"sameAs\":[\"https:\/\/www.facebook.com\/dicodusport\",\"https:\/\/x.com\/dicodusport\",\"https:\/\/www.instagram.com\/dicodusport\/\",\"https:\/\/www.youtube.com\/channel\/UC7V2KZ5sd3htJivAbA4ZG3w\"],\"description\":\"Dicodusport est l'encyclop\u00e9die de l'actualit\u00e9 sportive.\",\"email\":\"bonjour@dicodusport.fr\",\"legalName\":\"DICODUSPORT\",\"foundingDate\":\"2018-01-14\",\"vatID\":\"FR71834470973\",\"taxID\":\"83447097300043\",\"numberOfEmployees\":{\"@type\":\"QuantitativeValue\",\"minValue\":\"1\",\"maxValue\":\"10\"}},{\"@type\":\"Person\",\"@id\":\"https:\/\/dicodusport.fr\/blog\/#\/schema\/person\/cb75f6e4b58e9b98515bdc7902bb5a05\",\"name\":\"Jean Bod\u00e9r\u00e9\",\"image\":{\"@type\":\"ImageObject\",\"inLanguage\":\"fr-FR\",\"@id\":\"https:\/\/dicodusport.fr\/blog\/#\/schema\/person\/image\/\",\"url\":\"https:\/\/dicodusport.fr\/blog\/wp-content\/uploads\/2020\/06\/cropped-LOGO-DICODUSPORT-2020-SANS-FOND-SANS-TEXTE-150x150.png\",\"contentUrl\":\"https:\/\/dicodusport.fr\/blog\/wp-content\/uploads\/2020\/06\/cropped-LOGO-DICODUSPORT-2020-SANS-FOND-SANS-TEXTE-150x150.png\",\"caption\":\"Jean Bod\u00e9r\u00e9\"},\"url\":\"https:\/\/dicodusport.fr\/blog\/author\/jeanb\/\"}]}<\/script>\n<!-- \/ Yoast SEO Premium plugin. -->","yoast_head_json":{"title":"Beno\u00eet Paire priv\u00e9 de Jeux Olympiques \u00e0 Tokyo","description":"Ce vendredi matin, Beno\u00eet Paire a \u00e9t\u00e9 \u00e9cart\u00e9 de l\u2019\u00e9quipe de France pour les Jeux Olympiques de Tokyo pour \u00ab\u00a0comportement profond\u00e9ment d\u00e9plac\u00e9.","robots":{"index":"index","follow":"follow","max-snippet":"max-snippet:-1","max-image-preview":"max-image-preview:large","max-video-preview":"max-video-preview:-1"},"canonical":"https:\/\/dicodusport.fr\/blog\/benoit-paire-prive-de-jeux-olympiques-a-tokyo\/","og_locale":"fr_FR","og_type":"article","og_title":"Beno\u00eet Paire priv\u00e9 de Jeux Olympiques \u00e0 Tokyo","og_description":"Ce vendredi matin, Beno\u00eet Paire a \u00e9t\u00e9 \u00e9cart\u00e9 de l\u2019\u00e9quipe de France pour les Jeux Olympiques de Tokyo pour \u00ab\u00a0comportement profond\u00e9ment d\u00e9plac\u00e9.","og_url":"https:\/\/dicodusport.fr\/blog\/benoit-paire-prive-de-jeux-olympiques-a-tokyo\/","og_site_name":"Dicodusport","article_publisher":"https:\/\/www.facebook.com\/dicodusport","article_published_time":"2021-04-23T10:46:02+00:00","article_modified_time":"2021-04-23T10:50:34+00:00","og_image":[{"width":800,"height":445,"url":"https:\/\/dicodusport.fr\/blog\/wp-content\/uploads\/2021\/03\/Benoit-Paire-subit-une-nouvelle-debacle-a-Santiago.png","type":"image\/png"}],"author":"Jean Bod\u00e9r\u00e9","twitter_card":"summary_large_image","twitter_title":"Beno\u00eet Paire priv\u00e9 de Jeux Olympiques \u00e0 Tokyo","twitter_creator":"@dicodusport","twitter_site":"@dicodusport","schema":{"@context":"https:\/\/schema.org","@graph":[{"@type":"NewsArticle","@id":"https:\/\/dicodusport.fr\/blog\/benoit-paire-prive-de-jeux-olympiques-a-tokyo\/#article","isPartOf":{"@id":"https:\/\/dicodusport.fr\/blog\/benoit-paire-prive-de-jeux-olympiques-a-tokyo\/"},"author":{"name":"Jean Bod\u00e9r\u00e9","@id":"https:\/\/dicodusport.fr\/blog\/#\/schema\/person\/cb75f6e4b58e9b98515bdc7902bb5a05"},"headline":"Beno\u00eet Paire priv\u00e9 de Jeux Olympiques \u00e0 Tokyo","datePublished":"2021-04-23T10:46:02+00:00","dateModified":"2021-04-23T10:50:34+00:00","mainEntityOfPage":{"@id":"https:\/\/dicodusport.fr\/blog\/benoit-paire-prive-de-jeux-olympiques-a-tokyo\/"},"wordCount":357,"commentCount":0,"publisher":{"@id":"https:\/\/dicodusport.fr\/blog\/#organization"},"image":{"@id":"https:\/\/dicodusport.fr\/blog\/benoit-paire-prive-de-jeux-olympiques-a-tokyo\/#primaryimage"},"thumbnailUrl":"https:\/\/dicodusport.fr\/blog\/wp-content\/uploads\/2021\/03\/Benoit-Paire-subit-une-nouvelle-debacle-a-Santiago.png","keywords":["Beno\u00eet Paire","Jeux Olympiques","sport","Tennis"],"articleSection":["JO Tokyo 2020","Tennis"],"inLanguage":"fr-FR","potentialAction":[{"@type":"CommentAction","name":"Comment","target":["https:\/\/dicodusport.fr\/blog\/benoit-paire-prive-de-jeux-olympiques-a-tokyo\/#respond"]}],"copyrightYear":"2021","copyrightHolder":{"@id":"https:\/\/dicodusport.fr\/blog\/#organization"}},{"@type":"WebPage","@id":"https:\/\/dicodusport.fr\/blog\/benoit-paire-prive-de-jeux-olympiques-a-tokyo\/","url":"https:\/\/dicodusport.fr\/blog\/benoit-paire-prive-de-jeux-olympiques-a-tokyo\/","name":"Beno\u00eet Paire priv\u00e9 de Jeux Olympiques \u00e0 Tokyo","isPartOf":{"@id":"https:\/\/dicodusport.fr\/blog\/#website"},"primaryImageOfPage":{"@id":"https:\/\/dicodusport.fr\/blog\/benoit-paire-prive-de-jeux-olympiques-a-tokyo\/#primaryimage"},"image":{"@id":"https:\/\/dicodusport.fr\/blog\/benoit-paire-prive-de-jeux-olympiques-a-tokyo\/#primaryimage"},"thumbnailUrl":"https:\/\/dicodusport.fr\/blog\/wp-content\/uploads\/2021\/03\/Benoit-Paire-subit-une-nouvelle-debacle-a-Santiago.png","datePublished":"2021-04-23T10:46:02+00:00","dateModified":"2021-04-23T10:50:34+00:00","description":"Ce vendredi matin, Beno\u00eet Paire a \u00e9t\u00e9 \u00e9cart\u00e9 de l\u2019\u00e9quipe de France pour les Jeux Olympiques de Tokyo pour \u00ab\u00a0comportement profond\u00e9ment d\u00e9plac\u00e9.","breadcrumb":{"@id":"https:\/\/dicodusport.fr\/blog\/benoit-paire-prive-de-jeux-olympiques-a-tokyo\/#breadcrumb"},"inLanguage":"fr-FR","potentialAction":[{"@type":"ReadAction","target":["https:\/\/dicodusport.fr\/blog\/benoit-paire-prive-de-jeux-olympiques-a-tokyo\/"]}]},{"@type":"ImageObject","inLanguage":"fr-FR","@id":"https:\/\/dicodusport.fr\/blog\/benoit-paire-prive-de-jeux-olympiques-a-tokyo\/#primaryimage","url":"https:\/\/dicodusport.fr\/blog\/wp-content\/uploads\/2021\/03\/Benoit-Paire-subit-une-nouvelle-debacle-a-Santiago.png","contentUrl":"https:\/\/dicodusport.fr\/blog\/wp-content\/uploads\/2021\/03\/Benoit-Paire-subit-une-nouvelle-debacle-a-Santiago.png","width":800,"height":445,"caption":"Beno\u00eet Paire subit une nouvelle d\u00e9b\u00e2cle \u00e0 Santiago"},{"@type":"BreadcrumbList","@id":"https:\/\/dicodusport.fr\/blog\/benoit-paire-prive-de-jeux-olympiques-a-tokyo\/#breadcrumb","itemListElement":[{"@type":"ListItem","position":1,"name":"Accueil","item":"https:\/\/dicodusport.fr\/blog\/"},{"@type":"ListItem","position":2,"name":"Beno\u00eet Paire priv\u00e9 de Jeux Olympiques \u00e0 Tokyo"}]},{"@type":"WebSite","@id":"https:\/\/dicodusport.fr\/blog\/#website","url":"https:\/\/dicodusport.fr\/blog\/","name":"Dicodusport","description":"L&#039;encyclop\u00e9die de l&#039;actualit\u00e9 sportive","publisher":{"@id":"https:\/\/dicodusport.fr\/blog\/#organization"},"potentialAction":[{"@type":"SearchAction","target":{"@type":"EntryPoint","urlTemplate":"https:\/\/dicodusport.fr\/blog\/?s={search_term_string}"},"query-input":{"@type":"PropertyValueSpecification","valueRequired":true,"valueName":"search_term_string"}}],"inLanguage":"fr-FR"},{"@type":"NewsMediaOrganization","@id":"https:\/\/dicodusport.fr\/blog\/#organization","name":"Dicodusport","url":"https:\/\/dicodusport.fr\/blog\/","logo":{"@type":"ImageObject","inLanguage":"fr-FR","@id":"https:\/\/dicodusport.fr\/blog\/#\/schema\/logo\/image\/","url":"https:\/\/dicodusport.fr\/blog\/wp-content\/uploads\/2020\/06\/cropped-LOGO-DICODUSPORT-2020-SANS-FOND-SANS-TEXTE.png","contentUrl":"https:\/\/dicodusport.fr\/blog\/wp-content\/uploads\/2020\/06\/cropped-LOGO-DICODUSPORT-2020-SANS-FOND-SANS-TEXTE.png","width":512,"height":512,"caption":"Dicodusport"},"image":{"@id":"https:\/\/dicodusport.fr\/blog\/#\/schema\/logo\/image\/"},"sameAs":["https:\/\/www.facebook.com\/dicodusport","https:\/\/x.com\/dicodusport","https:\/\/www.instagram.com\/dicodusport\/","https:\/\/www.youtube.com\/channel\/UC7V2KZ5sd3htJivAbA4ZG3w"],"description":"Dicodusport est l'encyclop\u00e9die de l'actualit\u00e9 sportive.","email":"bonjour@dicodusport.fr","legalName":"DICODUSPORT","foundingDate":"2018-01-14","vatID":"FR71834470973","taxID":"83447097300043","numberOfEmployees":{"@type":"QuantitativeValue","minValue":"1","maxValue":"10"}},{"@type":"Person","@id":"https:\/\/dicodusport.fr\/blog\/#\/schema\/person\/cb75f6e4b58e9b98515bdc7902bb5a05","name":"Jean Bod\u00e9r\u00e9","image":{"@type":"ImageObject","inLanguage":"fr-FR","@id":"https:\/\/dicodusport.fr\/blog\/#\/schema\/person\/image\/","url":"https:\/\/dicodusport.fr\/blog\/wp-content\/uploads\/2020\/06\/cropped-LOGO-DICODUSPORT-2020-SANS-FOND-SANS-TEXTE-150x150.png","contentUrl":"https:\/\/dicodusport.fr\/blog\/wp-content\/uploads\/2020\/06\/cropped-LOGO-DICODUSPORT-2020-SANS-FOND-SANS-TEXTE-150x150.png","caption":"Jean Bod\u00e9r\u00e9"},"url":"https:\/\/dicodusport.fr\/blog\/author\/jeanb\/"}]}},"_links":{"self":[{"href":"https:\/\/dicodusport.fr\/blog\/wp-json\/wp\/v2\/posts\/123998","targetHints":{"allow":["GET"]}}],"collection":[{"href":"https:\/\/dicodusport.fr\/blog\/wp-json\/wp\/v2\/posts"}],"about":[{"href":"https:\/\/dicodusport.fr\/blog\/wp-json\/wp\/v2\/types\/post"}],"author":[{"embeddable":true,"href":"https:\/\/dicodusport.fr\/blog\/wp-json\/wp\/v2\/users\/52"}],"replies":[{"embeddable":true,"href":"https:\/\/dicodusport.fr\/blog\/wp-json\/wp\/v2\/comments?post=123998"}],"version-history":[{"count":0,"href":"https:\/\/dicodusport.fr\/blog\/wp-json\/wp\/v2\/posts\/123998\/revisions"}],"wp:featuredmedia":[{"embeddable":true,"href":"https:\/\/dicodusport.fr\/blog\/wp-json\/wp\/v2\/media\/112677"}],"wp:attachment":[{"href":"https:\/\/dicodusport.fr\/blog\/wp-json\/wp\/v2\/media?parent=123998"}],"wp:term":[{"taxonomy":"category","embeddable":true,"href":"https:\/\/dicodusport.fr\/blog\/wp-json\/wp\/v2\/categories?post=123998"},{"taxonomy":"post_tag","embeddable":true,"href":"https:\/\/dicodusport.fr\/blog\/wp-json\/wp\/v2\/tags?post=123998"}],"curies":[{"name":"wp","href":"https:\/\/api.w.org\/{rel}","templated":true}]}}