{"id":124027,"date":"2021-05-03T11:17:09","date_gmt":"2021-05-03T09:17:09","guid":{"rendered":"https:\/\/dicodusport.fr\/blog\/?p=124027&#038;preview=true&#038;preview_id=124027"},"modified":"2021-05-07T18:40:50","modified_gmt":"2021-05-07T16:40:50","slug":"aurelie-bresson-les-sportives-on-est-sur-du-100-sport-conjugue-au-feminin","status":"publish","type":"post","link":"https:\/\/dicodusport.fr\/blog\/aurelie-bresson-les-sportives-on-est-sur-du-100-sport-conjugue-au-feminin\/","title":{"rendered":"Aur\u00e9lie Bresson &#8211; Les Sportives : \u00ab On est sur du 100% sport conjugu\u00e9 au f\u00e9minin \u00bb"},"content":{"rendered":"<p style=\"text-align: justify;\"><b><i>Nouveaut\u00e9 chez Dicoduport, une rubrique qui part \u00e0 la d\u00e9couverte de m\u00e9dias sportifs ind\u00e9pendants, souvent sp\u00e9cialis\u00e9s, et tous avec leur propre identit\u00e9. Aujourd&rsquo;hui, nous avons rencontr\u00e9 Aur\u00e9lie Bresson, fondatrice du m\u00e9dia <a href=\"https:\/\/www.lessportives.fr\">Les\u00a0Sportives<\/a>.<\/i><\/b><\/p>\n<h3 style=\"text-align: justify;\">Pr\u00e9sentez-vous et votre m\u00e9dia en quelques mots.<\/h3>\n<p style=\"text-align: justify;\">Je suis Aur\u00e9lie Bresson, j&rsquo;ai cr\u00e9\u00e9 le m\u00e9dia <strong>Les Sportives<\/strong> il y a un peu plus de 5 ans. \u00c0 la base, c&rsquo;\u00e9tait un magazine papier trimestriel, distribu\u00e9 en kiosque. Mais aujourd&rsquo;hui, c&rsquo;est bien plus qu&rsquo;un magazine. C&rsquo;est aussi une plateforme m\u00e9dia et une communaut\u00e9, en faveur du sport au f\u00e9minin.<\/p>\n<p style=\"text-align: justify;\">\u00c0 c\u00f4t\u00e9, je suis aussi pr\u00e9sidente de <a href=\"https:\/\/www.fondationalicemilliat.com\" target=\"_blank\" rel=\"nofollow noopener\">la fondation Alice Milliat<\/a>, fondation europ\u00e9enne en faveur du sport au f\u00e9minin. Et accessoirement, je suis aussi directrice conseil d&rsquo;une agence de communication.<\/p>\n<h3 style=\"text-align: justify;\">Quel est le r\u00f4le de la fondation Alice Milliat ?<\/h3>\n<p style=\"text-align: justify;\">Cette fondation intervient exclusivement sur le sport au f\u00e9minin. Elle est la premi\u00e8re dans le genre en Europe. Notre r\u00f4le est d&rsquo;accompagner, structurer, financer et valoriser des projets en faveur du sport au f\u00e9minin.<\/p>\n<h3 style=\"text-align: justify;\">Quel est votre audience aujourd\u2019hui sur le site ? Et en termes de vente de magazine ?<\/h3>\n<p style=\"text-align: justify;\">Le magazine est tir\u00e9 a environ 10 000 exemplaires de moyenne. Pour les abonnements, nous avons environ 2 \u00e0 3000 abonn\u00e9s. Pour le site, on a une port\u00e9e d&rsquo;environ 150 000 pages vues par mois, dont 22 000 visiteurs uniques.<\/p>\n<h3 style=\"text-align: justify;\">Qu\u2019est-ce qui vous a motiv\u00e9 \u00e0 cr\u00e9er ce m\u00e9dia ?<\/h3>\n<p style=\"text-align: justify;\">Le m\u00e9dia est n\u00e9 d&rsquo;un constat. En observant les sportives et mes amies autour de moi quand j&rsquo;\u00e9tais \u00e9tudiante sur les bancs de l&rsquo;IUT Besan\u00e7on en 2007-2008. Je faisais mes \u00e9tudes avec des sportives de haut niveau \u00e0 l&rsquo;ESBF Handball, qui avaient un emploi du temps am\u00e9nag\u00e9 et la possibilit\u00e9 de passer leur dipl\u00f4me en 3 ans au lieu de 2. Elles faisaient des cours avec nous, d&rsquo;autres sans nous. Elles n&rsquo;\u00e9taient pas forc\u00e9ment l\u00e0 avec nous aux soir\u00e9es \u00e9tudiantes ou au restaurant. Leur emploi du temps \u00e9tait charg\u00e9 entre les cours, les entrainements et les matchs.<\/p>\n<p style=\"text-align: justify;\">J&rsquo;ai beaucoup admir\u00e9 leur volont\u00e9, leur choix, et les sacrifices qu&rsquo;elles faisaient. C&rsquo;est parti de l\u00e0, en constatant qu&rsquo;elles consacraient beaucoup de temps \u00e0 leur sport.<\/p>\n<hr \/>\n<blockquote>\n<p style=\"text-align: justify;\"><strong><span style=\"font-size: 20px;\">L&rsquo;arriv\u00e9e d&rsquo;Allison Pineau \u00e0 Metz a \u00e9t\u00e9 un d\u00e9clic.<\/span><\/strong><\/p>\n<\/blockquote>\n<hr \/>\n<p style=\"text-align: justify;\">Puis je me suis de plus en plus int\u00e9ress\u00e9e au sport au f\u00e9minin. Mais \u00e7a a vraiment \u00e9t\u00e9 pr\u00e9gnant en 2009. J&rsquo;\u00e9tais en stage \u00e0 Metz Handball, club de l&rsquo;\u00e9lite du handball f\u00e9minin fran\u00e7ais. Cette ann\u00e9e-l\u00e0, Metz avait recrut\u00e9 Allison Pineau, qui venait d&rsquo;\u00eatre \u00e9lue meilleure joueuse du monde. Et je n&rsquo;ai vu aucun m\u00e9dia en parler ! Elle n&rsquo;avait droit qu&rsquo;\u00e0 une petite br\u00e8ve alors que pour moi, elle aurait m\u00e9rit\u00e9 la une de L&rsquo;\u00c9quipe. Je trouvais \u00e7a injuste, que cette sportive de renom, reconnue mondialement, qui int\u00e8gre un club de l&rsquo;\u00e9lite fran\u00e7aise, n&rsquo;obtienne que trois lignes sur elle. \u00c7a m&rsquo;a interpell\u00e9.<\/p>\n<p style=\"text-align: justify;\">Et je me revois encore sur une table, dissocier les m\u00e9dias f\u00e9minins d&rsquo;un c\u00f4t\u00e9 et les m\u00e9dias sportifs de l&rsquo;autre et me dire <em>\u00ab Mais dans les m\u00e9dias, o\u00f9 est-ce que les sportives ont-elles leur place ?<\/em> <em>Pourquoi est-ce genr\u00e9 et norm\u00e9 ? Et pourquoi il est tr\u00e8s peu question des femmes dans les m\u00e9dias sportifs<\/em> ? <em>\u00bb<\/em> Bon, pour les quotidiens, \u00e7a \u00e9t\u00e9 rapide, il y en avait qu&rsquo;un. Et les autres m\u00e9dias sportifs sont avant tout cibl\u00e9s sur un seul sport. Il \u00e9tait question des femmes \u00e0 l&rsquo;int\u00e9rieur, mais pas forc\u00e9ment \u00e0 part \u00e9gale.<\/p>\n<p style=\"text-align: justify;\">L&rsquo;arriv\u00e9e d&rsquo;Allison Pineau a \u00e9t\u00e9 un d\u00e9clic. Au fur et \u00e0 mesure, j&rsquo;ai commenc\u00e9 \u00e0 participer \u00e0 des colloques, des conf\u00e9rences. Puis au fur et \u00e0 mesure de mes exp\u00e9riences professionnelles sur le Tour de France cycliste, en agence de presse et \u00e0 l&rsquo;UNSS, mon constat et mon id\u00e9e de cr\u00e9er Les Sportives ont \u00e9t\u00e9 confort\u00e9s. Et de briques en briques, j&rsquo;ai b\u00e2ti le m\u00e9dia. En m&rsquo;entourant d&rsquo;une petite \u00e9quipe d&rsquo;amis, de connaissances, de b\u00e9n\u00e9voles et d&rsquo;experts.<\/p>\n<hr \/>\n<ul>\n<li style=\"text-align: justify;\"><strong>\u00c0 lire aussi :\u00a0<a href=\"https:\/\/dicodusport.fr\/blog\/etienne-goursaud-sans-filtre-le-but-rechercher-des-personnes-qui-ont-des-histoires-a-raconter\/\">\u00c9tienne Goursaud \u00a0Sans Filtre : \u00ab\u00a0Le but ? Rechercher des personnes qui ont des histoires \u00e0 raconter\u00a0\u00bb<\/a><\/strong><\/li>\n<\/ul>\n<hr \/>\n<p style=\"text-align: justify;\">J&rsquo;ai aussi pris conscience il y a peu que la cr\u00e9ation de ce m\u00e9dia \u00e9tait aussi li\u00e9e \u00e0 mon v\u00e9cu personnel. J&rsquo;ai fait de la gymnastique pendant une dizaine d&rsquo;ann\u00e9es. J&rsquo;en ai fait \u00e0 un bon niveau. Mais mon p\u00e8re a souhait\u00e9 que j&rsquo;arr\u00eate la gym, et il m&rsquo;a inscrit \u00e0 des concours de beaut\u00e9. Pour lui, j&rsquo;\u00e9tais trop masculine. J&rsquo;\u00e9tais tout le temps en jogging et les cheveux attach\u00e9s, et je ne rentrais pas dans les carcans de f\u00e9minit\u00e9 de l&rsquo;\u00e9poque. Je me suis rendue compte qu&rsquo;on ne m&rsquo;a pas laiss\u00e9 m&rsquo;affirmer. Mon p\u00e8re pensait bien faire, je ne lui reproche rien. \u00c0 l&rsquo;\u00e9poque, j&rsquo;ai toujours pens\u00e9 que c&rsquo;\u00e9tait pour mon bien. On ne m&rsquo;a pas laiss\u00e9 \u00eatre ce que je voulais \u00eatre, c&rsquo;est \u00e0 dire \u00eatre en jogging, et consacrer mon temps \u00e0 la gymnastique.<\/p>\n<p style=\"text-align: justify;\">Le sport m&rsquo;a toujours accompagn\u00e9 dans mon d\u00e9veloppement personnel et mon \u00e9panouissement. Le fait de d\u00e9couvrir toutes les facettes du sport, que ce soit le sport de comp\u00e9tition quand je faisais de la gym, ou le sport pour rentrer dans son bikini et garder sa silhouette quand j&rsquo;ai fait du mannequinat. Puis apr\u00e8s, quand j&rsquo;ai tout arr\u00eat\u00e9 et que j&rsquo;ai retrouv\u00e9 la pratique libre, pour le plaisir de s&rsquo;amuser et comme un jeu, ma pratique sportive est devenue un engagement. Et c&rsquo;est comme \u00e7a que je suis all\u00e9e courir au Japon, o\u00f9 j&rsquo;ai particip\u00e9 \u00e0 un relais pour la paix en 2015. \u00c7a a confort\u00e9 mon c\u00f4t\u00e9 de militante pour le sport. Pour un sport plus \u00e9galitaire, et plus juste.<\/p>\n<h3 style=\"text-align: justify;\">Les Sportives, c\u2019est un site web et aussi un magazine papier qui parait en trimestriel. N&rsquo;avez-vous pas eu peur de lancer un magazine avec les difficult\u00e9s que connait la presse papier ?<\/h3>\n<p style=\"text-align: justify;\">J&rsquo;ai eu une crainte, parce qu&rsquo;on m&rsquo;a dit que \u00e7a allait \u00eatre difficile. Mais \u00e0 aucun moment je me suis dit <em>\u00ab Je n&rsquo;y vais pas \u00bb<\/em>. \u00c0 aucun moment, j&rsquo;ai fait machine arri\u00e8re en me disant c&rsquo;est du papier, on ne va pas y aller. Ce sont plus les barri\u00e8res et les freins des autres sur le papier qui m&rsquo;ont interpell\u00e9s. Mais \u00e7a ne m&rsquo;a pas arr\u00eat\u00e9.<\/p>\n<p style=\"text-align: justify;\">Miser sur le papier pour moi, c&rsquo;\u00e9tait justement surprendre. Dire que le papier \u00e0 l&rsquo;\u00e8re du num\u00e9rique, c&rsquo;est encore possible et encore important. Et surtout, le but \u00e9tait de faire du beau magazine, pas du magazine qu&rsquo;on jette. Et ce que l&rsquo;on veut sur le sport au f\u00e9minin, c&rsquo;est que les mentalit\u00e9s changent sur la dur\u00e9e. Donc je me suis dit autant cr\u00e9er un beau magazine qu&rsquo;on aurait envie de garder. Et qu&rsquo;on a envie d&rsquo;ouvrir, m\u00eame quelques ann\u00e9es apr\u00e8s. Aujourd&rsquo;hui, vous ouvrez le magazine num\u00e9ro 2, 3 ou le dixi\u00e8me&#8230; Bon, c&rsquo;est s\u00fbr qu&rsquo;en termes de graphisme et de qualit\u00e9 \u00e9ditoriale, il y a eu de l&rsquo;am\u00e9lioration (rires). Mais c&rsquo;est surtout que les reportages et les histoires sont un peu intemporelles. C&rsquo;est aussi la force de ce m\u00e9dia. Les r\u00e9cits, les portraits, les histoires, et tous les acteurs du sport au f\u00e9minin \u00e0 l&rsquo;int\u00e9rieur du m\u00e9dia restent sur la dur\u00e9e.<\/p>\n<h3 style=\"text-align: justify;\">Le m\u00e9dia a nou\u00e9 des partenariats, notamment avec la Ligue de handball, et la FDJ Factory. Comment ces partenariats se sont-ils nou\u00e9s, et est-ce qu\u2019ils vous ont facilit\u00e9 la mise en relation avec certaines athl\u00e8tes ?<\/h3>\n<p style=\"text-align: justify;\">C&rsquo;est une chance incroyable d&rsquo;avoir encore ces partenaires aujourd&rsquo;hui, qui nous ont suivis d\u00e8s la gen\u00e8se du m\u00e9dia. J&rsquo;ai eu beaucoup de sceptiques \u00e0 la sortie du premier num\u00e9ro du magazine. Mais d\u00e8s qu&rsquo;il est sorti, les partenaires ont confort\u00e9 qu&rsquo;ils allaient travailler avec le m\u00e9dia et ils confirment leur engagement encore aujourd&rsquo;hui.<\/p>\n<p style=\"text-align: justify;\">C&rsquo;est s\u00fbr qu&rsquo;avoir un partenaire historique comme la FDJ Sport, qui a cr\u00e9\u00e9 la FDJ Factory, c&rsquo;est top ! Ils ont plusieurs actions en faveur des projets f\u00e9d\u00e9raux li\u00e9s au sport au f\u00e9minin, qu&rsquo;ils ont appel\u00e9 <em>Performance pour elles<\/em>. Et aussi pour tous leurs dispositifs en faveur du sport au f\u00e9minin depuis plusieurs ann\u00e9es. C&rsquo;est s\u00fbr, \u00e7a nous permet d&rsquo;avoir des relations privil\u00e9gi\u00e9es avec certaines athl\u00e8tes auxquelles on ne pensait pas forc\u00e9ment \u00e0 la base.<\/p>\n<p style=\"text-align: justify;\">Mais c&rsquo;est la difficult\u00e9 d&rsquo;avoir un m\u00e9dia multisports. C&rsquo;est de parler de tous les sports et de toutes les athl\u00e8tes. Et c&rsquo;est vrai que de temps en temps, quand un partenaire nous dit \u00ab Il y a telle athl\u00e8te qui a telle actu \u00bb, ce sont des infos qu&rsquo;on prend. Et surtout quand ce sont des partenaires. Pour nous, ils font partie int\u00e9grante de nos \u00e9quipes. Et quand on nous propose des profils, \u00e7a nous fait de la mati\u00e8re et on est tr\u00e8s heureux de mettre en lumi\u00e8re ces athl\u00e8tes-l\u00e0. Surtout quand on voit des structures comme la FDJ qui soutiennent sur la dur\u00e9e des athl\u00e8tes, avec des programmes adapt\u00e9s. Pour nous, c&rsquo;est une force.<\/p>\n<p style=\"text-align: justify;\">Tout comme la Ligue F\u00e9minine de Handball et la F\u00e9d\u00e9ration Fran\u00e7aise de Handball, avec qui on a un partenariat depuis quelques ann\u00e9es. On travaille plus facilement sur le terrain avec ces partenaires. \u00c7a nous permet d&rsquo;\u00eatre encore plus proches des athl\u00e8tes. M\u00eame si on n&rsquo;a jamais eu de r\u00e9elles difficult\u00e9s pour mener des interviews. Parce qu&rsquo;on reste sur un m\u00e9dia authentique et pas sur un m\u00e9dia pol\u00e9mique. Et c&rsquo;est s\u00fbr que quand on a des partenaires comme \u00e7a, on a encore plus envie de parler du handball !<\/p>\n<hr \/>\n<ul>\n<li style=\"text-align: justify;\"><strong>\u00c0 lire aussi : <a href=\"https:\/\/dicodusport.fr\/blog\/maxime-cohen-handnews-frequentation-du-site-conditionnee-resultats-des-bleues\/\">Maxime Cohen &#8211; HandNews : \u00ab Une fr\u00e9quentation du site conditionn\u00e9e aux r\u00e9sultats des Bleu(e)s \u00bb<\/a><\/strong><\/li>\n<\/ul>\n<hr \/>\n<h3 style=\"text-align: justify;\">Vous g\u00e9rez un m\u00e9dia qui traite de sport et de probl\u00e9matiques avant tout f\u00e9minines. Est-ce que votre audience est plut\u00f4t f\u00e9minine ou \u00e9quilibr\u00e9e ?<\/h3>\n<p style=\"text-align: justify;\">Je ne dirais pas qu&rsquo;on traite des sujets davantage orient\u00e9s sur des probl\u00e9matiques f\u00e9minines. Ce sont des probl\u00e9matiques de soci\u00e9t\u00e9. On n&rsquo;est pas sur quelque chose de genr\u00e9, et pas du tout sur des probl\u00e9matiques f\u00e9minines. On est sur des probl\u00e8mes de soci\u00e9t\u00e9, d&rsquo;\u00e9galit\u00e9 et de parit\u00e9. Nous ne sommes pas sur du 100% f\u00e9minin. On est sur du 100% sport conjugu\u00e9 au f\u00e9minin. C&rsquo;est-\u00e0-dire qu&rsquo;on ne met pas du tout de c\u00f4t\u00e9 les acteurs et actrices. Donc les hommes et les femmes. C&rsquo;est pour \u00e7a que pr\u00e8s de la moiti\u00e9 de nos lecteurs, je dirais 40%, sont des hommes.<\/p>\n<p style=\"text-align: justify;\">Les hommes restent majoritaires en France dans la consommation d&rsquo;articles de sport et restent les premiers spectateurs de spectacles sportifs et de lectures sportives. Comme on parle avant tout de sport, l&rsquo;homme a toute sa place. Et comme les hommes restent aussi majoritaires dans les postes d\u2019entra\u00eeneurs ou dirigeants sportifs, il faut les int\u00e9grer aussi. Car si le sport au f\u00e9minin existe, c&rsquo;est aussi gr\u00e2ce \u00e0 certains acteurs masculins. Qu&rsquo;ils soient entra\u00eeneurs, arbitres, d\u00e9cideurs ou partenaires, ils ont mis\u00e9 sur le sport au f\u00e9minin. Donc on n&rsquo;est pas un magazine f\u00e9minin. On est un magazine de sport, conjugu\u00e9 au f\u00e9minin.<\/p>\n<h3 style=\"text-align: justify;\">Est-ce que le regard des hommes sur le sport au f\u00e9minin \u00e9volue dans le bon sens selon vous ?<\/h3>\n<p style=\"text-align: justify;\">Je trouve globalement que oui. Le regard des hommes, comme celui des femmes sur le sport f\u00e9minin, change. C&rsquo;\u00e9tait li\u00e9 \u00e0 l&rsquo;histoire. Quand on remonte \u00e0 Pierre de Coubertin qui disait que les femmes \u00e9taient inaptes \u00e0 la pratique du sport et qu&rsquo;elles ne devaient que couronner les hommes sur les comp\u00e9titions, \u00e7a partait de l\u00e0. Donc je pense que oui, les mentalit\u00e9s ont grandement \u00e9volu\u00e9.<\/p>\n<p style=\"text-align: justify;\">Je prends un exemple qui me vient en t\u00eate, c&rsquo;est la Coupe du monde 2019 qui s&rsquo;est jou\u00e9e en France. Maintenant, que ce soit des hommes ou des femmes, \u00e7a n&rsquo;interpelle plus personne une fille qui joue au foot. Je n&rsquo;ai pas de donn\u00e9es chiffr\u00e9es dessus, mais j&rsquo;ai quand m\u00eame l&rsquo;impression qu&rsquo;il y a de moins en moins de parents r\u00e9ticents \u00e0 ce que leur fille participe \u00e0 de la boxe. Les mentalit\u00e9s ont consid\u00e9rablement \u00e9volu\u00e9.<\/p>\n<p style=\"text-align: justify;\">Bien s\u00fbr, il y a toujours des disciplines tr\u00e8s genr\u00e9es. Il y a majoritairement des femmes dans certaines disciplines et \u00e7a prendra du temps pour que la balance s&rsquo;\u00e9quilibre. Par exemple, la gymnastique, ce sont majoritairement des filles. Mais \u00e7a n&#8217;emp\u00eache pas que les hommes n&rsquo;ont pas de mal \u00e0 faire leur place au c\u0153ur de la gym. Ou qu&rsquo;ils peuvent aussi faire de la danse ! Il y a \u00e9galement de plus en plus d&rsquo;hommes qui font du yoga. Donc pour r\u00e9pondre \u00e0 votre question, le regard des hommes sur les femmes change, m\u00eame au c\u0153ur de la soci\u00e9t\u00e9. Mais aussi dans la pratique sportive car ils s&rsquo;accaparent les sports dit \u00ab\u00a0f\u00e9minins\u00a0\u00bb.<\/p>\n<h3 style=\"text-align: justify;\">Les Sportives a r\u00e9cemment f\u00eat\u00e9 ses 5 ans. Quel bilan faites-vous de cette aventure ?<\/h3>\n<p style=\"text-align: justify;\">D\u00e9j\u00e0 5 ans ! Ce n&rsquo;\u00e9tait pas du tout dans mon business plan qui \u00e9tait \u00e0 3 ans. Quand je fais le bilan, il y a plusieurs \u00e9tapes. Il y a \u00e0 la fois le fait qu&rsquo;\u00e0 la base, je m&rsquo;\u00e9tais projet\u00e9e sur 3 ans. Qui aurait dit qu&rsquo;on serait encore l\u00e0 5 ans apr\u00e8s ? Il y a aussi le fait qu&rsquo;on ne se rend pas compte, mais au bout de 5 ans, il y a pas mal de paperasse \u00e0 renouveler (rires). Comme la commission paritaire des agences et de publications de la presse. \u00c7a para\u00eet simple et anodin, mais il ne faut pas laisser passer tout \u00e7a.<\/p>\n<p style=\"text-align: justify;\">Il y a aussi un m\u00e9lange de fiert\u00e9 et d&rsquo;inqui\u00e9tude. M\u00eame si on a pass\u00e9 cette ann\u00e9e 2020 qui a \u00e9t\u00e9 compliqu\u00e9e en raison de la suspension des comp\u00e9titions, du COVID et des confinements&#8230; J&rsquo;ai eu tr\u00e8s peur en mars-avril 2020. Je me suis dit qu&rsquo;on va tout perdre et que <em>Les Sportives<\/em> va s&rsquo;\u00e9crouler. Parce que nos partenaires vont r\u00e9duire leur budget et peut-\u00eatre nous l\u00e2cher. On a aussi d\u00fb changer notre fusil d&rsquo;\u00e9paule. On \u00e9tait partenaires de certains \u00e9v\u00e9nements, qui ont \u00e9t\u00e9 annul\u00e9s. Du coup, nous aussi, on a annul\u00e9 ! Nous pr\u00e9parions aussi un num\u00e9ro sp\u00e9cial qui faisait la part belle aux JO, mais ils ont \u00e9t\u00e9 d\u00e9cal\u00e9s. \u00c7a nous a permis de nous r\u00e9orienter, aussi bien \u00e9ditorialement que strat\u00e9giquement.<\/p>\n<hr \/>\n<blockquote>\n<p style=\"text-align: justify;\"><span style=\"font-size: 20px;\"><strong>\u00c7a montre que nos abonn\u00e9s ont plus qu&rsquo;un simple abonnement. C&rsquo;est m\u00eame un acte de militantisme que de suivre Les Sportives.<\/strong><\/span><\/p>\n<\/blockquote>\n<hr \/>\n<p style=\"text-align: justify;\">En 2019, nous avions chang\u00e9 de strat\u00e9gie. On avait lanc\u00e9 notre d\u00e9veloppement digital en renfor\u00e7ant notre visibilit\u00e9 sur le web, avec une nouvelle plateforme digitale, et un site avec beaucoup plus d&rsquo;actus et d&rsquo;articles en ligne. C&rsquo;est quelque chose qu&rsquo;on faisait tr\u00e8s peu avant, car au d\u00e9but, le site n&rsquo;\u00e9tait qu&rsquo;une vitrine de notre magazine print. Aujourd&rsquo;hui je suis plut\u00f4t satisfaite, de me dire que les choses se sont structur\u00e9es et ont \u00e9volu\u00e9 depuis. On avait pr\u00e9vu pas mal de choses en 2020 et on a d\u00fb se structurer diff\u00e9remment. Mais \u00e7a ne nous a pas emp\u00each\u00e9s d&rsquo;organiser des webinaires et de continuer \u00e0 m\u00e9diatiser toujours autant les sportives, quel que soit leur niveau. Tout \u00e7a pour \u00eatre au c\u0153ur des probl\u00e9matiques et rester un m\u00e9dia d&rsquo;influence.<\/p>\n<p style=\"text-align: justify;\">Et \u00e7a s&rsquo;est confirm\u00e9, car en 2020, on a perdu que 10% de notre chiffre d&rsquo;affaires. \u00c7a montre que nos abonn\u00e9s ont plus qu&rsquo;un simple abonnement. C&rsquo;est m\u00eame un acte de militantisme que de suivre Les Sportives. On avait fait une campagne de crowdfunding, car on avait peur pour notre survie. Cette campagne de financement participatif s&rsquo;est boucl\u00e9e en 3 jours car on avait r\u00e9colt\u00e9 l&rsquo;argent qu&rsquo;on souhaitait.<\/p>\n<p style=\"text-align: justify;\">Comme quoi, notre communaut\u00e9 \u00e9tait derri\u00e8re nous. Et \u00e7a nous conforte sur le fait que le travail est men\u00e9 et qu&rsquo;on a une \u00e9quipe solide. Et l\u00e0, le fait d&rsquo;avoir nomm\u00e9 fin 2020 une r\u00e9dactrice en chef pour le print, \u00e0 ce moment-l\u00e0, on m&rsquo;avait propos\u00e9 la pr\u00e9sidence de la fondation Alice Milliat. Et je me suis dit woh ! Cinq ans d&rsquo;existence du m\u00e9dia, que tu as fond\u00e9 seule, avec tes fonds propres. C&rsquo;est un choix de vie professionnel, qui s&rsquo;est fait au d\u00e9triment du personnel, on ne va pas se leurrer. Mais c&rsquo;est vrai que quand je fais le bilan \u00e0 5 ans, je me dis d&rsquo;un c\u00f4t\u00e9 c&rsquo;est all\u00e9 tr\u00e8s vite. Puisque quand on m&rsquo;a propos\u00e9 la pr\u00e9sidence de la fondation Alice Milliat en 2020, jamais je ne m&rsquo;y attendais. Jamais je n&rsquo;aurais pu penser \u00eatre \u00e0 la pr\u00e9sidence d&rsquo;une fondation si jeune, car je n&rsquo;ai que 32 ans.<\/p>\n<p style=\"text-align: justify;\">Et qu&rsquo;en plus, les personnes derri\u00e8re la fondation, qui \u0153uvrent et sont des militant(e)s du sport f\u00e9minin depuis des ann\u00e9es, sont des personnes que j&rsquo;admire depuis une d\u00e9cennie. Donc le bilan que je peux faire aussi, c&rsquo;est <em>\u00ab On l&rsquo;a fait, et on continue \u00e0 le faire ! \u00bb<\/em>. J&rsquo;esp\u00e8re et je le dis souvent \u00e0 mes \u00e9quipes : j&rsquo;ai grandi avec le m\u00e9dia, le m\u00e9dia a grandi, et j&rsquo;ai envie que chaque personne qui travaille et contribue sur <em>Les Sportives<\/em> puisse grandir aussi.<\/p>\n<hr \/>\n<blockquote>\n<p style=\"text-align: justify;\"><strong><span style=\"font-size: 20px;\">Tant qu&rsquo;il y aura des femmes sportives dans toutes les disciplines et qu&rsquo;elles seront libres de pratiquer le sport qu&rsquo;elles veulent, il y aura toujours le m\u00e9dia Les Sportives pour les rassembler.<\/span><\/strong><\/p>\n<\/blockquote>\n<hr \/>\n<p style=\"text-align: justify;\">J&rsquo;ai toujours pens\u00e9 que les sujets sur le sport f\u00e9minin allaient s&rsquo;int\u00e9grer pleinement dans les m\u00e9dias existant, et que Les Sportives pourra s&rsquo;effacer. Mais en fait non, il y a tellement d&rsquo;histoires, de rencontres, de comp\u00e9titions. Il y aura toujours des femmes sportives. Donc il y aura toujours le m\u00e9dia <em>Les Sportives<\/em>. Tant qu&rsquo;il y aura des femmes sportives dans toutes les disciplines et qu&rsquo;elles seront libres de pratiquer le sport qu&rsquo;elles veulent, il y aura toujours le m\u00e9dia <em>Les Sportives<\/em> pour les rassembler.<\/p>\n<h3 style=\"text-align: justify;\">O\u00f9 vous voyez-vous dans 10 ans ?<\/h3>\n<p style=\"text-align: justify;\">Cette question est compliqu\u00e9e. Je ne sais pas du tout. Pour le m\u00e9dia <em>Les Sportives<\/em>, je dirais qu&rsquo;il sera toujours pr\u00e9sent. On passera peut-\u00eatre en mensuel, si la conjoncture le permet. J&rsquo;esp\u00e8re m\u00eame que <em>Les Sportives<\/em> devienne une marque \u00e0 part enti\u00e8re. Donc c&rsquo;est ce que je peux souhaiter pour dans 10 ans. Qu&rsquo;on soit une grosse structure \u00e0 part enti\u00e8re, avec toute une \u00e9quipe de salari\u00e9s et qu&rsquo;on puisse \u00eatre de partout, sur tous les fronts. \u00c7a serait top ! Et c&rsquo;est ce que je souhaite pour les 10 ans du m\u00e9dia.<\/p>\n<p style=\"text-align: justify;\">\u00c0 titre personnel, je n&rsquo;ai pas la r\u00e9ponse. Je vis tellement dans l&rsquo;instant. On dit de moi que je suis une opportuniste, et m\u00eame une arriviste. Mais je le prends plut\u00f4t positivement. \u00c7a veut dire que j&rsquo;arrive au bon moment et que je prends les opportunit\u00e9s comme elles viennent. Je saisis l&rsquo;instant. Jamais je n&rsquo;aurais pens\u00e9 prendre la pr\u00e9sidence de la fondation Alice Milliat. Et jamais je n&rsquo;aurais pens\u00e9 \u00eatre d\u00e9j\u00e0 \u00e0 32 ans, directrice conseil d&rsquo;une agence de communication. En fait, je n&rsquo;arrive pas du tout \u00e0 me projeter dans 10 ans.<\/p>\n<h3 style=\"text-align: justify;\">Le mot de la fin ?<\/h3>\n<p style=\"text-align: justify;\">Abonnez-vous, suivez Les Sportives. C&rsquo;est bien de suivre les r\u00e9seaux sociaux. Mais c&rsquo;est bien aussi de passer \u00e0 l&rsquo;action !<\/p>\n","protected":false},"excerpt":{"rendered":"<p>Nouveaut\u00e9 chez Dicoduport, une rubrique qui part \u00e0 la d\u00e9couverte de m\u00e9dias sportifs ind\u00e9pendants, souvent sp\u00e9cialis\u00e9s, et tous avec leur propre identit\u00e9. Aujourd&rsquo;hui, nous avons rencontr\u00e9 Aur\u00e9lie Bresson, fondatrice du m\u00e9dia Les\u00a0Sportives.<\/p>\n","protected":false},"author":39,"featured_media":124889,"comment_status":"open","ping_status":"closed","sticky":false,"template":"","format":"standard","meta":{"_acf_changed":false,"_daextam_enable_autolinks":"","footnotes":""},"categories":[3,2366],"tags":[1398],"class_list":["post-124027","post","type-post","status-publish","format-standard","has-post-thumbnail","hentry","category-lumiere-sur","category-multisports","tag-sport-feminin"],"acf":[],"yoast_head":"<!-- This site is optimized with the Yoast SEO Premium plugin v26.7 (Yoast SEO v26.7) - https:\/\/yoast.com\/wordpress\/plugins\/seo\/ -->\n<title>Aur\u00e9lie Bresson - Les Sportives : \u00ab On est sur du 100% sport conjugu\u00e9 au f\u00e9minin \u00bb<\/title>\n<meta name=\"description\" content=\"Nous avons rencontr\u00e9 Aur\u00e9lie Bresson, fondatrice du m\u00e9dia Les\u00a0Sportives, plateforme m\u00e9dia en faveur du sport au f\u00e9minin.\" \/>\n<meta name=\"robots\" content=\"index, follow, max-snippet:-1, max-image-preview:large, max-video-preview:-1\" \/>\n<link rel=\"canonical\" href=\"https:\/\/dicodusport.fr\/blog\/aurelie-bresson-les-sportives-on-est-sur-du-100-sport-conjugue-au-feminin\/\" \/>\n<meta property=\"og:locale\" content=\"fr_FR\" \/>\n<meta property=\"og:type\" content=\"article\" \/>\n<meta property=\"og:title\" content=\"Aur\u00e9lie Bresson - Les Sportives : \u00ab On est sur du 100% sport conjugu\u00e9 au f\u00e9minin \u00bb\" \/>\n<meta property=\"og:description\" content=\"Nous avons rencontr\u00e9 Aur\u00e9lie Bresson, fondatrice du m\u00e9dia Les\u00a0Sportives, plateforme m\u00e9dia en faveur du sport au f\u00e9minin.\" \/>\n<meta property=\"og:url\" content=\"https:\/\/dicodusport.fr\/blog\/aurelie-bresson-les-sportives-on-est-sur-du-100-sport-conjugue-au-feminin\/\" \/>\n<meta property=\"og:site_name\" content=\"Dicodusport\" \/>\n<meta property=\"article:publisher\" content=\"https:\/\/www.facebook.com\/dicodusport\" \/>\n<meta property=\"article:published_time\" content=\"2021-05-03T09:17:09+00:00\" \/>\n<meta property=\"article:modified_time\" content=\"2021-05-07T16:40:50+00:00\" \/>\n<meta property=\"og:image\" content=\"https:\/\/dicodusport.fr\/blog\/wp-content\/uploads\/2021\/04\/Aurelie-Bresson-Les-Sportives.png\" \/>\n\t<meta property=\"og:image:width\" content=\"800\" \/>\n\t<meta property=\"og:image:height\" content=\"445\" \/>\n\t<meta property=\"og:image:type\" content=\"image\/png\" \/>\n<meta name=\"author\" content=\"Idriss Ahamada\" \/>\n<meta name=\"twitter:card\" content=\"summary_large_image\" \/>\n<meta name=\"twitter:title\" content=\"Aur\u00e9lie Bresson - Les Sportives : \u00ab On est sur du 100% sport conjugu\u00e9 au f\u00e9minin \u00bb\" \/>\n<meta name=\"twitter:creator\" content=\"@https:\/\/twitter.com\/idriss_ia7\" \/>\n<meta name=\"twitter:site\" content=\"@dicodusport\" \/>\n<script type=\"application\/ld+json\" class=\"yoast-schema-graph\">{\"@context\":\"https:\/\/schema.org\",\"@graph\":[{\"@type\":\"NewsArticle\",\"@id\":\"https:\/\/dicodusport.fr\/blog\/aurelie-bresson-les-sportives-on-est-sur-du-100-sport-conjugue-au-feminin\/#article\",\"isPartOf\":{\"@id\":\"https:\/\/dicodusport.fr\/blog\/aurelie-bresson-les-sportives-on-est-sur-du-100-sport-conjugue-au-feminin\/\"},\"author\":{\"name\":\"Idriss Ahamada\",\"@id\":\"https:\/\/dicodusport.fr\/blog\/#\/schema\/person\/f3797823174b5e2975b9efe0302f16f4\"},\"headline\":\"Aur\u00e9lie Bresson &#8211; Les Sportives : \u00ab On est sur du 100% sport conjugu\u00e9 au f\u00e9minin \u00bb\",\"datePublished\":\"2021-05-03T09:17:09+00:00\",\"dateModified\":\"2021-05-07T16:40:50+00:00\",\"mainEntityOfPage\":{\"@id\":\"https:\/\/dicodusport.fr\/blog\/aurelie-bresson-les-sportives-on-est-sur-du-100-sport-conjugue-au-feminin\/\"},\"wordCount\":3488,\"commentCount\":0,\"publisher\":{\"@id\":\"https:\/\/dicodusport.fr\/blog\/#organization\"},\"image\":{\"@id\":\"https:\/\/dicodusport.fr\/blog\/aurelie-bresson-les-sportives-on-est-sur-du-100-sport-conjugue-au-feminin\/#primaryimage\"},\"thumbnailUrl\":\"https:\/\/dicodusport.fr\/blog\/wp-content\/uploads\/2021\/04\/Aurelie-Bresson-Les-Sportives.png\",\"keywords\":[\"sport f\u00e9minin\"],\"articleSection\":[\"Lumi\u00e8re sur\",\"Multisports\"],\"inLanguage\":\"fr-FR\",\"potentialAction\":[{\"@type\":\"CommentAction\",\"name\":\"Comment\",\"target\":[\"https:\/\/dicodusport.fr\/blog\/aurelie-bresson-les-sportives-on-est-sur-du-100-sport-conjugue-au-feminin\/#respond\"]}],\"copyrightYear\":\"2021\",\"copyrightHolder\":{\"@id\":\"https:\/\/dicodusport.fr\/blog\/#organization\"}},{\"@type\":\"WebPage\",\"@id\":\"https:\/\/dicodusport.fr\/blog\/aurelie-bresson-les-sportives-on-est-sur-du-100-sport-conjugue-au-feminin\/\",\"url\":\"https:\/\/dicodusport.fr\/blog\/aurelie-bresson-les-sportives-on-est-sur-du-100-sport-conjugue-au-feminin\/\",\"name\":\"Aur\u00e9lie Bresson - Les Sportives : \u00ab On est sur du 100% sport conjugu\u00e9 au f\u00e9minin \u00bb\",\"isPartOf\":{\"@id\":\"https:\/\/dicodusport.fr\/blog\/#website\"},\"primaryImageOfPage\":{\"@id\":\"https:\/\/dicodusport.fr\/blog\/aurelie-bresson-les-sportives-on-est-sur-du-100-sport-conjugue-au-feminin\/#primaryimage\"},\"image\":{\"@id\":\"https:\/\/dicodusport.fr\/blog\/aurelie-bresson-les-sportives-on-est-sur-du-100-sport-conjugue-au-feminin\/#primaryimage\"},\"thumbnailUrl\":\"https:\/\/dicodusport.fr\/blog\/wp-content\/uploads\/2021\/04\/Aurelie-Bresson-Les-Sportives.png\",\"datePublished\":\"2021-05-03T09:17:09+00:00\",\"dateModified\":\"2021-05-07T16:40:50+00:00\",\"description\":\"Nous avons rencontr\u00e9 Aur\u00e9lie Bresson, fondatrice du m\u00e9dia Les\u00a0Sportives, plateforme m\u00e9dia en faveur du sport au f\u00e9minin.\",\"breadcrumb\":{\"@id\":\"https:\/\/dicodusport.fr\/blog\/aurelie-bresson-les-sportives-on-est-sur-du-100-sport-conjugue-au-feminin\/#breadcrumb\"},\"inLanguage\":\"fr-FR\",\"potentialAction\":[{\"@type\":\"ReadAction\",\"target\":[\"https:\/\/dicodusport.fr\/blog\/aurelie-bresson-les-sportives-on-est-sur-du-100-sport-conjugue-au-feminin\/\"]}]},{\"@type\":\"ImageObject\",\"inLanguage\":\"fr-FR\",\"@id\":\"https:\/\/dicodusport.fr\/blog\/aurelie-bresson-les-sportives-on-est-sur-du-100-sport-conjugue-au-feminin\/#primaryimage\",\"url\":\"https:\/\/dicodusport.fr\/blog\/wp-content\/uploads\/2021\/04\/Aurelie-Bresson-Les-Sportives.png\",\"contentUrl\":\"https:\/\/dicodusport.fr\/blog\/wp-content\/uploads\/2021\/04\/Aurelie-Bresson-Les-Sportives.png\",\"width\":800,\"height\":445,\"caption\":\"Aur\u00e9lie Bresson - Les Sportives\"},{\"@type\":\"BreadcrumbList\",\"@id\":\"https:\/\/dicodusport.fr\/blog\/aurelie-bresson-les-sportives-on-est-sur-du-100-sport-conjugue-au-feminin\/#breadcrumb\",\"itemListElement\":[{\"@type\":\"ListItem\",\"position\":1,\"name\":\"Accueil\",\"item\":\"https:\/\/dicodusport.fr\/blog\/\"},{\"@type\":\"ListItem\",\"position\":2,\"name\":\"Aur\u00e9lie Bresson &#8211; Les Sportives : \u00ab On est sur du 100% sport conjugu\u00e9 au f\u00e9minin \u00bb\"}]},{\"@type\":\"WebSite\",\"@id\":\"https:\/\/dicodusport.fr\/blog\/#website\",\"url\":\"https:\/\/dicodusport.fr\/blog\/\",\"name\":\"Dicodusport\",\"description\":\"L&#039;encyclop\u00e9die de l&#039;actualit\u00e9 sportive\",\"publisher\":{\"@id\":\"https:\/\/dicodusport.fr\/blog\/#organization\"},\"potentialAction\":[{\"@type\":\"SearchAction\",\"target\":{\"@type\":\"EntryPoint\",\"urlTemplate\":\"https:\/\/dicodusport.fr\/blog\/?s={search_term_string}\"},\"query-input\":{\"@type\":\"PropertyValueSpecification\",\"valueRequired\":true,\"valueName\":\"search_term_string\"}}],\"inLanguage\":\"fr-FR\"},{\"@type\":\"NewsMediaOrganization\",\"@id\":\"https:\/\/dicodusport.fr\/blog\/#organization\",\"name\":\"Dicodusport\",\"url\":\"https:\/\/dicodusport.fr\/blog\/\",\"logo\":{\"@type\":\"ImageObject\",\"inLanguage\":\"fr-FR\",\"@id\":\"https:\/\/dicodusport.fr\/blog\/#\/schema\/logo\/image\/\",\"url\":\"https:\/\/dicodusport.fr\/blog\/wp-content\/uploads\/2020\/06\/cropped-LOGO-DICODUSPORT-2020-SANS-FOND-SANS-TEXTE.png\",\"contentUrl\":\"https:\/\/dicodusport.fr\/blog\/wp-content\/uploads\/2020\/06\/cropped-LOGO-DICODUSPORT-2020-SANS-FOND-SANS-TEXTE.png\",\"width\":512,\"height\":512,\"caption\":\"Dicodusport\"},\"image\":{\"@id\":\"https:\/\/dicodusport.fr\/blog\/#\/schema\/logo\/image\/\"},\"sameAs\":[\"https:\/\/www.facebook.com\/dicodusport\",\"https:\/\/x.com\/dicodusport\",\"https:\/\/www.instagram.com\/dicodusport\/\",\"https:\/\/www.youtube.com\/channel\/UC7V2KZ5sd3htJivAbA4ZG3w\"],\"description\":\"Dicodusport est l'encyclop\u00e9die de l'actualit\u00e9 sportive.\",\"email\":\"bonjour@dicodusport.fr\",\"legalName\":\"DICODUSPORT\",\"foundingDate\":\"2018-01-14\",\"vatID\":\"FR71834470973\",\"taxID\":\"83447097300043\",\"numberOfEmployees\":{\"@type\":\"QuantitativeValue\",\"minValue\":\"1\",\"maxValue\":\"10\"}},{\"@type\":\"Person\",\"@id\":\"https:\/\/dicodusport.fr\/blog\/#\/schema\/person\/f3797823174b5e2975b9efe0302f16f4\",\"name\":\"Idriss Ahamada\",\"image\":{\"@type\":\"ImageObject\",\"inLanguage\":\"fr-FR\",\"@id\":\"https:\/\/dicodusport.fr\/blog\/#\/schema\/person\/image\/\",\"url\":\"https:\/\/dicodusport.fr\/blog\/wp-content\/uploads\/2021\/04\/Maillot-Idriss-Dicodusport-150x150.png\",\"contentUrl\":\"https:\/\/dicodusport.fr\/blog\/wp-content\/uploads\/2021\/04\/Maillot-Idriss-Dicodusport-150x150.png\",\"caption\":\"Idriss Ahamada\"},\"description\":\"Passionn\u00e9 de sport depuis toujours, c\u2019est tout naturellement qu\u2019apr\u00e8s avoir compris que je n\u2019avais pas le niveau pour jouer \u00e0 Manchester United, et pas la force n\u00e9cessaire pour combattre \u00e0 l\u2019UFC que je me suis tourn\u00e9 vers le journalisme pour raconter les exploits et les histoires de ceux qui en sont capables. Le football, surtout quand il est jou\u00e9 en Angleterre, reste mon premier amour. Mais j\u2019aime aussi veiller la nuit pour vous parler de KO et de victoires unanimes \u00e0 l\u2019UFC ou sur les rings de boxe. Mon c\u00f4t\u00e9 fan de Wayne Rooney m\u2019a \u00e9galement pouss\u00e9 \u00e0 devenir polyvalent et \u00e0 parler aussi de rugby (\u00e0 XIII comme \u00e0 XV) et occasionnellement de cyclisme. C\u2019est donc logiquement que j\u2019ai rejoint Dicodusport, pour pouvoir parler de l\u2019actualit\u00e9, sur tous les terrains.\",\"sameAs\":[\"https:\/\/x.com\/https:\/\/twitter.com\/idriss_ia7\"],\"url\":\"https:\/\/dicodusport.fr\/blog\/author\/idriss\/\"}]}<\/script>\n<!-- \/ Yoast SEO Premium plugin. -->","yoast_head_json":{"title":"Aur\u00e9lie Bresson - Les Sportives : \u00ab On est sur du 100% sport conjugu\u00e9 au f\u00e9minin \u00bb","description":"Nous avons rencontr\u00e9 Aur\u00e9lie Bresson, fondatrice du m\u00e9dia Les\u00a0Sportives, plateforme m\u00e9dia en faveur du sport au f\u00e9minin.","robots":{"index":"index","follow":"follow","max-snippet":"max-snippet:-1","max-image-preview":"max-image-preview:large","max-video-preview":"max-video-preview:-1"},"canonical":"https:\/\/dicodusport.fr\/blog\/aurelie-bresson-les-sportives-on-est-sur-du-100-sport-conjugue-au-feminin\/","og_locale":"fr_FR","og_type":"article","og_title":"Aur\u00e9lie Bresson - Les Sportives : \u00ab On est sur du 100% sport conjugu\u00e9 au f\u00e9minin \u00bb","og_description":"Nous avons rencontr\u00e9 Aur\u00e9lie Bresson, fondatrice du m\u00e9dia Les\u00a0Sportives, plateforme m\u00e9dia en faveur du sport au f\u00e9minin.","og_url":"https:\/\/dicodusport.fr\/blog\/aurelie-bresson-les-sportives-on-est-sur-du-100-sport-conjugue-au-feminin\/","og_site_name":"Dicodusport","article_publisher":"https:\/\/www.facebook.com\/dicodusport","article_published_time":"2021-05-03T09:17:09+00:00","article_modified_time":"2021-05-07T16:40:50+00:00","og_image":[{"width":800,"height":445,"url":"https:\/\/dicodusport.fr\/blog\/wp-content\/uploads\/2021\/04\/Aurelie-Bresson-Les-Sportives.png","type":"image\/png"}],"author":"Idriss Ahamada","twitter_card":"summary_large_image","twitter_title":"Aur\u00e9lie Bresson - Les Sportives : \u00ab On est sur du 100% sport conjugu\u00e9 au f\u00e9minin \u00bb","twitter_creator":"@https:\/\/twitter.com\/idriss_ia7","twitter_site":"@dicodusport","schema":{"@context":"https:\/\/schema.org","@graph":[{"@type":"NewsArticle","@id":"https:\/\/dicodusport.fr\/blog\/aurelie-bresson-les-sportives-on-est-sur-du-100-sport-conjugue-au-feminin\/#article","isPartOf":{"@id":"https:\/\/dicodusport.fr\/blog\/aurelie-bresson-les-sportives-on-est-sur-du-100-sport-conjugue-au-feminin\/"},"author":{"name":"Idriss Ahamada","@id":"https:\/\/dicodusport.fr\/blog\/#\/schema\/person\/f3797823174b5e2975b9efe0302f16f4"},"headline":"Aur\u00e9lie Bresson &#8211; Les Sportives : \u00ab On est sur du 100% sport conjugu\u00e9 au f\u00e9minin \u00bb","datePublished":"2021-05-03T09:17:09+00:00","dateModified":"2021-05-07T16:40:50+00:00","mainEntityOfPage":{"@id":"https:\/\/dicodusport.fr\/blog\/aurelie-bresson-les-sportives-on-est-sur-du-100-sport-conjugue-au-feminin\/"},"wordCount":3488,"commentCount":0,"publisher":{"@id":"https:\/\/dicodusport.fr\/blog\/#organization"},"image":{"@id":"https:\/\/dicodusport.fr\/blog\/aurelie-bresson-les-sportives-on-est-sur-du-100-sport-conjugue-au-feminin\/#primaryimage"},"thumbnailUrl":"https:\/\/dicodusport.fr\/blog\/wp-content\/uploads\/2021\/04\/Aurelie-Bresson-Les-Sportives.png","keywords":["sport f\u00e9minin"],"articleSection":["Lumi\u00e8re sur","Multisports"],"inLanguage":"fr-FR","potentialAction":[{"@type":"CommentAction","name":"Comment","target":["https:\/\/dicodusport.fr\/blog\/aurelie-bresson-les-sportives-on-est-sur-du-100-sport-conjugue-au-feminin\/#respond"]}],"copyrightYear":"2021","copyrightHolder":{"@id":"https:\/\/dicodusport.fr\/blog\/#organization"}},{"@type":"WebPage","@id":"https:\/\/dicodusport.fr\/blog\/aurelie-bresson-les-sportives-on-est-sur-du-100-sport-conjugue-au-feminin\/","url":"https:\/\/dicodusport.fr\/blog\/aurelie-bresson-les-sportives-on-est-sur-du-100-sport-conjugue-au-feminin\/","name":"Aur\u00e9lie Bresson - Les Sportives : \u00ab On est sur du 100% sport conjugu\u00e9 au f\u00e9minin \u00bb","isPartOf":{"@id":"https:\/\/dicodusport.fr\/blog\/#website"},"primaryImageOfPage":{"@id":"https:\/\/dicodusport.fr\/blog\/aurelie-bresson-les-sportives-on-est-sur-du-100-sport-conjugue-au-feminin\/#primaryimage"},"image":{"@id":"https:\/\/dicodusport.fr\/blog\/aurelie-bresson-les-sportives-on-est-sur-du-100-sport-conjugue-au-feminin\/#primaryimage"},"thumbnailUrl":"https:\/\/dicodusport.fr\/blog\/wp-content\/uploads\/2021\/04\/Aurelie-Bresson-Les-Sportives.png","datePublished":"2021-05-03T09:17:09+00:00","dateModified":"2021-05-07T16:40:50+00:00","description":"Nous avons rencontr\u00e9 Aur\u00e9lie Bresson, fondatrice du m\u00e9dia Les\u00a0Sportives, plateforme m\u00e9dia en faveur du sport au f\u00e9minin.","breadcrumb":{"@id":"https:\/\/dicodusport.fr\/blog\/aurelie-bresson-les-sportives-on-est-sur-du-100-sport-conjugue-au-feminin\/#breadcrumb"},"inLanguage":"fr-FR","potentialAction":[{"@type":"ReadAction","target":["https:\/\/dicodusport.fr\/blog\/aurelie-bresson-les-sportives-on-est-sur-du-100-sport-conjugue-au-feminin\/"]}]},{"@type":"ImageObject","inLanguage":"fr-FR","@id":"https:\/\/dicodusport.fr\/blog\/aurelie-bresson-les-sportives-on-est-sur-du-100-sport-conjugue-au-feminin\/#primaryimage","url":"https:\/\/dicodusport.fr\/blog\/wp-content\/uploads\/2021\/04\/Aurelie-Bresson-Les-Sportives.png","contentUrl":"https:\/\/dicodusport.fr\/blog\/wp-content\/uploads\/2021\/04\/Aurelie-Bresson-Les-Sportives.png","width":800,"height":445,"caption":"Aur\u00e9lie Bresson - Les Sportives"},{"@type":"BreadcrumbList","@id":"https:\/\/dicodusport.fr\/blog\/aurelie-bresson-les-sportives-on-est-sur-du-100-sport-conjugue-au-feminin\/#breadcrumb","itemListElement":[{"@type":"ListItem","position":1,"name":"Accueil","item":"https:\/\/dicodusport.fr\/blog\/"},{"@type":"ListItem","position":2,"name":"Aur\u00e9lie Bresson &#8211; Les Sportives : \u00ab On est sur du 100% sport conjugu\u00e9 au f\u00e9minin \u00bb"}]},{"@type":"WebSite","@id":"https:\/\/dicodusport.fr\/blog\/#website","url":"https:\/\/dicodusport.fr\/blog\/","name":"Dicodusport","description":"L&#039;encyclop\u00e9die de l&#039;actualit\u00e9 sportive","publisher":{"@id":"https:\/\/dicodusport.fr\/blog\/#organization"},"potentialAction":[{"@type":"SearchAction","target":{"@type":"EntryPoint","urlTemplate":"https:\/\/dicodusport.fr\/blog\/?s={search_term_string}"},"query-input":{"@type":"PropertyValueSpecification","valueRequired":true,"valueName":"search_term_string"}}],"inLanguage":"fr-FR"},{"@type":"NewsMediaOrganization","@id":"https:\/\/dicodusport.fr\/blog\/#organization","name":"Dicodusport","url":"https:\/\/dicodusport.fr\/blog\/","logo":{"@type":"ImageObject","inLanguage":"fr-FR","@id":"https:\/\/dicodusport.fr\/blog\/#\/schema\/logo\/image\/","url":"https:\/\/dicodusport.fr\/blog\/wp-content\/uploads\/2020\/06\/cropped-LOGO-DICODUSPORT-2020-SANS-FOND-SANS-TEXTE.png","contentUrl":"https:\/\/dicodusport.fr\/blog\/wp-content\/uploads\/2020\/06\/cropped-LOGO-DICODUSPORT-2020-SANS-FOND-SANS-TEXTE.png","width":512,"height":512,"caption":"Dicodusport"},"image":{"@id":"https:\/\/dicodusport.fr\/blog\/#\/schema\/logo\/image\/"},"sameAs":["https:\/\/www.facebook.com\/dicodusport","https:\/\/x.com\/dicodusport","https:\/\/www.instagram.com\/dicodusport\/","https:\/\/www.youtube.com\/channel\/UC7V2KZ5sd3htJivAbA4ZG3w"],"description":"Dicodusport est l'encyclop\u00e9die de l'actualit\u00e9 sportive.","email":"bonjour@dicodusport.fr","legalName":"DICODUSPORT","foundingDate":"2018-01-14","vatID":"FR71834470973","taxID":"83447097300043","numberOfEmployees":{"@type":"QuantitativeValue","minValue":"1","maxValue":"10"}},{"@type":"Person","@id":"https:\/\/dicodusport.fr\/blog\/#\/schema\/person\/f3797823174b5e2975b9efe0302f16f4","name":"Idriss Ahamada","image":{"@type":"ImageObject","inLanguage":"fr-FR","@id":"https:\/\/dicodusport.fr\/blog\/#\/schema\/person\/image\/","url":"https:\/\/dicodusport.fr\/blog\/wp-content\/uploads\/2021\/04\/Maillot-Idriss-Dicodusport-150x150.png","contentUrl":"https:\/\/dicodusport.fr\/blog\/wp-content\/uploads\/2021\/04\/Maillot-Idriss-Dicodusport-150x150.png","caption":"Idriss Ahamada"},"description":"Passionn\u00e9 de sport depuis toujours, c\u2019est tout naturellement qu\u2019apr\u00e8s avoir compris que je n\u2019avais pas le niveau pour jouer \u00e0 Manchester United, et pas la force n\u00e9cessaire pour combattre \u00e0 l\u2019UFC que je me suis tourn\u00e9 vers le journalisme pour raconter les exploits et les histoires de ceux qui en sont capables. Le football, surtout quand il est jou\u00e9 en Angleterre, reste mon premier amour. Mais j\u2019aime aussi veiller la nuit pour vous parler de KO et de victoires unanimes \u00e0 l\u2019UFC ou sur les rings de boxe. Mon c\u00f4t\u00e9 fan de Wayne Rooney m\u2019a \u00e9galement pouss\u00e9 \u00e0 devenir polyvalent et \u00e0 parler aussi de rugby (\u00e0 XIII comme \u00e0 XV) et occasionnellement de cyclisme. C\u2019est donc logiquement que j\u2019ai rejoint Dicodusport, pour pouvoir parler de l\u2019actualit\u00e9, sur tous les terrains.","sameAs":["https:\/\/x.com\/https:\/\/twitter.com\/idriss_ia7"],"url":"https:\/\/dicodusport.fr\/blog\/author\/idriss\/"}]}},"_links":{"self":[{"href":"https:\/\/dicodusport.fr\/blog\/wp-json\/wp\/v2\/posts\/124027","targetHints":{"allow":["GET"]}}],"collection":[{"href":"https:\/\/dicodusport.fr\/blog\/wp-json\/wp\/v2\/posts"}],"about":[{"href":"https:\/\/dicodusport.fr\/blog\/wp-json\/wp\/v2\/types\/post"}],"author":[{"embeddable":true,"href":"https:\/\/dicodusport.fr\/blog\/wp-json\/wp\/v2\/users\/39"}],"replies":[{"embeddable":true,"href":"https:\/\/dicodusport.fr\/blog\/wp-json\/wp\/v2\/comments?post=124027"}],"version-history":[{"count":0,"href":"https:\/\/dicodusport.fr\/blog\/wp-json\/wp\/v2\/posts\/124027\/revisions"}],"wp:featuredmedia":[{"embeddable":true,"href":"https:\/\/dicodusport.fr\/blog\/wp-json\/wp\/v2\/media\/124889"}],"wp:attachment":[{"href":"https:\/\/dicodusport.fr\/blog\/wp-json\/wp\/v2\/media?parent=124027"}],"wp:term":[{"taxonomy":"category","embeddable":true,"href":"https:\/\/dicodusport.fr\/blog\/wp-json\/wp\/v2\/categories?post=124027"},{"taxonomy":"post_tag","embeddable":true,"href":"https:\/\/dicodusport.fr\/blog\/wp-json\/wp\/v2\/tags?post=124027"}],"curies":[{"name":"wp","href":"https:\/\/api.w.org\/{rel}","templated":true}]}}