{"id":124078,"date":"2021-04-23T15:25:20","date_gmt":"2021-04-23T13:25:20","guid":{"rendered":"https:\/\/dicodusport.fr\/blog\/?p=124078&#038;preview=true&#038;preview_id=124078"},"modified":"2021-04-23T15:44:59","modified_gmt":"2021-04-23T13:44:59","slug":"tour-des-alpes-felix-grossschartner-enleve-la-5eme-etape-simon-yates-sacre","status":"publish","type":"post","link":"https:\/\/dicodusport.fr\/blog\/tour-des-alpes-felix-grossschartner-enleve-la-5eme-etape-simon-yates-sacre\/","title":{"rendered":"Tour des Alpes : Felix Grossschartner enl\u00e8ve la 5\u00e8me \u00e9tape, Simon Yates sacr\u00e9"},"content":{"rendered":"<p style=\"text-align: justify;\"><strong><em><a href=\"https:\/\/dicodusport.fr\/blog\/actualites\/cyclisme\/\" target=\"_blank\" rel=\"noopener\">CYCLISME<\/a> &#8211; Membre de la bonne \u00e9chapp\u00e9e du jour, Felix Grossschartner (Bora-Hansgrohe) a remport\u00e9 ce vendredi la 5\u00e8me et derni\u00e8re \u00e9tape du Tour des Alpes, \u00e0 Riva del Garda. Imp\u00e9rial, Simon Yates (Bike Exchange) enl\u00e8ve quant \u00e0 lui le classement g\u00e9n\u00e9ral.<\/em><\/strong><\/p>\n<p style=\"text-align: justify;\"><strong>Felix Grossschartner<\/strong> ne l&rsquo;a pas vol\u00e9e. Le coureur de la Bora-Hansgrohe s&rsquo;est impos\u00e9 ce vendredi sur la <strong>5\u00e8me \u00e9tape du Tour des Alpes 2021<\/strong>. Pr\u00e9sent\u00e9 comme un outsider pour le g\u00e9n\u00e9ral, l&rsquo;Autrichien a finalement vis\u00e9 les \u00e9tapes. <a href=\"https:\/\/dicodusport.fr\/blog\/tour-des-alpes-gianni-moscon-double-la-mise-sur-3eme-etape\/\">Deuxi\u00e8me mercredi sur la 3\u00e8me \u00e9tape derri\u00e8re Gianni Moscon<\/a>, il a cette fois mis dans le mille. Membre de la bonne \u00e9chapp\u00e9e du jour, en compagnie notamment des Fran\u00e7ais <strong>Thibaut Pinot<\/strong> et <strong>Tony Gallopin<\/strong>, l&rsquo;Autrichien s&rsquo;est isol\u00e9 seul en t\u00eate \u00e0 18 km de l&rsquo;arriv\u00e9e, dans la derni\u00e8re ascension du jour de Lago di Tenno. <strong>Grossschartner<\/strong>, costaud, a tenu bon jusqu&rsquo;\u00e0 la fin. Derri\u00e8re, <strong>Nicolas Roche<\/strong> (Team DSM) et <strong>Alessandro De Marchi<\/strong> (Israel Start-Up Nation), \u00e9chapp\u00e9s \u00e9galement, compl\u00e8te le podium de l&rsquo;\u00e9tape.<\/p>\n<p style=\"text-align: justify;\">De son c\u00f4t\u00e9, <strong>Simon Yates<\/strong> (Bike Exchange) remporte le g\u00e9n\u00e9ral de l&rsquo;\u00e9preuve alpestre. Premier Fran\u00e7ais, <strong>Romain Bardet<\/strong> (Team DSM) se classe 9\u00e8me.<\/p>\n<blockquote class=\"twitter-tweet\">\n<p dir=\"ltr\" lang=\"fr\">&#x1f1e6;&#x1f1f9; Felix Grossschartner remporte la 5e et derni\u00e8re \u00e9tape du Tour des Alpes !<\/p>\n<p>Simon Yates vainqueur du classement g\u00e9n\u00e9ral &#x1f44f;<a href=\"https:\/\/twitter.com\/hashtag\/lequipeVELO?src=hash&amp;ref_src=twsrc%5Etfw\">#lequipeVELO<\/a> <a href=\"https:\/\/twitter.com\/lequipeVELO?ref_src=twsrc%5Etfw\">@lequipeVELO<\/a> <a href=\"https:\/\/t.co\/dgO3ulY2zM\">pic.twitter.com\/dgO3ulY2zM<\/a><\/p>\n<p>\u2014 la chaine L&rsquo;\u00c9quipe (@lachainelequipe) <a href=\"https:\/\/twitter.com\/lachainelequipe\/status\/1385586998086361094?ref_src=twsrc%5Etfw\">April 23, 2021<\/a><\/p><\/blockquote>\n<p><script async src=\"https:\/\/platform.twitter.com\/widgets.js\" charset=\"utf-8\"><\/script><\/p>\n<h2 style=\"text-align: justify;\"><strong>\u00c0 lire aussi<\/strong><\/h2>\n<ul>\n<li style=\"text-align: justify;\"><a href=\"https:\/\/dicodusport.fr\/blog\/tour-des-alpes-2021-classement-5eme-etape\/\" target=\"_blank\" rel=\"noopener\"><strong>Le classement de la 5\u00e8me \u00e9tape<\/strong><\/a><\/li>\n<li style=\"text-align: justify;\"><a href=\"https:\/\/dicodusport.fr\/blog\/tour-des-alpes-2021-classement-general\/\" target=\"_blank\" rel=\"noopener\"><strong>Le classement g\u00e9n\u00e9ral<\/strong><\/a><\/li>\n<\/ul>\n","protected":false},"excerpt":{"rendered":"<p>CYCLISME &#8211; Membre de la bonne \u00e9chapp\u00e9e du jour, Felix Grossschartner (Bora-Hansgrohe) a remport\u00e9 ce vendredi la 5\u00e8me et derni\u00e8re \u00e9tape du Tour des Alpes, \u00e0 Riva del Garda. Imp\u00e9rial, Simon Yates (Bike Exchange) enl\u00e8ve quant \u00e0 lui le classement g\u00e9n\u00e9ral.<\/p>\n","protected":false},"author":4,"featured_media":124097,"comment_status":"open","ping_status":"closed","sticky":false,"template":"","format":"standard","meta":{"_acf_changed":false,"_daextam_enable_autolinks":"","footnotes":""},"categories":[2307],"tags":[7669],"class_list":["post-124078","post","type-post","status-publish","format-standard","has-post-thumbnail","hentry","category-cyclisme","tag-tour-des-alpes"],"acf":[],"yoast_head":"<!-- This site is optimized with the Yoast SEO Premium plugin v26.7 (Yoast SEO v26.7) - https:\/\/yoast.com\/wordpress\/plugins\/seo\/ -->\n<title>Tour des Alpes : Felix Grossschartner enl\u00e8ve la 5\u00e8me \u00e9tape, Simon Yates sacr\u00e9<\/title>\n<meta name=\"description\" content=\"CYCLISME - Membre de la bonne \u00e9chapp\u00e9e du jour, Felix Grossschartner (Bora-Hansgrohe) a remport\u00e9 ce vendredi la 5\u00e8me et derni\u00e8re \u00e9tape du Tour des Alpes, \u00e0 Riva del Garda. Imp\u00e9rial, Simon Yates (Bike Exchange) enl\u00e8ve quant \u00e0 lui le classement g\u00e9n\u00e9ral.\" \/>\n<meta name=\"robots\" content=\"index, follow, max-snippet:-1, max-image-preview:large, max-video-preview:-1\" \/>\n<link rel=\"canonical\" href=\"https:\/\/dicodusport.fr\/blog\/tour-des-alpes-felix-grossschartner-enleve-la-5eme-etape-simon-yates-sacre\/\" \/>\n<meta property=\"og:locale\" content=\"fr_FR\" \/>\n<meta property=\"og:type\" content=\"article\" \/>\n<meta property=\"og:title\" content=\"Tour des Alpes : Felix Grossschartner enl\u00e8ve la 5\u00e8me \u00e9tape, Simon Yates sacr\u00e9\" \/>\n<meta property=\"og:description\" content=\"CYCLISME - Membre de la bonne \u00e9chapp\u00e9e du jour, Felix Grossschartner (Bora-Hansgrohe) a remport\u00e9 ce vendredi la 5\u00e8me et derni\u00e8re \u00e9tape du Tour des Alpes, \u00e0 Riva del Garda. Imp\u00e9rial, Simon Yates (Bike Exchange) enl\u00e8ve quant \u00e0 lui le classement g\u00e9n\u00e9ral.\" \/>\n<meta property=\"og:url\" content=\"https:\/\/dicodusport.fr\/blog\/tour-des-alpes-felix-grossschartner-enleve-la-5eme-etape-simon-yates-sacre\/\" \/>\n<meta property=\"og:site_name\" content=\"Dicodusport\" \/>\n<meta property=\"article:publisher\" content=\"https:\/\/www.facebook.com\/dicodusport\" \/>\n<meta property=\"article:author\" content=\"https:\/\/www.facebook.com\/florent.ostermann\" \/>\n<meta property=\"article:published_time\" content=\"2021-04-23T13:25:20+00:00\" \/>\n<meta property=\"article:modified_time\" content=\"2021-04-23T13:44:59+00:00\" \/>\n<meta property=\"og:image\" content=\"https:\/\/dicodusport.fr\/blog\/wp-content\/uploads\/2021\/04\/Tour-des-Alpes-Felix-Grossschartner-enleve-la-5eme-etape-Simon-Yates-sacre.png\" \/>\n\t<meta property=\"og:image:width\" content=\"800\" \/>\n\t<meta property=\"og:image:height\" content=\"445\" \/>\n\t<meta property=\"og:image:type\" content=\"image\/png\" \/>\n<meta name=\"author\" content=\"Flo Ostermann\" \/>\n<meta name=\"twitter:card\" content=\"summary_large_image\" \/>\n<meta name=\"twitter:title\" content=\"Tour des Alpes : Felix Grossschartner enl\u00e8ve la 5\u00e8me \u00e9tape, Simon Yates sacr\u00e9\" \/>\n<meta name=\"twitter:creator\" content=\"@https:\/\/twitter.com\/FlOstermann\" \/>\n<meta name=\"twitter:site\" content=\"@dicodusport\" \/>\n<script type=\"application\/ld+json\" class=\"yoast-schema-graph\">{\"@context\":\"https:\/\/schema.org\",\"@graph\":[{\"@type\":\"NewsArticle\",\"@id\":\"https:\/\/dicodusport.fr\/blog\/tour-des-alpes-felix-grossschartner-enleve-la-5eme-etape-simon-yates-sacre\/#article\",\"isPartOf\":{\"@id\":\"https:\/\/dicodusport.fr\/blog\/tour-des-alpes-felix-grossschartner-enleve-la-5eme-etape-simon-yates-sacre\/\"},\"author\":{\"name\":\"Flo Ostermann\",\"@id\":\"https:\/\/dicodusport.fr\/blog\/#\/schema\/person\/cb02af4c173ce4a653b55e9baf388d4a\"},\"headline\":\"Tour des Alpes : Felix Grossschartner enl\u00e8ve la 5\u00e8me \u00e9tape, Simon Yates sacr\u00e9\",\"datePublished\":\"2021-04-23T13:25:20+00:00\",\"dateModified\":\"2021-04-23T13:44:59+00:00\",\"mainEntityOfPage\":{\"@id\":\"https:\/\/dicodusport.fr\/blog\/tour-des-alpes-felix-grossschartner-enleve-la-5eme-etape-simon-yates-sacre\/\"},\"wordCount\":279,\"commentCount\":0,\"publisher\":{\"@id\":\"https:\/\/dicodusport.fr\/blog\/#organization\"},\"image\":{\"@id\":\"https:\/\/dicodusport.fr\/blog\/tour-des-alpes-felix-grossschartner-enleve-la-5eme-etape-simon-yates-sacre\/#primaryimage\"},\"thumbnailUrl\":\"https:\/\/dicodusport.fr\/blog\/wp-content\/uploads\/2021\/04\/Tour-des-Alpes-Felix-Grossschartner-enleve-la-5eme-etape-Simon-Yates-sacre.png\",\"keywords\":[\"Tour des Alpes\"],\"articleSection\":[\"Cyclisme\"],\"inLanguage\":\"fr-FR\",\"potentialAction\":[{\"@type\":\"CommentAction\",\"name\":\"Comment\",\"target\":[\"https:\/\/dicodusport.fr\/blog\/tour-des-alpes-felix-grossschartner-enleve-la-5eme-etape-simon-yates-sacre\/#respond\"]}],\"copyrightYear\":\"2021\",\"copyrightHolder\":{\"@id\":\"https:\/\/dicodusport.fr\/blog\/#organization\"}},{\"@type\":\"WebPage\",\"@id\":\"https:\/\/dicodusport.fr\/blog\/tour-des-alpes-felix-grossschartner-enleve-la-5eme-etape-simon-yates-sacre\/\",\"url\":\"https:\/\/dicodusport.fr\/blog\/tour-des-alpes-felix-grossschartner-enleve-la-5eme-etape-simon-yates-sacre\/\",\"name\":\"Tour des Alpes : Felix Grossschartner enl\u00e8ve la 5\u00e8me \u00e9tape, Simon Yates sacr\u00e9\",\"isPartOf\":{\"@id\":\"https:\/\/dicodusport.fr\/blog\/#website\"},\"primaryImageOfPage\":{\"@id\":\"https:\/\/dicodusport.fr\/blog\/tour-des-alpes-felix-grossschartner-enleve-la-5eme-etape-simon-yates-sacre\/#primaryimage\"},\"image\":{\"@id\":\"https:\/\/dicodusport.fr\/blog\/tour-des-alpes-felix-grossschartner-enleve-la-5eme-etape-simon-yates-sacre\/#primaryimage\"},\"thumbnailUrl\":\"https:\/\/dicodusport.fr\/blog\/wp-content\/uploads\/2021\/04\/Tour-des-Alpes-Felix-Grossschartner-enleve-la-5eme-etape-Simon-Yates-sacre.png\",\"datePublished\":\"2021-04-23T13:25:20+00:00\",\"dateModified\":\"2021-04-23T13:44:59+00:00\",\"description\":\"CYCLISME - Membre de la bonne \u00e9chapp\u00e9e du jour, Felix Grossschartner (Bora-Hansgrohe) a remport\u00e9 ce vendredi la 5\u00e8me et derni\u00e8re \u00e9tape du Tour des Alpes, \u00e0 Riva del Garda. Imp\u00e9rial, Simon Yates (Bike Exchange) enl\u00e8ve quant \u00e0 lui le classement g\u00e9n\u00e9ral.\",\"breadcrumb\":{\"@id\":\"https:\/\/dicodusport.fr\/blog\/tour-des-alpes-felix-grossschartner-enleve-la-5eme-etape-simon-yates-sacre\/#breadcrumb\"},\"inLanguage\":\"fr-FR\",\"potentialAction\":[{\"@type\":\"ReadAction\",\"target\":[\"https:\/\/dicodusport.fr\/blog\/tour-des-alpes-felix-grossschartner-enleve-la-5eme-etape-simon-yates-sacre\/\"]}]},{\"@type\":\"ImageObject\",\"inLanguage\":\"fr-FR\",\"@id\":\"https:\/\/dicodusport.fr\/blog\/tour-des-alpes-felix-grossschartner-enleve-la-5eme-etape-simon-yates-sacre\/#primaryimage\",\"url\":\"https:\/\/dicodusport.fr\/blog\/wp-content\/uploads\/2021\/04\/Tour-des-Alpes-Felix-Grossschartner-enleve-la-5eme-etape-Simon-Yates-sacre.png\",\"contentUrl\":\"https:\/\/dicodusport.fr\/blog\/wp-content\/uploads\/2021\/04\/Tour-des-Alpes-Felix-Grossschartner-enleve-la-5eme-etape-Simon-Yates-sacre.png\",\"width\":800,\"height\":445,\"caption\":\"Tour des Alpes : Felix Grossschartner enl\u00e8ve la 5\u00e8me \u00e9tape, Simon Yates sacr\u00e9\"},{\"@type\":\"BreadcrumbList\",\"@id\":\"https:\/\/dicodusport.fr\/blog\/tour-des-alpes-felix-grossschartner-enleve-la-5eme-etape-simon-yates-sacre\/#breadcrumb\",\"itemListElement\":[{\"@type\":\"ListItem\",\"position\":1,\"name\":\"Accueil\",\"item\":\"https:\/\/dicodusport.fr\/blog\/\"},{\"@type\":\"ListItem\",\"position\":2,\"name\":\"Tour des Alpes : Felix Grossschartner enl\u00e8ve la 5\u00e8me \u00e9tape, Simon Yates sacr\u00e9\"}]},{\"@type\":\"WebSite\",\"@id\":\"https:\/\/dicodusport.fr\/blog\/#website\",\"url\":\"https:\/\/dicodusport.fr\/blog\/\",\"name\":\"Dicodusport\",\"description\":\"L&#039;encyclop\u00e9die de l&#039;actualit\u00e9 sportive\",\"publisher\":{\"@id\":\"https:\/\/dicodusport.fr\/blog\/#organization\"},\"potentialAction\":[{\"@type\":\"SearchAction\",\"target\":{\"@type\":\"EntryPoint\",\"urlTemplate\":\"https:\/\/dicodusport.fr\/blog\/?s={search_term_string}\"},\"query-input\":{\"@type\":\"PropertyValueSpecification\",\"valueRequired\":true,\"valueName\":\"search_term_string\"}}],\"inLanguage\":\"fr-FR\"},{\"@type\":\"NewsMediaOrganization\",\"@id\":\"https:\/\/dicodusport.fr\/blog\/#organization\",\"name\":\"Dicodusport\",\"url\":\"https:\/\/dicodusport.fr\/blog\/\",\"logo\":{\"@type\":\"ImageObject\",\"inLanguage\":\"fr-FR\",\"@id\":\"https:\/\/dicodusport.fr\/blog\/#\/schema\/logo\/image\/\",\"url\":\"https:\/\/dicodusport.fr\/blog\/wp-content\/uploads\/2020\/06\/cropped-LOGO-DICODUSPORT-2020-SANS-FOND-SANS-TEXTE.png\",\"contentUrl\":\"https:\/\/dicodusport.fr\/blog\/wp-content\/uploads\/2020\/06\/cropped-LOGO-DICODUSPORT-2020-SANS-FOND-SANS-TEXTE.png\",\"width\":512,\"height\":512,\"caption\":\"Dicodusport\"},\"image\":{\"@id\":\"https:\/\/dicodusport.fr\/blog\/#\/schema\/logo\/image\/\"},\"sameAs\":[\"https:\/\/www.facebook.com\/dicodusport\",\"https:\/\/x.com\/dicodusport\",\"https:\/\/www.instagram.com\/dicodusport\/\",\"https:\/\/www.youtube.com\/channel\/UC7V2KZ5sd3htJivAbA4ZG3w\"],\"description\":\"Dicodusport est l'encyclop\u00e9die de l'actualit\u00e9 sportive.\",\"email\":\"bonjour@dicodusport.fr\",\"legalName\":\"DICODUSPORT\",\"foundingDate\":\"2018-01-14\",\"vatID\":\"FR71834470973\",\"taxID\":\"83447097300043\",\"numberOfEmployees\":{\"@type\":\"QuantitativeValue\",\"minValue\":\"1\",\"maxValue\":\"10\"}},{\"@type\":\"Person\",\"@id\":\"https:\/\/dicodusport.fr\/blog\/#\/schema\/person\/cb02af4c173ce4a653b55e9baf388d4a\",\"name\":\"Flo Ostermann\",\"image\":{\"@type\":\"ImageObject\",\"inLanguage\":\"fr-FR\",\"@id\":\"https:\/\/dicodusport.fr\/blog\/#\/schema\/person\/image\/\",\"url\":\"https:\/\/dicodusport.fr\/blog\/wp-content\/uploads\/2021\/05\/Flo-Ostermann-150x150.jpg\",\"contentUrl\":\"https:\/\/dicodusport.fr\/blog\/wp-content\/uploads\/2021\/05\/Flo-Ostermann-150x150.jpg\",\"caption\":\"Flo Ostermann\"},\"description\":\"Journaliste\/R\u00e9dacteur depuis septembre 2015 - Mes premiers souvenirs dans le sport ? Les envol\u00e9es du Stade Toulousain et les duels Villeneuve-Schumacher et H\u00e4kkinen-Schumacher \u00e0 la fin des ann\u00e9es 90, la Coupe du monde de football en 1998, l\u2019exploit du XV de France face aux All Blacks en 1999, mais aussi Richard C\u0153ur de Lion qui vole sur les montagnes du Tour de France. Bien parti pour devenir professeur d\u2019EPS, les \u00e9v\u00e9nements de la vie (et la flemme d\u2019animer des s\u00e9ances de 3x500 m\u00e8tres toute ma vie) m\u2019ont conduit \u00e0 revoir mes plans. Me voil\u00e0 depuis fin 2017 sur Dicodusport, m\u00e9dia gr\u00e2ce (et pour) lequel je partage ma passion : le sport dans tous ses \u00e9tats. Le tout accompagn\u00e9 par les fous furieux et folles furieuses cit\u00e9s sur cette page !\",\"sameAs\":[\"https:\/\/www.facebook.com\/florent.ostermann\",\"https:\/\/x.com\/https:\/\/twitter.com\/FlOstermann\",\"admin\"],\"url\":\"https:\/\/dicodusport.fr\/blog\/author\/flo\/\"}]}<\/script>\n<!-- \/ Yoast SEO Premium plugin. -->","yoast_head_json":{"title":"Tour des Alpes : Felix Grossschartner enl\u00e8ve la 5\u00e8me \u00e9tape, Simon Yates sacr\u00e9","description":"CYCLISME - Membre de la bonne \u00e9chapp\u00e9e du jour, Felix Grossschartner (Bora-Hansgrohe) a remport\u00e9 ce vendredi la 5\u00e8me et derni\u00e8re \u00e9tape du Tour des Alpes, \u00e0 Riva del Garda. Imp\u00e9rial, Simon Yates (Bike Exchange) enl\u00e8ve quant \u00e0 lui le classement g\u00e9n\u00e9ral.","robots":{"index":"index","follow":"follow","max-snippet":"max-snippet:-1","max-image-preview":"max-image-preview:large","max-video-preview":"max-video-preview:-1"},"canonical":"https:\/\/dicodusport.fr\/blog\/tour-des-alpes-felix-grossschartner-enleve-la-5eme-etape-simon-yates-sacre\/","og_locale":"fr_FR","og_type":"article","og_title":"Tour des Alpes : Felix Grossschartner enl\u00e8ve la 5\u00e8me \u00e9tape, Simon Yates sacr\u00e9","og_description":"CYCLISME - Membre de la bonne \u00e9chapp\u00e9e du jour, Felix Grossschartner (Bora-Hansgrohe) a remport\u00e9 ce vendredi la 5\u00e8me et derni\u00e8re \u00e9tape du Tour des Alpes, \u00e0 Riva del Garda. Imp\u00e9rial, Simon Yates (Bike Exchange) enl\u00e8ve quant \u00e0 lui le classement g\u00e9n\u00e9ral.","og_url":"https:\/\/dicodusport.fr\/blog\/tour-des-alpes-felix-grossschartner-enleve-la-5eme-etape-simon-yates-sacre\/","og_site_name":"Dicodusport","article_publisher":"https:\/\/www.facebook.com\/dicodusport","article_author":"https:\/\/www.facebook.com\/florent.ostermann","article_published_time":"2021-04-23T13:25:20+00:00","article_modified_time":"2021-04-23T13:44:59+00:00","og_image":[{"width":800,"height":445,"url":"https:\/\/dicodusport.fr\/blog\/wp-content\/uploads\/2021\/04\/Tour-des-Alpes-Felix-Grossschartner-enleve-la-5eme-etape-Simon-Yates-sacre.png","type":"image\/png"}],"author":"Flo Ostermann","twitter_card":"summary_large_image","twitter_title":"Tour des Alpes : Felix Grossschartner enl\u00e8ve la 5\u00e8me \u00e9tape, Simon Yates sacr\u00e9","twitter_creator":"@https:\/\/twitter.com\/FlOstermann","twitter_site":"@dicodusport","schema":{"@context":"https:\/\/schema.org","@graph":[{"@type":"NewsArticle","@id":"https:\/\/dicodusport.fr\/blog\/tour-des-alpes-felix-grossschartner-enleve-la-5eme-etape-simon-yates-sacre\/#article","isPartOf":{"@id":"https:\/\/dicodusport.fr\/blog\/tour-des-alpes-felix-grossschartner-enleve-la-5eme-etape-simon-yates-sacre\/"},"author":{"name":"Flo Ostermann","@id":"https:\/\/dicodusport.fr\/blog\/#\/schema\/person\/cb02af4c173ce4a653b55e9baf388d4a"},"headline":"Tour des Alpes : Felix Grossschartner enl\u00e8ve la 5\u00e8me \u00e9tape, Simon Yates sacr\u00e9","datePublished":"2021-04-23T13:25:20+00:00","dateModified":"2021-04-23T13:44:59+00:00","mainEntityOfPage":{"@id":"https:\/\/dicodusport.fr\/blog\/tour-des-alpes-felix-grossschartner-enleve-la-5eme-etape-simon-yates-sacre\/"},"wordCount":279,"commentCount":0,"publisher":{"@id":"https:\/\/dicodusport.fr\/blog\/#organization"},"image":{"@id":"https:\/\/dicodusport.fr\/blog\/tour-des-alpes-felix-grossschartner-enleve-la-5eme-etape-simon-yates-sacre\/#primaryimage"},"thumbnailUrl":"https:\/\/dicodusport.fr\/blog\/wp-content\/uploads\/2021\/04\/Tour-des-Alpes-Felix-Grossschartner-enleve-la-5eme-etape-Simon-Yates-sacre.png","keywords":["Tour des Alpes"],"articleSection":["Cyclisme"],"inLanguage":"fr-FR","potentialAction":[{"@type":"CommentAction","name":"Comment","target":["https:\/\/dicodusport.fr\/blog\/tour-des-alpes-felix-grossschartner-enleve-la-5eme-etape-simon-yates-sacre\/#respond"]}],"copyrightYear":"2021","copyrightHolder":{"@id":"https:\/\/dicodusport.fr\/blog\/#organization"}},{"@type":"WebPage","@id":"https:\/\/dicodusport.fr\/blog\/tour-des-alpes-felix-grossschartner-enleve-la-5eme-etape-simon-yates-sacre\/","url":"https:\/\/dicodusport.fr\/blog\/tour-des-alpes-felix-grossschartner-enleve-la-5eme-etape-simon-yates-sacre\/","name":"Tour des Alpes : Felix Grossschartner enl\u00e8ve la 5\u00e8me \u00e9tape, Simon Yates sacr\u00e9","isPartOf":{"@id":"https:\/\/dicodusport.fr\/blog\/#website"},"primaryImageOfPage":{"@id":"https:\/\/dicodusport.fr\/blog\/tour-des-alpes-felix-grossschartner-enleve-la-5eme-etape-simon-yates-sacre\/#primaryimage"},"image":{"@id":"https:\/\/dicodusport.fr\/blog\/tour-des-alpes-felix-grossschartner-enleve-la-5eme-etape-simon-yates-sacre\/#primaryimage"},"thumbnailUrl":"https:\/\/dicodusport.fr\/blog\/wp-content\/uploads\/2021\/04\/Tour-des-Alpes-Felix-Grossschartner-enleve-la-5eme-etape-Simon-Yates-sacre.png","datePublished":"2021-04-23T13:25:20+00:00","dateModified":"2021-04-23T13:44:59+00:00","description":"CYCLISME - Membre de la bonne \u00e9chapp\u00e9e du jour, Felix Grossschartner (Bora-Hansgrohe) a remport\u00e9 ce vendredi la 5\u00e8me et derni\u00e8re \u00e9tape du Tour des Alpes, \u00e0 Riva del Garda. Imp\u00e9rial, Simon Yates (Bike Exchange) enl\u00e8ve quant \u00e0 lui le classement g\u00e9n\u00e9ral.","breadcrumb":{"@id":"https:\/\/dicodusport.fr\/blog\/tour-des-alpes-felix-grossschartner-enleve-la-5eme-etape-simon-yates-sacre\/#breadcrumb"},"inLanguage":"fr-FR","potentialAction":[{"@type":"ReadAction","target":["https:\/\/dicodusport.fr\/blog\/tour-des-alpes-felix-grossschartner-enleve-la-5eme-etape-simon-yates-sacre\/"]}]},{"@type":"ImageObject","inLanguage":"fr-FR","@id":"https:\/\/dicodusport.fr\/blog\/tour-des-alpes-felix-grossschartner-enleve-la-5eme-etape-simon-yates-sacre\/#primaryimage","url":"https:\/\/dicodusport.fr\/blog\/wp-content\/uploads\/2021\/04\/Tour-des-Alpes-Felix-Grossschartner-enleve-la-5eme-etape-Simon-Yates-sacre.png","contentUrl":"https:\/\/dicodusport.fr\/blog\/wp-content\/uploads\/2021\/04\/Tour-des-Alpes-Felix-Grossschartner-enleve-la-5eme-etape-Simon-Yates-sacre.png","width":800,"height":445,"caption":"Tour des Alpes : Felix Grossschartner enl\u00e8ve la 5\u00e8me \u00e9tape, Simon Yates sacr\u00e9"},{"@type":"BreadcrumbList","@id":"https:\/\/dicodusport.fr\/blog\/tour-des-alpes-felix-grossschartner-enleve-la-5eme-etape-simon-yates-sacre\/#breadcrumb","itemListElement":[{"@type":"ListItem","position":1,"name":"Accueil","item":"https:\/\/dicodusport.fr\/blog\/"},{"@type":"ListItem","position":2,"name":"Tour des Alpes : Felix Grossschartner enl\u00e8ve la 5\u00e8me \u00e9tape, Simon Yates sacr\u00e9"}]},{"@type":"WebSite","@id":"https:\/\/dicodusport.fr\/blog\/#website","url":"https:\/\/dicodusport.fr\/blog\/","name":"Dicodusport","description":"L&#039;encyclop\u00e9die de l&#039;actualit\u00e9 sportive","publisher":{"@id":"https:\/\/dicodusport.fr\/blog\/#organization"},"potentialAction":[{"@type":"SearchAction","target":{"@type":"EntryPoint","urlTemplate":"https:\/\/dicodusport.fr\/blog\/?s={search_term_string}"},"query-input":{"@type":"PropertyValueSpecification","valueRequired":true,"valueName":"search_term_string"}}],"inLanguage":"fr-FR"},{"@type":"NewsMediaOrganization","@id":"https:\/\/dicodusport.fr\/blog\/#organization","name":"Dicodusport","url":"https:\/\/dicodusport.fr\/blog\/","logo":{"@type":"ImageObject","inLanguage":"fr-FR","@id":"https:\/\/dicodusport.fr\/blog\/#\/schema\/logo\/image\/","url":"https:\/\/dicodusport.fr\/blog\/wp-content\/uploads\/2020\/06\/cropped-LOGO-DICODUSPORT-2020-SANS-FOND-SANS-TEXTE.png","contentUrl":"https:\/\/dicodusport.fr\/blog\/wp-content\/uploads\/2020\/06\/cropped-LOGO-DICODUSPORT-2020-SANS-FOND-SANS-TEXTE.png","width":512,"height":512,"caption":"Dicodusport"},"image":{"@id":"https:\/\/dicodusport.fr\/blog\/#\/schema\/logo\/image\/"},"sameAs":["https:\/\/www.facebook.com\/dicodusport","https:\/\/x.com\/dicodusport","https:\/\/www.instagram.com\/dicodusport\/","https:\/\/www.youtube.com\/channel\/UC7V2KZ5sd3htJivAbA4ZG3w"],"description":"Dicodusport est l'encyclop\u00e9die de l'actualit\u00e9 sportive.","email":"bonjour@dicodusport.fr","legalName":"DICODUSPORT","foundingDate":"2018-01-14","vatID":"FR71834470973","taxID":"83447097300043","numberOfEmployees":{"@type":"QuantitativeValue","minValue":"1","maxValue":"10"}},{"@type":"Person","@id":"https:\/\/dicodusport.fr\/blog\/#\/schema\/person\/cb02af4c173ce4a653b55e9baf388d4a","name":"Flo Ostermann","image":{"@type":"ImageObject","inLanguage":"fr-FR","@id":"https:\/\/dicodusport.fr\/blog\/#\/schema\/person\/image\/","url":"https:\/\/dicodusport.fr\/blog\/wp-content\/uploads\/2021\/05\/Flo-Ostermann-150x150.jpg","contentUrl":"https:\/\/dicodusport.fr\/blog\/wp-content\/uploads\/2021\/05\/Flo-Ostermann-150x150.jpg","caption":"Flo Ostermann"},"description":"Journaliste\/R\u00e9dacteur depuis septembre 2015 - Mes premiers souvenirs dans le sport ? Les envol\u00e9es du Stade Toulousain et les duels Villeneuve-Schumacher et H\u00e4kkinen-Schumacher \u00e0 la fin des ann\u00e9es 90, la Coupe du monde de football en 1998, l\u2019exploit du XV de France face aux All Blacks en 1999, mais aussi Richard C\u0153ur de Lion qui vole sur les montagnes du Tour de France. Bien parti pour devenir professeur d\u2019EPS, les \u00e9v\u00e9nements de la vie (et la flemme d\u2019animer des s\u00e9ances de 3x500 m\u00e8tres toute ma vie) m\u2019ont conduit \u00e0 revoir mes plans. Me voil\u00e0 depuis fin 2017 sur Dicodusport, m\u00e9dia gr\u00e2ce (et pour) lequel je partage ma passion : le sport dans tous ses \u00e9tats. Le tout accompagn\u00e9 par les fous furieux et folles furieuses cit\u00e9s sur cette page !","sameAs":["https:\/\/www.facebook.com\/florent.ostermann","https:\/\/x.com\/https:\/\/twitter.com\/FlOstermann","admin"],"url":"https:\/\/dicodusport.fr\/blog\/author\/flo\/"}]}},"_links":{"self":[{"href":"https:\/\/dicodusport.fr\/blog\/wp-json\/wp\/v2\/posts\/124078","targetHints":{"allow":["GET"]}}],"collection":[{"href":"https:\/\/dicodusport.fr\/blog\/wp-json\/wp\/v2\/posts"}],"about":[{"href":"https:\/\/dicodusport.fr\/blog\/wp-json\/wp\/v2\/types\/post"}],"author":[{"embeddable":true,"href":"https:\/\/dicodusport.fr\/blog\/wp-json\/wp\/v2\/users\/4"}],"replies":[{"embeddable":true,"href":"https:\/\/dicodusport.fr\/blog\/wp-json\/wp\/v2\/comments?post=124078"}],"version-history":[{"count":0,"href":"https:\/\/dicodusport.fr\/blog\/wp-json\/wp\/v2\/posts\/124078\/revisions"}],"wp:featuredmedia":[{"embeddable":true,"href":"https:\/\/dicodusport.fr\/blog\/wp-json\/wp\/v2\/media\/124097"}],"wp:attachment":[{"href":"https:\/\/dicodusport.fr\/blog\/wp-json\/wp\/v2\/media?parent=124078"}],"wp:term":[{"taxonomy":"category","embeddable":true,"href":"https:\/\/dicodusport.fr\/blog\/wp-json\/wp\/v2\/categories?post=124078"},{"taxonomy":"post_tag","embeddable":true,"href":"https:\/\/dicodusport.fr\/blog\/wp-json\/wp\/v2\/tags?post=124078"}],"curies":[{"name":"wp","href":"https:\/\/api.w.org\/{rel}","templated":true}]}}