{"id":124256,"date":"2021-04-24T11:20:14","date_gmt":"2021-04-24T09:20:14","guid":{"rendered":"https:\/\/dicodusport.fr\/blog\/?p=124256"},"modified":"2021-04-24T12:46:21","modified_gmt":"2021-04-24T10:46:21","slug":"athletisme-pas-de-record-d-europe-sur-5km-pour-julien-wanders","status":"publish","type":"post","link":"https:\/\/dicodusport.fr\/blog\/athletisme-pas-de-record-d-europe-sur-5km-pour-julien-wanders\/","title":{"rendered":"Pas de record d&rsquo;Europe sur 5 km pour Julien Wanders"},"content":{"rendered":"<p style=\"text-align: justify;\"><b><i>ATHL\u00c9TISME &#8211; \u00c0 10h ce samedi, <a href=\"https:\/\/dicodusport.fr\/blog\/5000-m-athletisme-julien-wanders-va-tenter-deffacer-jimmy-gressier-des-tablettes\/\">Julien Wanders tentait de battre le record d&rsquo;Europe du 5 km<\/a> (13&rsquo;18). Pas totalement remis d&rsquo;une pneumonie, il n&rsquo;a pas pu lutter bien longtemps. \u00c9tienne<\/i><\/b><b><i> Daguinos, lui, a scotch\u00e9 tout le monde.\u00a0<\/i><\/b><\/p>\n<p style=\"text-align: justify;\">Il avait l&rsquo;occasion de marquer encore un peu plus l&rsquo;athl\u00e9tisme europ\u00e9en. A l&rsquo;occasion de la course organis\u00e9e par <strong>Asics<\/strong> \u00ab\u00a0Be(at) Your Personnal Best\u00a0\u00bb \u00e0 Morton (Vienne), <b>Julien Wanders<\/b> s&rsquo;est \u00e9lanc\u00e9 ce samedi matin avec l&rsquo;objectif de battre le record de son ami <b>Jimmy Gressier<\/b>, auteur d&rsquo;un chrono de 13&rsquo;18 sur 5 km. Malheureusement, le Franco-Suisse a rapidement l\u00e2ch\u00e9 la t\u00eate de la course, encore marqu\u00e9 par les s\u00e9quelles d&rsquo;une pneumonie. A l&rsquo;arriv\u00e9e, <strong>Wanders<\/strong> ne termine (qu&rsquo;en) 14&rsquo;13, presque une minute derri\u00e8re le record.<\/p>\n<h2 style=\"text-align: justify;\">\u00c9tienne Daguinos supersonique<\/h2>\n<p style=\"text-align: justify;\">Notez bien son nom ! Alors qu&rsquo;on attendait Julien Wanders dans la Vienne, on a \u00e9t\u00e9 g\u00e2t\u00e9 par <b>\u00c9tienne Daguinos<\/b>. Le gamin de 21 ans a claqu\u00e9 un chrono de 13&rsquo;38. Rien que \u00e7a. Pour situer la performance, cela \u00e9quivaut \u00e0 une allure moyenne de 2&rsquo;43 au kilom\u00e8tre. \u00c9videmment, avec cette perf&rsquo;, le Tricolore est devenu recordman de France des U23 sur 5 km. Un talent qu&rsquo;il faudra surveiller dans les semaines et mois \u00e0 venir.<\/p>\n<blockquote class=\"twitter-tweet\">\n<p dir=\"ltr\" lang=\"fr\">&#x1f6a8; OFFICIEL ! RECORD DE FRANCE U23 du 5 Kilom\u00e8tres pour \u00c9tienne Daguinos (&#x1f1eb;&#x1f1f7;) en 13min38 ! Moyenne de 2:43\/km et passage en &#8230; 2min37 au premier kilom\u00e8tre &#x1f92f; Il a seulement 21 ans ! Monstrueux &#x1f44f;&#x1f44f;<\/p>\n<p>PS : Oui il avait encore la force de faire un saut \u00e0 l\u2019arriv\u00e9e &#x1f605; <a href=\"https:\/\/t.co\/KdVANA9vG5\">pic.twitter.com\/KdVANA9vG5<\/a><\/p>\n<p>\u2014 run_ix (@RUN_IX) <a href=\"https:\/\/twitter.com\/RUN_IX\/status\/1385874238523990016?ref_src=twsrc%5Etfw\">April 24, 2021<\/a><\/p><\/blockquote>\n<p><script async src=\"https:\/\/platform.twitter.com\/widgets.js\" charset=\"utf-8\"><\/script><\/p>\n","protected":false},"excerpt":{"rendered":"<p>ATHL\u00c9TISME &#8211; \u00c0 10h ce samedi, Julien Wanders tentait de battre le record d&rsquo;Europe du 5 km (13&rsquo;18). Pas totalement remis d&rsquo;une pneumonie, il n&rsquo;a pas pu lutter bien longtemps. \u00c9tienne Daguinos, lui, a scotch\u00e9 tout le monde.\u00a0<\/p>\n","protected":false},"author":51,"featured_media":124264,"comment_status":"open","ping_status":"closed","sticky":false,"template":"","format":"standard","meta":{"_acf_changed":false,"_daextam_enable_autolinks":"","footnotes":""},"categories":[2308],"tags":[143],"class_list":["post-124256","post","type-post","status-publish","format-standard","has-post-thumbnail","hentry","category-athletisme","tag-athletisme"],"acf":[],"yoast_head":"<!-- This site is optimized with the Yoast SEO Premium plugin v26.7 (Yoast SEO v26.7) - https:\/\/yoast.com\/wordpress\/plugins\/seo\/ -->\n<title>Pas de record d&#039;Europe sur 5 km pour Julien Wanders<\/title>\n<meta name=\"description\" content=\"ATHL\u00c9TISME - Dans la Vienne ce samedi, Julien Wanders a \u00e9chou\u00e9 dans sa tentative de record d&#039;Europe sur 5km.\" \/>\n<meta name=\"robots\" content=\"index, follow, max-snippet:-1, max-image-preview:large, max-video-preview:-1\" \/>\n<link rel=\"canonical\" href=\"https:\/\/dicodusport.fr\/blog\/athletisme-pas-de-record-d-europe-sur-5km-pour-julien-wanders\/\" \/>\n<meta property=\"og:locale\" content=\"fr_FR\" \/>\n<meta property=\"og:type\" content=\"article\" \/>\n<meta property=\"og:title\" content=\"Pas de record d&#039;Europe sur 5 km pour Julien Wanders\" \/>\n<meta property=\"og:description\" content=\"ATHL\u00c9TISME - Dans la Vienne ce samedi, Julien Wanders a \u00e9chou\u00e9 dans sa tentative de record d&#039;Europe sur 5km.\" \/>\n<meta property=\"og:url\" content=\"https:\/\/dicodusport.fr\/blog\/athletisme-pas-de-record-d-europe-sur-5km-pour-julien-wanders\/\" \/>\n<meta property=\"og:site_name\" content=\"Dicodusport\" \/>\n<meta property=\"article:publisher\" content=\"https:\/\/www.facebook.com\/dicodusport\" \/>\n<meta property=\"article:published_time\" content=\"2021-04-24T09:20:14+00:00\" \/>\n<meta property=\"article:modified_time\" content=\"2021-04-24T10:46:21+00:00\" \/>\n<meta property=\"og:image\" content=\"https:\/\/dicodusport.fr\/blog\/wp-content\/uploads\/2021\/04\/Pas-de-record-dEurope-sur-5-km-pour-Julien-Wanders.png\" \/>\n\t<meta property=\"og:image:width\" content=\"800\" \/>\n\t<meta property=\"og:image:height\" content=\"445\" \/>\n\t<meta property=\"og:image:type\" content=\"image\/png\" \/>\n<meta name=\"author\" content=\"Antonin Gizolme\" \/>\n<meta name=\"twitter:card\" content=\"summary_large_image\" \/>\n<meta name=\"twitter:title\" content=\"Pas de record d&#039;Europe sur 5 km pour Julien Wanders\" \/>\n<meta name=\"twitter:creator\" content=\"@https:\/\/twitter.com\/AntoninGizolme\" \/>\n<meta name=\"twitter:site\" content=\"@dicodusport\" \/>\n<script type=\"application\/ld+json\" class=\"yoast-schema-graph\">{\"@context\":\"https:\/\/schema.org\",\"@graph\":[{\"@type\":\"NewsArticle\",\"@id\":\"https:\/\/dicodusport.fr\/blog\/athletisme-pas-de-record-d-europe-sur-5km-pour-julien-wanders\/#article\",\"isPartOf\":{\"@id\":\"https:\/\/dicodusport.fr\/blog\/athletisme-pas-de-record-d-europe-sur-5km-pour-julien-wanders\/\"},\"author\":{\"name\":\"Antonin Gizolme\",\"@id\":\"https:\/\/dicodusport.fr\/blog\/#\/schema\/person\/b5f72959ae80a547dcc15f019adf6e0c\"},\"headline\":\"Pas de record d&rsquo;Europe sur 5 km pour Julien Wanders\",\"datePublished\":\"2021-04-24T09:20:14+00:00\",\"dateModified\":\"2021-04-24T10:46:21+00:00\",\"mainEntityOfPage\":{\"@id\":\"https:\/\/dicodusport.fr\/blog\/athletisme-pas-de-record-d-europe-sur-5km-pour-julien-wanders\/\"},\"wordCount\":295,\"commentCount\":0,\"publisher\":{\"@id\":\"https:\/\/dicodusport.fr\/blog\/#organization\"},\"image\":{\"@id\":\"https:\/\/dicodusport.fr\/blog\/athletisme-pas-de-record-d-europe-sur-5km-pour-julien-wanders\/#primaryimage\"},\"thumbnailUrl\":\"https:\/\/dicodusport.fr\/blog\/wp-content\/uploads\/2021\/04\/Pas-de-record-dEurope-sur-5-km-pour-Julien-Wanders.png\",\"keywords\":[\"Athl\u00e9tisme\"],\"articleSection\":[\"Athl\u00e9tisme\"],\"inLanguage\":\"fr-FR\",\"potentialAction\":[{\"@type\":\"CommentAction\",\"name\":\"Comment\",\"target\":[\"https:\/\/dicodusport.fr\/blog\/athletisme-pas-de-record-d-europe-sur-5km-pour-julien-wanders\/#respond\"]}],\"copyrightYear\":\"2021\",\"copyrightHolder\":{\"@id\":\"https:\/\/dicodusport.fr\/blog\/#organization\"}},{\"@type\":\"WebPage\",\"@id\":\"https:\/\/dicodusport.fr\/blog\/athletisme-pas-de-record-d-europe-sur-5km-pour-julien-wanders\/\",\"url\":\"https:\/\/dicodusport.fr\/blog\/athletisme-pas-de-record-d-europe-sur-5km-pour-julien-wanders\/\",\"name\":\"Pas de record d'Europe sur 5 km pour Julien Wanders\",\"isPartOf\":{\"@id\":\"https:\/\/dicodusport.fr\/blog\/#website\"},\"primaryImageOfPage\":{\"@id\":\"https:\/\/dicodusport.fr\/blog\/athletisme-pas-de-record-d-europe-sur-5km-pour-julien-wanders\/#primaryimage\"},\"image\":{\"@id\":\"https:\/\/dicodusport.fr\/blog\/athletisme-pas-de-record-d-europe-sur-5km-pour-julien-wanders\/#primaryimage\"},\"thumbnailUrl\":\"https:\/\/dicodusport.fr\/blog\/wp-content\/uploads\/2021\/04\/Pas-de-record-dEurope-sur-5-km-pour-Julien-Wanders.png\",\"datePublished\":\"2021-04-24T09:20:14+00:00\",\"dateModified\":\"2021-04-24T10:46:21+00:00\",\"description\":\"ATHL\u00c9TISME - Dans la Vienne ce samedi, Julien Wanders a \u00e9chou\u00e9 dans sa tentative de record d'Europe sur 5km.\",\"breadcrumb\":{\"@id\":\"https:\/\/dicodusport.fr\/blog\/athletisme-pas-de-record-d-europe-sur-5km-pour-julien-wanders\/#breadcrumb\"},\"inLanguage\":\"fr-FR\",\"potentialAction\":[{\"@type\":\"ReadAction\",\"target\":[\"https:\/\/dicodusport.fr\/blog\/athletisme-pas-de-record-d-europe-sur-5km-pour-julien-wanders\/\"]}]},{\"@type\":\"ImageObject\",\"inLanguage\":\"fr-FR\",\"@id\":\"https:\/\/dicodusport.fr\/blog\/athletisme-pas-de-record-d-europe-sur-5km-pour-julien-wanders\/#primaryimage\",\"url\":\"https:\/\/dicodusport.fr\/blog\/wp-content\/uploads\/2021\/04\/Pas-de-record-dEurope-sur-5-km-pour-Julien-Wanders.png\",\"contentUrl\":\"https:\/\/dicodusport.fr\/blog\/wp-content\/uploads\/2021\/04\/Pas-de-record-dEurope-sur-5-km-pour-Julien-Wanders.png\",\"width\":800,\"height\":445,\"caption\":\"Pas de record d'Europe sur 5 km pour Julien Wanders\"},{\"@type\":\"BreadcrumbList\",\"@id\":\"https:\/\/dicodusport.fr\/blog\/athletisme-pas-de-record-d-europe-sur-5km-pour-julien-wanders\/#breadcrumb\",\"itemListElement\":[{\"@type\":\"ListItem\",\"position\":1,\"name\":\"Accueil\",\"item\":\"https:\/\/dicodusport.fr\/blog\/\"},{\"@type\":\"ListItem\",\"position\":2,\"name\":\"Pas de record d&rsquo;Europe sur 5 km pour Julien Wanders\"}]},{\"@type\":\"WebSite\",\"@id\":\"https:\/\/dicodusport.fr\/blog\/#website\",\"url\":\"https:\/\/dicodusport.fr\/blog\/\",\"name\":\"Dicodusport\",\"description\":\"L&#039;encyclop\u00e9die de l&#039;actualit\u00e9 sportive\",\"publisher\":{\"@id\":\"https:\/\/dicodusport.fr\/blog\/#organization\"},\"potentialAction\":[{\"@type\":\"SearchAction\",\"target\":{\"@type\":\"EntryPoint\",\"urlTemplate\":\"https:\/\/dicodusport.fr\/blog\/?s={search_term_string}\"},\"query-input\":{\"@type\":\"PropertyValueSpecification\",\"valueRequired\":true,\"valueName\":\"search_term_string\"}}],\"inLanguage\":\"fr-FR\"},{\"@type\":\"NewsMediaOrganization\",\"@id\":\"https:\/\/dicodusport.fr\/blog\/#organization\",\"name\":\"Dicodusport\",\"url\":\"https:\/\/dicodusport.fr\/blog\/\",\"logo\":{\"@type\":\"ImageObject\",\"inLanguage\":\"fr-FR\",\"@id\":\"https:\/\/dicodusport.fr\/blog\/#\/schema\/logo\/image\/\",\"url\":\"https:\/\/dicodusport.fr\/blog\/wp-content\/uploads\/2020\/06\/cropped-LOGO-DICODUSPORT-2020-SANS-FOND-SANS-TEXTE.png\",\"contentUrl\":\"https:\/\/dicodusport.fr\/blog\/wp-content\/uploads\/2020\/06\/cropped-LOGO-DICODUSPORT-2020-SANS-FOND-SANS-TEXTE.png\",\"width\":512,\"height\":512,\"caption\":\"Dicodusport\"},\"image\":{\"@id\":\"https:\/\/dicodusport.fr\/blog\/#\/schema\/logo\/image\/\"},\"sameAs\":[\"https:\/\/www.facebook.com\/dicodusport\",\"https:\/\/x.com\/dicodusport\",\"https:\/\/www.instagram.com\/dicodusport\/\",\"https:\/\/www.youtube.com\/channel\/UC7V2KZ5sd3htJivAbA4ZG3w\"],\"description\":\"Dicodusport est l'encyclop\u00e9die de l'actualit\u00e9 sportive.\",\"email\":\"bonjour@dicodusport.fr\",\"legalName\":\"DICODUSPORT\",\"foundingDate\":\"2018-01-14\",\"vatID\":\"FR71834470973\",\"taxID\":\"83447097300043\",\"numberOfEmployees\":{\"@type\":\"QuantitativeValue\",\"minValue\":\"1\",\"maxValue\":\"10\"}},{\"@type\":\"Person\",\"@id\":\"https:\/\/dicodusport.fr\/blog\/#\/schema\/person\/b5f72959ae80a547dcc15f019adf6e0c\",\"name\":\"Antonin Gizolme\",\"image\":{\"@type\":\"ImageObject\",\"inLanguage\":\"fr-FR\",\"@id\":\"https:\/\/dicodusport.fr\/blog\/#\/schema\/person\/image\/\",\"url\":\"https:\/\/dicodusport.fr\/blog\/wp-content\/uploads\/2021\/04\/Maillot-Anto-Dicodusport-150x150.png\",\"contentUrl\":\"https:\/\/dicodusport.fr\/blog\/wp-content\/uploads\/2021\/04\/Maillot-Anto-Dicodusport-150x150.png\",\"caption\":\"Antonin Gizolme\"},\"description\":\"Journaliste\/R\u00e9dacteur depuis mars 2021 - N\u00e9 un soir de Ligue des Champions, c\u2019est tout naturellement que je suis un passionn\u00e9 de football depuis ma plus tendre enfance. Durant des ann\u00e9es, j\u2019ai \u00e9t\u00e9 berc\u00e9 par la douce m\u00e9lodie de la Ligue des Champions, subjugu\u00e9 par les coups-francs de Juninho et admiratif devant les coups de reins de Karim Benzema. Malheureusement pour moi, mes genoux en carton m\u2019ont emp\u00each\u00e9 de suivre les traces de mes idoles pour \u00e9crire l\u2019Histoire. Alors, c\u2019est ici que je vais me charger de vous la raconter.\",\"sameAs\":[\"https:\/\/x.com\/https:\/\/twitter.com\/AntoninGizolme\"],\"url\":\"https:\/\/dicodusport.fr\/blog\/author\/antoning\/\"}]}<\/script>\n<!-- \/ Yoast SEO Premium plugin. -->","yoast_head_json":{"title":"Pas de record d'Europe sur 5 km pour Julien Wanders","description":"ATHL\u00c9TISME - Dans la Vienne ce samedi, Julien Wanders a \u00e9chou\u00e9 dans sa tentative de record d'Europe sur 5km.","robots":{"index":"index","follow":"follow","max-snippet":"max-snippet:-1","max-image-preview":"max-image-preview:large","max-video-preview":"max-video-preview:-1"},"canonical":"https:\/\/dicodusport.fr\/blog\/athletisme-pas-de-record-d-europe-sur-5km-pour-julien-wanders\/","og_locale":"fr_FR","og_type":"article","og_title":"Pas de record d'Europe sur 5 km pour Julien Wanders","og_description":"ATHL\u00c9TISME - Dans la Vienne ce samedi, Julien Wanders a \u00e9chou\u00e9 dans sa tentative de record d'Europe sur 5km.","og_url":"https:\/\/dicodusport.fr\/blog\/athletisme-pas-de-record-d-europe-sur-5km-pour-julien-wanders\/","og_site_name":"Dicodusport","article_publisher":"https:\/\/www.facebook.com\/dicodusport","article_published_time":"2021-04-24T09:20:14+00:00","article_modified_time":"2021-04-24T10:46:21+00:00","og_image":[{"width":800,"height":445,"url":"https:\/\/dicodusport.fr\/blog\/wp-content\/uploads\/2021\/04\/Pas-de-record-dEurope-sur-5-km-pour-Julien-Wanders.png","type":"image\/png"}],"author":"Antonin Gizolme","twitter_card":"summary_large_image","twitter_title":"Pas de record d'Europe sur 5 km pour Julien Wanders","twitter_creator":"@https:\/\/twitter.com\/AntoninGizolme","twitter_site":"@dicodusport","schema":{"@context":"https:\/\/schema.org","@graph":[{"@type":"NewsArticle","@id":"https:\/\/dicodusport.fr\/blog\/athletisme-pas-de-record-d-europe-sur-5km-pour-julien-wanders\/#article","isPartOf":{"@id":"https:\/\/dicodusport.fr\/blog\/athletisme-pas-de-record-d-europe-sur-5km-pour-julien-wanders\/"},"author":{"name":"Antonin Gizolme","@id":"https:\/\/dicodusport.fr\/blog\/#\/schema\/person\/b5f72959ae80a547dcc15f019adf6e0c"},"headline":"Pas de record d&rsquo;Europe sur 5 km pour Julien Wanders","datePublished":"2021-04-24T09:20:14+00:00","dateModified":"2021-04-24T10:46:21+00:00","mainEntityOfPage":{"@id":"https:\/\/dicodusport.fr\/blog\/athletisme-pas-de-record-d-europe-sur-5km-pour-julien-wanders\/"},"wordCount":295,"commentCount":0,"publisher":{"@id":"https:\/\/dicodusport.fr\/blog\/#organization"},"image":{"@id":"https:\/\/dicodusport.fr\/blog\/athletisme-pas-de-record-d-europe-sur-5km-pour-julien-wanders\/#primaryimage"},"thumbnailUrl":"https:\/\/dicodusport.fr\/blog\/wp-content\/uploads\/2021\/04\/Pas-de-record-dEurope-sur-5-km-pour-Julien-Wanders.png","keywords":["Athl\u00e9tisme"],"articleSection":["Athl\u00e9tisme"],"inLanguage":"fr-FR","potentialAction":[{"@type":"CommentAction","name":"Comment","target":["https:\/\/dicodusport.fr\/blog\/athletisme-pas-de-record-d-europe-sur-5km-pour-julien-wanders\/#respond"]}],"copyrightYear":"2021","copyrightHolder":{"@id":"https:\/\/dicodusport.fr\/blog\/#organization"}},{"@type":"WebPage","@id":"https:\/\/dicodusport.fr\/blog\/athletisme-pas-de-record-d-europe-sur-5km-pour-julien-wanders\/","url":"https:\/\/dicodusport.fr\/blog\/athletisme-pas-de-record-d-europe-sur-5km-pour-julien-wanders\/","name":"Pas de record d'Europe sur 5 km pour Julien Wanders","isPartOf":{"@id":"https:\/\/dicodusport.fr\/blog\/#website"},"primaryImageOfPage":{"@id":"https:\/\/dicodusport.fr\/blog\/athletisme-pas-de-record-d-europe-sur-5km-pour-julien-wanders\/#primaryimage"},"image":{"@id":"https:\/\/dicodusport.fr\/blog\/athletisme-pas-de-record-d-europe-sur-5km-pour-julien-wanders\/#primaryimage"},"thumbnailUrl":"https:\/\/dicodusport.fr\/blog\/wp-content\/uploads\/2021\/04\/Pas-de-record-dEurope-sur-5-km-pour-Julien-Wanders.png","datePublished":"2021-04-24T09:20:14+00:00","dateModified":"2021-04-24T10:46:21+00:00","description":"ATHL\u00c9TISME - Dans la Vienne ce samedi, Julien Wanders a \u00e9chou\u00e9 dans sa tentative de record d'Europe sur 5km.","breadcrumb":{"@id":"https:\/\/dicodusport.fr\/blog\/athletisme-pas-de-record-d-europe-sur-5km-pour-julien-wanders\/#breadcrumb"},"inLanguage":"fr-FR","potentialAction":[{"@type":"ReadAction","target":["https:\/\/dicodusport.fr\/blog\/athletisme-pas-de-record-d-europe-sur-5km-pour-julien-wanders\/"]}]},{"@type":"ImageObject","inLanguage":"fr-FR","@id":"https:\/\/dicodusport.fr\/blog\/athletisme-pas-de-record-d-europe-sur-5km-pour-julien-wanders\/#primaryimage","url":"https:\/\/dicodusport.fr\/blog\/wp-content\/uploads\/2021\/04\/Pas-de-record-dEurope-sur-5-km-pour-Julien-Wanders.png","contentUrl":"https:\/\/dicodusport.fr\/blog\/wp-content\/uploads\/2021\/04\/Pas-de-record-dEurope-sur-5-km-pour-Julien-Wanders.png","width":800,"height":445,"caption":"Pas de record d'Europe sur 5 km pour Julien Wanders"},{"@type":"BreadcrumbList","@id":"https:\/\/dicodusport.fr\/blog\/athletisme-pas-de-record-d-europe-sur-5km-pour-julien-wanders\/#breadcrumb","itemListElement":[{"@type":"ListItem","position":1,"name":"Accueil","item":"https:\/\/dicodusport.fr\/blog\/"},{"@type":"ListItem","position":2,"name":"Pas de record d&rsquo;Europe sur 5 km pour Julien Wanders"}]},{"@type":"WebSite","@id":"https:\/\/dicodusport.fr\/blog\/#website","url":"https:\/\/dicodusport.fr\/blog\/","name":"Dicodusport","description":"L&#039;encyclop\u00e9die de l&#039;actualit\u00e9 sportive","publisher":{"@id":"https:\/\/dicodusport.fr\/blog\/#organization"},"potentialAction":[{"@type":"SearchAction","target":{"@type":"EntryPoint","urlTemplate":"https:\/\/dicodusport.fr\/blog\/?s={search_term_string}"},"query-input":{"@type":"PropertyValueSpecification","valueRequired":true,"valueName":"search_term_string"}}],"inLanguage":"fr-FR"},{"@type":"NewsMediaOrganization","@id":"https:\/\/dicodusport.fr\/blog\/#organization","name":"Dicodusport","url":"https:\/\/dicodusport.fr\/blog\/","logo":{"@type":"ImageObject","inLanguage":"fr-FR","@id":"https:\/\/dicodusport.fr\/blog\/#\/schema\/logo\/image\/","url":"https:\/\/dicodusport.fr\/blog\/wp-content\/uploads\/2020\/06\/cropped-LOGO-DICODUSPORT-2020-SANS-FOND-SANS-TEXTE.png","contentUrl":"https:\/\/dicodusport.fr\/blog\/wp-content\/uploads\/2020\/06\/cropped-LOGO-DICODUSPORT-2020-SANS-FOND-SANS-TEXTE.png","width":512,"height":512,"caption":"Dicodusport"},"image":{"@id":"https:\/\/dicodusport.fr\/blog\/#\/schema\/logo\/image\/"},"sameAs":["https:\/\/www.facebook.com\/dicodusport","https:\/\/x.com\/dicodusport","https:\/\/www.instagram.com\/dicodusport\/","https:\/\/www.youtube.com\/channel\/UC7V2KZ5sd3htJivAbA4ZG3w"],"description":"Dicodusport est l'encyclop\u00e9die de l'actualit\u00e9 sportive.","email":"bonjour@dicodusport.fr","legalName":"DICODUSPORT","foundingDate":"2018-01-14","vatID":"FR71834470973","taxID":"83447097300043","numberOfEmployees":{"@type":"QuantitativeValue","minValue":"1","maxValue":"10"}},{"@type":"Person","@id":"https:\/\/dicodusport.fr\/blog\/#\/schema\/person\/b5f72959ae80a547dcc15f019adf6e0c","name":"Antonin Gizolme","image":{"@type":"ImageObject","inLanguage":"fr-FR","@id":"https:\/\/dicodusport.fr\/blog\/#\/schema\/person\/image\/","url":"https:\/\/dicodusport.fr\/blog\/wp-content\/uploads\/2021\/04\/Maillot-Anto-Dicodusport-150x150.png","contentUrl":"https:\/\/dicodusport.fr\/blog\/wp-content\/uploads\/2021\/04\/Maillot-Anto-Dicodusport-150x150.png","caption":"Antonin Gizolme"},"description":"Journaliste\/R\u00e9dacteur depuis mars 2021 - N\u00e9 un soir de Ligue des Champions, c\u2019est tout naturellement que je suis un passionn\u00e9 de football depuis ma plus tendre enfance. Durant des ann\u00e9es, j\u2019ai \u00e9t\u00e9 berc\u00e9 par la douce m\u00e9lodie de la Ligue des Champions, subjugu\u00e9 par les coups-francs de Juninho et admiratif devant les coups de reins de Karim Benzema. Malheureusement pour moi, mes genoux en carton m\u2019ont emp\u00each\u00e9 de suivre les traces de mes idoles pour \u00e9crire l\u2019Histoire. Alors, c\u2019est ici que je vais me charger de vous la raconter.","sameAs":["https:\/\/x.com\/https:\/\/twitter.com\/AntoninGizolme"],"url":"https:\/\/dicodusport.fr\/blog\/author\/antoning\/"}]}},"_links":{"self":[{"href":"https:\/\/dicodusport.fr\/blog\/wp-json\/wp\/v2\/posts\/124256","targetHints":{"allow":["GET"]}}],"collection":[{"href":"https:\/\/dicodusport.fr\/blog\/wp-json\/wp\/v2\/posts"}],"about":[{"href":"https:\/\/dicodusport.fr\/blog\/wp-json\/wp\/v2\/types\/post"}],"author":[{"embeddable":true,"href":"https:\/\/dicodusport.fr\/blog\/wp-json\/wp\/v2\/users\/51"}],"replies":[{"embeddable":true,"href":"https:\/\/dicodusport.fr\/blog\/wp-json\/wp\/v2\/comments?post=124256"}],"version-history":[{"count":0,"href":"https:\/\/dicodusport.fr\/blog\/wp-json\/wp\/v2\/posts\/124256\/revisions"}],"wp:featuredmedia":[{"embeddable":true,"href":"https:\/\/dicodusport.fr\/blog\/wp-json\/wp\/v2\/media\/124264"}],"wp:attachment":[{"href":"https:\/\/dicodusport.fr\/blog\/wp-json\/wp\/v2\/media?parent=124256"}],"wp:term":[{"taxonomy":"category","embeddable":true,"href":"https:\/\/dicodusport.fr\/blog\/wp-json\/wp\/v2\/categories?post=124256"},{"taxonomy":"post_tag","embeddable":true,"href":"https:\/\/dicodusport.fr\/blog\/wp-json\/wp\/v2\/tags?post=124256"}],"curies":[{"name":"wp","href":"https:\/\/api.w.org\/{rel}","templated":true}]}}